{"id":262278,"date":"2022-03-01T09:42:50","date_gmt":"2022-03-01T08:42:50","guid":{"rendered":"https:\/\/www.radiopiu.net\/wordpress\/?p=262278"},"modified":"2022-03-01T09:42:50","modified_gmt":"2022-03-01T08:42:50","slug":"i-carabinieri-forestali-in-aiuto-alla-sciatrice-dopo-lo-scontro-in-pista","status":"publish","type":"post","link":"https:\/\/www.radiopiu.net\/wordpress\/i-carabinieri-forestali-in-aiuto-alla-sciatrice-dopo-lo-scontro-in-pista\/","title":{"rendered":"I CARABINIERI FORESTALI IN AIUTO ALLA SCIATRICE DOPO LO SCONTRO IN PISTA"},"content":{"rendered":"<p align=\"JUSTIFY\"><strong>COMELICO <\/strong>Anche i Carabinieri Forestali sono impegnati per la vigilanza e la sicurezza in pista, sempre presenti in caso di emergenza, come ieri quando in uno scontro una sciatrice ha dovuto ricorrere alla cure dei sanitari.\u00a0 La pattuglia di carabinieri\u00a0 in frazione Padola non ha perso tempo e subito dopo l&#8217;incidente (scontro con un altro sciatore) la sciatrice \u00e8 stata soccorsa e la pista messa in sicurezza in attesa dell&#8217;arrivo dell&#8217;elicottero del Suem cos\u00ec da agevolarne l&#8217;atterraggio direttamente in pista. All&#8217;infortuata \u00e8 stato diagnosticato un trauma alla schiena, ed \u00e8 stata quindi trasportata all\u2019ospedale San Martino di Belluno.<\/p>\n\n\t\t\t<style type='text\/css'>\n\t\t\t\t#gallery-1 {\n\t\t\t\t\tmargin: auto;\n\t\t\t\t}\n\t\t\t\t#gallery-1 .gallery-item {\n\t\t\t\t\tfloat: left;\n\t\t\t\t\tmargin-top: 10px;\n\t\t\t\t\ttext-align: center;\n\t\t\t\t\twidth: 33%;\n\t\t\t\t}\n\t\t\t\t#gallery-1 img {\n\t\t\t\t\tborder: 2px solid #cfcfcf;\n\t\t\t\t}\n\t\t\t\t#gallery-1 .gallery-caption {\n\t\t\t\t\tmargin-left: 0;\n\t\t\t\t}\n\t\t\t\t\/* see gallery_shortcode() in wp-includes\/media.php *\/\n\t\t\t<\/style>\n\t\t<div id='gallery-1' class='dt-gallery-container gallery galleryid-262278 gallery-columns-3 gallery-size-thumbnail'><dl class='gallery-item'>\n\t\t\t\t<dt class='gallery-icon landscape'>\n\t\t\t\t\t<a class=\"rollover rollover-zoom dt-pswp-item\" title=\"178d96ec-a341-4dfb-b04d-ee0d8a679e95\" data-dt-img-description=\"\" data-large_image_width=\"1600\" data-large_image_height=\"1200\"href='https:\/\/www.radiopiu.net\/wordpress\/wp-content\/uploads\/2022\/03\/178d96ec-a341-4dfb-b04d-ee0d8a679e95.jpg'><img loading=\"lazy\" decoding=\"async\" width=\"150\" height=\"150\" src=\"https:\/\/www.radiopiu.net\/wordpress\/wp-content\/uploads\/2022\/03\/178d96ec-a341-4dfb-b04d-ee0d8a679e95-150x150.jpg\" class=\"attachment-thumbnail size-thumbnail\" alt=\"\" \/><\/a>\n\t\t\t\t<\/dt><\/dl><dl class='gallery-item'>\n\t\t\t\t<dt class='gallery-icon landscape'>\n\t\t\t\t\t<a class=\"rollover rollover-zoom dt-pswp-item\" title=\"cd412a9a-af48-46d8-90a5-41e0005313a3\" data-dt-img-description=\"\" data-large_image_width=\"1600\" data-large_image_height=\"1200\"href='https:\/\/www.radiopiu.net\/wordpress\/wp-content\/uploads\/2022\/03\/cd412a9a-af48-46d8-90a5-41e0005313a3.jpg'><img loading=\"lazy\" decoding=\"async\" width=\"150\" height=\"150\" src=\"https:\/\/www.radiopiu.net\/wordpress\/wp-content\/uploads\/2022\/03\/cd412a9a-af48-46d8-90a5-41e0005313a3-150x150.jpg\" class=\"attachment-thumbnail size-thumbnail\" alt=\"\" \/><\/a>\n\t\t\t\t<\/dt><\/dl><dl class='gallery-item'>\n\t\t\t\t<dt class='gallery-icon landscape'>\n\t\t\t\t\t<a class=\"rollover rollover-zoom dt-pswp-item\" title=\"97045349-2fd8-4274-aeee-877f1ea6df95\" data-dt-img-description=\"\" data-large_image_width=\"1600\" data-large_image_height=\"1200\"href='https:\/\/www.radiopiu.net\/wordpress\/wp-content\/uploads\/2022\/03\/97045349-2fd8-4274-aeee-877f1ea6df95.jpg'><img loading=\"lazy\" decoding=\"async\" width=\"150\" height=\"150\" src=\"https:\/\/www.radiopiu.net\/wordpress\/wp-content\/uploads\/2022\/03\/97045349-2fd8-4274-aeee-877f1ea6df95-150x150.jpg\" class=\"attachment-thumbnail size-thumbnail\" alt=\"\" \/><\/a>\n\t\t\t\t<\/dt><\/dl><br style=\"clear: both\" \/>\n\t\t\t<\/div>\n\n<p>&nbsp;<\/p>\n","protected":false},"excerpt":{"rendered":"<p>COMELICO Anche i Carabinieri Forestali sono impegnati per la vigilanza e la sicurezza in pista, sempre presenti in caso di emergenza, come ieri quando in uno scontro una sciatrice ha dovuto ricorrere alla cure dei sanitari.\u00a0 La pattuglia di carabinieri\u00a0 in frazione Padola non ha perso tempo e subito dopo l&#8217;incidente (scontro con un altro&hellip;<\/p>\n","protected":false},"author":4,"featured_media":262281,"comment_status":"closed","ping_status":"closed","sticky":false,"template":"","format":"standard","meta":{"_monsterinsights_skip_tracking":false,"_monsterinsights_sitenote_active":false,"_monsterinsights_sitenote_note":"","_monsterinsights_sitenote_category":0,"footnotes":""},"categories":[51,49],"tags":[],"class_list":["post-262278","post","type-post","status-publish","format-standard","has-post-thumbnail","hentry","category-evidenza-top","category-news-18","category-51","category-49","description-off"],"img_url":"https:\/\/www.radiopiu.net\/wordpress\/wp-content\/uploads\/2022\/03\/97045349-2fd8-4274-aeee-877f1ea6df95.jpg","_links":{"self":[{"href":"https:\/\/www.radiopiu.net\/wordpress\/wp-json\/wp\/v2\/posts\/262278","targetHints":{"allow":["GET"]}}],"collection":[{"href":"https:\/\/www.radiopiu.net\/wordpress\/wp-json\/wp\/v2\/posts"}],"about":[{"href":"https:\/\/www.radiopiu.net\/wordpress\/wp-json\/wp\/v2\/types\/post"}],"author":[{"embeddable":true,"href":"https:\/\/www.radiopiu.net\/wordpress\/wp-json\/wp\/v2\/users\/4"}],"replies":[{"embeddable":true,"href":"https:\/\/www.radiopiu.net\/wordpress\/wp-json\/wp\/v2\/comments?post=262278"}],"version-history":[{"count":0,"href":"https:\/\/www.radiopiu.net\/wordpress\/wp-json\/wp\/v2\/posts\/262278\/revisions"}],"wp:featuredmedia":[{"embeddable":true,"href":"https:\/\/www.radiopiu.net\/wordpress\/wp-json\/wp\/v2\/media\/262281"}],"wp:attachment":[{"href":"https:\/\/www.radiopiu.net\/wordpress\/wp-json\/wp\/v2\/media?parent=262278"}],"wp:term":[{"taxonomy":"category","embeddable":true,"href":"https:\/\/www.radiopiu.net\/wordpress\/wp-json\/wp\/v2\/categories?post=262278"},{"taxonomy":"post_tag","embeddable":true,"href":"https:\/\/www.radiopiu.net\/wordpress\/wp-json\/wp\/v2\/tags?post=262278"}],"curies":[{"name":"wp","href":"https:\/\/api.w.org\/{rel}","templated":true}]}}