{"id":262377,"date":"2022-03-01T13:22:35","date_gmt":"2022-03-01T12:22:35","guid":{"rendered":"https:\/\/www.radiopiu.net\/wordpress\/?p=262377"},"modified":"2022-03-01T15:12:38","modified_gmt":"2022-03-01T14:12:38","slug":"guardia-di-finanza-e-provincia-siglano-il-protocollo-per-il-pnrr","status":"publish","type":"post","link":"https:\/\/www.radiopiu.net\/wordpress\/guardia-di-finanza-e-provincia-siglano-il-protocollo-per-il-pnrr\/","title":{"rendered":"GUARDIA DI FINANZA E PROVINCIA SIGLANO IL PROTOCOLLO PER IL PNRR"},"content":{"rendered":"<p>&nbsp;<\/p>\n<p><strong>di MORENO GIOLI<\/strong><\/p>\n<audio class=\"wp-audio-shortcode\" id=\"audio-262377-1\" preload=\"none\" style=\"width: 100%;\" controls=\"controls\"><source type=\"audio\/mpeg\" src=\"https:\/\/www.radiopiu.net\/wordpress\/wp-content\/uploads\/2022\/03\/moreno-gioli.mp3?_=1\" \/><a href=\"https:\/\/www.radiopiu.net\/wordpress\/wp-content\/uploads\/2022\/03\/moreno-gioli.mp3\">https:\/\/www.radiopiu.net\/wordpress\/wp-content\/uploads\/2022\/03\/moreno-gioli.mp3<\/a><\/audio>\n<blockquote><p>&nbsp;<\/p>\n<p><em><span dir=\"ltr\" role=\"presentation\">La Provincia di Belluno segnaler\u00e0 gli interventi, i realizzatori o esecutori che presentino particolari elementi di <\/span><span dir=\"ltr\" role=\"presentation\">rischio, affinch\u00e9 la Guardia di Finanza possa attuare autonome attivit\u00e0 di analisi e controllo e contrasto ad <\/span><span dir=\"ltr\" role=\"presentation\">eventuali abusi o illeciti.<\/span><\/em><\/p><\/blockquote>\n<blockquote><p><em><span dir=\"ltr\" role=\"presentation\">La Provincia di Belluno segnaler\u00e0 gli interventi, i realizzatori o esecutori che presentino particolari elementi di <\/span><span dir=\"ltr\" role=\"presentation\">rischio, affinch\u00e9 la Guardia di Finanza possa attuare autonome attivit\u00e0 di analisi e controllo e contrasto ad <\/span><span dir=\"ltr\" role=\"presentation\">eventuali abusi o illeciti.<\/span><\/em><\/p><\/blockquote>\n<p>&nbsp;<\/p>\n<p><strong><img loading=\"lazy\" decoding=\"async\" class=\"alignleft\" src=\"https:\/\/www.radiopiu.net\/wordpress\/wp-content\/uploads\/2022\/03\/06b93454-aea2-4e14-8f73-55eb808c2896.jpg\" width=\"243\" height=\"137\" \/>BELLUNO<\/strong> <span dir=\"ltr\" role=\"presentation\">La Provincia di Belluno con il Presidente Roberto Padrin e il Comando Provinciale della Guardia di Finanza con il Comandante Colonello Dario Guarino hanno siglato un <\/span><span dir=\"ltr\" role=\"presentation\">protocollo d\u2019intesa, al fine di garantire un adeguato presidio di legalit\u00e0 a tutela delle risorse del Piano Nazionale <\/span><span dir=\"ltr\" role=\"presentation\">di Ripresa e Resilienza (Pnrr).<\/span><br role=\"presentation\" \/><span dir=\"ltr\" role=\"presentation\">L&#8217;accordo ha lo scopo di dare concreta attuazione alle linee guida stabilite a livello europeo e nazionale per <\/span><span dir=\"ltr\" role=\"presentation\">accompagnare e vigilare nell\u2019attuazione di questo piano di sostegno economico e finanziario straordinario. <\/span><span dir=\"ltr\" role=\"presentation\">Saranno attuate le pi\u00f9 strette sinergie tra le Amministrazioni coinvolte, in maniera tale da prevenire e contrastare<\/span><br role=\"presentation\" \/><span dir=\"ltr\" role=\"presentation\">i casi di frode, corruzione, conflitti d\u2019interesse e doppi finanziamenti. <\/span><span dir=\"ltr\" role=\"presentation\">La Provincia di Belluno ha dunque manifestato piena volont\u00e0 di collaborazione con le Fiamme Gialle, i cui <\/span><span dir=\"ltr\" role=\"presentation\">compiti istituzionali comprendono la prevenzione, ricerca e repressione delle violazioni in materia di uscite al <\/span><span dir=\"ltr\" role=\"presentation\">bilancio dell\u2019Unione Europea, di risorse e mezzi finanziari impiegati a fronte di uscite del bilancio pubblico <\/span><span dir=\"ltr\" role=\"presentation\">nonch\u00e9 di programmi pubblici di spesa e di ogni altro interesse economico-finanziario nazionale o dell\u2019Unione <\/span><span dir=\"ltr\" role=\"presentation\">Europea. <\/span><span dir=\"ltr\" role=\"presentation\">Con l\u2019intesa firmata oggi, le parti si impegnano ad assicurare un flusso reciproco di notizie e di dati utili, al fine <\/span><span dir=\"ltr\" role=\"presentation\">di una maggiore efficacia nel perseguimento dei rispettivi fini istituzionali, in modo tale da rafforzare la tutela <\/span><span dir=\"ltr\" role=\"presentation\">della legalit\u00e0 dell\u2019azione amministrativa relativa all\u2019utilizzo di risorse pubbliche, prime fra tutte quelle destinate <\/span><span dir=\"ltr\" role=\"presentation\">al PNRR.<\/span><\/p>\n<p><strong>\u00a0alla radio<\/strong><\/p>\n<p><span style=\"color: #ff00ff;\"><strong>IL COMANDANTE DARIO GUARINO<\/strong><\/span><\/p>\n<audio class=\"wp-audio-shortcode\" id=\"audio-262377-2\" preload=\"none\" style=\"width: 100%;\" controls=\"controls\"><source type=\"audio\/mpeg\" src=\"https:\/\/www.radiopiu.net\/wordpress\/wp-content\/uploads\/2022\/03\/IL-COMANDANTE.mp3?_=2\" \/><a href=\"https:\/\/www.radiopiu.net\/wordpress\/wp-content\/uploads\/2022\/03\/IL-COMANDANTE.mp3\">https:\/\/www.radiopiu.net\/wordpress\/wp-content\/uploads\/2022\/03\/IL-COMANDANTE.mp3<\/a><\/audio>\n<p><span style=\"color: #ff00ff;\"><strong>\u00a0<\/strong><\/span><\/p>\n<p><span style=\"color: #ff00ff;\"><strong>IL PRESIDENTE DELLA PROVINCIA ROBERTO PADRIN\u00a0<\/strong><\/span><\/p>\n<audio class=\"wp-audio-shortcode\" id=\"audio-262377-3\" preload=\"none\" style=\"width: 100%;\" controls=\"controls\"><source type=\"audio\/mpeg\" src=\"https:\/\/www.radiopiu.net\/wordpress\/wp-content\/uploads\/2022\/03\/IL-PRESIDENTE.mp3?_=3\" \/><a href=\"https:\/\/www.radiopiu.net\/wordpress\/wp-content\/uploads\/2022\/03\/IL-PRESIDENTE.mp3\">https:\/\/www.radiopiu.net\/wordpress\/wp-content\/uploads\/2022\/03\/IL-PRESIDENTE.mp3<\/a><\/audio>\n<p>&nbsp;<\/p>\n<p>***<\/p>\n","protected":false},"excerpt":{"rendered":"<p>&nbsp; di MORENO GIOLI &nbsp; La Provincia di Belluno segnaler\u00e0 gli interventi, i realizzatori o esecutori che presentino particolari elementi di rischio, affinch\u00e9 la Guardia di Finanza possa attuare autonome attivit\u00e0 di analisi e controllo e contrasto ad eventuali abusi o illeciti. La Provincia di Belluno segnaler\u00e0 gli interventi, i realizzatori o esecutori che presentino&hellip;<\/p>\n","protected":false},"author":4,"featured_media":262386,"comment_status":"closed","ping_status":"closed","sticky":false,"template":"","format":"standard","meta":{"_monsterinsights_skip_tracking":false,"_monsterinsights_sitenote_active":false,"_monsterinsights_sitenote_note":"","_monsterinsights_sitenote_category":0,"footnotes":""},"categories":[51,49],"tags":[],"class_list":["post-262377","post","type-post","status-publish","format-standard","has-post-thumbnail","hentry","category-evidenza-top","category-news-18","category-51","category-49","description-off"],"img_url":"https:\/\/www.radiopiu.net\/wordpress\/wp-content\/uploads\/2022\/03\/06b93454-aea2-4e14-8f73-55eb808c2896.jpg","_links":{"self":[{"href":"https:\/\/www.radiopiu.net\/wordpress\/wp-json\/wp\/v2\/posts\/262377","targetHints":{"allow":["GET"]}}],"collection":[{"href":"https:\/\/www.radiopiu.net\/wordpress\/wp-json\/wp\/v2\/posts"}],"about":[{"href":"https:\/\/www.radiopiu.net\/wordpress\/wp-json\/wp\/v2\/types\/post"}],"author":[{"embeddable":true,"href":"https:\/\/www.radiopiu.net\/wordpress\/wp-json\/wp\/v2\/users\/4"}],"replies":[{"embeddable":true,"href":"https:\/\/www.radiopiu.net\/wordpress\/wp-json\/wp\/v2\/comments?post=262377"}],"version-history":[{"count":0,"href":"https:\/\/www.radiopiu.net\/wordpress\/wp-json\/wp\/v2\/posts\/262377\/revisions"}],"wp:featuredmedia":[{"embeddable":true,"href":"https:\/\/www.radiopiu.net\/wordpress\/wp-json\/wp\/v2\/media\/262386"}],"wp:attachment":[{"href":"https:\/\/www.radiopiu.net\/wordpress\/wp-json\/wp\/v2\/media?parent=262377"}],"wp:term":[{"taxonomy":"category","embeddable":true,"href":"https:\/\/www.radiopiu.net\/wordpress\/wp-json\/wp\/v2\/categories?post=262377"},{"taxonomy":"post_tag","embeddable":true,"href":"https:\/\/www.radiopiu.net\/wordpress\/wp-json\/wp\/v2\/tags?post=262377"}],"curies":[{"name":"wp","href":"https:\/\/api.w.org\/{rel}","templated":true}]}}