{"id":262461,"date":"2022-03-03T06:00:24","date_gmt":"2022-03-03T05:00:24","guid":{"rendered":"https:\/\/www.radiopiu.net\/wordpress\/?p=262461"},"modified":"2022-03-03T09:45:07","modified_gmt":"2022-03-03T08:45:07","slug":"giornale-radiopiu-03-marzo-2022-direttore-mirko-mezzacasa","status":"publish","type":"post","link":"https:\/\/www.radiopiu.net\/wordpress\/giornale-radiopiu-03-marzo-2022-direttore-mirko-mezzacasa\/","title":{"rendered":"GIORNALE RADIOPIU 03 MARZO 2022 DIRETTORE MIRKO MEZZACASA"},"content":{"rendered":"<h3 class=\"kvgmc6g5 cxmmr5t8 oygrvhab hcukyx3x c1et5uql\"><span style=\"color: #0000ff;\"><strong>INFORMAZIONE il canale su TELEGRAM informazione di prima mano e in tempo reale. iscriviti ed aiutaci a farlo conoscere\u00a0\u00a0<\/strong><\/span><\/h3>\n<blockquote>\n<h3>CONTRO I FUCILI I CARRI ARMATI E BOMBE&#8230; DANILO SACCO <em>&#8220;Che non siano i padri a seppellire i figli&#8221;<\/em><\/h3>\n<\/blockquote>\n<p><a class=\"dt-pswp-item\" href=\"https:\/\/www.radiopiu.net\/wordpress\/wp-content\/uploads\/2022\/03\/danilo-sacco.png\" data-dt-img-description=\"\" data-large_image_width=\"681\" data-large_image_height=\"681\"><img loading=\"lazy\" decoding=\"async\" class=\"wp-image-262409 alignleft\" src=\"https:\/\/www.radiopiu.net\/wordpress\/wp-content\/uploads\/2022\/03\/danilo-sacco-300x300.png\" alt=\"\" width=\"168\" height=\"168\" srcset=\"https:\/\/www.radiopiu.net\/wordpress\/wp-content\/uploads\/2022\/03\/danilo-sacco-300x300.png 300w, https:\/\/www.radiopiu.net\/wordpress\/wp-content\/uploads\/2022\/03\/danilo-sacco-150x150.png 150w, https:\/\/www.radiopiu.net\/wordpress\/wp-content\/uploads\/2022\/03\/danilo-sacco.png 681w\" sizes=\"auto, (max-width: 168px) 100vw, 168px\" \/><\/a><\/p>\n<p>&nbsp;<\/p>\n<p>&nbsp;<\/p>\n<p><strong>IL MESSAGGIO ALLA RADIO&#8230;.<\/strong><\/p>\n<audio class=\"wp-audio-shortcode\" id=\"audio-262461-1\" preload=\"none\" style=\"width: 100%;\" controls=\"controls\"><source type=\"audio\/mpeg\" src=\"https:\/\/www.radiopiu.net\/wordpress\/wp-content\/uploads\/2022\/03\/radio-piu-no-war-1.mp3?_=1\" \/><a href=\"https:\/\/www.radiopiu.net\/wordpress\/wp-content\/uploads\/2022\/03\/radio-piu-no-war-1.mp3\">https:\/\/www.radiopiu.net\/wordpress\/wp-content\/uploads\/2022\/03\/radio-piu-no-war-1.mp3<\/a><\/audio>\n<p><strong>montaggio David Ben\u00a0<\/strong><\/p>\n<p>&nbsp;<\/p>\n<hr \/>\n<p>&nbsp;<\/p>\n<blockquote>\n<h3>UN AIUTO ALL&#8217;UCRAINA DALL&#8217;AGORDINO<\/h3>\n<\/blockquote>\n<p><strong><a class=\"dt-pswp-item\" href=\"https:\/\/www.radiopiu.net\/wordpress\/wp-content\/uploads\/2022\/03\/966aa581-142d-4a75-9761-21dea88fa721.jpg\" data-dt-img-description=\"\" data-large_image_width=\"2048\" data-large_image_height=\"1536\"><img loading=\"lazy\" decoding=\"async\" class=\" wp-image-262690 alignleft\" src=\"https:\/\/www.radiopiu.net\/wordpress\/wp-content\/uploads\/2022\/03\/966aa581-142d-4a75-9761-21dea88fa721-300x225.jpg\" alt=\"\" width=\"215\" height=\"161\" srcset=\"https:\/\/www.radiopiu.net\/wordpress\/wp-content\/uploads\/2022\/03\/966aa581-142d-4a75-9761-21dea88fa721-300x225.jpg 300w, https:\/\/www.radiopiu.net\/wordpress\/wp-content\/uploads\/2022\/03\/966aa581-142d-4a75-9761-21dea88fa721-1024x768.jpg 1024w, https:\/\/www.radiopiu.net\/wordpress\/wp-content\/uploads\/2022\/03\/966aa581-142d-4a75-9761-21dea88fa721-768x576.jpg 768w, https:\/\/www.radiopiu.net\/wordpress\/wp-content\/uploads\/2022\/03\/966aa581-142d-4a75-9761-21dea88fa721-1536x1152.jpg 1536w, https:\/\/www.radiopiu.net\/wordpress\/wp-content\/uploads\/2022\/03\/966aa581-142d-4a75-9761-21dea88fa721.jpg 2048w\" sizes=\"auto, (max-width: 215px) 100vw, 215px\" \/><\/a>CANALE D&#8217;AGORDO<\/strong> campagna di aiuto alla popolazione ucraina anche in Agordino. Nella sala consigliare di Canale D&#8217;Agordo\u00a0 TUTTI I GIORNI dalle 9 alle 19, si possono portare generi alimentari e quanto richiesto: PRODOTTI A LUNGA CONSERVAZIONE\u00a0 &#8211; \u00a0GENERI SANITARI &#8211;\u00a0 VESTIARIO ANCHE PER BAMBINI.<strong>OSPITALITA\u2019 AI PROFUGHI<\/strong> (RIVOLGERSI ALLA CARITAS DIOCESANA DI BELLUNO (0437.941681)\u00a0 <strong>CONTRIBUTI<\/strong> ALLA CARITAS DI BELLUNO UN\u2019OFFERTA ALL\u2019IBAN IT86P0306909606100000143821 CAUSALE \u201cEMERGENZA UCRAINA\u201d <strong>REFERENTE:<\/strong> FONDAZIONE PAPA LUCIANI ONLUS DI CANALE D\u2019AGORDO TEL. 345 1512564; loris@fondazionepapaluciani.com<\/p>\n<p>&nbsp;<\/p>\n<blockquote>\n<h3>GLI ALPINI DELL&#8217;AGORDINO RACCOLGONO INDUMENTI PER IL POPOLO UCRAINO IN FUGA DALLA GUERRA<\/h3>\n<\/blockquote>\n<p><strong>VOLTAGO<\/strong> Con l&#8217;associazione alpini bellunese anche le penne nere di Voltago promuovono la raccolta di vestiario e coperte da consegnare alla gente Ucraina in fuga. Il materiale si pu\u00f2 consegnare venerdi, sabato e domenica dalle 16 alle 18 nella sala polifunzionale di Voltago o nella chiesa vecchia a Frassene&#8217;.<\/p>\n<p><strong>AGORDO<\/strong> Anche gli alpini di Agordo, Taibon e Rivamonte promuovono la raccolta di vestiario in buone condizioni e igienizzato da consegnare ai profughi ucraini al confine con la Polonia. La raccolta avverr\u00e0 oggi, domani, sabato domenica e lunedi dalle 17 alle 19 presso la sede degli alpini di Agordo in viale sommariva cortile delle scuole elementari e presso la sala dell&#8217;ex municipio di Taibon. Domenica si potranno consegnare gli indumenti anche dalle 10 alle 12.<\/p>\n<p><strong>ALLEGHE<\/strong> Gli alpini di Alleghe aderiscono all&#8217;iniziativa della raccolta indumenti per il popolo ucraino in fuga dalla guerra. Chi volesse aderire all&#8217;iniziativa pu\u00f2 consegnare i vestiti sul tavolo posto davanti alla sede degli alpini di Masar\u00e8 entro l&#8217;8 marzo. Per informazioni 347 1031357<\/p>\n<p>&nbsp;<\/p>\n<hr \/>\n<p>&nbsp;<\/p>\n<blockquote>\n<h3>CRISI UCRAINA E OSPITALITA&#8217;, IL PROBLEMA SANITARIO<\/h3>\n<\/blockquote>\n<p><strong><img loading=\"lazy\" decoding=\"async\" class=\"alignleft\" src=\"https:\/\/www.radiopiu.net\/wordpress\/wp-content\/uploads\/2022\/03\/720x410c50.jpg\" width=\"227\" height=\"129\" \/>BELLUNO<\/strong>\u00a0 Prima riunione della \u201cCabina di regia\u201d in Prefettura.\u00a0 Al momento, il fenomeno \u00e8 limitato ad arrivi \u201cspontanei\u201d ed alla \u201cspicciolata\u201d di persone che trovano ospitalit\u00e0 usufruendo della rete parentale presente in provincia. Nell\u2019immediato: il\u00a0 problema sanitario: la necessit\u00e0 di sottoporre tutte le persone in arrivo nel nostro territorio ad una rigorosa profilassi sanitaria, secondo le indicazioni gi\u00e0 fornite alle ULSS da una specifica circolare della Regione del Veneto. \u00a0 \u00a0 Rispetto a tale aspetto \u00e8 stata diramata una circolare ai Sindaci, in considerazione della loro veste di autorit\u00e0 sanitaria locale, affinch\u00e9 invitino tutte le persone della cui presenza nel territorio del proprio comune siano venuti a conoscenza a recarsi, immediatamente e senza necessit\u00e0 di prenotazione, se del caso favorendo l\u2019accompagnamento, al pi\u00f9 vicino centro tamponi predisposto dall\u2019ULSS n. 1 (presenti a Tai di Cadore, Sedico, Paludi, Agordo e Feltre).\u00a0 \u00a0La Direzione Generale dell\u2019USL n. 1 Dolomiti sta provvedendo ad attivare una casella di posta elettronica ed un numero telefonico dedicati ai quali i Sindaci potranno rivolgere quesiti e richieste di chiarimenti.<\/p>\n<p>&nbsp;<\/p>\n<blockquote>\n<h3>LE INDICAZIONI DELLA ULSS1 DOLOMITI<\/h3>\n<\/blockquote>\n<a href=\"https:\/\/www.radiopiu.net\/wordpress\/wp-content\/uploads\/2022\/03\/Prine-indicazioni-ingresso-da-Ucraina_-ULSS-1-2.pdf\" class=\"pdfemb-viewer\" style=\"\" data-width=\"max\" data-height=\"max\" data-toolbar=\"top\" data-toolbar-fixed=\"on\">Prine indicazioni ingresso da Ucraina_ ULSS 1 (2)<\/a>\n<p>&nbsp;<\/p>\n<p>&nbsp;<\/p>\n<hr \/>\n<blockquote>\n<h3>EMERGENZA PROFUGHI, L&#8217;INCONTRO IN PREFETTURA<\/h3>\n<\/blockquote>\n<p><strong><a class=\"dt-pswp-item\" href=\"https:\/\/www.radiopiu.net\/wordpress\/wp-content\/uploads\/2021\/06\/68d028ad-2468-42a2-a92d-95fbdaa97527.jpg\" data-dt-img-description=\"\" data-large_image_width=\"1024\" data-large_image_height=\"768\"><img loading=\"lazy\" decoding=\"async\" class=\" wp-image-213618 alignleft\" src=\"https:\/\/www.radiopiu.net\/wordpress\/wp-content\/uploads\/2021\/06\/68d028ad-2468-42a2-a92d-95fbdaa97527-300x225.jpg\" alt=\"\" width=\"217\" height=\"163\" srcset=\"https:\/\/www.radiopiu.net\/wordpress\/wp-content\/uploads\/2021\/06\/68d028ad-2468-42a2-a92d-95fbdaa97527-300x225.jpg 300w, https:\/\/www.radiopiu.net\/wordpress\/wp-content\/uploads\/2021\/06\/68d028ad-2468-42a2-a92d-95fbdaa97527-768x576.jpg 768w, https:\/\/www.radiopiu.net\/wordpress\/wp-content\/uploads\/2021\/06\/68d028ad-2468-42a2-a92d-95fbdaa97527.jpg 1024w\" sizes=\"auto, (max-width: 217px) 100vw, 217px\" \/><\/a>BELLUNO<\/strong> Confermata la disponibilit\u00e0 dei 50 posto all&#8217;ex Caserma dei Vigili del Fuoco di Via Col di Lana, con la possibilit\u00e0 di servire pasti caldi agli ospiti; la stessa struttura viene confermato poi come polo logistico per le donazioni. <strong>Sul fronte organizzativo<\/strong>, \u00e8 stato aperto l&#8217;indirizzo mail <a href=\"mailto:ucraina@comune.belluno.it\">ucraina@comune.belluno.it<\/a> dove potranno essere inviate tutte le richieste di informazioni e le eventuali disponibilit\u00e0 ad accogliere profughi; \u00e8 stata anche riattivata la linea telefonica 0437\/913202co.<\/p>\n<p>&nbsp;<\/p>\n<blockquote><p><strong>Per ci\u00f2 che concerne eventuali donazioni di beni da destinare ai rifugiati, si \u00e8 condivisa la scelta di creare due centri di raccolta presso le sedi della Protezione Civile di Belluno e Feltre. Ci\u00f2 consentir\u00e0 di indirizzare gli aiuti in modo coordinato secondo le indicazioni che verranno fornite dalla Protezione civile nazionale che sta allestendo un campo profughi in Polonia. Sia il Comune di Belluno sia la Caritas hanno attivato un conto corrente presso i quali \u00e8 possibile effettuare donazioni, i cui proventi saranno destinati, in modo mirato, alle necessit\u00e0 ed esigenze che verranno rappresentate.<\/strong><\/p><\/blockquote>\n<p>&nbsp;<\/p>\n<p>&nbsp;<\/p>\n<hr \/>\n<p>&nbsp;<\/p>\n<blockquote>\n<h3>UCRAINA. ATTIVO CONTO CORRENTE SOLIDARIETA\u2019 CIVILI REGIONE VENETO<\/h3>\n<\/blockquote>\n<p><strong><a class=\"dt-pswp-item\" href=\"https:\/\/www.radiopiu.net\/wordpress\/wp-content\/uploads\/2022\/03\/BANNER-SOLIDARIETA-UCRAINA.png\" data-dt-img-description=\"\" data-large_image_width=\"855\" data-large_image_height=\"543\"><img loading=\"lazy\" decoding=\"async\" class=\" wp-image-262572 alignleft\" src=\"https:\/\/www.radiopiu.net\/wordpress\/wp-content\/uploads\/2022\/03\/BANNER-SOLIDARIETA-UCRAINA-300x191.png\" alt=\"\" width=\"203\" height=\"129\" srcset=\"https:\/\/www.radiopiu.net\/wordpress\/wp-content\/uploads\/2022\/03\/BANNER-SOLIDARIETA-UCRAINA-300x191.png 300w, https:\/\/www.radiopiu.net\/wordpress\/wp-content\/uploads\/2022\/03\/BANNER-SOLIDARIETA-UCRAINA-768x488.png 768w, https:\/\/www.radiopiu.net\/wordpress\/wp-content\/uploads\/2022\/03\/BANNER-SOLIDARIETA-UCRAINA.png 855w\" sizes=\"auto, (max-width: 203px) 100vw, 203px\" \/><\/a>VENEZIA <\/strong>E\u2019 attivo il conto corrente di solidariet\u00e0 su cui far confluire offerte e donazioni per l\u2019assistenza ai profughi civili dell\u2019Ucraina che stanno giungendo in Veneto, aperto dalla Regione. Queste le coordinate: <strong>Conto corrente intestato a REGIONE DEL VENETO, <\/strong><strong>Causale SOSTEGNO EMERGENZA UCRAINA, <\/strong><strong>Iban IT65G0200802017000106358023, <\/strong><strong>Bic\/swift UNCRITM1VF2. <\/strong>Si consiglia di conservare la ricevuta di bonifico, poich\u00e9 ogni versamento gode di detraibilit\u00e0 IRPEF e deducibilit\u00e0 IRES come previsto per le erogazioni liberali in denaro in favore delle popolazioni colpite da calamit\u00e0 pubbliche o da altri eventi straordinari, anche se avvenuti in altri Stati, effettuate tramite ONLUS, amministrazioni pubbliche statali, regionali e locali, associazioni sindacali etc.<\/p>\n<p>&nbsp;<\/p>\n<p>&nbsp;<\/p>\n<hr \/>\n<p>&nbsp;<\/p>\n<blockquote>\n<h3>ESCURSIONISTA SCIVOLA SUL GHIACCIO<\/h3>\n<\/blockquote>\n<p><strong><a class=\"dt-pswp-item\" href=\"https:\/\/www.radiopiu.net\/wordpress\/wp-content\/uploads\/2022\/03\/salt_20220302_172649_582.jpg\" data-dt-img-description=\"\" data-large_image_width=\"1773\" data-large_image_height=\"2364\"><img loading=\"lazy\" decoding=\"async\" class=\" wp-image-262650 alignleft\" src=\"https:\/\/www.radiopiu.net\/wordpress\/wp-content\/uploads\/2022\/03\/salt_20220302_172649_582-225x300.jpg\" alt=\"\" width=\"173\" height=\"231\" srcset=\"https:\/\/www.radiopiu.net\/wordpress\/wp-content\/uploads\/2022\/03\/salt_20220302_172649_582-225x300.jpg 225w, https:\/\/www.radiopiu.net\/wordpress\/wp-content\/uploads\/2022\/03\/salt_20220302_172649_582-768x1024.jpg 768w, https:\/\/www.radiopiu.net\/wordpress\/wp-content\/uploads\/2022\/03\/salt_20220302_172649_582-1152x1536.jpg 1152w, https:\/\/www.radiopiu.net\/wordpress\/wp-content\/uploads\/2022\/03\/salt_20220302_172649_582-1536x2048.jpg 1536w, https:\/\/www.radiopiu.net\/wordpress\/wp-content\/uploads\/2022\/03\/salt_20220302_172649_582.jpg 1773w\" sizes=\"auto, (max-width: 173px) 100vw, 173px\" \/><\/a>PIEVE DI CADORE\u00a0<\/strong> \u00a0Nel pomeriggio\u00a0 di ieri la Centrale del Suem ha allertato il Soccorso alpino di Pieve di Cadore, per un escursionista che, mentre scendeva con un gruppo di amici dal Rifugio Antelao, era scivolato sul ghiaccio in localit\u00e0 Prapiccolo, riportando la sospetta frattura della caviglia. I cinque avevano calzato i ramponi fino a quando, arrivati in un tratto pulito, se li erano tolti, salvo dover affrontare di nuovo alcune piccole discese ghiacciate dove era avvenuto l&#8217;incidente. I soccorritori si sono avvicinati il pi\u00f9 possibile in fuoristrada, per poi raggiungere l&#8217;infortunato con il quad cingolato trainante la slitta. A F.G., 62 anni, di Montegrotto Terme (PD) sono state prestate le prime cure. Una volta stabilizzato e caricato in barella, l&#8217;uomo \u00e8 stato trasportato lentamente con l&#8217;assicurazione dei soccorritori per 300 metri, trasferito sulla jeep e poi accompagnato all&#8217;ospedale di Pieve di Cadore.<\/p>\n<p>&nbsp;<\/p>\n<hr \/>\n<p>&nbsp;<\/p>\n<p>&nbsp;<\/p>\n<blockquote>\n<h3>SOCCORSA ESCURSIONISTA SCIVOLATA SUL SENTIERO<\/h3>\n<\/blockquote>\n<p><img loading=\"lazy\" decoding=\"async\" class=\"alignleft\" src=\"https:\/\/www.radiopiu.net\/wordpress\/wp-content\/uploads\/2021\/12\/salt-suem.jpg\" width=\"161\" height=\"121\" \/><strong>DOMEGGE<\/strong>\u00a0 Due interventi successivi nella stessa zona nel pomeriggio di ieri,\u00a0 alle 15.20\u00a0 \u00e8 infatti scattato l&#8217;allarme per un secondo incidente, sempre causato da una scivolata sul ghiaccio. A cadere, e riportare il sospetto trauma a una caviglia, una donna di Ferrara, V.R., 61 anni, che stava scendendo dall&#8217;Eremo dei Romiti lungo la Via Crucis assieme a due amiche. Sei tecnici e il medico del Soccorso alpino del Centro Cadore sono saliti fino a 1.040 metri dove si trovava l&#8217;infortunata e le hanno prestato le prime cure. L&#8217;escursionista \u00e8 stata poi recuperata con il verricello dall&#8217;elicottero del Suem di Pieve di Cadore, che l&#8217;ha trasportata all&#8217;ospedale. I soccorritori sono quindi scesi con le due compagne, madre e figlia.<\/p>\n<p>&nbsp;<\/p>\n<hr \/>\n<p>&nbsp;<\/p>\n<blockquote>\n<h3>VENEZIA DIMEZZA LA PENA, AVEVA MALMENATO E DERUBATO DUE RAGAZZINE<\/h3>\n<\/blockquote>\n<p><strong><img loading=\"lazy\" decoding=\"async\" class=\"alignleft\" src=\"https:\/\/www.radiopiu.net\/wordpress\/wp-content\/uploads\/2022\/03\/th-3.jpg\" width=\"191\" height=\"112\" \/>BELLUNO<\/strong>\u00a0\u00a0Due ragazzine picchiate e rapinate in un alloggio di Resana: dimezzata in Appello la pena per uno degli imputati. Condannato in abbreviato a quattro anni e quattro mesi pi\u00f9 tremila euro di multa dal Tribunale di Treviso, il cittadino ghanese Martinson Owusu Amoah si \u00e8 visto abbassare la sentenza a due anni e dieci mesi e mille euro. Il presunto complice Emanuele Kwakwa aspetta in giornata la sua di sentenza, avendo scelto il dibattimento.Le parti civili sono due minorenni bellunesi di Limana e Sospirolo, che erano state date per scomparse con denuncia dalle famiglie, e un uomo di Castelfranco Veneto: chiederanno il risarcimento attraverso gli avvocati Resenterra e D&#8217;Agostini&#8230;<\/p>\n<p>&nbsp;<\/p>\n<hr \/>\n<blockquote>\n<h3><\/h3>\n<h3>TUNNEL DEL COMELICO, PAGLINI &#8220;L&#8217;ALTERNATIVA, ALTRIMENTI LA GALLERIA NON S&#8217;HA DA CHIUDERE&#8221;<\/h3>\n<\/blockquote>\n<p><strong>BELLUNO-TREVISO<\/strong>\u00a0 Chiudere la galleria del Comelico per due anni senza soluzioni alternative porter\u00e0 ad un isolamento della\u00a0 vallata, prospettiva drammatica. Servono contro misure, soprattutto soluzioni alternative. Lo dice la gente del Comelico, lo ribadisce a gran voce\u00a0\u00a0<span style=\"color: #000000; font-family: Helvetica;\"> Massimiliano Paglini, segretario generale della Cisl Belluno Treviso: &#8220;I lavori nel tunnel potranno essere avviati se e solo se sar\u00e0 prevista una viabilit\u00e0 sostitutiva&#8221;. Il messaggio che Paglini invia ad Anas non <a class=\"dt-pswp-item\" href=\"https:\/\/www.radiopiu.net\/wordpress\/wp-content\/uploads\/2022\/02\/Paglini-relazione.jpeg\" data-dt-img-description=\"\" data-large_image_width=\"1368\" data-large_image_height=\"912\"><img loading=\"lazy\" decoding=\"async\" class=\" wp-image-258793 alignleft\" src=\"https:\/\/www.radiopiu.net\/wordpress\/wp-content\/uploads\/2022\/02\/Paglini-relazione-300x200.jpeg\" alt=\"\" width=\"231\" height=\"154\" srcset=\"https:\/\/www.radiopiu.net\/wordpress\/wp-content\/uploads\/2022\/02\/Paglini-relazione-300x200.jpeg 300w, https:\/\/www.radiopiu.net\/wordpress\/wp-content\/uploads\/2022\/02\/Paglini-relazione-1024x683.jpeg 1024w, https:\/\/www.radiopiu.net\/wordpress\/wp-content\/uploads\/2022\/02\/Paglini-relazione-768x512.jpeg 768w, https:\/\/www.radiopiu.net\/wordpress\/wp-content\/uploads\/2022\/02\/Paglini-relazione.jpeg 1368w\" sizes=\"auto, (max-width: 231px) 100vw, 231px\" \/><\/a>potrebbe essere pi\u00f9 chiaro, difficile anche mal interpretarlo.\u00a0 <\/span><span style=\"color: #000000; font-family: Helvetica;\">Secondo il segretario generale della Cisl territoriale, la vicenda del tunnel del Comelico mette in luce ancora una volta \u201c<i>la vitale necessit\u00e0 per la provincia di Belluno di fare rete e progettare strategicamente il futuro di crescita e sviluppo del territorio bellunese<\/i>\u201d.<\/span><\/p>\n<div align=\"left\"><strong><span style=\"color: #000000; font-family: Helvetica;\">IL SEGRETARIO ALLA RADIO<\/span><\/strong><\/div>\n<audio class=\"wp-audio-shortcode\" id=\"audio-262461-2\" preload=\"none\" style=\"width: 100%;\" controls=\"controls\"><source type=\"audio\/mpeg\" src=\"https:\/\/www.radiopiu.net\/wordpress\/wp-content\/uploads\/2022\/03\/paglini.mp3?_=2\" \/><a href=\"https:\/\/www.radiopiu.net\/wordpress\/wp-content\/uploads\/2022\/03\/paglini.mp3\">https:\/\/www.radiopiu.net\/wordpress\/wp-content\/uploads\/2022\/03\/paglini.mp3<\/a><\/audio>\n<p>&nbsp;<\/p>\n<hr \/>\n<p>&nbsp;<\/p>\n<blockquote>\n<h3>ACC, L&#8217;ALTRO IERI L&#8217;ULTIMO COMPRESSORE OGGI ELENA DONAZZAN<\/h3>\n<\/blockquote>\n<p><b><img loading=\"lazy\" decoding=\"async\" class=\"alignleft\" src=\"https:\/\/www.radiopiu.net\/wordpress\/wp-content\/uploads\/2022\/03\/083392cf-e663-4468-ae46-ab3d80189f29.jpg\" width=\"174\" height=\"130\" \/>BORGO VALBELLUNA\u00a0 <\/b>Oggi\u00a0alle\u00a0 14.30 presso la sala affreschi del Municipio di Borgo Valbelluna in Piazza Papa Luciani a Mel, l\u2019assessore regionale al lavoro Elena Donazzan parteciper\u00e0 al Comitato Socio Istituzionale di Italia Wanbao ACC. Il Comitato di Sorveglianza socio-istituzionale, presieduto dal sindaco Stefano Cesa, con la Regione del Veneto ha l\u2019obiettivo di avviare i primi incontri tra sindacato e nuova azienda, alla presenza dell\u2019amministrazione straordinaria. All\u2019ordine del giorno, in particolare, l\u2019incontro con il Presidente di Assolavoro, in rappresentanza delle Agenzie per il Lavoro, per delineare percorsi e azioni utili di ricerca attiva e formazione, attraverso i percorsi di outplacement della Regione del Veneto, per l\u2019inserimento lavorativo di tutti i lavoratori di Acc-Wanbao.<\/p>\n<p>&nbsp;<\/p>\n<p>&nbsp;<\/p>\n<hr \/>\n<p>&nbsp;<\/p>\n<blockquote>\n<h3>IL NUOVO ACQUEDOTTO PER CENCENIGHE DA 950 MILA EURO<\/h3>\n<\/blockquote>\n<p><strong>BELLUNO\u00a0<\/strong> Si sono conclusi i lavori per la realizzazione del nuovo acquedotto a servizio delle frazioni di Chioit, Malos, Bogo, Martin, Cavarzan e Collesin. Il cantiere, avviato lo scorso giugno, si \u00e8 reso necessario per sopperire agli ingenti danni causati dalla tempesta Vaia alle diverse fonti di approvvigionamento locali e in particolare alla sorgente di Chioit, la principale nel comune in termini di apporto idrico, distrutta dalla furia dell\u2019uragano. L\u2019intervento, progettato da personale ingegneristico di Bim Gsp e affidato all\u2019impresa Zugliani srl di Imer (TN), ha visto quattro cantieri operativi in parallelo. <em>\u201cCon quest\u2019opera \u2013 spiega Attilio Sommavilla, presidente di Bim Gsp \u2013 abbiamo completato un progetto molto pi\u00f9 ampio di messa in sicurezza dell\u2019approvvigionamento idrico dell\u2019intero comune di Cencenighe. Un anno fa abbiamo collegato le reti di Vallada e Canale d\u2019Agordo, per garantire a buona parte del territorio la necessaria stabilit\u00e0 nell\u2019erogazione. Ora, con questo secondo intervento, abbiamo assicurato l\u2019apporto di acqua anche alle sei piccole frazioni comunali, che potranno contare su un sistema infrastrutturale adeguato ai fabbisogni e performante anche nei picchi di presenze stagionali&#8221;. Soddisfatto Mauro Soppelsa, per il sindaco un gran lavoro per dare <\/em>soluzione a importanti e annose criticit\u00e0 sia di carenza idrica, a cui era soggetto il centro cittadino, che di potabilit\u00e0 dell\u2019acqua, frequenti sia nel capoluogo che nelle frazioni circostanti. <em>&#8220;Con il primo intervento &#8211; dice il sindaco Soppelsa &#8211;\u00a0 la posa del nuovo acquedotto della Val Biois, eseguito nel 2019, \u00e8 stata restituita al territorio stabilit\u00e0 nella fornitura all\u2019utenza. Ringrazio\u00a0 Gsp per l\u2019attivit\u00e0 di ricostruzione svolta in questi anni nell\u2019Agordino e per gli investimenti ad oggi realizzati in questi paesi sempre pi\u00f9 colpiti dallo spopolamento\u201d<\/em><\/p>\n\n\t\t\t<style type='text\/css'>\n\t\t\t\t#gallery-1 {\n\t\t\t\t\tmargin: auto;\n\t\t\t\t}\n\t\t\t\t#gallery-1 .gallery-item {\n\t\t\t\t\tfloat: left;\n\t\t\t\t\tmargin-top: 10px;\n\t\t\t\t\ttext-align: center;\n\t\t\t\t\twidth: 25%;\n\t\t\t\t}\n\t\t\t\t#gallery-1 img {\n\t\t\t\t\tborder: 2px solid #cfcfcf;\n\t\t\t\t}\n\t\t\t\t#gallery-1 .gallery-caption {\n\t\t\t\t\tmargin-left: 0;\n\t\t\t\t}\n\t\t\t\t\/* see gallery_shortcode() in wp-includes\/media.php *\/\n\t\t\t<\/style>\n\t\t<div id='gallery-1' class='dt-gallery-container gallery galleryid-262461 gallery-columns-4 gallery-size-thumbnail'><dl class='gallery-item'>\n\t\t\t\t<dt class='gallery-icon landscape'>\n\t\t\t\t\t<a class=\"rollover rollover-zoom dt-pswp-item\" title=\"1_il nuovo serbatoio di Chioit\" data-dt-img-description=\"\" data-large_image_width=\"984\" data-large_image_height=\"554\"href='https:\/\/www.radiopiu.net\/wordpress\/wp-content\/uploads\/2022\/03\/1_il-nuovo-serbatoio-di-Chioit.jpg'><img loading=\"lazy\" decoding=\"async\" width=\"150\" height=\"150\" src=\"https:\/\/www.radiopiu.net\/wordpress\/wp-content\/uploads\/2022\/03\/1_il-nuovo-serbatoio-di-Chioit-150x150.jpg\" class=\"attachment-thumbnail size-thumbnail\" alt=\"\" \/><\/a>\n\t\t\t\t<\/dt><\/dl><dl class='gallery-item'>\n\t\t\t\t<dt class='gallery-icon landscape'>\n\t\t\t\t\t<a class=\"rollover rollover-zoom dt-pswp-item\" title=\"DCIM100GOPROGP__1780.JPG\" data-dt-img-description=\"\" data-large_image_width=\"847\" data-large_image_height=\"580\"href='https:\/\/www.radiopiu.net\/wordpress\/wp-content\/uploads\/2022\/03\/5_posa-nuovo-acquedotto_2.jpg'><img loading=\"lazy\" decoding=\"async\" width=\"150\" height=\"150\" src=\"https:\/\/www.radiopiu.net\/wordpress\/wp-content\/uploads\/2022\/03\/5_posa-nuovo-acquedotto_2-150x150.jpg\" class=\"attachment-thumbnail size-thumbnail\" alt=\"\" \/><\/a>\n\t\t\t\t<\/dt><\/dl><dl class='gallery-item'>\n\t\t\t\t<dt class='gallery-icon landscape'>\n\t\t\t\t\t<a class=\"rollover rollover-zoom dt-pswp-item\" title=\"DCIM100MEDIADJI_0129.JPG\" data-dt-img-description=\"\" data-large_image_width=\"850\" data-large_image_height=\"836\"href='https:\/\/www.radiopiu.net\/wordpress\/wp-content\/uploads\/2022\/03\/2_la-costruzione-del-serbatoio-e-getti-di-calcestruzzo-con-elicottero_1.jpg'><img loading=\"lazy\" decoding=\"async\" width=\"150\" height=\"150\" src=\"https:\/\/www.radiopiu.net\/wordpress\/wp-content\/uploads\/2022\/03\/2_la-costruzione-del-serbatoio-e-getti-di-calcestruzzo-con-elicottero_1-150x150.jpg\" class=\"attachment-thumbnail size-thumbnail\" alt=\"\" \/><\/a>\n\t\t\t\t<\/dt><\/dl><dl class='gallery-item'>\n\t\t\t\t<dt class='gallery-icon landscape'>\n\t\t\t\t\t<a class=\"rollover rollover-zoom dt-pswp-item\" title=\"DCIM100MEDIADJI_0123.JPG\" data-dt-img-description=\"\" data-large_image_width=\"850\" data-large_image_height=\"638\"href='https:\/\/www.radiopiu.net\/wordpress\/wp-content\/uploads\/2022\/03\/4_escavatore-ragno-durante-la-posa-del-nuovo-acquedotto_1.jpg'><img loading=\"lazy\" decoding=\"async\" width=\"150\" height=\"150\" src=\"https:\/\/www.radiopiu.net\/wordpress\/wp-content\/uploads\/2022\/03\/4_escavatore-ragno-durante-la-posa-del-nuovo-acquedotto_1-150x150.jpg\" class=\"attachment-thumbnail size-thumbnail\" alt=\"\" \/><\/a>\n\t\t\t\t<\/dt><\/dl><br style=\"clear: both\" \/>\n\t\t\t<\/div>\n\n<p>&nbsp;<\/p>\n<hr \/>\n<p>&nbsp;<\/p>\n<p><span style=\"color: #ff0000;\"><strong>OGGI LO SPECIALE ALLA RADIO DELLE 10.30<\/strong><\/span><\/p>\n<p>&nbsp;<\/p>\n<blockquote class=\"wp-embedded-content\" data-secret=\"PRQwnZLiTJ\"><p><a href=\"https:\/\/www.radiopiu.net\/wordpress\/ren-di-gosaldo-dal-2020-due-ponti-in-meno-il-terzo-compromesso-di-gianni-santomaso\/\">REN DI GOSALDO, DAL 2020 DUE PONTI IN MENO, IL TERZO COMPROMESSO di  GIANNI SANTOMASO<\/a><\/p><\/blockquote>\n<p><iframe loading=\"lazy\" class=\"wp-embedded-content\" sandbox=\"allow-scripts\" security=\"restricted\" style=\"position: absolute; clip: rect(1px, 1px, 1px, 1px);\" title=\"&#8220;REN DI GOSALDO, DAL 2020 DUE PONTI IN MENO, IL TERZO COMPROMESSO di  GIANNI SANTOMASO&#8221; &#8212; Radio Pi\u00f9\" src=\"https:\/\/www.radiopiu.net\/wordpress\/ren-di-gosaldo-dal-2020-due-ponti-in-meno-il-terzo-compromesso-di-gianni-santomaso\/embed\/#?secret=PRQwnZLiTJ\" data-secret=\"PRQwnZLiTJ\" width=\"600\" height=\"338\" frameborder=\"0\" marginwidth=\"0\" marginheight=\"0\" scrolling=\"no\"><\/iframe><\/p>\n<p>&nbsp;<\/p>\n<hr \/>\n<p>&nbsp;<\/p>\n<blockquote>\n<h3>DAL 1 MAGGIO DEBUTTA LA TASSA DI SOGGIORNO, MA NON GRANDI CIFRE<\/h3>\n<\/blockquote>\n<p>&nbsp;<\/p>\n<p><strong><img loading=\"lazy\" decoding=\"async\" class=\"alignleft\" src=\"https:\/\/www.radiopiu.net\/wordpress\/wp-content\/uploads\/2022\/03\/th-2.jpg\" width=\"193\" height=\"108\" \/>CHIES D&#8217;ALPAGO<\/strong><\/p>\n<p><strong>di DAMIANO TORMEN<\/strong><\/p>\n<audio class=\"wp-audio-shortcode\" id=\"audio-262461-3\" preload=\"none\" style=\"width: 100%;\" controls=\"controls\"><source type=\"audio\/mpeg\" src=\"https:\/\/www.radiopiu.net\/wordpress\/wp-content\/uploads\/2022\/03\/DAMIANO.mp3?_=3\" \/><a href=\"https:\/\/www.radiopiu.net\/wordpress\/wp-content\/uploads\/2022\/03\/DAMIANO.mp3\">https:\/\/www.radiopiu.net\/wordpress\/wp-content\/uploads\/2022\/03\/DAMIANO.mp3<\/a><\/audio>\n<p>&nbsp;<\/p>\n<p>&nbsp;<\/p>\n<p>&nbsp;<\/p>\n<hr \/>\n<p>&nbsp;<\/p>\n<blockquote>\n<h3>SANITA&#8217;, L&#8217;INTERVISTA A MARIA GRAZIA CARRARO DOPO UN ANNO DI IMPEGNO NELLA ULSS1 DOLOMITI<\/h3>\n<\/blockquote>\n<p><strong><a class=\"dt-pswp-item\" href=\"https:\/\/www.radiopiu.net\/wordpress\/wp-content\/uploads\/2021\/12\/e856063d-9a8a-4118-b442-31eb84d3c052.jpg\" data-dt-img-description=\"\" data-large_image_width=\"1600\" data-large_image_height=\"900\"><img loading=\"lazy\" decoding=\"async\" class=\" wp-image-246190 alignleft\" src=\"https:\/\/www.radiopiu.net\/wordpress\/wp-content\/uploads\/2021\/12\/e856063d-9a8a-4118-b442-31eb84d3c052-300x169.jpg\" alt=\"\" width=\"179\" height=\"101\" srcset=\"https:\/\/www.radiopiu.net\/wordpress\/wp-content\/uploads\/2021\/12\/e856063d-9a8a-4118-b442-31eb84d3c052-300x169.jpg 300w, https:\/\/www.radiopiu.net\/wordpress\/wp-content\/uploads\/2021\/12\/e856063d-9a8a-4118-b442-31eb84d3c052-1024x576.jpg 1024w, https:\/\/www.radiopiu.net\/wordpress\/wp-content\/uploads\/2021\/12\/e856063d-9a8a-4118-b442-31eb84d3c052-768x432.jpg 768w, https:\/\/www.radiopiu.net\/wordpress\/wp-content\/uploads\/2021\/12\/e856063d-9a8a-4118-b442-31eb84d3c052-1536x864.jpg 1536w, https:\/\/www.radiopiu.net\/wordpress\/wp-content\/uploads\/2021\/12\/e856063d-9a8a-4118-b442-31eb84d3c052.jpg 1600w\" sizes=\"auto, (max-width: 179px) 100vw, 179px\" \/><\/a>REDAZIONE<\/strong> L&#8217;intervista al direttore generale della Ulss1 Maria Grazia Carraro, un anno fa iniziava il suo impegno nell&#8217;azienda sanitaria bellunese.<\/p>\n<p><strong>AUDIO<\/strong><\/p>\n<audio class=\"wp-audio-shortcode\" id=\"audio-262461-4\" preload=\"none\" style=\"width: 100%;\" controls=\"controls\"><source type=\"audio\/mpeg\" src=\"https:\/\/www.radiopiu.net\/wordpress\/wp-content\/uploads\/2022\/03\/maria-grazia-carraro.mp3?_=4\" \/><a href=\"https:\/\/www.radiopiu.net\/wordpress\/wp-content\/uploads\/2022\/03\/maria-grazia-carraro.mp3\">https:\/\/www.radiopiu.net\/wordpress\/wp-content\/uploads\/2022\/03\/maria-grazia-carraro.mp3<\/a><\/audio>\n<p>&nbsp;<\/p>\n<p>&nbsp;<\/p>\n<hr \/>\n<p>&nbsp;<\/p>\n<blockquote class=\"wp-embedded-content\" data-secret=\"Iny6yWJmUH\"><p><a href=\"https:\/\/www.radiopiu.net\/wordpress\/ag01marzo22aaa\/\">CORONAVIRUS: AGGIORNAMENTO NAZIONALE 02 MARZO 2022<\/a><\/p><\/blockquote>\n<p><iframe loading=\"lazy\" class=\"wp-embedded-content\" sandbox=\"allow-scripts\" security=\"restricted\" style=\"position: absolute; clip: rect(1px, 1px, 1px, 1px);\" title=\"&#8220;CORONAVIRUS: AGGIORNAMENTO NAZIONALE 02 MARZO 2022&#8221; &#8212; Radio Pi\u00f9\" src=\"https:\/\/www.radiopiu.net\/wordpress\/ag01marzo22aaa\/embed\/#?secret=Iny6yWJmUH\" data-secret=\"Iny6yWJmUH\" width=\"600\" height=\"338\" frameborder=\"0\" marginwidth=\"0\" marginheight=\"0\" scrolling=\"no\"><\/iframe><\/p>\n<p>&nbsp;<\/p>\n<p>&nbsp;<\/p>\n<blockquote class=\"wp-embedded-content\" data-secret=\"RIfWD8ApcP\"><p><a href=\"https:\/\/www.radiopiu.net\/wordpress\/i-ricoveri-in-area-non-critica-scendono-quota-mille-22-decessi-e-3434-nuovi-positivi-in-veneto-nelle-ultime-24-ore\/\">I RICOVERI IN AREA NON CRITICA SCENDONO QUOTA MILLE, 22 DECESSI E 3434 NUOVI POSITIVI IN VENETO NELLE ULTIME 24 ORE<\/a><\/p><\/blockquote>\n<p><iframe loading=\"lazy\" class=\"wp-embedded-content\" sandbox=\"allow-scripts\" security=\"restricted\" style=\"position: absolute; clip: rect(1px, 1px, 1px, 1px);\" title=\"&#8220;I RICOVERI IN AREA NON CRITICA SCENDONO QUOTA MILLE, 22 DECESSI E 3434 NUOVI POSITIVI IN VENETO NELLE ULTIME 24 ORE&#8221; &#8212; Radio Pi\u00f9\" src=\"https:\/\/www.radiopiu.net\/wordpress\/i-ricoveri-in-area-non-critica-scendono-quota-mille-22-decessi-e-3434-nuovi-positivi-in-veneto-nelle-ultime-24-ore\/embed\/#?secret=RIfWD8ApcP\" data-secret=\"RIfWD8ApcP\" width=\"600\" height=\"338\" frameborder=\"0\" marginwidth=\"0\" marginheight=\"0\" scrolling=\"no\"><\/iframe><\/p>\n<p>&nbsp;<\/p>\n<h2>I GRAFICI DI TIZIANO DE COL<\/h2>\n\n\t\t\t<style type='text\/css'>\n\t\t\t\t#gallery-2 {\n\t\t\t\t\tmargin: auto;\n\t\t\t\t}\n\t\t\t\t#gallery-2 .gallery-item {\n\t\t\t\t\tfloat: left;\n\t\t\t\t\tmargin-top: 10px;\n\t\t\t\t\ttext-align: center;\n\t\t\t\t\twidth: 33%;\n\t\t\t\t}\n\t\t\t\t#gallery-2 img {\n\t\t\t\t\tborder: 2px solid #cfcfcf;\n\t\t\t\t}\n\t\t\t\t#gallery-2 .gallery-caption {\n\t\t\t\t\tmargin-left: 0;\n\t\t\t\t}\n\t\t\t\t\/* see gallery_shortcode() in wp-includes\/media.php *\/\n\t\t\t<\/style>\n\t\t<div id='gallery-2' class='dt-gallery-container gallery galleryid-262461 gallery-columns-3 gallery-size-thumbnail'><dl class='gallery-item'>\n\t\t\t\t<dt class='gallery-icon landscape'>\n\t\t\t\t\t<a class=\"rollover rollover-zoom dt-pswp-item\" title=\"41580ceb-6aa2-4399-a47a-f788c323719e\" data-dt-img-description=\"\" data-large_image_width=\"607\" data-large_image_height=\"367\"href='https:\/\/www.radiopiu.net\/wordpress\/wp-content\/uploads\/2022\/03\/41580ceb-6aa2-4399-a47a-f788c323719e.jpg'><img loading=\"lazy\" decoding=\"async\" width=\"150\" height=\"150\" src=\"https:\/\/www.radiopiu.net\/wordpress\/wp-content\/uploads\/2022\/03\/41580ceb-6aa2-4399-a47a-f788c323719e-150x150.jpg\" class=\"attachment-thumbnail size-thumbnail\" alt=\"\" \/><\/a>\n\t\t\t\t<\/dt><\/dl><dl class='gallery-item'>\n\t\t\t\t<dt class='gallery-icon landscape'>\n\t\t\t\t\t<a class=\"rollover rollover-zoom dt-pswp-item\" title=\"34d3d488-9044-4072-a67f-999464ca9cda\" data-dt-img-description=\"\" data-large_image_width=\"605\" data-large_image_height=\"361\"href='https:\/\/www.radiopiu.net\/wordpress\/wp-content\/uploads\/2022\/03\/34d3d488-9044-4072-a67f-999464ca9cda.jpg'><img loading=\"lazy\" decoding=\"async\" width=\"150\" height=\"150\" src=\"https:\/\/www.radiopiu.net\/wordpress\/wp-content\/uploads\/2022\/03\/34d3d488-9044-4072-a67f-999464ca9cda-150x150.jpg\" class=\"attachment-thumbnail size-thumbnail\" alt=\"\" \/><\/a>\n\t\t\t\t<\/dt><\/dl><dl class='gallery-item'>\n\t\t\t\t<dt class='gallery-icon landscape'>\n\t\t\t\t\t<a class=\"rollover rollover-zoom dt-pswp-item\" title=\"fb6c734b-808a-4edd-bb73-419413b58237\" data-dt-img-description=\"\" data-large_image_width=\"608\" data-large_image_height=\"359\"href='https:\/\/www.radiopiu.net\/wordpress\/wp-content\/uploads\/2022\/03\/fb6c734b-808a-4edd-bb73-419413b58237.jpg'><img loading=\"lazy\" decoding=\"async\" width=\"150\" height=\"150\" src=\"https:\/\/www.radiopiu.net\/wordpress\/wp-content\/uploads\/2022\/03\/fb6c734b-808a-4edd-bb73-419413b58237-150x150.jpg\" class=\"attachment-thumbnail size-thumbnail\" alt=\"\" \/><\/a>\n\t\t\t\t<\/dt><\/dl><br style=\"clear: both\" \/><dl class='gallery-item'>\n\t\t\t\t<dt class='gallery-icon landscape'>\n\t\t\t\t\t<a class=\"rollover rollover-zoom dt-pswp-item\" title=\"92254742-5dea-4ad0-bb6e-af80ff46ac64\" data-dt-img-description=\"\" data-large_image_width=\"620\" data-large_image_height=\"357\"href='https:\/\/www.radiopiu.net\/wordpress\/wp-content\/uploads\/2022\/03\/92254742-5dea-4ad0-bb6e-af80ff46ac64.jpg'><img loading=\"lazy\" decoding=\"async\" width=\"150\" height=\"150\" src=\"https:\/\/www.radiopiu.net\/wordpress\/wp-content\/uploads\/2022\/03\/92254742-5dea-4ad0-bb6e-af80ff46ac64-150x150.jpg\" class=\"attachment-thumbnail size-thumbnail\" alt=\"\" \/><\/a>\n\t\t\t\t<\/dt><\/dl><dl class='gallery-item'>\n\t\t\t\t<dt class='gallery-icon landscape'>\n\t\t\t\t\t<a class=\"rollover rollover-zoom dt-pswp-item\" title=\"8ecc929d-25a4-4691-8e9a-a304e7aeee89\" data-dt-img-description=\"\" data-large_image_width=\"620\" data-large_image_height=\"382\"href='https:\/\/www.radiopiu.net\/wordpress\/wp-content\/uploads\/2022\/03\/8ecc929d-25a4-4691-8e9a-a304e7aeee89.jpg'><img loading=\"lazy\" decoding=\"async\" width=\"150\" height=\"150\" src=\"https:\/\/www.radiopiu.net\/wordpress\/wp-content\/uploads\/2022\/03\/8ecc929d-25a4-4691-8e9a-a304e7aeee89-150x150.jpg\" class=\"attachment-thumbnail size-thumbnail\" alt=\"\" \/><\/a>\n\t\t\t\t<\/dt><\/dl><dl class='gallery-item'>\n\t\t\t\t<dt class='gallery-icon landscape'>\n\t\t\t\t\t<a class=\"rollover rollover-zoom dt-pswp-item\" title=\"db49a0d2-3316-49bb-8cf8-129b06e85248\" data-dt-img-description=\"\" data-large_image_width=\"616\" data-large_image_height=\"364\"href='https:\/\/www.radiopiu.net\/wordpress\/wp-content\/uploads\/2022\/03\/db49a0d2-3316-49bb-8cf8-129b06e85248.jpg'><img loading=\"lazy\" decoding=\"async\" width=\"150\" height=\"150\" src=\"https:\/\/www.radiopiu.net\/wordpress\/wp-content\/uploads\/2022\/03\/db49a0d2-3316-49bb-8cf8-129b06e85248-150x150.jpg\" class=\"attachment-thumbnail size-thumbnail\" alt=\"\" \/><\/a>\n\t\t\t\t<\/dt><\/dl><br style=\"clear: both\" \/>\n\t\t\t<\/div>\n\n<p>&nbsp;<\/p>\n<hr \/>\n<p>&nbsp;<\/p>\n<blockquote>\n<h1>Nuovi orari covid point tamponi dal 1 marzo<\/h1>\n<\/blockquote>\n<p><strong>BELLUNO<\/strong>\u00a0 L&#8217;ulteriore rallentamento epidemico registrato nei giorni scorsi consente un ridimensionamento dell&#8217;offerta tamponi sul territorio, congruente con le basse prenotazioni registrate.\u00a0 \u2981 PALUDI: dal luned\u00ec alla domenica, dalle 8.30 alle 12.30 \u2981 FELTRE: dal luned\u00ec al venerd\u00ec, dalle 8.30 alle 12.30 \u2981 AGORDO: marted\u00ec &#8211; gioved\u00ec &#8211; sabato, dalle 8.30 alle 10.00 \u2981 TAI DI CADORE:\u00a0 marted\u00ec &#8211; gioved\u00ec &#8211; sabato, dalle 13.30 alle 15.30 In questi orari saranno garantiti i tamponi &#8220;di sorveglianza&#8221; richiesti dall&#8217;Unit\u00e0 di Crisi e i tamponi prenotati dagli utenti nel sito www.aulss1.veneto.it Rimane per ora attivo dal luned\u00ec al sabato, con orario 8 &#8211; 15, il punto tamponi in convenzione presso l&#8217;ospedale Codivilla Putti di Cortina Per informazioni di dettaglio e prenotazioni consultare il sito www.aulss1.veneto.it<\/p>\n<p>&nbsp;<\/p>\n<p>&nbsp;<\/p>\n<hr \/>\n<p>&nbsp;<\/p>\n<blockquote>\n<h3>IL PD CHIEDE DI SOSTENERE IL TERRITORIO BELLUNESE CON I RISPARMI OLIMPICI<\/h3>\n<\/blockquote>\n<p><strong><a class=\"dt-pswp-item\" href=\"https:\/\/www.radiopiu.net\/wordpress\/wp-content\/uploads\/2018\/11\/PD.png\" data-dt-img-description=\"\" data-large_image_width=\"226\" data-large_image_height=\"182\"><img loading=\"lazy\" decoding=\"async\" class=\" wp-image-67744 alignleft\" src=\"https:\/\/www.radiopiu.net\/wordpress\/wp-content\/uploads\/2018\/11\/PD.png\" alt=\"\" width=\"161\" height=\"130\" \/><\/a>VENEZIA <\/strong><span class=\"s1\">\u201c<em>La Regione mostri di credere veramente nel territorio bellunese e sostenga lo sviluppo dell\u2019economia, a partire dal Comelico, rivedendo le proprie scelte e investendo per risolvere i problemi di queste aree<\/em>\u201d. La richiesta arriva da Francesca Zottis, consigliera regionale del Partito Democratico, ribadita in una doppia interrogazione alla Giunta Zaia sulle risorse inutilizzate per il rifacimento della pista da bob di Cortina e l\u2019ampliamento della Zls all\u2019intera provincia.<\/span><\/p>\n<p><span class=\"s1\">\u201c<em>Visto che la ristrutturazione della \u2018Eugenio Monti\u2019 per le Olimpiadi del 2026 sar\u00e0 quasi interamente a carico dello Stato, si liberano importanti fondi che devono restare sul territorio. Gli ambiti di intervento non mancano: dalla sanit\u00e0, con la cronica carenza di medici e di pres\u00ecdi, al turismo messo in ginocchio da due anni di pandemia, fino alla viabilit\u00e0 che avrebbe bisogno di interventi di grande portata per migliorare e mettere in sicurezza i collegamenti, a cominciare dal Comelico che rischia di pagare un tributo pesantissimo alla chiusura della galleria h24 per 745 giorni, salvo ritardi, restando di fatto isolato<\/em>\u201d.\u00a0<\/span><\/p>\n<p>&nbsp;<\/p>\n<p>&nbsp;<\/p>\n<hr \/>\n<p>&nbsp;<\/p>\n<p><span style=\"color: #0000ff;\">BOTTA E RISPOSTA BOND-BOTTACIN 1<\/span><\/p>\n<blockquote>\n<h3>IDROELETTRICO. BOND: &#8220;APPELLO A ZAIA, STOP SUL PROGETTO DI LEGGE REGIONALE SULLE CONCESSIONI&#8221;<\/h3>\n<\/blockquote>\n<p><strong><a class=\"dt-pswp-item\" href=\"https:\/\/www.radiopiu.net\/wordpress\/wp-content\/uploads\/2019\/07\/Dario-Bond.jpg\" data-dt-img-description=\"\" data-large_image_width=\"2449\" data-large_image_height=\"1633\"><img loading=\"lazy\" decoding=\"async\" class=\" wp-image-93051 alignleft\" src=\"https:\/\/www.radiopiu.net\/wordpress\/wp-content\/uploads\/2019\/07\/Dario-Bond-300x200.jpg\" alt=\"\" width=\"194\" height=\"129\" srcset=\"https:\/\/www.radiopiu.net\/wordpress\/wp-content\/uploads\/2019\/07\/Dario-Bond-300x200.jpg 300w, https:\/\/www.radiopiu.net\/wordpress\/wp-content\/uploads\/2019\/07\/Dario-Bond-768x512.jpg 768w, https:\/\/www.radiopiu.net\/wordpress\/wp-content\/uploads\/2019\/07\/Dario-Bond-1024x683.jpg 1024w\" sizes=\"auto, (max-width: 194px) 100vw, 194px\" \/><\/a>ROMA <\/strong>\u201c<em>Bisogna rivedere dal profondo il progetto di legge regionale sulle concessioni idroelettriche. \u00c8 anacronistico e rischia di essere dannoso per imprese e cittadini, nel pieno di una crisi energetica quale quella che stiamo vivendo<\/em>\u201d. Cos\u00ec in una nota il deputato Dario Bond, relativamente al percorso regionale sulla messa a gara delle concessioni idroelettriche. \u201c<em>Lancio un appello al governatore Zaia: fermiamoci, perch\u00e9 questo progetto di legge non ha motivo di esistere. Proprio in questo momento il Parlamento sta modificando l\u2019orientamento che aveva espresso sul tema in legge finanziaria qualche anno fa. Proprio per questo motivo bisogna aspettare: scatti in avanti rischiano di essere dannosi.\u00a0\u00a0<\/em><\/p>\n<p>&nbsp;<\/p>\n<p>&nbsp;<\/p>\n<hr \/>\n<p><span style=\"color: #0000ff;\">\u00a0<\/span><\/p>\n<p><span style=\"color: #0000ff;\">BOTTA E RISPOSTA BOND-BOTTACIN 2<\/span><\/p>\n<blockquote>\n<h3><strong>GRANDI DERIVAZIONI IDROELETTRICHE, \u201cSUA APPROVAZIONE E\u2019 GARANZIA PER I TERRITORI\u201d, LO ASSICURA BOTTACIN<\/strong><\/h3>\n<\/blockquote>\n<p><strong><a class=\"dt-pswp-item\" href=\"https:\/\/www.radiopiu.net\/wordpress\/wp-content\/uploads\/2020\/04\/CENTRALE-IDROELETTRICA.jpg\" data-dt-img-description=\"\" data-large_image_width=\"1920\" data-large_image_height=\"859\"><img loading=\"lazy\" decoding=\"async\" class=\"size-medium wp-image-131968 alignleft\" src=\"https:\/\/www.radiopiu.net\/wordpress\/wp-content\/uploads\/2020\/04\/CENTRALE-IDROELETTRICA-300x134.jpg\" alt=\"\" width=\"300\" height=\"134\" srcset=\"https:\/\/www.radiopiu.net\/wordpress\/wp-content\/uploads\/2020\/04\/CENTRALE-IDROELETTRICA-300x134.jpg 300w, https:\/\/www.radiopiu.net\/wordpress\/wp-content\/uploads\/2020\/04\/CENTRALE-IDROELETTRICA-1024x458.jpg 1024w, https:\/\/www.radiopiu.net\/wordpress\/wp-content\/uploads\/2020\/04\/CENTRALE-IDROELETTRICA-768x344.jpg 768w, https:\/\/www.radiopiu.net\/wordpress\/wp-content\/uploads\/2020\/04\/CENTRALE-IDROELETTRICA-1536x687.jpg 1536w, https:\/\/www.radiopiu.net\/wordpress\/wp-content\/uploads\/2020\/04\/CENTRALE-IDROELETTRICA.jpg 1920w\" sizes=\"auto, (max-width: 300px) 100vw, 300px\" \/><\/a>VENEZIA<\/strong> <em>&#8220;Chi osteggia il progetto di legge regionale sulle grandi derivazioni idroelettriche o non l&#8217;ha letto, o non l&#8217;ha capito o, peggio, \u00e8 contro l&#8217;autonomia&#8221;.\u00a0<\/em> Lo dice l\u2019Assessore all\u2019Ambiente della Regione Veneto, Gianpaolo Bottacin, replicando ad alcune dichiarazioni sull\u2019argomento, che egli definisce \u201cfuorvianti\u201d. <em>&#8220;L&#8217;approvazione di questo testo, a seguito dell&#8217;emendamento sulla norma statale fatto proprio da lui, rappresenta una svolta epocale. Con tale legge si sancisce infatti che alla scadenza delle concessioni idroelettriche delle grandi derivazioni, la propriet\u00e0 delle centrali diventi pubblica e dei territori. Lo ripeto, una vera svolta epocale verso l&#8217;autonomia concreta. Una norma statale che consenta di arginare l&#8217;ingresso di gestori stranieri, per la verit\u00e0 gi\u00e0 ben presenti in Italia &#8211; conclude Bottacin &#8211; serve quindi\u00a0a prescindere dalla legge regionale. Viceversa, o la Regione, o lo Stato, dovranno comunque espletare le gare. A meno che non ci sia la gestione diretta da parte dell&#8217;ente pubblico, come appunto sancito dal testo del mio progetto di legge. Quindi \u2013 esorta Bottacin &#8211;\u00a0 avanti tutta con l&#8217;approvazione della legge\u00a0regionale proprio per garantire i territori&#8221;.<\/em><\/p>\n<p>&nbsp;<\/p>\n<p>&nbsp;<\/p>\n<hr \/>\n<p>&nbsp;<\/p>\n<blockquote>\n<h3>FONDI PER LE ASSOCIAZIONI DELLE VITTIME CIVILI DI GUERRA<\/h3>\n<\/blockquote>\n<p><a class=\"dt-pswp-item\" href=\"https:\/\/www.radiopiu.net\/wordpress\/wp-content\/uploads\/2022\/03\/th-1.jpg\" data-dt-img-description=\"\" data-large_image_width=\"114\" data-large_image_height=\"167\"><img loading=\"lazy\" decoding=\"async\" class=\" wp-image-262589 alignleft\" src=\"https:\/\/www.radiopiu.net\/wordpress\/wp-content\/uploads\/2022\/03\/th-1.jpg\" alt=\"\" width=\"100\" height=\"146\" \/><\/a><strong>ROMA\u00a0<\/strong> Duecentomila euro per le associazioni delle vittime civili di guerra, nel decreto Milleproroghe diventato legge la scorsa settimana, anche l\u2019emendamento a prima firma dell\u2019onorevole Mirco Badole per chiedere maggiori aiuti a favore dei gruppi impegnati a sensibilizzare la comunit\u00e0 sulle atrocit\u00e0 della guerra e a sostenere le vittime dei combattimenti.<\/p>\n<p><strong>MIRCO BADOLE AI MICROFONI DI RADIO PIU<\/strong><\/p>\n<audio class=\"wp-audio-shortcode\" id=\"audio-262461-5\" preload=\"none\" style=\"width: 100%;\" controls=\"controls\"><source type=\"audio\/mpeg\" src=\"https:\/\/www.radiopiu.net\/wordpress\/wp-content\/uploads\/2022\/03\/badole.mp3?_=5\" \/><a href=\"https:\/\/www.radiopiu.net\/wordpress\/wp-content\/uploads\/2022\/03\/badole.mp3\">https:\/\/www.radiopiu.net\/wordpress\/wp-content\/uploads\/2022\/03\/badole.mp3<\/a><\/audio>\n<p>&nbsp;<\/p>\n<hr \/>\n<p>&nbsp;<\/p>\n<blockquote>\n<h3>PREZZI DELL\u2019ENERGIA ALLE STELLE. L\u2019AZIENDA FAR DI FELTRE EROGA 250 EURO A DIPENDENTE PER FAR FRONTE AL CARO BOLLETTE<\/h3>\n<\/blockquote>\n<p><strong><a class=\"dt-pswp-item\" href=\"https:\/\/www.radiopiu.net\/wordpress\/wp-content\/uploads\/2021\/12\/bollette.jpeg\" data-dt-img-description=\"\" data-large_image_width=\"626\" data-large_image_height=\"417\"><img loading=\"lazy\" decoding=\"async\" class=\" wp-image-251109 alignleft\" src=\"https:\/\/www.radiopiu.net\/wordpress\/wp-content\/uploads\/2021\/12\/bollette-300x200.jpeg\" alt=\"\" width=\"191\" height=\"127\" srcset=\"https:\/\/www.radiopiu.net\/wordpress\/wp-content\/uploads\/2021\/12\/bollette-300x200.jpeg 300w, https:\/\/www.radiopiu.net\/wordpress\/wp-content\/uploads\/2021\/12\/bollette.jpeg 626w\" sizes=\"auto, (max-width: 191px) 100vw, 191px\" \/><\/a>FELTRE <\/strong>Un bonus da circa 250 euro per far fronte al caro bolletta: \u00e8 la misura introdotta dall\u2019azienda Far Spa di Feltre e destinata a ciascuno dei 47 dipendenti in questa delicatissima fase storica contrassegnata dall\u2019aumento dei prezzi. \u201c<em>Si tratta di una mini-manovra da 12 mila euro, risorse disponibili grazie all\u2019autoproduzione interna di energia attraverso cogeneratore<\/em>\u201d, spiega Luca Merlini, responsabile vendite di Far. L\u2019azienda, che si trova in zona industriale a Villapaiera e fa parte di Steelgroup Italy Holding, \u00e8 una realt\u00e0 specializzata nella produzione di\u00a0fili in acciaio micro-legato temprati. Grazie ad impianti tecnologicamente avanzati e agli elevati standard qualitativi applicati sul processo e sui controlli finali,\u00a0FAR \u00e8 un fornitore affidabile a livello internazionale per i migliori produttori di molle, componenti elastiche e particolari piegati di alta sicurezza operanti\u00a0settore medicale, automotive, aerospaziale\u00a0e militare.<\/p>\n<p>&nbsp;<\/p>\n<hr \/>\n<p>&nbsp;<\/p>\n<blockquote>\n<h3>INCONTRO CON IL PREMIO NOBEL SHIRIN EBADI &#8220;LA PACE DALLE DONNE&#8221;<\/h3>\n<\/blockquote>\n<p><strong><a class=\"dt-pswp-item\" href=\"https:\/\/www.radiopiu.net\/wordpress\/wp-content\/uploads\/2022\/03\/Senza-nome.jpg\" data-dt-img-description=\"\" data-large_image_width=\"422\" data-large_image_height=\"283\"><img loading=\"lazy\" decoding=\"async\" class=\"size-medium wp-image-262464 alignleft\" src=\"https:\/\/www.radiopiu.net\/wordpress\/wp-content\/uploads\/2022\/03\/Senza-nome-300x201.jpg\" alt=\"\" width=\"300\" height=\"201\" srcset=\"https:\/\/www.radiopiu.net\/wordpress\/wp-content\/uploads\/2022\/03\/Senza-nome-300x201.jpg 300w, https:\/\/www.radiopiu.net\/wordpress\/wp-content\/uploads\/2022\/03\/Senza-nome.jpg 422w\" sizes=\"auto, (max-width: 300px) 100vw, 300px\" \/><\/a>BELLUNO<\/strong> L\u2019Associazione Amici delle Scuole in Rete, le Scuole in Rete per un Mondo di Solidariet\u00e0 e Pace e l\u2019Associazione Gianni Ballerio, in sinergia con l\u2019Ufficio Scolastico e tutti i partner del Progetto \u201cCittadini con il Turbo. Ripartire dal Noi\u201d nella Giornata internazionale della donna presentano un incontro di riflessione online sulla pace e sulle azioni possibili per promuoverla nel mondo, a partire dalla promozione della donna. Marted\u00ec 8 marzo, infatti, gli studenti e i cittadini interessati a riflettere su temi come Diritti Umani e pace, cos\u00ec di attualit\u00e0 in questi giorni, potranno incontrare e porre domande al premio nobel iraniano Shirin Ebadi, avvocata e prima donna musulmana e la prima iraniana a ricevere il Nobel per la pace, conferitole nel 2003 \u201cper il suo impegno a favore della pace e per la democrazia\u201d. L\u2019incontro si terr\u00e0 online dalle ore 11:00 alle 12:00 e analizzer\u00e0 la situazione della donna nel mondo e soprattutto in Iran e Medioriente, il ruolo della donna e il suo contributo per la pace.<\/p>\n<blockquote><p><em>Shirin Ebadi \u00e8 stata presidente di una sezione del tribunale di Teheran fino al 1979, quando la rivoluzione islamica la costrinse, come tutte le altre donne giudice, ad abbandonare il proprio ruolo. Svolse quindi un\u2019intensa attivit\u00e0 a difesa dei diritti umani, fondando e dirigendo &#8220;Society for Protecting the Child&#8217;s Rights&#8221;. <\/em><br \/>\n<em>Dal 2009 vive in esilio e si collegher\u00e0 da Londra con gli studenti bellunesi, mentre la sua traduttrice ufficiale dal Farsi, la lingua dell\u2019Iran, operer\u00e0 da Roma. Nel suo saggio \u201cFinch\u00e9 non saremo liberi descrive la propria lotta per i Diritti Umani\u201d.<\/em><\/p><\/blockquote>\n<p>&nbsp;<\/p>\n<p>&nbsp;<\/p>\n<hr \/>\n<p>&nbsp;<\/p>\n<blockquote>\n<h3>IL PARCO LUCI SULLA PIANA DI FALCADE, SPETTACOLO PER GLI OCCHI<\/h3>\n<\/blockquote>\n<p><strong>FALCADE<\/strong> Fino a domenica \u00e8 possibile \u00a0visitare sulla piana di Falcade, dopo le 18 della sera le luminarie. Un evento alla seconda edizione grazie alla collaborazione tra Comune di Falcade, Associazione Albergatori, ristoratori e rifugi della valle del Biois e alla disponibilit\u00e0 della ditta Michelotti di Parma, Tutto era iniziato per caso, una semplice esposizione. Quest&#8217;anno, invece, visto il successo della prima edizione ha riproposto l&#8217;iniziativa curandola maggiormente. Tutto \u00e8 stato studiato.<\/p>\n\n\t\t\t<style type='text\/css'>\n\t\t\t\t#gallery-3 {\n\t\t\t\t\tmargin: auto;\n\t\t\t\t}\n\t\t\t\t#gallery-3 .gallery-item {\n\t\t\t\t\tfloat: left;\n\t\t\t\t\tmargin-top: 10px;\n\t\t\t\t\ttext-align: center;\n\t\t\t\t\twidth: 33%;\n\t\t\t\t}\n\t\t\t\t#gallery-3 img {\n\t\t\t\t\tborder: 2px solid #cfcfcf;\n\t\t\t\t}\n\t\t\t\t#gallery-3 .gallery-caption {\n\t\t\t\t\tmargin-left: 0;\n\t\t\t\t}\n\t\t\t\t\/* see gallery_shortcode() in wp-includes\/media.php *\/\n\t\t\t<\/style>\n\t\t<div id='gallery-3' class='dt-gallery-container gallery galleryid-262461 gallery-columns-3 gallery-size-thumbnail'><dl class='gallery-item'>\n\t\t\t\t<dt class='gallery-icon portrait'>\n\t\t\t\t\t<a class=\"rollover rollover-zoom dt-pswp-item\" title=\"4c7698b8-25cf-46d4-af2f-852fb7fa3f53\" data-dt-img-description=\"\" data-large_image_width=\"1536\" data-large_image_height=\"2048\"href='https:\/\/www.radiopiu.net\/wordpress\/wp-content\/uploads\/2022\/03\/4c7698b8-25cf-46d4-af2f-852fb7fa3f53.jpg'><img loading=\"lazy\" decoding=\"async\" width=\"150\" height=\"150\" src=\"https:\/\/www.radiopiu.net\/wordpress\/wp-content\/uploads\/2022\/03\/4c7698b8-25cf-46d4-af2f-852fb7fa3f53-150x150.jpg\" class=\"attachment-thumbnail size-thumbnail\" alt=\"\" \/><\/a>\n\t\t\t\t<\/dt><\/dl><dl class='gallery-item'>\n\t\t\t\t<dt class='gallery-icon portrait'>\n\t\t\t\t\t<a class=\"rollover rollover-zoom dt-pswp-item\" title=\"8ac01838-4157-4af7-8de3-72cbfa2b6411\" data-dt-img-description=\"\" data-large_image_width=\"1536\" data-large_image_height=\"2048\"href='https:\/\/www.radiopiu.net\/wordpress\/wp-content\/uploads\/2022\/03\/8ac01838-4157-4af7-8de3-72cbfa2b6411.jpg'><img loading=\"lazy\" decoding=\"async\" width=\"150\" height=\"150\" src=\"https:\/\/www.radiopiu.net\/wordpress\/wp-content\/uploads\/2022\/03\/8ac01838-4157-4af7-8de3-72cbfa2b6411-150x150.jpg\" class=\"attachment-thumbnail size-thumbnail\" alt=\"\" \/><\/a>\n\t\t\t\t<\/dt><\/dl><dl class='gallery-item'>\n\t\t\t\t<dt class='gallery-icon landscape'>\n\t\t\t\t\t<a class=\"rollover rollover-zoom dt-pswp-item\" title=\"274707285_451421640050949_5963597053667733048_n\" data-dt-img-description=\"\" data-large_image_width=\"720\" data-large_image_height=\"540\"href='https:\/\/www.radiopiu.net\/wordpress\/wp-content\/uploads\/2022\/03\/274707285_451421640050949_5963597053667733048_n.jpg'><img loading=\"lazy\" decoding=\"async\" width=\"150\" height=\"150\" src=\"https:\/\/www.radiopiu.net\/wordpress\/wp-content\/uploads\/2022\/03\/274707285_451421640050949_5963597053667733048_n-150x150.jpg\" class=\"attachment-thumbnail size-thumbnail\" alt=\"\" \/><\/a>\n\t\t\t\t<\/dt><\/dl><br style=\"clear: both\" \/><dl class='gallery-item'>\n\t\t\t\t<dt class='gallery-icon portrait'>\n\t\t\t\t\t<a class=\"rollover rollover-zoom dt-pswp-item\" title=\"e2650cd2-d82c-446b-9ef4-ab69e8ff784b\" data-dt-img-description=\"\" data-large_image_width=\"1536\" data-large_image_height=\"2048\"href='https:\/\/www.radiopiu.net\/wordpress\/wp-content\/uploads\/2022\/03\/e2650cd2-d82c-446b-9ef4-ab69e8ff784b.jpg'><img loading=\"lazy\" decoding=\"async\" width=\"150\" height=\"150\" src=\"https:\/\/www.radiopiu.net\/wordpress\/wp-content\/uploads\/2022\/03\/e2650cd2-d82c-446b-9ef4-ab69e8ff784b-150x150.jpg\" class=\"attachment-thumbnail size-thumbnail\" alt=\"\" \/><\/a>\n\t\t\t\t<\/dt><\/dl><dl class='gallery-item'>\n\t\t\t\t<dt class='gallery-icon portrait'>\n\t\t\t\t\t<a class=\"rollover rollover-zoom dt-pswp-item\" title=\"68a2ffeb-3d4f-4dc6-b1be-65f881ad049d\" data-dt-img-description=\"\" data-large_image_width=\"1536\" data-large_image_height=\"2048\"href='https:\/\/www.radiopiu.net\/wordpress\/wp-content\/uploads\/2022\/03\/68a2ffeb-3d4f-4dc6-b1be-65f881ad049d.jpg'><img loading=\"lazy\" decoding=\"async\" width=\"150\" height=\"150\" src=\"https:\/\/www.radiopiu.net\/wordpress\/wp-content\/uploads\/2022\/03\/68a2ffeb-3d4f-4dc6-b1be-65f881ad049d-150x150.jpg\" class=\"attachment-thumbnail size-thumbnail\" alt=\"\" \/><\/a>\n\t\t\t\t<\/dt><\/dl><dl class='gallery-item'>\n\t\t\t\t<dt class='gallery-icon landscape'>\n\t\t\t\t\t<a class=\"rollover rollover-zoom dt-pswp-item\" title=\"ace0af30-0e8a-41ba-8888-3fa79030932b\" data-dt-img-description=\"\" data-large_image_width=\"2048\" data-large_image_height=\"1536\"href='https:\/\/www.radiopiu.net\/wordpress\/wp-content\/uploads\/2022\/03\/ace0af30-0e8a-41ba-8888-3fa79030932b.jpg'><img loading=\"lazy\" decoding=\"async\" width=\"150\" height=\"150\" src=\"https:\/\/www.radiopiu.net\/wordpress\/wp-content\/uploads\/2022\/03\/ace0af30-0e8a-41ba-8888-3fa79030932b-150x150.jpg\" class=\"attachment-thumbnail size-thumbnail\" alt=\"\" \/><\/a>\n\t\t\t\t<\/dt><\/dl><br style=\"clear: both\" \/>\n\t\t\t<\/div>\n\n<p>&nbsp;<\/p>\n<hr \/>\n<p>&nbsp;<\/p>\n<blockquote class=\"wp-embedded-content\" data-secret=\"iMjv6qtshb\"><p><a href=\"https:\/\/www.radiopiu.net\/wordpress\/adesso-ti-spiego-luisa-luisa-di-radio-piu\/\">ADESSO TI SPIEGO LUISA&#8230; LUISA DI RADIO PIU&#8217;<\/a><\/p><\/blockquote>\n<p><iframe loading=\"lazy\" class=\"wp-embedded-content\" sandbox=\"allow-scripts\" security=\"restricted\" style=\"position: absolute; clip: rect(1px, 1px, 1px, 1px);\" title=\"&#8220;ADESSO TI SPIEGO LUISA&#8230; LUISA DI RADIO PIU&#8217;&#8221; &#8212; Radio Pi\u00f9\" src=\"https:\/\/www.radiopiu.net\/wordpress\/adesso-ti-spiego-luisa-luisa-di-radio-piu\/embed\/#?secret=iMjv6qtshb\" data-secret=\"iMjv6qtshb\" width=\"600\" height=\"338\" frameborder=\"0\" marginwidth=\"0\" marginheight=\"0\" scrolling=\"no\"><\/iframe><\/p>\n<p>&nbsp;<\/p>\n<p>&nbsp;<\/p>\n<hr \/>\n<p>&nbsp;<\/p>\n<blockquote>\n<h3>SABATO CONSIGLIO COMUNALE A COLLE SANTA LUCIA<\/h3>\n<\/blockquote>\n<p><strong>COLLE SANTA LUCIA<\/strong> Il sindaco Paolo Frena ha convocato il consiglio comunale per sabato alle 8 presso la sala consigliare del municipio. Saranno 6 i punti da discutere tra cui l&#8217;acquisizione al patrimonio comunale di una porzione di &#8220;casa-piazza&#8221; a Villagrande, il regolamento dei controlli interni e la seconda variazione al bilancio.<\/p>\n<p>&nbsp;<\/p>\n<p>&nbsp;<\/p>\n<hr \/>\n<p>&nbsp;<\/p>\n<div class=\"page\" title=\"Page 1\">\n<div class=\"layoutArea\">\n<div class=\"column\">\n<blockquote>\n<h3>LA GUARDIA DI FINANZA CERCA 1175 ALLIEVI MARESCIALLI<\/h3>\n<\/blockquote>\n<p><strong>ROMA<\/strong> E&#8217; stato pubblicato il concorso, per titoli ed esami, per l\u2019ammissione di 1.175 allievi marescialli al 94\u00b0 corso presso la Scuola Ispettori e Sovrintendenti della Guardia di Finanza, per l\u2019anno accademico 2022\/2023. La domanda di partecipazione al concorso, da presentare entro le ore 12 del 21 marzo https:\/\/concorsi.gdf.gov.it.<\/p>\n<p>&nbsp;<\/p>\n<\/div>\n<\/div>\n<\/div>\n<hr \/>\n<p>&nbsp;<\/p>\n<p><span style=\"color: #ff0000;\">CROCE ROSSA ITALIANA<\/span><\/p>\n<blockquote>\n<h3>NUOVO CORSO PER ASPIRANTI VOLONTARI<\/h3>\n<\/blockquote>\n<p><strong>FELTRE<\/strong> <span id=\"page3R_mcid10\" class=\"markedContent\"><span dir=\"ltr\" role=\"presentation\">Il Comitato della Croce Rossa Italiana di Feltre organizza un Corso base per aspiranti <\/span><span dir=\"ltr\" role=\"presentation\">volontari (Beps) che prender\u00e0 il via sabato 2 aprile. <span id=\"page3R_mcid19\" class=\"markedContent\">Per ogni tipo di informazione \u00e8 sufficiente recarsi nella sede CRI, situata al terzo piano all&#8217;ex Casa di cura Villabruna Bellati di Feltre in viale Marconi 7, il luned\u00ec e il gioved\u00ec dalle 18 alle 21. <\/span><span id=\"page3R_mcid20\" class=\"markedContent\">Oppure utilizzando i seguenti contatti: <\/span><span id=\"page3R_mcid21\" class=\"markedContent\">Indirizzo e-mail<\/span><span id=\"page3R_mcid22\" class=\"markedContent\"> feltre@cri.it<\/span><span id=\"page3R_mcid23\" class=\"markedContent\">.<\/span><\/span><\/span><\/p>\n<p>&nbsp;<\/p>\n<hr \/>\n<p>&nbsp;<\/p>\n<blockquote>\n<h3>CORSO DI MICOLOGIA A SEDICO<\/h3>\n<\/blockquote>\n<p><strong><a href=\"https:\/\/www.radiopiu.net\/wordpress\/wp-content\/uploads\/2022\/02\/mushrooms-548360__340.webp\"><img loading=\"lazy\" decoding=\"async\" class=\" wp-image-262157 alignleft\" src=\"https:\/\/www.radiopiu.net\/wordpress\/wp-content\/uploads\/2022\/02\/mushrooms-548360__340-300x200.webp\" alt=\"\" width=\"182\" height=\"121\" srcset=\"https:\/\/www.radiopiu.net\/wordpress\/wp-content\/uploads\/2022\/02\/mushrooms-548360__340-300x200.webp 300w, https:\/\/www.radiopiu.net\/wordpress\/wp-content\/uploads\/2022\/02\/mushrooms-548360__340.webp 510w\" sizes=\"auto, (max-width: 182px) 100vw, 182px\" \/><\/a> <\/strong><\/p>\n<p><strong>\u00a0<\/strong><strong>BELLUNO<\/strong>\u00a0 \u00a0Venerd\u00ec 25 marzo, alle 20.30, a Sedico presso la Sala Conferenze del Palazzo dei Servizi in via Giardini, avranno inizio le dieci lezioni, aperte a tutti, del corso base di micologia \u201cParliamo di Funghi\u201d organizzato dall\u2019Associazione Micologica \u201cG. Bresadola\u201d \u2013 Gruppo di Belluno\u00a0 Per le iscrizioni telefonare allo <span class=\"wt_Phone\">347-2587796<\/span><\/p>\n<p>&nbsp;<\/p>\n<p>&nbsp;<\/p>\n<p>&nbsp;<\/p>\n<hr \/>\n<p>&nbsp;<\/p>\n<blockquote>\n<h3>CAMMINANATURALMENTE DI MARZO 2022<\/h3>\n<\/blockquote>\n<p><strong><a class=\"dt-pswp-item\" href=\"https:\/\/www.radiopiu.net\/wordpress\/wp-content\/uploads\/2022\/02\/Immagine2.jpg\" data-dt-img-description=\"\" data-large_image_width=\"1043\" data-large_image_height=\"783\"><img loading=\"lazy\" decoding=\"async\" class=\" wp-image-261639 alignleft\" src=\"https:\/\/www.radiopiu.net\/wordpress\/wp-content\/uploads\/2022\/02\/Immagine2-300x225.jpg\" alt=\"\" width=\"163\" height=\"122\" srcset=\"https:\/\/www.radiopiu.net\/wordpress\/wp-content\/uploads\/2022\/02\/Immagine2-300x225.jpg 300w, https:\/\/www.radiopiu.net\/wordpress\/wp-content\/uploads\/2022\/02\/Immagine2-1024x769.jpg 1024w, https:\/\/www.radiopiu.net\/wordpress\/wp-content\/uploads\/2022\/02\/Immagine2-768x577.jpg 768w, https:\/\/www.radiopiu.net\/wordpress\/wp-content\/uploads\/2022\/02\/Immagine2.jpg 1043w\" sizes=\"auto, (max-width: 163px) 100vw, 163px\" \/><\/a> <\/strong><\/p>\n<p><strong>\u00a0<\/strong><strong>BELLUNO <\/strong>La Biblioteca civica di Belluno organizza Itinerari naturalistici ed ambientali con Anacleto Boranga: Sabato 5 marzo 2022 \u2013 BOSCO DELLE CASTAGNE \u2013 suggestioni e ricordi Il Bosco delle Castagne si trova su un\u2019altura isolata che offre un panorama a 360\u00b0 sui monti della Val Belluna e dell\u2019Alpago. Sabato 12 marzo 2022 \u2013 LE ANTICHE ROGGE LUNGO IL CORDEVOLE\u00a0 informazioni al\u00a0 340 876 9665 (Anacleto Boranga).<\/p>\n<p>&nbsp;<\/p>\n<p>&nbsp;<\/p>\n<p>&nbsp;<\/p>\n<hr \/>\n<p>&nbsp;<\/p>\n<blockquote>\n<h3>DUE APPUNTAMENTI CON IL GAMP<\/h3>\n<\/blockquote>\n<p><strong>AGORDO <\/strong>Sono due gli appuntamenti con il Gamp nelle prossime settimane. Sabato 5 marzo alle 17 in Sala Don Tamis ad Agordo l&#8217;assemblea annuale dei soci, domenica 13 marzo \u00e8 in programma una gita a Bologna in occasione del Bologna Mineral Show con partenza da Agordo. Per prenotazioni e info scrivere o telefonare al 3400890160 Manuel Conedera (presidente) o 3884955756 Davide Conedera (segretario) o via e-mail a info@agordogampdolomiti.it<\/p>\n<p>&nbsp;<\/p>\n<p>&nbsp;<\/p>\n<hr \/>\n<p>&nbsp;<\/p>\n<blockquote>\n<h3>PATTINAGGIO LIBERO\u00a0 AL PALAGHIACCIO DI ALLEGHE<\/h3>\n<\/blockquote>\n<p><strong>ALLEGHE <\/strong>Anche questa settimana il Palaghiaccio Alvise De Toni sar\u00e0 aperto per il pattinaggio libero. Domani dalle 21 alle 23, sabato dalle 16:30 alle 18:30 e dalle 21 alle 23 e domenica dalle 14:30 alle 16:30.<\/p>\n<p>&nbsp;<\/p>\n<p>&nbsp;<\/p>\n<hr \/>\n<p>&nbsp;<\/p>\n<blockquote>\n<h3>MUSICA E POESIA A LIMANA NEL GIORNO DELLA FESTA DELLA DONNA<\/h3>\n<\/blockquote>\n<p><strong>LIMANA <\/strong>MUSICA E POESIA con lo <i>scrittore Antonio Chiades<\/i> ed il <i>pianista-compositore Carlo De Battista<\/i>. La serata si terr\u00e0 MARTEDI&#8217; 8 MARZO alle ore 20.30, presso la sala Luigi Nocivelli, ingresso dietro la Biblioteca Comunale di Limana, Via Ruggero Fiabane n. 3. Ingresso gratuito, si consiglia la prenotazione per i posti limitati, inviado una mail all&#8217;indirizzo <a class=\"moz-txt-link-abbreviated moz-txt-link-freetext\" href=\"mailto:sbogo.limana@valbelluna.bl.it\">sbogo.limana@valbelluna.bl.it<\/a> indicando nome e cognome di ogni partecipante, recapito telefonico.<\/p>\n<p>&nbsp;<\/p>\n<hr \/>\n<p>&nbsp;<\/p>\n<blockquote>\n<h3><span style=\"color: #ff0000;\">SESSANT&#8217;ANNI ASSIEME, AUGURI PIU&#8217;&#8230; A PAOLA A PIERGIORGIO<\/span><\/h3>\n<\/blockquote>\n<blockquote>\n<h3>FALCADE <em>Festeggiamo i sessant&#8217;anni di matrimonio di Paola Pellegrinon e Piergiorgio Tomaselli che si sono sposati il 3 marzo 1962 nella chiesa di Caviola. Un abbraccio affettuoso e un mondo di auguri dai figli, Ivonne e Fabrizio, da Fulvio e Fulvia, dai nipoti Virna Jessica e Alessandro, da iuri, Simone, Lisa e dalla pronipote Veronica.<\/em><\/h3>\n<\/blockquote>\n<p><a class=\"dt-pswp-item\" href=\"https:\/\/www.radiopiu.net\/wordpress\/wp-content\/uploads\/2022\/03\/4053256b-36d1-4bd4-8642-7655fde9a35a.jpg\" data-dt-img-description=\"\" data-large_image_width=\"1536\" data-large_image_height=\"1395\"><img loading=\"lazy\" decoding=\"async\" class=\"size-medium wp-image-262607 aligncenter\" src=\"https:\/\/www.radiopiu.net\/wordpress\/wp-content\/uploads\/2022\/03\/4053256b-36d1-4bd4-8642-7655fde9a35a-300x272.jpg\" alt=\"\" width=\"300\" height=\"272\" srcset=\"https:\/\/www.radiopiu.net\/wordpress\/wp-content\/uploads\/2022\/03\/4053256b-36d1-4bd4-8642-7655fde9a35a-300x272.jpg 300w, https:\/\/www.radiopiu.net\/wordpress\/wp-content\/uploads\/2022\/03\/4053256b-36d1-4bd4-8642-7655fde9a35a-1024x930.jpg 1024w, https:\/\/www.radiopiu.net\/wordpress\/wp-content\/uploads\/2022\/03\/4053256b-36d1-4bd4-8642-7655fde9a35a-768x698.jpg 768w, https:\/\/www.radiopiu.net\/wordpress\/wp-content\/uploads\/2022\/03\/4053256b-36d1-4bd4-8642-7655fde9a35a.jpg 1536w\" sizes=\"auto, (max-width: 300px) 100vw, 300px\" \/><\/a><\/p>\n<p>&nbsp;<\/p>\n<p>&nbsp;<\/p>\n<p>&nbsp;<\/p>\n<hr \/>\n<p>&nbsp;<\/p>\n<blockquote class=\"wp-embedded-content\" data-secret=\"OncwYsOhzc\"><p><a href=\"https:\/\/www.radiopiu.net\/wordpress\/mensileagoaa1ss\/\">VENT&#8217;ANNI FA&#8230;.L&#8217;OPULENTA AGORDO PERDEVA GIA&#8217; QUALCHE COLPO<\/a><\/p><\/blockquote>\n<p><iframe loading=\"lazy\" class=\"wp-embedded-content\" sandbox=\"allow-scripts\" security=\"restricted\" style=\"position: absolute; clip: rect(1px, 1px, 1px, 1px);\" title=\"&#8220;VENT&#8217;ANNI FA&#8230;.L&#8217;OPULENTA AGORDO PERDEVA GIA&#8217; QUALCHE COLPO&#8221; &#8212; Radio Pi\u00f9\" src=\"https:\/\/www.radiopiu.net\/wordpress\/mensileagoaa1ss\/embed\/#?secret=OncwYsOhzc\" data-secret=\"OncwYsOhzc\" width=\"600\" height=\"338\" frameborder=\"0\" marginwidth=\"0\" marginheight=\"0\" scrolling=\"no\"><\/iframe><\/p>\n<p>&nbsp;<\/p>\n<p>&nbsp;<\/p>\n<hr \/>\n<p>&nbsp;<\/p>\n<h1><span style=\"color: #ff0000;\">IERI ALLA RADIO\u00a0<\/span><\/h1>\n<p><iframe loading=\"lazy\" title=\"EPCENTER E I SUOI PARTNER\" width=\"1200\" height=\"675\" src=\"https:\/\/www.youtube.com\/embed\/izhZb0m2D-g?feature=oembed\" frameborder=\"0\" allow=\"accelerometer; autoplay; clipboard-write; encrypted-media; gyroscope; picture-in-picture\" allowfullscreen><\/iframe><\/p>\n<p>&nbsp;<\/p>\n<p>&nbsp;<\/p>\n<hr \/>\n<p>&nbsp;<\/p>\n<h2><span style=\"color: #ff0000;\">IERI ALLA RADIO\u00a0<\/span><\/h2>\n<h2><span style=\"color: #808000;\">ALLO ZERO TERMICO: STEFANO ORSINGHER E IL NEGOZIO A MASARE&#8217;<\/span><\/h2>\n<blockquote><p><em class=\"photoswipe-wrapper\"><a class=\"dt-pswp-item\" href=\"https:\/\/www.radiopiu.net\/wordpress\/wp-content\/uploads\/2022\/03\/TIPICI-ORSINGHER.png\" data-dt-img-description=\"\" data-large_image_width=\"1612\" data-large_image_height=\"952\"><img loading=\"lazy\" decoding=\"async\" class=\" wp-image-262518 alignleft\" src=\"https:\/\/www.radiopiu.net\/wordpress\/wp-content\/uploads\/2022\/03\/TIPICI-ORSINGHER-300x177.png\" alt=\"\" width=\"234\" height=\"138\" srcset=\"https:\/\/www.radiopiu.net\/wordpress\/wp-content\/uploads\/2022\/03\/TIPICI-ORSINGHER-300x177.png 300w, https:\/\/www.radiopiu.net\/wordpress\/wp-content\/uploads\/2022\/03\/TIPICI-ORSINGHER-1024x605.png 1024w, https:\/\/www.radiopiu.net\/wordpress\/wp-content\/uploads\/2022\/03\/TIPICI-ORSINGHER-768x454.png 768w, https:\/\/www.radiopiu.net\/wordpress\/wp-content\/uploads\/2022\/03\/TIPICI-ORSINGHER-1536x907.png 1536w, https:\/\/www.radiopiu.net\/wordpress\/wp-content\/uploads\/2022\/03\/TIPICI-ORSINGHER.png 1612w\" sizes=\"auto, (max-width: 234px) 100vw, 234px\" \/><\/a>ZERO TERMICO E\u2019 UN VIAGGIO ALLA SCOPERTA DEL NOSTRO TERRITORIO, DALLA VOCE DEI PROTAGONISTI. TURISMO, SPORT, EVENTI, CULTURA, INTRATTENIMENTO. DAL LUNEDI\u2019 AL VENERDI ALLE 15.10 ALLE 20.30. ZERO TERMICO. UN APPUNTAMENTO IN COLLABORAZIONE CON: SPORT 203. LA NATURALE PORTA D\u2019INGRESSO\u2026.VERSO LO ZERO TERMICO. LOCALITA\u2019 LE CAMPE STRADA AGORDO BELLUNO. ABBIGLIAMENTO E ATTREZZATURA\u2026.DEDICATI A CHI AMA LA MONTAGNA.<\/em><\/p><\/blockquote>\n<p><strong>di Claudio Fontanive<\/strong><\/p>\n<p><span style=\"color: #ff0000;\"><strong>OSPITE: Stefano Orsingher<\/strong><\/span><\/p>\n<audio class=\"wp-audio-shortcode\" id=\"audio-262461-6\" preload=\"none\" style=\"width: 100%;\" controls=\"controls\"><source type=\"audio\/mpeg\" src=\"https:\/\/www.radiopiu.net\/wordpress\/wp-content\/uploads\/2022\/03\/stefano-orsingher-2-marzo.mp3?_=6\" \/><a href=\"https:\/\/www.radiopiu.net\/wordpress\/wp-content\/uploads\/2022\/03\/stefano-orsingher-2-marzo.mp3\">https:\/\/www.radiopiu.net\/wordpress\/wp-content\/uploads\/2022\/03\/stefano-orsingher-2-marzo.mp3<\/a><\/audio>\n<p>&nbsp;<\/p>\n<hr \/>\n<p>&nbsp;<\/p>\n<p>&nbsp;<\/p>\n<blockquote class=\"wp-embedded-content\" data-secret=\"MlBPEWd6yh\"><p><a href=\"https:\/\/www.radiopiu.net\/wordpress\/1988-edoardo-bennato-a-falcade-con-lallora-consorzio-turistico-val-biois\/\">1988 EDOARDO BENNATO A FALCADE CON L&#8217;ALLORA CONSORZIO TURISTICO VAL BIOIS<\/a><\/p><\/blockquote>\n<p><iframe loading=\"lazy\" class=\"wp-embedded-content\" sandbox=\"allow-scripts\" security=\"restricted\" style=\"position: absolute; clip: rect(1px, 1px, 1px, 1px);\" title=\"&#8220;1988 EDOARDO BENNATO A FALCADE CON L&#8217;ALLORA CONSORZIO TURISTICO VAL BIOIS&#8221; &#8212; Radio Pi\u00f9\" src=\"https:\/\/www.radiopiu.net\/wordpress\/1988-edoardo-bennato-a-falcade-con-lallora-consorzio-turistico-val-biois\/embed\/#?secret=MlBPEWd6yh\" data-secret=\"MlBPEWd6yh\" width=\"600\" height=\"338\" frameborder=\"0\" marginwidth=\"0\" marginheight=\"0\" scrolling=\"no\"><\/iframe><\/p>\n<p>&nbsp;<\/p>\n<hr \/>\n<p>&nbsp;<\/p>\n<p><strong>TUTTI I LUNEDI ALLE 10,30 E 1900, LA DOMENICA ALLE 8 007 IN CONDOTTA, LA SCUOLA CON LA PROF. MARIA ROSA SALMAZO E CLAUDIO FONTANIVE, IN PODCAST TUTTE LE PUNTATE DELLE ULTIME STAGIONI.<\/strong><\/p>\n<p>&nbsp;<\/p>\n<blockquote class=\"wp-embedded-content\" data-secret=\"NXIFUR4Ug0\"><p><a href=\"https:\/\/www.radiopiu.net\/wordpress\/007incondotta-9\/\">007 in condotta<\/a><\/p><\/blockquote>\n<p><iframe loading=\"lazy\" class=\"wp-embedded-content\" sandbox=\"allow-scripts\" security=\"restricted\" style=\"position: absolute; clip: rect(1px, 1px, 1px, 1px);\" title=\"&#8220;007 in condotta&#8221; &#8212; Radio Pi\u00f9\" src=\"https:\/\/www.radiopiu.net\/wordpress\/007incondotta-9\/embed\/#?secret=NXIFUR4Ug0\" data-secret=\"NXIFUR4Ug0\" width=\"600\" height=\"338\" frameborder=\"0\" marginwidth=\"0\" marginheight=\"0\" scrolling=\"no\"><\/iframe><\/p>\n<p>&nbsp;<\/p>\n<hr \/>\n<p>&nbsp;<\/p>\n<p>&nbsp;<\/p>\n<blockquote class=\"wp-embedded-content\" data-secret=\"NqVXwoJss2\"><p><a href=\"https:\/\/www.radiopiu.net\/wordpress\/raccoltaso1as\/\">LA RACCOLTA: 160 BATTUTE&#8230;SMS IN RIVA, di Sostene Schena<\/a><\/p><\/blockquote>\n<p><iframe loading=\"lazy\" class=\"wp-embedded-content\" sandbox=\"allow-scripts\" security=\"restricted\" style=\"position: absolute; clip: rect(1px, 1px, 1px, 1px);\" title=\"&#8220;LA RACCOLTA: 160 BATTUTE&#8230;SMS IN RIVA, di Sostene Schena&#8221; &#8212; Radio Pi\u00f9\" src=\"https:\/\/www.radiopiu.net\/wordpress\/raccoltaso1as\/embed\/#?secret=NqVXwoJss2\" data-secret=\"NqVXwoJss2\" width=\"600\" height=\"338\" frameborder=\"0\" marginwidth=\"0\" marginheight=\"0\" scrolling=\"no\"><\/iframe><\/p>\n<p>&nbsp;<\/p>\n<p>&nbsp;<\/p>\n<hr \/>\n<p>&nbsp;<\/p>\n<p>&nbsp;<\/p>\n<blockquote class=\"wp-embedded-content\" data-secret=\"eM5KdLfPQH\"><p><a href=\"https:\/\/www.radiopiu.net\/wordpress\/caputo-e-la-vita-di-gesu-e-della-madonna-in-immagini-nelle-opere-darte-bellunesi\/\">CAPUTO E LA VITA DI GES\u00d9 E DELLA MADONNA IN IMMAGINI NELLE OPERE D\u2019ARTE BELLUNESI<\/a><\/p><\/blockquote>\n<p><iframe loading=\"lazy\" class=\"wp-embedded-content\" sandbox=\"allow-scripts\" security=\"restricted\" style=\"position: absolute; clip: rect(1px, 1px, 1px, 1px);\" title=\"&#8220;CAPUTO E LA VITA DI GES\u00d9 E DELLA MADONNA IN IMMAGINI NELLE OPERE D\u2019ARTE BELLUNESI&#8221; &#8212; Radio Pi\u00f9\" src=\"https:\/\/www.radiopiu.net\/wordpress\/caputo-e-la-vita-di-gesu-e-della-madonna-in-immagini-nelle-opere-darte-bellunesi\/embed\/#?secret=eM5KdLfPQH\" data-secret=\"eM5KdLfPQH\" width=\"600\" height=\"338\" frameborder=\"0\" marginwidth=\"0\" marginheight=\"0\" scrolling=\"no\"><\/iframe><\/p>\n<p>&nbsp;<\/p>\n<hr \/>\n<p>&nbsp;<\/p>\n<p>&nbsp;<\/p>\n<div>\n<div class=\"b654a4as d2edcug0\">\n<div class=\"rq0escxv hkbzh7o3 jwdofwj8 n8tt0mok r8blr3vg hyh9befq\">\n<p><a class=\"dt-pswp-item\" href=\"https:\/\/www.radiopiu.net\/wordpress\/wp-content\/uploads\/2020\/10\/pp.jpg\" data-dt-img-description=\"\" data-large_image_width=\"640\" data-large_image_height=\"640\"><img loading=\"lazy\" decoding=\"async\" class=\"wp-image-163678 alignleft\" src=\"https:\/\/www.radiopiu.net\/wordpress\/wp-content\/uploads\/2020\/10\/pp-300x300.jpg\" alt=\"\" width=\"106\" height=\"106\" srcset=\"https:\/\/www.radiopiu.net\/wordpress\/wp-content\/uploads\/2020\/10\/pp-300x300.jpg 300w, https:\/\/www.radiopiu.net\/wordpress\/wp-content\/uploads\/2020\/10\/pp-150x150.jpg 150w, https:\/\/www.radiopiu.net\/wordpress\/wp-content\/uploads\/2020\/10\/pp-125x125.jpg 125w, https:\/\/www.radiopiu.net\/wordpress\/wp-content\/uploads\/2020\/10\/pp-200x200.jpg 200w, https:\/\/www.radiopiu.net\/wordpress\/wp-content\/uploads\/2020\/10\/pp-80x80.jpg 80w, https:\/\/www.radiopiu.net\/wordpress\/wp-content\/uploads\/2020\/10\/pp-480x480.jpg 480w, https:\/\/www.radiopiu.net\/wordpress\/wp-content\/uploads\/2020\/10\/pp.jpg 640w\" sizes=\"auto, (max-width: 106px) 100vw, 106px\" \/><\/a><\/p>\n<\/div>\n<\/div>\n<\/div>\n<div>\n<div class=\"page-title-head hgroup\">\n<div class=\"page-title-head hgroup\">\n<div class=\"b654a4as d2edcug0\">\n<div class=\"j83agx80 btwxx1t3 lhclo0ds hop8lmos nkwizq5d scwd0bx6 roh60bw9\">\n<div class=\"rq0escxv hkbzh7o3 jwdofwj8 n8tt0mok r8blr3vg hyh9befq\">\n<div class=\"do00u71z l9j0dhe7 k4urcfbm\">\n<h2><span style=\"color: #000080;\">\u00a0<\/span><span style=\"color: #000080;\">DON CESARE, IL PENSIERO DEL GIORNO. ALLA RADIO ALLE 7 DEL MATTINO E ALLE 19.30 DELLA SERA.\u00a0<\/span><\/h2>\n<audio class=\"wp-audio-shortcode\" id=\"audio-262461-7\" preload=\"none\" style=\"width: 100%;\" controls=\"controls\"><source type=\"audio\/mpeg\" src=\"https:\/\/www.radiopiu.net\/wordpress\/wp-content\/uploads\/2022\/03\/CESARE.mp3?_=7\" \/><a href=\"https:\/\/www.radiopiu.net\/wordpress\/wp-content\/uploads\/2022\/03\/CESARE.mp3\">https:\/\/www.radiopiu.net\/wordpress\/wp-content\/uploads\/2022\/03\/CESARE.mp3<\/a><\/audio>\n<\/div>\n<\/div>\n<\/div>\n<\/div>\n<\/div>\n<\/div>\n<\/div>\n<p>&nbsp;<\/p>\n<p>&nbsp;<\/p>\n<hr \/>\n<p>&nbsp;<\/p>\n<h3 class=\"kvgmc6g5 cxmmr5t8 oygrvhab hcukyx3x c1et5uql\"><span style=\"color: #0000ff;\"><strong>INFORMAZIONE il canale su TELEGRAM informazione di prima mano e in tempo reale. iscriviti ed aiutaci a farlo conoscere\u00a0\u00a0<\/strong><\/span><\/h3>\n<p>&nbsp;<\/p>\n<p>&nbsp;<\/p>\n<hr \/>\n<p>&nbsp;<\/p>\n<div class=\"do00u71z l9j0dhe7 k4urcfbm\">\n<div class=\"page-title-head hgroup\">\n<div class=\"page-title-head hgroup\">\n<div class=\"b654a4as d2edcug0\">\n<div class=\"j83agx80 btwxx1t3 lhclo0ds hop8lmos nkwizq5d scwd0bx6 roh60bw9\">\n<div class=\"rq0escxv hkbzh7o3 jwdofwj8 n8tt0mok r8blr3vg hyh9befq\">\n<div class=\"do00u71z l9j0dhe7 k4urcfbm\">\n<div class=\"page-title-head hgroup\">\n<div class=\"page-title-head hgroup\">\n<div class=\"b654a4as d2edcug0\">\n<div class=\"j83agx80 btwxx1t3 lhclo0ds hop8lmos nkwizq5d scwd0bx6 roh60bw9\">\n<div class=\"rq0escxv hkbzh7o3 jwdofwj8 n8tt0mok r8blr3vg hyh9befq\">\n<div class=\"do00u71z l9j0dhe7 k4urcfbm\">\n<div class=\"ecm0bbzt e5nlhep0 a8c37x1j\">\n<div class=\"kvgmc6g5 cxmmr5t8 oygrvhab hcukyx3x c1et5uql\">\n<div class=\"gmail-kvgmc6g5 gmail-cxmmr5t8 gmail-oygrvhab gmail-hcukyx3x gmail-c1et5uql gmail-ii04i59q\">\n<div class=\"page-title-head hgroup\">\n<div class=\"page-title-head hgroup\">\n<div class=\"b654a4as d2edcug0\">\n<div class=\"j83agx80 btwxx1t3 lhclo0ds hop8lmos nkwizq5d scwd0bx6 roh60bw9\">\n<div class=\"rq0escxv hkbzh7o3 jwdofwj8 n8tt0mok r8blr3vg hyh9befq\">\n<div class=\"do00u71z l9j0dhe7 k4urcfbm\">\n<div class=\"page-title-head hgroup\">\n<div class=\"page-title-head hgroup\">\n<div class=\"b654a4as d2edcug0\">\n<div class=\"j83agx80 btwxx1t3 lhclo0ds hop8lmos nkwizq5d scwd0bx6 roh60bw9\">\n<div class=\"rq0escxv hkbzh7o3 jwdofwj8 n8tt0mok r8blr3vg hyh9befq\">\n<div class=\"do00u71z l9j0dhe7 k4urcfbm\">\n<div class=\"page-title-head hgroup\">\n<div class=\"page-title-head hgroup\">\n<div class=\"b654a4as d2edcug0\">\n<div class=\"j83agx80 btwxx1t3 lhclo0ds hop8lmos nkwizq5d scwd0bx6 roh60bw9\">\n<div class=\"rq0escxv hkbzh7o3 jwdofwj8 n8tt0mok r8blr3vg hyh9befq\">\n<div class=\"do00u71z l9j0dhe7 k4urcfbm\">\n<div class=\"ecm0bbzt e5nlhep0 a8c37x1j\">\n<div class=\"kvgmc6g5 cxmmr5t8 oygrvhab hcukyx3x c1et5uql\">\n<div class=\"gmail-kvgmc6g5 gmail-cxmmr5t8 gmail-oygrvhab gmail-hcukyx3x gmail-c1et5uql gmail-ii04i59q\">\n<div class=\"page-title-head hgroup\">\n<div class=\"page-title-head hgroup\">\n<div class=\"b654a4as d2edcug0\">\n<div class=\"j83agx80 btwxx1t3 lhclo0ds hop8lmos nkwizq5d scwd0bx6 roh60bw9\">\n<div class=\"rq0escxv hkbzh7o3 jwdofwj8 n8tt0mok r8blr3vg hyh9befq\">\n<div class=\"do00u71z l9j0dhe7 k4urcfbm\">\n<blockquote>\n<h3><span style=\"color: #ff0000;\">IN VIVO VERSO, SETTIMA STAGIONE CON BRUNELLA MORO, DAL LUNEDI AL VENERDI ALLE 7.10, 10.10 E 18.50\u00a0\u00a0<\/span><\/h3>\n<\/blockquote>\n<p><strong> IL VENTO di IRNO SCARANI<\/strong><\/p>\n<p><strong>AUDIO<\/strong><\/p>\n<audio class=\"wp-audio-shortcode\" id=\"audio-262461-8\" preload=\"none\" style=\"width: 100%;\" controls=\"controls\"><source type=\"audio\/mpeg\" src=\"https:\/\/www.radiopiu.net\/wordpress\/wp-content\/uploads\/2022\/02\/03-il-vento-irno-scarani.mp3?_=8\" \/><a href=\"https:\/\/www.radiopiu.net\/wordpress\/wp-content\/uploads\/2022\/02\/03-il-vento-irno-scarani.mp3\">https:\/\/www.radiopiu.net\/wordpress\/wp-content\/uploads\/2022\/02\/03-il-vento-irno-scarani.mp3<\/a><\/audio>\n<p>&nbsp;<\/p>\n<p><strong><a class=\"dt-pswp-item\" href=\"https:\/\/www.radiopiu.net\/wordpress\/wp-content\/uploads\/2022\/03\/3-IRNO-SCARANI.jpg\" data-dt-img-description=\"\" data-large_image_width=\"300\" data-large_image_height=\"168\"><img loading=\"lazy\" decoding=\"async\" class=\" wp-image-262533 alignleft\" src=\"https:\/\/www.radiopiu.net\/wordpress\/wp-content\/uploads\/2022\/03\/3-IRNO-SCARANI.jpg\" alt=\"\" width=\"161\" height=\"90\" \/><\/a>IL VENTO<\/strong><\/p>\n<p>Torner\u00e0 ancora<br \/>\nil vento fulgente<br \/>\ndei verdi attimi<br \/>\na risvegliare il fuoco dei tuoi occhi<br \/>\nmulinare di onde i tuoi capelli<br \/>\nbagnare la tua bocca<br \/>\ndi luce d&#8217;amore<br \/>\nfar tremare le tue ciglia<br \/>\ntamburellare il cuore?<\/p>\n<p>Dietro la porta origlia,<br \/>\nansima , si affanna , ascolta se il vento libero e selvaggio<br \/>\nvuole entrare<\/p>\n<p><strong>\u00a0<\/strong><\/p>\n<p><strong>LA RACCOLTA COMPLETA<\/strong><\/p>\n<p><strong> \u00a0<\/strong><\/p>\n<blockquote class=\"wp-embedded-content\" data-secret=\"JNw9eo0rYS\"><p><a href=\"https:\/\/www.radiopiu.net\/wordpress\/in-vivo-verso\/\">In Vivo Verso<\/a><\/p><\/blockquote>\n<p><iframe loading=\"lazy\" class=\"wp-embedded-content\" sandbox=\"allow-scripts\" security=\"restricted\" style=\"position: absolute; clip: rect(1px, 1px, 1px, 1px);\" title=\"&#8220;In Vivo Verso&#8221; &#8212; Radio Pi\u00f9\" src=\"https:\/\/www.radiopiu.net\/wordpress\/in-vivo-verso\/embed\/#?secret=JNw9eo0rYS\" data-secret=\"JNw9eo0rYS\" width=\"600\" height=\"338\" frameborder=\"0\" marginwidth=\"0\" marginheight=\"0\" scrolling=\"no\"><\/iframe><\/p>\n<p>&nbsp;<\/p>\n<hr \/>\n<p>&nbsp;<\/p>\n<h2><span style=\"color: #808000;\">GOCCE DI FILOSOFIA<\/span><\/h2>\n<p><strong>PUNTATA 148<\/strong><\/p>\n<audio class=\"wp-audio-shortcode\" id=\"audio-262461-9\" preload=\"none\" style=\"width: 100%;\" controls=\"controls\"><source type=\"audio\/mpeg\" src=\"https:\/\/www.radiopiu.net\/wordpress\/wp-content\/uploads\/2022\/02\/FI3-3.mp3?_=9\" \/><a href=\"https:\/\/www.radiopiu.net\/wordpress\/wp-content\/uploads\/2022\/02\/FI3-3.mp3\">https:\/\/www.radiopiu.net\/wordpress\/wp-content\/uploads\/2022\/02\/FI3-3.mp3<\/a><\/audio>\n<p>&nbsp;<\/p>\n<p><strong>LA RACCOLTA COMPLETA<\/strong><\/p>\n<blockquote class=\"wp-embedded-content\" data-secret=\"sYcxCM9VdC\"><p><a href=\"https:\/\/www.radiopiu.net\/wordpress\/gocce-filosofia\/\">Gocce di filosofia, PRIMA E SECONDA STAGIONE 2022<\/a><\/p><\/blockquote>\n<p><iframe loading=\"lazy\" class=\"wp-embedded-content\" sandbox=\"allow-scripts\" security=\"restricted\" style=\"position: absolute; clip: rect(1px, 1px, 1px, 1px);\" title=\"&#8220;Gocce di filosofia, PRIMA E SECONDA STAGIONE 2022&#8221; &#8212; Radio Pi\u00f9\" src=\"https:\/\/www.radiopiu.net\/wordpress\/gocce-filosofia\/embed\/#?secret=sYcxCM9VdC\" data-secret=\"sYcxCM9VdC\" width=\"600\" height=\"338\" frameborder=\"0\" marginwidth=\"0\" marginheight=\"0\" scrolling=\"no\"><\/iframe><\/p>\n<p>&nbsp;<\/p>\n<p>&nbsp;<\/p>\n<hr \/>\n<p>&nbsp;<\/p>\n<p><span style=\"color: #0000ff;\">MUSICA PIU&#8217;\u00a0<\/span><\/p>\n<p><a href=\"https:\/\/www.radiopiu.net\/wordpress\/giornale-radiopiu-20-settembre-2021-direttore-mirko-mezzacasa\/pp-79\/\" rel=\"attachment wp-att-232921\"><img loading=\"lazy\" decoding=\"async\" class=\"wp-image-232921 alignleft\" src=\"https:\/\/www.radiopiu.net\/wordpress\/wp-content\/uploads\/2021\/09\/pp-1-300x300.jpg\" alt=\"\" width=\"135\" height=\"135\" srcset=\"https:\/\/www.radiopiu.net\/wordpress\/wp-content\/uploads\/2021\/09\/pp-1-300x300.jpg 300w, https:\/\/www.radiopiu.net\/wordpress\/wp-content\/uploads\/2021\/09\/pp-1-150x150.jpg 150w, https:\/\/www.radiopiu.net\/wordpress\/wp-content\/uploads\/2021\/09\/pp-1.jpg 640w\" sizes=\"auto, (max-width: 135px) 100vw, 135px\" \/><\/a><\/p>\n<div class=\"mkdf-post-text\">\n<div class=\"mkdf-post-text-inner\">\n<div class=\"mkdf-post-text-main\">\n<div class=\"mkdf-post-text\">\n<div class=\"mkdf-post-text-inner\">\n<div class=\"mkdf-post-text-main\">\n<div class=\"mkdf-post-text\">\n<div class=\"mkdf-post-text-inner\">\n<div class=\"mkdf-post-text-main\">\n<div class=\"page-title-head hgroup\">\n<div class=\"page-title-head hgroup\">\n<div class=\"mkdf-post-text\">\n<div class=\"mkdf-post-text-inner\">\n<div class=\"mkdf-post-text-main\">\n<div class=\"mkdf-post-text\">\n<div class=\"mkdf-post-text-inner\">\n<div class=\"mkdf-post-text-main\">\n<div class=\"page-title-head hgroup\">\n<div class=\"page-title-head hgroup\">\n<div class=\"page-title-head hgroup\">\n<div class=\"page-title-head hgroup\">\n<div class=\"b654a4as d2edcug0\">\n<div class=\"page-title-head hgroup\">\n<div class=\"page-title-head hgroup\">\n<div class=\"page-title-head hgroup\">\n<div class=\"page-title-head hgroup\">\n<div class=\"b654a4as d2edcug0\">\n<div class=\"page-title-head hgroup\">\n<div class=\"page-title-head hgroup\">\n<div class=\"page-title-head hgroup\">\n<div class=\"page-title-head hgroup\">\n<div class=\"b654a4as d2edcug0\">\n<div class=\"mkdf-post-text\">\n<div class=\"mkdf-post-text-inner\">\n<div class=\"mkdf-post-text-main\">\n<div class=\"mkdf-post-text\">\n<div class=\"mkdf-post-text-inner\">\n<div class=\"mkdf-post-text-main\">\n<div class=\"mkdf-post-text\">\n<div class=\"mkdf-post-text-inner\">\n<div class=\"mkdf-post-text-main\">\n<div class=\"page-title-head hgroup\">\n<div class=\"page-title-head hgroup\">\n<div class=\"mkdf-post-text\">\n<div class=\"mkdf-post-text-inner\">\n<div class=\"mkdf-post-text-main\">\n<div class=\"mkdf-post-text\">\n<div class=\"mkdf-post-text-inner\">\n<div class=\"mkdf-post-text-main\">\n<div class=\"page-title-head hgroup\">\n<div class=\"page-title-head hgroup\">\n<div class=\"page-title-head hgroup\">\n<div class=\"page-title-head hgroup\">\n<div class=\"b654a4as d2edcug0\">\n<div class=\"page-title-head hgroup\">\n<div class=\"page-title-head hgroup\">\n<div class=\"page-title-head hgroup\">\n<div class=\"page-title-head hgroup\">\n<div class=\"b654a4as d2edcug0\">\n<div class=\"page-title-head hgroup\">\n<div class=\"page-title-head hgroup\">\n<div class=\"page-title-head hgroup\">\n<div class=\"page-title-head hgroup\">\n<div class=\"b654a4as d2edcug0\">\n<div><\/div>\n<div><\/div>\n<div>\n<p><strong>MUSICA ALLA RADIO, IL PROGRAMMA DI LORIS SCUSSEL &#8220;COLLAGE OPERAZIONE NOSTALGIA&#8221; DAL LUNEDI AL VENERDI ALLE 16.00\u00a0 E ALLE 23\u00a0<\/strong><\/p>\n<\/div>\n<p>&nbsp;<\/p>\n<p><strong>PUNTATA 553 DEL 02 MARZO 2022<\/strong><\/p>\n<audio class=\"wp-audio-shortcode\" id=\"audio-262461-10\" preload=\"none\" style=\"width: 100%;\" controls=\"controls\"><source type=\"audio\/mpeg\" src=\"https:\/\/www.radiopiu.net\/wordpress\/wp-content\/uploads\/2022\/01\/Collage-533.mp3?_=10\" \/><a href=\"https:\/\/www.radiopiu.net\/wordpress\/wp-content\/uploads\/2022\/01\/Collage-533.mp3\">https:\/\/www.radiopiu.net\/wordpress\/wp-content\/uploads\/2022\/01\/Collage-533.mp3<\/a><\/audio>\n<p>&nbsp;<\/p>\n<p><strong><a class=\"dt-pswp-item\" href=\"https:\/\/www.radiopiu.net\/wordpress\/wp-content\/uploads\/2022\/02\/Battiato.jpg\" data-dt-img-description=\"\" data-large_image_width=\"719\" data-large_image_height=\"747\"><img loading=\"lazy\" decoding=\"async\" class=\" wp-image-261859 alignleft\" src=\"https:\/\/www.radiopiu.net\/wordpress\/wp-content\/uploads\/2022\/02\/Battiato-289x300.jpg\" alt=\"\" width=\"130\" height=\"135\" srcset=\"https:\/\/www.radiopiu.net\/wordpress\/wp-content\/uploads\/2022\/02\/Battiato-289x300.jpg 289w, https:\/\/www.radiopiu.net\/wordpress\/wp-content\/uploads\/2022\/02\/Battiato.jpg 719w\" sizes=\"auto, (max-width: 130px) 100vw, 130px\" \/><\/a>di Loris Scussel<\/strong><\/p>\n<p>Con la prossima settimana saranno pi\u00f9 di 3.000 i brani proposti da Collage nella consueta alternanza tra pezzi pi\u00f9 o meno celebri senza tralasciare quelli quasi dimenticati che il programma va ogni tanto a rispolverare, in particolare mercoled\u00ec proporremo una puntata dedicata al rock prog italiano dei primi anni 70 con un Battiato ispirato dalla musica sperimentale elettronica sulle orme del maestro Karlheinz Stockhausen. Il programma andr\u00e0 in onda dal luned\u00ec al venerd\u00ec alle 16,00 e alle 23,00.<\/p>\n<p>&nbsp;<\/p>\n<p>&nbsp;<\/p>\n<hr \/>\n<\/div>\n<\/div>\n<\/div>\n<\/div>\n<\/div>\n<\/div>\n<\/div>\n<\/div>\n<\/div>\n<\/div>\n<\/div>\n<\/div>\n<\/div>\n<\/div>\n<\/div>\n<\/div>\n<\/div>\n<\/div>\n<\/div>\n<\/div>\n<\/div>\n<\/div>\n<\/div>\n<\/div>\n<\/div>\n<\/div>\n<\/div>\n<\/div>\n<\/div>\n<\/div>\n<\/div>\n<\/div>\n<\/div>\n<\/div>\n<\/div>\n<\/div>\n<\/div>\n<\/div>\n<\/div>\n<\/div>\n<\/div>\n<\/div>\n<\/div>\n<\/div>\n<\/div>\n<\/div>\n<\/div>\n<\/div>\n<\/div>\n<\/div>\n<\/div>\n<\/div>\n<\/div>\n<\/div>\n<\/div>\n<\/div>\n<\/div>\n<\/div>\n<\/div>\n<\/div>\n<\/div>\n<\/div>\n<\/div>\n<\/div>\n<p>&nbsp;<\/p>\n<p>&nbsp;<\/p>\n<p>&nbsp;<\/p>\n<p>https:\/\/www.radiopiu.net\/wordpress\/freemix-la-liberta-musicale-mixata-da-dj-athos-e-raccontata-da-dj-jack\/<\/p>\n<p>&nbsp;<\/p>\n<blockquote class=\"wp-embedded-content\" data-secret=\"IDMHjtaDdo\"><p><a href=\"https:\/\/www.radiopiu.net\/wordpress\/da-ieri-alla-radio-in-palinsesto-loris-e-maurizio-con-la-grande-musica\/\">IL BLUES ALLA RADIO &#8230; COME NON L&#8217;AVETE MAI SENTITO PRIMA<\/a><\/p><\/blockquote>\n<p><iframe loading=\"lazy\" class=\"wp-embedded-content\" sandbox=\"allow-scripts\" security=\"restricted\" style=\"position: absolute; clip: rect(1px, 1px, 1px, 1px);\" title=\"&#8220;IL BLUES ALLA RADIO &#8230; COME NON L&#8217;AVETE MAI SENTITO PRIMA&#8221; &#8212; Radio Pi\u00f9\" src=\"https:\/\/www.radiopiu.net\/wordpress\/da-ieri-alla-radio-in-palinsesto-loris-e-maurizio-con-la-grande-musica\/embed\/#?secret=IDMHjtaDdo\" data-secret=\"IDMHjtaDdo\" width=\"600\" height=\"338\" frameborder=\"0\" marginwidth=\"0\" marginheight=\"0\" scrolling=\"no\"><\/iframe><\/p>\n<p>&nbsp;<\/p>\n<hr \/>\n<p>&nbsp;<\/p>\n<blockquote>\n<h3><span style=\"color: #0000ff;\">INFORMAZIONE il canale su TELEGRAM informazione di prima mano e in tempo reale. iscriviti ed aiutaci a farlo conoscere\u00a0\u00a0<\/span><\/h3>\n<\/blockquote>\n<div>\n<div class=\"page-title-head hgroup\">\n<div class=\"page-title-head hgroup\">\n<div class=\"page-title-head hgroup\">\n<div class=\"page-title-head hgroup\">\n<div class=\"b654a4as d2edcug0\">\n<div class=\"page-title-head hgroup\">\n<div class=\"page-title-head hgroup\">\n<div class=\"page-title-head hgroup\">\n<div class=\"page-title-head hgroup\">\n<div class=\"b654a4as d2edcug0\">\n<div class=\"page-title-head hgroup\">\n<div class=\"page-title-head hgroup\">\n<div class=\"page-title-head hgroup\">\n<div class=\"page-title-head hgroup\">\n<div class=\"page-title-head hgroup\">\n<div class=\"page-title-head hgroup\">\n<div class=\"page-title-head hgroup\">\n<div class=\"page-title-head hgroup\">\n<div class=\"page-title-head hgroup\">\n<div class=\"b654a4as d2edcug0\">\n<div class=\"page-title-head hgroup\">\n<div class=\"page-title-head hgroup\">\n<div class=\"page-title-head hgroup\">\n<div class=\"page-title-head hgroup\">\n<div class=\"b654a4as d2edcug0\">\n<div>\n<p>&nbsp;<\/p>\n<\/div>\n<div>\n<div class=\"page-title-head hgroup\">\n<div class=\"page-title-head hgroup\">\n<div class=\"page-title-head hgroup\">\n<div class=\"page-title-head hgroup\">\n<div class=\"page-title-head hgroup\">\n<div class=\"b654a4as d2edcug0\">\n<div>\n<hr \/>\n<\/div>\n<\/div>\n<div>\n<div>\n<p>&nbsp;<\/p>\n<\/div>\n<div>\n<div>\n<p>&nbsp;<\/p>\n<\/div>\n<div>\n<div>\n<p><strong>DUE MINUTI UN LIBRO, TUTTI I GIORNI ALLA RADIO ALLE 9.40 E ALLE 17.50\u00a0<\/strong><\/p>\n<div>\n<div>\n<p><strong>LA RACCOLTA COMPLETA\u00a0\u00a0<\/strong><\/p>\n<\/div>\n<div>\n<blockquote class=\"wp-embedded-content\" data-secret=\"0HVaZW2oPo\"><p><a href=\"https:\/\/www.radiopiu.net\/wordpress\/due-minuti-un-libro\/\">Due minuti un libro<\/a><\/p><\/blockquote>\n<p><iframe loading=\"lazy\" class=\"wp-embedded-content\" sandbox=\"allow-scripts\" security=\"restricted\" style=\"position: absolute; clip: rect(1px, 1px, 1px, 1px);\" title=\"&#8220;Due minuti un libro&#8221; &#8212; Radio Pi\u00f9\" src=\"https:\/\/www.radiopiu.net\/wordpress\/due-minuti-un-libro\/embed\/#?secret=0HVaZW2oPo\" data-secret=\"0HVaZW2oPo\" width=\"600\" height=\"338\" frameborder=\"0\" marginwidth=\"0\" marginheight=\"0\" scrolling=\"no\"><\/iframe><\/p>\n<\/div>\n<\/div>\n<\/div>\n<div class=\"mkdf-post-text\">\n<div class=\"mkdf-post-text-inner\">\n<div class=\"mkdf-post-text-main\">\n<div class=\"mkdf-post-text\">\n<div class=\"mkdf-post-text-inner\">\n<div class=\"mkdf-post-text-main\">\n<div class=\"mkdf-post-text\">\n<div class=\"mkdf-post-text-inner\">\n<div class=\"mkdf-post-text-main\">\n<div class=\"page-title-head hgroup\">\n<div class=\"page-title-head hgroup\">\n<div class=\"mkdf-post-text\">\n<div class=\"mkdf-post-text-inner\">\n<div class=\"mkdf-post-text-main\">\n<div class=\"mkdf-post-text\">\n<div class=\"mkdf-post-text-inner\">\n<div class=\"mkdf-post-text-main\">\n<div class=\"page-title-head hgroup\">\n<div class=\"page-title-head hgroup\">\n<div class=\"page-title-head hgroup\">\n<div class=\"page-title-head hgroup\">\n<div class=\"b654a4as d2edcug0\">\n<div class=\"page-title-head hgroup\">\n<div class=\"page-title-head hgroup\">\n<div class=\"page-title-head hgroup\">\n<div class=\"page-title-head hgroup\">\n<div class=\"b654a4as d2edcug0\">\n<div class=\"page-title-head hgroup\">\n<div class=\"page-title-head hgroup\">\n<div class=\"page-title-head hgroup\">\n<div class=\"page-title-head hgroup\">\n<div class=\"b654a4as d2edcug0\">\n<div>\n<p>&nbsp;<\/p>\n<\/div>\n<div>\n<hr \/>\n<p>&nbsp;<\/p>\n<\/div>\n<h2><span style=\"color: #808000;\">L&#8217;ALMANACCO LADINO\u00a0\u00a0<\/span><\/h2>\n<p><strong>PUNTATA DEL 28 FEBBRAIO 2022<\/strong><\/p>\n<audio class=\"wp-audio-shortcode\" id=\"audio-262461-11\" preload=\"none\" style=\"width: 100%;\" controls=\"controls\"><source type=\"audio\/mpeg\" src=\"https:\/\/www.radiopiu.net\/wordpress\/wp-content\/uploads\/2022\/02\/78\u00b0Almanacco-Ladino_Fodom-1.mp3?_=11\" \/><a href=\"https:\/\/www.radiopiu.net\/wordpress\/wp-content\/uploads\/2022\/02\/78\u00b0Almanacco-Ladino_Fodom-1.mp3\">https:\/\/www.radiopiu.net\/wordpress\/wp-content\/uploads\/2022\/02\/78\u00b0Almanacco-Ladino_Fodom-1.mp3<\/a><\/audio>\n<p>&nbsp;<\/p>\n<p><strong>LA RACCOLTA<\/strong><\/p>\n<blockquote class=\"wp-embedded-content\" data-secret=\"B2SGZdm8sS\"><p><a href=\"https:\/\/www.radiopiu.net\/wordpress\/almanacco-ladino\/\">Almanacco Ladino<\/a><\/p><\/blockquote>\n<p><iframe loading=\"lazy\" class=\"wp-embedded-content\" sandbox=\"allow-scripts\" security=\"restricted\" style=\"position: absolute; clip: rect(1px, 1px, 1px, 1px);\" title=\"&#8220;Almanacco Ladino&#8221; &#8212; Radio Pi\u00f9\" src=\"https:\/\/www.radiopiu.net\/wordpress\/almanacco-ladino\/embed\/#?secret=B2SGZdm8sS\" data-secret=\"B2SGZdm8sS\" width=\"600\" height=\"338\" frameborder=\"0\" marginwidth=\"0\" marginheight=\"0\" scrolling=\"no\"><\/iframe><\/p>\n<p>&nbsp;<\/p>\n<hr \/>\n<p>&nbsp;<\/p>\n<h2><span style=\"color: #33cccc;\">LA RASSEGNA STAMPA DA L&#8217;AMICO DEL POPOLO<\/span><\/h2>\n<p><strong><a class=\"dt-pswp-item\" href=\"https:\/\/www.radiopiu.net\/wordpress\/wp-content\/uploads\/2022\/02\/Schermata-2022-02-26-alle-15.02.18.png\" data-dt-img-description=\"\" data-large_image_width=\"828\" data-large_image_height=\"604\"><img loading=\"lazy\" decoding=\"async\" class=\" wp-image-261767 alignleft\" src=\"https:\/\/www.radiopiu.net\/wordpress\/wp-content\/uploads\/2022\/02\/Schermata-2022-02-26-alle-15.02.18-300x219.png\" alt=\"\" width=\"138\" height=\"101\" srcset=\"https:\/\/www.radiopiu.net\/wordpress\/wp-content\/uploads\/2022\/02\/Schermata-2022-02-26-alle-15.02.18-300x219.png 300w, https:\/\/www.radiopiu.net\/wordpress\/wp-content\/uploads\/2022\/02\/Schermata-2022-02-26-alle-15.02.18-768x560.png 768w, https:\/\/www.radiopiu.net\/wordpress\/wp-content\/uploads\/2022\/02\/Schermata-2022-02-26-alle-15.02.18.png 828w\" sizes=\"auto, (max-width: 138px) 100vw, 138px\" \/><\/a>di Gianni Santomaso<\/strong><\/p>\n<p>OSPITE: Raffaele Crocco, giornalista TGR Rai Trento<\/p>\n<p>&nbsp;<\/p>\n<audio class=\"wp-audio-shortcode\" id=\"audio-262461-12\" preload=\"none\" style=\"width: 100%;\" controls=\"controls\"><source type=\"audio\/mpeg\" src=\"https:\/\/www.radiopiu.net\/wordpress\/wp-content\/uploads\/2022\/02\/RASSEGNA-GIANNI-5.mp3?_=12\" \/><a href=\"https:\/\/www.radiopiu.net\/wordpress\/wp-content\/uploads\/2022\/02\/RASSEGNA-GIANNI-5.mp3\">https:\/\/www.radiopiu.net\/wordpress\/wp-content\/uploads\/2022\/02\/RASSEGNA-GIANNI-5.mp3<\/a><\/audio>\n<p>&nbsp;<\/p>\n<p><strong>LA RACCOLTA COMPLETA<\/strong><\/p>\n<blockquote class=\"wp-embedded-content\" data-secret=\"ZeaBmwEO7c\"><p><a href=\"https:\/\/www.radiopiu.net\/wordpress\/rassegna-stampa-di-gianni-santomaso\/\">Rassegna stampa da l&#8217;amico del popolo &#8211; di Gianni Santomaso<\/a><\/p><\/blockquote>\n<p><iframe loading=\"lazy\" class=\"wp-embedded-content\" sandbox=\"allow-scripts\" security=\"restricted\" style=\"position: absolute; clip: rect(1px, 1px, 1px, 1px);\" title=\"&#8220;Rassegna stampa da l&#8217;amico del popolo &#8211; di Gianni Santomaso&#8221; &#8212; Radio Pi\u00f9\" src=\"https:\/\/www.radiopiu.net\/wordpress\/rassegna-stampa-di-gianni-santomaso\/embed\/#?secret=ZeaBmwEO7c\" data-secret=\"ZeaBmwEO7c\" width=\"600\" height=\"338\" frameborder=\"0\" marginwidth=\"0\" marginheight=\"0\" scrolling=\"no\"><\/iframe><\/p>\n<p>&nbsp;<\/p>\n<hr \/>\n<p>&nbsp;<\/p>\n<div>\n<div class=\"page-title-head hgroup\">\n<div class=\"page-title-head hgroup\">\n<div class=\"b654a4as d2edcug0\">\n<div class=\"j83agx80 btwxx1t3 lhclo0ds hop8lmos nkwizq5d scwd0bx6 roh60bw9\">\n<div class=\"rq0escxv hkbzh7o3 jwdofwj8 n8tt0mok r8blr3vg hyh9befq\">\n<div class=\"do00u71z l9j0dhe7 k4urcfbm\">\n<div class=\"ecm0bbzt e5nlhep0 a8c37x1j\">\n<div class=\"kvgmc6g5 cxmmr5t8 oygrvhab hcukyx3x c1et5uql\">\n<div class=\"gmail-kvgmc6g5 gmail-cxmmr5t8 gmail-oygrvhab gmail-hcukyx3x gmail-c1et5uql gmail-ii04i59q\">\n<div class=\"page-title-head hgroup\">\n<div class=\"page-title-head hgroup\">\n<div class=\"b654a4as d2edcug0\">\n<div class=\"j83agx80 btwxx1t3 lhclo0ds hop8lmos nkwizq5d scwd0bx6 roh60bw9\">\n<div class=\"rq0escxv hkbzh7o3 jwdofwj8 n8tt0mok r8blr3vg hyh9befq\">\n<div class=\"do00u71z l9j0dhe7 k4urcfbm\">\n<div>\n<div class=\"page-title-head hgroup\">\n<div class=\"page-title-head hgroup\">\n<div class=\"page-title-head hgroup\">\n<div class=\"page-title-head hgroup\">\n<div class=\"b654a4as d2edcug0\">\n<div class=\"page-title-head hgroup\">\n<div class=\"page-title-head hgroup\">\n<div class=\"page-title-head hgroup\">\n<div class=\"page-title-head hgroup\">\n<div class=\"b654a4as d2edcug0\">\n<div class=\"page-title-head hgroup\">\n<div class=\"page-title-head hgroup\">\n<div class=\"page-title-head hgroup\">\n<div class=\"page-title-head hgroup\">\n<div class=\"page-title-head hgroup\">\n<div class=\"page-title-head hgroup\">\n<div class=\"page-title-head hgroup\">\n<div class=\"page-title-head hgroup\">\n<div class=\"page-title-head hgroup\">\n<div class=\"b654a4as d2edcug0\">\n<div class=\"page-title-head hgroup\">\n<div class=\"page-title-head hgroup\">\n<div class=\"page-title-head hgroup\">\n<div class=\"page-title-head hgroup\">\n<div class=\"b654a4as d2edcug0\">\n<div>\n<div class=\"page-title-head hgroup\">\n<div class=\"page-title-head hgroup\">\n<div class=\"page-title-head hgroup\">\n<div class=\"page-title-head hgroup\">\n<div class=\"page-title-head hgroup\">\n<div>\n<div>\n<div>\n<div class=\"mkdf-post-text\">\n<div class=\"mkdf-post-text-inner\">\n<div class=\"mkdf-post-text-main\">\n<div class=\"mkdf-post-text\">\n<div class=\"mkdf-post-text-inner\">\n<div class=\"mkdf-post-text-main\">\n<div class=\"mkdf-post-text\">\n<div class=\"mkdf-post-text-inner\">\n<div class=\"mkdf-post-text-main\">\n<div class=\"page-title-head hgroup\">\n<div class=\"page-title-head hgroup\">\n<div class=\"mkdf-post-text\">\n<div class=\"mkdf-post-text-inner\">\n<div class=\"mkdf-post-text-main\">\n<div class=\"mkdf-post-text\">\n<div class=\"mkdf-post-text-inner\">\n<div class=\"mkdf-post-text-main\">\n<div class=\"page-title-head hgroup\">\n<div class=\"page-title-head hgroup\">\n<div class=\"page-title-head hgroup\">\n<div class=\"page-title-head hgroup\">\n<div class=\"b654a4as d2edcug0\">\n<div class=\"page-title-head hgroup\">\n<div class=\"page-title-head hgroup\">\n<div class=\"page-title-head hgroup\">\n<div class=\"page-title-head hgroup\">\n<div class=\"b654a4as d2edcug0\">\n<div class=\"page-title-head hgroup\">\n<div class=\"page-title-head hgroup\">\n<div class=\"page-title-head hgroup\">\n<div class=\"page-title-head hgroup\">\n<div class=\"b654a4as d2edcug0\">\n<p>&nbsp;<\/p>\n<h2><span style=\"color: #800080;\">I RACCONTI DI PAOLO SOPPELSA\u00a0<\/span><\/h2>\n<p><strong>LA RACCOLTA COMPLETA<\/strong><\/p>\n<blockquote class=\"wp-embedded-content\" data-secret=\"tFc8Xl5SK0\"><p><a href=\"https:\/\/www.radiopiu.net\/wordpress\/i-racconti-di-paolo-soppelsa\/\">I racconti di Paolo Soppelsa<\/a><\/p><\/blockquote>\n<p><iframe loading=\"lazy\" class=\"wp-embedded-content\" sandbox=\"allow-scripts\" security=\"restricted\" style=\"position: absolute; clip: rect(1px, 1px, 1px, 1px);\" title=\"&#8220;I racconti di Paolo Soppelsa&#8221; &#8212; Radio Pi\u00f9\" src=\"https:\/\/www.radiopiu.net\/wordpress\/i-racconti-di-paolo-soppelsa\/embed\/#?secret=tFc8Xl5SK0\" data-secret=\"tFc8Xl5SK0\" width=\"600\" height=\"338\" frameborder=\"0\" marginwidth=\"0\" marginheight=\"0\" scrolling=\"no\"><\/iframe><\/p>\n<p>&nbsp;<\/p>\n<\/div>\n<\/div>\n<\/div>\n<\/div>\n<\/div>\n<\/div>\n<\/div>\n<\/div>\n<\/div>\n<\/div>\n<\/div>\n<\/div>\n<\/div>\n<\/div>\n<\/div>\n<\/div>\n<\/div>\n<\/div>\n<\/div>\n<\/div>\n<\/div>\n<\/div>\n<\/div>\n<\/div>\n<\/div>\n<\/div>\n<\/div>\n<\/div>\n<\/div>\n<\/div>\n<\/div>\n<\/div>\n<\/div>\n<\/div>\n<\/div>\n<\/div>\n<\/div>\n<\/div>\n<\/div>\n<\/div>\n<\/div>\n<\/div>\n<\/div>\n<\/div>\n<\/div>\n<\/div>\n<\/div>\n<\/div>\n<\/div>\n<\/div>\n<\/div>\n<\/div>\n<\/div>\n<\/div>\n<\/div>\n<\/div>\n<\/div>\n<\/div>\n<\/div>\n<\/div>\n<\/div>\n<\/div>\n<\/div>\n<\/div>\n<\/div>\n<\/div>\n<\/div>\n<div>\n<div class=\"page-title-head hgroup\">\n<div class=\"page-title-head hgroup\">\n<div class=\"page-title-head hgroup\">\n<div class=\"page-title-head hgroup\">\n<div class=\"b654a4as d2edcug0\">\n<div class=\"page-title-head hgroup\">\n<div class=\"page-title-head hgroup\">\n<div class=\"page-title-head hgroup\">\n<div class=\"page-title-head hgroup\">\n<div class=\"b654a4as d2edcug0\">\n<div class=\"page-title-head hgroup\">\n<div class=\"page-title-head hgroup\">\n<div class=\"page-title-head hgroup\">\n<div class=\"page-title-head hgroup\">\n<div class=\"page-title-head hgroup\">\n<div class=\"page-title-head hgroup\">\n<div class=\"page-title-head hgroup\">\n<div class=\"page-title-head hgroup\">\n<div class=\"page-title-head hgroup\">\n<div class=\"b654a4as d2edcug0\">\n<div class=\"page-title-head hgroup\">\n<div class=\"page-title-head hgroup\">\n<div class=\"page-title-head hgroup\">\n<div class=\"page-title-head hgroup\">\n<div class=\"b654a4as d2edcug0\">\n<div>\n<div class=\"page-title-head hgroup\">\n<div class=\"page-title-head hgroup\">\n<div class=\"page-title-head hgroup\">\n<div class=\"page-title-head hgroup\">\n<div class=\"page-title-head hgroup\">\n<div>\n<div>\n<div>\n<div class=\"mkdf-post-text\">\n<div class=\"mkdf-post-text-inner\">\n<div class=\"mkdf-post-text-main\">\n<div class=\"mkdf-post-text\">\n<div class=\"mkdf-post-text-inner\">\n<div class=\"mkdf-post-text-main\">\n<div class=\"mkdf-post-text\">\n<div class=\"mkdf-post-text-inner\">\n<div class=\"mkdf-post-text-main\">\n<div class=\"page-title-head hgroup\">\n<div class=\"page-title-head hgroup\">\n<div class=\"mkdf-post-text\">\n<div class=\"mkdf-post-text-inner\">\n<div class=\"mkdf-post-text-main\">\n<div class=\"mkdf-post-text\">\n<div class=\"mkdf-post-text-inner\">\n<div class=\"mkdf-post-text-main\">\n<div class=\"page-title-head hgroup\">\n<div class=\"page-title-head hgroup\">\n<div class=\"page-title-head hgroup\">\n<div class=\"page-title-head hgroup\">\n<div class=\"b654a4as d2edcug0\">\n<div class=\"page-title-head hgroup\">\n<div class=\"page-title-head hgroup\">\n<div class=\"page-title-head hgroup\">\n<div class=\"page-title-head hgroup\">\n<div class=\"b654a4as d2edcug0\">\n<div class=\"page-title-head hgroup\">\n<div class=\"page-title-head hgroup\">\n<div class=\"page-title-head hgroup\">\n<div class=\"page-title-head hgroup\">\n<div class=\"b654a4as d2edcug0\">\n<hr \/>\n<\/div>\n<div class=\"b654a4as d2edcug0\">\n<p>&nbsp;<\/p>\n<p><a href=\"https:\/\/www.radiopiu.net\/wordpress\/giornale-radiopiu-26-settembre-2018-direttore-mirko-mezzacasa\/viabilita-2\/\" rel=\"attachment wp-att-61954\"><img loading=\"lazy\" decoding=\"async\" class=\"aligncenter wp-image-61954 size-full\" src=\"https:\/\/www.radiopiu.net\/wordpress\/wp-content\/uploads\/2018\/09\/viabilita.jpeg\" sizes=\"auto, (max-width: 800px) 100vw, 800px\" srcset=\"https:\/\/www.radiopiu.net\/wordpress\/wp-content\/uploads\/2018\/09\/viabilita.jpeg 800w, https:\/\/www.radiopiu.net\/wordpress\/wp-content\/uploads\/2018\/09\/viabilita-300x38.jpeg 300w, https:\/\/www.radiopiu.net\/wordpress\/wp-content\/uploads\/2018\/09\/viabilita-768x96.jpeg 768w\" alt=\"\" width=\"800\" height=\"100\" \/><\/a><\/p>\n<\/div>\n<\/div>\n<\/div>\n<\/div>\n<\/div>\n<\/div>\n<\/div>\n<\/div>\n<\/div>\n<\/div>\n<\/div>\n<\/div>\n<\/div>\n<\/div>\n<\/div>\n<\/div>\n<\/div>\n<\/div>\n<\/div>\n<\/div>\n<\/div>\n<\/div>\n<\/div>\n<\/div>\n<\/div>\n<\/div>\n<\/div>\n<\/div>\n<\/div>\n<\/div>\n<\/div>\n<\/div>\n<\/div>\n<\/div>\n<\/div>\n<\/div>\n<\/div>\n<\/div>\n<\/div>\n<\/div>\n<\/div>\n<\/div>\n<\/div>\n<\/div>\n<\/div>\n<\/div>\n<\/div>\n<\/div>\n<\/div>\n<\/div>\n<\/div>\n<\/div>\n<\/div>\n<\/div>\n<\/div>\n<\/div>\n<\/div>\n<\/div>\n<\/div>\n<\/div>\n<\/div>\n<\/div>\n<\/div>\n<\/div>\n<\/div>\n<\/div>\n<\/div>\n<\/div>\n<\/div>\n<\/div>\n<\/div>\n<\/div>\n<\/div>\n<\/div>\n<\/div>\n<\/div>\n<\/div>\n<\/div>\n<\/div>\n<\/div>\n<\/div>\n<\/div>\n<\/div>\n<div>\n<div class=\"page-title-head hgroup\">\n<div class=\"page-title-head hgroup\">\n<div class=\"b654a4as d2edcug0\">\n<div class=\"j83agx80 btwxx1t3 lhclo0ds hop8lmos nkwizq5d scwd0bx6 roh60bw9\">\n<div class=\"rq0escxv hkbzh7o3 jwdofwj8 n8tt0mok r8blr3vg hyh9befq\">\n<div class=\"do00u71z l9j0dhe7 k4urcfbm\">\n<div class=\"ecm0bbzt e5nlhep0 a8c37x1j\">\n<div class=\"kvgmc6g5 cxmmr5t8 oygrvhab hcukyx3x c1et5uql\">\n<div class=\"gmail-kvgmc6g5 gmail-cxmmr5t8 gmail-oygrvhab gmail-hcukyx3x gmail-c1et5uql gmail-ii04i59q\">\n<div class=\"page-title-head hgroup\">\n<div class=\"page-title-head hgroup\">\n<div class=\"b654a4as d2edcug0\">\n<div class=\"j83agx80 btwxx1t3 lhclo0ds hop8lmos nkwizq5d scwd0bx6 roh60bw9\">\n<div class=\"rq0escxv hkbzh7o3 jwdofwj8 n8tt0mok r8blr3vg hyh9befq\">\n<div class=\"do00u71z l9j0dhe7 k4urcfbm\">\n<div class=\"page-title-head hgroup\">\n<div class=\"page-title-head hgroup\">\n<div class=\"page-title-head hgroup\">\n<div class=\"page-title-head hgroup\">\n<div class=\"b654a4as d2edcug0\">\n<div class=\"page-title-head hgroup\">\n<div class=\"page-title-head hgroup\">\n<div class=\"page-title-head hgroup\">\n<div class=\"page-title-head hgroup\">\n<div class=\"b654a4as d2edcug0\">\n<div class=\"page-title-head hgroup\">\n<div class=\"page-title-head hgroup\">\n<div class=\"page-title-head hgroup\">\n<div class=\"page-title-head hgroup\">\n<div class=\"page-title-head hgroup\">\n<div class=\"page-title-head hgroup\">\n<div class=\"page-title-head hgroup\">\n<div class=\"page-title-head hgroup\">\n<div class=\"page-title-head hgroup\">\n<div class=\"b654a4as d2edcug0\">\n<div class=\"page-title-head hgroup\">\n<div class=\"page-title-head hgroup\">\n<div class=\"page-title-head hgroup\">\n<div class=\"page-title-head hgroup\">\n<div class=\"b654a4as d2edcug0\">\n<div class=\"page-title-head hgroup\">\n<div class=\"page-title-head hgroup\">\n<div class=\"page-title-head hgroup\">\n<div class=\"page-title-head hgroup\">\n<div class=\"page-title-head hgroup\">\n<div class=\"mkdf-post-text\">\n<div class=\"mkdf-post-text-inner\">\n<div class=\"mkdf-post-text-main\">\n<div class=\"mkdf-post-text\">\n<div class=\"mkdf-post-text-inner\">\n<div class=\"mkdf-post-text-main\">\n<div class=\"mkdf-post-text\">\n<div class=\"mkdf-post-text-inner\">\n<div class=\"mkdf-post-text-main\">\n<div class=\"page-title-head hgroup\">\n<div class=\"page-title-head hgroup\">\n<div class=\"mkdf-post-text\">\n<div class=\"mkdf-post-text-inner\">\n<div class=\"mkdf-post-text-main\">\n<div class=\"mkdf-post-text\">\n<div class=\"mkdf-post-text-inner\">\n<div class=\"mkdf-post-text-main\">\n<div class=\"page-title-head hgroup\">\n<div class=\"page-title-head hgroup\">\n<div class=\"page-title-head hgroup\">\n<div class=\"page-title-head hgroup\">\n<div class=\"b654a4as d2edcug0\">\n<div class=\"page-title-head hgroup\">\n<div class=\"page-title-head hgroup\">\n<div class=\"page-title-head hgroup\">\n<div class=\"page-title-head hgroup\">\n<div class=\"b654a4as d2edcug0\">\n<div class=\"page-title-head hgroup\">\n<div class=\"page-title-head hgroup\">\n<div class=\"page-title-head hgroup\">\n<div class=\"page-title-head hgroup\">\n<div class=\"b654a4as d2edcug0\">\n<div class=\"ecm0bbzt e5nlhep0 a8c37x1j\">\n<div class=\"kvgmc6g5 cxmmr5t8 oygrvhab hcukyx3x c1et5uql\">\n<div class=\"gmail-kvgmc6g5 gmail-cxmmr5t8 gmail-oygrvhab gmail-hcukyx3x gmail-c1et5uql gmail-ii04i59q\">\n<div class=\"page-title-head hgroup\">\n<div class=\"page-title-head hgroup\">\n<div class=\"b654a4as d2edcug0\">\n<div class=\"j83agx80 btwxx1t3 lhclo0ds hop8lmos nkwizq5d scwd0bx6 roh60bw9\">\n<div class=\"rq0escxv hkbzh7o3 jwdofwj8 n8tt0mok r8blr3vg hyh9befq\">\n<div class=\"do00u71z l9j0dhe7 k4urcfbm\">\n<div class=\"page-title-head hgroup\">\n<div class=\"page-title-head hgroup\">\n<div class=\"page-title-head hgroup\">\n<div class=\"page-title-head hgroup\">\n<div class=\"b654a4as d2edcug0\">\n<div class=\"page-title-head hgroup\">\n<div class=\"page-title-head hgroup\">\n<div class=\"page-title-head hgroup\">\n<div class=\"page-title-head hgroup\">\n<div class=\"b654a4as d2edcug0\">\n<div class=\"page-title-head hgroup\">\n<div class=\"page-title-head hgroup\">\n<div class=\"page-title-head hgroup\">\n<div class=\"page-title-head hgroup\">\n<div class=\"page-title-head hgroup\">\n<div class=\"page-title-head hgroup\">\n<div class=\"page-title-head hgroup\">\n<div class=\"page-title-head hgroup\">\n<div class=\"page-title-head hgroup\">\n<div class=\"b654a4as d2edcug0\">\n<div class=\"page-title-head hgroup\">\n<div class=\"page-title-head hgroup\">\n<div class=\"page-title-head hgroup\">\n<div class=\"page-title-head hgroup\">\n<div class=\"b654a4as d2edcug0\">\n<div class=\"page-title-head hgroup\">\n<div class=\"page-title-head hgroup\">\n<div class=\"page-title-head hgroup\">\n<div class=\"page-title-head hgroup\">\n<div class=\"page-title-head hgroup\">\n<div class=\"mkdf-post-text\">\n<div class=\"mkdf-post-text-inner\">\n<div class=\"mkdf-post-text-main\">\n<div class=\"mkdf-post-text\">\n<div class=\"mkdf-post-text-inner\">\n<div class=\"mkdf-post-text-main\">\n<div class=\"mkdf-post-text\">\n<div class=\"mkdf-post-text-inner\">\n<div class=\"mkdf-post-text-main\">\n<div class=\"page-title-head hgroup\">\n<div class=\"page-title-head hgroup\">\n<div class=\"mkdf-post-text\">\n<div class=\"mkdf-post-text-inner\">\n<div class=\"mkdf-post-text-main\">\n<div class=\"mkdf-post-text\">\n<div class=\"mkdf-post-text-inner\">\n<div class=\"mkdf-post-text-main\">\n<div class=\"page-title-head hgroup\">\n<div class=\"page-title-head hgroup\">\n<div class=\"page-title-head hgroup\">\n<div class=\"page-title-head hgroup\">\n<div class=\"b654a4as d2edcug0\">\n<div class=\"page-title-head hgroup\">\n<div class=\"page-title-head hgroup\">\n<div class=\"page-title-head hgroup\">\n<div class=\"page-title-head hgroup\">\n<div class=\"b654a4as d2edcug0\">\n<div class=\"page-title-head hgroup\">\n<div class=\"page-title-head hgroup\">\n<div class=\"page-title-head hgroup\">\n<div class=\"page-title-head hgroup\">\n<div class=\"b654a4as d2edcug0\">\n<p>&nbsp;<\/p>\n<blockquote class=\"wp-embedded-content\" data-secret=\"7XG4RSgKJv\"><p><a href=\"https:\/\/www.radiopiu.net\/wordpress\/viabilita\/\">viabilita<\/a><\/p><\/blockquote>\n<p><iframe loading=\"lazy\" class=\"wp-embedded-content\" sandbox=\"allow-scripts\" security=\"restricted\" style=\"position: absolute; clip: rect(1px, 1px, 1px, 1px);\" title=\"&#8220;viabilita&#8221; &#8212; Radio Pi\u00f9\" src=\"https:\/\/www.radiopiu.net\/wordpress\/viabilita\/embed\/#?secret=7XG4RSgKJv\" data-secret=\"7XG4RSgKJv\" width=\"600\" height=\"338\" frameborder=\"0\" marginwidth=\"0\" marginheight=\"0\" scrolling=\"no\"><\/iframe><\/p>\n<p>&nbsp;<\/p>\n<hr \/>\n<\/div>\n<\/div>\n<\/div>\n<\/div>\n<\/div>\n<\/div>\n<\/div>\n<\/div>\n<\/div>\n<\/div>\n<\/div>\n<\/div>\n<\/div>\n<\/div>\n<\/div>\n<\/div>\n<\/div>\n<\/div>\n<\/div>\n<\/div>\n<\/div>\n<\/div>\n<\/div>\n<\/div>\n<\/div>\n<\/div>\n<\/div>\n<\/div>\n<\/div>\n<\/div>\n<\/div>\n<\/div>\n<\/div>\n<\/div>\n<\/div>\n<\/div>\n<\/div>\n<\/div>\n<\/div>\n<\/div>\n<\/div>\n<\/div>\n<\/div>\n<\/div>\n<\/div>\n<\/div>\n<\/div>\n<\/div>\n<\/div>\n<\/div>\n<\/div>\n<\/div>\n<\/div>\n<\/div>\n<\/div>\n<\/div>\n<\/div>\n<\/div>\n<\/div>\n<\/div>\n<\/div>\n<\/div>\n<\/div>\n<\/div>\n<\/div>\n<\/div>\n<\/div>\n<\/div>\n<\/div>\n<\/div>\n<\/div>\n<\/div>\n<\/div>\n<\/div>\n<\/div>\n<\/div>\n<\/div>\n<\/div>\n<\/div>\n<\/div>\n<\/div>\n<\/div>\n<\/div>\n<\/div>\n<\/div>\n<\/div>\n<\/div>\n<\/div>\n<\/div>\n<\/div>\n<\/div>\n<\/div>\n<\/div>\n<\/div>\n<\/div>\n<\/div>\n<\/div>\n<\/div>\n<\/div>\n<\/div>\n<\/div>\n<\/div>\n<\/div>\n<\/div>\n<\/div>\n<\/div>\n<\/div>\n<\/div>\n<\/div>\n<\/div>\n<\/div>\n<\/div>\n<\/div>\n<\/div>\n<\/div>\n<\/div>\n<\/div>\n<\/div>\n<\/div>\n<\/div>\n<\/div>\n<\/div>\n<\/div>\n<\/div>\n<\/div>\n<\/div>\n<\/div>\n<\/div>\n<\/div>\n<\/div>\n<\/div>\n<\/div>\n<\/div>\n<\/div>\n<\/div>\n<\/div>\n<\/div>\n<\/div>\n<\/div>\n<\/div>\n<\/div>\n<\/div>\n<\/div>\n<\/div>\n<\/div>\n<\/div>\n<\/div>\n<\/div>\n<\/div>\n<p>&nbsp;<\/p>\n<div>\n<div class=\"page-title-head hgroup\">\n<div class=\"page-title-head hgroup\">\n<div class=\"b654a4as d2edcug0\">\n<div class=\"j83agx80 btwxx1t3 lhclo0ds hop8lmos nkwizq5d scwd0bx6 roh60bw9\">\n<div class=\"rq0escxv hkbzh7o3 jwdofwj8 n8tt0mok r8blr3vg hyh9befq\">\n<div class=\"do00u71z l9j0dhe7 k4urcfbm\">\n<div class=\"page-title-head hgroup\">\n<div class=\"page-title-head hgroup\">\n<div class=\"b654a4as d2edcug0\">\n<div class=\"j83agx80 btwxx1t3 lhclo0ds hop8lmos nkwizq5d scwd0bx6 roh60bw9\">\n<div class=\"rq0escxv hkbzh7o3 jwdofwj8 n8tt0mok r8blr3vg hyh9befq\">\n<div class=\"do00u71z l9j0dhe7 k4urcfbm\">\n<div class=\"ecm0bbzt e5nlhep0 a8c37x1j\">\n<div class=\"kvgmc6g5 cxmmr5t8 oygrvhab hcukyx3x c1et5uql\">\n<div class=\"gmail-kvgmc6g5 gmail-cxmmr5t8 gmail-oygrvhab gmail-hcukyx3x gmail-c1et5uql gmail-ii04i59q\">\n<div class=\"page-title-head hgroup\">\n<div class=\"page-title-head hgroup\">\n<div class=\"b654a4as d2edcug0\">\n<div class=\"j83agx80 btwxx1t3 lhclo0ds hop8lmos nkwizq5d scwd0bx6 roh60bw9\">\n<div class=\"rq0escxv hkbzh7o3 jwdofwj8 n8tt0mok r8blr3vg hyh9befq\">\n<div class=\"do00u71z l9j0dhe7 k4urcfbm\">\n<div class=\"page-title-head hgroup\">\n<div class=\"page-title-head hgroup\">\n<div class=\"b654a4as d2edcug0\">\n<div class=\"j83agx80 btwxx1t3 lhclo0ds hop8lmos nkwizq5d scwd0bx6 roh60bw9\">\n<div class=\"rq0escxv hkbzh7o3 jwdofwj8 n8tt0mok r8blr3vg hyh9befq\">\n<div class=\"do00u71z l9j0dhe7 k4urcfbm\">\n<div>\n<div class=\"page-title-head hgroup\">\n<div class=\"page-title-head hgroup\">\n<div class=\"b654a4as d2edcug0\">\n<div class=\"j83agx80 btwxx1t3 lhclo0ds hop8lmos nkwizq5d scwd0bx6 roh60bw9\">\n<div class=\"rq0escxv hkbzh7o3 jwdofwj8 n8tt0mok r8blr3vg hyh9befq\">\n<div class=\"do00u71z l9j0dhe7 k4urcfbm\">\n<div class=\"ecm0bbzt e5nlhep0 a8c37x1j\">\n<div class=\"kvgmc6g5 cxmmr5t8 oygrvhab hcukyx3x c1et5uql\">\n<div class=\"gmail-kvgmc6g5 gmail-cxmmr5t8 gmail-oygrvhab gmail-hcukyx3x gmail-c1et5uql gmail-ii04i59q\">\n<div class=\"page-title-head hgroup\">\n<div class=\"page-title-head hgroup\">\n<div class=\"b654a4as d2edcug0\">\n<div class=\"j83agx80 btwxx1t3 lhclo0ds hop8lmos nkwizq5d scwd0bx6 roh60bw9\">\n<div class=\"rq0escxv hkbzh7o3 jwdofwj8 n8tt0mok r8blr3vg hyh9befq\">\n<div class=\"do00u71z l9j0dhe7 k4urcfbm\">\n<div class=\"page-title-head hgroup\">\n<div class=\"page-title-head hgroup\">\n<div class=\"page-title-head hgroup\">\n<div class=\"page-title-head hgroup\">\n<div class=\"b654a4as d2edcug0\">\n<div class=\"page-title-head hgroup\">\n<div class=\"page-title-head hgroup\">\n<div class=\"page-title-head hgroup\">\n<div class=\"page-title-head hgroup\">\n<div class=\"b654a4as d2edcug0\">\n<div class=\"page-title-head hgroup\">\n<div class=\"page-title-head hgroup\">\n<div class=\"page-title-head hgroup\">\n<div class=\"page-title-head hgroup\">\n<div class=\"page-title-head hgroup\">\n<div class=\"page-title-head hgroup\">\n<div class=\"page-title-head hgroup\">\n<div class=\"page-title-head hgroup\">\n<div class=\"page-title-head hgroup\">\n<div class=\"b654a4as d2edcug0\">\n<div class=\"page-title-head hgroup\">\n<div class=\"page-title-head hgroup\">\n<div class=\"page-title-head hgroup\">\n<div class=\"page-title-head hgroup\">\n<div class=\"b654a4as d2edcug0\">\n<div class=\"page-title-head hgroup\">\n<div class=\"page-title-head hgroup\">\n<div class=\"page-title-head hgroup\">\n<div class=\"page-title-head hgroup\">\n<div class=\"page-title-head hgroup\">\n<div class=\"mkdf-post-text\">\n<div class=\"mkdf-post-text-inner\">\n<div class=\"mkdf-post-text-main\">\n<div class=\"mkdf-post-text\">\n<div class=\"mkdf-post-text-inner\">\n<div class=\"mkdf-post-text-main\">\n<div class=\"mkdf-post-text\">\n<div class=\"mkdf-post-text-inner\">\n<div class=\"mkdf-post-text-main\">\n<div class=\"page-title-head hgroup\">\n<div class=\"page-title-head hgroup\">\n<div class=\"mkdf-post-text\">\n<div class=\"mkdf-post-text-inner\">\n<div class=\"mkdf-post-text-main\">\n<div class=\"mkdf-post-text\">\n<div class=\"mkdf-post-text-inner\">\n<div class=\"mkdf-post-text-main\">\n<div class=\"page-title-head hgroup\">\n<div class=\"page-title-head hgroup\">\n<div class=\"page-title-head hgroup\">\n<div class=\"page-title-head hgroup\">\n<div class=\"b654a4as d2edcug0\">\n<div class=\"page-title-head hgroup\">\n<div class=\"page-title-head hgroup\">\n<div class=\"page-title-head hgroup\">\n<div class=\"page-title-head hgroup\">\n<div class=\"b654a4as d2edcug0\">\n<div class=\"page-title-head hgroup\">\n<div class=\"page-title-head hgroup\">\n<div class=\"page-title-head hgroup\">\n<div class=\"page-title-head hgroup\">\n<div class=\"b654a4as d2edcug0\">\n<div class=\"ecm0bbzt e5nlhep0 a8c37x1j\">\n<div class=\"kvgmc6g5 cxmmr5t8 oygrvhab hcukyx3x c1et5uql\">\n<div class=\"gmail-kvgmc6g5 gmail-cxmmr5t8 gmail-oygrvhab gmail-hcukyx3x gmail-c1et5uql gmail-ii04i59q\">\n<div class=\"page-title-head hgroup\">\n<div class=\"page-title-head hgroup\">\n<div class=\"b654a4as d2edcug0\">\n<div class=\"j83agx80 btwxx1t3 lhclo0ds hop8lmos nkwizq5d scwd0bx6 roh60bw9\">\n<div class=\"rq0escxv hkbzh7o3 jwdofwj8 n8tt0mok r8blr3vg hyh9befq\">\n<div class=\"do00u71z l9j0dhe7 k4urcfbm\">\n<div class=\"page-title-head hgroup\">\n<div class=\"page-title-head hgroup\">\n<div class=\"page-title-head hgroup\">\n<div class=\"page-title-head hgroup\">\n<div class=\"b654a4as d2edcug0\">\n<div class=\"page-title-head hgroup\">\n<div class=\"page-title-head hgroup\">\n<div class=\"page-title-head hgroup\">\n<div class=\"page-title-head hgroup\">\n<div class=\"b654a4as d2edcug0\">\n<div class=\"page-title-head hgroup\">\n<div class=\"page-title-head hgroup\">\n<div class=\"page-title-head hgroup\">\n<div class=\"page-title-head hgroup\">\n<div class=\"page-title-head hgroup\">\n<div class=\"page-title-head hgroup\">\n<div class=\"page-title-head hgroup\">\n<div class=\"page-title-head hgroup\">\n<div class=\"page-title-head hgroup\">\n<div class=\"b654a4as d2edcug0\">\n<div class=\"page-title-head hgroup\">\n<div class=\"page-title-head hgroup\">\n<div class=\"page-title-head hgroup\">\n<div class=\"page-title-head hgroup\">\n<div class=\"b654a4as d2edcug0\">\n<div class=\"page-title-head hgroup\">\n<div class=\"page-title-head hgroup\">\n<div class=\"page-title-head hgroup\">\n<div class=\"page-title-head hgroup\">\n<div class=\"page-title-head hgroup\">\n<div class=\"mkdf-post-text\">\n<div class=\"mkdf-post-text-inner\">\n<div class=\"mkdf-post-text-main\">\n<div class=\"mkdf-post-text\">\n<div class=\"mkdf-post-text-inner\">\n<div class=\"mkdf-post-text-main\">\n<div class=\"mkdf-post-text\">\n<div class=\"mkdf-post-text-inner\">\n<div class=\"mkdf-post-text-main\">\n<div class=\"page-title-head hgroup\">\n<div class=\"page-title-head hgroup\">\n<div class=\"mkdf-post-text\">\n<div class=\"mkdf-post-text-inner\">\n<div class=\"mkdf-post-text-main\">\n<div class=\"mkdf-post-text\">\n<div class=\"mkdf-post-text-inner\">\n<div class=\"mkdf-post-text-main\">\n<div class=\"page-title-head hgroup\">\n<div class=\"page-title-head hgroup\">\n<div class=\"page-title-head hgroup\">\n<div class=\"page-title-head hgroup\">\n<div class=\"b654a4as d2edcug0\">\n<div class=\"page-title-head hgroup\">\n<div class=\"page-title-head hgroup\">\n<div class=\"page-title-head hgroup\">\n<div class=\"page-title-head hgroup\">\n<div class=\"b654a4as d2edcug0\">\n<div class=\"page-title-head hgroup\">\n<div class=\"page-title-head hgroup\">\n<div class=\"page-title-head hgroup\">\n<div class=\"page-title-head hgroup\">\n<div class=\"b654a4as d2edcug0\">\n<p>&nbsp;<\/p>\n<\/div>\n<div class=\"b654a4as d2edcug0\">\n<div class=\"ecm0bbzt e5nlhep0 a8c37x1j\">\n<div class=\"kvgmc6g5 cxmmr5t8 oygrvhab hcukyx3x c1et5uql\">\n<div class=\"gmail-kvgmc6g5 gmail-cxmmr5t8 gmail-oygrvhab gmail-hcukyx3x gmail-c1et5uql gmail-ii04i59q\">\n<div>\n<div class=\"page-title-head hgroup\">\n<div class=\"page-title-head hgroup\">\n<div class=\"b654a4as d2edcug0\">\n<div class=\"j83agx80 btwxx1t3 lhclo0ds hop8lmos nkwizq5d scwd0bx6 roh60bw9\">\n<div class=\"rq0escxv hkbzh7o3 jwdofwj8 n8tt0mok r8blr3vg hyh9befq\">\n<div class=\"do00u71z l9j0dhe7 k4urcfbm\">\n<div>\n<div class=\"page-title-head hgroup\">\n<div class=\"page-title-head hgroup\">\n<div class=\"page-title-head hgroup\">\n<div class=\"page-title-head hgroup\">\n<div class=\"b654a4as d2edcug0\">\n<div class=\"page-title-head hgroup\">\n<div class=\"page-title-head hgroup\">\n<div class=\"page-title-head hgroup\">\n<div class=\"page-title-head hgroup\">\n<div class=\"b654a4as d2edcug0\">\n<div class=\"page-title-head hgroup\">\n<div class=\"page-title-head hgroup\">\n<div class=\"page-title-head hgroup\">\n<div class=\"page-title-head hgroup\">\n<div class=\"page-title-head hgroup\">\n<div class=\"mkdf-post-text\">\n<div class=\"mkdf-post-text-inner\">\n<div class=\"mkdf-post-text-main\">\n<div class=\"mkdf-post-text\">\n<div class=\"mkdf-post-text-inner\">\n<div class=\"mkdf-post-text-main\">\n<div class=\"mkdf-post-text\">\n<div class=\"mkdf-post-text-inner\">\n<div class=\"mkdf-post-text-main\">\n<div class=\"page-title-head hgroup\">\n<div class=\"page-title-head hgroup\">\n<div class=\"mkdf-post-text\">\n<div class=\"mkdf-post-text-inner\">\n<div class=\"mkdf-post-text-main\">\n<div class=\"mkdf-post-text\">\n<div class=\"mkdf-post-text-inner\">\n<div class=\"mkdf-post-text-main\">\n<div>\n<div class=\"page-title-head hgroup\">\n<div class=\"page-title-head hgroup\">\n<div>\n<div class=\"page-title-head hgroup\">\n<div class=\"page-title-head hgroup\">\n<div class=\"b654a4as d2edcug0\">\n<div>\n<div class=\"page-title-head hgroup\" style=\"text-align: left;\">\n<div class=\"page-title-head hgroup\">\n<div dir=\"auto\">\n<p><a class=\"dt-pswp-item pspw-wrap-ready\" href=\"https:\/\/i0.wp.com\/www.radiopiu.net\/wordpress\/wp-content\/uploads\/2018\/09\/WhatsApp-Image-2018-09-20-at-16.04.06.jpeg?ssl=1\" data-dt-img-description=\"\" data-large_image_width=\"800\" data-large_image_height=\"100\"><img loading=\"lazy\" decoding=\"async\" class=\"aligncenter wp-image-61378 size-full jetpack-lazy-image jetpack-lazy-image--handled\" src=\"https:\/\/i0.wp.com\/www.radiopiu.net\/wordpress\/wp-content\/uploads\/2018\/09\/WhatsApp-Image-2018-09-20-at-16.04.06.jpeg?resize=800%2C100&amp;ssl=1\" sizes=\"auto, (max-width: 800px) 100vw, 800px\" srcset=\"https:\/\/i0.wp.com\/www.radiopiu.net\/wordpress\/wp-content\/uploads\/2018\/09\/WhatsApp-Image-2018-09-20-at-16.04.06.jpeg?w=800&amp;ssl=1 800w, https:\/\/i0.wp.com\/www.radiopiu.net\/wordpress\/wp-content\/uploads\/2018\/09\/WhatsApp-Image-2018-09-20-at-16.04.06.jpeg?resize=300%2C38&amp;ssl=1 300w, https:\/\/i0.wp.com\/www.radiopiu.net\/wordpress\/wp-content\/uploads\/2018\/09\/WhatsApp-Image-2018-09-20-at-16.04.06.jpeg?resize=768%2C96&amp;ssl=1 768w\" alt=\"\" width=\"800\" height=\"100\" data-lazy-loaded=\"1\" \/><\/a><\/p>\n<\/div>\n<\/div>\n<\/div>\n<\/div>\n<\/div>\n<\/div>\n<\/div>\n<\/div>\n<\/div>\n<\/div>\n<\/div>\n<\/div>\n<\/div>\n<\/div>\n<\/div>\n<\/div>\n<\/div>\n<\/div>\n<\/div>\n<\/div>\n<\/div>\n<\/div>\n<\/div>\n<\/div>\n<\/div>\n<\/div>\n<\/div>\n<\/div>\n<\/div>\n<\/div>\n<\/div>\n<\/div>\n<\/div>\n<\/div>\n<\/div>\n<\/div>\n<\/div>\n<\/div>\n<\/div>\n<\/div>\n<\/div>\n<\/div>\n<\/div>\n<\/div>\n<\/div>\n<\/div>\n<\/div>\n<\/div>\n<\/div>\n<\/div>\n<\/div>\n<\/div>\n<\/div>\n<\/div>\n<\/div>\n<\/div>\n<\/div>\n<\/div>\n<\/div>\n<\/div>\n<\/div>\n<\/div>\n<\/div>\n<\/div>\n<\/div>\n<\/div>\n<\/div>\n<\/div>\n<\/div>\n<\/div>\n<\/div>\n<\/div>\n<\/div>\n<\/div>\n<\/div>\n<\/div>\n<\/div>\n<\/div>\n<\/div>\n<\/div>\n<\/div>\n<\/div>\n<\/div>\n<\/div>\n<\/div>\n<\/div>\n<\/div>\n<\/div>\n<\/div>\n<\/div>\n<\/div>\n<\/div>\n<\/div>\n<\/div>\n<\/div>\n<\/div>\n<\/div>\n<\/div>\n<\/div>\n<\/div>\n<\/div>\n<\/div>\n<\/div>\n<\/div>\n<\/div>\n<\/div>\n<\/div>\n<\/div>\n<\/div>\n<\/div>\n<\/div>\n<\/div>\n<\/div>\n<\/div>\n<\/div>\n<\/div>\n<\/div>\n<\/div>\n<\/div>\n<\/div>\n<\/div>\n<\/div>\n<\/div>\n<\/div>\n<\/div>\n<\/div>\n<\/div>\n<\/div>\n<\/div>\n<\/div>\n<\/div>\n<\/div>\n<\/div>\n<\/div>\n<\/div>\n<\/div>\n<\/div>\n<\/div>\n<\/div>\n<\/div>\n<\/div>\n<\/div>\n<\/div>\n<\/div>\n<\/div>\n<\/div>\n<\/div>\n<\/div>\n<\/div>\n<\/div>\n<\/div>\n<\/div>\n<\/div>\n<\/div>\n<\/div>\n<\/div>\n<\/div>\n<\/div>\n<\/div>\n<\/div>\n<\/div>\n<\/div>\n<\/div>\n<\/div>\n<\/div>\n<\/div>\n<\/div>\n<\/div>\n<\/div>\n<\/div>\n<\/div>\n<\/div>\n<\/div>\n<\/div>\n<\/div>\n<\/div>\n<\/div>\n<\/div>\n<\/div>\n<\/div>\n<\/div>\n<\/div>\n<\/div>\n<\/div>\n<\/div>\n<\/div>\n<\/div>\n<\/div>\n<\/div>\n<\/div>\n<\/div>\n<\/div>\n<\/div>\n<\/div>\n<\/div>\n<\/div>\n<\/div>\n<\/div>\n<\/div>\n<\/div>\n<\/div>\n<\/div>\n<\/div>\n<\/div>\n<\/div>\n<\/div>\n<\/div>\n<\/div>\n<\/div>\n<\/div>\n<\/div>\n<\/div>\n<\/div>\n<\/div>\n<\/div>\n<\/div>\n<\/div>\n<\/div>\n<\/div>\n<\/div>\n<\/div>\n<\/div>\n<\/div>\n<\/div>\n<\/div>\n<\/div>\n<\/div>\n<\/div>\n<\/div>\n<\/div>\n<\/div>\n<p>&nbsp;<\/p>\n<p><b>Giovedi 3<\/b> <b>Tempo atteso: <\/b>Nella notte e fino al primissimo mattino residue nubi alte su prealpi in allontanamento verso sud, in giornata tempo ben soleggiato con cielo perlopi\u00f9 sereno ovunque. Da met\u00e0 pomeriggio e soprattutto in serata irregolare aumento della nuvolosit\u00e0 su tutti settori fino a nuvoloso.<br \/>\n<b>Precipitazioni: <\/b>Assenti in giornata (0%) in tarda serata non del tutto esclusi debolissimi fenomeni sparsi (10-20%) a partire da Dolomiti in trasferimento a Prealpi, eventualmente con qualche fiocco oltre i 600\/900 m.<br \/>\n<b>Temperature: <\/b>in generale lieve aumento in un contesto termico meno freddo, specie in quota, ma ancora con estese gelate mattutine. Su Prealpi a 1500 m: min 0 max 4, a 2000 m: min -2 max -1 Dolomiti a 2000 m: min -3 max 0, a 3000 m: min -10 max -9<br \/>\n<b>Venti: <\/b>Nelle valli deboli a regime di brezza, in quota deboli\/moderati da Nord\/Nordovest a 5-15 km\/h a 2000 m, 10-25 km\/h a 3000 m<\/p>\n<hr \/>\n<p><b>Venerdi 4<\/b> <b>Tempo atteso: <\/b>Nella notte e primissimo mattino nubi irregolari con qualche residuo e debolissimo fenomeno su Prealpi specie occidentali. In giornata cielo generalmente sereno o poco nuvoloso su Dolomiti mentre qualche nube bassa potrebbe attardarsi fino al mattino su Prealpi dove dalle ore centrali e nel pomeriggio potranno formarsi degli annuvolamenti irregolari.<br \/>\n<b>Precipitazioni: <\/b>Generalmente assenti su Dolomiti(0-10%), su Prealpi non esclusi debolissimi fenomeni residui nella notte e poi tra le ore centrali e nel pomeriggio (10-30 %) eventualmente nevosi oltre i 600\/800 m con accumuli irrisori.<br \/>\n<b>Temperature: <\/b>in generale calo a tutte le quote. Su Prealpi a 1500 m: min -4 max 0, a 2000 m: min -7 max -3 Su Dolomiti a 2000 m: min -7 max -4, a 3000 m: min -16 max -13<br \/>\n<b>Venti: <\/b>Nelle valli deboli a regime di brezza, in quota deboli\/moderati da Nord a 5-15 km\/h a 2000 m, 20-35 km\/h a 3000 m<\/p>\n<hr \/>\n<p><b>Sabato 5<\/b>Fino al primo mattino nuvolosit\u00e0 irregolare specie su Prealpi per nubi basse in graduale dissolvimento, poi ampie schiarite ovunque fino a sereno o poco nuvoloso su tutti i settori con il passaggio di qualche nube medio-alta durante la giornata. In serata possibile formazione di nubi basse su Prealpi. Temperature in ulteriore calo con valori al di sotto della media del periodo. Venti in quota deboli\/moderati da nordest.<\/p>\n<hr \/>\n<p><b>Domenica 6<\/b>Tempo stabile e soleggiato, con cielo sereno ed ottima visibilit\u00e0 ad eccezione di qualche possibile nube bassa su Prealpi fino al primo mattino e qualche cumulo pomeridiano sulle cime. Temperature in generale aumento specie in quota su Dolomiti ma il contesto termico rimarr\u00e0 freddo per il periodo specie al mattino con estese gelate (a parit\u00e0 di quota far\u00e0 pi\u00f9 freddo su Prealpi rispetto alle Dolomiti) Venti in quota deboli o moderati da Nord est. Previsore: DDL<\/p>\n<p>&nbsp;<\/p>\n<hr \/>\n<p>&nbsp;<\/p>\n<p><img loading=\"lazy\" decoding=\"async\" class=\"wp-image-60761 size-full aligncenter\" src=\"https:\/\/www.radiopiu.net\/wordpress\/wp-content\/uploads\/2018\/09\/sport.jpg\" alt=\"\" width=\"800\" height=\"100\" srcset=\"https:\/\/www.radiopiu.net\/wordpress\/wp-content\/uploads\/2018\/09\/sport.jpg 800w, https:\/\/www.radiopiu.net\/wordpress\/wp-content\/uploads\/2018\/09\/sport-300x38.jpg 300w, https:\/\/www.radiopiu.net\/wordpress\/wp-content\/uploads\/2018\/09\/sport-768x96.jpg 768w\" sizes=\"auto, (max-width: 800px) 100vw, 800px\" \/><\/p>\n<p><b>\u00a0 \u00a0<\/b><\/p>\n<p><span style=\"color: #0000ff;\"><strong>HOCKEY SU GHIACCIO<\/strong><\/span><\/p>\n<blockquote>\n<h3>AD ALLEGHE SI GIOCA GARA 3 DEI QUARTI DI FINALE IHL. LE CIVETTE CI CREDONO<\/h3>\n<\/blockquote>\n<p><strong><a class=\"dt-pswp-item\" href=\"https:\/\/www.radiopiu.net\/wordpress\/wp-content\/uploads\/2019\/08\/logo-alleghe-hockey.png\" data-dt-img-description=\"\" data-large_image_width=\"547\" data-large_image_height=\"512\"><img loading=\"lazy\" decoding=\"async\" class=\"size-medium wp-image-95699 alignleft\" src=\"https:\/\/www.radiopiu.net\/wordpress\/wp-content\/uploads\/2019\/08\/logo-alleghe-hockey-300x281.png\" alt=\"\" width=\"300\" height=\"281\" srcset=\"https:\/\/www.radiopiu.net\/wordpress\/wp-content\/uploads\/2019\/08\/logo-alleghe-hockey-300x281.png 300w, https:\/\/www.radiopiu.net\/wordpress\/wp-content\/uploads\/2019\/08\/logo-alleghe-hockey.png 547w\" sizes=\"auto, (max-width: 300px) 100vw, 300px\" \/><\/a>di Roberto Miana, portavoce dell&#8217;Alleghe Hockey<\/strong><\/p>\n<p>Al termine di gara 2 il Pergine si trova sorprendentemente avanti 2-0 nella serie, avendo avuto la meglio sull\u2019Alleghe 5-3 anche in terra trentina, dopo la vittoria ottenuta sabato al \u201cDe Toni\u201d. Nonostante la sconfitta gli agordini sono usciti dal ghiaccio della Sapiens Arena a testa alta, lottando fino all&#8217;ultimo secondo del match e consci di aver disputato una buona gara con il grande rammarico per\u00f2 di non essere stati cinici nello sfruttare i tanti minuti di superiorit\u00e0 numerica avuti a disposizione. Le Linci sono partite subito forte trovando il vantaggio dopo pochi minuti dall\u2019inizio della gara. Brave le Civette a non scomporsi e rimettere in parit\u00e0 la contesa con Edgar De Toni e compiere il sorpasso con un gran gol di Riccardo Dell&#8217;Osbel. I padroni di casa per\u00f2 non ci stanno e reagiscono con tre marcature consecutive che li porta sul doppio vantaggio prima della marcatura nel finale di capitan Milos Ganz che riaccende la speranza spenta dai Valsuganotti sulla sirena finale.<br \/>\nNulla \u00e8 perduto per i nostri ragazzi, la serie \u00e8 ancora lunga, si gioca al meglio delle sette gare, ovvero passa in semifinale la prima squadra che vince quattro partite. Ora si torna sul ghiaccio per gara 3 gioved\u00ec sotto al Civetta, con la consapevolezza che le prime due partite sono vissute sul filo dell&#8217;equilibrio e la squadra di coach Fontana ha il carattere e tutte le carte in regola per provare a ribaltare la serie.<\/p>\n<p><strong>ALLEGHE Hockey &#8211; Hockey PERGINE Sapiens <\/strong>Gara 3\u00a0 quarti playoff. Gioved\u00ec 3 marzo ore 20:30 \u2013 Stadio \u201cAlvise De Toni\u201d di Alleghe (BL). Arbitri:\u200b Marco Bagozza e Federico Rivis con giudici di linea Fabrizio De Toni e Andrea Rivis. PARTITA APERTA AL PUBBLICO. Come da disposizioni governative ingresso con SUPER GREEN PASS e mascherina FFP2. Collegamenti in DIRETTA RADIOFONICA su Radio Pi\u00f9 (www.radiopiu.net) con \u201cHockey al punto giusto\u201d, in studio Marco Gaz e dal &#8220;De Toni&#8221; interventi di Federico Paganin<\/p>\n<p>&nbsp;<\/p>\n<hr \/>\n<p>&nbsp;<\/p>\n<p>&nbsp;<\/p>\n<h3><a class=\"dt-pswp-item\" href=\"https:\/\/www.radiopiu.net\/wordpress\/wp-content\/uploads\/2022\/03\/59118795-5581-456f-8859-fe0fc2932da6.jpg\" data-dt-img-description=\"\" data-large_image_width=\"1080\" data-large_image_height=\"1080\"><img loading=\"lazy\" decoding=\"async\" class=\" wp-image-262460 alignleft\" src=\"https:\/\/www.radiopiu.net\/wordpress\/wp-content\/uploads\/2022\/03\/59118795-5581-456f-8859-fe0fc2932da6-300x300.jpg\" alt=\"\" width=\"129\" height=\"129\" srcset=\"https:\/\/www.radiopiu.net\/wordpress\/wp-content\/uploads\/2022\/03\/59118795-5581-456f-8859-fe0fc2932da6-300x300.jpg 300w, https:\/\/www.radiopiu.net\/wordpress\/wp-content\/uploads\/2022\/03\/59118795-5581-456f-8859-fe0fc2932da6-1024x1024.jpg 1024w, https:\/\/www.radiopiu.net\/wordpress\/wp-content\/uploads\/2022\/03\/59118795-5581-456f-8859-fe0fc2932da6-150x150.jpg 150w, https:\/\/www.radiopiu.net\/wordpress\/wp-content\/uploads\/2022\/03\/59118795-5581-456f-8859-fe0fc2932da6-768x768.jpg 768w, https:\/\/www.radiopiu.net\/wordpress\/wp-content\/uploads\/2022\/03\/59118795-5581-456f-8859-fe0fc2932da6.jpg 1080w\" sizes=\"auto, (max-width: 129px) 100vw, 129px\" \/><\/a>LA TIFOSERIA DEL FELTREGHIACCIO ORGANIZZA UNA CORRIERA PER GARA 3 A BOLZANO<\/h3>\n<p><strong>FELTRE<\/strong> Il sogno del Feltreghiaccio di accedere alle semifinali della IHL Division I continua. Sabato a Bolzano si giocher\u00e0 Gara 3 contro il Bolzano\/Trento e la tifoseria feltrina ha organizzato una corriera per andare in terra altoatesina e tifare la squadra di Feltre.<\/p>\n<p><strong>LUCA ZANELLA, UNO DEGLI ORGANIZZATORI DELLA TRASFERTA<\/strong><\/p>\n<audio class=\"wp-audio-shortcode\" id=\"audio-262461-13\" preload=\"none\" style=\"width: 100%;\" controls=\"controls\"><source type=\"audio\/mpeg\" src=\"https:\/\/www.radiopiu.net\/wordpress\/wp-content\/uploads\/2022\/03\/ZANELLA-CORRIERA-FELTREGHIACCIO.mp3?_=13\" \/><a href=\"https:\/\/www.radiopiu.net\/wordpress\/wp-content\/uploads\/2022\/03\/ZANELLA-CORRIERA-FELTREGHIACCIO.mp3\">https:\/\/www.radiopiu.net\/wordpress\/wp-content\/uploads\/2022\/03\/ZANELLA-CORRIERA-FELTREGHIACCIO.mp3<\/a><\/audio>\n<p>&nbsp;<\/p>\n<p>&nbsp;<\/p>\n<p>&nbsp;<\/p>\n<hr \/>\n<p>&nbsp;<\/p>\n<p><span style=\"color: #0000ff;\"><strong>CALCIO<\/strong><\/span><\/p>\n<blockquote>\n<h3>OBBIETTIVO SALVEZZA SEMPRE PIU&#8217; VICINO PER L&#8217;AGORDINA DI LORENZI<\/h3>\n<\/blockquote>\n<p><strong><a class=\"dt-pswp-item\" href=\"https:\/\/www.radiopiu.net\/wordpress\/wp-content\/uploads\/2019\/09\/AGORDINA-CALCIO.jpeg\" data-dt-img-description=\"\" data-large_image_width=\"225\" data-large_image_height=\"225\"><img loading=\"lazy\" decoding=\"async\" class=\" wp-image-97575 alignleft\" src=\"https:\/\/www.radiopiu.net\/wordpress\/wp-content\/uploads\/2019\/09\/AGORDINA-CALCIO.jpeg\" alt=\"\" width=\"155\" height=\"155\" srcset=\"https:\/\/www.radiopiu.net\/wordpress\/wp-content\/uploads\/2019\/09\/AGORDINA-CALCIO.jpeg 225w, https:\/\/www.radiopiu.net\/wordpress\/wp-content\/uploads\/2019\/09\/AGORDINA-CALCIO-150x150.jpeg 150w\" sizes=\"auto, (max-width: 155px) 100vw, 155px\" \/><\/a>AGORDO<\/strong> Continua il momento positivo dell&#8217;Agordina allenata da Marco Lorenzi che domenica scorsa ha incamerato la seconda vittoria consecutiva. A pagarne le spese un Gemelle che dal 20&#8242; \u00e8 rimasto in dieci per l&#8217;espulsione di un difensore per fallo da ultimo uomo. Un 5 a 0 per gli agordini che fa ben sperare per il proseguo della stagione. Infatti la squadra di Agordo occupa la quarta posizione in classifica, a soli 9 punti dalla capolista, e l&#8217;obbiettivo salvezza prefissato ad inizio stagione potrebbe trasformarsi in obbiettivo primo posto. Peccato che quest&#8217;anno non ci siano i playoff altrimenti l&#8217;Agordina poteva lottare seriamente per il salto di categoria.<\/p>\n<p><strong>DIEGO ZANNONI, GIOCATORE DELL&#8217;AGORDINA<\/strong><\/p>\n<audio class=\"wp-audio-shortcode\" id=\"audio-262461-14\" preload=\"none\" style=\"width: 100%;\" controls=\"controls\"><source type=\"audio\/mpeg\" src=\"https:\/\/www.radiopiu.net\/wordpress\/wp-content\/uploads\/2022\/03\/ZANNONI-GEMELLE.mp3?_=14\" \/><a href=\"https:\/\/www.radiopiu.net\/wordpress\/wp-content\/uploads\/2022\/03\/ZANNONI-GEMELLE.mp3\">https:\/\/www.radiopiu.net\/wordpress\/wp-content\/uploads\/2022\/03\/ZANNONI-GEMELLE.mp3<\/a><\/audio>\n<p>&nbsp;<\/p>\n<hr \/>\n<p>&nbsp;<\/p>\n<\/div>\n<\/div>\n<\/div>\n<\/div>\n<\/div>\n<\/div>\n<\/div>\n<\/div>\n<\/div>\n<\/div>\n<\/div>\n<\/div>\n<\/div>\n<\/div>\n<\/div>\n<\/div>\n<\/div>\n<\/div>\n<\/div>\n<\/div>\n<\/div>\n<\/div>\n<\/div>\n<\/div>\n<\/div>\n<\/div>\n<\/div>\n<\/div>\n<\/div>\n<\/div>\n<\/div>\n<\/div>\n<\/div>\n<\/div>\n<\/div>\n<\/div>\n<\/div>\n<\/div>\n<\/div>\n<\/div>\n<\/div>\n<\/div>\n<\/div>\n<\/div>\n<\/div>\n<\/div>\n<\/div>\n<\/div>\n<\/div>\n<\/div>\n<\/div>\n<\/div>\n<\/div>\n<\/div>\n<\/div>\n<\/div>\n<\/div>\n<\/div>\n<\/div>\n<\/div>\n<\/div>\n<\/div>\n<\/div>\n<\/div>\n<\/div>\n<\/div>\n<\/div>\n<\/div>\n<\/div>\n<\/div>\n<\/div>\n<\/div>\n<\/div>\n<\/div>\n<\/div>\n<\/div>\n<\/div>\n<\/div>\n<\/div>\n<\/div>\n<\/div>\n<\/div>\n<\/div>\n<\/div>\n<\/div>\n<\/div>\n<\/div>\n<\/div>\n<\/div>\n<\/div>\n<\/div>\n<\/div>\n<\/div>\n<\/div>\n<\/div>\n<\/div>\n<\/div>\n<\/div>\n<\/div>\n<\/div>\n<\/div>\n<\/div>\n<\/div>\n<\/div>\n<\/div>\n<\/div>\n<\/div>\n<\/div>\n<\/div>\n<\/div>\n","protected":false},"excerpt":{"rendered":"<p>INFORMAZIONE il canale su TELEGRAM informazione di prima mano e in tempo reale. iscriviti ed aiutaci a farlo conoscere\u00a0\u00a0 CONTRO I FUCILI I CARRI ARMATI E BOMBE&#8230; DANILO SACCO &#8220;Che non siano i padri a seppellire i figli&#8221; &nbsp; &nbsp; IL MESSAGGIO ALLA RADIO&#8230;. montaggio David Ben\u00a0 &nbsp; &nbsp; UN AIUTO ALL&#8217;UCRAINA DALL&#8217;AGORDINO CANALE D&#8217;AGORDO&hellip;<\/p>\n","protected":false},"author":4,"featured_media":262650,"comment_status":"closed","ping_status":"closed","sticky":false,"template":"","format":"standard","meta":{"_monsterinsights_skip_tracking":false,"_monsterinsights_sitenote_active":false,"_monsterinsights_sitenote_note":"","_monsterinsights_sitenote_category":0,"footnotes":""},"categories":[104,86,49],"tags":[],"class_list":["post-262461","post","type-post","status-publish","format-standard","has-post-thumbnail","hentry","category-evidenza_3","category-gr","category-news-18","category-104","category-86","category-49","description-off"],"img_url":"https:\/\/www.radiopiu.net\/wordpress\/wp-content\/uploads\/2022\/03\/salt_20220302_172649_582.jpg","_links":{"self":[{"href":"https:\/\/www.radiopiu.net\/wordpress\/wp-json\/wp\/v2\/posts\/262461","targetHints":{"allow":["GET"]}}],"collection":[{"href":"https:\/\/www.radiopiu.net\/wordpress\/wp-json\/wp\/v2\/posts"}],"about":[{"href":"https:\/\/www.radiopiu.net\/wordpress\/wp-json\/wp\/v2\/types\/post"}],"author":[{"embeddable":true,"href":"https:\/\/www.radiopiu.net\/wordpress\/wp-json\/wp\/v2\/users\/4"}],"replies":[{"embeddable":true,"href":"https:\/\/www.radiopiu.net\/wordpress\/wp-json\/wp\/v2\/comments?post=262461"}],"version-history":[{"count":0,"href":"https:\/\/www.radiopiu.net\/wordpress\/wp-json\/wp\/v2\/posts\/262461\/revisions"}],"wp:featuredmedia":[{"embeddable":true,"href":"https:\/\/www.radiopiu.net\/wordpress\/wp-json\/wp\/v2\/media\/262650"}],"wp:attachment":[{"href":"https:\/\/www.radiopiu.net\/wordpress\/wp-json\/wp\/v2\/media?parent=262461"}],"wp:term":[{"taxonomy":"category","embeddable":true,"href":"https:\/\/www.radiopiu.net\/wordpress\/wp-json\/wp\/v2\/categories?post=262461"},{"taxonomy":"post_tag","embeddable":true,"href":"https:\/\/www.radiopiu.net\/wordpress\/wp-json\/wp\/v2\/tags?post=262461"}],"curies":[{"name":"wp","href":"https:\/\/api.w.org\/{rel}","templated":true}]}}