{"id":262655,"date":"2022-03-03T05:50:50","date_gmt":"2022-03-03T04:50:50","guid":{"rendered":"https:\/\/www.radiopiu.net\/wordpress\/?p=262655"},"modified":"2022-03-03T06:16:47","modified_gmt":"2022-03-03T05:16:47","slug":"crisi-ucraina-e-ospitalita-il-problema-sanitario","status":"publish","type":"post","link":"https:\/\/www.radiopiu.net\/wordpress\/crisi-ucraina-e-ospitalita-il-problema-sanitario\/","title":{"rendered":"CRISI UCRAINA E OSPITALITA&#8217;, IL PROBLEMA SANITARIO"},"content":{"rendered":"<p><strong><img loading=\"lazy\" decoding=\"async\" class=\"alignleft\" src=\"https:\/\/www.radiopiu.net\/wordpress\/wp-content\/uploads\/2022\/03\/720x410c50.jpg\" width=\"227\" height=\"129\" \/>BELLUNO<\/strong>\u00a0 Si \u00e8 tenuta oggi con riferimento alla crisi umanitaria in atto del popolo ucraino una prima riunione della \u201cCabina di regia\u201d in Prefettura.\u00a0 Al momento, il fenomeno \u00e8 limitato ad arrivi \u201cspontanei\u201d ed alla \u201cspicciolata\u201d di persone che trovano ospitalit\u00e0 usufruendo della rete parentale presente in provincia. Nell\u2019immediato: il un problema sanitario: la necessit\u00e0 di sottoporre tutte le persone in arrivo nel nostro territorio ad una rigorosa profilassi sanitaria, secondo le indicazioni gi\u00e0 fornite alle ULSS da una specifica circolare della Regione del Veneto. \u00a0 \u00a0 Rispetto a tale aspetto \u00e8 stata diramata una circolare ai Sindaci, in considerazione della loro veste di autorit\u00e0 sanitaria locale, affinch\u00e9 invitino tutte le persone della cui presenza nel territorio del proprio comune siano venuti a conoscenza a recarsi, immediatamente e senza necessit\u00e0 di prenotazione, se del caso favorendo l\u2019accompagnamento, al pi\u00f9 vicino centro tamponi predisposto dall\u2019ULSS n. 1 (presenti a Tai di Cadore, Sedico, Paludi, Agordo e Feltre).\u00a0 \u00a0La Direzione Generale dell\u2019USL n. 1 Dolomiti sta provvedendo ad attivare una casella di posta elettronica ed un numero telefonico dedicati ai quali i Sindaci potranno rivolgere quesiti e richieste di chiarimenti.<\/p>\n<p>&nbsp;<\/p>\n<p>&nbsp;<\/p>\n<p>+++<\/p>\n","protected":false},"excerpt":{"rendered":"<p>BELLUNO\u00a0 Si \u00e8 tenuta oggi con riferimento alla crisi umanitaria in atto del popolo ucraino una prima riunione della \u201cCabina di regia\u201d in Prefettura.\u00a0 Al momento, il fenomeno \u00e8 limitato ad arrivi \u201cspontanei\u201d ed alla \u201cspicciolata\u201d di persone che trovano ospitalit\u00e0 usufruendo della rete parentale presente in provincia. Nell\u2019immediato: il un problema sanitario: la necessit\u00e0&hellip;<\/p>\n","protected":false},"author":4,"featured_media":0,"comment_status":"closed","ping_status":"closed","sticky":false,"template":"","format":"standard","meta":{"_monsterinsights_skip_tracking":false,"_monsterinsights_sitenote_active":false,"_monsterinsights_sitenote_note":"","_monsterinsights_sitenote_category":0,"footnotes":""},"categories":[51,49],"tags":[],"class_list":["post-262655","post","type-post","status-publish","format-standard","hentry","category-evidenza-top","category-news-18","category-51","category-49","description-off"],"img_url":false,"_links":{"self":[{"href":"https:\/\/www.radiopiu.net\/wordpress\/wp-json\/wp\/v2\/posts\/262655","targetHints":{"allow":["GET"]}}],"collection":[{"href":"https:\/\/www.radiopiu.net\/wordpress\/wp-json\/wp\/v2\/posts"}],"about":[{"href":"https:\/\/www.radiopiu.net\/wordpress\/wp-json\/wp\/v2\/types\/post"}],"author":[{"embeddable":true,"href":"https:\/\/www.radiopiu.net\/wordpress\/wp-json\/wp\/v2\/users\/4"}],"replies":[{"embeddable":true,"href":"https:\/\/www.radiopiu.net\/wordpress\/wp-json\/wp\/v2\/comments?post=262655"}],"version-history":[{"count":0,"href":"https:\/\/www.radiopiu.net\/wordpress\/wp-json\/wp\/v2\/posts\/262655\/revisions"}],"wp:attachment":[{"href":"https:\/\/www.radiopiu.net\/wordpress\/wp-json\/wp\/v2\/media?parent=262655"}],"wp:term":[{"taxonomy":"category","embeddable":true,"href":"https:\/\/www.radiopiu.net\/wordpress\/wp-json\/wp\/v2\/categories?post=262655"},{"taxonomy":"post_tag","embeddable":true,"href":"https:\/\/www.radiopiu.net\/wordpress\/wp-json\/wp\/v2\/tags?post=262655"}],"curies":[{"name":"wp","href":"https:\/\/api.w.org\/{rel}","templated":true}]}}