{"id":262665,"date":"2022-03-03T05:00:24","date_gmt":"2022-03-03T04:00:24","guid":{"rendered":"https:\/\/www.radiopiu.net\/wordpress\/?p=262665"},"modified":"2022-03-03T06:18:25","modified_gmt":"2022-03-03T05:18:25","slug":"adesso-ti-spiego-luisa-luisa-di-radio-piu","status":"publish","type":"post","link":"https:\/\/www.radiopiu.net\/wordpress\/adesso-ti-spiego-luisa-luisa-di-radio-piu\/","title":{"rendered":"ADESSO TI SPIEGO LUISA&#8230; LUISA DI RADIO PIU&#8217;"},"content":{"rendered":"<blockquote><p><em><img loading=\"lazy\" decoding=\"async\" class=\"alignleft\" src=\"https:\/\/www.radiopiu.net\/wordpress\/wp-content\/uploads\/2022\/03\/89843574_3368204076528708_2148868946751651840_n-300x300.jpg\" width=\"88\" height=\"88\" \/>Nota Introduttiva:\u00a0 qualcuno sta per farmi notare l&#8217;errore: ho pubblicato un titolo al femminile, Luisa \u00e8 un nome femminile,\u00a0 ma al contempo ho messo nell&#8217;evidenza la foto di un uomo, comunque interessante. Giancarlo. Non \u00e8 un errore, \u00e8 una scelta. Perch\u00e9 si ritrova malauguratamente citato nelle parole che seguono, quindi me lo devo rabbonire\u00a0 anche se pubblicando le foto non \u00e8 certo abbia raggiunto lo scopo di placare la sua ira.<\/em><\/p><\/blockquote>\n<p>Luisa Alchini nell&#8217;ambiente della Radio Pi\u00f9 non \u00e8 un nome nuovo, nemmeno degli ultimi mesi o degli ultimi anni. Luisa c&#8217;era quando Radio Pi\u00f9 ha sparato il primo segnale sopra Cencenighe, da Bries di Agordo con un impegno notevole di Agostino Cadorin, Umberto Brancaleone e il mio tecnico Giancarlo Rova, 39 anni di collaborazione, 39 anni di consigli, litigate quando necessario, perch\u00e9 con il tempo ha capito che bastava lasciarmi parlare un po&#8217; per concludere quanto non avessi capito nulla. Giancarlo \u00e8 stato ed \u00e8, anche se si vanta di essere in pensione, il Primario delle frequenze,\u00a0 il guru delle frequenze di Radio Pi\u00f9. Ma il discorso iniziale era riferito a Luisa, senza nulla togliere al fascino del Rova (scusa per la foto Giancarlo ma \u00e8 perfetta per aumentare il numero di &#8220;clik&#8221; al femminile).<\/p>\n<p>Luisa Alchini&#8230;di Cencenighe. Nove anni fa, quando \u00e8 uscito il mio libro &#8220;Odio la Radio&#8221;, Luisa era inchiostrata <em>&#8220;Altra gran bella donna &#8211; scrivevo &#8211;\u00a0 altra bella voce. E&#8217; stato bello ritrovarla a Santa Giustina nella lunga diretta di 12 ore di \u201cBellunart\u201d, o qualche mese dopo sulla stessa piazza con la Mostra dell&#8217;Artigianato. Luisa in radio era creativa&#8221;.<\/em><br \/>\n<a class=\"dt-pswp-item\" href=\"https:\/\/www.radiopiu.net\/wordpress\/wp-content\/uploads\/2022\/02\/LUISA-ALCHINI.jpg\" data-dt-img-description=\"\" data-large_image_width=\"1944\" data-large_image_height=\"1948\"><img loading=\"lazy\" decoding=\"async\" class=\" wp-image-259064 alignleft\" src=\"https:\/\/www.radiopiu.net\/wordpress\/wp-content\/uploads\/2022\/02\/LUISA-ALCHINI-300x300.jpg\" alt=\"\" width=\"192\" height=\"192\" srcset=\"https:\/\/www.radiopiu.net\/wordpress\/wp-content\/uploads\/2022\/02\/LUISA-ALCHINI-300x300.jpg 300w, https:\/\/www.radiopiu.net\/wordpress\/wp-content\/uploads\/2022\/02\/LUISA-ALCHINI-1022x1024.jpg 1022w, https:\/\/www.radiopiu.net\/wordpress\/wp-content\/uploads\/2022\/02\/LUISA-ALCHINI-150x150.jpg 150w, https:\/\/www.radiopiu.net\/wordpress\/wp-content\/uploads\/2022\/02\/LUISA-ALCHINI-768x770.jpg 768w, https:\/\/www.radiopiu.net\/wordpress\/wp-content\/uploads\/2022\/02\/LUISA-ALCHINI-1533x1536.jpg 1533w, https:\/\/www.radiopiu.net\/wordpress\/wp-content\/uploads\/2022\/02\/LUISA-ALCHINI.jpg 1944w\" sizes=\"auto, (max-width: 192px) 100vw, 192px\" \/><\/a>Nove anni dopo lo ribadisco.<br \/>\nHo avuto l&#8217;occasione di conoscerla a 20 anni, tutte le belle ragazze di allora nell&#8217;et\u00e0 da rivoluzione ormonale stazionavano in via 27 aprile\u00a0 ad Agordo. Puntavano la Caserma degli Alpini:\u00a0 tanti ragazzi, da tutta Italia, di tutti i generi roba da super market. Agordo pullulava di alpini. Ho avuto dunque l&#8217;occasione a 18 anni di arrivare a fare la naja ad Agordo, super raccomandato ma perch\u00e9 avevo la RadioPi\u00f9 da mandare avanti, una doppia naja<em> &#8220;casa- bottega&#8221;<\/em> direbbe Antimo,\u00a0 perch\u00e8 non c&#8217;erano i computer e per far girare la bobina non c&#8217;erano alternative alla presenza. Antimo, Pippo, Emilio, Adriana si sono spesi parecchio perch\u00e9 Mirko facesse l&#8217;alpino ad Agordo. Ci sono dei retro scena molto interessanti sul come io sia arrivato ad Agordo dalla Fantuzzi di Belluno, ma credo li rivelero&#8217; in un libro di quelli che chiamano postumo, solo allora potr\u00e0 leggerlo anche il mio amico,\u00a0 allora Capitano Zanetti, figlio d&#8217;arte di un uomo per me indimenticabile.<br \/>\nDa li&#8217; nasce l&#8217;amicizia con Luisa di Radio Pi\u00f9\u00a0 &#8211; cosi&#8217; e&#8217; sempre stata, amicizia,\u00a0 quindi da subito eventuali malintesi sono chiariti &#8211;\u00a0 un&#8217;amicizia che l&#8217;ha portata in radio, frizzante con i suoi programmi musicali, era una dj che faceva ascoltare la Radio. Detto tra noi, era uno spettacolo, che poi gli piaceva tirarsela un po&#8217; dal momento che aveva l&#8217;opportunit\u00e0 di farlo, Luisa, camicetta, minigonna e calze nere a 18 anni un gran bel mix. Magari un giorno gli chiedo se mi\u00a0 presta una foto.<br \/>\nPoi \u00e8 sparita per un po&#8217;&#8230; ma quando \u00e8 tornata a Radio Pi\u00f9 ha dato il meglio di sempre. Una maturazione professionale notevole. Un programma come El Darlin con le testimonianze dei nostri anziani. Raggi di Voce, Leggermente Bellunesi&#8230; sono alcune delle sue creazioni che comunque rimarranno nella storia della Radio Pi\u00f9. Orgoglioso e felice di averla ancora in questa potente squadra radiofonica che affonda le sue radici nel pieno degli anni Ottanta.<\/p>\n<p>mirko<\/p>\n<p>&nbsp;<\/p>\n","protected":false},"excerpt":{"rendered":"<p>Nota Introduttiva:\u00a0 qualcuno sta per farmi notare l&#8217;errore: ho pubblicato un titolo al femminile, Luisa \u00e8 un nome femminile,\u00a0 ma al contempo ho messo nell&#8217;evidenza la foto di un uomo, comunque interessante. Giancarlo. Non \u00e8 un errore, \u00e8 una scelta. Perch\u00e9 si ritrova malauguratamente citato nelle parole che seguono, quindi me lo devo rabbonire\u00a0 anche&hellip;<\/p>\n","protected":false},"author":4,"featured_media":262666,"comment_status":"closed","ping_status":"closed","sticky":false,"template":"","format":"standard","meta":{"_monsterinsights_skip_tracking":false,"_monsterinsights_sitenote_active":false,"_monsterinsights_sitenote_note":"","_monsterinsights_sitenote_category":0,"footnotes":""},"categories":[104,49],"tags":[],"class_list":["post-262665","post","type-post","status-publish","format-standard","has-post-thumbnail","hentry","category-evidenza_3","category-news-18","category-104","category-49","description-off"],"img_url":"https:\/\/www.radiopiu.net\/wordpress\/wp-content\/uploads\/2022\/03\/89843574_3368204076528708_2148868946751651840_n.jpg","_links":{"self":[{"href":"https:\/\/www.radiopiu.net\/wordpress\/wp-json\/wp\/v2\/posts\/262665","targetHints":{"allow":["GET"]}}],"collection":[{"href":"https:\/\/www.radiopiu.net\/wordpress\/wp-json\/wp\/v2\/posts"}],"about":[{"href":"https:\/\/www.radiopiu.net\/wordpress\/wp-json\/wp\/v2\/types\/post"}],"author":[{"embeddable":true,"href":"https:\/\/www.radiopiu.net\/wordpress\/wp-json\/wp\/v2\/users\/4"}],"replies":[{"embeddable":true,"href":"https:\/\/www.radiopiu.net\/wordpress\/wp-json\/wp\/v2\/comments?post=262665"}],"version-history":[{"count":0,"href":"https:\/\/www.radiopiu.net\/wordpress\/wp-json\/wp\/v2\/posts\/262665\/revisions"}],"wp:featuredmedia":[{"embeddable":true,"href":"https:\/\/www.radiopiu.net\/wordpress\/wp-json\/wp\/v2\/media\/262666"}],"wp:attachment":[{"href":"https:\/\/www.radiopiu.net\/wordpress\/wp-json\/wp\/v2\/media?parent=262665"}],"wp:term":[{"taxonomy":"category","embeddable":true,"href":"https:\/\/www.radiopiu.net\/wordpress\/wp-json\/wp\/v2\/categories?post=262665"},{"taxonomy":"post_tag","embeddable":true,"href":"https:\/\/www.radiopiu.net\/wordpress\/wp-json\/wp\/v2\/tags?post=262665"}],"curies":[{"name":"wp","href":"https:\/\/api.w.org\/{rel}","templated":true}]}}