{"id":262675,"date":"2022-03-04T06:01:52","date_gmt":"2022-03-04T05:01:52","guid":{"rendered":"https:\/\/www.radiopiu.net\/wordpress\/?p=262675"},"modified":"2022-03-04T09:00:04","modified_gmt":"2022-03-04T08:00:04","slug":"giornale-radiopiu-04-marzo-2022-direttore-mirko-mezzacasa","status":"publish","type":"post","link":"https:\/\/www.radiopiu.net\/wordpress\/giornale-radiopiu-04-marzo-2022-direttore-mirko-mezzacasa\/","title":{"rendered":"GIORNALE RADIOPIU 04 MARZO 2022 DIRETTORE MIRKO MEZZACASA"},"content":{"rendered":"<blockquote>\n<h3>LA COPERTINA DEL GIORNALE: LA FOTO VIRALE DI MARCELLA GIULIA PACE<\/h3>\n<\/blockquote>\n<p><a class=\"dt-pswp-item\" href=\"https:\/\/www.radiopiu.net\/wordpress\/wp-content\/uploads\/2022\/03\/274603175_4767372933298191_2742616551399667689_n.jpg\" data-dt-img-description=\"\" data-large_image_width=\"526\" data-large_image_height=\"585\"><img loading=\"lazy\" decoding=\"async\" class=\" wp-image-262870 alignleft\" src=\"https:\/\/www.radiopiu.net\/wordpress\/wp-content\/uploads\/2022\/03\/274603175_4767372933298191_2742616551399667689_n-270x300.jpg\" alt=\"\" width=\"226\" height=\"251\" srcset=\"https:\/\/www.radiopiu.net\/wordpress\/wp-content\/uploads\/2022\/03\/274603175_4767372933298191_2742616551399667689_n-270x300.jpg 270w, https:\/\/www.radiopiu.net\/wordpress\/wp-content\/uploads\/2022\/03\/274603175_4767372933298191_2742616551399667689_n.jpg 526w\" sizes=\"auto, (max-width: 226px) 100vw, 226px\" \/><\/a><strong>FONTE<\/strong> <a class=\"oajrlxb2 g5ia77u1 qu0x051f esr5mh6w e9989ue4 r7d6kgcz rq0escxv nhd2j8a9 nc684nl6 p7hjln8o kvgmc6g5 cxmmr5t8 oygrvhab hcukyx3x jb3vyjys rz4wbd8a qt6c0cv9 a8nywdso i1ao9s8h esuyzwwr f1sip0of lzcic4wl gmql0nx0 gpro0wi8 lrazzd5p\" tabindex=\"-1\" role=\"link\" href=\"https:\/\/www.facebook.com\/PassioneAstronomia\/?__cft__[0]=AZUXBww8j-8qRG7XL_ruH6H4Ug7mG4sbHpLAWGijbnJf8j3AndpctbW7o6z5uMap5KZH7Db5M5gJajwgANqfZTTFQMgsZgrhXjed0DjYQaFOKoW2qvCHXUIHlL7IgcRFykw&amp;__tn__=%2Cd%3C%2CP-R\">Passione Astronomia<\/a> Sito Web scientifico<\/p>\n<p>15 tramonti disegnano il profilo del Monte Pelmo Per un mese, l\u2019astrofotografa <a class=\"oajrlxb2 g5ia77u1 qu0x051f esr5mh6w e9989ue4 r7d6kgcz rq0escxv nhd2j8a9 nc684nl6 p7hjln8o kvgmc6g5 cxmmr5t8 oygrvhab hcukyx3x jb3vyjys rz4wbd8a qt6c0cv9 a8nywdso i1ao9s8h esuyzwwr f1sip0of lzcic4wl gpro0wi8 q66pz984 b1v8xokw\" tabindex=\"0\" role=\"link\" href=\"https:\/\/www.facebook.com\/marcellagiuliapace\/?__cft__[0]=AZUXBww8j-8qRG7XL_ruH6H4Ug7mG4sbHpLAWGijbnJf8j3AndpctbW7o6z5uMap5KZH7Db5M5gJajwgANqfZTTFQMgsZgrhXjed0DjYQaFOKoW2qvCHXUIHlL7IgcRFykw&amp;__tn__=kK-R\"><span class=\"nc684nl6\">Marcella Giulia Pace &#8211; greenflash.photo<\/span><\/a> si \u00e8 data appuntamento, dalla stessa postazione (Villa Belvedere di san Vito di Cadore), con il tramonto, fotografandolo con il filtro Astrosolar poco prima che il Sole sparisse dietro il Monte Pelmo.<\/p>\n<div class=\"kvgmc6g5 cxmmr5t8 oygrvhab hcukyx3x c1et5uql ii04i59q\">\n<div dir=\"auto\"><\/div>\n<\/div>\n<div class=\"cxmmr5t8 oygrvhab hcukyx3x c1et5uql o9v6fnle ii04i59q\">\n<div dir=\"auto\">Nel suo tragitto apparente, il Sole non tramonta ogni giorno nello stesso punto ma si sposta, rispetto all\u2019OVEST, verso NORD dal Solstizio d\u2019Inverno a quello d\u2019estate e verso SUD dal solstizio d\u2019estate a quello d\u2019inverno. Solo agli equinozi il Sole sorge esattamente ad Est e tramonta esattamente ad OVEST. E\u2019 bastato un mese di ripresa quasi quotidiana per far ridisegnare al Sole il profilo di una delle pi\u00f9 belle montagne delle Dolomiti Bellunesi: il Pelmo. Complimenti da parte di tutti noi<\/div>\n<div dir=\"auto\"><span style=\"color: #0000ff;\"><strong>\u00a0<\/strong><\/span><\/div>\n<blockquote>\n<h2 dir=\"auto\"><span style=\"color: #000000;\"><strong> GLI SCATTI AL CIELO DI NICOLA CAMPO, AEREI UMANITARI SOPRA LE DOLOMITI<\/strong><\/span><\/h2>\n<\/blockquote>\n<div dir=\"auto\">\n<p><strong>REDAZIONE<\/strong> Pubblichiamo\u00a0 le tre foto di Nicola Campo,\u00a0 si tratta di aerei Antonov an 124 100 passati ieri sui nostri cieli con voli umanitari per La guerra in Ukraina . Decollati da Istres ( Francia ) per Constanta ( Romania ) . Sono gi\u00e0 2 giorni Che solcano il cielo, al mattino e verso le 13.<\/p>\n\n\t\t\t<style type='text\/css'>\n\t\t\t\t#gallery-1 {\n\t\t\t\t\tmargin: auto;\n\t\t\t\t}\n\t\t\t\t#gallery-1 .gallery-item {\n\t\t\t\t\tfloat: left;\n\t\t\t\t\tmargin-top: 10px;\n\t\t\t\t\ttext-align: center;\n\t\t\t\t\twidth: 33%;\n\t\t\t\t}\n\t\t\t\t#gallery-1 img {\n\t\t\t\t\tborder: 2px solid #cfcfcf;\n\t\t\t\t}\n\t\t\t\t#gallery-1 .gallery-caption {\n\t\t\t\t\tmargin-left: 0;\n\t\t\t\t}\n\t\t\t\t\/* see gallery_shortcode() in wp-includes\/media.php *\/\n\t\t\t<\/style>\n\t\t<div id='gallery-1' class='dt-gallery-container gallery galleryid-262675 gallery-columns-3 gallery-size-medium'><dl class='gallery-item'>\n\t\t\t\t<dt class='gallery-icon landscape'>\n\t\t\t\t\t<a class=\"rollover\" href='https:\/\/www.radiopiu.net\/wordpress\/gli-scatti-al-cielo-di-nicola-campo-aerei-umanitari-sopra-le-dolomiti\/274797780_641122347163283_262705993192524551_n\/'><img loading=\"lazy\" decoding=\"async\" width=\"280\" height=\"280\" src=\"https:\/\/www.radiopiu.net\/wordpress\/wp-content\/uploads\/2022\/03\/274797780_641122347163283_262705993192524551_n.jpg\" class=\"attachment-medium size-medium\" alt=\"\" srcset=\"https:\/\/www.radiopiu.net\/wordpress\/wp-content\/uploads\/2022\/03\/274797780_641122347163283_262705993192524551_n.jpg 280w, https:\/\/www.radiopiu.net\/wordpress\/wp-content\/uploads\/2022\/03\/274797780_641122347163283_262705993192524551_n-150x150.jpg 150w\" sizes=\"auto, (max-width: 280px) 100vw, 280px\" \/><\/a>\n\t\t\t\t<\/dt><\/dl><dl class='gallery-item'>\n\t\t\t\t<dt class='gallery-icon landscape'>\n\t\t\t\t\t<a class=\"rollover\" href='https:\/\/www.radiopiu.net\/wordpress\/gli-scatti-al-cielo-di-nicola-campo-aerei-umanitari-sopra-le-dolomiti\/274221617_4877849339002310_2764488162692919143_n\/'><img loading=\"lazy\" decoding=\"async\" width=\"280\" height=\"280\" src=\"https:\/\/www.radiopiu.net\/wordpress\/wp-content\/uploads\/2022\/03\/274221617_4877849339002310_2764488162692919143_n.jpg\" class=\"attachment-medium size-medium\" alt=\"\" srcset=\"https:\/\/www.radiopiu.net\/wordpress\/wp-content\/uploads\/2022\/03\/274221617_4877849339002310_2764488162692919143_n.jpg 280w, https:\/\/www.radiopiu.net\/wordpress\/wp-content\/uploads\/2022\/03\/274221617_4877849339002310_2764488162692919143_n-150x150.jpg 150w\" sizes=\"auto, (max-width: 280px) 100vw, 280px\" \/><\/a>\n\t\t\t\t<\/dt><\/dl><dl class='gallery-item'>\n\t\t\t\t<dt class='gallery-icon landscape'>\n\t\t\t\t\t<a class=\"rollover\" href='https:\/\/www.radiopiu.net\/wordpress\/gli-scatti-al-cielo-di-nicola-campo-aerei-umanitari-sopra-le-dolomiti\/274867190_354070653277338_4841329545581493741_n\/'><img loading=\"lazy\" decoding=\"async\" width=\"280\" height=\"280\" src=\"https:\/\/www.radiopiu.net\/wordpress\/wp-content\/uploads\/2022\/03\/274867190_354070653277338_4841329545581493741_n.jpg\" class=\"attachment-medium size-medium\" alt=\"\" srcset=\"https:\/\/www.radiopiu.net\/wordpress\/wp-content\/uploads\/2022\/03\/274867190_354070653277338_4841329545581493741_n.jpg 280w, https:\/\/www.radiopiu.net\/wordpress\/wp-content\/uploads\/2022\/03\/274867190_354070653277338_4841329545581493741_n-150x150.jpg 150w\" sizes=\"auto, (max-width: 280px) 100vw, 280px\" \/><\/a>\n\t\t\t\t<\/dt><\/dl><br style=\"clear: both\" \/>\n\t\t\t<\/div>\n\n<p>&nbsp;<\/p>\n<p>&nbsp;<\/p>\n<\/div>\n<div dir=\"auto\">\n<hr \/>\n<\/div>\n<div dir=\"auto\"><span style=\"color: #0000ff;\"><strong>\u00a0<\/strong><\/span><\/div>\n<div dir=\"auto\"><span style=\"color: #0000ff;\"><strong>\u00a0<\/strong><\/span><\/div>\n<div dir=\"auto\"><span style=\"color: #0000ff;\"><strong>INFORMAZIONE il canale su TELEGRAM informazione di prima mano e in tempo reale. iscriviti ed aiutaci a farlo conoscere\u00a0\u00a0<\/strong><\/span><\/div>\n<\/div>\n<blockquote>\n<h3>CONTRO I FUCILI I CARRI ARMATI E BOMBE&#8230; DANILO SACCO <em>&#8220;Che non siano i padri a seppellire i figli&#8221;<\/em><\/h3>\n<\/blockquote>\n<p><a class=\"dt-pswp-item\" href=\"https:\/\/www.radiopiu.net\/wordpress\/wp-content\/uploads\/2022\/03\/danilo-sacco.png\" data-dt-img-description=\"\" data-large_image_width=\"681\" data-large_image_height=\"681\"><img loading=\"lazy\" decoding=\"async\" class=\"wp-image-262409 alignleft\" src=\"https:\/\/www.radiopiu.net\/wordpress\/wp-content\/uploads\/2022\/03\/danilo-sacco-300x300.png\" alt=\"\" width=\"168\" height=\"168\" srcset=\"https:\/\/www.radiopiu.net\/wordpress\/wp-content\/uploads\/2022\/03\/danilo-sacco-300x300.png 300w, https:\/\/www.radiopiu.net\/wordpress\/wp-content\/uploads\/2022\/03\/danilo-sacco-150x150.png 150w, https:\/\/www.radiopiu.net\/wordpress\/wp-content\/uploads\/2022\/03\/danilo-sacco.png 681w\" sizes=\"auto, (max-width: 168px) 100vw, 168px\" \/><\/a><\/p>\n<p>&nbsp;<\/p>\n<p>&nbsp;<\/p>\n<p><strong>IL MESSAGGIO ALLA RADIO&#8230;.<\/strong><\/p>\n<audio class=\"wp-audio-shortcode\" id=\"audio-262675-1\" preload=\"none\" style=\"width: 100%;\" controls=\"controls\"><source type=\"audio\/mpeg\" src=\"https:\/\/www.radiopiu.net\/wordpress\/wp-content\/uploads\/2022\/03\/radio-piu-no-war-1.mp3?_=1\" \/><a href=\"https:\/\/www.radiopiu.net\/wordpress\/wp-content\/uploads\/2022\/03\/radio-piu-no-war-1.mp3\">https:\/\/www.radiopiu.net\/wordpress\/wp-content\/uploads\/2022\/03\/radio-piu-no-war-1.mp3<\/a><\/audio>\n<p><strong>montaggio David Ben\u00a0<\/strong><\/p>\n<p>&nbsp;<\/p>\n<hr \/>\n<p>&nbsp;<\/p>\n<blockquote>\n<h3>I NOSTRI ALPINI IN MOVIMENTO<\/h3>\n<\/blockquote>\n<p class=\"p1\"><span class=\"s1\"><strong>BELLUNO<\/strong>\u00a0<\/span>Trasferimento di un contingente di alpini del 7mo Reggimento per l\u2019addestramento di routine in Sardegna. I mezzi saranno imbarcati al porto di Monfalcone e trasportati via nave al poligono di Capo Teulada per l\u2019attivit\u00e0 addestrativa gi\u00e0 pianificata da tempo. (DAL SITO BELLUNOPRESS.IT)<\/p>\n<div style=\"width: 848px;\" class=\"wp-video\"><video class=\"wp-video-shortcode\" id=\"video-262675-1\" width=\"848\" height=\"480\" preload=\"metadata\" controls=\"controls\"><source type=\"video\/mp4\" src=\"https:\/\/www.radiopiu.net\/wordpress\/wp-content\/uploads\/2022\/03\/WhatsApp-Video-2022-03-03-at-09.15.00.mp4?_=1\" \/><a href=\"https:\/\/www.radiopiu.net\/wordpress\/wp-content\/uploads\/2022\/03\/WhatsApp-Video-2022-03-03-at-09.15.00.mp4\">https:\/\/www.radiopiu.net\/wordpress\/wp-content\/uploads\/2022\/03\/WhatsApp-Video-2022-03-03-at-09.15.00.mp4<\/a><\/video><\/div>\n<p>&nbsp;<\/p>\n<hr \/>\n<p>&nbsp;<\/p>\n<p><span style=\"color: #ff0000;\"><em>&#8220;Una guerra lontana dagli occhi ma non dal cuore&#8221;<\/em><\/span><\/p>\n<blockquote>\n<h3>DOMANI A TAMONICH LA RACCOLTA DI BENI DI PRIMA NECESSITA&#8217; PER IL POPOLO UCRAINO<\/h3>\n<\/blockquote>\n<p><strong><a class=\"dt-pswp-item\" href=\"https:\/\/www.radiopiu.net\/wordpress\/wp-content\/uploads\/2022\/03\/PROFUGHI-UCRAINA.jpg\" data-dt-img-description=\"\" data-large_image_width=\"1024\" data-large_image_height=\"682\"><img loading=\"lazy\" decoding=\"async\" class=\" wp-image-262768 alignleft\" src=\"https:\/\/www.radiopiu.net\/wordpress\/wp-content\/uploads\/2022\/03\/PROFUGHI-UCRAINA-300x200.jpg\" alt=\"\" width=\"213\" height=\"142\" \/><\/a>AGORDO<\/strong> Sabato dalle 8 alle 12 al parcheggio Peppino Impastato di\u00a0 Tamonich,\u00a0 raccolta di aiuti umanitari per il popolo ucraino. Il camion porter\u00e0 quanto donato in Ucraina. Vengono richiesti: cibo (prodotti in scatola a lunga conservazione di tonno, carne, sgombro, faggiolini, piselli, pane, pasta, riso), latte in polvere per bambini, acqua, vestiti caldi per bambini e adulti, coperte, medicinali (paracetamolo, analgesici), sapone, carta igienica, lenitivo, tagliaunghie, aghi e fili, prodotti per l\u2019igiene, shampoo, salviette, dentifrici, spazzolini da denti.<\/p>\n<p><strong><span style=\"color: #ff0000;\">SABATO A TAMONICH AL MATTINO DALLE 8 ALLE 12<\/span><\/strong><\/p>\n<p>&nbsp;<\/p>\n<blockquote>\n<h3>UN AIUTO ALL&#8217;UCRAINA DALL&#8217;AGORDINO<\/h3>\n<\/blockquote>\n<p><strong><a class=\"dt-pswp-item\" href=\"https:\/\/www.radiopiu.net\/wordpress\/wp-content\/uploads\/2022\/02\/AIUTO-UCRAINA.jpg\" data-dt-img-description=\"\" data-large_image_width=\"374\" data-large_image_height=\"188\"><img loading=\"lazy\" decoding=\"async\" class=\" wp-image-262104 alignleft\" src=\"https:\/\/www.radiopiu.net\/wordpress\/wp-content\/uploads\/2022\/02\/AIUTO-UCRAINA-300x151.jpg\" alt=\"\" width=\"195\" height=\"98\" srcset=\"https:\/\/www.radiopiu.net\/wordpress\/wp-content\/uploads\/2022\/02\/AIUTO-UCRAINA-300x151.jpg 300w, https:\/\/www.radiopiu.net\/wordpress\/wp-content\/uploads\/2022\/02\/AIUTO-UCRAINA.jpg 374w\" sizes=\"auto, (max-width: 195px) 100vw, 195px\" \/><\/a>CANALE D&#8217;AGORDO<\/strong> campagna di aiuto alla popolazione ucraina anche in Agordino. Nella sala consigliare di Canale D&#8217;Agordo\u00a0 TUTTI I GIORNI dalle 9 alle 19, si possono portare generi alimentari e quanto richiesto: PRODOTTI A LUNGA CONSERVAZIONE\u00a0 &#8211; \u00a0GENERI SANITARI &#8211;\u00a0 VESTIARIO ANCHE PER BAMBINI.<strong>OSPITALITA\u2019 AI PROFUGHI<\/strong> (RIVOLGERSI ALLA CARITAS DIOCESANA DI BELLUNO (0437.941681)\u00a0 <strong>CONTRIBUTI<\/strong> ALLA CARITAS DI BELLUNO UN\u2019OFFERTA ALL\u2019IBAN IT86P0306909606100000143821 CAUSALE \u201cEMERGENZA UCRAINA\u201d <strong>REFERENTE:<\/strong> FONDAZIONE PAPA LUCIANI ONLUS DI CANALE D\u2019AGORDO TEL. 345 1512564; loris@fondazionepapaluciani.com<\/p>\n<blockquote>\n<h3>SCATOLONI, VOLONTARIE E VOLONTARI PER LA MARTORIATA POPOLAZIONE UCRAINA<\/h3>\n<\/blockquote>\n<p><strong>CANALE D&#8217;AGORDO<\/strong>\u00a0 Pochi giorni e la risposta solidale \u00e8 stata imponente come si pu\u00f2 dedurre dalle fotografie, con il grazie ai tanti che manifestano l&#8217;affetto verso gli innocenti spezzati da chi detiene il potere e a quanti si stanno prodigando perch\u00e8 l&#8217;aiuto arrivi a destinazione prima possibile. Questa sera sar\u00e0 caricato il Tir a Canale\u00a0 d&#8217;Agordo,\u00a0 domani\u00a0 sar\u00e0 presente a Tamonich dalle 8 alle 12<\/p>\n<p>&nbsp;<\/p>\n\n\t\t\t<style type='text\/css'>\n\t\t\t\t#gallery-2 {\n\t\t\t\t\tmargin: auto;\n\t\t\t\t}\n\t\t\t\t#gallery-2 .gallery-item {\n\t\t\t\t\tfloat: left;\n\t\t\t\t\tmargin-top: 10px;\n\t\t\t\t\ttext-align: center;\n\t\t\t\t\twidth: 33%;\n\t\t\t\t}\n\t\t\t\t#gallery-2 img {\n\t\t\t\t\tborder: 2px solid #cfcfcf;\n\t\t\t\t}\n\t\t\t\t#gallery-2 .gallery-caption {\n\t\t\t\t\tmargin-left: 0;\n\t\t\t\t}\n\t\t\t\t\/* see gallery_shortcode() in wp-includes\/media.php *\/\n\t\t\t<\/style>\n\t\t<div id='gallery-2' class='dt-gallery-container gallery galleryid-262675 gallery-columns-3 gallery-size-thumbnail'><dl class='gallery-item'>\n\t\t\t\t<dt class='gallery-icon landscape'>\n\t\t\t\t\t<a class=\"rollover rollover-zoom dt-pswp-item\" title=\"055bed34-96fd-4422-a4bd-94fc38311314\" data-dt-img-description=\"\" data-large_image_width=\"1600\" data-large_image_height=\"1200\"href='https:\/\/www.radiopiu.net\/wordpress\/wp-content\/uploads\/2022\/03\/055bed34-96fd-4422-a4bd-94fc38311314.jpg'><img loading=\"lazy\" decoding=\"async\" width=\"150\" height=\"150\" src=\"https:\/\/www.radiopiu.net\/wordpress\/wp-content\/uploads\/2022\/03\/055bed34-96fd-4422-a4bd-94fc38311314-150x150.jpg\" class=\"attachment-thumbnail size-thumbnail\" alt=\"\" \/><\/a>\n\t\t\t\t<\/dt><\/dl><dl class='gallery-item'>\n\t\t\t\t<dt class='gallery-icon landscape'>\n\t\t\t\t\t<a class=\"rollover rollover-zoom dt-pswp-item\" title=\"27e7accd-a3d7-44ae-86ac-0c330a12b601\" data-dt-img-description=\"\" data-large_image_width=\"1600\" data-large_image_height=\"1200\"href='https:\/\/www.radiopiu.net\/wordpress\/wp-content\/uploads\/2022\/03\/27e7accd-a3d7-44ae-86ac-0c330a12b601.jpg'><img loading=\"lazy\" decoding=\"async\" width=\"150\" height=\"150\" src=\"https:\/\/www.radiopiu.net\/wordpress\/wp-content\/uploads\/2022\/03\/27e7accd-a3d7-44ae-86ac-0c330a12b601-150x150.jpg\" class=\"attachment-thumbnail size-thumbnail\" alt=\"\" \/><\/a>\n\t\t\t\t<\/dt><\/dl><dl class='gallery-item'>\n\t\t\t\t<dt class='gallery-icon landscape'>\n\t\t\t\t\t<a class=\"rollover rollover-zoom dt-pswp-item\" title=\"8ef7eb9f-1992-4a72-967d-957f073de772\" data-dt-img-description=\"\" data-large_image_width=\"1600\" data-large_image_height=\"1200\"href='https:\/\/www.radiopiu.net\/wordpress\/wp-content\/uploads\/2022\/03\/8ef7eb9f-1992-4a72-967d-957f073de772.jpg'><img loading=\"lazy\" decoding=\"async\" width=\"150\" height=\"150\" src=\"https:\/\/www.radiopiu.net\/wordpress\/wp-content\/uploads\/2022\/03\/8ef7eb9f-1992-4a72-967d-957f073de772-150x150.jpg\" class=\"attachment-thumbnail size-thumbnail\" alt=\"\" \/><\/a>\n\t\t\t\t<\/dt><\/dl><br style=\"clear: both\" \/><dl class='gallery-item'>\n\t\t\t\t<dt class='gallery-icon landscape'>\n\t\t\t\t\t<a class=\"rollover rollover-zoom dt-pswp-item\" title=\"b499ed42-f835-4868-9854-683ab86baae6\" data-dt-img-description=\"\" data-large_image_width=\"1600\" data-large_image_height=\"1200\"href='https:\/\/www.radiopiu.net\/wordpress\/wp-content\/uploads\/2022\/03\/b499ed42-f835-4868-9854-683ab86baae6.jpg'><img loading=\"lazy\" decoding=\"async\" width=\"150\" height=\"150\" src=\"https:\/\/www.radiopiu.net\/wordpress\/wp-content\/uploads\/2022\/03\/b499ed42-f835-4868-9854-683ab86baae6-150x150.jpg\" class=\"attachment-thumbnail size-thumbnail\" alt=\"\" \/><\/a>\n\t\t\t\t<\/dt><\/dl><dl class='gallery-item'>\n\t\t\t\t<dt class='gallery-icon landscape'>\n\t\t\t\t\t<a class=\"rollover rollover-zoom dt-pswp-item\" title=\"8d213667-6847-4e65-ba9e-0c3d9f699691\" data-dt-img-description=\"\" data-large_image_width=\"1600\" data-large_image_height=\"1200\"href='https:\/\/www.radiopiu.net\/wordpress\/wp-content\/uploads\/2022\/03\/8d213667-6847-4e65-ba9e-0c3d9f699691.jpg'><img loading=\"lazy\" decoding=\"async\" width=\"150\" height=\"150\" src=\"https:\/\/www.radiopiu.net\/wordpress\/wp-content\/uploads\/2022\/03\/8d213667-6847-4e65-ba9e-0c3d9f699691-150x150.jpg\" class=\"attachment-thumbnail size-thumbnail\" alt=\"\" \/><\/a>\n\t\t\t\t<\/dt><\/dl><dl class='gallery-item'>\n\t\t\t\t<dt class='gallery-icon portrait'>\n\t\t\t\t\t<a class=\"rollover rollover-zoom dt-pswp-item\" title=\"cf0a7e73-9cf4-4d70-acf6-21efd781652d\" data-dt-img-description=\"\" data-large_image_width=\"1200\" data-large_image_height=\"1600\"href='https:\/\/www.radiopiu.net\/wordpress\/wp-content\/uploads\/2022\/03\/cf0a7e73-9cf4-4d70-acf6-21efd781652d.jpg'><img loading=\"lazy\" decoding=\"async\" width=\"150\" height=\"150\" src=\"https:\/\/www.radiopiu.net\/wordpress\/wp-content\/uploads\/2022\/03\/cf0a7e73-9cf4-4d70-acf6-21efd781652d-150x150.jpg\" class=\"attachment-thumbnail size-thumbnail\" alt=\"\" \/><\/a>\n\t\t\t\t<\/dt><\/dl><br style=\"clear: both\" \/>\n\t\t\t<\/div>\n\n<p>&nbsp;<\/p>\n<p>&nbsp;<\/p>\n<blockquote>\n<h3><\/h3>\n<\/blockquote>\n<p><strong>VOLTAGO <\/strong><a class=\"dt-pswp-item\" href=\"https:\/\/www.radiopiu.net\/wordpress\/wp-content\/uploads\/2022\/03\/0f41c732-0ff0-45e3-9281-f7ead0faa396.jpg\" data-dt-img-description=\"\" data-large_image_width=\"1508\" data-large_image_height=\"853\"><img loading=\"lazy\" decoding=\"async\" class=\"size-medium wp-image-262896 alignleft\" src=\"https:\/\/www.radiopiu.net\/wordpress\/wp-content\/uploads\/2022\/03\/0f41c732-0ff0-45e3-9281-f7ead0faa396-300x170.jpg\" alt=\"\" width=\"300\" height=\"170\" srcset=\"https:\/\/www.radiopiu.net\/wordpress\/wp-content\/uploads\/2022\/03\/0f41c732-0ff0-45e3-9281-f7ead0faa396-300x170.jpg 300w, https:\/\/www.radiopiu.net\/wordpress\/wp-content\/uploads\/2022\/03\/0f41c732-0ff0-45e3-9281-f7ead0faa396-1024x579.jpg 1024w, https:\/\/www.radiopiu.net\/wordpress\/wp-content\/uploads\/2022\/03\/0f41c732-0ff0-45e3-9281-f7ead0faa396-768x434.jpg 768w, https:\/\/www.radiopiu.net\/wordpress\/wp-content\/uploads\/2022\/03\/0f41c732-0ff0-45e3-9281-f7ead0faa396.jpg 1508w\" sizes=\"auto, (max-width: 300px) 100vw, 300px\" \/><\/a>STOP ALLA RACCOLTA per la grande quantit\u00e0 di materiale gi\u00e0 arrivato a Belluno in sede Ana. Verr\u00e0 fatto un secondo ritiro pi\u00f9 avanti in modo da non disperdere il materiale nei magazzini<\/p>\n<p><strong>FALCADE<\/strong> Il Gruppo ANA Falcade comunica che ha sospeso la raccolta di vestiario destinato ai profughi ucraini, come indicato dalla Sezione di Belluno. Gli scatoloni raccolti fin ora verranno verranno inviati la Sezione come da accordi.<\/p>\n<p>&nbsp;<\/p>\n<p>&nbsp;<\/p>\n<p>&nbsp;<\/p>\n<blockquote>\n<h3>LE INDICAZIONI DELLA ULSS1 DOLOMITI<\/h3>\n<\/blockquote>\n<a href=\"https:\/\/www.radiopiu.net\/wordpress\/wp-content\/uploads\/2022\/03\/Prine-indicazioni-ingresso-da-Ucraina_-ULSS-1-2.pdf\" class=\"pdfemb-viewer\" style=\"\" data-width=\"max\" data-height=\"max\" data-toolbar=\"top\" data-toolbar-fixed=\"on\">Prine indicazioni ingresso da Ucraina_ ULSS 1 (2)<\/a>\n<p>&nbsp;<\/p>\n<hr \/>\n<p>&nbsp;<\/p>\n<blockquote>\n<h3>UCRAINA. ATTIVO CONTO CORRENTE SOLIDARIETA\u2019 CIVILI REGIONE VENETO<\/h3>\n<\/blockquote>\n<p><strong><a class=\"dt-pswp-item\" href=\"https:\/\/www.radiopiu.net\/wordpress\/wp-content\/uploads\/2022\/03\/BANNER-SOLIDARIETA-UCRAINA.png\" data-dt-img-description=\"\" data-large_image_width=\"855\" data-large_image_height=\"543\"><img loading=\"lazy\" decoding=\"async\" class=\" wp-image-262572 alignleft\" src=\"https:\/\/www.radiopiu.net\/wordpress\/wp-content\/uploads\/2022\/03\/BANNER-SOLIDARIETA-UCRAINA-300x191.png\" alt=\"\" width=\"203\" height=\"129\" srcset=\"https:\/\/www.radiopiu.net\/wordpress\/wp-content\/uploads\/2022\/03\/BANNER-SOLIDARIETA-UCRAINA-300x191.png 300w, https:\/\/www.radiopiu.net\/wordpress\/wp-content\/uploads\/2022\/03\/BANNER-SOLIDARIETA-UCRAINA-768x488.png 768w, https:\/\/www.radiopiu.net\/wordpress\/wp-content\/uploads\/2022\/03\/BANNER-SOLIDARIETA-UCRAINA.png 855w\" sizes=\"auto, (max-width: 203px) 100vw, 203px\" \/><\/a>VENEZIA <\/strong>E\u2019 attivo il conto corrente di solidariet\u00e0 su cui far confluire offerte e donazioni per l\u2019assistenza ai profughi civili dell\u2019Ucraina che stanno giungendo in Veneto, aperto dalla Regione. Queste le coordinate: <strong>Conto corrente intestato a REGIONE DEL VENETO, <\/strong><strong>Causale SOSTEGNO EMERGENZA UCRAINA, <\/strong><strong>Iban IT65G0200802017000106358023, <\/strong><strong>Bic\/swift UNCRITM1VF2. <\/strong>Si consiglia di conservare la ricevuta di bonifico, poich\u00e9 ogni versamento gode di detraibilit\u00e0 IRPEF e deducibilit\u00e0 IRES come previsto per le erogazioni liberali in denaro in favore delle popolazioni colpite da calamit\u00e0 pubbliche o da altri eventi straordinari, anche se avvenuti in altri Stati, effettuate tramite ONLUS, amministrazioni pubbliche statali, regionali e locali, associazioni sindacali etc.<\/p>\n<p>&nbsp;<\/p>\n<hr \/>\n<p>&nbsp;<\/p>\n<blockquote>\n<h3>UN GESTO CONCRETO PER CONDANNARE L&#8217;AGGRESSIONE DELL&#8217;ESERCITO DI PUTIN<\/h3>\n<\/blockquote>\n<p><strong><a class=\"dt-pswp-item\" href=\"https:\/\/www.radiopiu.net\/wordpress\/wp-content\/uploads\/2022\/03\/033a6aff-1e59-4281-b3ef-cb220013d80f.jpg\" data-dt-img-description=\"\" data-large_image_width=\"600\" data-large_image_height=\"600\"><img loading=\"lazy\" decoding=\"async\" class=\" wp-image-262728 alignleft\" src=\"https:\/\/www.radiopiu.net\/wordpress\/wp-content\/uploads\/2022\/03\/033a6aff-1e59-4281-b3ef-cb220013d80f-300x300.jpg\" alt=\"\" width=\"150\" height=\"150\" srcset=\"https:\/\/www.radiopiu.net\/wordpress\/wp-content\/uploads\/2022\/03\/033a6aff-1e59-4281-b3ef-cb220013d80f-300x300.jpg 300w, https:\/\/www.radiopiu.net\/wordpress\/wp-content\/uploads\/2022\/03\/033a6aff-1e59-4281-b3ef-cb220013d80f-150x150.jpg 150w, https:\/\/www.radiopiu.net\/wordpress\/wp-content\/uploads\/2022\/03\/033a6aff-1e59-4281-b3ef-cb220013d80f.jpg 600w\" sizes=\"auto, (max-width: 150px) 100vw, 150px\" \/><\/a>AURONZO DI CADORE\u00a0<\/strong>L\u2019Amministrazione Comunale di Auronzo di Cadore \u00e8 vicino all\u2019Ucraina e al suo popolo. Lo ribadisce il sindaco Tatiana Pais Becher sulla pagina facebook spiegando un gesto concreto. Ogni anno a Misurina, insieme alle bandiere dell\u2019Italia, Europa e Regione Veneto, il Comune espone vessilli di alcune nazioni per porgere il benvenuto ai turisti che da tutto il mondo visitano le Tre Cime di Lavaredo e il lago di Misurina. Quest\u2019inverno era stata prescelta anche la bandiera della Russia, opportunatamente sostituita con quella dell\u2019Ucraina &#8220;<em>Un piccolo gesto simbolico di solidariet\u00e0 per il popolo ucraino e tutti i suoi cittadini che vivono tra le nostre Dolomiti di Auronzo e del Cadore<\/em>&#8221; conclude il sindaco<\/p>\n<p>&nbsp;<\/p>\n<hr \/>\n<p>&nbsp;<\/p>\n<blockquote>\n<h3>AGGREDITO SULLA PORTA DI CASA, IMPRENDITORE IN OSPEDALE CON UNA PROGNOSI DI OLTRE 20 GIORNI<\/h3>\n<\/blockquote>\n<p><strong><img decoding=\"async\" class=\"alignleft\" src=\"https:\/\/www.radiopiu.net\/wordpress\/wp-content\/uploads\/2022\/03\/Senza-nome-1.jpg\" \/>OGGI SUL CORRIERE DELLE ALPI<\/strong><br \/>\n<strong>DI GIGI SOSSO<\/strong><\/p>\n<p><strong>BELLUNO<\/strong>\u00a0 Il quotidiano bellunese apre oggi le cronache da Belluno con questa sconcertante notizia. Un uomo \u00e8 stato aggredito in casa a scopo di rapina. Due uomini lo mandano all&#8217;ospedale con un paio di costole e il naso rotti e un occhio nero. Ma non riescono a portare via niente, anzi devono svignarsela a piedi. Simone Menegon, titolare dell&#8217;impresa omonima che si occupa di cura e manutenzione del paesaggio, \u00e8 stato picchiato nel tardo pomeriggio di mercoled\u00ec, appena fuori dalla sua abitazione di via Nevegal. Ne ha prese tante da sconosciuti mai visti prima ed \u00e8 riuscito soltanto a buttarli a terra&#8230; Ha per\u00f2 avuto la forza di chiamare con il telefonino il padre, che in quel momento non era in Nevegal, ma si \u00e8 fiondato sul colle per fornirgli i primi soccorsi, in attesa dell&#8217;arrivo dell&#8217;ambulanza, oltre che dei carabinieri&#8230;<\/p>\n<p><strong>l&#8217;articolo completo sull&#8217;edizione odierna del Corriere delle Alpi\u00a0<\/strong><\/p>\n<p>&nbsp;<\/p>\n<p>&nbsp;<\/p>\n<hr \/>\n<p>&nbsp;<\/p>\n<blockquote>\n<h3><a class=\"dt-pswp-item\" href=\"https:\/\/www.radiopiu.net\/wordpress\/wp-content\/uploads\/2022\/03\/aaaaaa.jpg\" data-dt-img-description=\"\" data-large_image_width=\"211\" data-large_image_height=\"213\"><img loading=\"lazy\" decoding=\"async\" class=\"wp-image-262875 alignleft\" src=\"https:\/\/www.radiopiu.net\/wordpress\/wp-content\/uploads\/2022\/03\/aaaaaa.jpg\" alt=\"\" width=\"132\" height=\"133\" srcset=\"https:\/\/www.radiopiu.net\/wordpress\/wp-content\/uploads\/2022\/03\/aaaaaa.jpg 211w, https:\/\/www.radiopiu.net\/wordpress\/wp-content\/uploads\/2022\/03\/aaaaaa-150x150.jpg 150w\" sizes=\"auto, (max-width: 132px) 100vw, 132px\" \/><\/a>L&#8217;ALPAGO PIANGE LA SUA STORICA BARISTA<\/h3>\n<\/blockquote>\n<p>Se n&#8217;\u00e8 andata Regina Zopp\u00e8, 53 anni, di Spert, deceduta improvvisamente per un infarto. Era conosciuta\u00a0 a Puos, dove ha lavorato per 14 anni al bar ricevitoria Tic Tak. Amici e colleghi si sono stretti al compagno Fiorello, alla mamma Antonia e i fratelli Luigi e Vittorio. I funerali domani alle 15 a Spert.<\/p>\n<p>&nbsp;<\/p>\n<p>&nbsp;<\/p>\n<hr \/>\n<p>&nbsp;<\/p>\n<blockquote>\n<h3>ADDIO AD AURORA PER 44 ANNI IL VOLTO NOTO DELLA PIZZERIA A GOSALDO<\/h3>\n<\/blockquote>\n<p><strong><a class=\"dt-pswp-item\" href=\"https:\/\/www.radiopiu.net\/wordpress\/wp-content\/uploads\/2022\/03\/6fbabe82-502f-468b-bcc9-9f71ffaf37e8.jpg\" data-dt-img-description=\"\" data-large_image_width=\"720\" data-large_image_height=\"960\"><img loading=\"lazy\" decoding=\"async\" class=\"wp-image-262892 alignleft\" src=\"https:\/\/www.radiopiu.net\/wordpress\/wp-content\/uploads\/2022\/03\/6fbabe82-502f-468b-bcc9-9f71ffaf37e8-225x300.jpg\" alt=\"\" width=\"161\" height=\"215\" srcset=\"https:\/\/www.radiopiu.net\/wordpress\/wp-content\/uploads\/2022\/03\/6fbabe82-502f-468b-bcc9-9f71ffaf37e8-225x300.jpg 225w, https:\/\/www.radiopiu.net\/wordpress\/wp-content\/uploads\/2022\/03\/6fbabe82-502f-468b-bcc9-9f71ffaf37e8.jpg 720w\" sizes=\"auto, (max-width: 161px) 100vw, 161px\" \/><\/a><\/strong><\/p>\n<p>&nbsp;<\/p>\n<p><strong><img loading=\"lazy\" decoding=\"async\" class=\"alignright\" src=\"https:\/\/www.radiopiu.net\/wordpress\/wp-content\/uploads\/2022\/03\/aaaa.jpg\" width=\"152\" height=\"181\" \/>GOSALDO<\/strong> Sposa, mamma e nonna, sar\u00e0 ricordata cos\u00ec\u00a0 Aurora Ciet nata a Gosaldo dove ha sempre vissuto,\u00a0 il 19 settembre di\u00a0 73 anni fa. Per 44 anni\u00a0 il volto noto del Bar Pizzeria Posta\u00a0 in centro a Gosaldo gestito con le figlia Letizia e Patrizia, sposa dell&#8217;indimenticato\u00a0 Angelo Bressan, l&#8217;artista del paese. A Gosaldo\u00a0 la accompagneranno nell&#8217;ultimo viaggio\u00a0 i figli Ivan, Eros, Patrizia, Letizia,\u00a0 i nipoti e tanti amici. Per volere della famiglia i funerali si svolgeranno in forma privata.<\/p>\n<p>A\u00a0 tutta la famiglia Bressan giunga il nostro messaggio di cordoglio e affetto.<\/p>\n<p>&nbsp;<\/p>\n<p>&nbsp;<\/p>\n<hr \/>\n<p>&nbsp;<\/p>\n<blockquote>\n<h3>ISPETTORATO TERRITORIALE DEL LAVORO, MAESTRANZE IN AGITAZIONE<\/h3>\n<\/blockquote>\n<p><strong><img loading=\"lazy\" decoding=\"async\" class=\"alignleft\" src=\"https:\/\/www.radiopiu.net\/wordpress\/wp-content\/uploads\/2022\/03\/th-4.jpg\" width=\"117\" height=\"117\" \/>BELLUNO<\/strong> All&#8217;Ispettorato Territoriale del Lavoro \u00e8 iniziata la &#8220;protesta&#8221;. Ieri l&#8217;incontro con il Prefetto di Belluno Mariano Savastano, era presente anche Andrea Fiocco segretario territoriale della Funzione pubblica Cgil. L&#8217;incontro \u00e8 stato richiesto dai dipendenti del&#8217;Ispettorato perch\u00e9 dimenticati al momento di dividere l&#8217;indennit\u00e0 di amministrazione distribuite a tutti i dipendenti Ministeriali ma non a loro e a quelli dell&#8217;Agenzia Nazionale per le Politiche del Lavoro (Anpal). Le manifestazioni sono iniziate una settimana fa.<\/p>\n<p><strong>Andrea Fiocco<\/strong><\/p>\n<audio class=\"wp-audio-shortcode\" id=\"audio-262675-2\" preload=\"none\" style=\"width: 100%;\" controls=\"controls\"><source type=\"audio\/mpeg\" src=\"https:\/\/www.radiopiu.net\/wordpress\/wp-content\/uploads\/2022\/03\/ITL-radio-piu.mp3?_=2\" \/><a href=\"https:\/\/www.radiopiu.net\/wordpress\/wp-content\/uploads\/2022\/03\/ITL-radio-piu.mp3\">https:\/\/www.radiopiu.net\/wordpress\/wp-content\/uploads\/2022\/03\/ITL-radio-piu.mp3<\/a><\/audio>\n<p>&nbsp;<\/p>\n<p>&nbsp;<\/p>\n<hr \/>\n<blockquote>\n<h3><\/h3>\n<h3>ACC, L&#8217;ULTIMA RIUNIONE DEL CONSIGLIO DI SORVEGLIANZA. BONA &#8220;E&#8217; UNA FASE DELICATA&#8221;. \u00a0IL TERRITORIO SI MUOVE PER DARE GARANZIE AI LAVORATORI, 35 DIPENDENTI DA RICOLLOCARE<\/h3>\n<\/blockquote>\n<p><strong>BORGO VALBELLUNA <\/strong><\/p>\n<p>DI MORENO GIOLI<\/p>\n<audio class=\"wp-audio-shortcode\" id=\"audio-262675-3\" preload=\"none\" style=\"width: 100%;\" controls=\"controls\"><source type=\"audio\/mpeg\" src=\"https:\/\/www.radiopiu.net\/wordpress\/wp-content\/uploads\/2022\/03\/MORENO.mp3?_=3\" \/><a href=\"https:\/\/www.radiopiu.net\/wordpress\/wp-content\/uploads\/2022\/03\/MORENO.mp3\">https:\/\/www.radiopiu.net\/wordpress\/wp-content\/uploads\/2022\/03\/MORENO.mp3<\/a><\/audio>\n<p>&nbsp;<\/p>\n<p><strong><a class=\"dt-pswp-item\" href=\"https:\/\/www.radiopiu.net\/wordpress\/wp-content\/uploads\/2022\/03\/5d467ac6-1751-4617-a710-c7a49f900f15.jpg\" data-dt-img-description=\"\" data-large_image_width=\"1024\" data-large_image_height=\"768\"><img loading=\"lazy\" decoding=\"async\" class=\" wp-image-262798 alignleft\" src=\"https:\/\/www.radiopiu.net\/wordpress\/wp-content\/uploads\/2022\/03\/5d467ac6-1751-4617-a710-c7a49f900f15-300x225.jpg\" alt=\"\" width=\"209\" height=\"157\" srcset=\"https:\/\/www.radiopiu.net\/wordpress\/wp-content\/uploads\/2022\/03\/5d467ac6-1751-4617-a710-c7a49f900f15-300x225.jpg 300w, https:\/\/www.radiopiu.net\/wordpress\/wp-content\/uploads\/2022\/03\/5d467ac6-1751-4617-a710-c7a49f900f15-768x576.jpg 768w, https:\/\/www.radiopiu.net\/wordpress\/wp-content\/uploads\/2022\/03\/5d467ac6-1751-4617-a710-c7a49f900f15.jpg 1024w\" sizes=\"auto, (max-width: 209px) 100vw, 209px\" \/><\/a>BORGO VALBELLUNA<\/strong> Come preannunciato al tavolo del consiglio di sorveglianza anche l&#8217;assessore regionale Elena Donazzan. <em>&#8220;L&#8217;ultimo incontro del consiglio di amminstrazione non credo che con Sest questo possa continuare&#8221;<\/em> ha detto tra l&#8217;altro Stefano Bona della Fiom Cgil che parla anche degli esuberi, 35 \u00e8 il numero ipotetico.<\/p>\n<p><strong>AUDIO<\/strong><\/p>\n<audio class=\"wp-audio-shortcode\" id=\"audio-262675-4\" preload=\"none\" style=\"width: 100%;\" controls=\"controls\"><source type=\"audio\/mpeg\" src=\"https:\/\/www.radiopiu.net\/wordpress\/wp-content\/uploads\/2022\/03\/STEFANO-BONA.mp3?_=4\" \/><a href=\"https:\/\/www.radiopiu.net\/wordpress\/wp-content\/uploads\/2022\/03\/STEFANO-BONA.mp3\">https:\/\/www.radiopiu.net\/wordpress\/wp-content\/uploads\/2022\/03\/STEFANO-BONA.mp3<\/a><\/audio>\n<p>Giuseppe Venier, vicepresidente Assolavoro \u00e8 intervenuto all&#8217;incontro\u00a0 su sollecitazione della Regione.<em> &#8220;Siamo a disposizione per valutare le varie posizioni in caso di esuberi&#8221;<\/em><\/p>\n<p><strong>AUDIO<\/strong><\/p>\n<audio class=\"wp-audio-shortcode\" id=\"audio-262675-5\" preload=\"none\" style=\"width: 100%;\" controls=\"controls\"><source type=\"audio\/mpeg\" src=\"https:\/\/www.radiopiu.net\/wordpress\/wp-content\/uploads\/2022\/03\/GIUSEPPE-VENIER.mp3?_=5\" \/><a href=\"https:\/\/www.radiopiu.net\/wordpress\/wp-content\/uploads\/2022\/03\/GIUSEPPE-VENIER.mp3\">https:\/\/www.radiopiu.net\/wordpress\/wp-content\/uploads\/2022\/03\/GIUSEPPE-VENIER.mp3<\/a><\/audio>\n<p>L&#8217;assessore Elena Donazzan ha ricordato l&#8217;importanza del comitato di sorveglianza in questi anni di passaggio tra Acc, Wambao e fino a quest&#8217;ultima soluzione. L&#8217;esponente regionale non \u00e8 convinta si si trattato dell&#8217;ultimo incontro <em>&#8220;Non fino a quando &#8211; ha detto &#8211; non sar\u00e0 ricollocato anche l&#8217;ultimo dipendente in esubero&#8221;. <\/em><\/p>\n<p><strong>AUDIO<\/strong><\/p>\n<audio class=\"wp-audio-shortcode\" id=\"audio-262675-6\" preload=\"none\" style=\"width: 100%;\" controls=\"controls\"><source type=\"audio\/mpeg\" src=\"https:\/\/www.radiopiu.net\/wordpress\/wp-content\/uploads\/2022\/03\/ELENA-DONAZZAN.mp3?_=6\" \/><a href=\"https:\/\/www.radiopiu.net\/wordpress\/wp-content\/uploads\/2022\/03\/ELENA-DONAZZAN.mp3\">https:\/\/www.radiopiu.net\/wordpress\/wp-content\/uploads\/2022\/03\/ELENA-DONAZZAN.mp3<\/a><\/audio>\n<blockquote><p>&nbsp;<\/p>\n<h3>L&#8217;INTERVENTO DEL MINISTRO FEDERICO D&#8217;INCA&#8217;<\/h3>\n<p><em>\u201cMi auguro che le trattative per la ricollocazione di tutti i lavoratori di Acc siano frutto di un percorso condiviso che abbia l\u2019esclusivo interesse nei confronti dei dipendenti: in pi\u00f9 occasioni \u00e8 stata evidenziata da tutte le parti coinvolte, la competenza e la professionalit\u00e0 dei lavoratori che, negli anni, si sono spesi con estrema dedizione nella difesa della fabbrica. Come gi\u00e0 ribadito in occasione dell\u2019ultimo tavolo tecnico al Mise, siamo di fronte a una prospettiva importante grazie al gruppo Lu.Ve, una realt\u00e0 solida e competitiva che ha deciso di investire nel territorio, comprendendo l\u2019importanza del sito e del personale che vi ha lavorato. Oggi riusciamo a guardare al futuro per effetto di un lungo percorso che ha coinvolto istituzioni e sindacati in tutte le sedi competenti: anche, e in particolare, il Consiglio di sorveglianza, si \u00e8 rivelato particolarmente utile per favorire il confronto continuo tra le parti e di rappresentare, di volta in volta, le esigenze di un territorio che ha sempre creduto nella qualit\u00e0 del lavoro\u201d.\u00a0<\/em><\/p>\n<p>&nbsp;<\/p><\/blockquote>\n<p><strong>\u00a0<\/strong><\/p>\n<p><strong>IL CONSIGLIERE REGIONALE SILVIA CESTARO<\/strong><\/p>\n<audio class=\"wp-audio-shortcode\" id=\"audio-262675-7\" preload=\"none\" style=\"width: 100%;\" controls=\"controls\"><source type=\"audio\/mpeg\" src=\"https:\/\/www.radiopiu.net\/wordpress\/wp-content\/uploads\/2022\/03\/silvia-cestaro.mp3?_=7\" \/><a href=\"https:\/\/www.radiopiu.net\/wordpress\/wp-content\/uploads\/2022\/03\/silvia-cestaro.mp3\">https:\/\/www.radiopiu.net\/wordpress\/wp-content\/uploads\/2022\/03\/silvia-cestaro.mp3<\/a><\/audio>\n<p><strong>\u00a0<\/strong><\/p>\n<p><strong>IL CONSIGLIERE REGIONALE GIOVANNI PUPPATO<\/strong><\/p>\n<audio class=\"wp-audio-shortcode\" id=\"audio-262675-8\" preload=\"none\" style=\"width: 100%;\" controls=\"controls\"><source type=\"audio\/mpeg\" src=\"https:\/\/www.radiopiu.net\/wordpress\/wp-content\/uploads\/2022\/03\/puppato.mp3?_=8\" \/><a href=\"https:\/\/www.radiopiu.net\/wordpress\/wp-content\/uploads\/2022\/03\/puppato.mp3\">https:\/\/www.radiopiu.net\/wordpress\/wp-content\/uploads\/2022\/03\/puppato.mp3<\/a><\/audio>\n<p>&nbsp;<\/p>\n<p>&nbsp;<\/p>\n<p>&nbsp;<\/p>\n<hr \/>\n<p>&nbsp;<\/p>\n<div class=\"page-title-head hgroup\">\n<blockquote>\n<h3 class=\"entry-title\">LAVORO IN VENETO, NEL SECONDO ANNO DEL COVID PIU\u2019 ASSUNZIONI CHE CESSAZIONI<\/h3>\n<\/blockquote>\n<\/div>\n<p><strong><a href=\"https:\/\/www.radiopiu.net\/wordpress\/wp-content\/uploads\/2022\/03\/people-2557396__340.webp\"><img loading=\"lazy\" decoding=\"async\" class=\" wp-image-262783 alignleft\" src=\"https:\/\/www.radiopiu.net\/wordpress\/wp-content\/uploads\/2022\/03\/people-2557396__340-300x200.webp\" alt=\"\" width=\"266\" height=\"177\" srcset=\"https:\/\/www.radiopiu.net\/wordpress\/wp-content\/uploads\/2022\/03\/people-2557396__340-300x200.webp 300w, https:\/\/www.radiopiu.net\/wordpress\/wp-content\/uploads\/2022\/03\/people-2557396__340.webp 510w\" sizes=\"auto, (max-width: 266px) 100vw, 266px\" \/><\/a>VENEZIA<\/strong> Meglio di un anno fa in Veneto in riferimento all\u2019insieme dei rapporti di lavoro dipendente. Il saldo tra assunzioni e cessazioni\u00a0rilevato nel\u00a02021 risulta positivo con\u00a0 +55.000 unit\u00e0, decisamente pi\u00f9 favorevole rispetto alle +27.400 del 2019. Per l&#8217;Osservatorio Regionale Veneto Lavoro \u00e8 un risultato\u00a0 ancora parzialmente condizionato dalla presenza delle misure di salvaguardia adottate a livello governativo al fine di mantenere i livelli occupazionali inalterati. Infatti\u00a0 i flussi di entrata\u00a0 sono ancora inferiori del -3,6%\u00a0rispetto al 2019, quelli di\u00a0uscita dall\u2019occupazione in flessione del\u00a0-7,3% (anche se le cessazioni da tempo indeterminato sono in crescita del +4%, per effetto delle dimissioni). Al 31 dicembre 2021\u00a0i\u00a0disoccupati disponibili\u00a0registrati presso i Centri per l\u2019impiego e domiciliati in Veneto risultano circa\u00a0396.000, dei quali 50.000 inoccupati. Di ingressi in condizione di disoccupazione,\u00a0 nel 2021 ne sono stati rilasciati 126.000, il\u00a0-12%\u00a0rispetto al 2019.<\/p>\n<p>&nbsp;<\/p>\n<hr \/>\n<p>&nbsp;<\/p>\n<blockquote>\n<h3>L&#8217;ACQUEDOTTO PER LE FRAZIONI, LA SODDISFAZIONE DEL SINDACO MAURO SOPPELSA<\/h3>\n<\/blockquote>\n<p><strong><a class=\"dt-pswp-item\" href=\"https:\/\/www.radiopiu.net\/wordpress\/wp-content\/uploads\/2018\/05\/Mauro-Soppelsa-libero-professionista-perito-edile-56-anni.jpg\" data-dt-img-description=\"\" data-large_image_width=\"1852\" data-large_image_height=\"2218\"><img loading=\"lazy\" decoding=\"async\" class=\"wp-image-48070 alignleft\" src=\"https:\/\/www.radiopiu.net\/wordpress\/wp-content\/uploads\/2018\/05\/Mauro-Soppelsa-libero-professionista-perito-edile-56-anni-250x300.jpg\" alt=\"\" width=\"105\" height=\"126\" srcset=\"https:\/\/www.radiopiu.net\/wordpress\/wp-content\/uploads\/2018\/05\/Mauro-Soppelsa-libero-professionista-perito-edile-56-anni-250x300.jpg 250w, https:\/\/www.radiopiu.net\/wordpress\/wp-content\/uploads\/2018\/05\/Mauro-Soppelsa-libero-professionista-perito-edile-56-anni-768x920.jpg 768w, https:\/\/www.radiopiu.net\/wordpress\/wp-content\/uploads\/2018\/05\/Mauro-Soppelsa-libero-professionista-perito-edile-56-anni-855x1024.jpg 855w, https:\/\/www.radiopiu.net\/wordpress\/wp-content\/uploads\/2018\/05\/Mauro-Soppelsa-libero-professionista-perito-edile-56-anni.jpg 1852w\" sizes=\"auto, (max-width: 105px) 100vw, 105px\" \/><\/a>BELLUNO\u00a0<\/strong> Si sono conclusi i lavori per la realizzazione del nuovo acquedotto a servizio delle frazioni di Chioit, Malos, Bogo, Martin, Cavarzan e Collesin. Il cantiere, avviato lo scorso giugno, si \u00e8 reso necessario per sopperire agli ingenti danni causati dalla tempesta Vaia alle diverse fonti di approvvigionamento locali e in particolare alla sorgente di Chioit, la principale nel comune in termini di apporto idrico, distrutta dalla furia dell\u2019uragano. L\u2019intervento, progettato da personale ingegneristico di Bim Gsp e affidato all\u2019impresa Zugliani srl di Imer (TN), ha visto quattro cantieri operativi in parallelo.<\/p>\n<p><strong>IL SINDACO MAURO SOPPELSA<\/strong><\/p>\n<audio class=\"wp-audio-shortcode\" id=\"audio-262675-9\" preload=\"none\" style=\"width: 100%;\" controls=\"controls\"><source type=\"audio\/mpeg\" src=\"https:\/\/www.radiopiu.net\/wordpress\/wp-content\/uploads\/2022\/03\/MAURO.mp3?_=9\" \/><a href=\"https:\/\/www.radiopiu.net\/wordpress\/wp-content\/uploads\/2022\/03\/MAURO.mp3\">https:\/\/www.radiopiu.net\/wordpress\/wp-content\/uploads\/2022\/03\/MAURO.mp3<\/a><\/audio>\n\n\t\t\t<style type='text\/css'>\n\t\t\t\t#gallery-3 {\n\t\t\t\t\tmargin: auto;\n\t\t\t\t}\n\t\t\t\t#gallery-3 .gallery-item {\n\t\t\t\t\tfloat: left;\n\t\t\t\t\tmargin-top: 10px;\n\t\t\t\t\ttext-align: center;\n\t\t\t\t\twidth: 25%;\n\t\t\t\t}\n\t\t\t\t#gallery-3 img {\n\t\t\t\t\tborder: 2px solid #cfcfcf;\n\t\t\t\t}\n\t\t\t\t#gallery-3 .gallery-caption {\n\t\t\t\t\tmargin-left: 0;\n\t\t\t\t}\n\t\t\t\t\/* see gallery_shortcode() in wp-includes\/media.php *\/\n\t\t\t<\/style>\n\t\t<div id='gallery-3' class='dt-gallery-container gallery galleryid-262675 gallery-columns-4 gallery-size-thumbnail'><dl class='gallery-item'>\n\t\t\t\t<dt class='gallery-icon landscape'>\n\t\t\t\t\t<a class=\"rollover rollover-zoom dt-pswp-item\" title=\"1_il nuovo serbatoio di Chioit\" data-dt-img-description=\"\" data-large_image_width=\"984\" data-large_image_height=\"554\"href='https:\/\/www.radiopiu.net\/wordpress\/wp-content\/uploads\/2022\/03\/1_il-nuovo-serbatoio-di-Chioit.jpg'><img loading=\"lazy\" decoding=\"async\" width=\"150\" height=\"150\" src=\"https:\/\/www.radiopiu.net\/wordpress\/wp-content\/uploads\/2022\/03\/1_il-nuovo-serbatoio-di-Chioit-150x150.jpg\" class=\"attachment-thumbnail size-thumbnail\" alt=\"\" \/><\/a>\n\t\t\t\t<\/dt><\/dl><dl class='gallery-item'>\n\t\t\t\t<dt class='gallery-icon landscape'>\n\t\t\t\t\t<a class=\"rollover rollover-zoom dt-pswp-item\" title=\"DCIM100GOPROGP__1780.JPG\" data-dt-img-description=\"\" data-large_image_width=\"847\" data-large_image_height=\"580\"href='https:\/\/www.radiopiu.net\/wordpress\/wp-content\/uploads\/2022\/03\/5_posa-nuovo-acquedotto_2.jpg'><img loading=\"lazy\" decoding=\"async\" width=\"150\" height=\"150\" src=\"https:\/\/www.radiopiu.net\/wordpress\/wp-content\/uploads\/2022\/03\/5_posa-nuovo-acquedotto_2-150x150.jpg\" class=\"attachment-thumbnail size-thumbnail\" alt=\"\" \/><\/a>\n\t\t\t\t<\/dt><\/dl><dl class='gallery-item'>\n\t\t\t\t<dt class='gallery-icon landscape'>\n\t\t\t\t\t<a class=\"rollover rollover-zoom dt-pswp-item\" title=\"DCIM100MEDIADJI_0129.JPG\" data-dt-img-description=\"\" data-large_image_width=\"850\" data-large_image_height=\"836\"href='https:\/\/www.radiopiu.net\/wordpress\/wp-content\/uploads\/2022\/03\/2_la-costruzione-del-serbatoio-e-getti-di-calcestruzzo-con-elicottero_1.jpg'><img loading=\"lazy\" decoding=\"async\" width=\"150\" height=\"150\" src=\"https:\/\/www.radiopiu.net\/wordpress\/wp-content\/uploads\/2022\/03\/2_la-costruzione-del-serbatoio-e-getti-di-calcestruzzo-con-elicottero_1-150x150.jpg\" class=\"attachment-thumbnail size-thumbnail\" alt=\"\" \/><\/a>\n\t\t\t\t<\/dt><\/dl><dl class='gallery-item'>\n\t\t\t\t<dt class='gallery-icon landscape'>\n\t\t\t\t\t<a class=\"rollover rollover-zoom dt-pswp-item\" title=\"DCIM100MEDIADJI_0123.JPG\" data-dt-img-description=\"\" data-large_image_width=\"850\" data-large_image_height=\"638\"href='https:\/\/www.radiopiu.net\/wordpress\/wp-content\/uploads\/2022\/03\/4_escavatore-ragno-durante-la-posa-del-nuovo-acquedotto_1.jpg'><img loading=\"lazy\" decoding=\"async\" width=\"150\" height=\"150\" src=\"https:\/\/www.radiopiu.net\/wordpress\/wp-content\/uploads\/2022\/03\/4_escavatore-ragno-durante-la-posa-del-nuovo-acquedotto_1-150x150.jpg\" class=\"attachment-thumbnail size-thumbnail\" alt=\"\" \/><\/a>\n\t\t\t\t<\/dt><\/dl><br style=\"clear: both\" \/>\n\t\t\t<\/div>\n\n<p>&nbsp;<\/p>\n<hr \/>\n<p>&nbsp;<\/p>\n<blockquote>\n<h3>GOSALDO, PER DUE PONTI CROLLATI CI SONO PROGETTI E FONDI, PER REN I SOLDI ANCORA NON CI SONO<\/h3>\n<\/blockquote>\n<p>&nbsp;<\/p>\n<div id=\"attachment_204551\" style=\"width: 345px\" class=\"wp-caption alignleft\"><a class=\"dt-pswp-item\" href=\"https:\/\/www.radiopiu.net\/wordpress\/wp-content\/uploads\/2021\/04\/th-7.jpg\" data-dt-img-description=\"FLORINDA CIALDELLA\" data-large_image_width=\"335\" data-large_image_height=\"196\"><img loading=\"lazy\" decoding=\"async\" aria-describedby=\"caption-attachment-204551\" class=\" wp-image-204551\" src=\"https:\/\/www.radiopiu.net\/wordpress\/wp-content\/uploads\/2021\/04\/th-7-300x176.jpg\" alt=\"\" width=\"165\" height=\"97\" srcset=\"https:\/\/www.radiopiu.net\/wordpress\/wp-content\/uploads\/2021\/04\/th-7-300x176.jpg 300w, https:\/\/www.radiopiu.net\/wordpress\/wp-content\/uploads\/2021\/04\/th-7.jpg 335w\" sizes=\"auto, (max-width: 165px) 100vw, 165px\" \/><\/a><p id=\"caption-attachment-204551\" class=\"wp-caption-text\">FLORINDA CIALDELLA<\/p><\/div>\n<p><strong>GOSALDO<\/strong><\/p>\n<p><strong>di GIANNI SANTOMASO<\/strong><\/p>\n<audio class=\"wp-audio-shortcode\" id=\"audio-262675-10\" preload=\"none\" style=\"width: 100%;\" controls=\"controls\"><source type=\"audio\/mpeg\" src=\"https:\/\/www.radiopiu.net\/wordpress\/wp-content\/uploads\/2022\/03\/GIANNI-GOSALDO.mp3?_=10\" \/><a href=\"https:\/\/www.radiopiu.net\/wordpress\/wp-content\/uploads\/2022\/03\/GIANNI-GOSALDO.mp3\">https:\/\/www.radiopiu.net\/wordpress\/wp-content\/uploads\/2022\/03\/GIANNI-GOSALDO.mp3<\/a><\/audio>\n<p>&nbsp;<\/p>\n<p>&nbsp;<\/p>\n<hr \/>\n<blockquote>\n<h3>IERI ALLA RADIO<\/h3>\n<\/blockquote>\n<p><em><strong><span style=\"color: #ff0000;\">PAGARE TASSE DA SERIE A PER SERVIZI DI SERIE M<\/span><\/strong><\/em><\/p>\n<div class=\"page-title-head hgroup\">\n<blockquote>\n<h3 class=\"entry-title\">REN DI GOSALDO,\u00a0 ANNI DI INCURIA LA NATURA SI E&#8217; RIPRESA IL TERRITORIO CON VAIA, POI PIU&#8217; NESSUNO HA PROVVEDUTO A PULIRE GLI ALVEI DEI TORRENTI E NEL 2020 IL &#8220;CUGINO&#8221; DI VAIA HA FATTO IL RESTO. OGGI CHI ABITA NELLE FRAZIONI PUO&#8217; SOLO GUADARE IL TORRENTE, I PONTI SONO UN LONTANO RICORDO<\/h3>\n<\/blockquote>\n<\/div>\n<p><strong>Diritto di esistere\u00a0<\/strong><\/p>\n<p><span style=\"color: #ff0000;\">di Gianni Santomaso<\/span><\/p>\n<audio class=\"wp-audio-shortcode\" id=\"audio-262675-11\" preload=\"none\" style=\"width: 100%;\" controls=\"controls\"><source type=\"audio\/mpeg\" src=\"https:\/\/www.radiopiu.net\/wordpress\/wp-content\/uploads\/2022\/03\/gianni-principale.mp3?_=11\" \/><a href=\"https:\/\/www.radiopiu.net\/wordpress\/wp-content\/uploads\/2022\/03\/gianni-principale.mp3\">https:\/\/www.radiopiu.net\/wordpress\/wp-content\/uploads\/2022\/03\/gianni-principale.mp3<\/a><\/audio>\n<p>&nbsp;<\/p>\n<p><strong>VIDEO, AUDIO, E ARCHIVIO RADIO PIU\u00a0<\/strong><\/p>\n<p>&nbsp;<\/p>\n<blockquote class=\"wp-embedded-content\" data-secret=\"f0OrHnkWKo\"><p><a href=\"https:\/\/www.radiopiu.net\/wordpress\/ren-di-gosaldo-dal-2020-due-ponti-in-meno-il-terzo-compromesso-di-gianni-santomaso\/\">REN DI GOSALDO, DAL 2020 DUE PONTI IN MENO, IL TERZO COMPROMESSO di  GIANNI SANTOMASO<\/a><\/p><\/blockquote>\n<p><iframe loading=\"lazy\" class=\"wp-embedded-content\" sandbox=\"allow-scripts\" security=\"restricted\" style=\"position: absolute; clip: rect(1px, 1px, 1px, 1px);\" title=\"&#8220;REN DI GOSALDO, DAL 2020 DUE PONTI IN MENO, IL TERZO COMPROMESSO di  GIANNI SANTOMASO&#8221; &#8212; Radio Pi\u00f9\" src=\"https:\/\/www.radiopiu.net\/wordpress\/ren-di-gosaldo-dal-2020-due-ponti-in-meno-il-terzo-compromesso-di-gianni-santomaso\/embed\/#?secret=f0OrHnkWKo\" data-secret=\"f0OrHnkWKo\" width=\"600\" height=\"338\" frameborder=\"0\" marginwidth=\"0\" marginheight=\"0\" scrolling=\"no\"><\/iframe><\/p>\n<p>&nbsp;<\/p>\n<hr \/>\n<p>&nbsp;<\/p>\n<blockquote>\n<h3>IL PD TORNA ALLA CARICA PER LA RICOSTITUZIONE DEL CORPO DI POLIZIA FORESTALE<\/h3>\n<\/blockquote>\n<p><strong><a class=\"dt-pswp-item\" href=\"https:\/\/www.radiopiu.net\/wordpress\/wp-content\/uploads\/2019\/02\/1543590727530_andrea_zanoni_1-2.jpg\" data-dt-img-description=\"\" data-large_image_width=\"1000\" data-large_image_height=\"667\"><img loading=\"lazy\" decoding=\"async\" class=\"wp-image-75857 alignleft\" src=\"https:\/\/www.radiopiu.net\/wordpress\/wp-content\/uploads\/2019\/02\/1543590727530_andrea_zanoni_1-2-300x200.jpg\" alt=\"\" width=\"179\" height=\"119\" srcset=\"https:\/\/www.radiopiu.net\/wordpress\/wp-content\/uploads\/2019\/02\/1543590727530_andrea_zanoni_1-2-300x200.jpg 300w, https:\/\/www.radiopiu.net\/wordpress\/wp-content\/uploads\/2019\/02\/1543590727530_andrea_zanoni_1-2-768x512.jpg 768w, https:\/\/www.radiopiu.net\/wordpress\/wp-content\/uploads\/2019\/02\/1543590727530_andrea_zanoni_1-2.jpg 1000w\" sizes=\"auto, (max-width: 179px) 100vw, 179px\" \/><\/a>VENEZIA <\/strong>Per la tutela del territorio il PD Veneto chiede alla Regione di accelerare l&#8217;iter e la realizzazione delle linee strategiche per la ricostituzione di un corpo di polizia ambientale e forestale. Il consigliere Andrea Zanoni sottolinea come in Parlamento siano state depositate tre proposte di legge. Quello che chiede il partito democratico \u00e8 anche che il nuovo corpo sia incardinato nelle strutture degli enti locali. <em>&#8220;E&#8217; necessario un monitoraggio costante delle aree di competenza regionale, in modo da prevenire e contrastare qualsiasi forma di danno all\u2019ambiente. E in Veneto \u00e8 particolarmente urgente, considerata la crescita degli ecoreati\u201d<\/em> dice il consigliere regionale constatando come la situazione sia peggiorata con la soppressione del Corpo forestale dello Stato e lo \u2018spezzettamento\u2019 delle relative funzioni\u00a0 <em>&#8220;Ci sono tuttavia anche responsabilit\u00e0 venete &#8211; precisa Zanoni &#8211; L\u2019attuazione solo parziale dell\u2019articolo 6 (Servizio regionale di vigilanza) della legge 30 del 2016 abbassa gli standard qualitativi delle funzioni di presidio e controllo da parte della Polizia locale\u201d<\/em><\/p>\n<p>&nbsp;<\/p>\n<p>&nbsp;<\/p>\n<hr \/>\n<p>&nbsp;<\/p>\n<blockquote>\n<h3>IL RITORNO ALLA NORMALITA&#8217;, ANCHE PER TRENTINO TRASPORTI, CI SONO PERO&#8217; VOLUTI CINQUE MESI.<\/h3>\n<h3>Dario Cassol\u00a0 delegato della Femca Cisl Rsu di Agordo, si prende i meriti:\u00a0<em> &#8220;Nessun mi ha dato attenzione e allora con la mia categoria sindacale ho preceduto per conto mio&#8221;<\/em>.<\/h3>\n<\/blockquote>\n<p><strong>AGORDO<\/strong><\/p>\n<p><strong>di GIANNI SANTOMASO<\/strong><\/p>\n<audio class=\"wp-audio-shortcode\" id=\"audio-262675-12\" preload=\"none\" style=\"width: 100%;\" controls=\"controls\"><source type=\"audio\/mpeg\" src=\"https:\/\/www.radiopiu.net\/wordpress\/wp-content\/uploads\/2022\/03\/GIANNI-LUXOTTICA.mp3?_=12\" \/><a href=\"https:\/\/www.radiopiu.net\/wordpress\/wp-content\/uploads\/2022\/03\/GIANNI-LUXOTTICA.mp3\">https:\/\/www.radiopiu.net\/wordpress\/wp-content\/uploads\/2022\/03\/GIANNI-LUXOTTICA.mp3<\/a><\/audio>\n<p><img loading=\"lazy\" decoding=\"async\" class=\"aligncenter\" src=\"https:\/\/www.radiopiu.net\/wordpress\/wp-content\/uploads\/2022\/03\/efa79f74-fd32-4e0a-8569-60564ae77e27.jpg\" width=\"364\" height=\"378\" \/><\/p>\n<p>&nbsp;<\/p>\n<hr \/>\n<p>&nbsp;<\/p>\n<blockquote>\n<h3>SOSPIROLO SI PREPARA ALLA FESTA ROSA, IL 28 MAGGIO IL PASSAGGIO DEI CICLISTI<\/h3>\n<p><em>Quando passa il Giro s&#8217;accende la festa, alla vigilia gli entusiasmi. Questa sera l&#8217;incontro per organizzare al meglio una giornata memorabile, il tappone Dolomitico da Belluno a Passo Fedaia.<\/em><\/p><\/blockquote>\n<p>di Damiano Tormen<\/p>\n<p><strong><img loading=\"lazy\" decoding=\"async\" class=\"alignleft\" src=\"https:\/\/www.radiopiu.net\/wordpress\/wp-content\/uploads\/2021\/11\/GIRO-FESTA.jpg\" width=\"232\" height=\"174\" \/>SOSPIROLO<\/strong><\/p>\n<p><strong>AUDIO<\/strong><\/p>\n<audio class=\"wp-audio-shortcode\" id=\"audio-262675-13\" preload=\"none\" style=\"width: 100%;\" controls=\"controls\"><source type=\"audio\/mpeg\" src=\"https:\/\/www.radiopiu.net\/wordpress\/wp-content\/uploads\/2022\/03\/DAMIANO-1.mp3?_=13\" \/><a href=\"https:\/\/www.radiopiu.net\/wordpress\/wp-content\/uploads\/2022\/03\/DAMIANO-1.mp3\">https:\/\/www.radiopiu.net\/wordpress\/wp-content\/uploads\/2022\/03\/DAMIANO-1.mp3<\/a><\/audio>\n<p>&nbsp;<\/p>\n<p>&nbsp;<\/p>\n<p>&nbsp;<\/p>\n<hr \/>\n<p>&nbsp;<\/p>\n<blockquote class=\"wp-embedded-content\" data-secret=\"u0XE89m4Wy\"><p><a href=\"https:\/\/www.radiopiu.net\/wordpress\/ag01marzo22aaas\/\">CORONAVIRUS: AGGIORNAMENTO NAZIONALE 03 MARZO 2022<\/a><\/p><\/blockquote>\n<p><iframe loading=\"lazy\" class=\"wp-embedded-content\" sandbox=\"allow-scripts\" security=\"restricted\" style=\"position: absolute; clip: rect(1px, 1px, 1px, 1px);\" title=\"&#8220;CORONAVIRUS: AGGIORNAMENTO NAZIONALE 03 MARZO 2022&#8221; &#8212; Radio Pi\u00f9\" src=\"https:\/\/www.radiopiu.net\/wordpress\/ag01marzo22aaas\/embed\/#?secret=u0XE89m4Wy\" data-secret=\"u0XE89m4Wy\" width=\"600\" height=\"338\" frameborder=\"0\" marginwidth=\"0\" marginheight=\"0\" scrolling=\"no\"><\/iframe><\/p>\n<p>&nbsp;<\/p>\n<blockquote class=\"wp-embedded-content\" data-secret=\"hGSj1prIe6\"><p><a href=\"https:\/\/www.radiopiu.net\/wordpress\/ricoveri-in-ulteriore-calo-13-decessi-e-quasi-4-mila-nuovi-positivi-in-24-ore-nel-veneto\/\">RICOVERI IN ULTERIORE CALO, 13 DECESSI E QUASI 4 MILA NUOVI POSITIVI IN 24 ORE NEL VENETO<\/a><\/p><\/blockquote>\n<p><iframe loading=\"lazy\" class=\"wp-embedded-content\" sandbox=\"allow-scripts\" security=\"restricted\" style=\"position: absolute; clip: rect(1px, 1px, 1px, 1px);\" title=\"&#8220;RICOVERI IN ULTERIORE CALO, 13 DECESSI E QUASI 4 MILA NUOVI POSITIVI IN 24 ORE NEL VENETO&#8221; &#8212; Radio Pi\u00f9\" src=\"https:\/\/www.radiopiu.net\/wordpress\/ricoveri-in-ulteriore-calo-13-decessi-e-quasi-4-mila-nuovi-positivi-in-24-ore-nel-veneto\/embed\/#?secret=hGSj1prIe6\" data-secret=\"hGSj1prIe6\" width=\"600\" height=\"338\" frameborder=\"0\" marginwidth=\"0\" marginheight=\"0\" scrolling=\"no\"><\/iframe><\/p>\n<p>&nbsp;<\/p>\n<h2>I GRAFICI DI TIZIANO DE COL<\/h2>\n\n\t\t\t<style type='text\/css'>\n\t\t\t\t#gallery-4 {\n\t\t\t\t\tmargin: auto;\n\t\t\t\t}\n\t\t\t\t#gallery-4 .gallery-item {\n\t\t\t\t\tfloat: left;\n\t\t\t\t\tmargin-top: 10px;\n\t\t\t\t\ttext-align: center;\n\t\t\t\t\twidth: 33%;\n\t\t\t\t}\n\t\t\t\t#gallery-4 img {\n\t\t\t\t\tborder: 2px solid #cfcfcf;\n\t\t\t\t}\n\t\t\t\t#gallery-4 .gallery-caption {\n\t\t\t\t\tmargin-left: 0;\n\t\t\t\t}\n\t\t\t\t\/* see gallery_shortcode() in wp-includes\/media.php *\/\n\t\t\t<\/style>\n\t\t<div id='gallery-4' class='dt-gallery-container gallery galleryid-262675 gallery-columns-3 gallery-size-thumbnail'><dl class='gallery-item'>\n\t\t\t\t<dt class='gallery-icon landscape'>\n\t\t\t\t\t<a class=\"rollover rollover-zoom dt-pswp-item\" title=\"f4d0a43a-0c6d-46e0-9f70-aaa959ec1313\" data-dt-img-description=\"\" data-large_image_width=\"594\" data-large_image_height=\"363\"href='https:\/\/www.radiopiu.net\/wordpress\/wp-content\/uploads\/2022\/03\/f4d0a43a-0c6d-46e0-9f70-aaa959ec1313.jpg'><img loading=\"lazy\" decoding=\"async\" width=\"150\" height=\"150\" src=\"https:\/\/www.radiopiu.net\/wordpress\/wp-content\/uploads\/2022\/03\/f4d0a43a-0c6d-46e0-9f70-aaa959ec1313-150x150.jpg\" class=\"attachment-thumbnail size-thumbnail\" alt=\"\" \/><\/a>\n\t\t\t\t<\/dt><\/dl><dl class='gallery-item'>\n\t\t\t\t<dt class='gallery-icon landscape'>\n\t\t\t\t\t<a class=\"rollover rollover-zoom dt-pswp-item\" title=\"fad091df-aaf3-42bb-82d4-922e8e99f58f\" data-dt-img-description=\"\" data-large_image_width=\"603\" data-large_image_height=\"369\"href='https:\/\/www.radiopiu.net\/wordpress\/wp-content\/uploads\/2022\/03\/fad091df-aaf3-42bb-82d4-922e8e99f58f.jpg'><img loading=\"lazy\" decoding=\"async\" width=\"150\" height=\"150\" src=\"https:\/\/www.radiopiu.net\/wordpress\/wp-content\/uploads\/2022\/03\/fad091df-aaf3-42bb-82d4-922e8e99f58f-150x150.jpg\" class=\"attachment-thumbnail size-thumbnail\" alt=\"\" \/><\/a>\n\t\t\t\t<\/dt><\/dl><dl class='gallery-item'>\n\t\t\t\t<dt class='gallery-icon landscape'>\n\t\t\t\t\t<a class=\"rollover rollover-zoom dt-pswp-item\" title=\"31d514d6-5613-4ea0-8e51-02095cb99b08\" data-dt-img-description=\"\" data-large_image_width=\"604\" data-large_image_height=\"361\"href='https:\/\/www.radiopiu.net\/wordpress\/wp-content\/uploads\/2022\/03\/31d514d6-5613-4ea0-8e51-02095cb99b08.jpg'><img loading=\"lazy\" decoding=\"async\" width=\"150\" height=\"150\" src=\"https:\/\/www.radiopiu.net\/wordpress\/wp-content\/uploads\/2022\/03\/31d514d6-5613-4ea0-8e51-02095cb99b08-150x150.jpg\" class=\"attachment-thumbnail size-thumbnail\" alt=\"\" \/><\/a>\n\t\t\t\t<\/dt><\/dl><br style=\"clear: both\" \/><dl class='gallery-item'>\n\t\t\t\t<dt class='gallery-icon landscape'>\n\t\t\t\t\t<a class=\"rollover rollover-zoom dt-pswp-item\" title=\"9dfcbf15-78f3-4ee9-94ee-e06b75b84cad\" data-dt-img-description=\"\" data-large_image_width=\"616\" data-large_image_height=\"356\"href='https:\/\/www.radiopiu.net\/wordpress\/wp-content\/uploads\/2022\/03\/9dfcbf15-78f3-4ee9-94ee-e06b75b84cad.jpg'><img loading=\"lazy\" decoding=\"async\" width=\"150\" height=\"150\" src=\"https:\/\/www.radiopiu.net\/wordpress\/wp-content\/uploads\/2022\/03\/9dfcbf15-78f3-4ee9-94ee-e06b75b84cad-150x150.jpg\" class=\"attachment-thumbnail size-thumbnail\" alt=\"\" \/><\/a>\n\t\t\t\t<\/dt><\/dl><dl class='gallery-item'>\n\t\t\t\t<dt class='gallery-icon landscape'>\n\t\t\t\t\t<a class=\"rollover rollover-zoom dt-pswp-item\" title=\"9201358b-8b9d-426c-8cb3-ee18f814451e\" data-dt-img-description=\"\" data-large_image_width=\"606\" data-large_image_height=\"363\"href='https:\/\/www.radiopiu.net\/wordpress\/wp-content\/uploads\/2022\/03\/9201358b-8b9d-426c-8cb3-ee18f814451e.jpg'><img loading=\"lazy\" decoding=\"async\" width=\"150\" height=\"150\" src=\"https:\/\/www.radiopiu.net\/wordpress\/wp-content\/uploads\/2022\/03\/9201358b-8b9d-426c-8cb3-ee18f814451e-150x150.jpg\" class=\"attachment-thumbnail size-thumbnail\" alt=\"\" \/><\/a>\n\t\t\t\t<\/dt><\/dl><dl class='gallery-item'>\n\t\t\t\t<dt class='gallery-icon landscape'>\n\t\t\t\t\t<a class=\"rollover rollover-zoom dt-pswp-item\" title=\"8bfcddf4-025f-460c-b449-a704127704ee\" data-dt-img-description=\"\" data-large_image_width=\"610\" data-large_image_height=\"353\"href='https:\/\/www.radiopiu.net\/wordpress\/wp-content\/uploads\/2022\/03\/8bfcddf4-025f-460c-b449-a704127704ee.jpg'><img loading=\"lazy\" decoding=\"async\" width=\"150\" height=\"150\" src=\"https:\/\/www.radiopiu.net\/wordpress\/wp-content\/uploads\/2022\/03\/8bfcddf4-025f-460c-b449-a704127704ee-150x150.jpg\" class=\"attachment-thumbnail size-thumbnail\" alt=\"\" \/><\/a>\n\t\t\t\t<\/dt><\/dl><br style=\"clear: both\" \/>\n\t\t\t<\/div>\n\n<p>&nbsp;<\/p>\n<hr \/>\n<p>&nbsp;<\/p>\n<blockquote>\n<h1>Nuovi orari covid point tamponi<\/h1>\n<\/blockquote>\n<p><strong>BELLUNO<\/strong>\u00a0 \u2981 PALUDI: dal luned\u00ec alla domenica, dalle 8.30 alle 12.30 \u2981 FELTRE: dal luned\u00ec al venerd\u00ec, dalle 8.30 alle 12.30 \u2981 AGORDO: marted\u00ec &#8211; gioved\u00ec &#8211; sabato, dalle 8.30 alle 10.00 \u2981 TAI DI CADORE:\u00a0 marted\u00ec &#8211; gioved\u00ec &#8211; sabato, dalle 13.30 alle 15.30, CODIVILLA PUTTI CORTINA dal luned\u00ec al sabato dalle 8 alle 15. Per informazioni di dettaglio e prenotazioni consultare il sito www.aulss1.veneto.it<\/p>\n<p>&nbsp;<\/p>\n<p>&nbsp;<\/p>\n<hr \/>\n<p>&nbsp;<\/p>\n<blockquote>\n<h3>RIQUALIFICAZIONE DEL PARCO DELLE RIMEMBRANZA, APPROVATO IL PRIMO LOTTO FUNZIONALE DI INTERVENTI E LA CONVENZIONE CON LA SEZIONE ANA DI FELTRE<\/h3>\n<\/blockquote>\n<p><strong><a class=\"dt-pswp-item\" href=\"https:\/\/www.radiopiu.net\/wordpress\/wp-content\/uploads\/2022\/03\/Parco-della-Rimembranza.jpg\" data-dt-img-description=\"\" data-large_image_width=\"2048\" data-large_image_height=\"1152\"><img loading=\"lazy\" decoding=\"async\" class=\"size-medium wp-image-262753 alignleft\" src=\"https:\/\/www.radiopiu.net\/wordpress\/wp-content\/uploads\/2022\/03\/Parco-della-Rimembranza-300x169.jpg\" alt=\"\" width=\"300\" height=\"169\" srcset=\"https:\/\/www.radiopiu.net\/wordpress\/wp-content\/uploads\/2022\/03\/Parco-della-Rimembranza-300x169.jpg 300w, https:\/\/www.radiopiu.net\/wordpress\/wp-content\/uploads\/2022\/03\/Parco-della-Rimembranza-1024x576.jpg 1024w, https:\/\/www.radiopiu.net\/wordpress\/wp-content\/uploads\/2022\/03\/Parco-della-Rimembranza-768x432.jpg 768w, https:\/\/www.radiopiu.net\/wordpress\/wp-content\/uploads\/2022\/03\/Parco-della-Rimembranza-1536x864.jpg 1536w, https:\/\/www.radiopiu.net\/wordpress\/wp-content\/uploads\/2022\/03\/Parco-della-Rimembranza.jpg 2048w\" sizes=\"auto, (max-width: 300px) 100vw, 300px\" \/><\/a>FELTRE <\/strong>Prende il via \u201csul campo\u201d il piano di riqualificazione del Parco della Rimembranza, uno dei luoghi diventati simbolo della devastazione causata dalla tempesta Vaia nel tessuto urbano della citt\u00e0. Come noto, la sezione dell&#8217;ANA di Feltre aveva manifestato sin da subito la propria intenzione di collaborare attivamente al recupero del sito, coinvolgendo nell&#8217;iniziativa sia la sede centrale del sodalizio che i propri associati. La giunta comunale ha approvato nei giorni scorsi la delibera di approvazione del primo lotto di interventi, che vedr\u00e0 coinvolte in primo piano proprio le Penne Nere feltrine. A tale riguardo verr\u00e0 sottoscritta una specifica convenzione. Nella stessa \u00e8 previsto che la sezione ANA di Feltre sar\u00e0 impegnata nell&#8217;abbattimento degli alberi ancora esistenti lungo il percorso perimetrale ad U del parco, con rimozione e recupero del materiale legnoso, fatta eccezione delle ceppaie che saranno portate a recupero a cura del Comune. Le Penne Nere si occuperanno anche della messa a dimora del nuovo doppio filare di alberi (circa 90 esemplari di ippocastano), secondo il progetto redatto dallo studio tecnico MADE e con le caratteristiche della scheda tecnica redatta dal dipartimento TESAF dell&#8217;Universit\u00e0 di Padova. Gli interventi saranno eseguiti in stretta collaborazione e sotto la supervisione dei tecnici comunali preposti alla manutenzione del verde pubblico.<\/p>\n<p><strong>ADIS ZATTA DEL COMUNE DI FELTRE<\/strong><\/p>\n<audio class=\"wp-audio-shortcode\" id=\"audio-262675-14\" preload=\"none\" style=\"width: 100%;\" controls=\"controls\"><source type=\"audio\/mpeg\" src=\"https:\/\/www.radiopiu.net\/wordpress\/wp-content\/uploads\/2022\/03\/ZATTA-PARCO-FELTRE.mp3?_=14\" \/><a href=\"https:\/\/www.radiopiu.net\/wordpress\/wp-content\/uploads\/2022\/03\/ZATTA-PARCO-FELTRE.mp3\">https:\/\/www.radiopiu.net\/wordpress\/wp-content\/uploads\/2022\/03\/ZATTA-PARCO-FELTRE.mp3<\/a><\/audio>\n<p>&nbsp;<\/p>\n<p>&nbsp;<\/p>\n<hr \/>\n<p>&nbsp;<\/p>\n<blockquote>\n<h3>CONFAGRICOLTURA BELLUNO FA APPELLO A D&#8217;INCA E FRANCO PER CONTENERE IL COSTO DELLE BOLLETTE<\/h3>\n<\/blockquote>\n<p><strong><a class=\"dt-pswp-item\" href=\"https:\/\/www.radiopiu.net\/wordpress\/wp-content\/uploads\/2019\/06\/ha-sottolineato-il-giovane-uomo-asiatico-che-tiene-il-portafoglio-vuoto-e-pensando-di-trovare-soldi-per-pagare-le-bollette_78212-12.jpg\" data-dt-img-description=\"\" data-large_image_width=\"626\" data-large_image_height=\"418\"><img loading=\"lazy\" decoding=\"async\" class=\"size-medium wp-image-90175 alignleft\" src=\"https:\/\/www.radiopiu.net\/wordpress\/wp-content\/uploads\/2019\/06\/ha-sottolineato-il-giovane-uomo-asiatico-che-tiene-il-portafoglio-vuoto-e-pensando-di-trovare-soldi-per-pagare-le-bollette_78212-12-300x200.jpg\" alt=\"\" width=\"300\" height=\"200\" srcset=\"https:\/\/www.radiopiu.net\/wordpress\/wp-content\/uploads\/2019\/06\/ha-sottolineato-il-giovane-uomo-asiatico-che-tiene-il-portafoglio-vuoto-e-pensando-di-trovare-soldi-per-pagare-le-bollette_78212-12-300x200.jpg 300w, https:\/\/www.radiopiu.net\/wordpress\/wp-content\/uploads\/2019\/06\/ha-sottolineato-il-giovane-uomo-asiatico-che-tiene-il-portafoglio-vuoto-e-pensando-di-trovare-soldi-per-pagare-le-bollette_78212-12.jpg 626w\" sizes=\"auto, (max-width: 300px) 100vw, 300px\" \/><\/a>BELLUNO <\/strong>Confagricoltura Belluno lancia un appello ai ministri Federico D\u2019Inc\u00e0 e Daniele Franco affinch\u00e9 si trovi una soluzione per contenere i costi energetici, che gravano sempre di pi\u00f9 sulle aziende. La guerra in Ucraina ha aperto uno scenario di profonda instabilit\u00e0, causando un ulteriore aumento del gas e del petrolio oltre a quello dei mangimi e dei fertilizzanti. \u201c<em>Le nostre aziende agricole, soprattutto quelle zootecniche, sono in sofferenza da mesi per gli esorbitanti costi dell\u2019energia elettrica e del gas, che dal 1\u00b0 gennaio hanno segnato nuovi aumenti \u2013 sottolinea Diego Donazzolo, presidente di Confagricoltura Belluno -. Ora questa guerra sta generando ulteriori preoccupazioni, con l\u2019aumento delle quotazioni delle materie prime che sta interessando anche i mangimi, rincarati in una sola settimana del 5-6%. Per l\u2019energia elettrica sono in arrivo nuovi rincari e sta aumentando nuovamente anche il costo del gasolio, indispensabile non solo per le stalle ma per tutte le attivit\u00e0 produttive, dalle serre florovivaistiche ai seminativi. Ai ministri D\u2019Inc\u00e0 e Franco ricordiamo che le aziende zootecniche della montagna devono essere tenute in maggiore considerazione, in quanto i tre centesimi in pi\u00f9 sul prezzo del latte non sono mai arrivati e, anche se Lattebusche sta tenendo bene, non basta a garantire la sopravvivenza delle imprese. Le stalle della parte pi\u00f9 alta della provincia stanno affrontando spese abnormi e rischiano di chiudere. E se la zootecnia da latte sparisce, la montagna muore<\/em>\u201d.<\/p>\n<p>&nbsp;<\/p>\n<p>&nbsp;<\/p>\n<hr \/>\n<p>&nbsp;<\/p>\n<blockquote>\n<h3>CGIA-ASMEL: PNRR, GIA\u2019 ASSEGNATO L\u201983% DELLE RISORSE DESTINATE AI COMUNI<\/h3>\n<\/blockquote>\n<p><strong><a class=\"dt-pswp-item\" href=\"https:\/\/www.radiopiu.net\/wordpress\/wp-content\/uploads\/2022\/03\/Schermata-2022-03-03-alle-10.15.47.png\" data-dt-img-description=\"\" data-large_image_width=\"1188\" data-large_image_height=\"1128\"><img loading=\"lazy\" decoding=\"async\" class=\" wp-image-262746 alignleft\" src=\"https:\/\/www.radiopiu.net\/wordpress\/wp-content\/uploads\/2022\/03\/Schermata-2022-03-03-alle-10.15.47-300x285.png\" alt=\"\" width=\"345\" height=\"328\" srcset=\"https:\/\/www.radiopiu.net\/wordpress\/wp-content\/uploads\/2022\/03\/Schermata-2022-03-03-alle-10.15.47-300x285.png 300w, https:\/\/www.radiopiu.net\/wordpress\/wp-content\/uploads\/2022\/03\/Schermata-2022-03-03-alle-10.15.47-1024x972.png 1024w, https:\/\/www.radiopiu.net\/wordpress\/wp-content\/uploads\/2022\/03\/Schermata-2022-03-03-alle-10.15.47-768x729.png 768w, https:\/\/www.radiopiu.net\/wordpress\/wp-content\/uploads\/2022\/03\/Schermata-2022-03-03-alle-10.15.47.png 1188w\" sizes=\"auto, (max-width: 345px) 100vw, 345px\" \/><\/a>VENEZIA <\/strong>Sono stati gi\u00e0 ripartiti 30 dei 36 miliardi di euro destinati ai Comuni (pari all\u201983,3% del totale), i quali dovranno ora impegnarli entro fine anno per progetti rivolti al potenziamento dell\u2019offerta formativa, in primis gli asili nido, la prima infanzia e la messa in sicurezza dell\u2019edilizia scolastica. Altres\u00ec, saranno chiamati a migliorare la qualit\u00e0 abitativa del patrimonio immobiliare pubblico, l\u2019inclusione sociale e la tutela del territorio. Una vera e propria <em>mission<\/em> quasi <em>impossible<\/em>. Sindaci e strutture tecnico-amministrative, infatti, sono chiamati ad uno sforzo immane per far fronte ad una mole di risorse, pari al triplo della spesa annuale per investimenti registrata nel triennio 2017\/2019. Mentre molti Comuni, soprattutto quelli piccoli \u2013 segnala l\u2019approfondimento realizzato dall\u2019Ufficio studi della CGIA per conto di ASMEL &#8211; dispongono di risorse umane ridotte all\u2019osso, con grosse difficolt\u00e0 per fronteggiare le difficolt\u00e0 procedurali richieste per mettere a terra questi investimenti. Sostiene Francesco Pinto, Segretario generale dell\u2019ASMEL: \u201cA nulla valgono le migliaia di assunzioni a progetto, con personale precario, dunque poco motivato ad affrontare le complessit\u00e0 procedurali che affliggono gli Enti locali. Poco risolvono le task force calate dall\u2019alto o i finanziamenti per improbabili campagne di comunicazione\u201d. Anche se, \u00e8 bene ricordarlo, il ruolo delle Amministrazioni comunali rimane centrale. \u201cI Comuni \u2013 prosegue Pinto \u2013 sono, in ogni, caso, i pi\u00f9 efficaci investitori pubblici, come certificato dalla Corte dei Conti. Ma ancor prima dei soldi chiedono opere di bene. Ovvero semplificazione e superamento del bigottismo normativo che affligge non solo i privati ma anche il settore pubblico\u201d. \u201cA tal fine, continua Pinto, \u201cASMEL chiede da anni di \u201cimportare\u201d in Italia le norme europee sugli appalti e quelle sulle rinnovabili. Con queste ultime, ad esempio, senza bisogno di indebitarsi, lo Stato potrebbe garantirsi 8000 alleati, i Comuni italiani, per realizzare almeno 20 GW di impianti per comunit\u00e0 energetiche in un anno. Oggi siamo in fondo alla classifica in Europa che vede in testa Germania, Paesi bassi e Regno unito. Eppure non \u00e8 questione di soldi, perch\u00e9 si tratta di impianti che si auto finanziano. Men che mai di fattori climatici. Mancano solo le opere di bene\u201d. Lo studio CGIA-Asmel, infine, evidenzia come che su un ammontare di risorse previste dal Recovery che vale complessivamente 191,5 miliardi, gli enti locali sono chiamati ad impegnare e realizzare investimenti per oltre 36 miliardi, circa il 20% del totale. E delle 16 componenti che compongono le missioni in cui si articolano gli interventi, i Comuni assumono un ruolo importante in 8 componenti, impegnando mediamente di questi il 37% delle risorse, ma arrivando anche all\u201980% per le componenti M5C2 Infrastrutture sociali, famiglie, comunit\u00e0 e terzo settore e M5C3 Interventi speciali per la coesione territoriale.<\/p>\n<p>&nbsp;<\/p>\n<p>&nbsp;<\/p>\n<hr \/>\n<p>&nbsp;<\/p>\n<blockquote>\n<h3>\u201cGENERATION FOR REGENERATION\u201d, UN PROGETTO CHE EDUCA I GIOVANI ALLA SOSTENIBILIT\u00c0<\/h3>\n<\/blockquote>\n<p><strong><a class=\"dt-pswp-item\" href=\"https:\/\/www.radiopiu.net\/wordpress\/wp-content\/uploads\/2022\/03\/Generation-for-regeneration.jpg\" data-dt-img-description=\"\" data-large_image_width=\"1600\" data-large_image_height=\"1200\"><img loading=\"lazy\" decoding=\"async\" class=\" wp-image-262756 alignleft\" src=\"https:\/\/www.radiopiu.net\/wordpress\/wp-content\/uploads\/2022\/03\/Generation-for-regeneration-300x225.jpg\" alt=\"\" width=\"220\" height=\"165\" srcset=\"https:\/\/www.radiopiu.net\/wordpress\/wp-content\/uploads\/2022\/03\/Generation-for-regeneration-300x225.jpg 300w, https:\/\/www.radiopiu.net\/wordpress\/wp-content\/uploads\/2022\/03\/Generation-for-regeneration-1024x768.jpg 1024w, https:\/\/www.radiopiu.net\/wordpress\/wp-content\/uploads\/2022\/03\/Generation-for-regeneration-768x576.jpg 768w, https:\/\/www.radiopiu.net\/wordpress\/wp-content\/uploads\/2022\/03\/Generation-for-regeneration-1536x1152.jpg 1536w, https:\/\/www.radiopiu.net\/wordpress\/wp-content\/uploads\/2022\/03\/Generation-for-regeneration.jpg 1600w\" sizes=\"auto, (max-width: 220px) 100vw, 220px\" \/><\/a>BELLUNO <\/strong>Educare i giovani del territorio alla sostenibilit\u00e0. \u00c8 questo l\u2019obiettivo del nuovo progetto dal titolo \u201cGeneration for regeneration. Educare in rete per la svolta ecologica\u201d promosso dal Comitato d\u2019Intesa di Belluno e finanziato da Fondazione Cariverona nell\u2019ambito del bando \u201cFormat\u201d. Il fine dell\u2019iniziativa \u00e8 quello di promuovere tra i giovani l\u2019educazione ai nuovi paradigmi della sostenibilit\u00e0, secondo un approccio integrato di sviluppo delle capacit\u00e0 (capacity building) per stimolare l\u2019apprendimento attraverso l\u2019esperienza. Si prevede il coinvolgimento di oltre 800 studenti frequentanti istituti di ogni ordine e grado della provincia di Belluno (oltre 50 le classi raggiunte), che saranno impegnati in attivit\u00e0 laboratoriali, uscite didattiche ed incontri pubblici. Per maggiori informazioni \u00e8 possibile consultare le pagine social dedicate al progetto e il nuovo sito del Comitato d\u2019Intesa <a href=\"http:\/\/www.comitatodintesa.it\">www.comitatodintesa.it<\/a> che ospita una sezione dedicata. Chiunque fosse interessato a contribuire al progetto, facendosi promotore di nuove iniziative di volontariato ambientale, pu\u00f2 scrivere a europa@comitatodintesa.it<\/p>\n<p>&nbsp;<\/p>\n<p>&nbsp;<\/p>\n<hr \/>\n<p>&nbsp;<\/p>\n<blockquote>\n<h3>DOMANI CONSIGLIO COMUNALE A COLLE SANTA LUCIA<\/h3>\n<\/blockquote>\n<p><strong>COLLE SANTA LUCIA<\/strong> Il sindaco Paolo Frena ha convocato il consiglio comunale per domani alle 8 presso la sala consigliare del municipio. Saranno 6 i punti da discutere tra cui l&#8217;acquisizione al patrimonio comunale di una porzione di &#8220;casa-piazza&#8221; a Villagrande, il regolamento dei controlli interni e la seconda variazione al bilancio.<\/p>\n<p>&nbsp;<\/p>\n<p>&nbsp;<\/p>\n<hr \/>\n<p>&nbsp;<\/p>\n<div class=\"page\" title=\"Page 1\">\n<div class=\"layoutArea\">\n<div class=\"column\">\n<blockquote>\n<blockquote>\n<h3>INCONTRO CON IL PREMIO NOBEL SHIRIN EBADI &#8220;LA PACE DALLE DONNE&#8221;<\/h3>\n<\/blockquote>\n<p><strong><a class=\"dt-pswp-item\" href=\"https:\/\/www.radiopiu.net\/wordpress\/wp-content\/uploads\/2022\/03\/Senza-nome.jpg\" data-dt-img-description=\"\" data-large_image_width=\"422\" data-large_image_height=\"283\"><img loading=\"lazy\" decoding=\"async\" class=\"size-medium wp-image-262464 alignleft\" src=\"https:\/\/www.radiopiu.net\/wordpress\/wp-content\/uploads\/2022\/03\/Senza-nome-300x201.jpg\" alt=\"\" width=\"300\" height=\"201\" srcset=\"https:\/\/www.radiopiu.net\/wordpress\/wp-content\/uploads\/2022\/03\/Senza-nome-300x201.jpg 300w, https:\/\/www.radiopiu.net\/wordpress\/wp-content\/uploads\/2022\/03\/Senza-nome.jpg 422w\" sizes=\"auto, (max-width: 300px) 100vw, 300px\" \/><\/a>BELLUNO<\/strong> L\u2019Associazione Amici delle Scuole in Rete, le Scuole in Rete per un Mondo di Solidariet\u00e0 e Pace e l\u2019Associazione Gianni Ballerio, in sinergia con l\u2019Ufficio Scolastico e tutti i partner del Progetto \u201cCittadini con il Turbo. Ripartire dal Noi\u201d nella Giornata internazionale della donna presentano un incontro di riflessione online sulla pace e sulle azioni possibili per promuoverla nel mondo, a partire dalla promozione della donna. Marted\u00ec 8 marzo, infatti, gli studenti e i cittadini interessati a riflettere su temi come Diritti Umani e pace, cos\u00ec di attualit\u00e0 in questi giorni, potranno incontrare e porre domande al premio nobel iraniano Shirin Ebadi, avvocata e prima donna musulmana e la prima iraniana a ricevere il Nobel per la pace, conferitole nel 2003 \u201cper il suo impegno a favore della pace e per la democrazia\u201d. L\u2019incontro si terr\u00e0 online dalle ore 11:00 alle 12:00 e analizzer\u00e0 la situazione della donna nel mondo e soprattutto in Iran e Medioriente, il ruolo della donna e il suo contributo per la pace.<\/p><\/blockquote>\n<\/div>\n<\/div>\n<\/div>\n<p>&nbsp;<\/p>\n<p>&nbsp;<\/p>\n<hr \/>\n<p>&nbsp;<\/p>\n<blockquote><p>&nbsp;<\/p>\n<blockquote>\n<h3>IL PARCO LUCI SULLA PIANA DI FALCADE, SPETTACOLO PER GLI OCCHI<\/h3>\n<\/blockquote>\n<p><strong>FALCADE<\/strong> Fino a domenica \u00e8 possibile \u00a0visitare sulla piana di Falcade, dopo le 18 della sera le luminarie. Un evento alla seconda edizione grazie alla collaborazione tra Comune di Falcade, Associazione Albergatori, ristoratori e rifugi della valle del Biois e alla disponibilit\u00e0 della ditta Michelotti di Parma, Tutto era iniziato per caso, una semplice esposizione. Quest&#8217;anno, invece, visto il successo della prima edizione ha riproposto l&#8217;iniziativa curandola maggiormente. Tutto \u00e8 stato studiato.<\/p>\n\n\t\t\t<style type='text\/css'>\n\t\t\t\t#gallery-5 {\n\t\t\t\t\tmargin: auto;\n\t\t\t\t}\n\t\t\t\t#gallery-5 .gallery-item {\n\t\t\t\t\tfloat: left;\n\t\t\t\t\tmargin-top: 10px;\n\t\t\t\t\ttext-align: center;\n\t\t\t\t\twidth: 16%;\n\t\t\t\t}\n\t\t\t\t#gallery-5 img {\n\t\t\t\t\tborder: 2px solid #cfcfcf;\n\t\t\t\t}\n\t\t\t\t#gallery-5 .gallery-caption {\n\t\t\t\t\tmargin-left: 0;\n\t\t\t\t}\n\t\t\t\t\/* see gallery_shortcode() in wp-includes\/media.php *\/\n\t\t\t<\/style>\n\t\t<div id='gallery-5' class='dt-gallery-container gallery galleryid-262675 gallery-columns-6 gallery-size-thumbnail'><dl class='gallery-item'>\n\t\t\t\t<dt class='gallery-icon portrait'>\n\t\t\t\t\t<a class=\"rollover rollover-zoom dt-pswp-item\" title=\"4c7698b8-25cf-46d4-af2f-852fb7fa3f53\" data-dt-img-description=\"\" data-large_image_width=\"1536\" data-large_image_height=\"2048\"href='https:\/\/www.radiopiu.net\/wordpress\/wp-content\/uploads\/2022\/03\/4c7698b8-25cf-46d4-af2f-852fb7fa3f53.jpg'><img loading=\"lazy\" decoding=\"async\" width=\"150\" height=\"150\" src=\"https:\/\/www.radiopiu.net\/wordpress\/wp-content\/uploads\/2022\/03\/4c7698b8-25cf-46d4-af2f-852fb7fa3f53-150x150.jpg\" class=\"attachment-thumbnail size-thumbnail\" alt=\"\" \/><\/a>\n\t\t\t\t<\/dt><\/dl><dl class='gallery-item'>\n\t\t\t\t<dt class='gallery-icon portrait'>\n\t\t\t\t\t<a class=\"rollover rollover-zoom dt-pswp-item\" title=\"8ac01838-4157-4af7-8de3-72cbfa2b6411\" data-dt-img-description=\"\" data-large_image_width=\"1536\" data-large_image_height=\"2048\"href='https:\/\/www.radiopiu.net\/wordpress\/wp-content\/uploads\/2022\/03\/8ac01838-4157-4af7-8de3-72cbfa2b6411.jpg'><img loading=\"lazy\" decoding=\"async\" width=\"150\" height=\"150\" src=\"https:\/\/www.radiopiu.net\/wordpress\/wp-content\/uploads\/2022\/03\/8ac01838-4157-4af7-8de3-72cbfa2b6411-150x150.jpg\" class=\"attachment-thumbnail size-thumbnail\" alt=\"\" \/><\/a>\n\t\t\t\t<\/dt><\/dl><dl class='gallery-item'>\n\t\t\t\t<dt class='gallery-icon landscape'>\n\t\t\t\t\t<a class=\"rollover rollover-zoom dt-pswp-item\" title=\"274707285_451421640050949_5963597053667733048_n\" data-dt-img-description=\"\" data-large_image_width=\"720\" data-large_image_height=\"540\"href='https:\/\/www.radiopiu.net\/wordpress\/wp-content\/uploads\/2022\/03\/274707285_451421640050949_5963597053667733048_n.jpg'><img loading=\"lazy\" decoding=\"async\" width=\"150\" height=\"150\" src=\"https:\/\/www.radiopiu.net\/wordpress\/wp-content\/uploads\/2022\/03\/274707285_451421640050949_5963597053667733048_n-150x150.jpg\" class=\"attachment-thumbnail size-thumbnail\" alt=\"\" \/><\/a>\n\t\t\t\t<\/dt><\/dl><dl class='gallery-item'>\n\t\t\t\t<dt class='gallery-icon portrait'>\n\t\t\t\t\t<a class=\"rollover rollover-zoom dt-pswp-item\" title=\"e2650cd2-d82c-446b-9ef4-ab69e8ff784b\" data-dt-img-description=\"\" data-large_image_width=\"1536\" data-large_image_height=\"2048\"href='https:\/\/www.radiopiu.net\/wordpress\/wp-content\/uploads\/2022\/03\/e2650cd2-d82c-446b-9ef4-ab69e8ff784b.jpg'><img loading=\"lazy\" decoding=\"async\" width=\"150\" height=\"150\" src=\"https:\/\/www.radiopiu.net\/wordpress\/wp-content\/uploads\/2022\/03\/e2650cd2-d82c-446b-9ef4-ab69e8ff784b-150x150.jpg\" class=\"attachment-thumbnail size-thumbnail\" alt=\"\" \/><\/a>\n\t\t\t\t<\/dt><\/dl><dl class='gallery-item'>\n\t\t\t\t<dt class='gallery-icon portrait'>\n\t\t\t\t\t<a class=\"rollover rollover-zoom dt-pswp-item\" title=\"68a2ffeb-3d4f-4dc6-b1be-65f881ad049d\" data-dt-img-description=\"\" data-large_image_width=\"1536\" data-large_image_height=\"2048\"href='https:\/\/www.radiopiu.net\/wordpress\/wp-content\/uploads\/2022\/03\/68a2ffeb-3d4f-4dc6-b1be-65f881ad049d.jpg'><img loading=\"lazy\" decoding=\"async\" width=\"150\" height=\"150\" src=\"https:\/\/www.radiopiu.net\/wordpress\/wp-content\/uploads\/2022\/03\/68a2ffeb-3d4f-4dc6-b1be-65f881ad049d-150x150.jpg\" class=\"attachment-thumbnail size-thumbnail\" alt=\"\" \/><\/a>\n\t\t\t\t<\/dt><\/dl><dl class='gallery-item'>\n\t\t\t\t<dt class='gallery-icon landscape'>\n\t\t\t\t\t<a class=\"rollover rollover-zoom dt-pswp-item\" title=\"ace0af30-0e8a-41ba-8888-3fa79030932b\" data-dt-img-description=\"\" data-large_image_width=\"2048\" data-large_image_height=\"1536\"href='https:\/\/www.radiopiu.net\/wordpress\/wp-content\/uploads\/2022\/03\/ace0af30-0e8a-41ba-8888-3fa79030932b.jpg'><img loading=\"lazy\" decoding=\"async\" width=\"150\" height=\"150\" src=\"https:\/\/www.radiopiu.net\/wordpress\/wp-content\/uploads\/2022\/03\/ace0af30-0e8a-41ba-8888-3fa79030932b-150x150.jpg\" class=\"attachment-thumbnail size-thumbnail\" alt=\"\" \/><\/a>\n\t\t\t\t<\/dt><\/dl><br style=\"clear: both\" \/>\n\t\t\t<\/div>\n\n<p>&nbsp;<\/p><\/blockquote>\n<hr \/>\n<p>&nbsp;<\/p>\n<blockquote class=\"wp-embedded-content\" data-secret=\"Nv2iNoh5Us\"><p><a href=\"https:\/\/www.radiopiu.net\/wordpress\/mensileagosaa\/\">VENT&#8217;ANNI FA&#8230; I RED RIVER REVIVAL E CLAUDIO NEVYJEL<\/a><\/p><\/blockquote>\n<p><iframe loading=\"lazy\" class=\"wp-embedded-content\" sandbox=\"allow-scripts\" security=\"restricted\" style=\"position: absolute; clip: rect(1px, 1px, 1px, 1px);\" title=\"&#8220;VENT&#8217;ANNI FA&#8230; I RED RIVER REVIVAL E CLAUDIO NEVYJEL&#8221; &#8212; Radio Pi\u00f9\" src=\"https:\/\/www.radiopiu.net\/wordpress\/mensileagosaa\/embed\/#?secret=Nv2iNoh5Us\" data-secret=\"Nv2iNoh5Us\" width=\"600\" height=\"338\" frameborder=\"0\" marginwidth=\"0\" marginheight=\"0\" scrolling=\"no\"><\/iframe><\/p>\n<p>&nbsp;<\/p>\n<p>&nbsp;<\/p>\n<hr \/>\n<p>&nbsp;<\/p>\n<blockquote><p><span style=\"color: #ff0000;\">CROCE ROSSA ITALIANA<\/span><\/p>\n<blockquote>\n<h3>NUOVO CORSO PER ASPIRANTI VOLONTARI<\/h3>\n<\/blockquote>\n<p><strong>FELTRE<\/strong> <span id=\"page3R_mcid10\" class=\"markedContent\"><span dir=\"ltr\" role=\"presentation\">Il Comitato della Croce Rossa Italiana di Feltre organizza un Corso base per aspiranti <\/span><span dir=\"ltr\" role=\"presentation\">volontari (Beps) che prender\u00e0 il via sabato 2 aprile. <span id=\"page3R_mcid19\" class=\"markedContent\">Per ogni tipo di informazione \u00e8 sufficiente recarsi nella sede CRI, situata al terzo piano all&#8217;ex Casa di cura Villabruna Bellati di Feltre in viale Marconi 7, il luned\u00ec e il gioved\u00ec dalle 18 alle 21. <\/span><span id=\"page3R_mcid20\" class=\"markedContent\">Oppure utilizzando i seguenti contatti: <\/span><span id=\"page3R_mcid21\" class=\"markedContent\">Indirizzo e-mail<\/span><span id=\"page3R_mcid22\" class=\"markedContent\"> feltre@cri.it<\/span><span id=\"page3R_mcid23\" class=\"markedContent\">.<\/span><\/span><\/span><\/p><\/blockquote>\n<p>&nbsp;<\/p>\n<hr \/>\n<p>&nbsp;<\/p>\n<blockquote>\n<h3>MASSIMILIANO FERRATI AL COMUNALE DI BELLUNO<\/h3>\n<\/blockquote>\n<p><strong><a class=\"dt-pswp-item\" href=\"https:\/\/www.radiopiu.net\/wordpress\/wp-content\/uploads\/2022\/03\/Massimiliano_Ferrati.jpg\" data-dt-img-description=\"\" data-large_image_width=\"1260\" data-large_image_height=\"700\"><img loading=\"lazy\" decoding=\"async\" class=\" wp-image-262758 alignleft\" src=\"https:\/\/www.radiopiu.net\/wordpress\/wp-content\/uploads\/2022\/03\/Massimiliano_Ferrati-300x167.jpg\" alt=\"\" width=\"177\" height=\"99\" srcset=\"https:\/\/www.radiopiu.net\/wordpress\/wp-content\/uploads\/2022\/03\/Massimiliano_Ferrati-300x167.jpg 300w, https:\/\/www.radiopiu.net\/wordpress\/wp-content\/uploads\/2022\/03\/Massimiliano_Ferrati-1024x569.jpg 1024w, https:\/\/www.radiopiu.net\/wordpress\/wp-content\/uploads\/2022\/03\/Massimiliano_Ferrati-768x427.jpg 768w, https:\/\/www.radiopiu.net\/wordpress\/wp-content\/uploads\/2022\/03\/Massimiliano_Ferrati.jpg 1260w\" sizes=\"auto, (max-width: 177px) 100vw, 177px\" \/><\/a>BELLUNO<\/strong> Il pianista Massimo Ferrati sar\u00e0 a Belluno\u00a0mercoled\u00ec 9 marzo alle 20:30, al Teatro Comunale, ospite della 69a Stagione del Circolo Culturale Bellunese. Per il concerto \u00e8 richiesta la prenotazione, presso Agenzia Alpe Bellunese: tel. 0437 940407, e-mail: <a href=\"mailto:info@alpebellunese.it\">info@alpebellunese.it<\/a>. Si accede con greenpass rafforzato (a partire dai 12 anni) e mascherina FFP2, nel rispetto delle norme anti Covid-19. Informazioni, note di sala e biglietti su www.belcircolo.org<\/p>\n<p>&nbsp;<\/p>\n<p>&nbsp;<\/p>\n<hr \/>\n<p>&nbsp;<\/p>\n<blockquote>\n<h3>DUE APPUNTAMENTI CON IL GAMP<\/h3>\n<\/blockquote>\n<p><strong>AGORDO <\/strong>Sono due gli appuntamenti con il Gamp nelle prossime settimane. Domani alle 17 in Sala Don Tamis ad Agordo l&#8217;assemblea annuale dei soci, domenica 13 marzo \u00e8 in programma una gita a Bologna in occasione del Bologna Mineral Show con partenza da Agordo. Per prenotazioni e info scrivere o telefonare al 3400890160 Manuel Conedera (presidente) o 3884955756 Davide Conedera (segretario) o via e-mail a info@agordogampdolomiti.it<\/p>\n<p>&nbsp;<\/p>\n<p>&nbsp;<\/p>\n<hr \/>\n<p>&nbsp;<\/p>\n<blockquote>\n<h3>PATTINAGGIO LIBERO\u00a0 AL PALAGHIACCIO DI ALLEGHE<\/h3>\n<\/blockquote>\n<p><strong>ALLEGHE <\/strong>Anche questa settimana il Palaghiaccio Alvise De Toni sar\u00e0 aperto per il pattinaggio libero. Oggi dalle 21 alle 23, domani dalle 16:30 alle 18:30 e dalle 21 alle 23 e domenica dalle 14:30 alle 16:30.<\/p>\n<p>&nbsp;<\/p>\n<p>&nbsp;<\/p>\n<hr \/>\n<p>&nbsp;<\/p>\n<blockquote>\n<h3>MUSICA E POESIA A LIMANA NEL GIORNO DELLA FESTA DELLA DONNA<\/h3>\n<\/blockquote>\n<p><strong>LIMANA <\/strong>MUSICA E POESIA con lo <i>scrittore Antonio Chiades<\/i> ed il <i>pianista-compositore Carlo De Battista<\/i>. La serata si terr\u00e0 MARTEDI&#8217; 8 MARZO alle ore 20.30, presso la sala Luigi Nocivelli, ingresso dietro la Biblioteca Comunale di Limana, Via Ruggero Fiabane n. 3. Ingresso gratuito, si consiglia la prenotazione per i posti limitati, inviado una mail all&#8217;indirizzo <a class=\"moz-txt-link-abbreviated moz-txt-link-freetext\" href=\"mailto:sbogo.limana@valbelluna.bl.it\">sbogo.limana@valbelluna.bl.it<\/a> indicando nome e cognome di ogni partecipante, recapito telefonico.<\/p>\n<p>&nbsp;<\/p>\n<p>&nbsp;<\/p>\n<hr \/>\n<p>&nbsp;<\/p>\n<blockquote>\n<h3><a class=\"dt-pswp-item\" href=\"https:\/\/www.radiopiu.net\/wordpress\/wp-content\/uploads\/2022\/03\/DolomitiHub_Rassegna-Cinema-Bambini_Locandina-Generale-1448x2048-1.jpg\" data-dt-img-description=\"\" data-large_image_width=\"1448\" data-large_image_height=\"2048\"><img loading=\"lazy\" decoding=\"async\" class=\" wp-image-262760 alignleft\" src=\"https:\/\/www.radiopiu.net\/wordpress\/wp-content\/uploads\/2022\/03\/DolomitiHub_Rassegna-Cinema-Bambini_Locandina-Generale-1448x2048-1-212x300.jpg\" alt=\"\" width=\"151\" height=\"214\" srcset=\"https:\/\/www.radiopiu.net\/wordpress\/wp-content\/uploads\/2022\/03\/DolomitiHub_Rassegna-Cinema-Bambini_Locandina-Generale-1448x2048-1-212x300.jpg 212w, https:\/\/www.radiopiu.net\/wordpress\/wp-content\/uploads\/2022\/03\/DolomitiHub_Rassegna-Cinema-Bambini_Locandina-Generale-1448x2048-1-724x1024.jpg 724w, https:\/\/www.radiopiu.net\/wordpress\/wp-content\/uploads\/2022\/03\/DolomitiHub_Rassegna-Cinema-Bambini_Locandina-Generale-1448x2048-1-768x1086.jpg 768w, https:\/\/www.radiopiu.net\/wordpress\/wp-content\/uploads\/2022\/03\/DolomitiHub_Rassegna-Cinema-Bambini_Locandina-Generale-1448x2048-1-1086x1536.jpg 1086w, https:\/\/www.radiopiu.net\/wordpress\/wp-content\/uploads\/2022\/03\/DolomitiHub_Rassegna-Cinema-Bambini_Locandina-Generale-1448x2048-1.jpg 1448w\" sizes=\"auto, (max-width: 151px) 100vw, 151px\" \/><\/a>QUATTRO APPUNTAMENTI CON DOLOMITI HUB E IL CINEMA DEDICATO AI BAMBINI<\/h3>\n<\/blockquote>\n<p><strong>FONZASO<\/strong> Dopo la partecipazione significativa di pubblico alla rassegna cinematografica per bambine e bambini promossa da Dolomiti Hub lo scorso autunno, il centro culturale con sede a Fonzaso torna con un palinsesto primaverile rivolto ai pi\u00f9 piccoli. Gli appuntamenti sono stati ideati con la curatela di Lago Film Fest. Saranno quattro le serate proposte, con quattro diversi percorsi tematici, in ognuno dei quali verr\u00e0 coinvolto un attore associativo del territorio che possa animare la serata dei bambini con una testimonianza dal vivo. Da venerd\u00ec 25 marzo con \u201cNuovi mondi\u201d, alla scoperta dei mondi lontani grazie a viaggi speciali, come quello in cui si verr\u00e0 accompagnati da Mauro Soppelsa, che racconter\u00e0 l\u2019esperienza dell\u2019Associazione Giuliano De Marchi per il Nepal.<\/p>\n<p>&nbsp;<\/p>\n<p>&nbsp;<\/p>\n<hr \/>\n<p>&nbsp;<\/p>\n<h2><span style=\"color: #ff0000;\">IERI ALLA RADIO\u00a0<\/span><\/h2>\n<h2><span style=\"color: #808000;\">ALLO ZERO TERMICO: ROBERTO HUBER &#8211; ALTA BADIA BRAND<\/span><\/h2>\n<blockquote><p><em class=\"photoswipe-wrapper\"><a class=\"dt-pswp-item\" href=\"https:\/\/www.radiopiu.net\/wordpress\/wp-content\/uploads\/2021\/09\/ROBERTO-HUBER.png\" data-dt-img-description=\"\" data-large_image_width=\"1074\" data-large_image_height=\"852\"><img loading=\"lazy\" decoding=\"async\" class=\" wp-image-230861 alignleft\" src=\"https:\/\/www.radiopiu.net\/wordpress\/wp-content\/uploads\/2021\/09\/ROBERTO-HUBER-300x238.png\" alt=\"\" width=\"149\" height=\"118\" srcset=\"https:\/\/www.radiopiu.net\/wordpress\/wp-content\/uploads\/2021\/09\/ROBERTO-HUBER-300x238.png 300w, https:\/\/www.radiopiu.net\/wordpress\/wp-content\/uploads\/2021\/09\/ROBERTO-HUBER-1024x812.png 1024w, https:\/\/www.radiopiu.net\/wordpress\/wp-content\/uploads\/2021\/09\/ROBERTO-HUBER-768x609.png 768w, https:\/\/www.radiopiu.net\/wordpress\/wp-content\/uploads\/2021\/09\/ROBERTO-HUBER.png 1074w\" sizes=\"auto, (max-width: 149px) 100vw, 149px\" \/><\/a>ZERO TERMICO E\u2019 UN VIAGGIO ALLA SCOPERTA DEL NOSTRO TERRITORIO, DALLA VOCE DEI PROTAGONISTI. TURISMO, SPORT, EVENTI, CULTURA, INTRATTENIMENTO. DAL LUNEDI\u2019 AL VENERDI ALLE 15.10 ALLE 20.30. ZERO TERMICO. UN APPUNTAMENTO IN COLLABORAZIONE CON: SPORT 203. LA NATURALE PORTA D\u2019INGRESSO\u2026.VERSO LO ZERO TERMICO. LOCALITA\u2019 LE CAMPE STRADA AGORDO BELLUNO. ABBIGLIAMENTO E ATTREZZATURA\u2026.DEDICATI A CHI AMA LA MONTAGNA.<\/em><\/p><\/blockquote>\n<p><strong>di Claudio Fontanive<\/strong><\/p>\n<p>OSPITE: Roberto Huber, direttore Alta Badia Brand<\/p>\n<audio class=\"wp-audio-shortcode\" id=\"audio-262675-15\" preload=\"none\" style=\"width: 100%;\" controls=\"controls\"><source type=\"audio\/mpeg\" src=\"https:\/\/www.radiopiu.net\/wordpress\/wp-content\/uploads\/2022\/03\/roberto-huber-alta-badia-brand-3-marzo.mp3?_=15\" \/><a href=\"https:\/\/www.radiopiu.net\/wordpress\/wp-content\/uploads\/2022\/03\/roberto-huber-alta-badia-brand-3-marzo.mp3\">https:\/\/www.radiopiu.net\/wordpress\/wp-content\/uploads\/2022\/03\/roberto-huber-alta-badia-brand-3-marzo.mp3<\/a><\/audio>\n<p>&nbsp;<\/p>\n<hr \/>\n<p>&nbsp;<\/p>\n<p><strong>TUTTI I LUNEDI ALLE 10,30 E 1900, LA DOMENICA ALLE 8 007 IN CONDOTTA, LA SCUOLA CON LA PROF. MARIA ROSA SALMAZO E CLAUDIO FONTANIVE, IN PODCAST TUTTE LE PUNTATE DELLE ULTIME STAGIONI.<\/strong><\/p>\n<p>&nbsp;<\/p>\n<blockquote class=\"wp-embedded-content\" data-secret=\"MUdwxh30pi\"><p><a href=\"https:\/\/www.radiopiu.net\/wordpress\/007incondotta-9\/\">007 in condotta<\/a><\/p><\/blockquote>\n<p><iframe loading=\"lazy\" class=\"wp-embedded-content\" sandbox=\"allow-scripts\" security=\"restricted\" style=\"position: absolute; clip: rect(1px, 1px, 1px, 1px);\" title=\"&#8220;007 in condotta&#8221; &#8212; Radio Pi\u00f9\" src=\"https:\/\/www.radiopiu.net\/wordpress\/007incondotta-9\/embed\/#?secret=MUdwxh30pi\" data-secret=\"MUdwxh30pi\" width=\"600\" height=\"338\" frameborder=\"0\" marginwidth=\"0\" marginheight=\"0\" scrolling=\"no\"><\/iframe><\/p>\n<p>&nbsp;<\/p>\n<hr \/>\n<p>&nbsp;<\/p>\n<p>&nbsp;<\/p>\n<p>https:\/\/www.radiopiu.net\/wordpress\/raccoltaso1\/<\/p>\n<p>&nbsp;<\/p>\n<hr \/>\n<p>&nbsp;<\/p>\n<p>&nbsp;<\/p>\n<blockquote class=\"wp-embedded-content\" data-secret=\"9IYTpXwAuz\"><p><a href=\"https:\/\/www.radiopiu.net\/wordpress\/caputo-e-la-vita-di-gesu-e-della-madonna-in-immagini-nelle-opere-darte-bellunesi\/\">CAPUTO E LA VITA DI GES\u00d9 E DELLA MADONNA IN IMMAGINI NELLE OPERE D\u2019ARTE BELLUNESI<\/a><\/p><\/blockquote>\n<p><iframe loading=\"lazy\" class=\"wp-embedded-content\" sandbox=\"allow-scripts\" security=\"restricted\" style=\"position: absolute; clip: rect(1px, 1px, 1px, 1px);\" title=\"&#8220;CAPUTO E LA VITA DI GES\u00d9 E DELLA MADONNA IN IMMAGINI NELLE OPERE D\u2019ARTE BELLUNESI&#8221; &#8212; Radio Pi\u00f9\" src=\"https:\/\/www.radiopiu.net\/wordpress\/caputo-e-la-vita-di-gesu-e-della-madonna-in-immagini-nelle-opere-darte-bellunesi\/embed\/#?secret=9IYTpXwAuz\" data-secret=\"9IYTpXwAuz\" width=\"600\" height=\"338\" frameborder=\"0\" marginwidth=\"0\" marginheight=\"0\" scrolling=\"no\"><\/iframe><\/p>\n<p>&nbsp;<\/p>\n<hr \/>\n<p>&nbsp;<\/p>\n<p>&nbsp;<\/p>\n<div>\n<div class=\"b654a4as d2edcug0\">\n<div class=\"rq0escxv hkbzh7o3 jwdofwj8 n8tt0mok r8blr3vg hyh9befq\">\n<p><a class=\"dt-pswp-item\" href=\"https:\/\/www.radiopiu.net\/wordpress\/wp-content\/uploads\/2020\/10\/pp.jpg\" data-dt-img-description=\"\" data-large_image_width=\"640\" data-large_image_height=\"640\"><img loading=\"lazy\" decoding=\"async\" class=\"wp-image-163678 alignleft\" src=\"https:\/\/www.radiopiu.net\/wordpress\/wp-content\/uploads\/2020\/10\/pp-300x300.jpg\" alt=\"\" width=\"106\" height=\"106\" srcset=\"https:\/\/www.radiopiu.net\/wordpress\/wp-content\/uploads\/2020\/10\/pp-300x300.jpg 300w, https:\/\/www.radiopiu.net\/wordpress\/wp-content\/uploads\/2020\/10\/pp-150x150.jpg 150w, https:\/\/www.radiopiu.net\/wordpress\/wp-content\/uploads\/2020\/10\/pp-125x125.jpg 125w, https:\/\/www.radiopiu.net\/wordpress\/wp-content\/uploads\/2020\/10\/pp-200x200.jpg 200w, https:\/\/www.radiopiu.net\/wordpress\/wp-content\/uploads\/2020\/10\/pp-80x80.jpg 80w, https:\/\/www.radiopiu.net\/wordpress\/wp-content\/uploads\/2020\/10\/pp-480x480.jpg 480w, https:\/\/www.radiopiu.net\/wordpress\/wp-content\/uploads\/2020\/10\/pp.jpg 640w\" sizes=\"auto, (max-width: 106px) 100vw, 106px\" \/><\/a><\/p>\n<\/div>\n<\/div>\n<\/div>\n<div>\n<div class=\"page-title-head hgroup\">\n<div class=\"page-title-head hgroup\">\n<div class=\"b654a4as d2edcug0\">\n<div class=\"j83agx80 btwxx1t3 lhclo0ds hop8lmos nkwizq5d scwd0bx6 roh60bw9\">\n<div class=\"rq0escxv hkbzh7o3 jwdofwj8 n8tt0mok r8blr3vg hyh9befq\">\n<div class=\"do00u71z l9j0dhe7 k4urcfbm\">\n<h2><span style=\"color: #000080;\">\u00a0<\/span><span style=\"color: #000080;\">DON CESARE, IL PENSIERO DEL GIORNO. ALLA RADIO ALLE 7 DEL MATTINO E ALLE 19.30 DELLA SERA.\u00a0<\/span><\/h2>\n<audio class=\"wp-audio-shortcode\" id=\"audio-262675-16\" preload=\"none\" style=\"width: 100%;\" controls=\"controls\"><source type=\"audio\/mpeg\" src=\"https:\/\/www.radiopiu.net\/wordpress\/wp-content\/uploads\/2022\/03\/CESARE-1.mp3?_=16\" \/><a href=\"https:\/\/www.radiopiu.net\/wordpress\/wp-content\/uploads\/2022\/03\/CESARE-1.mp3\">https:\/\/www.radiopiu.net\/wordpress\/wp-content\/uploads\/2022\/03\/CESARE-1.mp3<\/a><\/audio>\n<\/div>\n<\/div>\n<\/div>\n<\/div>\n<\/div>\n<\/div>\n<\/div>\n<p>&nbsp;<\/p>\n<p>&nbsp;<\/p>\n<hr \/>\n<p>&nbsp;<\/p>\n<h3 class=\"kvgmc6g5 cxmmr5t8 oygrvhab hcukyx3x c1et5uql\"><span style=\"color: #0000ff;\"><strong>INFORMAZIONE il canale su TELEGRAM informazione di prima mano e in tempo reale. iscriviti ed aiutaci a farlo conoscere\u00a0\u00a0<\/strong><\/span><\/h3>\n<p>&nbsp;<\/p>\n<p>&nbsp;<\/p>\n<hr \/>\n<p>&nbsp;<\/p>\n<div class=\"do00u71z l9j0dhe7 k4urcfbm\">\n<div class=\"page-title-head hgroup\">\n<div class=\"page-title-head hgroup\">\n<div class=\"b654a4as d2edcug0\">\n<div class=\"j83agx80 btwxx1t3 lhclo0ds hop8lmos nkwizq5d scwd0bx6 roh60bw9\">\n<div class=\"rq0escxv hkbzh7o3 jwdofwj8 n8tt0mok r8blr3vg hyh9befq\">\n<div class=\"do00u71z l9j0dhe7 k4urcfbm\">\n<div class=\"page-title-head hgroup\">\n<div class=\"page-title-head hgroup\">\n<div class=\"b654a4as d2edcug0\">\n<div class=\"j83agx80 btwxx1t3 lhclo0ds hop8lmos nkwizq5d scwd0bx6 roh60bw9\">\n<div class=\"rq0escxv hkbzh7o3 jwdofwj8 n8tt0mok r8blr3vg hyh9befq\">\n<div class=\"do00u71z l9j0dhe7 k4urcfbm\">\n<div class=\"ecm0bbzt e5nlhep0 a8c37x1j\">\n<div class=\"kvgmc6g5 cxmmr5t8 oygrvhab hcukyx3x c1et5uql\">\n<div class=\"gmail-kvgmc6g5 gmail-cxmmr5t8 gmail-oygrvhab gmail-hcukyx3x gmail-c1et5uql gmail-ii04i59q\">\n<div class=\"page-title-head hgroup\">\n<div class=\"page-title-head hgroup\">\n<div class=\"b654a4as d2edcug0\">\n<div class=\"j83agx80 btwxx1t3 lhclo0ds hop8lmos nkwizq5d scwd0bx6 roh60bw9\">\n<div class=\"rq0escxv hkbzh7o3 jwdofwj8 n8tt0mok r8blr3vg hyh9befq\">\n<div class=\"do00u71z l9j0dhe7 k4urcfbm\">\n<div class=\"page-title-head hgroup\">\n<div class=\"page-title-head hgroup\">\n<div class=\"b654a4as d2edcug0\">\n<div class=\"j83agx80 btwxx1t3 lhclo0ds hop8lmos nkwizq5d scwd0bx6 roh60bw9\">\n<div class=\"rq0escxv hkbzh7o3 jwdofwj8 n8tt0mok r8blr3vg hyh9befq\">\n<div class=\"do00u71z l9j0dhe7 k4urcfbm\">\n<div class=\"page-title-head hgroup\">\n<div class=\"page-title-head hgroup\">\n<div class=\"b654a4as d2edcug0\">\n<div class=\"j83agx80 btwxx1t3 lhclo0ds hop8lmos nkwizq5d scwd0bx6 roh60bw9\">\n<div class=\"rq0escxv hkbzh7o3 jwdofwj8 n8tt0mok r8blr3vg hyh9befq\">\n<div class=\"do00u71z l9j0dhe7 k4urcfbm\">\n<div class=\"ecm0bbzt e5nlhep0 a8c37x1j\">\n<div class=\"kvgmc6g5 cxmmr5t8 oygrvhab hcukyx3x c1et5uql\">\n<div class=\"gmail-kvgmc6g5 gmail-cxmmr5t8 gmail-oygrvhab gmail-hcukyx3x gmail-c1et5uql gmail-ii04i59q\">\n<div class=\"page-title-head hgroup\">\n<div class=\"page-title-head hgroup\">\n<div class=\"b654a4as d2edcug0\">\n<div class=\"j83agx80 btwxx1t3 lhclo0ds hop8lmos nkwizq5d scwd0bx6 roh60bw9\">\n<div class=\"rq0escxv hkbzh7o3 jwdofwj8 n8tt0mok r8blr3vg hyh9befq\">\n<div class=\"do00u71z l9j0dhe7 k4urcfbm\">\n<blockquote>\n<h3><span style=\"color: #ff0000;\">IN VIVO VERSO, SETTIMA STAGIONE CON BRUNELLA MORO, DAL LUNEDI AL VENERDI ALLE 7.10, 10.10 E 18.50\u00a0\u00a0<\/span><\/h3>\n<\/blockquote>\n<p><strong>\u00a0 TERRA ROSSA di BIANCA SOLIGO<\/strong><\/p>\n<p><strong>AUDIO<\/strong><\/p>\n<audio class=\"wp-audio-shortcode\" id=\"audio-262675-17\" preload=\"none\" style=\"width: 100%;\" controls=\"controls\"><source type=\"audio\/mpeg\" src=\"https:\/\/www.radiopiu.net\/wordpress\/wp-content\/uploads\/2022\/02\/04-terra-rossa-bianca-soligo-s.mp3?_=17\" \/><a href=\"https:\/\/www.radiopiu.net\/wordpress\/wp-content\/uploads\/2022\/02\/04-terra-rossa-bianca-soligo-s.mp3\">https:\/\/www.radiopiu.net\/wordpress\/wp-content\/uploads\/2022\/02\/04-terra-rossa-bianca-soligo-s.mp3<\/a><\/audio>\n<p>&nbsp;<\/p>\n<p><a class=\"dt-pswp-item\" href=\"https:\/\/www.radiopiu.net\/wordpress\/wp-content\/uploads\/2022\/03\/4-BIANCA-SOLIGO.jpg\" data-dt-img-description=\"\" data-large_image_width=\"576\" data-large_image_height=\"1024\"><img loading=\"lazy\" decoding=\"async\" class=\" wp-image-262739 alignleft\" src=\"https:\/\/www.radiopiu.net\/wordpress\/wp-content\/uploads\/2022\/03\/4-BIANCA-SOLIGO-169x300.jpg\" alt=\"\" width=\"85\" height=\"151\" srcset=\"https:\/\/www.radiopiu.net\/wordpress\/wp-content\/uploads\/2022\/03\/4-BIANCA-SOLIGO-169x300.jpg 169w, https:\/\/www.radiopiu.net\/wordpress\/wp-content\/uploads\/2022\/03\/4-BIANCA-SOLIGO.jpg 576w\" sizes=\"auto, (max-width: 85px) 100vw, 85px\" \/><\/a><strong>TERRA ROSSA<\/strong><\/p>\n<p>Giace laggi\u00f9 la mia infanzia,<br \/>\nin quella terra rossa,<br \/>\nche io rivedo di notte<br \/>\nquando il sonno mi abbandona,<br \/>\nmi vedo, quando l&#8217;aria si arancia<br \/>\ne ogni voce si scheggia.<br \/>\nSdraiata sotto i pioppi<br \/>\nin quella materna terra<br \/>\nogni foglia mossa dal vento<br \/>\ninizia a danzare<br \/>\nSotto quell&#8217;arcata di cielo<br \/>\nIl mio teatro segreto.<\/p>\n<p>&nbsp;<\/p>\n<p><strong>LA RACCOLTA COMPLETA<\/strong><\/p>\n<p><strong> \u00a0<\/strong><\/p>\n<blockquote class=\"wp-embedded-content\" data-secret=\"UJrwjmBOQ2\"><p><a href=\"https:\/\/www.radiopiu.net\/wordpress\/in-vivo-verso\/\">In Vivo Verso<\/a><\/p><\/blockquote>\n<p><iframe loading=\"lazy\" class=\"wp-embedded-content\" sandbox=\"allow-scripts\" security=\"restricted\" style=\"position: absolute; clip: rect(1px, 1px, 1px, 1px);\" title=\"&#8220;In Vivo Verso&#8221; &#8212; Radio Pi\u00f9\" src=\"https:\/\/www.radiopiu.net\/wordpress\/in-vivo-verso\/embed\/#?secret=UJrwjmBOQ2\" data-secret=\"UJrwjmBOQ2\" width=\"600\" height=\"338\" frameborder=\"0\" marginwidth=\"0\" marginheight=\"0\" scrolling=\"no\"><\/iframe><\/p>\n<p>&nbsp;<\/p>\n<hr \/>\n<p>&nbsp;<\/p>\n<h2><span style=\"color: #808000;\">GOCCE DI FILOSOFIA<\/span><\/h2>\n<p><strong>PUNTATA 149<\/strong><\/p>\n<audio class=\"wp-audio-shortcode\" id=\"audio-262675-18\" preload=\"none\" style=\"width: 100%;\" controls=\"controls\"><source type=\"audio\/mpeg\" src=\"https:\/\/www.radiopiu.net\/wordpress\/wp-content\/uploads\/2022\/02\/FI4-3.mp3?_=18\" \/><a href=\"https:\/\/www.radiopiu.net\/wordpress\/wp-content\/uploads\/2022\/02\/FI4-3.mp3\">https:\/\/www.radiopiu.net\/wordpress\/wp-content\/uploads\/2022\/02\/FI4-3.mp3<\/a><\/audio>\n<p>&nbsp;<\/p>\n<p><strong>LA RACCOLTA COMPLETA<\/strong><\/p>\n<blockquote class=\"wp-embedded-content\" data-secret=\"9Ih7ANCw8W\"><p><a href=\"https:\/\/www.radiopiu.net\/wordpress\/gocce-filosofia\/\">Gocce di filosofia, PRIMA E SECONDA STAGIONE 2022<\/a><\/p><\/blockquote>\n<p><iframe loading=\"lazy\" class=\"wp-embedded-content\" sandbox=\"allow-scripts\" security=\"restricted\" style=\"position: absolute; clip: rect(1px, 1px, 1px, 1px);\" title=\"&#8220;Gocce di filosofia, PRIMA E SECONDA STAGIONE 2022&#8221; &#8212; Radio Pi\u00f9\" src=\"https:\/\/www.radiopiu.net\/wordpress\/gocce-filosofia\/embed\/#?secret=9Ih7ANCw8W\" data-secret=\"9Ih7ANCw8W\" width=\"600\" height=\"338\" frameborder=\"0\" marginwidth=\"0\" marginheight=\"0\" scrolling=\"no\"><\/iframe><\/p>\n<p>&nbsp;<\/p>\n<p>&nbsp;<\/p>\n<hr \/>\n<p>&nbsp;<\/p>\n<p><span style=\"color: #0000ff;\">MUSICA PIU&#8217;\u00a0<\/span><\/p>\n<p><a href=\"https:\/\/www.radiopiu.net\/wordpress\/giornale-radiopiu-20-settembre-2021-direttore-mirko-mezzacasa\/pp-79\/\" rel=\"attachment wp-att-232921\"><img loading=\"lazy\" decoding=\"async\" class=\"wp-image-232921 alignleft\" src=\"https:\/\/www.radiopiu.net\/wordpress\/wp-content\/uploads\/2021\/09\/pp-1-300x300.jpg\" alt=\"\" width=\"135\" height=\"135\" srcset=\"https:\/\/www.radiopiu.net\/wordpress\/wp-content\/uploads\/2021\/09\/pp-1-300x300.jpg 300w, https:\/\/www.radiopiu.net\/wordpress\/wp-content\/uploads\/2021\/09\/pp-1-150x150.jpg 150w, https:\/\/www.radiopiu.net\/wordpress\/wp-content\/uploads\/2021\/09\/pp-1.jpg 640w\" sizes=\"auto, (max-width: 135px) 100vw, 135px\" \/><\/a><\/p>\n<div class=\"mkdf-post-text\">\n<div class=\"mkdf-post-text-inner\">\n<div class=\"mkdf-post-text-main\">\n<div class=\"mkdf-post-text\">\n<div class=\"mkdf-post-text-inner\">\n<div class=\"mkdf-post-text-main\">\n<div class=\"mkdf-post-text\">\n<div class=\"mkdf-post-text-inner\">\n<div class=\"mkdf-post-text-main\">\n<div class=\"page-title-head hgroup\">\n<div class=\"page-title-head hgroup\">\n<div class=\"mkdf-post-text\">\n<div class=\"mkdf-post-text-inner\">\n<div class=\"mkdf-post-text-main\">\n<div class=\"mkdf-post-text\">\n<div class=\"mkdf-post-text-inner\">\n<div class=\"mkdf-post-text-main\">\n<div class=\"page-title-head hgroup\">\n<div class=\"page-title-head hgroup\">\n<div class=\"page-title-head hgroup\">\n<div class=\"page-title-head hgroup\">\n<div class=\"b654a4as d2edcug0\">\n<div class=\"page-title-head hgroup\">\n<div class=\"page-title-head hgroup\">\n<div class=\"page-title-head hgroup\">\n<div class=\"page-title-head hgroup\">\n<div class=\"b654a4as d2edcug0\">\n<div class=\"page-title-head hgroup\">\n<div class=\"page-title-head hgroup\">\n<div class=\"page-title-head hgroup\">\n<div class=\"page-title-head hgroup\">\n<div class=\"b654a4as d2edcug0\">\n<div class=\"mkdf-post-text\">\n<div class=\"mkdf-post-text-inner\">\n<div class=\"mkdf-post-text-main\">\n<div class=\"mkdf-post-text\">\n<div class=\"mkdf-post-text-inner\">\n<div class=\"mkdf-post-text-main\">\n<div class=\"mkdf-post-text\">\n<div class=\"mkdf-post-text-inner\">\n<div class=\"mkdf-post-text-main\">\n<div class=\"page-title-head hgroup\">\n<div class=\"page-title-head hgroup\">\n<div class=\"mkdf-post-text\">\n<div class=\"mkdf-post-text-inner\">\n<div class=\"mkdf-post-text-main\">\n<div class=\"mkdf-post-text\">\n<div class=\"mkdf-post-text-inner\">\n<div class=\"mkdf-post-text-main\">\n<div class=\"page-title-head hgroup\">\n<div class=\"page-title-head hgroup\">\n<div class=\"page-title-head hgroup\">\n<div class=\"page-title-head hgroup\">\n<div class=\"b654a4as d2edcug0\">\n<div class=\"page-title-head hgroup\">\n<div class=\"page-title-head hgroup\">\n<div class=\"page-title-head hgroup\">\n<div class=\"page-title-head hgroup\">\n<div class=\"b654a4as d2edcug0\">\n<div class=\"page-title-head hgroup\">\n<div class=\"page-title-head hgroup\">\n<div class=\"page-title-head hgroup\">\n<div class=\"page-title-head hgroup\">\n<div class=\"b654a4as d2edcug0\">\n<div><\/div>\n<div><\/div>\n<div>\n<p><strong>MUSICA ALLA RADIO, IL PROGRAMMA DI LORIS SCUSSEL &#8220;COLLAGE OPERAZIONE NOSTALGIA&#8221; DAL LUNEDI AL VENERDI ALLE 16.00\u00a0 E ALLE 23\u00a0<\/strong><\/p>\n<\/div>\n<p>&nbsp;<\/p>\n<p><strong>PUNTATA 554 DEL 03 MARZO 2022<\/strong><\/p>\n<audio class=\"wp-audio-shortcode\" id=\"audio-262675-19\" preload=\"none\" style=\"width: 100%;\" controls=\"controls\"><source type=\"audio\/mpeg\" src=\"https:\/\/www.radiopiu.net\/wordpress\/wp-content\/uploads\/2022\/02\/Collage-554.mp3?_=19\" \/><a href=\"https:\/\/www.radiopiu.net\/wordpress\/wp-content\/uploads\/2022\/02\/Collage-554.mp3\">https:\/\/www.radiopiu.net\/wordpress\/wp-content\/uploads\/2022\/02\/Collage-554.mp3<\/a><\/audio>\n<p>.<\/p>\n<p>&nbsp;<\/p>\n<p>&nbsp;<\/p>\n<hr \/>\n<\/div>\n<\/div>\n<\/div>\n<\/div>\n<\/div>\n<\/div>\n<\/div>\n<\/div>\n<\/div>\n<\/div>\n<\/div>\n<\/div>\n<\/div>\n<\/div>\n<\/div>\n<\/div>\n<\/div>\n<\/div>\n<\/div>\n<\/div>\n<\/div>\n<\/div>\n<\/div>\n<\/div>\n<\/div>\n<\/div>\n<\/div>\n<\/div>\n<\/div>\n<\/div>\n<\/div>\n<\/div>\n<\/div>\n<\/div>\n<\/div>\n<\/div>\n<\/div>\n<\/div>\n<\/div>\n<\/div>\n<\/div>\n<\/div>\n<\/div>\n<\/div>\n<\/div>\n<\/div>\n<\/div>\n<\/div>\n<\/div>\n<\/div>\n<\/div>\n<\/div>\n<\/div>\n<\/div>\n<\/div>\n<\/div>\n<\/div>\n<\/div>\n<\/div>\n<\/div>\n<\/div>\n<\/div>\n<\/div>\n<\/div>\n<p>&nbsp;<\/p>\n<p>&nbsp;<\/p>\n<p>https:\/\/www.radiopiu.net\/wordpress\/freemix-la-liberta-musicale-mixata-da-dj-athos-e-raccontata-da-dj-jack\/<\/p>\n<p>&nbsp;<\/p>\n<blockquote class=\"wp-embedded-content\" data-secret=\"tcoYaS4nwu\"><p><a href=\"https:\/\/www.radiopiu.net\/wordpress\/da-ieri-alla-radio-in-palinsesto-loris-e-maurizio-con-la-grande-musica\/\">IL BLUES ALLA RADIO &#8230; COME NON L&#8217;AVETE MAI SENTITO PRIMA<\/a><\/p><\/blockquote>\n<p><iframe loading=\"lazy\" class=\"wp-embedded-content\" sandbox=\"allow-scripts\" security=\"restricted\" style=\"position: absolute; clip: rect(1px, 1px, 1px, 1px);\" title=\"&#8220;IL BLUES ALLA RADIO &#8230; COME NON L&#8217;AVETE MAI SENTITO PRIMA&#8221; &#8212; Radio Pi\u00f9\" src=\"https:\/\/www.radiopiu.net\/wordpress\/da-ieri-alla-radio-in-palinsesto-loris-e-maurizio-con-la-grande-musica\/embed\/#?secret=tcoYaS4nwu\" data-secret=\"tcoYaS4nwu\" width=\"600\" height=\"338\" frameborder=\"0\" marginwidth=\"0\" marginheight=\"0\" scrolling=\"no\"><\/iframe><\/p>\n<p>&nbsp;<\/p>\n<hr \/>\n<p>&nbsp;<\/p>\n<blockquote>\n<h3><span style=\"color: #0000ff;\">INFORMAZIONE il canale su TELEGRAM informazione di prima mano e in tempo reale. iscriviti ed aiutaci a farlo conoscere\u00a0\u00a0<\/span><\/h3>\n<\/blockquote>\n<div>\n<div class=\"page-title-head hgroup\">\n<div class=\"page-title-head hgroup\">\n<div class=\"page-title-head hgroup\">\n<div class=\"page-title-head hgroup\">\n<div class=\"b654a4as d2edcug0\">\n<div class=\"page-title-head hgroup\">\n<div class=\"page-title-head hgroup\">\n<div class=\"page-title-head hgroup\">\n<div class=\"page-title-head hgroup\">\n<div class=\"b654a4as d2edcug0\">\n<div class=\"page-title-head hgroup\">\n<div class=\"page-title-head hgroup\">\n<div class=\"page-title-head hgroup\">\n<div class=\"page-title-head hgroup\">\n<div class=\"page-title-head hgroup\">\n<div class=\"page-title-head hgroup\">\n<div class=\"page-title-head hgroup\">\n<div class=\"page-title-head hgroup\">\n<div class=\"page-title-head hgroup\">\n<div class=\"b654a4as d2edcug0\">\n<div class=\"page-title-head hgroup\">\n<div class=\"page-title-head hgroup\">\n<div class=\"page-title-head hgroup\">\n<div class=\"page-title-head hgroup\">\n<div class=\"b654a4as d2edcug0\">\n<div>\n<p>&nbsp;<\/p>\n<\/div>\n<div>\n<div class=\"page-title-head hgroup\">\n<div class=\"page-title-head hgroup\">\n<div class=\"page-title-head hgroup\">\n<div class=\"page-title-head hgroup\">\n<div class=\"page-title-head hgroup\">\n<div class=\"b654a4as d2edcug0\">\n<div>\n<hr \/>\n<\/div>\n<\/div>\n<div>\n<div>\n<p>&nbsp;<\/p>\n<\/div>\n<div>\n<div>\n<p>&nbsp;<\/p>\n<\/div>\n<div>\n<div>\n<p><strong>DUE MINUTI UN LIBRO, TUTTI I GIORNI ALLA RADIO ALLE 9.40 E ALLE 17.50\u00a0<\/strong><\/p>\n<div>\n<div>\n<p><strong>LA RACCOLTA COMPLETA\u00a0\u00a0<\/strong><\/p>\n<\/div>\n<div>\n<blockquote class=\"wp-embedded-content\" data-secret=\"TLpLXtOvjb\"><p><a href=\"https:\/\/www.radiopiu.net\/wordpress\/due-minuti-un-libro\/\">Due minuti un libro<\/a><\/p><\/blockquote>\n<p><iframe loading=\"lazy\" class=\"wp-embedded-content\" sandbox=\"allow-scripts\" security=\"restricted\" style=\"position: absolute; clip: rect(1px, 1px, 1px, 1px);\" title=\"&#8220;Due minuti un libro&#8221; &#8212; Radio Pi\u00f9\" src=\"https:\/\/www.radiopiu.net\/wordpress\/due-minuti-un-libro\/embed\/#?secret=TLpLXtOvjb\" data-secret=\"TLpLXtOvjb\" width=\"600\" height=\"338\" frameborder=\"0\" marginwidth=\"0\" marginheight=\"0\" scrolling=\"no\"><\/iframe><\/p>\n<\/div>\n<\/div>\n<\/div>\n<div class=\"mkdf-post-text\">\n<div class=\"mkdf-post-text-inner\">\n<div class=\"mkdf-post-text-main\">\n<div class=\"mkdf-post-text\">\n<div class=\"mkdf-post-text-inner\">\n<div class=\"mkdf-post-text-main\">\n<div class=\"mkdf-post-text\">\n<div class=\"mkdf-post-text-inner\">\n<div class=\"mkdf-post-text-main\">\n<div class=\"page-title-head hgroup\">\n<div class=\"page-title-head hgroup\">\n<div class=\"mkdf-post-text\">\n<div class=\"mkdf-post-text-inner\">\n<div class=\"mkdf-post-text-main\">\n<div class=\"mkdf-post-text\">\n<div class=\"mkdf-post-text-inner\">\n<div class=\"mkdf-post-text-main\">\n<div class=\"page-title-head hgroup\">\n<div class=\"page-title-head hgroup\">\n<div class=\"page-title-head hgroup\">\n<div class=\"page-title-head hgroup\">\n<div class=\"b654a4as d2edcug0\">\n<div class=\"page-title-head hgroup\">\n<div class=\"page-title-head hgroup\">\n<div class=\"page-title-head hgroup\">\n<div class=\"page-title-head hgroup\">\n<div class=\"b654a4as d2edcug0\">\n<div class=\"page-title-head hgroup\">\n<div class=\"page-title-head hgroup\">\n<div class=\"page-title-head hgroup\">\n<div class=\"page-title-head hgroup\">\n<div class=\"b654a4as d2edcug0\">\n<div>\n<p>&nbsp;<\/p>\n<\/div>\n<div>\n<hr \/>\n<p>&nbsp;<\/p>\n<\/div>\n<h2><span style=\"color: #808000;\">L&#8217;ALMANACCO LADINO\u00a0\u00a0<\/span><\/h2>\n<p><strong>PUNTATA DEL 28 FEBBRAIO 2022<\/strong><\/p>\n<audio class=\"wp-audio-shortcode\" id=\"audio-262675-20\" preload=\"none\" style=\"width: 100%;\" controls=\"controls\"><source type=\"audio\/mpeg\" src=\"https:\/\/www.radiopiu.net\/wordpress\/wp-content\/uploads\/2022\/02\/78\u00b0Almanacco-Ladino_Fodom-1.mp3?_=20\" \/><a href=\"https:\/\/www.radiopiu.net\/wordpress\/wp-content\/uploads\/2022\/02\/78\u00b0Almanacco-Ladino_Fodom-1.mp3\">https:\/\/www.radiopiu.net\/wordpress\/wp-content\/uploads\/2022\/02\/78\u00b0Almanacco-Ladino_Fodom-1.mp3<\/a><\/audio>\n<p>&nbsp;<\/p>\n<p><strong>LA RACCOLTA<\/strong><\/p>\n<blockquote class=\"wp-embedded-content\" data-secret=\"gYTFuIdAIH\"><p><a href=\"https:\/\/www.radiopiu.net\/wordpress\/almanacco-ladino\/\">Almanacco Ladino<\/a><\/p><\/blockquote>\n<p><iframe loading=\"lazy\" class=\"wp-embedded-content\" sandbox=\"allow-scripts\" security=\"restricted\" style=\"position: absolute; clip: rect(1px, 1px, 1px, 1px);\" title=\"&#8220;Almanacco Ladino&#8221; &#8212; Radio Pi\u00f9\" src=\"https:\/\/www.radiopiu.net\/wordpress\/almanacco-ladino\/embed\/#?secret=gYTFuIdAIH\" data-secret=\"gYTFuIdAIH\" width=\"600\" height=\"338\" frameborder=\"0\" marginwidth=\"0\" marginheight=\"0\" scrolling=\"no\"><\/iframe><\/p>\n<p>&nbsp;<\/p>\n<hr \/>\n<p>&nbsp;<\/p>\n<h2><span style=\"color: #33cccc;\">LA RASSEGNA STAMPA DA L&#8217;AMICO DEL POPOLO<\/span><\/h2>\n<p><strong><a class=\"dt-pswp-item\" href=\"https:\/\/www.radiopiu.net\/wordpress\/wp-content\/uploads\/2022\/02\/Schermata-2022-02-26-alle-15.02.18.png\" data-dt-img-description=\"\" data-large_image_width=\"828\" data-large_image_height=\"604\"><img loading=\"lazy\" decoding=\"async\" class=\" wp-image-261767 alignleft\" src=\"https:\/\/www.radiopiu.net\/wordpress\/wp-content\/uploads\/2022\/02\/Schermata-2022-02-26-alle-15.02.18-300x219.png\" alt=\"\" width=\"138\" height=\"101\" srcset=\"https:\/\/www.radiopiu.net\/wordpress\/wp-content\/uploads\/2022\/02\/Schermata-2022-02-26-alle-15.02.18-300x219.png 300w, https:\/\/www.radiopiu.net\/wordpress\/wp-content\/uploads\/2022\/02\/Schermata-2022-02-26-alle-15.02.18-768x560.png 768w, https:\/\/www.radiopiu.net\/wordpress\/wp-content\/uploads\/2022\/02\/Schermata-2022-02-26-alle-15.02.18.png 828w\" sizes=\"auto, (max-width: 138px) 100vw, 138px\" \/><\/a>di Gianni Santomaso<\/strong><\/p>\n<p>OSPITE: Raffaele Crocco, giornalista TGR Rai Trento<\/p>\n<p>&nbsp;<\/p>\n<audio class=\"wp-audio-shortcode\" id=\"audio-262675-21\" preload=\"none\" style=\"width: 100%;\" controls=\"controls\"><source type=\"audio\/mpeg\" src=\"https:\/\/www.radiopiu.net\/wordpress\/wp-content\/uploads\/2022\/02\/RASSEGNA-GIANNI-5.mp3?_=21\" \/><a href=\"https:\/\/www.radiopiu.net\/wordpress\/wp-content\/uploads\/2022\/02\/RASSEGNA-GIANNI-5.mp3\">https:\/\/www.radiopiu.net\/wordpress\/wp-content\/uploads\/2022\/02\/RASSEGNA-GIANNI-5.mp3<\/a><\/audio>\n<p>&nbsp;<\/p>\n<p><strong>LA RACCOLTA COMPLETA<\/strong><\/p>\n<blockquote class=\"wp-embedded-content\" data-secret=\"CNOQqAFZ02\"><p><a href=\"https:\/\/www.radiopiu.net\/wordpress\/rassegna-stampa-di-gianni-santomaso\/\">Rassegna stampa da l&#8217;amico del popolo &#8211; di Gianni Santomaso<\/a><\/p><\/blockquote>\n<p><iframe loading=\"lazy\" class=\"wp-embedded-content\" sandbox=\"allow-scripts\" security=\"restricted\" style=\"position: absolute; clip: rect(1px, 1px, 1px, 1px);\" title=\"&#8220;Rassegna stampa da l&#8217;amico del popolo &#8211; di Gianni Santomaso&#8221; &#8212; Radio Pi\u00f9\" src=\"https:\/\/www.radiopiu.net\/wordpress\/rassegna-stampa-di-gianni-santomaso\/embed\/#?secret=CNOQqAFZ02\" data-secret=\"CNOQqAFZ02\" width=\"600\" height=\"338\" frameborder=\"0\" marginwidth=\"0\" marginheight=\"0\" scrolling=\"no\"><\/iframe><\/p>\n<p>&nbsp;<\/p>\n<hr \/>\n<p>&nbsp;<\/p>\n<div>\n<div class=\"page-title-head hgroup\">\n<div class=\"page-title-head hgroup\">\n<div class=\"b654a4as d2edcug0\">\n<div class=\"j83agx80 btwxx1t3 lhclo0ds hop8lmos nkwizq5d scwd0bx6 roh60bw9\">\n<div class=\"rq0escxv hkbzh7o3 jwdofwj8 n8tt0mok r8blr3vg hyh9befq\">\n<div class=\"do00u71z l9j0dhe7 k4urcfbm\">\n<div class=\"ecm0bbzt e5nlhep0 a8c37x1j\">\n<div class=\"kvgmc6g5 cxmmr5t8 oygrvhab hcukyx3x c1et5uql\">\n<div class=\"gmail-kvgmc6g5 gmail-cxmmr5t8 gmail-oygrvhab gmail-hcukyx3x gmail-c1et5uql gmail-ii04i59q\">\n<div class=\"page-title-head hgroup\">\n<div class=\"page-title-head hgroup\">\n<div class=\"b654a4as d2edcug0\">\n<div class=\"j83agx80 btwxx1t3 lhclo0ds hop8lmos nkwizq5d scwd0bx6 roh60bw9\">\n<div class=\"rq0escxv hkbzh7o3 jwdofwj8 n8tt0mok r8blr3vg hyh9befq\">\n<div class=\"do00u71z l9j0dhe7 k4urcfbm\">\n<div>\n<div class=\"page-title-head hgroup\">\n<div class=\"page-title-head hgroup\">\n<div class=\"page-title-head hgroup\">\n<div class=\"page-title-head hgroup\">\n<div class=\"b654a4as d2edcug0\">\n<div class=\"page-title-head hgroup\">\n<div class=\"page-title-head hgroup\">\n<div class=\"page-title-head hgroup\">\n<div class=\"page-title-head hgroup\">\n<div class=\"b654a4as d2edcug0\">\n<div class=\"page-title-head hgroup\">\n<div class=\"page-title-head hgroup\">\n<div class=\"page-title-head hgroup\">\n<div class=\"page-title-head hgroup\">\n<div class=\"page-title-head hgroup\">\n<div class=\"page-title-head hgroup\">\n<div class=\"page-title-head hgroup\">\n<div class=\"page-title-head hgroup\">\n<div class=\"page-title-head hgroup\">\n<div class=\"b654a4as d2edcug0\">\n<div class=\"page-title-head hgroup\">\n<div class=\"page-title-head hgroup\">\n<div class=\"page-title-head hgroup\">\n<div class=\"page-title-head hgroup\">\n<div class=\"b654a4as d2edcug0\">\n<div>\n<div class=\"page-title-head hgroup\">\n<div class=\"page-title-head hgroup\">\n<div class=\"page-title-head hgroup\">\n<div class=\"page-title-head hgroup\">\n<div class=\"page-title-head hgroup\">\n<div>\n<div>\n<div>\n<div class=\"mkdf-post-text\">\n<div class=\"mkdf-post-text-inner\">\n<div class=\"mkdf-post-text-main\">\n<div class=\"mkdf-post-text\">\n<div class=\"mkdf-post-text-inner\">\n<div class=\"mkdf-post-text-main\">\n<div class=\"mkdf-post-text\">\n<div class=\"mkdf-post-text-inner\">\n<div class=\"mkdf-post-text-main\">\n<div class=\"page-title-head hgroup\">\n<div class=\"page-title-head hgroup\">\n<div class=\"mkdf-post-text\">\n<div class=\"mkdf-post-text-inner\">\n<div class=\"mkdf-post-text-main\">\n<div class=\"mkdf-post-text\">\n<div class=\"mkdf-post-text-inner\">\n<div class=\"mkdf-post-text-main\">\n<div class=\"page-title-head hgroup\">\n<div class=\"page-title-head hgroup\">\n<div class=\"page-title-head hgroup\">\n<div class=\"page-title-head hgroup\">\n<div class=\"b654a4as d2edcug0\">\n<div class=\"page-title-head hgroup\">\n<div class=\"page-title-head hgroup\">\n<div class=\"page-title-head hgroup\">\n<div class=\"page-title-head hgroup\">\n<div class=\"b654a4as d2edcug0\">\n<div class=\"page-title-head hgroup\">\n<div class=\"page-title-head hgroup\">\n<div class=\"page-title-head hgroup\">\n<div class=\"page-title-head hgroup\">\n<div class=\"b654a4as d2edcug0\">\n<p>&nbsp;<\/p>\n<h2><span style=\"color: #800080;\">I RACCONTI DI PAOLO SOPPELSA\u00a0<\/span><\/h2>\n<p><strong>LA RACCOLTA COMPLETA<\/strong><\/p>\n<blockquote class=\"wp-embedded-content\" data-secret=\"WBgQ1frDYm\"><p><a href=\"https:\/\/www.radiopiu.net\/wordpress\/i-racconti-di-paolo-soppelsa\/\">I racconti di Paolo Soppelsa<\/a><\/p><\/blockquote>\n<p><iframe loading=\"lazy\" class=\"wp-embedded-content\" sandbox=\"allow-scripts\" security=\"restricted\" style=\"position: absolute; clip: rect(1px, 1px, 1px, 1px);\" title=\"&#8220;I racconti di Paolo Soppelsa&#8221; &#8212; Radio Pi\u00f9\" src=\"https:\/\/www.radiopiu.net\/wordpress\/i-racconti-di-paolo-soppelsa\/embed\/#?secret=WBgQ1frDYm\" data-secret=\"WBgQ1frDYm\" width=\"600\" height=\"338\" frameborder=\"0\" marginwidth=\"0\" marginheight=\"0\" scrolling=\"no\"><\/iframe><\/p>\n<p>&nbsp;<\/p>\n<\/div>\n<\/div>\n<\/div>\n<\/div>\n<\/div>\n<\/div>\n<\/div>\n<\/div>\n<\/div>\n<\/div>\n<\/div>\n<\/div>\n<\/div>\n<\/div>\n<\/div>\n<\/div>\n<\/div>\n<\/div>\n<\/div>\n<\/div>\n<\/div>\n<\/div>\n<\/div>\n<\/div>\n<\/div>\n<\/div>\n<\/div>\n<\/div>\n<\/div>\n<\/div>\n<\/div>\n<\/div>\n<\/div>\n<\/div>\n<\/div>\n<\/div>\n<\/div>\n<\/div>\n<\/div>\n<\/div>\n<\/div>\n<\/div>\n<\/div>\n<\/div>\n<\/div>\n<\/div>\n<\/div>\n<\/div>\n<\/div>\n<\/div>\n<\/div>\n<\/div>\n<\/div>\n<\/div>\n<\/div>\n<\/div>\n<\/div>\n<\/div>\n<\/div>\n<\/div>\n<\/div>\n<\/div>\n<\/div>\n<\/div>\n<\/div>\n<\/div>\n<\/div>\n<div>\n<div class=\"page-title-head hgroup\">\n<div class=\"page-title-head hgroup\">\n<div class=\"page-title-head hgroup\">\n<div class=\"page-title-head hgroup\">\n<div class=\"b654a4as d2edcug0\">\n<div class=\"page-title-head hgroup\">\n<div class=\"page-title-head hgroup\">\n<div class=\"page-title-head hgroup\">\n<div class=\"page-title-head hgroup\">\n<div class=\"b654a4as d2edcug0\">\n<div class=\"page-title-head hgroup\">\n<div class=\"page-title-head hgroup\">\n<div class=\"page-title-head hgroup\">\n<div class=\"page-title-head hgroup\">\n<div class=\"page-title-head hgroup\">\n<div class=\"page-title-head hgroup\">\n<div class=\"page-title-head hgroup\">\n<div class=\"page-title-head hgroup\">\n<div class=\"page-title-head hgroup\">\n<div class=\"b654a4as d2edcug0\">\n<div class=\"page-title-head hgroup\">\n<div class=\"page-title-head hgroup\">\n<div class=\"page-title-head hgroup\">\n<div class=\"page-title-head hgroup\">\n<div class=\"b654a4as d2edcug0\">\n<div>\n<div class=\"page-title-head hgroup\">\n<div class=\"page-title-head hgroup\">\n<div class=\"page-title-head hgroup\">\n<div class=\"page-title-head hgroup\">\n<div class=\"page-title-head hgroup\">\n<div>\n<div>\n<div>\n<div class=\"mkdf-post-text\">\n<div class=\"mkdf-post-text-inner\">\n<div class=\"mkdf-post-text-main\">\n<div class=\"mkdf-post-text\">\n<div class=\"mkdf-post-text-inner\">\n<div class=\"mkdf-post-text-main\">\n<div class=\"mkdf-post-text\">\n<div class=\"mkdf-post-text-inner\">\n<div class=\"mkdf-post-text-main\">\n<div class=\"page-title-head hgroup\">\n<div class=\"page-title-head hgroup\">\n<div class=\"mkdf-post-text\">\n<div class=\"mkdf-post-text-inner\">\n<div class=\"mkdf-post-text-main\">\n<div class=\"mkdf-post-text\">\n<div class=\"mkdf-post-text-inner\">\n<div class=\"mkdf-post-text-main\">\n<div class=\"page-title-head hgroup\">\n<div class=\"page-title-head hgroup\">\n<div class=\"page-title-head hgroup\">\n<div class=\"page-title-head hgroup\">\n<div class=\"b654a4as d2edcug0\">\n<div class=\"page-title-head hgroup\">\n<div class=\"page-title-head hgroup\">\n<div class=\"page-title-head hgroup\">\n<div class=\"page-title-head hgroup\">\n<div class=\"b654a4as d2edcug0\">\n<div class=\"page-title-head hgroup\">\n<div class=\"page-title-head hgroup\">\n<div class=\"page-title-head hgroup\">\n<div class=\"page-title-head hgroup\">\n<div class=\"b654a4as d2edcug0\">\n<hr \/>\n<\/div>\n<div class=\"b654a4as d2edcug0\">\n<p>&nbsp;<\/p>\n<p><a href=\"https:\/\/www.radiopiu.net\/wordpress\/giornale-radiopiu-26-settembre-2018-direttore-mirko-mezzacasa\/viabilita-2\/\" rel=\"attachment wp-att-61954\"><img loading=\"lazy\" decoding=\"async\" class=\"aligncenter wp-image-61954 size-full\" src=\"https:\/\/www.radiopiu.net\/wordpress\/wp-content\/uploads\/2018\/09\/viabilita.jpeg\" sizes=\"auto, (max-width: 800px) 100vw, 800px\" srcset=\"https:\/\/www.radiopiu.net\/wordpress\/wp-content\/uploads\/2018\/09\/viabilita.jpeg 800w, https:\/\/www.radiopiu.net\/wordpress\/wp-content\/uploads\/2018\/09\/viabilita-300x38.jpeg 300w, https:\/\/www.radiopiu.net\/wordpress\/wp-content\/uploads\/2018\/09\/viabilita-768x96.jpeg 768w\" alt=\"\" width=\"800\" height=\"100\" \/><\/a><\/p>\n<\/div>\n<\/div>\n<\/div>\n<\/div>\n<\/div>\n<\/div>\n<\/div>\n<\/div>\n<\/div>\n<\/div>\n<\/div>\n<\/div>\n<\/div>\n<\/div>\n<\/div>\n<\/div>\n<\/div>\n<\/div>\n<\/div>\n<\/div>\n<\/div>\n<\/div>\n<\/div>\n<\/div>\n<\/div>\n<\/div>\n<\/div>\n<\/div>\n<\/div>\n<\/div>\n<\/div>\n<\/div>\n<\/div>\n<\/div>\n<\/div>\n<\/div>\n<\/div>\n<\/div>\n<\/div>\n<\/div>\n<\/div>\n<\/div>\n<\/div>\n<\/div>\n<\/div>\n<\/div>\n<\/div>\n<\/div>\n<\/div>\n<\/div>\n<\/div>\n<\/div>\n<\/div>\n<\/div>\n<\/div>\n<\/div>\n<\/div>\n<\/div>\n<\/div>\n<\/div>\n<\/div>\n<\/div>\n<\/div>\n<\/div>\n<\/div>\n<\/div>\n<\/div>\n<\/div>\n<\/div>\n<\/div>\n<\/div>\n<\/div>\n<\/div>\n<\/div>\n<\/div>\n<\/div>\n<\/div>\n<\/div>\n<\/div>\n<\/div>\n<\/div>\n<\/div>\n<\/div>\n<div>\n<div class=\"page-title-head hgroup\">\n<div class=\"page-title-head hgroup\">\n<div class=\"b654a4as d2edcug0\">\n<div class=\"j83agx80 btwxx1t3 lhclo0ds hop8lmos nkwizq5d scwd0bx6 roh60bw9\">\n<div class=\"rq0escxv hkbzh7o3 jwdofwj8 n8tt0mok r8blr3vg hyh9befq\">\n<div class=\"do00u71z l9j0dhe7 k4urcfbm\">\n<div class=\"ecm0bbzt e5nlhep0 a8c37x1j\">\n<div class=\"kvgmc6g5 cxmmr5t8 oygrvhab hcukyx3x c1et5uql\">\n<div class=\"gmail-kvgmc6g5 gmail-cxmmr5t8 gmail-oygrvhab gmail-hcukyx3x gmail-c1et5uql gmail-ii04i59q\">\n<div class=\"page-title-head hgroup\">\n<div class=\"page-title-head hgroup\">\n<div class=\"b654a4as d2edcug0\">\n<div class=\"j83agx80 btwxx1t3 lhclo0ds hop8lmos nkwizq5d scwd0bx6 roh60bw9\">\n<div class=\"rq0escxv hkbzh7o3 jwdofwj8 n8tt0mok r8blr3vg hyh9befq\">\n<div class=\"do00u71z l9j0dhe7 k4urcfbm\">\n<div class=\"page-title-head hgroup\">\n<div class=\"page-title-head hgroup\">\n<div class=\"page-title-head hgroup\">\n<div class=\"page-title-head hgroup\">\n<div class=\"b654a4as d2edcug0\">\n<div class=\"page-title-head hgroup\">\n<div class=\"page-title-head hgroup\">\n<div class=\"page-title-head hgroup\">\n<div class=\"page-title-head hgroup\">\n<div class=\"b654a4as d2edcug0\">\n<div class=\"page-title-head hgroup\">\n<div class=\"page-title-head hgroup\">\n<div class=\"page-title-head hgroup\">\n<div class=\"page-title-head hgroup\">\n<div class=\"page-title-head hgroup\">\n<div class=\"page-title-head hgroup\">\n<div class=\"page-title-head hgroup\">\n<div class=\"page-title-head hgroup\">\n<div class=\"page-title-head hgroup\">\n<div class=\"b654a4as d2edcug0\">\n<div class=\"page-title-head hgroup\">\n<div class=\"page-title-head hgroup\">\n<div class=\"page-title-head hgroup\">\n<div class=\"page-title-head hgroup\">\n<div class=\"b654a4as d2edcug0\">\n<div class=\"page-title-head hgroup\">\n<div class=\"page-title-head hgroup\">\n<div class=\"page-title-head hgroup\">\n<div class=\"page-title-head hgroup\">\n<div class=\"page-title-head hgroup\">\n<div class=\"mkdf-post-text\">\n<div class=\"mkdf-post-text-inner\">\n<div class=\"mkdf-post-text-main\">\n<div class=\"mkdf-post-text\">\n<div class=\"mkdf-post-text-inner\">\n<div class=\"mkdf-post-text-main\">\n<div class=\"mkdf-post-text\">\n<div class=\"mkdf-post-text-inner\">\n<div class=\"mkdf-post-text-main\">\n<div class=\"page-title-head hgroup\">\n<div class=\"page-title-head hgroup\">\n<div class=\"mkdf-post-text\">\n<div class=\"mkdf-post-text-inner\">\n<div class=\"mkdf-post-text-main\">\n<div class=\"mkdf-post-text\">\n<div class=\"mkdf-post-text-inner\">\n<div class=\"mkdf-post-text-main\">\n<div class=\"page-title-head hgroup\">\n<div class=\"page-title-head hgroup\">\n<div class=\"page-title-head hgroup\">\n<div class=\"page-title-head hgroup\">\n<div class=\"b654a4as d2edcug0\">\n<div class=\"page-title-head hgroup\">\n<div class=\"page-title-head hgroup\">\n<div class=\"page-title-head hgroup\">\n<div class=\"page-title-head hgroup\">\n<div class=\"b654a4as d2edcug0\">\n<div class=\"page-title-head hgroup\">\n<div class=\"page-title-head hgroup\">\n<div class=\"page-title-head hgroup\">\n<div class=\"page-title-head hgroup\">\n<div class=\"b654a4as d2edcug0\">\n<div class=\"ecm0bbzt e5nlhep0 a8c37x1j\">\n<div class=\"kvgmc6g5 cxmmr5t8 oygrvhab hcukyx3x c1et5uql\">\n<div class=\"gmail-kvgmc6g5 gmail-cxmmr5t8 gmail-oygrvhab gmail-hcukyx3x gmail-c1et5uql gmail-ii04i59q\">\n<div class=\"page-title-head hgroup\">\n<div class=\"page-title-head hgroup\">\n<div class=\"b654a4as d2edcug0\">\n<div class=\"j83agx80 btwxx1t3 lhclo0ds hop8lmos nkwizq5d scwd0bx6 roh60bw9\">\n<div class=\"rq0escxv hkbzh7o3 jwdofwj8 n8tt0mok r8blr3vg hyh9befq\">\n<div class=\"do00u71z l9j0dhe7 k4urcfbm\">\n<div class=\"page-title-head hgroup\">\n<div class=\"page-title-head hgroup\">\n<div class=\"page-title-head hgroup\">\n<div class=\"page-title-head hgroup\">\n<div class=\"b654a4as d2edcug0\">\n<div class=\"page-title-head hgroup\">\n<div class=\"page-title-head hgroup\">\n<div class=\"page-title-head hgroup\">\n<div class=\"page-title-head hgroup\">\n<div class=\"b654a4as d2edcug0\">\n<div class=\"page-title-head hgroup\">\n<div class=\"page-title-head hgroup\">\n<div class=\"page-title-head hgroup\">\n<div class=\"page-title-head hgroup\">\n<div class=\"page-title-head hgroup\">\n<div class=\"page-title-head hgroup\">\n<div class=\"page-title-head hgroup\">\n<div class=\"page-title-head hgroup\">\n<div class=\"page-title-head hgroup\">\n<div class=\"b654a4as d2edcug0\">\n<div class=\"page-title-head hgroup\">\n<div class=\"page-title-head hgroup\">\n<div class=\"page-title-head hgroup\">\n<div class=\"page-title-head hgroup\">\n<div class=\"b654a4as d2edcug0\">\n<div class=\"page-title-head hgroup\">\n<div class=\"page-title-head hgroup\">\n<div class=\"page-title-head hgroup\">\n<div class=\"page-title-head hgroup\">\n<div class=\"page-title-head hgroup\">\n<div class=\"mkdf-post-text\">\n<div class=\"mkdf-post-text-inner\">\n<div class=\"mkdf-post-text-main\">\n<div class=\"mkdf-post-text\">\n<div class=\"mkdf-post-text-inner\">\n<div class=\"mkdf-post-text-main\">\n<div class=\"mkdf-post-text\">\n<div class=\"mkdf-post-text-inner\">\n<div class=\"mkdf-post-text-main\">\n<div class=\"page-title-head hgroup\">\n<div class=\"page-title-head hgroup\">\n<div class=\"mkdf-post-text\">\n<div class=\"mkdf-post-text-inner\">\n<div class=\"mkdf-post-text-main\">\n<div class=\"mkdf-post-text\">\n<div class=\"mkdf-post-text-inner\">\n<div class=\"mkdf-post-text-main\">\n<div class=\"page-title-head hgroup\">\n<div class=\"page-title-head hgroup\">\n<div class=\"page-title-head hgroup\">\n<div class=\"page-title-head hgroup\">\n<div class=\"b654a4as d2edcug0\">\n<div class=\"page-title-head hgroup\">\n<div class=\"page-title-head hgroup\">\n<div class=\"page-title-head hgroup\">\n<div class=\"page-title-head hgroup\">\n<div class=\"b654a4as d2edcug0\">\n<div class=\"page-title-head hgroup\">\n<div class=\"page-title-head hgroup\">\n<div class=\"page-title-head hgroup\">\n<div class=\"page-title-head hgroup\">\n<div class=\"b654a4as d2edcug0\">\n<p>&nbsp;<\/p>\n<blockquote class=\"wp-embedded-content\" data-secret=\"B7ohlOZKxg\"><p><a href=\"https:\/\/www.radiopiu.net\/wordpress\/viabilita\/\">viabilita<\/a><\/p><\/blockquote>\n<p><iframe loading=\"lazy\" class=\"wp-embedded-content\" sandbox=\"allow-scripts\" security=\"restricted\" style=\"position: absolute; clip: rect(1px, 1px, 1px, 1px);\" title=\"&#8220;viabilita&#8221; &#8212; Radio Pi\u00f9\" src=\"https:\/\/www.radiopiu.net\/wordpress\/viabilita\/embed\/#?secret=B7ohlOZKxg\" data-secret=\"B7ohlOZKxg\" width=\"600\" height=\"338\" frameborder=\"0\" marginwidth=\"0\" marginheight=\"0\" scrolling=\"no\"><\/iframe><\/p>\n<p>&nbsp;<\/p>\n<hr \/>\n<\/div>\n<\/div>\n<\/div>\n<\/div>\n<\/div>\n<\/div>\n<\/div>\n<\/div>\n<\/div>\n<\/div>\n<\/div>\n<\/div>\n<\/div>\n<\/div>\n<\/div>\n<\/div>\n<\/div>\n<\/div>\n<\/div>\n<\/div>\n<\/div>\n<\/div>\n<\/div>\n<\/div>\n<\/div>\n<\/div>\n<\/div>\n<\/div>\n<\/div>\n<\/div>\n<\/div>\n<\/div>\n<\/div>\n<\/div>\n<\/div>\n<\/div>\n<\/div>\n<\/div>\n<\/div>\n<\/div>\n<\/div>\n<\/div>\n<\/div>\n<\/div>\n<\/div>\n<\/div>\n<\/div>\n<\/div>\n<\/div>\n<\/div>\n<\/div>\n<\/div>\n<\/div>\n<\/div>\n<\/div>\n<\/div>\n<\/div>\n<\/div>\n<\/div>\n<\/div>\n<\/div>\n<\/div>\n<\/div>\n<\/div>\n<\/div>\n<\/div>\n<\/div>\n<\/div>\n<\/div>\n<\/div>\n<\/div>\n<\/div>\n<\/div>\n<\/div>\n<\/div>\n<\/div>\n<\/div>\n<\/div>\n<\/div>\n<\/div>\n<\/div>\n<\/div>\n<\/div>\n<\/div>\n<\/div>\n<\/div>\n<\/div>\n<\/div>\n<\/div>\n<\/div>\n<\/div>\n<\/div>\n<\/div>\n<\/div>\n<\/div>\n<\/div>\n<\/div>\n<\/div>\n<\/div>\n<\/div>\n<\/div>\n<\/div>\n<\/div>\n<\/div>\n<\/div>\n<\/div>\n<\/div>\n<\/div>\n<\/div>\n<\/div>\n<\/div>\n<\/div>\n<\/div>\n<\/div>\n<\/div>\n<\/div>\n<\/div>\n<\/div>\n<\/div>\n<\/div>\n<\/div>\n<\/div>\n<\/div>\n<\/div>\n<\/div>\n<\/div>\n<\/div>\n<\/div>\n<\/div>\n<\/div>\n<\/div>\n<\/div>\n<\/div>\n<\/div>\n<\/div>\n<\/div>\n<\/div>\n<\/div>\n<\/div>\n<\/div>\n<\/div>\n<\/div>\n<\/div>\n<\/div>\n<\/div>\n<\/div>\n<\/div>\n<\/div>\n<\/div>\n<p>&nbsp;<\/p>\n<div>\n<div class=\"page-title-head hgroup\">\n<div class=\"page-title-head hgroup\">\n<div class=\"b654a4as d2edcug0\">\n<div class=\"j83agx80 btwxx1t3 lhclo0ds hop8lmos nkwizq5d scwd0bx6 roh60bw9\">\n<div class=\"rq0escxv hkbzh7o3 jwdofwj8 n8tt0mok r8blr3vg hyh9befq\">\n<div class=\"do00u71z l9j0dhe7 k4urcfbm\">\n<div class=\"page-title-head hgroup\">\n<div class=\"page-title-head hgroup\">\n<div class=\"b654a4as d2edcug0\">\n<div class=\"j83agx80 btwxx1t3 lhclo0ds hop8lmos nkwizq5d scwd0bx6 roh60bw9\">\n<div class=\"rq0escxv hkbzh7o3 jwdofwj8 n8tt0mok r8blr3vg hyh9befq\">\n<div class=\"do00u71z l9j0dhe7 k4urcfbm\">\n<div class=\"ecm0bbzt e5nlhep0 a8c37x1j\">\n<div class=\"kvgmc6g5 cxmmr5t8 oygrvhab hcukyx3x c1et5uql\">\n<div class=\"gmail-kvgmc6g5 gmail-cxmmr5t8 gmail-oygrvhab gmail-hcukyx3x gmail-c1et5uql gmail-ii04i59q\">\n<div class=\"page-title-head hgroup\">\n<div class=\"page-title-head hgroup\">\n<div class=\"b654a4as d2edcug0\">\n<div class=\"j83agx80 btwxx1t3 lhclo0ds hop8lmos nkwizq5d scwd0bx6 roh60bw9\">\n<div class=\"rq0escxv hkbzh7o3 jwdofwj8 n8tt0mok r8blr3vg hyh9befq\">\n<div class=\"do00u71z l9j0dhe7 k4urcfbm\">\n<div class=\"page-title-head hgroup\">\n<div class=\"page-title-head hgroup\">\n<div class=\"b654a4as d2edcug0\">\n<div class=\"j83agx80 btwxx1t3 lhclo0ds hop8lmos nkwizq5d scwd0bx6 roh60bw9\">\n<div class=\"rq0escxv hkbzh7o3 jwdofwj8 n8tt0mok r8blr3vg hyh9befq\">\n<div class=\"do00u71z l9j0dhe7 k4urcfbm\">\n<div>\n<div class=\"page-title-head hgroup\">\n<div class=\"page-title-head hgroup\">\n<div class=\"b654a4as d2edcug0\">\n<div class=\"j83agx80 btwxx1t3 lhclo0ds hop8lmos nkwizq5d scwd0bx6 roh60bw9\">\n<div class=\"rq0escxv hkbzh7o3 jwdofwj8 n8tt0mok r8blr3vg hyh9befq\">\n<div class=\"do00u71z l9j0dhe7 k4urcfbm\">\n<div class=\"ecm0bbzt e5nlhep0 a8c37x1j\">\n<div class=\"kvgmc6g5 cxmmr5t8 oygrvhab hcukyx3x c1et5uql\">\n<div class=\"gmail-kvgmc6g5 gmail-cxmmr5t8 gmail-oygrvhab gmail-hcukyx3x gmail-c1et5uql gmail-ii04i59q\">\n<div class=\"page-title-head hgroup\">\n<div class=\"page-title-head hgroup\">\n<div class=\"b654a4as d2edcug0\">\n<div class=\"j83agx80 btwxx1t3 lhclo0ds hop8lmos nkwizq5d scwd0bx6 roh60bw9\">\n<div class=\"rq0escxv hkbzh7o3 jwdofwj8 n8tt0mok r8blr3vg hyh9befq\">\n<div class=\"do00u71z l9j0dhe7 k4urcfbm\">\n<div class=\"page-title-head hgroup\">\n<div class=\"page-title-head hgroup\">\n<div class=\"page-title-head hgroup\">\n<div class=\"page-title-head hgroup\">\n<div class=\"b654a4as d2edcug0\">\n<div class=\"page-title-head hgroup\">\n<div class=\"page-title-head hgroup\">\n<div class=\"page-title-head hgroup\">\n<div class=\"page-title-head hgroup\">\n<div class=\"b654a4as d2edcug0\">\n<div class=\"page-title-head hgroup\">\n<div class=\"page-title-head hgroup\">\n<div class=\"page-title-head hgroup\">\n<div class=\"page-title-head hgroup\">\n<div class=\"page-title-head hgroup\">\n<div class=\"page-title-head hgroup\">\n<div class=\"page-title-head hgroup\">\n<div class=\"page-title-head hgroup\">\n<div class=\"page-title-head hgroup\">\n<div class=\"b654a4as d2edcug0\">\n<div class=\"page-title-head hgroup\">\n<div class=\"page-title-head hgroup\">\n<div class=\"page-title-head hgroup\">\n<div class=\"page-title-head hgroup\">\n<div class=\"b654a4as d2edcug0\">\n<div class=\"page-title-head hgroup\">\n<div class=\"page-title-head hgroup\">\n<div class=\"page-title-head hgroup\">\n<div class=\"page-title-head hgroup\">\n<div class=\"page-title-head hgroup\">\n<div class=\"mkdf-post-text\">\n<div class=\"mkdf-post-text-inner\">\n<div class=\"mkdf-post-text-main\">\n<div class=\"mkdf-post-text\">\n<div class=\"mkdf-post-text-inner\">\n<div class=\"mkdf-post-text-main\">\n<div class=\"mkdf-post-text\">\n<div class=\"mkdf-post-text-inner\">\n<div class=\"mkdf-post-text-main\">\n<div class=\"page-title-head hgroup\">\n<div class=\"page-title-head hgroup\">\n<div class=\"mkdf-post-text\">\n<div class=\"mkdf-post-text-inner\">\n<div class=\"mkdf-post-text-main\">\n<div class=\"mkdf-post-text\">\n<div class=\"mkdf-post-text-inner\">\n<div class=\"mkdf-post-text-main\">\n<div class=\"page-title-head hgroup\">\n<div class=\"page-title-head hgroup\">\n<div class=\"page-title-head hgroup\">\n<div class=\"page-title-head hgroup\">\n<div class=\"b654a4as d2edcug0\">\n<div class=\"page-title-head hgroup\">\n<div class=\"page-title-head hgroup\">\n<div class=\"page-title-head hgroup\">\n<div class=\"page-title-head hgroup\">\n<div class=\"b654a4as d2edcug0\">\n<div class=\"page-title-head hgroup\">\n<div class=\"page-title-head hgroup\">\n<div class=\"page-title-head hgroup\">\n<div class=\"page-title-head hgroup\">\n<div class=\"b654a4as d2edcug0\">\n<div class=\"ecm0bbzt e5nlhep0 a8c37x1j\">\n<div class=\"kvgmc6g5 cxmmr5t8 oygrvhab hcukyx3x c1et5uql\">\n<div class=\"gmail-kvgmc6g5 gmail-cxmmr5t8 gmail-oygrvhab gmail-hcukyx3x gmail-c1et5uql gmail-ii04i59q\">\n<div class=\"page-title-head hgroup\">\n<div class=\"page-title-head hgroup\">\n<div class=\"b654a4as d2edcug0\">\n<div class=\"j83agx80 btwxx1t3 lhclo0ds hop8lmos nkwizq5d scwd0bx6 roh60bw9\">\n<div class=\"rq0escxv hkbzh7o3 jwdofwj8 n8tt0mok r8blr3vg hyh9befq\">\n<div class=\"do00u71z l9j0dhe7 k4urcfbm\">\n<div class=\"page-title-head hgroup\">\n<div class=\"page-title-head hgroup\">\n<div class=\"page-title-head hgroup\">\n<div class=\"page-title-head hgroup\">\n<div class=\"b654a4as d2edcug0\">\n<div class=\"page-title-head hgroup\">\n<div class=\"page-title-head hgroup\">\n<div class=\"page-title-head hgroup\">\n<div class=\"page-title-head hgroup\">\n<div class=\"b654a4as d2edcug0\">\n<div class=\"page-title-head hgroup\">\n<div class=\"page-title-head hgroup\">\n<div class=\"page-title-head hgroup\">\n<div class=\"page-title-head hgroup\">\n<div class=\"page-title-head hgroup\">\n<div class=\"page-title-head hgroup\">\n<div class=\"page-title-head hgroup\">\n<div class=\"page-title-head hgroup\">\n<div class=\"page-title-head hgroup\">\n<div class=\"b654a4as d2edcug0\">\n<div class=\"page-title-head hgroup\">\n<div class=\"page-title-head hgroup\">\n<div class=\"page-title-head hgroup\">\n<div class=\"page-title-head hgroup\">\n<div class=\"b654a4as d2edcug0\">\n<div class=\"page-title-head hgroup\">\n<div class=\"page-title-head hgroup\">\n<div class=\"page-title-head hgroup\">\n<div class=\"page-title-head hgroup\">\n<div class=\"page-title-head hgroup\">\n<div class=\"mkdf-post-text\">\n<div class=\"mkdf-post-text-inner\">\n<div class=\"mkdf-post-text-main\">\n<div class=\"mkdf-post-text\">\n<div class=\"mkdf-post-text-inner\">\n<div class=\"mkdf-post-text-main\">\n<div class=\"mkdf-post-text\">\n<div class=\"mkdf-post-text-inner\">\n<div class=\"mkdf-post-text-main\">\n<div class=\"page-title-head hgroup\">\n<div class=\"page-title-head hgroup\">\n<div class=\"mkdf-post-text\">\n<div class=\"mkdf-post-text-inner\">\n<div class=\"mkdf-post-text-main\">\n<div class=\"mkdf-post-text\">\n<div class=\"mkdf-post-text-inner\">\n<div class=\"mkdf-post-text-main\">\n<div class=\"page-title-head hgroup\">\n<div class=\"page-title-head hgroup\">\n<div class=\"page-title-head hgroup\">\n<div class=\"page-title-head hgroup\">\n<div class=\"b654a4as d2edcug0\">\n<div class=\"page-title-head hgroup\">\n<div class=\"page-title-head hgroup\">\n<div class=\"page-title-head hgroup\">\n<div class=\"page-title-head hgroup\">\n<div class=\"b654a4as d2edcug0\">\n<div class=\"page-title-head hgroup\">\n<div class=\"page-title-head hgroup\">\n<div class=\"page-title-head hgroup\">\n<div class=\"page-title-head hgroup\">\n<div class=\"b654a4as d2edcug0\">\n<p>&nbsp;<\/p>\n<\/div>\n<div class=\"b654a4as d2edcug0\">\n<div class=\"ecm0bbzt e5nlhep0 a8c37x1j\">\n<div class=\"kvgmc6g5 cxmmr5t8 oygrvhab hcukyx3x c1et5uql\">\n<div class=\"gmail-kvgmc6g5 gmail-cxmmr5t8 gmail-oygrvhab gmail-hcukyx3x gmail-c1et5uql gmail-ii04i59q\">\n<div>\n<div class=\"page-title-head hgroup\">\n<div class=\"page-title-head hgroup\">\n<div class=\"b654a4as d2edcug0\">\n<div class=\"j83agx80 btwxx1t3 lhclo0ds hop8lmos nkwizq5d scwd0bx6 roh60bw9\">\n<div class=\"rq0escxv hkbzh7o3 jwdofwj8 n8tt0mok r8blr3vg hyh9befq\">\n<div class=\"do00u71z l9j0dhe7 k4urcfbm\">\n<div>\n<div class=\"page-title-head hgroup\">\n<div class=\"page-title-head hgroup\">\n<div class=\"page-title-head hgroup\">\n<div class=\"page-title-head hgroup\">\n<div class=\"b654a4as d2edcug0\">\n<div class=\"page-title-head hgroup\">\n<div class=\"page-title-head hgroup\">\n<div class=\"page-title-head hgroup\">\n<div class=\"page-title-head hgroup\">\n<div class=\"b654a4as d2edcug0\">\n<div class=\"page-title-head hgroup\">\n<div class=\"page-title-head hgroup\">\n<div class=\"page-title-head hgroup\">\n<div class=\"page-title-head hgroup\">\n<div class=\"page-title-head hgroup\">\n<div class=\"mkdf-post-text\">\n<div class=\"mkdf-post-text-inner\">\n<div class=\"mkdf-post-text-main\">\n<div class=\"mkdf-post-text\">\n<div class=\"mkdf-post-text-inner\">\n<div class=\"mkdf-post-text-main\">\n<div class=\"mkdf-post-text\">\n<div class=\"mkdf-post-text-inner\">\n<div class=\"mkdf-post-text-main\">\n<div class=\"page-title-head hgroup\">\n<div class=\"page-title-head hgroup\">\n<div class=\"mkdf-post-text\">\n<div class=\"mkdf-post-text-inner\">\n<div class=\"mkdf-post-text-main\">\n<div class=\"mkdf-post-text\">\n<div class=\"mkdf-post-text-inner\">\n<div class=\"mkdf-post-text-main\">\n<div>\n<div class=\"page-title-head hgroup\">\n<div class=\"page-title-head hgroup\">\n<div>\n<div class=\"page-title-head hgroup\">\n<div class=\"page-title-head hgroup\">\n<div class=\"b654a4as d2edcug0\">\n<div>\n<div class=\"page-title-head hgroup\" style=\"text-align: left;\">\n<div class=\"page-title-head hgroup\">\n<div dir=\"auto\">\n<p><a class=\"dt-pswp-item pspw-wrap-ready\" href=\"https:\/\/i0.wp.com\/www.radiopiu.net\/wordpress\/wp-content\/uploads\/2018\/09\/WhatsApp-Image-2018-09-20-at-16.04.06.jpeg?ssl=1\" data-dt-img-description=\"\" data-large_image_width=\"800\" data-large_image_height=\"100\"><img loading=\"lazy\" decoding=\"async\" class=\"aligncenter wp-image-61378 size-full jetpack-lazy-image jetpack-lazy-image--handled\" src=\"https:\/\/i0.wp.com\/www.radiopiu.net\/wordpress\/wp-content\/uploads\/2018\/09\/WhatsApp-Image-2018-09-20-at-16.04.06.jpeg?resize=800%2C100&amp;ssl=1\" sizes=\"auto, (max-width: 800px) 100vw, 800px\" srcset=\"https:\/\/i0.wp.com\/www.radiopiu.net\/wordpress\/wp-content\/uploads\/2018\/09\/WhatsApp-Image-2018-09-20-at-16.04.06.jpeg?w=800&amp;ssl=1 800w, https:\/\/i0.wp.com\/www.radiopiu.net\/wordpress\/wp-content\/uploads\/2018\/09\/WhatsApp-Image-2018-09-20-at-16.04.06.jpeg?resize=300%2C38&amp;ssl=1 300w, https:\/\/i0.wp.com\/www.radiopiu.net\/wordpress\/wp-content\/uploads\/2018\/09\/WhatsApp-Image-2018-09-20-at-16.04.06.jpeg?resize=768%2C96&amp;ssl=1 768w\" alt=\"\" width=\"800\" height=\"100\" data-lazy-loaded=\"1\" \/><\/a><\/p>\n<\/div>\n<\/div>\n<\/div>\n<\/div>\n<\/div>\n<\/div>\n<\/div>\n<\/div>\n<\/div>\n<\/div>\n<\/div>\n<\/div>\n<\/div>\n<\/div>\n<\/div>\n<\/div>\n<\/div>\n<\/div>\n<\/div>\n<\/div>\n<\/div>\n<\/div>\n<\/div>\n<\/div>\n<\/div>\n<\/div>\n<\/div>\n<\/div>\n<\/div>\n<\/div>\n<\/div>\n<\/div>\n<\/div>\n<\/div>\n<\/div>\n<\/div>\n<\/div>\n<\/div>\n<\/div>\n<\/div>\n<\/div>\n<\/div>\n<\/div>\n<\/div>\n<\/div>\n<\/div>\n<\/div>\n<\/div>\n<\/div>\n<\/div>\n<\/div>\n<\/div>\n<\/div>\n<\/div>\n<\/div>\n<\/div>\n<\/div>\n<\/div>\n<\/div>\n<\/div>\n<\/div>\n<\/div>\n<\/div>\n<\/div>\n<\/div>\n<\/div>\n<\/div>\n<\/div>\n<\/div>\n<\/div>\n<\/div>\n<\/div>\n<\/div>\n<\/div>\n<\/div>\n<\/div>\n<\/div>\n<\/div>\n<\/div>\n<\/div>\n<\/div>\n<\/div>\n<\/div>\n<\/div>\n<\/div>\n<\/div>\n<\/div>\n<\/div>\n<\/div>\n<\/div>\n<\/div>\n<\/div>\n<\/div>\n<\/div>\n<\/div>\n<\/div>\n<\/div>\n<\/div>\n<\/div>\n<\/div>\n<\/div>\n<\/div>\n<\/div>\n<\/div>\n<\/div>\n<\/div>\n<\/div>\n<\/div>\n<\/div>\n<\/div>\n<\/div>\n<\/div>\n<\/div>\n<\/div>\n<\/div>\n<\/div>\n<\/div>\n<\/div>\n<\/div>\n<\/div>\n<\/div>\n<\/div>\n<\/div>\n<\/div>\n<\/div>\n<\/div>\n<\/div>\n<\/div>\n<\/div>\n<\/div>\n<\/div>\n<\/div>\n<\/div>\n<\/div>\n<\/div>\n<\/div>\n<\/div>\n<\/div>\n<\/div>\n<\/div>\n<\/div>\n<\/div>\n<\/div>\n<\/div>\n<\/div>\n<\/div>\n<\/div>\n<\/div>\n<\/div>\n<\/div>\n<\/div>\n<\/div>\n<\/div>\n<\/div>\n<\/div>\n<\/div>\n<\/div>\n<\/div>\n<\/div>\n<\/div>\n<\/div>\n<\/div>\n<\/div>\n<\/div>\n<\/div>\n<\/div>\n<\/div>\n<\/div>\n<\/div>\n<\/div>\n<\/div>\n<\/div>\n<\/div>\n<\/div>\n<\/div>\n<\/div>\n<\/div>\n<\/div>\n<\/div>\n<\/div>\n<\/div>\n<\/div>\n<\/div>\n<\/div>\n<\/div>\n<\/div>\n<\/div>\n<\/div>\n<\/div>\n<\/div>\n<\/div>\n<\/div>\n<\/div>\n<\/div>\n<\/div>\n<\/div>\n<\/div>\n<\/div>\n<\/div>\n<\/div>\n<\/div>\n<\/div>\n<\/div>\n<\/div>\n<\/div>\n<\/div>\n<\/div>\n<\/div>\n<\/div>\n<\/div>\n<\/div>\n<\/div>\n<\/div>\n<\/div>\n<\/div>\n<\/div>\n<\/div>\n<\/div>\n<\/div>\n<\/div>\n<\/div>\n<\/div>\n<\/div>\n<\/div>\n<\/div>\n<\/div>\n<\/div>\n<\/div>\n<\/div>\n<\/div>\n<\/div>\n<p>&nbsp;<\/p>\n<p><center><b>Venerdi 4<\/b><\/center><b>Tempo atteso: <\/b>Nella notte e primissimo mattino nubi irregolari con qualche residuo e debolissimo fenomeno su Prealpi specie occidentali. In giornata cielo generalmente sereno o poco nuvoloso su Dolomiti mentre qualche nube bassa potrebbe attardarsi fino al mattino su Prealpi dove dalle ore centrali e nel pomeriggio potranno formarsi degli annuvolamenti irregolari associati a qualche fenomeno sparso.<br \/>\n<b>Precipitazioni: <\/b>Generalmente assenti su Dolomiti(0-10%), su Prealpi possibili deboli fenomeni residui nella notte e poi tra le ore centrali e nel pomeriggio\/sera con qualche rovescio possibile (40-60 %) eventualmente nevosi oltre i 600\/800 m, localmente pi\u00f9 basso in caso di qualche rovescio e alla sera. Accumuli scarsi, al pi\u00f9 qualche cm oltre i 1000 metri.<br \/>\n<b>Temperature: <\/b>In generale calo a tutte le quote con minime raggiunte in serata. Su Prealpi a 1500 m: min -4 max 0, a 2000 m: min -3 max -7 Su Dolomiti a 2000 m: min -5 max -7, a 3000 m: min -16 max -12<br \/>\n<b>Venti: <\/b>Nelle valli deboli a regime di brezza, in quota deboli\/moderati da Nord a 5-15 km\/h a 2000 m, 15-30 km\/h a 3000 m<\/p>\n<hr \/>\n<p><center><b>Sabato 5<\/b><\/center><b>Tempo atteso: <\/b>Fino al primo mattino nuvolosit\u00e0 irregolare specie su Prealpi per nubi basse in graduale dissolvimento, poi ampie schiarite ovunque fino a sereno o poco nuvoloso su tutti i settori con il passaggio di qualche nube medio-alta durante la giornata e qualche addensamento possibile su Prealpi nel pomeriggio ed in serata per nubi basse.<br \/>\n<b>Precipitazioni: <\/b>Generalmente assenti (0-10%)<br \/>\n<b>Temperature: <\/b>in ulteriore lieve calo specie le minime, con valori al di sotto della media del periodo ed estese gelate. Su Prealpi a 1500 m: min -6 max -1, a 2000 m: min -9 max -7 Su Dolomiti a 2000 m: min -8 max -5, a 3000 m: min -16 max -14<br \/>\n<b>Venti: <\/b>in quota deboli\/moderati da nordest a 5-15 km\/h a 2000 m a 15-25 km\/h a 3000 m<\/p>\n<hr \/>\n<p><center><b>Domenica 6<\/b><\/center>Tempo stabile e soleggiato, con cielo sereno ed ottima visibilit\u00e0 ad eccezione di qualche possibile nube bassa su Prealpi fino al primo mattino e qualche cumulo pomeridiano sulle cime. Temperature minime stazionarie o in ulteriore lieve calo a fondovalle con diffuse e forti gelate, massime stazionarie o in lieve aumento.(a parit\u00e0 di quota far\u00e0 pi\u00f9 freddo su Prealpi rispetto alle Dolomiti) Venti in quota deboli o moderati da Nord est.<\/p>\n<hr \/>\n<p><center><b>Lunedi 7<\/b><\/center>Tempo inizialmente stabile ma freddo per la stagione, ben soleggiato al mattino, nel pomeriggio\/sera possibile variabilit\u00e0 o debole instabilit\u00e0 con nuvolosit\u00e0 variabile in arrivo da nordest e non escluse deboli nevicate su Prealpi eventualmente fino a quote molto basse. Temperature in generale lieve calo con valori al di sotto della media. Venti in quota moderati o tesi da nord in rotazione e rinforzo da nord est nel pomeriggio\/sera. Previsore: DDL<\/p>\n<p>&nbsp;<\/p>\n<hr \/>\n<p>&nbsp;<\/p>\n<p><img loading=\"lazy\" decoding=\"async\" class=\"wp-image-60761 size-full aligncenter\" src=\"https:\/\/www.radiopiu.net\/wordpress\/wp-content\/uploads\/2018\/09\/sport.jpg\" alt=\"\" width=\"800\" height=\"100\" srcset=\"https:\/\/www.radiopiu.net\/wordpress\/wp-content\/uploads\/2018\/09\/sport.jpg 800w, https:\/\/www.radiopiu.net\/wordpress\/wp-content\/uploads\/2018\/09\/sport-300x38.jpg 300w, https:\/\/www.radiopiu.net\/wordpress\/wp-content\/uploads\/2018\/09\/sport-768x96.jpg 768w\" sizes=\"auto, (max-width: 800px) 100vw, 800px\" \/><\/p>\n<p><b>\u00a0 \u00a0<\/b><\/p>\n<p><span style=\"color: #0000ff;\"><strong>HOCKEY SU GHIACCIO<\/strong><\/span><\/p>\n<blockquote>\n<h3>L\u2019ALLEGHE RIAPRE LA SERIE VINCENDO GARA 3 DEI QUARTI DI FINALE DOPO UNA BATTAGLIA CON IL PERGINE<\/h3>\n<\/blockquote>\n<p><strong><a class=\"dt-pswp-item\" href=\"https:\/\/www.radiopiu.net\/wordpress\/wp-content\/uploads\/2021\/08\/alleghe-matteo-floridia.jpg\" data-dt-img-description=\"\" data-large_image_width=\"1000\" data-large_image_height=\"781\"><img loading=\"lazy\" decoding=\"async\" class=\"size-medium wp-image-228974 alignleft\" src=\"https:\/\/www.radiopiu.net\/wordpress\/wp-content\/uploads\/2021\/08\/alleghe-matteo-floridia-300x234.jpg\" alt=\"\" width=\"300\" height=\"234\" srcset=\"https:\/\/www.radiopiu.net\/wordpress\/wp-content\/uploads\/2021\/08\/alleghe-matteo-floridia-300x234.jpg 300w, https:\/\/www.radiopiu.net\/wordpress\/wp-content\/uploads\/2021\/08\/alleghe-matteo-floridia-768x600.jpg 768w, https:\/\/www.radiopiu.net\/wordpress\/wp-content\/uploads\/2021\/08\/alleghe-matteo-floridia.jpg 1000w\" sizes=\"auto, (max-width: 300px) 100vw, 300px\" \/><\/a>ALLEGHE \u2013 PERGINE 4-2<\/strong><\/p>\n<p>PARZIALI: 1-0, 0-2, 3-0<\/p>\n<p>GOL: pt. 9\u201926\u201d De Val. st. 13\u201944\u201d Valorz, 18\u201952\u201d Gabri. tt. 3\u201919\u201d Lorenzi, 9\u201923\u201d Soppelsa, 19\u201940\u201d Kiviranta<\/p>\n<p>&nbsp;<\/p>\n<p>L\u2019Alleghe riapre la serie dei quarti di finale IHL. Buona prestazione delle civette che giocano duro e con il cuore riescono a mettere in tasca gara 3. Il Pergine ci prova ma a decidere la gara \u00e8 Carlo Lorenzi che con un gol e un assist regala agli agordini l\u2019occasione per andare in terra trentina alla ricerca di pareggiare i conti nella serie. La squadra di Fontana inizia la sfida con una penalit\u00e0. \u00c8 Damin che finisce in panca puniti e il Pergine si fa pericoloso. Si gioca al limite del regolamento con l\u2019Alleghe pi\u00f9 aggressivo in balaustra. I ritmi di gara sono alti. Berger e Martini si avvicinano al gol, a negare la rete \u00e8 il golie trentino. Le civette passano in vantaggio in powerplay. Un capolavoro di De Val che infila sotto l\u2019incrocio il disco con un rovescio. Subito dopo Soppelsa si divora il raddoppio sotto porta. Gli agordini sono scatenati e prendono di mira la gabbia delle linci. Il Pergine ci prova alla prima superiorit\u00e0 numerica ma la difesa alleghese \u00e8 una saracinesca. Finale di primo tempo con gli ospiti in attacco alla ricerca del pareggio. Anche nel secondo tempo le squadre giocano a ritmi alti e con contrasti al limite del regolamento. I portieri sono i protagonisti indiscussi. Il Pergine colpisce il palo con Sanvido e l\u2019Alleghe risponde con De Silvestro ma il suo tiro non centra la gabbia. Fioccano le penalit\u00e0 e le due formazioni sono costrette a giocare a ranghi ridotti. Kiviranta sfiora il raddoppio e lo stesso fa anche Berger. Nel momento migliore delle civette, le linci pareggiano i conti con un tiro defilato di Valorz con il disco che non viene trattenuto da Scola. Padroni di casa che non demordono e continuano ad impegnare Rigoni con una serie di conclusioni pericolose ma il Pergine trova il vantaggio a fine tempo con un rebound di Gabri. Il terzo tempo inizia con il pareggio delle civette. Al primo powerplay a favore Lorenzi trova la conclusione dalla distanza con uno slap imprendibile per Rigoni. I trentini non ci stanno e cominciano a premere. Scola ci mette una pezza sulle conclusioni di Sanvido. Alleghe che torna in vantaggio a 10\u2019 dalla fine. Conclusione di Lorenzi e deviazione vincente di Soppelsa. \u00c8 una vera e propria battaglia al De Toni con le squadre che lottano su ogni disco. Berger si divora il gol in due occasioni. Anche le linci non si tirano in dietro e nei minuti finali tolgono il portiere alla ricerca del pareggio. Intanto le civette sbagliano ben 5 volte il gol a porta vuota. Kiviranta chiude il match a 20\u201d dalla fine.<\/p>\n<p><strong>L&#8217;INTERVISTA DI MATTEO MANFROI AL GIOCATORE DELL&#8217;ALLEGHE ANDREA DAMIN<\/strong><\/p>\n<audio class=\"wp-audio-shortcode\" id=\"audio-262675-22\" preload=\"none\" style=\"width: 100%;\" controls=\"controls\"><source type=\"audio\/mpeg\" src=\"https:\/\/www.radiopiu.net\/wordpress\/wp-content\/uploads\/2022\/03\/INTERVISTA-DAMIN-DI-MATTEO-MANFROI.mp3?_=22\" \/><a href=\"https:\/\/www.radiopiu.net\/wordpress\/wp-content\/uploads\/2022\/03\/INTERVISTA-DAMIN-DI-MATTEO-MANFROI.mp3\">https:\/\/www.radiopiu.net\/wordpress\/wp-content\/uploads\/2022\/03\/INTERVISTA-DAMIN-DI-MATTEO-MANFROI.mp3<\/a><\/audio>\n<p>&nbsp;<\/p>\n<p>&nbsp;<\/p>\n<h3><a class=\"dt-pswp-item\" href=\"https:\/\/www.radiopiu.net\/wordpress\/wp-content\/uploads\/2022\/03\/59118795-5581-456f-8859-fe0fc2932da6.jpg\" data-dt-img-description=\"\" data-large_image_width=\"1080\" data-large_image_height=\"1080\"><img loading=\"lazy\" decoding=\"async\" class=\" wp-image-262460 alignleft\" src=\"https:\/\/www.radiopiu.net\/wordpress\/wp-content\/uploads\/2022\/03\/59118795-5581-456f-8859-fe0fc2932da6-300x300.jpg\" alt=\"\" width=\"129\" height=\"129\" srcset=\"https:\/\/www.radiopiu.net\/wordpress\/wp-content\/uploads\/2022\/03\/59118795-5581-456f-8859-fe0fc2932da6-300x300.jpg 300w, https:\/\/www.radiopiu.net\/wordpress\/wp-content\/uploads\/2022\/03\/59118795-5581-456f-8859-fe0fc2932da6-1024x1024.jpg 1024w, https:\/\/www.radiopiu.net\/wordpress\/wp-content\/uploads\/2022\/03\/59118795-5581-456f-8859-fe0fc2932da6-150x150.jpg 150w, https:\/\/www.radiopiu.net\/wordpress\/wp-content\/uploads\/2022\/03\/59118795-5581-456f-8859-fe0fc2932da6-768x768.jpg 768w, https:\/\/www.radiopiu.net\/wordpress\/wp-content\/uploads\/2022\/03\/59118795-5581-456f-8859-fe0fc2932da6.jpg 1080w\" sizes=\"auto, (max-width: 129px) 100vw, 129px\" \/><\/a>LA TIFOSERIA DEL FELTREGHIACCIO ORGANIZZA UNA CORRIERA PER GARA 3 A BOLZANO<\/h3>\n<p><strong>FELTRE<\/strong> Il sogno del Feltreghiaccio di accedere alle semifinali della IHL Division I continua. Oggi\u00a0 a Bolzano si giocher\u00e0 Gara 3 contro il Bolzano\/Trento e la tifoseria feltrina ha organizzato una corriera per andare in terra altoatesina e tifare la squadra di Feltre.<\/p>\n<p><strong>LUCA ZANELLA, UNO DEGLI ORGANIZZATORI DELLA TRASFERTA<\/strong><\/p>\n<audio class=\"wp-audio-shortcode\" id=\"audio-262675-23\" preload=\"none\" style=\"width: 100%;\" controls=\"controls\"><source type=\"audio\/mpeg\" src=\"https:\/\/www.radiopiu.net\/wordpress\/wp-content\/uploads\/2022\/03\/ZANELLA-CORRIERA-FELTREGHIACCIO.mp3?_=23\" \/><a href=\"https:\/\/www.radiopiu.net\/wordpress\/wp-content\/uploads\/2022\/03\/ZANELLA-CORRIERA-FELTREGHIACCIO.mp3\">https:\/\/www.radiopiu.net\/wordpress\/wp-content\/uploads\/2022\/03\/ZANELLA-CORRIERA-FELTREGHIACCIO.mp3<\/a><\/audio>\n<p>&nbsp;<\/p>\n<p>&nbsp;<\/p>\n<\/div>\n<\/div>\n<\/div>\n<\/div>\n<\/div>\n<\/div>\n<\/div>\n<\/div>\n<\/div>\n<\/div>\n<\/div>\n<\/div>\n<\/div>\n<\/div>\n<\/div>\n<\/div>\n<\/div>\n<\/div>\n<\/div>\n<\/div>\n<\/div>\n<\/div>\n<\/div>\n<\/div>\n<\/div>\n<\/div>\n<\/div>\n<\/div>\n<\/div>\n<\/div>\n<\/div>\n<\/div>\n<\/div>\n<\/div>\n<\/div>\n<\/div>\n<\/div>\n<\/div>\n<\/div>\n<\/div>\n<\/div>\n<\/div>\n<\/div>\n<\/div>\n<\/div>\n<\/div>\n<\/div>\n<\/div>\n<\/div>\n<\/div>\n<\/div>\n<\/div>\n<\/div>\n<\/div>\n<\/div>\n<\/div>\n<\/div>\n<\/div>\n<\/div>\n<\/div>\n<\/div>\n<\/div>\n<\/div>\n<\/div>\n<\/div>\n<\/div>\n<\/div>\n<\/div>\n<\/div>\n<\/div>\n<\/div>\n<\/div>\n<\/div>\n<\/div>\n<\/div>\n<\/div>\n<\/div>\n<\/div>\n<\/div>\n<\/div>\n<\/div>\n<\/div>\n<\/div>\n<\/div>\n<\/div>\n<\/div>\n<\/div>\n<\/div>\n<\/div>\n<\/div>\n<\/div>\n<\/div>\n<\/div>\n<\/div>\n<\/div>\n<\/div>\n<\/div>\n<\/div>\n<\/div>\n<\/div>\n<\/div>\n<\/div>\n<\/div>\n<\/div>\n<\/div>\n<\/div>\n<\/div>\n<\/div>\n<\/div>\n<\/div>\n","protected":false},"excerpt":{"rendered":"<p>LA COPERTINA DEL GIORNALE: LA FOTO VIRALE DI MARCELLA GIULIA PACE FONTE Passione Astronomia Sito Web scientifico 15 tramonti disegnano il profilo del Monte Pelmo Per un mese, l\u2019astrofotografa Marcella Giulia Pace &#8211; greenflash.photo si \u00e8 data appuntamento, dalla stessa postazione (Villa Belvedere di san Vito di Cadore), con il tramonto, fotografandolo con il filtro&hellip;<\/p>\n","protected":false},"author":4,"featured_media":262870,"comment_status":"closed","ping_status":"closed","sticky":false,"template":"","format":"standard","meta":{"_monsterinsights_skip_tracking":false,"_monsterinsights_sitenote_active":false,"_monsterinsights_sitenote_note":"","_monsterinsights_sitenote_category":0,"footnotes":""},"categories":[104,86,49],"tags":[],"class_list":["post-262675","post","type-post","status-publish","format-standard","has-post-thumbnail","hentry","category-evidenza_3","category-gr","category-news-18","category-104","category-86","category-49","description-off"],"img_url":"https:\/\/www.radiopiu.net\/wordpress\/wp-content\/uploads\/2022\/03\/274603175_4767372933298191_2742616551399667689_n.jpg","_links":{"self":[{"href":"https:\/\/www.radiopiu.net\/wordpress\/wp-json\/wp\/v2\/posts\/262675","targetHints":{"allow":["GET"]}}],"collection":[{"href":"https:\/\/www.radiopiu.net\/wordpress\/wp-json\/wp\/v2\/posts"}],"about":[{"href":"https:\/\/www.radiopiu.net\/wordpress\/wp-json\/wp\/v2\/types\/post"}],"author":[{"embeddable":true,"href":"https:\/\/www.radiopiu.net\/wordpress\/wp-json\/wp\/v2\/users\/4"}],"replies":[{"embeddable":true,"href":"https:\/\/www.radiopiu.net\/wordpress\/wp-json\/wp\/v2\/comments?post=262675"}],"version-history":[{"count":0,"href":"https:\/\/www.radiopiu.net\/wordpress\/wp-json\/wp\/v2\/posts\/262675\/revisions"}],"wp:featuredmedia":[{"embeddable":true,"href":"https:\/\/www.radiopiu.net\/wordpress\/wp-json\/wp\/v2\/media\/262870"}],"wp:attachment":[{"href":"https:\/\/www.radiopiu.net\/wordpress\/wp-json\/wp\/v2\/media?parent=262675"}],"wp:term":[{"taxonomy":"category","embeddable":true,"href":"https:\/\/www.radiopiu.net\/wordpress\/wp-json\/wp\/v2\/categories?post=262675"},{"taxonomy":"post_tag","embeddable":true,"href":"https:\/\/www.radiopiu.net\/wordpress\/wp-json\/wp\/v2\/tags?post=262675"}],"curies":[{"name":"wp","href":"https:\/\/api.w.org\/{rel}","templated":true}]}}