{"id":262854,"date":"2022-03-05T06:02:54","date_gmt":"2022-03-05T05:02:54","guid":{"rendered":"https:\/\/www.radiopiu.net\/wordpress\/?p=262854"},"modified":"2022-03-05T07:15:53","modified_gmt":"2022-03-05T06:15:53","slug":"giornale-radiopiu-05-marzo-2022-direttore-mirko-mezzacasa","status":"publish","type":"post","link":"https:\/\/www.radiopiu.net\/wordpress\/giornale-radiopiu-05-marzo-2022-direttore-mirko-mezzacasa\/","title":{"rendered":"GIORNALE RADIOPIU 05 MARZO 2022 DIRETTORE MIRKO MEZZACASA"},"content":{"rendered":"<h3 class=\"kvgmc6g5 cxmmr5t8 oygrvhab hcukyx3x c1et5uql\"><span style=\"color: #000000;\"><strong>OGGI ALLE 10.30 E 1900, DOMANI ALLE 12.30:\u00a0 NELLA RASSEGNA STAMPA di\u00a0 <a class=\"oajrlxb2 g5ia77u1 qu0x051f esr5mh6w e9989ue4 r7d6kgcz rq0escxv nhd2j8a9 nc684nl6 p7hjln8o kvgmc6g5 cxmmr5t8 oygrvhab hcukyx3x jb3vyjys rz4wbd8a qt6c0cv9 a8nywdso i1ao9s8h esuyzwwr f1sip0of lzcic4wl gmql0nx0 gpro0wi8\" style=\"color: #000000;\" tabindex=\"0\" role=\"link\" href=\"https:\/\/www.facebook.com\/gianni.santomaso?__cft__[0]=AZXUL8adDuTGRYOV_UVPWQSTmKd9OF5WvaFmKIabIAX7M1xQgQE7hLuUKBopuVLGZANWFSzPfQPfLjXD5PC9P7C5SP8Y7vtQii4IPs5Cq5Cfp62ZLMerZNATQHeCZMec1ps&amp;__tn__=-]K-R\"><span class=\"oo483o9r quwhnjym\">Gianni Santomaso:<\/span><\/a>\u00a0Da Canale d&#8217;Agordo Inna Maslovska nei giorni del lutto per l&#8217;Ucraina\u00a0<\/strong><\/span><\/h3>\n<h3 class=\"kvgmc6g5 cxmmr5t8 oygrvhab hcukyx3x c1et5uql\"><span style=\"color: #0000ff;\"><strong>\u00a0<\/strong><\/span><\/h3>\n<hr \/>\n<h3><\/h3>\n<h3 class=\"kvgmc6g5 cxmmr5t8 oygrvhab hcukyx3x c1et5uql\"><span style=\"color: #0000ff;\"><strong>INFORMAZIONE il canale su TELEGRAM informazione di prima\u00a0 <\/strong><\/span><span style=\"color: #0000ff;\"><strong>mano e in tempo reale. iscriviti ed aiutaci a farlo conoscere\u00a0\u00a0<\/strong><\/span><\/h3>\n<blockquote>\n<h3>CONTRO I FUCILI I CARRI ARMATI E BOMBE&#8230; DANILO SACCO <em>&#8220;Che non siano i padri a seppellire i figli&#8221;<\/em><\/h3>\n<\/blockquote>\n<p><a class=\"dt-pswp-item\" href=\"https:\/\/www.radiopiu.net\/wordpress\/wp-content\/uploads\/2022\/03\/danilo-sacco.png\" data-dt-img-description=\"\" data-large_image_width=\"681\" data-large_image_height=\"681\"><img loading=\"lazy\" decoding=\"async\" class=\"wp-image-262409 alignleft\" src=\"https:\/\/www.radiopiu.net\/wordpress\/wp-content\/uploads\/2022\/03\/danilo-sacco-300x300.png\" alt=\"\" width=\"168\" height=\"168\" srcset=\"https:\/\/www.radiopiu.net\/wordpress\/wp-content\/uploads\/2022\/03\/danilo-sacco-300x300.png 300w, https:\/\/www.radiopiu.net\/wordpress\/wp-content\/uploads\/2022\/03\/danilo-sacco-150x150.png 150w, https:\/\/www.radiopiu.net\/wordpress\/wp-content\/uploads\/2022\/03\/danilo-sacco.png 681w\" sizes=\"auto, (max-width: 168px) 100vw, 168px\" \/><\/a><\/p>\n<p>&nbsp;<\/p>\n<p>&nbsp;<\/p>\n<p><strong>IL MESSAGGIO ALLA RADIO&#8230;.<\/strong><\/p>\n<audio class=\"wp-audio-shortcode\" id=\"audio-262854-1\" preload=\"none\" style=\"width: 100%;\" controls=\"controls\"><source type=\"audio\/mpeg\" src=\"https:\/\/www.radiopiu.net\/wordpress\/wp-content\/uploads\/2022\/03\/radio-piu-no-war-1.mp3?_=1\" \/><a href=\"https:\/\/www.radiopiu.net\/wordpress\/wp-content\/uploads\/2022\/03\/radio-piu-no-war-1.mp3\">https:\/\/www.radiopiu.net\/wordpress\/wp-content\/uploads\/2022\/03\/radio-piu-no-war-1.mp3<\/a><\/audio>\n<p><strong>montaggio David Ben\u00a0<\/strong><\/p>\n<p>&nbsp;<\/p>\n<hr \/>\n<p>&nbsp;<\/p>\n<blockquote>\n<h3>IERI SERA A CANALE D&#8217;AGORDO&#8230;UN TIR DI AIUTO PER IL POPOLO UCRAINO<\/h3>\n<\/blockquote>\n\n\t\t\t<style type='text\/css'>\n\t\t\t\t#gallery-1 {\n\t\t\t\t\tmargin: auto;\n\t\t\t\t}\n\t\t\t\t#gallery-1 .gallery-item {\n\t\t\t\t\tfloat: left;\n\t\t\t\t\tmargin-top: 10px;\n\t\t\t\t\ttext-align: center;\n\t\t\t\t\twidth: 25%;\n\t\t\t\t}\n\t\t\t\t#gallery-1 img {\n\t\t\t\t\tborder: 2px solid #cfcfcf;\n\t\t\t\t}\n\t\t\t\t#gallery-1 .gallery-caption {\n\t\t\t\t\tmargin-left: 0;\n\t\t\t\t}\n\t\t\t\t\/* see gallery_shortcode() in wp-includes\/media.php *\/\n\t\t\t<\/style>\n\t\t<div id='gallery-1' class='dt-gallery-container gallery galleryid-262854 gallery-columns-4 gallery-size-thumbnail'><dl class='gallery-item'>\n\t\t\t\t<dt class='gallery-icon portrait'>\n\t\t\t\t\t<a class=\"rollover rollover-zoom dt-pswp-item\" title=\"d09e6430-6d75-416a-988d-8bd66954df7f\" data-dt-img-description=\"\" data-large_image_width=\"1200\" data-large_image_height=\"1600\"href='https:\/\/www.radiopiu.net\/wordpress\/wp-content\/uploads\/2022\/03\/d09e6430-6d75-416a-988d-8bd66954df7f.jpg'><img loading=\"lazy\" decoding=\"async\" width=\"150\" height=\"150\" src=\"https:\/\/www.radiopiu.net\/wordpress\/wp-content\/uploads\/2022\/03\/d09e6430-6d75-416a-988d-8bd66954df7f-150x150.jpg\" class=\"attachment-thumbnail size-thumbnail\" alt=\"\" \/><\/a>\n\t\t\t\t<\/dt><\/dl><dl class='gallery-item'>\n\t\t\t\t<dt class='gallery-icon portrait'>\n\t\t\t\t\t<a class=\"rollover rollover-zoom dt-pswp-item\" title=\"20e5ba5a-2c07-4176-9c23-4dcf883699f5\" data-dt-img-description=\"\" data-large_image_width=\"1200\" data-large_image_height=\"1600\"href='https:\/\/www.radiopiu.net\/wordpress\/wp-content\/uploads\/2022\/03\/20e5ba5a-2c07-4176-9c23-4dcf883699f5.jpg'><img loading=\"lazy\" decoding=\"async\" width=\"150\" height=\"150\" src=\"https:\/\/www.radiopiu.net\/wordpress\/wp-content\/uploads\/2022\/03\/20e5ba5a-2c07-4176-9c23-4dcf883699f5-150x150.jpg\" class=\"attachment-thumbnail size-thumbnail\" alt=\"\" \/><\/a>\n\t\t\t\t<\/dt><\/dl><dl class='gallery-item'>\n\t\t\t\t<dt class='gallery-icon portrait'>\n\t\t\t\t\t<a class=\"rollover rollover-zoom dt-pswp-item\" title=\"53b0ac98-2f09-441b-aeeb-657de5988649\" data-dt-img-description=\"\" data-large_image_width=\"1536\" data-large_image_height=\"2048\"href='https:\/\/www.radiopiu.net\/wordpress\/wp-content\/uploads\/2022\/03\/53b0ac98-2f09-441b-aeeb-657de5988649.jpg'><img loading=\"lazy\" decoding=\"async\" width=\"150\" height=\"150\" src=\"https:\/\/www.radiopiu.net\/wordpress\/wp-content\/uploads\/2022\/03\/53b0ac98-2f09-441b-aeeb-657de5988649-150x150.jpg\" class=\"attachment-thumbnail size-thumbnail\" alt=\"\" \/><\/a>\n\t\t\t\t<\/dt><\/dl><dl class='gallery-item'>\n\t\t\t\t<dt class='gallery-icon portrait'>\n\t\t\t\t\t<a class=\"rollover rollover-zoom dt-pswp-item\" title=\"291ec04a-8dcf-4c1f-8e67-28b41d718b00\" data-dt-img-description=\"\" data-large_image_width=\"1200\" data-large_image_height=\"1600\"href='https:\/\/www.radiopiu.net\/wordpress\/wp-content\/uploads\/2022\/03\/291ec04a-8dcf-4c1f-8e67-28b41d718b00.jpg'><img loading=\"lazy\" decoding=\"async\" width=\"150\" height=\"150\" src=\"https:\/\/www.radiopiu.net\/wordpress\/wp-content\/uploads\/2022\/03\/291ec04a-8dcf-4c1f-8e67-28b41d718b00-150x150.jpg\" class=\"attachment-thumbnail size-thumbnail\" alt=\"\" \/><\/a>\n\t\t\t\t<\/dt><\/dl><br style=\"clear: both\" \/>\n\t\t\t<\/div>\n\n<p>&nbsp;<\/p>\n<p>&nbsp;<\/p>\n<p><span style=\"color: #ff0000;\"><em>&#8220;Una guerra lontana dagli occhi ma non dal cuore&#8221;<\/em><\/span><\/p>\n<blockquote>\n<h3>OGGI A TAMONICH LA RACCOLTA DI BENI DI PRIMA NECESSITA&#8217; PER IL POPOLO UCRAINO<\/h3>\n<\/blockquote>\n<p><strong>AGORDO<\/strong> Oggi dalle 8 alle 12 al parcheggio Peppino Impastato di\u00a0 Tamonich,\u00a0 raccolta di aiuti umanitari per il popolo ucraino. Il camion porter\u00e0 quanto donato in Ucraina. Vengono richiesti: cibo (prodotti in scatola a lunga conservazione di tonno, carne, sgombro, faggiolini, piselli, pane, pasta, riso), latte in polvere per bambini, acqua, vestiti caldi per bambini e adulti, coperte, medicinali (paracetamolo, analgesici), sapone, carta igienica, lenitivo, tagliaunghie, aghi e fili, prodotti per l\u2019igiene, shampoo, salviette, dentifrici, spazzolini da denti.<\/p>\n<p>&nbsp;<\/p>\n<p>&nbsp;<\/p>\n<p><strong>DAGLI ALPINI DI AGORDO:\u00a0 AIUTI AI PROFUGHI DELL&#8217;UCRAINA:<\/strong> La generosit\u00e0 degli agordini ha superato di gran lunga le pi\u00f9 rosee previsioni, tanto che la raccolta di vestiario per la popolazione ucraina sfollata ha saturato le disponibilit\u00e0 di stoccaggio e trasporto. Domani e lunedi la raccolta \u00e8 sospesa. Dagli alpini il grazie per la grande solidariet\u00e0 dimostrata.<\/p>\n<p>&nbsp;<\/p>\n<p>&nbsp;<\/p>\n<h3 style=\"text-align: center;\">SEDICO ALZA LA VOCE PER LA PACE &#8220;PER FAR TACERE LE ARMI&#8221;<\/h3>\n<p><em><a href=\"https:\/\/www.radiopiu.net\/wordpress\/wp-content\/uploads\/2022\/03\/movement-2203657__340.webp\"><img loading=\"lazy\" decoding=\"async\" class=\" wp-image-263070 alignleft\" src=\"https:\/\/www.radiopiu.net\/wordpress\/wp-content\/uploads\/2022\/03\/movement-2203657__340-300x200.webp\" alt=\"\" width=\"221\" height=\"147\" srcset=\"https:\/\/www.radiopiu.net\/wordpress\/wp-content\/uploads\/2022\/03\/movement-2203657__340-300x200.webp 300w, https:\/\/www.radiopiu.net\/wordpress\/wp-content\/uploads\/2022\/03\/movement-2203657__340.webp 510w\" sizes=\"auto, (max-width: 221px) 100vw, 221px\" \/><\/a>Carta colorata contro il grigiore della guerra, quando la pace si fa in gruppo &#8220;uniti per la pace&#8221;<\/em><\/p>\n<p>SEDICO<\/p>\n<p><strong>di\u00a0 DAMIANO TORMEN<\/strong><\/p>\n<p>&nbsp;<\/p>\n<p><strong>AUDIO<\/strong><\/p>\n<audio class=\"wp-audio-shortcode\" id=\"audio-262854-2\" preload=\"none\" style=\"width: 100%;\" controls=\"controls\"><source type=\"audio\/mpeg\" src=\"https:\/\/www.radiopiu.net\/wordpress\/wp-content\/uploads\/2022\/03\/damiano-1.mp3?_=2\" \/><a href=\"https:\/\/www.radiopiu.net\/wordpress\/wp-content\/uploads\/2022\/03\/damiano-1.mp3\">https:\/\/www.radiopiu.net\/wordpress\/wp-content\/uploads\/2022\/03\/damiano-1.mp3<\/a><\/audio>\n<p>&nbsp;<\/p>\n<p>&nbsp;<\/p>\n<hr \/>\n<blockquote>\n<h3><\/h3>\n<h3>LE INDICAZIONI DELLA ULSS1 DOLOMITI<\/h3>\n<\/blockquote>\n<a href=\"https:\/\/www.radiopiu.net\/wordpress\/wp-content\/uploads\/2022\/03\/Prine-indicazioni-ingresso-da-Ucraina_-ULSS-1-2.pdf\" class=\"pdfemb-viewer\" style=\"\" data-width=\"max\" data-height=\"max\" data-toolbar=\"top\" data-toolbar-fixed=\"on\">Prine indicazioni ingresso da Ucraina_ ULSS 1 (2)<\/a>\n<p>&nbsp;<\/p>\n<p>&nbsp;<\/p>\n<hr \/>\n<p>&nbsp;<\/p>\n<blockquote>\n<h3>UCRAINA. ATTIVO CONTO CORRENTE SOLIDARIETA\u2019 CIVILI REGIONE VENETO<\/h3>\n<\/blockquote>\n<p><strong><a class=\"dt-pswp-item\" href=\"https:\/\/www.radiopiu.net\/wordpress\/wp-content\/uploads\/2022\/03\/BANNER-SOLIDARIETA-UCRAINA.png\" data-dt-img-description=\"\" data-large_image_width=\"855\" data-large_image_height=\"543\"><img loading=\"lazy\" decoding=\"async\" class=\" wp-image-262572 alignleft\" src=\"https:\/\/www.radiopiu.net\/wordpress\/wp-content\/uploads\/2022\/03\/BANNER-SOLIDARIETA-UCRAINA-300x191.png\" alt=\"\" width=\"203\" height=\"129\" srcset=\"https:\/\/www.radiopiu.net\/wordpress\/wp-content\/uploads\/2022\/03\/BANNER-SOLIDARIETA-UCRAINA-300x191.png 300w, https:\/\/www.radiopiu.net\/wordpress\/wp-content\/uploads\/2022\/03\/BANNER-SOLIDARIETA-UCRAINA-768x488.png 768w, https:\/\/www.radiopiu.net\/wordpress\/wp-content\/uploads\/2022\/03\/BANNER-SOLIDARIETA-UCRAINA.png 855w\" sizes=\"auto, (max-width: 203px) 100vw, 203px\" \/><\/a>VENEZIA<\/strong>\u201cLa gara di solidariet\u00e0 dei veneti per aiutare i profughi civili ucraini sta accelerando. Ringrazio tutti quelli che hanno gi\u00e0 dato il loro apporto, nella certezza che molti altri si aggiungeranno ora dopo ora\u201d.<\/p>\n<p>Lo ha detto il Presidente della Regione Veneto, Luca Zaia, facendo il punto sulle donazioni giunte al <strong>conto corrente intestato a REGIONE DEL VENETO &#8211; Causale SOSTEGNO EMERGENZA UCRAINA &#8211; Iban IT65G0200802017000106358023 &#8211; Bic\/swift UNCRITM1VF2, <\/strong>sul quale ieri hanno iniziato a confluire le donazioni dei cittadini. Alla data di ieri, sul c\/c Emergenza Ucraina sono pervenuti 397 versamenti per un importo complessivo di 45.208 euro. Il precedente, primo rilevamento segnalava un centinaio di versamenti per circa 15 mila euro.<\/p>\n<p>&nbsp;<\/p>\n<hr \/>\n<p>&nbsp;<\/p>\n<blockquote>\n<h3>PESTAGGIO IN NEVEGAL, E&#8217; CACCIA AI DELINQUENTI<\/h3>\n<\/blockquote>\n<p><strong><a class=\"dt-pswp-item\" href=\"https:\/\/www.radiopiu.net\/wordpress\/wp-content\/uploads\/2022\/03\/SIMONE-1.jpg\" data-dt-img-description=\"\" data-large_image_width=\"258\" data-large_image_height=\"290\"><img loading=\"lazy\" decoding=\"async\" class=\"wp-image-263082 alignleft\" src=\"https:\/\/www.radiopiu.net\/wordpress\/wp-content\/uploads\/2022\/03\/SIMONE-1.jpg\" alt=\"\" width=\"124\" height=\"139\" \/><\/a>BELLUNO<\/strong> Afferrato, tirato fuori di casa, pestato a calci e pugni fino mandarlo in ospedale con costole e naso rotto, quindi la fuga dei malviventi (dall&#8217;accento dell&#8217;est Europa) a mani vuote. Non hanno portato via niente. I carabinieri,\u00a0 stanno indagando sulle botte da 21 giorni di prognosi a Simone Menegon in Nevegal, non trascurano piste alternative al tentativo di rapina ipotizzato in prima battuta dalla stessa vittima. Sono in corso degli accertamenti nell&#8217;ambiente del lavoro e delle amicizie del 37enne bellunese, per capire se per caso abbia dei nemici\u00a0 o un regolamento di conti, non \u00e8 da scartare la possibilit\u00e0 che l&#8217;eventuale mandante abbia clamorosamente sbagliato persona perch\u00e9\u00a0 Simone, giardiniere di professione \u00e8 persona pacifica che non ha problemi con nessuno<\/p>\n<p>&nbsp;<\/p>\n<hr \/>\n<p>&nbsp;<\/p>\n<blockquote>\n<h3>INCIDENTE IN MOTO, CRISTIAN IN PROGNOSI RISERVATA AL SAN MARTINO<\/h3>\n<\/blockquote>\n<p><strong><a class=\"dt-pswp-item\" href=\"https:\/\/www.radiopiu.net\/wordpress\/wp-content\/uploads\/2022\/03\/251063619_625056255329272_5072573255468708631_n.jpg\" data-dt-img-description=\"\" data-large_image_width=\"1080\" data-large_image_height=\"1080\"><img loading=\"lazy\" decoding=\"async\" class=\"wp-image-263084 alignleft\" src=\"https:\/\/www.radiopiu.net\/wordpress\/wp-content\/uploads\/2022\/03\/251063619_625056255329272_5072573255468708631_n-300x300.jpg\" alt=\"\" width=\"126\" height=\"126\" srcset=\"https:\/\/www.radiopiu.net\/wordpress\/wp-content\/uploads\/2022\/03\/251063619_625056255329272_5072573255468708631_n-300x300.jpg 300w, https:\/\/www.radiopiu.net\/wordpress\/wp-content\/uploads\/2022\/03\/251063619_625056255329272_5072573255468708631_n-1024x1024.jpg 1024w, https:\/\/www.radiopiu.net\/wordpress\/wp-content\/uploads\/2022\/03\/251063619_625056255329272_5072573255468708631_n-150x150.jpg 150w, https:\/\/www.radiopiu.net\/wordpress\/wp-content\/uploads\/2022\/03\/251063619_625056255329272_5072573255468708631_n-768x768.jpg 768w, https:\/\/www.radiopiu.net\/wordpress\/wp-content\/uploads\/2022\/03\/251063619_625056255329272_5072573255468708631_n.jpg 1080w\" sizes=\"auto, (max-width: 126px) 100vw, 126px\" \/><\/a>BELLUNO<\/strong> \u00a0Cristiano Bogo, 26 anni, pontalpino di Polpet, \u00e8 ricoverato in gravissime condizioni nel reparto di Rianimazione dell&#8217;ospedale San Martino.\u00a0 Per cause ancora in corso di accertamento appena prima della piazzetta davanti al bar Piaia e alla macelleria Boito ha perso il controllo del ciclomotore ed \u00e8 andato a sbattere contro il lampione dell&#8217;illuminazione. L&#8217;impatto \u00e8 stato molto violento e le conseguenze molto preoccupanti, \u00e8 stato soccorso dell&#8217;ambulanza del 118 e trasportato al Pronto soccorso del San Martino, dove le sue condizioni sono sembrate subito molto gravi.<\/p>\n<p>&nbsp;<\/p>\n<p>&nbsp;<\/p>\n<hr \/>\n<p>&nbsp;<\/p>\n<blockquote>\n<h3>E\u2019 MANCATO UN PIONIERE DELLA LUXOTTICA<\/h3>\n<\/blockquote>\n<p><strong><a class=\"dt-pswp-item\" href=\"https:\/\/www.radiopiu.net\/wordpress\/wp-content\/uploads\/2022\/03\/adirano.jpg\" data-dt-img-description=\"\" data-large_image_width=\"473\" data-large_image_height=\"628\"><img loading=\"lazy\" decoding=\"async\" class=\" wp-image-262927 alignleft\" src=\"https:\/\/www.radiopiu.net\/wordpress\/wp-content\/uploads\/2022\/03\/adirano-226x300.jpg\" alt=\"\" width=\"133\" height=\"177\" srcset=\"https:\/\/www.radiopiu.net\/wordpress\/wp-content\/uploads\/2022\/03\/adirano-226x300.jpg 226w, https:\/\/www.radiopiu.net\/wordpress\/wp-content\/uploads\/2022\/03\/adirano.jpg 473w\" sizes=\"auto, (max-width: 133px) 100vw, 133px\" \/><\/a>BELLUNO <\/strong>Sabato 26 febbraio \u00e8\u00a0mancato\u00a0 a 86 anni\u00a0 Armando De Pellegrin\u00a0 storico caporeparto della Luxottica fin dagli anni Sessanta,\u00a0 abitava a Belluno, in via Mameli. Erano gli anni in cui Leonardo Del Vecchio dava concretezza alle sue idee con\u00a0 il capo-officina, Luigi Francavilla oggi presidente onorario e\u00a0 Armando de Pellegrin che 20 anni fa fu premiato con la Stella al merito del lavoro, conferita con decreto del presidente della Repubblica.<br \/>\nPer espressa volont\u00e0 del defunto la famiglia ha dato la notizia della scomparsa a tumulazione avvenuta, l&#8217;annuncio della moglie Daniela, del figlio Fabio con Carla, delle adorate nipoti Asia, Siria, Greta, Anita, della sorella Marisa. Armando riposer\u00e0 nel Cimitero di Cusighe. La famiglia ha porto un rigraziamento al personale di Casa Tua Due, all&#8217;associazione Cucchini, all&#8217;ospedale San Martino per le professionali e amorevoli cure ricevute<\/p>\n<p>&nbsp;<\/p>\n<hr \/>\n<p>&nbsp;<\/p>\n<blockquote>\n<h3>LUTTO A SCUOLA, E&#8217; MANCATO IL PROFESSOR OTTONE<\/h3>\n<\/blockquote>\n<p><strong><img loading=\"lazy\" decoding=\"async\" class=\"alignleft\" src=\"https:\/\/www.radiopiu.net\/wordpress\/wp-content\/uploads\/2022\/03\/275262134_7107894765949955_2261635273310050810_n.jpg\" width=\"280\" height=\"186\" \/>BELLUNO<\/strong> E&#8217; mancato a soli 61 anni il professor Massimo Ottone, docente del liceo Scientifico Galileo Galilei. La morte risale a gioved\u00ec sera, a Casa Tua Due dove era ricoverato da alcuni giorni.\u00a0 Oltre alla moglie, Roberta Gaz, ed ai figli Lorenzo e Maria, lascia il fratello don Rinaldo, cappellano a Longarone.<b> <\/b>Laureatosi in Matematica all&#8217;Universit\u00e0 di Padova, aveva poi approfondito l&#8217;interesse per il cielo e le stelle e al Galilei era diventato il motore delle attivit\u00e0 legate all&#8217;astronomia.<\/p>\n<blockquote><p><em><strong>Il ricordo di Cinzia Benvegn\u00f9<\/strong><\/em><\/p>\n<p><em>Caro Massimo.. il dolore che stiamo provando in questo momento \u00e8 immenso.. La vita \u00e8 un viaggio che ti permette di fare amicizia con molte persone.. Ma solo in pochi sono in grado di rimanere nel tuo cuore per sempre. Tu, Massimo, sei uno di quelli. Mi mancherai e ci mancherai tantissimo amico mio. Mancher\u00e0 il tuo sorriso ed i tuoi occhi che ridono.. soprattutto quando facevi una delle tue famigerate battute o doppi sensi.. Mancher\u00e0 il tuo saper esserci sempre per gli altri.. Ti sono grata per tutti i momenti che abbiamo condiviso che ricorder\u00f2 e conserver\u00f2 preziosamente.. Fra le tante cose che potrei ricordare di te, quella dove ti immagino e da dove so che ci proteggerai \u00e8 il tuo amato cielo stellato.. Ciao Massimo.. Fai buon viaggio..<\/em><\/p>\n<p><a class=\"dt-pswp-item\" href=\"https:\/\/www.radiopiu.net\/wordpress\/wp-content\/uploads\/2022\/03\/274739340_10221486308288587_4194522138421887631_n.jpg\" data-dt-img-description=\"\" data-large_image_width=\"720\" data-large_image_height=\"540\"><img loading=\"lazy\" decoding=\"async\" class=\" wp-image-263091 alignleft\" src=\"https:\/\/www.radiopiu.net\/wordpress\/wp-content\/uploads\/2022\/03\/274739340_10221486308288587_4194522138421887631_n-300x225.jpg\" alt=\"\" width=\"237\" height=\"178\" srcset=\"https:\/\/www.radiopiu.net\/wordpress\/wp-content\/uploads\/2022\/03\/274739340_10221486308288587_4194522138421887631_n-300x225.jpg 300w, https:\/\/www.radiopiu.net\/wordpress\/wp-content\/uploads\/2022\/03\/274739340_10221486308288587_4194522138421887631_n.jpg 720w\" sizes=\"auto, (max-width: 237px) 100vw, 237px\" \/><\/a><strong>IL Presidente della Provincia Roberto Padrin :<\/strong> <em>Nel giro di qualche giorno la giunta del nostro Comune del 1990 ha perso due suoi bravissimi assessori. Dopo Piero De Mattia, oggi piangiamo la scomparsa di <a class=\"oajrlxb2 g5ia77u1 qu0x051f esr5mh6w e9989ue4 r7d6kgcz rq0escxv nhd2j8a9 nc684nl6 p7hjln8o kvgmc6g5 cxmmr5t8 oygrvhab hcukyx3x jb3vyjys rz4wbd8a qt6c0cv9 a8nywdso i1ao9s8h esuyzwwr f1sip0of lzcic4wl gpro0wi8 q66pz984 b1v8xokw\" tabindex=\"0\" role=\"link\" href=\"https:\/\/www.facebook.com\/massimo.ottone.9?__cft__[0]=AZXDJo1Md3VjNbY8xTY6HJUom0Zt_R4gBDamxp91OpjqunCMgKvnhe4OsPO7U4YNPtrLFnPZw5fYVpuK9_70_CfGKioZfFF3ECKz-9DY6sp8ycY-u_9Z8KvebMRZSDbHRgM&amp;__tn__=-]K-R\"><span class=\"nc684nl6\">Massimo Ottone<\/span><\/a>. Cosa dire di Massimo?&#8230;.Solo parole di apprezzamento e stima immensa. \u00c8 stato tra le persone che pi\u00f9 di ogni altra mi hanno aiutato a vivere i giorni dell\u2019adolescenza nella maniera migliore. Era il trascinatore del parco Robinson. Era il nostro esempio. Il suo sorriso, il suo entusiasmo erano contagiosi. Ci ha lasciato troppo presto. A Longarone lascia un ricordo bellissimo, di grande umanit\u00e0, di professore amato da tutti che mai potremo scordare&#8230;ciao Massimo e grazie di tutto<\/em><\/p><\/blockquote>\n<p>&nbsp;<\/p>\n<hr \/>\n<p>&nbsp;<\/p>\n<p>&nbsp;<\/p>\n<blockquote>\n<h3><a class=\"dt-pswp-item\" href=\"https:\/\/www.radiopiu.net\/wordpress\/wp-content\/uploads\/2022\/03\/MURO.jpg\" data-dt-img-description=\"\" data-large_image_width=\"436\" data-large_image_height=\"560\"><img loading=\"lazy\" decoding=\"async\" class=\"wp-image-263087 alignleft\" src=\"https:\/\/www.radiopiu.net\/wordpress\/wp-content\/uploads\/2022\/03\/MURO-234x300.jpg\" alt=\"\" width=\"123\" height=\"158\" srcset=\"https:\/\/www.radiopiu.net\/wordpress\/wp-content\/uploads\/2022\/03\/MURO-234x300.jpg 234w, https:\/\/www.radiopiu.net\/wordpress\/wp-content\/uploads\/2022\/03\/MURO.jpg 436w\" sizes=\"auto, (max-width: 123px) 100vw, 123px\" \/><\/a>VANDALI AD ARTEN<\/h3>\n<p><strong>FONZASO<\/strong>\u00a0Il muro degli spogliatoi preso a sassate, bottiglie di vetro in frantumi anche in mezzo al campo da rugby e un tavolino bruciato sugli spalti. \u00c8 l&#8217;esito dell&#8217;atto vandalico al campo sportivo di Arten, gestito dalla societ\u00e0 Draghi rugby Feltre, che ieri ha sporto denuncia ai carabinieri. La stima dei danni si aggira sui 600 euro, oltre al lavoro dei volontari per ripulire tutta l&#8217;area<\/p><\/blockquote>\n<p>&nbsp;<\/p>\n<p>&nbsp;<\/p>\n<hr \/>\n<p>&nbsp;<\/p>\n<blockquote>\n<h3>DILLO A RADIO PIU&#8217;&#8230; LA PANDA DELLA ULSS1 LANCIATA NEL SORPASSO<\/h3>\n<\/blockquote>\n<div dir=\"auto\">\n<p>Riceviamo e volentieri pubblichiamo la segnalazione di Maikol Follador<\/p>\n<p><a class=\"dt-pswp-item\" href=\"https:\/\/www.radiopiu.net\/wordpress\/wp-content\/uploads\/2022\/03\/IMG_20220304_201116.jpg\" data-dt-img-description=\"\" data-large_image_width=\"1920\" data-large_image_height=\"1082\"><img loading=\"lazy\" decoding=\"async\" class=\" wp-image-263094 alignleft\" src=\"https:\/\/www.radiopiu.net\/wordpress\/wp-content\/uploads\/2022\/03\/IMG_20220304_201116-300x169.jpg\" alt=\"\" width=\"227\" height=\"128\" srcset=\"https:\/\/www.radiopiu.net\/wordpress\/wp-content\/uploads\/2022\/03\/IMG_20220304_201116-300x169.jpg 300w, https:\/\/www.radiopiu.net\/wordpress\/wp-content\/uploads\/2022\/03\/IMG_20220304_201116-1024x577.jpg 1024w, https:\/\/www.radiopiu.net\/wordpress\/wp-content\/uploads\/2022\/03\/IMG_20220304_201116-768x433.jpg 768w, https:\/\/www.radiopiu.net\/wordpress\/wp-content\/uploads\/2022\/03\/IMG_20220304_201116-1536x866.jpg 1536w, https:\/\/www.radiopiu.net\/wordpress\/wp-content\/uploads\/2022\/03\/IMG_20220304_201116.jpg 1920w\" sizes=\"auto, (max-width: 227px) 100vw, 227px\" \/><\/a>REDAZIONE\u00a0 Questa sera (04\/03\/22) di ritorno dal lavoro ho assistito ad una scena da brividi. Alle ore 17.19, percorrendo la strada SR203 direzione Cencenighe in localit\u00e0 Masar\u00e9 di Alleghe, sono stato sorpassato sulla linea continua da una Fiat Panda\u00a0 dell&#8217;ULSS1, e fin qui niente di eclatante. Quando poi la Panda si \u00e8 lanciata in un sorpasso di altre 3 autovetture dopo di me, mi sono un po&#8217; spaventato perch\u00e9 non sapevo se fosse riuscito a rientrare in carreggiata prima della curva.\u00a0 Non potevo credere ai miei occhi quando poi la Panda si \u00e8 lanciata in un folle sorpasso (punto azzurro nella foto) di altre 2 autovetture in piena curva totalmente nella carreggiata opposta e terminando la folle manovra solo a curva finita. Per fortuna non sopraggiungevano altre autovetture in quel momento perch\u00e9 altrimenti avrei assistito ad un gravissimo incidente.\u00a0 Premetto che io non sono un automobilista che va molto piano in macchina, sicuramente anche io ho fatto molti sorpassi magari a volta azzardati, ma buttarsi in sorpasso in piena curva senza visibilit\u00e0 dovrebbe essere impensabile, nella maniera pi\u00f9 assoluta.\u00a0 Prego questa persona di non azzardare pi\u00f9 una manovra cos\u00ec pericolosa perch\u00e9 avrebbe potuto causare una strage.<\/p>\n<\/div>\n<div dir=\"auto\">\n<p>Maikol Follador<\/p>\n<p>**<\/p>\n<\/div>\n<p>&nbsp;<\/p>\n<hr \/>\n<p>&nbsp;<\/p>\n<blockquote>\n<h3>GALLERIA DEL COMELICO, UNA CONVENZIONE PER IL RECUPERO DELLA VECCHIA STRADA<\/h3>\n<\/blockquote>\n<blockquote><p><em>Padrin: \u00abProgetto modulare, unica soluzione percorribile per evitare l\u2019isolamento della vallata\u00bb<\/em><\/p><\/blockquote>\n<p><strong><a class=\"dt-pswp-item\" href=\"https:\/\/www.radiopiu.net\/wordpress\/wp-content\/uploads\/2022\/03\/f4984d16-7c96-4869-8225-ff7f2e9ae73e.jpg\" data-dt-img-description=\"\" data-large_image_width=\"1024\" data-large_image_height=\"768\"><img loading=\"lazy\" decoding=\"async\" class=\" wp-image-262970 alignleft\" src=\"https:\/\/www.radiopiu.net\/wordpress\/wp-content\/uploads\/2022\/03\/f4984d16-7c96-4869-8225-ff7f2e9ae73e-300x225.jpg\" alt=\"\" width=\"215\" height=\"161\" srcset=\"https:\/\/www.radiopiu.net\/wordpress\/wp-content\/uploads\/2022\/03\/f4984d16-7c96-4869-8225-ff7f2e9ae73e-300x225.jpg 300w, https:\/\/www.radiopiu.net\/wordpress\/wp-content\/uploads\/2022\/03\/f4984d16-7c96-4869-8225-ff7f2e9ae73e-768x576.jpg 768w, https:\/\/www.radiopiu.net\/wordpress\/wp-content\/uploads\/2022\/03\/f4984d16-7c96-4869-8225-ff7f2e9ae73e.jpg 1024w\" sizes=\"auto, (max-width: 215px) 100vw, 215px\" \/><\/a>BELLUNO<\/strong> Il presidente della Provincia ha incontrato oggi a Santo Stefano (nella sede dell&#8217;Unione Montana) gli amministratori locali e una rappresentanza dei comitati civici. Sul tavolo, la questione della galleria del Comelico e l\u2019intervento programmato da Anas. Erano presenti all\u2019incontro Giancarlo Ianese (sindaco di San Nicol\u00f2 e presidente dell\u2019Unione Montana), Marco Staunovo Polacco (Comelico Superiore), Mirco Menia (vice sindaco Danta), Manuel Casanova Consier (San Pietro), Elisa Bergagnin e Walter D\u2019Ambros (vice sindaca e assessore Santo Stefano), e Alfredo Comis (in rappresentanza dei comitati locali).<\/p>\n<p>Il tavolo ha concordato di perseguire come soluzione prioritaria il recupero della vecchia strada \u201cdla Val\u201d, e quindi la necessit\u00e0 di accelerare sulla progettazione preliminare. In tal senso, sar\u00e0 siglata una convenzione Provincia-Comuni-Unione Montana per avanzare e finanziare il progetto.<\/p>\n<p>IL PRESIDENTE DELLA PROVINCIA ROBERTO PADRIN<\/p>\n<div style=\"width: 848px;\" class=\"wp-video\"><video class=\"wp-video-shortcode\" id=\"video-262854-1\" width=\"848\" height=\"480\" preload=\"metadata\" controls=\"controls\"><source type=\"video\/mp4\" src=\"https:\/\/www.radiopiu.net\/wordpress\/wp-content\/uploads\/2022\/03\/WhatsApp-Video-2022-03-04-at-14.43.12.mp4?_=1\" \/><a href=\"https:\/\/www.radiopiu.net\/wordpress\/wp-content\/uploads\/2022\/03\/WhatsApp-Video-2022-03-04-at-14.43.12.mp4\">https:\/\/www.radiopiu.net\/wordpress\/wp-content\/uploads\/2022\/03\/WhatsApp-Video-2022-03-04-at-14.43.12.mp4<\/a><\/video><\/div>\n<p>Il tavolo verr\u00e0 riaggiornato nelle prossime settimane, nel frattempo sar\u00e0 avviata la procedura burocratica per la convenzione. \u00abLa Provincia \u00e8 a disposizione del territorio, consapevole dell\u2019importanza della questione\u00bb conclude il presidente Padrin. \u00abLa vivibilit\u00e0 delle terre alte e della montagna non pu\u00f2 prescindere da collegamenti sicuri, rapidi ed efficienti\u00bb<\/p>\n<p>&nbsp;<\/p>\n<hr \/>\n<p>&nbsp;<\/p>\n<blockquote>\n<h3>RIAVVIO DEI LAVORI DI ADEGUAMENTO DEGLI IMPIANTI DELLE GALLERIE A PIEVE DI CADORE<\/h3>\n<\/blockquote>\n<p><strong><img loading=\"lazy\" decoding=\"async\" class=\"alignleft\" src=\"https:\/\/www.radiopiu.net\/wordpress\/wp-content\/uploads\/2021\/06\/anas.png\" width=\"184\" height=\"104\" \/>VENEZIA<\/strong> Da luned\u00ec\u00a0 Anas riavvier\u00e0 \u2013 dopo il periodo di sospensione invernale &#8211; i lavori di adeguamento degli impianti tecnologici delle gallerie \u201cValcalda\u201d e \u201cMontericco\u201d a Pieve di Cadore (BL), lungo la strada statale 51 bis \u201cdi Alemagna\u201d. Per consentire l\u2019avanzamento degli interventi sar\u00e0 istituito il senso unico alternato regolato da semaforo o movieri dal km 0,100 al km 2,000.<\/p>\n<blockquote><p><em>I lavori di adeguamento degli impianti \u2013 con un investimento totale di 2,3 milioni di euro &#8211;\u00a0 una volta conclusi aumenteranno gli standard di sicurezza dell\u2019arteria stradale.<\/em><\/p><\/blockquote>\n<p>&nbsp;<\/p>\n<hr \/>\n<p>&nbsp;<\/p>\n<blockquote>\n<h3>VERSO LA PROGETTAZIONE DEL NUOVO POLO CULTURALE DI VIA 5 MAGGIO. FAVRETTI &#8220;STORIA INFINITA&#8221;<\/h3>\n<\/blockquote>\n<p>SPENDERE PIU&#8217; DEL PREVISTO<\/p>\n<p><img loading=\"lazy\" decoding=\"async\" class=\"alignleft\" src=\"https:\/\/www.radiopiu.net\/wordpress\/wp-content\/uploads\/2021\/07\/EX-FOLLADOR.jpeg\" width=\"214\" height=\"107\" \/>AGORDO<\/p>\n<p><strong>DI GIANNI SANTOMASO<\/strong><\/p>\n<p><strong>AUDIO<\/strong><\/p>\n<audio class=\"wp-audio-shortcode\" id=\"audio-262854-3\" preload=\"none\" style=\"width: 100%;\" controls=\"controls\"><source type=\"audio\/mpeg\" src=\"https:\/\/www.radiopiu.net\/wordpress\/wp-content\/uploads\/2022\/03\/GIANNI.mp3?_=3\" \/><a href=\"https:\/\/www.radiopiu.net\/wordpress\/wp-content\/uploads\/2022\/03\/GIANNI.mp3\">https:\/\/www.radiopiu.net\/wordpress\/wp-content\/uploads\/2022\/03\/GIANNI.mp3<\/a><\/audio>\n<p>&nbsp;<\/p>\n<p>&nbsp;<\/p>\n<hr \/>\n<p>&nbsp;<\/p>\n<p>&nbsp;<\/p>\n<blockquote>\n<h3>IL\u00a0 CENTRO SINISTRA VIAGGIA DIVISO METTENDO IN CAMPO VIGNATO E OLIVOTTO.<\/h3>\n<\/blockquote>\n<p><em><img loading=\"lazy\" decoding=\"async\" class=\"alignleft\" src=\"https:\/\/www.radiopiu.net\/wordpress\/wp-content\/uploads\/2022\/03\/image-1.webp\" width=\"217\" height=\"122\" \/>Ex manager Luxottica, attuale amministratore di Sedico Servizi e gi\u00e0 risanatore di Bim-Gsp (forse quello che pi\u00f9 ricordano i bellunesi) non \u00e8 nome gradito alla parte pi\u00f9 sinistra della coalizione.<\/em><\/p>\n<p><strong>BELLUNO<\/strong><\/p>\n<p><strong>DI\u00a0 MORENO GIOL<\/strong>I<\/p>\n<audio class=\"wp-audio-shortcode\" id=\"audio-262854-4\" preload=\"none\" style=\"width: 100%;\" controls=\"controls\"><source type=\"audio\/mpeg\" src=\"https:\/\/www.radiopiu.net\/wordpress\/wp-content\/uploads\/2022\/03\/moreno.mp3?_=4\" \/><a href=\"https:\/\/www.radiopiu.net\/wordpress\/wp-content\/uploads\/2022\/03\/moreno.mp3\">https:\/\/www.radiopiu.net\/wordpress\/wp-content\/uploads\/2022\/03\/moreno.mp3<\/a><\/audio>\n<p>&nbsp;<\/p>\n<hr \/>\n<p>&nbsp;<\/p>\n<blockquote>\n<h3>A VOLTAGO PARTITI GLI INTERVENTI DI REGIMAZIONE LUNGO IL TORRENTE DOMADORE<\/h3>\n<\/blockquote>\n<p><strong><a class=\"dt-pswp-item\" href=\"https:\/\/www.radiopiu.net\/wordpress\/wp-content\/uploads\/2022\/03\/39f01326-f10b-4147-bf77-200694b30fd7.jpg\" data-dt-img-description=\"\" data-large_image_width=\"1352\" data-large_image_height=\"885\"><img loading=\"lazy\" decoding=\"async\" class=\"size-medium wp-image-262945 alignleft\" src=\"https:\/\/www.radiopiu.net\/wordpress\/wp-content\/uploads\/2022\/03\/39f01326-f10b-4147-bf77-200694b30fd7-300x196.jpg\" alt=\"\" width=\"300\" height=\"196\" srcset=\"https:\/\/www.radiopiu.net\/wordpress\/wp-content\/uploads\/2022\/03\/39f01326-f10b-4147-bf77-200694b30fd7-300x196.jpg 300w, https:\/\/www.radiopiu.net\/wordpress\/wp-content\/uploads\/2022\/03\/39f01326-f10b-4147-bf77-200694b30fd7-1024x670.jpg 1024w, https:\/\/www.radiopiu.net\/wordpress\/wp-content\/uploads\/2022\/03\/39f01326-f10b-4147-bf77-200694b30fd7-768x503.jpg 768w, https:\/\/www.radiopiu.net\/wordpress\/wp-content\/uploads\/2022\/03\/39f01326-f10b-4147-bf77-200694b30fd7.jpg 1352w\" sizes=\"auto, (max-width: 300px) 100vw, 300px\" \/><\/a>VENEZIA<\/strong> Grazie al buon andamento climatico della stagione invernale, i Servizi Forestali regionali hanno inteso avviare con qualche settimana di anticipo il cantiere di sistemazione idraulica del torrente Domadore, a monte del paese di Frassen\u00e8 in Comune di Voltago Agordino, dove Vaia e successivi eventi calamitosi avevano duramente colpito l\u2019assetto territoriale. \u201c<em>Un lavoro importante, per il quale abbiamo messo a disposizione ben 1,3 milioni di euro \u2013 spiega l\u2019assessore al Dissesto idrogeologico Gianpaolo Bottacin -, in quanto il maltempo degli ultimi anni aveva provocato diverse frane lungo l\u2019asta del torrente in sinistra orografica, modificando l\u2019alveo e interrompendo in pi\u00f9 punti la viabilit\u00e0 di accesso alla vall<\/em>e\u201d.<\/p>\n\n\t\t\t<style type='text\/css'>\n\t\t\t\t#gallery-2 {\n\t\t\t\t\tmargin: auto;\n\t\t\t\t}\n\t\t\t\t#gallery-2 .gallery-item {\n\t\t\t\t\tfloat: left;\n\t\t\t\t\tmargin-top: 10px;\n\t\t\t\t\ttext-align: center;\n\t\t\t\t\twidth: 33%;\n\t\t\t\t}\n\t\t\t\t#gallery-2 img {\n\t\t\t\t\tborder: 2px solid #cfcfcf;\n\t\t\t\t}\n\t\t\t\t#gallery-2 .gallery-caption {\n\t\t\t\t\tmargin-left: 0;\n\t\t\t\t}\n\t\t\t\t\/* see gallery_shortcode() in wp-includes\/media.php *\/\n\t\t\t<\/style>\n\t\t<div id='gallery-2' class='dt-gallery-container gallery galleryid-262854 gallery-columns-3 gallery-size-thumbnail'><dl class='gallery-item'>\n\t\t\t\t<dt class='gallery-icon landscape'>\n\t\t\t\t\t<a class=\"rollover rollover-zoom dt-pswp-item\" title=\"dc367951-7073-4b62-b88c-99b241fb6e3a\" data-dt-img-description=\"\" data-large_image_width=\"1600\" data-large_image_height=\"963\"href='https:\/\/www.radiopiu.net\/wordpress\/wp-content\/uploads\/2022\/03\/dc367951-7073-4b62-b88c-99b241fb6e3a.jpg'><img loading=\"lazy\" decoding=\"async\" width=\"150\" height=\"150\" src=\"https:\/\/www.radiopiu.net\/wordpress\/wp-content\/uploads\/2022\/03\/dc367951-7073-4b62-b88c-99b241fb6e3a-150x150.jpg\" class=\"attachment-thumbnail size-thumbnail\" alt=\"\" \/><\/a>\n\t\t\t\t<\/dt><\/dl><dl class='gallery-item'>\n\t\t\t\t<dt class='gallery-icon landscape'>\n\t\t\t\t\t<a class=\"rollover rollover-zoom dt-pswp-item\" title=\"e2b2471d-b71a-43d0-8c27-12ce34c9b1d4\" data-dt-img-description=\"\" data-large_image_width=\"1600\" data-large_image_height=\"1175\"href='https:\/\/www.radiopiu.net\/wordpress\/wp-content\/uploads\/2022\/03\/e2b2471d-b71a-43d0-8c27-12ce34c9b1d4.jpg'><img loading=\"lazy\" decoding=\"async\" width=\"150\" height=\"150\" src=\"https:\/\/www.radiopiu.net\/wordpress\/wp-content\/uploads\/2022\/03\/e2b2471d-b71a-43d0-8c27-12ce34c9b1d4-150x150.jpg\" class=\"attachment-thumbnail size-thumbnail\" alt=\"\" \/><\/a>\n\t\t\t\t<\/dt><\/dl><dl class='gallery-item'>\n\t\t\t\t<dt class='gallery-icon landscape'>\n\t\t\t\t\t<a class=\"rollover rollover-zoom dt-pswp-item\" title=\"fd102265-f114-43c7-82da-77977400f30e\" data-dt-img-description=\"\" data-large_image_width=\"1600\" data-large_image_height=\"966\"href='https:\/\/www.radiopiu.net\/wordpress\/wp-content\/uploads\/2022\/03\/fd102265-f114-43c7-82da-77977400f30e.jpg'><img loading=\"lazy\" decoding=\"async\" width=\"150\" height=\"150\" src=\"https:\/\/www.radiopiu.net\/wordpress\/wp-content\/uploads\/2022\/03\/fd102265-f114-43c7-82da-77977400f30e-150x150.jpg\" class=\"attachment-thumbnail size-thumbnail\" alt=\"\" \/><\/a>\n\t\t\t\t<\/dt><\/dl><br style=\"clear: both\" \/>\n\t\t\t<\/div>\n\n<hr \/>\n<p>&nbsp;<\/p>\n<p>&nbsp;<\/p>\n<blockquote>\n<h3>LAVORI ALLA CONDOTTA FOGNARIA DI MASARE&#8217; DI ROCCA PIETORE DAL 7 AL 25 MARZO<\/h3>\n<\/blockquote>\n<p><strong><a class=\"dt-pswp-item\" href=\"https:\/\/www.radiopiu.net\/wordpress\/wp-content\/uploads\/2021\/06\/LAVORI.jpg\" data-dt-img-description=\"\" data-large_image_width=\"188\" data-large_image_height=\"164\"><img loading=\"lazy\" decoding=\"async\" class=\" wp-image-216176 alignleft\" src=\"https:\/\/www.radiopiu.net\/wordpress\/wp-content\/uploads\/2021\/06\/LAVORI.jpg\" alt=\"\" width=\"133\" height=\"116\" \/><\/a>ROCCA PIETORE<\/strong> Il comune di Rocca Pietore ha esposto un&#8217;ordinanza che i riguarda i lavori alla condotta fognaria a Masar\u00e8. Dal 7 al 11 marzo e dal 21 al 25 marzo senso unico alternato regolato ma movieri. Dal 14 al 18 marzo il traffico verr\u00e0 deviato nel parcheggio antistante il civico 20 mentre nella giornata del 17 marzo, dalle 7 alle 24, interdizione totale alla circolazione al fine di consentire l&#8217;esecuzione di lavori sulla condotta fognaria a cura di BIM GSP.<\/p>\n<p>&nbsp;<\/p>\n<a href=\"https:\/\/www.radiopiu.net\/wordpress\/wp-content\/uploads\/2022\/03\/Ordinanza-n.6_-Masare\u0300.pdf\" class=\"pdfemb-viewer\" style=\"\" data-width=\"max\" data-height=\"max\" data-toolbar=\"top\" data-toolbar-fixed=\"on\">Ordinanza n.6_ Masare\u0300<\/a>\n<p>&nbsp;<\/p>\n<p>&nbsp;<\/p>\n<hr \/>\n<p>&nbsp;<\/p>\n<blockquote>\n<h3>ANCORA DUE GRANDI MACIGNI E POI LA STRADA SARA&#8217; LIBERATA<\/h3>\n<\/blockquote>\n<p><strong><a class=\"dt-pswp-item\" href=\"https:\/\/www.radiopiu.net\/wordpress\/wp-content\/uploads\/2022\/03\/793030a3-7619-4dda-9917-435359a692bf.jpg\" data-dt-img-description=\"\" data-large_image_width=\"2000\" data-large_image_height=\"1496\"><img loading=\"lazy\" decoding=\"async\" class=\" wp-image-262942 alignleft\" src=\"https:\/\/www.radiopiu.net\/wordpress\/wp-content\/uploads\/2022\/03\/793030a3-7619-4dda-9917-435359a692bf-300x224.jpg\" alt=\"\" width=\"220\" height=\"164\" srcset=\"https:\/\/www.radiopiu.net\/wordpress\/wp-content\/uploads\/2022\/03\/793030a3-7619-4dda-9917-435359a692bf-300x224.jpg 300w, https:\/\/www.radiopiu.net\/wordpress\/wp-content\/uploads\/2022\/03\/793030a3-7619-4dda-9917-435359a692bf-1024x766.jpg 1024w, https:\/\/www.radiopiu.net\/wordpress\/wp-content\/uploads\/2022\/03\/793030a3-7619-4dda-9917-435359a692bf-768x574.jpg 768w, https:\/\/www.radiopiu.net\/wordpress\/wp-content\/uploads\/2022\/03\/793030a3-7619-4dda-9917-435359a692bf-1536x1149.jpg 1536w, https:\/\/www.radiopiu.net\/wordpress\/wp-content\/uploads\/2022\/03\/793030a3-7619-4dda-9917-435359a692bf.jpg 2000w\" sizes=\"auto, (max-width: 220px) 100vw, 220px\" \/><\/a>RIVAMONTE<\/strong> Siamo tornati ai Castei dove l&#8217;operatore dell&#8217;escavatore da giorni sta lavorando per liberare la sede stradale e non si pu\u00f2 certo dire che non sia a buon punto. Molto il materiale spostato in settimana, rimangono ora due grandi macigni, poi la ex 203 agordina sar\u00e0 liberata anche se dal basso a guardare verso l&#8217;alto salgono i brividi, tanto \u00e8 il materiale in equilibrio precario<\/p>\n<p><strong>VIDEO<\/strong><\/p>\n<div style=\"width: 640px;\" class=\"wp-video\"><video class=\"wp-video-shortcode\" id=\"video-262854-2\" width=\"640\" height=\"352\" preload=\"metadata\" controls=\"controls\"><source type=\"video\/mp4\" src=\"https:\/\/www.radiopiu.net\/wordpress\/wp-content\/uploads\/2022\/03\/WhatsApp-Video-2022-03-04-at-11.16.59.mp4?_=2\" \/><a href=\"https:\/\/www.radiopiu.net\/wordpress\/wp-content\/uploads\/2022\/03\/WhatsApp-Video-2022-03-04-at-11.16.59.mp4\">https:\/\/www.radiopiu.net\/wordpress\/wp-content\/uploads\/2022\/03\/WhatsApp-Video-2022-03-04-at-11.16.59.mp4<\/a><\/video><\/div>\n<p>&nbsp;<\/p>\n<p><strong>ARCHIVIO RADIOPIU<\/strong><\/p>\n<blockquote class=\"wp-embedded-content\" data-secret=\"eX4w9tt5vo\"><p><a href=\"https:\/\/www.radiopiu.net\/wordpress\/quello-che-non-vedremo-piu-massi-sassi-e-terriccio-travolgono-boschi-e-tracciati\/\">QUELLO CHE NON VEDREMO PIU&#8217;: MASSI SASSI E TERRICCIO TRAVOLGONO BOSCHI E TRACCIATI<\/a><\/p><\/blockquote>\n<p><iframe loading=\"lazy\" class=\"wp-embedded-content\" sandbox=\"allow-scripts\" security=\"restricted\" style=\"position: absolute; clip: rect(1px, 1px, 1px, 1px);\" title=\"&#8220;QUELLO CHE NON VEDREMO PIU&#8217;: MASSI SASSI E TERRICCIO TRAVOLGONO BOSCHI E TRACCIATI&#8221; &#8212; Radio Pi\u00f9\" src=\"https:\/\/www.radiopiu.net\/wordpress\/quello-che-non-vedremo-piu-massi-sassi-e-terriccio-travolgono-boschi-e-tracciati\/embed\/#?secret=eX4w9tt5vo\" data-secret=\"eX4w9tt5vo\" width=\"600\" height=\"338\" frameborder=\"0\" marginwidth=\"0\" marginheight=\"0\" scrolling=\"no\"><\/iframe><\/p>\n<p>&nbsp;<\/p>\n<p>&nbsp;<\/p>\n<hr \/>\n<p>&nbsp;<\/p>\n<blockquote>\n<h3>PER NON DIMENTICARE&#8230; LUNGO LA REGIONALE 203 AGORDINA<\/h3>\n<\/blockquote>\n<p><strong>FALCADE<\/strong> I ricordi&#8230; su quella strada a lato della galleria dei Castei, tristemente nota alle cronache per la continua caduta sassi, l&#8217;ultimo episodio \u00e8 la frana tra i ponti dei Castei e Torner. Ricordi che tornano ad affiorare posando gli occhi su quella lapide ormai nascosta al grande traffico deviato in galleria. Ricorda Claudio Scola, Claudio Scola il pompiere. Nel 1985 di ritorno dopo un turno di lavoro il drammatico incidente sulla curva che porta alla localit\u00e0 Giovannelli. Per non dimenticare abbiamo scelto di fotografare quella lapide posta a ricordo 37 anni fa dalla moglie Edelfina e dal figlio.<\/p>\n\n\t\t\t<style type='text\/css'>\n\t\t\t\t#gallery-3 {\n\t\t\t\t\tmargin: auto;\n\t\t\t\t}\n\t\t\t\t#gallery-3 .gallery-item {\n\t\t\t\t\tfloat: left;\n\t\t\t\t\tmargin-top: 10px;\n\t\t\t\t\ttext-align: center;\n\t\t\t\t\twidth: 33%;\n\t\t\t\t}\n\t\t\t\t#gallery-3 img {\n\t\t\t\t\tborder: 2px solid #cfcfcf;\n\t\t\t\t}\n\t\t\t\t#gallery-3 .gallery-caption {\n\t\t\t\t\tmargin-left: 0;\n\t\t\t\t}\n\t\t\t\t\/* see gallery_shortcode() in wp-includes\/media.php *\/\n\t\t\t<\/style>\n\t\t<div id='gallery-3' class='dt-gallery-container gallery galleryid-262854 gallery-columns-3 gallery-size-thumbnail'><dl class='gallery-item'>\n\t\t\t\t<dt class='gallery-icon landscape'>\n\t\t\t\t\t<a class=\"rollover rollover-zoom dt-pswp-item\" title=\"4f0c7389-8106-4d39-97e1-1b566a574c13\" data-dt-img-description=\"\" data-large_image_width=\"2000\" data-large_image_height=\"1496\"href='https:\/\/www.radiopiu.net\/wordpress\/wp-content\/uploads\/2022\/03\/4f0c7389-8106-4d39-97e1-1b566a574c13.jpg'><img loading=\"lazy\" decoding=\"async\" width=\"150\" height=\"150\" src=\"https:\/\/www.radiopiu.net\/wordpress\/wp-content\/uploads\/2022\/03\/4f0c7389-8106-4d39-97e1-1b566a574c13-150x150.jpg\" class=\"attachment-thumbnail size-thumbnail\" alt=\"\" \/><\/a>\n\t\t\t\t<\/dt><\/dl><dl class='gallery-item'>\n\t\t\t\t<dt class='gallery-icon landscape'>\n\t\t\t\t\t<a class=\"rollover rollover-zoom dt-pswp-item\" title=\"c3ee4db9-edcb-4980-84ab-3b531ef58603\" data-dt-img-description=\"\" data-large_image_width=\"2000\" data-large_image_height=\"1496\"href='https:\/\/www.radiopiu.net\/wordpress\/wp-content\/uploads\/2022\/03\/c3ee4db9-edcb-4980-84ab-3b531ef58603.jpg'><img loading=\"lazy\" decoding=\"async\" width=\"150\" height=\"150\" src=\"https:\/\/www.radiopiu.net\/wordpress\/wp-content\/uploads\/2022\/03\/c3ee4db9-edcb-4980-84ab-3b531ef58603-150x150.jpg\" class=\"attachment-thumbnail size-thumbnail\" alt=\"\" \/><\/a>\n\t\t\t\t<\/dt><\/dl><dl class='gallery-item'>\n\t\t\t\t<dt class='gallery-icon landscape'>\n\t\t\t\t\t<a class=\"rollover rollover-zoom dt-pswp-item\" title=\"ciao\" data-dt-img-description=\"\" data-large_image_width=\"177\" data-large_image_height=\"145\"href='https:\/\/www.radiopiu.net\/wordpress\/wp-content\/uploads\/2022\/03\/ciao.jpg'><img loading=\"lazy\" decoding=\"async\" width=\"150\" height=\"145\" src=\"https:\/\/www.radiopiu.net\/wordpress\/wp-content\/uploads\/2022\/03\/ciao-150x145.jpg\" class=\"attachment-thumbnail size-thumbnail\" alt=\"\" \/><\/a>\n\t\t\t\t<\/dt><\/dl><br style=\"clear: both\" \/>\n\t\t\t<\/div>\n\n<p>&nbsp;<\/p>\n<hr \/>\n<p>&nbsp;<\/p>\n<blockquote>\n<h3>I CARABINIERI ESPERTI DELLA NEVE, GARANZIA SULLE VETTE INNEVATE<\/h3>\n<\/blockquote>\n<p><strong>ALPAGO<\/strong> I grandi eventi di successo poggiano le loro fondamenta sull&#8217;organizzazione, i grandi atleti e su coloro che vigilano affinch\u00e9 tutto proceda per il meglio. Ad esempio ai Mondiali Master di Scialpinismo in programma in questo fine settimana a Piancavallo\/Alpago, nella macchina organizzativa c&#8217;\u00e8 anche\u00a0 il Servizio Meteomont dell&#8217;Arma dei Carabinieri,\u00a0 per il monitoraggio della situazione nivo-meteorologica sull&#8217;area interessata dal tracciato della competizione. Il Servizio Meteomont \u00e8 la migliore possibile sicurezza. Impiega, quotidianamente e gi\u00e0 dall&#8217;inizio della settimana, militari specializzati esperti e previsori neve e valanghe nel monitoraggio del manto nevoso nell&#8217;area di gara, realizzato attraverso la raccolta dati da profili stratigrafici ed esecuzione di test di stabilit\u00e0.<\/p>\n<blockquote>\n<p align=\"left\"><em>Il Servizio Meteomont Carabinieri emette quotidianamente il bollettino di previsione a tre giorni del pericolo valanghe (<a href=\"mailto:meteomont@carabinieri.it\"><span style=\"color: #1155cc;\"><u>meteomont@carabinieri.it<\/u><\/span><\/a>)\u00a0<\/em><\/p>\n<\/blockquote>\n\n\t\t\t<style type='text\/css'>\n\t\t\t\t#gallery-4 {\n\t\t\t\t\tmargin: auto;\n\t\t\t\t}\n\t\t\t\t#gallery-4 .gallery-item {\n\t\t\t\t\tfloat: left;\n\t\t\t\t\tmargin-top: 10px;\n\t\t\t\t\ttext-align: center;\n\t\t\t\t\twidth: 33%;\n\t\t\t\t}\n\t\t\t\t#gallery-4 img {\n\t\t\t\t\tborder: 2px solid #cfcfcf;\n\t\t\t\t}\n\t\t\t\t#gallery-4 .gallery-caption {\n\t\t\t\t\tmargin-left: 0;\n\t\t\t\t}\n\t\t\t\t\/* see gallery_shortcode() in wp-includes\/media.php *\/\n\t\t\t<\/style>\n\t\t<div id='gallery-4' class='dt-gallery-container gallery galleryid-262854 gallery-columns-3 gallery-size-thumbnail'><dl class='gallery-item'>\n\t\t\t\t<dt class='gallery-icon portrait'>\n\t\t\t\t\t<a class=\"rollover rollover-zoom dt-pswp-item\" title=\"2af51578-a7f4-40c0-baab-c70e968eb321\" data-dt-img-description=\"\" data-large_image_width=\"1200\" data-large_image_height=\"1600\"href='https:\/\/www.radiopiu.net\/wordpress\/wp-content\/uploads\/2022\/03\/2af51578-a7f4-40c0-baab-c70e968eb321.jpg'><img loading=\"lazy\" decoding=\"async\" width=\"150\" height=\"150\" src=\"https:\/\/www.radiopiu.net\/wordpress\/wp-content\/uploads\/2022\/03\/2af51578-a7f4-40c0-baab-c70e968eb321-150x150.jpg\" class=\"attachment-thumbnail size-thumbnail\" alt=\"\" \/><\/a>\n\t\t\t\t<\/dt><\/dl><dl class='gallery-item'>\n\t\t\t\t<dt class='gallery-icon portrait'>\n\t\t\t\t\t<a class=\"rollover rollover-zoom dt-pswp-item\" title=\"492ec7c4-b60d-4bc5-8be7-b601bddbf795\" data-dt-img-description=\"\" data-large_image_width=\"900\" data-large_image_height=\"2000\"href='https:\/\/www.radiopiu.net\/wordpress\/wp-content\/uploads\/2022\/03\/492ec7c4-b60d-4bc5-8be7-b601bddbf795.jpg'><img loading=\"lazy\" decoding=\"async\" width=\"150\" height=\"150\" src=\"https:\/\/www.radiopiu.net\/wordpress\/wp-content\/uploads\/2022\/03\/492ec7c4-b60d-4bc5-8be7-b601bddbf795-150x150.jpg\" class=\"attachment-thumbnail size-thumbnail\" alt=\"\" \/><\/a>\n\t\t\t\t<\/dt><\/dl><dl class='gallery-item'>\n\t\t\t\t<dt class='gallery-icon portrait'>\n\t\t\t\t\t<a class=\"rollover rollover-zoom dt-pswp-item\" title=\"69bfcbca-1e18-4c8b-baee-2595591224a7\" data-dt-img-description=\"\" data-large_image_width=\"1200\" data-large_image_height=\"1600\"href='https:\/\/www.radiopiu.net\/wordpress\/wp-content\/uploads\/2022\/03\/69bfcbca-1e18-4c8b-baee-2595591224a7.jpg'><img loading=\"lazy\" decoding=\"async\" width=\"150\" height=\"150\" src=\"https:\/\/www.radiopiu.net\/wordpress\/wp-content\/uploads\/2022\/03\/69bfcbca-1e18-4c8b-baee-2595591224a7-150x150.jpg\" class=\"attachment-thumbnail size-thumbnail\" alt=\"\" \/><\/a>\n\t\t\t\t<\/dt><\/dl><br style=\"clear: both\" \/><dl class='gallery-item'>\n\t\t\t\t<dt class='gallery-icon landscape'>\n\t\t\t\t\t<a class=\"rollover rollover-zoom dt-pswp-item\" title=\"aa1ffbd8-d406-432a-b4c6-14afcc4cbdba\" data-dt-img-description=\"\" data-large_image_width=\"1024\" data-large_image_height=\"768\"href='https:\/\/www.radiopiu.net\/wordpress\/wp-content\/uploads\/2022\/03\/aa1ffbd8-d406-432a-b4c6-14afcc4cbdba.jpg'><img loading=\"lazy\" decoding=\"async\" width=\"150\" height=\"150\" src=\"https:\/\/www.radiopiu.net\/wordpress\/wp-content\/uploads\/2022\/03\/aa1ffbd8-d406-432a-b4c6-14afcc4cbdba-150x150.jpg\" class=\"attachment-thumbnail size-thumbnail\" alt=\"\" \/><\/a>\n\t\t\t\t<\/dt><\/dl><dl class='gallery-item'>\n\t\t\t\t<dt class='gallery-icon landscape'>\n\t\t\t\t\t<a class=\"rollover rollover-zoom dt-pswp-item\" title=\"c629a3a6-8354-4e5c-8f7e-e2e21f2ae887\" data-dt-img-description=\"\" data-large_image_width=\"1024\" data-large_image_height=\"768\"href='https:\/\/www.radiopiu.net\/wordpress\/wp-content\/uploads\/2022\/03\/c629a3a6-8354-4e5c-8f7e-e2e21f2ae887.jpg'><img loading=\"lazy\" decoding=\"async\" width=\"150\" height=\"150\" src=\"https:\/\/www.radiopiu.net\/wordpress\/wp-content\/uploads\/2022\/03\/c629a3a6-8354-4e5c-8f7e-e2e21f2ae887-150x150.jpg\" class=\"attachment-thumbnail size-thumbnail\" alt=\"\" \/><\/a>\n\t\t\t\t<\/dt><\/dl><dl class='gallery-item'>\n\t\t\t\t<dt class='gallery-icon portrait'>\n\t\t\t\t\t<a class=\"rollover rollover-zoom dt-pswp-item\" title=\"9fee87ed-9a58-4456-aa5d-a73993313d6c\" data-dt-img-description=\"\" data-large_image_width=\"900\" data-large_image_height=\"2000\"href='https:\/\/www.radiopiu.net\/wordpress\/wp-content\/uploads\/2022\/03\/9fee87ed-9a58-4456-aa5d-a73993313d6c.jpg'><img loading=\"lazy\" decoding=\"async\" width=\"150\" height=\"150\" src=\"https:\/\/www.radiopiu.net\/wordpress\/wp-content\/uploads\/2022\/03\/9fee87ed-9a58-4456-aa5d-a73993313d6c-150x150.jpg\" class=\"attachment-thumbnail size-thumbnail\" alt=\"\" \/><\/a>\n\t\t\t\t<\/dt><\/dl><br style=\"clear: both\" \/>\n\t\t\t<\/div>\n\n<p>&nbsp;<\/p>\n<p>&nbsp;<\/p>\n<hr \/>\n<p>&nbsp;<\/p>\n<blockquote>\n<h3>COVID A SCUOLA: NESSUNA CLASSE IN QUARANTENA<\/h3>\n<\/blockquote>\n<p><strong><a class=\"dt-pswp-item\" href=\"https:\/\/www.radiopiu.net\/wordpress\/wp-content\/uploads\/2021\/09\/scuola-ricomincia.jpeg\" data-dt-img-description=\"\" data-large_image_width=\"626\" data-large_image_height=\"417\"><img loading=\"lazy\" decoding=\"async\" class=\" wp-image-231886 alignleft\" src=\"https:\/\/www.radiopiu.net\/wordpress\/wp-content\/uploads\/2021\/09\/scuola-ricomincia-300x200.jpeg\" alt=\"\" width=\"224\" height=\"149\" srcset=\"https:\/\/www.radiopiu.net\/wordpress\/wp-content\/uploads\/2021\/09\/scuola-ricomincia-300x200.jpeg 300w, https:\/\/www.radiopiu.net\/wordpress\/wp-content\/uploads\/2021\/09\/scuola-ricomincia.jpeg 626w\" sizes=\"auto, (max-width: 224px) 100vw, 224px\" \/><\/a>BELLUNO<\/strong> Non si rilevano pi\u00f9 classi in quarantena, aspetto che evidenzia l\u2019assenza di classi con contagi multipli per tutti i gradi di istituto (5 o + casi per le scuole dell\u2019infanzia o istituti primari, 2 o + casi per istituti secondari di I\u00b0 o II\u00b0 grado). Lieve aumento delle classi degli istituti secondari di II\u00b0 grado con un positivo (auto monitoraggio). Le classi sono maggiormente localizzate nella zona di Belluno e del Cadore. Asili e Infanzie 2 automonitoraggio 0 quarantena; Secondaria di primo grado 6-0 Secondaria di secondo grado 12-0 TOTALE 27\u00a0 automonitoraggio 0 quartantena. TOTALE SOGGETTI ATTUALMENTE IN CARICO: 0 (+486 in auto monitoraggio) \u2981 scuola dell\u2019infanzia 0 (+36 in auto monitoraggio) \u2981 primarie 0 (+126 in auto monitoraggio) \u2981 secondarie di I\u00b0 grado 0 (+ 108 in auto monitoraggio) \u2981 secondarie di II\u00b0 grado 0 (+ 216 in auto monitoraggio)<\/p>\n<p>&nbsp;<\/p>\n<hr \/>\n<p>&nbsp;<\/p>\n<blockquote>\n<h3>UFFICIO POSTALE DI AGORDO: SEI GIORNI DI STOP, ALTERNATIVA L\u2019UFFICIO MOBILE<\/h3>\n<\/blockquote>\n<p><strong><a class=\"dt-pswp-item\" href=\"https:\/\/www.radiopiu.net\/wordpress\/wp-content\/uploads\/2020\/05\/POSTE-ITALIANE.png\" data-dt-img-description=\"\" data-large_image_width=\"436\" data-large_image_height=\"88\"><img loading=\"lazy\" decoding=\"async\" class=\"size-medium wp-image-141305 alignleft\" src=\"https:\/\/www.radiopiu.net\/wordpress\/wp-content\/uploads\/2020\/05\/POSTE-ITALIANE-300x61.png\" alt=\"\" width=\"300\" height=\"61\" srcset=\"https:\/\/www.radiopiu.net\/wordpress\/wp-content\/uploads\/2020\/05\/POSTE-ITALIANE-300x61.png 300w, https:\/\/www.radiopiu.net\/wordpress\/wp-content\/uploads\/2020\/05\/POSTE-ITALIANE.png 436w\" sizes=\"auto, (max-width: 300px) 100vw, 300px\" \/><\/a>AGORDO<\/strong> Poste Italiane attiver\u00e0 da luned\u00ec 7 a sabato 12 marzo un ufficio postale mobile per garantire ai cittadini di Agordo il regolare svolgimento delle operazioni postali e finanziarie durante la chiusura della sede di viale Sommariva per lavori interni. L\u2019ufficio postale mobile, posizionato nella stessa via, fornir\u00e0 tutti i servizi postali e finanziari dal luned\u00ec al venerd\u00ec dalle ore 8.20 alle 13.35 e il sabato dalle 8.20 alle 12.35.\u00a0 Durante il periodo dei lavori sar\u00e0 disponibile anche il vicino ufficio postale di Taibon (aperto marted\u00ec, gioved\u00ec e sabato) oppure quello di La Valle Agordina aperto il luned\u00ec, mercoled\u00ec, venerd\u00ec. L\u2019ufficio postale di Agordo riaprir\u00e0 luned\u00ec 14 marzo<\/p>\n<p>&nbsp;<\/p>\n<p>&nbsp;<\/p>\n<hr \/>\n<p>&nbsp;<\/p>\n<blockquote>\n<h3>IL CORSO DI FOCHINO CON L&#8217;ASSOCIAZIONE PERITI MINERARI<\/h3>\n<\/blockquote>\n<p><strong><em><a href=\"https:\/\/www.radiopiu.net\/wordpress\/wp-content\/uploads\/2022\/03\/bomb-157150__340.webp\"><img loading=\"lazy\" decoding=\"async\" class=\" wp-image-263076 alignleft\" src=\"https:\/\/www.radiopiu.net\/wordpress\/wp-content\/uploads\/2022\/03\/bomb-157150__340-150x300.webp\" alt=\"\" width=\"125\" height=\"250\" srcset=\"https:\/\/www.radiopiu.net\/wordpress\/wp-content\/uploads\/2022\/03\/bomb-157150__340-150x300.webp 150w, https:\/\/www.radiopiu.net\/wordpress\/wp-content\/uploads\/2022\/03\/bomb-157150__340.webp 170w\" sizes=\"auto, (max-width: 125px) 100vw, 125px\" \/><\/a>AGORDO <\/em><\/strong>L&#8217;Associazione Periti Minerari di Agordo organizza un corso di formazione per l&#8217;attivit\u00e0 di fochino che \u00e8 aperto sia agli studenti delle IV e V classi dell\u2019Istituto Geotecnico Minerario sia a coloro che operano nei lavori dell&#8217;ingegneria civile e dell&#8217;attivit\u00e0 estrattiva. Il corso si propone di fornire un\u2019adeguata formazione per sostenere l\u2019esame tecnico pratico presso la Commissione provinciale materie esplosive al fine del conseguimento del patentino di fochino.\u00a0 Si articoler\u00e0 in 5 lezioni che si svolgeranno presso il Polo Scolastico di Agordo nell\u2019orario 14-18 dei giorni di venerd\u00ec 11-18-25 del mese di marzo e 01 e 08 \u00a0del mese di aprile.\u00a0 Le lezioni saranno tenute da ex docenti dell\u2019Istituto Geotecnico Minerario e da professionisti esperti nel campo degli esplosivi. Eventuali informazioni possono essere richieste agli indirizzi formazione@peritiminerari.it e <a href=\"mailto:segreteria@peritiminerari.it\">segreteria@peritiminerari.it<\/a>., oppure all\u2019Ufficio Tecnico (responsabile Dino Preloran) del Polo Scolastico ( telefono 0437-62015).<\/p>\n<blockquote><p><em>Il patentino di abilitazione all&#8217;attivit\u00e0 di brillamento di mine con innesco a fuoco e\/o elettrico ha una validit\u00e0 di 3 anni e viene rilasciato dal Comune di residenza agli interessati in possesso delle capacit\u00e0 tecniche, dell\u2019idoneit\u00e0 psico-fisica e del nulla osta rilasciato dalla Questura. <\/em><\/p><\/blockquote>\n<p>&nbsp;<\/p>\n<p>&nbsp;<\/p>\n<hr \/>\n<p>&nbsp;<\/p>\n<blockquote><p><strong>\u00a0IN VENETO GIA\u2019 PRONTI 30 POSTI LETTO PEDIATRICI. <\/strong><\/p><\/blockquote>\n<p><em>\u201cAbbiamo gi\u00e0 reso disponibili 30 posti per bambini nei nostri ospedali: si tratta di posti nelle oncologie, neonatologie, pediatrie, dialisi pediatriche, chemioterapie. Al momento c\u2019\u00e8 un solo bambino di 4 anni ricoverato in Oncoematologia Pediatrica all\u2019AO di Padova col pap\u00e0, medico ucraino, arrivato qui con la famiglia dopo un viaggio della speranza. La nonna, da cui si son rifugiate mamma del piccolo e fratellino, \u00e8 a Belluno. Oggi pomeriggio arriver\u00e0 nel reparto di Malattie Metaboliche dell\u2019AOPD un bambino con una malattia genetica ai reni. Abbiamo ipotizzato di trasferire alcuni bambini ricoverati al momento a Cracovia. Attendiamo che siano in grado di affrontare il viaggio. Tutte le Ulss stanno predisponendo ambulatori specifici per l\u2019afflusso di famiglie di profughi, per controlli e registrazione dello stato vaccinale, anche dei bambini\u201d. <\/em>Questo ha spiegato il Presidente della Regione Luca Zaia nel corso del punto stampa a Marghera, insieme all\u2019Assessore alla sanit\u00e0 e al sociale Manuela Lanzarin, che \u00e8 stato occasione di fare una relazione sulla situazione relativa agli aiuti all\u2019Ucraina in Veneto.<\/p>\n<p>&nbsp;<\/p>\n<blockquote class=\"wp-embedded-content\" data-secret=\"Y984C170rH\"><p><a href=\"https:\/\/www.radiopiu.net\/wordpress\/emergenza-covid-il-punto-stampa-di-luca-zaia\/\">EMERGENZA COVID: IL PUNTO STAMPA DI LUCA ZAIA<\/a><\/p><\/blockquote>\n<p><iframe loading=\"lazy\" class=\"wp-embedded-content\" sandbox=\"allow-scripts\" security=\"restricted\" style=\"position: absolute; clip: rect(1px, 1px, 1px, 1px);\" title=\"&#8220;EMERGENZA COVID: IL PUNTO STAMPA DI LUCA ZAIA&#8221; &#8212; Radio Pi\u00f9\" src=\"https:\/\/www.radiopiu.net\/wordpress\/emergenza-covid-il-punto-stampa-di-luca-zaia\/embed\/#?secret=Y984C170rH\" data-secret=\"Y984C170rH\" width=\"600\" height=\"338\" frameborder=\"0\" marginwidth=\"0\" marginheight=\"0\" scrolling=\"no\"><\/iframe><\/p>\n<p>&nbsp;<\/p>\n<blockquote class=\"wp-embedded-content\" data-secret=\"OhJVcH6tB1\"><p><a href=\"https:\/\/www.radiopiu.net\/wordpress\/ag01marzo22aaas1\/\">CORONAVIRUS: AGGIORNAMENTO NAZIONALE 04 MARZO 2022<\/a><\/p><\/blockquote>\n<p><iframe loading=\"lazy\" class=\"wp-embedded-content\" sandbox=\"allow-scripts\" security=\"restricted\" style=\"position: absolute; clip: rect(1px, 1px, 1px, 1px);\" title=\"&#8220;CORONAVIRUS: AGGIORNAMENTO NAZIONALE 04 MARZO 2022&#8221; &#8212; Radio Pi\u00f9\" src=\"https:\/\/www.radiopiu.net\/wordpress\/ag01marzo22aaas1\/embed\/#?secret=OhJVcH6tB1\" data-secret=\"OhJVcH6tB1\" width=\"600\" height=\"338\" frameborder=\"0\" marginwidth=\"0\" marginheight=\"0\" scrolling=\"no\"><\/iframe><\/p>\n<p>&nbsp;<\/p>\n<blockquote class=\"wp-embedded-content\" data-secret=\"2qUQXBSZ7Y\"><p><a href=\"https:\/\/www.radiopiu.net\/wordpress\/calano-i-ricoveri-si-svuotano-le-terapie-intensive-in-provincia-di-belluno-16-decessi-e-3769-nuovi-positivi-in-24-ore\/\">CALANO I RICOVERI, SI SVUOTANO LE TERAPIE INTENSIVE IN PROVINCIA DI BELLUNO, 16 DECESSI E 3769 NUOVI POSITIVI IN 24 ORE<\/a><\/p><\/blockquote>\n<p><iframe loading=\"lazy\" class=\"wp-embedded-content\" sandbox=\"allow-scripts\" security=\"restricted\" style=\"position: absolute; clip: rect(1px, 1px, 1px, 1px);\" title=\"&#8220;CALANO I RICOVERI, SI SVUOTANO LE TERAPIE INTENSIVE IN PROVINCIA DI BELLUNO, 16 DECESSI E 3769 NUOVI POSITIVI IN 24 ORE&#8221; &#8212; Radio Pi\u00f9\" src=\"https:\/\/www.radiopiu.net\/wordpress\/calano-i-ricoveri-si-svuotano-le-terapie-intensive-in-provincia-di-belluno-16-decessi-e-3769-nuovi-positivi-in-24-ore\/embed\/#?secret=2qUQXBSZ7Y\" data-secret=\"2qUQXBSZ7Y\" width=\"600\" height=\"338\" frameborder=\"0\" marginwidth=\"0\" marginheight=\"0\" scrolling=\"no\"><\/iframe><\/p>\n<p>&nbsp;<\/p>\n<h2>I GRAFICI DI TIZIANO DE COL<\/h2>\n\n\t\t\t<style type='text\/css'>\n\t\t\t\t#gallery-5 {\n\t\t\t\t\tmargin: auto;\n\t\t\t\t}\n\t\t\t\t#gallery-5 .gallery-item {\n\t\t\t\t\tfloat: left;\n\t\t\t\t\tmargin-top: 10px;\n\t\t\t\t\ttext-align: center;\n\t\t\t\t\twidth: 33%;\n\t\t\t\t}\n\t\t\t\t#gallery-5 img {\n\t\t\t\t\tborder: 2px solid #cfcfcf;\n\t\t\t\t}\n\t\t\t\t#gallery-5 .gallery-caption {\n\t\t\t\t\tmargin-left: 0;\n\t\t\t\t}\n\t\t\t\t\/* see gallery_shortcode() in wp-includes\/media.php *\/\n\t\t\t<\/style>\n\t\t<div id='gallery-5' class='dt-gallery-container gallery galleryid-262854 gallery-columns-3 gallery-size-thumbnail'><dl class='gallery-item'>\n\t\t\t\t<dt class='gallery-icon landscape'>\n\t\t\t\t\t<a class=\"rollover rollover-zoom dt-pswp-item\" title=\"f88004cc-0e19-43d9-b050-e382b41fc124\" data-dt-img-description=\"\" data-large_image_width=\"600\" data-large_image_height=\"364\"href='https:\/\/www.radiopiu.net\/wordpress\/wp-content\/uploads\/2022\/03\/f88004cc-0e19-43d9-b050-e382b41fc124.jpg'><img loading=\"lazy\" decoding=\"async\" width=\"150\" height=\"150\" src=\"https:\/\/www.radiopiu.net\/wordpress\/wp-content\/uploads\/2022\/03\/f88004cc-0e19-43d9-b050-e382b41fc124-150x150.jpg\" class=\"attachment-thumbnail size-thumbnail\" alt=\"\" \/><\/a>\n\t\t\t\t<\/dt><\/dl><dl class='gallery-item'>\n\t\t\t\t<dt class='gallery-icon landscape'>\n\t\t\t\t\t<a class=\"rollover rollover-zoom dt-pswp-item\" title=\"7a37c662-28dd-4e74-8c45-8c3cd692c071\" data-dt-img-description=\"\" data-large_image_width=\"617\" data-large_image_height=\"364\"href='https:\/\/www.radiopiu.net\/wordpress\/wp-content\/uploads\/2022\/03\/7a37c662-28dd-4e74-8c45-8c3cd692c071.jpg'><img loading=\"lazy\" decoding=\"async\" width=\"150\" height=\"150\" src=\"https:\/\/www.radiopiu.net\/wordpress\/wp-content\/uploads\/2022\/03\/7a37c662-28dd-4e74-8c45-8c3cd692c071-150x150.jpg\" class=\"attachment-thumbnail size-thumbnail\" alt=\"\" \/><\/a>\n\t\t\t\t<\/dt><\/dl><dl class='gallery-item'>\n\t\t\t\t<dt class='gallery-icon landscape'>\n\t\t\t\t\t<a class=\"rollover rollover-zoom dt-pswp-item\" title=\"bf410097-6d01-4bf6-879c-35229b2c971e\" data-dt-img-description=\"\" data-large_image_width=\"602\" data-large_image_height=\"356\"href='https:\/\/www.radiopiu.net\/wordpress\/wp-content\/uploads\/2022\/03\/bf410097-6d01-4bf6-879c-35229b2c971e.jpg'><img loading=\"lazy\" decoding=\"async\" width=\"150\" height=\"150\" src=\"https:\/\/www.radiopiu.net\/wordpress\/wp-content\/uploads\/2022\/03\/bf410097-6d01-4bf6-879c-35229b2c971e-150x150.jpg\" class=\"attachment-thumbnail size-thumbnail\" alt=\"\" \/><\/a>\n\t\t\t\t<\/dt><\/dl><br style=\"clear: both\" \/><dl class='gallery-item'>\n\t\t\t\t<dt class='gallery-icon landscape'>\n\t\t\t\t\t<a class=\"rollover rollover-zoom dt-pswp-item\" title=\"3876866e-ad8b-4a01-ae9e-5a08e5412fc2\" data-dt-img-description=\"\" data-large_image_width=\"620\" data-large_image_height=\"360\"href='https:\/\/www.radiopiu.net\/wordpress\/wp-content\/uploads\/2022\/03\/3876866e-ad8b-4a01-ae9e-5a08e5412fc2.jpg'><img loading=\"lazy\" decoding=\"async\" width=\"150\" height=\"150\" src=\"https:\/\/www.radiopiu.net\/wordpress\/wp-content\/uploads\/2022\/03\/3876866e-ad8b-4a01-ae9e-5a08e5412fc2-150x150.jpg\" class=\"attachment-thumbnail size-thumbnail\" alt=\"\" \/><\/a>\n\t\t\t\t<\/dt><\/dl><dl class='gallery-item'>\n\t\t\t\t<dt class='gallery-icon landscape'>\n\t\t\t\t\t<a class=\"rollover rollover-zoom dt-pswp-item\" title=\"e7dbccb0-6a2e-4530-a668-72fd2cc2ebe7\" data-dt-img-description=\"\" data-large_image_width=\"610\" data-large_image_height=\"363\"href='https:\/\/www.radiopiu.net\/wordpress\/wp-content\/uploads\/2022\/03\/e7dbccb0-6a2e-4530-a668-72fd2cc2ebe7.jpg'><img loading=\"lazy\" decoding=\"async\" width=\"150\" height=\"150\" src=\"https:\/\/www.radiopiu.net\/wordpress\/wp-content\/uploads\/2022\/03\/e7dbccb0-6a2e-4530-a668-72fd2cc2ebe7-150x150.jpg\" class=\"attachment-thumbnail size-thumbnail\" alt=\"\" \/><\/a>\n\t\t\t\t<\/dt><\/dl><dl class='gallery-item'>\n\t\t\t\t<dt class='gallery-icon landscape'>\n\t\t\t\t\t<a class=\"rollover rollover-zoom dt-pswp-item\" title=\"adddb39d-cd38-470d-8e5e-06ffee658236\" data-dt-img-description=\"\" data-large_image_width=\"612\" data-large_image_height=\"354\"href='https:\/\/www.radiopiu.net\/wordpress\/wp-content\/uploads\/2022\/03\/adddb39d-cd38-470d-8e5e-06ffee658236.jpg'><img loading=\"lazy\" decoding=\"async\" width=\"150\" height=\"150\" src=\"https:\/\/www.radiopiu.net\/wordpress\/wp-content\/uploads\/2022\/03\/adddb39d-cd38-470d-8e5e-06ffee658236-150x150.jpg\" class=\"attachment-thumbnail size-thumbnail\" alt=\"\" \/><\/a>\n\t\t\t\t<\/dt><\/dl><br style=\"clear: both\" \/>\n\t\t\t<\/div>\n\n<p>&nbsp;<\/p>\n<hr \/>\n<p>&nbsp;<\/p>\n<blockquote>\n<h3>DA CAGLIARI A BELLUNO, SIATE LE BENVENUTE !<\/h3>\n<\/blockquote>\n<p><a class=\"dt-pswp-item\" href=\"https:\/\/www.radiopiu.net\/wordpress\/wp-content\/uploads\/2022\/03\/WhatsApp-Image-2022-03-04-at-16.49.56-1.jpeg\" data-dt-img-description=\"\" data-large_image_width=\"1600\" data-large_image_height=\"1200\"><img loading=\"lazy\" decoding=\"async\" class=\" wp-image-263029 alignleft\" src=\"https:\/\/www.radiopiu.net\/wordpress\/wp-content\/uploads\/2022\/03\/WhatsApp-Image-2022-03-04-at-16.49.56-1-300x225.jpeg\" alt=\"\" width=\"241\" height=\"181\" srcset=\"https:\/\/www.radiopiu.net\/wordpress\/wp-content\/uploads\/2022\/03\/WhatsApp-Image-2022-03-04-at-16.49.56-1-300x225.jpeg 300w, https:\/\/www.radiopiu.net\/wordpress\/wp-content\/uploads\/2022\/03\/WhatsApp-Image-2022-03-04-at-16.49.56-1-1024x768.jpeg 1024w, https:\/\/www.radiopiu.net\/wordpress\/wp-content\/uploads\/2022\/03\/WhatsApp-Image-2022-03-04-at-16.49.56-1-768x576.jpeg 768w, https:\/\/www.radiopiu.net\/wordpress\/wp-content\/uploads\/2022\/03\/WhatsApp-Image-2022-03-04-at-16.49.56-1-1536x1152.jpeg 1536w, https:\/\/www.radiopiu.net\/wordpress\/wp-content\/uploads\/2022\/03\/WhatsApp-Image-2022-03-04-at-16.49.56-1.jpeg 1600w\" sizes=\"auto, (max-width: 241px) 100vw, 241px\" \/><\/a><strong>BELLUNO<\/strong>\u00a0 Hanno preso servizio oggi, accolte dal Direttore Generale, due nuovi medici di continuit\u00e0 assistenziale: le dottoresse Priscilla Baldussu e Aminah Abushalha. Le giovani professioniste provengono da Cagliari, dove si sono laureate, e, dopo alcune esperienze lavorative, hanno risposto all\u2019appello dell\u2019Ulss Dolomiti e si sono trasferite a Belluno. <em>\u00abAbbiamo saputo, leggendo in internet, dell\u2019opportunit\u00e0 di svolgere il servizio di continuit\u00e0 assistenziale in Ulss Dolomiti. Ci siamo informate, abbiamo preso contatti con gli uffici ed eccoci qua. Siamo attratte dall\u2019etica del lavoro di questo territorio e dalla qualit\u00e0 di vita che offre\u00bb Per noi \u00e8 una opportunit\u00e0 di crescita professionale e umana\u00bb,<\/em> dicono con entusiamo le dottoresse.<\/p>\n<blockquote><p><em>\u00abSiamo molto lieti che le due dottoresse abbiano scelto la nostra Azienda: qui troveranno un ambiente accogliente e potranno crescere professionalmente. Spero che anche altri professionisti scelgano la nostra azienda\u00bb, commenta il Direttore generale Maria Grazia Carraro.<\/em><\/p><\/blockquote>\n<p>&nbsp;<\/p>\n<p>&nbsp;<\/p>\n<hr \/>\n<blockquote>\n<h3>UNA PROTESTA A SOSTEGNO DEL TURISMO<\/h3>\n<\/blockquote>\n<p><strong>BELLUNO\u00a0<\/strong> La Delegazione di Belluno-Treviso di Fisascat ha manifestato\u00a0 a Venezia, in nome e per conto degli oltre 8.000 lavoratori del settore turismo che, tra la provincia di Belluno e quella di Treviso hanno a che fare con le incertezze contrattuali e con la crisi del settore.<br \/>\n\u201cAl motto di \u2018rilanciamo il turismo, tuteliamo il lavoro, proteggiamo il nostro patrimonio, insieme\u2019, la Fisascat di Belluno Treviso &#8211; spiega la segretaria generale Patrizia Manca \u2013 oggi ha deciso di far sentire la propria voce a Venezia. Il turismo rappresenta il 30% dei nostri contratti, \u00e8 il settore pi\u00f9 colpito dalla pandemia che ora, con i nuovi e pesanti scenari di guerra, rischia di venire ulteriormente penalizzato&#8221;.<\/p>\n\n\t\t\t<style type='text\/css'>\n\t\t\t\t#gallery-6 {\n\t\t\t\t\tmargin: auto;\n\t\t\t\t}\n\t\t\t\t#gallery-6 .gallery-item {\n\t\t\t\t\tfloat: left;\n\t\t\t\t\tmargin-top: 10px;\n\t\t\t\t\ttext-align: center;\n\t\t\t\t\twidth: 25%;\n\t\t\t\t}\n\t\t\t\t#gallery-6 img {\n\t\t\t\t\tborder: 2px solid #cfcfcf;\n\t\t\t\t}\n\t\t\t\t#gallery-6 .gallery-caption {\n\t\t\t\t\tmargin-left: 0;\n\t\t\t\t}\n\t\t\t\t\/* see gallery_shortcode() in wp-includes\/media.php *\/\n\t\t\t<\/style>\n\t\t<div id='gallery-6' class='dt-gallery-container gallery galleryid-262854 gallery-columns-4 gallery-size-thumbnail'><dl class='gallery-item'>\n\t\t\t\t<dt class='gallery-icon landscape'>\n\t\t\t\t\t<a class=\"rollover rollover-zoom dt-pswp-item\" title=\"Fisascat-Venezia1\" data-dt-img-description=\"\" data-large_image_width=\"1600\" data-large_image_height=\"1200\"href='https:\/\/www.radiopiu.net\/wordpress\/wp-content\/uploads\/2022\/03\/Fisascat-Venezia1.jpeg'><img loading=\"lazy\" decoding=\"async\" width=\"150\" height=\"150\" src=\"https:\/\/www.radiopiu.net\/wordpress\/wp-content\/uploads\/2022\/03\/Fisascat-Venezia1-150x150.jpeg\" class=\"attachment-thumbnail size-thumbnail\" alt=\"\" \/><\/a>\n\t\t\t\t<\/dt><\/dl><dl class='gallery-item'>\n\t\t\t\t<dt class='gallery-icon portrait'>\n\t\t\t\t\t<a class=\"rollover rollover-zoom dt-pswp-item\" title=\"Fisascat-Venezia2\" data-dt-img-description=\"\" data-large_image_width=\"1512\" data-large_image_height=\"2016\"href='https:\/\/www.radiopiu.net\/wordpress\/wp-content\/uploads\/2022\/03\/Fisascat-Venezia2.jpeg'><img loading=\"lazy\" decoding=\"async\" width=\"150\" height=\"150\" src=\"https:\/\/www.radiopiu.net\/wordpress\/wp-content\/uploads\/2022\/03\/Fisascat-Venezia2-150x150.jpeg\" class=\"attachment-thumbnail size-thumbnail\" alt=\"\" \/><\/a>\n\t\t\t\t<\/dt><\/dl><dl class='gallery-item'>\n\t\t\t\t<dt class='gallery-icon landscape'>\n\t\t\t\t\t<a class=\"rollover rollover-zoom dt-pswp-item\" title=\"Fisascat-Venezia3\" data-dt-img-description=\"\" data-large_image_width=\"1600\" data-large_image_height=\"1200\"href='https:\/\/www.radiopiu.net\/wordpress\/wp-content\/uploads\/2022\/03\/Fisascat-Venezia3.jpeg'><img loading=\"lazy\" decoding=\"async\" width=\"150\" height=\"150\" src=\"https:\/\/www.radiopiu.net\/wordpress\/wp-content\/uploads\/2022\/03\/Fisascat-Venezia3-150x150.jpeg\" class=\"attachment-thumbnail size-thumbnail\" alt=\"\" \/><\/a>\n\t\t\t\t<\/dt><\/dl><dl class='gallery-item'>\n\t\t\t\t<dt class='gallery-icon portrait'>\n\t\t\t\t\t<a class=\"rollover rollover-zoom dt-pswp-item\" title=\"Fisascat-Venezia\" data-dt-img-description=\"\" data-large_image_width=\"1200\" data-large_image_height=\"1600\"href='https:\/\/www.radiopiu.net\/wordpress\/wp-content\/uploads\/2022\/03\/Fisascat-Venezia.jpeg'><img loading=\"lazy\" decoding=\"async\" width=\"150\" height=\"150\" src=\"https:\/\/www.radiopiu.net\/wordpress\/wp-content\/uploads\/2022\/03\/Fisascat-Venezia-150x150.jpeg\" class=\"attachment-thumbnail size-thumbnail\" alt=\"\" \/><\/a>\n\t\t\t\t<\/dt><\/dl><br style=\"clear: both\" \/>\n\t\t\t<\/div>\n\n<p>&nbsp;<\/p>\n<hr \/>\n<blockquote>\n<h3><\/h3>\n<h3>IL BANDO DI RIGENERAZIONE APRE LA &#8220;PORTA DELLE DOLOMITI&#8221;<\/h3>\n<\/blockquote>\n<p><strong><a class=\"dt-pswp-item\" href=\"https:\/\/www.radiopiu.net\/wordpress\/wp-content\/uploads\/2022\/03\/Porta_dele_Dolomiti-scaled.jpg\" data-dt-img-description=\"\" data-large_image_width=\"2560\" data-large_image_height=\"1372\"><img loading=\"lazy\" decoding=\"async\" class=\"size-medium wp-image-262908 alignleft\" src=\"https:\/\/www.radiopiu.net\/wordpress\/wp-content\/uploads\/2022\/03\/Porta_dele_Dolomiti-300x161.jpg\" alt=\"\" width=\"300\" height=\"161\" srcset=\"https:\/\/www.radiopiu.net\/wordpress\/wp-content\/uploads\/2022\/03\/Porta_dele_Dolomiti-300x161.jpg 300w, https:\/\/www.radiopiu.net\/wordpress\/wp-content\/uploads\/2022\/03\/Porta_dele_Dolomiti-1024x549.jpg 1024w, https:\/\/www.radiopiu.net\/wordpress\/wp-content\/uploads\/2022\/03\/Porta_dele_Dolomiti-768x412.jpg 768w, https:\/\/www.radiopiu.net\/wordpress\/wp-content\/uploads\/2022\/03\/Porta_dele_Dolomiti-1536x823.jpg 1536w, https:\/\/www.radiopiu.net\/wordpress\/wp-content\/uploads\/2022\/03\/Porta_dele_Dolomiti-2048x1098.jpg 2048w\" sizes=\"auto, (max-width: 300px) 100vw, 300px\" \/><\/a>PONTE NELLE ALPI <\/strong>Cinque milioni di euro da dedicare alla mobilit\u00e0 sostenibile. Cinque, come i Comuni coinvolti dal bando rigenerazione e pronti a investire queste risorse in una serie di interventi. Sotto il titolo di \u201cPorta delle Dolomiti\u201d \u00e8 stato siglato l\u2019accordo tecnico tra i Comuni di Alpago, Chies d\u2019Alpago, Ponte nelle Alpi, Soverzene e Tambre per accedere a un finanziamento ministeriale di rigenerazione urbana.<span class=\"gmail-Apple-converted-space\"> \u00a0<\/span>La sinergia delle varie realt\u00e0 \u00e8 fondamentale per raggiungere un totale di 15mila abitanti e ottenere quindi i contributi. Un lavoro di squadra, in cui Ponte nelle Alpi sar\u00e0 il Comune capofila e l\u2019incarico professionale \u00e8 affidato all\u2019architetto Valentino Stella. Il filo conduttore \u00e8 legato alla rete delle ciclabili anche perch\u00e9, in questo periodo, si discute molto di mobilit\u00e0 sostenibile e l\u2019accoglienza turistica \u00e8 chiamata a confrontarsi con le nuove esigenze di chi preferisce muoversi con mezzi a basso impatto. E proprio l\u2019impatto ambientale \u00e8 uno dei temi che influenzano le scelte quotidiane. Di conseguenza, le strutture ricettive devono adeguarsi a un tipo di turista che ama spostarsi in libert\u00e0 e ha una concezione ambientale il meno possibile invasiva. La rete delle ciclabili permette poi di far vivere ai residenti e alle attivit\u00e0 imprenditoriali una cultura dell\u2019ospitalit\u00e0 e del benessere di assoluta qualit\u00e0.<span class=\"gmail-Apple-converted-space\">\u00a0<\/span><\/p>\n<p>&nbsp;<\/p>\n<p>&nbsp;<\/p>\n<hr \/>\n<p>&nbsp;<\/p>\n<blockquote>\n<h3>CAMBIO DELLE FREQUENZE TELEVISIVE, UNCEM: FORTE PREOCCUPAZIONE PER I TERRITORI<\/h3>\n<\/blockquote>\n<p><strong><a class=\"dt-pswp-item\" href=\"https:\/\/www.radiopiu.net\/wordpress\/wp-content\/uploads\/2022\/02\/TELEVISIONE-TV.jpg\" data-dt-img-description=\"\" data-large_image_width=\"1920\" data-large_image_height=\"1280\"><img loading=\"lazy\" decoding=\"async\" class=\"size-medium wp-image-260071 alignleft\" src=\"https:\/\/www.radiopiu.net\/wordpress\/wp-content\/uploads\/2022\/02\/TELEVISIONE-TV-300x200.jpg\" alt=\"\" width=\"300\" height=\"200\" srcset=\"https:\/\/www.radiopiu.net\/wordpress\/wp-content\/uploads\/2022\/02\/TELEVISIONE-TV-300x200.jpg 300w, https:\/\/www.radiopiu.net\/wordpress\/wp-content\/uploads\/2022\/02\/TELEVISIONE-TV-1024x683.jpg 1024w, https:\/\/www.radiopiu.net\/wordpress\/wp-content\/uploads\/2022\/02\/TELEVISIONE-TV-768x512.jpg 768w, https:\/\/www.radiopiu.net\/wordpress\/wp-content\/uploads\/2022\/02\/TELEVISIONE-TV-1536x1024.jpg 1536w, https:\/\/www.radiopiu.net\/wordpress\/wp-content\/uploads\/2022\/02\/TELEVISIONE-TV.jpg 1920w\" sizes=\"auto, (max-width: 300px) 100vw, 300px\" \/><\/a>ROMA<\/strong> C&#8217;\u00e8 preoccupazione dal parte del presidente UNCEM Marco Bussone in merito al cambio delle frequenze del digitale terrestre. &#8220;<em>I Comuni sono molto preoccupati perch\u00e9 con il cambio delle frequenze televisive, per il passaggio al nuovo standard del digitale terrestre, molti residenti e proprietari di seconde case nei Comuni montani non vedranno pi\u00f9 la TV. Eppure pagano la tassa di possesso sul televisore. Che rimane senza segnale. Una situazione grave, che ha visto Uncem agire negli ultimi sei mesi chiedendo al Ministero dello Sviluppo economico dei chiarimenti. E interventi. In primis per i Comuni, le Comunit\u00e0 montane, le Unioni montane di Comuni proprietari di impianti di trasmissione. Molti non sanno, e anche al Mise non \u00e8 chiarissimo, che senza Enti locali la tv in montagna non si sarebbe finora vista. Da trent&#8217;anni, i nostri impianti sono decisivi. Spegnerli fa piacere a molti. Sia Rai, sia Mediaset, sia le tv locali cambieranno frequenza. E questo si somma al problema per gli Enti locali e i nostri tralicci. Perch\u00e9 ora, adeguare da parte nostra gli impianti, ha costi rilevanti. Il Mise, in una serie di incontri con Uncem, ha detto di non avere risorse disponibili. E che i cittadini possono passare alla tecnologia TivuSat. Nulla in contrario, niente di ideologico. Peccato per\u00f2 che abbia un costo, installare parabole e dotarsi di decoder. E serve un fondo ad hoc, se si vuole seguire questa strada. Uncem ha fatto al Mise, alla dott.sa Eva Spina e alla Sottosegretaria Ascani, una serie di proposte operative per uscire dal problema. Non servono molti soldi. Probabilmente bastano 5 milioni di euro a livello nazionale. Ma dobbiamo evitare che Enti montani e cittadini si sentano nuovamente presi in giro e beffati. Mise faccia in fretta a definire una strategia<\/em>&#8220;.<\/p>\n<p>&nbsp;<\/p>\n<p>&nbsp;<\/p>\n<hr \/>\n<p>&nbsp;<\/p>\n<blockquote>\n<h3>OGGI CONSIGLIO COMUNALE A COLLE SANTA LUCIA<\/h3>\n<\/blockquote>\n<p><strong>COLLE SANTA LUCIA<\/strong> Il sindaco Paolo Frena ha convocato il consiglio comunale per oggi alle 8 presso la sala consigliare del municipio. Saranno 6 i punti da discutere tra cui l&#8217;acquisizione al patrimonio comunale di una porzione di &#8220;casa-piazza&#8221; a Villagrande, il regolamento dei controlli interni e la seconda variazione al bilancio.<\/p>\n<p>&nbsp;<\/p>\n<p>&nbsp;<\/p>\n<hr \/>\n<p>&nbsp;<\/p>\n<div class=\"page\" title=\"Page 1\">\n<div class=\"layoutArea\">\n<div class=\"column\">\n<blockquote>\n<blockquote>\n<h3>INCONTRO CON IL PREMIO NOBEL SHIRIN EBADI &#8220;LA PACE DALLE DONNE&#8221;<\/h3>\n<\/blockquote>\n<p><strong><a class=\"dt-pswp-item\" href=\"https:\/\/www.radiopiu.net\/wordpress\/wp-content\/uploads\/2022\/03\/Senza-nome.jpg\" data-dt-img-description=\"\" data-large_image_width=\"422\" data-large_image_height=\"283\"><img loading=\"lazy\" decoding=\"async\" class=\"size-medium wp-image-262464 alignleft\" src=\"https:\/\/www.radiopiu.net\/wordpress\/wp-content\/uploads\/2022\/03\/Senza-nome-300x201.jpg\" alt=\"\" width=\"300\" height=\"201\" srcset=\"https:\/\/www.radiopiu.net\/wordpress\/wp-content\/uploads\/2022\/03\/Senza-nome-300x201.jpg 300w, https:\/\/www.radiopiu.net\/wordpress\/wp-content\/uploads\/2022\/03\/Senza-nome.jpg 422w\" sizes=\"auto, (max-width: 300px) 100vw, 300px\" \/><\/a>BELLUNO<\/strong> L\u2019Associazione Amici delle Scuole in Rete, le Scuole in Rete per un Mondo di Solidariet\u00e0 e Pace e l\u2019Associazione Gianni Ballerio, in sinergia con l\u2019Ufficio Scolastico e tutti i partner del Progetto \u201cCittadini con il Turbo. Ripartire dal Noi\u201d nella Giornata internazionale della donna presentano un incontro di riflessione online sulla pace e sulle azioni possibili per promuoverla nel mondo, a partire dalla promozione della donna. Marted\u00ec 8 marzo, infatti, gli studenti e i cittadini interessati a riflettere su temi come Diritti Umani e pace, cos\u00ec di attualit\u00e0 in questi giorni, potranno incontrare e porre domande al premio nobel iraniano Shirin Ebadi, avvocata e prima donna musulmana e la prima iraniana a ricevere il Nobel per la pace, conferitole nel 2003 \u201cper il suo impegno a favore della pace e per la democrazia\u201d. L\u2019incontro si terr\u00e0 online dalle ore 11:00 alle 12:00 e analizzer\u00e0 la situazione della donna nel mondo e soprattutto in Iran e Medioriente, il ruolo della donna e il suo contributo per la pace.<\/p><\/blockquote>\n<\/div>\n<\/div>\n<\/div>\n<p>&nbsp;<\/p>\n<p>&nbsp;<\/p>\n<hr \/>\n<p>&nbsp;<\/p>\n<blockquote><p>&nbsp;<\/p>\n<blockquote>\n<h3>IL PARCO LUCI SULLA PIANA DI FALCADE, SPETTACOLO PER GLI OCCHI<\/h3>\n<\/blockquote>\n<p><strong>FALCADE<\/strong> Fino a domani \u00e8 possibile \u00a0visitare sulla piana di Falcade, dopo le 18 della sera le luminarie. Un evento alla seconda edizione grazie alla collaborazione tra Comune di Falcade, Associazione Albergatori, ristoratori e rifugi della valle del Biois e alla disponibilit\u00e0 della ditta Michelotti di Parma, Tutto era iniziato per caso, una semplice esposizione. Quest&#8217;anno, invece, visto il successo della prima edizione ha riproposto l&#8217;iniziativa curandola maggiormente. Tutto \u00e8 stato studiato.<\/p>\n\n\t\t\t<style type='text\/css'>\n\t\t\t\t#gallery-7 {\n\t\t\t\t\tmargin: auto;\n\t\t\t\t}\n\t\t\t\t#gallery-7 .gallery-item {\n\t\t\t\t\tfloat: left;\n\t\t\t\t\tmargin-top: 10px;\n\t\t\t\t\ttext-align: center;\n\t\t\t\t\twidth: 16%;\n\t\t\t\t}\n\t\t\t\t#gallery-7 img {\n\t\t\t\t\tborder: 2px solid #cfcfcf;\n\t\t\t\t}\n\t\t\t\t#gallery-7 .gallery-caption {\n\t\t\t\t\tmargin-left: 0;\n\t\t\t\t}\n\t\t\t\t\/* see gallery_shortcode() in wp-includes\/media.php *\/\n\t\t\t<\/style>\n\t\t<div id='gallery-7' class='dt-gallery-container gallery galleryid-262854 gallery-columns-6 gallery-size-thumbnail'><dl class='gallery-item'>\n\t\t\t\t<dt class='gallery-icon portrait'>\n\t\t\t\t\t<a class=\"rollover rollover-zoom dt-pswp-item\" title=\"4c7698b8-25cf-46d4-af2f-852fb7fa3f53\" data-dt-img-description=\"\" data-large_image_width=\"1536\" data-large_image_height=\"2048\"href='https:\/\/www.radiopiu.net\/wordpress\/wp-content\/uploads\/2022\/03\/4c7698b8-25cf-46d4-af2f-852fb7fa3f53.jpg'><img loading=\"lazy\" decoding=\"async\" width=\"150\" height=\"150\" src=\"https:\/\/www.radiopiu.net\/wordpress\/wp-content\/uploads\/2022\/03\/4c7698b8-25cf-46d4-af2f-852fb7fa3f53-150x150.jpg\" class=\"attachment-thumbnail size-thumbnail\" alt=\"\" \/><\/a>\n\t\t\t\t<\/dt><\/dl><dl class='gallery-item'>\n\t\t\t\t<dt class='gallery-icon portrait'>\n\t\t\t\t\t<a class=\"rollover rollover-zoom dt-pswp-item\" title=\"8ac01838-4157-4af7-8de3-72cbfa2b6411\" data-dt-img-description=\"\" data-large_image_width=\"1536\" data-large_image_height=\"2048\"href='https:\/\/www.radiopiu.net\/wordpress\/wp-content\/uploads\/2022\/03\/8ac01838-4157-4af7-8de3-72cbfa2b6411.jpg'><img loading=\"lazy\" decoding=\"async\" width=\"150\" height=\"150\" src=\"https:\/\/www.radiopiu.net\/wordpress\/wp-content\/uploads\/2022\/03\/8ac01838-4157-4af7-8de3-72cbfa2b6411-150x150.jpg\" class=\"attachment-thumbnail size-thumbnail\" alt=\"\" \/><\/a>\n\t\t\t\t<\/dt><\/dl><dl class='gallery-item'>\n\t\t\t\t<dt class='gallery-icon landscape'>\n\t\t\t\t\t<a class=\"rollover rollover-zoom dt-pswp-item\" title=\"274707285_451421640050949_5963597053667733048_n\" data-dt-img-description=\"\" data-large_image_width=\"720\" data-large_image_height=\"540\"href='https:\/\/www.radiopiu.net\/wordpress\/wp-content\/uploads\/2022\/03\/274707285_451421640050949_5963597053667733048_n.jpg'><img loading=\"lazy\" decoding=\"async\" width=\"150\" height=\"150\" src=\"https:\/\/www.radiopiu.net\/wordpress\/wp-content\/uploads\/2022\/03\/274707285_451421640050949_5963597053667733048_n-150x150.jpg\" class=\"attachment-thumbnail size-thumbnail\" alt=\"\" \/><\/a>\n\t\t\t\t<\/dt><\/dl><dl class='gallery-item'>\n\t\t\t\t<dt class='gallery-icon portrait'>\n\t\t\t\t\t<a class=\"rollover rollover-zoom dt-pswp-item\" title=\"e2650cd2-d82c-446b-9ef4-ab69e8ff784b\" data-dt-img-description=\"\" data-large_image_width=\"1536\" data-large_image_height=\"2048\"href='https:\/\/www.radiopiu.net\/wordpress\/wp-content\/uploads\/2022\/03\/e2650cd2-d82c-446b-9ef4-ab69e8ff784b.jpg'><img loading=\"lazy\" decoding=\"async\" width=\"150\" height=\"150\" src=\"https:\/\/www.radiopiu.net\/wordpress\/wp-content\/uploads\/2022\/03\/e2650cd2-d82c-446b-9ef4-ab69e8ff784b-150x150.jpg\" class=\"attachment-thumbnail size-thumbnail\" alt=\"\" \/><\/a>\n\t\t\t\t<\/dt><\/dl><dl class='gallery-item'>\n\t\t\t\t<dt class='gallery-icon portrait'>\n\t\t\t\t\t<a class=\"rollover rollover-zoom dt-pswp-item\" title=\"68a2ffeb-3d4f-4dc6-b1be-65f881ad049d\" data-dt-img-description=\"\" data-large_image_width=\"1536\" data-large_image_height=\"2048\"href='https:\/\/www.radiopiu.net\/wordpress\/wp-content\/uploads\/2022\/03\/68a2ffeb-3d4f-4dc6-b1be-65f881ad049d.jpg'><img loading=\"lazy\" decoding=\"async\" width=\"150\" height=\"150\" src=\"https:\/\/www.radiopiu.net\/wordpress\/wp-content\/uploads\/2022\/03\/68a2ffeb-3d4f-4dc6-b1be-65f881ad049d-150x150.jpg\" class=\"attachment-thumbnail size-thumbnail\" alt=\"\" \/><\/a>\n\t\t\t\t<\/dt><\/dl><dl class='gallery-item'>\n\t\t\t\t<dt class='gallery-icon landscape'>\n\t\t\t\t\t<a class=\"rollover rollover-zoom dt-pswp-item\" title=\"ace0af30-0e8a-41ba-8888-3fa79030932b\" data-dt-img-description=\"\" data-large_image_width=\"2048\" data-large_image_height=\"1536\"href='https:\/\/www.radiopiu.net\/wordpress\/wp-content\/uploads\/2022\/03\/ace0af30-0e8a-41ba-8888-3fa79030932b.jpg'><img loading=\"lazy\" decoding=\"async\" width=\"150\" height=\"150\" src=\"https:\/\/www.radiopiu.net\/wordpress\/wp-content\/uploads\/2022\/03\/ace0af30-0e8a-41ba-8888-3fa79030932b-150x150.jpg\" class=\"attachment-thumbnail size-thumbnail\" alt=\"\" \/><\/a>\n\t\t\t\t<\/dt><\/dl><br style=\"clear: both\" \/>\n\t\t\t<\/div>\n<\/blockquote>\n<p>&nbsp;<\/p>\n<hr \/>\n<p>&nbsp;<\/p>\n<p>&nbsp;<\/p>\n<blockquote class=\"wp-embedded-content\" data-secret=\"TtfLw30zox\"><p><a href=\"https:\/\/www.radiopiu.net\/wordpress\/winter-race-le-storiche-auto-attraversano-lagordino\/\">WINTER RACE, LE STORICHE AUTO ATTRAVERSANO L&#8217;AGORDINO<\/a><\/p><\/blockquote>\n<p><iframe loading=\"lazy\" class=\"wp-embedded-content\" sandbox=\"allow-scripts\" security=\"restricted\" style=\"position: absolute; clip: rect(1px, 1px, 1px, 1px);\" title=\"&#8220;WINTER RACE, LE STORICHE AUTO ATTRAVERSANO L&#8217;AGORDINO&#8221; &#8212; Radio Pi\u00f9\" src=\"https:\/\/www.radiopiu.net\/wordpress\/winter-race-le-storiche-auto-attraversano-lagordino\/embed\/#?secret=TtfLw30zox\" data-secret=\"TtfLw30zox\" width=\"600\" height=\"338\" frameborder=\"0\" marginwidth=\"0\" marginheight=\"0\" scrolling=\"no\"><\/iframe><\/p>\n<p>&nbsp;<\/p>\n<hr \/>\n<p>&nbsp;<\/p>\n<p>&nbsp;<\/p>\n<blockquote>\n<h3><strong>IL GIRO DEL LAGO DI SANTA CROCE 2022 SOTTO L\u2019ALTO PATROCINIO DEL PARLAMENTO EUROPEO\u00a0<\/strong><\/h3>\n<p><span style=\"font-family: verdana, sans-serif;\">Il Giro del Lago \u00e8 in programma <b>domenica 21 agosto<\/b>. Obiettivo \u00e8 la <b>raccolta di fondi<\/b> a favore di\u00a0 \u00a0<b>\u201cVia di Natale\u201d<\/b>, che gestisce la Casa \u201cVia di Natale\u201d di Aviano\u00a0 E L&#8217;associazione bellunese\u00a0 <b>\u201cCucchini\u201d.<\/b><\/span><\/p><\/blockquote>\n<p><b><a class=\"dt-pswp-item\" href=\"https:\/\/www.radiopiu.net\/wordpress\/wp-content\/uploads\/2022\/03\/da-dx-ennio-soccal-alberto-peterle-elisabetta-peterle-roberto-dal-paos.jpeg\" data-dt-img-description=\"\" data-large_image_width=\"899\" data-large_image_height=\"1599\"><img loading=\"lazy\" decoding=\"async\" class=\" wp-image-263026 alignleft\" src=\"https:\/\/www.radiopiu.net\/wordpress\/wp-content\/uploads\/2022\/03\/da-dx-ennio-soccal-alberto-peterle-elisabetta-peterle-roberto-dal-paos-169x300.jpeg\" alt=\"\" width=\"130\" height=\"231\" srcset=\"https:\/\/www.radiopiu.net\/wordpress\/wp-content\/uploads\/2022\/03\/da-dx-ennio-soccal-alberto-peterle-elisabetta-peterle-roberto-dal-paos-169x300.jpeg 169w, https:\/\/www.radiopiu.net\/wordpress\/wp-content\/uploads\/2022\/03\/da-dx-ennio-soccal-alberto-peterle-elisabetta-peterle-roberto-dal-paos-576x1024.jpeg 576w, https:\/\/www.radiopiu.net\/wordpress\/wp-content\/uploads\/2022\/03\/da-dx-ennio-soccal-alberto-peterle-elisabetta-peterle-roberto-dal-paos-768x1366.jpeg 768w, https:\/\/www.radiopiu.net\/wordpress\/wp-content\/uploads\/2022\/03\/da-dx-ennio-soccal-alberto-peterle-elisabetta-peterle-roberto-dal-paos-864x1536.jpeg 864w, https:\/\/www.radiopiu.net\/wordpress\/wp-content\/uploads\/2022\/03\/da-dx-ennio-soccal-alberto-peterle-elisabetta-peterle-roberto-dal-paos.jpeg 899w\" sizes=\"auto, (max-width: 130px) 100vw, 130px\" \/><\/a>ALPAGO\u00a0<\/b> La presidente Roberta Metsola\u00a0 ha concesso all\u2019evento che ha come fine la raccolta di fondi a favore di realt\u00e0 benefiche, il sostegno da parte della pi\u00f9 alta istituzione europea. <em>\u00abIl Giro del Lago \u00e8 una realt\u00e0 corale che ha saputo unire e valorizzare il territorio dell\u2019Alpago e non solo, creando sinergie importanti in tutto il territorio del Veneto e del Friuli Venezia Giulia\u00bb commenta <strong>Alberto Peterle<\/strong>, sindaco di Alpago. \u00abLo sport \u00e8 stato ed \u00e8 il filo il filo conduttore di un\u2019attivit\u00e0 che il Comitato Alpago 2 Ruote&amp;Solidariet\u00e0 ha sempre portato avanti con grande passione e professionalit\u00e0, un\u2019attivit\u00e0 che abbraccia tanti ambiti, dallo sportivo al sociale, dal culturale al turistico, e che costituisce una risorsa importante per guardare con ottimismo al futuro del nostro territorio, un futuro da scrivere insieme, istituzioni, privati, mondo del volontariato\u00bb.<\/em><\/p>\n<p>&nbsp;<\/p>\n<p>&nbsp;<\/p>\n<p>&nbsp;<\/p>\n<p>&nbsp;<\/p>\n<p>&nbsp;<\/p>\n<hr \/>\n<p>&nbsp;<\/p>\n<blockquote><p><span style=\"color: #ff0000;\">CROCE ROSSA ITALIANA<\/span><\/p>\n<blockquote>\n<h3>NUOVO CORSO PER ASPIRANTI VOLONTARI<\/h3>\n<\/blockquote>\n<p><strong>FELTRE<\/strong> <span id=\"page3R_mcid10\" class=\"markedContent\"><span dir=\"ltr\" role=\"presentation\">Il Comitato della Croce Rossa Italiana di Feltre organizza un Corso base per aspiranti <\/span><span dir=\"ltr\" role=\"presentation\">volontari (Beps) che prender\u00e0 il via sabato 2 aprile. <span id=\"page3R_mcid19\" class=\"markedContent\">Per ogni tipo di informazione \u00e8 sufficiente recarsi nella sede CRI, situata al terzo piano all&#8217;ex Casa di cura Villabruna Bellati di Feltre in viale Marconi 7, il luned\u00ec e il gioved\u00ec dalle 18 alle 21. <\/span><span id=\"page3R_mcid20\" class=\"markedContent\">Oppure utilizzando i seguenti contatti: <\/span><span id=\"page3R_mcid21\" class=\"markedContent\">Indirizzo e-mail<\/span><span id=\"page3R_mcid22\" class=\"markedContent\"> feltre@cri.it<\/span><span id=\"page3R_mcid23\" class=\"markedContent\">.<\/span><\/span><\/span><\/p><\/blockquote>\n<p>&nbsp;<\/p>\n<hr \/>\n<p>&nbsp;<\/p>\n<blockquote>\n<h3>MASSIMILIANO FERRATI AL COMUNALE DI BELLUNO<\/h3>\n<\/blockquote>\n<p><strong><a class=\"dt-pswp-item\" href=\"https:\/\/www.radiopiu.net\/wordpress\/wp-content\/uploads\/2022\/03\/Massimiliano_Ferrati.jpg\" data-dt-img-description=\"\" data-large_image_width=\"1260\" data-large_image_height=\"700\"><img loading=\"lazy\" decoding=\"async\" class=\" wp-image-262758 alignleft\" src=\"https:\/\/www.radiopiu.net\/wordpress\/wp-content\/uploads\/2022\/03\/Massimiliano_Ferrati-300x167.jpg\" alt=\"\" width=\"177\" height=\"99\" srcset=\"https:\/\/www.radiopiu.net\/wordpress\/wp-content\/uploads\/2022\/03\/Massimiliano_Ferrati-300x167.jpg 300w, https:\/\/www.radiopiu.net\/wordpress\/wp-content\/uploads\/2022\/03\/Massimiliano_Ferrati-1024x569.jpg 1024w, https:\/\/www.radiopiu.net\/wordpress\/wp-content\/uploads\/2022\/03\/Massimiliano_Ferrati-768x427.jpg 768w, https:\/\/www.radiopiu.net\/wordpress\/wp-content\/uploads\/2022\/03\/Massimiliano_Ferrati.jpg 1260w\" sizes=\"auto, (max-width: 177px) 100vw, 177px\" \/><\/a>BELLUNO<\/strong> Il pianista Massimo Ferrati sar\u00e0 a Belluno\u00a0mercoled\u00ec 9 marzo alle 20:30, al Teatro Comunale, ospite della 69a Stagione del Circolo Culturale Bellunese. Per il concerto \u00e8 richiesta la prenotazione, presso Agenzia Alpe Bellunese: tel. 0437 940407, e-mail: <a href=\"mailto:info@alpebellunese.it\">info@alpebellunese.it<\/a>. Si accede con greenpass rafforzato (a partire dai 12 anni) e mascherina FFP2, nel rispetto delle norme anti Covid-19. Informazioni, note di sala e biglietti su www.belcircolo.org<\/p>\n<p>&nbsp;<\/p>\n<p>&nbsp;<\/p>\n<hr \/>\n<p>&nbsp;<\/p>\n<blockquote>\n<h3>DUE APPUNTAMENTI CON IL GAMP<\/h3>\n<\/blockquote>\n<p><strong>AGORDO <\/strong>Sono due gli appuntamenti con il Gamp nelle prossime settimane. Oggi alle 17 in Sala Don Tamis ad Agordo l&#8217;assemblea annuale dei soci, domenica 13 marzo \u00e8 in programma una gita a Bologna in occasione del Bologna Mineral Show con partenza da Agordo. Per prenotazioni e info scrivere o telefonare al 3400890160 Manuel Conedera (presidente) o 3884955756 Davide Conedera (segretario) o via e-mail a info@agordogampdolomiti.it<\/p>\n<p>&nbsp;<\/p>\n<p>&nbsp;<\/p>\n<hr \/>\n<p>&nbsp;<\/p>\n<blockquote>\n<h3>PATTINAGGIO LIBERO\u00a0 AL PALAGHIACCIO DI ALLEGHE<\/h3>\n<\/blockquote>\n<p><strong>ALLEGHE <\/strong>Anche questa settimana il Palaghiaccio Alvise De Toni sar\u00e0 aperto per il pattinaggio libero. Oggi dalle 16:30 alle 18:30 e dalle 21 alle 23 e domani dalle 14:30 alle 16:30.<\/p>\n<p>&nbsp;<\/p>\n<p>&nbsp;<\/p>\n<hr \/>\n<p>&nbsp;<\/p>\n<blockquote>\n<h3>MUSICA E POESIA A LIMANA NEL GIORNO DELLA FESTA DELLA DONNA<\/h3>\n<\/blockquote>\n<p><strong>LIMANA <\/strong>MUSICA E POESIA con lo <i>scrittore Antonio Chiades<\/i> ed il <i>pianista-compositore Carlo De Battista<\/i>. La serata si terr\u00e0 MARTEDI&#8217; 8 MARZO alle ore 20.30, presso la sala Luigi Nocivelli, ingresso dietro la Biblioteca Comunale di Limana, Via Ruggero Fiabane n. 3. Ingresso gratuito, si consiglia la prenotazione per i posti limitati, inviado una mail all&#8217;indirizzo <a class=\"moz-txt-link-abbreviated moz-txt-link-freetext\" href=\"mailto:sbogo.limana@valbelluna.bl.it\">sbogo.limana@valbelluna.bl.it<\/a> indicando nome e cognome di ogni partecipante, recapito telefonico.<\/p>\n<p>&nbsp;<\/p>\n<p>&nbsp;<\/p>\n<hr \/>\n<p>&nbsp;<\/p>\n<blockquote>\n<h3><a class=\"dt-pswp-item\" href=\"https:\/\/www.radiopiu.net\/wordpress\/wp-content\/uploads\/2022\/03\/DolomitiHub_Rassegna-Cinema-Bambini_Locandina-Generale-1448x2048-1.jpg\" data-dt-img-description=\"\" data-large_image_width=\"1448\" data-large_image_height=\"2048\"><img loading=\"lazy\" decoding=\"async\" class=\" wp-image-262760 alignleft\" src=\"https:\/\/www.radiopiu.net\/wordpress\/wp-content\/uploads\/2022\/03\/DolomitiHub_Rassegna-Cinema-Bambini_Locandina-Generale-1448x2048-1-212x300.jpg\" alt=\"\" width=\"151\" height=\"214\" srcset=\"https:\/\/www.radiopiu.net\/wordpress\/wp-content\/uploads\/2022\/03\/DolomitiHub_Rassegna-Cinema-Bambini_Locandina-Generale-1448x2048-1-212x300.jpg 212w, https:\/\/www.radiopiu.net\/wordpress\/wp-content\/uploads\/2022\/03\/DolomitiHub_Rassegna-Cinema-Bambini_Locandina-Generale-1448x2048-1-724x1024.jpg 724w, https:\/\/www.radiopiu.net\/wordpress\/wp-content\/uploads\/2022\/03\/DolomitiHub_Rassegna-Cinema-Bambini_Locandina-Generale-1448x2048-1-768x1086.jpg 768w, https:\/\/www.radiopiu.net\/wordpress\/wp-content\/uploads\/2022\/03\/DolomitiHub_Rassegna-Cinema-Bambini_Locandina-Generale-1448x2048-1-1086x1536.jpg 1086w, https:\/\/www.radiopiu.net\/wordpress\/wp-content\/uploads\/2022\/03\/DolomitiHub_Rassegna-Cinema-Bambini_Locandina-Generale-1448x2048-1.jpg 1448w\" sizes=\"auto, (max-width: 151px) 100vw, 151px\" \/><\/a>QUATTRO APPUNTAMENTI CON DOLOMITI HUB E IL CINEMA DEDICATO AI BAMBINI<\/h3>\n<\/blockquote>\n<p><strong>FONZASO<\/strong> Dopo la partecipazione significativa di pubblico alla rassegna cinematografica per bambine e bambini promossa da Dolomiti Hub lo scorso autunno, il centro culturale con sede a Fonzaso torna con un palinsesto primaverile rivolto ai pi\u00f9 piccoli. Gli appuntamenti sono stati ideati con la curatela di Lago Film Fest. Saranno quattro le serate proposte, con quattro diversi percorsi tematici, in ognuno dei quali verr\u00e0 coinvolto un attore associativo del territorio che possa animare la serata dei bambini con una testimonianza dal vivo. Da venerd\u00ec 25 marzo con \u201cNuovi mondi\u201d, alla scoperta dei mondi lontani grazie a viaggi speciali, come quello in cui si verr\u00e0 accompagnati da Mauro Soppelsa, che racconter\u00e0 l\u2019esperienza dell\u2019Associazione Giuliano De Marchi per il Nepal.<\/p>\n<p>&nbsp;<\/p>\n<p>&nbsp;<\/p>\n<hr \/>\n<p>&nbsp;<\/p>\n<blockquote>\n<h3>A SOSPIROLO RITORNA IL TEATRO<\/h3>\n<\/blockquote>\n<p><strong>SOSPIROLO<\/strong> Si torna al teatro dal vivo a Sospirolo. In occasione della giornata dedicata alle donne, si terr\u00e0 lo spettacolo teatrale \u201cIl libertino\u201d con la compagnia \u201cLas Palabras\u201d per la regia di Lara Rossa Mezzomo. La commedia leggera, che parla di donne e filosofia, si terr\u00e0 marted\u00ec 8 marzo al Centro civico alle 20.45. Ingresso libero nel rispetto delle regole anti Covid-19; organizzano Biblioteca civica e Pro loco<\/p>\n<p>&nbsp;<\/p>\n<hr \/>\n<p>&nbsp;<\/p>\n<blockquote>\n<h3>GRAZIE ALL\u2019ATTIVIT\u00c0 ARTIGIANALE L\u2019UOMO FOD\u00d2M HA ILLUSTRATO LA SUA STORIA, CULTURA E CIVILT\u00c0<\/h3>\n<\/blockquote>\n<div class=\"cxgpxx05 d1544ag0 sj5x9vvc tw6a2znq l9j0dhe7 ni8dbmo4 stjgntxs e72ty7fz qlfml3jp inkptoze qmr60zad jm1wdb64 qv66sw1b ljqsnud1 odn2s2vf tkr6xdv7\" role=\"none\">\n<div class=\"rq0escxv l9j0dhe7 du4w35lb __fb-light-mode\" role=\"none\">\n<blockquote>\n<div class=\"ii04i59q jq4qci2q g9io39s2 oo9gr5id\" dir=\"auto\" role=\"none\"><em>scritto dal maestro Franco Deltedesco nel pregevole libro edito nel 1995 dall\u2019Istituto bellunese di ricerche sociali e culturali guidato dal prof. don Sergio Sacco<\/em><\/div>\n<\/blockquote>\n<div dir=\"auto\" role=\"none\">di\u00a0 RENATO BONA<\/div>\n<\/div>\n<\/div>\n<div dir=\"auto\" role=\"none\"><\/div>\n<div class=\"cxgpxx05 d1544ag0 sj5x9vvc tw6a2znq l9j0dhe7 ni8dbmo4 stjgntxs e72ty7fz qlfml3jp inkptoze qmr60zad jm1wdb64 qv66sw1b ljqsnud1 odn2s2vf tkr6xdv7\" role=\"none\">\n<div class=\"rq0escxv l9j0dhe7 du4w35lb __fb-light-mode\" role=\"none\">\n<div class=\"ii04i59q jq4qci2q g9io39s2 oo9gr5id\" dir=\"auto\" role=\"none\"><strong>BELLUNO\u00a0<\/strong> \u201cLe botteghe artigiane,modernamente attrezzate per la lavorazione del legno, del ferro battuto e dei vari prodotti locali hanno dato una notevole spinta all\u2019economia montana, Esse contribuiscono a tenere la gente legata alla terra d\u2019origine\u201d. Lo scrive il maestro Franco Deltedesco nel suo prezioso libro \u201cL\u2019artigianato del legno e del ferro a Fod\u00f3m\u201d, dato alle stampe nel 1995 dall\u2019 Istituto bellunese di ricerche sociali e culturali guidato dal prof. don Sergio Sacco, con le Officine Bertoncello artigrafiche di Cittadella di Padova. E puntualizzava che: \u201cDa agricoltore e allevatore, anche il livinallonghese \u00e8 ben presto diventato falegname, carpentiere, fabbro, maniscalco\u2026 e nello stesso tempo \u2018ingegnere\u2019. Infatti, dopo aver osservato e studiato il legno, il ferro e le varie materie prime, le ha lavorate e plasmate, riuscendo a costruire tutti gli strumenti di cui aveva bisogno. Ed ecco perch\u00e9 queste persone che, nel passato, lasciarono un segno tangibile del loro ingegno, sono ricordate ancor\u2019oggi. Davedino, Ornella, Andraz furono le frazioni che diedero a Fodom il maggior numero di esperti artigiani: Francesco Demarch, Bartolomeo Demarch, Antonio Demarch; Giuseppe Dorigo, Massimino Delmonego; Angelo Roncat, Carlo Daberto, Guido Finazzer, Giacomo Palla, Mattia De Mattia; Giovanni De Lazzer, Adamo Palla, Ingenuino Crepaz, Giuseppe Sottil, Michele Roncat; per le segherie: Francesco Demarch, Bartolomeo Demarch, Giuseppe Roilo; per i mulini: Giuseppe Colli, Ingenuino Crepaz, Felice Roncat, Enrico, Massimino ed Eugenio Delmonego, Giuseppe Roilo; per i ventilabri a manovella: Giuseppe Dorigo, Giovanni Lasta, Bartolomeo Demarch. L\u2019autore a questo punto sottolineava che: \u201cL\u2019attivit\u00e0 artigianale era molto diffusa. Ci\u00f2 ci permette di conoscere l\u2019uomo Fod\u00f3m attraverso la sua storia e di scoprire la sua cultura e la sua civilt\u00e0: sono le \u2018opere d\u2019arte\u2019 uscite dalle sue mani che diversificano la sua civilt\u00e0 da un\u2019altra e la sua cultura da un\u2019altra. Sono gli oggetti costruiti dal contadino-artigiano e dal montanaro Fod\u00f3m, sono queste creazioni, opere di mani esperte e di vivace intelligenza che ci indicano la cultura e la civilt\u00e0 della piccola ma industriosa popolazione di Livinallongo\u201d. E spiegava: \u201cOggi che l\u2019economia tradizionale \u00e8 affiancata e sostenuta da quella derivante dallo sviluppo turistico, si avverte pi\u00f9 che mai la necessit\u00e0 di un adeguato sviluppo dell\u2019artigianato che contribuirebbe sicuramente a dare a Fod\u00f3m un\u2019ulteriore testimonianza di costume e di vita\u201d. A seguire, il commento della serie di immagini che qui di seguito proponiamo: le botteghe artigiane, modernamente attrezzate per la lavorazione del legno e del ferro battuto e dai vari prodotti locali hanno dato una notevole spinta all\u2019economia montana\u201d; esse contribuiscono a tenere la gente legata alla terra d\u2019origine; gli abitanti delle nostre zone montuose hanno fatto uso da sempre della portantina da schiena (fi\u00e8rkla) per trasportare a spalla la legna, i mannelli (fasci sottili di steli mietuti \u2013 ndr.), i covoni\u2026; per trasportare i sacchi di grano o di farina, i sacchi di patate o qualsiasi carico pesante, il montanaro si \u00e8 servito della gerla da \u201cmarciaiolo\u201d; la vera compagna di vita del contadino \u00e8 stata per\u00f2 la gerla (cest\u00f3n), che da sempre \u00e8 stata usata per trasportare da un luogo all\u2019altro qualsiasi cosa: fieno, terra, letame, legna, patate\u2026; la costruzione della gerla inizia col ricavare d un\u2019asse di legno duro una tavoletta da 25&#215;10 centimetri che servir\u00e0 da fondo; in essa vengono praticati 15 fori ai quali si raccordano le verghe dell\u2019intelaiatura: sia queste che i listelli flessibili sono di nocciolo; quando sono stati preparati diversi fasci di listelli flessibili, l\u2019artigiano inizia ad intrecciarli attorno alle verghe portanti e per dare alla gerla la forma esatta usa uno stampo a forma di semicerchio schiacciato che inserisce all\u2019interno, a 40 centimetri dal fondo; mano a mano che il lavoro procede, lo sostituisce con una simile di diametro maggiore, che fissa all\u2019altezza dell\u2019attacco delle branche; quindi si prepara l\u2019orlo\u2026; non di rado le branche sono rivestite di striscie di tela o di panno perch\u00e9 non offendano le spalle del portatore. Segue l\u2019interessante sequenza di immagini dedicata a varie fasi di lavorazione del ferro perch\u00e9 \u201cil contadino Fod\u00f3m fu essenzialmente artigiano del legno ma non pot\u00e9 fare a meno di imparare a lavorare il ferro\u201d e buona parte degli attrezzi da lavoro che ognuno costruiva con le proprie mani richiedevano l\u2019uso del ferro; oggi i metalli vengono lavorati pure a scopo commerciale per creare caratteristici oggetti in ferro battuto e dal canto suo l\u2019artista modella il bronzo per la sua opera d\u2019arte. A questo punto, immagini e didascalie dedicate agli animali che a primavera e in autunno avevano bisogno di essere ferrati e quindi \u201dparecchi contadini furono spronati a diventare maniscalchi\u201d; l\u2019animale veniva fatto passare fra quattro colonne, fissato con le corna ad una quinta e sostenuto mediante larghe fascie di cuoio; l\u2019applicazione dei ferri a mucche e buoi era operazione laboriosa e spesso non priva di pericolo; non di rado l\u2019intervento del maniscalco era richiesto ogni tre mesi; maggio, mese che precedeva la monticazione, era ideale per la ferratura e nella cassetta gli attrezzi erano pronti; il maniscalco inizia il lavoro usando le tenaglie \u201cda la gran moltiplika\u201d e con essa asporta la parte di unghia che \u00e8 in soprappi\u00f9; lavorando con tenaglia e martello provvede a piegare le punte dei chiodi verso il basso in modo che risultino perfettamente aderenti allo zoccolo; trascorsa poco pi\u00f9 di un\u2019ora, la ferratura dell\u2019animale \u00e8 terminata ed il cavallo, in questo caso, potr\u00e0 essere monticato o usato nei vari lavori\u201d.<\/div>\n<div dir=\"auto\" role=\"none\"><\/div>\n<\/div>\n<\/div>\n<div class=\"ns4p8fja j83agx80 cbu4d94t a6sixzi8 bkfpd7mw d2edcug0 buofh1pr nred35xi\" role=\"none\">\n<div class=\"buofh1pr rj1gh0hx\" role=\"none\">\n\n\t\t\t<style type='text\/css'>\n\t\t\t\t#gallery-8 {\n\t\t\t\t\tmargin: auto;\n\t\t\t\t}\n\t\t\t\t#gallery-8 .gallery-item {\n\t\t\t\t\tfloat: left;\n\t\t\t\t\tmargin-top: 10px;\n\t\t\t\t\ttext-align: center;\n\t\t\t\t\twidth: 16%;\n\t\t\t\t}\n\t\t\t\t#gallery-8 img {\n\t\t\t\t\tborder: 2px solid #cfcfcf;\n\t\t\t\t}\n\t\t\t\t#gallery-8 .gallery-caption {\n\t\t\t\t\tmargin-left: 0;\n\t\t\t\t}\n\t\t\t\t\/* see gallery_shortcode() in wp-includes\/media.php *\/\n\t\t\t<\/style>\n\t\t<div id='gallery-8' class='dt-gallery-container gallery galleryid-262854 gallery-columns-6 gallery-size-thumbnail'><dl class='gallery-item'>\n\t\t\t\t<dt class='gallery-icon portrait'>\n\t\t\t\t\t<a class=\"rollover rollover-zoom dt-pswp-item\" title=\"274352496_1041351040073486_2350126224667676536_n\" data-dt-img-description=\"\" data-large_image_width=\"149\" data-large_image_height=\"225\"href='https:\/\/www.radiopiu.net\/wordpress\/wp-content\/uploads\/2022\/03\/274352496_1041351040073486_2350126224667676536_n.jpg'><img loading=\"lazy\" decoding=\"async\" width=\"149\" height=\"150\" src=\"https:\/\/www.radiopiu.net\/wordpress\/wp-content\/uploads\/2022\/03\/274352496_1041351040073486_2350126224667676536_n-149x150.jpg\" class=\"attachment-thumbnail size-thumbnail\" alt=\"\" \/><\/a>\n\t\t\t\t<\/dt><\/dl><dl class='gallery-item'>\n\t\t\t\t<dt class='gallery-icon landscape'>\n\t\t\t\t\t<a class=\"rollover rollover-zoom dt-pswp-item\" title=\"275003842_491694765866644_537247313702366800_n\" data-dt-img-description=\"\" data-large_image_width=\"320\" data-large_image_height=\"200\"href='https:\/\/www.radiopiu.net\/wordpress\/wp-content\/uploads\/2022\/03\/275003842_491694765866644_537247313702366800_n.jpg'><img loading=\"lazy\" decoding=\"async\" width=\"150\" height=\"150\" src=\"https:\/\/www.radiopiu.net\/wordpress\/wp-content\/uploads\/2022\/03\/275003842_491694765866644_537247313702366800_n-150x150.jpg\" class=\"attachment-thumbnail size-thumbnail\" alt=\"\" \/><\/a>\n\t\t\t\t<\/dt><\/dl><dl class='gallery-item'>\n\t\t\t\t<dt class='gallery-icon portrait'>\n\t\t\t\t\t<a class=\"rollover rollover-zoom dt-pswp-item\" title=\"274620421_4933264613456493_5705872902364273136_n\" data-dt-img-description=\"\" data-large_image_width=\"156\" data-large_image_height=\"240\"href='https:\/\/www.radiopiu.net\/wordpress\/wp-content\/uploads\/2022\/03\/274620421_4933264613456493_5705872902364273136_n.jpg'><img loading=\"lazy\" decoding=\"async\" width=\"150\" height=\"150\" src=\"https:\/\/www.radiopiu.net\/wordpress\/wp-content\/uploads\/2022\/03\/274620421_4933264613456493_5705872902364273136_n-150x150.jpg\" class=\"attachment-thumbnail size-thumbnail\" alt=\"\" \/><\/a>\n\t\t\t\t<\/dt><\/dl><dl class='gallery-item'>\n\t\t\t\t<dt class='gallery-icon portrait'>\n\t\t\t\t\t<a class=\"rollover rollover-zoom dt-pswp-item\" title=\"274599653_1100196160777312_4008413337088370614_n\" data-dt-img-description=\"\" data-large_image_width=\"153\" data-large_image_height=\"225\"href='https:\/\/www.radiopiu.net\/wordpress\/wp-content\/uploads\/2022\/03\/274599653_1100196160777312_4008413337088370614_n.jpg'><img loading=\"lazy\" decoding=\"async\" width=\"150\" height=\"150\" src=\"https:\/\/www.radiopiu.net\/wordpress\/wp-content\/uploads\/2022\/03\/274599653_1100196160777312_4008413337088370614_n-150x150.jpg\" class=\"attachment-thumbnail size-thumbnail\" alt=\"\" \/><\/a>\n\t\t\t\t<\/dt><\/dl><dl class='gallery-item'>\n\t\t\t\t<dt class='gallery-icon landscape'>\n\t\t\t\t\t<a class=\"rollover rollover-zoom dt-pswp-item\" title=\"274265456_349453277081435_5509083356094561655_n\" data-dt-img-description=\"\" data-large_image_width=\"312\" data-large_image_height=\"206\"href='https:\/\/www.radiopiu.net\/wordpress\/wp-content\/uploads\/2022\/03\/274265456_349453277081435_5509083356094561655_n.jpg'><img loading=\"lazy\" decoding=\"async\" width=\"150\" height=\"150\" src=\"https:\/\/www.radiopiu.net\/wordpress\/wp-content\/uploads\/2022\/03\/274265456_349453277081435_5509083356094561655_n-150x150.jpg\" class=\"attachment-thumbnail size-thumbnail\" alt=\"\" \/><\/a>\n\t\t\t\t<\/dt><\/dl><dl class='gallery-item'>\n\t\t\t\t<dt class='gallery-icon portrait'>\n\t\t\t\t\t<a class=\"rollover rollover-zoom dt-pswp-item\" title=\"274629602_496734125352495_3128619213735932126_n\" data-dt-img-description=\"\" data-large_image_width=\"157\" data-large_image_height=\"225\"href='https:\/\/www.radiopiu.net\/wordpress\/wp-content\/uploads\/2022\/03\/274629602_496734125352495_3128619213735932126_n.jpg'><img loading=\"lazy\" decoding=\"async\" width=\"150\" height=\"150\" src=\"https:\/\/www.radiopiu.net\/wordpress\/wp-content\/uploads\/2022\/03\/274629602_496734125352495_3128619213735932126_n-150x150.jpg\" class=\"attachment-thumbnail size-thumbnail\" alt=\"\" \/><\/a>\n\t\t\t\t<\/dt><\/dl><br style=\"clear: both\" \/><dl class='gallery-item'>\n\t\t\t\t<dt class='gallery-icon landscape'>\n\t\t\t\t\t<a class=\"rollover rollover-zoom dt-pswp-item\" title=\"274538194_5126498024075372_2653780267441728173_n\" data-dt-img-description=\"\" data-large_image_width=\"333\" data-large_image_height=\"206\"href='https:\/\/www.radiopiu.net\/wordpress\/wp-content\/uploads\/2022\/03\/274538194_5126498024075372_2653780267441728173_n.jpg'><img loading=\"lazy\" decoding=\"async\" width=\"150\" height=\"150\" src=\"https:\/\/www.radiopiu.net\/wordpress\/wp-content\/uploads\/2022\/03\/274538194_5126498024075372_2653780267441728173_n-150x150.jpg\" class=\"attachment-thumbnail size-thumbnail\" alt=\"\" \/><\/a>\n\t\t\t\t<\/dt><\/dl><dl class='gallery-item'>\n\t\t\t\t<dt class='gallery-icon portrait'>\n\t\t\t\t\t<a class=\"rollover rollover-zoom dt-pswp-item\" title=\"274737136_493559158874516_2055416379842912369_n\" data-dt-img-description=\"\" data-large_image_width=\"157\" data-large_image_height=\"225\"href='https:\/\/www.radiopiu.net\/wordpress\/wp-content\/uploads\/2022\/03\/274737136_493559158874516_2055416379842912369_n.jpg'><img loading=\"lazy\" decoding=\"async\" width=\"150\" height=\"150\" src=\"https:\/\/www.radiopiu.net\/wordpress\/wp-content\/uploads\/2022\/03\/274737136_493559158874516_2055416379842912369_n-150x150.jpg\" class=\"attachment-thumbnail size-thumbnail\" alt=\"\" \/><\/a>\n\t\t\t\t<\/dt><\/dl><dl class='gallery-item'>\n\t\t\t\t<dt class='gallery-icon landscape'>\n\t\t\t\t\t<a class=\"rollover rollover-zoom dt-pswp-item\" title=\"275034005_3159852877628001_5819806798672888953_n\" data-dt-img-description=\"\" data-large_image_width=\"279\" data-large_image_height=\"206\"href='https:\/\/www.radiopiu.net\/wordpress\/wp-content\/uploads\/2022\/03\/275034005_3159852877628001_5819806798672888953_n.jpg'><img loading=\"lazy\" decoding=\"async\" width=\"150\" height=\"150\" src=\"https:\/\/www.radiopiu.net\/wordpress\/wp-content\/uploads\/2022\/03\/275034005_3159852877628001_5819806798672888953_n-150x150.jpg\" class=\"attachment-thumbnail size-thumbnail\" alt=\"\" \/><\/a>\n\t\t\t\t<\/dt><\/dl><dl class='gallery-item'>\n\t\t\t\t<dt class='gallery-icon portrait'>\n\t\t\t\t\t<a class=\"rollover rollover-zoom dt-pswp-item\" title=\"274183724_441025441105162_7267557976447118736_n\" data-dt-img-description=\"\" data-large_image_width=\"153\" data-large_image_height=\"225\"href='https:\/\/www.radiopiu.net\/wordpress\/wp-content\/uploads\/2022\/03\/274183724_441025441105162_7267557976447118736_n.jpg'><img loading=\"lazy\" decoding=\"async\" width=\"150\" height=\"150\" src=\"https:\/\/www.radiopiu.net\/wordpress\/wp-content\/uploads\/2022\/03\/274183724_441025441105162_7267557976447118736_n-150x150.jpg\" class=\"attachment-thumbnail size-thumbnail\" alt=\"\" \/><\/a>\n\t\t\t\t<\/dt><\/dl><dl class='gallery-item'>\n\t\t\t\t<dt class='gallery-icon landscape'>\n\t\t\t\t\t<a class=\"rollover rollover-zoom dt-pswp-item\" title=\"274606693_378504427059812_5210476848769218682_n\" data-dt-img-description=\"\" data-large_image_width=\"307\" data-large_image_height=\"206\"href='https:\/\/www.radiopiu.net\/wordpress\/wp-content\/uploads\/2022\/03\/274606693_378504427059812_5210476848769218682_n.jpg'><img loading=\"lazy\" decoding=\"async\" width=\"150\" height=\"150\" src=\"https:\/\/www.radiopiu.net\/wordpress\/wp-content\/uploads\/2022\/03\/274606693_378504427059812_5210476848769218682_n-150x150.jpg\" class=\"attachment-thumbnail size-thumbnail\" alt=\"\" \/><\/a>\n\t\t\t\t<\/dt><\/dl><dl class='gallery-item'>\n\t\t\t\t<dt class='gallery-icon portrait'>\n\t\t\t\t\t<a class=\"rollover rollover-zoom dt-pswp-item\" title=\"275205666_365935665166767_5182014917819418638_n\" data-dt-img-description=\"\" data-large_image_width=\"160\" data-large_image_height=\"223\"href='https:\/\/www.radiopiu.net\/wordpress\/wp-content\/uploads\/2022\/03\/275205666_365935665166767_5182014917819418638_n.jpg'><img loading=\"lazy\" decoding=\"async\" width=\"150\" height=\"150\" src=\"https:\/\/www.radiopiu.net\/wordpress\/wp-content\/uploads\/2022\/03\/275205666_365935665166767_5182014917819418638_n-150x150.jpg\" class=\"attachment-thumbnail size-thumbnail\" alt=\"\" \/><\/a>\n\t\t\t\t<\/dt><\/dl><br style=\"clear: both\" \/>\n\t\t\t<\/div>\n\n<p>&nbsp;<\/p>\n<p>&nbsp;<\/p>\n<\/div>\n<\/div>\n<p>&nbsp;<\/p>\n<hr \/>\n<p>&nbsp;<\/p>\n<h2><span style=\"color: #ff0000;\">IERI ALLA RADIO\u00a0<\/span><\/h2>\n<h2><span style=\"color: #808000;\">LO ZERO TERMICO&#8230;E&#8217; SU RADIO PIU&#8217;<\/span><\/h2>\n<blockquote><p><span style=\"color: #ff0000;\"><em><a href=\"https:\/\/www.radiopiu.net\/wordpress\/giornale-radiopiu-11-maggio-2021-direttore-mirko-mezzacasa\/anselmo-cagnati_cani-slitta_06\/\" rel=\"attachment wp-att-208962\"><img loading=\"lazy\" decoding=\"async\" class=\"wp-image-208962 alignleft\" src=\"https:\/\/www.radiopiu.net\/wordpress\/wp-content\/uploads\/2021\/05\/Anselmo-Cagnati_cani-slitta_06-300x200.jpg\" alt=\"\" width=\"230\" height=\"153\" srcset=\"https:\/\/www.radiopiu.net\/wordpress\/wp-content\/uploads\/2021\/05\/Anselmo-Cagnati_cani-slitta_06-300x200.jpg 300w, https:\/\/www.radiopiu.net\/wordpress\/wp-content\/uploads\/2021\/05\/Anselmo-Cagnati_cani-slitta_06-1024x683.jpg 1024w, https:\/\/www.radiopiu.net\/wordpress\/wp-content\/uploads\/2021\/05\/Anselmo-Cagnati_cani-slitta_06-768x512.jpg 768w, https:\/\/www.radiopiu.net\/wordpress\/wp-content\/uploads\/2021\/05\/Anselmo-Cagnati_cani-slitta_06.jpg 1200w\" sizes=\"auto, (max-width: 230px) 100vw, 230px\" \/><\/a>ZERO TERMICO E&#8217; UN VIAGGIO ALLA SCOPERTA DEL NOSTRO TERRITORIO, DALLA VOCE DEI PROTAGONISTI. TURISMO, SPORT, EVENTI, CULTURA, INTRATTENIMENTO. DAL LUNEDI&#8217; AL VENERDI ALLE 15.10 ALLE 20.30. ZERO TERMICO. UN APPUNTAMENTO IN COLLABORAZIONE CON: SPORT 203. LA NATURALE PORTA D&#8217;INGRESSO&#8230;.VERSO LO ZERO TERMICO. LOCALITA&#8217; LE CAMPE STRADA AGORDO BELLUNO. ABBIGLIAMENTO E ATTREZZATURA&#8230;.DEDICATI A CHI AMA LA MONTAGNA.<\/em><\/span><\/p><\/blockquote>\n<p><strong>di Claudio Fontanive con William Da Roit CON ANSELMO CAGNATI E TULLIOLA ROMANO GARGARELLA<\/strong><\/p>\n<p><strong>PUNTATA 08 DEL 04 MARZO 2022\u00a0<\/strong><\/p>\n<audio class=\"wp-audio-shortcode\" id=\"audio-262854-5\" preload=\"none\" style=\"width: 100%;\" controls=\"controls\"><source type=\"audio\/mpeg\" src=\"https:\/\/www.radiopiu.net\/wordpress\/wp-content\/uploads\/2022\/03\/anselmo-tulliola-4-marzo.mp3?_=5\" \/><a href=\"https:\/\/www.radiopiu.net\/wordpress\/wp-content\/uploads\/2022\/03\/anselmo-tulliola-4-marzo.mp3\">https:\/\/www.radiopiu.net\/wordpress\/wp-content\/uploads\/2022\/03\/anselmo-tulliola-4-marzo.mp3<\/a><\/audio>\n<p>&nbsp;<\/p>\n<p><strong>LE PUNTATE PRECEDENTI\u00a0<\/strong><\/p>\n<p>&nbsp;<\/p>\n<p>&nbsp;<\/p>\n<hr \/>\n<p>&nbsp;<\/p>\n<h2><strong><a class=\"dt-pswp-item\" href=\"https:\/\/www.radiopiu.net\/wordpress\/wp-content\/uploads\/2020\/05\/solidariet\u00e0-veneto.jpg\" data-dt-img-description=\"\" data-large_image_width=\"1373\" data-large_image_height=\"961\"><img loading=\"lazy\" decoding=\"async\" class=\"size-medium wp-image-134366 alignleft\" src=\"https:\/\/www.radiopiu.net\/wordpress\/wp-content\/uploads\/2020\/05\/solidariet\u00e0-veneto-300x210.jpg\" alt=\"\" width=\"300\" height=\"210\" srcset=\"https:\/\/www.radiopiu.net\/wordpress\/wp-content\/uploads\/2020\/05\/solidariet\u00e0-veneto-300x210.jpg 300w, https:\/\/www.radiopiu.net\/wordpress\/wp-content\/uploads\/2020\/05\/solidariet\u00e0-veneto-1024x717.jpg 1024w, https:\/\/www.radiopiu.net\/wordpress\/wp-content\/uploads\/2020\/05\/solidariet\u00e0-veneto-768x538.jpg 768w, https:\/\/www.radiopiu.net\/wordpress\/wp-content\/uploads\/2020\/05\/solidariet\u00e0-veneto.jpg 1373w\" sizes=\"auto, (max-width: 300px) 100vw, 300px\" \/><\/a><\/strong><span style=\"color: #008000;\">SPECIALE SOLIDARIETA&#8217; VENETO &#8211; MARZO 2022<\/span><\/h2>\n<p><strong>di Claudio Fontanive<\/strong><\/p>\n<p>OSPITE: Paolo Stefan, direttore di Solidariet\u00e0 Veneto<\/p>\n<audio class=\"wp-audio-shortcode\" id=\"audio-262854-6\" preload=\"none\" style=\"width: 100%;\" controls=\"controls\"><source type=\"audio\/mpeg\" src=\"https:\/\/www.radiopiu.net\/wordpress\/wp-content\/uploads\/2022\/03\/solidarieta-veneto-marzo-2022.mp3?_=6\" \/><a href=\"https:\/\/www.radiopiu.net\/wordpress\/wp-content\/uploads\/2022\/03\/solidarieta-veneto-marzo-2022.mp3\">https:\/\/www.radiopiu.net\/wordpress\/wp-content\/uploads\/2022\/03\/solidarieta-veneto-marzo-2022.mp3<\/a><\/audio>\n<p>&nbsp;<\/p>\n<hr \/>\n<p>&nbsp;<\/p>\n<p><strong>TUTTI I LUNEDI ALLE 10,30 E 1900, LA DOMENICA ALLE 8 007 IN CONDOTTA, LA SCUOLA CON LA PROF. MARIA ROSA SALMAZO E CLAUDIO FONTANIVE, IN PODCAST TUTTE LE PUNTATE DELLE ULTIME STAGIONI.<\/strong><\/p>\n<p>&nbsp;<\/p>\n<blockquote class=\"wp-embedded-content\" data-secret=\"BB6hJlGe9p\"><p><a href=\"https:\/\/www.radiopiu.net\/wordpress\/007incondotta-9\/\">007 in condotta<\/a><\/p><\/blockquote>\n<p><iframe loading=\"lazy\" class=\"wp-embedded-content\" sandbox=\"allow-scripts\" security=\"restricted\" style=\"position: absolute; clip: rect(1px, 1px, 1px, 1px);\" title=\"&#8220;007 in condotta&#8221; &#8212; Radio Pi\u00f9\" src=\"https:\/\/www.radiopiu.net\/wordpress\/007incondotta-9\/embed\/#?secret=BB6hJlGe9p\" data-secret=\"BB6hJlGe9p\" width=\"600\" height=\"338\" frameborder=\"0\" marginwidth=\"0\" marginheight=\"0\" scrolling=\"no\"><\/iframe><\/p>\n<p>&nbsp;<\/p>\n<hr \/>\n<p>&nbsp;<\/p>\n<p>&nbsp;<\/p>\n<p>https:\/\/www.radiopiu.net\/wordpress\/raccoltaso1\/<\/p>\n<p>&nbsp;<\/p>\n<p>&nbsp;<\/p>\n<hr \/>\n<p>&nbsp;<\/p>\n<p>&nbsp;<\/p>\n<div>\n<div class=\"b654a4as d2edcug0\">\n<div class=\"rq0escxv hkbzh7o3 jwdofwj8 n8tt0mok r8blr3vg hyh9befq\">\n<p><a class=\"dt-pswp-item\" href=\"https:\/\/www.radiopiu.net\/wordpress\/wp-content\/uploads\/2020\/10\/pp.jpg\" data-dt-img-description=\"\" data-large_image_width=\"640\" data-large_image_height=\"640\"><img loading=\"lazy\" decoding=\"async\" class=\"wp-image-163678 alignleft\" src=\"https:\/\/www.radiopiu.net\/wordpress\/wp-content\/uploads\/2020\/10\/pp-300x300.jpg\" alt=\"\" width=\"106\" height=\"106\" srcset=\"https:\/\/www.radiopiu.net\/wordpress\/wp-content\/uploads\/2020\/10\/pp-300x300.jpg 300w, https:\/\/www.radiopiu.net\/wordpress\/wp-content\/uploads\/2020\/10\/pp-150x150.jpg 150w, https:\/\/www.radiopiu.net\/wordpress\/wp-content\/uploads\/2020\/10\/pp-125x125.jpg 125w, https:\/\/www.radiopiu.net\/wordpress\/wp-content\/uploads\/2020\/10\/pp-200x200.jpg 200w, https:\/\/www.radiopiu.net\/wordpress\/wp-content\/uploads\/2020\/10\/pp-80x80.jpg 80w, https:\/\/www.radiopiu.net\/wordpress\/wp-content\/uploads\/2020\/10\/pp-480x480.jpg 480w, https:\/\/www.radiopiu.net\/wordpress\/wp-content\/uploads\/2020\/10\/pp.jpg 640w\" sizes=\"auto, (max-width: 106px) 100vw, 106px\" \/><\/a><\/p>\n<\/div>\n<\/div>\n<\/div>\n<div>\n<div class=\"page-title-head hgroup\">\n<div class=\"page-title-head hgroup\">\n<div class=\"b654a4as d2edcug0\">\n<div class=\"j83agx80 btwxx1t3 lhclo0ds hop8lmos nkwizq5d scwd0bx6 roh60bw9\">\n<div class=\"rq0escxv hkbzh7o3 jwdofwj8 n8tt0mok r8blr3vg hyh9befq\">\n<div class=\"do00u71z l9j0dhe7 k4urcfbm\">\n<h2><span style=\"color: #000080;\">\u00a0<\/span><span style=\"color: #000080;\">DON CESARE, IL PENSIERO DEL GIORNO. ALLA RADIO ALLE 7 DEL MATTINO E ALLE 19.30 DELLA SERA.\u00a0<\/span><\/h2>\n<audio class=\"wp-audio-shortcode\" id=\"audio-262854-7\" preload=\"none\" style=\"width: 100%;\" controls=\"controls\"><source type=\"audio\/mpeg\" src=\"https:\/\/www.radiopiu.net\/wordpress\/wp-content\/uploads\/2022\/03\/cesare-2.mp3?_=7\" \/><a href=\"https:\/\/www.radiopiu.net\/wordpress\/wp-content\/uploads\/2022\/03\/cesare-2.mp3\">https:\/\/www.radiopiu.net\/wordpress\/wp-content\/uploads\/2022\/03\/cesare-2.mp3<\/a><\/audio>\n<\/div>\n<\/div>\n<\/div>\n<\/div>\n<\/div>\n<\/div>\n<\/div>\n<p>&nbsp;<\/p>\n<p>&nbsp;<\/p>\n<hr \/>\n<p>&nbsp;<\/p>\n<h3 class=\"kvgmc6g5 cxmmr5t8 oygrvhab hcukyx3x c1et5uql\"><span style=\"color: #0000ff;\"><strong>INFORMAZIONE il canale su TELEGRAM informazione di prima mano e in tempo reale. iscriviti ed aiutaci a farlo conoscere\u00a0\u00a0<\/strong><\/span><\/h3>\n<p>&nbsp;<\/p>\n<p>&nbsp;<\/p>\n<hr \/>\n<p>&nbsp;<\/p>\n<div class=\"do00u71z l9j0dhe7 k4urcfbm\">\n<div class=\"page-title-head hgroup\">\n<div class=\"page-title-head hgroup\">\n<div class=\"b654a4as d2edcug0\">\n<div class=\"j83agx80 btwxx1t3 lhclo0ds hop8lmos nkwizq5d scwd0bx6 roh60bw9\">\n<div class=\"rq0escxv hkbzh7o3 jwdofwj8 n8tt0mok r8blr3vg hyh9befq\">\n<div class=\"do00u71z l9j0dhe7 k4urcfbm\">\n<div class=\"page-title-head hgroup\">\n<div class=\"page-title-head hgroup\">\n<div class=\"b654a4as d2edcug0\">\n<div class=\"j83agx80 btwxx1t3 lhclo0ds hop8lmos nkwizq5d scwd0bx6 roh60bw9\">\n<div class=\"rq0escxv hkbzh7o3 jwdofwj8 n8tt0mok r8blr3vg hyh9befq\">\n<div class=\"do00u71z l9j0dhe7 k4urcfbm\">\n<div class=\"ecm0bbzt e5nlhep0 a8c37x1j\">\n<div class=\"kvgmc6g5 cxmmr5t8 oygrvhab hcukyx3x c1et5uql\">\n<div class=\"gmail-kvgmc6g5 gmail-cxmmr5t8 gmail-oygrvhab gmail-hcukyx3x gmail-c1et5uql gmail-ii04i59q\">\n<div class=\"page-title-head hgroup\">\n<div class=\"page-title-head hgroup\">\n<div class=\"b654a4as d2edcug0\">\n<div class=\"j83agx80 btwxx1t3 lhclo0ds hop8lmos nkwizq5d scwd0bx6 roh60bw9\">\n<div class=\"rq0escxv hkbzh7o3 jwdofwj8 n8tt0mok r8blr3vg hyh9befq\">\n<div class=\"do00u71z l9j0dhe7 k4urcfbm\">\n<div class=\"page-title-head hgroup\">\n<div class=\"page-title-head hgroup\">\n<div class=\"b654a4as d2edcug0\">\n<div class=\"j83agx80 btwxx1t3 lhclo0ds hop8lmos nkwizq5d scwd0bx6 roh60bw9\">\n<div class=\"rq0escxv hkbzh7o3 jwdofwj8 n8tt0mok r8blr3vg hyh9befq\">\n<div class=\"do00u71z l9j0dhe7 k4urcfbm\">\n<div class=\"page-title-head hgroup\">\n<div class=\"page-title-head hgroup\">\n<div class=\"b654a4as d2edcug0\">\n<div class=\"j83agx80 btwxx1t3 lhclo0ds hop8lmos nkwizq5d scwd0bx6 roh60bw9\">\n<div class=\"rq0escxv hkbzh7o3 jwdofwj8 n8tt0mok r8blr3vg hyh9befq\">\n<div class=\"do00u71z l9j0dhe7 k4urcfbm\">\n<div class=\"ecm0bbzt e5nlhep0 a8c37x1j\">\n<div class=\"kvgmc6g5 cxmmr5t8 oygrvhab hcukyx3x c1et5uql\">\n<div class=\"gmail-kvgmc6g5 gmail-cxmmr5t8 gmail-oygrvhab gmail-hcukyx3x gmail-c1et5uql gmail-ii04i59q\">\n<div class=\"page-title-head hgroup\">\n<div class=\"page-title-head hgroup\">\n<div class=\"b654a4as d2edcug0\">\n<div class=\"j83agx80 btwxx1t3 lhclo0ds hop8lmos nkwizq5d scwd0bx6 roh60bw9\">\n<div class=\"rq0escxv hkbzh7o3 jwdofwj8 n8tt0mok r8blr3vg hyh9befq\">\n<div class=\"do00u71z l9j0dhe7 k4urcfbm\">\n<blockquote>\n<h3><span style=\"color: #ff0000;\">IN VIVO VERSO, SETTIMA STAGIONE CON BRUNELLA MORO, DAL LUNEDI AL VENERDI ALLE 7.10, 10.10 E 18.50\u00a0\u00a0<\/span><\/h3>\n<\/blockquote>\n<h3>IL TEMPO SVANITO di OSCAR TISON<\/h3>\n<p>AUDIO<\/p>\n<audio class=\"wp-audio-shortcode\" id=\"audio-262854-8\" preload=\"none\" style=\"width: 100%;\" controls=\"controls\"><source type=\"audio\/mpeg\" src=\"https:\/\/www.radiopiu.net\/wordpress\/wp-content\/uploads\/2022\/02\/05-il-tempo-svanito-oscar-tison.mp3?_=8\" \/><a href=\"https:\/\/www.radiopiu.net\/wordpress\/wp-content\/uploads\/2022\/02\/05-il-tempo-svanito-oscar-tison.mp3\">https:\/\/www.radiopiu.net\/wordpress\/wp-content\/uploads\/2022\/02\/05-il-tempo-svanito-oscar-tison.mp3<\/a><\/audio>\n<p>&nbsp;<\/p>\n<p><strong><a class=\"dt-pswp-item\" href=\"https:\/\/www.radiopiu.net\/wordpress\/wp-content\/uploads\/2022\/03\/5-OSCAR-TISON.jpg\" data-dt-img-description=\"\" data-large_image_width=\"1364\" data-large_image_height=\"1365\"><img loading=\"lazy\" decoding=\"async\" class=\"wp-image-262930 alignleft\" src=\"https:\/\/www.radiopiu.net\/wordpress\/wp-content\/uploads\/2022\/03\/5-OSCAR-TISON-300x300.jpg\" alt=\"\" width=\"116\" height=\"116\" srcset=\"https:\/\/www.radiopiu.net\/wordpress\/wp-content\/uploads\/2022\/03\/5-OSCAR-TISON-300x300.jpg 300w, https:\/\/www.radiopiu.net\/wordpress\/wp-content\/uploads\/2022\/03\/5-OSCAR-TISON-1024x1024.jpg 1024w, https:\/\/www.radiopiu.net\/wordpress\/wp-content\/uploads\/2022\/03\/5-OSCAR-TISON-150x150.jpg 150w, https:\/\/www.radiopiu.net\/wordpress\/wp-content\/uploads\/2022\/03\/5-OSCAR-TISON-768x769.jpg 768w, https:\/\/www.radiopiu.net\/wordpress\/wp-content\/uploads\/2022\/03\/5-OSCAR-TISON.jpg 1364w\" sizes=\"auto, (max-width: 116px) 100vw, 116px\" \/><\/a>IL TEMPO SVANITO<\/strong><\/p>\n<p>E&#8217; stato il vento<br \/>\nsulla mia schiena,<br \/>\n\u00e8 stata la danza dei sassi<br \/>\nsotto le mie suole,<br \/>\nsono state le strade buie<br \/>\nnascoste dall&#8217;asfalto.<\/p>\n<p>E&#8217; stata la mia chitarra<br \/>\ncon i suoi accordi scontati,<br \/>\ne il sole che ha seminato<br \/>\nrughe intorno ai miei occhi.<\/p>\n<p>Sono stati quei fiori<br \/>\nche sostenevano d&#8217;essere viole<br \/>\ne ridevano<br \/>\ne macchiavano i campi,<br \/>\nle colline e le mani<\/p>\n<p>a farmi star qui<br \/>\na frantumare parole<br \/>\nmentre fuori rombavano motori<br \/>\ne occhi mai visti<br \/>\nfuggivano lontano.<\/p>\n<p>Il vento era acre,<br \/>\nle viole miraggi,<br \/>\nla chitarra scordata.<\/p>\n<p>Oggi lo so e oggi<br \/>\nil tempo \u00e8 svanito<\/p>\n<p><strong>LA RACCOLTA COMPLETA<\/strong><\/p>\n<p><strong> \u00a0<\/strong><\/p>\n<blockquote class=\"wp-embedded-content\" data-secret=\"BmqEbT7uSW\"><p><a href=\"https:\/\/www.radiopiu.net\/wordpress\/in-vivo-verso\/\">In Vivo Verso<\/a><\/p><\/blockquote>\n<p><iframe loading=\"lazy\" class=\"wp-embedded-content\" sandbox=\"allow-scripts\" security=\"restricted\" style=\"position: absolute; clip: rect(1px, 1px, 1px, 1px);\" title=\"&#8220;In Vivo Verso&#8221; &#8212; Radio Pi\u00f9\" src=\"https:\/\/www.radiopiu.net\/wordpress\/in-vivo-verso\/embed\/#?secret=BmqEbT7uSW\" data-secret=\"BmqEbT7uSW\" width=\"600\" height=\"338\" frameborder=\"0\" marginwidth=\"0\" marginheight=\"0\" scrolling=\"no\"><\/iframe><\/p>\n<p>&nbsp;<\/p>\n<hr \/>\n<p>&nbsp;<\/p>\n<h2><span style=\"color: #808000;\">GOCCE DI FILOSOFIA<\/span><\/h2>\n<p><strong>PUNTATA 150<\/strong><\/p>\n<audio class=\"wp-audio-shortcode\" id=\"audio-262854-9\" preload=\"none\" style=\"width: 100%;\" controls=\"controls\"><source type=\"audio\/mpeg\" src=\"https:\/\/www.radiopiu.net\/wordpress\/wp-content\/uploads\/2022\/02\/FI5-3.mp3?_=9\" \/><a href=\"https:\/\/www.radiopiu.net\/wordpress\/wp-content\/uploads\/2022\/02\/FI5-3.mp3\">https:\/\/www.radiopiu.net\/wordpress\/wp-content\/uploads\/2022\/02\/FI5-3.mp3<\/a><\/audio>\n<p>&nbsp;<\/p>\n<p><strong>LA RACCOLTA COMPLETA<\/strong><\/p>\n<blockquote class=\"wp-embedded-content\" data-secret=\"ogky0CotHc\"><p><a href=\"https:\/\/www.radiopiu.net\/wordpress\/gocce-filosofia\/\">Gocce di filosofia, PRIMA E SECONDA STAGIONE 2022<\/a><\/p><\/blockquote>\n<p><iframe loading=\"lazy\" class=\"wp-embedded-content\" sandbox=\"allow-scripts\" security=\"restricted\" style=\"position: absolute; clip: rect(1px, 1px, 1px, 1px);\" title=\"&#8220;Gocce di filosofia, PRIMA E SECONDA STAGIONE 2022&#8221; &#8212; Radio Pi\u00f9\" src=\"https:\/\/www.radiopiu.net\/wordpress\/gocce-filosofia\/embed\/#?secret=ogky0CotHc\" data-secret=\"ogky0CotHc\" width=\"600\" height=\"338\" frameborder=\"0\" marginwidth=\"0\" marginheight=\"0\" scrolling=\"no\"><\/iframe><\/p>\n<p>&nbsp;<\/p>\n<p>&nbsp;<\/p>\n<hr \/>\n<p>&nbsp;<\/p>\n<p><span style=\"color: #0000ff;\">MUSICA PIU&#8217;\u00a0<\/span><\/p>\n<p><a href=\"https:\/\/www.radiopiu.net\/wordpress\/giornale-radiopiu-20-settembre-2021-direttore-mirko-mezzacasa\/pp-79\/\" rel=\"attachment wp-att-232921\"><img loading=\"lazy\" decoding=\"async\" class=\"wp-image-232921 alignleft\" src=\"https:\/\/www.radiopiu.net\/wordpress\/wp-content\/uploads\/2021\/09\/pp-1-300x300.jpg\" alt=\"\" width=\"135\" height=\"135\" srcset=\"https:\/\/www.radiopiu.net\/wordpress\/wp-content\/uploads\/2021\/09\/pp-1-300x300.jpg 300w, https:\/\/www.radiopiu.net\/wordpress\/wp-content\/uploads\/2021\/09\/pp-1-150x150.jpg 150w, https:\/\/www.radiopiu.net\/wordpress\/wp-content\/uploads\/2021\/09\/pp-1.jpg 640w\" sizes=\"auto, (max-width: 135px) 100vw, 135px\" \/><\/a><\/p>\n<div class=\"mkdf-post-text\">\n<div class=\"mkdf-post-text-inner\">\n<div class=\"mkdf-post-text-main\">\n<div class=\"mkdf-post-text\">\n<div class=\"mkdf-post-text-inner\">\n<div class=\"mkdf-post-text-main\">\n<div class=\"mkdf-post-text\">\n<div class=\"mkdf-post-text-inner\">\n<div class=\"mkdf-post-text-main\">\n<div class=\"page-title-head hgroup\">\n<div class=\"page-title-head hgroup\">\n<div class=\"mkdf-post-text\">\n<div class=\"mkdf-post-text-inner\">\n<div class=\"mkdf-post-text-main\">\n<div class=\"mkdf-post-text\">\n<div class=\"mkdf-post-text-inner\">\n<div class=\"mkdf-post-text-main\">\n<div class=\"page-title-head hgroup\">\n<div class=\"page-title-head hgroup\">\n<div class=\"page-title-head hgroup\">\n<div class=\"page-title-head hgroup\">\n<div class=\"b654a4as d2edcug0\">\n<div class=\"page-title-head hgroup\">\n<div class=\"page-title-head hgroup\">\n<div class=\"page-title-head hgroup\">\n<div class=\"page-title-head hgroup\">\n<div class=\"b654a4as d2edcug0\">\n<div class=\"page-title-head hgroup\">\n<div class=\"page-title-head hgroup\">\n<div class=\"page-title-head hgroup\">\n<div class=\"page-title-head hgroup\">\n<div class=\"b654a4as d2edcug0\">\n<div class=\"mkdf-post-text\">\n<div class=\"mkdf-post-text-inner\">\n<div class=\"mkdf-post-text-main\">\n<div class=\"mkdf-post-text\">\n<div class=\"mkdf-post-text-inner\">\n<div class=\"mkdf-post-text-main\">\n<div class=\"mkdf-post-text\">\n<div class=\"mkdf-post-text-inner\">\n<div class=\"mkdf-post-text-main\">\n<div class=\"page-title-head hgroup\">\n<div class=\"page-title-head hgroup\">\n<div class=\"mkdf-post-text\">\n<div class=\"mkdf-post-text-inner\">\n<div class=\"mkdf-post-text-main\">\n<div class=\"mkdf-post-text\">\n<div class=\"mkdf-post-text-inner\">\n<div class=\"mkdf-post-text-main\">\n<div class=\"page-title-head hgroup\">\n<div class=\"page-title-head hgroup\">\n<div class=\"page-title-head hgroup\">\n<div class=\"page-title-head hgroup\">\n<div class=\"b654a4as d2edcug0\">\n<div class=\"page-title-head hgroup\">\n<div class=\"page-title-head hgroup\">\n<div class=\"page-title-head hgroup\">\n<div class=\"page-title-head hgroup\">\n<div class=\"b654a4as d2edcug0\">\n<div class=\"page-title-head hgroup\">\n<div class=\"page-title-head hgroup\">\n<div class=\"page-title-head hgroup\">\n<div class=\"page-title-head hgroup\">\n<div class=\"b654a4as d2edcug0\">\n<div><\/div>\n<div><\/div>\n<div>\n<p><strong>MUSICA ALLA RADIO, IL PROGRAMMA DI LORIS SCUSSEL &#8220;COLLAGE OPERAZIONE NOSTALGIA&#8221; DAL LUNEDI AL VENERDI ALLE 16.00\u00a0 E ALLE 23\u00a0<\/strong><\/p>\n<\/div>\n<p>&nbsp;<\/p>\n<p><strong>PUNTATA 555 DEL 04 MARZO 2022<\/strong><\/p>\n<audio class=\"wp-audio-shortcode\" id=\"audio-262854-10\" preload=\"none\" style=\"width: 100%;\" controls=\"controls\"><source type=\"audio\/mpeg\" src=\"https:\/\/www.radiopiu.net\/wordpress\/wp-content\/uploads\/2022\/02\/Collage-555.mp3?_=10\" \/><a href=\"https:\/\/www.radiopiu.net\/wordpress\/wp-content\/uploads\/2022\/02\/Collage-555.mp3\">https:\/\/www.radiopiu.net\/wordpress\/wp-content\/uploads\/2022\/02\/Collage-555.mp3<\/a><\/audio>\n<p>&nbsp;<\/p>\n<p>&nbsp;<\/p>\n<hr \/>\n<\/div>\n<\/div>\n<\/div>\n<\/div>\n<\/div>\n<\/div>\n<\/div>\n<\/div>\n<\/div>\n<\/div>\n<\/div>\n<\/div>\n<\/div>\n<\/div>\n<\/div>\n<\/div>\n<\/div>\n<\/div>\n<\/div>\n<\/div>\n<\/div>\n<\/div>\n<\/div>\n<\/div>\n<\/div>\n<\/div>\n<\/div>\n<\/div>\n<\/div>\n<\/div>\n<\/div>\n<\/div>\n<\/div>\n<\/div>\n<\/div>\n<\/div>\n<\/div>\n<\/div>\n<\/div>\n<\/div>\n<\/div>\n<\/div>\n<\/div>\n<\/div>\n<\/div>\n<\/div>\n<\/div>\n<\/div>\n<\/div>\n<\/div>\n<\/div>\n<\/div>\n<\/div>\n<\/div>\n<\/div>\n<\/div>\n<\/div>\n<\/div>\n<\/div>\n<\/div>\n<\/div>\n<\/div>\n<\/div>\n<\/div>\n<p>&nbsp;<\/p>\n<p>&nbsp;<\/p>\n<p>https:\/\/www.radiopiu.net\/wordpress\/freemix-la-liberta-musicale-mixata-da-dj-athos-e-raccontata-da-dj-jack\/<\/p>\n<p>&nbsp;<\/p>\n<blockquote class=\"wp-embedded-content\" data-secret=\"ira3XhQNGc\"><p><a href=\"https:\/\/www.radiopiu.net\/wordpress\/da-ieri-alla-radio-in-palinsesto-loris-e-maurizio-con-la-grande-musica\/\">IL BLUES ALLA RADIO &#8230; COME NON L&#8217;AVETE MAI SENTITO PRIMA<\/a><\/p><\/blockquote>\n<p><iframe loading=\"lazy\" class=\"wp-embedded-content\" sandbox=\"allow-scripts\" security=\"restricted\" style=\"position: absolute; clip: rect(1px, 1px, 1px, 1px);\" title=\"&#8220;IL BLUES ALLA RADIO &#8230; COME NON L&#8217;AVETE MAI SENTITO PRIMA&#8221; &#8212; Radio Pi\u00f9\" src=\"https:\/\/www.radiopiu.net\/wordpress\/da-ieri-alla-radio-in-palinsesto-loris-e-maurizio-con-la-grande-musica\/embed\/#?secret=ira3XhQNGc\" data-secret=\"ira3XhQNGc\" width=\"600\" height=\"338\" frameborder=\"0\" marginwidth=\"0\" marginheight=\"0\" scrolling=\"no\"><\/iframe><\/p>\n<p>&nbsp;<\/p>\n<hr \/>\n<p>&nbsp;<\/p>\n<blockquote>\n<h3><span style=\"color: #0000ff;\">INFORMAZIONE il canale su TELEGRAM informazione di prima mano e in tempo reale. iscriviti ed aiutaci a farlo conoscere\u00a0\u00a0<\/span><\/h3>\n<\/blockquote>\n<div>\n<div class=\"page-title-head hgroup\">\n<div class=\"page-title-head hgroup\">\n<div class=\"page-title-head hgroup\">\n<div class=\"page-title-head hgroup\">\n<div class=\"b654a4as d2edcug0\">\n<div class=\"page-title-head hgroup\">\n<div class=\"page-title-head hgroup\">\n<div class=\"page-title-head hgroup\">\n<div class=\"page-title-head hgroup\">\n<div class=\"b654a4as d2edcug0\">\n<div class=\"page-title-head hgroup\">\n<div class=\"page-title-head hgroup\">\n<div class=\"page-title-head hgroup\">\n<div class=\"page-title-head hgroup\">\n<div class=\"page-title-head hgroup\">\n<div class=\"page-title-head hgroup\">\n<div class=\"page-title-head hgroup\">\n<div class=\"page-title-head hgroup\">\n<div class=\"page-title-head hgroup\">\n<div class=\"b654a4as d2edcug0\">\n<div class=\"page-title-head hgroup\">\n<div class=\"page-title-head hgroup\">\n<div class=\"page-title-head hgroup\">\n<div class=\"page-title-head hgroup\">\n<div class=\"b654a4as d2edcug0\">\n<div>\n<p>&nbsp;<\/p>\n<\/div>\n<div>\n<div class=\"page-title-head hgroup\">\n<div class=\"page-title-head hgroup\">\n<div class=\"page-title-head hgroup\">\n<div class=\"page-title-head hgroup\">\n<div class=\"page-title-head hgroup\">\n<div class=\"b654a4as d2edcug0\">\n<div>\n<hr \/>\n<\/div>\n<\/div>\n<div>\n<div>\n<p>&nbsp;<\/p>\n<\/div>\n<div>\n<div>\n<p>&nbsp;<\/p>\n<\/div>\n<div>\n<div>\n<p><strong>DUE MINUTI UN LIBRO, TUTTI I GIORNI ALLA RADIO ALLE 9.40 E ALLE 17.50\u00a0<\/strong><\/p>\n<div>\n<div>\n<p><strong>LA RACCOLTA COMPLETA\u00a0\u00a0<\/strong><\/p>\n<\/div>\n<div>\n<blockquote class=\"wp-embedded-content\" data-secret=\"QmZXcw5BY0\"><p><a href=\"https:\/\/www.radiopiu.net\/wordpress\/due-minuti-un-libro\/\">Due minuti un libro<\/a><\/p><\/blockquote>\n<p><iframe loading=\"lazy\" class=\"wp-embedded-content\" sandbox=\"allow-scripts\" security=\"restricted\" style=\"position: absolute; clip: rect(1px, 1px, 1px, 1px);\" title=\"&#8220;Due minuti un libro&#8221; &#8212; Radio Pi\u00f9\" src=\"https:\/\/www.radiopiu.net\/wordpress\/due-minuti-un-libro\/embed\/#?secret=QmZXcw5BY0\" data-secret=\"QmZXcw5BY0\" width=\"600\" height=\"338\" frameborder=\"0\" marginwidth=\"0\" marginheight=\"0\" scrolling=\"no\"><\/iframe><\/p>\n<\/div>\n<\/div>\n<\/div>\n<div class=\"mkdf-post-text\">\n<div class=\"mkdf-post-text-inner\">\n<div class=\"mkdf-post-text-main\">\n<div class=\"mkdf-post-text\">\n<div class=\"mkdf-post-text-inner\">\n<div class=\"mkdf-post-text-main\">\n<div class=\"mkdf-post-text\">\n<div class=\"mkdf-post-text-inner\">\n<div class=\"mkdf-post-text-main\">\n<div class=\"page-title-head hgroup\">\n<div class=\"page-title-head hgroup\">\n<div class=\"mkdf-post-text\">\n<div class=\"mkdf-post-text-inner\">\n<div class=\"mkdf-post-text-main\">\n<div class=\"mkdf-post-text\">\n<div class=\"mkdf-post-text-inner\">\n<div class=\"mkdf-post-text-main\">\n<div class=\"page-title-head hgroup\">\n<div class=\"page-title-head hgroup\">\n<div class=\"page-title-head hgroup\">\n<div class=\"page-title-head hgroup\">\n<div class=\"b654a4as d2edcug0\">\n<div class=\"page-title-head hgroup\">\n<div class=\"page-title-head hgroup\">\n<div class=\"page-title-head hgroup\">\n<div class=\"page-title-head hgroup\">\n<div class=\"b654a4as d2edcug0\">\n<div class=\"page-title-head hgroup\">\n<div class=\"page-title-head hgroup\">\n<div class=\"page-title-head hgroup\">\n<div class=\"page-title-head hgroup\">\n<div class=\"b654a4as d2edcug0\">\n<div>\n<p>&nbsp;<\/p>\n<\/div>\n<div>\n<hr \/>\n<p>&nbsp;<\/p>\n<\/div>\n<h2><span style=\"color: #808000;\">L&#8217;ALMANACCO LADINO\u00a0\u00a0<\/span><\/h2>\n<p><strong>LA RACCOLTA<\/strong><\/p>\n<blockquote class=\"wp-embedded-content\" data-secret=\"a5TMU3GQv1\"><p><a href=\"https:\/\/www.radiopiu.net\/wordpress\/almanacco-ladino\/\">Almanacco Ladino<\/a><\/p><\/blockquote>\n<p><iframe loading=\"lazy\" class=\"wp-embedded-content\" sandbox=\"allow-scripts\" security=\"restricted\" style=\"position: absolute; clip: rect(1px, 1px, 1px, 1px);\" title=\"&#8220;Almanacco Ladino&#8221; &#8212; Radio Pi\u00f9\" src=\"https:\/\/www.radiopiu.net\/wordpress\/almanacco-ladino\/embed\/#?secret=a5TMU3GQv1\" data-secret=\"a5TMU3GQv1\" width=\"600\" height=\"338\" frameborder=\"0\" marginwidth=\"0\" marginheight=\"0\" scrolling=\"no\"><\/iframe><\/p>\n<p>&nbsp;<\/p>\n<hr \/>\n<p>&nbsp;<\/p>\n<h2><span style=\"color: #33cccc;\">LA RASSEGNA STAMPA DA L&#8217;AMICO DEL POPOLO<\/span><\/h2>\n<p><strong>LA RACCOLTA COMPLETA<\/strong><\/p>\n<blockquote class=\"wp-embedded-content\" data-secret=\"Ce1JZHSuCF\"><p><a href=\"https:\/\/www.radiopiu.net\/wordpress\/rassegna-stampa-di-gianni-santomaso\/\">Rassegna stampa da l&#8217;amico del popolo &#8211; di Gianni Santomaso<\/a><\/p><\/blockquote>\n<p><iframe loading=\"lazy\" class=\"wp-embedded-content\" sandbox=\"allow-scripts\" security=\"restricted\" style=\"position: absolute; clip: rect(1px, 1px, 1px, 1px);\" title=\"&#8220;Rassegna stampa da l&#8217;amico del popolo &#8211; di Gianni Santomaso&#8221; &#8212; Radio Pi\u00f9\" src=\"https:\/\/www.radiopiu.net\/wordpress\/rassegna-stampa-di-gianni-santomaso\/embed\/#?secret=Ce1JZHSuCF\" data-secret=\"Ce1JZHSuCF\" width=\"600\" height=\"338\" frameborder=\"0\" marginwidth=\"0\" marginheight=\"0\" scrolling=\"no\"><\/iframe><\/p>\n<p>&nbsp;<\/p>\n<hr \/>\n<p>&nbsp;<\/p>\n<div>\n<div class=\"page-title-head hgroup\">\n<div class=\"page-title-head hgroup\">\n<div class=\"b654a4as d2edcug0\">\n<div class=\"j83agx80 btwxx1t3 lhclo0ds hop8lmos nkwizq5d scwd0bx6 roh60bw9\">\n<div class=\"rq0escxv hkbzh7o3 jwdofwj8 n8tt0mok r8blr3vg hyh9befq\">\n<div class=\"do00u71z l9j0dhe7 k4urcfbm\">\n<div class=\"ecm0bbzt e5nlhep0 a8c37x1j\">\n<div class=\"kvgmc6g5 cxmmr5t8 oygrvhab hcukyx3x c1et5uql\">\n<div class=\"gmail-kvgmc6g5 gmail-cxmmr5t8 gmail-oygrvhab gmail-hcukyx3x gmail-c1et5uql gmail-ii04i59q\">\n<div class=\"page-title-head hgroup\">\n<div class=\"page-title-head hgroup\">\n<div class=\"b654a4as d2edcug0\">\n<div class=\"j83agx80 btwxx1t3 lhclo0ds hop8lmos nkwizq5d scwd0bx6 roh60bw9\">\n<div class=\"rq0escxv hkbzh7o3 jwdofwj8 n8tt0mok r8blr3vg hyh9befq\">\n<div class=\"do00u71z l9j0dhe7 k4urcfbm\">\n<div>\n<div class=\"page-title-head hgroup\">\n<div class=\"page-title-head hgroup\">\n<div class=\"page-title-head hgroup\">\n<div class=\"page-title-head hgroup\">\n<div class=\"b654a4as d2edcug0\">\n<div class=\"page-title-head hgroup\">\n<div class=\"page-title-head hgroup\">\n<div class=\"page-title-head hgroup\">\n<div class=\"page-title-head hgroup\">\n<div class=\"b654a4as d2edcug0\">\n<div class=\"page-title-head hgroup\">\n<div class=\"page-title-head hgroup\">\n<div class=\"page-title-head hgroup\">\n<div class=\"page-title-head hgroup\">\n<div class=\"page-title-head hgroup\">\n<div class=\"page-title-head hgroup\">\n<div class=\"page-title-head hgroup\">\n<div class=\"page-title-head hgroup\">\n<div class=\"page-title-head hgroup\">\n<div class=\"b654a4as d2edcug0\">\n<div class=\"page-title-head hgroup\">\n<div class=\"page-title-head hgroup\">\n<div class=\"page-title-head hgroup\">\n<div class=\"page-title-head hgroup\">\n<div class=\"b654a4as d2edcug0\">\n<div>\n<div class=\"page-title-head hgroup\">\n<div class=\"page-title-head hgroup\">\n<div class=\"page-title-head hgroup\">\n<div class=\"page-title-head hgroup\">\n<div class=\"page-title-head hgroup\">\n<div>\n<div>\n<div>\n<div class=\"mkdf-post-text\">\n<div class=\"mkdf-post-text-inner\">\n<div class=\"mkdf-post-text-main\">\n<div class=\"mkdf-post-text\">\n<div class=\"mkdf-post-text-inner\">\n<div class=\"mkdf-post-text-main\">\n<div class=\"mkdf-post-text\">\n<div class=\"mkdf-post-text-inner\">\n<div class=\"mkdf-post-text-main\">\n<div class=\"page-title-head hgroup\">\n<div class=\"page-title-head hgroup\">\n<div class=\"mkdf-post-text\">\n<div class=\"mkdf-post-text-inner\">\n<div class=\"mkdf-post-text-main\">\n<div class=\"mkdf-post-text\">\n<div class=\"mkdf-post-text-inner\">\n<div class=\"mkdf-post-text-main\">\n<div class=\"page-title-head hgroup\">\n<div class=\"page-title-head hgroup\">\n<div class=\"page-title-head hgroup\">\n<div class=\"page-title-head hgroup\">\n<div class=\"b654a4as d2edcug0\">\n<div class=\"page-title-head hgroup\">\n<div class=\"page-title-head hgroup\">\n<div class=\"page-title-head hgroup\">\n<div class=\"page-title-head hgroup\">\n<div class=\"b654a4as d2edcug0\">\n<div class=\"page-title-head hgroup\">\n<div class=\"page-title-head hgroup\">\n<div class=\"page-title-head hgroup\">\n<div class=\"page-title-head hgroup\">\n<div class=\"b654a4as d2edcug0\">\n<p>&nbsp;<\/p>\n<h2><span style=\"color: #800080;\">I RACCONTI DI PAOLO SOPPELSA\u00a0<\/span><\/h2>\n<p><strong>LA RACCOLTA COMPLETA<\/strong><\/p>\n<blockquote class=\"wp-embedded-content\" data-secret=\"K2Q1ITp9d1\"><p><a href=\"https:\/\/www.radiopiu.net\/wordpress\/i-racconti-di-paolo-soppelsa\/\">I racconti di Paolo Soppelsa<\/a><\/p><\/blockquote>\n<p><iframe loading=\"lazy\" class=\"wp-embedded-content\" sandbox=\"allow-scripts\" security=\"restricted\" style=\"position: absolute; clip: rect(1px, 1px, 1px, 1px);\" title=\"&#8220;I racconti di Paolo Soppelsa&#8221; &#8212; Radio Pi\u00f9\" src=\"https:\/\/www.radiopiu.net\/wordpress\/i-racconti-di-paolo-soppelsa\/embed\/#?secret=K2Q1ITp9d1\" data-secret=\"K2Q1ITp9d1\" width=\"600\" height=\"338\" frameborder=\"0\" marginwidth=\"0\" marginheight=\"0\" scrolling=\"no\"><\/iframe><\/p>\n<p>&nbsp;<\/p>\n<\/div>\n<\/div>\n<\/div>\n<\/div>\n<\/div>\n<\/div>\n<\/div>\n<\/div>\n<\/div>\n<\/div>\n<\/div>\n<\/div>\n<\/div>\n<\/div>\n<\/div>\n<\/div>\n<\/div>\n<\/div>\n<\/div>\n<\/div>\n<\/div>\n<\/div>\n<\/div>\n<\/div>\n<\/div>\n<\/div>\n<\/div>\n<\/div>\n<\/div>\n<\/div>\n<\/div>\n<\/div>\n<\/div>\n<\/div>\n<\/div>\n<\/div>\n<\/div>\n<\/div>\n<\/div>\n<\/div>\n<\/div>\n<\/div>\n<\/div>\n<\/div>\n<\/div>\n<\/div>\n<\/div>\n<\/div>\n<\/div>\n<\/div>\n<\/div>\n<\/div>\n<\/div>\n<\/div>\n<\/div>\n<\/div>\n<\/div>\n<\/div>\n<\/div>\n<\/div>\n<\/div>\n<\/div>\n<\/div>\n<\/div>\n<\/div>\n<\/div>\n<\/div>\n<div>\n<div class=\"page-title-head hgroup\">\n<div class=\"page-title-head hgroup\">\n<div class=\"page-title-head hgroup\">\n<div class=\"page-title-head hgroup\">\n<div class=\"b654a4as d2edcug0\">\n<div class=\"page-title-head hgroup\">\n<div class=\"page-title-head hgroup\">\n<div class=\"page-title-head hgroup\">\n<div class=\"page-title-head hgroup\">\n<div class=\"b654a4as d2edcug0\">\n<div class=\"page-title-head hgroup\">\n<div class=\"page-title-head hgroup\">\n<div class=\"page-title-head hgroup\">\n<div class=\"page-title-head hgroup\">\n<div class=\"page-title-head hgroup\">\n<div class=\"page-title-head hgroup\">\n<div class=\"page-title-head hgroup\">\n<div class=\"page-title-head hgroup\">\n<div class=\"page-title-head hgroup\">\n<div class=\"b654a4as d2edcug0\">\n<div class=\"page-title-head hgroup\">\n<div class=\"page-title-head hgroup\">\n<div class=\"page-title-head hgroup\">\n<div class=\"page-title-head hgroup\">\n<div class=\"b654a4as d2edcug0\">\n<div>\n<div class=\"page-title-head hgroup\">\n<div class=\"page-title-head hgroup\">\n<div class=\"page-title-head hgroup\">\n<div class=\"page-title-head hgroup\">\n<div class=\"page-title-head hgroup\">\n<div>\n<div>\n<div>\n<div class=\"mkdf-post-text\">\n<div class=\"mkdf-post-text-inner\">\n<div class=\"mkdf-post-text-main\">\n<div class=\"mkdf-post-text\">\n<div class=\"mkdf-post-text-inner\">\n<div class=\"mkdf-post-text-main\">\n<div class=\"mkdf-post-text\">\n<div class=\"mkdf-post-text-inner\">\n<div class=\"mkdf-post-text-main\">\n<div class=\"page-title-head hgroup\">\n<div class=\"page-title-head hgroup\">\n<div class=\"mkdf-post-text\">\n<div class=\"mkdf-post-text-inner\">\n<div class=\"mkdf-post-text-main\">\n<div class=\"mkdf-post-text\">\n<div class=\"mkdf-post-text-inner\">\n<div class=\"mkdf-post-text-main\">\n<div class=\"page-title-head hgroup\">\n<div class=\"page-title-head hgroup\">\n<div class=\"page-title-head hgroup\">\n<div class=\"page-title-head hgroup\">\n<div class=\"b654a4as d2edcug0\">\n<div class=\"page-title-head hgroup\">\n<div class=\"page-title-head hgroup\">\n<div class=\"page-title-head hgroup\">\n<div class=\"page-title-head hgroup\">\n<div class=\"b654a4as d2edcug0\">\n<div class=\"page-title-head hgroup\">\n<div class=\"page-title-head hgroup\">\n<div class=\"page-title-head hgroup\">\n<div class=\"page-title-head hgroup\">\n<div class=\"b654a4as d2edcug0\">\n<hr \/>\n<\/div>\n<div class=\"b654a4as d2edcug0\">\n<p>&nbsp;<\/p>\n<p><a href=\"https:\/\/www.radiopiu.net\/wordpress\/giornale-radiopiu-26-settembre-2018-direttore-mirko-mezzacasa\/viabilita-2\/\" rel=\"attachment wp-att-61954\"><img loading=\"lazy\" decoding=\"async\" class=\"aligncenter wp-image-61954 size-full\" src=\"https:\/\/www.radiopiu.net\/wordpress\/wp-content\/uploads\/2018\/09\/viabilita.jpeg\" sizes=\"auto, (max-width: 800px) 100vw, 800px\" srcset=\"https:\/\/www.radiopiu.net\/wordpress\/wp-content\/uploads\/2018\/09\/viabilita.jpeg 800w, https:\/\/www.radiopiu.net\/wordpress\/wp-content\/uploads\/2018\/09\/viabilita-300x38.jpeg 300w, https:\/\/www.radiopiu.net\/wordpress\/wp-content\/uploads\/2018\/09\/viabilita-768x96.jpeg 768w\" alt=\"\" width=\"800\" height=\"100\" \/><\/a><\/p>\n<\/div>\n<\/div>\n<\/div>\n<\/div>\n<\/div>\n<\/div>\n<\/div>\n<\/div>\n<\/div>\n<\/div>\n<\/div>\n<\/div>\n<\/div>\n<\/div>\n<\/div>\n<\/div>\n<\/div>\n<\/div>\n<\/div>\n<\/div>\n<\/div>\n<\/div>\n<\/div>\n<\/div>\n<\/div>\n<\/div>\n<\/div>\n<\/div>\n<\/div>\n<\/div>\n<\/div>\n<\/div>\n<\/div>\n<\/div>\n<\/div>\n<\/div>\n<\/div>\n<\/div>\n<\/div>\n<\/div>\n<\/div>\n<\/div>\n<\/div>\n<\/div>\n<\/div>\n<\/div>\n<\/div>\n<\/div>\n<\/div>\n<\/div>\n<\/div>\n<\/div>\n<\/div>\n<\/div>\n<\/div>\n<\/div>\n<\/div>\n<\/div>\n<\/div>\n<\/div>\n<\/div>\n<\/div>\n<\/div>\n<\/div>\n<\/div>\n<\/div>\n<\/div>\n<\/div>\n<\/div>\n<\/div>\n<\/div>\n<\/div>\n<\/div>\n<\/div>\n<\/div>\n<\/div>\n<\/div>\n<\/div>\n<\/div>\n<\/div>\n<\/div>\n<\/div>\n<\/div>\n<div>\n<div class=\"page-title-head hgroup\">\n<div class=\"page-title-head hgroup\">\n<div class=\"b654a4as d2edcug0\">\n<div class=\"j83agx80 btwxx1t3 lhclo0ds hop8lmos nkwizq5d scwd0bx6 roh60bw9\">\n<div class=\"rq0escxv hkbzh7o3 jwdofwj8 n8tt0mok r8blr3vg hyh9befq\">\n<div class=\"do00u71z l9j0dhe7 k4urcfbm\">\n<div class=\"ecm0bbzt e5nlhep0 a8c37x1j\">\n<div class=\"kvgmc6g5 cxmmr5t8 oygrvhab hcukyx3x c1et5uql\">\n<div class=\"gmail-kvgmc6g5 gmail-cxmmr5t8 gmail-oygrvhab gmail-hcukyx3x gmail-c1et5uql gmail-ii04i59q\">\n<div class=\"page-title-head hgroup\">\n<div class=\"page-title-head hgroup\">\n<div class=\"b654a4as d2edcug0\">\n<div class=\"j83agx80 btwxx1t3 lhclo0ds hop8lmos nkwizq5d scwd0bx6 roh60bw9\">\n<div class=\"rq0escxv hkbzh7o3 jwdofwj8 n8tt0mok r8blr3vg hyh9befq\">\n<div class=\"do00u71z l9j0dhe7 k4urcfbm\">\n<div class=\"page-title-head hgroup\">\n<div class=\"page-title-head hgroup\">\n<div class=\"page-title-head hgroup\">\n<div class=\"page-title-head hgroup\">\n<div class=\"b654a4as d2edcug0\">\n<div class=\"page-title-head hgroup\">\n<div class=\"page-title-head hgroup\">\n<div class=\"page-title-head hgroup\">\n<div class=\"page-title-head hgroup\">\n<div class=\"b654a4as d2edcug0\">\n<div class=\"page-title-head hgroup\">\n<div class=\"page-title-head hgroup\">\n<div class=\"page-title-head hgroup\">\n<div class=\"page-title-head hgroup\">\n<div class=\"page-title-head hgroup\">\n<div class=\"page-title-head hgroup\">\n<div class=\"page-title-head hgroup\">\n<div class=\"page-title-head hgroup\">\n<div class=\"page-title-head hgroup\">\n<div class=\"b654a4as d2edcug0\">\n<div class=\"page-title-head hgroup\">\n<div class=\"page-title-head hgroup\">\n<div class=\"page-title-head hgroup\">\n<div class=\"page-title-head hgroup\">\n<div class=\"b654a4as d2edcug0\">\n<div class=\"page-title-head hgroup\">\n<div class=\"page-title-head hgroup\">\n<div class=\"page-title-head hgroup\">\n<div class=\"page-title-head hgroup\">\n<div class=\"page-title-head hgroup\">\n<div class=\"mkdf-post-text\">\n<div class=\"mkdf-post-text-inner\">\n<div class=\"mkdf-post-text-main\">\n<div class=\"mkdf-post-text\">\n<div class=\"mkdf-post-text-inner\">\n<div class=\"mkdf-post-text-main\">\n<div class=\"mkdf-post-text\">\n<div class=\"mkdf-post-text-inner\">\n<div class=\"mkdf-post-text-main\">\n<div class=\"page-title-head hgroup\">\n<div class=\"page-title-head hgroup\">\n<div class=\"mkdf-post-text\">\n<div class=\"mkdf-post-text-inner\">\n<div class=\"mkdf-post-text-main\">\n<div class=\"mkdf-post-text\">\n<div class=\"mkdf-post-text-inner\">\n<div class=\"mkdf-post-text-main\">\n<div class=\"page-title-head hgroup\">\n<div class=\"page-title-head hgroup\">\n<div class=\"page-title-head hgroup\">\n<div class=\"page-title-head hgroup\">\n<div class=\"b654a4as d2edcug0\">\n<div class=\"page-title-head hgroup\">\n<div class=\"page-title-head hgroup\">\n<div class=\"page-title-head hgroup\">\n<div class=\"page-title-head hgroup\">\n<div class=\"b654a4as d2edcug0\">\n<div class=\"page-title-head hgroup\">\n<div class=\"page-title-head hgroup\">\n<div class=\"page-title-head hgroup\">\n<div class=\"page-title-head hgroup\">\n<div class=\"b654a4as d2edcug0\">\n<div class=\"ecm0bbzt e5nlhep0 a8c37x1j\">\n<div class=\"kvgmc6g5 cxmmr5t8 oygrvhab hcukyx3x c1et5uql\">\n<div class=\"gmail-kvgmc6g5 gmail-cxmmr5t8 gmail-oygrvhab gmail-hcukyx3x gmail-c1et5uql gmail-ii04i59q\">\n<div class=\"page-title-head hgroup\">\n<div class=\"page-title-head hgroup\">\n<div class=\"b654a4as d2edcug0\">\n<div class=\"j83agx80 btwxx1t3 lhclo0ds hop8lmos nkwizq5d scwd0bx6 roh60bw9\">\n<div class=\"rq0escxv hkbzh7o3 jwdofwj8 n8tt0mok r8blr3vg hyh9befq\">\n<div class=\"do00u71z l9j0dhe7 k4urcfbm\">\n<div class=\"page-title-head hgroup\">\n<div class=\"page-title-head hgroup\">\n<div class=\"page-title-head hgroup\">\n<div class=\"page-title-head hgroup\">\n<div class=\"b654a4as d2edcug0\">\n<div class=\"page-title-head hgroup\">\n<div class=\"page-title-head hgroup\">\n<div class=\"page-title-head hgroup\">\n<div class=\"page-title-head hgroup\">\n<div class=\"b654a4as d2edcug0\">\n<div class=\"page-title-head hgroup\">\n<div class=\"page-title-head hgroup\">\n<div class=\"page-title-head hgroup\">\n<div class=\"page-title-head hgroup\">\n<div class=\"page-title-head hgroup\">\n<div class=\"page-title-head hgroup\">\n<div class=\"page-title-head hgroup\">\n<div class=\"page-title-head hgroup\">\n<div class=\"page-title-head hgroup\">\n<div class=\"b654a4as d2edcug0\">\n<div class=\"page-title-head hgroup\">\n<div class=\"page-title-head hgroup\">\n<div class=\"page-title-head hgroup\">\n<div class=\"page-title-head hgroup\">\n<div class=\"b654a4as d2edcug0\">\n<div class=\"page-title-head hgroup\">\n<div class=\"page-title-head hgroup\">\n<div class=\"page-title-head hgroup\">\n<div class=\"page-title-head hgroup\">\n<div class=\"page-title-head hgroup\">\n<div class=\"mkdf-post-text\">\n<div class=\"mkdf-post-text-inner\">\n<div class=\"mkdf-post-text-main\">\n<div class=\"mkdf-post-text\">\n<div class=\"mkdf-post-text-inner\">\n<div class=\"mkdf-post-text-main\">\n<div class=\"mkdf-post-text\">\n<div class=\"mkdf-post-text-inner\">\n<div class=\"mkdf-post-text-main\">\n<div class=\"page-title-head hgroup\">\n<div class=\"page-title-head hgroup\">\n<div class=\"mkdf-post-text\">\n<div class=\"mkdf-post-text-inner\">\n<div class=\"mkdf-post-text-main\">\n<div class=\"mkdf-post-text\">\n<div class=\"mkdf-post-text-inner\">\n<div class=\"mkdf-post-text-main\">\n<div class=\"page-title-head hgroup\">\n<div class=\"page-title-head hgroup\">\n<div class=\"page-title-head hgroup\">\n<div class=\"page-title-head hgroup\">\n<div class=\"b654a4as d2edcug0\">\n<div class=\"page-title-head hgroup\">\n<div class=\"page-title-head hgroup\">\n<div class=\"page-title-head hgroup\">\n<div class=\"page-title-head hgroup\">\n<div class=\"b654a4as d2edcug0\">\n<div class=\"page-title-head hgroup\">\n<div class=\"page-title-head hgroup\">\n<div class=\"page-title-head hgroup\">\n<div class=\"page-title-head hgroup\">\n<div class=\"b654a4as d2edcug0\">\n<p>&nbsp;<\/p>\n<blockquote>\n<h3>LAVORI ALLA CONDOTTA FOGNARIA DI MASARE&#8217; DI ROCCA PIETORE DAL 7 AL 25 MARZO<\/h3>\n<\/blockquote>\n<p><strong><a class=\"dt-pswp-item\" href=\"https:\/\/www.radiopiu.net\/wordpress\/wp-content\/uploads\/2021\/06\/LAVORI.jpg\" data-dt-img-description=\"\" data-large_image_width=\"188\" data-large_image_height=\"164\"><img loading=\"lazy\" decoding=\"async\" class=\" wp-image-216176 alignleft\" src=\"https:\/\/www.radiopiu.net\/wordpress\/wp-content\/uploads\/2021\/06\/LAVORI.jpg\" alt=\"\" width=\"133\" height=\"116\" \/><\/a>ROCCA PIETORE<\/strong> Il comune di Rocca Pietore ha esposto un&#8217;ordinanza che i riguarda i lavori alla condotta fognaria a Masar\u00e8. Dal 7 al 11 marzo e dal 21 al 25 marzo senso unico alternato regolato ma movieri. Dal 14 al 18 marzo il traffico verr\u00e0 deviato nel parcheggio antistante il civico 20 mentre nella giornata del 17 marzo, dalle 7 alle 24, interdizione totale alla circolazione al fine di consentire l&#8217;esecuzione di lavori sulla condotta fognaria a cura di BIM GSP.<\/p>\n<p>&nbsp;<\/p>\n<p>&nbsp;<\/p>\n<blockquote class=\"wp-embedded-content\" data-secret=\"okE9L84ZTx\"><p><a href=\"https:\/\/www.radiopiu.net\/wordpress\/viabilita\/\">viabilita<\/a><\/p><\/blockquote>\n<p><iframe loading=\"lazy\" class=\"wp-embedded-content\" sandbox=\"allow-scripts\" security=\"restricted\" style=\"position: absolute; clip: rect(1px, 1px, 1px, 1px);\" title=\"&#8220;viabilita&#8221; &#8212; Radio Pi\u00f9\" src=\"https:\/\/www.radiopiu.net\/wordpress\/viabilita\/embed\/#?secret=okE9L84ZTx\" data-secret=\"okE9L84ZTx\" width=\"600\" height=\"338\" frameborder=\"0\" marginwidth=\"0\" marginheight=\"0\" scrolling=\"no\"><\/iframe><\/p>\n<p>&nbsp;<\/p>\n<hr \/>\n<\/div>\n<\/div>\n<\/div>\n<\/div>\n<\/div>\n<\/div>\n<\/div>\n<\/div>\n<\/div>\n<\/div>\n<\/div>\n<\/div>\n<\/div>\n<\/div>\n<\/div>\n<\/div>\n<\/div>\n<\/div>\n<\/div>\n<\/div>\n<\/div>\n<\/div>\n<\/div>\n<\/div>\n<\/div>\n<\/div>\n<\/div>\n<\/div>\n<\/div>\n<\/div>\n<\/div>\n<\/div>\n<\/div>\n<\/div>\n<\/div>\n<\/div>\n<\/div>\n<\/div>\n<\/div>\n<\/div>\n<\/div>\n<\/div>\n<\/div>\n<\/div>\n<\/div>\n<\/div>\n<\/div>\n<\/div>\n<\/div>\n<\/div>\n<\/div>\n<\/div>\n<\/div>\n<\/div>\n<\/div>\n<\/div>\n<\/div>\n<\/div>\n<\/div>\n<\/div>\n<\/div>\n<\/div>\n<\/div>\n<\/div>\n<\/div>\n<\/div>\n<\/div>\n<\/div>\n<\/div>\n<\/div>\n<\/div>\n<\/div>\n<\/div>\n<\/div>\n<\/div>\n<\/div>\n<\/div>\n<\/div>\n<\/div>\n<\/div>\n<\/div>\n<\/div>\n<\/div>\n<\/div>\n<\/div>\n<\/div>\n<\/div>\n<\/div>\n<\/div>\n<\/div>\n<\/div>\n<\/div>\n<\/div>\n<\/div>\n<\/div>\n<\/div>\n<\/div>\n<\/div>\n<\/div>\n<\/div>\n<\/div>\n<\/div>\n<\/div>\n<\/div>\n<\/div>\n<\/div>\n<\/div>\n<\/div>\n<\/div>\n<\/div>\n<\/div>\n<\/div>\n<\/div>\n<\/div>\n<\/div>\n<\/div>\n<\/div>\n<\/div>\n<\/div>\n<\/div>\n<\/div>\n<\/div>\n<\/div>\n<\/div>\n<\/div>\n<\/div>\n<\/div>\n<\/div>\n<\/div>\n<\/div>\n<\/div>\n<\/div>\n<\/div>\n<\/div>\n<\/div>\n<\/div>\n<\/div>\n<\/div>\n<\/div>\n<\/div>\n<\/div>\n<\/div>\n<\/div>\n<\/div>\n<\/div>\n<\/div>\n<\/div>\n<\/div>\n<\/div>\n<p>&nbsp;<\/p>\n<div>\n<div class=\"page-title-head hgroup\">\n<div class=\"page-title-head hgroup\">\n<div class=\"b654a4as d2edcug0\">\n<div class=\"j83agx80 btwxx1t3 lhclo0ds hop8lmos nkwizq5d scwd0bx6 roh60bw9\">\n<div class=\"rq0escxv hkbzh7o3 jwdofwj8 n8tt0mok r8blr3vg hyh9befq\">\n<div class=\"do00u71z l9j0dhe7 k4urcfbm\">\n<div class=\"page-title-head hgroup\">\n<div class=\"page-title-head hgroup\">\n<div class=\"b654a4as d2edcug0\">\n<div class=\"j83agx80 btwxx1t3 lhclo0ds hop8lmos nkwizq5d scwd0bx6 roh60bw9\">\n<div class=\"rq0escxv hkbzh7o3 jwdofwj8 n8tt0mok r8blr3vg hyh9befq\">\n<div class=\"do00u71z l9j0dhe7 k4urcfbm\">\n<div class=\"ecm0bbzt e5nlhep0 a8c37x1j\">\n<div class=\"kvgmc6g5 cxmmr5t8 oygrvhab hcukyx3x c1et5uql\">\n<div class=\"gmail-kvgmc6g5 gmail-cxmmr5t8 gmail-oygrvhab gmail-hcukyx3x gmail-c1et5uql gmail-ii04i59q\">\n<div class=\"page-title-head hgroup\">\n<div class=\"page-title-head hgroup\">\n<div class=\"b654a4as d2edcug0\">\n<div class=\"j83agx80 btwxx1t3 lhclo0ds hop8lmos nkwizq5d scwd0bx6 roh60bw9\">\n<div class=\"rq0escxv hkbzh7o3 jwdofwj8 n8tt0mok r8blr3vg hyh9befq\">\n<div class=\"do00u71z l9j0dhe7 k4urcfbm\">\n<div class=\"page-title-head hgroup\">\n<div class=\"page-title-head hgroup\">\n<div class=\"b654a4as d2edcug0\">\n<div class=\"j83agx80 btwxx1t3 lhclo0ds hop8lmos nkwizq5d scwd0bx6 roh60bw9\">\n<div class=\"rq0escxv hkbzh7o3 jwdofwj8 n8tt0mok r8blr3vg hyh9befq\">\n<div class=\"do00u71z l9j0dhe7 k4urcfbm\">\n<div>\n<div class=\"page-title-head hgroup\">\n<div class=\"page-title-head hgroup\">\n<div class=\"b654a4as d2edcug0\">\n<div class=\"j83agx80 btwxx1t3 lhclo0ds hop8lmos nkwizq5d scwd0bx6 roh60bw9\">\n<div class=\"rq0escxv hkbzh7o3 jwdofwj8 n8tt0mok r8blr3vg hyh9befq\">\n<div class=\"do00u71z l9j0dhe7 k4urcfbm\">\n<div class=\"ecm0bbzt e5nlhep0 a8c37x1j\">\n<div class=\"kvgmc6g5 cxmmr5t8 oygrvhab hcukyx3x c1et5uql\">\n<div class=\"gmail-kvgmc6g5 gmail-cxmmr5t8 gmail-oygrvhab gmail-hcukyx3x gmail-c1et5uql gmail-ii04i59q\">\n<div class=\"page-title-head hgroup\">\n<div class=\"page-title-head hgroup\">\n<div class=\"b654a4as d2edcug0\">\n<div class=\"j83agx80 btwxx1t3 lhclo0ds hop8lmos nkwizq5d scwd0bx6 roh60bw9\">\n<div class=\"rq0escxv hkbzh7o3 jwdofwj8 n8tt0mok r8blr3vg hyh9befq\">\n<div class=\"do00u71z l9j0dhe7 k4urcfbm\">\n<div class=\"page-title-head hgroup\">\n<div class=\"page-title-head hgroup\">\n<div class=\"page-title-head hgroup\">\n<div class=\"page-title-head hgroup\">\n<div class=\"b654a4as d2edcug0\">\n<div class=\"page-title-head hgroup\">\n<div class=\"page-title-head hgroup\">\n<div class=\"page-title-head hgroup\">\n<div class=\"page-title-head hgroup\">\n<div class=\"b654a4as d2edcug0\">\n<div class=\"page-title-head hgroup\">\n<div class=\"page-title-head hgroup\">\n<div class=\"page-title-head hgroup\">\n<div class=\"page-title-head hgroup\">\n<div class=\"page-title-head hgroup\">\n<div class=\"page-title-head hgroup\">\n<div class=\"page-title-head hgroup\">\n<div class=\"page-title-head hgroup\">\n<div class=\"page-title-head hgroup\">\n<div class=\"b654a4as d2edcug0\">\n<div class=\"page-title-head hgroup\">\n<div class=\"page-title-head hgroup\">\n<div class=\"page-title-head hgroup\">\n<div class=\"page-title-head hgroup\">\n<div class=\"b654a4as d2edcug0\">\n<div class=\"page-title-head hgroup\">\n<div class=\"page-title-head hgroup\">\n<div class=\"page-title-head hgroup\">\n<div class=\"page-title-head hgroup\">\n<div class=\"page-title-head hgroup\">\n<div class=\"mkdf-post-text\">\n<div class=\"mkdf-post-text-inner\">\n<div class=\"mkdf-post-text-main\">\n<div class=\"mkdf-post-text\">\n<div class=\"mkdf-post-text-inner\">\n<div class=\"mkdf-post-text-main\">\n<div class=\"mkdf-post-text\">\n<div class=\"mkdf-post-text-inner\">\n<div class=\"mkdf-post-text-main\">\n<div class=\"page-title-head hgroup\">\n<div class=\"page-title-head hgroup\">\n<div class=\"mkdf-post-text\">\n<div class=\"mkdf-post-text-inner\">\n<div class=\"mkdf-post-text-main\">\n<div class=\"mkdf-post-text\">\n<div class=\"mkdf-post-text-inner\">\n<div class=\"mkdf-post-text-main\">\n<div class=\"page-title-head hgroup\">\n<div class=\"page-title-head hgroup\">\n<div class=\"page-title-head hgroup\">\n<div class=\"page-title-head hgroup\">\n<div class=\"b654a4as d2edcug0\">\n<div class=\"page-title-head hgroup\">\n<div class=\"page-title-head hgroup\">\n<div class=\"page-title-head hgroup\">\n<div class=\"page-title-head hgroup\">\n<div class=\"b654a4as d2edcug0\">\n<div class=\"page-title-head hgroup\">\n<div class=\"page-title-head hgroup\">\n<div class=\"page-title-head hgroup\">\n<div class=\"page-title-head hgroup\">\n<div class=\"b654a4as d2edcug0\">\n<div class=\"ecm0bbzt e5nlhep0 a8c37x1j\">\n<div class=\"kvgmc6g5 cxmmr5t8 oygrvhab hcukyx3x c1et5uql\">\n<div class=\"gmail-kvgmc6g5 gmail-cxmmr5t8 gmail-oygrvhab gmail-hcukyx3x gmail-c1et5uql gmail-ii04i59q\">\n<div class=\"page-title-head hgroup\">\n<div class=\"page-title-head hgroup\">\n<div class=\"b654a4as d2edcug0\">\n<div class=\"j83agx80 btwxx1t3 lhclo0ds hop8lmos nkwizq5d scwd0bx6 roh60bw9\">\n<div class=\"rq0escxv hkbzh7o3 jwdofwj8 n8tt0mok r8blr3vg hyh9befq\">\n<div class=\"do00u71z l9j0dhe7 k4urcfbm\">\n<div class=\"page-title-head hgroup\">\n<div class=\"page-title-head hgroup\">\n<div class=\"page-title-head hgroup\">\n<div class=\"page-title-head hgroup\">\n<div class=\"b654a4as d2edcug0\">\n<div class=\"page-title-head hgroup\">\n<div class=\"page-title-head hgroup\">\n<div class=\"page-title-head hgroup\">\n<div class=\"page-title-head hgroup\">\n<div class=\"b654a4as d2edcug0\">\n<div class=\"page-title-head hgroup\">\n<div class=\"page-title-head hgroup\">\n<div class=\"page-title-head hgroup\">\n<div class=\"page-title-head hgroup\">\n<div class=\"page-title-head hgroup\">\n<div class=\"page-title-head hgroup\">\n<div class=\"page-title-head hgroup\">\n<div class=\"page-title-head hgroup\">\n<div class=\"page-title-head hgroup\">\n<div class=\"b654a4as d2edcug0\">\n<div class=\"page-title-head hgroup\">\n<div class=\"page-title-head hgroup\">\n<div class=\"page-title-head hgroup\">\n<div class=\"page-title-head hgroup\">\n<div class=\"b654a4as d2edcug0\">\n<div class=\"page-title-head hgroup\">\n<div class=\"page-title-head hgroup\">\n<div class=\"page-title-head hgroup\">\n<div class=\"page-title-head hgroup\">\n<div class=\"page-title-head hgroup\">\n<div class=\"mkdf-post-text\">\n<div class=\"mkdf-post-text-inner\">\n<div class=\"mkdf-post-text-main\">\n<div class=\"mkdf-post-text\">\n<div class=\"mkdf-post-text-inner\">\n<div class=\"mkdf-post-text-main\">\n<div class=\"mkdf-post-text\">\n<div class=\"mkdf-post-text-inner\">\n<div class=\"mkdf-post-text-main\">\n<div class=\"page-title-head hgroup\">\n<div class=\"page-title-head hgroup\">\n<div class=\"mkdf-post-text\">\n<div class=\"mkdf-post-text-inner\">\n<div class=\"mkdf-post-text-main\">\n<div class=\"mkdf-post-text\">\n<div class=\"mkdf-post-text-inner\">\n<div class=\"mkdf-post-text-main\">\n<div class=\"page-title-head hgroup\">\n<div class=\"page-title-head hgroup\">\n<div class=\"page-title-head hgroup\">\n<div class=\"page-title-head hgroup\">\n<div class=\"b654a4as d2edcug0\">\n<div class=\"page-title-head hgroup\">\n<div class=\"page-title-head hgroup\">\n<div class=\"page-title-head hgroup\">\n<div class=\"page-title-head hgroup\">\n<div class=\"b654a4as d2edcug0\">\n<div class=\"page-title-head hgroup\">\n<div class=\"page-title-head hgroup\">\n<div class=\"page-title-head hgroup\">\n<div class=\"page-title-head hgroup\">\n<div class=\"b654a4as d2edcug0\">\n<p>&nbsp;<\/p>\n<\/div>\n<div class=\"b654a4as d2edcug0\">\n<div class=\"ecm0bbzt e5nlhep0 a8c37x1j\">\n<div class=\"kvgmc6g5 cxmmr5t8 oygrvhab hcukyx3x c1et5uql\">\n<div class=\"gmail-kvgmc6g5 gmail-cxmmr5t8 gmail-oygrvhab gmail-hcukyx3x gmail-c1et5uql gmail-ii04i59q\">\n<div>\n<div class=\"page-title-head hgroup\">\n<div class=\"page-title-head hgroup\">\n<div class=\"b654a4as d2edcug0\">\n<div class=\"j83agx80 btwxx1t3 lhclo0ds hop8lmos nkwizq5d scwd0bx6 roh60bw9\">\n<div class=\"rq0escxv hkbzh7o3 jwdofwj8 n8tt0mok r8blr3vg hyh9befq\">\n<div class=\"do00u71z l9j0dhe7 k4urcfbm\">\n<div>\n<div class=\"page-title-head hgroup\">\n<div class=\"page-title-head hgroup\">\n<div class=\"page-title-head hgroup\">\n<div class=\"page-title-head hgroup\">\n<div class=\"b654a4as d2edcug0\">\n<div class=\"page-title-head hgroup\">\n<div class=\"page-title-head hgroup\">\n<div class=\"page-title-head hgroup\">\n<div class=\"page-title-head hgroup\">\n<div class=\"b654a4as d2edcug0\">\n<div class=\"page-title-head hgroup\">\n<div class=\"page-title-head hgroup\">\n<div class=\"page-title-head hgroup\">\n<div class=\"page-title-head hgroup\">\n<div class=\"page-title-head hgroup\">\n<div class=\"mkdf-post-text\">\n<div class=\"mkdf-post-text-inner\">\n<div class=\"mkdf-post-text-main\">\n<div class=\"mkdf-post-text\">\n<div class=\"mkdf-post-text-inner\">\n<div class=\"mkdf-post-text-main\">\n<div class=\"mkdf-post-text\">\n<div class=\"mkdf-post-text-inner\">\n<div class=\"mkdf-post-text-main\">\n<div class=\"page-title-head hgroup\">\n<div class=\"page-title-head hgroup\">\n<div class=\"mkdf-post-text\">\n<div class=\"mkdf-post-text-inner\">\n<div class=\"mkdf-post-text-main\">\n<div class=\"mkdf-post-text\">\n<div class=\"mkdf-post-text-inner\">\n<div class=\"mkdf-post-text-main\">\n<div>\n<div class=\"page-title-head hgroup\">\n<div class=\"page-title-head hgroup\">\n<div>\n<div class=\"page-title-head hgroup\">\n<div class=\"page-title-head hgroup\">\n<div class=\"b654a4as d2edcug0\">\n<div>\n<div class=\"page-title-head hgroup\" style=\"text-align: left;\">\n<div class=\"page-title-head hgroup\">\n<div dir=\"auto\">\n<p><a class=\"dt-pswp-item pspw-wrap-ready\" href=\"https:\/\/i0.wp.com\/www.radiopiu.net\/wordpress\/wp-content\/uploads\/2018\/09\/WhatsApp-Image-2018-09-20-at-16.04.06.jpeg?ssl=1\" data-dt-img-description=\"\" data-large_image_width=\"800\" data-large_image_height=\"100\"><img loading=\"lazy\" decoding=\"async\" class=\"aligncenter wp-image-61378 size-full jetpack-lazy-image jetpack-lazy-image--handled\" src=\"https:\/\/i0.wp.com\/www.radiopiu.net\/wordpress\/wp-content\/uploads\/2018\/09\/WhatsApp-Image-2018-09-20-at-16.04.06.jpeg?resize=800%2C100&amp;ssl=1\" sizes=\"auto, (max-width: 800px) 100vw, 800px\" srcset=\"https:\/\/i0.wp.com\/www.radiopiu.net\/wordpress\/wp-content\/uploads\/2018\/09\/WhatsApp-Image-2018-09-20-at-16.04.06.jpeg?w=800&amp;ssl=1 800w, https:\/\/i0.wp.com\/www.radiopiu.net\/wordpress\/wp-content\/uploads\/2018\/09\/WhatsApp-Image-2018-09-20-at-16.04.06.jpeg?resize=300%2C38&amp;ssl=1 300w, https:\/\/i0.wp.com\/www.radiopiu.net\/wordpress\/wp-content\/uploads\/2018\/09\/WhatsApp-Image-2018-09-20-at-16.04.06.jpeg?resize=768%2C96&amp;ssl=1 768w\" alt=\"\" width=\"800\" height=\"100\" data-lazy-loaded=\"1\" \/><\/a><\/p>\n<\/div>\n<\/div>\n<\/div>\n<\/div>\n<\/div>\n<\/div>\n<\/div>\n<\/div>\n<\/div>\n<\/div>\n<\/div>\n<\/div>\n<\/div>\n<\/div>\n<\/div>\n<\/div>\n<\/div>\n<\/div>\n<\/div>\n<\/div>\n<\/div>\n<\/div>\n<\/div>\n<\/div>\n<\/div>\n<\/div>\n<\/div>\n<\/div>\n<\/div>\n<\/div>\n<\/div>\n<\/div>\n<\/div>\n<\/div>\n<\/div>\n<\/div>\n<\/div>\n<\/div>\n<\/div>\n<\/div>\n<\/div>\n<\/div>\n<\/div>\n<\/div>\n<\/div>\n<\/div>\n<\/div>\n<\/div>\n<\/div>\n<\/div>\n<\/div>\n<\/div>\n<\/div>\n<\/div>\n<\/div>\n<\/div>\n<\/div>\n<\/div>\n<\/div>\n<\/div>\n<\/div>\n<\/div>\n<\/div>\n<\/div>\n<\/div>\n<\/div>\n<\/div>\n<\/div>\n<\/div>\n<\/div>\n<\/div>\n<\/div>\n<\/div>\n<\/div>\n<\/div>\n<\/div>\n<\/div>\n<\/div>\n<\/div>\n<\/div>\n<\/div>\n<\/div>\n<\/div>\n<\/div>\n<\/div>\n<\/div>\n<\/div>\n<\/div>\n<\/div>\n<\/div>\n<\/div>\n<\/div>\n<\/div>\n<\/div>\n<\/div>\n<\/div>\n<\/div>\n<\/div>\n<\/div>\n<\/div>\n<\/div>\n<\/div>\n<\/div>\n<\/div>\n<\/div>\n<\/div>\n<\/div>\n<\/div>\n<\/div>\n<\/div>\n<\/div>\n<\/div>\n<\/div>\n<\/div>\n<\/div>\n<\/div>\n<\/div>\n<\/div>\n<\/div>\n<\/div>\n<\/div>\n<\/div>\n<\/div>\n<\/div>\n<\/div>\n<\/div>\n<\/div>\n<\/div>\n<\/div>\n<\/div>\n<\/div>\n<\/div>\n<\/div>\n<\/div>\n<\/div>\n<\/div>\n<\/div>\n<\/div>\n<\/div>\n<\/div>\n<\/div>\n<\/div>\n<\/div>\n<\/div>\n<\/div>\n<\/div>\n<\/div>\n<\/div>\n<\/div>\n<\/div>\n<\/div>\n<\/div>\n<\/div>\n<\/div>\n<\/div>\n<\/div>\n<\/div>\n<\/div>\n<\/div>\n<\/div>\n<\/div>\n<\/div>\n<\/div>\n<\/div>\n<\/div>\n<\/div>\n<\/div>\n<\/div>\n<\/div>\n<\/div>\n<\/div>\n<\/div>\n<\/div>\n<\/div>\n<\/div>\n<\/div>\n<\/div>\n<\/div>\n<\/div>\n<\/div>\n<\/div>\n<\/div>\n<\/div>\n<\/div>\n<\/div>\n<\/div>\n<\/div>\n<\/div>\n<\/div>\n<\/div>\n<\/div>\n<\/div>\n<\/div>\n<\/div>\n<\/div>\n<\/div>\n<\/div>\n<\/div>\n<\/div>\n<\/div>\n<\/div>\n<\/div>\n<\/div>\n<\/div>\n<\/div>\n<\/div>\n<\/div>\n<\/div>\n<\/div>\n<\/div>\n<\/div>\n<\/div>\n<\/div>\n<\/div>\n<\/div>\n<\/div>\n<\/div>\n<\/div>\n<\/div>\n<\/div>\n<\/div>\n<\/div>\n<\/div>\n<\/div>\n<\/div>\n<\/div>\n<\/div>\n<\/div>\n<\/div>\n<\/div>\n<\/div>\n<p>&nbsp;<\/p>\n<div><center><b>Sabato 5<\/b><\/center><b>Tempo atteso: <\/b>Fino al primo mattino nuvolosit\u00e0 irregolare specie su Prealpi per nubi basse in graduale dissolvimento, poi ampie schiarite ovunque fino a sereno o poco nuvoloso su tutti i settori con il passaggio di qualche nube medio-alta durante la giornata e qualche addensamento possibile su Prealpi nel pomeriggio ed in serata con nuova formazione di nubi basse.<br \/>\n<b>Precipitazioni: <\/b>Generalmente assenti, seppur non del tutto escluso qualche fiocco in corrispondenza di eventuali addensamenti su Prealpi (0-10%)<br \/>\n<b>Temperature: <\/b>In ulteriore lieve calo specie le minime,con valori al di sotto della media del periodo ed estese gelate. Su Prealpi a 1500 m: min -7 max -2, a 2000 m: min -9 max -7 Su Dolomiti a 2000 m: min -8 max -6, a 3000 m: min -16 max -14<br \/>\n<b>Venti: <\/b>in quota deboli\/moderati da nordest a 5-15 km\/h a 2000 m a 10-25 km\/h a 3000 m<\/p>\n<hr \/>\n<p><center><b>Domenica 6<\/b><\/center><b>Tempo atteso: <\/b>Tempo stabile e soleggiato, con cielo sereno ed ottima visibilit\u00e0 ad eccezione di qualche possibile nube bassa su Prealpi fino al primo mattino e qualche cumulo pomeridiano sulle cime.<br \/>\n<b>Precipitazioni: <\/b>Assenti (0%)<br \/>\n<b>Temperature: <\/b>minime stazionarie o in ulteriore lieve calo a fondovalle con diffuse e forti gelate, massime stazionarie o in lieve aumento in quota (a parit\u00e0 di quota far\u00e0 pi\u00f9 freddo su Prealpi rispetto alle Dolomiti) Su Prealpi a 1500 m: min -6 max -1, a 2000 m: min -9 max -6 Su Dolomiti a 2000 m: min -8 max -5, a 3000 m: min -15 max -14<br \/>\n<b>Venti: <\/b>in quota deboli o moderati da Nord est a 5-15 km\/h a 2000 m a 15-25 km\/h a 3000 m<\/p>\n<hr \/>\n<p><center><b>Lunedi 7<\/b><\/center>Tempo inizialmente stabile ma freddo per la stagione a tutte le quote. Ben soleggiato al mattino, nel pomeriggio e soprattutto verso sera possibile variabilit\u00e0 su Prealpi con nuvolosit\u00e0 in arrivo da nordest e non escluso qualche fiocco fino a quote molto basse. Temperature in generale lieve calo con valori al di sotto della media. Venti in quota moderati o tesi da nordest.<\/p>\n<hr \/>\n<p><center><b>Martedi 8<\/b><\/center>Cielo da poco a parzialmente nuvoloso per passaggio di nubi medio-alte su Dolomiti e addensamenti per nubi basse su Prealpi dove non \u00e8 del tutto escluso qualche fiocco. Temperature stazionarie o in lieve aumento in quota in un contesto termico sempre freddo per il periodo. Venti in quota moderati o tesi da Nord. Previsore: DDL<\/p>\n<hr \/>\n<\/div>\n<p><center><\/center>&nbsp;<\/p>\n<hr \/>\n<p>&nbsp;<\/p>\n<p><img loading=\"lazy\" decoding=\"async\" class=\"wp-image-60761 size-full aligncenter\" src=\"https:\/\/www.radiopiu.net\/wordpress\/wp-content\/uploads\/2018\/09\/sport.jpg\" alt=\"\" width=\"800\" height=\"100\" srcset=\"https:\/\/www.radiopiu.net\/wordpress\/wp-content\/uploads\/2018\/09\/sport.jpg 800w, https:\/\/www.radiopiu.net\/wordpress\/wp-content\/uploads\/2018\/09\/sport-300x38.jpg 300w, https:\/\/www.radiopiu.net\/wordpress\/wp-content\/uploads\/2018\/09\/sport-768x96.jpg 768w\" sizes=\"auto, (max-width: 800px) 100vw, 800px\" \/><\/p>\n<p><b>\u00a0\u00a0<\/b><\/p>\n<p><span style=\"color: #0000ff;\"><strong>HOCKEY SU GHIACCIO<\/strong><\/span><\/p>\n<p>&nbsp;<\/p>\n<div class=\"page-title-head hgroup\">\n<blockquote>\n<h3 class=\"entry-title\">ALLEGHE VERSO PERGINE PER PAREGGIARE LA SERIE<\/h3>\n<\/blockquote>\n<p><strong>dal portavoce Alleghe Hockey, Roberto Miana<\/strong><\/p>\n<blockquote><p><em>Gara 4 di Playoff Italian Hockey League IHL 2021\/22. Sabato 5 marzo alle ore 18:45 l&#8217;Alleghe gioca alla Sapiens Arena contro il Pergine.\u00a0<\/em><\/p><\/blockquote>\n<p><a class=\"dt-pswp-item\" href=\"https:\/\/www.radiopiu.net\/wordpress\/wp-content\/uploads\/2022\/03\/62a66b7f-6cb2-4b3d-8d77-1cab589f730c.jpg\" data-dt-img-description=\"\" data-large_image_width=\"960\" data-large_image_height=\"640\"><img loading=\"lazy\" decoding=\"async\" class=\" wp-image-262983 alignleft\" src=\"https:\/\/www.radiopiu.net\/wordpress\/wp-content\/uploads\/2022\/03\/62a66b7f-6cb2-4b3d-8d77-1cab589f730c-300x200.jpg\" alt=\"\" width=\"210\" height=\"140\" srcset=\"https:\/\/www.radiopiu.net\/wordpress\/wp-content\/uploads\/2022\/03\/62a66b7f-6cb2-4b3d-8d77-1cab589f730c-300x200.jpg 300w, https:\/\/www.radiopiu.net\/wordpress\/wp-content\/uploads\/2022\/03\/62a66b7f-6cb2-4b3d-8d77-1cab589f730c-768x512.jpg 768w, https:\/\/www.radiopiu.net\/wordpress\/wp-content\/uploads\/2022\/03\/62a66b7f-6cb2-4b3d-8d77-1cab589f730c.jpg 960w\" sizes=\"auto, (max-width: 210px) 100vw, 210px\" \/><\/a>L\u2019Alleghe ha riaperto la serie con il Pergine vincendo 4-2 gara 3 al \u201cDe Toni\u201d. Grandissima prova dei ragazzi di coach Fontana che con grinta, carattere e cuore portano a casa il primo punto nella serie dei quarti playoff. La gara viene sbloccata da Loris De Val nel primo parziale. Secondo tempo con le Linci che si riscattano portandosi in vantaggio con due marcature, nonostante gli agordini non demeritino proponendo sul ghiaccio buone trame di gioco. Questa volta per\u00f2, al contrario dei due precedenti match di playoff, il terzo periodo sorride alle Civette che con un inossidabile Carlo Lorenzi, con Francesco Soppelsa e il finlandese Miika Kiviranta firmano la meritatissima vittoria alleghese che rimette in corsa i nostri ragazzi. Per gara 4 di sabato a <a class=\"dt-pswp-item\" href=\"https:\/\/www.radiopiu.net\/wordpress\/wp-content\/uploads\/2022\/03\/1a1e2d16-0197-47c7-84c3-82e4a52cbc12.jpg\" data-dt-img-description=\"\" data-large_image_width=\"1024\" data-large_image_height=\"625\"><img loading=\"lazy\" decoding=\"async\" class=\"wp-image-262981 alignright\" src=\"https:\/\/www.radiopiu.net\/wordpress\/wp-content\/uploads\/2022\/03\/1a1e2d16-0197-47c7-84c3-82e4a52cbc12-300x183.jpg\" alt=\"\" width=\"190\" height=\"116\" srcset=\"https:\/\/www.radiopiu.net\/wordpress\/wp-content\/uploads\/2022\/03\/1a1e2d16-0197-47c7-84c3-82e4a52cbc12-300x183.jpg 300w, https:\/\/www.radiopiu.net\/wordpress\/wp-content\/uploads\/2022\/03\/1a1e2d16-0197-47c7-84c3-82e4a52cbc12-768x469.jpg 768w, https:\/\/www.radiopiu.net\/wordpress\/wp-content\/uploads\/2022\/03\/1a1e2d16-0197-47c7-84c3-82e4a52cbc12.jpg 1024w\" sizes=\"auto, (max-width: 190px) 100vw, 190px\" \/><\/a>Pergine ci aspetta l\u2019ennesima battaglia, in una serie che continua ad essere molto equilibrata, decisa fino ad ora dagli episodi e che l\u2019Alleghe cercher\u00e0 di riportare in parit\u00e0, poich\u00e9 in caso contrario, con l&#8217;eventuale successo del Pergine, i Trentini usufruirebbero nella successiva gara sotto al Civetta del primo match-point qualificazione. Come da previsione il Pergine si sta dimostrando un avversario ostico e indomito, con giocatori di livello come tra gli altri il canadese Sanvido, l&#8217;italianissimo Conci e gli <a class=\"dt-pswp-item\" href=\"https:\/\/www.radiopiu.net\/wordpress\/wp-content\/uploads\/2022\/03\/e8eb3f31-a675-443e-89d9-4b7832a5150f.jpg\" data-dt-img-description=\"\" data-large_image_width=\"1024\" data-large_image_height=\"683\"><img loading=\"lazy\" decoding=\"async\" class=\"wp-image-262982 alignleft\" src=\"https:\/\/www.radiopiu.net\/wordpress\/wp-content\/uploads\/2022\/03\/e8eb3f31-a675-443e-89d9-4b7832a5150f-300x200.jpg\" alt=\"\" width=\"215\" height=\"143\" srcset=\"https:\/\/www.radiopiu.net\/wordpress\/wp-content\/uploads\/2022\/03\/e8eb3f31-a675-443e-89d9-4b7832a5150f-300x200.jpg 300w, https:\/\/www.radiopiu.net\/wordpress\/wp-content\/uploads\/2022\/03\/e8eb3f31-a675-443e-89d9-4b7832a5150f-768x512.jpg 768w, https:\/\/www.radiopiu.net\/wordpress\/wp-content\/uploads\/2022\/03\/e8eb3f31-a675-443e-89d9-4b7832a5150f.jpg 1024w\" sizes=\"auto, (max-width: 215px) 100vw, 215px\" \/><\/a>slovacchi Gabri e Foltin, in grado di cambiare il volto della gara in qualsiasi momento. Sar\u00e0 compito dei nostri boys biancorossi continuare a lottare, affidandosi al gioco collettivo oltre che alle buone individualit\u00e0 presenti in squadra, perch\u00e9 solo con l&#8217;abnegazione vista nelle ultime due gare possiamo tutti noi continuare ad emozionarci e sognare&#8230;<\/p>\n<blockquote><p><em>Sabato sera alla Sapiens Arena \u00e8 prevista la trasferta dei tifosi Alleghesi, richiamati dalla passione per questa maglia e che saranno uniti in un solo grido: &#8220;FORZA CIVETTE!!!&#8221; Hockey PERGINE Sapiens &#8211; ALLEGHE Hockey. <\/em><em>Gara 4 _ quarti playoff Sabato 5 marzo ore 18:45 \u2013 Sapiens Arena di Pergine (TN) Collegamenti in DIRETTA RADIOFONICA su Radio Pi\u00f9 (www.radiopiu.net) con \u201cHockey al punto giusto\u201d, in studio Marco Gaz e da Pergine interventi di Federico Paganin<\/em><\/p><\/blockquote>\n<p>&nbsp;<\/p>\n<\/div>\n<div class=\"page-title-breadcrumbs\"><\/div>\n<p><span style=\"color: #0000ff;\"><strong>\u00a0<\/strong><\/span><\/p>\n<p><span style=\"color: #0000ff;\"><strong>\u00a0<\/strong><\/span><\/p>\n<p><span style=\"color: #0000ff;\"><strong>CALCIO<\/strong><\/span><\/p>\n<blockquote>\n<h3>AGORDINA A LENTIAI, KERALPEN IN CASA CONTRO LA SPAL CORDOVADO<\/h3>\n<\/blockquote>\n<p><strong><a class=\"dt-pswp-item\" href=\"https:\/\/www.radiopiu.net\/wordpress\/wp-content\/uploads\/2019\/07\/pallone-calcio-2019.jpg\" data-dt-img-description=\"\" data-large_image_width=\"4460\" data-large_image_height=\"2977\"><img loading=\"lazy\" decoding=\"async\" class=\"size-medium wp-image-91405 alignleft\" src=\"https:\/\/www.radiopiu.net\/wordpress\/wp-content\/uploads\/2019\/07\/pallone-calcio-2019-300x200.jpg\" alt=\"\" width=\"300\" height=\"200\" srcset=\"https:\/\/www.radiopiu.net\/wordpress\/wp-content\/uploads\/2019\/07\/pallone-calcio-2019-300x200.jpg 300w, https:\/\/www.radiopiu.net\/wordpress\/wp-content\/uploads\/2019\/07\/pallone-calcio-2019-768x513.jpg 768w, https:\/\/www.radiopiu.net\/wordpress\/wp-content\/uploads\/2019\/07\/pallone-calcio-2019-1024x684.jpg 1024w\" sizes=\"auto, (max-width: 300px) 100vw, 300px\" \/><\/a>AGORDO <\/strong>Si continua a giocare a \u00a0calcio sui campi dei campionati FIGC. Anche questo fine settimana l\u2019Agordina si presenta in campo con le 4 formazioni iscritte ai tornei provinciali e regionali. I primi a scendere in campo sono i ragazzi della Juniores Regionale che oggi pomeriggio giocheranno in casa contro Cadore 1919. Sempre oggi ma alle 15:30 sar\u00e0 il turno dei Giovanissimi provinciali che all\u2019Ivano Dorigo ospiteranno il Piave. Domani mattina toccher\u00e0 invece agli Allievi Regionali di Agordo che giocheranno in casa contro la Fulgor Trevignano. In Seconda Categoria si scende in campo per la quinta giornata del girone di ritorno e la formazione allenata da Lorenzi sar\u00e0 in campo domani alle 14:30 dove affronter\u00e0 il Lentiai in trasferta. Domani pomeriggio, sempre alle 14:30, in campo anche le ragazze del Keralpen che questa settimana giocheranno in casa contro la Spal Cordovado. Domani su Radio Pi\u00f9 l\u2019appuntamento con Domenica Pi\u00f9 Sport per seguire in diretta il pomeriggio calcistico.<\/p>\n<p>&nbsp;<\/p>\n<p>&nbsp;<\/p>\n<hr \/>\n<p>&nbsp;<\/p>\n<p><span style=\"color: #0000ff;\"><strong>PALLAVOLO<\/strong><\/span><\/p>\n<blockquote>\n<h3>DELLA VECCHIA E IL SOGNO A3<\/h3>\n<\/blockquote>\n<p><strong><a class=\"dt-pswp-item\" href=\"https:\/\/www.radiopiu.net\/wordpress\/wp-content\/uploads\/2022\/03\/Della_Vecchia_e_Maccabruni.jpg\" data-dt-img-description=\"\" data-large_image_width=\"753\" data-large_image_height=\"888\"><img loading=\"lazy\" decoding=\"async\" class=\"size-medium wp-image-262910 alignleft\" src=\"https:\/\/www.radiopiu.net\/wordpress\/wp-content\/uploads\/2022\/03\/Della_Vecchia_e_Maccabruni-254x300.jpg\" alt=\"\" width=\"254\" height=\"300\" srcset=\"https:\/\/www.radiopiu.net\/wordpress\/wp-content\/uploads\/2022\/03\/Della_Vecchia_e_Maccabruni-254x300.jpg 254w, https:\/\/www.radiopiu.net\/wordpress\/wp-content\/uploads\/2022\/03\/Della_Vecchia_e_Maccabruni.jpg 753w\" sizes=\"auto, (max-width: 254px) 100vw, 254px\" \/><\/a>BELLUNO <\/strong>\u00abCome sto vivendo la stagione in A3? Come un sogno. Ancora non ho realizzato il fatto di essere parte di questa squadra: forse la pi\u00f9 forte Pallavolo Belluno degli ultimi decenni\u00bb. Parole e musica di Alessandro Della Vecchia. Il palleggiatore, nato sotto il segno del rinoceronte, ha un duplice compito: coprire le spalle al regista titolare, Filippo Maccabruni. E pungere al servizio: \u00abUn sogno, s\u00ec. Ma richiede molti sacrifici: non \u00e8 sempre facile districarsi tra il lavoro e il volley. In ogni caso, la Serie A rappresenta il traguardo pi\u00f9 importante: per me \u00e8 cos\u00ec fin da piccolo. Anche perch\u00e9 c\u2019\u00e8 la possibilit\u00e0 di vedere in azione giocatori di altissimo profilo\u00bb. Dopo aver calcato i parquet di serie D, C e B, Della Vecchia ha completato pure l\u2019ultimo step di una scalata che lui stesso non esita a definire inimmaginabile: \u00abNon mi aspettavo di raggiungere un simile livello. In primis per i miei limiti fisici: quest\u2019anno, come non mai, fanno la differenza. E in secondo luogo perch\u00e9 emergere in una realt\u00e0 cos\u00ec piccola, come quella del Bellunese, non \u00e8 facile\u00bb. Il debutto con l\u2019Abba Pineto lo racconter\u00e0 perfino ai nipotini: \u00abNessun dubbio, il momento indimenticabile della stagione \u00e8 coinciso con il mio esordio alla Spes Arena, in una cornice di 400 spettatori pronti a supportarmi. \u00c8 qualcosa che non dimenticher\u00f2 facilmente\u00bb. Anche se gli ostacoli, lungo il percorso, non mancano: \u00abNon \u00e8 automatico tenere sempre alta l\u2019asticella della qualit\u00e0, sia a livello fisico, sia mentale. Anzi, \u00e8 piuttosto dispendioso, ma porta a grandi soddisfazioni\u00bb.<span class=\"gmail-Apple-converted-space\">\u00a0<\/span><\/p>\n<p>&nbsp;<\/p>\n<blockquote>\n<h3>UN&#8217;ALTRO SCONTRO DIRETTO PER LA PALLAVOLO BELLUNO FEMMINILE<\/h3>\n<\/blockquote>\n<p><strong><a class=\"dt-pswp-item\" href=\"https:\/\/www.radiopiu.net\/wordpress\/wp-content\/uploads\/2022\/03\/Sara_Ingrosso_tra_Fioretti_e_Faninel.jpg\" data-dt-img-description=\"\" data-large_image_width=\"2349\" data-large_image_height=\"1566\"><img loading=\"lazy\" decoding=\"async\" class=\"size-medium wp-image-262911 alignleft\" src=\"https:\/\/www.radiopiu.net\/wordpress\/wp-content\/uploads\/2022\/03\/Sara_Ingrosso_tra_Fioretti_e_Faninel-300x200.jpg\" alt=\"\" width=\"300\" height=\"200\" srcset=\"https:\/\/www.radiopiu.net\/wordpress\/wp-content\/uploads\/2022\/03\/Sara_Ingrosso_tra_Fioretti_e_Faninel-300x200.jpg 300w, https:\/\/www.radiopiu.net\/wordpress\/wp-content\/uploads\/2022\/03\/Sara_Ingrosso_tra_Fioretti_e_Faninel-1024x683.jpg 1024w, https:\/\/www.radiopiu.net\/wordpress\/wp-content\/uploads\/2022\/03\/Sara_Ingrosso_tra_Fioretti_e_Faninel-768x512.jpg 768w, https:\/\/www.radiopiu.net\/wordpress\/wp-content\/uploads\/2022\/03\/Sara_Ingrosso_tra_Fioretti_e_Faninel-1536x1024.jpg 1536w, https:\/\/www.radiopiu.net\/wordpress\/wp-content\/uploads\/2022\/03\/Sara_Ingrosso_tra_Fioretti_e_Faninel-2048x1365.jpg 2048w\" sizes=\"auto, (max-width: 300px) 100vw, 300px\" \/><\/a>BELLUNO<\/strong> Un altro scontro diretto: il secondo di fila. Dopo aver dato scacco matto all\u2019Union Jesolo, le ragazze della Pallavolo Belluno se la vedranno con le veneziane del Fusion: oggi alle 18.30\u00a0al De Mas, si affrontano due squadre che hanno lo stesso ruolino di marcia. In particolare, occupano il quartultimo scalino della classifica di B2, vantano 12 punti e 4 vittorie all\u2019attivo, a fronte di 8 passivi. Insomma, in palio c\u2019\u00e8 una piccola, ma significativa fetta di salvezza. E il libero Sara Ingrosso suona la carica: \u00abAffronteremo l\u2019avversario con grinta e positivit\u00e0 per provare a mettere in \u201csaccoccia\u201d altri punti preziosi. Punti che, in ogni caso, continueremo a cercare in tutte le successive partite, fino al termine del campionato. Dimostreremo che le lupe lottano su ogni pallone, fino alla fine. Ironia della sorte, la scorsa stagione proprio il Fusion \u00e8 stato il nostro diretto concorrente per l\u2019accesso alla finale playoff, mentre quest\u2019anno ci ritroviamo ancora contro di loro a lottare per la salvezza\u00bb.<\/p>\n<p>&nbsp;<\/p>\n<p>&nbsp;<\/p>\n<hr \/>\n<p>&nbsp;<\/p>\n<p><span style=\"color: #0000ff;\"><strong>ATLETICA<\/strong><\/span><\/p>\n<blockquote>\n<h3>GS LA PIAVE 2000, BURIGO E FENTI IN RAPPRESENTATIVA REGIONALE<\/h3>\n<\/blockquote>\n<p><strong><a class=\"dt-pswp-item\" href=\"https:\/\/www.radiopiu.net\/wordpress\/wp-content\/uploads\/2022\/03\/Gs-La-Piave-2000_Martina-Burigo-a-sinistra-e-Sarah-Fenti.jpg\" data-dt-img-description=\"\" data-large_image_width=\"1024\" data-large_image_height=\"576\"><img loading=\"lazy\" decoding=\"async\" class=\"size-medium wp-image-262939 alignleft\" src=\"https:\/\/www.radiopiu.net\/wordpress\/wp-content\/uploads\/2022\/03\/Gs-La-Piave-2000_Martina-Burigo-a-sinistra-e-Sarah-Fenti-300x169.jpg\" alt=\"\" width=\"300\" height=\"169\" srcset=\"https:\/\/www.radiopiu.net\/wordpress\/wp-content\/uploads\/2022\/03\/Gs-La-Piave-2000_Martina-Burigo-a-sinistra-e-Sarah-Fenti-300x169.jpg 300w, https:\/\/www.radiopiu.net\/wordpress\/wp-content\/uploads\/2022\/03\/Gs-La-Piave-2000_Martina-Burigo-a-sinistra-e-Sarah-Fenti-768x432.jpg 768w, https:\/\/www.radiopiu.net\/wordpress\/wp-content\/uploads\/2022\/03\/Gs-La-Piave-2000_Martina-Burigo-a-sinistra-e-Sarah-Fenti.jpg 1024w\" sizes=\"auto, (max-width: 300px) 100vw, 300px\" \/><\/a>BORGO VALBELLUNA <\/strong>Martina Burigo e Sarah Fenti sono attese dalla prima trasferta importante della loro ancor breve carriera sportiva: le due promettenti atlete del Gs La Piave 2000 vestiranno la maglia della rappresentativa veneta cadetti che domenica 6 marzo, sar\u00e0 impegnata al Palaindoor di Ancona nel Trofeo \u201cAi confini delle Marche\u201d. Martina, 15 anni compiuti proprio ieri, di Limana, allenata da Mauro Masocco, garegger\u00e0 nei 60 ostacoli, gara in cui domenica scorsa a Padova ha fermato il cronometro a 9\u201d58. Sarah, ancora 14enne, residente a Sedico e seguita dal tecnico Andrea Colombo, sar\u00e0 invece al via nella staffetta 4&#215;200: il 19 febbraio, a Padova, ha corso il giro di pista indoor in 26\u201d65, guadagnandosi cos\u00ec il posto nel team veneto. Giunto alla decima edizione, il Trofeo \u201cAi confini delle Marche\u201d \u00e8 considerato il pi\u00f9 importante appuntamento della stagione giovanile al coperto: domenica saranno ben 11 le rappresentative regionali in gara.<\/p>\n<p>&nbsp;<\/p>\n<p><span style=\"color: #0000ff;\"><strong>CORSA IN MONTAGNA<\/strong><\/span><\/p>\n<blockquote>\n<h3><a class=\"dt-pswp-item\" href=\"https:\/\/www.radiopiu.net\/wordpress\/wp-content\/uploads\/2022\/03\/marco-de-gasperi-vincitore-2019.jpg\" data-dt-img-description=\"\" data-large_image_width=\"1600\" data-large_image_height=\"1066\"><img loading=\"lazy\" decoding=\"async\" class=\" wp-image-263040 alignleft\" src=\"https:\/\/www.radiopiu.net\/wordpress\/wp-content\/uploads\/2022\/03\/marco-de-gasperi-vincitore-2019-300x200.jpg\" alt=\"\" width=\"165\" height=\"110\" srcset=\"https:\/\/www.radiopiu.net\/wordpress\/wp-content\/uploads\/2022\/03\/marco-de-gasperi-vincitore-2019-300x200.jpg 300w, https:\/\/www.radiopiu.net\/wordpress\/wp-content\/uploads\/2022\/03\/marco-de-gasperi-vincitore-2019-1024x682.jpg 1024w, https:\/\/www.radiopiu.net\/wordpress\/wp-content\/uploads\/2022\/03\/marco-de-gasperi-vincitore-2019-768x512.jpg 768w, https:\/\/www.radiopiu.net\/wordpress\/wp-content\/uploads\/2022\/03\/marco-de-gasperi-vincitore-2019-1536x1023.jpg 1536w, https:\/\/www.radiopiu.net\/wordpress\/wp-content\/uploads\/2022\/03\/marco-de-gasperi-vincitore-2019.jpg 1600w\" sizes=\"auto, (max-width: 165px) 100vw, 165px\" \/><\/a>DOMANI LA MISURINA WINTER RUN. CON GRANDI NOMI AL VIA<\/h3>\n<\/blockquote>\n<p><strong>AURONZO<\/strong> Tutto pronto per la terza edizione della Misurina Winter Run, la la gara di corsa in alta montagna. Alla Misurina Winter Run saranno protagonisti alcuni atleti che hanno scritto pagine importanti a livello italiano e internazionale nella corsa in montagna e nel winter trail.La partenza verr\u00e0 data domani alle 9.30 nei pressi del campo scuola della Loita. A seguire il via alla Family Run. Le premiazioni si svolgeranno a partire dalle 14.<\/p>\n<p>&nbsp;<\/p>\n<\/div>\n<\/div>\n<\/div>\n<\/div>\n<\/div>\n<\/div>\n<\/div>\n<\/div>\n<\/div>\n<\/div>\n<\/div>\n<\/div>\n<\/div>\n<\/div>\n<\/div>\n<\/div>\n<\/div>\n<\/div>\n<\/div>\n<\/div>\n<\/div>\n<\/div>\n<\/div>\n<\/div>\n<\/div>\n<\/div>\n<\/div>\n<\/div>\n<\/div>\n<\/div>\n<\/div>\n<\/div>\n<\/div>\n<\/div>\n<\/div>\n<\/div>\n<\/div>\n<\/div>\n<\/div>\n<\/div>\n<\/div>\n<\/div>\n<\/div>\n<\/div>\n<\/div>\n<\/div>\n<\/div>\n<\/div>\n<\/div>\n<\/div>\n<\/div>\n<\/div>\n<\/div>\n<\/div>\n<\/div>\n<\/div>\n<\/div>\n<\/div>\n<\/div>\n<\/div>\n<\/div>\n<\/div>\n<\/div>\n<\/div>\n<\/div>\n<\/div>\n<\/div>\n<\/div>\n<\/div>\n<\/div>\n<\/div>\n<\/div>\n<\/div>\n<\/div>\n<\/div>\n<\/div>\n<\/div>\n<\/div>\n<\/div>\n<\/div>\n<\/div>\n<\/div>\n<\/div>\n<\/div>\n<\/div>\n<\/div>\n<\/div>\n<\/div>\n<\/div>\n<\/div>\n<\/div>\n<\/div>\n<\/div>\n<\/div>\n<\/div>\n<\/div>\n<\/div>\n<\/div>\n<\/div>\n<\/div>\n<\/div>\n<\/div>\n<\/div>\n<\/div>\n<\/div>\n<\/div>\n<\/div>\n<\/div>\n<\/div>\n<\/div>\n","protected":false},"excerpt":{"rendered":"<p>OGGI ALLE 10.30 E 1900, DOMANI ALLE 12.30:\u00a0 NELLA RASSEGNA STAMPA di\u00a0 Gianni Santomaso:\u00a0Da Canale d&#8217;Agordo Inna Maslovska nei giorni del lutto per l&#8217;Ucraina\u00a0 \u00a0 INFORMAZIONE il canale su TELEGRAM informazione di prima\u00a0 mano e in tempo reale. iscriviti ed aiutaci a farlo conoscere\u00a0\u00a0 CONTRO I FUCILI I CARRI ARMATI E BOMBE&#8230; DANILO SACCO &#8220;Che&hellip;<\/p>\n","protected":false},"author":4,"featured_media":263038,"comment_status":"closed","ping_status":"closed","sticky":false,"template":"","format":"standard","meta":{"_monsterinsights_skip_tracking":false,"_monsterinsights_sitenote_active":false,"_monsterinsights_sitenote_note":"","_monsterinsights_sitenote_category":0,"footnotes":""},"categories":[104,86,49],"tags":[],"class_list":["post-262854","post","type-post","status-publish","format-standard","has-post-thumbnail","hentry","category-evidenza_3","category-gr","category-news-18","category-104","category-86","category-49","description-off"],"img_url":"https:\/\/www.radiopiu.net\/wordpress\/wp-content\/uploads\/2022\/03\/Fisascat-Venezia1.jpeg","_links":{"self":[{"href":"https:\/\/www.radiopiu.net\/wordpress\/wp-json\/wp\/v2\/posts\/262854","targetHints":{"allow":["GET"]}}],"collection":[{"href":"https:\/\/www.radiopiu.net\/wordpress\/wp-json\/wp\/v2\/posts"}],"about":[{"href":"https:\/\/www.radiopiu.net\/wordpress\/wp-json\/wp\/v2\/types\/post"}],"author":[{"embeddable":true,"href":"https:\/\/www.radiopiu.net\/wordpress\/wp-json\/wp\/v2\/users\/4"}],"replies":[{"embeddable":true,"href":"https:\/\/www.radiopiu.net\/wordpress\/wp-json\/wp\/v2\/comments?post=262854"}],"version-history":[{"count":0,"href":"https:\/\/www.radiopiu.net\/wordpress\/wp-json\/wp\/v2\/posts\/262854\/revisions"}],"wp:featuredmedia":[{"embeddable":true,"href":"https:\/\/www.radiopiu.net\/wordpress\/wp-json\/wp\/v2\/media\/263038"}],"wp:attachment":[{"href":"https:\/\/www.radiopiu.net\/wordpress\/wp-json\/wp\/v2\/media?parent=262854"}],"wp:term":[{"taxonomy":"category","embeddable":true,"href":"https:\/\/www.radiopiu.net\/wordpress\/wp-json\/wp\/v2\/categories?post=262854"},{"taxonomy":"post_tag","embeddable":true,"href":"https:\/\/www.radiopiu.net\/wordpress\/wp-json\/wp\/v2\/tags?post=262854"}],"curies":[{"name":"wp","href":"https:\/\/api.w.org\/{rel}","templated":true}]}}