{"id":262867,"date":"2022-03-05T05:28:47","date_gmt":"2022-03-05T04:28:47","guid":{"rendered":"https:\/\/www.radiopiu.net\/wordpress\/?p=262867"},"modified":"2022-03-05T05:38:02","modified_gmt":"2022-03-05T04:38:02","slug":"pestaggio2","status":"publish","type":"post","link":"https:\/\/www.radiopiu.net\/wordpress\/pestaggio2\/","title":{"rendered":"PESTAGGIO IN NEVEGAL, E&#8217; CACCIA AI DELINQUENTI\u00a0\u00a0"},"content":{"rendered":"<p>&nbsp;<\/p>\n<p><strong><img loading=\"lazy\" decoding=\"async\" class=\"alignleft\" src=\"https:\/\/www.radiopiu.net\/wordpress\/wp-content\/uploads\/2022\/03\/SIMONE-1.jpg\" width=\"133\" height=\"149\" \/>BELLUNO<\/strong> Afferrato, tirato fuori di casa, pestato a calci e pugni fino mandarlo in ospedale con costole e naso rotto, quindi la fuga dei malviventi (dall&#8217;accento dell&#8217;est Europa) a mani vuote. Non hanno portato via niente. I carabinieri,\u00a0 stanno indagando sulle botte da 21 giorni di prognosi a Simone Menegon in Nevegal, non trascurano piste alternative al tentativo di rapina ipotizzato in prima battuta dalla stessa vittima. Sono in corso degli accertamenti nell&#8217;ambiente del lavoro e delle amicizie del 37enne bellunese, per capire se per caso abbia dei nemici\u00a0 o un regolamento di conti, non \u00e8 da scartare la possibilit\u00e0 che l&#8217;eventuale mandante abbia clamorosamente sbagliato persona perch\u00e9\u00a0 Simone, giardiniere di professione \u00e8 persona pacifica che non ha problemi con nessuno<\/p>\n<p>&nbsp;<\/p>\n<p><span style=\"color: #ff0000;\"><strong>IERI ALLA RADIO<\/strong><\/span><\/p>\n<h3>AGGREDITO SULLA PORTA DI CASA, IMPRENDITORE IN OSPEDALE CON UNA PROGNOSI DI OLTRE 20 GIORNI<\/h3>\n<h3><strong><img decoding=\"async\" class=\"alignleft\" src=\"https:\/\/www.radiopiu.net\/wordpress\/wp-content\/uploads\/2022\/03\/Senza-nome-1.jpg\" \/>OGGI SUL CORRIERE DELLE ALPI<\/strong><br \/>\n<strong>DI GIGI SOSSO<\/strong><\/h3>\n<p><strong>BELLUNO<\/strong>\u00a0 Il quotidiano bellunese apre oggi le cronache da Belluno con questa sconcertante notizia. Un uomo \u00e8 stato aggredito in casa a scopo di rapina. Due uomini lo mandano all&#8217;ospedale con un paio di costole e il naso rotti e un occhio nero. Ma non riescono a portare via niente, anzi devono svignarsela a piedi. Simone Menegon, titolare dell&#8217;impresa omonima che si occupa di cura e manutenzione del paesaggio, \u00e8 stato picchiato nel tardo pomeriggio di mercoled\u00ec, appena fuori dalla sua abitazione di via Nevegal. Ne ha prese tante da sconosciuti mai visti prima ed \u00e8 riuscito soltanto a buttarli a terra&#8230; Ha per\u00f2 avuto la forza di chiamare con il telefonino il padre, che in quel momento non era in Nevegal, ma si \u00e8 fiondato sul colle per fornirgli i primi soccorsi, in attesa dell&#8217;arrivo dell&#8217;ambulanza, oltre che dei carabinieri&#8230;<\/p>\n<p><strong>l&#8217;articolo completo sull&#8217;edizione odierna del Corriere delle Alpi<\/strong><\/p>\n","protected":false},"excerpt":{"rendered":"<p>&nbsp; BELLUNO Afferrato, tirato fuori di casa, pestato a calci e pugni fino mandarlo in ospedale con costole e naso rotto, quindi la fuga dei malviventi (dall&#8217;accento dell&#8217;est Europa) a mani vuote. Non hanno portato via niente. I carabinieri,\u00a0 stanno indagando sulle botte da 21 giorni di prognosi a Simone Menegon in Nevegal, non trascurano&hellip;<\/p>\n","protected":false},"author":4,"featured_media":263082,"comment_status":"closed","ping_status":"closed","sticky":false,"template":"","format":"standard","meta":{"_monsterinsights_skip_tracking":false,"_monsterinsights_sitenote_active":false,"_monsterinsights_sitenote_note":"","_monsterinsights_sitenote_category":0,"footnotes":""},"categories":[51,49],"tags":[],"class_list":["post-262867","post","type-post","status-publish","format-standard","has-post-thumbnail","hentry","category-evidenza-top","category-news-18","category-51","category-49","description-off"],"img_url":"https:\/\/www.radiopiu.net\/wordpress\/wp-content\/uploads\/2022\/03\/SIMONE-1.jpg","_links":{"self":[{"href":"https:\/\/www.radiopiu.net\/wordpress\/wp-json\/wp\/v2\/posts\/262867","targetHints":{"allow":["GET"]}}],"collection":[{"href":"https:\/\/www.radiopiu.net\/wordpress\/wp-json\/wp\/v2\/posts"}],"about":[{"href":"https:\/\/www.radiopiu.net\/wordpress\/wp-json\/wp\/v2\/types\/post"}],"author":[{"embeddable":true,"href":"https:\/\/www.radiopiu.net\/wordpress\/wp-json\/wp\/v2\/users\/4"}],"replies":[{"embeddable":true,"href":"https:\/\/www.radiopiu.net\/wordpress\/wp-json\/wp\/v2\/comments?post=262867"}],"version-history":[{"count":0,"href":"https:\/\/www.radiopiu.net\/wordpress\/wp-json\/wp\/v2\/posts\/262867\/revisions"}],"wp:featuredmedia":[{"embeddable":true,"href":"https:\/\/www.radiopiu.net\/wordpress\/wp-json\/wp\/v2\/media\/263082"}],"wp:attachment":[{"href":"https:\/\/www.radiopiu.net\/wordpress\/wp-json\/wp\/v2\/media?parent=262867"}],"wp:term":[{"taxonomy":"category","embeddable":true,"href":"https:\/\/www.radiopiu.net\/wordpress\/wp-json\/wp\/v2\/categories?post=262867"},{"taxonomy":"post_tag","embeddable":true,"href":"https:\/\/www.radiopiu.net\/wordpress\/wp-json\/wp\/v2\/tags?post=262867"}],"curies":[{"name":"wp","href":"https:\/\/api.w.org\/{rel}","templated":true}]}}