{"id":262916,"date":"2022-03-04T12:25:13","date_gmt":"2022-03-04T11:25:13","guid":{"rendered":"https:\/\/www.radiopiu.net\/wordpress\/?p=262916"},"modified":"2022-03-04T13:22:49","modified_gmt":"2022-03-04T12:22:49","slug":"emergenza-covid-il-punto-stampa-di-luca-zaia","status":"publish","type":"post","link":"https:\/\/www.radiopiu.net\/wordpress\/emergenza-covid-il-punto-stampa-di-luca-zaia\/","title":{"rendered":"EMERGENZA COVID: IL PUNTO STAMPA DI LUCA ZAIA"},"content":{"rendered":"<p><strong>VENEZIA<\/strong> Punto stampa del governatore del Veneto Luca Zaia in diretta dalla sala stampa della Protezione Civile a Marghera<\/p>\n<h2>LEGGI LA CONFERENZA STAMPA DI LUCA ZAIA<\/h2>\n<blockquote>\n<h3><em>\u00a0l&#8217;89,3% dei veneti \u00e8 vaccinato\u00bb<\/em><\/h3>\n<\/blockquote>\n<p><strong>COVID<\/strong>\u00a0 Il numero dei ricoveri sta scendendo, stiamo raggiungendo i minimi storici, quelli dell&#8217;estate 2020, penso che non azzereremo le presenze dei pazienti Covid negli ospedali ma diventer\u00e0 un paziente pi\u00f9 routinario, ma ci saranno sempre. Il modello matematico: a 7 giorni abbiamo una previsione di 495 in area non critica e 47 in terapia intensiva. Rt \u00e8 0.80, 5% il tasso di occupazione delle terapie intensive, 9% l&#8217;area medica, l&#8217;incidenza sta precipitando ed \u00e8 a 483,2.<\/p>\n<p><strong>PROFUGHI<\/strong>\u00a0 Abbiamo tamponato 350 cittadini ucraini, ma ci danno una previsione di circa 700mila profughi in arrivo in Italia, siamo preoccupati per la piega che sta prendendo questo conflitto. Speriamo che i grandi del mondo intervengano per la pace, serve qualcuno che prenda sottobraccio le parti e dica basta. Ci preoccupa la condizione del popolo ucraino e ci preoccupa da vicino, di fronte a questa follia criminale c&#8217;\u00e8 la massima disponibilit\u00e0 di ospitalit\u00e0. Potrebbero arrivare in Veneto\u00a0 una trentina di bambini oncologici. Abbiamo aperto il conto corrente per aiutare i bambini leggendo alcuni commenti c&#8217;\u00e8 da vergognarsi. Franceschi ci ha dato disponibilit\u00e0 di 7 milioni di mascherine chirurghiche.<\/p>\n<blockquote><p><em><strong>\u00a0<\/strong><u><strong>Io avr\u00f2 il ruolo di commissario. I tamponi eseguiti sono 350 fino ad oggi, 15 erano positivi\u00a0<\/strong><\/u><\/em><\/p><\/blockquote>\n<p><strong>IL PIANO<\/strong> Siamo al lavoro per un Dpcm della Protezione Civile per stabilire chi fa cosa evitando il caos. Stiamo preparando dei piani di emergenza regionali. Il Nordest \u00e8 la porta d&#8217;ingresso di questo milione di ucraini che raggiungeranno l&#8217;Italia.\u00a0 Il primo problema \u00e8 quello sanitario, con la diagnostica per il Covid e poi c&#8217;\u00e8 il tema della copertura sanitaria, e in Veneto curiamo tutti. Alcuni arrivano anche senza documenti. Molti sono senza soldi e chiedono con dignit\u00e0 un biglietto per raggiungere un parente, per un ricongiungimento. Il Veneto sar\u00e0 una zona di passaggio per molti.\u00a0 E c&#8217;\u00e8 anche il tema del lavoro, non sostituiremo quelli a casa non vaccinati con gli ucraini. Per alcune categorie lavorative \u00e8 innegabile che non si trovi pi\u00f9 personale rispettando le regole che valgono per tutti e superando il decreto flussi si puo&#8217; assumere<\/p>\n<p><a href=\"https:\/\/www.facebook.com\/zaiaufficiale\/videos\/679747286781999\">https:\/\/www.facebook.com\/zaiaufficiale\/videos\/679747286781999<\/a><\/p>\n<p>&nbsp;<\/p>\n<p>&nbsp;<\/p>\n<p>&nbsp;<\/p>\n","protected":false},"excerpt":{"rendered":"<p>VENEZIA Punto stampa del governatore del Veneto Luca Zaia in diretta dalla sala stampa della Protezione Civile a Marghera LEGGI LA CONFERENZA STAMPA DI LUCA ZAIA \u00a0l&#8217;89,3% dei veneti \u00e8 vaccinato\u00bb COVID\u00a0 Il numero dei ricoveri sta scendendo, stiamo raggiungendo i minimi storici, quelli dell&#8217;estate 2020, penso che non azzereremo le presenze dei pazienti Covid&hellip;<\/p>\n","protected":false},"author":4,"featured_media":175390,"comment_status":"closed","ping_status":"closed","sticky":false,"template":"","format":"standard","meta":{"_monsterinsights_skip_tracking":false,"_monsterinsights_sitenote_active":false,"_monsterinsights_sitenote_note":"","_monsterinsights_sitenote_category":0,"footnotes":""},"categories":[51,49],"tags":[],"class_list":["post-262916","post","type-post","status-publish","format-standard","has-post-thumbnail","hentry","category-evidenza-top","category-news-18","category-51","category-49","description-off"],"img_url":"https:\/\/www.radiopiu.net\/wordpress\/wp-content\/uploads\/2020\/11\/ZAIA-2.jpg","_links":{"self":[{"href":"https:\/\/www.radiopiu.net\/wordpress\/wp-json\/wp\/v2\/posts\/262916","targetHints":{"allow":["GET"]}}],"collection":[{"href":"https:\/\/www.radiopiu.net\/wordpress\/wp-json\/wp\/v2\/posts"}],"about":[{"href":"https:\/\/www.radiopiu.net\/wordpress\/wp-json\/wp\/v2\/types\/post"}],"author":[{"embeddable":true,"href":"https:\/\/www.radiopiu.net\/wordpress\/wp-json\/wp\/v2\/users\/4"}],"replies":[{"embeddable":true,"href":"https:\/\/www.radiopiu.net\/wordpress\/wp-json\/wp\/v2\/comments?post=262916"}],"version-history":[{"count":0,"href":"https:\/\/www.radiopiu.net\/wordpress\/wp-json\/wp\/v2\/posts\/262916\/revisions"}],"wp:featuredmedia":[{"embeddable":true,"href":"https:\/\/www.radiopiu.net\/wordpress\/wp-json\/wp\/v2\/media\/175390"}],"wp:attachment":[{"href":"https:\/\/www.radiopiu.net\/wordpress\/wp-json\/wp\/v2\/media?parent=262916"}],"wp:term":[{"taxonomy":"category","embeddable":true,"href":"https:\/\/www.radiopiu.net\/wordpress\/wp-json\/wp\/v2\/categories?post=262916"},{"taxonomy":"post_tag","embeddable":true,"href":"https:\/\/www.radiopiu.net\/wordpress\/wp-json\/wp\/v2\/tags?post=262916"}],"curies":[{"name":"wp","href":"https:\/\/api.w.org\/{rel}","templated":true}]}}