{"id":262919,"date":"2023-05-04T23:59:33","date_gmt":"2023-05-04T21:59:33","guid":{"rendered":"https:\/\/www.radiopiu.net\/wordpress\/?p=262919"},"modified":"2023-05-05T11:43:05","modified_gmt":"2023-05-05T09:43:05","slug":"speciale-solidarieta-veneto-marzo-2022","status":"publish","type":"post","link":"https:\/\/www.radiopiu.net\/wordpress\/speciale-solidarieta-veneto-marzo-2022\/","title":{"rendered":"SPECIALE SOLIDARIETA&#8217; VENETO &#8211; MARZO 2022"},"content":{"rendered":"<blockquote>\n<h2>L&#8217;INTERVISTA DEL PRIMO VENERDI DEL MESE, ALLE 10,30 E 19.00<\/h2>\n<\/blockquote>\n<p>&nbsp;<\/p>\n<p><strong><a class=\"dt-pswp-item\" href=\"https:\/\/www.radiopiu.net\/wordpress\/wp-content\/uploads\/2020\/05\/solidariet\u00e0-veneto.jpg\" data-dt-img-description=\"\" data-large_image_width=\"1373\" data-large_image_height=\"961\"><img loading=\"lazy\" decoding=\"async\" class=\"size-medium wp-image-134366 alignleft\" src=\"https:\/\/www.radiopiu.net\/wordpress\/wp-content\/uploads\/2020\/05\/solidariet\u00e0-veneto-300x210.jpg\" alt=\"\" width=\"300\" height=\"210\" srcset=\"https:\/\/www.radiopiu.net\/wordpress\/wp-content\/uploads\/2020\/05\/solidariet\u00e0-veneto-300x210.jpg 300w, https:\/\/www.radiopiu.net\/wordpress\/wp-content\/uploads\/2020\/05\/solidariet\u00e0-veneto-1024x717.jpg 1024w, https:\/\/www.radiopiu.net\/wordpress\/wp-content\/uploads\/2020\/05\/solidariet\u00e0-veneto-768x538.jpg 768w, https:\/\/www.radiopiu.net\/wordpress\/wp-content\/uploads\/2020\/05\/solidariet\u00e0-veneto.jpg 1373w\" sizes=\"auto, (max-width: 300px) 100vw, 300px\" \/><\/a>di MIRKO MEZZACASA<\/strong><\/p>\n<p>OSPITE: Paolo Stefan, direttore di Solidariet\u00e0 Veneto<\/p>\n<p>&nbsp;<\/p>\n<p>&nbsp;<\/p>\n<p>&nbsp;<\/p>\n<p>&nbsp;<\/p>\n<p>&nbsp;<\/p>\n<p>&nbsp;<\/p>\n<p><strong>AUDIO<\/strong><\/p>\n<audio class=\"wp-audio-shortcode\" id=\"audio-262919-1\" preload=\"none\" style=\"width: 100%;\" controls=\"controls\"><source type=\"audio\/mpeg\" src=\"https:\/\/www.radiopiu.net\/wordpress\/wp-content\/uploads\/2022\/03\/PAOLO-STEFAN23-APRILE.mp3?_=1\" \/><a href=\"https:\/\/www.radiopiu.net\/wordpress\/wp-content\/uploads\/2022\/03\/PAOLO-STEFAN23-APRILE.mp3\">https:\/\/www.radiopiu.net\/wordpress\/wp-content\/uploads\/2022\/03\/PAOLO-STEFAN23-APRILE.mp3<\/a><\/audio>\n<div class=\"flex-1 overflow-hidden\">\n<div class=\"react-scroll-to-bottom--css-cdxng-79elbk h-full dark:bg-gray-800\">\n<div class=\"react-scroll-to-bottom--css-cdxng-1n7m0yu\">\n<div class=\"flex flex-col items-center text-sm dark:bg-gray-800\">\n<div class=\"group w-full text-gray-800 dark:text-gray-100 border-b border-black\/10 dark:border-gray-900\/50 bg-gray-50 dark:bg-[#444654]\">\n<div class=\"flex p-4 gap-4 text-base md:gap-6 md:max-w-2xl lg:max-w-xl xl:max-w-3xl md:py-6 lg:px-0 m-auto\">\n<div class=\"relative flex flex-col w-[calc(100%-50px)] gap-1 md:gap-3 lg:w-[calc(100%-115px)]\">\n<div class=\"flex flex-grow flex-col gap-3\">\n<div class=\"min-h-[20px] flex flex-col items-start gap-4 whitespace-pre-wrap break-words\">\n<div class=\"markdown prose w-full break-words dark:prose-invert light\">\n<blockquote><p>&nbsp;<\/p>\n<p><em>Il primo trimestre ha portato un risultato positivo per tutti e quattro i comparti di Solidariet\u00e0 Veneto, nonostante la complessa situazione economica. Ci\u00f2 ha evidenziato la forza dei fondi pensione negoziali, in particolare per quanto riguarda la riduzione del rischio. Dopo il buon inizio del 2023, i mercati hanno subito una caduta a febbraio, ma si sono ripresi a marzo. La volatilit\u00e0 \u00e8 stata l&#8217;elemento comune di tutto il periodo, ma alcune criticit\u00e0 come l&#8217;inflazione sembrano essere gradualmente risolte e si \u00e8 registrata una stabilizzazione sul fronte dei tassi di interesse. Nel medio termine, tuttavia, rimane l&#8217;incertezza della recessione e dei rischi geopolitici, come il conflitto in Ucraina. Il mese di marzo ha visto turbolenze nel settore bancario e assicurativo, con il fallimento della Silicon Valley Bank negli Stati Uniti e le difficolt\u00e0 di Credit Suisse. Anche la finanza italiana ha avuto problemi, come l&#8217;amministrazione straordinaria della Compagnia Eurovita e la successiva sospensione dei riscatti dei contratti di assicurazione e dei piani di salvataggio. Tuttavia, il modello a capitalizzazione individuale dei fondi pensione negoziali come Solidariet\u00e0 Veneto offre numerosi vantaggi, come la neutralizzazione dei conflitti di interesse e la trasparenza. Il valore quota viene calcolato in base ai prezzi di mercato, consentendo ai risparmiatori di conoscere il valore reale del proprio investimento in qualsiasi momento. Sebbene i mercati siano stati in grado di assorbire le tensioni e le istituzioni finanziarie abbiano reagito rapidamente, le recenti criticit\u00e0 fanno riflettere sui possibili strascichi del lungo periodo di quantitative easing.<\/em><\/p><\/blockquote>\n<\/div>\n<\/div>\n<\/div>\n<\/div>\n<\/div>\n<\/div>\n<\/div>\n<\/div>\n<\/div>\n<\/div>\n<div class=\"absolute bottom-0 left-0 w-full border-t md:border-t-0 dark:border-white\/20 md:border-transparent md:dark:border-transparent md:bg-vert-light-gradient bg-white dark:bg-gray-800 md:!bg-transparent dark:md:bg-vert-dark-gradient pt-2\">\n<form class=\"stretch mx-2 flex flex-row gap-3 last:mb-2 md:mx-4 md:last:mb-6 lg:mx-auto lg:max-w-2xl xl:max-w-3xl\">\n<div class=\"relative flex h-full flex-1 items-stretch md:flex-col\">\n<div class=\"\">\n<div class=\"h-full flex ml-1 md:w-full md:m-auto md:mb-2 gap-0 md:gap-2 justify-center\">\n<div class=\"flex w-full items-center justify-center gap-2\"><\/div>\n<\/div>\n<\/div>\n<\/div>\n<\/form>\n<\/div>\n<p>LA RACCOLTA COMPLETA<\/p>\n<blockquote class=\"wp-embedded-content\" data-secret=\"hfayYDTSkW\"><p><a href=\"https:\/\/www.radiopiu.net\/wordpress\/solidarieta-veneto\/\">Solidariet\u00e0 Veneto<\/a><\/p><\/blockquote>\n<p><iframe loading=\"lazy\" class=\"wp-embedded-content\" sandbox=\"allow-scripts\" security=\"restricted\" style=\"position: absolute; clip: rect(1px, 1px, 1px, 1px);\" title=\"&#8220;Solidariet\u00e0 Veneto&#8221; &#8212; Radio Pi\u00f9\" src=\"https:\/\/www.radiopiu.net\/wordpress\/solidarieta-veneto\/embed\/#?secret=4ojojAnv0d#?secret=hfayYDTSkW\" data-secret=\"hfayYDTSkW\" width=\"600\" height=\"338\" frameborder=\"0\" marginwidth=\"0\" marginheight=\"0\" scrolling=\"no\"><\/iframe><\/p>\n<p>&nbsp;<\/p>\n<p>*****<\/p>\n","protected":false},"excerpt":{"rendered":"<p>L&#8217;INTERVISTA DEL PRIMO VENERDI DEL MESE, ALLE 10,30 E 19.00 &nbsp; di MIRKO MEZZACASA OSPITE: Paolo Stefan, direttore di Solidariet\u00e0 Veneto &nbsp; &nbsp; &nbsp; &nbsp; &nbsp; &nbsp; AUDIO &nbsp; Il primo trimestre ha portato un risultato positivo per tutti e quattro i comparti di Solidariet\u00e0 Veneto, nonostante la complessa situazione economica. Ci\u00f2 ha evidenziato la&hellip;<\/p>\n","protected":false},"author":4,"featured_media":134366,"comment_status":"closed","ping_status":"closed","sticky":false,"template":"","format":"standard","meta":{"_monsterinsights_skip_tracking":false,"_monsterinsights_sitenote_active":false,"_monsterinsights_sitenote_note":"","_monsterinsights_sitenote_category":0,"footnotes":""},"categories":[104,49],"tags":[],"class_list":["post-262919","post","type-post","status-publish","format-standard","has-post-thumbnail","hentry","category-evidenza_3","category-news-18","category-104","category-49","description-off"],"img_url":"https:\/\/www.radiopiu.net\/wordpress\/wp-content\/uploads\/2020\/05\/solidariet\u00e0-veneto.jpg","_links":{"self":[{"href":"https:\/\/www.radiopiu.net\/wordpress\/wp-json\/wp\/v2\/posts\/262919","targetHints":{"allow":["GET"]}}],"collection":[{"href":"https:\/\/www.radiopiu.net\/wordpress\/wp-json\/wp\/v2\/posts"}],"about":[{"href":"https:\/\/www.radiopiu.net\/wordpress\/wp-json\/wp\/v2\/types\/post"}],"author":[{"embeddable":true,"href":"https:\/\/www.radiopiu.net\/wordpress\/wp-json\/wp\/v2\/users\/4"}],"replies":[{"embeddable":true,"href":"https:\/\/www.radiopiu.net\/wordpress\/wp-json\/wp\/v2\/comments?post=262919"}],"version-history":[{"count":0,"href":"https:\/\/www.radiopiu.net\/wordpress\/wp-json\/wp\/v2\/posts\/262919\/revisions"}],"wp:featuredmedia":[{"embeddable":true,"href":"https:\/\/www.radiopiu.net\/wordpress\/wp-json\/wp\/v2\/media\/134366"}],"wp:attachment":[{"href":"https:\/\/www.radiopiu.net\/wordpress\/wp-json\/wp\/v2\/media?parent=262919"}],"wp:term":[{"taxonomy":"category","embeddable":true,"href":"https:\/\/www.radiopiu.net\/wordpress\/wp-json\/wp\/v2\/categories?post=262919"},{"taxonomy":"post_tag","embeddable":true,"href":"https:\/\/www.radiopiu.net\/wordpress\/wp-json\/wp\/v2\/tags?post=262919"}],"curies":[{"name":"wp","href":"https:\/\/api.w.org\/{rel}","templated":true}]}}