{"id":263023,"date":"2022-03-05T05:23:17","date_gmt":"2022-03-05T04:23:17","guid":{"rendered":"https:\/\/www.radiopiu.net\/wordpress\/?p=263023"},"modified":"2022-03-05T06:10:06","modified_gmt":"2022-03-05T05:10:06","slug":"ufficio-postale-di-agordo-sei-giorni-di-stop-alternativa-lufficio-mobile","status":"publish","type":"post","link":"https:\/\/www.radiopiu.net\/wordpress\/ufficio-postale-di-agordo-sei-giorni-di-stop-alternativa-lufficio-mobile\/","title":{"rendered":"UFFICIO POSTALE DI AGORDO: SEI GIORNI DI STOP, ALTERNATIVA L&#8217;UFFICIO MOBILE"},"content":{"rendered":"<p><strong><a class=\"dt-pswp-item\" href=\"https:\/\/www.radiopiu.net\/wordpress\/wp-content\/uploads\/2020\/05\/POSTE-ITALIANE.png\" data-dt-img-description=\"\" data-large_image_width=\"436\" data-large_image_height=\"88\"><img loading=\"lazy\" decoding=\"async\" class=\"size-medium wp-image-141305 alignleft\" src=\"https:\/\/www.radiopiu.net\/wordpress\/wp-content\/uploads\/2020\/05\/POSTE-ITALIANE-300x61.png\" alt=\"\" width=\"300\" height=\"61\" srcset=\"https:\/\/www.radiopiu.net\/wordpress\/wp-content\/uploads\/2020\/05\/POSTE-ITALIANE-300x61.png 300w, https:\/\/www.radiopiu.net\/wordpress\/wp-content\/uploads\/2020\/05\/POSTE-ITALIANE.png 436w\" sizes=\"auto, (max-width: 300px) 100vw, 300px\" \/><\/a>AGORDO<\/strong> Poste Italiane attiver\u00e0 da luned\u00ec 7 a sabato 12 marzo un ufficio postale mobile per garantire ai cittadini di Agordo il regolare svolgimento delle operazioni postali e finanziarie durante la chiusura della sede di viale Sommariva per lavori interni. L\u2019ufficio postale mobile, posizionato nella stessa via, fornir\u00e0 tutti i servizi postali e finanziari dal luned\u00ec al venerd\u00ec dalle ore 8.20 alle 13.35 e il sabato dalle 8.20 alle 12.35.\u00a0 Durante il periodo dei lavori sar\u00e0 disponibile anche il vicino ufficio postale di Taibon (aperto marted\u00ec, gioved\u00ec e sabato) oppure quello di La Valle Agordina aperto il luned\u00ec, mercoled\u00ec, venerd\u00ec. L\u2019ufficio postale di Agordo riaprir\u00e0 luned\u00ec 14 marzo<\/p>\n<p>&nbsp;<\/p>\n<p>&nbsp;<\/p>\n<p>\u00a7\u00a7\u00a7<\/p>\n","protected":false},"excerpt":{"rendered":"<p>AGORDO Poste Italiane attiver\u00e0 da luned\u00ec 7 a sabato 12 marzo un ufficio postale mobile per garantire ai cittadini di Agordo il regolare svolgimento delle operazioni postali e finanziarie durante la chiusura della sede di viale Sommariva per lavori interni. L\u2019ufficio postale mobile, posizionato nella stessa via, fornir\u00e0 tutti i servizi postali e finanziari dal&hellip;<\/p>\n","protected":false},"author":4,"featured_media":141305,"comment_status":"closed","ping_status":"closed","sticky":false,"template":"","format":"standard","meta":{"_monsterinsights_skip_tracking":false,"_monsterinsights_sitenote_active":false,"_monsterinsights_sitenote_note":"","_monsterinsights_sitenote_category":0,"footnotes":""},"categories":[51,49],"tags":[],"class_list":["post-263023","post","type-post","status-publish","format-standard","has-post-thumbnail","hentry","category-evidenza-top","category-news-18","category-51","category-49","description-off"],"img_url":"https:\/\/www.radiopiu.net\/wordpress\/wp-content\/uploads\/2020\/05\/POSTE-ITALIANE.png","_links":{"self":[{"href":"https:\/\/www.radiopiu.net\/wordpress\/wp-json\/wp\/v2\/posts\/263023","targetHints":{"allow":["GET"]}}],"collection":[{"href":"https:\/\/www.radiopiu.net\/wordpress\/wp-json\/wp\/v2\/posts"}],"about":[{"href":"https:\/\/www.radiopiu.net\/wordpress\/wp-json\/wp\/v2\/types\/post"}],"author":[{"embeddable":true,"href":"https:\/\/www.radiopiu.net\/wordpress\/wp-json\/wp\/v2\/users\/4"}],"replies":[{"embeddable":true,"href":"https:\/\/www.radiopiu.net\/wordpress\/wp-json\/wp\/v2\/comments?post=263023"}],"version-history":[{"count":0,"href":"https:\/\/www.radiopiu.net\/wordpress\/wp-json\/wp\/v2\/posts\/263023\/revisions"}],"wp:featuredmedia":[{"embeddable":true,"href":"https:\/\/www.radiopiu.net\/wordpress\/wp-json\/wp\/v2\/media\/141305"}],"wp:attachment":[{"href":"https:\/\/www.radiopiu.net\/wordpress\/wp-json\/wp\/v2\/media?parent=263023"}],"wp:term":[{"taxonomy":"category","embeddable":true,"href":"https:\/\/www.radiopiu.net\/wordpress\/wp-json\/wp\/v2\/categories?post=263023"},{"taxonomy":"post_tag","embeddable":true,"href":"https:\/\/www.radiopiu.net\/wordpress\/wp-json\/wp\/v2\/tags?post=263023"}],"curies":[{"name":"wp","href":"https:\/\/api.w.org\/{rel}","templated":true}]}}