{"id":263088,"date":"2022-03-05T05:54:50","date_gmt":"2022-03-05T04:54:50","guid":{"rendered":"https:\/\/www.radiopiu.net\/wordpress\/?p=263088"},"modified":"2022-03-05T05:57:36","modified_gmt":"2022-03-05T04:57:36","slug":"lutto-a-scuola-e-mancato-il-professor-ottone","status":"publish","type":"post","link":"https:\/\/www.radiopiu.net\/wordpress\/lutto-a-scuola-e-mancato-il-professor-ottone\/","title":{"rendered":"LUTTO A SCUOLA, E&#8217; MANCATO IL PROFESSOR OTTONE"},"content":{"rendered":"<p><strong><img loading=\"lazy\" decoding=\"async\" class=\"alignleft\" src=\"https:\/\/www.radiopiu.net\/wordpress\/wp-content\/uploads\/2022\/03\/275262134_7107894765949955_2261635273310050810_n.jpg\" width=\"280\" height=\"186\" \/>BELLUNO<\/strong> E&#8217; mancato a soli 61 anni il professor Massimo Ottone, docente del liceo Scientifico Galileo Galilei. La morte risale a gioved\u00ec sera, a Casa Tua Due dove era ricoverato da alcuni giorni.\u00a0 Oltre alla moglie, Roberta Gaz, ed ai figli Lorenzo e Maria, lascia il fratello don Rinaldo, cappellano a Longarone.<b> <\/b>Laureatosi in Matematica all&#8217;Universit\u00e0 di Padova, aveva poi approfondito l&#8217;interesse per il cielo e le stelle e al Galilei era diventato il motore delle attivit\u00e0 legate all&#8217;astronomia.<\/p>\n<blockquote><p><em><strong>Il ricordo di Cinzia Benvegn\u00f9<\/strong><\/em><\/p>\n<p><em>Caro Massimo.. il dolore che stiamo provando in questo momento \u00e8 immenso.. La vita \u00e8 un viaggio che ti permette di fare amicizia con molte persone.. Ma solo in pochi sono in grado di rimanere nel tuo cuore per sempre. Tu, Massimo, sei uno di quelli. Mi mancherai e ci mancherai tantissimo amico mio. Mancher\u00e0 il tuo sorriso ed i tuoi occhi che ridono.. soprattutto quando facevi una delle tue famigerate battute o doppi sensi.. Mancher\u00e0 il tuo saper esserci sempre per gli altri.. Ti sono grata per tutti i momenti che abbiamo condiviso che ricorder\u00f2 e conserver\u00f2 preziosamente.. Fra le tante cose che potrei ricordare di te, quella dove ti immagino e da dove so che ci proteggerai \u00e8 il tuo amato cielo stellato.. Ciao Massimo.. Fai buon viaggio..<\/em><\/p><\/blockquote>\n<p><a class=\"dt-pswp-item\" href=\"https:\/\/www.radiopiu.net\/wordpress\/wp-content\/uploads\/2022\/03\/274739340_10221486308288587_4194522138421887631_n.jpg\" data-dt-img-description=\"\" data-large_image_width=\"720\" data-large_image_height=\"540\"><img loading=\"lazy\" decoding=\"async\" class=\" wp-image-263091 alignleft\" src=\"https:\/\/www.radiopiu.net\/wordpress\/wp-content\/uploads\/2022\/03\/274739340_10221486308288587_4194522138421887631_n-300x225.jpg\" alt=\"\" width=\"237\" height=\"178\" srcset=\"https:\/\/www.radiopiu.net\/wordpress\/wp-content\/uploads\/2022\/03\/274739340_10221486308288587_4194522138421887631_n-300x225.jpg 300w, https:\/\/www.radiopiu.net\/wordpress\/wp-content\/uploads\/2022\/03\/274739340_10221486308288587_4194522138421887631_n.jpg 720w\" sizes=\"auto, (max-width: 237px) 100vw, 237px\" \/><\/a><strong>IL Presidente della Provincia Roberto Padrin :<\/strong> <em>Nel giro di qualche giorno la giunta del nostro Comune del 1990 ha perso due suoi bravissimi assessori. Dopo Piero De Mattia, oggi piangiamo la scomparsa di <a class=\"oajrlxb2 g5ia77u1 qu0x051f esr5mh6w e9989ue4 r7d6kgcz rq0escxv nhd2j8a9 nc684nl6 p7hjln8o kvgmc6g5 cxmmr5t8 oygrvhab hcukyx3x jb3vyjys rz4wbd8a qt6c0cv9 a8nywdso i1ao9s8h esuyzwwr f1sip0of lzcic4wl gpro0wi8 q66pz984 b1v8xokw\" tabindex=\"0\" role=\"link\" href=\"https:\/\/www.facebook.com\/massimo.ottone.9?__cft__[0]=AZXDJo1Md3VjNbY8xTY6HJUom0Zt_R4gBDamxp91OpjqunCMgKvnhe4OsPO7U4YNPtrLFnPZw5fYVpuK9_70_CfGKioZfFF3ECKz-9DY6sp8ycY-u_9Z8KvebMRZSDbHRgM&amp;__tn__=-]K-R\"><span class=\"nc684nl6\">Massimo Ottone<\/span><\/a>. Cosa dire di Massimo?&#8230;.Solo parole di apprezzamento e stima immensa. \u00c8 stato tra le persone che pi\u00f9 di ogni altra mi hanno aiutato a vivere i giorni dell\u2019adolescenza nella maniera migliore. Era il trascinatore del parco Robinson. Era il nostro esempio. Il suo sorriso, il suo entusiasmo erano contagiosi. Ci ha lasciato troppo presto. A Longarone lascia un ricordo bellissimo, di grande umanit\u00e0, di professore amato da tutti che mai potremo scordare&#8230;ciao Massimo e grazie di tutto<\/em><\/p>\n<p>***<\/p>\n","protected":false},"excerpt":{"rendered":"<p>BELLUNO E&#8217; mancato a soli 61 anni il professor Massimo Ottone, docente del liceo Scientifico Galileo Galilei. La morte risale a gioved\u00ec sera, a Casa Tua Due dove era ricoverato da alcuni giorni.\u00a0 Oltre alla moglie, Roberta Gaz, ed ai figli Lorenzo e Maria, lascia il fratello don Rinaldo, cappellano a Longarone. Laureatosi in Matematica&hellip;<\/p>\n","protected":false},"author":4,"featured_media":263089,"comment_status":"closed","ping_status":"closed","sticky":false,"template":"","format":"standard","meta":{"_monsterinsights_skip_tracking":false,"_monsterinsights_sitenote_active":false,"_monsterinsights_sitenote_note":"","_monsterinsights_sitenote_category":0,"footnotes":""},"categories":[51,49],"tags":[],"class_list":["post-263088","post","type-post","status-publish","format-standard","has-post-thumbnail","hentry","category-evidenza-top","category-news-18","category-51","category-49","description-off"],"img_url":"https:\/\/www.radiopiu.net\/wordpress\/wp-content\/uploads\/2022\/03\/275262134_7107894765949955_2261635273310050810_n.jpg","_links":{"self":[{"href":"https:\/\/www.radiopiu.net\/wordpress\/wp-json\/wp\/v2\/posts\/263088","targetHints":{"allow":["GET"]}}],"collection":[{"href":"https:\/\/www.radiopiu.net\/wordpress\/wp-json\/wp\/v2\/posts"}],"about":[{"href":"https:\/\/www.radiopiu.net\/wordpress\/wp-json\/wp\/v2\/types\/post"}],"author":[{"embeddable":true,"href":"https:\/\/www.radiopiu.net\/wordpress\/wp-json\/wp\/v2\/users\/4"}],"replies":[{"embeddable":true,"href":"https:\/\/www.radiopiu.net\/wordpress\/wp-json\/wp\/v2\/comments?post=263088"}],"version-history":[{"count":0,"href":"https:\/\/www.radiopiu.net\/wordpress\/wp-json\/wp\/v2\/posts\/263088\/revisions"}],"wp:featuredmedia":[{"embeddable":true,"href":"https:\/\/www.radiopiu.net\/wordpress\/wp-json\/wp\/v2\/media\/263089"}],"wp:attachment":[{"href":"https:\/\/www.radiopiu.net\/wordpress\/wp-json\/wp\/v2\/media?parent=263088"}],"wp:term":[{"taxonomy":"category","embeddable":true,"href":"https:\/\/www.radiopiu.net\/wordpress\/wp-json\/wp\/v2\/categories?post=263088"},{"taxonomy":"post_tag","embeddable":true,"href":"https:\/\/www.radiopiu.net\/wordpress\/wp-json\/wp\/v2\/tags?post=263088"}],"curies":[{"name":"wp","href":"https:\/\/api.w.org\/{rel}","templated":true}]}}