{"id":263120,"date":"2022-03-05T10:24:54","date_gmt":"2022-03-05T09:24:54","guid":{"rendered":"https:\/\/www.radiopiu.net\/wordpress\/?p=263120"},"modified":"2022-03-05T10:24:54","modified_gmt":"2022-03-05T09:24:54","slug":"a-tamonich-si-raccolgono-beni-di-prima-necessita-per-il-popolo-ucraino","status":"publish","type":"post","link":"https:\/\/www.radiopiu.net\/wordpress\/a-tamonich-si-raccolgono-beni-di-prima-necessita-per-il-popolo-ucraino\/","title":{"rendered":"A TAMONICH SI RACCOLGONO BENI DI PRIMA NECESSITA&#8217; PER IL POPOLO UCRAINO"},"content":{"rendered":"<p><strong><a class=\"dt-pswp-item\" href=\"https:\/\/www.radiopiu.net\/wordpress\/wp-content\/uploads\/2022\/03\/a096abba-21c2-406c-b1de-c31b7dfb5054.jpg\" data-dt-img-description=\"\" data-large_image_width=\"1600\" data-large_image_height=\"1200\"><img loading=\"lazy\" decoding=\"async\" class=\" wp-image-263124 alignleft\" src=\"https:\/\/www.radiopiu.net\/wordpress\/wp-content\/uploads\/2022\/03\/a096abba-21c2-406c-b1de-c31b7dfb5054-300x225.jpg\" alt=\"\" width=\"221\" height=\"166\" srcset=\"https:\/\/www.radiopiu.net\/wordpress\/wp-content\/uploads\/2022\/03\/a096abba-21c2-406c-b1de-c31b7dfb5054-300x225.jpg 300w, https:\/\/www.radiopiu.net\/wordpress\/wp-content\/uploads\/2022\/03\/a096abba-21c2-406c-b1de-c31b7dfb5054-1024x768.jpg 1024w, https:\/\/www.radiopiu.net\/wordpress\/wp-content\/uploads\/2022\/03\/a096abba-21c2-406c-b1de-c31b7dfb5054-768x576.jpg 768w, https:\/\/www.radiopiu.net\/wordpress\/wp-content\/uploads\/2022\/03\/a096abba-21c2-406c-b1de-c31b7dfb5054-1536x1152.jpg 1536w, https:\/\/www.radiopiu.net\/wordpress\/wp-content\/uploads\/2022\/03\/a096abba-21c2-406c-b1de-c31b7dfb5054.jpg 1600w\" sizes=\"auto, (max-width: 221px) 100vw, 221px\" \/><\/a>AGORDO<\/strong> \u00c8 iniziata questa mattina la raccolta di beni di prima necessit\u00e0 per il popolo ucraino in fuga dalla guerra. Nel piazzale intitolato a Peppiono Impastato \u00e8 arrivato il Tir che carica tutto il materiale per poi portarlo alle persone bisognose, c&#8217;\u00e8 tempo fino alle 12. Intanto Inna Maslovska, che si sta occupando in questi giorni della logistica per la consegna dei vestiti, del cibo e dei materiali sanitari, chiede aiuto alla popolazione per aiutarla con mail e le richieste che stanno arrivando dall&#8217;Ucraina. Chi fosse interessato ad aiutare Inna pu\u00f2 contattare il numero 320 2650063 o fare riferimento alla Fondazione Papa Luciani di Canale D&#8217;Agordo allo 0437 1948001<\/p>\n<p><strong>L&#8217;APPELLO DI AIUTO <\/strong><\/p>\n<audio class=\"wp-audio-shortcode\" id=\"audio-263120-1\" preload=\"none\" style=\"width: 100%;\" controls=\"controls\"><source type=\"audio\/mpeg\" src=\"https:\/\/www.radiopiu.net\/wordpress\/wp-content\/uploads\/2022\/03\/gianni-appello.mp3?_=1\" \/><a href=\"https:\/\/www.radiopiu.net\/wordpress\/wp-content\/uploads\/2022\/03\/gianni-appello.mp3\">https:\/\/www.radiopiu.net\/wordpress\/wp-content\/uploads\/2022\/03\/gianni-appello.mp3<\/a><\/audio>\n<p>&nbsp;<\/p>\n<p>&nbsp;<\/p>\n<p>&nbsp;<\/p>\n<p>*****<\/p>\n","protected":false},"excerpt":{"rendered":"<p>AGORDO \u00c8 iniziata questa mattina la raccolta di beni di prima necessit\u00e0 per il popolo ucraino in fuga dalla guerra. Nel piazzale intitolato a Peppiono Impastato \u00e8 arrivato il Tir che carica tutto il materiale per poi portarlo alle persone bisognose, c&#8217;\u00e8 tempo fino alle 12. Intanto Inna Maslovska, che si sta occupando in questi&hellip;<\/p>\n","protected":false},"author":4,"featured_media":263124,"comment_status":"closed","ping_status":"closed","sticky":false,"template":"","format":"standard","meta":{"_monsterinsights_skip_tracking":false,"_monsterinsights_sitenote_active":false,"_monsterinsights_sitenote_note":"","_monsterinsights_sitenote_category":0,"footnotes":""},"categories":[51,49],"tags":[],"class_list":["post-263120","post","type-post","status-publish","format-standard","has-post-thumbnail","hentry","category-evidenza-top","category-news-18","category-51","category-49","description-off"],"img_url":"https:\/\/www.radiopiu.net\/wordpress\/wp-content\/uploads\/2022\/03\/a096abba-21c2-406c-b1de-c31b7dfb5054.jpg","_links":{"self":[{"href":"https:\/\/www.radiopiu.net\/wordpress\/wp-json\/wp\/v2\/posts\/263120","targetHints":{"allow":["GET"]}}],"collection":[{"href":"https:\/\/www.radiopiu.net\/wordpress\/wp-json\/wp\/v2\/posts"}],"about":[{"href":"https:\/\/www.radiopiu.net\/wordpress\/wp-json\/wp\/v2\/types\/post"}],"author":[{"embeddable":true,"href":"https:\/\/www.radiopiu.net\/wordpress\/wp-json\/wp\/v2\/users\/4"}],"replies":[{"embeddable":true,"href":"https:\/\/www.radiopiu.net\/wordpress\/wp-json\/wp\/v2\/comments?post=263120"}],"version-history":[{"count":0,"href":"https:\/\/www.radiopiu.net\/wordpress\/wp-json\/wp\/v2\/posts\/263120\/revisions"}],"wp:featuredmedia":[{"embeddable":true,"href":"https:\/\/www.radiopiu.net\/wordpress\/wp-json\/wp\/v2\/media\/263124"}],"wp:attachment":[{"href":"https:\/\/www.radiopiu.net\/wordpress\/wp-json\/wp\/v2\/media?parent=263120"}],"wp:term":[{"taxonomy":"category","embeddable":true,"href":"https:\/\/www.radiopiu.net\/wordpress\/wp-json\/wp\/v2\/categories?post=263120"},{"taxonomy":"post_tag","embeddable":true,"href":"https:\/\/www.radiopiu.net\/wordpress\/wp-json\/wp\/v2\/tags?post=263120"}],"curies":[{"name":"wp","href":"https:\/\/api.w.org\/{rel}","templated":true}]}}