{"id":263146,"date":"2022-03-05T11:58:11","date_gmt":"2022-03-05T10:58:11","guid":{"rendered":"https:\/\/www.radiopiu.net\/wordpress\/?p=263146"},"modified":"2022-03-05T11:58:11","modified_gmt":"2022-03-05T10:58:11","slug":"cinque-tappe-tra-salvezza-e-playoff-per-i-rinoceronti","status":"publish","type":"post","link":"https:\/\/www.radiopiu.net\/wordpress\/cinque-tappe-tra-salvezza-e-playoff-per-i-rinoceronti\/","title":{"rendered":"CINQUE TAPPE TRA SALVEZZA E PLAYOFF PER I RINOCERONTI"},"content":{"rendered":"<p><strong><a class=\"dt-pswp-item\" href=\"https:\/\/www.radiopiu.net\/wordpress\/wp-content\/uploads\/2022\/03\/La_grinta_di_coach_Poletto.jpg\" data-dt-img-description=\"\" data-large_image_width=\"1620\" data-large_image_height=\"1080\"><img loading=\"lazy\" decoding=\"async\" class=\"size-medium wp-image-263147 alignleft\" src=\"https:\/\/www.radiopiu.net\/wordpress\/wp-content\/uploads\/2022\/03\/La_grinta_di_coach_Poletto-300x200.jpg\" alt=\"\" width=\"300\" height=\"200\" srcset=\"https:\/\/www.radiopiu.net\/wordpress\/wp-content\/uploads\/2022\/03\/La_grinta_di_coach_Poletto-300x200.jpg 300w, https:\/\/www.radiopiu.net\/wordpress\/wp-content\/uploads\/2022\/03\/La_grinta_di_coach_Poletto-1024x683.jpg 1024w, https:\/\/www.radiopiu.net\/wordpress\/wp-content\/uploads\/2022\/03\/La_grinta_di_coach_Poletto-768x512.jpg 768w, https:\/\/www.radiopiu.net\/wordpress\/wp-content\/uploads\/2022\/03\/La_grinta_di_coach_Poletto-1536x1024.jpg 1536w, https:\/\/www.radiopiu.net\/wordpress\/wp-content\/uploads\/2022\/03\/La_grinta_di_coach_Poletto.jpg 1620w\" sizes=\"auto, (max-width: 300px) 100vw, 300px\" \/><\/a>BELLUNO <\/strong><span style=\"font-family: 'Helvetica',sans-serif; color: black;\">Cinque tappe prima di tagliare la linea del traguardo: \u00e8 pronta a partire la volata finale. E, rimanendo in ambito ciclistico, la Da Rold Logistics Belluno si presenta al rettilineo conclusivo in buona posizione. Ma dovr\u00e0 ancora pedalare. E con tutte le sue forze.<span class=\"gmail-apple-converted-space\">\u00a0<\/span><\/span><span style=\"font-family: 'Helvetica',sans-serif; color: black;\">In questo weekend, i vari campionati di Serie A (compresa la A3) rimangono al palo per lasciare spazio alle sfide decisive di Coppa Italia. Domenica 13, per\u00f2, si torna sotto rete: alla Spes Arena (ore 18), dove approder\u00e0 il Volley Garlasco. Una formazione che, non pi\u00f9 tardi di venerd\u00ec scorso, ha sbancato il Pala Dozza di Bologna (3-0 sulla Geetit) e si \u00e8 portata in zona salvezza: al decimo posto, 6 punti al di sotto dei rinoceronti.<span class=\"gmail-apple-converted-space\">\u00a0<\/span><\/span><span style=\"font-family: 'Helvetica',sans-serif; color: black;\">Poi, domenica 20, ecco la trasferta quasi proibitiva a Grottazzolina contro la capolista Videx (\u00e8 a +4 sulla pi\u00f9 diretta fra le inseguitrici), quindi l\u2019ultimo derby veneto della stagione: il 27 marzo, all\u2019Arena di Lambioi, con San Don\u00e0 di Piave. Il mese di aprile, invece, si aprir\u00e0 domenica 3 a Portomaggiore, mentre l\u2019ultimo turno in calendario \u00e8 fissato il 10 aprile, quando i ragazzi di coach Diego Poletto se la vedranno con la Tinet Prata di Pordenone: terza forza del torneo.<span class=\"gmail-apple-converted-space\">\u00a0<\/span><\/span><span style=\"font-family: 'Helvetica',sans-serif; color: black;\">Obiettivi in casa DRL? Due. Uno pressante: ottenere subito i punti necessari per mettere al sicuro il discorso salvezza. Nonostante le 7 lunghezze sulla quartultima piazza rappresentino un buon margine, \u00e8 meglio imprimere quanto prima il timbro sulla permanenza in A3.<span class=\"gmail-apple-converted-space\">\u00a0<\/span><\/span><span style=\"font-family: 'Helvetica',sans-serif; color: black;\">L\u2019altro obiettivo, invece, \u00e8 pi\u00f9 che altro un sogno: la qualificazione ai playoff. Anche se i bellunesi sono appena stati agganciati all\u2019ottavo posto dalla Vigilar Fano: sar\u00e0 un testa a testa con i marchigiani? Non \u00e8 detto, perch\u00e9 Montecchio Maggiore, attualmente settimo, \u00e8 2 punticini pi\u00f9 su.<span class=\"gmail-apple-converted-space\">\u00a0<\/span><\/span><span style=\"font-family: 'Helvetica',sans-serif; color: black;\">Insomma, ora sar\u00e0 meglio rifiatare. Perch\u00e9 poi la \u201cvolatona\u201d non dar\u00e0 pi\u00f9 il tempo, n\u00e9 il modo di voltarsi indietro.<span class=\"gmail-apple-converted-space\">\u00a0<\/span><\/span><\/p>\n<p>&nbsp;<\/p>\n<p>&nbsp;<\/p>\n<p>&nbsp;<\/p>\n<p>*****<\/p>\n<p>&nbsp;<\/p>\n","protected":false},"excerpt":{"rendered":"<p>BELLUNO Cinque tappe prima di tagliare la linea del traguardo: \u00e8 pronta a partire la volata finale. E, rimanendo in ambito ciclistico, la Da Rold Logistics Belluno si presenta al rettilineo conclusivo in buona posizione. Ma dovr\u00e0 ancora pedalare. E con tutte le sue forze.\u00a0In questo weekend, i vari campionati di Serie A (compresa la&hellip;<\/p>\n","protected":false},"author":4,"featured_media":263147,"comment_status":"closed","ping_status":"closed","sticky":false,"template":"","format":"standard","meta":{"_monsterinsights_skip_tracking":false,"_monsterinsights_sitenote_active":false,"_monsterinsights_sitenote_note":"","_monsterinsights_sitenote_category":0,"footnotes":""},"categories":[49],"tags":[],"class_list":["post-263146","post","type-post","status-publish","format-standard","has-post-thumbnail","hentry","category-news-18","category-49","description-off"],"img_url":"https:\/\/www.radiopiu.net\/wordpress\/wp-content\/uploads\/2022\/03\/La_grinta_di_coach_Poletto.jpg","_links":{"self":[{"href":"https:\/\/www.radiopiu.net\/wordpress\/wp-json\/wp\/v2\/posts\/263146","targetHints":{"allow":["GET"]}}],"collection":[{"href":"https:\/\/www.radiopiu.net\/wordpress\/wp-json\/wp\/v2\/posts"}],"about":[{"href":"https:\/\/www.radiopiu.net\/wordpress\/wp-json\/wp\/v2\/types\/post"}],"author":[{"embeddable":true,"href":"https:\/\/www.radiopiu.net\/wordpress\/wp-json\/wp\/v2\/users\/4"}],"replies":[{"embeddable":true,"href":"https:\/\/www.radiopiu.net\/wordpress\/wp-json\/wp\/v2\/comments?post=263146"}],"version-history":[{"count":0,"href":"https:\/\/www.radiopiu.net\/wordpress\/wp-json\/wp\/v2\/posts\/263146\/revisions"}],"wp:featuredmedia":[{"embeddable":true,"href":"https:\/\/www.radiopiu.net\/wordpress\/wp-json\/wp\/v2\/media\/263147"}],"wp:attachment":[{"href":"https:\/\/www.radiopiu.net\/wordpress\/wp-json\/wp\/v2\/media?parent=263146"}],"wp:term":[{"taxonomy":"category","embeddable":true,"href":"https:\/\/www.radiopiu.net\/wordpress\/wp-json\/wp\/v2\/categories?post=263146"},{"taxonomy":"post_tag","embeddable":true,"href":"https:\/\/www.radiopiu.net\/wordpress\/wp-json\/wp\/v2\/tags?post=263146"}],"curies":[{"name":"wp","href":"https:\/\/api.w.org\/{rel}","templated":true}]}}