{"id":263323,"date":"2022-03-08T06:00:33","date_gmt":"2022-03-08T05:00:33","guid":{"rendered":"https:\/\/www.radiopiu.net\/wordpress\/?p=263323"},"modified":"2022-03-08T15:44:04","modified_gmt":"2022-03-08T14:44:04","slug":"giornale-radiopiu-08-marzo-2022-direttore-mirko-mezzacasa","status":"publish","type":"post","link":"https:\/\/www.radiopiu.net\/wordpress\/giornale-radiopiu-08-marzo-2022-direttore-mirko-mezzacasa\/","title":{"rendered":"GIORNALE RADIOPIU 08 MARZO 2022 DIRETTORE MIRKO MEZZACASA"},"content":{"rendered":"<h3 class=\"kvgmc6g5 cxmmr5t8 oygrvhab hcukyx3x c1et5uql\"><span style=\"color: #0000ff;\"><strong><a class=\"dt-pswp-item\" href=\"https:\/\/www.radiopiu.net\/wordpress\/wp-content\/uploads\/2022\/03\/ea5bfe77-1a9e-496b-8c07-8d1164a69597-300x225-1.jpg\" data-dt-img-description=\"\" data-large_image_width=\"300\" data-large_image_height=\"225\"><img loading=\"lazy\" decoding=\"async\" class=\" wp-image-263419 alignleft\" src=\"https:\/\/www.radiopiu.net\/wordpress\/wp-content\/uploads\/2022\/03\/ea5bfe77-1a9e-496b-8c07-8d1164a69597-300x225-1.jpg\" alt=\"\" width=\"157\" height=\"118\" \/><\/a>INFORMAZIONE il canale su TELEGRAM informazione di prima\u00a0 <\/strong><\/span><span style=\"color: #0000ff;\"><strong>mano e in tempo reale. iscriviti ed aiutaci a farlo conoscere\u00a0\u00a0<\/strong><\/span><\/h3>\n<h1><\/h1>\n<h1><\/h1>\n<h1><span style=\"color: #ffcc00;\"><strong>Otto marzo<\/strong><\/span><\/h1>\n<p><strong>Lorrain Berton,<\/strong> presidente Confindustria <em>&#8220;Sono giorni di apprensione e di dolore per tutti e il mio primo pensiero, nella Giornata della Donna, va alle donne ucraine, quelle rimaste nel loro Paese, quelle in fuga per mettere in salvo i propri figli, le tante che sono sul nostro territorio e che in Ucraina hanno gli affetti pi\u00f9 cari. Siamo con loro, vorremmo abbracciarle una per una perch\u00e9 quello che sta accadendo \u00e8 ingiustificabile e straziante. La \u201cquestione femminile\u201d deve rimanere una priorit\u00e0&#8221;<\/em><\/p>\n<p><strong>Moira Fontana,<\/strong> Presidente Comitato Impresa Donna Appia \u201cL\u2019auspicio \u00e8 che quest\u2019anno l\u20198 marzo non sia considerata una \u2018festa\u2019, ma la presa di consapevolezza che ci determini tutti ad un cambio di rotta culturale. E questo \u00e8 anche il senso dell\u2019adesione convinta del nostro Comitato, con la partecipazione dei panificatori dell\u2019Appia all\u2019iniziativa ideata dall\u2019Associazione Belluno-Donna Onlus che, in Provincia, ascolta, supporta e accoglie le donne che subiscono violenza. Il progetto, che quest\u2019 anno coinvolge i territori dell\u2019Alto Bellunese, si propone di raggiungere, tramite la distribuzione di sacchetti del pane\u00a0 quante pi\u00f9 donne possibili che subiscano violenze e, al contempo, fare azione di informazione e sensibilizzazione\u201d.<\/p>\n<p><strong><b>Silvia Marchetti<\/b>, <\/strong>direttore di Confagricoltura Veneto &#8220;Non c&#8217;\u00e8 nulla da festeggiare, mentre assistiamo con tristezza alle immagini di distruzione e morte che arrivano da Kiev. La nostra solidariet\u00e0 va alle donne ucraine, mamme e mogli degli uomini che stanno combattendo, che vivono con l\u2019angoscia delle loro famiglie lontane e in pericolo. Tante di queste donne lavorano in Italia, anche in agricoltura e perci\u00f2 stiamo toccando con mano il dramma e la disperazione di queste persone, che compiono grandi sacrifici per mandare i soldi ai propri cari e costruire una casa nel loro Paese. A queste donne e a tutte le donne che vivono nei punti caldi del pianeta, dove sono in atto guerre e conflitti etnici, vanno la nostra vicinanza e il nostro sostegno\u201d.<\/p>\n<p><strong>Teresa Merotto\u00a0<\/strong> segretaria della Cisl territoriale\u00a0 &#8220;La Cisl Belluno Treviso dedica l\u20198 marzo alle donne ucraine, donne\u00a0che in questi anni sono diventate una presenza importante nelle nostre case, nei nostri territori e che abbiamo imparato a conoscere perch\u00e9 ci hanno aiutato a prenderci cura e assistere i nostri familiari e gli anziani, dando vita a un welfare parallelo a quello ufficiale e a volte invisibile Esprimiamo la nostra vicinanza a tutte coloro che sono chiamate ancora una volta a svolgere, per il bene di tutti, un difficile compito, un\u2019ennesima prova di forza e tenacia. Come Cisl vogliamo esprimere la solidariet\u00e0 nostra e di tutti i lavoratori e le lavoratrici che rappresentiamo e mettiamo a disposizione le nostre strutture e i nostri servizi per accompagnarle in questo difficile percorso\u201d.<\/p>\n<p>&nbsp;<\/p>\n<hr \/>\n<p><strong>\u00a0 \u00a0<\/strong><\/p>\n<p><strong>violenza sulle donne &#8220;pane quotidiano&#8221;<\/strong><\/p>\n<blockquote>\n<h3><a class=\"dt-pswp-item\" href=\"https:\/\/www.radiopiu.net\/wordpress\/wp-content\/uploads\/2022\/03\/mimosa-5072678__480.jpg\" data-dt-img-description=\"\" data-large_image_width=\"720\" data-large_image_height=\"480\"><img loading=\"lazy\" decoding=\"async\" class=\"wp-image-263573 alignleft\" src=\"https:\/\/www.radiopiu.net\/wordpress\/wp-content\/uploads\/2022\/03\/mimosa-5072678__480-300x200.jpg\" alt=\"\" width=\"185\" height=\"123\" srcset=\"https:\/\/www.radiopiu.net\/wordpress\/wp-content\/uploads\/2022\/03\/mimosa-5072678__480-300x200.jpg 300w, https:\/\/www.radiopiu.net\/wordpress\/wp-content\/uploads\/2022\/03\/mimosa-5072678__480.jpg 720w\" sizes=\"auto, (max-width: 185px) 100vw, 185px\" \/><\/a>IL MESSAGGIO SUL SACCHETTO DEL PANE, CON BELLUNO DONNA<\/h3>\n<p>di Damiano Tormen<\/p><\/blockquote>\n<audio class=\"wp-audio-shortcode\" id=\"audio-263323-1\" preload=\"none\" style=\"width: 100%;\" controls=\"controls\"><source type=\"audio\/mpeg\" src=\"https:\/\/www.radiopiu.net\/wordpress\/wp-content\/uploads\/2022\/03\/damiano-2.mp3?_=1\" \/><a href=\"https:\/\/www.radiopiu.net\/wordpress\/wp-content\/uploads\/2022\/03\/damiano-2.mp3\">https:\/\/www.radiopiu.net\/wordpress\/wp-content\/uploads\/2022\/03\/damiano-2.mp3<\/a><\/audio>\n<p>&nbsp;<\/p>\n<p>&nbsp;<\/p>\n<hr \/>\n<p>&nbsp;<\/p>\n<p><strong>John Francis Della Pietra <\/strong><strong>8 MARZO<\/strong><\/p>\n<audio class=\"wp-audio-shortcode\" id=\"audio-263323-2\" preload=\"none\" style=\"width: 100%;\" controls=\"controls\"><source type=\"audio\/mpeg\" src=\"https:\/\/www.radiopiu.net\/wordpress\/wp-content\/uploads\/2020\/03\/JOHN-OTTO-MARZO.mp3?_=2\" \/><a href=\"https:\/\/www.radiopiu.net\/wordpress\/wp-content\/uploads\/2020\/03\/JOHN-OTTO-MARZO.mp3\">https:\/\/www.radiopiu.net\/wordpress\/wp-content\/uploads\/2020\/03\/JOHN-OTTO-MARZO.mp3<\/a><\/audio>\n<p>&nbsp;<\/p>\n<p>&nbsp;<\/p>\n<p><img loading=\"lazy\" decoding=\"async\" class=\"alignleft\" src=\"https:\/\/www.radiopiu.net\/wordpress\/wp-content\/uploads\/2019\/03\/festa-della-donna-mimosa-8-marzo-1024x768.jpg\" width=\"178\" height=\"134\" \/>La semplicit\u00e0<br \/>\n\u00c8 sempre foriera di felicit\u00e0<br \/>\nCos\u00ec dev essere la nostra gratitudine<br \/>\nEspressione vera e genuina dello spirito<br \/>\nIn questa giornata peculiare per le donne<br \/>\nSian esse figlie madri compagne o nonne<br \/>\nLe dobbiamo ringraziare<br \/>\nPer quanto sempre ci sanno nel tempo donare<br \/>\nDalla vita alla crescita all amore<br \/>\nCon tutto il loro cuore<br \/>\nIn segno di rispetto chiniamo la testa<br \/>\nOggi nella loro festa<br \/>\nE nei giorni a venire<br \/>\nCerchiamo sempre per loro il grande affetto saper sentire<\/p>\n<p>&nbsp;<\/p>\n<p>&nbsp;<\/p>\n<p>&nbsp;<\/p>\n<hr \/>\n<blockquote>\n<h3><\/h3>\n<h3>DONNE E LAVORO AI TEMPI DEL COVID-19<\/h3>\n<\/blockquote>\n<p><strong><a class=\"dt-pswp-item\" href=\"https:\/\/www.radiopiu.net\/wordpress\/wp-content\/uploads\/2022\/03\/VENETO-LAVORO.png\" data-dt-img-description=\"\" data-large_image_width=\"600\" data-large_image_height=\"161\"><img loading=\"lazy\" decoding=\"async\" class=\"size-medium wp-image-263456 alignleft\" src=\"https:\/\/www.radiopiu.net\/wordpress\/wp-content\/uploads\/2022\/03\/VENETO-LAVORO-300x81.png\" alt=\"\" width=\"300\" height=\"81\" srcset=\"https:\/\/www.radiopiu.net\/wordpress\/wp-content\/uploads\/2022\/03\/VENETO-LAVORO-300x81.png 300w, https:\/\/www.radiopiu.net\/wordpress\/wp-content\/uploads\/2022\/03\/VENETO-LAVORO.png 600w\" sizes=\"auto, (max-width: 300px) 100vw, 300px\" \/><\/a>VENEZIA <\/strong>Dopo la significativa riduzione dei livelli di partecipazione delle donne al mercato del lavoro registrata nel corso del 2020, il 2021 ha visto una graduale ma intensa crescita dell\u2019occupazione, tanto per le donne quanto per gli uomini. L\u2019anno si \u00e8 infatti chiuso con un incremento di circa 28.300 posizioni di lavoro dipendente nel primo caso e di 26.900 nel secondo. Anche in termini di assunzioni, il 2021 ha rappresentato l\u2019anno della ripresa, arrivando a superare, nella parte centrale e finale dell\u2019anno, i valori registrati nel 2019. Permane tuttavia un forte divario di genere, con un tasso di inattivit\u00e0 femminile che, soprattutto a livello nazionale, rimane ancora molto elevato rispetto a quello maschile. La ripresa osservata nell\u2019ultimo anno \u00e8 interamente ascrivibile al lavoro dipendente, in particolare quello a termine, e il divario maggiore nel confronto tra uomini e donne si osserva, ancora una volta, in relazione agli ambiti di inserimento lavorativo e alle modalit\u00e0 occupazionali. Per le donne si registra infatti un peso maggiore della domanda di lavoro a tempo determinato, anche in virt\u00f9 di una rilevante presenza femminile nei settori in cui questa tipologia contrattuale \u00e8 pi\u00f9 diffusa. Le attivazioni di rapporti di lavoro a tempo indeterminato continuano invece a mantenersi su livelli nettamente inferiori a quelli degli uomini, nonostante una flessione pi\u00f9 contenuta in periodo di pandemia. La differenza pi\u00f9 importante riguarda il part-time: la percentuale di rapporti a tempo parziale sul totale delle assunzioni effettuate nel 2021 \u00e8 pari al 44% per le donne e al 21% per gli uomini.\u00a0 La domanda di lavoro si mantiene inoltre fortemente sbilanciata: per gli uomini proviene ancora in larga parte dall\u2019industria, mentre per le donne dai servizi, soprattutto turismo, commercio, servizi alla persona e attivit\u00e0 professionali. Il bilancio a fine 2021 \u00e8 comunque positivo in entrambi i comparti: +7.900 posti di lavoro dipendente nell\u2019industria (+13.000 tra gli uomini), prevalentemente nel metalmeccanico e in alcune realt\u00e0 del manifatturiero locale, e +19.900 nei servizi (+14.200 gli uomini), di cui +5.700 nei servizi turistici e +4.700 nei servizi alla persona.<\/p>\n<p><strong>IL REPORT DI VENETO LAVORO (19 PAGINE)<\/strong><\/p>\n<a href=\"https:\/\/www.radiopiu.net\/wordpress\/wp-content\/uploads\/2022\/03\/Focus-9_2022-Occupazione-femminile-ClicLavoro-Veneto.pdf\" class=\"pdfemb-viewer\" style=\"\" data-width=\"max\" data-height=\"max\" data-toolbar=\"top\" data-toolbar-fixed=\"on\">Focus 9_2022 Occupazione femminile - ClicLavoro Veneto<\/a>\n<p>&nbsp;<\/p>\n<p>&nbsp;<\/p>\n<hr \/>\n<p><strong>\u00a0<\/strong><\/p>\n<p><strong>\u00a0<\/strong><\/p>\n<p><strong><img loading=\"lazy\" decoding=\"async\" class=\"alignleft\" src=\"https:\/\/www.radiopiu.net\/wordpress\/wp-content\/uploads\/2022\/03\/2562b63d-a27b-4e49-9b47-65e342a8de32.jpg\" width=\"157\" height=\"146\" \/>ULTIM&#8217;ORA<\/strong><\/p>\n<blockquote><p>Ren\u00e8 De Silvestro, l\u2019atleta paralimpico bellunese, non riesce a qualificarsi nella combinata valida per le paralimpiadi di Pechino.<\/p>\n<p>Nel SuperG, prima gara in programma, De Silvestro ha saltato una porta e di conseguenza non si \u00e8 qualificato per la fase conclusiva della combinata.<\/p><\/blockquote>\n<p>&nbsp;<\/p>\n<p>&nbsp;<\/p>\n<hr \/>\n<p>&nbsp;<\/p>\n<blockquote>\n<h3>50MILA PROFUGHI IN ARRIVO NEL VENETO, LE ULTIME NOTIZIA DA VENEZIA<\/h3>\n<\/blockquote>\n<p><strong>VENEZIA<\/strong> Ieri in conferenza stampa immancabile il punto covid con le curve in discesa anche se si assiste ad un aumento di contagi in provincia di Belluno. Emergenza profughi: sono un migliaio quelli gi\u00e0 in Veneto, ne stanno arrivando altri, fra i quali disabili. Zaia ha ipotizzato, in base alle stime degli arrivi della Protezione civile nazionale, che\u00a0 potrebbero giungere circa 50mila rifugiati. C&#8217;\u00e8 un budget di 10 milioni di euro per l&#8217;emergenza per tutti i commissari d&#8217;Italia, in Veneto 143mila euro raccolti con oltre 1000 donazioni. E&#8217; stata regolamentata la fase di ingresso\u00a0 \u00a0con le procedure sanitarie, non sono moltissimi i positivi, qualcuno per\u00f2 c&#8217;\u00e8, garantiamo a queste persone l&#8217;accesso alle vaccinazioni. Poi possono spostarsi e avere una deroga al super green pass per 5 giorni, per raggiungere i parenti o un alloggio, previo tampone molecolare o antigenico. Stiamo ragionando su un hub, un piazzale con una struttura al coperto . Se arriveranno flussi da 30-50 mila persone \u00e8 impensabile che ogni piazza faccia da accoglienza . Ad oggi di non sapere dove potrebbe sorgere e sottolinea che si tratta non di un punto di ospitalit\u00e0 ma di un appoggio per accogliere nei primi momenti i rifugiati<\/p>\n<div class=\"inread_adv\">\n<div id=\"outbrain_widget_0\" class=\"OUTBRAIN\" data-src=\"https%3A%2F%2Fwww.ilgazzettino.it%2Fnordest%2Fvenezia%2Fzaia_diretta_oggi_cosa_ha_detto_covid_veneto_ucraina_profughi_quanti_sono_ospitalita_case-6547890.html\" data-widget-id=\"AR_10\" data-ob-mark=\"true\" data-browser=\"chrome\" data-os=\"win32\" data-dynload=\"\" data-idx=\"0\">\n<div class=\"ob-widget ob-grid-layout AR_10 ob-cmn-AR_10\" data-dynamic-truncate=\"true\">\n<div class=\"ob-dynamic-rec-container ob-recIdx-0 ob-p\" data-pos=\"0\">LA CONFERENZA STAMPA<\/div>\n<\/div>\n<\/div>\n<\/div>\n<p>&nbsp;<\/p>\n<p><a href=\"https:\/\/www.facebook.com\/zaiaufficiale\/videos\/364977938968614\">https:\/\/www.facebook.com\/zaiaufficiale\/videos\/364977938968614<\/a><\/p>\n<p>&nbsp;<\/p>\n<p>&nbsp;<\/p>\n<p>&nbsp;<\/p>\n<hr \/>\n<blockquote>\n<h3><\/h3>\n<h3>EMERGENZA PROFUGHI, AD ALLEGHE IL SINDACO INCONTRA LE ASSOCIAZIONI DEI VOLONTARI<\/h3>\n<\/blockquote>\n<p><strong><a class=\"dt-pswp-item\" href=\"https:\/\/www.radiopiu.net\/wordpress\/wp-content\/uploads\/2022\/01\/th-10.jpg\" data-dt-img-description=\"\" data-large_image_width=\"221\" data-large_image_height=\"166\"><img loading=\"lazy\" decoding=\"async\" class=\" wp-image-254723 alignleft\" src=\"https:\/\/www.radiopiu.net\/wordpress\/wp-content\/uploads\/2022\/01\/th-10.jpg\" alt=\"\" width=\"134\" height=\"101\" \/><\/a>ALLEGHE<\/strong> L&#8217;emergenza profughi non trover\u00e0 impreparati i volontari in riva al lago. Il sindaco, Danilo De Toni, ha gi\u00e0 riunito allo steso tavolo coloro che saranno impegnati in prima linea nell&#8217;emergenza<\/p>\n<p><strong>IL SINDACO DANILO DE TONI<\/strong><\/p>\n<audio class=\"wp-audio-shortcode\" id=\"audio-263323-3\" preload=\"none\" style=\"width: 100%;\" controls=\"controls\"><source type=\"audio\/mpeg\" src=\"https:\/\/www.radiopiu.net\/wordpress\/wp-content\/uploads\/2022\/03\/DANILO-DE-TONI-PROFUGHI.mp3?_=3\" \/><a href=\"https:\/\/www.radiopiu.net\/wordpress\/wp-content\/uploads\/2022\/03\/DANILO-DE-TONI-PROFUGHI.mp3\">https:\/\/www.radiopiu.net\/wordpress\/wp-content\/uploads\/2022\/03\/DANILO-DE-TONI-PROFUGHI.mp3<\/a><\/audio>\n<p>&nbsp;<\/p>\n<hr \/>\n<p>&nbsp;<\/p>\n<blockquote>\n<blockquote>\n<h3>FELTRE ATTIVA UN CONTO CORRENTE PER LA RACCOLTA DI FONDI A SOSTEGNO DEI RIFUGIATI IN ARRIVO<\/h3>\n<\/blockquote>\n<p><strong><a href=\"https:\/\/www.radiopiu.net\/wordpress\/wp-content\/uploads\/2022\/03\/ukraine-7040713__340.webp\"><img loading=\"lazy\" decoding=\"async\" class=\"wp-image-263416 alignleft\" src=\"https:\/\/www.radiopiu.net\/wordpress\/wp-content\/uploads\/2022\/03\/ukraine-7040713__340-300x225.webp\" alt=\"\" width=\"147\" height=\"110\" srcset=\"https:\/\/www.radiopiu.net\/wordpress\/wp-content\/uploads\/2022\/03\/ukraine-7040713__340-300x225.webp 300w, https:\/\/www.radiopiu.net\/wordpress\/wp-content\/uploads\/2022\/03\/ukraine-7040713__340.webp 453w\" sizes=\"auto, (max-width: 147px) 100vw, 147px\" \/><\/a>FELTRE<\/strong> Il Comune di Feltre e l&#8217;Azienda Feltrina per i Servizi alla Persona hanno attivato un conto corrente per la raccolta di fondi a favore delle persone in arrivo dalle aree colpite dalla guerra in Ucraina. Le somme raccolte saranno gestite dai Servizi Sociali e saranno destinate all&#8217;acquisto di generi di prima necessit\u00e0. Il conto corrente \u00e8 intestato ad Azienda Feltrina per i Servizi alla Persona presso la Banca Prealpi SanBiagio, Filiale di Feltre, con IBAN: IT30O0890461110026000000771 Causale: EMERGENZA UCRAINA.<\/p>\n<p><strong>L&#8217;ASSESSORE alle Politiche Sociali del Comune di Feltre\u00a0<\/strong><\/p>\n<p><strong>GIORGIA LI CASTRI<\/strong><\/p>\n<audio class=\"wp-audio-shortcode\" id=\"audio-263323-4\" preload=\"none\" style=\"width: 100%;\" controls=\"controls\"><source type=\"audio\/mpeg\" src=\"https:\/\/www.radiopiu.net\/wordpress\/wp-content\/uploads\/2022\/03\/Audio-Li-Castri-Ucraina.mp3?_=4\" \/><a href=\"https:\/\/www.radiopiu.net\/wordpress\/wp-content\/uploads\/2022\/03\/Audio-Li-Castri-Ucraina.mp3\">https:\/\/www.radiopiu.net\/wordpress\/wp-content\/uploads\/2022\/03\/Audio-Li-Castri-Ucraina.mp3<\/a><\/audio>\n<p>&nbsp;<\/p><\/blockquote>\n<p>&nbsp;<\/p>\n<hr \/>\n<p>&nbsp;<\/p>\n<p><strong class=\"photoswipe-wrapper\"><a class=\"dt-pswp-item pspw-wrap-ready\" href=\"https:\/\/www.radiopiu.net\/wordpress\/wp-content\/uploads\/2022\/02\/AIUTO-UCRAINA.jpg\" data-dt-img-description=\"\" data-large_image_width=\"374\" data-large_image_height=\"188\"><img loading=\"lazy\" decoding=\"async\" class=\" wp-image-262104 alignleft\" src=\"https:\/\/www.radiopiu.net\/wordpress\/wp-content\/uploads\/2022\/02\/AIUTO-UCRAINA-300x151.jpg\" sizes=\"auto, (max-width: 195px) 100vw, 195px\" srcset=\"https:\/\/www.radiopiu.net\/wordpress\/wp-content\/uploads\/2022\/02\/AIUTO-UCRAINA-300x151.jpg 300w, https:\/\/www.radiopiu.net\/wordpress\/wp-content\/uploads\/2022\/02\/AIUTO-UCRAINA.jpg 374w\" alt=\"\" width=\"195\" height=\"98\" \/><\/a>CANALE D\u2019AGORDO<\/strong> campagna di aiuto alla popolazione ucraina anche in Agordino. Nella sala consigliare di Canale D\u2019Agordo\u00a0 TUTTI I GIORNI dalle 9 alle 19, si possono portare generi alimentari e quanto richiesto: PRODOTTI A LUNGA CONSERVAZIONE\u00a0 \u2013 \u00a0GENERI SANITARI \u2013\u00a0 VESTIARIO ANCHE PER BAMBINI.\u00a0<strong>OSPITALITA\u2019 AI PROFUGHI<\/strong>\u00a0(RIVOLGERSI ALLA CARITAS DIOCESANA DI BELLUNO (0437.941681)\u00a0\u00a0<strong>CONTRIBUTI<\/strong>\u00a0ALLA CARITAS DI BELLUNO UN\u2019OFFERTA ALL\u2019IBAN IT86P0306909606100000143821 CAUSALE \u201cEMERGENZA UCRAINA\u201d\u00a0<strong>REFERENTE:<\/strong>\u00a0FONDAZIONE PAPA LUCIANI ONLUS DI CANALE D\u2019AGORDO TEL. 345 1512564; loris@fondazionepapaluciani.com<\/p>\n<blockquote><p><strong>A ROCCA PIETORE, LA RACCOLTA DI AIUTI CON L&#8217;ANA PROVINCIALE<\/strong><\/p><\/blockquote>\n\n\t\t\t<style type='text\/css'>\n\t\t\t\t#gallery-1 {\n\t\t\t\t\tmargin: auto;\n\t\t\t\t}\n\t\t\t\t#gallery-1 .gallery-item {\n\t\t\t\t\tfloat: left;\n\t\t\t\t\tmargin-top: 10px;\n\t\t\t\t\ttext-align: center;\n\t\t\t\t\twidth: 33%;\n\t\t\t\t}\n\t\t\t\t#gallery-1 img {\n\t\t\t\t\tborder: 2px solid #cfcfcf;\n\t\t\t\t}\n\t\t\t\t#gallery-1 .gallery-caption {\n\t\t\t\t\tmargin-left: 0;\n\t\t\t\t}\n\t\t\t\t\/* see gallery_shortcode() in wp-includes\/media.php *\/\n\t\t\t<\/style>\n\t\t<div id='gallery-1' class='dt-gallery-container gallery galleryid-263323 gallery-columns-3 gallery-size-thumbnail'><dl class='gallery-item'>\n\t\t\t\t<dt class='gallery-icon portrait'>\n\t\t\t\t\t<a class=\"rollover rollover-zoom dt-pswp-item\" title=\"f051c131-7e64-412f-b362-33f8ed6ff620\" data-dt-img-description=\"\" data-large_image_width=\"1200\" data-large_image_height=\"1599\"href='https:\/\/www.radiopiu.net\/wordpress\/wp-content\/uploads\/2022\/03\/f051c131-7e64-412f-b362-33f8ed6ff620.jpg'><img loading=\"lazy\" decoding=\"async\" width=\"150\" height=\"150\" src=\"https:\/\/www.radiopiu.net\/wordpress\/wp-content\/uploads\/2022\/03\/f051c131-7e64-412f-b362-33f8ed6ff620-150x150.jpg\" class=\"attachment-thumbnail size-thumbnail\" alt=\"\" \/><\/a>\n\t\t\t\t<\/dt><\/dl><dl class='gallery-item'>\n\t\t\t\t<dt class='gallery-icon portrait'>\n\t\t\t\t\t<a class=\"rollover rollover-zoom dt-pswp-item\" title=\"42843f55-dc05-4a2d-82bd-63ecac000d89\" data-dt-img-description=\"\" data-large_image_width=\"1536\" data-large_image_height=\"2048\"href='https:\/\/www.radiopiu.net\/wordpress\/wp-content\/uploads\/2022\/03\/42843f55-dc05-4a2d-82bd-63ecac000d89.jpg'><img loading=\"lazy\" decoding=\"async\" width=\"150\" height=\"150\" src=\"https:\/\/www.radiopiu.net\/wordpress\/wp-content\/uploads\/2022\/03\/42843f55-dc05-4a2d-82bd-63ecac000d89-150x150.jpg\" class=\"attachment-thumbnail size-thumbnail\" alt=\"\" \/><\/a>\n\t\t\t\t<\/dt><\/dl><dl class='gallery-item'>\n\t\t\t\t<dt class='gallery-icon portrait'>\n\t\t\t\t\t<a class=\"rollover rollover-zoom dt-pswp-item\" title=\"8d2e2e67-0f47-4f94-ba1c-659095435845\" data-dt-img-description=\"\" data-large_image_width=\"1200\" data-large_image_height=\"1599\"href='https:\/\/www.radiopiu.net\/wordpress\/wp-content\/uploads\/2022\/03\/8d2e2e67-0f47-4f94-ba1c-659095435845.jpg'><img loading=\"lazy\" decoding=\"async\" width=\"150\" height=\"150\" src=\"https:\/\/www.radiopiu.net\/wordpress\/wp-content\/uploads\/2022\/03\/8d2e2e67-0f47-4f94-ba1c-659095435845-150x150.jpg\" class=\"attachment-thumbnail size-thumbnail\" alt=\"\" \/><\/a>\n\t\t\t\t<\/dt><\/dl><br style=\"clear: both\" \/>\n\t\t\t<\/div>\n\n<p>&nbsp;<\/p>\n<hr \/>\n<p>&nbsp;<\/p>\n<blockquote>\n<h3>GSP: DIECI GIORNI DI DISAGI A CASTION E SAFFORZE<\/h3>\n<\/blockquote>\n<p><strong><a class=\"dt-pswp-item\" href=\"https:\/\/www.radiopiu.net\/wordpress\/wp-content\/uploads\/2022\/01\/IMG-20220121-WA0004.jpg\" data-dt-img-description=\"\" data-large_image_width=\"1671\" data-large_image_height=\"935\"><img loading=\"lazy\" decoding=\"async\" class=\"wp-image-255378 alignleft\" src=\"https:\/\/www.radiopiu.net\/wordpress\/wp-content\/uploads\/2022\/01\/IMG-20220121-WA0004-300x168.jpg\" alt=\"\" width=\"180\" height=\"101\" srcset=\"https:\/\/www.radiopiu.net\/wordpress\/wp-content\/uploads\/2022\/01\/IMG-20220121-WA0004-300x168.jpg 300w, https:\/\/www.radiopiu.net\/wordpress\/wp-content\/uploads\/2022\/01\/IMG-20220121-WA0004-1024x573.jpg 1024w, https:\/\/www.radiopiu.net\/wordpress\/wp-content\/uploads\/2022\/01\/IMG-20220121-WA0004-768x430.jpg 768w, https:\/\/www.radiopiu.net\/wordpress\/wp-content\/uploads\/2022\/01\/IMG-20220121-WA0004-1536x859.jpg 1536w, https:\/\/www.radiopiu.net\/wordpress\/wp-content\/uploads\/2022\/01\/IMG-20220121-WA0004.jpg 1671w\" sizes=\"auto, (max-width: 180px) 100vw, 180px\" \/><\/a>BELLUNO<\/strong> Dieci giorni con l&#8217;acqua a singhiozzo fra La Rossa e Safforze. Bim Gestione Servizi Pubblici deve effettuare alcuni lavori sulla rete idrica e potrebbe essere necessario sospendere per qualche ora, o giornata, l&#8217;erogazione dell&#8217;acqua agli utenti. Il cantiere aprir\u00e0 domani e si concluder\u00e0 il 18 marzo. Tutti i giorni, dalle 9 alle 17, potrebbe quindi mancare l&#8217;acqua in via Nongole a Castion,\u00a0 nelle vie Tonegutti, Caduti 14 settembre 1844 e Safforze. In via Nongole i lavori comporteranno anche l&#8217;istituzione di un senso unico alternato regolato da un semaforo<\/p>\n<p>&nbsp;<\/p>\n<hr \/>\n<p>&nbsp;<\/p>\n<blockquote>\n<h3>CHIUDE PER DUE GIORNI L&#8217;USCITA SUL FADALTO LUNGO LA A 27<\/h3>\n<\/blockquote>\n<p>&nbsp;<\/p>\n<p><strong><img loading=\"lazy\" decoding=\"async\" class=\"alignleft\" src=\"https:\/\/www.radiopiu.net\/wordpress\/wp-content\/uploads\/2019\/02\/558x312xcasello-autostrada-A27-dolomiti.jpg.pagespeed.ic_.AUYLIYSelj.jpg\" width=\"238\" height=\"133\" \/>BELLUNO<\/strong> \u00a0Sulla A27 Mestre-Belluno sono state programmate attivit\u00e0 di ispezione approfondite sul viadotto Fadalto. Per consentire l&#8217;esecuzione delle prove strumentali sul viadotto &#8220;Fadalto est&#8221;, dalle 8 di oggi alle 20 di gioved\u00ec, sar\u00e0 chiusa la carreggiata in direzione Statale 51 di Alemagna tra la progressiva km 62+990 e la progressiva km 69+150, con conseguente chiusura della stazione di Fadalto Lago di Santa Croce, in uscita per chi proviene da Venezia. In alternativa, Autostrade consiglia di uscire alla stazione di Vittorio Veneto nord.<\/p>\n<p>&nbsp;<\/p>\n<hr \/>\n<p>&nbsp;<\/p>\n<blockquote>\n<h3 class=\"entry-title\">DA UN ALTERCO IN STRADA ALLA FUGA CON TENTATO OMICIDIO, CARABINIERE SI SALVA GETTANDOSI NEL FOSSO<\/h3>\n<\/blockquote>\n<p><strong><img loading=\"lazy\" decoding=\"async\" class=\"alignleft\" src=\"https:\/\/www.radiopiu.net\/wordpress\/wp-content\/uploads\/2019\/12\/CARABINIERI-FELTRE-2.jpg\" width=\"230\" height=\"173\" \/>ALANO DI PIAVE<\/strong>\u00a0 Un alterco in strada, la violenza verbale e forse non solo quella, l\u2019intervento dei Carabinieri e la fuga di due Kossovari verso la pianura veneta. Un inseguimento a forte velocit\u00e0 fino a Ponzano dove i malviventi hanno abbandonato l\u2019auto. Gli uomini dell\u2019Arma nel frattempo avevano gi\u00e0 tutte le indicazioni per attenderli\u2026 a casa. Il \u201cpilota\u201d che ha pure tentato di speronare l\u2019auto dei Carabinieri \u00e8 stato arrestato, il passeggero che gli sedeva accanto \u00e8 stato invece denunciato.<\/p>\n<p>Una serata movimentata quella di domenica per i Carabinieri della Compagnia di Feltre, i primi ad intervenire all\u20191.20 chiamati per quanto stava accadendo in strada dopo la denuncia di un automobilista che lamentava di essere stato aggredito mentre era in compagnia della moglie da alcune persone a bordo di un\u2019Audi A3 intestata a un kossovaro. Appena arrivati sul posto l\u2019auto\u00a0 \u00e8 ripartita a forte velocit\u00e0 verso il trevigiano eludendo anche i posto di blocco organizzato a Quero. Inseguimento quindi proseguito verso Cornuda. A Montebelluna altro posto di blocco con un militare costretto a gettarsi nel fossato per non essere investito. Abbandonata l\u2019auto, i due kossovari si sono rintanati in casa, il conducente (arrestato) dovr\u00e0 rispondere di tentato omicidio e resistenza a pubblico ufficiale.<\/p>\n<p>&nbsp;<\/p>\n<hr \/>\n<p>&nbsp;<\/p>\n<blockquote>\n<h3>MIGLIORANO LE CONDIZIONI DELLA RAGAZZINA CADUTA IN BICICLETTA<\/h3>\n<\/blockquote>\n<p><strong>PERAROLO<\/strong>\u00a0 Sembrano meno gravi di quanto erano apparse nell&#8217;immediatezza le condizioni della quattordicenne cadorina caduta dalla propria bicicletta nel primo pomeriggio di domenica a Perarolo. La ragazzina, che \u00e8 residente a Calalzo resta comunque ricoverata nel reparto di terapia intensiva dell&#8217;ospedale di Padova, dove per\u00f2 nella giornata di ieri sarebbe stata risvegliata dal coma, un segnale di ottimismo anche se la\u00a0 prognosi resta comunque riservata. Padre e figlia domenica erano in bicicletta lungo la Cavallera\u00a0 quando la ragazzina, su un tratto asfaltato \u00e8\u00a0 caduta.<\/p>\n<p>&nbsp;<\/p>\n<hr \/>\n<p>&nbsp;<\/p>\n<blockquote>\n<h3>LA BAITA GIOVANNI PAOLO I SCAMBIATA PER UN ALBERGO<\/h3>\n<\/blockquote>\n<p><strong>FALCADE<\/strong><\/p>\n<p>di Gianni Santomaso<\/p>\n<audio class=\"wp-audio-shortcode\" id=\"audio-263323-5\" preload=\"none\" style=\"width: 100%;\" controls=\"controls\"><source type=\"audio\/mpeg\" src=\"https:\/\/www.radiopiu.net\/wordpress\/wp-content\/uploads\/2022\/03\/GIANNI-BIVACCO-SCAMBIATO-PER-ALBERGO-CIME-DAUTA.mp3?_=5\" \/><a href=\"https:\/\/www.radiopiu.net\/wordpress\/wp-content\/uploads\/2022\/03\/GIANNI-BIVACCO-SCAMBIATO-PER-ALBERGO-CIME-DAUTA.mp3\">https:\/\/www.radiopiu.net\/wordpress\/wp-content\/uploads\/2022\/03\/GIANNI-BIVACCO-SCAMBIATO-PER-ALBERGO-CIME-DAUTA.mp3<\/a><\/audio>\n<p>&nbsp;<\/p>\n\n\t\t\t<style type='text\/css'>\n\t\t\t\t#gallery-2 {\n\t\t\t\t\tmargin: auto;\n\t\t\t\t}\n\t\t\t\t#gallery-2 .gallery-item {\n\t\t\t\t\tfloat: left;\n\t\t\t\t\tmargin-top: 10px;\n\t\t\t\t\ttext-align: center;\n\t\t\t\t\twidth: 25%;\n\t\t\t\t}\n\t\t\t\t#gallery-2 img {\n\t\t\t\t\tborder: 2px solid #cfcfcf;\n\t\t\t\t}\n\t\t\t\t#gallery-2 .gallery-caption {\n\t\t\t\t\tmargin-left: 0;\n\t\t\t\t}\n\t\t\t\t\/* see gallery_shortcode() in wp-includes\/media.php *\/\n\t\t\t<\/style>\n\t\t<div id='gallery-2' class='dt-gallery-container gallery galleryid-263323 gallery-columns-4 gallery-size-medium'><dl class='gallery-item'>\n\t\t\t\t<dt class='gallery-icon landscape'>\n\t\t\t\t\t<a class=\"rollover rollover-zoom dt-pswp-item\" title=\"b856d574-8b7a-45af-a45e-fefe59257fc3\" data-dt-img-description=\"\" data-large_image_width=\"1600\" data-large_image_height=\"901\"href='https:\/\/www.radiopiu.net\/wordpress\/wp-content\/uploads\/2022\/03\/b856d574-8b7a-45af-a45e-fefe59257fc3.jpg'><img loading=\"lazy\" decoding=\"async\" width=\"300\" height=\"169\" src=\"https:\/\/www.radiopiu.net\/wordpress\/wp-content\/uploads\/2022\/03\/b856d574-8b7a-45af-a45e-fefe59257fc3-300x169.jpg\" class=\"attachment-medium size-medium\" alt=\"\" srcset=\"https:\/\/www.radiopiu.net\/wordpress\/wp-content\/uploads\/2022\/03\/b856d574-8b7a-45af-a45e-fefe59257fc3-300x169.jpg 300w, https:\/\/www.radiopiu.net\/wordpress\/wp-content\/uploads\/2022\/03\/b856d574-8b7a-45af-a45e-fefe59257fc3-1024x577.jpg 1024w, https:\/\/www.radiopiu.net\/wordpress\/wp-content\/uploads\/2022\/03\/b856d574-8b7a-45af-a45e-fefe59257fc3-768x432.jpg 768w, https:\/\/www.radiopiu.net\/wordpress\/wp-content\/uploads\/2022\/03\/b856d574-8b7a-45af-a45e-fefe59257fc3-1536x865.jpg 1536w, https:\/\/www.radiopiu.net\/wordpress\/wp-content\/uploads\/2022\/03\/b856d574-8b7a-45af-a45e-fefe59257fc3.jpg 1600w\" sizes=\"auto, (max-width: 300px) 100vw, 300px\" \/><\/a>\n\t\t\t\t<\/dt><\/dl><dl class='gallery-item'>\n\t\t\t\t<dt class='gallery-icon landscape'>\n\t\t\t\t\t<a class=\"rollover rollover-zoom dt-pswp-item\" title=\"943e4be2-689c-421e-a2b3-a48b532f0d92\" data-dt-img-description=\"\" data-large_image_width=\"1600\" data-large_image_height=\"901\"href='https:\/\/www.radiopiu.net\/wordpress\/wp-content\/uploads\/2022\/03\/943e4be2-689c-421e-a2b3-a48b532f0d92.jpg'><img loading=\"lazy\" decoding=\"async\" width=\"300\" height=\"169\" src=\"https:\/\/www.radiopiu.net\/wordpress\/wp-content\/uploads\/2022\/03\/943e4be2-689c-421e-a2b3-a48b532f0d92-300x169.jpg\" class=\"attachment-medium size-medium\" alt=\"\" srcset=\"https:\/\/www.radiopiu.net\/wordpress\/wp-content\/uploads\/2022\/03\/943e4be2-689c-421e-a2b3-a48b532f0d92-300x169.jpg 300w, https:\/\/www.radiopiu.net\/wordpress\/wp-content\/uploads\/2022\/03\/943e4be2-689c-421e-a2b3-a48b532f0d92-1024x577.jpg 1024w, https:\/\/www.radiopiu.net\/wordpress\/wp-content\/uploads\/2022\/03\/943e4be2-689c-421e-a2b3-a48b532f0d92-768x432.jpg 768w, https:\/\/www.radiopiu.net\/wordpress\/wp-content\/uploads\/2022\/03\/943e4be2-689c-421e-a2b3-a48b532f0d92-1536x865.jpg 1536w, https:\/\/www.radiopiu.net\/wordpress\/wp-content\/uploads\/2022\/03\/943e4be2-689c-421e-a2b3-a48b532f0d92.jpg 1600w\" sizes=\"auto, (max-width: 300px) 100vw, 300px\" \/><\/a>\n\t\t\t\t<\/dt><\/dl><dl class='gallery-item'>\n\t\t\t\t<dt class='gallery-icon landscape'>\n\t\t\t\t\t<a class=\"rollover rollover-zoom dt-pswp-item\" title=\"b7b8c90e-6311-44dc-a7c5-567a82b5d359\" data-dt-img-description=\"\" data-large_image_width=\"1600\" data-large_image_height=\"901\"href='https:\/\/www.radiopiu.net\/wordpress\/wp-content\/uploads\/2022\/03\/b7b8c90e-6311-44dc-a7c5-567a82b5d359.jpg'><img loading=\"lazy\" decoding=\"async\" width=\"300\" height=\"169\" src=\"https:\/\/www.radiopiu.net\/wordpress\/wp-content\/uploads\/2022\/03\/b7b8c90e-6311-44dc-a7c5-567a82b5d359-300x169.jpg\" class=\"attachment-medium size-medium\" alt=\"\" srcset=\"https:\/\/www.radiopiu.net\/wordpress\/wp-content\/uploads\/2022\/03\/b7b8c90e-6311-44dc-a7c5-567a82b5d359-300x169.jpg 300w, https:\/\/www.radiopiu.net\/wordpress\/wp-content\/uploads\/2022\/03\/b7b8c90e-6311-44dc-a7c5-567a82b5d359-1024x577.jpg 1024w, https:\/\/www.radiopiu.net\/wordpress\/wp-content\/uploads\/2022\/03\/b7b8c90e-6311-44dc-a7c5-567a82b5d359-768x432.jpg 768w, https:\/\/www.radiopiu.net\/wordpress\/wp-content\/uploads\/2022\/03\/b7b8c90e-6311-44dc-a7c5-567a82b5d359-1536x865.jpg 1536w, https:\/\/www.radiopiu.net\/wordpress\/wp-content\/uploads\/2022\/03\/b7b8c90e-6311-44dc-a7c5-567a82b5d359.jpg 1600w\" sizes=\"auto, (max-width: 300px) 100vw, 300px\" \/><\/a>\n\t\t\t\t<\/dt><\/dl><dl class='gallery-item'>\n\t\t\t\t<dt class='gallery-icon landscape'>\n\t\t\t\t\t<a class=\"rollover rollover-zoom dt-pswp-item\" title=\"5654819d-ab6c-4c13-be1f-861f94a06f4e\" data-dt-img-description=\"\" data-large_image_width=\"1600\" data-large_image_height=\"901\"href='https:\/\/www.radiopiu.net\/wordpress\/wp-content\/uploads\/2022\/03\/5654819d-ab6c-4c13-be1f-861f94a06f4e.jpg'><img loading=\"lazy\" decoding=\"async\" width=\"300\" height=\"169\" src=\"https:\/\/www.radiopiu.net\/wordpress\/wp-content\/uploads\/2022\/03\/5654819d-ab6c-4c13-be1f-861f94a06f4e-300x169.jpg\" class=\"attachment-medium size-medium\" alt=\"\" srcset=\"https:\/\/www.radiopiu.net\/wordpress\/wp-content\/uploads\/2022\/03\/5654819d-ab6c-4c13-be1f-861f94a06f4e-300x169.jpg 300w, https:\/\/www.radiopiu.net\/wordpress\/wp-content\/uploads\/2022\/03\/5654819d-ab6c-4c13-be1f-861f94a06f4e-1024x577.jpg 1024w, https:\/\/www.radiopiu.net\/wordpress\/wp-content\/uploads\/2022\/03\/5654819d-ab6c-4c13-be1f-861f94a06f4e-768x432.jpg 768w, https:\/\/www.radiopiu.net\/wordpress\/wp-content\/uploads\/2022\/03\/5654819d-ab6c-4c13-be1f-861f94a06f4e-1536x865.jpg 1536w, https:\/\/www.radiopiu.net\/wordpress\/wp-content\/uploads\/2022\/03\/5654819d-ab6c-4c13-be1f-861f94a06f4e.jpg 1600w\" sizes=\"auto, (max-width: 300px) 100vw, 300px\" \/><\/a>\n\t\t\t\t<\/dt><\/dl><br style=\"clear: both\" \/><dl class='gallery-item'>\n\t\t\t\t<dt class='gallery-icon landscape'>\n\t\t\t\t\t<a class=\"rollover rollover-zoom dt-pswp-item\" title=\"aac182f3-79f7-4bae-8d77-2c564b09a9b3\" data-dt-img-description=\"\" data-large_image_width=\"1600\" data-large_image_height=\"901\"href='https:\/\/www.radiopiu.net\/wordpress\/wp-content\/uploads\/2022\/03\/aac182f3-79f7-4bae-8d77-2c564b09a9b3.jpg'><img loading=\"lazy\" decoding=\"async\" width=\"300\" height=\"169\" src=\"https:\/\/www.radiopiu.net\/wordpress\/wp-content\/uploads\/2022\/03\/aac182f3-79f7-4bae-8d77-2c564b09a9b3-300x169.jpg\" class=\"attachment-medium size-medium\" alt=\"\" srcset=\"https:\/\/www.radiopiu.net\/wordpress\/wp-content\/uploads\/2022\/03\/aac182f3-79f7-4bae-8d77-2c564b09a9b3-300x169.jpg 300w, https:\/\/www.radiopiu.net\/wordpress\/wp-content\/uploads\/2022\/03\/aac182f3-79f7-4bae-8d77-2c564b09a9b3-1024x577.jpg 1024w, https:\/\/www.radiopiu.net\/wordpress\/wp-content\/uploads\/2022\/03\/aac182f3-79f7-4bae-8d77-2c564b09a9b3-768x432.jpg 768w, https:\/\/www.radiopiu.net\/wordpress\/wp-content\/uploads\/2022\/03\/aac182f3-79f7-4bae-8d77-2c564b09a9b3-1536x865.jpg 1536w, https:\/\/www.radiopiu.net\/wordpress\/wp-content\/uploads\/2022\/03\/aac182f3-79f7-4bae-8d77-2c564b09a9b3.jpg 1600w\" sizes=\"auto, (max-width: 300px) 100vw, 300px\" \/><\/a>\n\t\t\t\t<\/dt><\/dl><dl class='gallery-item'>\n\t\t\t\t<dt class='gallery-icon landscape'>\n\t\t\t\t\t<a class=\"rollover rollover-zoom dt-pswp-item\" title=\"775cd247-61a2-4e95-97c5-099ad2e1167e\" data-dt-img-description=\"\" data-large_image_width=\"1600\" data-large_image_height=\"901\"href='https:\/\/www.radiopiu.net\/wordpress\/wp-content\/uploads\/2022\/03\/775cd247-61a2-4e95-97c5-099ad2e1167e.jpg'><img loading=\"lazy\" decoding=\"async\" width=\"300\" height=\"169\" src=\"https:\/\/www.radiopiu.net\/wordpress\/wp-content\/uploads\/2022\/03\/775cd247-61a2-4e95-97c5-099ad2e1167e-300x169.jpg\" class=\"attachment-medium size-medium\" alt=\"\" srcset=\"https:\/\/www.radiopiu.net\/wordpress\/wp-content\/uploads\/2022\/03\/775cd247-61a2-4e95-97c5-099ad2e1167e-300x169.jpg 300w, https:\/\/www.radiopiu.net\/wordpress\/wp-content\/uploads\/2022\/03\/775cd247-61a2-4e95-97c5-099ad2e1167e-1024x577.jpg 1024w, https:\/\/www.radiopiu.net\/wordpress\/wp-content\/uploads\/2022\/03\/775cd247-61a2-4e95-97c5-099ad2e1167e-768x432.jpg 768w, https:\/\/www.radiopiu.net\/wordpress\/wp-content\/uploads\/2022\/03\/775cd247-61a2-4e95-97c5-099ad2e1167e-1536x865.jpg 1536w, https:\/\/www.radiopiu.net\/wordpress\/wp-content\/uploads\/2022\/03\/775cd247-61a2-4e95-97c5-099ad2e1167e.jpg 1600w\" sizes=\"auto, (max-width: 300px) 100vw, 300px\" \/><\/a>\n\t\t\t\t<\/dt><\/dl><dl class='gallery-item'>\n\t\t\t\t<dt class='gallery-icon landscape'>\n\t\t\t\t\t<a class=\"rollover rollover-zoom dt-pswp-item\" title=\"2058c43d-08f6-4088-b83c-41acbba6b541\" data-dt-img-description=\"\" data-large_image_width=\"1600\" data-large_image_height=\"901\"href='https:\/\/www.radiopiu.net\/wordpress\/wp-content\/uploads\/2022\/03\/2058c43d-08f6-4088-b83c-41acbba6b541.jpg'><img loading=\"lazy\" decoding=\"async\" width=\"300\" height=\"169\" src=\"https:\/\/www.radiopiu.net\/wordpress\/wp-content\/uploads\/2022\/03\/2058c43d-08f6-4088-b83c-41acbba6b541-300x169.jpg\" class=\"attachment-medium size-medium\" alt=\"\" srcset=\"https:\/\/www.radiopiu.net\/wordpress\/wp-content\/uploads\/2022\/03\/2058c43d-08f6-4088-b83c-41acbba6b541-300x169.jpg 300w, https:\/\/www.radiopiu.net\/wordpress\/wp-content\/uploads\/2022\/03\/2058c43d-08f6-4088-b83c-41acbba6b541-1024x577.jpg 1024w, https:\/\/www.radiopiu.net\/wordpress\/wp-content\/uploads\/2022\/03\/2058c43d-08f6-4088-b83c-41acbba6b541-768x432.jpg 768w, https:\/\/www.radiopiu.net\/wordpress\/wp-content\/uploads\/2022\/03\/2058c43d-08f6-4088-b83c-41acbba6b541-1536x865.jpg 1536w, https:\/\/www.radiopiu.net\/wordpress\/wp-content\/uploads\/2022\/03\/2058c43d-08f6-4088-b83c-41acbba6b541.jpg 1600w\" sizes=\"auto, (max-width: 300px) 100vw, 300px\" \/><\/a>\n\t\t\t\t<\/dt><\/dl>\n\t\t\t\t<br style='clear: both' \/>\n\t\t\t<\/div>\n\n<p>&nbsp;<\/p>\n<p>&nbsp;<\/p>\n<p>&nbsp;<\/p>\n<hr \/>\n<p>&nbsp;<\/p>\n<blockquote>\n<h3>NUOVI POVERI IN PROVINCIA, PRESENTATO IL PROTOCOLLO INPS PER TUTTI<\/h3>\n<\/blockquote>\n<p><strong><a class=\"dt-pswp-item\" href=\"https:\/\/www.radiopiu.net\/wordpress\/wp-content\/uploads\/2022\/03\/9642cd21-f76b-4480-92d3-2c7cb488db1e.jpg\" data-dt-img-description=\"\" data-large_image_width=\"1600\" data-large_image_height=\"1066\"><img loading=\"lazy\" decoding=\"async\" class=\"size-medium wp-image-263513 alignleft\" src=\"https:\/\/www.radiopiu.net\/wordpress\/wp-content\/uploads\/2022\/03\/9642cd21-f76b-4480-92d3-2c7cb488db1e-300x200.jpg\" alt=\"\" width=\"300\" height=\"200\" srcset=\"https:\/\/www.radiopiu.net\/wordpress\/wp-content\/uploads\/2022\/03\/9642cd21-f76b-4480-92d3-2c7cb488db1e-300x200.jpg 300w, https:\/\/www.radiopiu.net\/wordpress\/wp-content\/uploads\/2022\/03\/9642cd21-f76b-4480-92d3-2c7cb488db1e-1024x682.jpg 1024w, https:\/\/www.radiopiu.net\/wordpress\/wp-content\/uploads\/2022\/03\/9642cd21-f76b-4480-92d3-2c7cb488db1e-768x512.jpg 768w, https:\/\/www.radiopiu.net\/wordpress\/wp-content\/uploads\/2022\/03\/9642cd21-f76b-4480-92d3-2c7cb488db1e-1536x1023.jpg 1536w, https:\/\/www.radiopiu.net\/wordpress\/wp-content\/uploads\/2022\/03\/9642cd21-f76b-4480-92d3-2c7cb488db1e.jpg 1600w\" sizes=\"auto, (max-width: 300px) 100vw, 300px\" \/><\/a>BELLUNO<\/strong><\/p>\n<p>di Moreno Gioli<\/p>\n<audio class=\"wp-audio-shortcode\" id=\"audio-263323-6\" preload=\"none\" style=\"width: 100%;\" controls=\"controls\"><source type=\"audio\/mpeg\" src=\"https:\/\/www.radiopiu.net\/wordpress\/wp-content\/uploads\/2022\/03\/GIOLI-NUOVI-POVERI-IN-PROVINCIA.mp3?_=6\" \/><a href=\"https:\/\/www.radiopiu.net\/wordpress\/wp-content\/uploads\/2022\/03\/GIOLI-NUOVI-POVERI-IN-PROVINCIA.mp3\">https:\/\/www.radiopiu.net\/wordpress\/wp-content\/uploads\/2022\/03\/GIOLI-NUOVI-POVERI-IN-PROVINCIA.mp3<\/a><\/audio>\n<p>&nbsp;<\/p>\n<p><strong>JACOPO MASSARO SINDACO DI BELLUNO<\/strong><\/p>\n<audio class=\"wp-audio-shortcode\" id=\"audio-263323-7\" preload=\"none\" style=\"width: 100%;\" controls=\"controls\"><source type=\"audio\/mpeg\" src=\"https:\/\/www.radiopiu.net\/wordpress\/wp-content\/uploads\/2022\/03\/Jacopo-Massaro-Sindaco-di-Belluno-Protocollo-Inps-x-tutti.mp3?_=7\" \/><a href=\"https:\/\/www.radiopiu.net\/wordpress\/wp-content\/uploads\/2022\/03\/Jacopo-Massaro-Sindaco-di-Belluno-Protocollo-Inps-x-tutti.mp3\">https:\/\/www.radiopiu.net\/wordpress\/wp-content\/uploads\/2022\/03\/Jacopo-Massaro-Sindaco-di-Belluno-Protocollo-Inps-x-tutti.mp3<\/a><\/audio>\n<p>&nbsp;<\/p>\n<p><strong>FRANCESCO D&#8217;ALFONSO, DIRETTORE CARITAS DI BELLUNO<\/strong><\/p>\n<audio class=\"wp-audio-shortcode\" id=\"audio-263323-8\" preload=\"none\" style=\"width: 100%;\" controls=\"controls\"><source type=\"audio\/mpeg\" src=\"https:\/\/www.radiopiu.net\/wordpress\/wp-content\/uploads\/2022\/03\/Francesco-DAlfonso-Direttore-Caritas-Belluno-Protocollo-Inps-x-tutti.mp3?_=8\" \/><a href=\"https:\/\/www.radiopiu.net\/wordpress\/wp-content\/uploads\/2022\/03\/Francesco-DAlfonso-Direttore-Caritas-Belluno-Protocollo-Inps-x-tutti.mp3\">https:\/\/www.radiopiu.net\/wordpress\/wp-content\/uploads\/2022\/03\/Francesco-DAlfonso-Direttore-Caritas-Belluno-Protocollo-Inps-x-tutti.mp3<\/a><\/audio>\n<p>&nbsp;<\/p>\n<p><strong>ANGELO FANCHITTI, DIRETTORE INPS DI BELLUNO<\/strong><\/p>\n<audio class=\"wp-audio-shortcode\" id=\"audio-263323-9\" preload=\"none\" style=\"width: 100%;\" controls=\"controls\"><source type=\"audio\/mpeg\" src=\"https:\/\/www.radiopiu.net\/wordpress\/wp-content\/uploads\/2022\/03\/Angelo-Franchitti-Direttore-Inps-Belluno-Protocollo-Inps-x-tutti.mp3?_=9\" \/><a href=\"https:\/\/www.radiopiu.net\/wordpress\/wp-content\/uploads\/2022\/03\/Angelo-Franchitti-Direttore-Inps-Belluno-Protocollo-Inps-x-tutti.mp3\">https:\/\/www.radiopiu.net\/wordpress\/wp-content\/uploads\/2022\/03\/Angelo-Franchitti-Direttore-Inps-Belluno-Protocollo-Inps-x-tutti.mp3<\/a><\/audio>\n<p>&nbsp;<\/p>\n<hr \/>\n<p>&nbsp;<\/p>\n<blockquote>\n<h3>COVID IN PROVINCIA: CINQUE DECESSI NELL&#8217;ULTIMA SETTIMANA, 1567 PERSONE ATTUALMENTE POSITIVE DI CUI 51 RICOVERATE NEGLI OSPEDALI BELLUNESI<\/h3>\n<\/blockquote>\n<p><strong>BELLUNO<\/strong> Aggiornamento settimanale sulla situazione epidemiologica in provincia di Belluno a cura dell&#8217;Ulss 1 Dolomiti. Le persone attualmente positive sono 1567. Nell\u2019ultima settimana di rilevazione si registra un ulteriore calo dei nuovi casi rispetto al precedente periodo di osservazione. Nel dettaglio, i nuovi casi rilevati nell\u2019ultima settimana sono 720 (-179 rispetto alla scorsa settimana), con un conseguente tasso di incidenza settimanale di 361 casi su 100 mila abitanti, in ulteriore riduzione rispetto alla settimana precedente, e inferiore all&#8217;incidenza nazionale (431 su 100 mila abitanti). La curva epidemica si conferma sostanzialmente speculare, nel suo tratto discendente, al tratto ascendente. Come nelle precedenti settimane,\u00a0 i nuovi casi si collocano prevalentemente nelle fasce centrali 25-64 anni e nella fascia 0-14 anni. Nella settimana scorsa sono stati eseguiti dai team dell\u2019Ulss Dolomiti 10.081 tamponi (di cui 2.961 molecolari e 7.120 antigenici). A questi si aggiungono 5.392 tamponi antigenici eseguiti dalle Farmacie del territorio, 127 tamponi eseguiti dai Pediatri di Libera scelta e 158 tamponi eseguiti dai Medici di Medicina Generale. In media, ogni giorno vengono eseguiti circa 1.130 tamponi ogni 100 mila abitanti. Nella settimana qui analizzata sono stati somministrati 5 trattamenti con monoclonali dall\u2019Unit\u00e0 Operativa di\u00a0 Malattie Infettive di Belluno, per un totale di 343 dosi complessive. Nella settimana sono stati prescritti 7 trattamenti con farmaco orale per un totale di\u00a0 44 trattamenti complessivi. Sono attualmente ricoverate negli ospedali bellunesi: un paziente in terapia intensiva (non covid), 32 in area non critica (di cui 14 non covid) e 18 in ospedale di comunit\u00e0. Nella settimana appena analizzata sono decedute 5 persone covid positive: una donna di 91 anni ricoverata presso la Pneumologia di Belluno, un uomo di 100 anni ricoverato presso l\u2019ODC Feltre, una donna di 94 anni ricoverata presso Malattie Infettive di Belluno, una donna di\u00a0 anni 72 ricoverata presso la Pneumologia di Belluno e un uomo di 91 anni ricoverato presso la Pneumologia di Belluno.<\/p>\n\n\t\t\t<style type='text\/css'>\n\t\t\t\t#gallery-3 {\n\t\t\t\t\tmargin: auto;\n\t\t\t\t}\n\t\t\t\t#gallery-3 .gallery-item {\n\t\t\t\t\tfloat: left;\n\t\t\t\t\tmargin-top: 10px;\n\t\t\t\t\ttext-align: center;\n\t\t\t\t\twidth: 50%;\n\t\t\t\t}\n\t\t\t\t#gallery-3 img {\n\t\t\t\t\tborder: 2px solid #cfcfcf;\n\t\t\t\t}\n\t\t\t\t#gallery-3 .gallery-caption {\n\t\t\t\t\tmargin-left: 0;\n\t\t\t\t}\n\t\t\t\t\/* see gallery_shortcode() in wp-includes\/media.php *\/\n\t\t\t<\/style>\n\t\t<div id='gallery-3' class='dt-gallery-container gallery galleryid-263323 gallery-columns-2 gallery-size-medium'><dl class='gallery-item'>\n\t\t\t\t<dt class='gallery-icon landscape'>\n\t\t\t\t\t<a class=\"rollover rollover-zoom dt-pswp-item\" title=\"1\" data-dt-img-description=\"\" data-large_image_width=\"966\" data-large_image_height=\"308\"href='https:\/\/www.radiopiu.net\/wordpress\/wp-content\/uploads\/2022\/03\/1.jpg'><img loading=\"lazy\" decoding=\"async\" width=\"300\" height=\"96\" src=\"https:\/\/www.radiopiu.net\/wordpress\/wp-content\/uploads\/2022\/03\/1-300x96.jpg\" class=\"attachment-medium size-medium\" alt=\"\" aria-describedby=\"gallery-3-263465\" srcset=\"https:\/\/www.radiopiu.net\/wordpress\/wp-content\/uploads\/2022\/03\/1-300x96.jpg 300w, https:\/\/www.radiopiu.net\/wordpress\/wp-content\/uploads\/2022\/03\/1-768x245.jpg 768w, https:\/\/www.radiopiu.net\/wordpress\/wp-content\/uploads\/2022\/03\/1.jpg 966w\" sizes=\"auto, (max-width: 300px) 100vw, 300px\" \/><\/a>\n\t\t\t\t<\/dt>\n\t\t\t\t\t<dd class='wp-caption-text gallery-caption' id='gallery-3-263465'>\n\t\t\t\t\tANDAMENTO EPIDEMICO COVID DAI PRIMI DI MARZO 2020 \n\t\t\t\t\t<\/dd><\/dl><dl class='gallery-item'>\n\t\t\t\t<dt class='gallery-icon landscape'>\n\t\t\t\t\t<a class=\"rollover rollover-zoom dt-pswp-item\" title=\"2\" data-dt-img-description=\"\" data-large_image_width=\"966\" data-large_image_height=\"450\"href='https:\/\/www.radiopiu.net\/wordpress\/wp-content\/uploads\/2022\/03\/2.jpg'><img loading=\"lazy\" decoding=\"async\" width=\"300\" height=\"140\" src=\"https:\/\/www.radiopiu.net\/wordpress\/wp-content\/uploads\/2022\/03\/2-300x140.jpg\" class=\"attachment-medium size-medium\" alt=\"\" aria-describedby=\"gallery-3-263466\" srcset=\"https:\/\/www.radiopiu.net\/wordpress\/wp-content\/uploads\/2022\/03\/2-300x140.jpg 300w, https:\/\/www.radiopiu.net\/wordpress\/wp-content\/uploads\/2022\/03\/2-768x358.jpg 768w, https:\/\/www.radiopiu.net\/wordpress\/wp-content\/uploads\/2022\/03\/2.jpg 966w\" sizes=\"auto, (max-width: 300px) 100vw, 300px\" \/><\/a>\n\t\t\t\t<\/dt>\n\t\t\t\t\t<dd class='wp-caption-text gallery-caption' id='gallery-3-263466'>\n\t\t\t\t\tANDAMENTO EPIDEMICO COVID DAI PRIMI DI MARZO 2020 \n\t\t\t\t\t<\/dd><\/dl><br style=\"clear: both\" \/><dl class='gallery-item'>\n\t\t\t\t<dt class='gallery-icon portrait'>\n\t\t\t\t\t<a class=\"rollover rollover-zoom dt-pswp-item\" title=\"3\" data-dt-img-description=\"\" data-large_image_width=\"966\" data-large_image_height=\"998\"href='https:\/\/www.radiopiu.net\/wordpress\/wp-content\/uploads\/2022\/03\/3.jpg'><img loading=\"lazy\" decoding=\"async\" width=\"290\" height=\"300\" src=\"https:\/\/www.radiopiu.net\/wordpress\/wp-content\/uploads\/2022\/03\/3-290x300.jpg\" class=\"attachment-medium size-medium\" alt=\"\" aria-describedby=\"gallery-3-263467\" srcset=\"https:\/\/www.radiopiu.net\/wordpress\/wp-content\/uploads\/2022\/03\/3-290x300.jpg 290w, https:\/\/www.radiopiu.net\/wordpress\/wp-content\/uploads\/2022\/03\/3-768x793.jpg 768w, https:\/\/www.radiopiu.net\/wordpress\/wp-content\/uploads\/2022\/03\/3.jpg 966w\" sizes=\"auto, (max-width: 290px) 100vw, 290px\" \/><\/a>\n\t\t\t\t<\/dt>\n\t\t\t\t\t<dd class='wp-caption-text gallery-caption' id='gallery-3-263467'>\n\t\t\t\t\tINCIDENZA NEGLI ULTIMI 7 GIORNI\n\t\t\t\t\t<\/dd><\/dl><dl class='gallery-item'>\n\t\t\t\t<dt class='gallery-icon landscape'>\n\t\t\t\t\t<a class=\"rollover rollover-zoom dt-pswp-item\" title=\"4\" data-dt-img-description=\"\" data-large_image_width=\"1393\" data-large_image_height=\"870\"href='https:\/\/www.radiopiu.net\/wordpress\/wp-content\/uploads\/2022\/03\/4.jpg'><img loading=\"lazy\" decoding=\"async\" width=\"300\" height=\"187\" src=\"https:\/\/www.radiopiu.net\/wordpress\/wp-content\/uploads\/2022\/03\/4-300x187.jpg\" class=\"attachment-medium size-medium\" alt=\"\" aria-describedby=\"gallery-3-263468\" srcset=\"https:\/\/www.radiopiu.net\/wordpress\/wp-content\/uploads\/2022\/03\/4-300x187.jpg 300w, https:\/\/www.radiopiu.net\/wordpress\/wp-content\/uploads\/2022\/03\/4-1024x640.jpg 1024w, https:\/\/www.radiopiu.net\/wordpress\/wp-content\/uploads\/2022\/03\/4-768x480.jpg 768w, https:\/\/www.radiopiu.net\/wordpress\/wp-content\/uploads\/2022\/03\/4.jpg 1393w\" sizes=\"auto, (max-width: 300px) 100vw, 300px\" \/><\/a>\n\t\t\t\t<\/dt>\n\t\t\t\t\t<dd class='wp-caption-text gallery-caption' id='gallery-3-263468'>\n\t\t\t\t\tCASI PER FASCE D&#8217;ETA&#8217;\n\t\t\t\t\t<\/dd><\/dl><br style=\"clear: both\" \/>\n\t\t\t<\/div>\n\n<p>&nbsp;<\/p>\n<hr \/>\n<p>&nbsp;<\/p>\n<blockquote class=\"wp-embedded-content\" data-secret=\"jggoJ2X13V\"><p><a href=\"https:\/\/www.radiopiu.net\/wordpress\/ag01marzo2207\/\">CORONAVIRUS: AGGIORNAMENTO NAZIONALE 07 MARZO 2022<\/a><\/p><\/blockquote>\n<p><iframe loading=\"lazy\" class=\"wp-embedded-content\" sandbox=\"allow-scripts\" security=\"restricted\" style=\"position: absolute; clip: rect(1px, 1px, 1px, 1px);\" title=\"&#8220;CORONAVIRUS: AGGIORNAMENTO NAZIONALE 07 MARZO 2022&#8221; &#8212; Radio Pi\u00f9\" src=\"https:\/\/www.radiopiu.net\/wordpress\/ag01marzo2207\/embed\/#?secret=jggoJ2X13V\" data-secret=\"jggoJ2X13V\" width=\"600\" height=\"338\" frameborder=\"0\" marginwidth=\"0\" marginheight=\"0\" scrolling=\"no\"><\/iframe><\/p>\n<p>&nbsp;<\/p>\n<blockquote class=\"wp-embedded-content\" data-secret=\"TMUZ0ak1XQ\"><p><a href=\"https:\/\/www.radiopiu.net\/wordpress\/aggmarz07\/\">L&#8217;AGGIORNAMENTO D&#8217;INIZIO SETTIMANA, CASI E PAZIENTI COVID NELLE 24 ORE<\/a><\/p><\/blockquote>\n<p><iframe loading=\"lazy\" class=\"wp-embedded-content\" sandbox=\"allow-scripts\" security=\"restricted\" style=\"position: absolute; clip: rect(1px, 1px, 1px, 1px);\" title=\"&#8220;L&#8217;AGGIORNAMENTO D&#8217;INIZIO SETTIMANA, CASI E PAZIENTI COVID NELLE 24 ORE&#8221; &#8212; Radio Pi\u00f9\" src=\"https:\/\/www.radiopiu.net\/wordpress\/aggmarz07\/embed\/#?secret=TMUZ0ak1XQ\" data-secret=\"TMUZ0ak1XQ\" width=\"600\" height=\"338\" frameborder=\"0\" marginwidth=\"0\" marginheight=\"0\" scrolling=\"no\"><\/iframe><\/p>\n<p>&nbsp;<\/p>\n<h2>I GRAFICI DI TIZIANO DE COL<\/h2>\n\n\t\t\t<style type='text\/css'>\n\t\t\t\t#gallery-4 {\n\t\t\t\t\tmargin: auto;\n\t\t\t\t}\n\t\t\t\t#gallery-4 .gallery-item {\n\t\t\t\t\tfloat: left;\n\t\t\t\t\tmargin-top: 10px;\n\t\t\t\t\ttext-align: center;\n\t\t\t\t\twidth: 33%;\n\t\t\t\t}\n\t\t\t\t#gallery-4 img {\n\t\t\t\t\tborder: 2px solid #cfcfcf;\n\t\t\t\t}\n\t\t\t\t#gallery-4 .gallery-caption {\n\t\t\t\t\tmargin-left: 0;\n\t\t\t\t}\n\t\t\t\t\/* see gallery_shortcode() in wp-includes\/media.php *\/\n\t\t\t<\/style>\n\t\t<div id='gallery-4' class='dt-gallery-container gallery galleryid-263323 gallery-columns-3 gallery-size-medium'><dl class='gallery-item'>\n\t\t\t\t<dt class='gallery-icon landscape'>\n\t\t\t\t\t<a class=\"rollover rollover-zoom dt-pswp-item\" title=\"44c0a286-bd8f-4285-9b14-e40ec18708c7\" data-dt-img-description=\"\" data-large_image_width=\"617\" data-large_image_height=\"359\"href='https:\/\/www.radiopiu.net\/wordpress\/wp-content\/uploads\/2022\/03\/44c0a286-bd8f-4285-9b14-e40ec18708c7.jpg'><img loading=\"lazy\" decoding=\"async\" width=\"300\" height=\"175\" src=\"https:\/\/www.radiopiu.net\/wordpress\/wp-content\/uploads\/2022\/03\/44c0a286-bd8f-4285-9b14-e40ec18708c7-300x175.jpg\" class=\"attachment-medium size-medium\" alt=\"\" srcset=\"https:\/\/www.radiopiu.net\/wordpress\/wp-content\/uploads\/2022\/03\/44c0a286-bd8f-4285-9b14-e40ec18708c7-300x175.jpg 300w, https:\/\/www.radiopiu.net\/wordpress\/wp-content\/uploads\/2022\/03\/44c0a286-bd8f-4285-9b14-e40ec18708c7.jpg 617w\" sizes=\"auto, (max-width: 300px) 100vw, 300px\" \/><\/a>\n\t\t\t\t<\/dt><\/dl><dl class='gallery-item'>\n\t\t\t\t<dt class='gallery-icon landscape'>\n\t\t\t\t\t<a class=\"rollover rollover-zoom dt-pswp-item\" title=\"71f9f012-a839-4d2a-a931-d4faf2e5e167\" data-dt-img-description=\"\" data-large_image_width=\"610\" data-large_image_height=\"364\"href='https:\/\/www.radiopiu.net\/wordpress\/wp-content\/uploads\/2022\/03\/71f9f012-a839-4d2a-a931-d4faf2e5e167.jpg'><img loading=\"lazy\" decoding=\"async\" width=\"300\" height=\"179\" src=\"https:\/\/www.radiopiu.net\/wordpress\/wp-content\/uploads\/2022\/03\/71f9f012-a839-4d2a-a931-d4faf2e5e167-300x179.jpg\" class=\"attachment-medium size-medium\" alt=\"\" srcset=\"https:\/\/www.radiopiu.net\/wordpress\/wp-content\/uploads\/2022\/03\/71f9f012-a839-4d2a-a931-d4faf2e5e167-300x179.jpg 300w, https:\/\/www.radiopiu.net\/wordpress\/wp-content\/uploads\/2022\/03\/71f9f012-a839-4d2a-a931-d4faf2e5e167.jpg 610w\" sizes=\"auto, (max-width: 300px) 100vw, 300px\" \/><\/a>\n\t\t\t\t<\/dt><\/dl><dl class='gallery-item'>\n\t\t\t\t<dt class='gallery-icon landscape'>\n\t\t\t\t\t<a class=\"rollover rollover-zoom dt-pswp-item\" title=\"28c8768d-7588-46e2-8b37-2847ae85fb0c\" data-dt-img-description=\"\" data-large_image_width=\"614\" data-large_image_height=\"353\"href='https:\/\/www.radiopiu.net\/wordpress\/wp-content\/uploads\/2022\/03\/28c8768d-7588-46e2-8b37-2847ae85fb0c.jpg'><img loading=\"lazy\" decoding=\"async\" width=\"300\" height=\"172\" src=\"https:\/\/www.radiopiu.net\/wordpress\/wp-content\/uploads\/2022\/03\/28c8768d-7588-46e2-8b37-2847ae85fb0c-300x172.jpg\" class=\"attachment-medium size-medium\" alt=\"\" srcset=\"https:\/\/www.radiopiu.net\/wordpress\/wp-content\/uploads\/2022\/03\/28c8768d-7588-46e2-8b37-2847ae85fb0c-300x172.jpg 300w, https:\/\/www.radiopiu.net\/wordpress\/wp-content\/uploads\/2022\/03\/28c8768d-7588-46e2-8b37-2847ae85fb0c.jpg 614w\" sizes=\"auto, (max-width: 300px) 100vw, 300px\" \/><\/a>\n\t\t\t\t<\/dt><\/dl><br style=\"clear: both\" \/><dl class='gallery-item'>\n\t\t\t\t<dt class='gallery-icon landscape'>\n\t\t\t\t\t<a class=\"rollover rollover-zoom dt-pswp-item\" title=\"d29d8044-dd96-4c56-acc3-267d04e22387\" data-dt-img-description=\"\" data-large_image_width=\"612\" data-large_image_height=\"356\"href='https:\/\/www.radiopiu.net\/wordpress\/wp-content\/uploads\/2022\/03\/d29d8044-dd96-4c56-acc3-267d04e22387.jpg'><img loading=\"lazy\" decoding=\"async\" width=\"300\" height=\"175\" src=\"https:\/\/www.radiopiu.net\/wordpress\/wp-content\/uploads\/2022\/03\/d29d8044-dd96-4c56-acc3-267d04e22387-300x175.jpg\" class=\"attachment-medium size-medium\" alt=\"\" srcset=\"https:\/\/www.radiopiu.net\/wordpress\/wp-content\/uploads\/2022\/03\/d29d8044-dd96-4c56-acc3-267d04e22387-300x175.jpg 300w, https:\/\/www.radiopiu.net\/wordpress\/wp-content\/uploads\/2022\/03\/d29d8044-dd96-4c56-acc3-267d04e22387.jpg 612w\" sizes=\"auto, (max-width: 300px) 100vw, 300px\" \/><\/a>\n\t\t\t\t<\/dt><\/dl><dl class='gallery-item'>\n\t\t\t\t<dt class='gallery-icon landscape'>\n\t\t\t\t\t<a class=\"rollover rollover-zoom dt-pswp-item\" title=\"41af2465-eb6c-477d-a486-2e21121b1d5f\" data-dt-img-description=\"\" data-large_image_width=\"618\" data-large_image_height=\"360\"href='https:\/\/www.radiopiu.net\/wordpress\/wp-content\/uploads\/2022\/03\/41af2465-eb6c-477d-a486-2e21121b1d5f.jpg'><img loading=\"lazy\" decoding=\"async\" width=\"300\" height=\"175\" src=\"https:\/\/www.radiopiu.net\/wordpress\/wp-content\/uploads\/2022\/03\/41af2465-eb6c-477d-a486-2e21121b1d5f-300x175.jpg\" class=\"attachment-medium size-medium\" alt=\"\" srcset=\"https:\/\/www.radiopiu.net\/wordpress\/wp-content\/uploads\/2022\/03\/41af2465-eb6c-477d-a486-2e21121b1d5f-300x175.jpg 300w, https:\/\/www.radiopiu.net\/wordpress\/wp-content\/uploads\/2022\/03\/41af2465-eb6c-477d-a486-2e21121b1d5f.jpg 618w\" sizes=\"auto, (max-width: 300px) 100vw, 300px\" \/><\/a>\n\t\t\t\t<\/dt><\/dl><dl class='gallery-item'>\n\t\t\t\t<dt class='gallery-icon landscape'>\n\t\t\t\t\t<a class=\"rollover rollover-zoom dt-pswp-item\" title=\"2d25d7da-3a4f-4857-820c-061b9b6fdb5a\" data-dt-img-description=\"\" data-large_image_width=\"610\" data-large_image_height=\"367\"href='https:\/\/www.radiopiu.net\/wordpress\/wp-content\/uploads\/2022\/03\/2d25d7da-3a4f-4857-820c-061b9b6fdb5a.jpg'><img loading=\"lazy\" decoding=\"async\" width=\"300\" height=\"180\" src=\"https:\/\/www.radiopiu.net\/wordpress\/wp-content\/uploads\/2022\/03\/2d25d7da-3a4f-4857-820c-061b9b6fdb5a-300x180.jpg\" class=\"attachment-medium size-medium\" alt=\"\" srcset=\"https:\/\/www.radiopiu.net\/wordpress\/wp-content\/uploads\/2022\/03\/2d25d7da-3a4f-4857-820c-061b9b6fdb5a-300x180.jpg 300w, https:\/\/www.radiopiu.net\/wordpress\/wp-content\/uploads\/2022\/03\/2d25d7da-3a4f-4857-820c-061b9b6fdb5a.jpg 610w\" sizes=\"auto, (max-width: 300px) 100vw, 300px\" \/><\/a>\n\t\t\t\t<\/dt><\/dl><br style=\"clear: both\" \/>\n\t\t\t<\/div>\n\n<p>&nbsp;<\/p>\n<hr \/>\n<p>&nbsp;<\/p>\n<blockquote>\n<h3>ATTIVAZIONE RETE AMBULATORIALE DI SANIT\u00c0 PUBBLICA E ASSISTENZA SANITARIA DI BASE PER PROFUGHI PROVENIENTI DALL\u2019UCRAINA<\/h3>\n<\/blockquote>\n<p><strong>BELLUNO <\/strong>A seguito dell\u2019arrivo sul nostro territorio di un numero ormai consistente di rifugiati, di cui molti minori, provenienti dell\u2019Ucraina, l\u2019Ulss Dolomiti sta attivando una rete di assistenza sanitaria di base con due percorsi: Percorso pediatrico (0-14 anni) 19 pediatri di libera scelta del territorio si sono resi disponibili a ricevere (previo contatto telefonico) e visitare gratuitamente i bambini Ucraini da 0 a 14 anni. Percorso per giovani e adulti Attivazione sperimentale di un ambulatorio di sanit\u00e0 pubblica con finalit\u00e0 preventiva e di assistenza sanitaria di base marted\u00ec 8 marzo, gioved\u00ec 10 marzo e sabato 12 marzo 2022 dalle ore 14.30 alle ore 16.30 all\u2019Ospedale di Belluno \u2013 Nuovo Prefabbricato (adiacente blocco F) contatti allo 0437\/514343 con ulteriore attivazione di ambulatori per il Feltrino, il Cadore e l\u2019Agordino a seguito di esito positivo della prima fase. L\u2019accesso all\u2019ambulatorio \u00e8 libero e gratuito, senza prenotazione, nella fascia oraria indicata. La rete assistenziale gestir\u00e0 la casistica ordinaria. Sono ovviamente attivi i percorsi di Pronto Soccorso \u2013 118 per la casistica urgente.<\/p>\n<p><strong>LA LISTA DEI PEDIATRI DISPONIBILI IN PROVINCIA<\/strong><\/p>\n<a href=\"https:\/\/www.radiopiu.net\/wordpress\/wp-content\/uploads\/2022\/03\/120_lista-pediatri-ucraina_7.03.22.pdf\" class=\"pdfemb-viewer\" style=\"\" data-width=\"max\" data-height=\"max\" data-toolbar=\"top\" data-toolbar-fixed=\"on\">120_lista pediatri ucraina_7.03.22<\/a>\n<p>&nbsp;<\/p>\n<hr \/>\n<p>&nbsp;<\/p>\n<blockquote>\n<h3>LE INDICAZIONI DELLA ULSS1 DOLOMITI<\/h3>\n<\/blockquote>\n<a href=\"https:\/\/www.radiopiu.net\/wordpress\/wp-content\/uploads\/2022\/03\/Prine-indicazioni-ingresso-da-Ucraina_-ULSS-1-2.pdf\" class=\"pdfemb-viewer\" style=\"\" data-width=\"max\" data-height=\"max\" data-toolbar=\"top\" data-toolbar-fixed=\"on\">Prine indicazioni ingresso da Ucraina_ ULSS 1 (2)<\/a>\n<p>&nbsp;<\/p>\n<p>&nbsp;<\/p>\n<hr \/>\n<p>&nbsp;<\/p>\n<blockquote>\n<h3>AUGURI GEMMA! AL TRAGUARDO DEI CENT&#8217;ANNI<\/h3>\n<\/blockquote>\n<p><img loading=\"lazy\" decoding=\"async\" class=\"alignleft\" src=\"https:\/\/www.radiopiu.net\/wordpress\/wp-content\/uploads\/2022\/03\/Senza-nome-3.jpg\" width=\"225\" height=\"181\" \/><\/p>\n<p><strong>RIVAMONTE-BELLUNO<\/strong> Tanti auguri a Gemma Da Ronch, dal chiaro cognome agordino\u00a0 di Rivamonte. Ieri i festeggiamenti alla Gaggia Lante anche con gli auguri del sindaco Jacopo Massaro accompagnati da una gradita orchidea. &#8220;zento ani? ghe nae cosi&#8217; tanti..grazie de la torta ma ste atenti ale candele che no ciape foc&#8221;.<\/p>\n<p>&nbsp;<\/p>\n<p>Nata a Rivamonte\u00a0 il 6 marzo di 100 anni fa, Gemma da giovane si era trasferita a Milano e Roma per lavorare come collaboratrice domestica. Donna sempre molto attiva nelle faccende di casa, ma anche nell&#8217;orto e nel bosco.<\/p>\n<p>&nbsp;<\/p>\n<p>&nbsp;<\/p>\n<hr \/>\n<blockquote><p><em>\u00a0<\/em><\/p>\n<p><em>TANTI AUGURI MONSIGNOR CARLIN. IL &#8220;PENITENZIERE&#8221; DELLA CATTEDRALE (PER 27 ANNI), FONDATORE DELLA BELLUNESI NEL MONDO, COMPIE OGGI 100 ANNI E OGGI CONCELEBRERA&#8217; LA MESSA CON IL VESCOVO RENATO MARANGONI E L&#8217;EMERITO GIUSEPPE ANDRICH.\u00a0<\/em><br \/>\n<em>IERI GLI AUGURI ALLA RADIO DI RENATO BONA\u00a0<\/em><\/p><\/blockquote>\n<blockquote class=\"wp-embedded-content\" data-secret=\"skxPRsctAM\"><p><a href=\"https:\/\/www.radiopiu.net\/wordpress\/approda-domani-al-traguardo-del-secolo-monsignor-venerando-don-mario-carlin\/\">IL TRAGUARDO DEL SECOLO \u201cMONSIGNOR VENERANDO\u201d DON MARIO CARLIN<\/a><\/p><\/blockquote>\n<p><iframe loading=\"lazy\" class=\"wp-embedded-content\" sandbox=\"allow-scripts\" security=\"restricted\" style=\"position: absolute; clip: rect(1px, 1px, 1px, 1px);\" title=\"&#8220;IL TRAGUARDO DEL SECOLO \u201cMONSIGNOR VENERANDO\u201d DON MARIO CARLIN&#8221; &#8212; Radio Pi\u00f9\" src=\"https:\/\/www.radiopiu.net\/wordpress\/approda-domani-al-traguardo-del-secolo-monsignor-venerando-don-mario-carlin\/embed\/#?secret=skxPRsctAM\" data-secret=\"skxPRsctAM\" width=\"600\" height=\"338\" frameborder=\"0\" marginwidth=\"0\" marginheight=\"0\" scrolling=\"no\"><\/iframe><\/p>\n<p>&nbsp;<\/p>\n<p>&nbsp;<\/p>\n<hr \/>\n<blockquote>\n<h3><\/h3>\n<h3>COMMISSIONE PARI OPPORTUNITA\u2019. NOMINATE PRESIDENTE E DUE VICE<\/h3>\n<\/blockquote>\n<p><strong>VENEZIA <\/strong>L\u2019Assessore regionale a istruzione, formazione e lavoro con delega alle pari opportunit\u00e0 Elena Donazzan ha presieduto una nuova seduta della nuova Commissione regionale pari opportunit\u00e0, che \u00e8 stata occasione per la nomina di presidente e due vicepresidenti. Presidente \u00e8 stata confermata Daniela Zanella, in continuit\u00e0 rispetto alla precedente legislatura, e vicepresidenti Stefania Barbieri, gi\u00e0 consigliera di parit\u00e0 della provincia di Treviso, e Nicoletta Ferrari, espressione delle donne dirigenti d\u2019azienda AIDA Fondazione Bellisario. Nel corso della seduta si \u00e8 definito anche il metodo di lavoro della commissione. A tal fine sono stati istituti 7 gruppi di lavoro che saranno gestiti da un coordinatore e un vice, dedicati alle seguenti tematiche: 1. Welfare e contrattazione di secondo livello; 2. Natalit\u00e0, maternit\u00e0, conciliazione dei tempi di vita e lavoro; 3. Inclusione, educazione, violenza contro le donne; 4. Nuove risorse tra generazioni; 5. Autoimprenditorialit\u00e0 e libere professioni; 6. Rete delle Commissioni P.O. del Veneto; 7. Norme Antidiscriminazioni &#8211; quali politiche di contrasto.<\/p>\n<p>&nbsp;<\/p>\n<p>&nbsp;<\/p>\n<p>&nbsp;<\/p>\n<hr \/>\n<p>&nbsp;<\/p>\n<blockquote>\n<h3>SALUTE E SOCIETA&#8217;, LA PUNTATA DEL LUNEDI con il dott. Marco Caracciolo<\/h3>\n<\/blockquote>\n<p><img loading=\"lazy\" decoding=\"async\" class=\"alignleft\" src=\"https:\/\/www.radiopiu.net\/wordpress\/wp-content\/uploads\/2022\/03\/ff560297-af62-4fbd-ba8a-48e93d74ca2b.jpg\" width=\"110\" height=\"61\" \/>Dermatite atopica: una patologia cronica ad alto impatto L\u2019algodistrofia \u00e8 una patologia le cui cause non sono ancora pienamente comprese. E&#8217; accompagnata da dolore forte, bruciante, alle mani o ai piedi, che non trova sollievo e che cronicizza portando il paziente a perdere le speranze di una possibile via di uscita.<\/p>\n<p><strong>audio<\/strong><\/p>\n<audio class=\"wp-audio-shortcode\" id=\"audio-263323-10\" preload=\"none\" style=\"width: 100%;\" controls=\"controls\"><source type=\"audio\/mpeg\" src=\"https:\/\/www.radiopiu.net\/wordpress\/wp-content\/uploads\/2022\/03\/SALUTE.mp3?_=10\" \/><a href=\"https:\/\/www.radiopiu.net\/wordpress\/wp-content\/uploads\/2022\/03\/SALUTE.mp3\">https:\/\/www.radiopiu.net\/wordpress\/wp-content\/uploads\/2022\/03\/SALUTE.mp3<\/a><\/audio>\n<p>&nbsp;<\/p>\n<p>&nbsp;<\/p>\n<hr \/>\n<p>&nbsp;<\/p>\n<blockquote>\n<h3>ANDREA DELL&#8217;ANDREA E IL CORAGGIO DI FARE IL FALEGNAME IN MONTAGNA<\/h3>\n<\/blockquote>\n<p><strong>SELVA DI CADORE<\/strong> Come ogni lunedi Gianni Santomaso dalle pagine del Corriere delle Alpi racconta una storia, un personaggio, un pezzo di vita dell\u2019Agordino \u201cVivere l\u2019Agordino\u201d una raccolta spaccato di vita agordina con le immancabili vignette di Erica Andrich<\/p>\n<p><strong>di Gianni Santomaso<\/strong><\/p>\n<audio class=\"wp-audio-shortcode\" id=\"audio-263323-11\" preload=\"none\" style=\"width: 100%;\" controls=\"controls\"><source type=\"audio\/mpeg\" src=\"https:\/\/www.radiopiu.net\/wordpress\/wp-content\/uploads\/2022\/03\/GIANNI-SPECIALE-AGORDINO-ANDREA-DELLANDREA.mp3?_=11\" \/><a href=\"https:\/\/www.radiopiu.net\/wordpress\/wp-content\/uploads\/2022\/03\/GIANNI-SPECIALE-AGORDINO-ANDREA-DELLANDREA.mp3\">https:\/\/www.radiopiu.net\/wordpress\/wp-content\/uploads\/2022\/03\/GIANNI-SPECIALE-AGORDINO-ANDREA-DELLANDREA.mp3<\/a><\/audio>\n<p>&nbsp;<\/p>\n\n\t\t\t<style type='text\/css'>\n\t\t\t\t#gallery-5 {\n\t\t\t\t\tmargin: auto;\n\t\t\t\t}\n\t\t\t\t#gallery-5 .gallery-item {\n\t\t\t\t\tfloat: left;\n\t\t\t\t\tmargin-top: 10px;\n\t\t\t\t\ttext-align: center;\n\t\t\t\t\twidth: 50%;\n\t\t\t\t}\n\t\t\t\t#gallery-5 img {\n\t\t\t\t\tborder: 2px solid #cfcfcf;\n\t\t\t\t}\n\t\t\t\t#gallery-5 .gallery-caption {\n\t\t\t\t\tmargin-left: 0;\n\t\t\t\t}\n\t\t\t\t\/* see gallery_shortcode() in wp-includes\/media.php *\/\n\t\t\t<\/style>\n\t\t<div id='gallery-5' class='dt-gallery-container gallery galleryid-263323 gallery-columns-2 gallery-size-thumbnail'><dl class='gallery-item'>\n\t\t\t\t<dt class='gallery-icon portrait'>\n\t\t\t\t\t<a class=\"rollover rollover-zoom dt-pswp-item\" title=\"0\" data-dt-img-description=\"\" data-large_image_width=\"1608\" data-large_image_height=\"1926\"href='https:\/\/www.radiopiu.net\/wordpress\/wp-content\/uploads\/2022\/03\/0.png'><img loading=\"lazy\" decoding=\"async\" width=\"150\" height=\"150\" src=\"https:\/\/www.radiopiu.net\/wordpress\/wp-content\/uploads\/2022\/03\/0-150x150.png\" class=\"attachment-thumbnail size-thumbnail\" alt=\"\" \/><\/a>\n\t\t\t\t<\/dt><\/dl><dl class='gallery-item'>\n\t\t\t\t<dt class='gallery-icon landscape'>\n\t\t\t\t\t<a class=\"rollover rollover-zoom dt-pswp-item\" title=\"d9caa504-b644-4578-a202-dec79f2e2c50\" data-dt-img-description=\"\" data-large_image_width=\"1600\" data-large_image_height=\"901\"href='https:\/\/www.radiopiu.net\/wordpress\/wp-content\/uploads\/2022\/03\/d9caa504-b644-4578-a202-dec79f2e2c50.jpg'><img loading=\"lazy\" decoding=\"async\" width=\"150\" height=\"150\" src=\"https:\/\/www.radiopiu.net\/wordpress\/wp-content\/uploads\/2022\/03\/d9caa504-b644-4578-a202-dec79f2e2c50-150x150.jpg\" class=\"attachment-thumbnail size-thumbnail\" alt=\"\" \/><\/a>\n\t\t\t\t<\/dt><\/dl><br style=\"clear: both\" \/>\n\t\t\t<\/div>\n\n<p>&nbsp;<\/p>\n<p>&nbsp;<\/p>\n<hr \/>\n<p>&nbsp;<\/p>\n<blockquote>\n<h3>SUSANNA E MELCHIORRE NEL CUORE DI GOSALDO<\/h3>\n<\/blockquote>\n<p><strong><a class=\"dt-pswp-item\" href=\"https:\/\/www.radiopiu.net\/wordpress\/wp-content\/uploads\/2022\/02\/275047871_512855146869897_868996295822449918_n.jpg\" data-dt-img-description=\"\" data-large_image_width=\"151\" data-large_image_height=\"240\"><img loading=\"lazy\" decoding=\"async\" class=\"size-full wp-image-263471 alignleft\" src=\"https:\/\/www.radiopiu.net\/wordpress\/wp-content\/uploads\/2022\/02\/275047871_512855146869897_868996295822449918_n.jpg\" alt=\"\" width=\"151\" height=\"240\" \/><\/a>GOSALDO<\/strong> \u00a0<em>&#8220;Ecco scoperta la nostra sorpresa per San Valentino. Inviateci le vostro foto pi\u00f9 belle dal 14 al 21 febbraio e nella settimana successiva, chi ricever\u00e0 pi\u00f9 &#8220;mi piace&#8221;, sar\u00e0 premiato con un piccolo pensiero.\u00a0<\/em>Si presentava cosi&#8217; la bella iniziativa della proloco di Gosaldo. E ora ecco i vincitori: \u00a0Susanna Melchiorre con i complimenti e l&#8217;augurio di &#8230;tanto amore.<\/p>\n<p>&nbsp;<\/p>\n<p>&nbsp;<\/p>\n<p>&nbsp;<\/p>\n<p>&nbsp;<\/p>\n<p>&nbsp;<\/p>\n<p>&nbsp;<\/p>\n<p>&nbsp;<\/p>\n<hr \/>\n<p>&nbsp;<\/p>\n<blockquote>\n<h3>IL PROGRESSO NEL LIBRO \u201cSELVA DI CADORE COME ERA\u201d REALIZZATO DA DELL\u2019ANDREA CON L\u2019UNION DEI LADIN<\/h3>\n<\/blockquote>\n<p><strong>di\u00a0 RENATO BONA<\/strong><\/p>\n<p>C\u2019\u00e8 un capitolo, intitolato \u201cProgresso\u201d nel libro \u201cSelva di Cadore come era\u201d (in ladino: \u201cSelva da nosak\u00e0n\u201d), del prof. don Lorenzo Dell\u2019Andrea (edito con l\u2019Union de i Ladi\u00f1 de Selva e la bellunese tipografia Piave nel novembre 1993) in cui l\u2019autore esordisce affermando che \u201cIl progresso \u00e8 un concetto strettamente legato all\u2019uomo il quale, grazie al grande dono dell\u2019intelligenza che Dio gli ha dato, \u00e8 in grado di utilizzare le risorse dell\u2019ambiente per migliorare la qualit\u00e0 della vita\u201d. Cita quindi come un primo esempio di \u201cprogresso\u201d i cacciatori del Mesolitico di Mondeval de Sora che \u201c8.000 anni fa hanno cacciato gli animali del nostro territorio per procurarsi il cibo, hanno realizzato i ripari naturali per il riposo, per proteggersi dalle intemperie e addirittura quale luogo per una sepoltura rituale\u201d. Poi, detto che il \u201cprogresso\u201d legato all\u2019attivit\u00e0 dei cacciatori e dei pastori rec\u00f2 vantaggi alla vita dell\u2019uomo senza rilevanti modifiche al territorio e all\u2019ambiente, Dell\u2019Andrea ricorda che verso il 1000 dopo Cristo \u201cinizia e si sviluppa velocemente una nuova fase di \u2018progresso\u2019 molto \u2018aggressiva\u2019 nei confronti del nostro territorio\u201d con boscaioli e pastori, soprattutto di San Vito di Cadore, che nell\u2019intento di migliorare le condizioni di vita si insediarono nella Val Fiorentina costruendovi case e stalle. Disboscando la foresta, dissodando il terreno per la semina della fava, dell\u2019orzo, della segala, del frumento: allargarono via via le radure a danno del bosco per garantirsi anche prati per la produzione del fieno; ma non basta: lungo i torrenti, soprattutto sul Loschiesuoi che aveva sempre acqua ed era in posizione centrale rispetto alla vallata, furono realizzati molini per la macina dei cereali e della fava e la lavorazione dell\u2019orzo e quindi fucine per la produzione locale di attrezzi e di quanto necessitava all\u2019agricoltura. Altra opportunit\u00e0 di \u201cprogresso\u201d, quella determinata dalla richiesta sempre pi\u00f9 forte di legname dalla Repubblica di Venezia, con conseguente depauperamento del patrimonio boschivo. E, ancora: le miniere di ferro che portarono s\u00ec lavoro e dunque benessere ma\u2026 la lavorazione del ferro in zona necessitava di grandi quantit\u00e0 di combustibile cui si fece fronte con la produzione di carbone dolce con la tecnica del \u201cpoi\u00e0t\u201d. Con la chiusura delle miniere lo sfruttamento del bosco cess\u00f2 ma contestualmente peggior\u00f2 e non di poco la qualit\u00e0 della vita, dando origine al fenomeno migratorio. Una situazione di profonda crisi che si protrasse fino al secondo dopoguerra. Grande elemento di \u201cprogresso\u201d fu la realizzazione delle strade per collegarsi con le altre vallate e quindi il turismo: \u201cnon pi\u00f9 le grandi fatiche di una volta per avere appena di che sopravvivere, ma benessere generalizzato, buona o discreta disponibilit\u00e0 di mezzi finanziari, possibilit\u00e0 di tempo libero e, in ogni famiglia, tutti i comfort della vita moderna, dall\u2019automobile alla televisione, dalla lavatrice al telefono\u201d. Un \u201cprogresso\u201d, scrive Lorenzo Dell\u2019Andrea, che ha avuto un notevole impatto con il territorio e l\u2019ambiente: l\u2019abbandono dell\u2019agricoltura e della pastorizia sta portando il degrado di pascoli, prati, campi, fienili, stalle e di quant\u2019altro legato al \u2018primario\u2019, come ad esempio molini e fucine. Il bosco, che nei secoli scorsi per avere spazio vitale era stato tenuto lontano come una minaccia alla vivibilit\u00e0 dell\u2019ambiente, sta ora rapidamente riconquistando vasti terreni accerchiando ogni anno di pi\u00f9 tutti i villaggi\u2026\u201d. E conclude: \u201cEcco dunque una domanda: quello di oggi \u00e8 davvero \u2018progresso\u2019 o non rischia invece di ritorcersi negativamente, come un boomerang, finendo per peggiorare anzich\u00e9 migliorare la \u2018qualit\u00e0 della vita\u2019 di Selva?\u201d.<\/p>\n\n\t\t\t<style type='text\/css'>\n\t\t\t\t#gallery-6 {\n\t\t\t\t\tmargin: auto;\n\t\t\t\t}\n\t\t\t\t#gallery-6 .gallery-item {\n\t\t\t\t\tfloat: left;\n\t\t\t\t\tmargin-top: 10px;\n\t\t\t\t\ttext-align: center;\n\t\t\t\t\twidth: 16%;\n\t\t\t\t}\n\t\t\t\t#gallery-6 img {\n\t\t\t\t\tborder: 2px solid #cfcfcf;\n\t\t\t\t}\n\t\t\t\t#gallery-6 .gallery-caption {\n\t\t\t\t\tmargin-left: 0;\n\t\t\t\t}\n\t\t\t\t\/* see gallery_shortcode() in wp-includes\/media.php *\/\n\t\t\t<\/style>\n\t\t<div id='gallery-6' class='dt-gallery-container gallery galleryid-263323 gallery-columns-6 gallery-size-thumbnail'><dl class='gallery-item'>\n\t\t\t\t<dt class='gallery-icon landscape'>\n\t\t\t\t\t<a class=\"rollover\" href='https:\/\/www.radiopiu.net\/wordpress\/il-progresso-nel-libro-selva-di-cadore-come-era-realizzato-da-dellandrea-con-lunion-dei-ladin\/275001569_3064003623861628_6152188860301840635_n\/'><img loading=\"lazy\" decoding=\"async\" width=\"150\" height=\"150\" src=\"https:\/\/www.radiopiu.net\/wordpress\/wp-content\/uploads\/2022\/03\/275001569_3064003623861628_6152188860301840635_n-150x150.jpg\" class=\"attachment-thumbnail size-thumbnail\" alt=\"\" \/><\/a>\n\t\t\t\t<\/dt><\/dl><dl class='gallery-item'>\n\t\t\t\t<dt class='gallery-icon landscape'>\n\t\t\t\t\t<a class=\"rollover\" href='https:\/\/www.radiopiu.net\/wordpress\/il-progresso-nel-libro-selva-di-cadore-come-era-realizzato-da-dellandrea-con-lunion-dei-ladin\/274780241_1135890327263461_6122342397194478804_n\/'><img loading=\"lazy\" decoding=\"async\" width=\"150\" height=\"150\" src=\"https:\/\/www.radiopiu.net\/wordpress\/wp-content\/uploads\/2022\/03\/274780241_1135890327263461_6122342397194478804_n-150x150.jpg\" class=\"attachment-thumbnail size-thumbnail\" alt=\"\" \/><\/a>\n\t\t\t\t<\/dt><\/dl><dl class='gallery-item'>\n\t\t\t\t<dt class='gallery-icon landscape'>\n\t\t\t\t\t<a class=\"rollover\" href='https:\/\/www.radiopiu.net\/wordpress\/il-progresso-nel-libro-selva-di-cadore-come-era-realizzato-da-dellandrea-con-lunion-dei-ladin\/274252634_379114204046213_9161708373981857776_n\/'><img loading=\"lazy\" decoding=\"async\" width=\"150\" height=\"150\" src=\"https:\/\/www.radiopiu.net\/wordpress\/wp-content\/uploads\/2022\/03\/274252634_379114204046213_9161708373981857776_n-150x150.jpg\" class=\"attachment-thumbnail size-thumbnail\" alt=\"\" \/><\/a>\n\t\t\t\t<\/dt><\/dl><dl class='gallery-item'>\n\t\t\t\t<dt class='gallery-icon portrait'>\n\t\t\t\t\t<a class=\"rollover\" href='https:\/\/www.radiopiu.net\/wordpress\/il-progresso-nel-libro-selva-di-cadore-come-era-realizzato-da-dellandrea-con-lunion-dei-ladin\/274290012_325910276174449_595606459581983378_n\/'><img loading=\"lazy\" decoding=\"async\" width=\"150\" height=\"150\" src=\"https:\/\/www.radiopiu.net\/wordpress\/wp-content\/uploads\/2022\/03\/274290012_325910276174449_595606459581983378_n-150x150.jpg\" class=\"attachment-thumbnail size-thumbnail\" alt=\"\" \/><\/a>\n\t\t\t\t<\/dt><\/dl><dl class='gallery-item'>\n\t\t\t\t<dt class='gallery-icon portrait'>\n\t\t\t\t\t<a class=\"rollover\" href='https:\/\/www.radiopiu.net\/wordpress\/il-progresso-nel-libro-selva-di-cadore-come-era-realizzato-da-dellandrea-con-lunion-dei-ladin\/274825912_876720799954421_7545858637443401847_n\/'><img loading=\"lazy\" decoding=\"async\" width=\"150\" height=\"150\" src=\"https:\/\/www.radiopiu.net\/wordpress\/wp-content\/uploads\/2022\/03\/274825912_876720799954421_7545858637443401847_n-150x150.jpg\" class=\"attachment-thumbnail size-thumbnail\" alt=\"\" \/><\/a>\n\t\t\t\t<\/dt><\/dl><dl class='gallery-item'>\n\t\t\t\t<dt class='gallery-icon portrait'>\n\t\t\t\t\t<a class=\"rollover\" href='https:\/\/www.radiopiu.net\/wordpress\/il-progresso-nel-libro-selva-di-cadore-come-era-realizzato-da-dellandrea-con-lunion-dei-ladin\/275118005_335687758598089_8461581557807745066_n\/'><img loading=\"lazy\" decoding=\"async\" width=\"150\" height=\"150\" src=\"https:\/\/www.radiopiu.net\/wordpress\/wp-content\/uploads\/2022\/03\/275118005_335687758598089_8461581557807745066_n-150x150.jpg\" class=\"attachment-thumbnail size-thumbnail\" alt=\"\" \/><\/a>\n\t\t\t\t<\/dt><\/dl><br style=\"clear: both\" \/><dl class='gallery-item'>\n\t\t\t\t<dt class='gallery-icon portrait'>\n\t\t\t\t\t<a class=\"rollover\" href='https:\/\/www.radiopiu.net\/wordpress\/il-progresso-nel-libro-selva-di-cadore-come-era-realizzato-da-dellandrea-con-lunion-dei-ladin\/275139753_1460837654318766_5265330428264643815_n\/'><img loading=\"lazy\" decoding=\"async\" width=\"150\" height=\"150\" src=\"https:\/\/www.radiopiu.net\/wordpress\/wp-content\/uploads\/2022\/03\/275139753_1460837654318766_5265330428264643815_n-150x150.jpg\" class=\"attachment-thumbnail size-thumbnail\" alt=\"\" \/><\/a>\n\t\t\t\t<\/dt><\/dl><dl class='gallery-item'>\n\t\t\t\t<dt class='gallery-icon portrait'>\n\t\t\t\t\t<a class=\"rollover\" href='https:\/\/www.radiopiu.net\/wordpress\/il-progresso-nel-libro-selva-di-cadore-come-era-realizzato-da-dellandrea-con-lunion-dei-ladin\/274856860_5022914491090116_5316184039401862993_n\/'><img loading=\"lazy\" decoding=\"async\" width=\"150\" height=\"150\" src=\"https:\/\/www.radiopiu.net\/wordpress\/wp-content\/uploads\/2022\/03\/274856860_5022914491090116_5316184039401862993_n-150x150.jpg\" class=\"attachment-thumbnail size-thumbnail\" alt=\"\" \/><\/a>\n\t\t\t\t<\/dt><\/dl><dl class='gallery-item'>\n\t\t\t\t<dt class='gallery-icon landscape'>\n\t\t\t\t\t<a class=\"rollover\" href='https:\/\/www.radiopiu.net\/wordpress\/il-progresso-nel-libro-selva-di-cadore-come-era-realizzato-da-dellandrea-con-lunion-dei-ladin\/275100327_531439314998593_6201810986625158844_n\/'><img loading=\"lazy\" decoding=\"async\" width=\"150\" height=\"150\" src=\"https:\/\/www.radiopiu.net\/wordpress\/wp-content\/uploads\/2022\/03\/275100327_531439314998593_6201810986625158844_n-150x150.jpg\" class=\"attachment-thumbnail size-thumbnail\" alt=\"\" \/><\/a>\n\t\t\t\t<\/dt><\/dl><dl class='gallery-item'>\n\t\t\t\t<dt class='gallery-icon landscape'>\n\t\t\t\t\t<a class=\"rollover\" href='https:\/\/www.radiopiu.net\/wordpress\/il-progresso-nel-libro-selva-di-cadore-come-era-realizzato-da-dellandrea-con-lunion-dei-ladin\/274901369_432870841979457_1469824243094760059_n\/'><img loading=\"lazy\" decoding=\"async\" width=\"150\" height=\"150\" src=\"https:\/\/www.radiopiu.net\/wordpress\/wp-content\/uploads\/2022\/03\/274901369_432870841979457_1469824243094760059_n-150x150.jpg\" class=\"attachment-thumbnail size-thumbnail\" alt=\"\" \/><\/a>\n\t\t\t\t<\/dt><\/dl><dl class='gallery-item'>\n\t\t\t\t<dt class='gallery-icon portrait'>\n\t\t\t\t\t<a class=\"rollover\" href='https:\/\/www.radiopiu.net\/wordpress\/il-progresso-nel-libro-selva-di-cadore-come-era-realizzato-da-dellandrea-con-lunion-dei-ladin\/274867201_689448852239442_8198014764287695306_n\/'><img loading=\"lazy\" decoding=\"async\" width=\"150\" height=\"150\" src=\"https:\/\/www.radiopiu.net\/wordpress\/wp-content\/uploads\/2022\/03\/274867201_689448852239442_8198014764287695306_n-150x150.jpg\" class=\"attachment-thumbnail size-thumbnail\" alt=\"\" \/><\/a>\n\t\t\t\t<\/dt><\/dl><dl class='gallery-item'>\n\t\t\t\t<dt class='gallery-icon portrait'>\n\t\t\t\t\t<a class=\"rollover\" href='https:\/\/www.radiopiu.net\/wordpress\/il-progresso-nel-libro-selva-di-cadore-come-era-realizzato-da-dellandrea-con-lunion-dei-ladin\/274706470_483136253250918_2846254650105649185_n\/'><img loading=\"lazy\" decoding=\"async\" width=\"150\" height=\"150\" src=\"https:\/\/www.radiopiu.net\/wordpress\/wp-content\/uploads\/2022\/03\/274706470_483136253250918_2846254650105649185_n-150x150.jpg\" class=\"attachment-thumbnail size-thumbnail\" alt=\"\" \/><\/a>\n\t\t\t\t<\/dt><\/dl><br style=\"clear: both\" \/><dl class='gallery-item'>\n\t\t\t\t<dt class='gallery-icon portrait'>\n\t\t\t\t\t<a class=\"rollover\" href='https:\/\/www.radiopiu.net\/wordpress\/il-progresso-nel-libro-selva-di-cadore-come-era-realizzato-da-dellandrea-con-lunion-dei-ladin\/274521969_474504360881981_4386625172907127203_n\/'><img loading=\"lazy\" decoding=\"async\" width=\"150\" height=\"150\" src=\"https:\/\/www.radiopiu.net\/wordpress\/wp-content\/uploads\/2022\/03\/274521969_474504360881981_4386625172907127203_n-150x150.jpg\" class=\"attachment-thumbnail size-thumbnail\" alt=\"\" \/><\/a>\n\t\t\t\t<\/dt><\/dl><dl class='gallery-item'>\n\t\t\t\t<dt class='gallery-icon portrait'>\n\t\t\t\t\t<a class=\"rollover\" href='https:\/\/www.radiopiu.net\/wordpress\/il-progresso-nel-libro-selva-di-cadore-come-era-realizzato-da-dellandrea-con-lunion-dei-ladin\/274941904_499722188401552_2577438693917474228_n\/'><img loading=\"lazy\" decoding=\"async\" width=\"150\" height=\"150\" src=\"https:\/\/www.radiopiu.net\/wordpress\/wp-content\/uploads\/2022\/03\/274941904_499722188401552_2577438693917474228_n-150x150.jpg\" class=\"attachment-thumbnail size-thumbnail\" alt=\"\" \/><\/a>\n\t\t\t\t<\/dt><\/dl><dl class='gallery-item'>\n\t\t\t\t<dt class='gallery-icon landscape'>\n\t\t\t\t\t<a class=\"rollover\" href='https:\/\/www.radiopiu.net\/wordpress\/il-progresso-nel-libro-selva-di-cadore-come-era-realizzato-da-dellandrea-con-lunion-dei-ladin\/274821426_2009171352579423_4456040014211402673_n\/'><img loading=\"lazy\" decoding=\"async\" width=\"150\" height=\"150\" src=\"https:\/\/www.radiopiu.net\/wordpress\/wp-content\/uploads\/2022\/03\/274821426_2009171352579423_4456040014211402673_n-150x150.jpg\" class=\"attachment-thumbnail size-thumbnail\" alt=\"\" \/><\/a>\n\t\t\t\t<\/dt><\/dl><dl class='gallery-item'>\n\t\t\t\t<dt class='gallery-icon landscape'>\n\t\t\t\t\t<a class=\"rollover\" href='https:\/\/www.radiopiu.net\/wordpress\/il-progresso-nel-libro-selva-di-cadore-come-era-realizzato-da-dellandrea-con-lunion-dei-ladin\/275118862_497749061760466_3925580195541217671_n\/'><img loading=\"lazy\" decoding=\"async\" width=\"150\" height=\"150\" src=\"https:\/\/www.radiopiu.net\/wordpress\/wp-content\/uploads\/2022\/03\/275118862_497749061760466_3925580195541217671_n-150x150.jpg\" class=\"attachment-thumbnail size-thumbnail\" alt=\"\" \/><\/a>\n\t\t\t\t<\/dt><\/dl><dl class='gallery-item'>\n\t\t\t\t<dt class='gallery-icon landscape'>\n\t\t\t\t\t<a class=\"rollover\" href='https:\/\/www.radiopiu.net\/wordpress\/il-progresso-nel-libro-selva-di-cadore-come-era-realizzato-da-dellandrea-con-lunion-dei-ladin\/274726010_2916396675327188_5111895751996216249_n\/'><img loading=\"lazy\" decoding=\"async\" width=\"150\" height=\"150\" src=\"https:\/\/www.radiopiu.net\/wordpress\/wp-content\/uploads\/2022\/03\/274726010_2916396675327188_5111895751996216249_n-150x150.jpg\" class=\"attachment-thumbnail size-thumbnail\" alt=\"\" \/><\/a>\n\t\t\t\t<\/dt><\/dl><dl class='gallery-item'>\n\t\t\t\t<dt class='gallery-icon landscape'>\n\t\t\t\t\t<a class=\"rollover\" href='https:\/\/www.radiopiu.net\/wordpress\/il-progresso-nel-libro-selva-di-cadore-come-era-realizzato-da-dellandrea-con-lunion-dei-ladin\/274837714_1690819844600359_6514672889337928223_n\/'><img loading=\"lazy\" decoding=\"async\" width=\"150\" height=\"150\" src=\"https:\/\/www.radiopiu.net\/wordpress\/wp-content\/uploads\/2022\/03\/274837714_1690819844600359_6514672889337928223_n-150x150.jpg\" class=\"attachment-thumbnail size-thumbnail\" alt=\"\" \/><\/a>\n\t\t\t\t<\/dt><\/dl><br style=\"clear: both\" \/>\n\t\t\t<\/div>\n\n<p>NELLE FOTO (riproduzioni dal libro \u201cSelva di Cadore come era\u201d di Lorenzo Dell\u2019Andrea): il sentiero della Forada nei pressi della Forcella e del capitello di S.Antonio; passaggio pedonale sul torrente Cordon; il \u201cpont de Tofol\u201d; ponte di legno sul Fiorentina; fluitazione di tronchi negli anni \u201920; nel 1880 iniziano i lavori per la strada di Marzeluch; strada della Staulanza verso gli anni \u201920; e quella di Passo Giau, aperta nel primo dopoguerra; il vecchio ponte di legno sul Codalonga; la corriera per Selva tra due muri di neve nel 1951; il medico condotto Antonio Bressan con Taddeo e Silvana Torre accanto alla vecchia \u201cBalilla\u201d negli anni \u201930; una delle prime automobili giunte a Toffol, lungo la strada di Perazze circa l\u2019anno 1920; ed una delle prime biciclette sulla strada di Selva (fra i pochi che dalla Grande Guerra ne fecero uso, a servizio della comunit\u00e0, Luigi Nicolai \u201cGigo Curs\u00f2r\u201d che per decenni percorse instancabile tutte le strade del paese, foto Fedele Chizzolin, raccolta Union de i Ladin de Selva); Maria De Mattia con la gerla ed un vaso forse del latte (raccolta Maria Grazia Callegari); carro di fieno trainato da mucche a Pescul verso la fine degli anni \u201920 (raccolta Raffaella Dell\u2019Andrea); Fausto Nicolai alla guida della slitta con un carico di legno (raccolta Dorina Monico Nicolai); Angelo De Zenero e Dino Dall\u2019Acqua con slitta trainata da un asino (raccolta Remo De Zenero); Mauro Angeli con il camion dei Canciani di Caprile nella piazza di Selva verso il 1930 (raccolta Elisabetta Callegari).<\/p>\n<p>&nbsp;<\/p>\n<p>&nbsp;<\/p>\n<hr \/>\n<p>&nbsp;<\/p>\n<blockquote>\n<h3>MUSICA E POESIA A LIMANA NEL GIORNO DELLA FESTA DELLA DONNA<\/h3>\n<\/blockquote>\n<p><strong>LIMANA <\/strong>Musica e poesia con lo <i>scrittore Antonio Chiades<\/i> ed il <i>pianista-compositore Carlo De Battista<\/i>. Questa sera\u00a0 alle 20.30, presso la sala Luigi Nocivelli, ingresso dietro la Biblioteca Comunale di Limana, Via Ruggero Fiabane n. 3. Ingresso gratuito, si consiglia la prenotazione per i posti limitati, inviado una mail all&#8217;indirizzo <a class=\"moz-txt-link-abbreviated moz-txt-link-freetext\" href=\"mailto:sbogo.limana@valbelluna.bl.it\">sbogo.limana@valbelluna.bl.it<\/a><\/p>\n<p>&nbsp;<\/p>\n<p>&nbsp;<\/p>\n<p>&nbsp;<\/p>\n<hr \/>\n<p>&nbsp;<\/p>\n<blockquote>\n<h3>A SOSPIROLO RITORNA IL TEATRO<\/h3>\n<\/blockquote>\n<p><strong>SOSPIROLO <\/strong>Questa sera alle 20.45 al Centro Civico si torna al teatro dal vivo nella giornata della donna, si terr\u00e0 lo spettacolo teatrale \u201cIl libertino\u201d con la compagnia \u201cLas Palabras\u201d per la regia di Lara Rossa Mezzomo. La commedia leggera, che parla di donne e filosofia. Ingresso libero nel rispetto delle regole Covid<\/p>\n<p>&nbsp;<\/p>\n<hr \/>\n<p>&nbsp;<\/p>\n<blockquote>\n<h3>&#8220;NATA LIBERA&#8221; OGGI LA PRESENTAZIONE DEL PROGETTO A PONTE NELLE ALPI<\/h3>\n<\/blockquote>\n<p><a class=\"dt-pswp-item\" href=\"https:\/\/www.radiopiu.net\/wordpress\/wp-content\/uploads\/2022\/03\/eb9f3cae-f0f7-4af7-a827-49dcc7b3425d.jpg\" data-dt-img-description=\"\" data-large_image_width=\"1600\" data-large_image_height=\"1465\"><img loading=\"lazy\" decoding=\"async\" class=\"wp-image-263428 alignleft\" src=\"https:\/\/www.radiopiu.net\/wordpress\/wp-content\/uploads\/2022\/03\/eb9f3cae-f0f7-4af7-a827-49dcc7b3425d-300x275.jpg\" alt=\"\" width=\"183\" height=\"168\" srcset=\"https:\/\/www.radiopiu.net\/wordpress\/wp-content\/uploads\/2022\/03\/eb9f3cae-f0f7-4af7-a827-49dcc7b3425d-300x275.jpg 300w, https:\/\/www.radiopiu.net\/wordpress\/wp-content\/uploads\/2022\/03\/eb9f3cae-f0f7-4af7-a827-49dcc7b3425d-1024x938.jpg 1024w, https:\/\/www.radiopiu.net\/wordpress\/wp-content\/uploads\/2022\/03\/eb9f3cae-f0f7-4af7-a827-49dcc7b3425d-768x703.jpg 768w, https:\/\/www.radiopiu.net\/wordpress\/wp-content\/uploads\/2022\/03\/eb9f3cae-f0f7-4af7-a827-49dcc7b3425d-1536x1406.jpg 1536w, https:\/\/www.radiopiu.net\/wordpress\/wp-content\/uploads\/2022\/03\/eb9f3cae-f0f7-4af7-a827-49dcc7b3425d.jpg 1600w\" sizes=\"auto, (max-width: 183px) 100vw, 183px\" \/><\/a><strong>PONTE NELLE ALPI<\/strong> Il Progetto Donne libere e protagoniste anche nella finanza &#8220;Nata Libera&#8221;\u00a0 verr\u00e0 presentato ufficialmente oggi, data non casuale, nella sala \u201cTina Merlin\u201d della Biblioteca civica di Ponte nelle Alpi, alle 18.30.<\/p>\n<p><em>&#8220;L\u2019indipendenza di una donna passa anche attraverso la gestione personale del patrimonio&#8221;\u00a0<\/em>dice Elisa Collazuol, consulente finanziaria promotrice dell&#8217;evento.<\/p>\n<p><strong>AUDIO<\/strong><\/p>\n<audio class=\"wp-audio-shortcode\" id=\"audio-263323-12\" preload=\"none\" style=\"width: 100%;\" controls=\"controls\"><source type=\"audio\/mpeg\" src=\"https:\/\/www.radiopiu.net\/wordpress\/wp-content\/uploads\/2022\/03\/ELISA.mp3?_=12\" \/><a href=\"https:\/\/www.radiopiu.net\/wordpress\/wp-content\/uploads\/2022\/03\/ELISA.mp3\">https:\/\/www.radiopiu.net\/wordpress\/wp-content\/uploads\/2022\/03\/ELISA.mp3<\/a><\/audio>\n<p>&nbsp;<\/p>\n<p>&nbsp;<\/p>\n<hr \/>\n<blockquote>\n<h3><\/h3>\n<h3>A FELTRE SI PARLA DEL GENERALE DE&#8217; CASTIGLIONI E LA DIVISIONE PUSTERIA<\/h3>\n<\/blockquote>\n<p><strong>FELTRE\u00a0<\/strong> Venerd\u00ec 11 marzo alle 9.30, nell\u2019Auditorium dell\u2019Istituto Canossiano a Feltre, si terr\u00e0 la seconda di una serie di conferenze organizzate dalla locale sezione dell\u2019Associazione Nazionale Alpini, nell\u2019ambito dei festeggiamenti per il suo centenario, intitolata \u201cLa persecuzione degli ebrei in Europa \u2013 la storia poco conosciuta di Maurizio de\u2019 Castiglioni generale dell\u2019esercito italiano\u201d. Relatore della serata sar\u00e0 il Generale di Corpo d\u2019Armata Giuseppe Nicola Tota, attuale comandante delle Forze operative sud. Originario di Corato (Bari)<\/p>\n<p>&nbsp;<\/p>\n<hr \/>\n<p>&nbsp;<\/p>\n<blockquote>\n<h3>PATTINAGGIO LIBERO AL DE TONI DI ALLEGHE<\/h3>\n<\/blockquote>\n<p><strong>ALLEGHE<\/strong> Lo stadio Alvise De Toni \u00e8 aperto al pubblico per il pattinaggio libero. Domani dalle 16:30 alle 18:30, venerd\u00ec dalle 21 alle 23 e sabato dalle 16:30 alle 18:30 e dalle 21 alle 23.<\/p>\n<p>&nbsp;<\/p>\n<hr \/>\n<p>&nbsp;<\/p>\n<table width=\"590\">\n<tbody>\n<tr>\n<td>\n<table width=\"100%\">\n<tbody>\n<tr>\n<td>\n<table width=\"100%\">\n<tbody>\n<tr>\n<td>\n<table width=\"100%\">\n<tbody>\n<tr>\n<th>\n<table width=\"350\">\n<tbody>\n<tr>\n<td><strong>LA CROCE DENUNCIATA<\/strong><\/td>\n<\/tr>\n<tr>\n<td><\/td>\n<\/tr>\n<tr>\n<td>\u00a0L&#8217;avv. Enrico Gaz, direttore della Linea Quaderni della Comunit\u00e0 &#8220;Villa San Francesco&#8221;, invita alla presentazione del libro <em><strong>LA CROCE DENUNCIATA,<\/strong><\/em> testo inedito dell&#8217;avvocato Ivone Cacciavillani, nato da una sua sosta sotto la Croce Italiana al Museo dei Sogni, della Memoria, Coscienza e Presepi a Feltre (BL), per <em><strong><u>venerd\u00ec 11 marzo alle ore 20:15<\/u> alla Cooperativa Sociale Arcobaleno &#8217;86 Onlus &#8211; Feltre.<\/strong><\/em><\/p>\n<p><em>Interverranno: <\/em><\/p>\n<p><em><strong>&#8211; Camilla De Paoli<\/strong> del terzo anno del Liceo Classico G. Dal Piaz di Feltre,<\/em><\/p>\n<p><em><strong>&#8211; Teresa Gaz <\/strong>del quarto anno del Liceo Scientifico G. Dal Piaz di Feltre,<\/em><\/p>\n<p><em><strong>&#8211; Erik Casanova<\/strong> del primo anno del Conservatorio Benedetto Marcello di Venezia, <\/em><\/p>\n<p><em><strong>&#8211; mons. Renato Marangoni <\/strong>vescovo della diocesi di Belluno &#8211; Feltre.<\/em><\/p>\n<p>Il prof. Gabriele Turrin dell&#8217;Amico del Popolo, settimanale della diocesi di Belluno &#8211; Feltre, ha recensito la pubblicazione che \u00e8 possibile leggere<a href=\"http:\/\/r.newsletter.comunitavsfrancesco.it\/mk\/cl\/f\/19ySxXKJIWOwEJOj_UCKjv4A3qaxexNz1ZkwxV3SDKzEY502Em9Pvsb1JaY9lKTGCZNfIwhFOBxjPqleYR9lPpCvWP9sIPfKmXfnGNIQCp7RBRNuQxM1zhQ_ugYr3LwcqCaqHmWWFek6JhLzJcRynBbZp5m6OtjXh0xjRV4QBd6803nM6wewR9DydN_0JIbDjSU0lcSl8-rSJ2DsCu_vw92mAWg\"> &gt;&gt; Cliccando QUI&lt;&lt;<\/a><\/td>\n<\/tr>\n<\/tbody>\n<\/table>\n<\/th>\n<th width=\"180\">\n<table width=\"100%\">\n<tbody>\n<tr>\n<td width=\"100%\"><\/td>\n<\/tr>\n<\/tbody>\n<\/table>\n<\/th>\n<\/tr>\n<\/tbody>\n<\/table>\n<\/td>\n<\/tr>\n<\/tbody>\n<\/table>\n<\/td>\n<\/tr>\n<\/tbody>\n<\/table>\n<\/td>\n<\/tr>\n<tr>\n<td>\n<table width=\"100%\">\n<tbody>\n<tr>\n<td>\n<table width=\"100%\">\n<tbody>\n<tr>\n<td><\/td>\n<\/tr>\n<tr>\n<td>\n<table width=\"100%\">\n<tbody>\n<tr>\n<th>\n<table width=\"100%\">\n<tbody>\n<tr>\n<td><\/td>\n<\/tr>\n<\/tbody>\n<\/table>\n<\/th>\n<\/tr>\n<\/tbody>\n<\/table>\n<\/td>\n<\/tr>\n<\/tbody>\n<\/table>\n<\/td>\n<\/tr>\n<\/tbody>\n<\/table>\n<\/td>\n<\/tr>\n<\/tbody>\n<\/table>\n<p>&nbsp;<\/p>\n<hr \/>\n<p>&nbsp;<\/p>\n<p>&nbsp;<\/p>\n<p>https:\/\/www.radiopiu.net\/wordpress\/operazione-dei-carabinieri-forestali-anche-il-ministero-delle-politiche-agricole-e-stato-tratto-in-inganno\/<\/p>\n<p>&nbsp;<\/p>\n<p>&nbsp;<\/p>\n<hr \/>\n<p>&nbsp;<\/p>\n<h2><span style=\"color: #ff0000;\">IERI ALLA RADIO\u00a0<\/span><\/h2>\n<h2><span style=\"color: #808000;\">ALLO ZERO TERMICO: DOLOMITI BEER &amp; WINE DA NAPI ospite GIANLUCA ROSSI<\/span><\/h2>\n<blockquote><p><em class=\"photoswipe-wrapper\"><img loading=\"lazy\" decoding=\"async\" class=\"alignleft\" src=\"https:\/\/www.radiopiu.net\/wordpress\/wp-content\/uploads\/2021\/03\/vino-300x199-1.jpg\" width=\"151\" height=\"100\" \/>ZERO TERMICO E\u2019 UN VIAGGIO ALLA SCOPERTA DEL NOSTRO TERRITORIO, DALLA VOCE DEI PROTAGONISTI. TURISMO, SPORT, EVENTI, CULTURA, INTRATTENIMENTO. DAL LUNEDI\u2019 AL VENERDI ALLE 15.10 ALLE 20.30. ZERO TERMICO. UN APPUNTAMENTO IN COLLABORAZIONE CON: SPORT 203. LA NATURALE PORTA D\u2019INGRESSO\u2026.VERSO LO ZERO TERMICO. LOCALITA\u2019 LE CAMPE STRADA AGORDO BELLUNO. ABBIGLIAMENTO E ATTREZZATURA\u2026.DEDICATI A CHI AMA LA MONTAGNA.<\/em><\/p><\/blockquote>\n<p><strong>TAIBON<\/strong><\/p>\n<p><strong>UN BRINDISI IN OCCASIONE DELLA FESTA DELLA DONNA<\/strong><\/p>\n<p><strong>di Claudio Fontanive<\/strong><\/p>\n<audio class=\"wp-audio-shortcode\" id=\"audio-263323-13\" preload=\"none\" style=\"width: 100%;\" controls=\"controls\"><source type=\"audio\/mpeg\" src=\"https:\/\/www.radiopiu.net\/wordpress\/wp-content\/uploads\/2022\/03\/ginaluca-rossi-7-marzo.mp3?_=13\" \/><a href=\"https:\/\/www.radiopiu.net\/wordpress\/wp-content\/uploads\/2022\/03\/ginaluca-rossi-7-marzo.mp3\">https:\/\/www.radiopiu.net\/wordpress\/wp-content\/uploads\/2022\/03\/ginaluca-rossi-7-marzo.mp3<\/a><\/audio>\n<p>&nbsp;<\/p>\n<hr \/>\n<p>&nbsp;<\/p>\n<p><strong>TUTTI I LUNEDI ALLE 10,30 E 1900, LA DOMENICA ALLE 8 007 IN CONDOTTA, LA SCUOLA CON LA PROF. MARIA ROSA SALMAZO E CLAUDIO FONTANIVE, IN PODCAST TUTTE LE PUNTATE DELLE ULTIME STAGIONI.<\/strong><\/p>\n<p><strong><img loading=\"lazy\" decoding=\"async\" class=\"alignleft\" src=\"https:\/\/www.radiopiu.net\/wordpress\/wp-content\/uploads\/2022\/03\/natale-scuola-300x200-1.jpg\" width=\"165\" height=\"110\" \/>PUNTATA DEL 07 MARZO 2022<\/strong><\/p>\n<p>Spiegare la guerra ai bambini<\/p>\n<audio class=\"wp-audio-shortcode\" id=\"audio-263323-14\" preload=\"none\" style=\"width: 100%;\" controls=\"controls\"><source type=\"audio\/mpeg\" src=\"https:\/\/www.radiopiu.net\/wordpress\/wp-content\/uploads\/2022\/03\/007-condotta-7-marzo.mp3?_=14\" \/><a href=\"https:\/\/www.radiopiu.net\/wordpress\/wp-content\/uploads\/2022\/03\/007-condotta-7-marzo.mp3\">https:\/\/www.radiopiu.net\/wordpress\/wp-content\/uploads\/2022\/03\/007-condotta-7-marzo.mp3<\/a><\/audio>\n<p>&nbsp;<\/p>\n<p>&nbsp;<\/p>\n<blockquote class=\"wp-embedded-content\" data-secret=\"MtjYGtPRYZ\"><p><a href=\"https:\/\/www.radiopiu.net\/wordpress\/007incondotta-9\/\">007 in condotta<\/a><\/p><\/blockquote>\n<p><iframe loading=\"lazy\" class=\"wp-embedded-content\" sandbox=\"allow-scripts\" security=\"restricted\" style=\"position: absolute; clip: rect(1px, 1px, 1px, 1px);\" title=\"&#8220;007 in condotta&#8221; &#8212; Radio Pi\u00f9\" src=\"https:\/\/www.radiopiu.net\/wordpress\/007incondotta-9\/embed\/#?secret=MtjYGtPRYZ\" data-secret=\"MtjYGtPRYZ\" width=\"600\" height=\"338\" frameborder=\"0\" marginwidth=\"0\" marginheight=\"0\" scrolling=\"no\"><\/iframe><\/p>\n<p>&nbsp;<\/p>\n<p>&nbsp;<\/p>\n<hr \/>\n<p>&nbsp;<\/p>\n<p>&nbsp;<\/p>\n<div>\n<div class=\"b654a4as d2edcug0\">\n<div class=\"rq0escxv hkbzh7o3 jwdofwj8 n8tt0mok r8blr3vg hyh9befq\">\n<p><a class=\"dt-pswp-item\" href=\"https:\/\/www.radiopiu.net\/wordpress\/wp-content\/uploads\/2020\/10\/pp.jpg\" data-dt-img-description=\"\" data-large_image_width=\"640\" data-large_image_height=\"640\"><img loading=\"lazy\" decoding=\"async\" class=\"wp-image-163678 alignleft\" src=\"https:\/\/www.radiopiu.net\/wordpress\/wp-content\/uploads\/2020\/10\/pp-300x300.jpg\" alt=\"\" width=\"106\" height=\"106\" srcset=\"https:\/\/www.radiopiu.net\/wordpress\/wp-content\/uploads\/2020\/10\/pp-300x300.jpg 300w, https:\/\/www.radiopiu.net\/wordpress\/wp-content\/uploads\/2020\/10\/pp-150x150.jpg 150w, https:\/\/www.radiopiu.net\/wordpress\/wp-content\/uploads\/2020\/10\/pp-125x125.jpg 125w, https:\/\/www.radiopiu.net\/wordpress\/wp-content\/uploads\/2020\/10\/pp-200x200.jpg 200w, https:\/\/www.radiopiu.net\/wordpress\/wp-content\/uploads\/2020\/10\/pp-80x80.jpg 80w, https:\/\/www.radiopiu.net\/wordpress\/wp-content\/uploads\/2020\/10\/pp-480x480.jpg 480w, https:\/\/www.radiopiu.net\/wordpress\/wp-content\/uploads\/2020\/10\/pp.jpg 640w\" sizes=\"auto, (max-width: 106px) 100vw, 106px\" \/><\/a><\/p>\n<\/div>\n<\/div>\n<\/div>\n<div>\n<div class=\"page-title-head hgroup\">\n<div class=\"page-title-head hgroup\">\n<div class=\"b654a4as d2edcug0\">\n<div class=\"j83agx80 btwxx1t3 lhclo0ds hop8lmos nkwizq5d scwd0bx6 roh60bw9\">\n<div class=\"rq0escxv hkbzh7o3 jwdofwj8 n8tt0mok r8blr3vg hyh9befq\">\n<div class=\"do00u71z l9j0dhe7 k4urcfbm\">\n<h2><span style=\"color: #000080;\">\u00a0<\/span><span style=\"color: #000080;\">DON CESARE, IL PENSIERO DEL GIORNO. ALLA RADIO ALLE 7 DEL MATTINO E ALLE 19.30 DELLA SERA.\u00a0<\/span><\/h2>\n<audio class=\"wp-audio-shortcode\" id=\"audio-263323-15\" preload=\"none\" style=\"width: 100%;\" controls=\"controls\"><source type=\"audio\/mpeg\" src=\"https:\/\/www.radiopiu.net\/wordpress\/wp-content\/uploads\/2022\/03\/CESARE-3.mp3?_=15\" \/><a href=\"https:\/\/www.radiopiu.net\/wordpress\/wp-content\/uploads\/2022\/03\/CESARE-3.mp3\">https:\/\/www.radiopiu.net\/wordpress\/wp-content\/uploads\/2022\/03\/CESARE-3.mp3<\/a><\/audio>\n<\/div>\n<\/div>\n<\/div>\n<\/div>\n<\/div>\n<\/div>\n<\/div>\n<p>&nbsp;<\/p>\n<p>&nbsp;<\/p>\n<hr \/>\n<p>&nbsp;<\/p>\n<h3 class=\"kvgmc6g5 cxmmr5t8 oygrvhab hcukyx3x c1et5uql\"><span style=\"color: #0000ff;\"><strong>INFORMAZIONE il canale su TELEGRAM informazione di prima mano e in tempo reale. iscriviti ed aiutaci a farlo conoscere\u00a0\u00a0<\/strong><\/span><\/h3>\n<p>&nbsp;<\/p>\n<p>&nbsp;<\/p>\n<hr \/>\n<p>&nbsp;<\/p>\n<div class=\"do00u71z l9j0dhe7 k4urcfbm\">\n<div class=\"page-title-head hgroup\">\n<div class=\"page-title-head hgroup\">\n<div class=\"b654a4as d2edcug0\">\n<div class=\"j83agx80 btwxx1t3 lhclo0ds hop8lmos nkwizq5d scwd0bx6 roh60bw9\">\n<div class=\"rq0escxv hkbzh7o3 jwdofwj8 n8tt0mok r8blr3vg hyh9befq\">\n<div class=\"do00u71z l9j0dhe7 k4urcfbm\">\n<div class=\"page-title-head hgroup\">\n<div class=\"page-title-head hgroup\">\n<div class=\"b654a4as d2edcug0\">\n<div class=\"j83agx80 btwxx1t3 lhclo0ds hop8lmos nkwizq5d scwd0bx6 roh60bw9\">\n<div class=\"rq0escxv hkbzh7o3 jwdofwj8 n8tt0mok r8blr3vg hyh9befq\">\n<div class=\"do00u71z l9j0dhe7 k4urcfbm\">\n<div class=\"ecm0bbzt e5nlhep0 a8c37x1j\">\n<div class=\"kvgmc6g5 cxmmr5t8 oygrvhab hcukyx3x c1et5uql\">\n<div class=\"gmail-kvgmc6g5 gmail-cxmmr5t8 gmail-oygrvhab gmail-hcukyx3x gmail-c1et5uql gmail-ii04i59q\">\n<div class=\"page-title-head hgroup\">\n<div class=\"page-title-head hgroup\">\n<div class=\"b654a4as d2edcug0\">\n<div class=\"j83agx80 btwxx1t3 lhclo0ds hop8lmos nkwizq5d scwd0bx6 roh60bw9\">\n<div class=\"rq0escxv hkbzh7o3 jwdofwj8 n8tt0mok r8blr3vg hyh9befq\">\n<div class=\"do00u71z l9j0dhe7 k4urcfbm\">\n<div class=\"page-title-head hgroup\">\n<div class=\"page-title-head hgroup\">\n<div class=\"b654a4as d2edcug0\">\n<div class=\"j83agx80 btwxx1t3 lhclo0ds hop8lmos nkwizq5d scwd0bx6 roh60bw9\">\n<div class=\"rq0escxv hkbzh7o3 jwdofwj8 n8tt0mok r8blr3vg hyh9befq\">\n<div class=\"do00u71z l9j0dhe7 k4urcfbm\">\n<div class=\"page-title-head hgroup\">\n<div class=\"page-title-head hgroup\">\n<div class=\"b654a4as d2edcug0\">\n<div class=\"j83agx80 btwxx1t3 lhclo0ds hop8lmos nkwizq5d scwd0bx6 roh60bw9\">\n<div class=\"rq0escxv hkbzh7o3 jwdofwj8 n8tt0mok r8blr3vg hyh9befq\">\n<div class=\"do00u71z l9j0dhe7 k4urcfbm\">\n<div class=\"ecm0bbzt e5nlhep0 a8c37x1j\">\n<div class=\"kvgmc6g5 cxmmr5t8 oygrvhab hcukyx3x c1et5uql\">\n<div class=\"gmail-kvgmc6g5 gmail-cxmmr5t8 gmail-oygrvhab gmail-hcukyx3x gmail-c1et5uql gmail-ii04i59q\">\n<div class=\"page-title-head hgroup\">\n<div class=\"page-title-head hgroup\">\n<div class=\"b654a4as d2edcug0\">\n<div class=\"j83agx80 btwxx1t3 lhclo0ds hop8lmos nkwizq5d scwd0bx6 roh60bw9\">\n<div class=\"rq0escxv hkbzh7o3 jwdofwj8 n8tt0mok r8blr3vg hyh9befq\">\n<div class=\"do00u71z l9j0dhe7 k4urcfbm\">\n<blockquote>\n<h3><span style=\"color: #ff0000;\">IN VIVO VERSO, SETTIMA STAGIONE CON BRUNELLA MORO, DAL LUNEDI AL VENERDI ALLE 7.10, 10.10 E 18.50\u00a0\u00a0<\/span><\/h3>\n<\/blockquote>\n<p><strong>SBATTI LE ALI di CARLO MOLINARI<\/strong><\/p>\n<p><strong>AUDIO<\/strong><\/p>\n<audio class=\"wp-audio-shortcode\" id=\"audio-263323-16\" preload=\"none\" style=\"width: 100%;\" controls=\"controls\"><source type=\"audio\/mpeg\" src=\"https:\/\/www.radiopiu.net\/wordpress\/wp-content\/uploads\/2022\/03\/1-CARLO-MOLINARI-SBATTI-LE-ALI.mp3?_=16\" \/><a href=\"https:\/\/www.radiopiu.net\/wordpress\/wp-content\/uploads\/2022\/03\/1-CARLO-MOLINARI-SBATTI-LE-ALI.mp3\">https:\/\/www.radiopiu.net\/wordpress\/wp-content\/uploads\/2022\/03\/1-CARLO-MOLINARI-SBATTI-LE-ALI.mp3<\/a><\/audio>\n<p>&nbsp;<\/p>\n<p>&nbsp;<\/p>\n<p><img loading=\"lazy\" decoding=\"async\" class=\"alignleft\" src=\"https:\/\/www.radiopiu.net\/wordpress\/wp-content\/uploads\/2022\/03\/1-foto-CARLO-MOLINARI-300x300.jpg\" width=\"158\" height=\"158\" \/><strong>SBATTI LE ALI<\/strong><\/p>\n<p>Canta, amico passero,<br \/>\ndall\u2019innocenza del tuo ramo.<br \/>\nIl mondo intero<br \/>\ngiace nelle spire delle guerre,<br \/>\nche uccidono l\u2019uomo<br \/>\ne uccidono madri e bambini.<br \/>\nCanta, amico passero,<br \/>\nanche il tuo ramo croller\u00e0.<br \/>\nE noi non sapremo<br \/>\ncome far tacere le bombe<br \/>\nin un sepolcro spoglio di ossa,<br \/>\nche contenga invece<br \/>\nsolo poltrone e carta moneta.<br \/>\nNon sapremo ancora<br \/>\ncome si lava il marciume<br \/>\nche l\u2019ignavia di molti<br \/>\nnon sa pi\u00f9 come seppellire.<br \/>\nEcco, amico passero,<br \/>\nora giaci anche tu a terra.<br \/>\nColpito da una granata,<br \/>\ncon una risata di ghiaccio.<br \/>\nAnche tu muori,<br \/>\nsenz\u2019aver capito le guerre.<br \/>\nSbatti le ali, le apri in croce,<br \/>\nsi serrano i tuoi occhi.<br \/>\nMa sorridi ansante a chi<br \/>\nt\u2019ha appena sparato in fronte,<br \/>\nsenza saper<br \/>\nd\u2019aver ancora crocifisso Dio.<\/p>\n<p>&nbsp;<\/p>\n<p><strong>LA RACCOLTA COMPLETA<\/strong><\/p>\n<p><strong> \u00a0<\/strong><\/p>\n<blockquote class=\"wp-embedded-content\" data-secret=\"qO9fBaxhUS\"><p><a href=\"https:\/\/www.radiopiu.net\/wordpress\/in-vivo-verso\/\">In Vivo Verso<\/a><\/p><\/blockquote>\n<p><iframe loading=\"lazy\" class=\"wp-embedded-content\" sandbox=\"allow-scripts\" security=\"restricted\" style=\"position: absolute; clip: rect(1px, 1px, 1px, 1px);\" title=\"&#8220;In Vivo Verso&#8221; &#8212; Radio Pi\u00f9\" src=\"https:\/\/www.radiopiu.net\/wordpress\/in-vivo-verso\/embed\/#?secret=qO9fBaxhUS\" data-secret=\"qO9fBaxhUS\" width=\"600\" height=\"338\" frameborder=\"0\" marginwidth=\"0\" marginheight=\"0\" scrolling=\"no\"><\/iframe><\/p>\n<p>&nbsp;<\/p>\n<hr \/>\n<p>&nbsp;<\/p>\n<h2><span style=\"color: #808000;\">GOCCE DI FILOSOFIA<\/span><\/h2>\n<p><strong>PUNTATA 151<\/strong><\/p>\n<audio class=\"wp-audio-shortcode\" id=\"audio-263323-17\" preload=\"none\" style=\"width: 100%;\" controls=\"controls\"><source type=\"audio\/mpeg\" src=\"https:\/\/www.radiopiu.net\/wordpress\/wp-content\/uploads\/2022\/03\/FI1.mp3?_=17\" \/><a href=\"https:\/\/www.radiopiu.net\/wordpress\/wp-content\/uploads\/2022\/03\/FI1.mp3\">https:\/\/www.radiopiu.net\/wordpress\/wp-content\/uploads\/2022\/03\/FI1.mp3<\/a><\/audio>\n<p>&nbsp;<\/p>\n<p><strong>LA RACCOLTA COMPLETA<\/strong><\/p>\n<blockquote class=\"wp-embedded-content\" data-secret=\"tbFEA4wjNz\"><p><a href=\"https:\/\/www.radiopiu.net\/wordpress\/gocce-filosofia\/\">Gocce di filosofia, PRIMA E SECONDA STAGIONE 2022<\/a><\/p><\/blockquote>\n<p><iframe loading=\"lazy\" class=\"wp-embedded-content\" sandbox=\"allow-scripts\" security=\"restricted\" style=\"position: absolute; clip: rect(1px, 1px, 1px, 1px);\" title=\"&#8220;Gocce di filosofia, PRIMA E SECONDA STAGIONE 2022&#8221; &#8212; Radio Pi\u00f9\" src=\"https:\/\/www.radiopiu.net\/wordpress\/gocce-filosofia\/embed\/#?secret=tbFEA4wjNz\" data-secret=\"tbFEA4wjNz\" width=\"600\" height=\"338\" frameborder=\"0\" marginwidth=\"0\" marginheight=\"0\" scrolling=\"no\"><\/iframe><\/p>\n<p>&nbsp;<\/p>\n<hr \/>\n<p>&nbsp;<\/p>\n<p>&nbsp;<\/p>\n<blockquote class=\"wp-embedded-content\" data-secret=\"B2b1r3DjIp\"><p><a href=\"https:\/\/www.radiopiu.net\/wordpress\/mensileagosaaa\/\">VENT&#8217;ANNI FA&#8230; LISTOLADE, APPUNTI DI STORIA<\/a><\/p><\/blockquote>\n<p><iframe loading=\"lazy\" class=\"wp-embedded-content\" sandbox=\"allow-scripts\" security=\"restricted\" style=\"position: absolute; clip: rect(1px, 1px, 1px, 1px);\" title=\"&#8220;VENT&#8217;ANNI FA&#8230; LISTOLADE, APPUNTI DI STORIA&#8221; &#8212; Radio Pi\u00f9\" src=\"https:\/\/www.radiopiu.net\/wordpress\/mensileagosaaa\/embed\/#?secret=B2b1r3DjIp\" data-secret=\"B2b1r3DjIp\" width=\"600\" height=\"338\" frameborder=\"0\" marginwidth=\"0\" marginheight=\"0\" scrolling=\"no\"><\/iframe><\/p>\n<p>&nbsp;<\/p>\n<hr \/>\n<p>&nbsp;<\/p>\n<p><span style=\"color: #0000ff;\">MUSICA PIU&#8217;\u00a0<\/span><\/p>\n<p><a href=\"https:\/\/www.radiopiu.net\/wordpress\/giornale-radiopiu-20-settembre-2021-direttore-mirko-mezzacasa\/pp-79\/\" rel=\"attachment wp-att-232921\"><img loading=\"lazy\" decoding=\"async\" class=\"wp-image-232921 alignleft\" src=\"https:\/\/www.radiopiu.net\/wordpress\/wp-content\/uploads\/2021\/09\/pp-1-300x300.jpg\" alt=\"\" width=\"135\" height=\"135\" srcset=\"https:\/\/www.radiopiu.net\/wordpress\/wp-content\/uploads\/2021\/09\/pp-1-300x300.jpg 300w, https:\/\/www.radiopiu.net\/wordpress\/wp-content\/uploads\/2021\/09\/pp-1-150x150.jpg 150w, https:\/\/www.radiopiu.net\/wordpress\/wp-content\/uploads\/2021\/09\/pp-1.jpg 640w\" sizes=\"auto, (max-width: 135px) 100vw, 135px\" \/><\/a><\/p>\n<div class=\"mkdf-post-text\">\n<div class=\"mkdf-post-text-inner\">\n<div class=\"mkdf-post-text-main\">\n<div class=\"mkdf-post-text\">\n<div class=\"mkdf-post-text-inner\">\n<div class=\"mkdf-post-text-main\">\n<div class=\"mkdf-post-text\">\n<div class=\"mkdf-post-text-inner\">\n<div class=\"mkdf-post-text-main\">\n<div class=\"page-title-head hgroup\">\n<div class=\"page-title-head hgroup\">\n<div class=\"mkdf-post-text\">\n<div class=\"mkdf-post-text-inner\">\n<div class=\"mkdf-post-text-main\">\n<div class=\"mkdf-post-text\">\n<div class=\"mkdf-post-text-inner\">\n<div class=\"mkdf-post-text-main\">\n<div class=\"page-title-head hgroup\">\n<div class=\"page-title-head hgroup\">\n<div class=\"page-title-head hgroup\">\n<div class=\"page-title-head hgroup\">\n<div class=\"b654a4as d2edcug0\">\n<div class=\"page-title-head hgroup\">\n<div class=\"page-title-head hgroup\">\n<div class=\"page-title-head hgroup\">\n<div class=\"page-title-head hgroup\">\n<div class=\"b654a4as d2edcug0\">\n<div class=\"page-title-head hgroup\">\n<div class=\"page-title-head hgroup\">\n<div class=\"page-title-head hgroup\">\n<div class=\"page-title-head hgroup\">\n<div class=\"b654a4as d2edcug0\">\n<div class=\"mkdf-post-text\">\n<div class=\"mkdf-post-text-inner\">\n<div class=\"mkdf-post-text-main\">\n<div class=\"mkdf-post-text\">\n<div class=\"mkdf-post-text-inner\">\n<div class=\"mkdf-post-text-main\">\n<div class=\"mkdf-post-text\">\n<div class=\"mkdf-post-text-inner\">\n<div class=\"mkdf-post-text-main\">\n<div class=\"page-title-head hgroup\">\n<div class=\"page-title-head hgroup\">\n<div class=\"mkdf-post-text\">\n<div class=\"mkdf-post-text-inner\">\n<div class=\"mkdf-post-text-main\">\n<div class=\"mkdf-post-text\">\n<div class=\"mkdf-post-text-inner\">\n<div class=\"mkdf-post-text-main\">\n<div class=\"page-title-head hgroup\">\n<div class=\"page-title-head hgroup\">\n<div class=\"page-title-head hgroup\">\n<div class=\"page-title-head hgroup\">\n<div class=\"b654a4as d2edcug0\">\n<div class=\"page-title-head hgroup\">\n<div class=\"page-title-head hgroup\">\n<div class=\"page-title-head hgroup\">\n<div class=\"page-title-head hgroup\">\n<div class=\"b654a4as d2edcug0\">\n<div class=\"page-title-head hgroup\">\n<div class=\"page-title-head hgroup\">\n<div class=\"page-title-head hgroup\">\n<div class=\"page-title-head hgroup\">\n<div class=\"b654a4as d2edcug0\">\n<div><\/div>\n<div><\/div>\n<div>\n<p><strong>MUSICA ALLA RADIO, IL PROGRAMMA DI LORIS SCUSSEL &#8220;COLLAGE OPERAZIONE NOSTALGIA&#8221; DAL LUNEDI AL VENERDI ALLE 16.00\u00a0 E ALLE 23\u00a0<\/strong><\/p>\n<\/div>\n<p>&nbsp;<\/p>\n<p><strong>PUNTATA 556 DEL 07 MARZO 2022<\/strong><\/p>\n<audio class=\"wp-audio-shortcode\" id=\"audio-263323-18\" preload=\"none\" style=\"width: 100%;\" controls=\"controls\"><source type=\"audio\/mpeg\" src=\"https:\/\/www.radiopiu.net\/wordpress\/wp-content\/uploads\/2022\/03\/Collage-556.mp3?_=18\" \/><a href=\"https:\/\/www.radiopiu.net\/wordpress\/wp-content\/uploads\/2022\/03\/Collage-556.mp3\">https:\/\/www.radiopiu.net\/wordpress\/wp-content\/uploads\/2022\/03\/Collage-556.mp3<\/a><\/audio>\n<p>&nbsp;<\/p>\n<p><strong><a class=\"dt-pswp-item\" href=\"https:\/\/www.radiopiu.net\/wordpress\/wp-content\/uploads\/2022\/03\/Aqualung.jpg\" data-dt-img-description=\"\" data-large_image_width=\"311\" data-large_image_height=\"162\"><img loading=\"lazy\" decoding=\"async\" class=\" wp-image-263219 alignleft\" src=\"https:\/\/www.radiopiu.net\/wordpress\/wp-content\/uploads\/2022\/03\/Aqualung-300x156.jpg\" alt=\"\" width=\"275\" height=\"143\" srcset=\"https:\/\/www.radiopiu.net\/wordpress\/wp-content\/uploads\/2022\/03\/Aqualung-300x156.jpg 300w, https:\/\/www.radiopiu.net\/wordpress\/wp-content\/uploads\/2022\/03\/Aqualung.jpg 311w\" sizes=\"auto, (max-width: 275px) 100vw, 275px\" \/><\/a>di Loris Scussel<\/strong><\/p>\n<p>La nuova settimana di \u201cCollage operazione nostalgia\u201d si aprir\u00e0 all\u2019insegna della musica internazionale poi marted\u00ec sar\u00e0 la volta dei complessi anni 60\/70, mercoled\u00ec rock prog inglese di alto livello, gioved\u00ec canzoni leggere per sorridere un po\u2019 in un periodo in cui\u00a0 se ne sente particolarmente il bisogno, venerd\u00ec infine spazio ai cantautori di casa nostra. Il programma andr\u00e0 in onda dal luned\u00ec al venerd\u00ec alle 16,00 e alle 23,00.<\/p>\n<p>&nbsp;<\/p>\n<p>&nbsp;<\/p>\n<hr \/>\n<\/div>\n<\/div>\n<\/div>\n<\/div>\n<\/div>\n<\/div>\n<\/div>\n<\/div>\n<\/div>\n<\/div>\n<\/div>\n<\/div>\n<\/div>\n<\/div>\n<\/div>\n<\/div>\n<\/div>\n<\/div>\n<\/div>\n<\/div>\n<\/div>\n<\/div>\n<\/div>\n<\/div>\n<\/div>\n<\/div>\n<\/div>\n<\/div>\n<\/div>\n<\/div>\n<\/div>\n<\/div>\n<\/div>\n<\/div>\n<\/div>\n<\/div>\n<\/div>\n<\/div>\n<\/div>\n<\/div>\n<\/div>\n<\/div>\n<\/div>\n<\/div>\n<\/div>\n<\/div>\n<\/div>\n<\/div>\n<\/div>\n<\/div>\n<\/div>\n<\/div>\n<\/div>\n<\/div>\n<\/div>\n<\/div>\n<\/div>\n<\/div>\n<\/div>\n<\/div>\n<\/div>\n<\/div>\n<\/div>\n<\/div>\n<p>&nbsp;<\/p>\n<p>&nbsp;<\/p>\n<p>&nbsp;<\/p>\n<blockquote class=\"wp-embedded-content\" data-secret=\"TKt1q4WNiJ\"><p><a href=\"https:\/\/www.radiopiu.net\/wordpress\/frmx18\/\">FREEMIX, LA LIBERTA&#8217; MUSICALE MIXATA DA DJ ATHOS E RACCONTATA DA DJ JACK<\/a><\/p><\/blockquote>\n<p><iframe loading=\"lazy\" class=\"wp-embedded-content\" sandbox=\"allow-scripts\" security=\"restricted\" style=\"position: absolute; clip: rect(1px, 1px, 1px, 1px);\" title=\"&#8220;FREEMIX, LA LIBERTA&#8217; MUSICALE MIXATA DA DJ ATHOS E RACCONTATA DA DJ JACK&#8221; &#8212; Radio Pi\u00f9\" src=\"https:\/\/www.radiopiu.net\/wordpress\/frmx18\/embed\/#?secret=TKt1q4WNiJ\" data-secret=\"TKt1q4WNiJ\" width=\"600\" height=\"338\" frameborder=\"0\" marginwidth=\"0\" marginheight=\"0\" scrolling=\"no\"><\/iframe><\/p>\n<p>&nbsp;<\/p>\n<p>&nbsp;<\/p>\n<blockquote class=\"wp-embedded-content\" data-secret=\"EdR6dvlhDd\"><p><a href=\"https:\/\/www.radiopiu.net\/wordpress\/da-ieri-alla-radio-in-palinsesto-loris-e-maurizio-con-la-grande-musica\/\">IL BLUES ALLA RADIO &#8230; COME NON L&#8217;AVETE MAI SENTITO PRIMA<\/a><\/p><\/blockquote>\n<p><iframe loading=\"lazy\" class=\"wp-embedded-content\" sandbox=\"allow-scripts\" security=\"restricted\" style=\"position: absolute; clip: rect(1px, 1px, 1px, 1px);\" title=\"&#8220;IL BLUES ALLA RADIO &#8230; COME NON L&#8217;AVETE MAI SENTITO PRIMA&#8221; &#8212; Radio Pi\u00f9\" src=\"https:\/\/www.radiopiu.net\/wordpress\/da-ieri-alla-radio-in-palinsesto-loris-e-maurizio-con-la-grande-musica\/embed\/#?secret=EdR6dvlhDd\" data-secret=\"EdR6dvlhDd\" width=\"600\" height=\"338\" frameborder=\"0\" marginwidth=\"0\" marginheight=\"0\" scrolling=\"no\"><\/iframe><\/p>\n<p>&nbsp;<\/p>\n<hr \/>\n<p>&nbsp;<\/p>\n<blockquote>\n<h3><span style=\"color: #0000ff;\">INFORMAZIONE il canale su TELEGRAM informazione di prima mano e in tempo reale. iscriviti ed aiutaci a farlo conoscere\u00a0\u00a0<\/span><\/h3>\n<\/blockquote>\n<div>\n<div class=\"page-title-head hgroup\">\n<div class=\"page-title-head hgroup\">\n<div class=\"page-title-head hgroup\">\n<div class=\"page-title-head hgroup\">\n<div class=\"b654a4as d2edcug0\">\n<div class=\"page-title-head hgroup\">\n<div class=\"page-title-head hgroup\">\n<div class=\"page-title-head hgroup\">\n<div class=\"page-title-head hgroup\">\n<div class=\"b654a4as d2edcug0\">\n<div class=\"page-title-head hgroup\">\n<div class=\"page-title-head hgroup\">\n<div class=\"page-title-head hgroup\">\n<div class=\"page-title-head hgroup\">\n<div class=\"page-title-head hgroup\">\n<div class=\"page-title-head hgroup\">\n<div class=\"page-title-head hgroup\">\n<div class=\"page-title-head hgroup\">\n<div class=\"page-title-head hgroup\">\n<div class=\"b654a4as d2edcug0\">\n<div class=\"page-title-head hgroup\">\n<div class=\"page-title-head hgroup\">\n<div class=\"page-title-head hgroup\">\n<div class=\"page-title-head hgroup\">\n<div class=\"b654a4as d2edcug0\">\n<div>\n<p>&nbsp;<\/p>\n<\/div>\n<div>\n<div class=\"page-title-head hgroup\">\n<div class=\"page-title-head hgroup\">\n<div class=\"page-title-head hgroup\">\n<div class=\"page-title-head hgroup\">\n<div class=\"page-title-head hgroup\">\n<div class=\"b654a4as d2edcug0\">\n<div>\n<hr \/>\n<\/div>\n<\/div>\n<div>\n<div>\n<p>&nbsp;<\/p>\n<\/div>\n<div>\n<div>\n<p>&nbsp;<\/p>\n<\/div>\n<div>\n<div>\n<p><strong>DUE MINUTI UN LIBRO, TUTTI I GIORNI ALLA RADIO ALLE 9.40 E ALLE 17.50\u00a0<\/strong><\/p>\n<div>\n<div>\n<p><strong>LA RACCOLTA COMPLETA\u00a0\u00a0<\/strong><\/p>\n<\/div>\n<div>\n<blockquote class=\"wp-embedded-content\" data-secret=\"Zv8jr7MClD\"><p><a href=\"https:\/\/www.radiopiu.net\/wordpress\/due-minuti-un-libro\/\">Due minuti un libro<\/a><\/p><\/blockquote>\n<p><iframe loading=\"lazy\" class=\"wp-embedded-content\" sandbox=\"allow-scripts\" security=\"restricted\" style=\"position: absolute; clip: rect(1px, 1px, 1px, 1px);\" title=\"&#8220;Due minuti un libro&#8221; &#8212; Radio Pi\u00f9\" src=\"https:\/\/www.radiopiu.net\/wordpress\/due-minuti-un-libro\/embed\/#?secret=Zv8jr7MClD\" data-secret=\"Zv8jr7MClD\" width=\"600\" height=\"338\" frameborder=\"0\" marginwidth=\"0\" marginheight=\"0\" scrolling=\"no\"><\/iframe><\/p>\n<\/div>\n<\/div>\n<\/div>\n<div class=\"mkdf-post-text\">\n<div class=\"mkdf-post-text-inner\">\n<div class=\"mkdf-post-text-main\">\n<div class=\"mkdf-post-text\">\n<div class=\"mkdf-post-text-inner\">\n<div class=\"mkdf-post-text-main\">\n<div class=\"mkdf-post-text\">\n<div class=\"mkdf-post-text-inner\">\n<div class=\"mkdf-post-text-main\">\n<div class=\"page-title-head hgroup\">\n<div class=\"page-title-head hgroup\">\n<div class=\"mkdf-post-text\">\n<div class=\"mkdf-post-text-inner\">\n<div class=\"mkdf-post-text-main\">\n<div class=\"mkdf-post-text\">\n<div class=\"mkdf-post-text-inner\">\n<div class=\"mkdf-post-text-main\">\n<div class=\"page-title-head hgroup\">\n<div class=\"page-title-head hgroup\">\n<div class=\"page-title-head hgroup\">\n<div class=\"page-title-head hgroup\">\n<div class=\"b654a4as d2edcug0\">\n<div class=\"page-title-head hgroup\">\n<div class=\"page-title-head hgroup\">\n<div class=\"page-title-head hgroup\">\n<div class=\"page-title-head hgroup\">\n<div class=\"b654a4as d2edcug0\">\n<div class=\"page-title-head hgroup\">\n<div class=\"page-title-head hgroup\">\n<div class=\"page-title-head hgroup\">\n<div class=\"page-title-head hgroup\">\n<div class=\"b654a4as d2edcug0\">\n<div>\n<p>&nbsp;<\/p>\n<\/div>\n<div>\n<hr \/>\n<p>&nbsp;<\/p>\n<\/div>\n<h2><span style=\"color: #808000;\">L&#8217;ALMANACCO LADINO\u00a0\u00a0<\/span><\/h2>\n<p><strong>LA RACCOLTA<\/strong><\/p>\n<blockquote class=\"wp-embedded-content\" data-secret=\"cT1rl464r4\"><p><a href=\"https:\/\/www.radiopiu.net\/wordpress\/almanacco-ladino\/\">Almanacco Ladino<\/a><\/p><\/blockquote>\n<p><iframe loading=\"lazy\" class=\"wp-embedded-content\" sandbox=\"allow-scripts\" security=\"restricted\" style=\"position: absolute; clip: rect(1px, 1px, 1px, 1px);\" title=\"&#8220;Almanacco Ladino&#8221; &#8212; Radio Pi\u00f9\" src=\"https:\/\/www.radiopiu.net\/wordpress\/almanacco-ladino\/embed\/#?secret=cT1rl464r4\" data-secret=\"cT1rl464r4\" width=\"600\" height=\"338\" frameborder=\"0\" marginwidth=\"0\" marginheight=\"0\" scrolling=\"no\"><\/iframe><\/p>\n<p>&nbsp;<\/p>\n<hr \/>\n<p>&nbsp;<\/p>\n<h2><span style=\"color: #33cccc;\">LA RASSEGNA STAMPA DA L&#8217;AMICO DEL POPOLO<\/span><\/h2>\n<p><strong><a class=\"dt-pswp-item\" href=\"https:\/\/www.radiopiu.net\/wordpress\/wp-content\/uploads\/2022\/03\/ISP_emergenza-ucraina_1.jpg\" data-dt-img-description=\"\" data-large_image_width=\"720\" data-large_image_height=\"479\"><img loading=\"lazy\" decoding=\"async\" class=\" wp-image-263165 alignleft\" src=\"https:\/\/www.radiopiu.net\/wordpress\/wp-content\/uploads\/2022\/03\/ISP_emergenza-ucraina_1-300x200.jpg\" alt=\"\" width=\"180\" height=\"120\" srcset=\"https:\/\/www.radiopiu.net\/wordpress\/wp-content\/uploads\/2022\/03\/ISP_emergenza-ucraina_1-300x200.jpg 300w, https:\/\/www.radiopiu.net\/wordpress\/wp-content\/uploads\/2022\/03\/ISP_emergenza-ucraina_1.jpg 720w\" sizes=\"auto, (max-width: 180px) 100vw, 180px\" \/><\/a>di Gianni Santomaso<\/strong><\/p>\n<p>OSPITE: Inna Maslovska<\/p>\n<audio class=\"wp-audio-shortcode\" id=\"audio-263323-19\" preload=\"none\" style=\"width: 100%;\" controls=\"controls\"><source type=\"audio\/mpeg\" src=\"https:\/\/www.radiopiu.net\/wordpress\/wp-content\/uploads\/2022\/03\/RASSEGNA-GIANNI.mp3?_=19\" \/><a href=\"https:\/\/www.radiopiu.net\/wordpress\/wp-content\/uploads\/2022\/03\/RASSEGNA-GIANNI.mp3\">https:\/\/www.radiopiu.net\/wordpress\/wp-content\/uploads\/2022\/03\/RASSEGNA-GIANNI.mp3<\/a><\/audio>\n<p>&nbsp;<\/p>\n<p><strong>LA RACCOLTA COMPLETA<\/strong><\/p>\n<blockquote class=\"wp-embedded-content\" data-secret=\"qgdshtb426\"><p><a href=\"https:\/\/www.radiopiu.net\/wordpress\/rassegna-stampa-di-gianni-santomaso\/\">Rassegna stampa da l&#8217;amico del popolo &#8211; di Gianni Santomaso<\/a><\/p><\/blockquote>\n<p><iframe loading=\"lazy\" class=\"wp-embedded-content\" sandbox=\"allow-scripts\" security=\"restricted\" style=\"position: absolute; clip: rect(1px, 1px, 1px, 1px);\" title=\"&#8220;Rassegna stampa da l&#8217;amico del popolo &#8211; di Gianni Santomaso&#8221; &#8212; Radio Pi\u00f9\" src=\"https:\/\/www.radiopiu.net\/wordpress\/rassegna-stampa-di-gianni-santomaso\/embed\/#?secret=qgdshtb426\" data-secret=\"qgdshtb426\" width=\"600\" height=\"338\" frameborder=\"0\" marginwidth=\"0\" marginheight=\"0\" scrolling=\"no\"><\/iframe><\/p>\n<p>&nbsp;<\/p>\n<hr \/>\n<p>&nbsp;<\/p>\n<div>\n<div class=\"page-title-head hgroup\">\n<div class=\"page-title-head hgroup\">\n<div class=\"b654a4as d2edcug0\">\n<div class=\"j83agx80 btwxx1t3 lhclo0ds hop8lmos nkwizq5d scwd0bx6 roh60bw9\">\n<div class=\"rq0escxv hkbzh7o3 jwdofwj8 n8tt0mok r8blr3vg hyh9befq\">\n<div class=\"do00u71z l9j0dhe7 k4urcfbm\">\n<div class=\"ecm0bbzt e5nlhep0 a8c37x1j\">\n<div class=\"kvgmc6g5 cxmmr5t8 oygrvhab hcukyx3x c1et5uql\">\n<div class=\"gmail-kvgmc6g5 gmail-cxmmr5t8 gmail-oygrvhab gmail-hcukyx3x gmail-c1et5uql gmail-ii04i59q\">\n<div class=\"page-title-head hgroup\">\n<div class=\"page-title-head hgroup\">\n<div class=\"b654a4as d2edcug0\">\n<div class=\"j83agx80 btwxx1t3 lhclo0ds hop8lmos nkwizq5d scwd0bx6 roh60bw9\">\n<div class=\"rq0escxv hkbzh7o3 jwdofwj8 n8tt0mok r8blr3vg hyh9befq\">\n<div class=\"do00u71z l9j0dhe7 k4urcfbm\">\n<div>\n<div class=\"page-title-head hgroup\">\n<div class=\"page-title-head hgroup\">\n<div class=\"page-title-head hgroup\">\n<div class=\"page-title-head hgroup\">\n<div class=\"b654a4as d2edcug0\">\n<div class=\"page-title-head hgroup\">\n<div class=\"page-title-head hgroup\">\n<div class=\"page-title-head hgroup\">\n<div class=\"page-title-head hgroup\">\n<div class=\"b654a4as d2edcug0\">\n<div class=\"page-title-head hgroup\">\n<div class=\"page-title-head hgroup\">\n<div class=\"page-title-head hgroup\">\n<div class=\"page-title-head hgroup\">\n<div class=\"page-title-head hgroup\">\n<div class=\"page-title-head hgroup\">\n<div class=\"page-title-head hgroup\">\n<div class=\"page-title-head hgroup\">\n<div class=\"page-title-head hgroup\">\n<div class=\"b654a4as d2edcug0\">\n<div class=\"page-title-head hgroup\">\n<div class=\"page-title-head hgroup\">\n<div class=\"page-title-head hgroup\">\n<div class=\"page-title-head hgroup\">\n<div class=\"b654a4as d2edcug0\">\n<div>\n<div class=\"page-title-head hgroup\">\n<div class=\"page-title-head hgroup\">\n<div class=\"page-title-head hgroup\">\n<div class=\"page-title-head hgroup\">\n<div class=\"page-title-head hgroup\">\n<div>\n<div>\n<div>\n<div class=\"mkdf-post-text\">\n<div class=\"mkdf-post-text-inner\">\n<div class=\"mkdf-post-text-main\">\n<div class=\"mkdf-post-text\">\n<div class=\"mkdf-post-text-inner\">\n<div class=\"mkdf-post-text-main\">\n<div class=\"mkdf-post-text\">\n<div class=\"mkdf-post-text-inner\">\n<div class=\"mkdf-post-text-main\">\n<div class=\"page-title-head hgroup\">\n<div class=\"page-title-head hgroup\">\n<div class=\"mkdf-post-text\">\n<div class=\"mkdf-post-text-inner\">\n<div class=\"mkdf-post-text-main\">\n<div class=\"mkdf-post-text\">\n<div class=\"mkdf-post-text-inner\">\n<div class=\"mkdf-post-text-main\">\n<div class=\"page-title-head hgroup\">\n<div class=\"page-title-head hgroup\">\n<div class=\"page-title-head hgroup\">\n<div class=\"page-title-head hgroup\">\n<div class=\"b654a4as d2edcug0\">\n<div class=\"page-title-head hgroup\">\n<div class=\"page-title-head hgroup\">\n<div class=\"page-title-head hgroup\">\n<div class=\"page-title-head hgroup\">\n<div class=\"b654a4as d2edcug0\">\n<div class=\"page-title-head hgroup\">\n<div class=\"page-title-head hgroup\">\n<div class=\"page-title-head hgroup\">\n<div class=\"page-title-head hgroup\">\n<div class=\"b654a4as d2edcug0\">\n<h2><span style=\"color: #800080;\">I RACCONTI DI PAOLO SOPPELSA\u00a0<\/span><\/h2>\n<p><strong>LA FINALE<\/strong><\/p>\n<p><em><strong>AUDIO<\/strong><\/em><\/p>\n<audio class=\"wp-audio-shortcode\" id=\"audio-263323-20\" preload=\"none\" style=\"width: 100%;\" controls=\"controls\"><source type=\"audio\/mpeg\" src=\"https:\/\/www.radiopiu.net\/wordpress\/wp-content\/uploads\/2022\/03\/PAOLO-SOPPELSA-LA-FINALE.mp3?_=20\" \/><a href=\"https:\/\/www.radiopiu.net\/wordpress\/wp-content\/uploads\/2022\/03\/PAOLO-SOPPELSA-LA-FINALE.mp3\">https:\/\/www.radiopiu.net\/wordpress\/wp-content\/uploads\/2022\/03\/PAOLO-SOPPELSA-LA-FINALE.mp3<\/a><\/audio>\n<p>&nbsp;<\/p>\n<p><a class=\"dt-pswp-item\" href=\"https:\/\/www.radiopiu.net\/wordpress\/wp-content\/uploads\/2022\/03\/ALLEGHE-MILANO-2002.jpg\" data-dt-img-description=\"\" data-large_image_width=\"1440\" data-large_image_height=\"960\"><img loading=\"lazy\" decoding=\"async\" class=\"size-medium wp-image-263246 alignleft\" src=\"https:\/\/www.radiopiu.net\/wordpress\/wp-content\/uploads\/2022\/03\/ALLEGHE-MILANO-2002-300x200.jpg\" alt=\"\" width=\"300\" height=\"200\" srcset=\"https:\/\/www.radiopiu.net\/wordpress\/wp-content\/uploads\/2022\/03\/ALLEGHE-MILANO-2002-300x200.jpg 300w, https:\/\/www.radiopiu.net\/wordpress\/wp-content\/uploads\/2022\/03\/ALLEGHE-MILANO-2002-1024x683.jpg 1024w, https:\/\/www.radiopiu.net\/wordpress\/wp-content\/uploads\/2022\/03\/ALLEGHE-MILANO-2002-768x512.jpg 768w, https:\/\/www.radiopiu.net\/wordpress\/wp-content\/uploads\/2022\/03\/ALLEGHE-MILANO-2002.jpg 1440w\" sizes=\"auto, (max-width: 300px) 100vw, 300px\" \/><\/a>Esattamente vent&#8217;anni fa l&#8217;Alleghe Hockey in finale di campionato; che storia potente! La mia prima finale vissuta &#8220;dal vivo&#8221;, &#8216;che quella storica del 1985, persa allo spareggio contro il Bolzano, avevo sette anni ed ho solamente ricordi orali dal sapore di quasi leggenda. Ero adolescente, invece, al tempo della mitica vittoria in Alpenliga, ma Villach era lontana e per fortuna c&#8217;era la RadioPi\u00f9 a portarmi l&#8217;emozione in casa; e quest&#8217;anno a dicembre saranno trent&#8217;anni da quel trionfo che \u00e8 storia. Stavolta per fortuna era tutto diverso; c&#8217;ero dentro in pieno in quella emozione iniziata alla fine di settembre e cresciuta partita dopo partita. Verso Natale, commentando le partite al ritorno da Alleghe, in macchina si iniziava timidamente a pensare che &#8220;chesto podarie ese l&#8217;an bon par vinze sto benedeto campionato&#8221;. Erano vittorie in casa e fuori casa, pure al Palaonda di Bolzano e in terra lombarda in quel di Milano; e quando arrivava qualche battuta d&#8217;arresto non erano mai brutte sconfitte. L&#8217;inverno avanzava, le Civette volavano sempre in alta classifica e maturava la consapevolezza che &#8220;s\u00ec, stavolta si poteva fare, si poteva pensare di esaudire quel grande sogno chiamato scudetto&#8221;. Termin\u00f2 la stagione dei silenzi ed arriv\u00f2 una bella e tiepida primavera, si sciolse il ghiaccio sul lago ma non quello del De Toni; era giunto il tempo delle partite da &#8220;dentro o fuori&#8221;, quelle delle cariche dure e delle barbe sempre pi\u00f9 lunghe dei giocatori. Dopo la met\u00e0 del mese fu mitologica semifinale contro l&#8217;avversario di sempre; gli altri biancorossi del Bolzano si presentarono agguerriti e duri pi\u00f9 che mai, e furono cinque partite da infarto, con la serie culminata con la disputa della &#8220;partita perfetta&#8221; da parte degli agordini; tre a zero e Bolzano abbattuto. Una sera indimenticabile, una emozione violenta, una botta di adrenalina ad ogni azione. Lo stadio colmo di tifosi, gli occhi lucidi di tanti ed il mio scassarmi le corde vocali gridando quel &#8220;\u00e8 finale&#8221; a filo di sirena. Non ci fu nemmeno il tempo di metabolizzare quella storica vittoria; due giorni appena e mi trovai proiettato in una dimensione nuova. Ora la finale non era pi\u00f9 un sogno, un tab\u00f9, una parola da non pronunciare per scaramanzia; era realt\u00e0 quella prima partita che si sarebbe giocata al De Toni la sera dell&#8217;ultimo gioved\u00ec di marzo. Era tutto strano in quei giorni; assistere ad un hockey &#8220;di primavera&#8221;, arrivare &#8220;n&#8217; Zunaia&#8221; mentre il sole iniziava a tramontare invece che al buio. E poi il non dover imbacuccarsi come un palombaro, che ormai anche dentro allo stadio si percepiva un tepore nuovo. C&#8217;era entusiasmo nell&#8217;aria e le pagine dello sport dei quotidiani locali erano tutte dedicate ai biancorossi. C&#8217;erano i biglietti in prevendita e la 203, che nelle sere di marzo potresti quasi dormirci in mezzo ai rettilinei di Candaten, che tanto non passa nessuno e invece alle diciotto di quel gioved\u00ec di fine marzo c&#8217;era il caos di traffico come a Ferragosto. Io e pap\u00e0 fummo fra i primi ad arrivare ad Alleghe; la primavera si sentiva pure in riva al lago e la tensione nell&#8217;aria era palpabile. Ma era una tensione diversa dal solito; ora, in caso di vittoria nella serie, non era pi\u00f9 &#8220;chiss\u00e0 chi becchiamo in semifinale&#8221;; stavolta vincere avrebbe significato cucire sulle maglie quel Tricolore che mancava, e questa prospettiva incuteva perfino un certo timore. Fuori dello stadio i giocatori del Milano facevano pre-riscaldamento palleggiando fra loro con un pallone da calcio. Li guardavo mentre aspettavo che aprissero il cancello, e sembravano rilassati, probabilmente abituati alle partite di questa importanza. Io, invece, rilassato non lo ero per niente; fremevo per prendere posto prima possibile sul penultimo grandone della tribuna grande. All&#8217;ingresso il cospicuo numero di agenti di Polizia e Carabinieri in tenuta anti-sommossa faceva capire, se ancora ce ne fosse stato bisogno, l&#8217;importanza dell&#8217;evento. Poco dopo le sette lo stadio era gi\u00e0 sold-out, con il Nucleo Disagiato all&#8217;opera per allestire la coreografia delle grandissime occasioni. Mentre osservavo i primi movimenti nei pressi delle panchine percepivo una atmosfera nuova, quasi seria; c&#8217;era un sapore di ignoto, una sorta di spaesamento, un ritrovarsi dentro ad un qualcosa di sconosciuto. Un sentire di avere a pochi passi un sogno che ora si sarebbe potuto davvero toccare con mano. Poi quel sogno lungamente sognato improvvisamente divent\u00f2 tempo presente; ed il cuore prese a battere al tempo dei dischi scagliati a raffica sui gambali dei portieri durante il riscaldamento. Le facce tese e grintose dei giocatori agordini, il pattinaggio solido dei giocatori meneghini; la musica durante la pulizia del ghiaccio e poi le luci che si abbassano. L&#8217;entrata in campo delle squadre, la voce emozionata dello speaker di campo che scandisce nome e numero dei giocatori. E poi l&#8217;inizio; il primo ingaggio, i cori potenti della tifoseria del Milano che incutono soggezione. \u00c8 tifo da stadio di calcio, lo si sente quel timbro in stile San Siro dei tamburi; sono abituati loro ai grandi stadi, noi, invece, per qualche attimo sembriamo spaesati. Poi il Nucleo intona quel &#8220;forza Alleghe&#8221; e tutti ci aggreghiamo; ora anche noi ci facciamo rispettare, tiriamo fuori l&#8217;orgoglio agordino ed il &#8220;forza Alleghe&#8221; che ne esce mette davvero i brividi. In campo il gioco \u00e8 duro il giusto ma corretto e le squadre giocano a viso aperto. Scorrono i minuti sul punteggio di uno a uno; \u00e8 equilibrio perfetto sul ghiaccio e tifo infuocato sugli spalti. Sono incontri, questi, in cui basta un singolo episodio per deciderne la sorte. \u00c8 una stecca agordina che incredibilmente si incastra in balaustra sotto ad un cartellone pubblicitario, \u00e8 la breve inferiorit\u00e0 numerica indotta da questo episodio a creare l&#8217;occasione per il vantaggio dei milanesi. E i lombardi non si lasciano sfuggire l&#8217;occasione ed \u00e8 due a uno che non si schioder\u00e0 pi\u00f9 fino al suono dell&#8217;ultima sirena. Poi la serie di partite continua, ma le Civette sono stanche, fiaccate dalla lotta durissima combattuta contro il Bolzano. A Milano \u00e8 ancora sconfitta, gara 3 ad Alleghe \u00e8 quasi ultima spiaggia. \u00c8 ancora stadio stracolmo, \u00e8 pubblico che spinge i biancorossi, sono i giocatori agordini che danno il 140 % sul ghiaccio. Ormai sono solo energie nervose che pian piano calano fino a quel tiro milanese dalla blu che va ad infilarsi nel sette; 4 a 3 e sogno finito. Gara 4 a Milano \u00e8 occasione perfetta che i meneghini non si lasciano sfuggire; e per loro \u00e8 festa scudetto in casa. Svan\u00ec cos\u00ec la grande occasione di portare a casa il Tricolore ed ebbe inizio un periodo di grande hockey in riva al lago. Altre emozioni, gioie e dolori ed un grande rimpianto, cinque anni pi\u00f9 tardi, per quella finale tutta bellunese che per un soffio non si gioc\u00f2. Fu ancora il Milano a spezzare il sogno allo spareggio di semifinale; e lo scudetto, quell&#8217;anno, fin\u00ec dalla parte sbagliata del Falzarego e fu vero dolore che perdur\u00f2 fino all&#8217;estate. Ma questa \u00e8 un&#8217;altra storia da raccontare\u2026forza vecchio cuore biancorosso!!<\/p>\n<p>&nbsp;<\/p>\n<p><strong>LA RACCOLTA COMPLETA<\/strong><\/p>\n<blockquote class=\"wp-embedded-content\" data-secret=\"gvZfeHkywW\"><p><a href=\"https:\/\/www.radiopiu.net\/wordpress\/i-racconti-di-paolo-soppelsa\/\">I racconti di Paolo Soppelsa<\/a><\/p><\/blockquote>\n<p><iframe loading=\"lazy\" class=\"wp-embedded-content\" sandbox=\"allow-scripts\" security=\"restricted\" style=\"position: absolute; clip: rect(1px, 1px, 1px, 1px);\" title=\"&#8220;I racconti di Paolo Soppelsa&#8221; &#8212; Radio Pi\u00f9\" src=\"https:\/\/www.radiopiu.net\/wordpress\/i-racconti-di-paolo-soppelsa\/embed\/#?secret=gvZfeHkywW\" data-secret=\"gvZfeHkywW\" width=\"600\" height=\"338\" frameborder=\"0\" marginwidth=\"0\" marginheight=\"0\" scrolling=\"no\"><\/iframe><\/p>\n<p>&nbsp;<\/p>\n<\/div>\n<\/div>\n<\/div>\n<\/div>\n<\/div>\n<\/div>\n<\/div>\n<\/div>\n<\/div>\n<\/div>\n<\/div>\n<\/div>\n<\/div>\n<\/div>\n<\/div>\n<\/div>\n<\/div>\n<\/div>\n<\/div>\n<\/div>\n<\/div>\n<\/div>\n<\/div>\n<\/div>\n<\/div>\n<\/div>\n<\/div>\n<\/div>\n<\/div>\n<\/div>\n<\/div>\n<\/div>\n<\/div>\n<\/div>\n<\/div>\n<\/div>\n<\/div>\n<\/div>\n<\/div>\n<\/div>\n<\/div>\n<\/div>\n<\/div>\n<\/div>\n<\/div>\n<\/div>\n<\/div>\n<\/div>\n<\/div>\n<\/div>\n<\/div>\n<\/div>\n<\/div>\n<\/div>\n<\/div>\n<\/div>\n<\/div>\n<\/div>\n<\/div>\n<\/div>\n<\/div>\n<\/div>\n<\/div>\n<\/div>\n<\/div>\n<\/div>\n<\/div>\n<div>\n<div class=\"page-title-head hgroup\">\n<div class=\"page-title-head hgroup\">\n<div class=\"page-title-head hgroup\">\n<div class=\"page-title-head hgroup\">\n<div class=\"b654a4as d2edcug0\">\n<div class=\"page-title-head hgroup\">\n<div class=\"page-title-head hgroup\">\n<div class=\"page-title-head hgroup\">\n<div class=\"page-title-head hgroup\">\n<div class=\"b654a4as d2edcug0\">\n<div class=\"page-title-head hgroup\">\n<div class=\"page-title-head hgroup\">\n<div class=\"page-title-head hgroup\">\n<div class=\"page-title-head hgroup\">\n<div class=\"page-title-head hgroup\">\n<div class=\"page-title-head hgroup\">\n<div class=\"page-title-head hgroup\">\n<div class=\"page-title-head hgroup\">\n<div class=\"page-title-head hgroup\">\n<div class=\"b654a4as d2edcug0\">\n<div class=\"page-title-head hgroup\">\n<div class=\"page-title-head hgroup\">\n<div class=\"page-title-head hgroup\">\n<div class=\"page-title-head hgroup\">\n<div class=\"b654a4as d2edcug0\">\n<div>\n<div class=\"page-title-head hgroup\">\n<div class=\"page-title-head hgroup\">\n<div class=\"page-title-head hgroup\">\n<div class=\"page-title-head hgroup\">\n<div class=\"page-title-head hgroup\">\n<div>\n<div>\n<div>\n<div class=\"mkdf-post-text\">\n<div class=\"mkdf-post-text-inner\">\n<div class=\"mkdf-post-text-main\">\n<div class=\"mkdf-post-text\">\n<div class=\"mkdf-post-text-inner\">\n<div class=\"mkdf-post-text-main\">\n<div class=\"mkdf-post-text\">\n<div class=\"mkdf-post-text-inner\">\n<div class=\"mkdf-post-text-main\">\n<div class=\"page-title-head hgroup\">\n<div class=\"page-title-head hgroup\">\n<div class=\"mkdf-post-text\">\n<div class=\"mkdf-post-text-inner\">\n<div class=\"mkdf-post-text-main\">\n<div class=\"mkdf-post-text\">\n<div class=\"mkdf-post-text-inner\">\n<div class=\"mkdf-post-text-main\">\n<div class=\"page-title-head hgroup\">\n<div class=\"page-title-head hgroup\">\n<div class=\"page-title-head hgroup\">\n<div class=\"page-title-head hgroup\">\n<div class=\"b654a4as d2edcug0\">\n<div class=\"page-title-head hgroup\">\n<div class=\"page-title-head hgroup\">\n<div class=\"page-title-head hgroup\">\n<div class=\"page-title-head hgroup\">\n<div class=\"b654a4as d2edcug0\">\n<div class=\"page-title-head hgroup\">\n<div class=\"page-title-head hgroup\">\n<div class=\"page-title-head hgroup\">\n<div class=\"page-title-head hgroup\">\n<div class=\"b654a4as d2edcug0\">\n<hr \/>\n<\/div>\n<div class=\"b654a4as d2edcug0\">\n<p>&nbsp;<\/p>\n<p><a href=\"https:\/\/www.radiopiu.net\/wordpress\/giornale-radiopiu-26-settembre-2018-direttore-mirko-mezzacasa\/viabilita-2\/\" rel=\"attachment wp-att-61954\"><img loading=\"lazy\" decoding=\"async\" class=\"aligncenter wp-image-61954 size-full\" src=\"https:\/\/www.radiopiu.net\/wordpress\/wp-content\/uploads\/2018\/09\/viabilita.jpeg\" sizes=\"auto, (max-width: 800px) 100vw, 800px\" srcset=\"https:\/\/www.radiopiu.net\/wordpress\/wp-content\/uploads\/2018\/09\/viabilita.jpeg 800w, https:\/\/www.radiopiu.net\/wordpress\/wp-content\/uploads\/2018\/09\/viabilita-300x38.jpeg 300w, https:\/\/www.radiopiu.net\/wordpress\/wp-content\/uploads\/2018\/09\/viabilita-768x96.jpeg 768w\" alt=\"\" width=\"800\" height=\"100\" \/><\/a><\/p>\n<\/div>\n<\/div>\n<\/div>\n<\/div>\n<\/div>\n<\/div>\n<\/div>\n<\/div>\n<\/div>\n<\/div>\n<\/div>\n<\/div>\n<\/div>\n<\/div>\n<\/div>\n<\/div>\n<\/div>\n<\/div>\n<\/div>\n<\/div>\n<\/div>\n<\/div>\n<\/div>\n<\/div>\n<\/div>\n<\/div>\n<\/div>\n<\/div>\n<\/div>\n<\/div>\n<\/div>\n<\/div>\n<\/div>\n<\/div>\n<\/div>\n<\/div>\n<\/div>\n<\/div>\n<\/div>\n<\/div>\n<\/div>\n<\/div>\n<\/div>\n<\/div>\n<\/div>\n<\/div>\n<\/div>\n<\/div>\n<\/div>\n<\/div>\n<\/div>\n<\/div>\n<\/div>\n<\/div>\n<\/div>\n<\/div>\n<\/div>\n<\/div>\n<\/div>\n<\/div>\n<\/div>\n<\/div>\n<\/div>\n<\/div>\n<\/div>\n<\/div>\n<\/div>\n<\/div>\n<\/div>\n<\/div>\n<\/div>\n<\/div>\n<\/div>\n<\/div>\n<\/div>\n<\/div>\n<\/div>\n<\/div>\n<\/div>\n<\/div>\n<\/div>\n<\/div>\n<\/div>\n<div>\n<div class=\"page-title-head hgroup\">\n<div class=\"page-title-head hgroup\">\n<div class=\"b654a4as d2edcug0\">\n<div class=\"j83agx80 btwxx1t3 lhclo0ds hop8lmos nkwizq5d scwd0bx6 roh60bw9\">\n<div class=\"rq0escxv hkbzh7o3 jwdofwj8 n8tt0mok r8blr3vg hyh9befq\">\n<div class=\"do00u71z l9j0dhe7 k4urcfbm\">\n<div class=\"ecm0bbzt e5nlhep0 a8c37x1j\">\n<div class=\"kvgmc6g5 cxmmr5t8 oygrvhab hcukyx3x c1et5uql\">\n<div class=\"gmail-kvgmc6g5 gmail-cxmmr5t8 gmail-oygrvhab gmail-hcukyx3x gmail-c1et5uql gmail-ii04i59q\">\n<div class=\"page-title-head hgroup\">\n<div class=\"page-title-head hgroup\">\n<div class=\"b654a4as d2edcug0\">\n<div class=\"j83agx80 btwxx1t3 lhclo0ds hop8lmos nkwizq5d scwd0bx6 roh60bw9\">\n<div class=\"rq0escxv hkbzh7o3 jwdofwj8 n8tt0mok r8blr3vg hyh9befq\">\n<div class=\"do00u71z l9j0dhe7 k4urcfbm\">\n<div class=\"page-title-head hgroup\">\n<div class=\"page-title-head hgroup\">\n<div class=\"page-title-head hgroup\">\n<div class=\"page-title-head hgroup\">\n<div class=\"b654a4as d2edcug0\">\n<div class=\"page-title-head hgroup\">\n<div class=\"page-title-head hgroup\">\n<div class=\"page-title-head hgroup\">\n<div class=\"page-title-head hgroup\">\n<div class=\"b654a4as d2edcug0\">\n<div class=\"page-title-head hgroup\">\n<div class=\"page-title-head hgroup\">\n<div class=\"page-title-head hgroup\">\n<div class=\"page-title-head hgroup\">\n<div class=\"page-title-head hgroup\">\n<div class=\"page-title-head hgroup\">\n<div class=\"page-title-head hgroup\">\n<div class=\"page-title-head hgroup\">\n<div class=\"page-title-head hgroup\">\n<div class=\"b654a4as d2edcug0\">\n<div class=\"page-title-head hgroup\">\n<div class=\"page-title-head hgroup\">\n<div class=\"page-title-head hgroup\">\n<div class=\"page-title-head hgroup\">\n<div class=\"b654a4as d2edcug0\">\n<div class=\"page-title-head hgroup\">\n<div class=\"page-title-head hgroup\">\n<div class=\"page-title-head hgroup\">\n<div class=\"page-title-head hgroup\">\n<div class=\"page-title-head hgroup\">\n<div class=\"mkdf-post-text\">\n<div class=\"mkdf-post-text-inner\">\n<div class=\"mkdf-post-text-main\">\n<div class=\"mkdf-post-text\">\n<div class=\"mkdf-post-text-inner\">\n<div class=\"mkdf-post-text-main\">\n<div class=\"mkdf-post-text\">\n<div class=\"mkdf-post-text-inner\">\n<div class=\"mkdf-post-text-main\">\n<div class=\"page-title-head hgroup\">\n<div class=\"page-title-head hgroup\">\n<div class=\"mkdf-post-text\">\n<div class=\"mkdf-post-text-inner\">\n<div class=\"mkdf-post-text-main\">\n<div class=\"mkdf-post-text\">\n<div class=\"mkdf-post-text-inner\">\n<div class=\"mkdf-post-text-main\">\n<div class=\"page-title-head hgroup\">\n<div class=\"page-title-head hgroup\">\n<div class=\"page-title-head hgroup\">\n<div class=\"page-title-head hgroup\">\n<div class=\"b654a4as d2edcug0\">\n<div class=\"page-title-head hgroup\">\n<div class=\"page-title-head hgroup\">\n<div class=\"page-title-head hgroup\">\n<div class=\"page-title-head hgroup\">\n<div class=\"b654a4as d2edcug0\">\n<div class=\"page-title-head hgroup\">\n<div class=\"page-title-head hgroup\">\n<div class=\"page-title-head hgroup\">\n<div class=\"page-title-head hgroup\">\n<div class=\"b654a4as d2edcug0\">\n<div class=\"ecm0bbzt e5nlhep0 a8c37x1j\">\n<div class=\"kvgmc6g5 cxmmr5t8 oygrvhab hcukyx3x c1et5uql\">\n<div class=\"gmail-kvgmc6g5 gmail-cxmmr5t8 gmail-oygrvhab gmail-hcukyx3x gmail-c1et5uql gmail-ii04i59q\">\n<div class=\"page-title-head hgroup\">\n<div class=\"page-title-head hgroup\">\n<div class=\"b654a4as d2edcug0\">\n<div class=\"j83agx80 btwxx1t3 lhclo0ds hop8lmos nkwizq5d scwd0bx6 roh60bw9\">\n<div class=\"rq0escxv hkbzh7o3 jwdofwj8 n8tt0mok r8blr3vg hyh9befq\">\n<div class=\"do00u71z l9j0dhe7 k4urcfbm\">\n<div class=\"page-title-head hgroup\">\n<div class=\"page-title-head hgroup\">\n<div class=\"page-title-head hgroup\">\n<div class=\"page-title-head hgroup\">\n<div class=\"b654a4as d2edcug0\">\n<div class=\"page-title-head hgroup\">\n<div class=\"page-title-head hgroup\">\n<div class=\"page-title-head hgroup\">\n<div class=\"page-title-head hgroup\">\n<div class=\"b654a4as d2edcug0\">\n<div class=\"page-title-head hgroup\">\n<div class=\"page-title-head hgroup\">\n<div class=\"page-title-head hgroup\">\n<div class=\"page-title-head hgroup\">\n<div class=\"page-title-head hgroup\">\n<div class=\"page-title-head hgroup\">\n<div class=\"page-title-head hgroup\">\n<div class=\"page-title-head hgroup\">\n<div class=\"page-title-head hgroup\">\n<div class=\"b654a4as d2edcug0\">\n<div class=\"page-title-head hgroup\">\n<div class=\"page-title-head hgroup\">\n<div class=\"page-title-head hgroup\">\n<div class=\"page-title-head hgroup\">\n<div class=\"b654a4as d2edcug0\">\n<div class=\"page-title-head hgroup\">\n<div class=\"page-title-head hgroup\">\n<div class=\"page-title-head hgroup\">\n<div class=\"page-title-head hgroup\">\n<div class=\"page-title-head hgroup\">\n<div class=\"mkdf-post-text\">\n<div class=\"mkdf-post-text-inner\">\n<div class=\"mkdf-post-text-main\">\n<div class=\"mkdf-post-text\">\n<div class=\"mkdf-post-text-inner\">\n<div class=\"mkdf-post-text-main\">\n<div class=\"mkdf-post-text\">\n<div class=\"mkdf-post-text-inner\">\n<div class=\"mkdf-post-text-main\">\n<div class=\"page-title-head hgroup\">\n<div class=\"page-title-head hgroup\">\n<div class=\"mkdf-post-text\">\n<div class=\"mkdf-post-text-inner\">\n<div class=\"mkdf-post-text-main\">\n<div class=\"mkdf-post-text\">\n<div class=\"mkdf-post-text-inner\">\n<div class=\"mkdf-post-text-main\">\n<div class=\"page-title-head hgroup\">\n<div class=\"page-title-head hgroup\">\n<div class=\"page-title-head hgroup\">\n<div class=\"page-title-head hgroup\">\n<div class=\"b654a4as d2edcug0\">\n<div class=\"page-title-head hgroup\">\n<div class=\"page-title-head hgroup\">\n<div class=\"page-title-head hgroup\">\n<div class=\"page-title-head hgroup\">\n<div class=\"b654a4as d2edcug0\">\n<div class=\"page-title-head hgroup\">\n<div class=\"page-title-head hgroup\">\n<div class=\"page-title-head hgroup\">\n<div class=\"page-title-head hgroup\">\n<div class=\"b654a4as d2edcug0\">\n<p>&nbsp;<\/p>\n<blockquote>\n<h3>LAVORI ALLA CONDOTTA FOGNARIA DI MASARE&#8217; DI ROCCA PIETORE DAL 7 AL 25 MARZO<\/h3>\n<\/blockquote>\n<p><strong><a class=\"dt-pswp-item\" href=\"https:\/\/www.radiopiu.net\/wordpress\/wp-content\/uploads\/2021\/06\/LAVORI.jpg\" data-dt-img-description=\"\" data-large_image_width=\"188\" data-large_image_height=\"164\"><img loading=\"lazy\" decoding=\"async\" class=\" wp-image-216176 alignleft\" src=\"https:\/\/www.radiopiu.net\/wordpress\/wp-content\/uploads\/2021\/06\/LAVORI.jpg\" alt=\"\" width=\"133\" height=\"116\" \/><\/a>ROCCA PIETORE<\/strong> Il comune di Rocca Pietore ha esposto un&#8217;ordinanza che i riguarda i lavori alla condotta fognaria a Masar\u00e8. Dal 7 al 11 marzo e dal 21 al 25 marzo senso unico alternato regolato ma movieri. Dal 14 al 18 marzo il traffico verr\u00e0 deviato nel parcheggio antistante il civico 20 mentre nella giornata del 17 marzo, dalle 7 alle 24, interdizione totale alla circolazione al fine di consentire l&#8217;esecuzione di lavori sulla condotta fognaria a cura di BIM GSP.<\/p>\n<p>&nbsp;<\/p>\n<p>&nbsp;<\/p>\n<blockquote class=\"wp-embedded-content\" data-secret=\"bh70Xa2lz1\"><p><a href=\"https:\/\/www.radiopiu.net\/wordpress\/viabilita\/\">viabilita<\/a><\/p><\/blockquote>\n<p><iframe loading=\"lazy\" class=\"wp-embedded-content\" sandbox=\"allow-scripts\" security=\"restricted\" style=\"position: absolute; clip: rect(1px, 1px, 1px, 1px);\" title=\"&#8220;viabilita&#8221; &#8212; Radio Pi\u00f9\" src=\"https:\/\/www.radiopiu.net\/wordpress\/viabilita\/embed\/#?secret=bh70Xa2lz1\" data-secret=\"bh70Xa2lz1\" width=\"600\" height=\"338\" frameborder=\"0\" marginwidth=\"0\" marginheight=\"0\" scrolling=\"no\"><\/iframe><\/p>\n<p>&nbsp;<\/p>\n<hr \/>\n<\/div>\n<\/div>\n<\/div>\n<\/div>\n<\/div>\n<\/div>\n<\/div>\n<\/div>\n<\/div>\n<\/div>\n<\/div>\n<\/div>\n<\/div>\n<\/div>\n<\/div>\n<\/div>\n<\/div>\n<\/div>\n<\/div>\n<\/div>\n<\/div>\n<\/div>\n<\/div>\n<\/div>\n<\/div>\n<\/div>\n<\/div>\n<\/div>\n<\/div>\n<\/div>\n<\/div>\n<\/div>\n<\/div>\n<\/div>\n<\/div>\n<\/div>\n<\/div>\n<\/div>\n<\/div>\n<\/div>\n<\/div>\n<\/div>\n<\/div>\n<\/div>\n<\/div>\n<\/div>\n<\/div>\n<\/div>\n<\/div>\n<\/div>\n<\/div>\n<\/div>\n<\/div>\n<\/div>\n<\/div>\n<\/div>\n<\/div>\n<\/div>\n<\/div>\n<\/div>\n<\/div>\n<\/div>\n<\/div>\n<\/div>\n<\/div>\n<\/div>\n<\/div>\n<\/div>\n<\/div>\n<\/div>\n<\/div>\n<\/div>\n<\/div>\n<\/div>\n<\/div>\n<\/div>\n<\/div>\n<\/div>\n<\/div>\n<\/div>\n<\/div>\n<\/div>\n<\/div>\n<\/div>\n<\/div>\n<\/div>\n<\/div>\n<\/div>\n<\/div>\n<\/div>\n<\/div>\n<\/div>\n<\/div>\n<\/div>\n<\/div>\n<\/div>\n<\/div>\n<\/div>\n<\/div>\n<\/div>\n<\/div>\n<\/div>\n<\/div>\n<\/div>\n<\/div>\n<\/div>\n<\/div>\n<\/div>\n<\/div>\n<\/div>\n<\/div>\n<\/div>\n<\/div>\n<\/div>\n<\/div>\n<\/div>\n<\/div>\n<\/div>\n<\/div>\n<\/div>\n<\/div>\n<\/div>\n<\/div>\n<\/div>\n<\/div>\n<\/div>\n<\/div>\n<\/div>\n<\/div>\n<\/div>\n<\/div>\n<\/div>\n<\/div>\n<\/div>\n<\/div>\n<\/div>\n<\/div>\n<\/div>\n<\/div>\n<\/div>\n<\/div>\n<\/div>\n<\/div>\n<\/div>\n<\/div>\n<\/div>\n<\/div>\n<\/div>\n<\/div>\n<p>&nbsp;<\/p>\n<div>\n<div class=\"page-title-head hgroup\">\n<div class=\"page-title-head hgroup\">\n<div class=\"b654a4as d2edcug0\">\n<div class=\"j83agx80 btwxx1t3 lhclo0ds hop8lmos nkwizq5d scwd0bx6 roh60bw9\">\n<div class=\"rq0escxv hkbzh7o3 jwdofwj8 n8tt0mok r8blr3vg hyh9befq\">\n<div class=\"do00u71z l9j0dhe7 k4urcfbm\">\n<div class=\"page-title-head hgroup\">\n<div class=\"page-title-head hgroup\">\n<div class=\"b654a4as d2edcug0\">\n<div class=\"j83agx80 btwxx1t3 lhclo0ds hop8lmos nkwizq5d scwd0bx6 roh60bw9\">\n<div class=\"rq0escxv hkbzh7o3 jwdofwj8 n8tt0mok r8blr3vg hyh9befq\">\n<div class=\"do00u71z l9j0dhe7 k4urcfbm\">\n<div class=\"ecm0bbzt e5nlhep0 a8c37x1j\">\n<div class=\"kvgmc6g5 cxmmr5t8 oygrvhab hcukyx3x c1et5uql\">\n<div class=\"gmail-kvgmc6g5 gmail-cxmmr5t8 gmail-oygrvhab gmail-hcukyx3x gmail-c1et5uql gmail-ii04i59q\">\n<div class=\"page-title-head hgroup\">\n<div class=\"page-title-head hgroup\">\n<div class=\"b654a4as d2edcug0\">\n<div class=\"j83agx80 btwxx1t3 lhclo0ds hop8lmos nkwizq5d scwd0bx6 roh60bw9\">\n<div class=\"rq0escxv hkbzh7o3 jwdofwj8 n8tt0mok r8blr3vg hyh9befq\">\n<div class=\"do00u71z l9j0dhe7 k4urcfbm\">\n<div class=\"page-title-head hgroup\">\n<div class=\"page-title-head hgroup\">\n<div class=\"b654a4as d2edcug0\">\n<div class=\"j83agx80 btwxx1t3 lhclo0ds hop8lmos nkwizq5d scwd0bx6 roh60bw9\">\n<div class=\"rq0escxv hkbzh7o3 jwdofwj8 n8tt0mok r8blr3vg hyh9befq\">\n<div class=\"do00u71z l9j0dhe7 k4urcfbm\">\n<div>\n<div class=\"page-title-head hgroup\">\n<div class=\"page-title-head hgroup\">\n<div class=\"b654a4as d2edcug0\">\n<div class=\"j83agx80 btwxx1t3 lhclo0ds hop8lmos nkwizq5d scwd0bx6 roh60bw9\">\n<div class=\"rq0escxv hkbzh7o3 jwdofwj8 n8tt0mok r8blr3vg hyh9befq\">\n<div class=\"do00u71z l9j0dhe7 k4urcfbm\">\n<div class=\"ecm0bbzt e5nlhep0 a8c37x1j\">\n<div class=\"kvgmc6g5 cxmmr5t8 oygrvhab hcukyx3x c1et5uql\">\n<div class=\"gmail-kvgmc6g5 gmail-cxmmr5t8 gmail-oygrvhab gmail-hcukyx3x gmail-c1et5uql gmail-ii04i59q\">\n<div class=\"page-title-head hgroup\">\n<div class=\"page-title-head hgroup\">\n<div class=\"b654a4as d2edcug0\">\n<div class=\"j83agx80 btwxx1t3 lhclo0ds hop8lmos nkwizq5d scwd0bx6 roh60bw9\">\n<div class=\"rq0escxv hkbzh7o3 jwdofwj8 n8tt0mok r8blr3vg hyh9befq\">\n<div class=\"do00u71z l9j0dhe7 k4urcfbm\">\n<div class=\"page-title-head hgroup\">\n<div class=\"page-title-head hgroup\">\n<div class=\"page-title-head hgroup\">\n<div class=\"page-title-head hgroup\">\n<div class=\"b654a4as d2edcug0\">\n<div class=\"page-title-head hgroup\">\n<div class=\"page-title-head hgroup\">\n<div class=\"page-title-head hgroup\">\n<div class=\"page-title-head hgroup\">\n<div class=\"b654a4as d2edcug0\">\n<div class=\"page-title-head hgroup\">\n<div class=\"page-title-head hgroup\">\n<div class=\"page-title-head hgroup\">\n<div class=\"page-title-head hgroup\">\n<div class=\"page-title-head hgroup\">\n<div class=\"page-title-head hgroup\">\n<div class=\"page-title-head hgroup\">\n<div class=\"page-title-head hgroup\">\n<div class=\"page-title-head hgroup\">\n<div class=\"b654a4as d2edcug0\">\n<div class=\"page-title-head hgroup\">\n<div class=\"page-title-head hgroup\">\n<div class=\"page-title-head hgroup\">\n<div class=\"page-title-head hgroup\">\n<div class=\"b654a4as d2edcug0\">\n<div class=\"page-title-head hgroup\">\n<div class=\"page-title-head hgroup\">\n<div class=\"page-title-head hgroup\">\n<div class=\"page-title-head hgroup\">\n<div class=\"page-title-head hgroup\">\n<div class=\"mkdf-post-text\">\n<div class=\"mkdf-post-text-inner\">\n<div class=\"mkdf-post-text-main\">\n<div class=\"mkdf-post-text\">\n<div class=\"mkdf-post-text-inner\">\n<div class=\"mkdf-post-text-main\">\n<div class=\"mkdf-post-text\">\n<div class=\"mkdf-post-text-inner\">\n<div class=\"mkdf-post-text-main\">\n<div class=\"page-title-head hgroup\">\n<div class=\"page-title-head hgroup\">\n<div class=\"mkdf-post-text\">\n<div class=\"mkdf-post-text-inner\">\n<div class=\"mkdf-post-text-main\">\n<div class=\"mkdf-post-text\">\n<div class=\"mkdf-post-text-inner\">\n<div class=\"mkdf-post-text-main\">\n<div class=\"page-title-head hgroup\">\n<div class=\"page-title-head hgroup\">\n<div class=\"page-title-head hgroup\">\n<div class=\"page-title-head hgroup\">\n<div class=\"b654a4as d2edcug0\">\n<div class=\"page-title-head hgroup\">\n<div class=\"page-title-head hgroup\">\n<div class=\"page-title-head hgroup\">\n<div class=\"page-title-head hgroup\">\n<div class=\"b654a4as d2edcug0\">\n<div class=\"page-title-head hgroup\">\n<div class=\"page-title-head hgroup\">\n<div class=\"page-title-head hgroup\">\n<div class=\"page-title-head hgroup\">\n<div class=\"b654a4as d2edcug0\">\n<div class=\"ecm0bbzt e5nlhep0 a8c37x1j\">\n<div class=\"kvgmc6g5 cxmmr5t8 oygrvhab hcukyx3x c1et5uql\">\n<div class=\"gmail-kvgmc6g5 gmail-cxmmr5t8 gmail-oygrvhab gmail-hcukyx3x gmail-c1et5uql gmail-ii04i59q\">\n<div class=\"page-title-head hgroup\">\n<div class=\"page-title-head hgroup\">\n<div class=\"b654a4as d2edcug0\">\n<div class=\"j83agx80 btwxx1t3 lhclo0ds hop8lmos nkwizq5d scwd0bx6 roh60bw9\">\n<div class=\"rq0escxv hkbzh7o3 jwdofwj8 n8tt0mok r8blr3vg hyh9befq\">\n<div class=\"do00u71z l9j0dhe7 k4urcfbm\">\n<div class=\"page-title-head hgroup\">\n<div class=\"page-title-head hgroup\">\n<div class=\"page-title-head hgroup\">\n<div class=\"page-title-head hgroup\">\n<div class=\"b654a4as d2edcug0\">\n<div class=\"page-title-head hgroup\">\n<div class=\"page-title-head hgroup\">\n<div class=\"page-title-head hgroup\">\n<div class=\"page-title-head hgroup\">\n<div class=\"b654a4as d2edcug0\">\n<div class=\"page-title-head hgroup\">\n<div class=\"page-title-head hgroup\">\n<div class=\"page-title-head hgroup\">\n<div class=\"page-title-head hgroup\">\n<div class=\"page-title-head hgroup\">\n<div class=\"page-title-head hgroup\">\n<div class=\"page-title-head hgroup\">\n<div class=\"page-title-head hgroup\">\n<div class=\"page-title-head hgroup\">\n<div class=\"b654a4as d2edcug0\">\n<div class=\"page-title-head hgroup\">\n<div class=\"page-title-head hgroup\">\n<div class=\"page-title-head hgroup\">\n<div class=\"page-title-head hgroup\">\n<div class=\"b654a4as d2edcug0\">\n<div class=\"page-title-head hgroup\">\n<div class=\"page-title-head hgroup\">\n<div class=\"page-title-head hgroup\">\n<div class=\"page-title-head hgroup\">\n<div class=\"page-title-head hgroup\">\n<div class=\"mkdf-post-text\">\n<div class=\"mkdf-post-text-inner\">\n<div class=\"mkdf-post-text-main\">\n<div class=\"mkdf-post-text\">\n<div class=\"mkdf-post-text-inner\">\n<div class=\"mkdf-post-text-main\">\n<div class=\"mkdf-post-text\">\n<div class=\"mkdf-post-text-inner\">\n<div class=\"mkdf-post-text-main\">\n<div class=\"page-title-head hgroup\">\n<div class=\"page-title-head hgroup\">\n<div class=\"mkdf-post-text\">\n<div class=\"mkdf-post-text-inner\">\n<div class=\"mkdf-post-text-main\">\n<div class=\"mkdf-post-text\">\n<div class=\"mkdf-post-text-inner\">\n<div class=\"mkdf-post-text-main\">\n<div class=\"page-title-head hgroup\">\n<div class=\"page-title-head hgroup\">\n<div class=\"page-title-head hgroup\">\n<div class=\"page-title-head hgroup\">\n<div class=\"b654a4as d2edcug0\">\n<div class=\"page-title-head hgroup\">\n<div class=\"page-title-head hgroup\">\n<div class=\"page-title-head hgroup\">\n<div class=\"page-title-head hgroup\">\n<div class=\"b654a4as d2edcug0\">\n<div class=\"page-title-head hgroup\">\n<div class=\"page-title-head hgroup\">\n<div class=\"page-title-head hgroup\">\n<div class=\"page-title-head hgroup\">\n<div class=\"b654a4as d2edcug0\">\n<p>&nbsp;<\/p>\n<\/div>\n<div class=\"b654a4as d2edcug0\">\n<div class=\"ecm0bbzt e5nlhep0 a8c37x1j\">\n<div class=\"kvgmc6g5 cxmmr5t8 oygrvhab hcukyx3x c1et5uql\">\n<div class=\"gmail-kvgmc6g5 gmail-cxmmr5t8 gmail-oygrvhab gmail-hcukyx3x gmail-c1et5uql gmail-ii04i59q\">\n<div>\n<div class=\"page-title-head hgroup\">\n<div class=\"page-title-head hgroup\">\n<div class=\"b654a4as d2edcug0\">\n<div class=\"j83agx80 btwxx1t3 lhclo0ds hop8lmos nkwizq5d scwd0bx6 roh60bw9\">\n<div class=\"rq0escxv hkbzh7o3 jwdofwj8 n8tt0mok r8blr3vg hyh9befq\">\n<div class=\"do00u71z l9j0dhe7 k4urcfbm\">\n<div>\n<div class=\"page-title-head hgroup\">\n<div class=\"page-title-head hgroup\">\n<div class=\"page-title-head hgroup\">\n<div class=\"page-title-head hgroup\">\n<div class=\"b654a4as d2edcug0\">\n<div class=\"page-title-head hgroup\">\n<div class=\"page-title-head hgroup\">\n<div class=\"page-title-head hgroup\">\n<div class=\"page-title-head hgroup\">\n<div class=\"b654a4as d2edcug0\">\n<div class=\"page-title-head hgroup\">\n<div class=\"page-title-head hgroup\">\n<div class=\"page-title-head hgroup\">\n<div class=\"page-title-head hgroup\">\n<div class=\"page-title-head hgroup\">\n<div class=\"mkdf-post-text\">\n<div class=\"mkdf-post-text-inner\">\n<div class=\"mkdf-post-text-main\">\n<div class=\"mkdf-post-text\">\n<div class=\"mkdf-post-text-inner\">\n<div class=\"mkdf-post-text-main\">\n<div class=\"mkdf-post-text\">\n<div class=\"mkdf-post-text-inner\">\n<div class=\"mkdf-post-text-main\">\n<div class=\"page-title-head hgroup\">\n<div class=\"page-title-head hgroup\">\n<div class=\"mkdf-post-text\">\n<div class=\"mkdf-post-text-inner\">\n<div class=\"mkdf-post-text-main\">\n<div class=\"mkdf-post-text\">\n<div class=\"mkdf-post-text-inner\">\n<div class=\"mkdf-post-text-main\">\n<div>\n<div class=\"page-title-head hgroup\">\n<div class=\"page-title-head hgroup\">\n<div>\n<div class=\"page-title-head hgroup\">\n<div class=\"page-title-head hgroup\">\n<div class=\"b654a4as d2edcug0\">\n<div>\n<div class=\"page-title-head hgroup\" style=\"text-align: left;\">\n<div class=\"page-title-head hgroup\">\n<div dir=\"auto\">\n<p><a class=\"dt-pswp-item pspw-wrap-ready\" href=\"https:\/\/i0.wp.com\/www.radiopiu.net\/wordpress\/wp-content\/uploads\/2018\/09\/WhatsApp-Image-2018-09-20-at-16.04.06.jpeg?ssl=1\" data-dt-img-description=\"\" data-large_image_width=\"800\" data-large_image_height=\"100\"><img loading=\"lazy\" decoding=\"async\" class=\"aligncenter wp-image-61378 size-full jetpack-lazy-image jetpack-lazy-image--handled\" src=\"https:\/\/i0.wp.com\/www.radiopiu.net\/wordpress\/wp-content\/uploads\/2018\/09\/WhatsApp-Image-2018-09-20-at-16.04.06.jpeg?resize=800%2C100&amp;ssl=1\" sizes=\"auto, (max-width: 800px) 100vw, 800px\" srcset=\"https:\/\/i0.wp.com\/www.radiopiu.net\/wordpress\/wp-content\/uploads\/2018\/09\/WhatsApp-Image-2018-09-20-at-16.04.06.jpeg?w=800&amp;ssl=1 800w, https:\/\/i0.wp.com\/www.radiopiu.net\/wordpress\/wp-content\/uploads\/2018\/09\/WhatsApp-Image-2018-09-20-at-16.04.06.jpeg?resize=300%2C38&amp;ssl=1 300w, https:\/\/i0.wp.com\/www.radiopiu.net\/wordpress\/wp-content\/uploads\/2018\/09\/WhatsApp-Image-2018-09-20-at-16.04.06.jpeg?resize=768%2C96&amp;ssl=1 768w\" alt=\"\" width=\"800\" height=\"100\" data-lazy-loaded=\"1\" \/><\/a><\/p>\n<\/div>\n<\/div>\n<\/div>\n<\/div>\n<\/div>\n<\/div>\n<\/div>\n<\/div>\n<\/div>\n<\/div>\n<\/div>\n<\/div>\n<\/div>\n<\/div>\n<\/div>\n<\/div>\n<\/div>\n<\/div>\n<\/div>\n<\/div>\n<\/div>\n<\/div>\n<\/div>\n<\/div>\n<\/div>\n<\/div>\n<\/div>\n<\/div>\n<\/div>\n<\/div>\n<\/div>\n<\/div>\n<\/div>\n<\/div>\n<\/div>\n<\/div>\n<\/div>\n<\/div>\n<\/div>\n<\/div>\n<\/div>\n<\/div>\n<\/div>\n<\/div>\n<\/div>\n<\/div>\n<\/div>\n<\/div>\n<\/div>\n<\/div>\n<\/div>\n<\/div>\n<\/div>\n<\/div>\n<\/div>\n<\/div>\n<\/div>\n<\/div>\n<\/div>\n<\/div>\n<\/div>\n<\/div>\n<\/div>\n<\/div>\n<\/div>\n<\/div>\n<\/div>\n<\/div>\n<\/div>\n<\/div>\n<\/div>\n<\/div>\n<\/div>\n<\/div>\n<\/div>\n<\/div>\n<\/div>\n<\/div>\n<\/div>\n<\/div>\n<\/div>\n<\/div>\n<\/div>\n<\/div>\n<\/div>\n<\/div>\n<\/div>\n<\/div>\n<\/div>\n<\/div>\n<\/div>\n<\/div>\n<\/div>\n<\/div>\n<\/div>\n<\/div>\n<\/div>\n<\/div>\n<\/div>\n<\/div>\n<\/div>\n<\/div>\n<\/div>\n<\/div>\n<\/div>\n<\/div>\n<\/div>\n<\/div>\n<\/div>\n<\/div>\n<\/div>\n<\/div>\n<\/div>\n<\/div>\n<\/div>\n<\/div>\n<\/div>\n<\/div>\n<\/div>\n<\/div>\n<\/div>\n<\/div>\n<\/div>\n<\/div>\n<\/div>\n<\/div>\n<\/div>\n<\/div>\n<\/div>\n<\/div>\n<\/div>\n<\/div>\n<\/div>\n<\/div>\n<\/div>\n<\/div>\n<\/div>\n<\/div>\n<\/div>\n<\/div>\n<\/div>\n<\/div>\n<\/div>\n<\/div>\n<\/div>\n<\/div>\n<\/div>\n<\/div>\n<\/div>\n<\/div>\n<\/div>\n<\/div>\n<\/div>\n<\/div>\n<\/div>\n<\/div>\n<\/div>\n<\/div>\n<\/div>\n<\/div>\n<\/div>\n<\/div>\n<\/div>\n<\/div>\n<\/div>\n<\/div>\n<\/div>\n<\/div>\n<\/div>\n<\/div>\n<\/div>\n<\/div>\n<\/div>\n<\/div>\n<\/div>\n<\/div>\n<\/div>\n<\/div>\n<\/div>\n<\/div>\n<\/div>\n<\/div>\n<\/div>\n<\/div>\n<\/div>\n<\/div>\n<\/div>\n<\/div>\n<\/div>\n<\/div>\n<\/div>\n<\/div>\n<\/div>\n<\/div>\n<\/div>\n<\/div>\n<\/div>\n<\/div>\n<\/div>\n<\/div>\n<\/div>\n<\/div>\n<\/div>\n<\/div>\n<\/div>\n<\/div>\n<\/div>\n<\/div>\n<\/div>\n<\/div>\n<\/div>\n<\/div>\n<\/div>\n<\/div>\n<\/div>\n<\/div>\n<\/div>\n<\/div>\n<\/div>\n<\/div>\n<\/div>\n<\/div>\n<\/div>\n<\/div>\n<\/div>\n<\/div>\n<\/div>\n<\/div>\n<\/div>\n<\/div>\n<\/div>\n<p>&nbsp;<\/p>\n<div>\n<p>&nbsp;<\/p>\n<\/div>\n<p><center><b>Martedi 8<\/b><\/center><b>Tempo atteso: <\/b>Nottetempo annuvolamenti irregolari su alcuni settori prealpini, magari con qualche fiocco qua e l\u00e0. In mattinata ritorno del sole, nonostante il temporaneo transito di nubi medio-alte sia sulle Dolomiti che sulle Prealpi. Dalla tarda mattinata in poi tempo ben soleggiato con cielo sereno. Il freddo sar\u00e0 ancora ben presente, anche se minore nei settori interessati da nubi basse notturne.<br \/>\n<b>Precipitazioni: <\/b>Assenti fatta eccezione di qualche fiocco nottetempo su Prealpi (20-30%) oltre i 400\/500 m, localmente nei fondovalle pi\u00f9 freddi.<br \/>\n<b>Temperature: <\/b>Minime pressoch\u00e9 stazionarie o in lieve calo a eccezione di qualche rialzo nei settori prealpini interessati da nubi basse; massime in leggera diminuzione. Previste punte di 6\/8\u00b0C nei fondovalle prealpini e di 3\/5\u00b0C a 1000\/1200 m, mentre il freddo si mantiene in quota. Su Prealpi a 1500 m min -7\u00b0C max, -3\u00b0C, a 2000 m min -10\u00b0C max -5\u00b0C Dolomiti a 2000 m, min -10 max -5\u00b0C, a 3000 m min -14\u00b0C max -11\u00b0C.<br \/>\n<b>Venti: <\/b>Nelle valli deboli di direzione variabile, salvo locali rinforzi notturni per brezze di monte su alcuni settori prealpini; in quota deboli\/moderati da nord-est, a tratti tesi sulle cime dolomitiche pi\u00f9 alte, ma solo sopra i 2800 m, a 5-20 km\/h a 2000 m e 20-35 km\/h a 3000 m.<\/p>\n<hr \/>\n<p><center><b>Mercoledi 9<\/b><\/center><b>Tempo atteso: <\/b>Stupenda giornata sui monti veneti, ben soleggiata con cielo sereno, aria tersa e ottima visibilit\u00e0 ovunque. Il rischio nebbia nelle ore pi\u00f9 fredde rimarr\u00e0 basso. Il freddo persister\u00e0 di notte per forte irraggiamento, mentre il sole favorir\u00e0 una certa mitezza diurna con apprezzabile escursione termica nelle valli.<br \/>\n<b>Precipitazioni: <\/b>Assenti (0%).<br \/>\n<b>Temperature: <\/b>In generale lieve rialzo a tutte le quote, eccetto calo delle minime nei settori prealpini interessati da nubi basse nella notte precedente. Su Prealpi a 1500 m min -3\u00b0C max 1\u00b0C, a 2000 m min -5\u00b0C max -1\u00b0C; su Dolomiti a 2000 m min -5\u00b0C max 0\u00b0C, a 3000 m min -10\u00b0C max -8\u00b0C.<br \/>\n<b>Venti: <\/b>Nelle valli deboli di direzione variabile, salvo locali rinforzi notturni per brezze di monte su alcuni settori prealpini; in quota deboli\/moderati da nord-est, a 5-15 km\/h a 2000 m e 20-30 km\/h a 3000 m.<\/p>\n<hr \/>\n<p><center><b>Giovedi 10<\/b><\/center>Altra stupenda giornata, ben soleggiata con cielo sereno, aria tersa e ottima visibilit\u00e0 ovunque. Il rischio nebbia nelle ore pi\u00f9 fredde sar\u00e0 perlopi\u00f9 assente. Temperature in ulteriore lieve aumento e forte escursione termica nelle valli pi\u00f9 assolate. Nelle valli venti deboli a regime di brezza, localmente moderati per brezze di monte tra la notte e il primo mattino su alcuni settori prealpini; in quota deboli\/moderati da nord nord-est.<\/p>\n<hr \/>\n<p><center><b>Venerdi 11<\/b><\/center>Minore soleggiamento per l&#8217;arrivo di nubi alte e medio-alte stratiformi in grado di velare il cielo o in alcuni momenti di mascherare del tutto il sole. Sulle Prealpi inoltre si formeranno nubi basse. Temperature minime in aumento e massime in leggera flessione. Nelle valli venti perlopi\u00f9 deboli di direzione variabile, anche a regime di brezza; in quota perlopi\u00f9 deboli da est sud-est. Previsore: R.L.Th.<\/p>\n<p>&nbsp;<\/p>\n<hr \/>\n<p>&nbsp;<\/p>\n<p><img loading=\"lazy\" decoding=\"async\" class=\"wp-image-60761 size-full aligncenter\" src=\"https:\/\/www.radiopiu.net\/wordpress\/wp-content\/uploads\/2018\/09\/sport.jpg\" alt=\"\" width=\"800\" height=\"100\" srcset=\"https:\/\/www.radiopiu.net\/wordpress\/wp-content\/uploads\/2018\/09\/sport.jpg 800w, https:\/\/www.radiopiu.net\/wordpress\/wp-content\/uploads\/2018\/09\/sport-300x38.jpg 300w, https:\/\/www.radiopiu.net\/wordpress\/wp-content\/uploads\/2018\/09\/sport-768x96.jpg 768w\" sizes=\"auto, (max-width: 800px) 100vw, 800px\" \/><\/p>\n<p><b>\u00a0 \u00a0 \u00a0<\/b><\/p>\n<p><span style=\"color: #0000ff;\"><strong>SCI DI FONDO<\/strong><\/span><\/p>\n<blockquote>\n<h3>SUPER LORENZO BUSIN, PRIMO ITALIANO ALLA VASALOPPET<\/h3>\n<\/blockquote>\n<p><strong>MORA (SVEZIA) <\/strong>Si \u00e8 svolta domenica l&#8217;edizione numero 100 della Vasaloppet in Svezia, la pi\u00f9 antica gara di sci al mondo. La Vasaloppet \u00e8 riconosciuta come la regina delle Gran Fondo, al via sono partiti ben 15.600 atleti. Tra questi anche l&#8217;agordino Lorenzo Busin si \u00e8 cimentato nella 90 km di gara che si snoda tra i boschi svedesi. Il fondista della Valle del Biois ha terminato la gara al 39\u00b0 posto e primo degli italiani al&#8217;arrivo con il tempo di 3h41&#8217;13&#8221;. &#8220;<em>Dopo la prima salita il gruppo era gi\u00e0 frazionato &#8211; spiega Lorenzo &#8211; 10 atleti in fuga, io ho scollinato 22\u00b0 dopo i 3km della leggendaria salita di S\u00e4len. Dopo un lungo inseguimento il gruppo si \u00e8 ricompattato al km 24, eravamo una cinquantina di atleti. Al 34\u00b0 km, dopo una forte accelerazione, il gruppo si \u00e8 nuovamente diviso, sono rimasto nel secondo gruppo. Visto che il primo gruppo ha continuato implacabile la sua corsa verso il traguardo &#8211; continua Busin &#8211; abbiamo stabilito un bel ritmo nel gruppo inseguitore e abbiamo continuato fino al traguardo senza perdere o guadagnare posizioni. Io ho chiuso con un 39\u00b0 posto, primo tra gli italiani in gara, davanti ai miei compagni di squadra Mauro Brigadoi (43\u00b0) e Francesco Ferrari (45\u00b0)<\/em>&#8221;<\/p>\n\n\t\t\t<style type='text\/css'>\n\t\t\t\t#gallery-7 {\n\t\t\t\t\tmargin: auto;\n\t\t\t\t}\n\t\t\t\t#gallery-7 .gallery-item {\n\t\t\t\t\tfloat: left;\n\t\t\t\t\tmargin-top: 10px;\n\t\t\t\t\ttext-align: center;\n\t\t\t\t\twidth: 50%;\n\t\t\t\t}\n\t\t\t\t#gallery-7 img {\n\t\t\t\t\tborder: 2px solid #cfcfcf;\n\t\t\t\t}\n\t\t\t\t#gallery-7 .gallery-caption {\n\t\t\t\t\tmargin-left: 0;\n\t\t\t\t}\n\t\t\t\t\/* see gallery_shortcode() in wp-includes\/media.php *\/\n\t\t\t<\/style>\n\t\t<div id='gallery-7' class='dt-gallery-container gallery galleryid-263323 gallery-columns-2 gallery-size-medium'><dl class='gallery-item'>\n\t\t\t\t<dt class='gallery-icon landscape'>\n\t\t\t\t\t<a class=\"rollover rollover-zoom dt-pswp-item\" title=\"8f5b5ce3-9dfe-4b3c-bdca-a75bcb316192\" data-dt-img-description=\"\" data-large_image_width=\"1640\" data-large_image_height=\"1232\"href='https:\/\/www.radiopiu.net\/wordpress\/wp-content\/uploads\/2022\/03\/8f5b5ce3-9dfe-4b3c-bdca-a75bcb316192.jpg'><img loading=\"lazy\" decoding=\"async\" width=\"300\" height=\"225\" src=\"https:\/\/www.radiopiu.net\/wordpress\/wp-content\/uploads\/2022\/03\/8f5b5ce3-9dfe-4b3c-bdca-a75bcb316192-300x225.jpg\" class=\"attachment-medium size-medium\" alt=\"\" srcset=\"https:\/\/www.radiopiu.net\/wordpress\/wp-content\/uploads\/2022\/03\/8f5b5ce3-9dfe-4b3c-bdca-a75bcb316192-300x225.jpg 300w, https:\/\/www.radiopiu.net\/wordpress\/wp-content\/uploads\/2022\/03\/8f5b5ce3-9dfe-4b3c-bdca-a75bcb316192-1024x769.jpg 1024w, https:\/\/www.radiopiu.net\/wordpress\/wp-content\/uploads\/2022\/03\/8f5b5ce3-9dfe-4b3c-bdca-a75bcb316192-768x577.jpg 768w, https:\/\/www.radiopiu.net\/wordpress\/wp-content\/uploads\/2022\/03\/8f5b5ce3-9dfe-4b3c-bdca-a75bcb316192-1536x1154.jpg 1536w, https:\/\/www.radiopiu.net\/wordpress\/wp-content\/uploads\/2022\/03\/8f5b5ce3-9dfe-4b3c-bdca-a75bcb316192.jpg 1640w\" sizes=\"auto, (max-width: 300px) 100vw, 300px\" \/><\/a>\n\t\t\t\t<\/dt><\/dl><dl class='gallery-item'>\n\t\t\t\t<dt class='gallery-icon landscape'>\n\t\t\t\t\t<a class=\"rollover rollover-zoom dt-pswp-item\" title=\"f5f63f75-3412-4c30-8ae6-37df11bdad5a\" data-dt-img-description=\"\" data-large_image_width=\"1440\" data-large_image_height=\"960\"href='https:\/\/www.radiopiu.net\/wordpress\/wp-content\/uploads\/2022\/03\/f5f63f75-3412-4c30-8ae6-37df11bdad5a.jpg'><img loading=\"lazy\" decoding=\"async\" width=\"300\" height=\"200\" src=\"https:\/\/www.radiopiu.net\/wordpress\/wp-content\/uploads\/2022\/03\/f5f63f75-3412-4c30-8ae6-37df11bdad5a-300x200.jpg\" class=\"attachment-medium size-medium\" alt=\"\" srcset=\"https:\/\/www.radiopiu.net\/wordpress\/wp-content\/uploads\/2022\/03\/f5f63f75-3412-4c30-8ae6-37df11bdad5a-300x200.jpg 300w, https:\/\/www.radiopiu.net\/wordpress\/wp-content\/uploads\/2022\/03\/f5f63f75-3412-4c30-8ae6-37df11bdad5a-1024x683.jpg 1024w, https:\/\/www.radiopiu.net\/wordpress\/wp-content\/uploads\/2022\/03\/f5f63f75-3412-4c30-8ae6-37df11bdad5a-768x512.jpg 768w, https:\/\/www.radiopiu.net\/wordpress\/wp-content\/uploads\/2022\/03\/f5f63f75-3412-4c30-8ae6-37df11bdad5a.jpg 1440w\" sizes=\"auto, (max-width: 300px) 100vw, 300px\" \/><\/a>\n\t\t\t\t<\/dt><\/dl><br style=\"clear: both\" \/>\n\t\t\t<\/div>\n\n<p>&nbsp;<\/p>\n<hr \/>\n<p>&nbsp;<\/p>\n<p><span style=\"color: #0000ff;\"><strong>NUOTO<\/strong><\/span><\/p>\n<blockquote>\n<h3>L&#8217;AGORDINO HA UN CAMPIONE REGIONALE NEL NUOTO<\/h3>\n<\/blockquote>\n<p><strong><a class=\"dt-pswp-item\" href=\"https:\/\/www.radiopiu.net\/wordpress\/wp-content\/uploads\/2022\/03\/9141195d-f27c-469f-9341-70907dac0cc9.jpg\" data-dt-img-description=\"\" data-large_image_width=\"1536\" data-large_image_height=\"2048\"><img loading=\"lazy\" decoding=\"async\" class=\" wp-image-263517 alignleft\" src=\"https:\/\/www.radiopiu.net\/wordpress\/wp-content\/uploads\/2022\/03\/9141195d-f27c-469f-9341-70907dac0cc9-225x300.jpg\" alt=\"\" width=\"173\" height=\"231\" srcset=\"https:\/\/www.radiopiu.net\/wordpress\/wp-content\/uploads\/2022\/03\/9141195d-f27c-469f-9341-70907dac0cc9-225x300.jpg 225w, https:\/\/www.radiopiu.net\/wordpress\/wp-content\/uploads\/2022\/03\/9141195d-f27c-469f-9341-70907dac0cc9-768x1024.jpg 768w, https:\/\/www.radiopiu.net\/wordpress\/wp-content\/uploads\/2022\/03\/9141195d-f27c-469f-9341-70907dac0cc9-1152x1536.jpg 1152w, https:\/\/www.radiopiu.net\/wordpress\/wp-content\/uploads\/2022\/03\/9141195d-f27c-469f-9341-70907dac0cc9.jpg 1536w\" sizes=\"auto, (max-width: 173px) 100vw, 173px\" \/><\/a>AGORDO<\/strong> Filippo Monestier si laurea Campione Regionale Veneto nei 50 sl della categoria ragazzi. Domenica 6 marzo 2022 si sono svolti i campionati regionali di categoria, settore maschile, presso le piscine Natatorium di Treviso al mattino e Chiara Giavi di Montebelluna nel pomeriggio. Filippo, impegnato in tre gare, ha esordito nei 200 sl dove, forse per un passaggio troppo veloce nei primi 100, si \u00e8 dovuto &#8216;accontentare&#8221; di un comunque ottimo ottavo posto col tempo di 1&#8217;59&#8243;90. Ma il capolavoro Filippo lo fa mezz&#8217;ora dopo nella &#8220;sua&#8221; gara, i 50 sl dove si migliora di circa 2 decimi e col tempo di 24&#8243;34 \u00e8 il nuovo Campione Regionale Veneto. Pomeriggio tutti a Montebelluna e il portacolori della SSD Attivamente Agordino si cimenta nei 100 sl. Qui ottiene il sesto tempo assoluto col tempo di 54&#8243;20 e primo dei 2007. Con questi risultati Filippo stacca il pass per i campionati Italiani assoluti che si svolgeranno a fine marzo a Riccione. Inutile dire l&#8217;enorme soddisfazione per gli allenatori Stefano Tiozzi e Alberto Vidale e per tutto l&#8217;ambiente della societ\u00e0 che ha visto premiati gli sforzi nel portare avanti il settore agonistico.<\/p>\n<p>&nbsp;<\/p>\n<p>&nbsp;<\/p>\n<hr \/>\n<p>&nbsp;<\/p>\n<p><span style=\"color: #0000ff;\"><strong>HOCKEY SU GHIACCIO<\/strong><\/span><\/p>\n<blockquote>\n<h3>AL DE TONI GARA 5 DEI QUARTI DI FINALE IHL, ED E&#8217; MATCH POINT PER IL PERGINE<\/h3>\n<\/blockquote>\n<p><strong><a class=\"dt-pswp-item\" href=\"https:\/\/www.radiopiu.net\/wordpress\/wp-content\/uploads\/2022\/03\/43f1d408-9074-4b27-a8e7-f28bbeb9b877.jpg\" data-dt-img-description=\"\" data-large_image_width=\"1024\" data-large_image_height=\"761\"><img loading=\"lazy\" decoding=\"async\" class=\"size-medium wp-image-263452 alignleft\" src=\"https:\/\/www.radiopiu.net\/wordpress\/wp-content\/uploads\/2022\/03\/43f1d408-9074-4b27-a8e7-f28bbeb9b877-300x223.jpg\" alt=\"\" width=\"300\" height=\"223\" srcset=\"https:\/\/www.radiopiu.net\/wordpress\/wp-content\/uploads\/2022\/03\/43f1d408-9074-4b27-a8e7-f28bbeb9b877-300x223.jpg 300w, https:\/\/www.radiopiu.net\/wordpress\/wp-content\/uploads\/2022\/03\/43f1d408-9074-4b27-a8e7-f28bbeb9b877-768x571.jpg 768w, https:\/\/www.radiopiu.net\/wordpress\/wp-content\/uploads\/2022\/03\/43f1d408-9074-4b27-a8e7-f28bbeb9b877.jpg 1024w\" sizes=\"auto, (max-width: 300px) 100vw, 300px\" \/><\/a>di Roberto Miana, portavoce dell&#8217;Alleghe Hockey<\/strong><\/p>\n<p>Dopo gara 4 le Linci trentine si trovano avanti 3-1 nella serie sulle Civette alleghesi. Per la seconda volta in pochi giorni gli agordini rientrano dalla trasferta della Sapiens Arena con una sconfitta (3-4). Buon primo tempo delle Civette che si portano in vantaggio meritatamente grazie alla doppietta di Edgar De Toni #45 con il Pergine che accorcia le distanze nel finale di tempo. Secondo drittel ad appannaggio delle Linci che, tra le penalit\u00e0 che fioccano, ribaltano il punteggio. Nella terza frazione il Pergine cala il poker, prima della terza rete personale di Edgar De Toni #45 che purtroppo non basta all\u2019Alleghe per impattare la serie. A questo punto si torna marted\u00ec per gara 5 in riva al lago, con la doppia consapevolezza che ce la si pu\u00f2 giocare, ma che allo stesso tempo i trentini avranno a disposizione il primo match-point qualificazione per approdare alla semifinale, dove si affronter\u00e0 la vincente di Unterland-Varese, al momento 3-1 nella serie. Per gara 5 il giudice sportivo ha fermato per un turno l&#8217;alleghese Riccardo Dell&#8217;Osbel e il trentino Francesco Valorz.<\/p>\n<p><strong>ALLEGHE Hockey &#8211; Hockey PERGINE Sapiens <\/strong>Gara 5\u00a0 quarti playoff, Marted\u00ec 8 marzo ore 20:30 \u2013 Stadio \u201cAlvise De Toni\u201d di Alleghe (BL), Arbitri:\u200b Luca Cassol e Stefano Ricco con giudici di linea Federico Fecchio e Mirco Da Pian, PARTITA APERTA AL PUBBLICO Come da disposizioni governative ingresso con SUPER GREEN PASS e mascherina FFP2. Collegamenti in DIRETTA RADIOFONICA su Radio Pi\u00f9 (www.radiopiu.net) con \u201cHockey al punto giusto\u201d, in studio Marco Gaz e dal &#8220;De Toni&#8221; interventi di Federico Paganin<\/p>\n<p>&nbsp;<\/p>\n<p>&nbsp;<\/p>\n<hr \/>\n<p>&nbsp;<\/p>\n<p><span style=\"color: #0000ff;\"><strong>SCI ALPINO<\/strong><\/span><\/p>\n<blockquote>\n<h3>FINALI REGIONALI GRAND PRIX NET INSURANCE &#8211; IL GIGANTE RAGAZZI PREMIA MARIANNA ZANDEGIACOMO CANEVA E PHILIP PLONER<\/h3>\n<\/blockquote>\n<p><strong><a class=\"dt-pswp-item\" href=\"https:\/\/www.radiopiu.net\/wordpress\/wp-content\/uploads\/2022\/03\/IMG_0646-scaled.jpg\" data-dt-img-description=\"\" data-large_image_width=\"2560\" data-large_image_height=\"1707\"><img loading=\"lazy\" decoding=\"async\" class=\"size-medium wp-image-263462 alignleft\" src=\"https:\/\/www.radiopiu.net\/wordpress\/wp-content\/uploads\/2022\/03\/IMG_0646-300x200.jpg\" alt=\"\" width=\"300\" height=\"200\" srcset=\"https:\/\/www.radiopiu.net\/wordpress\/wp-content\/uploads\/2022\/03\/IMG_0646-300x200.jpg 300w, https:\/\/www.radiopiu.net\/wordpress\/wp-content\/uploads\/2022\/03\/IMG_0646-1024x683.jpg 1024w, https:\/\/www.radiopiu.net\/wordpress\/wp-content\/uploads\/2022\/03\/IMG_0646-768x512.jpg 768w, https:\/\/www.radiopiu.net\/wordpress\/wp-content\/uploads\/2022\/03\/IMG_0646-1536x1024.jpg 1536w, https:\/\/www.radiopiu.net\/wordpress\/wp-content\/uploads\/2022\/03\/IMG_0646-2048x1365.jpg 2048w\" sizes=\"auto, (max-width: 300px) 100vw, 300px\" \/><\/a>ALLEGHE<\/strong> Sono Marianna Zandegiacomo Caneva, Sci Club Cortina e Philip Ploner, Arabba ASD, i vincitori dello slalom gigante categoria ragazzi, gara di esordio dei Campionati Veneti di Sci Alpino categorie Ragazzi e Allievi, Grand Prix Net Insurance, disputati ad Alleghe sulla Pista Civetta, sotto la sapiente organizzazione dello sci club Uoei Treviso a100 anni dalla sua fondazione. La neve dura e tracciato molto impegnativo, ha fatto una grande selezione, specie tra la categoria ragazzi maschile con il 20% dei partecipanti non arrivati al traguardo, nella manche tracciate da Ivan Pellegrini. Lo Sci Club Cortina piazza anche Emma Panizzuti al terzo posto, mentre gli atleti della pianura trovano le loro stelle nelle fantastiche performance di Agnese Gallina, Agonistica Sportmarket, al secondo posto e Federico Silvestrin, Sci Club Orsago, terzo nonostante un grave errore ,a un solo decimo dal secondo, Leonardo D\u2019Inc\u00e0 dello S.C. Trichiana. La Categoria Allievi ha assaggiato le curve della pista Cristelin di Zoldo Alto, con le prove di super G, che li vedr\u00e0 darsi battaglia l\u20198 marzo. Neve non troppo veloce. I circa 110 allievi non possono sbagliare: la tracciatura e la pista non consentono errori pena pesanti distacchi. Partenza di Slalom Speciale categoria sulla Pista Civetta e Super G sulla pista Cristelin entrambe alle 9,30.<\/p>\n<p><strong>LE CLASSIFICHE <a href=\"https:\/\/www.radiopiu.net\/wordpress\/wp-content\/uploads\/2022\/03\/CLASSIFICA-UFFICIOSA-Ragazzi.pdf\">CLICCA QUI<\/a><\/strong><\/p>\n<\/div>\n<\/div>\n<\/div>\n<\/div>\n<\/div>\n<\/div>\n<\/div>\n<\/div>\n<\/div>\n<\/div>\n<\/div>\n<\/div>\n<\/div>\n<\/div>\n<\/div>\n<\/div>\n<\/div>\n<\/div>\n<\/div>\n<\/div>\n<\/div>\n<\/div>\n<\/div>\n<\/div>\n<\/div>\n<\/div>\n<\/div>\n<\/div>\n<\/div>\n<\/div>\n<\/div>\n<\/div>\n<\/div>\n<\/div>\n<\/div>\n<\/div>\n<\/div>\n<\/div>\n<\/div>\n<\/div>\n<\/div>\n<\/div>\n<\/div>\n<\/div>\n<\/div>\n<\/div>\n<\/div>\n<\/div>\n<\/div>\n<\/div>\n<\/div>\n<\/div>\n<\/div>\n<\/div>\n<\/div>\n<\/div>\n<\/div>\n<\/div>\n<\/div>\n<\/div>\n<\/div>\n<\/div>\n<\/div>\n<\/div>\n<\/div>\n<\/div>\n<\/div>\n<\/div>\n<\/div>\n<\/div>\n<\/div>\n<\/div>\n<\/div>\n<\/div>\n<\/div>\n<\/div>\n<\/div>\n<\/div>\n<\/div>\n<\/div>\n<\/div>\n<\/div>\n<\/div>\n<\/div>\n<\/div>\n<\/div>\n<\/div>\n<\/div>\n<\/div>\n<\/div>\n<\/div>\n<\/div>\n<\/div>\n<\/div>\n<\/div>\n<\/div>\n<\/div>\n<\/div>\n<\/div>\n<\/div>\n<\/div>\n<\/div>\n<\/div>\n<\/div>\n<\/div>\n<\/div>\n<\/div>\n<\/div>\n<\/div>\n<\/div>\n","protected":false},"excerpt":{"rendered":"<p>INFORMAZIONE il canale su TELEGRAM informazione di prima\u00a0 mano e in tempo reale. iscriviti ed aiutaci a farlo conoscere\u00a0\u00a0 Otto marzo Lorrain Berton, presidente Confindustria &#8220;Sono giorni di apprensione e di dolore per tutti e il mio primo pensiero, nella Giornata della Donna, va alle donne ucraine, quelle rimaste nel loro Paese, quelle in fuga&hellip;<\/p>\n","protected":false},"author":4,"featured_media":263562,"comment_status":"closed","ping_status":"closed","sticky":false,"template":"","format":"standard","meta":{"_monsterinsights_skip_tracking":false,"_monsterinsights_sitenote_active":false,"_monsterinsights_sitenote_note":"","_monsterinsights_sitenote_category":0,"footnotes":""},"categories":[104,86,49],"tags":[],"class_list":["post-263323","post","type-post","status-publish","format-standard","has-post-thumbnail","hentry","category-evidenza_3","category-gr","category-news-18","category-104","category-86","category-49","description-off"],"img_url":"https:\/\/www.radiopiu.net\/wordpress\/wp-content\/uploads\/2022\/03\/woman-5466232_960_720.jpg","_links":{"self":[{"href":"https:\/\/www.radiopiu.net\/wordpress\/wp-json\/wp\/v2\/posts\/263323","targetHints":{"allow":["GET"]}}],"collection":[{"href":"https:\/\/www.radiopiu.net\/wordpress\/wp-json\/wp\/v2\/posts"}],"about":[{"href":"https:\/\/www.radiopiu.net\/wordpress\/wp-json\/wp\/v2\/types\/post"}],"author":[{"embeddable":true,"href":"https:\/\/www.radiopiu.net\/wordpress\/wp-json\/wp\/v2\/users\/4"}],"replies":[{"embeddable":true,"href":"https:\/\/www.radiopiu.net\/wordpress\/wp-json\/wp\/v2\/comments?post=263323"}],"version-history":[{"count":0,"href":"https:\/\/www.radiopiu.net\/wordpress\/wp-json\/wp\/v2\/posts\/263323\/revisions"}],"wp:featuredmedia":[{"embeddable":true,"href":"https:\/\/www.radiopiu.net\/wordpress\/wp-json\/wp\/v2\/media\/263562"}],"wp:attachment":[{"href":"https:\/\/www.radiopiu.net\/wordpress\/wp-json\/wp\/v2\/media?parent=263323"}],"wp:term":[{"taxonomy":"category","embeddable":true,"href":"https:\/\/www.radiopiu.net\/wordpress\/wp-json\/wp\/v2\/categories?post=263323"},{"taxonomy":"post_tag","embeddable":true,"href":"https:\/\/www.radiopiu.net\/wordpress\/wp-json\/wp\/v2\/tags?post=263323"}],"curies":[{"name":"wp","href":"https:\/\/api.w.org\/{rel}","templated":true}]}}