{"id":263342,"date":"2022-03-07T05:29:19","date_gmt":"2022-03-07T04:29:19","guid":{"rendered":"https:\/\/www.radiopiu.net\/wordpress\/?p=263342"},"modified":"2022-03-07T05:55:50","modified_gmt":"2022-03-07T04:55:50","slug":"ragazzina-grave-dopo-la-caduta-in-bicicletta","status":"publish","type":"post","link":"https:\/\/www.radiopiu.net\/wordpress\/ragazzina-grave-dopo-la-caduta-in-bicicletta\/","title":{"rendered":"RAGAZZINA GRAVE DOPO LA CADUTA IN BICICLETTA\u00a0\u00a0"},"content":{"rendered":"<blockquote>\n<h3><\/h3>\n<\/blockquote>\n<p><a class=\"dt-pswp-item\" href=\"https:\/\/www.radiopiu.net\/wordpress\/wp-content\/uploads\/2022\/02\/4063da5f-f442-4e26-9beb-eb7473b3f855.jpg\" data-dt-img-description=\"\" data-large_image_width=\"1079\" data-large_image_height=\"720\"><img loading=\"lazy\" decoding=\"async\" class=\"wp-image-260644 alignleft\" src=\"https:\/\/www.radiopiu.net\/wordpress\/wp-content\/uploads\/2022\/02\/4063da5f-f442-4e26-9beb-eb7473b3f855-300x200.jpg\" alt=\"\" width=\"227\" height=\"151\" srcset=\"https:\/\/www.radiopiu.net\/wordpress\/wp-content\/uploads\/2022\/02\/4063da5f-f442-4e26-9beb-eb7473b3f855-300x200.jpg 300w, https:\/\/www.radiopiu.net\/wordpress\/wp-content\/uploads\/2022\/02\/4063da5f-f442-4e26-9beb-eb7473b3f855-1024x683.jpg 1024w, https:\/\/www.radiopiu.net\/wordpress\/wp-content\/uploads\/2022\/02\/4063da5f-f442-4e26-9beb-eb7473b3f855-768x512.jpg 768w, https:\/\/www.radiopiu.net\/wordpress\/wp-content\/uploads\/2022\/02\/4063da5f-f442-4e26-9beb-eb7473b3f855.jpg 1079w\" sizes=\"auto, (max-width: 227px) 100vw, 227px\" \/><\/a><br \/>\n<strong>PERAROLO DI CADOR<\/strong>E Era in escursione con il padre quando la 14enne di Pieve di Cadore \u00e8 caduta dalla bicicletta lungo la strada della Cavallera, \u00a0\u00e8 ricoverata in Terapia Intensiva all&#8217;ospedale di Padova. La ragazza \u00e8 stata soccorsa dai medici e le sue condizioni sono apparse subito molto serie. Nel frattempo \u00e8 arrivato l&#8217;elicottero del Suem 118, che \u00e8 atterrato al campo sportivo di Perarolo, vicino al punto in cui \u00e8 successo l&#8217;incidente. Viste le condizioni, \u00e8 stata intubata sul posto ed elitrasportata all&#8217;ospedale di Padova in gravissime condizioni. \u00c8 stata ricoverata in Terapia intensiva, in prognosi riservata.<\/p>\n<p>&nbsp;<\/p>\n<p>&nbsp;<\/p>\n<p>***<\/p>\n<p>&nbsp;<\/p>\n","protected":false},"excerpt":{"rendered":"<p>PERAROLO DI CADORE Era in escursione con il padre quando la 14enne di Pieve di Cadore \u00e8 caduta dalla bicicletta lungo la strada della Cavallera, \u00a0\u00e8 ricoverata in Terapia Intensiva all&#8217;ospedale di Padova. La ragazza \u00e8 stata soccorsa dai medici e le sue condizioni sono apparse subito molto serie. Nel frattempo \u00e8 arrivato l&#8217;elicottero del&hellip;<\/p>\n","protected":false},"author":4,"featured_media":260644,"comment_status":"closed","ping_status":"closed","sticky":false,"template":"","format":"standard","meta":{"_monsterinsights_skip_tracking":false,"_monsterinsights_sitenote_active":false,"_monsterinsights_sitenote_note":"","_monsterinsights_sitenote_category":0,"footnotes":""},"categories":[51,49],"tags":[],"class_list":["post-263342","post","type-post","status-publish","format-standard","has-post-thumbnail","hentry","category-evidenza-top","category-news-18","category-51","category-49","description-off"],"img_url":"https:\/\/www.radiopiu.net\/wordpress\/wp-content\/uploads\/2022\/02\/4063da5f-f442-4e26-9beb-eb7473b3f855.jpg","_links":{"self":[{"href":"https:\/\/www.radiopiu.net\/wordpress\/wp-json\/wp\/v2\/posts\/263342","targetHints":{"allow":["GET"]}}],"collection":[{"href":"https:\/\/www.radiopiu.net\/wordpress\/wp-json\/wp\/v2\/posts"}],"about":[{"href":"https:\/\/www.radiopiu.net\/wordpress\/wp-json\/wp\/v2\/types\/post"}],"author":[{"embeddable":true,"href":"https:\/\/www.radiopiu.net\/wordpress\/wp-json\/wp\/v2\/users\/4"}],"replies":[{"embeddable":true,"href":"https:\/\/www.radiopiu.net\/wordpress\/wp-json\/wp\/v2\/comments?post=263342"}],"version-history":[{"count":0,"href":"https:\/\/www.radiopiu.net\/wordpress\/wp-json\/wp\/v2\/posts\/263342\/revisions"}],"wp:featuredmedia":[{"embeddable":true,"href":"https:\/\/www.radiopiu.net\/wordpress\/wp-json\/wp\/v2\/media\/260644"}],"wp:attachment":[{"href":"https:\/\/www.radiopiu.net\/wordpress\/wp-json\/wp\/v2\/media?parent=263342"}],"wp:term":[{"taxonomy":"category","embeddable":true,"href":"https:\/\/www.radiopiu.net\/wordpress\/wp-json\/wp\/v2\/categories?post=263342"},{"taxonomy":"post_tag","embeddable":true,"href":"https:\/\/www.radiopiu.net\/wordpress\/wp-json\/wp\/v2\/tags?post=263342"}],"curies":[{"name":"wp","href":"https:\/\/api.w.org\/{rel}","templated":true}]}}