{"id":263648,"date":"2022-03-08T16:46:39","date_gmt":"2022-03-08T15:46:39","guid":{"rendered":"https:\/\/www.radiopiu.net\/wordpress\/?p=263648"},"modified":"2022-03-09T06:07:12","modified_gmt":"2022-03-09T05:07:12","slug":"domenica-le-donne-entrano-gratis-alla-spes-arena","status":"publish","type":"post","link":"https:\/\/www.radiopiu.net\/wordpress\/domenica-le-donne-entrano-gratis-alla-spes-arena\/","title":{"rendered":"DOMENICA LE DONNE ENTRANO GRATIS ALLA SPES ARENA"},"content":{"rendered":"<p><strong><a class=\"dt-pswp-item\" href=\"https:\/\/www.radiopiu.net\/wordpress\/wp-content\/uploads\/2022\/03\/Azione_sotto_la_tribuna_Zanella.jpg\" data-dt-img-description=\"\" data-large_image_width=\"1444\" data-large_image_height=\"802\"><img loading=\"lazy\" decoding=\"async\" class=\"size-medium wp-image-263666 alignleft\" src=\"https:\/\/www.radiopiu.net\/wordpress\/wp-content\/uploads\/2022\/03\/Azione_sotto_la_tribuna_Zanella-300x167.jpg\" alt=\"\" width=\"300\" height=\"167\" srcset=\"https:\/\/www.radiopiu.net\/wordpress\/wp-content\/uploads\/2022\/03\/Azione_sotto_la_tribuna_Zanella-300x167.jpg 300w, https:\/\/www.radiopiu.net\/wordpress\/wp-content\/uploads\/2022\/03\/Azione_sotto_la_tribuna_Zanella-1024x569.jpg 1024w, https:\/\/www.radiopiu.net\/wordpress\/wp-content\/uploads\/2022\/03\/Azione_sotto_la_tribuna_Zanella-768x427.jpg 768w, https:\/\/www.radiopiu.net\/wordpress\/wp-content\/uploads\/2022\/03\/Azione_sotto_la_tribuna_Zanella.jpg 1444w\" sizes=\"auto, (max-width: 300px) 100vw, 300px\" \/><\/a>BELLUNO <\/strong>L\u20198 marzo cade di marted\u00ec? Ma anche di domenica. Almeno nel calendario della Da Rold Logistics Belluno. Perch\u00e9, nella settimana che celebra la festa delle donne, la societ\u00e0 presieduta da Sandro Da Rold ha deciso fare un piccolo regalo alle tante tifose e appassionate che seguono i rinoceronti: domenica 13 (ore 18), in vista della sfida di Serie A3 Credem Banca contro il Volley Garlasco, tutte le donne di ogni et\u00e0 potranno entrare gratis alla Spes Arena.<span class=\"gmail-Apple-converted-space\"> \u00a0<\/span>\u00ab<em>Oltre a ringraziare le nostre tifose &#8211; spiegano i vertici societari &#8211; con l\u2019entrata gratuita vorremmo alimentare il calore del nostro pubblico femminile in vista di una delle tappe chiave della stagione. Nel confronto con Garlasco, intendiamo compiere un altro passo in direzione del traguardo salvezza. E abbiamo bisogno del \u201csettimo uomo\u201d in campo. O meglio, della \u201csettima donna\u201d. Vi aspettiamo<\/em>\u00bb.<span class=\"gmail-Apple-converted-space\">\u00a0<\/span><\/p>\n<p>&nbsp;<\/p>\n<p>&nbsp;<\/p>\n<p>&nbsp;<\/p>\n<p>*****<\/p>\n","protected":false},"excerpt":{"rendered":"<p>BELLUNO L\u20198 marzo cade di marted\u00ec? Ma anche di domenica. Almeno nel calendario della Da Rold Logistics Belluno. Perch\u00e9, nella settimana che celebra la festa delle donne, la societ\u00e0 presieduta da Sandro Da Rold ha deciso fare un piccolo regalo alle tante tifose e appassionate che seguono i rinoceronti: domenica 13 (ore 18), in vista&hellip;<\/p>\n","protected":false},"author":4,"featured_media":263666,"comment_status":"closed","ping_status":"closed","sticky":false,"template":"","format":"standard","meta":{"_monsterinsights_skip_tracking":false,"_monsterinsights_sitenote_active":false,"_monsterinsights_sitenote_note":"","_monsterinsights_sitenote_category":0,"footnotes":""},"categories":[104,49],"tags":[],"class_list":["post-263648","post","type-post","status-publish","format-standard","has-post-thumbnail","hentry","category-evidenza_3","category-news-18","category-104","category-49","description-off"],"img_url":"https:\/\/www.radiopiu.net\/wordpress\/wp-content\/uploads\/2022\/03\/Azione_sotto_la_tribuna_Zanella.jpg","_links":{"self":[{"href":"https:\/\/www.radiopiu.net\/wordpress\/wp-json\/wp\/v2\/posts\/263648","targetHints":{"allow":["GET"]}}],"collection":[{"href":"https:\/\/www.radiopiu.net\/wordpress\/wp-json\/wp\/v2\/posts"}],"about":[{"href":"https:\/\/www.radiopiu.net\/wordpress\/wp-json\/wp\/v2\/types\/post"}],"author":[{"embeddable":true,"href":"https:\/\/www.radiopiu.net\/wordpress\/wp-json\/wp\/v2\/users\/4"}],"replies":[{"embeddable":true,"href":"https:\/\/www.radiopiu.net\/wordpress\/wp-json\/wp\/v2\/comments?post=263648"}],"version-history":[{"count":0,"href":"https:\/\/www.radiopiu.net\/wordpress\/wp-json\/wp\/v2\/posts\/263648\/revisions"}],"wp:featuredmedia":[{"embeddable":true,"href":"https:\/\/www.radiopiu.net\/wordpress\/wp-json\/wp\/v2\/media\/263666"}],"wp:attachment":[{"href":"https:\/\/www.radiopiu.net\/wordpress\/wp-json\/wp\/v2\/media?parent=263648"}],"wp:term":[{"taxonomy":"category","embeddable":true,"href":"https:\/\/www.radiopiu.net\/wordpress\/wp-json\/wp\/v2\/categories?post=263648"},{"taxonomy":"post_tag","embeddable":true,"href":"https:\/\/www.radiopiu.net\/wordpress\/wp-json\/wp\/v2\/tags?post=263648"}],"curies":[{"name":"wp","href":"https:\/\/api.w.org\/{rel}","templated":true}]}}