{"id":263714,"date":"2022-03-09T05:58:28","date_gmt":"2022-03-09T04:58:28","guid":{"rendered":"https:\/\/www.radiopiu.net\/wordpress\/?p=263714"},"modified":"2022-03-09T14:12:01","modified_gmt":"2022-03-09T13:12:01","slug":"ongaroriz","status":"publish","type":"post","link":"https:\/\/www.radiopiu.net\/wordpress\/ongaroriz\/","title":{"rendered":"L&#8217;AGORDINO PERDE UN AMMINISTRATORE DI VALORE, RIZIERI ONGARO SINDACO, ASSESSORE, PRESIDENTE"},"content":{"rendered":"<p><strong><a class=\"dt-pswp-item\" href=\"https:\/\/www.radiopiu.net\/wordpress\/wp-content\/uploads\/2022\/03\/41d707e1-9f40-4dc6-82a5-016f4abde2ba.jpg\" data-dt-img-description=\"\" data-large_image_width=\"727\" data-large_image_height=\"1024\"><img loading=\"lazy\" decoding=\"async\" class=\" wp-image-263715 alignleft\" src=\"https:\/\/www.radiopiu.net\/wordpress\/wp-content\/uploads\/2022\/03\/41d707e1-9f40-4dc6-82a5-016f4abde2ba-213x300.jpg\" alt=\"\" width=\"154\" height=\"217\" srcset=\"https:\/\/www.radiopiu.net\/wordpress\/wp-content\/uploads\/2022\/03\/41d707e1-9f40-4dc6-82a5-016f4abde2ba-213x300.jpg 213w, https:\/\/www.radiopiu.net\/wordpress\/wp-content\/uploads\/2022\/03\/41d707e1-9f40-4dc6-82a5-016f4abde2ba.jpg 727w\" sizes=\"auto, (max-width: 154px) 100vw, 154px\" \/><\/a>CENCENIGHE<\/strong>\u00a0 RIzieri Ongaro\u00a0 \u00a0non c&#8217;\u00e8 pi\u00f9. A pochi anni dalla morte di Floriano Pra, a pochi mesi dalla scomparsa di Elio Daur\u00f9 un altro lutto pesante per la vallata. Se n\u00e8 andato in modo assurdo, un incidente sugli sci in una giornata sulla neve vicino a casa, a Selva di Cadore (Fertazza) nel comprensorio\u00a0 del Civetta. Uno scontro con uno sciatore inglese di 29 anni (rimasto ferito in modo lieve ad un spalla)\u00a0 e non sembrava neppure gravissimo,\u00a0 perch\u00e9 Rizieri \u00e8 riuscito anche a dare il numero della moglie,\u00a0 di Luciana Ganz perch\u00e9 venisse avvertita. Rizieri \u00e8 stato subito soccorso anche con l&#8217;ausilio dei Carabinieri con la pista chiusa l&#8217;elicottero ha sbarcato l&#8217;equipe medica, poi durante il trasporto in ospedale verso il Ca&#8217; Foncello di Treviso il decesso.<\/p>\n<p><a class=\"dt-pswp-item\" href=\"https:\/\/www.radiopiu.net\/wordpress\/wp-content\/uploads\/2022\/03\/PICT9657.jpg\" data-dt-img-description=\"KONICA MINOLTA DIGITAL CAMERA\" data-large_image_width=\"640\" data-large_image_height=\"480\"><img loading=\"lazy\" decoding=\"async\" class=\"size-medium wp-image-263743 alignright\" src=\"https:\/\/www.radiopiu.net\/wordpress\/wp-content\/uploads\/2022\/03\/PICT9657-300x225.jpg\" alt=\"\" width=\"300\" height=\"225\" srcset=\"https:\/\/www.radiopiu.net\/wordpress\/wp-content\/uploads\/2022\/03\/PICT9657-300x225.jpg 300w, https:\/\/www.radiopiu.net\/wordpress\/wp-content\/uploads\/2022\/03\/PICT9657.jpg 640w\" sizes=\"auto, (max-width: 300px) 100vw, 300px\" \/><\/a>Ora il pensiero \u00e8 tutto dedicato ai ricordi. A quell&#8217;uomo che ci ha lasciato a 78 anni,\u00a0 che tanto ha fatto per la sua vallata. come imprenditore al Centro Commerciale Ganz, come politico anche in Provincia. &#8220;<em>Mi chiamavano l&#8217;assessore alle squaze&#8221;<\/em> mi ripeteva Riz sorridendo e ricordando il suo ruolo di assessore all&#8217;ambiente con il Presidente Oscar De Bona. Suo (di Rizieri) il primo Rapporto sullo stato dell&#8217;ambiente in provincia di Belluno.\u00a0 Un altro brutto colpo per l&#8217;Agordino. Senza parole il sindaco Mauro Soppelsa in queste ore a casa della moglie per portare il suo messaggio di cordoglio assieme a quello di tutta la comunit\u00e0. A Canale d&#8217;Agordo la notizia ha scosso l&#8217;amico Flavio Colergnan, sindaco di Canale d&#8217;Agordo e proprietario del campeggio Lastei. RIzieri Ongaro era il presidente della societ\u00e0 <em>&#8220;Sono costernato, i ricordi mi stanno sommergendo assieme alle lacrime &#8211; racconta con commozione Flavio Colcergnan.\u00a0 Una persona politicamente preparata, capace di mediare, perdonava anche i torti, anche quelli politici. Un uomo con sui si stava bene, un riferimento. Lo conoscevo da una vita, da quanto avevo 20 anni. Cinquant&#8217;anni di amicizia anche se su fronti politici diversi, ma con lui era bello ragionare su qualsiasi argomento. Anche ieri eravamo assieme a giocare a carte e parlare della situazione economica. Persona riflessiva Rizieri, una grande perdita. Persona importante per Cencenighe come sindaco, per l&#8217;Agordino in Comunit\u00e0 Montana&#8221;.<\/em><\/p>\n<blockquote>\n<div dir=\"auto\"><em>Un dolore grande, anche tra questa mura che Rizieri conosceva molto bene&#8230;lo scorso Natale era sceso apposta da Cencenighe per portarci i suoi auguri, veri, con il cuore, capita spesso che chi occupa gli scranni importanti varchi le porte di radiopiu, Riz lo faceva per amicizia, ha sempre dimostrato grande rispetto e stima per il nostro lavoro. Gi\u00e0 negli anni 80 era il nostro referente per la pubblicit\u00e0 dei negozi Ganz, anni di collaborazione. In Comunit\u00e0 Montana non esitava ad alzare il telefono per comunicarci le novit\u00e0, problematiche locali e le immancabili battute. Ci mancava gi\u00e0 quando ha lasciato la Provincia, la Comunit\u00e0 Montana, il Comune di Cencenighe. Ora il vuoto \u00e8 immenso proveremo a riempirlo in parte con il ricordo di quelle battaglie, tante battaglie con un unico fine: l&#8217;Agordino .<\/em><\/div>\n<div dir=\"auto\"><em>Ciao Riz&#8230;peccato per quella intervista che ci eravamo ripromessi di fare a Natale con te, Elio e Flavio. Non ci siamo riusciti, ma ti assicuro che la &#8220;vecchia guardia&#8221; sar\u00e0 sempre citata ad esempio alle generazioni future, ma anche ai politici rampanti.\u00a0<\/em><\/div>\n<div dir=\"auto\"><\/div>\n<\/blockquote>\n<p><strong>Dalla redazione di Radio Pi\u00f9 un forte abbraccio a Luciana, a Serena, ai nipoti di 17 e 13 anni, ad Andrea. A coloro che come me l&#8217;hanno apprezzato, considerato al punto da volergli solo bene.<\/strong><\/p>\n<p>mirko<\/p>\n<blockquote><p>Nella foto un momento importante della vita amministrativa ad Agordo, la sfida per la carica a sindaco tra Renzo Gavaz e Rizieri Ongaro. Un incontro che riempi&#8217; la sala Don Tamis, un&#8217;occasione di confronto, come sempre pacato perch\u00e9 con Ongaro era impossibile arrivare ai toni alti. Un esermpio.<\/p>\n<p>&nbsp;<\/p><\/blockquote>\n<p><em><strong>FLORIANO, ELIO, RIZIERI, UNA TERRAZZA SEMPRE PIU&#8217; SPOPOLATA. IL TEMPO REMA CONTRO LA VECCHIA GUARDIA<br \/>\ndi Gianni Santomaso<br \/>\n<\/strong><\/em><\/p>\n<audio class=\"wp-audio-shortcode\" id=\"audio-263714-1\" preload=\"none\" style=\"width: 100%;\" controls=\"controls\"><source type=\"audio\/mpeg\" src=\"https:\/\/www.radiopiu.net\/wordpress\/wp-content\/uploads\/2022\/03\/giani-rizieri-principale.mp3?_=1\" \/><a href=\"https:\/\/www.radiopiu.net\/wordpress\/wp-content\/uploads\/2022\/03\/giani-rizieri-principale.mp3\">https:\/\/www.radiopiu.net\/wordpress\/wp-content\/uploads\/2022\/03\/giani-rizieri-principale.mp3<\/a><\/audio>\n<p>&nbsp;<\/p>\n<p><strong>IL SINDACO DI CENCENIGHE MAURO SOPPELSA<\/strong><\/p>\n<audio class=\"wp-audio-shortcode\" id=\"audio-263714-2\" preload=\"none\" style=\"width: 100%;\" controls=\"controls\"><source type=\"audio\/mpeg\" src=\"https:\/\/www.radiopiu.net\/wordpress\/wp-content\/uploads\/2022\/03\/MAURO-1.mp3?_=2\" \/><a href=\"https:\/\/www.radiopiu.net\/wordpress\/wp-content\/uploads\/2022\/03\/MAURO-1.mp3\">https:\/\/www.radiopiu.net\/wordpress\/wp-content\/uploads\/2022\/03\/MAURO-1.mp3<\/a><\/audio>\n<p>&nbsp;<\/p>\n<p><strong>IL SINDACO DI FALCADE, MICHELE COSTA di\u00a0 Gianni Santomaso\u00a0<\/strong><\/p>\n<audio class=\"wp-audio-shortcode\" id=\"audio-263714-3\" preload=\"none\" style=\"width: 100%;\" controls=\"controls\"><source type=\"audio\/mpeg\" src=\"https:\/\/www.radiopiu.net\/wordpress\/wp-content\/uploads\/2022\/03\/gianni-michele-costa.mp3?_=3\" \/><a href=\"https:\/\/www.radiopiu.net\/wordpress\/wp-content\/uploads\/2022\/03\/gianni-michele-costa.mp3\">https:\/\/www.radiopiu.net\/wordpress\/wp-content\/uploads\/2022\/03\/gianni-michele-costa.mp3<\/a><\/audio>\n<p>&nbsp;<\/p>\n<p><strong>L&#8217;AMICO GIA&#8217; PRESIDENTE DELLA PROVINCIA OSCAR DE BONA<\/strong><\/p>\n<audio class=\"wp-audio-shortcode\" id=\"audio-263714-4\" preload=\"none\" style=\"width: 100%;\" controls=\"controls\"><source type=\"audio\/mpeg\" src=\"https:\/\/www.radiopiu.net\/wordpress\/wp-content\/uploads\/2022\/03\/oscar-de-bona.mp3?_=4\" \/><a href=\"https:\/\/www.radiopiu.net\/wordpress\/wp-content\/uploads\/2022\/03\/oscar-de-bona.mp3\">https:\/\/www.radiopiu.net\/wordpress\/wp-content\/uploads\/2022\/03\/oscar-de-bona.mp3<\/a><\/audio>\n<p><strong>\u00a0<\/strong><\/p>\n<p><strong>IL DEPUTATO DARIO BOND<\/strong><\/p>\n<audio class=\"wp-audio-shortcode\" id=\"audio-263714-5\" preload=\"none\" style=\"width: 100%;\" controls=\"controls\"><source type=\"audio\/mpeg\" src=\"https:\/\/www.radiopiu.net\/wordpress\/wp-content\/uploads\/2022\/03\/dario-bond.mp3?_=5\" \/><a href=\"https:\/\/www.radiopiu.net\/wordpress\/wp-content\/uploads\/2022\/03\/dario-bond.mp3\">https:\/\/www.radiopiu.net\/wordpress\/wp-content\/uploads\/2022\/03\/dario-bond.mp3<\/a><\/audio>\n<p><strong>\u00a0\u00a0<\/strong><\/p>\n<p><strong>IL PRESIDENTE DELLA REGIONE LUCA ZAIA<\/strong> <em><span style=\"color: #000000;\">\u201c<span style=\"font-size: medium;\">Con Rizieri Ongaro la montagna bellunese perde molto di pi\u00f9 che un bravo amministratore. Perde un uomo innamorato delle sue montagne e sempre pronto a darsi da fare per la montagna e la sua gente. Rivolgo le mie condoglianze alla famiglia e a tutti coloro che gli hanno voluto bene. <\/span><\/span><span style=\"font-size: medium; color: #000000;\">E poi presidente della Comunit\u00e0 Montana Agordina, Assessore provinciale all\u2019ambiente, Presidente del Patto Territoriale Dolomiti Venete, della Comunit\u00e0 del Parco delle Dolomiti e vari altri impegni. Tutti spesi per il bene e nell\u2019interesse della montagna e delle sue genti, spinto dall\u2019amore per la sua terra e dalla voglia di rendersi utile al suo progresso. Mancher\u00e0 a molti\u00a0 mancher\u00e0 prima di tutto alle sue montagne\u201d.<\/span><\/em><\/p>\n<p>&nbsp;<\/p>\n<p><strong>IL CONSIGLIERE REGIONALE SILVIA CESTARO<\/strong><\/p>\n<audio class=\"wp-audio-shortcode\" id=\"audio-263714-6\" preload=\"none\" style=\"width: 100%;\" controls=\"controls\"><source type=\"audio\/mpeg\" src=\"https:\/\/www.radiopiu.net\/wordpress\/wp-content\/uploads\/2022\/03\/silvia-cestaro-1.mp3?_=6\" \/><a href=\"https:\/\/www.radiopiu.net\/wordpress\/wp-content\/uploads\/2022\/03\/silvia-cestaro-1.mp3\">https:\/\/www.radiopiu.net\/wordpress\/wp-content\/uploads\/2022\/03\/silvia-cestaro-1.mp3<\/a><\/audio>\n<p>&nbsp;<\/p>\n<p><strong>IL PRESIDENTE DELLA PROVINCIA ROBERTO PADRIN\u00a0 <\/strong><em>\u00abLa montagna perde uno dei suoi uomini pi\u00f9 appassionati. Un amministratore capace e lungimirante. <\/em><em>Da sindaco di Cencenighe e soprattutto assessore provinciale all\u2019ambiente ha saputo dare prova di quella capacit\u00e0 amministrativa della \u201cvecchia guardia\u201d, in grado di mettere davanti alle logiche di parte le logiche territoriali. Un esempio per gli amministratori di oggi. Lo ricordiamo con affetto, consapevoli del vuoto che lascia\u00bb.<\/em><\/p>\n<p>&nbsp;<\/p>\n<p><strong>L&#8217;AMICO&#8230; SERGIO DE RIVA\u00a0 GIA&#8217; ASSESSORE IN COMUNITA&#8217; MONTANA AGORDINA\u00a0<\/strong><\/p>\n<audio class=\"wp-audio-shortcode\" id=\"audio-263714-7\" preload=\"none\" style=\"width: 100%;\" controls=\"controls\"><source type=\"audio\/mpeg\" src=\"https:\/\/www.radiopiu.net\/wordpress\/wp-content\/uploads\/2022\/03\/SERGI-DE-RIVA.mp3?_=7\" \/><a href=\"https:\/\/www.radiopiu.net\/wordpress\/wp-content\/uploads\/2022\/03\/SERGI-DE-RIVA.mp3\">https:\/\/www.radiopiu.net\/wordpress\/wp-content\/uploads\/2022\/03\/SERGI-DE-RIVA.mp3<\/a><\/audio>\n<p>&nbsp;<\/p>\n<p><strong>ANDREA DE BERNARDIN SINDACO DI ROCCA PIETORE\u00a0 \u00a0<\/strong><em>\u201cLa morte improvvisa di Rizieri Ongaro mi ha lasciato una tristezza profonda addosso, eravamo amici per vari motivi, erano bei momenti quando ci si incontrava e si scambiavano opinioni in libert\u00e0, quelle per me erano occasioni di confronto importante con una persona pi\u00f9 esperta. \u00c8 stato uno dei grandi politici dell&#8217;Agordino e del Bellunese, mi vengono in mente insieme a lui Dino Rivo, Elio Dauru, Floriano Pra, Armando Da Roit ad Agordo. Insomma, una grande perdita politica e umana \u201d.<\/em><\/p>\n<p><strong>DANILO DE TONI SINDACO DI ALLEGHE\u00a0 <\/strong><em>\u201cCon la morte di Rizieri \u00e8 venuto a mancare un amministratore della vecchia guardia, un uomo \u00a0che ha saputo essere un punto di riferimento per tutti gli amministratori dell&#8217;Agordino e non solo. Ha insegnato tanto e tanto ha fatto per la sua Valle. Rizieri faceva politica nel modo corretto, con i suoi ideali e sempre con lo sguardo puntato a fare del bene e al raggiungimento degli obiettivi\u201d.<\/em><\/p>\n<p>&nbsp;<\/p>\n<p>&nbsp;<\/p>\n<p>&nbsp;<\/p>\n<p><strong>CIAO&#8230; RIZ\u00a0<\/strong><\/p>\n<audio class=\"wp-audio-shortcode\" id=\"audio-263714-8\" preload=\"none\" style=\"width: 100%;\" controls=\"controls\"><source type=\"audio\/mpeg\" src=\"https:\/\/www.radiopiu.net\/wordpress\/wp-content\/uploads\/2022\/03\/RIZIERI-ONGARO.mp3?_=8\" \/><a href=\"https:\/\/www.radiopiu.net\/wordpress\/wp-content\/uploads\/2022\/03\/RIZIERI-ONGARO.mp3\">https:\/\/www.radiopiu.net\/wordpress\/wp-content\/uploads\/2022\/03\/RIZIERI-ONGARO.mp3<\/a><\/audio>\n<p>&nbsp;<\/p>\n<p>&nbsp;<\/p>\n\n\t\t\t<style type='text\/css'>\n\t\t\t\t#gallery-1 {\n\t\t\t\t\tmargin: auto;\n\t\t\t\t}\n\t\t\t\t#gallery-1 .gallery-item {\n\t\t\t\t\tfloat: left;\n\t\t\t\t\tmargin-top: 10px;\n\t\t\t\t\ttext-align: center;\n\t\t\t\t\twidth: 33%;\n\t\t\t\t}\n\t\t\t\t#gallery-1 img {\n\t\t\t\t\tborder: 2px solid #cfcfcf;\n\t\t\t\t}\n\t\t\t\t#gallery-1 .gallery-caption {\n\t\t\t\t\tmargin-left: 0;\n\t\t\t\t}\n\t\t\t\t\/* see gallery_shortcode() in wp-includes\/media.php *\/\n\t\t\t<\/style>\n\t\t<div id='gallery-1' class='dt-gallery-container gallery galleryid-263714 gallery-columns-3 gallery-size-thumbnail'><dl class='gallery-item'>\n\t\t\t\t<dt class='gallery-icon landscape'>\n\t\t\t\t\t<a class=\"rollover rollover-zoom dt-pswp-item\" title=\"rizieri_ongaro\" data-dt-img-description=\"\" data-large_image_width=\"120\" data-large_image_height=\"118\"href='https:\/\/www.radiopiu.net\/wordpress\/wp-content\/uploads\/2022\/03\/rizieri_ongaro.jpg'><img loading=\"lazy\" decoding=\"async\" width=\"120\" height=\"118\" src=\"https:\/\/www.radiopiu.net\/wordpress\/wp-content\/uploads\/2022\/03\/rizieri_ongaro.jpg\" class=\"attachment-thumbnail size-thumbnail\" alt=\"\" \/><\/a>\n\t\t\t\t<\/dt><\/dl><dl class='gallery-item'>\n\t\t\t\t<dt class='gallery-icon landscape'>\n\t\t\t\t\t<a class=\"rollover rollover-zoom dt-pswp-item\" title=\"OLYMPUS DIGITAL CAMERA\" data-dt-img-description=\"\" data-large_image_width=\"1280\" data-large_image_height=\"960\"href='https:\/\/www.radiopiu.net\/wordpress\/wp-content\/uploads\/2022\/03\/bim-rizieri-svaluto-vigne.jpg'><img loading=\"lazy\" decoding=\"async\" width=\"150\" height=\"150\" src=\"https:\/\/www.radiopiu.net\/wordpress\/wp-content\/uploads\/2022\/03\/bim-rizieri-svaluto-vigne-150x150.jpg\" class=\"attachment-thumbnail size-thumbnail\" alt=\"\" \/><\/a>\n\t\t\t\t<\/dt><\/dl><dl class='gallery-item'>\n\t\t\t\t<dt class='gallery-icon landscape'>\n\t\t\t\t\t<a class=\"rollover rollover-zoom dt-pswp-item\" title=\"da sin Franco Sbardellotto_Rizieri Ongaro_Orazio Da Rold_Mauro De Martin\" data-dt-img-description=\"\" data-large_image_width=\"640\" data-large_image_height=\"480\"href='https:\/\/www.radiopiu.net\/wordpress\/wp-content\/uploads\/2022\/03\/da-sin-Franco-Sbardellotto_Rizieri-Ongaro_Orazio-Da-Rold_Mauro-De-Martin.jpg'><img loading=\"lazy\" decoding=\"async\" width=\"150\" height=\"150\" src=\"https:\/\/www.radiopiu.net\/wordpress\/wp-content\/uploads\/2022\/03\/da-sin-Franco-Sbardellotto_Rizieri-Ongaro_Orazio-Da-Rold_Mauro-De-Martin-150x150.jpg\" class=\"attachment-thumbnail size-thumbnail\" alt=\"\" \/><\/a>\n\t\t\t\t<\/dt><\/dl><br style=\"clear: both\" \/><dl class='gallery-item'>\n\t\t\t\t<dt class='gallery-icon portrait'>\n\t\t\t\t\t<a class=\"rollover rollover-zoom dt-pswp-item\" title=\"rizieri ongaro\" data-dt-img-description=\"\" data-large_image_width=\"960\" data-large_image_height=\"1280\"href='https:\/\/www.radiopiu.net\/wordpress\/wp-content\/uploads\/2022\/03\/rizieri-ongaro-1.jpg'><img loading=\"lazy\" decoding=\"async\" width=\"150\" height=\"150\" src=\"https:\/\/www.radiopiu.net\/wordpress\/wp-content\/uploads\/2022\/03\/rizieri-ongaro-1-150x150.jpg\" class=\"attachment-thumbnail size-thumbnail\" alt=\"\" \/><\/a>\n\t\t\t\t<\/dt><\/dl><dl class='gallery-item'>\n\t\t\t\t<dt class='gallery-icon landscape'>\n\t\t\t\t\t<a class=\"rollover rollover-zoom dt-pswp-item\" title=\"KONICA MINOLTA DIGITAL CAMERA\" data-dt-img-description=\"\" data-large_image_width=\"640\" data-large_image_height=\"480\"href='https:\/\/www.radiopiu.net\/wordpress\/wp-content\/uploads\/2022\/03\/PICT9621.jpg'><img loading=\"lazy\" decoding=\"async\" width=\"150\" height=\"150\" src=\"https:\/\/www.radiopiu.net\/wordpress\/wp-content\/uploads\/2022\/03\/PICT9621-150x150.jpg\" class=\"attachment-thumbnail size-thumbnail\" alt=\"\" aria-describedby=\"gallery-1-263741\" \/><\/a>\n\t\t\t\t<\/dt>\n\t\t\t\t\t<dd class='wp-caption-text gallery-caption' id='gallery-1-263741'>\n\t\t\t\t\tKONICA MINOLTA DIGITAL CAMERA\n\t\t\t\t\t<\/dd><\/dl><dl class='gallery-item'>\n\t\t\t\t<dt class='gallery-icon landscape'>\n\t\t\t\t\t<a class=\"rollover rollover-zoom dt-pswp-item\" title=\"BOND_ONGARO_CHISSO2\" data-dt-img-description=\"\" data-large_image_width=\"1222\" data-large_image_height=\"1039\"href='https:\/\/www.radiopiu.net\/wordpress\/wp-content\/uploads\/2022\/03\/BOND_ONGARO_CHISSO2.jpg'><img loading=\"lazy\" decoding=\"async\" width=\"150\" height=\"150\" src=\"https:\/\/www.radiopiu.net\/wordpress\/wp-content\/uploads\/2022\/03\/BOND_ONGARO_CHISSO2-150x150.jpg\" class=\"attachment-thumbnail size-thumbnail\" alt=\"\" \/><\/a>\n\t\t\t\t<\/dt><\/dl><br style=\"clear: both\" \/>\n\t\t\t<\/div>\n\n<p>&nbsp;<\/p>\n<p>^^^^<\/p>\n<p>&nbsp;<\/p>\n<p>***<\/p>\n","protected":false},"excerpt":{"rendered":"<p>CENCENIGHE\u00a0 RIzieri Ongaro\u00a0 \u00a0non c&#8217;\u00e8 pi\u00f9. A pochi anni dalla morte di Floriano Pra, a pochi mesi dalla scomparsa di Elio Daur\u00f9 un altro lutto pesante per la vallata. Se n\u00e8 andato in modo assurdo, un incidente sugli sci in una giornata sulla neve vicino a casa, a Selva di Cadore (Fertazza) nel comprensorio\u00a0 del&hellip;<\/p>\n","protected":false},"author":4,"featured_media":263743,"comment_status":"closed","ping_status":"closed","sticky":false,"template":"","format":"standard","meta":{"_monsterinsights_skip_tracking":false,"_monsterinsights_sitenote_active":false,"_monsterinsights_sitenote_note":"","_monsterinsights_sitenote_category":0,"footnotes":""},"categories":[104,49],"tags":[],"class_list":["post-263714","post","type-post","status-publish","format-standard","has-post-thumbnail","hentry","category-evidenza_3","category-news-18","category-104","category-49","description-off"],"img_url":"https:\/\/www.radiopiu.net\/wordpress\/wp-content\/uploads\/2022\/03\/PICT9657.jpg","_links":{"self":[{"href":"https:\/\/www.radiopiu.net\/wordpress\/wp-json\/wp\/v2\/posts\/263714","targetHints":{"allow":["GET"]}}],"collection":[{"href":"https:\/\/www.radiopiu.net\/wordpress\/wp-json\/wp\/v2\/posts"}],"about":[{"href":"https:\/\/www.radiopiu.net\/wordpress\/wp-json\/wp\/v2\/types\/post"}],"author":[{"embeddable":true,"href":"https:\/\/www.radiopiu.net\/wordpress\/wp-json\/wp\/v2\/users\/4"}],"replies":[{"embeddable":true,"href":"https:\/\/www.radiopiu.net\/wordpress\/wp-json\/wp\/v2\/comments?post=263714"}],"version-history":[{"count":0,"href":"https:\/\/www.radiopiu.net\/wordpress\/wp-json\/wp\/v2\/posts\/263714\/revisions"}],"wp:featuredmedia":[{"embeddable":true,"href":"https:\/\/www.radiopiu.net\/wordpress\/wp-json\/wp\/v2\/media\/263743"}],"wp:attachment":[{"href":"https:\/\/www.radiopiu.net\/wordpress\/wp-json\/wp\/v2\/media?parent=263714"}],"wp:term":[{"taxonomy":"category","embeddable":true,"href":"https:\/\/www.radiopiu.net\/wordpress\/wp-json\/wp\/v2\/categories?post=263714"},{"taxonomy":"post_tag","embeddable":true,"href":"https:\/\/www.radiopiu.net\/wordpress\/wp-json\/wp\/v2\/tags?post=263714"}],"curies":[{"name":"wp","href":"https:\/\/api.w.org\/{rel}","templated":true}]}}