{"id":263846,"date":"2022-03-10T04:00:34","date_gmt":"2022-03-10T03:00:34","guid":{"rendered":"https:\/\/www.radiopiu.net\/wordpress\/?p=263846"},"modified":"2022-03-10T06:07:21","modified_gmt":"2022-03-10T05:07:21","slug":"il-gruppo-sportivo-di-frassene-compie-il-secolo-di-vita","status":"publish","type":"post","link":"https:\/\/www.radiopiu.net\/wordpress\/il-gruppo-sportivo-di-frassene-compie-il-secolo-di-vita\/","title":{"rendered":"IL GRUPPO SPORTIVO DI FRASSENE&#8217; COMPIE IL SECOLO DI VITA"},"content":{"rendered":"<p><strong>VOLTAGO<\/strong> Con le foto dagli anni cinquanta ad oggi il Gruppo Sportivo di Frassene&#8217; anticipa la ricorrenza, l&#8217;evento. A settembre infatti ricorrer\u00e0 l\u2019anniversario dei 100 anni del\u00a0 Gruppo Sportivo. Per frassene&#8217; sar\u00e0 un &#8217;22 di\u00a0 festeggiamenti. L&#8217;associazione \u00e8 nata nel 1922 con il nome di Gruppo Sciatori Frassen\u00e9\u00a0 proprio grazie agli atleti che si allenavano e gareggiavano tra i sentieri di Frassen\u00e8 e i pendii di Malga Losch. Iniziano cos\u00ec i primi festeggiamenti in modalit\u00e0 invernale nelle nevi di Forcella Aurine con la gara di sci in programma sabato con estremo onore ai\u00a0 predecessori<\/p>\n\n\t\t\t<style type='text\/css'>\n\t\t\t\t#gallery-1 {\n\t\t\t\t\tmargin: auto;\n\t\t\t\t}\n\t\t\t\t#gallery-1 .gallery-item {\n\t\t\t\t\tfloat: left;\n\t\t\t\t\tmargin-top: 10px;\n\t\t\t\t\ttext-align: center;\n\t\t\t\t\twidth: 50%;\n\t\t\t\t}\n\t\t\t\t#gallery-1 img {\n\t\t\t\t\tborder: 2px solid #cfcfcf;\n\t\t\t\t}\n\t\t\t\t#gallery-1 .gallery-caption {\n\t\t\t\t\tmargin-left: 0;\n\t\t\t\t}\n\t\t\t\t\/* see gallery_shortcode() in wp-includes\/media.php *\/\n\t\t\t<\/style>\n\t\t<div id='gallery-1' class='dt-gallery-container gallery galleryid-263846 gallery-columns-2 gallery-size-medium'><dl class='gallery-item'>\n\t\t\t\t<dt class='gallery-icon portrait'>\n\t\t\t\t\t<a class=\"rollover rollover-zoom dt-pswp-item\" title=\"275605073_381707007293867_4223474760874608926_n\" data-dt-img-description=\"\" data-large_image_width=\"450\" data-large_image_height=\"600\"href='https:\/\/www.radiopiu.net\/wordpress\/wp-content\/uploads\/2022\/03\/275605073_381707007293867_4223474760874608926_n.jpg'><img loading=\"lazy\" decoding=\"async\" width=\"225\" height=\"300\" src=\"https:\/\/www.radiopiu.net\/wordpress\/wp-content\/uploads\/2022\/03\/275605073_381707007293867_4223474760874608926_n-225x300.jpg\" class=\"attachment-medium size-medium\" alt=\"\" srcset=\"https:\/\/www.radiopiu.net\/wordpress\/wp-content\/uploads\/2022\/03\/275605073_381707007293867_4223474760874608926_n-225x300.jpg 225w, https:\/\/www.radiopiu.net\/wordpress\/wp-content\/uploads\/2022\/03\/275605073_381707007293867_4223474760874608926_n.jpg 450w\" sizes=\"auto, (max-width: 225px) 100vw, 225px\" \/><\/a>\n\t\t\t\t<\/dt><\/dl><dl class='gallery-item'>\n\t\t\t\t<dt class='gallery-icon portrait'>\n\t\t\t\t\t<a class=\"rollover rollover-zoom dt-pswp-item\" title=\"275514769_381706960627205_682216976291120775_n\" data-dt-img-description=\"\" data-large_image_width=\"403\" data-large_image_height=\"594\"href='https:\/\/www.radiopiu.net\/wordpress\/wp-content\/uploads\/2022\/03\/275514769_381706960627205_682216976291120775_n.jpg'><img loading=\"lazy\" decoding=\"async\" width=\"204\" height=\"300\" src=\"https:\/\/www.radiopiu.net\/wordpress\/wp-content\/uploads\/2022\/03\/275514769_381706960627205_682216976291120775_n-204x300.jpg\" class=\"attachment-medium size-medium\" alt=\"\" srcset=\"https:\/\/www.radiopiu.net\/wordpress\/wp-content\/uploads\/2022\/03\/275514769_381706960627205_682216976291120775_n-204x300.jpg 204w, https:\/\/www.radiopiu.net\/wordpress\/wp-content\/uploads\/2022\/03\/275514769_381706960627205_682216976291120775_n.jpg 403w\" sizes=\"auto, (max-width: 204px) 100vw, 204px\" \/><\/a>\n\t\t\t\t<\/dt><\/dl><br style=\"clear: both\" \/>\n\t\t\t<\/div>\n\n<p><strong>correvano gli anni \u201850 e un ritorno al passato \u201822<\/strong><\/p>\n<p>&nbsp;<\/p>\n<p>***<\/p>\n","protected":false},"excerpt":{"rendered":"<p>VOLTAGO Con le foto dagli anni cinquanta ad oggi il Gruppo Sportivo di Frassene&#8217; anticipa la ricorrenza, l&#8217;evento. A settembre infatti ricorrer\u00e0 l\u2019anniversario dei 100 anni del\u00a0 Gruppo Sportivo. Per frassene&#8217; sar\u00e0 un &#8217;22 di\u00a0 festeggiamenti. L&#8217;associazione \u00e8 nata nel 1922 con il nome di Gruppo Sciatori Frassen\u00e9\u00a0 proprio grazie agli atleti che si allenavano&hellip;<\/p>\n","protected":false},"author":4,"featured_media":263847,"comment_status":"closed","ping_status":"closed","sticky":false,"template":"","format":"standard","meta":{"_monsterinsights_skip_tracking":false,"_monsterinsights_sitenote_active":false,"_monsterinsights_sitenote_note":"","_monsterinsights_sitenote_category":0,"footnotes":""},"categories":[104,49],"tags":[],"class_list":["post-263846","post","type-post","status-publish","format-standard","has-post-thumbnail","hentry","category-evidenza_3","category-news-18","category-104","category-49","description-off"],"img_url":"https:\/\/www.radiopiu.net\/wordpress\/wp-content\/uploads\/2022\/03\/275605073_381707007293867_4223474760874608926_n.jpg","_links":{"self":[{"href":"https:\/\/www.radiopiu.net\/wordpress\/wp-json\/wp\/v2\/posts\/263846","targetHints":{"allow":["GET"]}}],"collection":[{"href":"https:\/\/www.radiopiu.net\/wordpress\/wp-json\/wp\/v2\/posts"}],"about":[{"href":"https:\/\/www.radiopiu.net\/wordpress\/wp-json\/wp\/v2\/types\/post"}],"author":[{"embeddable":true,"href":"https:\/\/www.radiopiu.net\/wordpress\/wp-json\/wp\/v2\/users\/4"}],"replies":[{"embeddable":true,"href":"https:\/\/www.radiopiu.net\/wordpress\/wp-json\/wp\/v2\/comments?post=263846"}],"version-history":[{"count":0,"href":"https:\/\/www.radiopiu.net\/wordpress\/wp-json\/wp\/v2\/posts\/263846\/revisions"}],"wp:featuredmedia":[{"embeddable":true,"href":"https:\/\/www.radiopiu.net\/wordpress\/wp-json\/wp\/v2\/media\/263847"}],"wp:attachment":[{"href":"https:\/\/www.radiopiu.net\/wordpress\/wp-json\/wp\/v2\/media?parent=263846"}],"wp:term":[{"taxonomy":"category","embeddable":true,"href":"https:\/\/www.radiopiu.net\/wordpress\/wp-json\/wp\/v2\/categories?post=263846"},{"taxonomy":"post_tag","embeddable":true,"href":"https:\/\/www.radiopiu.net\/wordpress\/wp-json\/wp\/v2\/tags?post=263846"}],"curies":[{"name":"wp","href":"https:\/\/api.w.org\/{rel}","templated":true}]}}