{"id":263926,"date":"2022-03-11T06:00:52","date_gmt":"2022-03-11T05:00:52","guid":{"rendered":"https:\/\/www.radiopiu.net\/wordpress\/?p=263926"},"modified":"2022-03-20T09:16:34","modified_gmt":"2022-03-20T08:16:34","slug":"giornale-radiopiu-11-marzo-2022-direttore-mirko-mezzacasa","status":"publish","type":"post","link":"https:\/\/www.radiopiu.net\/wordpress\/giornale-radiopiu-11-marzo-2022-direttore-mirko-mezzacasa\/","title":{"rendered":"GIORNALE RADIOPIU 11 MARZO 2022 DIRETTORE MIRKO MEZZACASA"},"content":{"rendered":"<h3 class=\"kvgmc6g5 cxmmr5t8 oygrvhab hcukyx3x c1et5uql\"><span style=\"color: #0000ff;\"><strong>INFORMAZIONE il canale su TELEGRAM informazione di prima\u00a0 <\/strong><\/span><span style=\"color: #0000ff;\"><strong>mano e in tempo reale. iscriviti ed aiutaci a farlo conoscere<\/strong><\/span><\/h3>\n<p>&nbsp;<\/p>\n<p><strong>DILLO A RADIO PIU&#8230;. 1<\/strong><br \/>\n<em>Cara Radio Pi\u00f9 &#8230; ma\u00a0 i politici bellunesi usano ancora l&#8217;auto o a Roma ci vanno con quella di servizio pagata dal resto del paese? Non se ne fossero accorti meglio che diano un&#8217;occhiata alle foto.<\/em><br \/>\n<strong>DILLO A RADIO PIU&#8230;2<\/strong><br \/>\n<em>I nostri politici bellunesi\u00a0 hanno perso la voce. Nessuno commenta il prezzo del gasolio che ha superato anche il prezzo della benzina e siamo sopra i 2 euro a litro.\u00a0 Riscaldamento gas energia&#8230;\u00a0 tutto pi\u00f9 caro e non sappiamo dove andremo a finire, c&#8217;\u00e8 davvero da preoccuparsi.\u00a0\u00a0<\/em><\/p>\n<p>&nbsp;<\/p>\n<blockquote>\n<h3>NUOVO GRUPPO TELEGRAM PER LA CONDIVISIONE DI PASSAGGI IN AUTO<\/h3>\n<\/blockquote>\n<p><strong><a class=\"dt-pswp-item\" href=\"https:\/\/www.radiopiu.net\/wordpress\/wp-content\/uploads\/2022\/03\/avatar-1749919825-0.jpg\" data-dt-img-description=\"\" data-large_image_width=\"640\" data-large_image_height=\"640\"><img loading=\"lazy\" decoding=\"async\" class=\" wp-image-263922 alignleft\" src=\"https:\/\/www.radiopiu.net\/wordpress\/wp-content\/uploads\/2022\/03\/avatar-1749919825-0-300x300.jpg\" alt=\"\" width=\"140\" height=\"140\" srcset=\"https:\/\/www.radiopiu.net\/wordpress\/wp-content\/uploads\/2022\/03\/avatar-1749919825-0-300x300.jpg 300w, https:\/\/www.radiopiu.net\/wordpress\/wp-content\/uploads\/2022\/03\/avatar-1749919825-0-150x150.jpg 150w, https:\/\/www.radiopiu.net\/wordpress\/wp-content\/uploads\/2022\/03\/avatar-1749919825-0.jpg 640w\" sizes=\"auto, (max-width: 140px) 100vw, 140px\" \/><\/a> <\/strong><\/p>\n<p><strong>\u00a0<\/strong><\/p>\n<p><strong>REDAZIONE<\/strong> \u00c8 stato creato un nuovo gruppo Telegram per la provincia di Belluno. Un gruppo utile per la condivisione di passaggi in auto in questo periodo di forti aumenti del costo del carburante. Chi fosse interessato ad unirsi al gruppo pu\u00f2 cliccare sul seguente link: <a href=\"https:\/\/t.me\/bellunopassaggicarsharing\">https:\/\/t.me\/bellunopassaggicarsharing<\/a><\/p>\n<p>&nbsp;<\/p>\n<p>&nbsp;<\/p>\n<p>&nbsp;<\/p>\n<p>&nbsp;<\/p>\n<p>&nbsp;<\/p>\n<hr \/>\n<blockquote>\n<h3>ZAIA METTE IN DISCUSSIONE I FONDI PNRR &#8220;SERVE ALTRO NON L&#8217;ABBELLIMENTO DEI TERRITORI&#8221;<\/h3>\n<\/blockquote>\n<p><strong><img loading=\"lazy\" decoding=\"async\" class=\"alignleft\" src=\"https:\/\/www.radiopiu.net\/wordpress\/wp-content\/uploads\/2019\/03\/soldi.jpg\" width=\"99\" height=\"99\" \/>VENEZIA<\/strong> Rivedere la programmazione. Il concetto principale delle parole del Presidente Luca Zaia.<em> &#8220;Serve rilancio dell&#8217;economia no abbellimenti del territorio&#8221;.<\/em> Oggi in conferenza stampa anche il problema economico legato alle vicende belliche. Tasto premuto a pi\u00f9 riprese, costi, aumenti, e via discorrendo, quelli che non risparmiano nessuno e che vanifica vecchi preventivi ormai d&#8217;altri tempi anche per piste da bob, trampolini e viabilit\u00e0 olimpica. Da Venezia l&#8217;idea di rivedere come programmare i 229 miliardi di euro. <em>&#8220;Rivederla&#8221;<\/em> ha sottolineato Zaia.<em>\u00a0<\/em><\/p>\n<p><strong><em>IL PRESIDENTE LUCA ZAIA\u00a0<\/em><\/strong><\/p>\n<audio class=\"wp-audio-shortcode\" id=\"audio-263926-1\" preload=\"none\" style=\"width: 100%;\" controls=\"controls\"><source type=\"audio\/mpeg\" src=\"https:\/\/www.radiopiu.net\/wordpress\/wp-content\/uploads\/2022\/03\/ZAIA-OLIMPIA.mp3?_=1\" \/><a href=\"https:\/\/www.radiopiu.net\/wordpress\/wp-content\/uploads\/2022\/03\/ZAIA-OLIMPIA.mp3\">https:\/\/www.radiopiu.net\/wordpress\/wp-content\/uploads\/2022\/03\/ZAIA-OLIMPIA.mp3<\/a><\/audio>\n<p>&nbsp;<\/p>\n<p>&nbsp;<\/p>\n<hr \/>\n<p>&nbsp;<\/p>\n<blockquote>\n<h3><a class=\"dt-pswp-item\" href=\"https:\/\/www.radiopiu.net\/wordpress\/wp-content\/uploads\/2020\/06\/e557474c-a46e-408a-ad77-242a0f3ef7c9.jpg\" data-dt-img-description=\"\" data-large_image_width=\"1536\" data-large_image_height=\"2048\"><img loading=\"lazy\" decoding=\"async\" class=\"wp-image-144899 alignleft\" src=\"https:\/\/www.radiopiu.net\/wordpress\/wp-content\/uploads\/2020\/06\/e557474c-a46e-408a-ad77-242a0f3ef7c9-225x300.jpg\" alt=\"\" width=\"91\" height=\"121\" srcset=\"https:\/\/www.radiopiu.net\/wordpress\/wp-content\/uploads\/2020\/06\/e557474c-a46e-408a-ad77-242a0f3ef7c9-225x300.jpg 225w, https:\/\/www.radiopiu.net\/wordpress\/wp-content\/uploads\/2020\/06\/e557474c-a46e-408a-ad77-242a0f3ef7c9-768x1024.jpg 768w, https:\/\/www.radiopiu.net\/wordpress\/wp-content\/uploads\/2020\/06\/e557474c-a46e-408a-ad77-242a0f3ef7c9-1152x1536.jpg 1152w, https:\/\/www.radiopiu.net\/wordpress\/wp-content\/uploads\/2020\/06\/e557474c-a46e-408a-ad77-242a0f3ef7c9.jpg 1536w\" sizes=\"auto, (max-width: 91px) 100vw, 91px\" \/><\/a>RACCOLTA FARMACI IN FARMACIA<\/h3>\n<\/blockquote>\n<p><strong>AGORDO<\/strong> L&#8217;azienda speciale Agordo Servizi, presso la farmacia comunale di Agordo, promuove una raccolta di farmaci e dispositivi medici in favore della popolazione ucraina colpita dalla guerra. Il materiale raccolta sar\u00e0 consegnato alla Croce Rossa italiana. Si possono donare: aspirina, tachipirina, moment, vitamine, soluzioni fisiologiche e glucosate, ringer lattato, acqua ossigenata, disinfettante, betadine, garze, cerotti, bende&#8230; Informazioni allo 0437 62564<\/p>\n<p>&nbsp;<\/p>\n<hr \/>\n<p>&nbsp;<\/p>\n<blockquote>\n<h3><a class=\"dt-pswp-item\" href=\"https:\/\/www.radiopiu.net\/wordpress\/wp-content\/uploads\/2022\/03\/Sandro_Da_Rold_con_Gallina_e_Da_Re.jpg\" data-dt-img-description=\"\" data-large_image_width=\"2048\" data-large_image_height=\"1365\"><img loading=\"lazy\" decoding=\"async\" class=\"wp-image-263999 alignleft\" src=\"https:\/\/www.radiopiu.net\/wordpress\/wp-content\/uploads\/2022\/03\/Sandro_Da_Rold_con_Gallina_e_Da_Re-300x200.jpg\" alt=\"\" width=\"134\" height=\"90\" srcset=\"https:\/\/www.radiopiu.net\/wordpress\/wp-content\/uploads\/2022\/03\/Sandro_Da_Rold_con_Gallina_e_Da_Re-300x200.jpg 300w, https:\/\/www.radiopiu.net\/wordpress\/wp-content\/uploads\/2022\/03\/Sandro_Da_Rold_con_Gallina_e_Da_Re-1024x683.jpg 1024w, https:\/\/www.radiopiu.net\/wordpress\/wp-content\/uploads\/2022\/03\/Sandro_Da_Rold_con_Gallina_e_Da_Re-768x512.jpg 768w, https:\/\/www.radiopiu.net\/wordpress\/wp-content\/uploads\/2022\/03\/Sandro_Da_Rold_con_Gallina_e_Da_Re-1536x1024.jpg 1536w, https:\/\/www.radiopiu.net\/wordpress\/wp-content\/uploads\/2022\/03\/Sandro_Da_Rold_con_Gallina_e_Da_Re.jpg 2048w\" sizes=\"auto, (max-width: 134px) 100vw, 134px\" \/><\/a>UN AIUTO PER L&#8217;UCRAINA, LA PALLAVOLO BELLUNO DEVOLVE L&#8217;INCASSO AI PROFUGHI<\/h3>\n<\/blockquote>\n<p><b>BELLUNO\u00a0 <\/b>La\u00a0 Pallavolo Belluno domenica, alle 18, giocher\u00e0 alla Spes Arena una partita molto importante contro il Volley Garlasco.\u00a0 L\u2019intero ricavato sar\u00e0 devoluto ai profughi della guerra in Ucraina, in particolare alla Croce Rossa Italiana.<\/p>\n<p>&nbsp;<\/p>\n<hr \/>\n<p>&nbsp;<\/p>\n<p>&nbsp;<\/p>\n<blockquote>\n<h3 style=\"text-align: center;\">INIZIATIVE PER LA PACE E IL DISARMO Due manifestazioni in programma domani, alle 11 a\u00a0 Belluno Parco citt\u00e0 di Bologna con flash mob ed a Canale d&#8217;Agordo alle 20 con la marcia della pace.<\/h3>\n<\/blockquote>\n\n\t\t\t<style type='text\/css'>\n\t\t\t\t#gallery-1 {\n\t\t\t\t\tmargin: auto;\n\t\t\t\t}\n\t\t\t\t#gallery-1 .gallery-item {\n\t\t\t\t\tfloat: left;\n\t\t\t\t\tmargin-top: 10px;\n\t\t\t\t\ttext-align: center;\n\t\t\t\t\twidth: 50%;\n\t\t\t\t}\n\t\t\t\t#gallery-1 img {\n\t\t\t\t\tborder: 2px solid #cfcfcf;\n\t\t\t\t}\n\t\t\t\t#gallery-1 .gallery-caption {\n\t\t\t\t\tmargin-left: 0;\n\t\t\t\t}\n\t\t\t\t\/* see gallery_shortcode() in wp-includes\/media.php *\/\n\t\t\t<\/style>\n\t\t<div id='gallery-1' class='dt-gallery-container gallery galleryid-263926 gallery-columns-2 gallery-size-medium'><dl class='gallery-item'>\n\t\t\t\t<dt class='gallery-icon portrait'>\n\t\t\t\t\t<a class=\"rollover rollover-zoom dt-pswp-item\" title=\"LOCANDINA FLASH MOB\" data-dt-img-description=\"\" data-large_image_width=\"646\" data-large_image_height=\"924\"href='https:\/\/www.radiopiu.net\/wordpress\/wp-content\/uploads\/2022\/03\/LOCANDINA-FLASH-MOB.jpg'><img loading=\"lazy\" decoding=\"async\" width=\"210\" height=\"300\" src=\"https:\/\/www.radiopiu.net\/wordpress\/wp-content\/uploads\/2022\/03\/LOCANDINA-FLASH-MOB-210x300.jpg\" class=\"attachment-medium size-medium\" alt=\"\" srcset=\"https:\/\/www.radiopiu.net\/wordpress\/wp-content\/uploads\/2022\/03\/LOCANDINA-FLASH-MOB-210x300.jpg 210w, https:\/\/www.radiopiu.net\/wordpress\/wp-content\/uploads\/2022\/03\/LOCANDINA-FLASH-MOB.jpg 646w\" sizes=\"auto, (max-width: 210px) 100vw, 210px\" \/><\/a>\n\t\t\t\t<\/dt><\/dl><dl class='gallery-item'>\n\t\t\t\t<dt class='gallery-icon portrait'>\n\t\t\t\t\t<a class=\"rollover rollover-zoom dt-pswp-item\" title=\"Fiaccolata per la pace\" data-dt-img-description=\"\" data-large_image_width=\"1810\" data-large_image_height=\"2560\"href='https:\/\/www.radiopiu.net\/wordpress\/wp-content\/uploads\/2022\/03\/Fiaccolata-per-la-pace-1-scaled.jpg'><img loading=\"lazy\" decoding=\"async\" width=\"212\" height=\"300\" src=\"https:\/\/www.radiopiu.net\/wordpress\/wp-content\/uploads\/2022\/03\/Fiaccolata-per-la-pace-1-212x300.jpg\" class=\"attachment-medium size-medium\" alt=\"\" srcset=\"https:\/\/www.radiopiu.net\/wordpress\/wp-content\/uploads\/2022\/03\/Fiaccolata-per-la-pace-1-212x300.jpg 212w, https:\/\/www.radiopiu.net\/wordpress\/wp-content\/uploads\/2022\/03\/Fiaccolata-per-la-pace-1-724x1024.jpg 724w, https:\/\/www.radiopiu.net\/wordpress\/wp-content\/uploads\/2022\/03\/Fiaccolata-per-la-pace-1-768x1086.jpg 768w, https:\/\/www.radiopiu.net\/wordpress\/wp-content\/uploads\/2022\/03\/Fiaccolata-per-la-pace-1-1086x1536.jpg 1086w, https:\/\/www.radiopiu.net\/wordpress\/wp-content\/uploads\/2022\/03\/Fiaccolata-per-la-pace-1-1448x2048.jpg 1448w, https:\/\/www.radiopiu.net\/wordpress\/wp-content\/uploads\/2022\/03\/Fiaccolata-per-la-pace-1-scaled.jpg 1810w\" sizes=\"auto, (max-width: 212px) 100vw, 212px\" \/><\/a>\n\t\t\t\t<\/dt><\/dl><br style=\"clear: both\" \/>\n\t\t\t<\/div>\n\n<p><strong>IL MESSAGGIO AI PARLAMENTARI BELLUNESI DA &#8220;PACE E DISARMO&#8221;<\/strong> : <em>Siamo d\u2019accordo con il vostro voto laddove condanna fermamente l\u2019invasione russa dell\u2019Ucraina e preme, anche con sanzioni economiche, perch\u00e9 la Russia cessi immediatamente l\u2019aggressione al popolo ucraino. Non siamo d\u2019accordo con il vostro voto, n\u00e9 con la politica italiana ed europea, dove invece prevede un sostegno militare all\u2019Ucraina. L\u2019Ucraina ha bisogno di un immediato cessate il fuoco, che preservi la vita del suo popolo, non ne accresca le immani sofferenze e metta fine alla distruzione del suo territorio. Le armi uccidono e distruggono, non salvano nessuno e di certo allontano il cessate il fuoco. Parliamoci chiaro: con le armi non si fa la pace, e con la guerra non si risolvono i conflitti internazionali.<\/em><\/p>\n<p>&nbsp;<\/p>\n<p>&nbsp;<\/p>\n<hr \/>\n<p>&nbsp;<\/p>\n<p><strong class=\"photoswipe-wrapper\"><a class=\"dt-pswp-item pspw-wrap-ready\" href=\"https:\/\/www.radiopiu.net\/wordpress\/wp-content\/uploads\/2022\/02\/AIUTO-UCRAINA.jpg\" data-dt-img-description=\"\" data-large_image_width=\"374\" data-large_image_height=\"188\"><img loading=\"lazy\" decoding=\"async\" class=\" wp-image-262104 alignleft\" src=\"https:\/\/www.radiopiu.net\/wordpress\/wp-content\/uploads\/2022\/02\/AIUTO-UCRAINA-300x151.jpg\" sizes=\"auto, (max-width: 195px) 100vw, 195px\" srcset=\"https:\/\/www.radiopiu.net\/wordpress\/wp-content\/uploads\/2022\/02\/AIUTO-UCRAINA-300x151.jpg 300w, https:\/\/www.radiopiu.net\/wordpress\/wp-content\/uploads\/2022\/02\/AIUTO-UCRAINA.jpg 374w\" alt=\"\" width=\"195\" height=\"98\" \/><\/a>CANALE D\u2019AGORDO<\/strong> campagna di aiuto alla popolazione ucraina anche in Agordino. Nella sala consigliare di Canale D\u2019Agordo\u00a0 TUTTI I GIORNI dalle 9 alle 19, si possono portare generi alimentari e quanto richiesto: PRODOTTI A LUNGA CONSERVAZIONE\u00a0 \u2013 \u00a0GENERI SANITARI \u2013\u00a0 VESTIARIO ANCHE PER BAMBINI.\u00a0<strong>OSPITALITA\u2019 AI PROFUGHI<\/strong>\u00a0(RIVOLGERSI ALLA CARITAS DIOCESANA DI BELLUNO (0437.941681)\u00a0\u00a0<strong>CONTRIBUTI<\/strong>\u00a0ALLA CARITAS DI BELLUNO UN\u2019OFFERTA ALL\u2019IBAN IT86P0306909606100000143821 CAUSALE \u201cEMERGENZA UCRAINA\u201d\u00a0<strong>REFERENTE:<\/strong>\u00a0FONDAZIONE PAPA LUCIANI ONLUS DI CANALE D\u2019AGORDO TEL. 345 1512564; loris@fondazionepapaluciani.com<\/p>\n<p>&nbsp;<\/p>\n<hr \/>\n<p>&nbsp;<\/p>\n<blockquote>\n<h3>IL COMUNE DI FELTRE ADOTTA UN PROVVEDIMENTO D&#8217;URGENZA PER ACCOGLIERE IL POPOLO UCRAINO IN FUGA DALLA GUERRA<\/h3>\n<\/blockquote>\n<p><strong><a class=\"dt-pswp-item\" href=\"https:\/\/www.radiopiu.net\/wordpress\/wp-content\/uploads\/2018\/09\/FELTRE-1.jpg\" data-dt-img-description=\"\" data-large_image_width=\"2816\" data-large_image_height=\"2112\"><img loading=\"lazy\" decoding=\"async\" class=\"size-medium wp-image-62188 alignleft\" src=\"https:\/\/www.radiopiu.net\/wordpress\/wp-content\/uploads\/2018\/09\/FELTRE-1-300x225.jpg\" alt=\"\" width=\"300\" height=\"225\" srcset=\"https:\/\/www.radiopiu.net\/wordpress\/wp-content\/uploads\/2018\/09\/FELTRE-1-300x225.jpg 300w, https:\/\/www.radiopiu.net\/wordpress\/wp-content\/uploads\/2018\/09\/FELTRE-1-768x576.jpg 768w, https:\/\/www.radiopiu.net\/wordpress\/wp-content\/uploads\/2018\/09\/FELTRE-1-1024x768.jpg 1024w\" sizes=\"auto, (max-width: 300px) 100vw, 300px\" \/><\/a>FELTRE <\/strong>In relazione all\u2019emergenza in Ucraina e all\u2019atteso arrivo di rifugiati, la giunta comunale ha adottato un provvedimento d\u2019urgenza con cui, al fine di poter far fronte alle spese necessarie alla loro accoglienza nel Comune di Feltre, ha incrementato la disponibilit\u00e0 del capitolo di spesa \u201cInterventi in campo sociale\u201d per \u20ac 10.000 mediante un prelevamento dal \u201cFondo di riserva\u201d. La somma sar\u00e0 integrata anche da quanto raccolto mediante la sottoscrizione avviata nei giorni scorsi su un conto corrente dedicato presso l\u2019Azienda Feltrina per i Servizi Alla Persona. I Servizi Sociali stanno provvedendo ad adeguare la dotazione delle unit\u00e0 abitative comunali gi\u00e0 individuate (alcuni appartamenti per un totale di circa 20 posti). \u00c8 sempre attivo per i cittadini del Comune di Feltre l\u2019indirizzo mail emergenzaucraina@aziendafeltrina.it a cui possono segnalare in via preventiva eventuali disponibilit\u00e0 di strutture per l\u2019accoglienza che verranno attivate d\u2019intesa con la Prefettura in caso di necessit\u00e0.<\/p>\n<p><strong>GIORGIA LI CASTRI, ASSESSORE DEL COMUNE DI FELTRE<\/strong><\/p>\n<audio class=\"wp-audio-shortcode\" id=\"audio-263926-2\" preload=\"none\" style=\"width: 100%;\" controls=\"controls\"><source type=\"audio\/mpeg\" src=\"https:\/\/www.radiopiu.net\/wordpress\/wp-content\/uploads\/2022\/03\/GIORGIA-LI-CASTRI-UCRAINA.mp3?_=2\" \/><a href=\"https:\/\/www.radiopiu.net\/wordpress\/wp-content\/uploads\/2022\/03\/GIORGIA-LI-CASTRI-UCRAINA.mp3\">https:\/\/www.radiopiu.net\/wordpress\/wp-content\/uploads\/2022\/03\/GIORGIA-LI-CASTRI-UCRAINA.mp3<\/a><\/audio>\n<p>&nbsp;<\/p>\n<hr \/>\n<p>&nbsp;<\/p>\n<blockquote>\n<h3>UNCEM SI UNISCE AI SINDACI DI MARIUPOL E DI TUTTA L&#8217;UCRAINA. LETTERA DEL PRESIDENTE ALLE AMMINISTRAZIONI CHE VIVONO IL DRAMMA DELLA GUERRA<\/h3>\n<\/blockquote>\n<p><strong><a class=\"dt-pswp-item\" href=\"https:\/\/www.radiopiu.net\/wordpress\/wp-content\/uploads\/2020\/11\/logoUNCEM_no_scritta-wdtr.jpg\" data-dt-img-description=\"\" data-large_image_width=\"640\" data-large_image_height=\"640\"><img loading=\"lazy\" decoding=\"async\" class=\"wp-image-170846 alignleft\" src=\"https:\/\/www.radiopiu.net\/wordpress\/wp-content\/uploads\/2020\/11\/logoUNCEM_no_scritta-wdtr-300x300.jpg\" alt=\"\" width=\"132\" height=\"132\" srcset=\"https:\/\/www.radiopiu.net\/wordpress\/wp-content\/uploads\/2020\/11\/logoUNCEM_no_scritta-wdtr-300x300.jpg 300w, https:\/\/www.radiopiu.net\/wordpress\/wp-content\/uploads\/2020\/11\/logoUNCEM_no_scritta-wdtr-150x150.jpg 150w, https:\/\/www.radiopiu.net\/wordpress\/wp-content\/uploads\/2020\/11\/logoUNCEM_no_scritta-wdtr.jpg 640w\" sizes=\"auto, (max-width: 132px) 100vw, 132px\" \/><\/a>ROMA\u00a0<\/strong>La vicinanza dei Sindaci e dell&#8217;Uncem ai Sindaci e alle Amministrazioni dei Comuni dell&#8217;Ucraina \u00e8 stata espressa anche in una lettera inviata ai Primi Cittadini che affrontano il dramma della guerra. Commossi, uniti spiritualmente &#8211; nella preghiera per chi ha fede &#8211; Uncem continua a sostenere tutte le iniziative umanitarie, coordinate da Dipartimento nazionale della Protezione Civile, Ministeri degli Esteri e dell&#8217;Interno, Associazioni del Terzo Settore. Tutti i Sindaci, tutti i territori, tutte le comunit\u00e0 delle zone montane dell&#8217;Italia sono vicine alle comunit\u00e0 dell&#8217;Ucraina. E sono unite a tutte le aree del mondo nelle quali si combatte una assurda &#8220;guerra mondiale a pezzetti&#8221;. Siamo con quei Sindaci provati, siamo con le loro comunit\u00e0.<\/p>\n<p>&nbsp;<\/p>\n<p>&nbsp;<\/p>\n<hr \/>\n<p>&nbsp;<\/p>\n<blockquote>\n<h3>TRUFFA L&#8217;ANZIANO SACERDOTE,\u00a0 DENUNCIATO IL COMPLICE<\/h3>\n<\/blockquote>\n<p><strong><img loading=\"lazy\" decoding=\"async\" class=\"alignleft\" src=\"https:\/\/www.radiopiu.net\/wordpress\/wp-content\/uploads\/2021\/08\/597fd366-dc89-41a3-9290-f529ebb817bd.jpg\" width=\"256\" height=\"115\" \/>FELTRE<\/strong> Una nomade di 36 anni \u00e8 partita da Bolzano e dopo aver raggiunto Feltre \u00e8 stata pizzicata dai Carabinieri mentre metteva in atto una truffa aggravata nei confronti di un anziano sacerdote del territorio, anche il suo complice \u00e8 stato fermato, controllato e denunciato in stato di libert\u00e0. Lei: C.L. 36 anni senza fissa dimora, lui C.D. 35enne trentino.<\/p>\n<p><strong>IL FATTO<\/strong><\/p>\n<p>La donna \u00e8 stata fermata dopo l&#8217;ultimo incontro con la vittima, erano giorni che i Carabinieri stavano controllando i movimenti. E&#8217; stata sorpresa in flagranza di reato mentre stava ritirando la mazzetta di banconote dalle mani del parroco, ingannato con una serie di artifizi. Il sacerdote \u00e8\u00a0 stato infatti indotto ad elargire circa 90mila euro perch\u00e9 la donna lamentava uno stato di grave bisogno. Di sicuro non torner\u00e0 a Belluno in considerazione della misura cautelare di divieto e dimora<\/p>\n<p>&nbsp;<\/p>\n<p>&nbsp;<\/p>\n<hr \/>\n<p>&nbsp;<\/p>\n<blockquote>\n<h3>SBATTE IL GINOCCHIO SULLA ROCCIA. RECUPERATO DAL SOCCORSO ALPINO<\/h3>\n<\/blockquote>\n<p><strong><a class=\"dt-pswp-item\" href=\"https:\/\/www.radiopiu.net\/wordpress\/wp-content\/uploads\/2018\/08\/soccorsoalpino.jpg\" data-dt-img-description=\"\" data-large_image_width=\"1200\" data-large_image_height=\"1200\"><img loading=\"lazy\" decoding=\"async\" class=\" wp-image-59164 alignleft\" src=\"https:\/\/www.radiopiu.net\/wordpress\/wp-content\/uploads\/2018\/08\/soccorsoalpino-300x300.jpg\" alt=\"\" width=\"147\" height=\"147\" srcset=\"https:\/\/www.radiopiu.net\/wordpress\/wp-content\/uploads\/2018\/08\/soccorsoalpino-300x300.jpg 300w, https:\/\/www.radiopiu.net\/wordpress\/wp-content\/uploads\/2018\/08\/soccorsoalpino-150x150.jpg 150w, https:\/\/www.radiopiu.net\/wordpress\/wp-content\/uploads\/2018\/08\/soccorsoalpino-768x768.jpg 768w, https:\/\/www.radiopiu.net\/wordpress\/wp-content\/uploads\/2018\/08\/soccorsoalpino-1024x1024.jpg 1024w, https:\/\/www.radiopiu.net\/wordpress\/wp-content\/uploads\/2018\/08\/soccorsoalpino.jpg 1200w\" sizes=\"auto, (max-width: 147px) 100vw, 147px\" \/><\/a>AURONZO DI CADORE<\/strong> Ieri attorno alle 15 il Soccorso alpino e il Sagf di Auronzo sono stati allertati per un escursionista inglese che si era fatto male, mentre con un gruppo di persone si trovava nei pressi del Rifugio Bosi sul Monte Piana. Il 63enne stava camminando sulla neve, quando la crosta superficiale si era rotta. Sprofondando all&#8217;improvviso, l&#8217;uomo aveva sbattuto il ginocchio su una roccia nascosta e non era pi\u00f9 in grado n\u00e9 di camminare, n\u00e9 di stare in piedi. Sei soccorritori hanno raggiunto con due motoslitte l&#8217;infortunato, che era assistito dalla moglie. Dopo avergli prestato le prime cure, hanno caricato a bordo la coppia, per accompagnarla a valle a Misurina, da dove i due turisti si sono allontati autonomamente.<\/p>\n<p>&nbsp;<\/p>\n<p>&nbsp;<\/p>\n<hr \/>\n<p>&nbsp;<\/p>\n<blockquote>\n<h3>GRAN SECCO E PERICOLO INCENDI, FIAMME LUNGO LA PROVINCIALE<\/h3>\n<\/blockquote>\n<p><strong>RIVAMONTE<\/strong>\u00a0 Solo il rapido intervento dei vigili del fuoco ha evitato il peggio ieri in localit\u00e0 Saret-Le Roste (tra Ponte Alto e Zenich) lungo la strada provinciale che sale a Rivamonte. Sterpaglia in fiamme che avrebbe potuto provocare ben\u00a0 altre conseguenze se l&#8217;allarme non fosse stato inviato con celerit\u00e0 come successo ieri alle 10.30 che ha attivato i vigili del fuoco permanenti Agordo, i volontari\u00a0 di\u00a0 Agordo e Gosaldo. Sul posto Polizia Locale e Carabinieri Forestali. Squadre AIB per bonifica area.<\/p>\n\n\t\t\t<style type='text\/css'>\n\t\t\t\t#gallery-2 {\n\t\t\t\t\tmargin: auto;\n\t\t\t\t}\n\t\t\t\t#gallery-2 .gallery-item {\n\t\t\t\t\tfloat: left;\n\t\t\t\t\tmargin-top: 10px;\n\t\t\t\t\ttext-align: center;\n\t\t\t\t\twidth: 33%;\n\t\t\t\t}\n\t\t\t\t#gallery-2 img {\n\t\t\t\t\tborder: 2px solid #cfcfcf;\n\t\t\t\t}\n\t\t\t\t#gallery-2 .gallery-caption {\n\t\t\t\t\tmargin-left: 0;\n\t\t\t\t}\n\t\t\t\t\/* see gallery_shortcode() in wp-includes\/media.php *\/\n\t\t\t<\/style>\n\t\t<div id='gallery-2' class='dt-gallery-container gallery galleryid-263926 gallery-columns-3 gallery-size-thumbnail'><dl class='gallery-item'>\n\t\t\t\t<dt class='gallery-icon landscape'>\n\t\t\t\t\t<a class=\"rollover rollover-zoom dt-pswp-item\" title=\"61428d90-99de-4540-8415-045d333f4f12\" data-dt-img-description=\"\" data-large_image_width=\"2000\" data-large_image_height=\"934\"href='https:\/\/www.radiopiu.net\/wordpress\/wp-content\/uploads\/2022\/03\/61428d90-99de-4540-8415-045d333f4f12.jpg'><img loading=\"lazy\" decoding=\"async\" width=\"150\" height=\"150\" src=\"https:\/\/www.radiopiu.net\/wordpress\/wp-content\/uploads\/2022\/03\/61428d90-99de-4540-8415-045d333f4f12-150x150.jpg\" class=\"attachment-thumbnail size-thumbnail\" alt=\"\" \/><\/a>\n\t\t\t\t<\/dt><\/dl><dl class='gallery-item'>\n\t\t\t\t<dt class='gallery-icon landscape'>\n\t\t\t\t\t<a class=\"rollover rollover-zoom dt-pswp-item\" title=\"21ea73b3-b5ff-44b7-9605-0316a3969ee2\" data-dt-img-description=\"\" data-large_image_width=\"2000\" data-large_image_height=\"934\"href='https:\/\/www.radiopiu.net\/wordpress\/wp-content\/uploads\/2022\/03\/21ea73b3-b5ff-44b7-9605-0316a3969ee2.jpg'><img loading=\"lazy\" decoding=\"async\" width=\"150\" height=\"150\" src=\"https:\/\/www.radiopiu.net\/wordpress\/wp-content\/uploads\/2022\/03\/21ea73b3-b5ff-44b7-9605-0316a3969ee2-150x150.jpg\" class=\"attachment-thumbnail size-thumbnail\" alt=\"\" \/><\/a>\n\t\t\t\t<\/dt><\/dl><dl class='gallery-item'>\n\t\t\t\t<dt class='gallery-icon landscape'>\n\t\t\t\t\t<a class=\"rollover rollover-zoom dt-pswp-item\" title=\"065b966c-be9f-42a9-b7a7-d29d9e23a0b2\" data-dt-img-description=\"\" data-large_image_width=\"2000\" data-large_image_height=\"934\"href='https:\/\/www.radiopiu.net\/wordpress\/wp-content\/uploads\/2022\/03\/065b966c-be9f-42a9-b7a7-d29d9e23a0b2.jpg'><img loading=\"lazy\" decoding=\"async\" width=\"150\" height=\"150\" src=\"https:\/\/www.radiopiu.net\/wordpress\/wp-content\/uploads\/2022\/03\/065b966c-be9f-42a9-b7a7-d29d9e23a0b2-150x150.jpg\" class=\"attachment-thumbnail size-thumbnail\" alt=\"\" \/><\/a>\n\t\t\t\t<\/dt><\/dl><br style=\"clear: both\" \/>\n\t\t\t<\/div>\n\n<hr \/>\n<p>&nbsp;<\/p>\n<blockquote>\n<h3>CUCINA IN FIAMME, LA CAUSA UN CORTO CIRCUITO<\/h3>\n<\/blockquote>\n<p><strong>FELTRE<\/strong> Incendio ieri alle 13 in un&#8217;abitazionedi via Dante Alighieri. Cucina\u00a0 devastata\u00a0 in seguito ad un probabile corto circuito, nell&#8217;abitazione non c&#8217;era nessuno. Quando \u00e8 rientrata, la padrona di casa ha trovato il fumo e ha chiamato i pompieri. Sul posto \u00e8 arrivata la squadra dei vigili del fuoco di Feltre con due mezzi. L&#8217;incendio \u00e8 stato domato abbastanza rapidamente.<\/p>\n<p>&nbsp;<\/p>\n<hr \/>\n<p>&nbsp;<\/p>\n<blockquote>\n<h3>AUTO A FUOCO ALLA FENADORA<\/h3>\n<\/blockquote>\n<p><strong>FONZASO<\/strong> Ieri mattina vigili del fuoco in zona Fenadora\u00a0 per un&#8217;autovettura andata a fuoco, una Bmw serie 1che ha costretto il conducente a scendere precipitosamente per evitare il peggio. L&#8217;aspetto curioso della vicenda \u00e8 che il punto dove l&#8217;auto ha preso fuoco, non \u00e8 molto distante da dove, lungo nel pomeriggio di mercoled\u00ec aveva preso fuoco un autocarro di una ditta alpagota che svolge lavori boschivi.<\/p>\n<p>&nbsp;<\/p>\n<hr \/>\n<p>&nbsp;<\/p>\n<blockquote>\n<h3>NON E&#8217; ANCORA NOTA LA DATA DEI FUNERALI DI RIZIERI ONGARO<\/h3>\n<\/blockquote>\n<p><strong>CENCENIGHE\u00a0<\/strong> Sono \u00a0necessari ancora alcuni giorni di attesa prima di veder fissata la data dell&#8217;ultimo saluto a Rizieri Ongaro, le procedure prima del rilascio del nulla osta potrebbero far slittare le esequie all&#8217;inizio della prossima settimana.La magistratura sta conducendo una indagine per omicidio colposo sull&#8217;incidente di marted\u00ec che ha portato alla morte dello stimato amministratore sulle piste di sci del comprensorio del Civetta in seguito ad un uno scontro tra Ongaro e un turista inglese di 29 anni finito in ospedale per una lussazione alla spalla.<br \/>\nNelle foto la presenza di Ongaro all&#8217;inaugurazione della galleria di Listolade e del museo degli scalpellini di Cencenighe<\/p>\n\n\t\t\t<style type='text\/css'>\n\t\t\t\t#gallery-3 {\n\t\t\t\t\tmargin: auto;\n\t\t\t\t}\n\t\t\t\t#gallery-3 .gallery-item {\n\t\t\t\t\tfloat: left;\n\t\t\t\t\tmargin-top: 10px;\n\t\t\t\t\ttext-align: center;\n\t\t\t\t\twidth: 25%;\n\t\t\t\t}\n\t\t\t\t#gallery-3 img {\n\t\t\t\t\tborder: 2px solid #cfcfcf;\n\t\t\t\t}\n\t\t\t\t#gallery-3 .gallery-caption {\n\t\t\t\t\tmargin-left: 0;\n\t\t\t\t}\n\t\t\t\t\/* see gallery_shortcode() in wp-includes\/media.php *\/\n\t\t\t<\/style>\n\t\t<div id='gallery-3' class='dt-gallery-container gallery galleryid-263926 gallery-columns-4 gallery-size-thumbnail'><dl class='gallery-item'>\n\t\t\t\t<dt class='gallery-icon landscape'>\n\t\t\t\t\t<a class=\"rollover rollover-zoom dt-pswp-item\" title=\"rizieri\" data-dt-img-description=\"\" data-large_image_width=\"1024\" data-large_image_height=\"681\"href='https:\/\/www.radiopiu.net\/wordpress\/wp-content\/uploads\/2022\/03\/25cc9bdc-55ba-485f-b409-34159cdc980a.jpg'><img loading=\"lazy\" decoding=\"async\" width=\"150\" height=\"150\" src=\"https:\/\/www.radiopiu.net\/wordpress\/wp-content\/uploads\/2022\/03\/25cc9bdc-55ba-485f-b409-34159cdc980a-150x150.jpg\" class=\"attachment-thumbnail size-thumbnail\" alt=\"\" \/><\/a>\n\t\t\t\t<\/dt><\/dl><dl class='gallery-item'>\n\t\t\t\t<dt class='gallery-icon landscape'>\n\t\t\t\t\t<a class=\"rollover rollover-zoom dt-pswp-item\" title=\"rizieri\" data-dt-img-description=\"\" data-large_image_width=\"1024\" data-large_image_height=\"681\"href='https:\/\/www.radiopiu.net\/wordpress\/wp-content\/uploads\/2022\/03\/55f8feba-b239-4064-8ae4-f963e5e771f3.jpg'><img loading=\"lazy\" decoding=\"async\" width=\"150\" height=\"150\" src=\"https:\/\/www.radiopiu.net\/wordpress\/wp-content\/uploads\/2022\/03\/55f8feba-b239-4064-8ae4-f963e5e771f3-150x150.jpg\" class=\"attachment-thumbnail size-thumbnail\" alt=\"\" \/><\/a>\n\t\t\t\t<\/dt><\/dl><dl class='gallery-item'>\n\t\t\t\t<dt class='gallery-icon landscape'>\n\t\t\t\t\t<a class=\"rollover rollover-zoom dt-pswp-item\" title=\"rizieri\" data-dt-img-description=\"\" data-large_image_width=\"1024\" data-large_image_height=\"768\"href='https:\/\/www.radiopiu.net\/wordpress\/wp-content\/uploads\/2022\/03\/4689eed8-ff6e-4395-9cc5-2de0155b5c5c.jpg'><img loading=\"lazy\" decoding=\"async\" width=\"150\" height=\"150\" src=\"https:\/\/www.radiopiu.net\/wordpress\/wp-content\/uploads\/2022\/03\/4689eed8-ff6e-4395-9cc5-2de0155b5c5c-150x150.jpg\" class=\"attachment-thumbnail size-thumbnail\" alt=\"\" \/><\/a>\n\t\t\t\t<\/dt><\/dl><dl class='gallery-item'>\n\t\t\t\t<dt class='gallery-icon landscape'>\n\t\t\t\t\t<a class=\"rollover rollover-zoom dt-pswp-item\" title=\"rizieri\" data-dt-img-description=\"\" data-large_image_width=\"1024\" data-large_image_height=\"768\"href='https:\/\/www.radiopiu.net\/wordpress\/wp-content\/uploads\/2022\/03\/6be584d7-2e02-4dda-a763-0550bde5eec7.jpg'><img loading=\"lazy\" decoding=\"async\" width=\"150\" height=\"150\" src=\"https:\/\/www.radiopiu.net\/wordpress\/wp-content\/uploads\/2022\/03\/6be584d7-2e02-4dda-a763-0550bde5eec7-150x150.jpg\" class=\"attachment-thumbnail size-thumbnail\" alt=\"\" \/><\/a>\n\t\t\t\t<\/dt><\/dl><br style=\"clear: both\" \/>\n\t\t\t<\/div>\n\n<p>&nbsp;<\/p>\n<hr \/>\n<p>&nbsp;<\/p>\n<blockquote>\n<h3>IL ROTARY CLUB BELLUNO PIANGE LUIGI ARDILLO<\/h3>\n<\/blockquote>\n<p><strong><a class=\"dt-pswp-item\" href=\"https:\/\/www.radiopiu.net\/wordpress\/wp-content\/uploads\/2022\/03\/ardillo_paganin.png\" data-dt-img-description=\"\" data-large_image_width=\"311\" data-large_image_height=\"591\"><img loading=\"lazy\" decoding=\"async\" class=\" wp-image-264130 alignleft\" src=\"https:\/\/www.radiopiu.net\/wordpress\/wp-content\/uploads\/2022\/03\/ardillo_paganin-158x300.png\" alt=\"\" width=\"94\" height=\"178\" srcset=\"https:\/\/www.radiopiu.net\/wordpress\/wp-content\/uploads\/2022\/03\/ardillo_paganin-158x300.png 158w, https:\/\/www.radiopiu.net\/wordpress\/wp-content\/uploads\/2022\/03\/ardillo_paganin.png 311w\" sizes=\"auto, (max-width: 94px) 100vw, 94px\" \/><\/a>BELLUNO<\/strong> Il Rotary Club Belluno piange la scomparsa di Luigi Ardillo, venuto a mancare questa mattina all\u2019et\u00e0 di 92 anni. Ardillo era socio del Club dal 1976 e fu presidente di annata 1990-1991. Nato a Valenzano, provincia di Bari, \u00e8 stato primario di Ostetricia e Ginecologia dell\u2019ospedale di Belluno. \u00c8 stato inoltre autore di una monografia e di quarantadue pubblicazioni nella materia. \u00ab<em>Luigi Ardillo ci ha lasciato &#8211; le parole di Patrizia Pedone, presidente del Rotary Club Belluno, ma vivo \u00e8 il ricordo del nostro socio e amico di grande spessore umano, gentile, generoso, sempre vicino e presente nelle iniziative del Club a sostegno dei bisogni della nostra comunit\u00e0.Un grande esempio di rotariano e di professionista che negli anni ha arricchito tutti noi anche con la sua grande passione per l\u2019arte. Gli siamo riconoscenti per la sua lunga e continua opera a sostegno dei valori rotariani. Il Nostro accorato pensiero va a Ada e ai figli a cui ci stringiamo in un grande abbraccio<\/em>\u00bb.<\/p>\n<p>&nbsp;<\/p>\n<hr \/>\n<p>&nbsp;<\/p>\n<p>&nbsp;<\/p>\n<blockquote>\n<h3>UN PATTEGGIAMENTO DA DUE ANNI PER IL RICATTO A SFONDO SESSUALE<\/h3>\n<\/blockquote>\n<p><a class=\"dt-pswp-item\" href=\"https:\/\/www.radiopiu.net\/wordpress\/wp-content\/uploads\/2022\/03\/istockphoto-885767148-170667a.jpg\" data-dt-img-description=\"A criminal with a knife in his hand and dollars. Protecting their pocket money. The threat of a knife. Night burglary. Extortion of money. 100\" data-large_image_width=\"509\" data-large_image_height=\"339\"><img loading=\"lazy\" decoding=\"async\" class=\"wp-image-264167 alignleft\" src=\"https:\/\/www.radiopiu.net\/wordpress\/wp-content\/uploads\/2022\/03\/istockphoto-885767148-170667a-300x200.jpg\" alt=\"\" width=\"143\" height=\"95\" srcset=\"https:\/\/www.radiopiu.net\/wordpress\/wp-content\/uploads\/2022\/03\/istockphoto-885767148-170667a-300x200.jpg 300w, https:\/\/www.radiopiu.net\/wordpress\/wp-content\/uploads\/2022\/03\/istockphoto-885767148-170667a.jpg 509w\" sizes=\"auto, (max-width: 143px) 100vw, 143px\" \/><\/a><\/p>\n<p><strong>CORTINA<\/strong>\u00a0 La banda rumena \u00e8 riuscita nel tempo a spillare ad un anziano oltre 1000 euro, ma non si sono accontentati ne volevano di pi\u00f9, almeno 8000 e per questo l&#8217;uomo \u00e8 stato anche minacciato. Scattata la denuncia le indagini hanno portato in tribunale quattro persone.\u00a0 Sono\u00a0 \u00a0quattro i rumeni imputati di tentata estorsione: a patteggiare ieri N.L.F, la presunta madre della minore che l&#8217;anziano avrebbe minacciato con una pistola, tentando approcci a sfondo sessuale. Per lei 1 anno e 11 mesi di condanna. Sempre irreperibili gli altri due rumeni D.S. e P.F. (per i quali si \u00e8 rinviato al 2023). L&#8217;estorsione confermata dalle prove: foto e video con cui minacciavano l&#8217;80enne. Il pagamento\u00a0 di\u00a0 450 euro, poi 600\u00a0 in un bar di Conegliano tra il 14 e il 20 agosto del 2021. Il giorno dopo, gli stessi rumeni ne chiedevano altri 8000<\/p>\n<p>&nbsp;<\/p>\n<hr \/>\n<p>&nbsp;<\/p>\n<blockquote>\n<h3>&#8220;Mordi &amp; fuggi&#8221; saltata per aria \u00abPuzza di benzina ovunque\u00bb<\/h3>\n<\/blockquote>\n<p><strong>\u00a0OGGI SUL CORRIERE DELLE ALPI.\u00a0<\/strong><br \/>\n<strong>di\u00a0 CRISTINA CONTENTO\u00a0<\/strong><br \/>\n<strong><a class=\"dt-pswp-item\" href=\"https:\/\/www.radiopiu.net\/wordpress\/wp-content\/uploads\/2022\/03\/Senza-nome-7.jpg\" data-dt-img-description=\"\" data-large_image_width=\"425\" data-large_image_height=\"289\"><img loading=\"lazy\" decoding=\"async\" class=\"wp-image-264169 alignleft\" src=\"https:\/\/www.radiopiu.net\/wordpress\/wp-content\/uploads\/2022\/03\/Senza-nome-7-300x204.jpg\" alt=\"\" width=\"184\" height=\"125\" srcset=\"https:\/\/www.radiopiu.net\/wordpress\/wp-content\/uploads\/2022\/03\/Senza-nome-7-300x204.jpg 300w, https:\/\/www.radiopiu.net\/wordpress\/wp-content\/uploads\/2022\/03\/Senza-nome-7.jpg 425w\" sizes=\"auto, (max-width: 184px) 100vw, 184px\" \/><\/a>PIEVE DI CADORE<\/strong> Odore di benzina sull&#8217;asfalto, sull&#8217;unica scarpa da tennis ritrovata in strada, in ambulanza e al pronto soccorso; e in quel locale saltato per aria tra il 23 e il 24 aprile del 2017.E tante minacce. Per gli inquirenti, l&#8217;obiettivo sul &#8220;Mordi e fuggi&#8221; era il risarcimento dell&#8217;assicurazione. Il dubbio di una ritorsione \u00e8 stato invece insinuato ieri&#8230;. .Rivivono in un&#8217;aula di tribunale brividi e stupore degli abitanti di Pieve, quella notte: nel processo per l&#8217;incendio con esplosione della pizzeria &#8220;Mordi e fuggi&#8221;, nella notte tra il 23 e il 24 aprile 2017. Alla sbarra, Fabio Laritonda, brindisino di 45 anni; Pasquale Ferraro, barese di 26 anni; il tassista Giuseppe Lauro, napoletano di 62 anni; il titolare Alessandro Piccin, 46enne di Pieve; Luigi Zanettin, cadorino di 41 anni<\/p>\n<p>&nbsp;<\/p>\n<p>&nbsp;<\/p>\n<hr \/>\n<blockquote>\n<h3><\/h3>\n<h3>LA REGIONE SCEGLIE RECOARO TERME, SFUMA IL SOGNO DA 20 MILIONI PER SOTTOGUDA<\/h3>\n<\/blockquote>\n<div class=\"amico-article__summary\">\n<blockquote><p><em><img loading=\"lazy\" decoding=\"async\" class=\"alignleft\" src=\"https:\/\/www.radiopiu.net\/wordpress\/wp-content\/uploads\/2021\/07\/Chiesa-Sottoguda-Consorzio-Turistico-Marmolada-1.jpg\" width=\"178\" height=\"134\" \/>L\u2019annuncio dell\u2019assessore regionale Corazzari (nella foto sotto ): per il Veneto la Regione ha scelto Recoaro Terme fra i 9 borghi storici (tra cui i 3 bellunesi) che erano stati pre-selezionati per ricevere i 20 milioni messi a disposizione dal Ministero della Cultura per attuare una riqualificazione modello.<\/em><\/p><\/blockquote>\n<\/div>\n<div class=\"amico-article__tags\"><strong>LA DELUSIONE DEL SINDACO ANDREA DE BERNARDIN\u00a0<\/strong><\/div>\n<div><\/div>\n<div>\n<audio class=\"wp-audio-shortcode\" id=\"audio-263926-3\" preload=\"none\" style=\"width: 100%;\" controls=\"controls\"><source type=\"audio\/mpeg\" src=\"https:\/\/www.radiopiu.net\/wordpress\/wp-content\/uploads\/2022\/03\/andrea.mp3?_=3\" \/><a href=\"https:\/\/www.radiopiu.net\/wordpress\/wp-content\/uploads\/2022\/03\/andrea.mp3\">https:\/\/www.radiopiu.net\/wordpress\/wp-content\/uploads\/2022\/03\/andrea.mp3<\/a><\/audio>\n<p>&nbsp;<\/p>\n<blockquote><p><em><a class=\"dt-pswp-item\" href=\"https:\/\/www.radiopiu.net\/wordpress\/wp-content\/uploads\/2020\/05\/CRISTIANO-CORAZZARI.jpg\" data-dt-img-description=\"\" data-large_image_width=\"400\" data-large_image_height=\"400\"><img loading=\"lazy\" decoding=\"async\" class=\"wp-image-139133 alignleft\" src=\"https:\/\/www.radiopiu.net\/wordpress\/wp-content\/uploads\/2020\/05\/CRISTIANO-CORAZZARI-300x300.jpg\" alt=\"\" width=\"141\" height=\"141\" srcset=\"https:\/\/www.radiopiu.net\/wordpress\/wp-content\/uploads\/2020\/05\/CRISTIANO-CORAZZARI-300x300.jpg 300w, https:\/\/www.radiopiu.net\/wordpress\/wp-content\/uploads\/2020\/05\/CRISTIANO-CORAZZARI-150x150.jpg 150w, https:\/\/www.radiopiu.net\/wordpress\/wp-content\/uploads\/2020\/05\/CRISTIANO-CORAZZARI.jpg 400w\" sizes=\"auto, (max-width: 141px) 100vw, 141px\" \/><\/a>Il progetto selezionato dalla Giunta del Veneto sar\u00e0 presentato al Ministero della Cultura entro il 15 marzo e successivamente seguir\u00e0 una fase negoziale condotta da un Comitato tecnico istituito dal Ministero stesso, tesa alla verifica della proposta progettuale. Il percorso dovr\u00e0 concludersi entro maggio\u00a0 con l\u2019ammissione a finanziamento.\u00a0\u00a0<\/em><\/p>\n<p>&nbsp;<\/p>\n<p>&nbsp;<\/p>\n<p>&nbsp;<\/p><\/blockquote>\n<\/div>\n<p>&nbsp;<\/p>\n<hr \/>\n<blockquote>\n<h3><\/h3>\n<h3><\/h3>\n<blockquote>\n<h3><a class=\"dt-pswp-item\" href=\"https:\/\/www.radiopiu.net\/wordpress\/wp-content\/uploads\/2021\/03\/ministrodinca_direttivo_abm.png\" data-dt-img-description=\"\" data-large_image_width=\"1920\" data-large_image_height=\"1080\"><img loading=\"lazy\" decoding=\"async\" class=\"wp-image-199592 alignleft\" src=\"https:\/\/www.radiopiu.net\/wordpress\/wp-content\/uploads\/2021\/03\/ministrodinca_direttivo_abm-300x169.png\" alt=\"\" width=\"170\" height=\"96\" srcset=\"https:\/\/www.radiopiu.net\/wordpress\/wp-content\/uploads\/2021\/03\/ministrodinca_direttivo_abm-300x169.png 300w, https:\/\/www.radiopiu.net\/wordpress\/wp-content\/uploads\/2021\/03\/ministrodinca_direttivo_abm-1024x576.png 1024w, https:\/\/www.radiopiu.net\/wordpress\/wp-content\/uploads\/2021\/03\/ministrodinca_direttivo_abm-768x432.png 768w, https:\/\/www.radiopiu.net\/wordpress\/wp-content\/uploads\/2021\/03\/ministrodinca_direttivo_abm-1536x864.png 1536w, https:\/\/www.radiopiu.net\/wordpress\/wp-content\/uploads\/2021\/03\/ministrodinca_direttivo_abm.png 1920w\" sizes=\"auto, (max-width: 170px) 100vw, 170px\" \/><\/a>LEGGE MONTAGNA PER SOSTENERE I TERRITORI<\/h3>\n<\/blockquote>\n<\/blockquote>\n<p><strong>ROMA\u00a0<\/strong> <em>\u201cNon solo risorse economiche ma un nuovo assetto per favorire la vita in montagna e contrastare il grave fenomeno dello spopolamento: \u00c8 un passo molto importante che conferma l\u2019attenzione del Governo nei confronti della montagna con ripercussioni <strong><a class=\"dt-pswp-item\" href=\"https:\/\/www.radiopiu.net\/wordpress\/wp-content\/uploads\/2021\/02\/DARIO-BOND.jpg\" data-dt-img-description=\"\" data-large_image_width=\"1600\" data-large_image_height=\"737\"><img loading=\"lazy\" decoding=\"async\" class=\"wp-image-191054 alignright\" src=\"https:\/\/www.radiopiu.net\/wordpress\/wp-content\/uploads\/2021\/02\/DARIO-BOND-300x138.jpg\" alt=\"\" width=\"187\" height=\"86\" srcset=\"https:\/\/www.radiopiu.net\/wordpress\/wp-content\/uploads\/2021\/02\/DARIO-BOND-300x138.jpg 300w, https:\/\/www.radiopiu.net\/wordpress\/wp-content\/uploads\/2021\/02\/DARIO-BOND-1024x472.jpg 1024w, https:\/\/www.radiopiu.net\/wordpress\/wp-content\/uploads\/2021\/02\/DARIO-BOND-768x354.jpg 768w, https:\/\/www.radiopiu.net\/wordpress\/wp-content\/uploads\/2021\/02\/DARIO-BOND-1536x708.jpg 1536w, https:\/\/www.radiopiu.net\/wordpress\/wp-content\/uploads\/2021\/02\/DARIO-BOND.jpg 1600w\" sizes=\"auto, (max-width: 187px) 100vw, 187px\" \/><\/a><\/strong>positive e concrete nei confronti delle nostre comunit\u00e0\u201d.\u00a0<\/em>Lo dichiara il Ministro Federico D&#8217;Inc\u00e0. A ruota il deputato Dario Bond\u00a0 <em>\u201cLa carenza di medici di base e <a class=\"dt-pswp-item\" href=\"https:\/\/www.radiopiu.net\/wordpress\/wp-content\/uploads\/2020\/01\/Lorraine_Berton.jpg\" data-dt-img-description=\"\" data-large_image_width=\"767\" data-large_image_height=\"768\"><img loading=\"lazy\" decoding=\"async\" class=\"wp-image-112912 alignleft\" src=\"https:\/\/www.radiopiu.net\/wordpress\/wp-content\/uploads\/2020\/01\/Lorraine_Berton-300x300.jpg\" alt=\"\" width=\"137\" height=\"137\" srcset=\"https:\/\/www.radiopiu.net\/wordpress\/wp-content\/uploads\/2020\/01\/Lorraine_Berton-300x300.jpg 300w, https:\/\/www.radiopiu.net\/wordpress\/wp-content\/uploads\/2020\/01\/Lorraine_Berton-150x150.jpg 150w, https:\/\/www.radiopiu.net\/wordpress\/wp-content\/uploads\/2020\/01\/Lorraine_Berton.jpg 767w\" sizes=\"auto, (max-width: 137px) 100vw, 137px\" \/><\/a>di insegnanti \u00e8 sempre stata un problema della montagna. Con la nuova legge si interviene nel giusto modo per incentivare l\u2019arrivo e la permanenza di professionisti della sanit\u00e0 e della scuola nelle terre alte\u201d<\/em>. Da Belluno\u00a0 la voce anche della numero uno di Confindustria\u00a0 &#8220;<em>L\u2019auspicio \u00e8 che a queste misure ne seguano altre, nello spirito della nuova legge, che <a class=\"dt-pswp-item\" href=\"https:\/\/www.radiopiu.net\/wordpress\/wp-content\/uploads\/2018\/12\/BUSSONE_FLAI_CGIL11122018.jpg\" data-dt-img-description=\"\" data-large_image_width=\"1280\" data-large_image_height=\"853\"><img loading=\"lazy\" decoding=\"async\" class=\"wp-image-69122 alignright\" src=\"https:\/\/www.radiopiu.net\/wordpress\/wp-content\/uploads\/2018\/12\/BUSSONE_FLAI_CGIL11122018-300x200.jpg\" alt=\"\" width=\"162\" height=\"108\" srcset=\"https:\/\/www.radiopiu.net\/wordpress\/wp-content\/uploads\/2018\/12\/BUSSONE_FLAI_CGIL11122018-300x200.jpg 300w, https:\/\/www.radiopiu.net\/wordpress\/wp-content\/uploads\/2018\/12\/BUSSONE_FLAI_CGIL11122018-768x512.jpg 768w, https:\/\/www.radiopiu.net\/wordpress\/wp-content\/uploads\/2018\/12\/BUSSONE_FLAI_CGIL11122018-1024x682.jpg 1024w, https:\/\/www.radiopiu.net\/wordpress\/wp-content\/uploads\/2018\/12\/BUSSONE_FLAI_CGIL11122018.jpg 1280w\" sizes=\"auto, (max-width: 162px) 100vw, 162px\" \/><\/a>vede la montagna come un\u2019area vitale per il Paese in virt\u00f9 del patrimonio storico, ambientale e culturale che possiede.<\/em><em> Si faccia il prima possibile perch\u00e9 tra pandemia, guerra in Ucraina e aumento dei costi dell\u2019energia e delle materie prime, la montagna diventa ogni giorno pi\u00f9 vulnerabile&#8221;.\u00a0<\/em>Di ieri l&#8217;intervento di Marco Bussone, il Presidente Uncem\u00a0 <em>&#8220;Ora sono convinto possa esserci un&#8217;azione forte e coesa in Parlamento, per l&#8217;iter complessivo del ddl che deve definire come spendere bene per i territori 100 milioni di euro stanziati dalla legge <a class=\"dt-pswp-item\" href=\"https:\/\/www.radiopiu.net\/wordpress\/wp-content\/uploads\/2022\/01\/PADRIN-RADIO.png\" data-dt-img-description=\"\" data-large_image_width=\"1400\" data-large_image_height=\"810\"><img loading=\"lazy\" decoding=\"async\" class=\" wp-image-251703 alignleft\" src=\"https:\/\/www.radiopiu.net\/wordpress\/wp-content\/uploads\/2022\/01\/PADRIN-RADIO-300x174.png\" alt=\"\" width=\"222\" height=\"129\" srcset=\"https:\/\/www.radiopiu.net\/wordpress\/wp-content\/uploads\/2022\/01\/PADRIN-RADIO-300x174.png 300w, https:\/\/www.radiopiu.net\/wordpress\/wp-content\/uploads\/2022\/01\/PADRIN-RADIO-1024x592.png 1024w, https:\/\/www.radiopiu.net\/wordpress\/wp-content\/uploads\/2022\/01\/PADRIN-RADIO-768x444.png 768w, https:\/\/www.radiopiu.net\/wordpress\/wp-content\/uploads\/2022\/01\/PADRIN-RADIO.png 1400w\" sizes=\"auto, (max-width: 222px) 100vw, 222px\" \/><\/a>di bilancio per il 2022 e 200 milioni dal 2023. Abbiamo lavorato al provvedimento e ora proseguiamo l&#8217;impegno con il Ministero degli Affari regionali, il Dipartimento che ha seguito finora l&#8217;iter del ddl, tutti i Sindaci che hanno contribuito con idee e proposte alla stesura del testo&#8221;.\u00a0<\/em>Per il Presidente della Provincia Roberto Padrin la montagna deve smettere di essere periferia e luogo remoto, dovr\u00e0 entrare a pieno titolo nelle aree nevralgiche del paese <em>&#8220;I<\/em><em>l valore aggiunto di questa legge\u00a0 &#8211; aggiunge &#8211; \u00e8 il fatto che non si parla di sussidi alla montagna, ma di sviluppo omogeneo delle aree, con un\u2019attenzione particolare a cittadini e imprese, nella logica di tenere le persone a vivere nelle cosiddette \u201cterre alte,\u00a0<\/em> <em>la montagna non \u00e8 solo la nostra casa, ma \u00e8 anche una risorsa ambientale, paesaggistica, storico-culturale e sociale&#8221;.<\/em> Claudia Scarzanella, presidente di Confartigianato s&#8217;affida alla parola speranza, che la crisi internazionali si plachi affinch\u00e9 anche il bellunese possa avere quello sviluppo che le forze sociali ed economiche si meritano<em> &#8220;La nuova legge &#8211; chiosa &#8211; abbatte le distanze tra le vallate, ma anche tra il Bellunese e la pianura, consentendo al nostro territorio di essere attrattivo&#8221;. <a class=\"dt-pswp-item\" href=\"https:\/\/www.radiopiu.net\/wordpress\/wp-content\/uploads\/2020\/05\/ZAIA-1.jpg\" data-dt-img-description=\"\" data-large_image_width=\"656\" data-large_image_height=\"492\"><img loading=\"lazy\" decoding=\"async\" class=\" wp-image-139388 alignright\" src=\"https:\/\/www.radiopiu.net\/wordpress\/wp-content\/uploads\/2020\/05\/ZAIA-1-300x225.jpg\" alt=\"\" width=\"185\" height=\"139\" srcset=\"https:\/\/www.radiopiu.net\/wordpress\/wp-content\/uploads\/2020\/05\/ZAIA-1-300x225.jpg 300w, https:\/\/www.radiopiu.net\/wordpress\/wp-content\/uploads\/2020\/05\/ZAIA-1.jpg 656w\" sizes=\"auto, (max-width: 185px) 100vw, 185px\" \/><\/a><\/em>\u201c<em>Per il Veneto, soprattutto in ottica Olimpiadi Invernali 2026, una strategia nazionale di sostegno e rilancio della montagna \u00e8 quanto mai opportuna. Mi auguro che non ci si perda in lungaggini politiche e burocratiche e che, nel cammino verso Milano-Cortina 2026, si possano trovare all\u2019interno di questo ddl elementi di concreta utilit\u00e0<\/em>\u201d. E\u2019 questo il commento del Presidente della Regione Veneto, Luca Zaia, all\u2019approvazione in Consiglio dei Ministri del ddl per lo sviluppo delle zone montane. \u201c<em>Con le Olimpiadi e varie altre iniziative \u2013 ricorda Zaia \u2013 come Regione abbiamo fatto uno sforzo straordinario di sostegno al futuro nei nostri territori montani, se solo si pensa al Pil che potr\u00e0 produrre l\u2019appuntamento olimpico, valutato in vari miliardi di euro. Le ricadute positive, non solo su Cortina ma su tutto la montagna veneta, proseguiranno per anni \u2013 prosegue il Presidente \u2013 ma un provvedimento organico nazionale, in senso generale, pu\u00f2 essere utile sia per il prima che per il dopo Olimpiadi<\/em>\u201d. <a class=\"dt-pswp-item\" href=\"https:\/\/www.radiopiu.net\/wordpress\/wp-content\/uploads\/2021\/07\/th-21.jpg\" data-dt-img-description=\"\" data-large_image_width=\"286\" data-large_image_height=\"161\"><img loading=\"lazy\" decoding=\"async\" class=\" wp-image-225158 alignleft\" src=\"https:\/\/www.radiopiu.net\/wordpress\/wp-content\/uploads\/2021\/07\/th-21.jpg\" alt=\"\" width=\"201\" height=\"113\" \/><\/a>Anche Paolo Doglioni, presidente di Confindustria Belluno, entra in merito all&#8217;argomento. \u201c<em>Lo sviluppo omogeneo delle aree di montagna \u00e8 il primo passo per evitare spopolamento e desertificazione economica e imprenditoriale<\/em>\u201d. \u00c8 quanto afferma il presidente di\u00a0 Confcommercio Belluno, Paolo Doglioni in relazione al varo della legge sulla montagna esaminato oggi dal Consiglio dei Ministri. \u201c<em>Oggi le terre alte si spopolano perch\u00e9 mancano i servizi. E i servizi chiudono perch\u00e9 mancano le persone. Un circolo vizioso che va interrotto. Questa legge d\u00e0 gli strumenti giusti per invertire la tendenza. Una montagna che si ripopola diventa attrattiva anche per gli esercizi commerciali, autentici presidi economici ma anche sociali per le zone montane<\/em>\u201d.<\/p>\n<blockquote>\n<h3><strong style=\"font-size: 14px;\">ALLA RADIO IL DEPUTATO PD, ROGER DE MENECH\u00a0 \u00a0<\/strong><\/h3>\n<\/blockquote>\n<p><iframe loading=\"lazy\" title=\"WhatsApp Video 2022 03 10 at 14 42 06\" width=\"1200\" height=\"675\" src=\"https:\/\/www.youtube.com\/embed\/rzjrRV9vK20?feature=oembed\" frameborder=\"0\" allow=\"accelerometer; autoplay; clipboard-write; encrypted-media; gyroscope; picture-in-picture\" allowfullscreen><\/iframe><\/p>\n<p>&nbsp;<\/p>\n<p>&nbsp;<\/p>\n<p>&nbsp;<\/p>\n<hr \/>\n<p>&nbsp;<\/p>\n<blockquote>\n<h3>PONTE DEI CASTEI, IL PRECEDENTE DEL 1995 QUANDO APRI&#8217; DI TUTTA FRETTA LA GALLERIA<\/h3>\n<\/blockquote>\n<p><strong><a class=\"dt-pswp-item\" href=\"https:\/\/www.radiopiu.net\/wordpress\/wp-content\/uploads\/2022\/02\/CASTEI.jpg\" data-dt-img-description=\"\" data-large_image_width=\"621\" data-large_image_height=\"327\"><img loading=\"lazy\" decoding=\"async\" class=\" wp-image-261527 alignleft\" src=\"https:\/\/www.radiopiu.net\/wordpress\/wp-content\/uploads\/2022\/02\/CASTEI-300x158.jpg\" alt=\"\" width=\"289\" height=\"152\" srcset=\"https:\/\/www.radiopiu.net\/wordpress\/wp-content\/uploads\/2022\/02\/CASTEI-300x158.jpg 300w, https:\/\/www.radiopiu.net\/wordpress\/wp-content\/uploads\/2022\/02\/CASTEI.jpg 621w\" sizes=\"auto, (max-width: 289px) 100vw, 289px\" \/><\/a>RIVAMONTE<\/strong> Era il 9 ottobre del 1995 quando improvvisamente un masso si stacc\u00f2\u00a0 dalla montagna andando a centrare il camion della Guarnier che viaggiava in direzione Agordo-Belluno. Nello stesso punto dove nel 1978 una valanga travolse un taxi causando la morte di quattro persone. Nello stesso punto dove alcune settimane fa non si \u00e8 staccato un solo masso, ma un&#8217;intera montagna.<\/p>\n<p>E&#8217; la vecchia 203 agordina, dove c&#8217;\u00e8 un progetto avallato dai Comuni, Unione Montana, Ente Parco Nazionale delle Dolomiti Bellunese per la realizzazione della nuova ciclabile. La stessa strada che oggi Veneto Strade vuole rendere di nuovo percorribile anche in vista dei lavori alla <em>Gardaland-Galleria dei Castei<\/em> dove da sempre in caso di pioggia l&#8217;acqua filtra nel tunnel\u00a0 e si spalma sui cristalli delle auto creando un ruscello per tutto il traforo. Nel 1995 la Guarnier lamentava un danno da sessanta milioni di lire appellandosi al famigerato articolo 31 del codice della strada che prevedeva di presentare il conto dei danni ai proprietari dei terreni, quindi al Comune di Rivamonte, il sindaco era Fiori Bristot che gi\u00e0 allora dichiar\u00f2<em> &#8220;Noi su quel tratto di strada non garantiamo la sicurezza&#8221;.<\/em><\/p>\n<div class=\"text\">\n<div class=\"corpoDelTesto dispositivo\">\n<blockquote><p><em><strong>Dispositivo dell&#8217;art. 31 Codice della strada 1<\/strong>. I proprietari devono mantenere le ripe dei fondi laterali alle strade, sia a valle che a monte delle medesime, in stato tale da impedire franamenti o cedimenti del corpo stradale, ivi comprese le opere di sostegno, lo scoscendimento del terreno, l&#8217;ingombro delle pertinenze e della sede stradale in modo da prevenire la caduta di massi o di altro materiale sulla strada. Devono altres\u00ec realizzare, ove occorrono, le necessarie opere di mantenimento ed evitare di eseguire interventi che possono causare i predetti eventi. Chiunque viola le disposizioni del presente articolo \u00e8 soggetto alla sanzione amministrativa del pagamento di una somma da \u20ac 159 a \u20ac 641.\u00a0 La violazione suddetta importa a carico dell&#8217;autore della violazione la sanzione amministrativa accessoria del ripristino, a proprie spese, dello stato dei luoghi<\/em><\/p><\/blockquote>\n<div><\/div>\n<\/div>\n<\/div>\n<blockquote><p><strong>ARTICOLO (gazzettino) del 10 ottobre 1995<\/strong><br \/>\n<a class=\"dt-pswp-item\" href=\"https:\/\/www.radiopiu.net\/wordpress\/wp-content\/uploads\/2022\/03\/riva.jpg\" data-dt-img-description=\"\" data-large_image_width=\"1176\" data-large_image_height=\"880\"><img loading=\"lazy\" decoding=\"async\" class=\"alignnone wp-image-264112 size-full\" src=\"https:\/\/www.radiopiu.net\/wordpress\/wp-content\/uploads\/2022\/03\/riva.jpg\" alt=\"\" width=\"1176\" height=\"880\" srcset=\"https:\/\/www.radiopiu.net\/wordpress\/wp-content\/uploads\/2022\/03\/riva.jpg 1176w, https:\/\/www.radiopiu.net\/wordpress\/wp-content\/uploads\/2022\/03\/riva-300x224.jpg 300w, https:\/\/www.radiopiu.net\/wordpress\/wp-content\/uploads\/2022\/03\/riva-1024x766.jpg 1024w, https:\/\/www.radiopiu.net\/wordpress\/wp-content\/uploads\/2022\/03\/riva-768x575.jpg 768w\" sizes=\"auto, (max-width: 1176px) 100vw, 1176px\" \/><\/a><\/p><\/blockquote>\n<p>&nbsp;<\/p>\n<hr \/>\n<p>&nbsp;<\/p>\n<blockquote>\n<h3>IL CUORE DEI VENETI: 2592 FAMIGLIE METTONO A DISPOSIZIONE 5600 POSTI LETTO PER I PROFUGHI DELL&#8217;UCRAINA<\/h3>\n<\/blockquote>\n<p><strong>VENEZIA<\/strong> Conferenza stampa da Marghera del Presidente Zaia, non solo covid o meglio anche covid oltre all&#8217;emergenza profughi tema di stretta attualita&#8217;.<\/p>\n<p><strong>FOTO COPERTINA\u00a0<\/strong> Quattro ambulanze dalla <a class=\"oajrlxb2 g5ia77u1 qu0x051f esr5mh6w e9989ue4 r7d6kgcz rq0escxv nhd2j8a9 nc684nl6 p7hjln8o kvgmc6g5 cxmmr5t8 oygrvhab hcukyx3x jb3vyjys rz4wbd8a qt6c0cv9 a8nywdso i1ao9s8h esuyzwwr f1sip0of lzcic4wl gpro0wi8 q66pz984 b1v8xokw\" tabindex=\"0\" role=\"link\" href=\"https:\/\/www.facebook.com\/Ulss1Dolomiti?__cft__[0]=AZX1VGQ3KeWk4k0ycG3TXwXIGyMT7dTgRjXC8eS5BpLN4CKKoWmX_bVypUWb1qjATyigmQm-GAALSXQbW2E1ENDuesjTEEgUNM4ZMuCsCYhcDInpqBmQAHDKBGBxfXLaKaSlFkVV6wI41_iEV6nK74Uj&amp;__tn__=-]K-R\"><span class=\"nc684nl6\">Ulss 1 Dolomiti<\/span><\/a> (recentemente dismesse e in buono stato) sono partite per l&#8217;Ucraina: sabato mattina sono state consegnate agli uomini della <a class=\"oajrlxb2 g5ia77u1 qu0x051f esr5mh6w e9989ue4 r7d6kgcz rq0escxv nhd2j8a9 nc684nl6 p7hjln8o kvgmc6g5 cxmmr5t8 oygrvhab hcukyx3x jb3vyjys rz4wbd8a qt6c0cv9 a8nywdso i1ao9s8h esuyzwwr f1sip0of lzcic4wl gpro0wi8 q66pz984 b1v8xokw\" tabindex=\"0\" role=\"link\" href=\"https:\/\/www.facebook.com\/pcbelluno\/?__cft__[0]=AZX1VGQ3KeWk4k0ycG3TXwXIGyMT7dTgRjXC8eS5BpLN4CKKoWmX_bVypUWb1qjATyigmQm-GAALSXQbW2E1ENDuesjTEEgUNM4ZMuCsCYhcDInpqBmQAHDKBGBxfXLaKaSlFkVV6wI41_iEV6nK74Uj&amp;__tn__=kK-R\"><span class=\"nc684nl6\">Protezione Civile Belluno<\/span><\/a> e sono partite subito, guidate dai nostri Alpini, per il punto di raccolta di Palmanova da cui raggiungeranno la Polonia.<\/p>\n<p><strong>IL BOLLETTINO DELLE ULTIME 24 ORE POSITIVI 4613 SU 69.000 TAMPONI (6%) POSITIVI DI OGGI 49924\u00a0 RICOVERATI TOTALI 904 IN AREA CRITICA 833 (-51) TERAPIA 71 (+4) DECESSI 13944 (+7)<\/strong><\/p>\n<p>&nbsp;<\/p>\n<blockquote>\n<h3>LEGGI LA CONFERENZA STAMPA DI LUCA ZAIA<\/h3>\n<p><strong>I FONDI DEL PNRR? ALTRO CHE ABBELLIMENTO DEL TERRITORIO, QUI C&#8217;E&#8217; GENTE CHE RISCHIA DI NON POTER MANGIARE<em>\u00a0<\/em><\/strong><\/p>\n<p><em>Torna ad alzarsi la curva dei contagi Covid in Veneto. Nelle ultime 24 ore i nuovi casi sono stati 4.613. Sono arrivati in Veneto 2.500 profughi ucraini. Pronta una nuova ordinanza. La situazione \u00e8 tragica, questa guerra deve finire. Con 229miliardi del Pnrr sarebbe meglio rivedere i programmi. E poi le accise, la benzina senza accise costerebbe 54 centesimi<\/em><\/p><\/blockquote>\n<p><strong>PANDEMIA<\/strong> Il virus circola ancora, ma non ospedalizza ed \u00e8 gi\u00e0 un buon dato. Speriamo con il 31 marzo di chiudere con le restrizioni passando dalla fase pandemica a quella endemica. Via le restrizioni delle mascherine anche all&#8217;interno. Dati interessanti: 89,4% di persone vaccinate in regione, RT 0,90 (sotto 1) terapie intensive al 4% e area medica all&#8217; 8% incidenza 537,6 su 100 mila abitanti<\/p>\n<p><strong><span style=\"color: #ff0000;\">UCRAINA<\/span>:<\/strong> 2500 profughi registrati con il numero che cambi di ora in ora, 780 a treviso, 450 a Venezia. Tamponi in 14 giorni gi\u00e0 2306, di cui 47 positivi (2%). Siamo davanti a un forte incremento dei flussi con una media di 500 persone al giorno. Ci stiamo preparando al peggio per 40-50 mila profughi in arrivo. 2592 veneti hanno scritto o chiamato al numero verde 800 99 0009 per dare la propria disponibilt\u00e0 mettendo a disposizione 5600 posti letto. <strong>DONAZIONI<\/strong> 1893 versamenti sul conto della Regione per 291mila euro. Nominati i nuovi soggetti attuatori. <strong>ORDINANZA<\/strong> Oggi nuova ordinanza complessa, la madre di questa emergenza, perch\u00e9 disegna gli scenari in base all&#8217;arrivo dei profughi. Stabiliamo dei centri per intercettarli per essere performanti all&#8217;arrivo, ci saranno 26 centri in Regione. Ho voluto l&#8217;obbligo del tampone per tutti quelli che arrivano &#8211; bimbi compresi- che non \u00e8 una violenza, ma di una comunit\u00e0 che accogliamo ma che \u00e8 vaccinata al 30% e non possiamo permetterci recrudescenze. <strong>SALVINI IN POLONIA<\/strong> Non faccio commenti <strong>DIARIA\u00a0<\/strong> Se lo Stato ci da i soldi, noi non ne abbiamo, le donazioni non le utilizzeremo per questo ma per situazioni di emergenza, piccoli, disabili e anziani. <strong>ALLARME NUCLEARE<\/strong>\u00a0 La pastiglia si prende superati certi valori non a &#8230; avete capito. Abbiamo il Piano Nucleare e le centraline che tutti i giorni rilevano le radiazioni. Chiediamo che lo iodio che da noi \u00e8 un farmaco diventi un&#8217;integratore e venga distribuito a tutti e se ci fosse un allarme diamo l&#8217;indicazione di assumere le pastiglie. I paesi che hanno il nucleare hanno gi\u00e0 la disponibilit\u00e0 delle pastiglie di iodio.<\/p>\n<p>https:\/\/www.facebook.com\/zaiaufficiale\/videos\/516328076506334<\/p>\n<p>&nbsp;<\/p>\n<p>&nbsp;<\/p>\n<p>&nbsp;<\/p>\n<hr \/>\n<p><em>\u00a0 \u00a0\u00a0<\/em><\/p>\n<p>&nbsp;<\/p>\n<blockquote><p><strong><span style=\"color: #ff0000;\">COVID NELL&#8217;AGORDINO I POSITIVI:<\/span> ALLEGHE 8 POSITIVI, AGORDO 27, GOSALDO 5, TAIBON 12<\/strong><\/p><\/blockquote>\n<blockquote class=\"wp-embedded-content\" data-secret=\"h8e16LGRZb\"><p><a href=\"https:\/\/www.radiopiu.net\/wordpress\/ag01marzo2210\/\">CORONAVIRUS: AGGIORNAMENTO NAZIONALE 10 MARZO 2022<\/a><\/p><\/blockquote>\n<p><iframe loading=\"lazy\" class=\"wp-embedded-content\" sandbox=\"allow-scripts\" security=\"restricted\" style=\"position: absolute; clip: rect(1px, 1px, 1px, 1px);\" title=\"&#8220;CORONAVIRUS: AGGIORNAMENTO NAZIONALE 10 MARZO 2022&#8221; &#8212; Radio Pi\u00f9\" src=\"https:\/\/www.radiopiu.net\/wordpress\/ag01marzo2210\/embed\/#?secret=h8e16LGRZb\" data-secret=\"h8e16LGRZb\" width=\"600\" height=\"338\" frameborder=\"0\" marginwidth=\"0\" marginheight=\"0\" scrolling=\"no\"><\/iframe><\/p>\n<p>&nbsp;<\/p>\n<blockquote class=\"wp-embedded-content\" data-secret=\"4Cp6PNObJR\"><p><a href=\"https:\/\/www.radiopiu.net\/wordpress\/aggmarz10asa\/\">ALTRI 50 PAZIENTI DIMESSI DAGLI OSPEDALI, 7 I DECESSI<\/a><\/p><\/blockquote>\n<p><iframe loading=\"lazy\" class=\"wp-embedded-content\" sandbox=\"allow-scripts\" security=\"restricted\" style=\"position: absolute; clip: rect(1px, 1px, 1px, 1px);\" title=\"&#8220;ALTRI 50 PAZIENTI DIMESSI DAGLI OSPEDALI, 7 I DECESSI&#8221; &#8212; Radio Pi\u00f9\" src=\"https:\/\/www.radiopiu.net\/wordpress\/aggmarz10asa\/embed\/#?secret=4Cp6PNObJR\" data-secret=\"4Cp6PNObJR\" width=\"600\" height=\"338\" frameborder=\"0\" marginwidth=\"0\" marginheight=\"0\" scrolling=\"no\"><\/iframe><\/p>\n<p>&nbsp;<\/p>\n<h2>I GRAFICI DI TIZIANO DE COL<\/h2>\n\n\t\t\t<style type='text\/css'>\n\t\t\t\t#gallery-4 {\n\t\t\t\t\tmargin: auto;\n\t\t\t\t}\n\t\t\t\t#gallery-4 .gallery-item {\n\t\t\t\t\tfloat: left;\n\t\t\t\t\tmargin-top: 10px;\n\t\t\t\t\ttext-align: center;\n\t\t\t\t\twidth: 33%;\n\t\t\t\t}\n\t\t\t\t#gallery-4 img {\n\t\t\t\t\tborder: 2px solid #cfcfcf;\n\t\t\t\t}\n\t\t\t\t#gallery-4 .gallery-caption {\n\t\t\t\t\tmargin-left: 0;\n\t\t\t\t}\n\t\t\t\t\/* see gallery_shortcode() in wp-includes\/media.php *\/\n\t\t\t<\/style>\n\t\t<div id='gallery-4' class='dt-gallery-container gallery galleryid-263926 gallery-columns-3 gallery-size-medium'><dl class='gallery-item'>\n\t\t\t\t<dt class='gallery-icon landscape'>\n\t\t\t\t\t<a class=\"rollover rollover-zoom dt-pswp-item\" title=\"7d3d99a7-9294-4af6-839a-af33ee1d5fd1\" data-dt-img-description=\"\" data-large_image_width=\"606\" data-large_image_height=\"388\"href='https:\/\/www.radiopiu.net\/wordpress\/wp-content\/uploads\/2022\/03\/7d3d99a7-9294-4af6-839a-af33ee1d5fd1.jpg'><img loading=\"lazy\" decoding=\"async\" width=\"300\" height=\"192\" src=\"https:\/\/www.radiopiu.net\/wordpress\/wp-content\/uploads\/2022\/03\/7d3d99a7-9294-4af6-839a-af33ee1d5fd1-300x192.jpg\" class=\"attachment-medium size-medium\" alt=\"\" srcset=\"https:\/\/www.radiopiu.net\/wordpress\/wp-content\/uploads\/2022\/03\/7d3d99a7-9294-4af6-839a-af33ee1d5fd1-300x192.jpg 300w, https:\/\/www.radiopiu.net\/wordpress\/wp-content\/uploads\/2022\/03\/7d3d99a7-9294-4af6-839a-af33ee1d5fd1.jpg 606w\" sizes=\"auto, (max-width: 300px) 100vw, 300px\" \/><\/a>\n\t\t\t\t<\/dt><\/dl><dl class='gallery-item'>\n\t\t\t\t<dt class='gallery-icon landscape'>\n\t\t\t\t\t<a class=\"rollover rollover-zoom dt-pswp-item\" title=\"d5f45694-b32d-4445-bc66-627b90b9d600\" data-dt-img-description=\"\" data-large_image_width=\"602\" data-large_image_height=\"382\"href='https:\/\/www.radiopiu.net\/wordpress\/wp-content\/uploads\/2022\/03\/d5f45694-b32d-4445-bc66-627b90b9d600.jpg'><img loading=\"lazy\" decoding=\"async\" width=\"300\" height=\"190\" src=\"https:\/\/www.radiopiu.net\/wordpress\/wp-content\/uploads\/2022\/03\/d5f45694-b32d-4445-bc66-627b90b9d600-300x190.jpg\" class=\"attachment-medium size-medium\" alt=\"\" srcset=\"https:\/\/www.radiopiu.net\/wordpress\/wp-content\/uploads\/2022\/03\/d5f45694-b32d-4445-bc66-627b90b9d600-300x190.jpg 300w, https:\/\/www.radiopiu.net\/wordpress\/wp-content\/uploads\/2022\/03\/d5f45694-b32d-4445-bc66-627b90b9d600.jpg 602w\" sizes=\"auto, (max-width: 300px) 100vw, 300px\" \/><\/a>\n\t\t\t\t<\/dt><\/dl><dl class='gallery-item'>\n\t\t\t\t<dt class='gallery-icon landscape'>\n\t\t\t\t\t<a class=\"rollover rollover-zoom dt-pswp-item\" title=\"cd894a92-8a42-490b-a786-19b3a31301e3\" data-dt-img-description=\"\" data-large_image_width=\"618\" data-large_image_height=\"359\"href='https:\/\/www.radiopiu.net\/wordpress\/wp-content\/uploads\/2022\/03\/cd894a92-8a42-490b-a786-19b3a31301e3.jpg'><img loading=\"lazy\" decoding=\"async\" width=\"300\" height=\"174\" src=\"https:\/\/www.radiopiu.net\/wordpress\/wp-content\/uploads\/2022\/03\/cd894a92-8a42-490b-a786-19b3a31301e3-300x174.jpg\" class=\"attachment-medium size-medium\" alt=\"\" srcset=\"https:\/\/www.radiopiu.net\/wordpress\/wp-content\/uploads\/2022\/03\/cd894a92-8a42-490b-a786-19b3a31301e3-300x174.jpg 300w, https:\/\/www.radiopiu.net\/wordpress\/wp-content\/uploads\/2022\/03\/cd894a92-8a42-490b-a786-19b3a31301e3.jpg 618w\" sizes=\"auto, (max-width: 300px) 100vw, 300px\" \/><\/a>\n\t\t\t\t<\/dt><\/dl><br style=\"clear: both\" \/><dl class='gallery-item'>\n\t\t\t\t<dt class='gallery-icon landscape'>\n\t\t\t\t\t<a class=\"rollover rollover-zoom dt-pswp-item\" title=\"c82ea0b7-94a8-417f-b82d-40c7a0c1d9b3\" data-dt-img-description=\"\" data-large_image_width=\"620\" data-large_image_height=\"378\"href='https:\/\/www.radiopiu.net\/wordpress\/wp-content\/uploads\/2022\/03\/c82ea0b7-94a8-417f-b82d-40c7a0c1d9b3.jpg'><img loading=\"lazy\" decoding=\"async\" width=\"300\" height=\"183\" src=\"https:\/\/www.radiopiu.net\/wordpress\/wp-content\/uploads\/2022\/03\/c82ea0b7-94a8-417f-b82d-40c7a0c1d9b3-300x183.jpg\" class=\"attachment-medium size-medium\" alt=\"\" srcset=\"https:\/\/www.radiopiu.net\/wordpress\/wp-content\/uploads\/2022\/03\/c82ea0b7-94a8-417f-b82d-40c7a0c1d9b3-300x183.jpg 300w, https:\/\/www.radiopiu.net\/wordpress\/wp-content\/uploads\/2022\/03\/c82ea0b7-94a8-417f-b82d-40c7a0c1d9b3.jpg 620w\" sizes=\"auto, (max-width: 300px) 100vw, 300px\" \/><\/a>\n\t\t\t\t<\/dt><\/dl><dl class='gallery-item'>\n\t\t\t\t<dt class='gallery-icon landscape'>\n\t\t\t\t\t<a class=\"rollover rollover-zoom dt-pswp-item\" title=\"84a836f6-60a9-4e60-95b0-c395c1408db0\" data-dt-img-description=\"\" data-large_image_width=\"612\" data-large_image_height=\"374\"href='https:\/\/www.radiopiu.net\/wordpress\/wp-content\/uploads\/2022\/03\/84a836f6-60a9-4e60-95b0-c395c1408db0.jpg'><img loading=\"lazy\" decoding=\"async\" width=\"300\" height=\"183\" src=\"https:\/\/www.radiopiu.net\/wordpress\/wp-content\/uploads\/2022\/03\/84a836f6-60a9-4e60-95b0-c395c1408db0-300x183.jpg\" class=\"attachment-medium size-medium\" alt=\"\" srcset=\"https:\/\/www.radiopiu.net\/wordpress\/wp-content\/uploads\/2022\/03\/84a836f6-60a9-4e60-95b0-c395c1408db0-300x183.jpg 300w, https:\/\/www.radiopiu.net\/wordpress\/wp-content\/uploads\/2022\/03\/84a836f6-60a9-4e60-95b0-c395c1408db0.jpg 612w\" sizes=\"auto, (max-width: 300px) 100vw, 300px\" \/><\/a>\n\t\t\t\t<\/dt><\/dl><dl class='gallery-item'>\n\t\t\t\t<dt class='gallery-icon landscape'>\n\t\t\t\t\t<a class=\"rollover rollover-zoom dt-pswp-item\" title=\"53a71727-8175-4019-981f-0eb043d33aaa\" data-dt-img-description=\"\" data-large_image_width=\"614\" data-large_image_height=\"373\"href='https:\/\/www.radiopiu.net\/wordpress\/wp-content\/uploads\/2022\/03\/53a71727-8175-4019-981f-0eb043d33aaa.jpg'><img loading=\"lazy\" decoding=\"async\" width=\"300\" height=\"182\" src=\"https:\/\/www.radiopiu.net\/wordpress\/wp-content\/uploads\/2022\/03\/53a71727-8175-4019-981f-0eb043d33aaa-300x182.jpg\" class=\"attachment-medium size-medium\" alt=\"\" srcset=\"https:\/\/www.radiopiu.net\/wordpress\/wp-content\/uploads\/2022\/03\/53a71727-8175-4019-981f-0eb043d33aaa-300x182.jpg 300w, https:\/\/www.radiopiu.net\/wordpress\/wp-content\/uploads\/2022\/03\/53a71727-8175-4019-981f-0eb043d33aaa.jpg 614w\" sizes=\"auto, (max-width: 300px) 100vw, 300px\" \/><\/a>\n\t\t\t\t<\/dt><\/dl><br style=\"clear: both\" \/>\n\t\t\t<\/div>\n\n<p>&nbsp;<\/p>\n<p>&nbsp;<\/p>\n<hr \/>\n<p>&nbsp;<\/p>\n<blockquote>\n<h3>ALLARME DI CONFCOMMERCIO SU PREZZI DEI CARBURANTI<\/h3>\n<\/blockquote>\n<p><strong><a class=\"dt-pswp-item\" href=\"https:\/\/www.radiopiu.net\/wordpress\/wp-content\/uploads\/2021\/07\/th-21.jpg\" data-dt-img-description=\"\" data-large_image_width=\"286\" data-large_image_height=\"161\"><img loading=\"lazy\" decoding=\"async\" class=\"size-full wp-image-225158 alignleft\" src=\"https:\/\/www.radiopiu.net\/wordpress\/wp-content\/uploads\/2021\/07\/th-21.jpg\" alt=\"\" width=\"286\" height=\"161\" \/><\/a>BELLUNO<\/strong> \u00ab<em>Stiamo assistendo impotenti ad un escalation dei prezzi dei carburanti che temo mettera\u0300 alcuni settori ed imprese in ginocchio in brevissimo tempo<\/em>\u00bb. L&#8217;allarme viene lanciato da Paolo Doglioni, presidente di Confcommercio Belluno. \u00ab<em>Ci stanno contattando vari gestori di impianti stradali che, a fronte di un guadagno ormai irrisorio di 25\/30 millesimi al litro, si vedono drasticamente ridurre le vendite perche\u0301 l&#8217;utenza ovviamente a sua volta e\u0300 costretta a contrarre i consumi; del resto con benzina e gasolio a ben oltre i 2 \u20ac ed in continua crescita cio\u0300 risulta del tutto comprensibile. I gestori, anticipando le somme per l&#8217;acquisto del prodotto non riescono piu\u0300 a sostenere l&#8217;impatto dei carichi in cisterna. Non posso piu\u0300 ordinare benzina e gasolio<\/em>\u00bb.<em> \u00a0<\/em><\/p>\n<p>&nbsp;<\/p>\n<div class=\"page\" title=\"Page 1\">\n<div class=\"section\">\n<div class=\"layoutArea\">\n<div class=\"column\">\n<p>&nbsp;<\/p>\n<hr \/>\n<p>&nbsp;<\/p>\n<\/div>\n<\/div>\n<\/div>\n<\/div>\n<blockquote>\n<h3>AD ARABBA IMPIANTI APERTI FINO A PASQUETTA<\/h3>\n<\/blockquote>\n<p><strong><a class=\"dt-pswp-item\" href=\"https:\/\/www.radiopiu.net\/wordpress\/wp-content\/uploads\/2022\/03\/Porta-Vescovo-credits-Funivie-Arabba.jpg\" data-dt-img-description=\"\" data-large_image_width=\"2000\" data-large_image_height=\"1335\"><img loading=\"lazy\" decoding=\"async\" class=\" wp-image-263995 alignleft\" src=\"https:\/\/www.radiopiu.net\/wordpress\/wp-content\/uploads\/2022\/03\/Porta-Vescovo-credits-Funivie-Arabba-300x200.jpg\" alt=\"\" width=\"224\" height=\"149\" srcset=\"https:\/\/www.radiopiu.net\/wordpress\/wp-content\/uploads\/2022\/03\/Porta-Vescovo-credits-Funivie-Arabba-300x200.jpg 300w, https:\/\/www.radiopiu.net\/wordpress\/wp-content\/uploads\/2022\/03\/Porta-Vescovo-credits-Funivie-Arabba-1024x684.jpg 1024w, https:\/\/www.radiopiu.net\/wordpress\/wp-content\/uploads\/2022\/03\/Porta-Vescovo-credits-Funivie-Arabba-768x513.jpg 768w, https:\/\/www.radiopiu.net\/wordpress\/wp-content\/uploads\/2022\/03\/Porta-Vescovo-credits-Funivie-Arabba-1536x1025.jpg 1536w, https:\/\/www.radiopiu.net\/wordpress\/wp-content\/uploads\/2022\/03\/Porta-Vescovo-credits-Funivie-Arabba.jpg 2000w\" sizes=\"auto, (max-width: 224px) 100vw, 224px\" \/><\/a>LIVINALLONGO<\/strong> Impianti\u00a0 aperti fino al 18 Aprile: Porta Vescovo e Pordoi confermano il prolungamento della stagione invernale fino a Pasquetta. Anche durante una stagione piena d&#8217;incertezze e caratterizzata da condizioni meteorologiche non proprio favorevoli, la localit\u00e0 di Arabba tiene fede alla sua promessa di essere \u201cThe Place to Ski\u201d, la destinazione sciistica per eccellenza nelle Dolomiti. <em>\u00abCi piace definirci \u201cThe Place to Ski\u201d proprio per questo motivo: ad Arabba, infatti, si scia benissimo durante tutta la stagione. L\u2019elevata altitudine e l\u2019esposizione a Nord di gran parte delle piste permette agli sciatori di trovare neve invernale anche in Marzo e Aprile: insomma, un intero semestre caratterizzato da un\u2019altissima qualit\u00e0 delle piste, per una stagione sciistica veramente degna di essere chiamata tale\u00bb: <\/em>con queste parole Diego De Battista, presidente del Consorzio Impianti a Fune Arabba &#8211; Marmolada, annuncia con soddisfazione il prolungamento di una stagione che, anche se caratterizzata da difficolt\u00e0 di carattere meteorologico (oltre a quelle legate alla pandemia), pu\u00f2 concludersi al meglio e in linea con gli standard che la localit\u00e0 si prefigge ogni anno di offrire ai propri ospiti.<\/p>\n<p>&nbsp;<\/p>\n<hr \/>\n<p>&nbsp;<\/p>\n<blockquote>\n<h3>OGGI AL FOLLADOR IL DOCENTE E&#8217; FABRIZIO ESTINI\u00a0 E GLI STUDENTI DEL &#8220;MARCONI&#8221;<\/h3>\n<\/blockquote>\n<p><strong><a class=\"dt-pswp-item\" href=\"https:\/\/www.radiopiu.net\/wordpress\/wp-content\/uploads\/2022\/03\/FOLLADOR-DE-ROSSI.jpg\" data-dt-img-description=\"\" data-large_image_width=\"950\" data-large_image_height=\"355\"><img loading=\"lazy\" decoding=\"async\" class=\"size-medium wp-image-263174 alignleft\" src=\"https:\/\/www.radiopiu.net\/wordpress\/wp-content\/uploads\/2022\/03\/FOLLADOR-DE-ROSSI-300x112.jpg\" alt=\"\" width=\"300\" height=\"112\" srcset=\"https:\/\/www.radiopiu.net\/wordpress\/wp-content\/uploads\/2022\/03\/FOLLADOR-DE-ROSSI-300x112.jpg 300w, https:\/\/www.radiopiu.net\/wordpress\/wp-content\/uploads\/2022\/03\/FOLLADOR-DE-ROSSI-768x287.jpg 768w, https:\/\/www.radiopiu.net\/wordpress\/wp-content\/uploads\/2022\/03\/FOLLADOR-DE-ROSSI.jpg 950w\" sizes=\"auto, (max-width: 300px) 100vw, 300px\" \/><\/a>AGORDO<\/strong> Oggi all&#8217;Istituto Follador-De Rossi conferenza con l&#8217;Istituto Istruzione superiore &#8220;G.Marconi&#8221; di Padova e Federchimica-Assobiotech (Milano).<\/p>\n<p>Il titolo &#8220;Biotech &#8211; Tecnologie attuali ed emergenti&#8221;. Il seminario durer\u00e0 4 ore ed \u00e8 rivolto agli studenti del triennio Indirizzo chimico. Gli argomenti che verranno trattati sono, l&#8217;Imaging di certe patologie attraverso la risonanza magnetica nucleare e possibile cura mentre viene effettuato l&#8217;esame attraverso farmaci nanostrutturati. Telemedicina, monitoraggio ed applicazione pratica ad un paziente dializzato. Neuroni e neuro protesi. Verso la fine del seminario verr\u00e0 dato spazio a due brillanti studenti del\u00a0 primo biennio chimici del &#8220;Marconi&#8221; i quali illustreranno brevemente i principi base della Cheminformatics<\/p>\n<p>&nbsp;<\/p>\n<p>&nbsp;<\/p>\n<hr \/>\n<p>&nbsp;<\/p>\n<blockquote>\n<h3>L&#8217;AMMINISTRAZIONE COMUNALE PRONTA AD APPROVARE IL DOCUMENTO DEL SINDACO LUCA LORENZINI<\/h3>\n<\/blockquote>\n<p><strong><a class=\"dt-pswp-item\" href=\"https:\/\/www.radiopiu.net\/wordpress\/wp-content\/uploads\/2021\/10\/ea0ed47b-407c-4027-93db-a3732c851650.jpg\" data-dt-img-description=\"\" data-large_image_width=\"1920\" data-large_image_height=\"1080\"><img loading=\"lazy\" decoding=\"async\" class=\"wp-image-237908 alignleft\" src=\"https:\/\/www.radiopiu.net\/wordpress\/wp-content\/uploads\/2021\/10\/ea0ed47b-407c-4027-93db-a3732c851650-300x169.jpg\" alt=\"\" width=\"190\" height=\"107\" srcset=\"https:\/\/www.radiopiu.net\/wordpress\/wp-content\/uploads\/2021\/10\/ea0ed47b-407c-4027-93db-a3732c851650-300x169.jpg 300w, https:\/\/www.radiopiu.net\/wordpress\/wp-content\/uploads\/2021\/10\/ea0ed47b-407c-4027-93db-a3732c851650-1024x576.jpg 1024w, https:\/\/www.radiopiu.net\/wordpress\/wp-content\/uploads\/2021\/10\/ea0ed47b-407c-4027-93db-a3732c851650-768x432.jpg 768w, https:\/\/www.radiopiu.net\/wordpress\/wp-content\/uploads\/2021\/10\/ea0ed47b-407c-4027-93db-a3732c851650-1536x864.jpg 1536w, https:\/\/www.radiopiu.net\/wordpress\/wp-content\/uploads\/2021\/10\/ea0ed47b-407c-4027-93db-a3732c851650.jpg 1920w\" sizes=\"auto, (max-width: 190px) 100vw, 190px\" \/><\/a>SELVA DI CADORE<\/strong> L&#8217;approvazione del documento del piano degli interventi e del nuovo\u00a0 regolamento edilizio sono i due punti che apriranno il consiglio comunale che il sindaco Luca Lorenzini ha convocato per lunedi alle 18. All&#8217;ordine del giorno anche l&#8217;alienazione di un terreno in localit\u00e0 Bernart, adozione della variante al prg e al bilancio di previsione, adesione all&#8217;Ipa del Cadore. Sono tre le interrogazioni della minoranza del consigliere Peretti: illuminazione delle gallerie lungo la provinciale 20 della Val Fiorentina; un&#8217;eventuale collaborazione con la Guardia di Finanza per far emergere eventuali falsi residenti come fatto ad Auronzo; mancanza di parcheggi a Passo Staulanza e mancata pulizia degli stessi lungo la sp251 tra Selva di Cadore e Forcella Staulanza.<\/p>\n<p>&nbsp;<\/p>\n<p>&nbsp;<\/p>\n<hr \/>\n<p>&nbsp;<\/p>\n<blockquote>\n<h3><a class=\"dt-pswp-item\" href=\"https:\/\/www.radiopiu.net\/wordpress\/wp-content\/uploads\/2021\/06\/TAIBON-3.jpg\" data-dt-img-description=\"\" data-large_image_width=\"960\" data-large_image_height=\"720\"><img loading=\"lazy\" decoding=\"async\" class=\"wp-image-214300 alignleft\" src=\"https:\/\/www.radiopiu.net\/wordpress\/wp-content\/uploads\/2021\/06\/TAIBON-3-300x225.jpg\" alt=\"\" width=\"181\" height=\"136\" srcset=\"https:\/\/www.radiopiu.net\/wordpress\/wp-content\/uploads\/2021\/06\/TAIBON-3-300x225.jpg 300w, https:\/\/www.radiopiu.net\/wordpress\/wp-content\/uploads\/2021\/06\/TAIBON-3-768x576.jpg 768w, https:\/\/www.radiopiu.net\/wordpress\/wp-content\/uploads\/2021\/06\/TAIBON-3.jpg 960w\" sizes=\"auto, (max-width: 181px) 100vw, 181px\" \/><\/a>SONO DIECI I PUNTI DA DISCUTERE NEL CONSIGLIO COMUNALE DI TAIBON<\/h3>\n<\/blockquote>\n<p><strong>TAIBON<\/strong> Il sindaco di Taibon Silvia Tormen ha convocato il consiglio comunale in modalit\u00e0 mista per marted\u00ec alle 18:30. I consiglieri, in videoconferenza o in presenza nella sala consigliare, sono chiamati a discutere 10 punti all&#8217;ordine del giorno tra cui l&#8217;individuazione di una zona di degrado per il recupero del patrimonio edilizio esistente nelle localit\u00e0 Campedel, San Cipriano e Taier, la realizzazione di un centro di educazione-asilo cinofilo diurno, le aliquote IRPEF e IMU per il 2022 e l&#8217;approvazione del Documento Unico di Programmazione 2022-2024.<\/p>\n<p><strong>di Gianni Santomaso<\/strong><\/p>\n<audio class=\"wp-audio-shortcode\" id=\"audio-263926-4\" preload=\"none\" style=\"width: 100%;\" controls=\"controls\"><source type=\"audio\/mpeg\" src=\"https:\/\/www.radiopiu.net\/wordpress\/wp-content\/uploads\/2022\/03\/GIANNI-CONSIGLIO-TAIBON.mp3?_=4\" \/><a href=\"https:\/\/www.radiopiu.net\/wordpress\/wp-content\/uploads\/2022\/03\/GIANNI-CONSIGLIO-TAIBON.mp3\">https:\/\/www.radiopiu.net\/wordpress\/wp-content\/uploads\/2022\/03\/GIANNI-CONSIGLIO-TAIBON.mp3<\/a><\/audio>\n<p>&nbsp;<\/p>\n<hr \/>\n<p>&nbsp;<\/p>\n<blockquote>\n<h3>CONCORSO PUBBLICO, PER TITOLI ED ESAMI, A 300 POSTI NELLA QUALIFICA DI VIGILE DEL FUOCO<\/h3>\n<\/blockquote>\n<p><strong>BELLUNO <\/strong>\u00c8 stato pubblicato il bando di concorso pubblico, per titoli ed esami, a 300 posti nella qualifica di Vigile del Fuoco del Corpo nazionale dei Vigili del Fuoco. La domanda di partecipazione al concorso deve essere compilata utilizzando la procedura informatica disponibile all&#8217;indirizzo\u00a0<a title=\"Vai al portale\" href=\"https:\/\/concorsionline.vigilfuoco.it\/\">https:\/\/concorsionline.vigilfuoco.it<\/a>, seguendo le istruzioni specificate, <u>dal 26 febbraio 2022 e fino al 28 marzo 2022<\/u>.<\/p>\n<p>&nbsp;<\/p>\n<p>&nbsp;<\/p>\n<hr \/>\n<p>&nbsp;<\/p>\n<blockquote>\n<h3><a class=\"dt-pswp-item\" href=\"https:\/\/www.radiopiu.net\/wordpress\/wp-content\/uploads\/2018\/03\/glaucoma.png\" data-dt-img-description=\"\" data-large_image_width=\"1000\" data-large_image_height=\"459\"><img loading=\"lazy\" decoding=\"async\" class=\" wp-image-44573 alignleft\" src=\"https:\/\/www.radiopiu.net\/wordpress\/wp-content\/uploads\/2018\/03\/glaucoma-300x138.png\" alt=\"\" width=\"209\" height=\"96\" srcset=\"https:\/\/www.radiopiu.net\/wordpress\/wp-content\/uploads\/2018\/03\/glaucoma-300x138.png 300w, https:\/\/www.radiopiu.net\/wordpress\/wp-content\/uploads\/2018\/03\/glaucoma-768x353.png 768w, https:\/\/www.radiopiu.net\/wordpress\/wp-content\/uploads\/2018\/03\/glaucoma.png 1000w\" sizes=\"auto, (max-width: 209px) 100vw, 209px\" \/><\/a>SETTIMANA MONDIALE DEL GLAUCOMA 6 \u2013 12 MARZO 2022<\/h3>\n<\/blockquote>\n<p><strong>BELLUNO\u00a0<\/strong> La Settimana Mondiale del Glaucoma, quest\u2019anno dal 6 al 12 marzo, \u00e8 dedicata all\u2019informazione e alla prevenzione del glaucoma o \u201cladro della vista\u201d. L\u2019Unione Italiana Ciechi\u00a0 sar\u00e0 presente con una postazione in Piazza dei Martiri a Belluno sabato dalle 9 alle 13 per la distribuzione di materiale informativo alla popolazione.<\/p>\n<p>&nbsp;<\/p>\n<p>&nbsp;<\/p>\n<hr \/>\n<p>&nbsp;<\/p>\n<blockquote>\n<h3>\u201cCONNESSI SENZA COMPLESSI\u201d: SUCCESSO OLTRE OGNI ASPETTATIVA PER IL NUOVO CORSO DEL CIRCOLO<\/h3>\n<\/blockquote>\n<p><strong>BELLUNO<\/strong> Il Circolo Cultura e Stampa Bellunese promuove il corso \u201cConnessi senza complessi&#8221;. La prima edizione, iniziata luned\u00ec, ha registrato il tutto esaurito in poche ore, tanto da spingere lo staff a programmarne subito una seconda. Per ulteriori informazioni contattare la Segreteria\u00a0 allo 0437948911, o via mail ad info@ccsb.it.<\/p>\n<p>&nbsp;<\/p>\n<hr \/>\n<blockquote>\n<h3><\/h3>\n<h3>IL GENERALE DE&#8217; CASTIGLIONI E LA DIVISIONE PUSTERIA<\/h3>\n<\/blockquote>\n<p><strong>FELTRE\u00a0<\/strong> Oggi alle 9.30, nell\u2019Auditorium dell\u2019Istituto Canossiano a Feltre, si terr\u00e0 la seconda di una serie di conferenze organizzate dalla locale sezione dell\u2019Associazione Nazionale Alpini, nell\u2019ambito dei festeggiamenti per il suo centenario, intitolata \u201cLa persecuzione degli ebrei in Europa \u2013 la storia poco conosciuta di Maurizio de\u2019 Castiglioni generale dell\u2019esercito italiano\u201d. Relatore della serata sar\u00e0 il Generale di Corpo d\u2019Armata Giuseppe Nicola Tota, attuale comandante delle Forze operative sud. Originario di Corato (Bari)<\/p>\n<p>&nbsp;<\/p>\n<hr \/>\n<p>&nbsp;<\/p>\n<blockquote>\n<h3>LA CROCE DENUNCIATA ALL&#8217;ARCOBALENO<\/h3>\n<\/blockquote>\n<p><strong>FELTRE<\/strong> Oggi alle 20.15 alla Cooperativa Sociale Arcobaleno, l&#8217;avv. Enrico Gaz, direttore della Linea Quaderni della Comunit\u00e0 &#8220;Villa San Francesco&#8221;, invita alla presentazione del libro &#8220;La croce denunciata&#8221; dell&#8217;avvocato Ivone Cacciavillani, nato da una sua sosta sotto la Croce Italiana al Museo dei Sogni, della Memoria. Interverranno: &#8211; Camilla De Paoli del terzo anno del Liceo Classico G. Dal Piaz di Feltre, &#8211; Teresa Gaz del quarto anno del Liceo Scientifico G. Dal Piaz di Feltre, &#8211; Erik Casanova del primo anno del Conservatorio Benedetto Marcello di Venezia, &#8211; mons. Renato Marangoni vescovo della diocesi di Belluno &#8211; Feltre.<\/p>\n<p>&nbsp;<\/p>\n<hr \/>\n<p>&nbsp;<\/p>\n<blockquote>\n<h3>CONFINI E CONFLITTI, LETTERE DAL FRONTE<\/h3>\n<\/blockquote>\n<p><strong>FONZASO <\/strong>Oggi alle 20.30 alla\u00a0 ex-scuola elementare di Arten presentazione della raccolta poetica e conversazione con l&#8217;autore Simone Cassol.\u00a0 interventi musicali di Giuliano Calzolari. Ingresso libero, su prenotazione.<\/p>\n<p>&nbsp;<\/p>\n<hr \/>\n<p>&nbsp;<\/p>\n<blockquote>\n<h3>RITRATTI DI DONNE CON MARZIA SCHENETTI<\/h3>\n<\/blockquote>\n<p><strong>BELLUNO<\/strong> Domani alle 17.45 in Sala Muccin del centro Giovanni XXIII l&#8217;associazione Tina Merlin e Belluno Donna propongono\u00a0 per la giornata della donna un incontro con Marzia Schenetti artista e scrittrice, Adriano Lotto dell&#8217;associazione Merlin e Ida Bortoluzzi di Belluno Donna. Temi: resistenza, emancipazione, guerre, mafia, violenza di genere. Con esecuzione di canzoni dal vivo.<\/p>\n<p>&nbsp;<\/p>\n<hr \/>\n<p>&nbsp;<\/p>\n<blockquote>\n<h3>NEL FINE SETTIMANA S\u2019APRIRA\u2019 LA TRILOGIA ESPOSITIVA DEDICATA A \u201cLUIGI CIMA TRA I MAESTRI DEL VERO\u201d<\/h3>\n<\/blockquote>\n<p><a class=\"dt-pswp-item\" href=\"https:\/\/www.radiopiu.net\/wordpress\/wp-content\/uploads\/2022\/03\/1912-L.-Cima-Villa-di-Villa-Innevata-olio-su-tela-73x127-1-scaled.jpg\" data-dt-img-description=\"SAMSUNG CAMERA PICTURES\" data-large_image_width=\"2560\" data-large_image_height=\"1492\"><img loading=\"lazy\" decoding=\"async\" class=\"wp-image-263879 alignleft\" src=\"https:\/\/www.radiopiu.net\/wordpress\/wp-content\/uploads\/2022\/03\/1912-L.-Cima-Villa-di-Villa-Innevata-olio-su-tela-73x127-1-300x175.jpg\" alt=\"\" width=\"242\" height=\"141\" srcset=\"https:\/\/www.radiopiu.net\/wordpress\/wp-content\/uploads\/2022\/03\/1912-L.-Cima-Villa-di-Villa-Innevata-olio-su-tela-73x127-1-300x175.jpg 300w, https:\/\/www.radiopiu.net\/wordpress\/wp-content\/uploads\/2022\/03\/1912-L.-Cima-Villa-di-Villa-Innevata-olio-su-tela-73x127-1-1024x597.jpg 1024w, https:\/\/www.radiopiu.net\/wordpress\/wp-content\/uploads\/2022\/03\/1912-L.-Cima-Villa-di-Villa-Innevata-olio-su-tela-73x127-1-768x448.jpg 768w, https:\/\/www.radiopiu.net\/wordpress\/wp-content\/uploads\/2022\/03\/1912-L.-Cima-Villa-di-Villa-Innevata-olio-su-tela-73x127-1-1536x895.jpg 1536w, https:\/\/www.radiopiu.net\/wordpress\/wp-content\/uploads\/2022\/03\/1912-L.-Cima-Villa-di-Villa-Innevata-olio-su-tela-73x127-1-2048x1194.jpg 2048w\" sizes=\"auto, (max-width: 242px) 100vw, 242px\" \/><\/a><strong>BORGO VALBELLUNA <\/strong>\u00a0Lo storico Palazzo delle Contesse nel Centro di Mel ospita le opere dell\u2019artistaLuigi Cima, la mostra sar\u00e0 visitabile dal 12 marzo al 5 giugno, il venerd\u00ec, sabato e domenica dalle 9 alle 12 e dalle 15 alle 19.<\/p>\n<p>&nbsp;<\/p>\n<p>&nbsp;<\/p>\n<p>&nbsp;<\/p>\n<p>&nbsp;<\/p>\n<hr \/>\n<p>&nbsp;<\/p>\n<blockquote>\n<h3>PATTINAGGIO LIBERO AL DE TONI DI ALLEGHE<\/h3>\n<\/blockquote>\n<p><strong>ALLEGHE<\/strong> Lo stadio Alvise De Toni \u00e8 aperto al pubblico per il pattinaggio libero. Oggi dalle 21 alle 23, domani dalle 16:30 alle 18:30 e dalle 21 alle 23\u00a0 e domenica dalle 14:30 alle 16:30. Obbligo di green pass e mascherina FFP2.<\/p>\n<p>&nbsp;<\/p>\n<hr \/>\n<p>&nbsp;<\/p>\n<p>&nbsp;<\/p>\n<p>&nbsp;<\/p>\n<blockquote><p><strong><a class=\"dt-pswp-item\" href=\"https:\/\/www.radiopiu.net\/wordpress\/wp-content\/uploads\/2019\/03\/IMG-20190331-WA00631.jpg\" data-dt-img-description=\"La vecia Popa e il Centro\" data-large_image_width=\"1599\" data-large_image_height=\"1200\"><img loading=\"lazy\" decoding=\"async\" class=\"size-medium wp-image-81135 alignleft\" src=\"https:\/\/www.radiopiu.net\/wordpress\/wp-content\/uploads\/2019\/03\/IMG-20190331-WA00631-300x225.jpg\" alt=\"\" width=\"300\" height=\"225\" srcset=\"https:\/\/www.radiopiu.net\/wordpress\/wp-content\/uploads\/2019\/03\/IMG-20190331-WA00631-300x225.jpg 300w, https:\/\/www.radiopiu.net\/wordpress\/wp-content\/uploads\/2019\/03\/IMG-20190331-WA00631-768x576.jpg 768w, https:\/\/www.radiopiu.net\/wordpress\/wp-content\/uploads\/2019\/03\/IMG-20190331-WA00631-1024x768.jpg 1024w, https:\/\/www.radiopiu.net\/wordpress\/wp-content\/uploads\/2019\/03\/IMG-20190331-WA00631.jpg 1599w\" sizes=\"auto, (max-width: 300px) 100vw, 300px\" \/><\/a>DOMENICA 27 MARZO SUL BROI DI AGORDO, DOPO DUE ANNI IL RITORNO DELLA VECIA POPA, il sindaco Chissal\u00e8 ha gi\u00e0 firmato le ordinanze. Attesa per la lettura del testamento<\/strong><\/p>\n<p><em>&#8220;Ci eravamo lasciati qui nel 2019&#8230; Quest&#8217;anno la Vecia popa ritorna e tutti vestiti in maschera dai pi\u00f9 grandi ai piccini&#8221;. <\/em>Gi\u00e0 sono pronte le ordinanza per la viabilit\u00e0.\u00a0 Domenica 27 marzo vietata sosta e parcheggio in piazza della Libert\u00e0, lato Broi, in corso Patrioti ed in piazzale Guglielmo Marconi, sia davanti al palazzo municipale, che ai lati e sul retro del palazzo stesso, da mezzogiorno fino alle 18.Sar\u00e0 inoltre vietato il transito in piazzale Marconi ai mezzi non autorizzati dalle 14 alle 18. Dalle 14,30 alle 15,30 circa ci sar\u00e0 inoltre la temporanea sospensione del transito veicolare, al massimo per 10 minuti, in viale Sommariva, lungo via Insurrezione, via 27 Aprile 1945 e corso Patrioti durante la sfilata.<\/p>\n<p>&nbsp;<\/p><\/blockquote>\n<hr \/>\n<blockquote>\n<h3><\/h3>\n<h3>DOMENICA GITA CON GLI SCI D&#8217;ALIPINISMO ASSIEME AL CAI DI AGORDO<\/h3>\n<\/blockquote>\n<p><strong><a class=\"dt-pswp-item\" href=\"https:\/\/www.radiopiu.net\/wordpress\/wp-content\/uploads\/2020\/04\/cai-agordo.jpg\" data-dt-img-description=\"\" data-large_image_width=\"297\" data-large_image_height=\"170\"><img loading=\"lazy\" decoding=\"async\" class=\"size-full wp-image-127841 alignleft\" src=\"https:\/\/www.radiopiu.net\/wordpress\/wp-content\/uploads\/2020\/04\/cai-agordo.jpg\" alt=\"\" width=\"297\" height=\"170\" \/><\/a>AGORDO<\/strong><\/p>\n<p>di Gianni Santomaso<\/p>\n<audio class=\"wp-audio-shortcode\" id=\"audio-263926-5\" preload=\"none\" style=\"width: 100%;\" controls=\"controls\"><source type=\"audio\/mpeg\" src=\"https:\/\/www.radiopiu.net\/wordpress\/wp-content\/uploads\/2022\/03\/GIANNI-GITA-CAI.mp3?_=5\" \/><a href=\"https:\/\/www.radiopiu.net\/wordpress\/wp-content\/uploads\/2022\/03\/GIANNI-GITA-CAI.mp3\">https:\/\/www.radiopiu.net\/wordpress\/wp-content\/uploads\/2022\/03\/GIANNI-GITA-CAI.mp3<\/a><\/audio>\n<p>&nbsp;<\/p>\n<hr \/>\n<p>&nbsp;<\/p>\n<blockquote>\n<h3>AFFRESCHI, DIPINTI E SCULTURE CHE ILLUSTRANO VARI EPISODI DI VITA DI GESU\u2019 E DELLA MADONNA<\/h3>\n<\/blockquote>\n<p>&nbsp;<\/p>\n<p><strong>di\u00a0 RENATO BONA<\/strong><\/p>\n<p>Concludiamo oggi la \u201clettura\u201d del lavoro del ricercatore bellunese Vincenzo Caputo il quale, nel settembre di due anni fa, grazie anche alle collaborazioni di: Rita Cattaruzza Dorigo, Orsola Petrella, Giacomo Turcato, Luigino Catello, don Attilio Giacobbi ed Augusto Burlon, ha stampato in proprio con la Tipografia Bellunese, l\u2019ottantina di pagine del libretto \u201cBelluno. Vita di Ges\u00f9 e della Madonna in immagini nelle opere d\u2019arte bellunesi\u201d, con fotografie scattate dall\u2019autore e di Luca Zanfron. Le opere sono state realizzate da: Francesco Frigimelica \u201cIl Vecchio\u201d, Pompeo Frigimelica, Cesare Vecellio, Agostino Ridolfi, Antonio Lazzarini, Gaspare Diziani, Antonio Gabrieli, Antonio Bettio, Girolamo Moech, Angelo Majer, Paris Bordon, Leonardo Ridolfi, Franco Fiabane, Massimo Facchin, Luigi Vardanega, Carlo Capobianco, Claudio Nevjel. Caputo spiega nell\u2019introduzione di aver \u201ccercato con gli affreschi, dipinti e sculture che animano con la loro serena bellezza queste opere piene di spiritualit\u00e0 delle quali esse sono portatrici, ed eseguite dai numerosi artisti nei secoli scorsi, di ripercorrere attraverso suggestive fotografie, gli episodi pi\u00f9 significativi e conosciuti della vita di Ges\u00f9 e della Madonna, cos\u00ec come descritti nei Vangeli e da quanto tramandato dalla tradizione religiosa\u201d. Una ricerca che ha preso in considerazione: Cattedrale-basilica di San Martino; Battistero Madonna delle grazie; Madonna della salute; Santo Stefano; San Rocco; San Francesco di Paola, Fol; San Giovanni Bosco; San Giuseppe, Borgo Pra; Santi Gervasio e Protasio; Santa Croce, Prade; Santa Maria di Loreto; Santa Maria Assunta, Sois; Santi Pietro e Paolo Apostoli, Bolzano Bellunese; Santa Maria Assunta, Castion; Santuario della Beata Vergine Maria Immacolata di Lourdes, Nevegal; San Tiziano, Cirvoi; Sant\u2019Aronne, Cusighe; San Francesco d\u2019Assisi, Faverga; San Tommaso Apostolo, Levego; Beata Vergine di Caravaggio, Visome. Dove vi sono opere che \u201cdescrivono episodi di Maria Vergine, la nascita di Ges\u00f9, la sua vita, momenti della passione e resurrezione, episodi di per s\u00e9 presenti nel Vangelo ma che risentono a volte dell\u2019influsso degli apocrifi nel momenti in vengono raffigurati\u201d. In proposito cita la narrazione dell\u2019infanzia della Vergine e la fine della sua vita terrena. Pertanto sono qui proposti lavori ed esempi pittorici che in una articolazione cronologica e ricchezza di temi narrativi cercano di far rivivere quei momenti, riscoprendo tematiche e linguaggi simbolici\u201d. E conclude: \u201cStoria e arte, fede, tradizione e natura, ecco come si pu\u00f2 riassumere questo percorso della storia sacra, il suo patrimonio artistico e ambientale. Testimoniano ci\u00f2 le chiese con le loro opere d\u2019arte\u201d. Che, qui riprodotte, sono: \u201cGerusalemme \u2013 Presentazione della Vergine al Tempio\u201d, autore ignoto del XVII secolo, e \u201cFuga in Egitto\u201d, di Francesco Frigimelica \u201cil Vecchio\u201d e Bottega, stesso secolo, entrambe nella chiesa di Santa Maria Assunta di Antole; \u201cAin Karim (nei pressi di Gerusalemme) \u2013 \u201cLa visitazione di Maria a Elisabetta\u201d, di Frigimelica \u201cil Vecchio\u201d, e \u201cGerusalemme \u2013 La presentazione di Ges\u00f9 al Tempio con Simeone e Anna\u201d, di Antonio Bettio, secolo XVIII, entrambe nella chiesa di Santo Stefano; \u201cNazaret \u2013 Madonna con Ges\u00f9 bambino\u201d, di autore ignoto del XV secolo, restaurata nel 2000, e \u201cCafarnao \u2013 Ges\u00f9 sceglie i dodici Apostoli\u201d, dodici teste scolpite da Angelo Majer nel secolo XIX (due furono rubate nel secolo XX e sostituite con quelle di Massimo Facchin), nel Battistero Madonna delle Grazie del capoluogo. Quindi: \u201cOrto degli Ulivi (Valle del Cedron) \u2013 Ges\u00f9 tradito con un bacio da Giuda Iscariota\u201d, di Franco Fiabane, nella parrocchiale di San Giovanni Bosco; \u201cOrto degli Ulivi (Valle del Cedron) \u2013 \u201cL\u2019arresto di Ges\u00f9\u201d, opera attribuita a Leonardo Ridolfi secoli XVII-XVIII, nella chiesa Madonna della Salute di Belluno; \u201cGerusalemme \u2013 \u201cVeronica asciuga il volto di Ges\u00f9\u201ddi Antonio Lazzarini secolo XVIII, chiesa dei santi Gervasio e Protasio; \u201cGerusalemme \u2013 Ges\u00f9 cade sotto la croce per la seconda volta\u201d, di Antonio Gabrieli, secolo XVIII, chiesa di Sant\u2019Aronne di Cusighe; \u201cGerusalemme \u2013 Ges\u00f9 incontra le pie donne\u201d, di Antonio Bettio, secolo XVIII, chiesa di Santa Maria di Loreto a Belluno; \u201cGerusalemme (M. Golgota) \u2013 Resurrezione di Ges\u00f9\u201d, autore Luigi Vardanega, 1955, chiesa della Santa Croce, cimitero bellunese di Prade; \u201cEmmaus \u2013 Ges\u00f9 risorto si fa riconoscere da due discepoli la sera di Pasqua\u201d autore Carlo Capobianco, 2005, collezione privata a Belluno; \u201cSS. Trinit\u00e0\u201d, autore ignoto forse del XVIII secolo; \u201cIl monogramma di Ges\u00f9\u201d, nella parete nord della cattedrale-basilica di Belluno; la sua primitiva collocazione fu sulla ora demolita facciata del Palazzo dei Nobili o Caminada, nel 1450, dopo la predicazione in citt\u00e0, nel 1423, di San Bernardino da Siena.<\/p>\n<p><strong>Foto dello stesso ricercatore e di Luca Zanfron\u00a0<\/strong><\/p>\n\n\t\t\t<style type='text\/css'>\n\t\t\t\t#gallery-5 {\n\t\t\t\t\tmargin: auto;\n\t\t\t\t}\n\t\t\t\t#gallery-5 .gallery-item {\n\t\t\t\t\tfloat: left;\n\t\t\t\t\tmargin-top: 10px;\n\t\t\t\t\ttext-align: center;\n\t\t\t\t\twidth: 12%;\n\t\t\t\t}\n\t\t\t\t#gallery-5 img {\n\t\t\t\t\tborder: 2px solid #cfcfcf;\n\t\t\t\t}\n\t\t\t\t#gallery-5 .gallery-caption {\n\t\t\t\t\tmargin-left: 0;\n\t\t\t\t}\n\t\t\t\t\/* see gallery_shortcode() in wp-includes\/media.php *\/\n\t\t\t<\/style>\n\t\t<div id='gallery-5' class='dt-gallery-container gallery galleryid-263926 gallery-columns-8 gallery-size-thumbnail'><dl class='gallery-item'>\n\t\t\t\t<dt class='gallery-icon portrait'>\n\t\t\t\t\t<a class=\"rollover rollover-zoom dt-pswp-item\" title=\"275205667_1152194978945481_7841078351511131926_n\" data-dt-img-description=\"\" data-large_image_width=\"206\" data-large_image_height=\"207\"href='https:\/\/www.radiopiu.net\/wordpress\/wp-content\/uploads\/2022\/03\/275205667_1152194978945481_7841078351511131926_n.jpg'><img loading=\"lazy\" decoding=\"async\" width=\"150\" height=\"150\" src=\"https:\/\/www.radiopiu.net\/wordpress\/wp-content\/uploads\/2022\/03\/275205667_1152194978945481_7841078351511131926_n-150x150.jpg\" class=\"attachment-thumbnail size-thumbnail\" alt=\"\" srcset=\"https:\/\/www.radiopiu.net\/wordpress\/wp-content\/uploads\/2022\/03\/275205667_1152194978945481_7841078351511131926_n-150x150.jpg 150w, https:\/\/www.radiopiu.net\/wordpress\/wp-content\/uploads\/2022\/03\/275205667_1152194978945481_7841078351511131926_n.jpg 206w\" sizes=\"auto, (max-width: 150px) 100vw, 150px\" \/><\/a>\n\t\t\t\t<\/dt><\/dl><dl class='gallery-item'>\n\t\t\t\t<dt class='gallery-icon landscape'>\n\t\t\t\t\t<a class=\"rollover rollover-zoom dt-pswp-item\" title=\"274664498_473890737539105_5777218157540911724_n\" data-dt-img-description=\"\" data-large_image_width=\"526\" data-large_image_height=\"205\"href='https:\/\/www.radiopiu.net\/wordpress\/wp-content\/uploads\/2022\/03\/274664498_473890737539105_5777218157540911724_n.jpg'><img loading=\"lazy\" decoding=\"async\" width=\"150\" height=\"150\" src=\"https:\/\/www.radiopiu.net\/wordpress\/wp-content\/uploads\/2022\/03\/274664498_473890737539105_5777218157540911724_n-150x150.jpg\" class=\"attachment-thumbnail size-thumbnail\" alt=\"\" \/><\/a>\n\t\t\t\t<\/dt><\/dl><dl class='gallery-item'>\n\t\t\t\t<dt class='gallery-icon portrait'>\n\t\t\t\t\t<a class=\"rollover rollover-zoom dt-pswp-item\" title=\"275450871_271153081863556_5994612784267456521_n\" data-dt-img-description=\"\" data-large_image_width=\"156\" data-large_image_height=\"260\"href='https:\/\/www.radiopiu.net\/wordpress\/wp-content\/uploads\/2022\/03\/275450871_271153081863556_5994612784267456521_n.jpg'><img loading=\"lazy\" decoding=\"async\" width=\"150\" height=\"150\" src=\"https:\/\/www.radiopiu.net\/wordpress\/wp-content\/uploads\/2022\/03\/275450871_271153081863556_5994612784267456521_n-150x150.jpg\" class=\"attachment-thumbnail size-thumbnail\" alt=\"\" \/><\/a>\n\t\t\t\t<\/dt><\/dl><dl class='gallery-item'>\n\t\t\t\t<dt class='gallery-icon portrait'>\n\t\t\t\t\t<a class=\"rollover rollover-zoom dt-pswp-item\" title=\"275016633_1038875943390744_6000347955346414221_n\" data-dt-img-description=\"\" data-large_image_width=\"158\" data-large_image_height=\"280\"href='https:\/\/www.radiopiu.net\/wordpress\/wp-content\/uploads\/2022\/03\/275016633_1038875943390744_6000347955346414221_n.jpg'><img loading=\"lazy\" decoding=\"async\" width=\"150\" height=\"150\" src=\"https:\/\/www.radiopiu.net\/wordpress\/wp-content\/uploads\/2022\/03\/275016633_1038875943390744_6000347955346414221_n-150x150.jpg\" class=\"attachment-thumbnail size-thumbnail\" alt=\"\" \/><\/a>\n\t\t\t\t<\/dt><\/dl><dl class='gallery-item'>\n\t\t\t\t<dt class='gallery-icon landscape'>\n\t\t\t\t\t<a class=\"rollover rollover-zoom dt-pswp-item\" title=\"275195490_1322633344909753_1213414555478583774_n\" data-dt-img-description=\"\" data-large_image_width=\"260\" data-large_image_height=\"206\"href='https:\/\/www.radiopiu.net\/wordpress\/wp-content\/uploads\/2022\/03\/275195490_1322633344909753_1213414555478583774_n.jpg'><img loading=\"lazy\" decoding=\"async\" width=\"150\" height=\"150\" src=\"https:\/\/www.radiopiu.net\/wordpress\/wp-content\/uploads\/2022\/03\/275195490_1322633344909753_1213414555478583774_n-150x150.jpg\" class=\"attachment-thumbnail size-thumbnail\" alt=\"\" \/><\/a>\n\t\t\t\t<\/dt><\/dl><dl class='gallery-item'>\n\t\t\t\t<dt class='gallery-icon landscape'>\n\t\t\t\t\t<a class=\"rollover rollover-zoom dt-pswp-item\" title=\"275071014_1348390102240593_8582201970801266486_n\" data-dt-img-description=\"\" data-large_image_width=\"235\" data-large_image_height=\"203\"href='https:\/\/www.radiopiu.net\/wordpress\/wp-content\/uploads\/2022\/03\/275071014_1348390102240593_8582201970801266486_n.jpg'><img loading=\"lazy\" decoding=\"async\" width=\"150\" height=\"150\" src=\"https:\/\/www.radiopiu.net\/wordpress\/wp-content\/uploads\/2022\/03\/275071014_1348390102240593_8582201970801266486_n-150x150.jpg\" class=\"attachment-thumbnail size-thumbnail\" alt=\"\" \/><\/a>\n\t\t\t\t<\/dt><\/dl><dl class='gallery-item'>\n\t\t\t\t<dt class='gallery-icon landscape'>\n\t\t\t\t\t<a class=\"rollover rollover-zoom dt-pswp-item\" title=\"274880600_243269344596852_1326803086222656706_n\" data-dt-img-description=\"\" data-large_image_width=\"220\" data-large_image_height=\"206\"href='https:\/\/www.radiopiu.net\/wordpress\/wp-content\/uploads\/2022\/03\/274880600_243269344596852_1326803086222656706_n.jpg'><img loading=\"lazy\" decoding=\"async\" width=\"150\" height=\"150\" src=\"https:\/\/www.radiopiu.net\/wordpress\/wp-content\/uploads\/2022\/03\/274880600_243269344596852_1326803086222656706_n-150x150.jpg\" class=\"attachment-thumbnail size-thumbnail\" alt=\"\" \/><\/a>\n\t\t\t\t<\/dt><\/dl><dl class='gallery-item'>\n\t\t\t\t<dt class='gallery-icon landscape'>\n\t\t\t\t\t<a class=\"rollover rollover-zoom dt-pswp-item\" title=\"275519369_4894026797360367_8619010976898137560_n\" data-dt-img-description=\"\" data-large_image_width=\"552\" data-large_image_height=\"201\"href='https:\/\/www.radiopiu.net\/wordpress\/wp-content\/uploads\/2022\/03\/275519369_4894026797360367_8619010976898137560_n.jpg'><img loading=\"lazy\" decoding=\"async\" width=\"150\" height=\"150\" src=\"https:\/\/www.radiopiu.net\/wordpress\/wp-content\/uploads\/2022\/03\/275519369_4894026797360367_8619010976898137560_n-150x150.jpg\" class=\"attachment-thumbnail size-thumbnail\" alt=\"\" \/><\/a>\n\t\t\t\t<\/dt><\/dl><br style=\"clear: both\" \/><dl class='gallery-item'>\n\t\t\t\t<dt class='gallery-icon portrait'>\n\t\t\t\t\t<a class=\"rollover rollover-zoom dt-pswp-item\" title=\"274773344_900734050623283_6940695749360610698_n\" data-dt-img-description=\"\" data-large_image_width=\"160\" data-large_image_height=\"202\"href='https:\/\/www.radiopiu.net\/wordpress\/wp-content\/uploads\/2022\/03\/274773344_900734050623283_6940695749360610698_n.jpg'><img loading=\"lazy\" decoding=\"async\" width=\"150\" height=\"150\" src=\"https:\/\/www.radiopiu.net\/wordpress\/wp-content\/uploads\/2022\/03\/274773344_900734050623283_6940695749360610698_n-150x150.jpg\" class=\"attachment-thumbnail size-thumbnail\" alt=\"\" \/><\/a>\n\t\t\t\t<\/dt><\/dl><dl class='gallery-item'>\n\t\t\t\t<dt class='gallery-icon landscape'>\n\t\t\t\t\t<a class=\"rollover rollover-zoom dt-pswp-item\" title=\"274722234_1595428927520661_19750176684993588_n\" data-dt-img-description=\"\" data-large_image_width=\"296\" data-large_image_height=\"200\"href='https:\/\/www.radiopiu.net\/wordpress\/wp-content\/uploads\/2022\/03\/274722234_1595428927520661_19750176684993588_n.jpg'><img loading=\"lazy\" decoding=\"async\" width=\"150\" height=\"150\" src=\"https:\/\/www.radiopiu.net\/wordpress\/wp-content\/uploads\/2022\/03\/274722234_1595428927520661_19750176684993588_n-150x150.jpg\" class=\"attachment-thumbnail size-thumbnail\" alt=\"\" \/><\/a>\n\t\t\t\t<\/dt><\/dl><dl class='gallery-item'>\n\t\t\t\t<dt class='gallery-icon portrait'>\n\t\t\t\t\t<a class=\"rollover rollover-zoom dt-pswp-item\" title=\"274829040_993021448311444_9040802515552070957_n\" data-dt-img-description=\"\" data-large_image_width=\"160\" data-large_image_height=\"204\"href='https:\/\/www.radiopiu.net\/wordpress\/wp-content\/uploads\/2022\/03\/274829040_993021448311444_9040802515552070957_n.jpg'><img loading=\"lazy\" decoding=\"async\" width=\"150\" height=\"150\" src=\"https:\/\/www.radiopiu.net\/wordpress\/wp-content\/uploads\/2022\/03\/274829040_993021448311444_9040802515552070957_n-150x150.jpg\" class=\"attachment-thumbnail size-thumbnail\" alt=\"\" \/><\/a>\n\t\t\t\t<\/dt><\/dl><dl class='gallery-item'>\n\t\t\t\t<dt class='gallery-icon portrait'>\n\t\t\t\t\t<a class=\"rollover rollover-zoom dt-pswp-item\" title=\"274751614_4796167747176636_4916767404091441119_n\" data-dt-img-description=\"\" data-large_image_width=\"157\" data-large_image_height=\"206\"href='https:\/\/www.radiopiu.net\/wordpress\/wp-content\/uploads\/2022\/03\/274751614_4796167747176636_4916767404091441119_n.jpg'><img loading=\"lazy\" decoding=\"async\" width=\"150\" height=\"150\" src=\"https:\/\/www.radiopiu.net\/wordpress\/wp-content\/uploads\/2022\/03\/274751614_4796167747176636_4916767404091441119_n-150x150.jpg\" class=\"attachment-thumbnail size-thumbnail\" alt=\"\" \/><\/a>\n\t\t\t\t<\/dt><\/dl><dl class='gallery-item'>\n\t\t\t\t<dt class='gallery-icon landscape'>\n\t\t\t\t\t<a class=\"rollover rollover-zoom dt-pswp-item\" title=\"274851796_483726363295506_5624628869108235352_n\" data-dt-img-description=\"\" data-large_image_width=\"307\" data-large_image_height=\"206\"href='https:\/\/www.radiopiu.net\/wordpress\/wp-content\/uploads\/2022\/03\/274851796_483726363295506_5624628869108235352_n.jpg'><img loading=\"lazy\" decoding=\"async\" width=\"150\" height=\"150\" src=\"https:\/\/www.radiopiu.net\/wordpress\/wp-content\/uploads\/2022\/03\/274851796_483726363295506_5624628869108235352_n-150x150.jpg\" class=\"attachment-thumbnail size-thumbnail\" alt=\"\" \/><\/a>\n\t\t\t\t<\/dt><\/dl><dl class='gallery-item'>\n\t\t\t\t<dt class='gallery-icon landscape'>\n\t\t\t\t\t<a class=\"rollover rollover-zoom dt-pswp-item\" title=\"275193287_304314218459147_9136135270156175153_n\" data-dt-img-description=\"\" data-large_image_width=\"261\" data-large_image_height=\"203\"href='https:\/\/www.radiopiu.net\/wordpress\/wp-content\/uploads\/2022\/03\/275193287_304314218459147_9136135270156175153_n.jpg'><img loading=\"lazy\" decoding=\"async\" width=\"150\" height=\"150\" src=\"https:\/\/www.radiopiu.net\/wordpress\/wp-content\/uploads\/2022\/03\/275193287_304314218459147_9136135270156175153_n-150x150.jpg\" class=\"attachment-thumbnail size-thumbnail\" alt=\"\" \/><\/a>\n\t\t\t\t<\/dt><\/dl><dl class='gallery-item'>\n\t\t\t\t<dt class='gallery-icon portrait'>\n\t\t\t\t\t<a class=\"rollover rollover-zoom dt-pswp-item\" title=\"275389415_360688382735449_8396095663136032978_n\" data-dt-img-description=\"\" data-large_image_width=\"153\" data-large_image_height=\"247\"href='https:\/\/www.radiopiu.net\/wordpress\/wp-content\/uploads\/2022\/03\/275389415_360688382735449_8396095663136032978_n.jpg'><img loading=\"lazy\" decoding=\"async\" width=\"150\" height=\"150\" src=\"https:\/\/www.radiopiu.net\/wordpress\/wp-content\/uploads\/2022\/03\/275389415_360688382735449_8396095663136032978_n-150x150.jpg\" class=\"attachment-thumbnail size-thumbnail\" alt=\"\" \/><\/a>\n\t\t\t\t<\/dt><\/dl><dl class='gallery-item'>\n\t\t\t\t<dt class='gallery-icon landscape'>\n\t\t\t\t\t<a class=\"rollover rollover-zoom dt-pswp-item\" title=\"274973257_5681537185196442_6421482791363362005_n\" data-dt-img-description=\"\" data-large_image_width=\"259\" data-large_image_height=\"206\"href='https:\/\/www.radiopiu.net\/wordpress\/wp-content\/uploads\/2022\/03\/274973257_5681537185196442_6421482791363362005_n.jpg'><img loading=\"lazy\" decoding=\"async\" width=\"150\" height=\"150\" src=\"https:\/\/www.radiopiu.net\/wordpress\/wp-content\/uploads\/2022\/03\/274973257_5681537185196442_6421482791363362005_n-150x150.jpg\" class=\"attachment-thumbnail size-thumbnail\" alt=\"\" \/><\/a>\n\t\t\t\t<\/dt><\/dl><br style=\"clear: both\" \/>\n\t\t\t<\/div>\n\n<p>&nbsp;<\/p>\n<hr \/>\n<p>&nbsp;<\/p>\n<h2><span style=\"color: #ff0000;\">IERI ALLA RADIO\u00a0<\/span><\/h2>\n<h2>ALLO ZERO TERMICO: La Fitoterapia delle Dolomiti SECONDA PARTE<\/h2>\n<blockquote><p><em><img loading=\"lazy\" decoding=\"async\" class=\"alignleft\" src=\"https:\/\/www.radiopiu.net\/wordpress\/wp-content\/uploads\/2022\/02\/IMG_20210727_120017-scaled.jpg\" width=\"159\" height=\"119\" \/>ZERO TERMICO E\u2019 UN VIAGGIO ALLA SCOPERTA DEL NOSTRO TERRITORIO, DALLA VOCE DEI PROTAGONISTI. TURISMO, SPORT, EVENTI, CULTURA, INTRATTENIMENTO. DAL LUNEDI\u2019 AL VENERDI ALLE 15.10 ALLE 20.30. ZERO TERMICO. UN APPUNTAMENTO IN COLLABORAZIONE CON: SPORT 203. LA NATURALE PORTA D\u2019INGRESSO\u2026.VERSO LO ZERO TERMICO. LOCALITA\u2019 LE CAMPE STRADA AGORDO BELLUNO. ABBIGLIAMENTO E ATTREZZATURA\u2026.DEDICATI A CHI AMA LA MONTAGNA.<\/em><\/p><\/blockquote>\n<p><strong>di Claudio Fontanive PUNTATA 21, <\/strong><strong>NICOLA DE ZORDI E GALVANO DOTTA<\/strong><\/p>\n<p>&nbsp;<\/p>\n<p><span style=\"color: #ff0000;\"><strong>SECONDA\u00a0 PARTE<\/strong><\/span> 10 MARZO 2022<\/p>\n<p>AUDIO10<\/p>\n<audio class=\"wp-audio-shortcode\" id=\"audio-263926-6\" preload=\"none\" style=\"width: 100%;\" controls=\"controls\"><source type=\"audio\/mpeg\" src=\"https:\/\/www.radiopiu.net\/wordpress\/wp-content\/uploads\/2022\/02\/nicola-de-zordi-sam.mp3?_=6\" \/><a href=\"https:\/\/www.radiopiu.net\/wordpress\/wp-content\/uploads\/2022\/02\/nicola-de-zordi-sam.mp3\">https:\/\/www.radiopiu.net\/wordpress\/wp-content\/uploads\/2022\/02\/nicola-de-zordi-sam.mp3<\/a><\/audio>\n<p>&nbsp;<\/p>\n<p><span style=\"color: #ff0000;\"><strong>PRIMA PARTE<\/strong> <\/span>7 FEBBRAIO 2022<\/p>\n<p>AUDIO<\/p>\n<audio class=\"wp-audio-shortcode\" id=\"audio-263926-7\" preload=\"none\" style=\"width: 100%;\" controls=\"controls\"><source type=\"audio\/mpeg\" src=\"https:\/\/www.radiopiu.net\/wordpress\/wp-content\/uploads\/2022\/02\/galvano-nicola-7-febbraio.mp3?_=7\" \/><a href=\"https:\/\/www.radiopiu.net\/wordpress\/wp-content\/uploads\/2022\/02\/galvano-nicola-7-febbraio.mp3\">https:\/\/www.radiopiu.net\/wordpress\/wp-content\/uploads\/2022\/02\/galvano-nicola-7-febbraio.mp3<\/a><\/audio>\n<p>&nbsp;<\/p>\n<p>SAM offre al mercato una linea di prodotti innovativi e ad elevato valore aggiunto, risultato di attente evidenze scientifiche, utilizzando piante e frutti che provengono interamente dal territorio delle Dolomiti, garanzia di Purezza e Qualit\u00e0. Scopri la vera fitoterapia delle Dolomiti per migliorare energia, salute e vitalit\u00e0<\/p>\n<p><strong>SITO INTERNET<\/strong> \u00a0<span style=\"color: #0000ff;\"><strong><a style=\"color: #0000ff;\" href=\"https:\/\/societaagricolamoldoi.it\/\">CLICCA QUI<\/a><\/strong><\/span><\/p>\n\n\t\t\t<style type='text\/css'>\n\t\t\t\t#gallery-6 {\n\t\t\t\t\tmargin: auto;\n\t\t\t\t}\n\t\t\t\t#gallery-6 .gallery-item {\n\t\t\t\t\tfloat: left;\n\t\t\t\t\tmargin-top: 10px;\n\t\t\t\t\ttext-align: center;\n\t\t\t\t\twidth: 25%;\n\t\t\t\t}\n\t\t\t\t#gallery-6 img {\n\t\t\t\t\tborder: 2px solid #cfcfcf;\n\t\t\t\t}\n\t\t\t\t#gallery-6 .gallery-caption {\n\t\t\t\t\tmargin-left: 0;\n\t\t\t\t}\n\t\t\t\t\/* see gallery_shortcode() in wp-includes\/media.php *\/\n\t\t\t<\/style>\n\t\t<div id='gallery-6' class='dt-gallery-container gallery galleryid-263926 gallery-columns-4 gallery-size-thumbnail'><dl class='gallery-item'>\n\t\t\t\t<dt class='gallery-icon portrait'>\n\t\t\t\t\t<a class=\"rollover rollover-zoom dt-pswp-item\" title=\"IMG-20220201-WA0008\" data-dt-img-description=\"\" data-large_image_width=\"1200\" data-large_image_height=\"1600\"href='https:\/\/www.radiopiu.net\/wordpress\/wp-content\/uploads\/2022\/02\/IMG-20220201-WA0008.jpg'><img loading=\"lazy\" decoding=\"async\" width=\"150\" height=\"150\" src=\"https:\/\/www.radiopiu.net\/wordpress\/wp-content\/uploads\/2022\/02\/IMG-20220201-WA0008-150x150.jpg\" class=\"attachment-thumbnail size-thumbnail\" alt=\"\" \/><\/a>\n\t\t\t\t<\/dt><\/dl><dl class='gallery-item'>\n\t\t\t\t<dt class='gallery-icon portrait'>\n\t\t\t\t\t<a class=\"rollover rollover-zoom dt-pswp-item\" title=\"IMG-20220203-WA0012\" data-dt-img-description=\"\" data-large_image_width=\"1200\" data-large_image_height=\"1600\"href='https:\/\/www.radiopiu.net\/wordpress\/wp-content\/uploads\/2022\/02\/IMG-20220203-WA0012.jpg'><img loading=\"lazy\" decoding=\"async\" width=\"150\" height=\"150\" src=\"https:\/\/www.radiopiu.net\/wordpress\/wp-content\/uploads\/2022\/02\/IMG-20220203-WA0012-150x150.jpg\" class=\"attachment-thumbnail size-thumbnail\" alt=\"\" \/><\/a>\n\t\t\t\t<\/dt><\/dl><dl class='gallery-item'>\n\t\t\t\t<dt class='gallery-icon landscape'>\n\t\t\t\t\t<a class=\"rollover rollover-zoom dt-pswp-item\" title=\"IMG-20220204-WA0003\" data-dt-img-description=\"\" data-large_image_width=\"1600\" data-large_image_height=\"1115\"href='https:\/\/www.radiopiu.net\/wordpress\/wp-content\/uploads\/2022\/02\/IMG-20220204-WA0003.jpg'><img loading=\"lazy\" decoding=\"async\" width=\"150\" height=\"150\" src=\"https:\/\/www.radiopiu.net\/wordpress\/wp-content\/uploads\/2022\/02\/IMG-20220204-WA0003-150x150.jpg\" class=\"attachment-thumbnail size-thumbnail\" alt=\"\" \/><\/a>\n\t\t\t\t<\/dt><\/dl><dl class='gallery-item'>\n\t\t\t\t<dt class='gallery-icon landscape'>\n\t\t\t\t\t<a class=\"rollover rollover-zoom dt-pswp-item\" title=\"IMG-20220203-WA0007\" data-dt-img-description=\"\" data-large_image_width=\"1600\" data-large_image_height=\"1200\"href='https:\/\/www.radiopiu.net\/wordpress\/wp-content\/uploads\/2022\/02\/IMG-20220203-WA0007.jpg'><img loading=\"lazy\" decoding=\"async\" width=\"150\" height=\"150\" src=\"https:\/\/www.radiopiu.net\/wordpress\/wp-content\/uploads\/2022\/02\/IMG-20220203-WA0007-150x150.jpg\" class=\"attachment-thumbnail size-thumbnail\" alt=\"\" \/><\/a>\n\t\t\t\t<\/dt><\/dl><br style=\"clear: both\" \/>\n\t\t\t<\/div>\n\n<p>&nbsp;<\/p>\n<p>&nbsp;<\/p>\n<hr \/>\n<p>&nbsp;<\/p>\n<h2><span style=\"color: #ff0000;\">IERI ALLA RADIO\u00a0<\/span><\/h2>\n<blockquote>\n<h2>IN STUDIO MARIA RITA GENTILIN _SPI CGIL PENSIONATI<\/h2>\n<\/blockquote>\n<blockquote>\n<h3><a href=\"https:\/\/www.radiopiu.net\/wordpress\/giornale-radiopiu-06-febbraio-2019-direttore-mirko-mezzacasa\/logo_spi-cgil-800x445\/\" rel=\"attachment wp-att-75538\"><img loading=\"lazy\" decoding=\"async\" class=\"wp-image-75538 alignleft\" src=\"https:\/\/www.radiopiu.net\/wordpress\/wp-content\/uploads\/2019\/02\/Logo_Spi-CGIL-800x445-300x167.jpg\" alt=\"\" width=\"210\" height=\"117\" srcset=\"https:\/\/www.radiopiu.net\/wordpress\/wp-content\/uploads\/2019\/02\/Logo_Spi-CGIL-800x445-300x167.jpg 300w, https:\/\/www.radiopiu.net\/wordpress\/wp-content\/uploads\/2019\/02\/Logo_Spi-CGIL-800x445-768x427.jpg 768w, https:\/\/www.radiopiu.net\/wordpress\/wp-content\/uploads\/2019\/02\/Logo_Spi-CGIL-800x445.jpg 800w\" sizes=\"auto, (max-width: 210px) 100vw, 210px\" \/><\/a>ALLA RADIO, APPUNTAMENTO QUINDICINALE CON SPI-CGIL BELLUNO,<\/h3>\n<\/blockquote>\n<p><strong>di Claudio Fontanive\u00a0<\/strong><\/p>\n<p>&nbsp;<\/p>\n<p><span style=\"color: #ff0000;\"><strong>PUNTATA DEL 10 MARZO\u00a0 2022<\/strong><\/span><\/p>\n<audio class=\"wp-audio-shortcode\" id=\"audio-263926-8\" preload=\"none\" style=\"width: 100%;\" controls=\"controls\"><source type=\"audio\/mpeg\" src=\"https:\/\/www.radiopiu.net\/wordpress\/wp-content\/uploads\/2022\/02\/spi-cgil-10-marzo.mp3?_=8\" \/><a href=\"https:\/\/www.radiopiu.net\/wordpress\/wp-content\/uploads\/2022\/02\/spi-cgil-10-marzo.mp3\">https:\/\/www.radiopiu.net\/wordpress\/wp-content\/uploads\/2022\/02\/spi-cgil-10-marzo.mp3<\/a><\/audio>\n<p>&nbsp;<\/p>\n<p>&nbsp;<\/p>\n<hr \/>\n<p>&nbsp;<\/p>\n<p><strong>TUTTI I LUNEDI ALLE 10,30 E 1900, LA DOMENICA ALLE 8 007 IN CONDOTTA, LA SCUOLA CON LA PROF. MARIA ROSA SALMAZO E CLAUDIO FONTANIVE, IN PODCAST TUTTE LE PUNTATE DELLE ULTIME STAGIONI.<\/strong><\/p>\n<p>&nbsp;<\/p>\n<blockquote class=\"wp-embedded-content\" data-secret=\"LlgpnvCI9w\"><p><a href=\"https:\/\/www.radiopiu.net\/wordpress\/007incondotta-9\/\">007 in condotta<\/a><\/p><\/blockquote>\n<p><iframe loading=\"lazy\" class=\"wp-embedded-content\" sandbox=\"allow-scripts\" security=\"restricted\" style=\"position: absolute; clip: rect(1px, 1px, 1px, 1px);\" title=\"&#8220;007 in condotta&#8221; &#8212; Radio Pi\u00f9\" src=\"https:\/\/www.radiopiu.net\/wordpress\/007incondotta-9\/embed\/#?secret=LlgpnvCI9w\" data-secret=\"LlgpnvCI9w\" width=\"600\" height=\"338\" frameborder=\"0\" marginwidth=\"0\" marginheight=\"0\" scrolling=\"no\"><\/iframe><\/p>\n<p>&nbsp;<\/p>\n<p>&nbsp;<\/p>\n<hr \/>\n<p>&nbsp;<\/p>\n<p>&nbsp;<\/p>\n<div>\n<div class=\"b654a4as d2edcug0\">\n<div class=\"rq0escxv hkbzh7o3 jwdofwj8 n8tt0mok r8blr3vg hyh9befq\">\n<p><a class=\"dt-pswp-item\" href=\"https:\/\/www.radiopiu.net\/wordpress\/wp-content\/uploads\/2020\/10\/pp.jpg\" data-dt-img-description=\"\" data-large_image_width=\"640\" data-large_image_height=\"640\"><img loading=\"lazy\" decoding=\"async\" class=\"wp-image-163678 alignleft\" src=\"https:\/\/www.radiopiu.net\/wordpress\/wp-content\/uploads\/2020\/10\/pp-300x300.jpg\" alt=\"\" width=\"106\" height=\"106\" srcset=\"https:\/\/www.radiopiu.net\/wordpress\/wp-content\/uploads\/2020\/10\/pp-300x300.jpg 300w, https:\/\/www.radiopiu.net\/wordpress\/wp-content\/uploads\/2020\/10\/pp-150x150.jpg 150w, https:\/\/www.radiopiu.net\/wordpress\/wp-content\/uploads\/2020\/10\/pp-125x125.jpg 125w, https:\/\/www.radiopiu.net\/wordpress\/wp-content\/uploads\/2020\/10\/pp-200x200.jpg 200w, https:\/\/www.radiopiu.net\/wordpress\/wp-content\/uploads\/2020\/10\/pp-80x80.jpg 80w, https:\/\/www.radiopiu.net\/wordpress\/wp-content\/uploads\/2020\/10\/pp-480x480.jpg 480w, https:\/\/www.radiopiu.net\/wordpress\/wp-content\/uploads\/2020\/10\/pp.jpg 640w\" sizes=\"auto, (max-width: 106px) 100vw, 106px\" \/><\/a><\/p>\n<\/div>\n<\/div>\n<\/div>\n<div>\n<div class=\"page-title-head hgroup\">\n<div class=\"page-title-head hgroup\">\n<div class=\"b654a4as d2edcug0\">\n<div class=\"j83agx80 btwxx1t3 lhclo0ds hop8lmos nkwizq5d scwd0bx6 roh60bw9\">\n<div class=\"rq0escxv hkbzh7o3 jwdofwj8 n8tt0mok r8blr3vg hyh9befq\">\n<div class=\"do00u71z l9j0dhe7 k4urcfbm\">\n<h2><span style=\"color: #000080;\">\u00a0<\/span><span style=\"color: #000080;\">DON CESARE, IL PENSIERO DEL GIORNO. ALLA RADIO ALLE 7 DEL MATTINO E ALLE 19.30 DELLA SERA.\u00a0<\/span><\/h2>\n<audio class=\"wp-audio-shortcode\" id=\"audio-263926-9\" preload=\"none\" style=\"width: 100%;\" controls=\"controls\"><source type=\"audio\/mpeg\" src=\"https:\/\/www.radiopiu.net\/wordpress\/wp-content\/uploads\/2022\/03\/cesare-4.mp3?_=9\" \/><a href=\"https:\/\/www.radiopiu.net\/wordpress\/wp-content\/uploads\/2022\/03\/cesare-4.mp3\">https:\/\/www.radiopiu.net\/wordpress\/wp-content\/uploads\/2022\/03\/cesare-4.mp3<\/a><\/audio>\n<\/div>\n<\/div>\n<\/div>\n<\/div>\n<\/div>\n<\/div>\n<\/div>\n<p>&nbsp;<\/p>\n<hr \/>\n<p>&nbsp;<\/p>\n<h3 class=\"kvgmc6g5 cxmmr5t8 oygrvhab hcukyx3x c1et5uql\"><span style=\"color: #0000ff;\"><strong>INFORMAZIONE il canale su TELEGRAM informazione di prima mano e in tempo reale. iscriviti ed aiutaci a farlo conoscere\u00a0\u00a0<\/strong><\/span><\/h3>\n<p>&nbsp;<\/p>\n<p>&nbsp;<\/p>\n<hr \/>\n<p>&nbsp;<\/p>\n<div class=\"do00u71z l9j0dhe7 k4urcfbm\">\n<div class=\"page-title-head hgroup\">\n<div class=\"page-title-head hgroup\">\n<div class=\"b654a4as d2edcug0\">\n<div class=\"j83agx80 btwxx1t3 lhclo0ds hop8lmos nkwizq5d scwd0bx6 roh60bw9\">\n<div class=\"rq0escxv hkbzh7o3 jwdofwj8 n8tt0mok r8blr3vg hyh9befq\">\n<div class=\"do00u71z l9j0dhe7 k4urcfbm\">\n<div class=\"page-title-head hgroup\">\n<div class=\"page-title-head hgroup\">\n<div class=\"b654a4as d2edcug0\">\n<div class=\"j83agx80 btwxx1t3 lhclo0ds hop8lmos nkwizq5d scwd0bx6 roh60bw9\">\n<div class=\"rq0escxv hkbzh7o3 jwdofwj8 n8tt0mok r8blr3vg hyh9befq\">\n<div class=\"do00u71z l9j0dhe7 k4urcfbm\">\n<div class=\"ecm0bbzt e5nlhep0 a8c37x1j\">\n<div class=\"kvgmc6g5 cxmmr5t8 oygrvhab hcukyx3x c1et5uql\">\n<div class=\"gmail-kvgmc6g5 gmail-cxmmr5t8 gmail-oygrvhab gmail-hcukyx3x gmail-c1et5uql gmail-ii04i59q\">\n<div class=\"page-title-head hgroup\">\n<div class=\"page-title-head hgroup\">\n<div class=\"b654a4as d2edcug0\">\n<div class=\"j83agx80 btwxx1t3 lhclo0ds hop8lmos nkwizq5d scwd0bx6 roh60bw9\">\n<div class=\"rq0escxv hkbzh7o3 jwdofwj8 n8tt0mok r8blr3vg hyh9befq\">\n<div class=\"do00u71z l9j0dhe7 k4urcfbm\">\n<div class=\"page-title-head hgroup\">\n<div class=\"page-title-head hgroup\">\n<div class=\"b654a4as d2edcug0\">\n<div class=\"j83agx80 btwxx1t3 lhclo0ds hop8lmos nkwizq5d scwd0bx6 roh60bw9\">\n<div class=\"rq0escxv hkbzh7o3 jwdofwj8 n8tt0mok r8blr3vg hyh9befq\">\n<div class=\"do00u71z l9j0dhe7 k4urcfbm\">\n<div class=\"page-title-head hgroup\">\n<div class=\"page-title-head hgroup\">\n<div class=\"b654a4as d2edcug0\">\n<div class=\"j83agx80 btwxx1t3 lhclo0ds hop8lmos nkwizq5d scwd0bx6 roh60bw9\">\n<div class=\"rq0escxv hkbzh7o3 jwdofwj8 n8tt0mok r8blr3vg hyh9befq\">\n<div class=\"do00u71z l9j0dhe7 k4urcfbm\">\n<div class=\"ecm0bbzt e5nlhep0 a8c37x1j\">\n<div class=\"kvgmc6g5 cxmmr5t8 oygrvhab hcukyx3x c1et5uql\">\n<div class=\"gmail-kvgmc6g5 gmail-cxmmr5t8 gmail-oygrvhab gmail-hcukyx3x gmail-c1et5uql gmail-ii04i59q\">\n<div class=\"page-title-head hgroup\">\n<div class=\"page-title-head hgroup\">\n<div class=\"b654a4as d2edcug0\">\n<div class=\"j83agx80 btwxx1t3 lhclo0ds hop8lmos nkwizq5d scwd0bx6 roh60bw9\">\n<div class=\"rq0escxv hkbzh7o3 jwdofwj8 n8tt0mok r8blr3vg hyh9befq\">\n<div class=\"do00u71z l9j0dhe7 k4urcfbm\">\n<blockquote>\n<h3><span style=\"color: #ff0000;\">IN VIVO VERSO, SETTIMA STAGIONE CON BRUNELLA MORO, DAL LUNEDI AL VENERDI ALLE 7.10, 10.10 E 18.50\u00a0\u00a0<\/span><\/h3>\n<h3>GUERRA di ANTONIETTA CREPAZ<\/h3>\n<\/blockquote>\n<p>AUDIO<\/p>\n<audio class=\"wp-audio-shortcode\" id=\"audio-263926-10\" preload=\"none\" style=\"width: 100%;\" controls=\"controls\"><source type=\"audio\/mpeg\" src=\"https:\/\/www.radiopiu.net\/wordpress\/wp-content\/uploads\/2022\/03\/4-ANTONIETTA-CREPAZ-GUERRA.mp3?_=10\" \/><a href=\"https:\/\/www.radiopiu.net\/wordpress\/wp-content\/uploads\/2022\/03\/4-ANTONIETTA-CREPAZ-GUERRA.mp3\">https:\/\/www.radiopiu.net\/wordpress\/wp-content\/uploads\/2022\/03\/4-ANTONIETTA-CREPAZ-GUERRA.mp3<\/a><\/audio>\n<p>&nbsp;<\/p>\n<p><a class=\"dt-pswp-item\" href=\"https:\/\/www.radiopiu.net\/wordpress\/wp-content\/uploads\/2022\/03\/4-FOTO-ANTONIETTA-CREPAZ.jpg\" data-dt-img-description=\"\" data-large_image_width=\"960\" data-large_image_height=\"720\"><img loading=\"lazy\" decoding=\"async\" class=\"wp-image-264000 alignleft\" src=\"https:\/\/www.radiopiu.net\/wordpress\/wp-content\/uploads\/2022\/03\/4-FOTO-ANTONIETTA-CREPAZ-300x225.jpg\" alt=\"\" width=\"149\" height=\"112\" srcset=\"https:\/\/www.radiopiu.net\/wordpress\/wp-content\/uploads\/2022\/03\/4-FOTO-ANTONIETTA-CREPAZ-300x225.jpg 300w, https:\/\/www.radiopiu.net\/wordpress\/wp-content\/uploads\/2022\/03\/4-FOTO-ANTONIETTA-CREPAZ-768x576.jpg 768w, https:\/\/www.radiopiu.net\/wordpress\/wp-content\/uploads\/2022\/03\/4-FOTO-ANTONIETTA-CREPAZ.jpg 960w\" sizes=\"auto, (max-width: 149px) 100vw, 149px\" \/><\/a>Ho visto stelle<br \/>\nspostarsi pi\u00f9 in l\u00e0<br \/>\nper dissociarsi<br \/>\ndal chiarore,<br \/>\nnella notte<br \/>\ndove brillavano<br \/>\nrazzi, bombe<br \/>\ne fuochi d&#8217;incendi.<\/p>\n<p>Solo un piccolo fiore<br \/>\nporge la corolla<br \/>\nper consolare<br \/>\nun&#8217;irrispettata e triste<br \/>\nPrimavera.<\/p>\n<p>&nbsp;<\/p>\n<p><strong>LA RACCOLTA COMPLETA<\/strong><\/p>\n<blockquote class=\"wp-embedded-content\" data-secret=\"lsMpdqOMBr\"><p><a href=\"https:\/\/www.radiopiu.net\/wordpress\/in-vivo-verso\/\">In Vivo Verso<\/a><\/p><\/blockquote>\n<p><iframe loading=\"lazy\" class=\"wp-embedded-content\" sandbox=\"allow-scripts\" security=\"restricted\" style=\"position: absolute; clip: rect(1px, 1px, 1px, 1px);\" title=\"&#8220;In Vivo Verso&#8221; &#8212; Radio Pi\u00f9\" src=\"https:\/\/www.radiopiu.net\/wordpress\/in-vivo-verso\/embed\/#?secret=lsMpdqOMBr\" data-secret=\"lsMpdqOMBr\" width=\"600\" height=\"338\" frameborder=\"0\" marginwidth=\"0\" marginheight=\"0\" scrolling=\"no\"><\/iframe><\/p>\n<p>&nbsp;<\/p>\n<hr \/>\n<p>&nbsp;<\/p>\n<h2><span style=\"color: #808000;\">GOCCE DI FILOSOFIA<\/span><\/h2>\n<p><strong>PUNTATA 154<\/strong><\/p>\n<audio class=\"wp-audio-shortcode\" id=\"audio-263926-11\" preload=\"none\" style=\"width: 100%;\" controls=\"controls\"><source type=\"audio\/mpeg\" src=\"https:\/\/www.radiopiu.net\/wordpress\/wp-content\/uploads\/2022\/03\/FI4.mp3?_=11\" \/><a href=\"https:\/\/www.radiopiu.net\/wordpress\/wp-content\/uploads\/2022\/03\/FI4.mp3\">https:\/\/www.radiopiu.net\/wordpress\/wp-content\/uploads\/2022\/03\/FI4.mp3<\/a><\/audio>\n<p>&nbsp;<\/p>\n<p><strong>LA RACCOLTA COMPLETA<\/strong><\/p>\n<blockquote class=\"wp-embedded-content\" data-secret=\"ASsXxKTbS4\"><p><a href=\"https:\/\/www.radiopiu.net\/wordpress\/gocce-filosofia\/\">Gocce di filosofia, PRIMA E SECONDA STAGIONE 2022<\/a><\/p><\/blockquote>\n<p><iframe loading=\"lazy\" class=\"wp-embedded-content\" sandbox=\"allow-scripts\" security=\"restricted\" style=\"position: absolute; clip: rect(1px, 1px, 1px, 1px);\" title=\"&#8220;Gocce di filosofia, PRIMA E SECONDA STAGIONE 2022&#8221; &#8212; Radio Pi\u00f9\" src=\"https:\/\/www.radiopiu.net\/wordpress\/gocce-filosofia\/embed\/#?secret=ASsXxKTbS4\" data-secret=\"ASsXxKTbS4\" width=\"600\" height=\"338\" frameborder=\"0\" marginwidth=\"0\" marginheight=\"0\" scrolling=\"no\"><\/iframe><\/p>\n<p>&nbsp;<\/p>\n<hr \/>\n<p>&nbsp;<\/p>\n<p>&nbsp;<\/p>\n<blockquote class=\"wp-embedded-content\" data-secret=\"ilLfb3waWj\"><p><a href=\"https:\/\/www.radiopiu.net\/wordpress\/mensileagosaaa1c1\/\">VENT&#8217;ANNI FA&#8230;QUEL CERVO IMPIGLIATO E I 40 ANNI DI LUXOTTICA<\/a><\/p><\/blockquote>\n<p><iframe loading=\"lazy\" class=\"wp-embedded-content\" sandbox=\"allow-scripts\" security=\"restricted\" style=\"position: absolute; clip: rect(1px, 1px, 1px, 1px);\" title=\"&#8220;VENT&#8217;ANNI FA&#8230;QUEL CERVO IMPIGLIATO E I 40 ANNI DI LUXOTTICA&#8221; &#8212; Radio Pi\u00f9\" src=\"https:\/\/www.radiopiu.net\/wordpress\/mensileagosaaa1c1\/embed\/#?secret=ilLfb3waWj\" data-secret=\"ilLfb3waWj\" width=\"600\" height=\"338\" frameborder=\"0\" marginwidth=\"0\" marginheight=\"0\" scrolling=\"no\"><\/iframe><\/p>\n<p>&nbsp;<\/p>\n<p>&nbsp;<\/p>\n<hr \/>\n<p>&nbsp;<\/p>\n<p><span style=\"color: #0000ff;\">MUSICA PIU&#8217;\u00a0<\/span><\/p>\n<p><a href=\"https:\/\/www.radiopiu.net\/wordpress\/giornale-radiopiu-20-settembre-2021-direttore-mirko-mezzacasa\/pp-79\/\" rel=\"attachment wp-att-232921\"><img loading=\"lazy\" decoding=\"async\" class=\"wp-image-232921 alignleft\" src=\"https:\/\/www.radiopiu.net\/wordpress\/wp-content\/uploads\/2021\/09\/pp-1-300x300.jpg\" alt=\"\" width=\"135\" height=\"135\" srcset=\"https:\/\/www.radiopiu.net\/wordpress\/wp-content\/uploads\/2021\/09\/pp-1-300x300.jpg 300w, https:\/\/www.radiopiu.net\/wordpress\/wp-content\/uploads\/2021\/09\/pp-1-150x150.jpg 150w, https:\/\/www.radiopiu.net\/wordpress\/wp-content\/uploads\/2021\/09\/pp-1.jpg 640w\" sizes=\"auto, (max-width: 135px) 100vw, 135px\" \/><\/a><\/p>\n<div class=\"mkdf-post-text\">\n<div class=\"mkdf-post-text-inner\">\n<div class=\"mkdf-post-text-main\">\n<div class=\"mkdf-post-text\">\n<div class=\"mkdf-post-text-inner\">\n<div class=\"mkdf-post-text-main\">\n<div class=\"mkdf-post-text\">\n<div class=\"mkdf-post-text-inner\">\n<div class=\"mkdf-post-text-main\">\n<div class=\"page-title-head hgroup\">\n<div class=\"page-title-head hgroup\">\n<div class=\"mkdf-post-text\">\n<div class=\"mkdf-post-text-inner\">\n<div class=\"mkdf-post-text-main\">\n<div class=\"mkdf-post-text\">\n<div class=\"mkdf-post-text-inner\">\n<div class=\"mkdf-post-text-main\">\n<div class=\"page-title-head hgroup\">\n<div class=\"page-title-head hgroup\">\n<div class=\"page-title-head hgroup\">\n<div class=\"page-title-head hgroup\">\n<div class=\"b654a4as d2edcug0\">\n<div class=\"page-title-head hgroup\">\n<div class=\"page-title-head hgroup\">\n<div class=\"page-title-head hgroup\">\n<div class=\"page-title-head hgroup\">\n<div class=\"b654a4as d2edcug0\">\n<div class=\"page-title-head hgroup\">\n<div class=\"page-title-head hgroup\">\n<div class=\"page-title-head hgroup\">\n<div class=\"page-title-head hgroup\">\n<div class=\"b654a4as d2edcug0\">\n<div class=\"mkdf-post-text\">\n<div class=\"mkdf-post-text-inner\">\n<div class=\"mkdf-post-text-main\">\n<div class=\"mkdf-post-text\">\n<div class=\"mkdf-post-text-inner\">\n<div class=\"mkdf-post-text-main\">\n<div class=\"mkdf-post-text\">\n<div class=\"mkdf-post-text-inner\">\n<div class=\"mkdf-post-text-main\">\n<div class=\"page-title-head hgroup\">\n<div class=\"page-title-head hgroup\">\n<div class=\"mkdf-post-text\">\n<div class=\"mkdf-post-text-inner\">\n<div class=\"mkdf-post-text-main\">\n<div class=\"mkdf-post-text\">\n<div class=\"mkdf-post-text-inner\">\n<div class=\"mkdf-post-text-main\">\n<div class=\"page-title-head hgroup\">\n<div class=\"page-title-head hgroup\">\n<div class=\"page-title-head hgroup\">\n<div class=\"page-title-head hgroup\">\n<div class=\"b654a4as d2edcug0\">\n<div class=\"page-title-head hgroup\">\n<div class=\"page-title-head hgroup\">\n<div class=\"page-title-head hgroup\">\n<div class=\"page-title-head hgroup\">\n<div class=\"b654a4as d2edcug0\">\n<div class=\"page-title-head hgroup\">\n<div class=\"page-title-head hgroup\">\n<div class=\"page-title-head hgroup\">\n<div class=\"page-title-head hgroup\">\n<div class=\"b654a4as d2edcug0\">\n<div><\/div>\n<div><\/div>\n<div>\n<p><strong>MUSICA ALLA RADIO, IL PROGRAMMA DI LORIS SCUSSEL &#8220;COLLAGE OPERAZIONE NOSTALGIA&#8221; DAL LUNEDI AL VENERDI ALLE 16.00\u00a0 E ALLE 23\u00a0<\/strong><\/p>\n<\/div>\n<p>&nbsp;<\/p>\n<p><strong>PUNTATA 559 DEL 10 MARZO 2022<\/strong><\/p>\n<audio class=\"wp-audio-shortcode\" id=\"audio-263926-12\" preload=\"none\" style=\"width: 100%;\" controls=\"controls\"><source type=\"audio\/mpeg\" src=\"https:\/\/www.radiopiu.net\/wordpress\/wp-content\/uploads\/2022\/03\/Collage-559.mp3?_=12\" \/><a href=\"https:\/\/www.radiopiu.net\/wordpress\/wp-content\/uploads\/2022\/03\/Collage-559.mp3\">https:\/\/www.radiopiu.net\/wordpress\/wp-content\/uploads\/2022\/03\/Collage-559.mp3<\/a><\/audio>\n<p>&nbsp;<\/p>\n<p>&nbsp;<\/p>\n<hr \/>\n<\/div>\n<\/div>\n<\/div>\n<\/div>\n<\/div>\n<\/div>\n<\/div>\n<\/div>\n<\/div>\n<\/div>\n<\/div>\n<\/div>\n<\/div>\n<\/div>\n<\/div>\n<\/div>\n<\/div>\n<\/div>\n<\/div>\n<\/div>\n<\/div>\n<\/div>\n<\/div>\n<\/div>\n<\/div>\n<\/div>\n<\/div>\n<\/div>\n<\/div>\n<\/div>\n<\/div>\n<\/div>\n<\/div>\n<\/div>\n<\/div>\n<\/div>\n<\/div>\n<\/div>\n<\/div>\n<\/div>\n<\/div>\n<\/div>\n<\/div>\n<\/div>\n<\/div>\n<\/div>\n<\/div>\n<\/div>\n<\/div>\n<\/div>\n<\/div>\n<\/div>\n<\/div>\n<\/div>\n<\/div>\n<\/div>\n<\/div>\n<\/div>\n<\/div>\n<\/div>\n<\/div>\n<\/div>\n<\/div>\n<\/div>\n<p>&nbsp;<\/p>\n<blockquote class=\"wp-embedded-content\" data-secret=\"QQCSnfq6iw\"><p><a href=\"https:\/\/www.radiopiu.net\/wordpress\/frmx18\/\">FREEMIX, LA LIBERTA&#8217; MUSICALE MIXATA DA DJ ATHOS E RACCONTATA DA DJ JACK<\/a><\/p><\/blockquote>\n<p><iframe loading=\"lazy\" class=\"wp-embedded-content\" sandbox=\"allow-scripts\" security=\"restricted\" style=\"position: absolute; clip: rect(1px, 1px, 1px, 1px);\" title=\"&#8220;FREEMIX, LA LIBERTA&#8217; MUSICALE MIXATA DA DJ ATHOS E RACCONTATA DA DJ JACK&#8221; &#8212; Radio Pi\u00f9\" src=\"https:\/\/www.radiopiu.net\/wordpress\/frmx18\/embed\/#?secret=QQCSnfq6iw\" data-secret=\"QQCSnfq6iw\" width=\"600\" height=\"338\" frameborder=\"0\" marginwidth=\"0\" marginheight=\"0\" scrolling=\"no\"><\/iframe><\/p>\n<p>&nbsp;<\/p>\n<blockquote class=\"wp-embedded-content\" data-secret=\"1tkmTAbd9Y\"><p><a href=\"https:\/\/www.radiopiu.net\/wordpress\/da-ieri-alla-radio-in-palinsesto-loris-e-maurizio-con-la-grande-musica\/\">IL BLUES ALLA RADIO &#8230; COME NON L&#8217;AVETE MAI SENTITO PRIMA<\/a><\/p><\/blockquote>\n<p><iframe loading=\"lazy\" class=\"wp-embedded-content\" sandbox=\"allow-scripts\" security=\"restricted\" style=\"position: absolute; clip: rect(1px, 1px, 1px, 1px);\" title=\"&#8220;IL BLUES ALLA RADIO &#8230; COME NON L&#8217;AVETE MAI SENTITO PRIMA&#8221; &#8212; Radio Pi\u00f9\" src=\"https:\/\/www.radiopiu.net\/wordpress\/da-ieri-alla-radio-in-palinsesto-loris-e-maurizio-con-la-grande-musica\/embed\/#?secret=1tkmTAbd9Y\" data-secret=\"1tkmTAbd9Y\" width=\"600\" height=\"338\" frameborder=\"0\" marginwidth=\"0\" marginheight=\"0\" scrolling=\"no\"><\/iframe><\/p>\n<p>&nbsp;<\/p>\n<hr \/>\n<p>&nbsp;<\/p>\n<blockquote>\n<h3><span style=\"color: #0000ff;\">INFORMAZIONE il canale su TELEGRAM informazione di prima mano e in tempo reale. iscriviti ed aiutaci a farlo conoscere\u00a0\u00a0<\/span><\/h3>\n<\/blockquote>\n<div>\n<div class=\"page-title-head hgroup\">\n<div class=\"page-title-head hgroup\">\n<div class=\"page-title-head hgroup\">\n<div class=\"page-title-head hgroup\">\n<div class=\"b654a4as d2edcug0\">\n<div class=\"page-title-head hgroup\">\n<div class=\"page-title-head hgroup\">\n<div class=\"page-title-head hgroup\">\n<div class=\"page-title-head hgroup\">\n<div class=\"b654a4as d2edcug0\">\n<div class=\"page-title-head hgroup\">\n<div class=\"page-title-head hgroup\">\n<div class=\"page-title-head hgroup\">\n<div class=\"page-title-head hgroup\">\n<div class=\"page-title-head hgroup\">\n<div class=\"page-title-head hgroup\">\n<div class=\"page-title-head hgroup\">\n<div class=\"page-title-head hgroup\">\n<div class=\"page-title-head hgroup\">\n<div class=\"b654a4as d2edcug0\">\n<div class=\"page-title-head hgroup\">\n<div class=\"page-title-head hgroup\">\n<div class=\"page-title-head hgroup\">\n<div class=\"page-title-head hgroup\">\n<div class=\"b654a4as d2edcug0\">\n<div>\n<p>&nbsp;<\/p>\n<\/div>\n<div>\n<div class=\"page-title-head hgroup\">\n<div class=\"page-title-head hgroup\">\n<div class=\"page-title-head hgroup\">\n<div class=\"page-title-head hgroup\">\n<div class=\"page-title-head hgroup\">\n<div class=\"b654a4as d2edcug0\">\n<div>\n<hr \/>\n<\/div>\n<\/div>\n<div>\n<div>\n<p>&nbsp;<\/p>\n<\/div>\n<div>\n<div>\n<p>&nbsp;<\/p>\n<\/div>\n<div>\n<div>\n<p><strong>DUE MINUTI UN LIBRO, TUTTI I GIORNI ALLA RADIO ALLE 9.40 E ALLE 17.50\u00a0<\/strong><\/p>\n<div>\n<div>\n<p><strong>LA RACCOLTA COMPLETA\u00a0\u00a0<\/strong><\/p>\n<\/div>\n<div>\n<blockquote class=\"wp-embedded-content\" data-secret=\"8ntYjNnDfQ\"><p><a href=\"https:\/\/www.radiopiu.net\/wordpress\/due-minuti-un-libro\/\">Due minuti un libro<\/a><\/p><\/blockquote>\n<p><iframe loading=\"lazy\" class=\"wp-embedded-content\" sandbox=\"allow-scripts\" security=\"restricted\" style=\"position: absolute; clip: rect(1px, 1px, 1px, 1px);\" title=\"&#8220;Due minuti un libro&#8221; &#8212; Radio Pi\u00f9\" src=\"https:\/\/www.radiopiu.net\/wordpress\/due-minuti-un-libro\/embed\/#?secret=8ntYjNnDfQ\" data-secret=\"8ntYjNnDfQ\" width=\"600\" height=\"338\" frameborder=\"0\" marginwidth=\"0\" marginheight=\"0\" scrolling=\"no\"><\/iframe><\/p>\n<\/div>\n<\/div>\n<\/div>\n<div class=\"mkdf-post-text\">\n<div class=\"mkdf-post-text-inner\">\n<div class=\"mkdf-post-text-main\">\n<div class=\"mkdf-post-text\">\n<div class=\"mkdf-post-text-inner\">\n<div class=\"mkdf-post-text-main\">\n<div class=\"mkdf-post-text\">\n<div class=\"mkdf-post-text-inner\">\n<div class=\"mkdf-post-text-main\">\n<div class=\"page-title-head hgroup\">\n<div class=\"page-title-head hgroup\">\n<div class=\"mkdf-post-text\">\n<div class=\"mkdf-post-text-inner\">\n<div class=\"mkdf-post-text-main\">\n<div class=\"mkdf-post-text\">\n<div class=\"mkdf-post-text-inner\">\n<div class=\"mkdf-post-text-main\">\n<div class=\"page-title-head hgroup\">\n<div class=\"page-title-head hgroup\">\n<div class=\"page-title-head hgroup\">\n<div class=\"page-title-head hgroup\">\n<div class=\"b654a4as d2edcug0\">\n<div class=\"page-title-head hgroup\">\n<div class=\"page-title-head hgroup\">\n<div class=\"page-title-head hgroup\">\n<div class=\"page-title-head hgroup\">\n<div class=\"b654a4as d2edcug0\">\n<div class=\"page-title-head hgroup\">\n<div class=\"page-title-head hgroup\">\n<div class=\"page-title-head hgroup\">\n<div class=\"page-title-head hgroup\">\n<div class=\"b654a4as d2edcug0\">\n<div>\n<p>&nbsp;<\/p>\n<\/div>\n<div>\n<hr \/>\n<p>&nbsp;<\/p>\n<\/div>\n<h2><span style=\"color: #808000;\">L&#8217;ALMANACCO LADINO\u00a0\u00a0<\/span><\/h2>\n<p><strong>LA RACCOLTA<\/strong><\/p>\n<blockquote class=\"wp-embedded-content\" data-secret=\"nXH5RBuJaa\"><p><a href=\"https:\/\/www.radiopiu.net\/wordpress\/almanacco-ladino\/\">Almanacco Ladino<\/a><\/p><\/blockquote>\n<p><iframe loading=\"lazy\" class=\"wp-embedded-content\" sandbox=\"allow-scripts\" security=\"restricted\" style=\"position: absolute; clip: rect(1px, 1px, 1px, 1px);\" title=\"&#8220;Almanacco Ladino&#8221; &#8212; Radio Pi\u00f9\" src=\"https:\/\/www.radiopiu.net\/wordpress\/almanacco-ladino\/embed\/#?secret=nXH5RBuJaa\" data-secret=\"nXH5RBuJaa\" width=\"600\" height=\"338\" frameborder=\"0\" marginwidth=\"0\" marginheight=\"0\" scrolling=\"no\"><\/iframe><\/p>\n<p>&nbsp;<\/p>\n<hr \/>\n<p>&nbsp;<\/p>\n<h2><span style=\"color: #33cccc;\">LA RASSEGNA STAMPA DA L&#8217;AMICO DEL POPOLO<\/span><\/h2>\n<p><strong><a class=\"dt-pswp-item\" href=\"https:\/\/www.radiopiu.net\/wordpress\/wp-content\/uploads\/2022\/03\/ISP_emergenza-ucraina_1.jpg\" data-dt-img-description=\"\" data-large_image_width=\"720\" data-large_image_height=\"479\"><img loading=\"lazy\" decoding=\"async\" class=\" wp-image-263165 alignleft\" src=\"https:\/\/www.radiopiu.net\/wordpress\/wp-content\/uploads\/2022\/03\/ISP_emergenza-ucraina_1-300x200.jpg\" alt=\"\" width=\"180\" height=\"120\" srcset=\"https:\/\/www.radiopiu.net\/wordpress\/wp-content\/uploads\/2022\/03\/ISP_emergenza-ucraina_1-300x200.jpg 300w, https:\/\/www.radiopiu.net\/wordpress\/wp-content\/uploads\/2022\/03\/ISP_emergenza-ucraina_1.jpg 720w\" sizes=\"auto, (max-width: 180px) 100vw, 180px\" \/><\/a>di Gianni Santomaso<\/strong><\/p>\n<p>OSPITE: Inna Maslovska<\/p>\n<audio class=\"wp-audio-shortcode\" id=\"audio-263926-13\" preload=\"none\" style=\"width: 100%;\" controls=\"controls\"><source type=\"audio\/mpeg\" src=\"https:\/\/www.radiopiu.net\/wordpress\/wp-content\/uploads\/2022\/03\/RASSEGNA-GIANNI.mp3?_=13\" \/><a href=\"https:\/\/www.radiopiu.net\/wordpress\/wp-content\/uploads\/2022\/03\/RASSEGNA-GIANNI.mp3\">https:\/\/www.radiopiu.net\/wordpress\/wp-content\/uploads\/2022\/03\/RASSEGNA-GIANNI.mp3<\/a><\/audio>\n<p>&nbsp;<\/p>\n<p><strong>LA RACCOLTA COMPLETA<\/strong><\/p>\n<blockquote class=\"wp-embedded-content\" data-secret=\"mp8IPnDWnA\"><p><a href=\"https:\/\/www.radiopiu.net\/wordpress\/rassegna-stampa-di-gianni-santomaso\/\">Rassegna stampa da l&#8217;amico del popolo &#8211; di Gianni Santomaso<\/a><\/p><\/blockquote>\n<p><iframe loading=\"lazy\" class=\"wp-embedded-content\" sandbox=\"allow-scripts\" security=\"restricted\" style=\"position: absolute; clip: rect(1px, 1px, 1px, 1px);\" title=\"&#8220;Rassegna stampa da l&#8217;amico del popolo &#8211; di Gianni Santomaso&#8221; &#8212; Radio Pi\u00f9\" src=\"https:\/\/www.radiopiu.net\/wordpress\/rassegna-stampa-di-gianni-santomaso\/embed\/#?secret=mp8IPnDWnA\" data-secret=\"mp8IPnDWnA\" width=\"600\" height=\"338\" frameborder=\"0\" marginwidth=\"0\" marginheight=\"0\" scrolling=\"no\"><\/iframe><\/p>\n<p>&nbsp;<\/p>\n<hr \/>\n<p>&nbsp;<\/p>\n<div>\n<div class=\"page-title-head hgroup\">\n<div class=\"page-title-head hgroup\">\n<div class=\"b654a4as d2edcug0\">\n<div class=\"j83agx80 btwxx1t3 lhclo0ds hop8lmos nkwizq5d scwd0bx6 roh60bw9\">\n<div class=\"rq0escxv hkbzh7o3 jwdofwj8 n8tt0mok r8blr3vg hyh9befq\">\n<div class=\"do00u71z l9j0dhe7 k4urcfbm\">\n<div class=\"ecm0bbzt e5nlhep0 a8c37x1j\">\n<div class=\"kvgmc6g5 cxmmr5t8 oygrvhab hcukyx3x c1et5uql\">\n<div class=\"gmail-kvgmc6g5 gmail-cxmmr5t8 gmail-oygrvhab gmail-hcukyx3x gmail-c1et5uql gmail-ii04i59q\">\n<div class=\"page-title-head hgroup\">\n<div class=\"page-title-head hgroup\">\n<div class=\"b654a4as d2edcug0\">\n<div class=\"j83agx80 btwxx1t3 lhclo0ds hop8lmos nkwizq5d scwd0bx6 roh60bw9\">\n<div class=\"rq0escxv hkbzh7o3 jwdofwj8 n8tt0mok r8blr3vg hyh9befq\">\n<div class=\"do00u71z l9j0dhe7 k4urcfbm\">\n<div>\n<div class=\"page-title-head hgroup\">\n<div class=\"page-title-head hgroup\">\n<div class=\"page-title-head hgroup\">\n<div class=\"page-title-head hgroup\">\n<div class=\"b654a4as d2edcug0\">\n<div class=\"page-title-head hgroup\">\n<div class=\"page-title-head hgroup\">\n<div class=\"page-title-head hgroup\">\n<div class=\"page-title-head hgroup\">\n<div class=\"b654a4as d2edcug0\">\n<div class=\"page-title-head hgroup\">\n<div class=\"page-title-head hgroup\">\n<div class=\"page-title-head hgroup\">\n<div class=\"page-title-head hgroup\">\n<div class=\"page-title-head hgroup\">\n<div class=\"page-title-head hgroup\">\n<div class=\"page-title-head hgroup\">\n<div class=\"page-title-head hgroup\">\n<div class=\"page-title-head hgroup\">\n<div class=\"b654a4as d2edcug0\">\n<div class=\"page-title-head hgroup\">\n<div class=\"page-title-head hgroup\">\n<div class=\"page-title-head hgroup\">\n<div class=\"page-title-head hgroup\">\n<div class=\"b654a4as d2edcug0\">\n<div>\n<div class=\"page-title-head hgroup\">\n<div class=\"page-title-head hgroup\">\n<div class=\"page-title-head hgroup\">\n<div class=\"page-title-head hgroup\">\n<div class=\"page-title-head hgroup\">\n<div>\n<div>\n<div>\n<div class=\"mkdf-post-text\">\n<div class=\"mkdf-post-text-inner\">\n<div class=\"mkdf-post-text-main\">\n<div class=\"mkdf-post-text\">\n<div class=\"mkdf-post-text-inner\">\n<div class=\"mkdf-post-text-main\">\n<div class=\"mkdf-post-text\">\n<div class=\"mkdf-post-text-inner\">\n<div class=\"mkdf-post-text-main\">\n<div class=\"page-title-head hgroup\">\n<div class=\"page-title-head hgroup\">\n<div class=\"mkdf-post-text\">\n<div class=\"mkdf-post-text-inner\">\n<div class=\"mkdf-post-text-main\">\n<div class=\"mkdf-post-text\">\n<div class=\"mkdf-post-text-inner\">\n<div class=\"mkdf-post-text-main\">\n<div class=\"page-title-head hgroup\">\n<div class=\"page-title-head hgroup\">\n<div class=\"page-title-head hgroup\">\n<div class=\"page-title-head hgroup\">\n<div class=\"b654a4as d2edcug0\">\n<div class=\"page-title-head hgroup\">\n<div class=\"page-title-head hgroup\">\n<div class=\"page-title-head hgroup\">\n<div class=\"page-title-head hgroup\">\n<div class=\"b654a4as d2edcug0\">\n<div class=\"page-title-head hgroup\">\n<div class=\"page-title-head hgroup\">\n<div class=\"page-title-head hgroup\">\n<div class=\"page-title-head hgroup\">\n<div class=\"b654a4as d2edcug0\">\n<h2><span style=\"color: #800080;\">I RACCONTI DI PAOLO SOPPELSA\u00a0<\/span><\/h2>\n<p><strong>LA RACCOLTA COMPLETA<\/strong><\/p>\n<blockquote class=\"wp-embedded-content\" data-secret=\"qtEmqLhSMX\"><p><a href=\"https:\/\/www.radiopiu.net\/wordpress\/i-racconti-di-paolo-soppelsa\/\">I racconti di Paolo Soppelsa<\/a><\/p><\/blockquote>\n<p><iframe loading=\"lazy\" class=\"wp-embedded-content\" sandbox=\"allow-scripts\" security=\"restricted\" style=\"position: absolute; clip: rect(1px, 1px, 1px, 1px);\" title=\"&#8220;I racconti di Paolo Soppelsa&#8221; &#8212; Radio Pi\u00f9\" src=\"https:\/\/www.radiopiu.net\/wordpress\/i-racconti-di-paolo-soppelsa\/embed\/#?secret=qtEmqLhSMX\" data-secret=\"qtEmqLhSMX\" width=\"600\" height=\"338\" frameborder=\"0\" marginwidth=\"0\" marginheight=\"0\" scrolling=\"no\"><\/iframe><\/p>\n<p>&nbsp;<\/p>\n<\/div>\n<\/div>\n<\/div>\n<\/div>\n<\/div>\n<\/div>\n<\/div>\n<\/div>\n<\/div>\n<\/div>\n<\/div>\n<\/div>\n<\/div>\n<\/div>\n<\/div>\n<\/div>\n<\/div>\n<\/div>\n<\/div>\n<\/div>\n<\/div>\n<\/div>\n<\/div>\n<\/div>\n<\/div>\n<\/div>\n<\/div>\n<\/div>\n<\/div>\n<\/div>\n<\/div>\n<\/div>\n<\/div>\n<\/div>\n<\/div>\n<\/div>\n<\/div>\n<\/div>\n<\/div>\n<\/div>\n<\/div>\n<\/div>\n<\/div>\n<\/div>\n<\/div>\n<\/div>\n<\/div>\n<\/div>\n<\/div>\n<\/div>\n<\/div>\n<\/div>\n<\/div>\n<\/div>\n<\/div>\n<\/div>\n<\/div>\n<\/div>\n<\/div>\n<\/div>\n<\/div>\n<\/div>\n<\/div>\n<\/div>\n<\/div>\n<\/div>\n<\/div>\n<div>\n<div class=\"page-title-head hgroup\">\n<div class=\"page-title-head hgroup\">\n<div class=\"page-title-head hgroup\">\n<div class=\"page-title-head hgroup\">\n<div class=\"b654a4as d2edcug0\">\n<div class=\"page-title-head hgroup\">\n<div class=\"page-title-head hgroup\">\n<div class=\"page-title-head hgroup\">\n<div class=\"page-title-head hgroup\">\n<div class=\"b654a4as d2edcug0\">\n<div class=\"page-title-head hgroup\">\n<div class=\"page-title-head hgroup\">\n<div class=\"page-title-head hgroup\">\n<div class=\"page-title-head hgroup\">\n<div class=\"page-title-head hgroup\">\n<div class=\"page-title-head hgroup\">\n<div class=\"page-title-head hgroup\">\n<div class=\"page-title-head hgroup\">\n<div class=\"page-title-head hgroup\">\n<div class=\"b654a4as d2edcug0\">\n<div class=\"page-title-head hgroup\">\n<div class=\"page-title-head hgroup\">\n<div class=\"page-title-head hgroup\">\n<div class=\"page-title-head hgroup\">\n<div class=\"b654a4as d2edcug0\">\n<div>\n<div class=\"page-title-head hgroup\">\n<div class=\"page-title-head hgroup\">\n<div class=\"page-title-head hgroup\">\n<div class=\"page-title-head hgroup\">\n<div class=\"page-title-head hgroup\">\n<div>\n<div>\n<div>\n<div class=\"mkdf-post-text\">\n<div class=\"mkdf-post-text-inner\">\n<div class=\"mkdf-post-text-main\">\n<div class=\"mkdf-post-text\">\n<div class=\"mkdf-post-text-inner\">\n<div class=\"mkdf-post-text-main\">\n<div class=\"mkdf-post-text\">\n<div class=\"mkdf-post-text-inner\">\n<div class=\"mkdf-post-text-main\">\n<div class=\"page-title-head hgroup\">\n<div class=\"page-title-head hgroup\">\n<div class=\"mkdf-post-text\">\n<div class=\"mkdf-post-text-inner\">\n<div class=\"mkdf-post-text-main\">\n<div class=\"mkdf-post-text\">\n<div class=\"mkdf-post-text-inner\">\n<div class=\"mkdf-post-text-main\">\n<div class=\"page-title-head hgroup\">\n<div class=\"page-title-head hgroup\">\n<div class=\"page-title-head hgroup\">\n<div class=\"page-title-head hgroup\">\n<div class=\"b654a4as d2edcug0\">\n<div class=\"page-title-head hgroup\">\n<div class=\"page-title-head hgroup\">\n<div class=\"page-title-head hgroup\">\n<div class=\"page-title-head hgroup\">\n<div class=\"b654a4as d2edcug0\">\n<div class=\"page-title-head hgroup\">\n<div class=\"page-title-head hgroup\">\n<div class=\"page-title-head hgroup\">\n<div class=\"page-title-head hgroup\">\n<div class=\"b654a4as d2edcug0\">\n<hr \/>\n<\/div>\n<div class=\"b654a4as d2edcug0\">\n<p>&nbsp;<\/p>\n<p><a href=\"https:\/\/www.radiopiu.net\/wordpress\/giornale-radiopiu-26-settembre-2018-direttore-mirko-mezzacasa\/viabilita-2\/\" rel=\"attachment wp-att-61954\"><img loading=\"lazy\" decoding=\"async\" class=\"aligncenter wp-image-61954 size-full\" src=\"https:\/\/www.radiopiu.net\/wordpress\/wp-content\/uploads\/2018\/09\/viabilita.jpeg\" sizes=\"auto, (max-width: 800px) 100vw, 800px\" srcset=\"https:\/\/www.radiopiu.net\/wordpress\/wp-content\/uploads\/2018\/09\/viabilita.jpeg 800w, https:\/\/www.radiopiu.net\/wordpress\/wp-content\/uploads\/2018\/09\/viabilita-300x38.jpeg 300w, https:\/\/www.radiopiu.net\/wordpress\/wp-content\/uploads\/2018\/09\/viabilita-768x96.jpeg 768w\" alt=\"\" width=\"800\" height=\"100\" \/><\/a><\/p>\n<\/div>\n<\/div>\n<\/div>\n<\/div>\n<\/div>\n<\/div>\n<\/div>\n<\/div>\n<\/div>\n<\/div>\n<\/div>\n<\/div>\n<\/div>\n<\/div>\n<\/div>\n<\/div>\n<\/div>\n<\/div>\n<\/div>\n<\/div>\n<\/div>\n<\/div>\n<\/div>\n<\/div>\n<\/div>\n<\/div>\n<\/div>\n<\/div>\n<\/div>\n<\/div>\n<\/div>\n<\/div>\n<\/div>\n<\/div>\n<\/div>\n<\/div>\n<\/div>\n<\/div>\n<\/div>\n<\/div>\n<\/div>\n<\/div>\n<\/div>\n<\/div>\n<\/div>\n<\/div>\n<\/div>\n<\/div>\n<\/div>\n<\/div>\n<\/div>\n<\/div>\n<\/div>\n<\/div>\n<\/div>\n<\/div>\n<\/div>\n<\/div>\n<\/div>\n<\/div>\n<\/div>\n<\/div>\n<\/div>\n<\/div>\n<\/div>\n<\/div>\n<\/div>\n<\/div>\n<\/div>\n<\/div>\n<\/div>\n<\/div>\n<\/div>\n<\/div>\n<\/div>\n<\/div>\n<\/div>\n<\/div>\n<\/div>\n<\/div>\n<\/div>\n<\/div>\n<\/div>\n<div>\n<div class=\"page-title-head hgroup\">\n<div class=\"page-title-head hgroup\">\n<div class=\"b654a4as d2edcug0\">\n<div class=\"j83agx80 btwxx1t3 lhclo0ds hop8lmos nkwizq5d scwd0bx6 roh60bw9\">\n<div class=\"rq0escxv hkbzh7o3 jwdofwj8 n8tt0mok r8blr3vg hyh9befq\">\n<div class=\"do00u71z l9j0dhe7 k4urcfbm\">\n<div class=\"ecm0bbzt e5nlhep0 a8c37x1j\">\n<div class=\"kvgmc6g5 cxmmr5t8 oygrvhab hcukyx3x c1et5uql\">\n<div class=\"gmail-kvgmc6g5 gmail-cxmmr5t8 gmail-oygrvhab gmail-hcukyx3x gmail-c1et5uql gmail-ii04i59q\">\n<div class=\"page-title-head hgroup\">\n<div class=\"page-title-head hgroup\">\n<div class=\"b654a4as d2edcug0\">\n<div class=\"j83agx80 btwxx1t3 lhclo0ds hop8lmos nkwizq5d scwd0bx6 roh60bw9\">\n<div class=\"rq0escxv hkbzh7o3 jwdofwj8 n8tt0mok r8blr3vg hyh9befq\">\n<div class=\"do00u71z l9j0dhe7 k4urcfbm\">\n<div class=\"page-title-head hgroup\">\n<div class=\"page-title-head hgroup\">\n<div class=\"page-title-head hgroup\">\n<div class=\"page-title-head hgroup\">\n<div class=\"b654a4as d2edcug0\">\n<div class=\"page-title-head hgroup\">\n<div class=\"page-title-head hgroup\">\n<div class=\"page-title-head hgroup\">\n<div class=\"page-title-head hgroup\">\n<div class=\"b654a4as d2edcug0\">\n<div class=\"page-title-head hgroup\">\n<div class=\"page-title-head hgroup\">\n<div class=\"page-title-head hgroup\">\n<div class=\"page-title-head hgroup\">\n<div class=\"page-title-head hgroup\">\n<div class=\"page-title-head hgroup\">\n<div class=\"page-title-head hgroup\">\n<div class=\"page-title-head hgroup\">\n<div class=\"page-title-head hgroup\">\n<div class=\"b654a4as d2edcug0\">\n<div class=\"page-title-head hgroup\">\n<div class=\"page-title-head hgroup\">\n<div class=\"page-title-head hgroup\">\n<div class=\"page-title-head hgroup\">\n<div class=\"b654a4as d2edcug0\">\n<div class=\"page-title-head hgroup\">\n<div class=\"page-title-head hgroup\">\n<div class=\"page-title-head hgroup\">\n<div class=\"page-title-head hgroup\">\n<div class=\"page-title-head hgroup\">\n<div class=\"mkdf-post-text\">\n<div class=\"mkdf-post-text-inner\">\n<div class=\"mkdf-post-text-main\">\n<div class=\"mkdf-post-text\">\n<div class=\"mkdf-post-text-inner\">\n<div class=\"mkdf-post-text-main\">\n<div class=\"mkdf-post-text\">\n<div class=\"mkdf-post-text-inner\">\n<div class=\"mkdf-post-text-main\">\n<div class=\"page-title-head hgroup\">\n<div class=\"page-title-head hgroup\">\n<div class=\"mkdf-post-text\">\n<div class=\"mkdf-post-text-inner\">\n<div class=\"mkdf-post-text-main\">\n<div class=\"mkdf-post-text\">\n<div class=\"mkdf-post-text-inner\">\n<div class=\"mkdf-post-text-main\">\n<div class=\"page-title-head hgroup\">\n<div class=\"page-title-head hgroup\">\n<div class=\"page-title-head hgroup\">\n<div class=\"page-title-head hgroup\">\n<div class=\"b654a4as d2edcug0\">\n<div class=\"page-title-head hgroup\">\n<div class=\"page-title-head hgroup\">\n<div class=\"page-title-head hgroup\">\n<div class=\"page-title-head hgroup\">\n<div class=\"b654a4as d2edcug0\">\n<div class=\"page-title-head hgroup\">\n<div class=\"page-title-head hgroup\">\n<div class=\"page-title-head hgroup\">\n<div class=\"page-title-head hgroup\">\n<div class=\"b654a4as d2edcug0\">\n<div class=\"ecm0bbzt e5nlhep0 a8c37x1j\">\n<div class=\"kvgmc6g5 cxmmr5t8 oygrvhab hcukyx3x c1et5uql\">\n<div class=\"gmail-kvgmc6g5 gmail-cxmmr5t8 gmail-oygrvhab gmail-hcukyx3x gmail-c1et5uql gmail-ii04i59q\">\n<div class=\"page-title-head hgroup\">\n<div class=\"page-title-head hgroup\">\n<div class=\"b654a4as d2edcug0\">\n<div class=\"j83agx80 btwxx1t3 lhclo0ds hop8lmos nkwizq5d scwd0bx6 roh60bw9\">\n<div class=\"rq0escxv hkbzh7o3 jwdofwj8 n8tt0mok r8blr3vg hyh9befq\">\n<div class=\"do00u71z l9j0dhe7 k4urcfbm\">\n<div class=\"page-title-head hgroup\">\n<div class=\"page-title-head hgroup\">\n<div class=\"page-title-head hgroup\">\n<div class=\"page-title-head hgroup\">\n<div class=\"b654a4as d2edcug0\">\n<div class=\"page-title-head hgroup\">\n<div class=\"page-title-head hgroup\">\n<div class=\"page-title-head hgroup\">\n<div class=\"page-title-head hgroup\">\n<div class=\"b654a4as d2edcug0\">\n<div class=\"page-title-head hgroup\">\n<div class=\"page-title-head hgroup\">\n<div class=\"page-title-head hgroup\">\n<div class=\"page-title-head hgroup\">\n<div class=\"page-title-head hgroup\">\n<div class=\"page-title-head hgroup\">\n<div class=\"page-title-head hgroup\">\n<div class=\"page-title-head hgroup\">\n<div class=\"page-title-head hgroup\">\n<div class=\"b654a4as d2edcug0\">\n<div class=\"page-title-head hgroup\">\n<div class=\"page-title-head hgroup\">\n<div class=\"page-title-head hgroup\">\n<div class=\"page-title-head hgroup\">\n<div class=\"b654a4as d2edcug0\">\n<div class=\"page-title-head hgroup\">\n<div class=\"page-title-head hgroup\">\n<div class=\"page-title-head hgroup\">\n<div class=\"page-title-head hgroup\">\n<div class=\"page-title-head hgroup\">\n<div class=\"mkdf-post-text\">\n<div class=\"mkdf-post-text-inner\">\n<div class=\"mkdf-post-text-main\">\n<div class=\"mkdf-post-text\">\n<div class=\"mkdf-post-text-inner\">\n<div class=\"mkdf-post-text-main\">\n<div class=\"mkdf-post-text\">\n<div class=\"mkdf-post-text-inner\">\n<div class=\"mkdf-post-text-main\">\n<div class=\"page-title-head hgroup\">\n<div class=\"page-title-head hgroup\">\n<div class=\"mkdf-post-text\">\n<div class=\"mkdf-post-text-inner\">\n<div class=\"mkdf-post-text-main\">\n<div class=\"mkdf-post-text\">\n<div class=\"mkdf-post-text-inner\">\n<div class=\"mkdf-post-text-main\">\n<div class=\"page-title-head hgroup\">\n<div class=\"page-title-head hgroup\">\n<div class=\"page-title-head hgroup\">\n<div class=\"page-title-head hgroup\">\n<div class=\"b654a4as d2edcug0\">\n<div class=\"page-title-head hgroup\">\n<div class=\"page-title-head hgroup\">\n<div class=\"page-title-head hgroup\">\n<div class=\"page-title-head hgroup\">\n<div class=\"b654a4as d2edcug0\">\n<div class=\"page-title-head hgroup\">\n<div class=\"page-title-head hgroup\">\n<div class=\"page-title-head hgroup\">\n<div class=\"page-title-head hgroup\">\n<div class=\"b654a4as d2edcug0\">\n<p>&nbsp;<\/p>\n<blockquote>\n<h3>LAVORI ALLA CONDOTTA FOGNARIA DI MASARE&#8217; DI ROCCA PIETORE DAL 7 AL 25 MARZO<\/h3>\n<\/blockquote>\n<p><strong><a class=\"dt-pswp-item\" href=\"https:\/\/www.radiopiu.net\/wordpress\/wp-content\/uploads\/2021\/06\/LAVORI.jpg\" data-dt-img-description=\"\" data-large_image_width=\"188\" data-large_image_height=\"164\"><img loading=\"lazy\" decoding=\"async\" class=\" wp-image-216176 alignleft\" src=\"https:\/\/www.radiopiu.net\/wordpress\/wp-content\/uploads\/2021\/06\/LAVORI.jpg\" alt=\"\" width=\"133\" height=\"116\" \/><\/a>ROCCA PIETORE<\/strong> Il comune di Rocca Pietore ha esposto un&#8217;ordinanza che i riguarda i lavori alla condotta fognaria a Masar\u00e8. Dal 7 al 11 marzo e dal 21 al 25 marzo senso unico alternato regolato ma movieri. Dal 14 al 18 marzo il traffico verr\u00e0 deviato nel parcheggio antistante il civico 20 mentre nella giornata del 17 marzo, dalle 7 alle 24, interdizione totale alla circolazione al fine di consentire l&#8217;esecuzione di lavori sulla condotta fognaria a cura di BIM GSP.<\/p>\n<p>&nbsp;<\/p>\n<p>&nbsp;<\/p>\n<blockquote class=\"wp-embedded-content\" data-secret=\"rw9by4xDxL\"><p><a href=\"https:\/\/www.radiopiu.net\/wordpress\/viabilita\/\">viabilita<\/a><\/p><\/blockquote>\n<p><iframe loading=\"lazy\" class=\"wp-embedded-content\" sandbox=\"allow-scripts\" security=\"restricted\" style=\"position: absolute; clip: rect(1px, 1px, 1px, 1px);\" title=\"&#8220;viabilita&#8221; &#8212; Radio Pi\u00f9\" src=\"https:\/\/www.radiopiu.net\/wordpress\/viabilita\/embed\/#?secret=rw9by4xDxL\" data-secret=\"rw9by4xDxL\" width=\"600\" height=\"338\" frameborder=\"0\" marginwidth=\"0\" marginheight=\"0\" scrolling=\"no\"><\/iframe><\/p>\n<p>&nbsp;<\/p>\n<hr \/>\n<\/div>\n<\/div>\n<\/div>\n<\/div>\n<\/div>\n<\/div>\n<\/div>\n<\/div>\n<\/div>\n<\/div>\n<\/div>\n<\/div>\n<\/div>\n<\/div>\n<\/div>\n<\/div>\n<\/div>\n<\/div>\n<\/div>\n<\/div>\n<\/div>\n<\/div>\n<\/div>\n<\/div>\n<\/div>\n<\/div>\n<\/div>\n<\/div>\n<\/div>\n<\/div>\n<\/div>\n<\/div>\n<\/div>\n<\/div>\n<\/div>\n<\/div>\n<\/div>\n<\/div>\n<\/div>\n<\/div>\n<\/div>\n<\/div>\n<\/div>\n<\/div>\n<\/div>\n<\/div>\n<\/div>\n<\/div>\n<\/div>\n<\/div>\n<\/div>\n<\/div>\n<\/div>\n<\/div>\n<\/div>\n<\/div>\n<\/div>\n<\/div>\n<\/div>\n<\/div>\n<\/div>\n<\/div>\n<\/div>\n<\/div>\n<\/div>\n<\/div>\n<\/div>\n<\/div>\n<\/div>\n<\/div>\n<\/div>\n<\/div>\n<\/div>\n<\/div>\n<\/div>\n<\/div>\n<\/div>\n<\/div>\n<\/div>\n<\/div>\n<\/div>\n<\/div>\n<\/div>\n<\/div>\n<\/div>\n<\/div>\n<\/div>\n<\/div>\n<\/div>\n<\/div>\n<\/div>\n<\/div>\n<\/div>\n<\/div>\n<\/div>\n<\/div>\n<\/div>\n<\/div>\n<\/div>\n<\/div>\n<\/div>\n<\/div>\n<\/div>\n<\/div>\n<\/div>\n<\/div>\n<\/div>\n<\/div>\n<\/div>\n<\/div>\n<\/div>\n<\/div>\n<\/div>\n<\/div>\n<\/div>\n<\/div>\n<\/div>\n<\/div>\n<\/div>\n<\/div>\n<\/div>\n<\/div>\n<\/div>\n<\/div>\n<\/div>\n<\/div>\n<\/div>\n<\/div>\n<\/div>\n<\/div>\n<\/div>\n<\/div>\n<\/div>\n<\/div>\n<\/div>\n<\/div>\n<\/div>\n<\/div>\n<\/div>\n<\/div>\n<\/div>\n<\/div>\n<\/div>\n<\/div>\n<\/div>\n<\/div>\n<\/div>\n<\/div>\n<\/div>\n<p>&nbsp;<\/p>\n<div>\n<div class=\"page-title-head hgroup\">\n<div class=\"page-title-head hgroup\">\n<div class=\"b654a4as d2edcug0\">\n<div class=\"j83agx80 btwxx1t3 lhclo0ds hop8lmos nkwizq5d scwd0bx6 roh60bw9\">\n<div class=\"rq0escxv hkbzh7o3 jwdofwj8 n8tt0mok r8blr3vg hyh9befq\">\n<div class=\"do00u71z l9j0dhe7 k4urcfbm\">\n<div class=\"page-title-head hgroup\">\n<div class=\"page-title-head hgroup\">\n<div class=\"b654a4as d2edcug0\">\n<div class=\"j83agx80 btwxx1t3 lhclo0ds hop8lmos nkwizq5d scwd0bx6 roh60bw9\">\n<div class=\"rq0escxv hkbzh7o3 jwdofwj8 n8tt0mok r8blr3vg hyh9befq\">\n<div class=\"do00u71z l9j0dhe7 k4urcfbm\">\n<div class=\"ecm0bbzt e5nlhep0 a8c37x1j\">\n<div class=\"kvgmc6g5 cxmmr5t8 oygrvhab hcukyx3x c1et5uql\">\n<div class=\"gmail-kvgmc6g5 gmail-cxmmr5t8 gmail-oygrvhab gmail-hcukyx3x gmail-c1et5uql gmail-ii04i59q\">\n<div class=\"page-title-head hgroup\">\n<div class=\"page-title-head hgroup\">\n<div class=\"b654a4as d2edcug0\">\n<div class=\"j83agx80 btwxx1t3 lhclo0ds hop8lmos nkwizq5d scwd0bx6 roh60bw9\">\n<div class=\"rq0escxv hkbzh7o3 jwdofwj8 n8tt0mok r8blr3vg hyh9befq\">\n<div class=\"do00u71z l9j0dhe7 k4urcfbm\">\n<div class=\"page-title-head hgroup\">\n<div class=\"page-title-head hgroup\">\n<div class=\"b654a4as d2edcug0\">\n<div class=\"j83agx80 btwxx1t3 lhclo0ds hop8lmos nkwizq5d scwd0bx6 roh60bw9\">\n<div class=\"rq0escxv hkbzh7o3 jwdofwj8 n8tt0mok r8blr3vg hyh9befq\">\n<div class=\"do00u71z l9j0dhe7 k4urcfbm\">\n<div>\n<div class=\"page-title-head hgroup\">\n<div class=\"page-title-head hgroup\">\n<div class=\"b654a4as d2edcug0\">\n<div class=\"j83agx80 btwxx1t3 lhclo0ds hop8lmos nkwizq5d scwd0bx6 roh60bw9\">\n<div class=\"rq0escxv hkbzh7o3 jwdofwj8 n8tt0mok r8blr3vg hyh9befq\">\n<div class=\"do00u71z l9j0dhe7 k4urcfbm\">\n<div class=\"ecm0bbzt e5nlhep0 a8c37x1j\">\n<div class=\"kvgmc6g5 cxmmr5t8 oygrvhab hcukyx3x c1et5uql\">\n<div class=\"gmail-kvgmc6g5 gmail-cxmmr5t8 gmail-oygrvhab gmail-hcukyx3x gmail-c1et5uql gmail-ii04i59q\">\n<div class=\"page-title-head hgroup\">\n<div class=\"page-title-head hgroup\">\n<div class=\"b654a4as d2edcug0\">\n<div class=\"j83agx80 btwxx1t3 lhclo0ds hop8lmos nkwizq5d scwd0bx6 roh60bw9\">\n<div class=\"rq0escxv hkbzh7o3 jwdofwj8 n8tt0mok r8blr3vg hyh9befq\">\n<div class=\"do00u71z l9j0dhe7 k4urcfbm\">\n<div class=\"page-title-head hgroup\">\n<div class=\"page-title-head hgroup\">\n<div class=\"page-title-head hgroup\">\n<div class=\"page-title-head hgroup\">\n<div class=\"b654a4as d2edcug0\">\n<div class=\"page-title-head hgroup\">\n<div class=\"page-title-head hgroup\">\n<div class=\"page-title-head hgroup\">\n<div class=\"page-title-head hgroup\">\n<div class=\"b654a4as d2edcug0\">\n<div class=\"page-title-head hgroup\">\n<div class=\"page-title-head hgroup\">\n<div class=\"page-title-head hgroup\">\n<div class=\"page-title-head hgroup\">\n<div class=\"page-title-head hgroup\">\n<div class=\"page-title-head hgroup\">\n<div class=\"page-title-head hgroup\">\n<div class=\"page-title-head hgroup\">\n<div class=\"page-title-head hgroup\">\n<div class=\"b654a4as d2edcug0\">\n<div class=\"page-title-head hgroup\">\n<div class=\"page-title-head hgroup\">\n<div class=\"page-title-head hgroup\">\n<div class=\"page-title-head hgroup\">\n<div class=\"b654a4as d2edcug0\">\n<div class=\"page-title-head hgroup\">\n<div class=\"page-title-head hgroup\">\n<div class=\"page-title-head hgroup\">\n<div class=\"page-title-head hgroup\">\n<div class=\"page-title-head hgroup\">\n<div class=\"mkdf-post-text\">\n<div class=\"mkdf-post-text-inner\">\n<div class=\"mkdf-post-text-main\">\n<div class=\"mkdf-post-text\">\n<div class=\"mkdf-post-text-inner\">\n<div class=\"mkdf-post-text-main\">\n<div class=\"mkdf-post-text\">\n<div class=\"mkdf-post-text-inner\">\n<div class=\"mkdf-post-text-main\">\n<div class=\"page-title-head hgroup\">\n<div class=\"page-title-head hgroup\">\n<div class=\"mkdf-post-text\">\n<div class=\"mkdf-post-text-inner\">\n<div class=\"mkdf-post-text-main\">\n<div class=\"mkdf-post-text\">\n<div class=\"mkdf-post-text-inner\">\n<div class=\"mkdf-post-text-main\">\n<div class=\"page-title-head hgroup\">\n<div class=\"page-title-head hgroup\">\n<div class=\"page-title-head hgroup\">\n<div class=\"page-title-head hgroup\">\n<div class=\"b654a4as d2edcug0\">\n<div class=\"page-title-head hgroup\">\n<div class=\"page-title-head hgroup\">\n<div class=\"page-title-head hgroup\">\n<div class=\"page-title-head hgroup\">\n<div class=\"b654a4as d2edcug0\">\n<div class=\"page-title-head hgroup\">\n<div class=\"page-title-head hgroup\">\n<div class=\"page-title-head hgroup\">\n<div class=\"page-title-head hgroup\">\n<div class=\"b654a4as d2edcug0\">\n<div class=\"ecm0bbzt e5nlhep0 a8c37x1j\">\n<div class=\"kvgmc6g5 cxmmr5t8 oygrvhab hcukyx3x c1et5uql\">\n<div class=\"gmail-kvgmc6g5 gmail-cxmmr5t8 gmail-oygrvhab gmail-hcukyx3x gmail-c1et5uql gmail-ii04i59q\">\n<div class=\"page-title-head hgroup\">\n<div class=\"page-title-head hgroup\">\n<div class=\"b654a4as d2edcug0\">\n<div class=\"j83agx80 btwxx1t3 lhclo0ds hop8lmos nkwizq5d scwd0bx6 roh60bw9\">\n<div class=\"rq0escxv hkbzh7o3 jwdofwj8 n8tt0mok r8blr3vg hyh9befq\">\n<div class=\"do00u71z l9j0dhe7 k4urcfbm\">\n<div class=\"page-title-head hgroup\">\n<div class=\"page-title-head hgroup\">\n<div class=\"page-title-head hgroup\">\n<div class=\"page-title-head hgroup\">\n<div class=\"b654a4as d2edcug0\">\n<div class=\"page-title-head hgroup\">\n<div class=\"page-title-head hgroup\">\n<div class=\"page-title-head hgroup\">\n<div class=\"page-title-head hgroup\">\n<div class=\"b654a4as d2edcug0\">\n<div class=\"page-title-head hgroup\">\n<div class=\"page-title-head hgroup\">\n<div class=\"page-title-head hgroup\">\n<div class=\"page-title-head hgroup\">\n<div class=\"page-title-head hgroup\">\n<div class=\"page-title-head hgroup\">\n<div class=\"page-title-head hgroup\">\n<div class=\"page-title-head hgroup\">\n<div class=\"page-title-head hgroup\">\n<div class=\"b654a4as d2edcug0\">\n<div class=\"page-title-head hgroup\">\n<div class=\"page-title-head hgroup\">\n<div class=\"page-title-head hgroup\">\n<div class=\"page-title-head hgroup\">\n<div class=\"b654a4as d2edcug0\">\n<div class=\"page-title-head hgroup\">\n<div class=\"page-title-head hgroup\">\n<div class=\"page-title-head hgroup\">\n<div class=\"page-title-head hgroup\">\n<div class=\"page-title-head hgroup\">\n<div class=\"mkdf-post-text\">\n<div class=\"mkdf-post-text-inner\">\n<div class=\"mkdf-post-text-main\">\n<div class=\"mkdf-post-text\">\n<div class=\"mkdf-post-text-inner\">\n<div class=\"mkdf-post-text-main\">\n<div class=\"mkdf-post-text\">\n<div class=\"mkdf-post-text-inner\">\n<div class=\"mkdf-post-text-main\">\n<div class=\"page-title-head hgroup\">\n<div class=\"page-title-head hgroup\">\n<div class=\"mkdf-post-text\">\n<div class=\"mkdf-post-text-inner\">\n<div class=\"mkdf-post-text-main\">\n<div class=\"mkdf-post-text\">\n<div class=\"mkdf-post-text-inner\">\n<div class=\"mkdf-post-text-main\">\n<div class=\"page-title-head hgroup\">\n<div class=\"page-title-head hgroup\">\n<div class=\"page-title-head hgroup\">\n<div class=\"page-title-head hgroup\">\n<div class=\"b654a4as d2edcug0\">\n<div class=\"page-title-head hgroup\">\n<div class=\"page-title-head hgroup\">\n<div class=\"page-title-head hgroup\">\n<div class=\"page-title-head hgroup\">\n<div class=\"b654a4as d2edcug0\">\n<div class=\"page-title-head hgroup\">\n<div class=\"page-title-head hgroup\">\n<div class=\"page-title-head hgroup\">\n<div class=\"page-title-head hgroup\">\n<div class=\"b654a4as d2edcug0\">\n<p>&nbsp;<\/p>\n<\/div>\n<div class=\"b654a4as d2edcug0\">\n<div class=\"ecm0bbzt e5nlhep0 a8c37x1j\">\n<div class=\"kvgmc6g5 cxmmr5t8 oygrvhab hcukyx3x c1et5uql\">\n<div class=\"gmail-kvgmc6g5 gmail-cxmmr5t8 gmail-oygrvhab gmail-hcukyx3x gmail-c1et5uql gmail-ii04i59q\">\n<div>\n<div class=\"page-title-head hgroup\">\n<div class=\"page-title-head hgroup\">\n<div class=\"b654a4as d2edcug0\">\n<div class=\"j83agx80 btwxx1t3 lhclo0ds hop8lmos nkwizq5d scwd0bx6 roh60bw9\">\n<div class=\"rq0escxv hkbzh7o3 jwdofwj8 n8tt0mok r8blr3vg hyh9befq\">\n<div class=\"do00u71z l9j0dhe7 k4urcfbm\">\n<div>\n<div class=\"page-title-head hgroup\">\n<div class=\"page-title-head hgroup\">\n<div class=\"page-title-head hgroup\">\n<div class=\"page-title-head hgroup\">\n<div class=\"b654a4as d2edcug0\">\n<div class=\"page-title-head hgroup\">\n<div class=\"page-title-head hgroup\">\n<div class=\"page-title-head hgroup\">\n<div class=\"page-title-head hgroup\">\n<div class=\"b654a4as d2edcug0\">\n<div class=\"page-title-head hgroup\">\n<div class=\"page-title-head hgroup\">\n<div class=\"page-title-head hgroup\">\n<div class=\"page-title-head hgroup\">\n<div class=\"page-title-head hgroup\">\n<div class=\"mkdf-post-text\">\n<div class=\"mkdf-post-text-inner\">\n<div class=\"mkdf-post-text-main\">\n<div class=\"mkdf-post-text\">\n<div class=\"mkdf-post-text-inner\">\n<div class=\"mkdf-post-text-main\">\n<div class=\"mkdf-post-text\">\n<div class=\"mkdf-post-text-inner\">\n<div class=\"mkdf-post-text-main\">\n<div class=\"page-title-head hgroup\">\n<div class=\"page-title-head hgroup\">\n<div class=\"mkdf-post-text\">\n<div class=\"mkdf-post-text-inner\">\n<div class=\"mkdf-post-text-main\">\n<div class=\"mkdf-post-text\">\n<div class=\"mkdf-post-text-inner\">\n<div class=\"mkdf-post-text-main\">\n<div>\n<div class=\"page-title-head hgroup\">\n<div class=\"page-title-head hgroup\">\n<div>\n<div class=\"page-title-head hgroup\">\n<div class=\"page-title-head hgroup\">\n<div class=\"b654a4as d2edcug0\">\n<div>\n<div class=\"page-title-head hgroup\" style=\"text-align: left;\">\n<div class=\"page-title-head hgroup\">\n<div dir=\"auto\">\n<p><a class=\"dt-pswp-item pspw-wrap-ready\" href=\"https:\/\/i0.wp.com\/www.radiopiu.net\/wordpress\/wp-content\/uploads\/2018\/09\/WhatsApp-Image-2018-09-20-at-16.04.06.jpeg?ssl=1\" data-dt-img-description=\"\" data-large_image_width=\"800\" data-large_image_height=\"100\"><img loading=\"lazy\" decoding=\"async\" class=\"aligncenter wp-image-61378 size-full jetpack-lazy-image jetpack-lazy-image--handled\" src=\"https:\/\/i0.wp.com\/www.radiopiu.net\/wordpress\/wp-content\/uploads\/2018\/09\/WhatsApp-Image-2018-09-20-at-16.04.06.jpeg?resize=800%2C100&amp;ssl=1\" sizes=\"auto, (max-width: 800px) 100vw, 800px\" srcset=\"https:\/\/i0.wp.com\/www.radiopiu.net\/wordpress\/wp-content\/uploads\/2018\/09\/WhatsApp-Image-2018-09-20-at-16.04.06.jpeg?w=800&amp;ssl=1 800w, https:\/\/i0.wp.com\/www.radiopiu.net\/wordpress\/wp-content\/uploads\/2018\/09\/WhatsApp-Image-2018-09-20-at-16.04.06.jpeg?resize=300%2C38&amp;ssl=1 300w, https:\/\/i0.wp.com\/www.radiopiu.net\/wordpress\/wp-content\/uploads\/2018\/09\/WhatsApp-Image-2018-09-20-at-16.04.06.jpeg?resize=768%2C96&amp;ssl=1 768w\" alt=\"\" width=\"800\" height=\"100\" data-lazy-loaded=\"1\" \/><\/a><\/p>\n<\/div>\n<\/div>\n<\/div>\n<\/div>\n<\/div>\n<\/div>\n<\/div>\n<\/div>\n<\/div>\n<\/div>\n<\/div>\n<\/div>\n<\/div>\n<\/div>\n<\/div>\n<\/div>\n<\/div>\n<\/div>\n<\/div>\n<\/div>\n<\/div>\n<\/div>\n<\/div>\n<\/div>\n<\/div>\n<\/div>\n<\/div>\n<\/div>\n<\/div>\n<\/div>\n<\/div>\n<\/div>\n<\/div>\n<\/div>\n<\/div>\n<\/div>\n<\/div>\n<\/div>\n<\/div>\n<\/div>\n<\/div>\n<\/div>\n<\/div>\n<\/div>\n<\/div>\n<\/div>\n<\/div>\n<\/div>\n<\/div>\n<\/div>\n<\/div>\n<\/div>\n<\/div>\n<\/div>\n<\/div>\n<\/div>\n<\/div>\n<\/div>\n<\/div>\n<\/div>\n<\/div>\n<\/div>\n<\/div>\n<\/div>\n<\/div>\n<\/div>\n<\/div>\n<\/div>\n<\/div>\n<\/div>\n<\/div>\n<\/div>\n<\/div>\n<\/div>\n<\/div>\n<\/div>\n<\/div>\n<\/div>\n<\/div>\n<\/div>\n<\/div>\n<\/div>\n<\/div>\n<\/div>\n<\/div>\n<\/div>\n<\/div>\n<\/div>\n<\/div>\n<\/div>\n<\/div>\n<\/div>\n<\/div>\n<\/div>\n<\/div>\n<\/div>\n<\/div>\n<\/div>\n<\/div>\n<\/div>\n<\/div>\n<\/div>\n<\/div>\n<\/div>\n<\/div>\n<\/div>\n<\/div>\n<\/div>\n<\/div>\n<\/div>\n<\/div>\n<\/div>\n<\/div>\n<\/div>\n<\/div>\n<\/div>\n<\/div>\n<\/div>\n<\/div>\n<\/div>\n<\/div>\n<\/div>\n<\/div>\n<\/div>\n<\/div>\n<\/div>\n<\/div>\n<\/div>\n<\/div>\n<\/div>\n<\/div>\n<\/div>\n<\/div>\n<\/div>\n<\/div>\n<\/div>\n<\/div>\n<\/div>\n<\/div>\n<\/div>\n<\/div>\n<\/div>\n<\/div>\n<\/div>\n<\/div>\n<\/div>\n<\/div>\n<\/div>\n<\/div>\n<\/div>\n<\/div>\n<\/div>\n<\/div>\n<\/div>\n<\/div>\n<\/div>\n<\/div>\n<\/div>\n<\/div>\n<\/div>\n<\/div>\n<\/div>\n<\/div>\n<\/div>\n<\/div>\n<\/div>\n<\/div>\n<\/div>\n<\/div>\n<\/div>\n<\/div>\n<\/div>\n<\/div>\n<\/div>\n<\/div>\n<\/div>\n<\/div>\n<\/div>\n<\/div>\n<\/div>\n<\/div>\n<\/div>\n<\/div>\n<\/div>\n<\/div>\n<\/div>\n<\/div>\n<\/div>\n<\/div>\n<\/div>\n<\/div>\n<\/div>\n<\/div>\n<\/div>\n<\/div>\n<\/div>\n<\/div>\n<\/div>\n<\/div>\n<\/div>\n<\/div>\n<\/div>\n<\/div>\n<\/div>\n<\/div>\n<\/div>\n<\/div>\n<\/div>\n<\/div>\n<\/div>\n<\/div>\n<\/div>\n<\/div>\n<\/div>\n<\/div>\n<\/div>\n<\/div>\n<\/div>\n<\/div>\n<\/div>\n<\/div>\n<\/div>\n<\/div>\n<\/div>\n<\/div>\n<\/div>\n<\/div>\n<\/div>\n<\/div>\n<\/div>\n<\/div>\n<p>&nbsp;<\/p>\n<div>\n<p>&nbsp;<\/p>\n<p><center><b>Venerdi 11<\/b><\/center><b>Tempo atteso: <\/b>Minore soleggiamento su Prealpi e Dolomiti meridionali per nuvolosit\u00e0 medio bassa associata a qualche fiocco tra notte e mattino; dalle ore centrali e nel pomeriggio irregolare dissolvimento della nuvolosit\u00e0; nubi alte e medio-alte stratiformi in grado di velare il cielo o in alcuni momenti di mascherare del tutto il sole su Dolomiti settentrionali dove la nuvolosit\u00e0, anche di tipo basso tender\u00e0 ad aumentare verso sera.<br \/>\n<b>Precipitazioni: <\/b>Generalmente assenti, tra notte e mattino qualche fiocco su Prealpi e Dolomiti meridionali (10-30%); verso sera non del tutto escluso anche su Dolomiti settentrionali.<br \/>\n<b>Temperature: <\/b>Temperature minime in aumento e massime in calo anche marcato su Prealpi e alle quote medio-basse con contesto termico nuovamente invernale. Su Prealpi a 1500 m: min -6 max -2, a 2000 m: min -8 max -5 Dolomiti &#8211; a 2000 m: min -8 max -4, a 3000 m: min -7 max -6<br \/>\n<b>Venti: <\/b>Nelle valli perlopi\u00f9 deboli di direzione variabile; in quota perlopi\u00f9 deboli meridionali, a 5-15 km\/h a 2000 m e 10-25 km\/h a 3000 m.<\/p>\n<hr \/>\n<p><center><b>Sabato 12<\/b><\/center><b>Tempo atteso: <\/b>Fino al primo mattino nuvolosit\u00e0 irregolare a tratti ancora estesa specie su Prealpi, poi tendenza a schiarite via via pi\u00f9 ampie a partire da Dolomiti, pi\u00f9 tardi anche su Prealpi con cielo generalmente poco nuvoloso con qualche velatura. Contesto termico ancora freddo per il periodo specie su Prealpi con valori al di sotto della media, mitigato parzialmente dal maggior soleggiamento nel pomeriggio specie su Dolomiti.<br \/>\n<b>Precipitazioni: <\/b>Assenti (0%)<br \/>\n<b>Temperature: <\/b>Minime stazionarie o in lieve calo nelle valli interessate da nubi basse il giorno precedente, massime stazionarie o in lieve aumento nelle valli. Su Prealpi a 1500 m: min -6 max -1, a 2000 m: min -8 max -5 Dolomiti a 2000 m: min -8 max -4, a 3000 m: min -9 max -7<br \/>\n<b>Venti: <\/b>nelle valli deboli variabili a regime di brezza, in quota deboli\/moderati meridionali, a 5-15 km\/h a 2000 m e 10-20 km\/h a 3000 m.<\/p>\n<hr \/>\n<p><center><b>Domenica 13<\/b><\/center>Tempo stabile con sole, cielo sereno ed ottima visibilit\u00e0. Qualche nube bassa possibile tra notte e primo mattino in dissolvimento. Temperature minime stazionarie o in lieve calo a fondovalle con estese gelate, massime in lieve aumento a tutte le quote con forte escursione termica diurna nelle valli. Venti in quota deboli meridionali in rotazione da nord verso sera.<\/p>\n<hr \/>\n<p><center><b>Lunedi 14<\/b><\/center>Persiste il tempo stabile con cielo sereno al mattino, nel pomeriggio\/sera velature in estensione da ovest verso est Temperature minime stazionarie o in lieve aumento con ancora gelate a fondovalle, massime in generale aumento a tutte le quote. Previsore: DDL<\/p>\n<\/div>\n<p>&nbsp;<\/p>\n<hr \/>\n<p>&nbsp;<\/p>\n<p><img loading=\"lazy\" decoding=\"async\" class=\"wp-image-60761 size-full aligncenter\" src=\"https:\/\/www.radiopiu.net\/wordpress\/wp-content\/uploads\/2018\/09\/sport.jpg\" alt=\"\" width=\"800\" height=\"100\" srcset=\"https:\/\/www.radiopiu.net\/wordpress\/wp-content\/uploads\/2018\/09\/sport.jpg 800w, https:\/\/www.radiopiu.net\/wordpress\/wp-content\/uploads\/2018\/09\/sport-300x38.jpg 300w, https:\/\/www.radiopiu.net\/wordpress\/wp-content\/uploads\/2018\/09\/sport-768x96.jpg 768w\" sizes=\"auto, (max-width: 800px) 100vw, 800px\" \/><\/p>\n<p><b>\u00a0 \u00a0<\/b><\/p>\n<p><span style=\"color: #3366ff;\"><strong>SPORT INVERNALI<\/strong><\/span><\/p>\n<blockquote>\n<h3>I CONVOCATI PER GLI EYOF IN FINLANDIA, 2 AGORDINI E 2 COMELIANE<\/h3>\n<\/blockquote>\n<p><strong>REDAZIONE\u00a0<\/strong> Andrea Zorzi, Trentino tesserato con le Fiamme Gialle, atleta del prestigioso Ski College Veneto di FalcadE; , Alex Serafini,\u00a0 \u00a0Agordino di Falcade, la Comeliana Iris De Martin Pinter e la Cortinese (di origine comeliana) Ambra Pomar\u00e8 sono i convocati per gli Eyof (festival olimpico giovent\u00f9 europea) in calendario dal 20 al 26 marzo a Vuokatti (Finlandia).\u00a0 \u00a0La rappresentativa italiana (fondo, alpino, snowboard, combinata nordica e salto, \u00e8 composta di 33 atleti. Ai nostri in bocca al lupo!<\/p>\n\n\t\t\t<style type='text\/css'>\n\t\t\t\t#gallery-7 {\n\t\t\t\t\tmargin: auto;\n\t\t\t\t}\n\t\t\t\t#gallery-7 .gallery-item {\n\t\t\t\t\tfloat: left;\n\t\t\t\t\tmargin-top: 10px;\n\t\t\t\t\ttext-align: center;\n\t\t\t\t\twidth: 50%;\n\t\t\t\t}\n\t\t\t\t#gallery-7 img {\n\t\t\t\t\tborder: 2px solid #cfcfcf;\n\t\t\t\t}\n\t\t\t\t#gallery-7 .gallery-caption {\n\t\t\t\t\tmargin-left: 0;\n\t\t\t\t}\n\t\t\t\t\/* see gallery_shortcode() in wp-includes\/media.php *\/\n\t\t\t<\/style>\n\t\t<div id='gallery-7' class='dt-gallery-container gallery galleryid-263926 gallery-columns-2 gallery-size-medium'><dl class='gallery-item'>\n\t\t\t\t<dt class='gallery-icon landscape'>\n\t\t\t\t\t<a class=\"rollover rollover-zoom dt-pswp-item\" title=\"ANDREA\" data-dt-img-description=\"\" data-large_image_width=\"865\" data-large_image_height=\"583\"href='https:\/\/www.radiopiu.net\/wordpress\/wp-content\/uploads\/2022\/03\/13a275ee-e35c-43dc-a708-1d536bf12368.jpg'><img loading=\"lazy\" decoding=\"async\" width=\"300\" height=\"202\" src=\"https:\/\/www.radiopiu.net\/wordpress\/wp-content\/uploads\/2022\/03\/13a275ee-e35c-43dc-a708-1d536bf12368-300x202.jpg\" class=\"attachment-medium size-medium\" alt=\"\" aria-describedby=\"gallery-7-264099\" srcset=\"https:\/\/www.radiopiu.net\/wordpress\/wp-content\/uploads\/2022\/03\/13a275ee-e35c-43dc-a708-1d536bf12368-300x202.jpg 300w, https:\/\/www.radiopiu.net\/wordpress\/wp-content\/uploads\/2022\/03\/13a275ee-e35c-43dc-a708-1d536bf12368-768x518.jpg 768w, https:\/\/www.radiopiu.net\/wordpress\/wp-content\/uploads\/2022\/03\/13a275ee-e35c-43dc-a708-1d536bf12368.jpg 865w\" sizes=\"auto, (max-width: 300px) 100vw, 300px\" \/><\/a>\n\t\t\t\t<\/dt>\n\t\t\t\t\t<dd class='wp-caption-text gallery-caption' id='gallery-7-264099'>\n\t\t\t\t\tANDREA\n\t\t\t\t\t<\/dd><\/dl><dl class='gallery-item'>\n\t\t\t\t<dt class='gallery-icon landscape'>\n\t\t\t\t\t<a class=\"rollover rollover-zoom dt-pswp-item\" title=\"ALEX\" data-dt-img-description=\"\" data-large_image_width=\"1080\" data-large_image_height=\"837\"href='https:\/\/www.radiopiu.net\/wordpress\/wp-content\/uploads\/2022\/03\/f057610c-c75d-41cd-8abd-7f7b90864de2.jpg'><img loading=\"lazy\" decoding=\"async\" width=\"300\" height=\"233\" src=\"https:\/\/www.radiopiu.net\/wordpress\/wp-content\/uploads\/2022\/03\/f057610c-c75d-41cd-8abd-7f7b90864de2-300x233.jpg\" class=\"attachment-medium size-medium\" alt=\"\" aria-describedby=\"gallery-7-264100\" srcset=\"https:\/\/www.radiopiu.net\/wordpress\/wp-content\/uploads\/2022\/03\/f057610c-c75d-41cd-8abd-7f7b90864de2-300x233.jpg 300w, https:\/\/www.radiopiu.net\/wordpress\/wp-content\/uploads\/2022\/03\/f057610c-c75d-41cd-8abd-7f7b90864de2-1024x794.jpg 1024w, https:\/\/www.radiopiu.net\/wordpress\/wp-content\/uploads\/2022\/03\/f057610c-c75d-41cd-8abd-7f7b90864de2-768x595.jpg 768w, https:\/\/www.radiopiu.net\/wordpress\/wp-content\/uploads\/2022\/03\/f057610c-c75d-41cd-8abd-7f7b90864de2.jpg 1080w\" sizes=\"auto, (max-width: 300px) 100vw, 300px\" \/><\/a>\n\t\t\t\t<\/dt>\n\t\t\t\t\t<dd class='wp-caption-text gallery-caption' id='gallery-7-264100'>\n\t\t\t\t\tALEX\n\t\t\t\t\t<\/dd><\/dl><br style=\"clear: both\" \/>\n\t\t\t<\/div>\n\n<hr \/>\n<div class=\"page-title-head hgroup\">\n<h3 class=\"entry-title\"><\/h3>\n<p><span style=\"color: #0000ff;\"><strong>PARALIMPIADI<\/strong><\/span><\/p>\n<blockquote>\n<h3 class=\"entry-title\">UNO STRAORDINARIO RENE\u2019 DE SILVESTRO CONQUISTA L\u2019ARGENTO NELLO SLALOM GIGANTE<\/h3>\n<\/blockquote>\n<\/div>\n<p><img loading=\"lazy\" decoding=\"async\" class=\"alignleft\" src=\"https:\/\/www.radiopiu.net\/wordpress\/wp-content\/uploads\/2022\/03\/23144298-a50e-435a-a638-e2d4ecde96c7.jpg\" width=\"292\" height=\"220\" \/>Ren\u00e8 De Silvestro, l\u2019atleta paralimpico bellunese, chiude la sua avventura alle Paralimpiadi di Pechino nel migliore dei modi e torna dalla trasferta cinese con una medaglia al collo. Nella mattinata di ieri si \u00e8 corso lo slalom gigante categoria seduti e De Silvestro \u00e8 riuscito a chiudere in seconda posizione. Una gara splendida per il ragazzo di Pieve di Cadore che non ha sbagliato nulla e nella seconda manche \u00e8 riuscito a conquistare l\u2019argento anche grazie alla caduta del diretto avversario olandese. De Silvestro, con il tempo di 1\u201957\u201d50 si piazza alle spalle di un norvegese.<\/p>\n<p><strong>DAL GIORNALE RADIO NAZIONALE DEL 10 MARZO\u00a0<\/strong><\/p>\n<audio class=\"wp-audio-shortcode\" id=\"audio-263926-14\" preload=\"none\" style=\"width: 100%;\" controls=\"controls\"><source type=\"audio\/mpeg\" src=\"https:\/\/www.radiopiu.net\/wordpress\/wp-content\/uploads\/2022\/03\/giornale-de-silve.mp3?_=14\" \/><a href=\"https:\/\/www.radiopiu.net\/wordpress\/wp-content\/uploads\/2022\/03\/giornale-de-silve.mp3\">https:\/\/www.radiopiu.net\/wordpress\/wp-content\/uploads\/2022\/03\/giornale-de-silve.mp3<\/a><\/audio>\n<p>&nbsp;<\/p>\n<hr \/>\n<p>&nbsp;<\/p>\n<p><span style=\"color: #0000ff;\"><strong>SNOWBOARD<\/strong><\/span><\/p>\n<blockquote>\n<h3>L&#8217;AGORDINA LUCIA DALMASSO IN COPPA DEL MONDO A PIANCAVALLO PER UN FINALE DI STAGIONE DA PROTAGONISTA<\/h3>\n<\/blockquote>\n<p><strong><a class=\"dt-pswp-item\" href=\"https:\/\/www.radiopiu.net\/wordpress\/wp-content\/uploads\/2022\/03\/Immagine-09-03-22-alle-09.38.jpg\" data-dt-img-description=\"\" data-large_image_width=\"486\" data-large_image_height=\"689\"><img loading=\"lazy\" decoding=\"async\" class=\" wp-image-263991 alignleft\" src=\"https:\/\/www.radiopiu.net\/wordpress\/wp-content\/uploads\/2022\/03\/Immagine-09-03-22-alle-09.38-212x300.jpg\" alt=\"\" width=\"163\" height=\"231\" srcset=\"https:\/\/www.radiopiu.net\/wordpress\/wp-content\/uploads\/2022\/03\/Immagine-09-03-22-alle-09.38-212x300.jpg 212w, https:\/\/www.radiopiu.net\/wordpress\/wp-content\/uploads\/2022\/03\/Immagine-09-03-22-alle-09.38.jpg 486w\" sizes=\"auto, (max-width: 163px) 100vw, 163px\" \/><\/a>FALCADE<\/strong>\u00a0 La stagione di Lucia Dalmasso, atleta di Falcade della nazionale di Snowboard parallelo, sta entrando nella parte finale con le ultime tappe a Piancavallo, le finali di coppa del mondo ed i campionati Italiani assoluti dove difender\u00e0 i titoli che ha conquistato nel 2021. Una prima stagione da titolare nella nazionale di Snowboard e sicuramente questo \u00e8 stato un bel risultato. L&#8217;esperienza olimpica \u00e8 servita a Lucia per crescere sotto ogni punto di vista. In questo mese dal termine delle olimpiadi l&#8217;agordina che porta sul casco proprio Promo Falcade Dolomiti, si \u00e8 allenata tanto perch\u00e8, come lei stessa riferisce, ancora tanto ha da fare per arrivare tra le migliori.<em>&#8221; Portare sul casco Promo Falcade Dolomiti \u00e8 un onore e sono fiera di essere una rappresentante della mia terra nel mondo. Il cammino da Snowboarder \u00e8 ancora lungo ma con l&#8217;impegno di tutti i giorni arriver\u00f2 sempre pi\u00f9 in alto&#8221;,<\/em> queste le parole di Lucia.<\/p>\n<p><iframe loading=\"lazy\" title=\"INTERVISTA LUCIA\" width=\"1200\" height=\"675\" src=\"https:\/\/www.youtube.com\/embed\/3NliQDelfyk?feature=oembed\" frameborder=\"0\" allow=\"accelerometer; autoplay; clipboard-write; encrypted-media; gyroscope; picture-in-picture\" allowfullscreen><\/iframe><\/p>\n<p>&nbsp;<\/p>\n<hr \/>\n<p>&nbsp;<\/p>\n<p><span style=\"color: #0000ff;\"><strong>SCI ALPINO<\/strong><\/span><\/p>\n<blockquote>\n<h3>LA QUARTA GIORNATA DELLE FINALI REGIONALI TRA ALLEGHE E ZOLDO<\/h3>\n<\/blockquote>\n<div class=\"page\" title=\"Page 1\">\n<div class=\"layoutArea\">\n<div class=\"column\">\n<p><a class=\"dt-pswp-item\" href=\"https:\/\/www.radiopiu.net\/wordpress\/wp-content\/uploads\/2022\/03\/PODIO-SG-F-RAFAZZI-2.jpeg\" data-dt-img-description=\"\" data-large_image_width=\"1600\" data-large_image_height=\"1200\"><img loading=\"lazy\" decoding=\"async\" class=\"size-medium wp-image-264154 alignleft\" src=\"https:\/\/www.radiopiu.net\/wordpress\/wp-content\/uploads\/2022\/03\/PODIO-SG-F-RAFAZZI-2-300x225.jpeg\" alt=\"\" width=\"300\" height=\"225\" srcset=\"https:\/\/www.radiopiu.net\/wordpress\/wp-content\/uploads\/2022\/03\/PODIO-SG-F-RAFAZZI-2-300x225.jpeg 300w, https:\/\/www.radiopiu.net\/wordpress\/wp-content\/uploads\/2022\/03\/PODIO-SG-F-RAFAZZI-2-1024x768.jpeg 1024w, https:\/\/www.radiopiu.net\/wordpress\/wp-content\/uploads\/2022\/03\/PODIO-SG-F-RAFAZZI-2-768x576.jpeg 768w, https:\/\/www.radiopiu.net\/wordpress\/wp-content\/uploads\/2022\/03\/PODIO-SG-F-RAFAZZI-2-1536x1152.jpeg 1536w, https:\/\/www.radiopiu.net\/wordpress\/wp-content\/uploads\/2022\/03\/PODIO-SG-F-RAFAZZI-2.jpeg 1600w\" sizes=\"auto, (max-width: 300px) 100vw, 300px\" \/><\/a>Quarto giorno di gare alle finali regionali del Grand Prix Net Insurance. Il gigante allievi, disputato sulla pista Civetta di Alleghe ha visto in Camilla Vanni, SC Drusce\u0300, alla terza vittoria consecutiva, dominatrice anche di queste finali regionali,e Pietro Trentin, SC 18, sempre medagliato. Troviamo Giulia Savorgnani, dello Ski College, nuovamente al secondo posto mentre al terzo Agnese Pais Bianco, SC Cortina. In campo maschile titolo regionale per Pietro Antonio Trentin SC 18, secondo Matteo Avesani, SC Druscie\u0300, terzo e Paolo Bez (SC Alleghe). A Zoldo, sulla pista Cristellin e\u0300 invece andato in scena il super G della categoria ragazzi. Vittorie di Viola De Martin Topranin , SC US Val Padola e di Mattia Valente, SC Cortina. I podi sono stati completati poi, in campo femminile, da Caterina Tiengo(SC Druscie) e Giada Gaz (SC Alleghe), mentre in campo maschile Philip Ploner (SC Arabba), dopo la vittoria in slalom e Federico Silvestrin ( SC Orsago), che aveva raggiunto lo stesso risultato nella gara di apertura, il gigante allievi.<\/p>\n<p><strong>LE CLASSIFICHE<\/strong><\/p>\n<p><a href=\"https:\/\/www.radiopiu.net\/wordpress\/wp-content\/uploads\/2022\/03\/43419-CLASSIFICA-UFFICIOSA-SG-RAG-.pdf\">RAGAZZI<\/a><\/p>\n<p><a href=\"https:\/\/www.radiopiu.net\/wordpress\/wp-content\/uploads\/2022\/03\/CLASSIFICA-UFFICI.GS-ALLI.pdf\">ALLIEVI<\/a><\/p>\n<\/div>\n<\/div>\n<\/div>\n<\/div>\n<\/div>\n<\/div>\n<\/div>\n<\/div>\n<\/div>\n<\/div>\n<\/div>\n<\/div>\n<\/div>\n<\/div>\n<\/div>\n<\/div>\n<\/div>\n<\/div>\n<\/div>\n<\/div>\n<\/div>\n<\/div>\n<\/div>\n<\/div>\n<\/div>\n<\/div>\n<\/div>\n<\/div>\n<\/div>\n<\/div>\n<\/div>\n<\/div>\n<\/div>\n<\/div>\n<\/div>\n<\/div>\n<\/div>\n<\/div>\n<\/div>\n<\/div>\n<\/div>\n<\/div>\n<\/div>\n<\/div>\n<\/div>\n<\/div>\n<\/div>\n<\/div>\n<\/div>\n<\/div>\n<\/div>\n<\/div>\n<\/div>\n<\/div>\n<\/div>\n<\/div>\n<\/div>\n<\/div>\n<\/div>\n<\/div>\n<\/div>\n<\/div>\n<\/div>\n<\/div>\n<\/div>\n<\/div>\n<\/div>\n<\/div>\n<\/div>\n<\/div>\n<\/div>\n<\/div>\n<\/div>\n<\/div>\n<\/div>\n<\/div>\n<\/div>\n<\/div>\n<\/div>\n<\/div>\n<\/div>\n<\/div>\n<\/div>\n<\/div>\n<\/div>\n<\/div>\n<\/div>\n<\/div>\n<\/div>\n<\/div>\n<\/div>\n<\/div>\n<\/div>\n<\/div>\n<\/div>\n<\/div>\n<\/div>\n<\/div>\n<\/div>\n<\/div>\n<\/div>\n<\/div>\n<\/div>\n<\/div>\n<\/div>\n<\/div>\n<\/div>\n<\/div>\n<\/div>\n<\/div>\n<\/div>\n<\/div>\n<\/div>\n","protected":false},"excerpt":{"rendered":"<p>INFORMAZIONE il canale su TELEGRAM informazione di prima\u00a0 mano e in tempo reale. iscriviti ed aiutaci a farlo conoscere &nbsp; DILLO A RADIO PIU&#8230;. 1 Cara Radio Pi\u00f9 &#8230; ma\u00a0 i politici bellunesi usano ancora l&#8217;auto o a Roma ci vanno con quella di servizio pagata dal resto del paese? Non se ne fossero accorti&hellip;<\/p>\n","protected":false},"author":4,"featured_media":264169,"comment_status":"closed","ping_status":"closed","sticky":false,"template":"","format":"standard","meta":{"_monsterinsights_skip_tracking":false,"_monsterinsights_sitenote_active":false,"_monsterinsights_sitenote_note":"","_monsterinsights_sitenote_category":0,"footnotes":""},"categories":[104,86,49],"tags":[],"class_list":["post-263926","post","type-post","status-publish","format-standard","has-post-thumbnail","hentry","category-evidenza_3","category-gr","category-news-18","category-104","category-86","category-49","description-off"],"img_url":"https:\/\/www.radiopiu.net\/wordpress\/wp-content\/uploads\/2022\/03\/Senza-nome-7.jpg","_links":{"self":[{"href":"https:\/\/www.radiopiu.net\/wordpress\/wp-json\/wp\/v2\/posts\/263926","targetHints":{"allow":["GET"]}}],"collection":[{"href":"https:\/\/www.radiopiu.net\/wordpress\/wp-json\/wp\/v2\/posts"}],"about":[{"href":"https:\/\/www.radiopiu.net\/wordpress\/wp-json\/wp\/v2\/types\/post"}],"author":[{"embeddable":true,"href":"https:\/\/www.radiopiu.net\/wordpress\/wp-json\/wp\/v2\/users\/4"}],"replies":[{"embeddable":true,"href":"https:\/\/www.radiopiu.net\/wordpress\/wp-json\/wp\/v2\/comments?post=263926"}],"version-history":[{"count":0,"href":"https:\/\/www.radiopiu.net\/wordpress\/wp-json\/wp\/v2\/posts\/263926\/revisions"}],"wp:featuredmedia":[{"embeddable":true,"href":"https:\/\/www.radiopiu.net\/wordpress\/wp-json\/wp\/v2\/media\/264169"}],"wp:attachment":[{"href":"https:\/\/www.radiopiu.net\/wordpress\/wp-json\/wp\/v2\/media?parent=263926"}],"wp:term":[{"taxonomy":"category","embeddable":true,"href":"https:\/\/www.radiopiu.net\/wordpress\/wp-json\/wp\/v2\/categories?post=263926"},{"taxonomy":"post_tag","embeddable":true,"href":"https:\/\/www.radiopiu.net\/wordpress\/wp-json\/wp\/v2\/tags?post=263926"}],"curies":[{"name":"wp","href":"https:\/\/api.w.org\/{rel}","templated":true}]}}