{"id":263993,"date":"2022-03-10T10:23:39","date_gmt":"2022-03-10T09:23:39","guid":{"rendered":"https:\/\/www.radiopiu.net\/wordpress\/?p=263993"},"modified":"2022-03-10T10:23:39","modified_gmt":"2022-03-10T09:23:39","slug":"ad-arabba-impianti-aperti-fino-a-pasquetta","status":"publish","type":"post","link":"https:\/\/www.radiopiu.net\/wordpress\/ad-arabba-impianti-aperti-fino-a-pasquetta\/","title":{"rendered":"AD ARABBA IMPIANTI APERTI FINO A PASQUETTA"},"content":{"rendered":"<p><strong><a class=\"dt-pswp-item\" href=\"https:\/\/www.radiopiu.net\/wordpress\/wp-content\/uploads\/2022\/03\/Porta-Vescovo-credits-Funivie-Arabba.jpg\" data-dt-img-description=\"\" data-large_image_width=\"2000\" data-large_image_height=\"1335\"><img loading=\"lazy\" decoding=\"async\" class=\" wp-image-263995 alignleft\" src=\"https:\/\/www.radiopiu.net\/wordpress\/wp-content\/uploads\/2022\/03\/Porta-Vescovo-credits-Funivie-Arabba-300x200.jpg\" alt=\"\" width=\"224\" height=\"149\" srcset=\"https:\/\/www.radiopiu.net\/wordpress\/wp-content\/uploads\/2022\/03\/Porta-Vescovo-credits-Funivie-Arabba-300x200.jpg 300w, https:\/\/www.radiopiu.net\/wordpress\/wp-content\/uploads\/2022\/03\/Porta-Vescovo-credits-Funivie-Arabba-1024x684.jpg 1024w, https:\/\/www.radiopiu.net\/wordpress\/wp-content\/uploads\/2022\/03\/Porta-Vescovo-credits-Funivie-Arabba-768x513.jpg 768w, https:\/\/www.radiopiu.net\/wordpress\/wp-content\/uploads\/2022\/03\/Porta-Vescovo-credits-Funivie-Arabba-1536x1025.jpg 1536w, https:\/\/www.radiopiu.net\/wordpress\/wp-content\/uploads\/2022\/03\/Porta-Vescovo-credits-Funivie-Arabba.jpg 2000w\" sizes=\"auto, (max-width: 224px) 100vw, 224px\" \/><\/a>LIVINALLONGO<\/strong> Impianti\u00a0 aperti fino al 18 Aprile: Porta Vescovo e Pordoi confermano il prolungamento della stagione invernale fino a Pasquetta. Anche durante una stagione piena d&#8217;incertezze e caratterizzata da condizioni meteorologiche non proprio favorevoli, la localit\u00e0 di Arabba tiene fede alla sua promessa di essere \u201cThe Place to Ski\u201d, la destinazione sciistica per eccellenza nelle Dolomiti. <em>\u00abCi piace definirci \u201cThe Place to Ski\u201d proprio per questo motivo: ad Arabba, infatti, si scia benissimo durante tutta la stagione. L\u2019elevata altitudine e l\u2019esposizione a Nord di gran parte delle piste permette agli sciatori di trovare neve invernale anche in Marzo e Aprile: insomma, un intero semestre caratterizzato da un\u2019altissima qualit\u00e0 delle piste, per una stagione sciistica veramente degna di essere chiamata tale\u00bb: <\/em>con queste parole Diego De Battista, presidente del Consorzio Impianti a Fune Arabba &#8211; Marmolada, annuncia con soddisfazione il prolungamento di una stagione che, anche se caratterizzata da difficolt\u00e0 di carattere meteorologico (oltre a quelle legate alla pandemia), pu\u00f2 concludersi al meglio e in linea con gli standard che la localit\u00e0 si prefigge ogni anno di offrire ai propri ospiti.<\/p>\n<p>&nbsp;<\/p>\n<p>***<\/p>\n<p>&nbsp;<\/p>\n","protected":false},"excerpt":{"rendered":"<p>LIVINALLONGO Impianti\u00a0 aperti fino al 18 Aprile: Porta Vescovo e Pordoi confermano il prolungamento della stagione invernale fino a Pasquetta. Anche durante una stagione piena d&#8217;incertezze e caratterizzata da condizioni meteorologiche non proprio favorevoli, la localit\u00e0 di Arabba tiene fede alla sua promessa di essere \u201cThe Place to Ski\u201d, la destinazione sciistica per eccellenza nelle&hellip;<\/p>\n","protected":false},"author":4,"featured_media":263994,"comment_status":"closed","ping_status":"closed","sticky":false,"template":"","format":"standard","meta":{"_monsterinsights_skip_tracking":false,"_monsterinsights_sitenote_active":false,"_monsterinsights_sitenote_note":"","_monsterinsights_sitenote_category":0,"footnotes":""},"categories":[51,49],"tags":[],"class_list":["post-263993","post","type-post","status-publish","format-standard","has-post-thumbnail","hentry","category-evidenza-top","category-news-18","category-51","category-49","description-off"],"img_url":"https:\/\/www.radiopiu.net\/wordpress\/wp-content\/uploads\/2022\/03\/Pordoi-sfondo-Sella-credits-Arabba-Fodom-Turismo.jpg","_links":{"self":[{"href":"https:\/\/www.radiopiu.net\/wordpress\/wp-json\/wp\/v2\/posts\/263993","targetHints":{"allow":["GET"]}}],"collection":[{"href":"https:\/\/www.radiopiu.net\/wordpress\/wp-json\/wp\/v2\/posts"}],"about":[{"href":"https:\/\/www.radiopiu.net\/wordpress\/wp-json\/wp\/v2\/types\/post"}],"author":[{"embeddable":true,"href":"https:\/\/www.radiopiu.net\/wordpress\/wp-json\/wp\/v2\/users\/4"}],"replies":[{"embeddable":true,"href":"https:\/\/www.radiopiu.net\/wordpress\/wp-json\/wp\/v2\/comments?post=263993"}],"version-history":[{"count":0,"href":"https:\/\/www.radiopiu.net\/wordpress\/wp-json\/wp\/v2\/posts\/263993\/revisions"}],"wp:featuredmedia":[{"embeddable":true,"href":"https:\/\/www.radiopiu.net\/wordpress\/wp-json\/wp\/v2\/media\/263994"}],"wp:attachment":[{"href":"https:\/\/www.radiopiu.net\/wordpress\/wp-json\/wp\/v2\/media?parent=263993"}],"wp:term":[{"taxonomy":"category","embeddable":true,"href":"https:\/\/www.radiopiu.net\/wordpress\/wp-json\/wp\/v2\/categories?post=263993"},{"taxonomy":"post_tag","embeddable":true,"href":"https:\/\/www.radiopiu.net\/wordpress\/wp-json\/wp\/v2\/tags?post=263993"}],"curies":[{"name":"wp","href":"https:\/\/api.w.org\/{rel}","templated":true}]}}