{"id":264052,"date":"2022-03-11T05:50:31","date_gmt":"2022-03-11T04:50:31","guid":{"rendered":"https:\/\/www.radiopiu.net\/wordpress\/?p=264052"},"modified":"2022-03-11T06:07:34","modified_gmt":"2022-03-11T05:07:34","slug":"legge-montagna-varata-dal-consiglio-dei-ministri-primo-passo-verso-azione-coesa-del-parlamento","status":"publish","type":"post","link":"https:\/\/www.radiopiu.net\/wordpress\/legge-montagna-varata-dal-consiglio-dei-ministri-primo-passo-verso-azione-coesa-del-parlamento\/","title":{"rendered":"LEGGE MONTAGNA VARATA DAL CONSIGLIO DEI MINISTRI. PRIMO PASSO VERSO AZIONE COESA DEL PARLAMENTO"},"content":{"rendered":"<blockquote>\n<h3><a class=\"dt-pswp-item\" href=\"https:\/\/www.radiopiu.net\/wordpress\/wp-content\/uploads\/2021\/03\/ministrodinca_direttivo_abm.png\" data-dt-img-description=\"\" data-large_image_width=\"1920\" data-large_image_height=\"1080\"><img loading=\"lazy\" decoding=\"async\" class=\"wp-image-199592 alignleft\" src=\"https:\/\/www.radiopiu.net\/wordpress\/wp-content\/uploads\/2021\/03\/ministrodinca_direttivo_abm-300x169.png\" alt=\"\" width=\"170\" height=\"96\" srcset=\"https:\/\/www.radiopiu.net\/wordpress\/wp-content\/uploads\/2021\/03\/ministrodinca_direttivo_abm-300x169.png 300w, https:\/\/www.radiopiu.net\/wordpress\/wp-content\/uploads\/2021\/03\/ministrodinca_direttivo_abm-1024x576.png 1024w, https:\/\/www.radiopiu.net\/wordpress\/wp-content\/uploads\/2021\/03\/ministrodinca_direttivo_abm-768x432.png 768w, https:\/\/www.radiopiu.net\/wordpress\/wp-content\/uploads\/2021\/03\/ministrodinca_direttivo_abm-1536x864.png 1536w, https:\/\/www.radiopiu.net\/wordpress\/wp-content\/uploads\/2021\/03\/ministrodinca_direttivo_abm.png 1920w\" sizes=\"auto, (max-width: 170px) 100vw, 170px\" \/><\/a>LEGGE MONTAGNA PER SOSTENERE I TERRITORI<\/h3>\n<\/blockquote>\n<p><strong>ROMA\u00a0<\/strong> <em>\u201cNon solo risorse economiche ma un nuovo assetto per favorire la vita in montagna e contrastare il grave fenomeno dello spopolamento: \u00c8 un passo molto importante che conferma l\u2019attenzione del Governo nei confronti della montagna con ripercussioni <strong><a class=\"dt-pswp-item\" href=\"https:\/\/www.radiopiu.net\/wordpress\/wp-content\/uploads\/2021\/02\/DARIO-BOND.jpg\" data-dt-img-description=\"\" data-large_image_width=\"1600\" data-large_image_height=\"737\"><img loading=\"lazy\" decoding=\"async\" class=\"wp-image-191054 alignright\" src=\"https:\/\/www.radiopiu.net\/wordpress\/wp-content\/uploads\/2021\/02\/DARIO-BOND-300x138.jpg\" alt=\"\" width=\"187\" height=\"86\" srcset=\"https:\/\/www.radiopiu.net\/wordpress\/wp-content\/uploads\/2021\/02\/DARIO-BOND-300x138.jpg 300w, https:\/\/www.radiopiu.net\/wordpress\/wp-content\/uploads\/2021\/02\/DARIO-BOND-1024x472.jpg 1024w, https:\/\/www.radiopiu.net\/wordpress\/wp-content\/uploads\/2021\/02\/DARIO-BOND-768x354.jpg 768w, https:\/\/www.radiopiu.net\/wordpress\/wp-content\/uploads\/2021\/02\/DARIO-BOND-1536x708.jpg 1536w, https:\/\/www.radiopiu.net\/wordpress\/wp-content\/uploads\/2021\/02\/DARIO-BOND.jpg 1600w\" sizes=\"auto, (max-width: 187px) 100vw, 187px\" \/><\/a><\/strong>positive e concrete nei confronti delle nostre comunit\u00e0\u201d.\u00a0<\/em>Lo dichiara il Ministro Federico D&#8217;Inc\u00e0. A ruota il deputato Dario Bond\u00a0 <em>\u201cLa carenza di medici di base e <a class=\"dt-pswp-item\" href=\"https:\/\/www.radiopiu.net\/wordpress\/wp-content\/uploads\/2020\/01\/Lorraine_Berton.jpg\" data-dt-img-description=\"\" data-large_image_width=\"767\" data-large_image_height=\"768\"><img loading=\"lazy\" decoding=\"async\" class=\"wp-image-112912 alignleft\" src=\"https:\/\/www.radiopiu.net\/wordpress\/wp-content\/uploads\/2020\/01\/Lorraine_Berton-300x300.jpg\" alt=\"\" width=\"137\" height=\"137\" srcset=\"https:\/\/www.radiopiu.net\/wordpress\/wp-content\/uploads\/2020\/01\/Lorraine_Berton-300x300.jpg 300w, https:\/\/www.radiopiu.net\/wordpress\/wp-content\/uploads\/2020\/01\/Lorraine_Berton-150x150.jpg 150w, https:\/\/www.radiopiu.net\/wordpress\/wp-content\/uploads\/2020\/01\/Lorraine_Berton.jpg 767w\" sizes=\"auto, (max-width: 137px) 100vw, 137px\" \/><\/a>di insegnanti \u00e8 sempre stata un problema della montagna. Con la nuova legge si interviene nel giusto modo per incentivare l\u2019arrivo e la permanenza di professionisti della sanit\u00e0 e della scuola nelle terre alte\u201d<\/em>. Da Belluno\u00a0 la voce anche della numero uno di Confindustria\u00a0 &#8220;<em>L\u2019auspicio \u00e8 che a queste misure ne seguano altre, nello spirito della nuova legge, che <a class=\"dt-pswp-item\" href=\"https:\/\/www.radiopiu.net\/wordpress\/wp-content\/uploads\/2018\/12\/BUSSONE_FLAI_CGIL11122018.jpg\" data-dt-img-description=\"\" data-large_image_width=\"1280\" data-large_image_height=\"853\"><img loading=\"lazy\" decoding=\"async\" class=\"wp-image-69122 alignright\" src=\"https:\/\/www.radiopiu.net\/wordpress\/wp-content\/uploads\/2018\/12\/BUSSONE_FLAI_CGIL11122018-300x200.jpg\" alt=\"\" width=\"162\" height=\"108\" srcset=\"https:\/\/www.radiopiu.net\/wordpress\/wp-content\/uploads\/2018\/12\/BUSSONE_FLAI_CGIL11122018-300x200.jpg 300w, https:\/\/www.radiopiu.net\/wordpress\/wp-content\/uploads\/2018\/12\/BUSSONE_FLAI_CGIL11122018-768x512.jpg 768w, https:\/\/www.radiopiu.net\/wordpress\/wp-content\/uploads\/2018\/12\/BUSSONE_FLAI_CGIL11122018-1024x682.jpg 1024w, https:\/\/www.radiopiu.net\/wordpress\/wp-content\/uploads\/2018\/12\/BUSSONE_FLAI_CGIL11122018.jpg 1280w\" sizes=\"auto, (max-width: 162px) 100vw, 162px\" \/><\/a>vede la montagna come un\u2019area vitale per il Paese in virt\u00f9 del patrimonio storico, ambientale e culturale che possiede.<\/em><em> Si faccia il prima possibile perch\u00e9 tra pandemia, guerra in Ucraina e aumento dei costi dell\u2019energia e delle materie prime, la montagna diventa ogni giorno pi\u00f9 vulnerabile&#8221;.\u00a0<\/em>Di ieri l&#8217;intervento di Marco Bussone, il Presidente Uncem\u00a0 <em>&#8220;Ora sono convinto possa esserci un&#8217;azione forte e coesa in Parlamento, per l&#8217;iter complessivo del ddl che deve definire come spendere bene per i territori 100 milioni di euro stanziati dalla legge <a class=\"dt-pswp-item\" href=\"https:\/\/www.radiopiu.net\/wordpress\/wp-content\/uploads\/2022\/01\/PADRIN-RADIO.png\" data-dt-img-description=\"\" data-large_image_width=\"1400\" data-large_image_height=\"810\"><img loading=\"lazy\" decoding=\"async\" class=\" wp-image-251703 alignleft\" src=\"https:\/\/www.radiopiu.net\/wordpress\/wp-content\/uploads\/2022\/01\/PADRIN-RADIO-300x174.png\" alt=\"\" width=\"222\" height=\"129\" srcset=\"https:\/\/www.radiopiu.net\/wordpress\/wp-content\/uploads\/2022\/01\/PADRIN-RADIO-300x174.png 300w, https:\/\/www.radiopiu.net\/wordpress\/wp-content\/uploads\/2022\/01\/PADRIN-RADIO-1024x592.png 1024w, https:\/\/www.radiopiu.net\/wordpress\/wp-content\/uploads\/2022\/01\/PADRIN-RADIO-768x444.png 768w, https:\/\/www.radiopiu.net\/wordpress\/wp-content\/uploads\/2022\/01\/PADRIN-RADIO.png 1400w\" sizes=\"auto, (max-width: 222px) 100vw, 222px\" \/><\/a>di bilancio per il 2022 e 200 milioni dal 2023. Abbiamo lavorato al provvedimento e ora proseguiamo l&#8217;impegno con il Ministero degli Affari regionali, il Dipartimento che ha seguito finora l&#8217;iter del ddl, tutti i Sindaci che hanno contribuito con idee e proposte alla stesura del testo&#8221;.\u00a0<\/em>Per il Presidente della Provincia Roberto Padrin la montagna deve smettere di essere periferia e luogo remoto, dovr\u00e0 entrare a pieno titolo nelle aree nevralgiche del paese <em>&#8220;I<\/em><em>l valore aggiunto di questa legge\u00a0 &#8211; aggiunge &#8211; \u00e8 il fatto che non si parla di sussidi alla montagna, ma di sviluppo omogeneo delle aree, con un\u2019attenzione particolare a cittadini e imprese, nella logica di tenere le persone a vivere nelle cosiddette \u201cterre alte,\u00a0<\/em> <em>la montagna non \u00e8 solo la nostra casa, ma \u00e8 anche una risorsa ambientale, paesaggistica, storico-culturale e sociale&#8221;.<\/em> Claudia Scarzanella, presidente di Confartigianato s&#8217;affida alla parola speranza, che la crisi internazionali si plachi affinch\u00e9 anche il bellunese possa avere quello sviluppo che le forze sociali ed economiche si meritano<em> &#8220;La nuova legge &#8211; chiosa &#8211; abbatte le distanze tra le vallate, ma anche tra il Bellunese e la pianura, consentendo al nostro territorio di essere attrattivo&#8221;. <a class=\"dt-pswp-item\" href=\"https:\/\/www.radiopiu.net\/wordpress\/wp-content\/uploads\/2020\/05\/ZAIA-1.jpg\" data-dt-img-description=\"\" data-large_image_width=\"656\" data-large_image_height=\"492\"><img loading=\"lazy\" decoding=\"async\" class=\" wp-image-139388 alignright\" src=\"https:\/\/www.radiopiu.net\/wordpress\/wp-content\/uploads\/2020\/05\/ZAIA-1-300x225.jpg\" alt=\"\" width=\"185\" height=\"139\" srcset=\"https:\/\/www.radiopiu.net\/wordpress\/wp-content\/uploads\/2020\/05\/ZAIA-1-300x225.jpg 300w, https:\/\/www.radiopiu.net\/wordpress\/wp-content\/uploads\/2020\/05\/ZAIA-1.jpg 656w\" sizes=\"auto, (max-width: 185px) 100vw, 185px\" \/><\/a><\/em>\u201c<em>Per il Veneto, soprattutto in ottica Olimpiadi Invernali 2026, una strategia nazionale di sostegno e rilancio della montagna \u00e8 quanto mai opportuna. Mi auguro che non ci si perda in lungaggini politiche e burocratiche e che, nel cammino verso Milano-Cortina 2026, si possano trovare all\u2019interno di questo ddl elementi di concreta utilit\u00e0<\/em>\u201d. E\u2019 questo il commento del Presidente della Regione Veneto, Luca Zaia, all\u2019approvazione in Consiglio dei Ministri del ddl per lo sviluppo delle zone montane. \u201c<em>Con le Olimpiadi e varie altre iniziative \u2013 ricorda Zaia \u2013 come Regione abbiamo fatto uno sforzo straordinario di sostegno al futuro nei nostri territori montani, se solo si pensa al Pil che potr\u00e0 produrre l\u2019appuntamento olimpico, valutato in vari miliardi di euro. Le ricadute positive, non solo su Cortina ma su tutto la montagna veneta, proseguiranno per anni \u2013 prosegue il Presidente \u2013 ma un provvedimento organico nazionale, in senso generale, pu\u00f2 essere utile sia per il prima che per il dopo Olimpiadi<\/em>\u201d. <a class=\"dt-pswp-item\" href=\"https:\/\/www.radiopiu.net\/wordpress\/wp-content\/uploads\/2021\/07\/th-21.jpg\" data-dt-img-description=\"\" data-large_image_width=\"286\" data-large_image_height=\"161\"><img loading=\"lazy\" decoding=\"async\" class=\" wp-image-225158 alignleft\" src=\"https:\/\/www.radiopiu.net\/wordpress\/wp-content\/uploads\/2021\/07\/th-21.jpg\" alt=\"\" width=\"201\" height=\"113\" \/><\/a>Anche Paolo Doglioni, presidente di Confindustria Belluno, entra in merito all&#8217;argomento. \u201c<em>Lo sviluppo omogeneo delle aree di montagna \u00e8 il primo passo per evitare spopolamento e desertificazione economica e imprenditoriale<\/em>\u201d. \u00c8 quanto afferma il presidente di\u00a0 Confcommercio Belluno, Paolo Doglioni in relazione al varo della legge sulla montagna esaminato oggi dal Consiglio dei Ministri. \u201c<em>Oggi le terre alte si spopolano perch\u00e9 mancano i servizi. E i servizi chiudono perch\u00e9 mancano le persone. Un circolo vizioso che va interrotto. Questa legge d\u00e0 gli strumenti giusti per invertire la tendenza. Una montagna che si ripopola diventa attrattiva anche per gli esercizi commerciali, autentici presidi economici ma anche sociali per le zone montane<\/em>\u201d.<\/p>\n<p><strong>ALLA RADIO IL DEPUTATO PD, ROGER DE MENECH\u00a0\u00a0<\/strong><\/p>\n<p><iframe loading=\"lazy\" title=\"WhatsApp Video 2022 03 10 at 14 42 06\" width=\"1200\" height=\"675\" src=\"https:\/\/www.youtube.com\/embed\/rzjrRV9vK20?feature=oembed\" frameborder=\"0\" allow=\"accelerometer; autoplay; clipboard-write; encrypted-media; gyroscope; picture-in-picture\" allowfullscreen><\/iframe><\/p>\n<p>&nbsp;<\/p>\n<p>&nbsp;<\/p>\n<p>&nbsp;<\/p>\n","protected":false},"excerpt":{"rendered":"<p>LEGGE MONTAGNA PER SOSTENERE I TERRITORI ROMA\u00a0 \u201cNon solo risorse economiche ma un nuovo assetto per favorire la vita in montagna e contrastare il grave fenomeno dello spopolamento: \u00c8 un passo molto importante che conferma l\u2019attenzione del Governo nei confronti della montagna con ripercussioni positive e concrete nei confronti delle nostre comunit\u00e0\u201d.\u00a0Lo dichiara il Ministro&hellip;<\/p>\n","protected":false},"author":4,"featured_media":158273,"comment_status":"closed","ping_status":"closed","sticky":false,"template":"","format":"standard","meta":{"_monsterinsights_skip_tracking":false,"_monsterinsights_sitenote_active":false,"_monsterinsights_sitenote_note":"","_monsterinsights_sitenote_category":0,"footnotes":""},"categories":[104,49],"tags":[],"class_list":["post-264052","post","type-post","status-publish","format-standard","has-post-thumbnail","hentry","category-evidenza_3","category-news-18","category-104","category-49","description-off"],"img_url":"https:\/\/www.radiopiu.net\/wordpress\/wp-content\/uploads\/2020\/08\/montagna-2020-scaled.jpg","_links":{"self":[{"href":"https:\/\/www.radiopiu.net\/wordpress\/wp-json\/wp\/v2\/posts\/264052","targetHints":{"allow":["GET"]}}],"collection":[{"href":"https:\/\/www.radiopiu.net\/wordpress\/wp-json\/wp\/v2\/posts"}],"about":[{"href":"https:\/\/www.radiopiu.net\/wordpress\/wp-json\/wp\/v2\/types\/post"}],"author":[{"embeddable":true,"href":"https:\/\/www.radiopiu.net\/wordpress\/wp-json\/wp\/v2\/users\/4"}],"replies":[{"embeddable":true,"href":"https:\/\/www.radiopiu.net\/wordpress\/wp-json\/wp\/v2\/comments?post=264052"}],"version-history":[{"count":0,"href":"https:\/\/www.radiopiu.net\/wordpress\/wp-json\/wp\/v2\/posts\/264052\/revisions"}],"wp:featuredmedia":[{"embeddable":true,"href":"https:\/\/www.radiopiu.net\/wordpress\/wp-json\/wp\/v2\/media\/158273"}],"wp:attachment":[{"href":"https:\/\/www.radiopiu.net\/wordpress\/wp-json\/wp\/v2\/media?parent=264052"}],"wp:term":[{"taxonomy":"category","embeddable":true,"href":"https:\/\/www.radiopiu.net\/wordpress\/wp-json\/wp\/v2\/categories?post=264052"},{"taxonomy":"post_tag","embeddable":true,"href":"https:\/\/www.radiopiu.net\/wordpress\/wp-json\/wp\/v2\/tags?post=264052"}],"curies":[{"name":"wp","href":"https:\/\/api.w.org\/{rel}","templated":true}]}}