{"id":264108,"date":"2022-03-10T17:05:24","date_gmt":"2022-03-10T16:05:24","guid":{"rendered":"https:\/\/www.radiopiu.net\/wordpress\/?p=264108"},"modified":"2022-03-11T06:06:28","modified_gmt":"2022-03-11T05:06:28","slug":"il-comune-di-feltre-adotta-un-provvedimento-durgenza-per-accogliere-il-popolo-ucraino-in-fuga-dalla-guerra","status":"publish","type":"post","link":"https:\/\/www.radiopiu.net\/wordpress\/il-comune-di-feltre-adotta-un-provvedimento-durgenza-per-accogliere-il-popolo-ucraino-in-fuga-dalla-guerra\/","title":{"rendered":"IL COMUNE DI FELTRE ADOTTA UN PROVVEDIMENTO D&#8217;URGENZA PER ACCOGLIERE IL POPOLO UCRAINO IN FUGA DALLA GUERRA"},"content":{"rendered":"<p><strong><a class=\"dt-pswp-item\" href=\"https:\/\/www.radiopiu.net\/wordpress\/wp-content\/uploads\/2018\/09\/FELTRE-1.jpg\" data-dt-img-description=\"\" data-large_image_width=\"2816\" data-large_image_height=\"2112\"><img loading=\"lazy\" decoding=\"async\" class=\"size-medium wp-image-62188 alignleft\" src=\"https:\/\/www.radiopiu.net\/wordpress\/wp-content\/uploads\/2018\/09\/FELTRE-1-300x225.jpg\" alt=\"\" width=\"300\" height=\"225\" srcset=\"https:\/\/www.radiopiu.net\/wordpress\/wp-content\/uploads\/2018\/09\/FELTRE-1-300x225.jpg 300w, https:\/\/www.radiopiu.net\/wordpress\/wp-content\/uploads\/2018\/09\/FELTRE-1-768x576.jpg 768w, https:\/\/www.radiopiu.net\/wordpress\/wp-content\/uploads\/2018\/09\/FELTRE-1-1024x768.jpg 1024w\" sizes=\"auto, (max-width: 300px) 100vw, 300px\" \/><\/a>FELTRE <\/strong>In relazione all\u2019emergenza in Ucraina e all\u2019atteso arrivo di rifugiati, la giunta comunale ha adottato un provvedimento d\u2019urgenza con cui, al fine di poter far fronte alle spese necessarie alla loro accoglienza nel Comune di Feltre, ha incrementato la disponibilit\u00e0 del capitolo di spesa \u201cInterventi in campo sociale\u201d per \u20ac 10.000 mediante un prelevamento dal \u201cFondo di riserva\u201d. La somma sar\u00e0 integrata anche da quanto raccolto mediante la sottoscrizione avviata nei giorni scorsi su un conto corrente dedicato presso l\u2019Azienda Feltrina per i Servizi Alla Persona. I Servizi Sociali stanno provvedendo ad adeguare la dotazione delle unit\u00e0 abitative comunali gi\u00e0 individuate (alcuni appartamenti per un totale di circa 20 posti). \u00c8 sempre attivo per i cittadini del Comune di Feltre l\u2019indirizzo mail emergenzaucraina@aziendafeltrina.it a cui possono segnalare in via preventiva eventuali disponibilit\u00e0 di strutture per l\u2019accoglienza che verranno attivate d\u2019intesa con la Prefettura in caso di necessit\u00e0.<\/p>\n<p><strong>GIORGIA LI CASTRI, ASSESSORE DEL COMUNE DI FELTRE<\/strong><\/p>\n<audio class=\"wp-audio-shortcode\" id=\"audio-264108-1\" preload=\"none\" style=\"width: 100%;\" controls=\"controls\"><source type=\"audio\/mpeg\" src=\"https:\/\/www.radiopiu.net\/wordpress\/wp-content\/uploads\/2022\/03\/GIORGIA-LI-CASTRI-UCRAINA.mp3?_=1\" \/><a href=\"https:\/\/www.radiopiu.net\/wordpress\/wp-content\/uploads\/2022\/03\/GIORGIA-LI-CASTRI-UCRAINA.mp3\">https:\/\/www.radiopiu.net\/wordpress\/wp-content\/uploads\/2022\/03\/GIORGIA-LI-CASTRI-UCRAINA.mp3<\/a><\/audio>\n<p>&nbsp;<\/p>\n<p>&nbsp;<\/p>\n<p>******<\/p>\n","protected":false},"excerpt":{"rendered":"<p>FELTRE In relazione all\u2019emergenza in Ucraina e all\u2019atteso arrivo di rifugiati, la giunta comunale ha adottato un provvedimento d\u2019urgenza con cui, al fine di poter far fronte alle spese necessarie alla loro accoglienza nel Comune di Feltre, ha incrementato la disponibilit\u00e0 del capitolo di spesa \u201cInterventi in campo sociale\u201d per \u20ac 10.000 mediante un prelevamento&hellip;<\/p>\n","protected":false},"author":4,"featured_media":62188,"comment_status":"closed","ping_status":"closed","sticky":false,"template":"","format":"standard","meta":{"_monsterinsights_skip_tracking":false,"_monsterinsights_sitenote_active":false,"_monsterinsights_sitenote_note":"","_monsterinsights_sitenote_category":0,"footnotes":""},"categories":[104,49],"tags":[],"class_list":["post-264108","post","type-post","status-publish","format-standard","has-post-thumbnail","hentry","category-evidenza_3","category-news-18","category-104","category-49","description-off"],"img_url":"https:\/\/www.radiopiu.net\/wordpress\/wp-content\/uploads\/2018\/09\/FELTRE-1.jpg","_links":{"self":[{"href":"https:\/\/www.radiopiu.net\/wordpress\/wp-json\/wp\/v2\/posts\/264108","targetHints":{"allow":["GET"]}}],"collection":[{"href":"https:\/\/www.radiopiu.net\/wordpress\/wp-json\/wp\/v2\/posts"}],"about":[{"href":"https:\/\/www.radiopiu.net\/wordpress\/wp-json\/wp\/v2\/types\/post"}],"author":[{"embeddable":true,"href":"https:\/\/www.radiopiu.net\/wordpress\/wp-json\/wp\/v2\/users\/4"}],"replies":[{"embeddable":true,"href":"https:\/\/www.radiopiu.net\/wordpress\/wp-json\/wp\/v2\/comments?post=264108"}],"version-history":[{"count":0,"href":"https:\/\/www.radiopiu.net\/wordpress\/wp-json\/wp\/v2\/posts\/264108\/revisions"}],"wp:featuredmedia":[{"embeddable":true,"href":"https:\/\/www.radiopiu.net\/wordpress\/wp-json\/wp\/v2\/media\/62188"}],"wp:attachment":[{"href":"https:\/\/www.radiopiu.net\/wordpress\/wp-json\/wp\/v2\/media?parent=264108"}],"wp:term":[{"taxonomy":"category","embeddable":true,"href":"https:\/\/www.radiopiu.net\/wordpress\/wp-json\/wp\/v2\/categories?post=264108"},{"taxonomy":"post_tag","embeddable":true,"href":"https:\/\/www.radiopiu.net\/wordpress\/wp-json\/wp\/v2\/tags?post=264108"}],"curies":[{"name":"wp","href":"https:\/\/api.w.org\/{rel}","templated":true}]}}