{"id":264224,"date":"2022-03-11T12:25:04","date_gmt":"2022-03-11T11:25:04","guid":{"rendered":"https:\/\/www.radiopiu.net\/wordpress\/?p=264224"},"modified":"2022-03-11T12:25:04","modified_gmt":"2022-03-11T11:25:04","slug":"anche-i-cantieri-olimpici-a-forte-rischio-prevedibili-gare-deserte","status":"publish","type":"post","link":"https:\/\/www.radiopiu.net\/wordpress\/anche-i-cantieri-olimpici-a-forte-rischio-prevedibili-gare-deserte\/","title":{"rendered":"ANCHE I CANTIERI OLIMPICI A FORTE RISCHIO, PREVEDIBILI GARE DESERTE"},"content":{"rendered":"<blockquote>\n<h3><strong>I COSTRUTTORI EDILI DI CONFINDUSTRIA BELLUNO DOLOMITI\u00a0 LANCIANO L\u2019ALLARME SU PREZZI E SOSTENIBILIT\u00c0 DEI CANTIERI<\/strong><\/h3>\n<\/blockquote>\n<p><strong><img loading=\"lazy\" decoding=\"async\" class=\"alignleft\" src=\"https:\/\/www.radiopiu.net\/wordpress\/wp-content\/uploads\/2019\/06\/917-2019-DIFESA-DEL-SUOLO.-FORESTALI-REGIONALI-AL-LAVORO-SULLA-FRANA-DI-BORSOI2.jpg\" width=\"253\" height=\"142\" \/>BELLUNO<\/strong>\u00a0 <em>\u201cL&#8217;aumento dei costi energetici e dei derivati del petrolio stanno mettendo in forte crisi le imprese di costruzione della provincia di Belluno che registrano perdite secche nella gestione quotidiana&#8221;<\/em> questo il grido d&#8217;allarme di Paolo De Cian &#8211; Presidente degli edili bellunesi di Confindustria Belluno Dolomiti.\u00a0<em>\u201cLa situazione \u00e8 drammatica \u2013 prosegue De Cian &#8211; in particolare per le imprese stradali e di scavi che impiegano importanti quantit\u00e0 di gasolio per i propri mezzi al pari degli impianti per la produzione di conglomerati bituminosi e calcestruzzo (impianti energivori) che stanno valutando anche nella nostra provincia uno stop alla produzione\u201d<\/em>. Il quadro \u00e8 realmente fuori controllo e le misure gi\u00e0 adottate dal governo ai fini delle compensazioni per gli aumenti eccezionali dei prezzi si stanno dimostrando totalmente inadeguati in quanto il ristoro &#8211; anche quando si riuscisse ad ottenerlo &#8211; avviene dopo anni e le imprese non possono sopportare esposizioni finanziarie di questa portata per cos\u00ec lungo tempo. Senza misure nuove ed urgenti \u00e8 evidente che questa situazione fuori controllo incider\u00e0 su tutti i lavori in essere o programmati, dal PNRR alle prossime Olimpiadi, passando per i lavori del 110 e le ristrutturazioni in genere, che registrano uno squilibrio quotidiano nei conti mettendone in forse la stessa sostenibilit\u00e0 e fattibilit\u00e0. <em>\u201cAl fine di evitare che molti progetti non partano nemmeno \u2013 conclude De Cian \u2013 stante il rischio che molte gare vadano deserte,\u00a0\u00e8 necessario che vengano aggiornati immediatamente tutti i listini prezzi delle stazioni appaltanti, non solo per i nuovi lavori ma anche per i lavori gi\u00e0 in corso che scontano ormai quadri economici insostenibili e che le imprese non possono portare avanti\u201d.<\/em><\/p>\n<p>&nbsp;<\/p>\n<p>&nbsp;<\/p>\n<p>***<\/p>\n","protected":false},"excerpt":{"rendered":"<p>I COSTRUTTORI EDILI DI CONFINDUSTRIA BELLUNO DOLOMITI\u00a0 LANCIANO L\u2019ALLARME SU PREZZI E SOSTENIBILIT\u00c0 DEI CANTIERI BELLUNO\u00a0 \u201cL&#8217;aumento dei costi energetici e dei derivati del petrolio stanno mettendo in forte crisi le imprese di costruzione della provincia di Belluno che registrano perdite secche nella gestione quotidiana&#8221; questo il grido d&#8217;allarme di Paolo De Cian &#8211; Presidente&hellip;<\/p>\n","protected":false},"author":4,"featured_media":87577,"comment_status":"closed","ping_status":"closed","sticky":false,"template":"","format":"standard","meta":{"_monsterinsights_skip_tracking":false,"_monsterinsights_sitenote_active":false,"_monsterinsights_sitenote_note":"","_monsterinsights_sitenote_category":0,"footnotes":""},"categories":[51,49],"tags":[],"class_list":["post-264224","post","type-post","status-publish","format-standard","has-post-thumbnail","hentry","category-evidenza-top","category-news-18","category-51","category-49","description-off"],"img_url":"https:\/\/www.radiopiu.net\/wordpress\/wp-content\/uploads\/2019\/06\/917-2019-DIFESA-DEL-SUOLO.-FORESTALI-REGIONALI-AL-LAVORO-SULLA-FRANA-DI-BORSOI2.jpg","_links":{"self":[{"href":"https:\/\/www.radiopiu.net\/wordpress\/wp-json\/wp\/v2\/posts\/264224","targetHints":{"allow":["GET"]}}],"collection":[{"href":"https:\/\/www.radiopiu.net\/wordpress\/wp-json\/wp\/v2\/posts"}],"about":[{"href":"https:\/\/www.radiopiu.net\/wordpress\/wp-json\/wp\/v2\/types\/post"}],"author":[{"embeddable":true,"href":"https:\/\/www.radiopiu.net\/wordpress\/wp-json\/wp\/v2\/users\/4"}],"replies":[{"embeddable":true,"href":"https:\/\/www.radiopiu.net\/wordpress\/wp-json\/wp\/v2\/comments?post=264224"}],"version-history":[{"count":0,"href":"https:\/\/www.radiopiu.net\/wordpress\/wp-json\/wp\/v2\/posts\/264224\/revisions"}],"wp:featuredmedia":[{"embeddable":true,"href":"https:\/\/www.radiopiu.net\/wordpress\/wp-json\/wp\/v2\/media\/87577"}],"wp:attachment":[{"href":"https:\/\/www.radiopiu.net\/wordpress\/wp-json\/wp\/v2\/media?parent=264224"}],"wp:term":[{"taxonomy":"category","embeddable":true,"href":"https:\/\/www.radiopiu.net\/wordpress\/wp-json\/wp\/v2\/categories?post=264224"},{"taxonomy":"post_tag","embeddable":true,"href":"https:\/\/www.radiopiu.net\/wordpress\/wp-json\/wp\/v2\/tags?post=264224"}],"curies":[{"name":"wp","href":"https:\/\/api.w.org\/{rel}","templated":true}]}}