{"id":264226,"date":"2022-03-12T05:59:26","date_gmt":"2022-03-12T04:59:26","guid":{"rendered":"https:\/\/www.radiopiu.net\/wordpress\/?p=264226"},"modified":"2022-03-12T06:10:07","modified_gmt":"2022-03-12T05:10:07","slug":"a-nove-anni-dalla-morte-di-martina-vertici-anas-secondo-i-giudici-colpevolmente-inerti","status":"publish","type":"post","link":"https:\/\/www.radiopiu.net\/wordpress\/a-nove-anni-dalla-morte-di-martina-vertici-anas-secondo-i-giudici-colpevolmente-inerti\/","title":{"rendered":"A NOVE ANNI DALLA MORTE DI MARTINA,   VERTICI ANAS SECONDO I GIUDICI &#8220;COLPEVOLMENTE INERTI&#8221;"},"content":{"rendered":"<p><strong><img loading=\"lazy\" decoding=\"async\" class=\"alignleft\" src=\"https:\/\/www.radiopiu.net\/wordpress\/wp-content\/uploads\/2022\/03\/image-2.webp\" width=\"325\" height=\"183\" \/>BELLUNO<\/strong> \u00a0La quarta sezione penale della Corte di Cassazione ha\u00a0 giudicato infondato il ricorso\u00a0 del dirigente dell\u2019area tecnica e il capo compartimento dell\u2019ANAS, gi\u00e0 condannati in primo e secondo grado a 4 mesi di reclusione per l\u2019omicidio colposo di Martina Bonavera. I tempi della giustizia italiana hanno per\u00f2, nel frattempo, determinato la prescrizione del reato. Un&#8217;amara vittoria giudiziaria per i famigliari nella triste vicenda della morte di Martina, travolta e uccisa da un furgone il 9 marzo del 2013 mentre, a pochi passi da casa, lungo la statale 50 a Giamosa, raggiungeva come tutte le mattine la fermata dell\u2019autobus diretto verso la scuola. Nonostante la \u201cscure\u201d della prescrizione si sia abbattuta sul processo, i giudici della Suprema Corte, nelle motivazioni riportate in sentenza, hanno confermato la correttezza delle sentenze di condanna di primo e secondo grado, \u201csmontando\u201d uno ad uno i motivi del ricorso presentato dai dirigenti di ANAS. I due imputati avevano l\u2019obbligo giuridico di impedire l&#8217;evento-incidente su di una strada di propriet\u00e0 dell&#8217;ANAS e dallo stesso ente gestita, essendo stati informati a pi\u00f9 riprese, anche da soggetti qualificati, della urgente necessit\u00e0 di interventi di messa in sicurezza volti alla eliminazione o alla riduzione dell&#8217;obiettivo rischio proprio nel tratto in cui sarebbe poi stata investita Martina, e che, ciononostante, <em>&#8220;Sono rimasti colpevolmente inerti&#8221;. <\/em>Linda e Francesco Bonavera, i genitori di Martina, dopo aver presenziato nel corso degli anni a tutte le udienze di ogni grado di giudizio, non sono ovviamente voluti mancare all\u2019epilogo giudiziario nel palazzo della Corte di Cassazione a Roma, affiancati dall\u2019avvocato Chiara Tartari, fiduciario di Giesse Risarcimento Danni.\u00a0<em>\u201cNessuno dei due imputati, purtroppo, ha mai ammesso di avere sbagliato, n\u00e9 ha mai neppure provato ad avanzare uno straccio di scuse \u2013 l\u2019amaro commento al termine dell\u2019udienza \u2013 Eppure sono anche loro i responsabili della morte di Martina, anche se a causa dei tempi della Giustizia sono purtroppo rimasti impuniti. L\u2019unica nostra speranza \u00e8 che quanto orribilmente accaduto a nostra figlia, messo ora nero su bianco in ben tre diverse sentenze giudiziarie, possa portare a una doverosa, maggior attenzione chi ricopre ruoli tanto importanti come quelli deputati al controllo della sicurezza nostra e dei nostri figli. Fatti tanto orribili non dovrebbero ripetersi mai, mai pi\u00f9\u201d. <\/em>I coniugi Bonavera, pur di fare massima chiarezza e ottenere piena giustizia, hanno rinunciato nel corso dell\u2019iter giudiziario a una cospicua offerta risarcitoria, che li avrebbe di fatto esclusi dal processo penale e che avrebbe determinato anche uno sconto di pena agli imputati. <em>\u201cEssere stati al fianco di Linda e Francesco in questi nove anni ci ha trasmesso un enorme senso di dignit\u00e0, forza e perseveranza \u2013 sottolinea Nicola Barchet, presidente di Giesse Risarcimento Danni \u2013 Fin dal primo giorno hanno sempre e solo cercato giustizia, non giustizialismo. Dopo aver vissuto una simile tragedia, dati anche i tempi che corrono, non \u00e8 affatto scontato\u201d.<\/em><\/p>\n<p>&nbsp;<\/p>\n<p>***<\/p>\n<p>&nbsp;<\/p>\n","protected":false},"excerpt":{"rendered":"<p>BELLUNO \u00a0La quarta sezione penale della Corte di Cassazione ha\u00a0 giudicato infondato il ricorso\u00a0 del dirigente dell\u2019area tecnica e il capo compartimento dell\u2019ANAS, gi\u00e0 condannati in primo e secondo grado a 4 mesi di reclusione per l\u2019omicidio colposo di Martina Bonavera. I tempi della giustizia italiana hanno per\u00f2, nel frattempo, determinato la prescrizione del reato.&hellip;<\/p>\n","protected":false},"author":4,"featured_media":264228,"comment_status":"closed","ping_status":"closed","sticky":false,"template":"","format":"standard","meta":{"_monsterinsights_skip_tracking":false,"_monsterinsights_sitenote_active":false,"_monsterinsights_sitenote_note":"","_monsterinsights_sitenote_category":0,"footnotes":""},"categories":[51,49],"tags":[],"class_list":["post-264226","post","type-post","status-publish","format-standard","has-post-thumbnail","hentry","category-evidenza-top","category-news-18","category-51","category-49","description-off"],"img_url":"https:\/\/www.radiopiu.net\/wordpress\/wp-content\/uploads\/2022\/03\/image-2.webp","_links":{"self":[{"href":"https:\/\/www.radiopiu.net\/wordpress\/wp-json\/wp\/v2\/posts\/264226","targetHints":{"allow":["GET"]}}],"collection":[{"href":"https:\/\/www.radiopiu.net\/wordpress\/wp-json\/wp\/v2\/posts"}],"about":[{"href":"https:\/\/www.radiopiu.net\/wordpress\/wp-json\/wp\/v2\/types\/post"}],"author":[{"embeddable":true,"href":"https:\/\/www.radiopiu.net\/wordpress\/wp-json\/wp\/v2\/users\/4"}],"replies":[{"embeddable":true,"href":"https:\/\/www.radiopiu.net\/wordpress\/wp-json\/wp\/v2\/comments?post=264226"}],"version-history":[{"count":0,"href":"https:\/\/www.radiopiu.net\/wordpress\/wp-json\/wp\/v2\/posts\/264226\/revisions"}],"wp:featuredmedia":[{"embeddable":true,"href":"https:\/\/www.radiopiu.net\/wordpress\/wp-json\/wp\/v2\/media\/264228"}],"wp:attachment":[{"href":"https:\/\/www.radiopiu.net\/wordpress\/wp-json\/wp\/v2\/media?parent=264226"}],"wp:term":[{"taxonomy":"category","embeddable":true,"href":"https:\/\/www.radiopiu.net\/wordpress\/wp-json\/wp\/v2\/categories?post=264226"},{"taxonomy":"post_tag","embeddable":true,"href":"https:\/\/www.radiopiu.net\/wordpress\/wp-json\/wp\/v2\/tags?post=264226"}],"curies":[{"name":"wp","href":"https:\/\/api.w.org\/{rel}","templated":true}]}}