{"id":264237,"date":"2022-03-11T14:16:56","date_gmt":"2022-03-11T13:16:56","guid":{"rendered":"https:\/\/www.radiopiu.net\/wordpress\/?p=264237"},"modified":"2022-03-11T19:13:08","modified_gmt":"2022-03-11T18:13:08","slug":"congratulazioni-al-dottor-della-lucia","status":"publish","type":"post","link":"https:\/\/www.radiopiu.net\/wordpress\/congratulazioni-al-dottor-della-lucia\/","title":{"rendered":"CONGRATULAZIONI AL DOTTOR DELLA LUCIA"},"content":{"rendered":"<div class=\"\" dir=\"auto\">\n<div class=\"\" dir=\"auto\">\n<div class=\"ecm0bbzt hv4rvrfc ihqw7lf3 dati1w0a\" data-ad-comet-preview=\"message\" data-ad-preview=\"message\">\n<div class=\"j83agx80 cbu4d94t ew0dbk1b irj2b8pg\">\n<div class=\"qzhwtbm6 knvmm38d\">\n<div class=\"kvgmc6g5 cxmmr5t8 oygrvhab hcukyx3x c1et5uql ii04i59q\">\n<div dir=\"auto\" style=\"text-align: left;\"><strong><a class=\"dt-pswp-item\" href=\"https:\/\/www.radiopiu.net\/wordpress\/wp-content\/uploads\/2022\/03\/275546173_10219229695085881_1208399767627180663_n.jpg\" data-dt-img-description=\"\" data-large_image_width=\"526\" data-large_image_height=\"899\"><img loading=\"lazy\" decoding=\"async\" class=\" wp-image-264239 alignleft\" src=\"https:\/\/www.radiopiu.net\/wordpress\/wp-content\/uploads\/2022\/03\/275546173_10219229695085881_1208399767627180663_n-176x300.jpg\" alt=\"\" width=\"110\" height=\"188\" srcset=\"https:\/\/www.radiopiu.net\/wordpress\/wp-content\/uploads\/2022\/03\/275546173_10219229695085881_1208399767627180663_n-176x300.jpg 176w, https:\/\/www.radiopiu.net\/wordpress\/wp-content\/uploads\/2022\/03\/275546173_10219229695085881_1208399767627180663_n.jpg 526w\" sizes=\"auto, (max-width: 110px) 100vw, 110px\" \/><\/a><\/strong><\/div>\n<div dir=\"auto\"><\/div>\n<div dir=\"auto\" style=\"text-align: left;\"><strong>VOLTAGO<\/strong> Matteo Della Lucia si \u00e8 laureato in Medicina e Chirurgia all&#8217;Univerist\u00e0 di Udine. Un evento importante per il paese, in frazione Frassen\u00e8 che si congratula con un nuovo medico,\u00a0 non succedeva da 30 anni.<\/div>\n<div dir=\"auto\" style=\"text-align: left;\">Matteo ha discusso la tesi sulla &#8220;neoplasia prostatica,\u00a0 attraverso biopsia prostatica guidata&#8221;. Poi l&#8217;abbraccio con gli orgogliosi genitori Mariagrazia e Celeste e quello immancabile delle nonne Massimilla e Maria. Anche da qui congratulazioni a\u00a0 <a class=\"oajrlxb2 g5ia77u1 qu0x051f esr5mh6w e9989ue4 r7d6kgcz rq0escxv nhd2j8a9 nc684nl6 p7hjln8o kvgmc6g5 cxmmr5t8 oygrvhab hcukyx3x jb3vyjys rz4wbd8a qt6c0cv9 a8nywdso i1ao9s8h esuyzwwr f1sip0of lzcic4wl gpro0wi8 q66pz984 b1v8xokw\" tabindex=\"0\" role=\"link\" href=\"https:\/\/www.facebook.com\/groups\/699205673452366\/user\/1841377611\/?__cft__[0]=AZXv66SRNwt1-uwbiRCiFRult3zz-H2JRqJ6QIFmNdXJD9bGXpl-UqNDbKSj7Apt5EXug-iH9uV9dPsjGxGk9gyTZu1AdJm4gPbebVzsZ9j9Nqn9zoUg71If-tzqcIZlnHIPSO5gUwYKJdCDv5fFYYqvxwM5mgsvZv4w3H3t0aqa5IFTca4JSyR0jNY91zARgujXGbj4DikbKt9SDY4E5kli&amp;__tn__=-]K-y-R\"><span class=\"nc684nl6\">Matteo Della Lucia\u00a0<\/span><\/a><\/div>\n<\/div>\n<\/div>\n<\/div>\n<\/div>\n<\/div>\n<\/div>\n<div dir=\"auto\"><\/div>\n<div dir=\"auto\"><\/div>\n<div dir=\"auto\"><\/div>\n<div dir=\"auto\"><\/div>\n<div dir=\"auto\">***<\/div>\n","protected":false},"excerpt":{"rendered":"<p>VOLTAGO Matteo Della Lucia si \u00e8 laureato in Medicina e Chirurgia all&#8217;Univerist\u00e0 di Udine. Un evento importante per il paese, in frazione Frassen\u00e8 che si congratula con un nuovo medico,\u00a0 non succedeva da 30 anni. Matteo ha discusso la tesi sulla &#8220;neoplasia prostatica,\u00a0 attraverso biopsia prostatica guidata&#8221;. Poi l&#8217;abbraccio con gli orgogliosi genitori Mariagrazia e&hellip;<\/p>\n","protected":false},"author":4,"featured_media":264238,"comment_status":"closed","ping_status":"closed","sticky":false,"template":"","format":"standard","meta":{"_monsterinsights_skip_tracking":false,"_monsterinsights_sitenote_active":false,"_monsterinsights_sitenote_note":"","_monsterinsights_sitenote_category":0,"footnotes":""},"categories":[104,49],"tags":[],"class_list":["post-264237","post","type-post","status-publish","format-standard","has-post-thumbnail","hentry","category-evidenza_3","category-news-18","category-104","category-49","description-off"],"img_url":"https:\/\/www.radiopiu.net\/wordpress\/wp-content\/uploads\/2022\/03\/doc.jpg","_links":{"self":[{"href":"https:\/\/www.radiopiu.net\/wordpress\/wp-json\/wp\/v2\/posts\/264237","targetHints":{"allow":["GET"]}}],"collection":[{"href":"https:\/\/www.radiopiu.net\/wordpress\/wp-json\/wp\/v2\/posts"}],"about":[{"href":"https:\/\/www.radiopiu.net\/wordpress\/wp-json\/wp\/v2\/types\/post"}],"author":[{"embeddable":true,"href":"https:\/\/www.radiopiu.net\/wordpress\/wp-json\/wp\/v2\/users\/4"}],"replies":[{"embeddable":true,"href":"https:\/\/www.radiopiu.net\/wordpress\/wp-json\/wp\/v2\/comments?post=264237"}],"version-history":[{"count":0,"href":"https:\/\/www.radiopiu.net\/wordpress\/wp-json\/wp\/v2\/posts\/264237\/revisions"}],"wp:featuredmedia":[{"embeddable":true,"href":"https:\/\/www.radiopiu.net\/wordpress\/wp-json\/wp\/v2\/media\/264238"}],"wp:attachment":[{"href":"https:\/\/www.radiopiu.net\/wordpress\/wp-json\/wp\/v2\/media?parent=264237"}],"wp:term":[{"taxonomy":"category","embeddable":true,"href":"https:\/\/www.radiopiu.net\/wordpress\/wp-json\/wp\/v2\/categories?post=264237"},{"taxonomy":"post_tag","embeddable":true,"href":"https:\/\/www.radiopiu.net\/wordpress\/wp-json\/wp\/v2\/tags?post=264237"}],"curies":[{"name":"wp","href":"https:\/\/api.w.org\/{rel}","templated":true}]}}