{"id":264342,"date":"2022-03-14T05:35:36","date_gmt":"2022-03-14T04:35:36","guid":{"rendered":"https:\/\/www.radiopiu.net\/wordpress\/?p=264342"},"modified":"2022-03-14T06:59:51","modified_gmt":"2022-03-14T05:59:51","slug":"giornale-radiopiu-14-marzo-2022-direttore-mirko-mezzacasa","status":"publish","type":"post","link":"https:\/\/www.radiopiu.net\/wordpress\/giornale-radiopiu-14-marzo-2022-direttore-mirko-mezzacasa\/","title":{"rendered":"GIORNALE RADIOPIU 14 MARZO 2022 DIRETTORE MIRKO MEZZACASA"},"content":{"rendered":"<h3 class=\"kvgmc6g5 cxmmr5t8 oygrvhab hcukyx3x c1et5uql\"><span style=\"color: #0000ff;\"><strong>INFORMAZIONE il canale su TELEGRAM informazione di prima\u00a0 <\/strong><\/span><span style=\"color: #0000ff;\"><strong>mano e in tempo reale. iscriviti ed aiutaci a farlo conoscere<\/strong><\/span><\/h3>\n<p>&nbsp;<\/p>\n<hr \/>\n<p>&nbsp;<\/p>\n<p><span style=\"color: #ff0000;\"><strong>CARO CARBURANTI<\/strong><\/span><\/p>\n<blockquote>\n<h3>NUOVO GRUPPO TELEGRAM PER LA CONDIVISIONE DI PASSAGGI IN AUTO<\/h3>\n<\/blockquote>\n<p><strong>\u00a0<\/strong><strong>REDAZIONE<\/strong> \u00c8 stato creato un nuovo gruppo Telegram per la provincia di Belluno. Un gruppo utile per la condivisione di passaggi in auto in questo periodo di forti aumenti del costo del carburante. Chi fosse interessato ad unirsi al gruppo pu\u00f2 cliccare sul seguente link: <a href=\"https:\/\/t.me\/bellunopassaggicarsharing\">https:\/\/t.me\/bellunopassaggicarsharing<\/a><\/p>\n<p>&nbsp;<\/p>\n<p>&nbsp;<\/p>\n<hr \/>\n<p>&nbsp;<\/p>\n<blockquote>\n<h3>AIUTI ALL&#8217;UCRAINA<\/h3>\n<\/blockquote>\n<p><strong>AGORDO<\/strong> L&#8217;azienda speciale Agordo Servizi, presso la farmacia comunale di Agordo, promuove una raccolta di farmaci e dispositivi medici in favore della popolazione ucraina colpita dalla guerra. Informazioni allo 0437 62564<\/p>\n<p>&nbsp;<\/p>\n<p><strong class=\"photoswipe-wrapper\">CANALE D\u2019AGORDO<\/strong> campagna di aiuto alla popolazione ucraina anche in Agordino. Nella sala consigliare di Canale D\u2019Agordo\u00a0 TUTTI I GIORNI dalle 9 alle 19,<\/p>\n<p>&nbsp;<\/p>\n<p>&nbsp;<\/p>\n<hr \/>\n<p>&nbsp;<\/p>\n<blockquote>\n<h3>UN UOVO DI PASQUA PER L\u2019UCRAINA<\/h3>\n<\/blockquote>\n<p><strong><a class=\"dt-pswp-item\" href=\"https:\/\/www.radiopiu.net\/wordpress\/wp-content\/uploads\/2022\/03\/275724274_1104582896993944_9153074092240644627_n.jpg\" data-dt-img-description=\"\" data-large_image_width=\"526\" data-large_image_height=\"770\"><img loading=\"lazy\" decoding=\"async\" class=\"size-medium wp-image-264655 alignleft\" src=\"https:\/\/www.radiopiu.net\/wordpress\/wp-content\/uploads\/2022\/03\/275724274_1104582896993944_9153074092240644627_n-205x300.jpg\" alt=\"\" width=\"205\" height=\"300\" srcset=\"https:\/\/www.radiopiu.net\/wordpress\/wp-content\/uploads\/2022\/03\/275724274_1104582896993944_9153074092240644627_n-205x300.jpg 205w, https:\/\/www.radiopiu.net\/wordpress\/wp-content\/uploads\/2022\/03\/275724274_1104582896993944_9153074092240644627_n.jpg 526w\" sizes=\"auto, (max-width: 205px) 100vw, 205px\" \/><\/a>BELLUNO <\/strong>Ancora una volta la piccola provincia della Montagna veneta si distingue per le iniziative solidali e rivolte all\u2019accoglienza in questo caso degli sfollati Ucraini. Di certo l\u2019immigrazione bellunese negli anni 60 \u00e8 stato un fattore che ancora in molti da quelle parti ricordano e forse, questo fa si, che il dolore di emigrare dal proprio paese sia ben compreso dagli abitanti. Quest\u2019anno i Cori della provincia di Belluno capitanati dalla Corale di Limana si sono uniti per dar vita ad un progetto davvero unico e ambizioso, realizzare un uovo di cioccolato al latte da vendere per beneficenza. <em>\u201cL\u2019idea\u201d commenta <\/em>Donatella Triches della Corale di Limana\u00a0 \u201c<em>\u00e8 venuta qualche giorno fa, perch\u00e9 siamo soliti\u00a0 fare qualche iniziativa nei giorni di Pasqua per raccogliere dei fondi, quest\u2019anno non potevamo che pensare agli amici Ucraini.\u00a0 <\/em><em>Per questo nella pennetta USB che sar\u00e0 contenuta nell&#8217;uovo come sorpresa, ci saranno due canzoni di quattro cori Ucraini , tra cui il coro da camera Moravski \u2013\u00a0 cosi da unire le loro belle voci alle canzoni dei cori della nostra Provincia, e promuovere lo scambio culturale tra Italia e Ucraina.\u00a0 In tutto avremo pi\u00f9 di 10 canzoni nella pennetta regalo che noi abbiamo gi\u00e0 sentito e sono davvero stupende!<\/em><em>Speriamo che tantissime persone prenotino l\u2019uovo in Provincia e magari in tutto il Veneto cosi da raccogliere una somma importante da poter donare\u201d. <\/em>L\u2019iniziativa e patrocinata dalla Provincia di Belluno, dal Comune di Limana, dalla Parrocchia di Limana e dalla Proloco Limanese. Sono gi\u00e0 aperte le prenotazioni dell\u2019uovo chiamando o inviando un messaggio Whatsapp al numero 3283847717. Chiusura delle prenotazioni giorno 25 Marzo 2022<\/p>\n<p>&nbsp;<\/p>\n<p>&nbsp;<\/p>\n<hr \/>\n<p>&nbsp;<\/p>\n<blockquote>\n<h3>SOLIDARIETA&#8217; AI PROFUGHI UCRAINI, IL FONDO WELFARE ATTIVA UNA RACCOLTA FONDI<\/h3>\n<\/blockquote>\n<p><strong><a class=\"dt-pswp-item\" href=\"https:\/\/www.radiopiu.net\/wordpress\/wp-content\/uploads\/2022\/03\/UCRAINA-PUGNO.jpg\" data-dt-img-description=\"\" data-large_image_width=\"1920\" data-large_image_height=\"1276\"><img loading=\"lazy\" decoding=\"async\" class=\"size-medium wp-image-264404 alignleft\" src=\"https:\/\/www.radiopiu.net\/wordpress\/wp-content\/uploads\/2022\/03\/UCRAINA-PUGNO-300x199.jpg\" alt=\"\" width=\"300\" height=\"199\" srcset=\"https:\/\/www.radiopiu.net\/wordpress\/wp-content\/uploads\/2022\/03\/UCRAINA-PUGNO-300x199.jpg 300w, https:\/\/www.radiopiu.net\/wordpress\/wp-content\/uploads\/2022\/03\/UCRAINA-PUGNO-1024x681.jpg 1024w, https:\/\/www.radiopiu.net\/wordpress\/wp-content\/uploads\/2022\/03\/UCRAINA-PUGNO-768x510.jpg 768w, https:\/\/www.radiopiu.net\/wordpress\/wp-content\/uploads\/2022\/03\/UCRAINA-PUGNO-1536x1021.jpg 1536w, https:\/\/www.radiopiu.net\/wordpress\/wp-content\/uploads\/2022\/03\/UCRAINA-PUGNO.jpg 1920w\" sizes=\"auto, (max-width: 300px) 100vw, 300px\" \/><\/a>BELLUNO<\/strong> Si chiama \u201cSos Ucraina\u201d l\u2019ultima iniziativa solidale del Fondo Welfare e Identit\u00e0 Territoriale. E il sottotitolo spiega perfettamente lo spirito del progetto: \u201cAiutiamo chi aiuta\u201d. L\u2019iniziativa intende raccogliere risorse, per aiutare i profughi ucraini che attualmente sono ospitati da famiglie bellunesi, e le famiglie stesse che in modo spontaneo senza pensare a contributi di sorta hanno scelto di offrire ospitalit\u00e0 alle persone che scappano dalla guerra, aprendo le porte delle loro case. Come per altre iniziative sar\u00e0 attivato uno scambio di informazioni con i Comuni. La raccolta fondi \u00e8 gi\u00e0 aperta sul conto corrente intestato al Fondo Welfare (IT52L0306909606100000165485), con causale \u201cEmergenza Ucraina\u201d.<\/p>\n<p><strong>FRANCESCA DE BIASI, FONDO WELFARE DELLA PROVINCIA DI BELLUNO<\/strong><\/p>\n<audio class=\"wp-audio-shortcode\" id=\"audio-264342-1\" preload=\"none\" style=\"width: 100%;\" controls=\"controls\"><source type=\"audio\/mpeg\" src=\"https:\/\/www.radiopiu.net\/wordpress\/wp-content\/uploads\/2022\/03\/FRANCESCA-DE-BIASI-FONDO-WELFARE-PROVINCIA.mp3?_=1\" \/><a href=\"https:\/\/www.radiopiu.net\/wordpress\/wp-content\/uploads\/2022\/03\/FRANCESCA-DE-BIASI-FONDO-WELFARE-PROVINCIA.mp3\">https:\/\/www.radiopiu.net\/wordpress\/wp-content\/uploads\/2022\/03\/FRANCESCA-DE-BIASI-FONDO-WELFARE-PROVINCIA.mp3<\/a><\/audio>\n<p>&nbsp;<\/p>\n<hr \/>\n<p>&nbsp;<\/p>\n<blockquote>\n<h3>LE INDICAZIONI DELL&#8217;ULSS 1 AI PROFUGHI PROVENIENTI DALL&#8217;UCRAINA<\/h3>\n<\/blockquote>\n<a href=\"https:\/\/www.radiopiu.net\/wordpress\/wp-content\/uploads\/2022\/03\/Indicazioni-persone-provenienti-dallUcraina-n.-3_del-11-marzo-2022.pdf\" class=\"pdfemb-viewer\" style=\"\" data-width=\"max\" data-height=\"max\" data-toolbar=\"top\" data-toolbar-fixed=\"on\">Indicazioni persone provenienti dall&#039;Ucraina n. 3_del 11 marzo 2022<\/a>\n<p>&nbsp;<\/p>\n<p><strong>LA LISTA DEI MEDICI DI MEDICINA GENERALE PER IL POPOLO UCRAINO <a href=\"https:\/\/www.radiopiu.net\/wordpress\/wp-content\/uploads\/2022\/03\/lista-MMG-ucraina_11.03.22.pdf\">CLICCA QUI<\/a><\/strong><\/p>\n<p><strong>LA LISTA DEI PEDIATRI PER IL POPOLO UCRAINO <a href=\"https:\/\/www.radiopiu.net\/wordpress\/wp-content\/uploads\/2022\/03\/lista-pediatri-ucraina_10.03.22.pdf\">CLICCA QUI<\/a><\/strong><\/p>\n<p>&nbsp;<\/p>\n<p>&nbsp;<\/p>\n<p>&nbsp;<\/p>\n<hr \/>\n<p>&nbsp;<\/p>\n<blockquote>\n<h3 class=\"entry-title\">I FUNERALI DI RIZIERI ONGARO,\u00a0 IN\u00a0 SETTIMANA A CENCENIGHE.OGGI L\u2019AUTOPSIA<\/h3>\n<\/blockquote>\n<p><strong><a class=\"dt-pswp-item\" href=\"https:\/\/www.radiopiu.net\/wordpress\/wp-content\/uploads\/2022\/03\/rizieri_ongaro.jpg\" data-dt-img-description=\"\" data-large_image_width=\"120\" data-large_image_height=\"118\"><img loading=\"lazy\" decoding=\"async\" class=\"size-full wp-image-263730 alignleft\" src=\"https:\/\/www.radiopiu.net\/wordpress\/wp-content\/uploads\/2022\/03\/rizieri_ongaro.jpg\" alt=\"\" width=\"120\" height=\"118\" \/><\/a>CENCENIGHE<\/strong>\u00a0 Solo per oggi \u00e8 previsto l\u2019esame autoptico sulla salma di Rizieri Ongaro e intanto i giorni trascorrono, l\u2019incidente sugli sci risale a martedi 8 marzo. La Procura ha deciso di procedere con l\u2019autopsia\u00a0 a seguito delle dichiarazioni di alcuni testimoni che i Carabinieri hanno raccolto dopo il drammatico scontro sulla pista Fertazza ad Alleghe, qualcuno avrebbe infatti raccontato di un andamento incerto di Ongaro prima dello scontro con un ragazzo inglese di 29 anni che ha riportato la lussazione alla spalla. L\u2019obiettivo escludere l\u2019ipotesi di un malore, lo stabilir\u00e0 il dottor Antonello Cirnelli, medico legale di Portogruaro.<\/p>\n<blockquote>\n<h3><\/h3>\n<\/blockquote>\n<p>&nbsp;<\/p>\n<hr \/>\n<blockquote>\n<h3><\/h3>\n<h3>E&#8217; MORTO IL MAESTRO DI SCI CLAUDIO TABACCHI<\/h3>\n<\/blockquote>\n<p><strong>VODO DI CADORE\u00a0 <\/strong>Claudio Tabacchi imbianchino e maestro di sci \u00e8 morto\u00a0 a 68 soli\u00a0 anni. Abitava a Vodo e aveva insegnato tutto a promesse come Andrea Varettoni e Fabio Larese Attesa per i funerali, perch\u00e9 alcuni parenti vivono lontano e arriveranno in Cadore non appena possibile.<\/p>\n<p>&nbsp;<\/p>\n<p>&nbsp;<\/p>\n<hr \/>\n<hr \/>\n<p>&nbsp;<\/p>\n<blockquote>\n<h3>ALPINISTA PERDE LA VITA SUL CRISTALLO DOPO UN VOLO DI 300 METRI<\/h3>\n<\/blockquote>\n<p><strong><a class=\"dt-pswp-item\" href=\"https:\/\/www.radiopiu.net\/wordpress\/wp-content\/uploads\/2022\/03\/6e90a8ae-974c-4302-8788-65821ef81048.jpg\" data-dt-img-description=\"\" data-large_image_width=\"1024\" data-large_image_height=\"800\"><img loading=\"lazy\" decoding=\"async\" class=\"size-medium wp-image-264488 alignleft\" src=\"https:\/\/www.radiopiu.net\/wordpress\/wp-content\/uploads\/2022\/03\/6e90a8ae-974c-4302-8788-65821ef81048-300x234.jpg\" alt=\"\" width=\"300\" height=\"234\" srcset=\"https:\/\/www.radiopiu.net\/wordpress\/wp-content\/uploads\/2022\/03\/6e90a8ae-974c-4302-8788-65821ef81048-300x234.jpg 300w, https:\/\/www.radiopiu.net\/wordpress\/wp-content\/uploads\/2022\/03\/6e90a8ae-974c-4302-8788-65821ef81048-768x600.jpg 768w, https:\/\/www.radiopiu.net\/wordpress\/wp-content\/uploads\/2022\/03\/6e90a8ae-974c-4302-8788-65821ef81048.jpg 1024w\" sizes=\"auto, (max-width: 300px) 100vw, 300px\" \/><\/a>CORTINA<\/strong> Precipita per oltre 300 metri sul Cristallo e perde la vita, Faycal Moussaddak aveva 22 anni, originario di Peschiera Del Garda, l&#8217;allarme lanciato sabato attorno alle 13 da 4 amici che si trovavano un centinaio di metri pi\u00f9 a monte del ragazzo, i 5 volevano salire la normale al Cristallo. In 4 erano partiti per primi, ma avevano sbagliato itinerario percorrendo una cengia senza uscita, da dove avevano cercato di salire, fermandosi a 2.900 metri di quota e iniziando a calarsi. Il quinto alpinista &#8211; che era partito pi\u00f9 tardi, li stava seguendo ed era in contatto telefonico con loro, \u00e8 scivolato nel vuoto senza pi\u00f9 rispondere.<\/p>\n<p>&nbsp;<\/p>\n<hr \/>\n<p>&nbsp;<\/p>\n<blockquote>\n<h3>SCIVOLANO SULLA NEVE, IN GRAVI CONDIZIONI DUE DONNE<\/h3>\n<\/blockquote>\n<p><strong><a class=\"dt-pswp-item\" href=\"https:\/\/www.radiopiu.net\/wordpress\/wp-content\/uploads\/2022\/03\/salt_20220313_180734_826.jpg\" data-dt-img-description=\"\" data-large_image_width=\"2364\" data-large_image_height=\"1773\"><img loading=\"lazy\" decoding=\"async\" class=\"size-medium wp-image-264619 alignleft\" src=\"https:\/\/www.radiopiu.net\/wordpress\/wp-content\/uploads\/2022\/03\/salt_20220313_180734_826-300x225.jpg\" alt=\"\" width=\"300\" height=\"225\" srcset=\"https:\/\/www.radiopiu.net\/wordpress\/wp-content\/uploads\/2022\/03\/salt_20220313_180734_826-300x225.jpg 300w, https:\/\/www.radiopiu.net\/wordpress\/wp-content\/uploads\/2022\/03\/salt_20220313_180734_826-1024x768.jpg 1024w, https:\/\/www.radiopiu.net\/wordpress\/wp-content\/uploads\/2022\/03\/salt_20220313_180734_826-768x576.jpg 768w, https:\/\/www.radiopiu.net\/wordpress\/wp-content\/uploads\/2022\/03\/salt_20220313_180734_826-1536x1152.jpg 1536w, https:\/\/www.radiopiu.net\/wordpress\/wp-content\/uploads\/2022\/03\/salt_20220313_180734_826-2048x1536.jpg 2048w\" sizes=\"auto, (max-width: 300px) 100vw, 300px\" \/><\/a>SEREN DEL GRAPPA<\/strong> Sono gravi le condizioni di due donne scivolate per diverse decine di metri sulla neve, una dopo l&#8217;altra, sul Monte Grappa. Ieri attorno alle 13.30 il Soccorso alpino di Feltre \u00e8 stato allertato dalla Centrale del 118 per un incidente, accaduto lungo il sentiero 156, che dal Cason dei Lebi conduce a Malga Valpore di Cima. Mentre stava camminando assieme ad amici, M.D., 57 anni, di Monteforte d&#8217;Alpone (VR), aveva infatti perso l&#8217;equilibrio cadendo sulla neve ghiacciata per fermarsi solo un centinaio di metri pi\u00f9 a valle. Tentando di andare in suo aiuto, M.C., 53 anni, di Caldogno (VI), era scivolata a sua volta per una cinquantina di metri, sbattendo tra gli alberi. A lanciare l&#8217;allarme i 4 compagni di escursione. Individuato il luogo, l&#8217;elicottero di Treviso emergenza ha sbarcato con un verricello di 30 metri tecnico di elisoccorso ed equipe medica, per poi volare a imbarcare due tecnici del Soccorso alpino di Feltre in supporto alle operazioni. Dopo aver verificato le condizioni della donna ruzzolata in basso, i soccorritori sono saliti da quella a monte, hanno appurato che era pi\u00f9 urgente da trasferire, richiedendo immediatamente anche l&#8217;intervento dell&#8217;eliambulanza del Suem di Pieve di Cadore. Stabilizzata e imbarellata la donna \u00e8 stata calata di 50 metri fin dove si trovava l&#8217;altra, in un punto pi\u00f9 agevole per il recupero ultimato con il verricello tra la vegetazione dall&#8217;elicottero del Suem di Pieve di Cadore, subito volato all&#8217;ospedale di Treviso. Prestate le cure urgenti, la seconda ferita \u00e8 stata issata a bordo dell&#8217;eliambulanza di Treviso emergenza e condotta in ospedale. I due soccorritori di Feltre sono rientrati a piedi con i quattro compagni, mentre una squadra andava loro incontro in jeep, per poi accompagnarli al Rifugio Bocchette dove avevano le macchine.<\/p>\n<p>&nbsp;<\/p>\n<p>&nbsp;<\/p>\n<hr \/>\n<p>&nbsp;<\/p>\n<blockquote>\n<h3>MALORE SUL SENTIERO SOPRA VIGO DI CADORE<\/h3>\n<\/blockquote>\n<p><strong><a class=\"dt-pswp-item\" href=\"https:\/\/www.radiopiu.net\/wordpress\/wp-content\/uploads\/2018\/08\/soccorsoalpino.jpg\" data-dt-img-description=\"\" data-large_image_width=\"1200\" data-large_image_height=\"1200\"><img loading=\"lazy\" decoding=\"async\" class=\"wp-image-59164 alignleft\" src=\"https:\/\/www.radiopiu.net\/wordpress\/wp-content\/uploads\/2018\/08\/soccorsoalpino-300x300.jpg\" alt=\"\" width=\"99\" height=\"99\" srcset=\"https:\/\/www.radiopiu.net\/wordpress\/wp-content\/uploads\/2018\/08\/soccorsoalpino-300x300.jpg 300w, https:\/\/www.radiopiu.net\/wordpress\/wp-content\/uploads\/2018\/08\/soccorsoalpino-150x150.jpg 150w, https:\/\/www.radiopiu.net\/wordpress\/wp-content\/uploads\/2018\/08\/soccorsoalpino-768x768.jpg 768w, https:\/\/www.radiopiu.net\/wordpress\/wp-content\/uploads\/2018\/08\/soccorsoalpino-1024x1024.jpg 1024w, https:\/\/www.radiopiu.net\/wordpress\/wp-content\/uploads\/2018\/08\/soccorsoalpino.jpg 1200w\" sizes=\"auto, (max-width: 99px) 100vw, 99px\" \/><\/a>VIGO DI CADORE<\/strong> Ieri alle 10.50 circa la Centrale del Suem \u00e8 stata allertata per un&#8217;escursionista colta da malessere, mentre in compagnia stava percorrendo il sentiero numero 338 non distante da Casera Doana. Raggiunta in quad da una squadra del Soccorso alpino del Centro Cadore assieme al medico della Stazione, G.T., 48 anni, di Belluno, \u00e8 stata assistita per poi essere accompagnata all&#8217;ospedale di Pieve di Cadore per le verifiche del caso.<\/p>\n<p>&nbsp;<\/p>\n<p>&nbsp;<\/p>\n<hr \/>\n<p>&nbsp;<\/p>\n<blockquote>\n<h3>SOCCORSA SCIALPINISTA SUI CADINI DI MISURINA<\/h3>\n<\/blockquote>\n<p><strong><a class=\"dt-pswp-item\" href=\"https:\/\/www.radiopiu.net\/wordpress\/wp-content\/uploads\/2022\/02\/4063da5f-f442-4e26-9beb-eb7473b3f855.jpg\" data-dt-img-description=\"\" data-large_image_width=\"1079\" data-large_image_height=\"720\"><img loading=\"lazy\" decoding=\"async\" class=\" wp-image-260644 alignleft\" src=\"https:\/\/www.radiopiu.net\/wordpress\/wp-content\/uploads\/2022\/02\/4063da5f-f442-4e26-9beb-eb7473b3f855-300x200.jpg\" alt=\"\" width=\"143\" height=\"95\" srcset=\"https:\/\/www.radiopiu.net\/wordpress\/wp-content\/uploads\/2022\/02\/4063da5f-f442-4e26-9beb-eb7473b3f855-300x200.jpg 300w, https:\/\/www.radiopiu.net\/wordpress\/wp-content\/uploads\/2022\/02\/4063da5f-f442-4e26-9beb-eb7473b3f855-1024x683.jpg 1024w, https:\/\/www.radiopiu.net\/wordpress\/wp-content\/uploads\/2022\/02\/4063da5f-f442-4e26-9beb-eb7473b3f855-768x512.jpg 768w, https:\/\/www.radiopiu.net\/wordpress\/wp-content\/uploads\/2022\/02\/4063da5f-f442-4e26-9beb-eb7473b3f855.jpg 1079w\" sizes=\"auto, (max-width: 143px) 100vw, 143px\" \/><\/a>AURONZO DI CADORE<\/strong> Verso mezzogiorno un soccorritore, che si trovava casualmente nella zona di Forcella della neve, sui Cadini di Misurina, ha allertato il 118 per una scialpinista che si era fatta male. La 21enne era caduta in fase di discesa, riportando la probabile lussazione di una spalla. Recuperata dall&#8217;elicottero del Suem di Pieve di Cadore, la ragazza \u00e8 stata trasportata all&#8217;ospedale di Belluno.<\/p>\n<p>&nbsp;<\/p>\n<p>&nbsp;<\/p>\n<hr \/>\n<p>&nbsp;<\/p>\n<blockquote>\n<h3>INCIDENTE SUGLI SCI PER UN FIORENTINO SULLA PISTA NERA DEL BURZ<\/h3>\n<\/blockquote>\n<p><strong><a class=\"dt-pswp-item\" href=\"https:\/\/www.radiopiu.net\/wordpress\/wp-content\/uploads\/2022\/03\/6477e9e8-2d79-420e-918d-824ebef6284f.jpg\" data-dt-img-description=\"\" data-large_image_width=\"2000\" data-large_image_height=\"1500\"><img loading=\"lazy\" decoding=\"async\" class=\" wp-image-264422 alignleft\" src=\"https:\/\/www.radiopiu.net\/wordpress\/wp-content\/uploads\/2022\/03\/6477e9e8-2d79-420e-918d-824ebef6284f-300x225.jpg\" alt=\"\" width=\"163\" height=\"122\" srcset=\"https:\/\/www.radiopiu.net\/wordpress\/wp-content\/uploads\/2022\/03\/6477e9e8-2d79-420e-918d-824ebef6284f-300x225.jpg 300w, https:\/\/www.radiopiu.net\/wordpress\/wp-content\/uploads\/2022\/03\/6477e9e8-2d79-420e-918d-824ebef6284f-1024x768.jpg 1024w, https:\/\/www.radiopiu.net\/wordpress\/wp-content\/uploads\/2022\/03\/6477e9e8-2d79-420e-918d-824ebef6284f-768x576.jpg 768w, https:\/\/www.radiopiu.net\/wordpress\/wp-content\/uploads\/2022\/03\/6477e9e8-2d79-420e-918d-824ebef6284f-1536x1152.jpg 1536w, https:\/\/www.radiopiu.net\/wordpress\/wp-content\/uploads\/2022\/03\/6477e9e8-2d79-420e-918d-824ebef6284f.jpg 2000w\" sizes=\"auto, (max-width: 163px) 100vw, 163px\" \/><\/a>LIVINALLONGO<\/strong> Incidente sugli sci nel primo pomeriggio di sabato sulla pista nera del Burz del comprensorio Arabba Marmolada. L&#8217;allarme \u00e8 stato lanciato alle 14:15. L.B., 25 anni della provincia di Firenze, \u00e8 stato soccorso dopo una caduta autonoma. Intervenuto l&#8217;elisoccorso di Bressanone che ha portato l&#8217;infortunato all&#8217;ospedale di Bolzano. Per il giovane trauma cranico commotivo e trauma facciale lacerocontuso. Sul posto anche i Carabinieri.<\/p>\n<p>&nbsp;<\/p>\n<hr \/>\n<p>&nbsp;<\/p>\n<blockquote>\n<h3>INCENDIO A CASE BORTOT, IGNOTE LE CAUSE<\/h3>\n<\/blockquote>\n<p><strong>BELLUNO<\/strong> Brucia il deposito di attrezzi, circa le cause indagano i vigili del fuoco del Comando di Belluno. L&#8217;allarme ieri alle 15, dopo la telefonata da parte di un passante. Qualcuno avrebbe cercato di spegnere il fuoco con l&#8217;aiuto di un estintore, prima che i pompieri completassero l&#8217;opera. Nessun&#8217;altra struttura \u00e8 rimasta coinvolta. Nel ricovero, non c&#8217;era un impianto elettrico, e nessuno stava lavorando nelle vicinanze. Tutte le ipotesi rimangono aperte, compresa quella dolosa.<\/p>\n<p>&nbsp;<\/p>\n<p>&nbsp;<\/p>\n<hr \/>\n<p>&nbsp;<\/p>\n<blockquote>\n<h3>IL FLASH MOB PER LA PACE DI BORGO VALBELLUNA<\/h3>\n<\/blockquote>\n<p><strong>BORGO VALBELLUNA <\/strong>Un fiume di ragazzi, della secondaria di primo grado di Mel (130) e Lentiai (80), si \u00e8 riversato nelle due piazze di Borgo Valbelluna per un flash mob sulle note di \u201cGive Peace a Change\u201d di John Lennon. Accompagnati dai compagni dell\u2019indirizzo musicale i ragazzi e i loro docenti hanno messo in scena una coreografia che ha permesso di realizzare con cartelloni colorati una grande scritta W PACE. Tutto ci\u00f2 che noi diciamo \u00e8: offri una possibilit\u00e0 alla pace\u201d\u2026 Cos\u00ec cantava John Lennon, in \u201cGive Peace a Chance\u201d e cos\u00ec hanno cantato gli alunni per dar voce a quello che rappresenta a tutti gli effetti un vero e proprio inno alla Pace, oggi pi\u00f9 che mai necessario. La manifestazione ha voluto offrire agli alunni, ai docenti e alla popolazione locale un\u2019occasione di riflessione su quanto sta accadendo in questi giorni e al tempo stesso ha inteso essere un\u2019esortazione, proveniente dal mondo della scuola, a chiudere il conflitto militare in corso in Ucraina, che ha gi\u00e0 provocato migliaia di vittime, per perseguire la via dei negoziati e degli accordi internazionali.\u00a0All\u2019interno della scuola tale iniziativa trova ulteriore finalit\u00e0 nella realizzazione concreta dei percorsi di educazione alla pace e alla cittadinanza consapevole, come previsto dagli obiettivi dell\u2019Agenda 2030, in particolare dal traguardo 16, che mira a \u201cPromuovere societ\u00e0 pacifiche e inclusive\u201d, oltre che a \u201cgarantire a tutti l\u2019accesso alla giustizia\u201d.<\/p>\n\n\t\t\t<style type='text\/css'>\n\t\t\t\t#gallery-1 {\n\t\t\t\t\tmargin: auto;\n\t\t\t\t}\n\t\t\t\t#gallery-1 .gallery-item {\n\t\t\t\t\tfloat: left;\n\t\t\t\t\tmargin-top: 10px;\n\t\t\t\t\ttext-align: center;\n\t\t\t\t\twidth: 50%;\n\t\t\t\t}\n\t\t\t\t#gallery-1 img {\n\t\t\t\t\tborder: 2px solid #cfcfcf;\n\t\t\t\t}\n\t\t\t\t#gallery-1 .gallery-caption {\n\t\t\t\t\tmargin-left: 0;\n\t\t\t\t}\n\t\t\t\t\/* see gallery_shortcode() in wp-includes\/media.php *\/\n\t\t\t<\/style>\n\t\t<div id='gallery-1' class='dt-gallery-container gallery galleryid-264342 gallery-columns-2 gallery-size-medium'><dl class='gallery-item'>\n\t\t\t\t<dt class='gallery-icon landscape'>\n\t\t\t\t\t<a class=\"rollover rollover-zoom dt-pswp-item\" title=\"IMG_9265\" data-dt-img-description=\"\" data-large_image_width=\"2560\" data-large_image_height=\"1920\"href='https:\/\/www.radiopiu.net\/wordpress\/wp-content\/uploads\/2022\/03\/IMG_9265-scaled.jpg'><img loading=\"lazy\" decoding=\"async\" width=\"300\" height=\"225\" src=\"https:\/\/www.radiopiu.net\/wordpress\/wp-content\/uploads\/2022\/03\/IMG_9265-300x225.jpg\" class=\"attachment-medium size-medium\" alt=\"\" srcset=\"https:\/\/www.radiopiu.net\/wordpress\/wp-content\/uploads\/2022\/03\/IMG_9265-300x225.jpg 300w, https:\/\/www.radiopiu.net\/wordpress\/wp-content\/uploads\/2022\/03\/IMG_9265-1024x768.jpg 1024w, https:\/\/www.radiopiu.net\/wordpress\/wp-content\/uploads\/2022\/03\/IMG_9265-768x576.jpg 768w, https:\/\/www.radiopiu.net\/wordpress\/wp-content\/uploads\/2022\/03\/IMG_9265-1536x1152.jpg 1536w, https:\/\/www.radiopiu.net\/wordpress\/wp-content\/uploads\/2022\/03\/IMG_9265-2048x1536.jpg 2048w\" sizes=\"auto, (max-width: 300px) 100vw, 300px\" \/><\/a>\n\t\t\t\t<\/dt><\/dl><dl class='gallery-item'>\n\t\t\t\t<dt class='gallery-icon landscape'>\n\t\t\t\t\t<a class=\"rollover rollover-zoom dt-pswp-item\" title=\"IMG-4470\" data-dt-img-description=\"\" data-large_image_width=\"2560\" data-large_image_height=\"1920\"href='https:\/\/www.radiopiu.net\/wordpress\/wp-content\/uploads\/2022\/03\/IMG-4470-scaled.jpg'><img loading=\"lazy\" decoding=\"async\" width=\"300\" height=\"225\" src=\"https:\/\/www.radiopiu.net\/wordpress\/wp-content\/uploads\/2022\/03\/IMG-4470-300x225.jpg\" class=\"attachment-medium size-medium\" alt=\"\" srcset=\"https:\/\/www.radiopiu.net\/wordpress\/wp-content\/uploads\/2022\/03\/IMG-4470-300x225.jpg 300w, https:\/\/www.radiopiu.net\/wordpress\/wp-content\/uploads\/2022\/03\/IMG-4470-1024x768.jpg 1024w, https:\/\/www.radiopiu.net\/wordpress\/wp-content\/uploads\/2022\/03\/IMG-4470-768x576.jpg 768w, https:\/\/www.radiopiu.net\/wordpress\/wp-content\/uploads\/2022\/03\/IMG-4470-1536x1152.jpg 1536w, https:\/\/www.radiopiu.net\/wordpress\/wp-content\/uploads\/2022\/03\/IMG-4470-2048x1536.jpg 2048w\" sizes=\"auto, (max-width: 300px) 100vw, 300px\" \/><\/a>\n\t\t\t\t<\/dt><\/dl><br style=\"clear: both\" \/>\n\t\t\t<\/div>\n\n<p>&nbsp;<\/p>\n<hr \/>\n<p>&nbsp;<\/p>\n<blockquote>\n<h3>TERMINATI I LAVORI DI SICUREZZA IDRAULICA A VIGNOLE<\/h3>\n<\/blockquote>\n<p><strong><a class=\"dt-pswp-item\" href=\"https:\/\/www.radiopiu.net\/wordpress\/wp-content\/uploads\/2022\/03\/42bc75bd-cbd9-4a49-a67c-c758facb7c1e.jpg\" data-dt-img-description=\"\" data-large_image_width=\"2000\" data-large_image_height=\"1128\"><img loading=\"lazy\" decoding=\"async\" class=\"size-medium wp-image-264437 alignleft\" src=\"https:\/\/www.radiopiu.net\/wordpress\/wp-content\/uploads\/2022\/03\/42bc75bd-cbd9-4a49-a67c-c758facb7c1e-300x169.jpg\" alt=\"\" width=\"300\" height=\"169\" srcset=\"https:\/\/www.radiopiu.net\/wordpress\/wp-content\/uploads\/2022\/03\/42bc75bd-cbd9-4a49-a67c-c758facb7c1e-300x169.jpg 300w, https:\/\/www.radiopiu.net\/wordpress\/wp-content\/uploads\/2022\/03\/42bc75bd-cbd9-4a49-a67c-c758facb7c1e-1024x578.jpg 1024w, https:\/\/www.radiopiu.net\/wordpress\/wp-content\/uploads\/2022\/03\/42bc75bd-cbd9-4a49-a67c-c758facb7c1e-768x433.jpg 768w, https:\/\/www.radiopiu.net\/wordpress\/wp-content\/uploads\/2022\/03\/42bc75bd-cbd9-4a49-a67c-c758facb7c1e-1536x866.jpg 1536w, https:\/\/www.radiopiu.net\/wordpress\/wp-content\/uploads\/2022\/03\/42bc75bd-cbd9-4a49-a67c-c758facb7c1e.jpg 2000w\" sizes=\"auto, (max-width: 300px) 100vw, 300px\" \/><\/a>BELLUNO<\/strong><\/p>\n<p>di Moreno Gioli<\/p>\n<audio class=\"wp-audio-shortcode\" id=\"audio-264342-2\" preload=\"none\" style=\"width: 100%;\" controls=\"controls\"><source type=\"audio\/mpeg\" src=\"https:\/\/www.radiopiu.net\/wordpress\/wp-content\/uploads\/2022\/03\/GIOLI-VIGNOLE.mp3?_=2\" \/><a href=\"https:\/\/www.radiopiu.net\/wordpress\/wp-content\/uploads\/2022\/03\/GIOLI-VIGNOLE.mp3\">https:\/\/www.radiopiu.net\/wordpress\/wp-content\/uploads\/2022\/03\/GIOLI-VIGNOLE.mp3<\/a><\/audio>\n<p>&nbsp;<\/p>\n<p><strong>PAOLO VENDRAMINI, SINDACO DI PONTE NELLE ALPI<\/strong><\/p>\n<audio class=\"wp-audio-shortcode\" id=\"audio-264342-3\" preload=\"none\" style=\"width: 100%;\" controls=\"controls\"><source type=\"audio\/mpeg\" src=\"https:\/\/www.radiopiu.net\/wordpress\/wp-content\/uploads\/2022\/03\/gioli-intervista-1.mp3?_=3\" \/><a href=\"https:\/\/www.radiopiu.net\/wordpress\/wp-content\/uploads\/2022\/03\/gioli-intervista-1.mp3\">https:\/\/www.radiopiu.net\/wordpress\/wp-content\/uploads\/2022\/03\/gioli-intervista-1.mp3<\/a><\/audio>\n<p>&nbsp;<\/p>\n<p><strong>BIAGIO GIANNONE, ASSESSORE DEL COMUNE DI BELLUNO<\/strong><\/p>\n<audio class=\"wp-audio-shortcode\" id=\"audio-264342-4\" preload=\"none\" style=\"width: 100%;\" controls=\"controls\"><source type=\"audio\/mpeg\" src=\"https:\/\/www.radiopiu.net\/wordpress\/wp-content\/uploads\/2022\/03\/GIOLI-INTERVISTA-2.mp3?_=4\" \/><a href=\"https:\/\/www.radiopiu.net\/wordpress\/wp-content\/uploads\/2022\/03\/GIOLI-INTERVISTA-2.mp3\">https:\/\/www.radiopiu.net\/wordpress\/wp-content\/uploads\/2022\/03\/GIOLI-INTERVISTA-2.mp3<\/a><\/audio>\n<p>&nbsp;<\/p>\n<hr \/>\n<p>&nbsp;<\/p>\n<blockquote>\n<h3>APPROVATO LO STUDIO DI FATTIBILITA&#8217; PER LA SISTEMAZIONE DELLE TRIBUNE ALL&#8217;IVANO DORIGO<\/h3>\n<\/blockquote>\n<p><strong><a class=\"dt-pswp-item\" href=\"https:\/\/www.radiopiu.net\/wordpress\/wp-content\/uploads\/2020\/11\/IVANO-DORIGO-AGORDO.jpg\" data-dt-img-description=\"\" data-large_image_width=\"1024\" data-large_image_height=\"768\"><img loading=\"lazy\" decoding=\"async\" class=\"size-medium wp-image-169847 alignleft\" src=\"https:\/\/www.radiopiu.net\/wordpress\/wp-content\/uploads\/2020\/11\/IVANO-DORIGO-AGORDO-300x225.jpg\" alt=\"\" width=\"300\" height=\"225\" srcset=\"https:\/\/www.radiopiu.net\/wordpress\/wp-content\/uploads\/2020\/11\/IVANO-DORIGO-AGORDO-300x225.jpg 300w, https:\/\/www.radiopiu.net\/wordpress\/wp-content\/uploads\/2020\/11\/IVANO-DORIGO-AGORDO-768x576.jpg 768w, https:\/\/www.radiopiu.net\/wordpress\/wp-content\/uploads\/2020\/11\/IVANO-DORIGO-AGORDO.jpg 1024w\" sizes=\"auto, (max-width: 300px) 100vw, 300px\" \/><\/a>AGORDO<\/strong><\/p>\n<p>di Gianni Santomaso<\/p>\n<audio class=\"wp-audio-shortcode\" id=\"audio-264342-5\" preload=\"none\" style=\"width: 100%;\" controls=\"controls\"><source type=\"audio\/mpeg\" src=\"https:\/\/www.radiopiu.net\/wordpress\/wp-content\/uploads\/2022\/03\/GIANNI-STADIO-IVANO-DORIGO.mp3?_=5\" \/><a href=\"https:\/\/www.radiopiu.net\/wordpress\/wp-content\/uploads\/2022\/03\/GIANNI-STADIO-IVANO-DORIGO.mp3\">https:\/\/www.radiopiu.net\/wordpress\/wp-content\/uploads\/2022\/03\/GIANNI-STADIO-IVANO-DORIGO.mp3<\/a><\/audio>\n<p>&nbsp;<\/p>\n<hr \/>\n<p>&nbsp;<\/p>\n<blockquote class=\"wp-embedded-content\" data-secret=\"Sv28gY2DjJ\"><p><a href=\"https:\/\/www.radiopiu.net\/wordpress\/ag01marzo2213\/\">CORONAVIRUS: AGGIORNAMENTO NAZIONALE 13 MARZO 2022<\/a><\/p><\/blockquote>\n<p><iframe loading=\"lazy\" class=\"wp-embedded-content\" sandbox=\"allow-scripts\" security=\"restricted\" style=\"position: absolute; clip: rect(1px, 1px, 1px, 1px);\" title=\"&#8220;CORONAVIRUS: AGGIORNAMENTO NAZIONALE 13 MARZO 2022&#8221; &#8212; Radio Pi\u00f9\" src=\"https:\/\/www.radiopiu.net\/wordpress\/ag01marzo2213\/embed\/#?secret=Sv28gY2DjJ\" data-secret=\"Sv28gY2DjJ\" width=\"600\" height=\"338\" frameborder=\"0\" marginwidth=\"0\" marginheight=\"0\" scrolling=\"no\"><\/iframe><\/p>\n<p>&nbsp;<\/p>\n<blockquote class=\"wp-embedded-content\" data-secret=\"PJXOOwtIvJ\"><p><a href=\"https:\/\/www.radiopiu.net\/wordpress\/cinque-decessi-e-3870-nuovi-positivi-in-veneto-nelle-ultime-24-ore\/\">CINQUE DECESSI E 3870 NUOVI POSITIVI IN VENETO NELLE ULTIME 24 ORE. CALANO LEGGERMENTE I RICOVERI<\/a><\/p><\/blockquote>\n<p><iframe loading=\"lazy\" class=\"wp-embedded-content\" sandbox=\"allow-scripts\" security=\"restricted\" style=\"position: absolute; clip: rect(1px, 1px, 1px, 1px);\" title=\"&#8220;CINQUE DECESSI E 3870 NUOVI POSITIVI IN VENETO NELLE ULTIME 24 ORE. CALANO LEGGERMENTE I RICOVERI&#8221; &#8212; Radio Pi\u00f9\" src=\"https:\/\/www.radiopiu.net\/wordpress\/cinque-decessi-e-3870-nuovi-positivi-in-veneto-nelle-ultime-24-ore\/embed\/#?secret=PJXOOwtIvJ\" data-secret=\"PJXOOwtIvJ\" width=\"600\" height=\"338\" frameborder=\"0\" marginwidth=\"0\" marginheight=\"0\" scrolling=\"no\"><\/iframe><\/p>\n<p>&nbsp;<\/p>\n<h2>I GRAFICI DI TIZIANO DE COL<\/h2>\n\n\t\t\t<style type='text\/css'>\n\t\t\t\t#gallery-2 {\n\t\t\t\t\tmargin: auto;\n\t\t\t\t}\n\t\t\t\t#gallery-2 .gallery-item {\n\t\t\t\t\tfloat: left;\n\t\t\t\t\tmargin-top: 10px;\n\t\t\t\t\ttext-align: center;\n\t\t\t\t\twidth: 33%;\n\t\t\t\t}\n\t\t\t\t#gallery-2 img {\n\t\t\t\t\tborder: 2px solid #cfcfcf;\n\t\t\t\t}\n\t\t\t\t#gallery-2 .gallery-caption {\n\t\t\t\t\tmargin-left: 0;\n\t\t\t\t}\n\t\t\t\t\/* see gallery_shortcode() in wp-includes\/media.php *\/\n\t\t\t<\/style>\n\t\t<div id='gallery-2' class='dt-gallery-container gallery galleryid-264342 gallery-columns-3 gallery-size-thumbnail'><dl class='gallery-item'>\n\t\t\t\t<dt class='gallery-icon landscape'>\n\t\t\t\t\t<a class=\"rollover rollover-zoom dt-pswp-item\" title=\"22436a37-fbda-44e6-8022-a9ff11e226cc\" data-dt-img-description=\"\" data-large_image_width=\"595\" data-large_image_height=\"362\"href='https:\/\/www.radiopiu.net\/wordpress\/wp-content\/uploads\/2022\/03\/22436a37-fbda-44e6-8022-a9ff11e226cc.jpg'><img loading=\"lazy\" decoding=\"async\" width=\"150\" height=\"150\" src=\"https:\/\/www.radiopiu.net\/wordpress\/wp-content\/uploads\/2022\/03\/22436a37-fbda-44e6-8022-a9ff11e226cc-150x150.jpg\" class=\"attachment-thumbnail size-thumbnail\" alt=\"\" \/><\/a>\n\t\t\t\t<\/dt><\/dl><dl class='gallery-item'>\n\t\t\t\t<dt class='gallery-icon landscape'>\n\t\t\t\t\t<a class=\"rollover rollover-zoom dt-pswp-item\" title=\"01bad901-fdbd-4aa4-9938-9f63870db19b\" data-dt-img-description=\"\" data-large_image_width=\"601\" data-large_image_height=\"359\"href='https:\/\/www.radiopiu.net\/wordpress\/wp-content\/uploads\/2022\/03\/01bad901-fdbd-4aa4-9938-9f63870db19b.jpg'><img loading=\"lazy\" decoding=\"async\" width=\"150\" height=\"150\" src=\"https:\/\/www.radiopiu.net\/wordpress\/wp-content\/uploads\/2022\/03\/01bad901-fdbd-4aa4-9938-9f63870db19b-150x150.jpg\" class=\"attachment-thumbnail size-thumbnail\" alt=\"\" \/><\/a>\n\t\t\t\t<\/dt><\/dl><dl class='gallery-item'>\n\t\t\t\t<dt class='gallery-icon landscape'>\n\t\t\t\t\t<a class=\"rollover rollover-zoom dt-pswp-item\" title=\"f46e8550-fa98-431b-9de5-5c0e5e61aa03\" data-dt-img-description=\"\" data-large_image_width=\"622\" data-large_image_height=\"372\"href='https:\/\/www.radiopiu.net\/wordpress\/wp-content\/uploads\/2022\/03\/f46e8550-fa98-431b-9de5-5c0e5e61aa03.jpg'><img loading=\"lazy\" decoding=\"async\" width=\"150\" height=\"150\" src=\"https:\/\/www.radiopiu.net\/wordpress\/wp-content\/uploads\/2022\/03\/f46e8550-fa98-431b-9de5-5c0e5e61aa03-150x150.jpg\" class=\"attachment-thumbnail size-thumbnail\" alt=\"\" \/><\/a>\n\t\t\t\t<\/dt><\/dl><br style=\"clear: both\" \/><dl class='gallery-item'>\n\t\t\t\t<dt class='gallery-icon landscape'>\n\t\t\t\t\t<a class=\"rollover rollover-zoom dt-pswp-item\" title=\"e806c3b4-04e1-4953-85a2-7d384905dcf9\" data-dt-img-description=\"\" data-large_image_width=\"604\" data-large_image_height=\"354\"href='https:\/\/www.radiopiu.net\/wordpress\/wp-content\/uploads\/2022\/03\/e806c3b4-04e1-4953-85a2-7d384905dcf9.jpg'><img loading=\"lazy\" decoding=\"async\" width=\"150\" height=\"150\" src=\"https:\/\/www.radiopiu.net\/wordpress\/wp-content\/uploads\/2022\/03\/e806c3b4-04e1-4953-85a2-7d384905dcf9-150x150.jpg\" class=\"attachment-thumbnail size-thumbnail\" alt=\"\" \/><\/a>\n\t\t\t\t<\/dt><\/dl><dl class='gallery-item'>\n\t\t\t\t<dt class='gallery-icon landscape'>\n\t\t\t\t\t<a class=\"rollover rollover-zoom dt-pswp-item\" title=\"f882c38f-4c72-4da7-8f17-aa88e405aac4\" data-dt-img-description=\"\" data-large_image_width=\"612\" data-large_image_height=\"359\"href='https:\/\/www.radiopiu.net\/wordpress\/wp-content\/uploads\/2022\/03\/f882c38f-4c72-4da7-8f17-aa88e405aac4.jpg'><img loading=\"lazy\" decoding=\"async\" width=\"150\" height=\"150\" src=\"https:\/\/www.radiopiu.net\/wordpress\/wp-content\/uploads\/2022\/03\/f882c38f-4c72-4da7-8f17-aa88e405aac4-150x150.jpg\" class=\"attachment-thumbnail size-thumbnail\" alt=\"\" \/><\/a>\n\t\t\t\t<\/dt><\/dl><dl class='gallery-item'>\n\t\t\t\t<dt class='gallery-icon landscape'>\n\t\t\t\t\t<a class=\"rollover rollover-zoom dt-pswp-item\" title=\"5f3ab425-03f8-40bb-b7eb-f2c06197dc58\" data-dt-img-description=\"\" data-large_image_width=\"622\" data-large_image_height=\"375\"href='https:\/\/www.radiopiu.net\/wordpress\/wp-content\/uploads\/2022\/03\/5f3ab425-03f8-40bb-b7eb-f2c06197dc58.jpg'><img loading=\"lazy\" decoding=\"async\" width=\"150\" height=\"150\" src=\"https:\/\/www.radiopiu.net\/wordpress\/wp-content\/uploads\/2022\/03\/5f3ab425-03f8-40bb-b7eb-f2c06197dc58-150x150.jpg\" class=\"attachment-thumbnail size-thumbnail\" alt=\"\" \/><\/a>\n\t\t\t\t<\/dt><\/dl><br style=\"clear: both\" \/>\n\t\t\t<\/div>\n\n<p>&nbsp;<\/p>\n<hr \/>\n<p>&nbsp;<\/p>\n<blockquote>\n<h3>GIORNATA NAZIONALE DI EDUCAZIONE E PREVENZIONE CONTRO LA VIOLENZA NEI CONFRONTI DEGLI OPERATORI SANITARI E SOCIO-SANITARI<\/h3>\n<\/blockquote>\n<p><strong><a class=\"dt-pswp-item\" href=\"https:\/\/www.radiopiu.net\/wordpress\/wp-content\/uploads\/2021\/11\/INFERMIERE-OSS.png\" data-dt-img-description=\"\" data-large_image_width=\"1784\" data-large_image_height=\"1068\"><img loading=\"lazy\" decoding=\"async\" class=\"size-medium wp-image-242263 alignleft\" src=\"https:\/\/www.radiopiu.net\/wordpress\/wp-content\/uploads\/2021\/11\/INFERMIERE-OSS-300x180.png\" alt=\"\" width=\"300\" height=\"180\" srcset=\"https:\/\/www.radiopiu.net\/wordpress\/wp-content\/uploads\/2021\/11\/INFERMIERE-OSS-300x180.png 300w, https:\/\/www.radiopiu.net\/wordpress\/wp-content\/uploads\/2021\/11\/INFERMIERE-OSS-1024x613.png 1024w, https:\/\/www.radiopiu.net\/wordpress\/wp-content\/uploads\/2021\/11\/INFERMIERE-OSS-768x460.png 768w, https:\/\/www.radiopiu.net\/wordpress\/wp-content\/uploads\/2021\/11\/INFERMIERE-OSS-1536x920.png 1536w, https:\/\/www.radiopiu.net\/wordpress\/wp-content\/uploads\/2021\/11\/INFERMIERE-OSS.png 1784w\" sizes=\"auto, (max-width: 300px) 100vw, 300px\" \/><\/a>BELLUNO <\/strong>Istituita dalla Legge n. 113 del 14 agosto 2020,\u00a0 sabato 12 marzo, la giornata nazionale di educazione e prevenzione contro la violenza nei confronti degli operatori sanitari e socio-sanitari. Questa giornata nasce per diffondere una cultura che condanni ogni forma di violenza, sia verbale che fisica, nei confronti degli operatori della sanit\u00e0, un fenomeno ad oggi critico e in costante aumento. La sicurezza sul posto di lavoro \u00e8 un obiettivo perseguito nel tempo da Enti, Istituzioni e dai lavoratori stessi. Nel settore Sanit\u00e0 e Servizi Sociali, tra i rischi maggiormente ricorrenti, troviamo il rischio di aggressione e atti di violenza contro gli operatori sanitari. Questi eventi sono oggetto di grande attenzione sociale, scientifica e mediatica oltre a rappresentare un evento sentinella secondo le raccomandazioni del Ministero della Salute. Il Ministero della Salute monitora gli episodi di violenza commessi ai danni di chi esercita professioni sanitarie e socio-sanitarie e promuove la diffusione di buone prassi in materia di sicurezza degli stessi, anche nella forma del lavoro in equipe. La Regione Veneto, al fine di contribuire ad aumentare la sicurezza per gli operatori delle strutture sanitarie, ha predisposto un documento di indirizzo che vuole favorire un percorso di prevenzione nei confronti degli atti di violenza e di aggressivit\u00e0 contro gli operatori sanitari, individuando le aree pi\u00f9 critiche e implementando strategie di contenimento delle condizioni di rischio. In Ulss 1 Dolomiti sono attive alcune procedure per la prevenzione e la gestione dei casi di violenza ai danni degli operatori sanitari. Per i dipendenti sono stati creati degli strumenti utili per avere delle indicazioni su come gestire un paziente che manifesti aggressivit\u00e0 nei confronti dell\u2019operatore ed \u00e8 stato messo a disposizione uno sportello d\u2019ascolto. Inoltre, tramite il medico competente, pu\u00f2 essere richiesto un supporto psicologico. Con specifici corsi di formazione si vogliono anche aumentare le conoscenze degli operatori sanitari sui comportamenti da adottare in caso di episodi di aggressione o violenza nei loro confronti per capire come prevenirli e poterne ridurre gli effetti.<\/p>\n<p>&nbsp;<\/p>\n<p>&nbsp;<\/p>\n<hr \/>\n<p>&nbsp;<\/p>\n<blockquote>\n<h3>LISTE DI ATTESA: APPROVATO IL PIANO<\/h3>\n<\/blockquote>\n<p><strong><a class=\"dt-pswp-item\" href=\"https:\/\/www.radiopiu.net\/wordpress\/wp-content\/uploads\/2021\/03\/ULSS-1.jpg\" data-dt-img-description=\"\" data-large_image_width=\"776\" data-large_image_height=\"408\"><img loading=\"lazy\" decoding=\"async\" class=\"size-medium wp-image-198838 alignleft\" src=\"https:\/\/www.radiopiu.net\/wordpress\/wp-content\/uploads\/2021\/03\/ULSS-1-300x158.jpg\" alt=\"\" width=\"300\" height=\"158\" srcset=\"https:\/\/www.radiopiu.net\/wordpress\/wp-content\/uploads\/2021\/03\/ULSS-1-300x158.jpg 300w, https:\/\/www.radiopiu.net\/wordpress\/wp-content\/uploads\/2021\/03\/ULSS-1-768x404.jpg 768w, https:\/\/www.radiopiu.net\/wordpress\/wp-content\/uploads\/2021\/03\/ULSS-1.jpg 776w\" sizes=\"auto, (max-width: 300px) 100vw, 300px\" \/><\/a>BELLUNO <\/strong>L\u2019Ulss Dolomiti ha approvato il piano operativo per il recupero delle liste di attesa. Il piano prevede il mantenimento degli standard del 2019, pur nella difficolt\u00e0 di alcuni settori per la carenza di professionisti. Per quanti riguarda le prestazioni ambulatoriali, i principali strumenti che si intendono applicare sono i seguenti: &#8211; efficientamento delle agende ambulatoriali (es. pulizia delle liste di galleggiamento, possibilit\u00e0 di prenotazione in &#8220;overbooking&#8221;, sistema di alert e reminder ); &#8211; ampliamento dell\u2019offerta, tramite estensione dell\u2019orario delle agende e conseguente estensione dell\u2019orario di attivit\u00e0 ambulatoriale; &#8211; erogazione dei controlli e monitoraggio a distanza, tramite l\u2019utilizzo della telemedicina, laddove la prestazione lo consenta. Per raggiungere l\u2019obiettivo, si dovr\u00e0 ricorrere: all\u2019acquisizione di prestazioni aggiuntive Nel dettaglio, il piano prevede attivit\u00e0 aggiuntive a cura delle \u00e9quipe multi professionali dei reparti per aumentare l\u2019attuale produttivit\u00e0 sia per ricovero che ambulatoriale.<\/p>\n<p>&nbsp;<\/p>\n<p>&nbsp;<\/p>\n<hr \/>\n<p>&nbsp;<\/p>\n<blockquote>\n<h3>PECHINO 2022. ZAIA, \u201cMILANO CORTINA 2026 \u00c8 ORA PIU\u2019 VICINA&#8221;<\/h3>\n<\/blockquote>\n<p><strong><a class=\"dt-pswp-item\" href=\"https:\/\/www.radiopiu.net\/wordpress\/wp-content\/uploads\/2020\/11\/zaia.png\" data-dt-img-description=\"\" data-large_image_width=\"1430\" data-large_image_height=\"788\"><img loading=\"lazy\" decoding=\"async\" class=\"size-medium wp-image-172638 alignleft\" src=\"https:\/\/www.radiopiu.net\/wordpress\/wp-content\/uploads\/2020\/11\/zaia-300x165.png\" alt=\"\" width=\"300\" height=\"165\" srcset=\"https:\/\/www.radiopiu.net\/wordpress\/wp-content\/uploads\/2020\/11\/zaia-300x165.png 300w, https:\/\/www.radiopiu.net\/wordpress\/wp-content\/uploads\/2020\/11\/zaia-1024x564.png 1024w, https:\/\/www.radiopiu.net\/wordpress\/wp-content\/uploads\/2020\/11\/zaia-768x423.png 768w, https:\/\/www.radiopiu.net\/wordpress\/wp-content\/uploads\/2020\/11\/zaia.png 1430w\" sizes=\"auto, (max-width: 300px) 100vw, 300px\" \/><\/a>VENEZIA <\/strong>\u201cCon la cerimonia di chiusura delle Paralimpiadi di Pechino 2022 si apre ufficialmente l\u2019appuntamento di Milano Cortina 2026. Il viaggio \u00e8 iniziato, benvenuti a scoprire le bellezze dell\u2019Italia. Ora tocca a noi dimostrare di essere all\u2019altezza di questo impegno che punta tutto su un evento sportivo mondiale diffuso su 22mila chilometri quadrati, a basso impatto ambientale e tra iconiche vette naturali. Citt\u00e0 moderne assieme alle cime Dolomitiche Patrimonio dell\u2019Umanit\u00e0, tra quattro anni, accoglieranno un movimento di giovani che ha dimostrato, gi\u00e0 in questa edizione cinese, di saper guardare lontano, lottando con testa e cuore per conquistare medaglie di valore\u201d. Lo dice il Presidente della Regione del Veneto, Luca Zaia, al termine della cerimonia di chiusura delle Paralimpiadi di Pechino 2022, annunciando l\u2019inizio di quella che sar\u00e0 una Olimpiade italiana virtuosa, nella quale il Veneto, con sua la Regina delle Dolomiti intende dare prova della sua forza.<\/p>\n<p>&nbsp;<\/p>\n<p>&nbsp;<\/p>\n<hr \/>\n<p>&nbsp;<\/p>\n<blockquote>\n<h3>CONTRO IL RINCARO DEI CARBURANTI BOND CHIEDE MOZIONI IN TUTTI I CONSIGLI COMUNALI<\/h3>\n<\/blockquote>\n<p><strong><a class=\"dt-pswp-item\" href=\"https:\/\/www.radiopiu.net\/wordpress\/wp-content\/uploads\/2020\/05\/Dario-Bond.jpg\" data-dt-img-description=\"\" data-large_image_width=\"165\" data-large_image_height=\"228\"><img loading=\"lazy\" decoding=\"async\" class=\" wp-image-138833 alignleft\" src=\"https:\/\/www.radiopiu.net\/wordpress\/wp-content\/uploads\/2020\/05\/Dario-Bond.jpg\" alt=\"\" width=\"97\" height=\"134\" \/><\/a><\/strong><\/p>\n<p>&nbsp;<\/p>\n<p><strong>ROMA<\/strong> \u201c<em>Servono misure rapide e concrete contro il rincaro dei carburanti. Altrimenti famiglie e imprese resteranno sul lastrico<\/em>\u201d. Cos\u00ec in una nota il deputato Dario Bond<\/p>\n<p>&nbsp;<\/p>\n<audio class=\"wp-audio-shortcode\" id=\"audio-264342-6\" preload=\"none\" style=\"width: 100%;\" controls=\"controls\"><source type=\"audio\/mpeg\" src=\"https:\/\/www.radiopiu.net\/wordpress\/wp-content\/uploads\/2022\/03\/bond.mp3?_=6\" \/><a href=\"https:\/\/www.radiopiu.net\/wordpress\/wp-content\/uploads\/2022\/03\/bond.mp3\">https:\/\/www.radiopiu.net\/wordpress\/wp-content\/uploads\/2022\/03\/bond.mp3<\/a><\/audio>\n<p>&nbsp;<\/p>\n<p>&nbsp;<\/p>\n<hr \/>\n<p>&nbsp;<\/p>\n<blockquote>\n<h3>RINCARO CARBURANTI, CONFARTIGIANATO BELLUNO SCRIVE AI PARLAMENTARI CPER CHIEDERE UNA MANO<\/h3>\n<\/blockquote>\n<p><strong><a class=\"dt-pswp-item\" href=\"https:\/\/www.radiopiu.net\/wordpress\/wp-content\/uploads\/2020\/12\/CLAUDIA-SCARZANELLA-CONFARTIGIANATO.png\" data-dt-img-description=\"\" data-large_image_width=\"1042\" data-large_image_height=\"818\"><img loading=\"lazy\" decoding=\"async\" class=\" wp-image-182277 alignleft\" src=\"https:\/\/www.radiopiu.net\/wordpress\/wp-content\/uploads\/2020\/12\/CLAUDIA-SCARZANELLA-CONFARTIGIANATO-300x236.png\" alt=\"\" width=\"164\" height=\"129\" srcset=\"https:\/\/www.radiopiu.net\/wordpress\/wp-content\/uploads\/2020\/12\/CLAUDIA-SCARZANELLA-CONFARTIGIANATO-300x236.png 300w, https:\/\/www.radiopiu.net\/wordpress\/wp-content\/uploads\/2020\/12\/CLAUDIA-SCARZANELLA-CONFARTIGIANATO-1024x804.png 1024w, https:\/\/www.radiopiu.net\/wordpress\/wp-content\/uploads\/2020\/12\/CLAUDIA-SCARZANELLA-CONFARTIGIANATO-768x603.png 768w, https:\/\/www.radiopiu.net\/wordpress\/wp-content\/uploads\/2020\/12\/CLAUDIA-SCARZANELLA-CONFARTIGIANATO.png 1042w\" sizes=\"auto, (max-width: 164px) 100vw, 164px\" \/><\/a>BELLUNO <\/strong><em>\u00abIn questo momento servono azioni sinergiche per affrontare la crisi che deriva dalla guerra in Ucraina. Per questo chiediamo un aiuto per le imprese di trasporto, che rischiano di dover tenere fermi i mezzi a causa dell\u2019aumento del costo del gasolio. Le conseguenze si ripercuoterebbero su tutte le imprese e sulle famiglie, e non possiamo permettercelo\u00bb<\/em>. \u00c8 quanto scrive la presidente di Confartigianato Belluno Claudia Scarzanella in una lettera indirizzata a tutti i parlamentari bellunesi<\/p>\n<p>&nbsp;<\/p>\n<hr \/>\n<p>&nbsp;<\/p>\n<p>&nbsp;<\/p>\n<blockquote>\n<h3>LE PRO LOCO BELLUNESI PER IL TURISMO INCLUSIVO<\/h3>\n<\/blockquote>\n<p><strong><a class=\"dt-pswp-item\" href=\"https:\/\/www.radiopiu.net\/wordpress\/wp-content\/uploads\/2020\/12\/UNPLI.png\" data-dt-img-description=\"\" data-large_image_width=\"1066\" data-large_image_height=\"432\"><img loading=\"lazy\" decoding=\"async\" class=\" wp-image-178779 alignleft\" src=\"https:\/\/www.radiopiu.net\/wordpress\/wp-content\/uploads\/2020\/12\/UNPLI-300x122.png\" alt=\"\" width=\"246\" height=\"100\" srcset=\"https:\/\/www.radiopiu.net\/wordpress\/wp-content\/uploads\/2020\/12\/UNPLI-300x122.png 300w, https:\/\/www.radiopiu.net\/wordpress\/wp-content\/uploads\/2020\/12\/UNPLI-1024x415.png 1024w, https:\/\/www.radiopiu.net\/wordpress\/wp-content\/uploads\/2020\/12\/UNPLI-768x311.png 768w, https:\/\/www.radiopiu.net\/wordpress\/wp-content\/uploads\/2020\/12\/UNPLI.png 1066w\" sizes=\"auto, (max-width: 246px) 100vw, 246px\" \/><\/a>BELLUNO <\/strong>Creare una mappa degli eventi che possono fregiarsi del marchio dell\u2019accessibilit\u00e0, sensibilizzando sul tema i promotori e gli organizzatori delle manifestazioni locali. Questo l\u2019obiettivo del nuovo progetto denominato che vede coinvolte le Pro loco regionali. Aderisce all\u2019iniziativa anche l\u2019Unpli Belluno<\/p>\n<p>&nbsp;<\/p>\n<p>&nbsp;<\/p>\n<hr \/>\n<p>&nbsp;<\/p>\n<blockquote>\n<h3>DUNIO PICCOLIN PORTA IL GRAFFITO ALLA MEDIA DI PONTE NELLE ALPI<\/h3>\n<\/blockquote>\n<p><strong>PONTE NELLE ALPI<\/strong> Gli insegnanti con il preside Orietta Isotton hanno proposto il progetto in un luogo importante della scuola: la biblioteca. Sulla parete di oltre cinque metri per due ci ha messo l&#8217;arte Dunio Piccolin facendo squadra con i 21 alunni della 2^B, con lo scopo di dargli l&#8217;opportunit\u00e0 di lavorare a fianco di un artista di professione. Un&#8217;altro progetto firmato da Dunio nelle scuole con la tecnica del graffito: un&#8217;esperienza che si rinnova anche fuori delle mura di casa grazie al professore Federico Palazzin, tempo fa insegnante presso il plesso scolastico di Cencenighe, e proprio da Canale d&#8217;Agordo \u00e8 partita, nel 2007, un&#8217;esperienza analoga a quella di Canevoi.\u00a0 Un graffito di quasi 8 metri quadrati realizzato dall&#8217;8 al 12 marzo 2022 sul tema della Divina Commedia di Dante Alighieri. Una sfida quella degli oltre venti alunni di impreziosire la sala della biblioteca del plesso scolastico di Canevoi apprendendo la particolare tecnica del graffito, cio\u00e8 il graffiare le malte colorate con degli attrezzi e togliere la parte desiderata dell&#8217;intonaco fino a formare il disegno. \u00c8 ormai di casa Dunio a Canevoi con la quarta opera murale artistica, in una scuola ricca di arte dove spiccano le grandi opere ad affresco del Maestro trentino Riccardo Schweizer. Tra i prossimi appuntamenti con Dunio,ad &#8220;Agordo Paese del Graffito&#8221;.<\/p>\n\n\t\t\t<style type='text\/css'>\n\t\t\t\t#gallery-3 {\n\t\t\t\t\tmargin: auto;\n\t\t\t\t}\n\t\t\t\t#gallery-3 .gallery-item {\n\t\t\t\t\tfloat: left;\n\t\t\t\t\tmargin-top: 10px;\n\t\t\t\t\ttext-align: center;\n\t\t\t\t\twidth: 25%;\n\t\t\t\t}\n\t\t\t\t#gallery-3 img {\n\t\t\t\t\tborder: 2px solid #cfcfcf;\n\t\t\t\t}\n\t\t\t\t#gallery-3 .gallery-caption {\n\t\t\t\t\tmargin-left: 0;\n\t\t\t\t}\n\t\t\t\t\/* see gallery_shortcode() in wp-includes\/media.php *\/\n\t\t\t<\/style>\n\t\t<div id='gallery-3' class='dt-gallery-container gallery galleryid-264342 gallery-columns-4 gallery-size-thumbnail'><dl class='gallery-item'>\n\t\t\t\t<dt class='gallery-icon landscape'>\n\t\t\t\t\t<a class=\"rollover rollover-zoom dt-pswp-item\" title=\"b12200bb-33f3-4db0-ae1c-602adb87f1db\" data-dt-img-description=\"\" data-large_image_width=\"1924\" data-large_image_height=\"1536\"href='https:\/\/www.radiopiu.net\/wordpress\/wp-content\/uploads\/2022\/03\/b12200bb-33f3-4db0-ae1c-602adb87f1db.jpg'><img loading=\"lazy\" decoding=\"async\" width=\"150\" height=\"150\" src=\"https:\/\/www.radiopiu.net\/wordpress\/wp-content\/uploads\/2022\/03\/b12200bb-33f3-4db0-ae1c-602adb87f1db-150x150.jpg\" class=\"attachment-thumbnail size-thumbnail\" alt=\"\" \/><\/a>\n\t\t\t\t<\/dt><\/dl><dl class='gallery-item'>\n\t\t\t\t<dt class='gallery-icon portrait'>\n\t\t\t\t\t<a class=\"rollover rollover-zoom dt-pswp-item\" title=\"b1bfc610-00f0-4001-b019-44ff5b140bc1\" data-dt-img-description=\"\" data-large_image_width=\"1494\" data-large_image_height=\"1957\"href='https:\/\/www.radiopiu.net\/wordpress\/wp-content\/uploads\/2022\/03\/b1bfc610-00f0-4001-b019-44ff5b140bc1.jpg'><img loading=\"lazy\" decoding=\"async\" width=\"150\" height=\"150\" src=\"https:\/\/www.radiopiu.net\/wordpress\/wp-content\/uploads\/2022\/03\/b1bfc610-00f0-4001-b019-44ff5b140bc1-150x150.jpg\" class=\"attachment-thumbnail size-thumbnail\" alt=\"\" \/><\/a>\n\t\t\t\t<\/dt><\/dl><dl class='gallery-item'>\n\t\t\t\t<dt class='gallery-icon portrait'>\n\t\t\t\t\t<a class=\"rollover rollover-zoom dt-pswp-item\" title=\"ac62e565-2d35-4261-b2fd-7c646e652444\" data-dt-img-description=\"\" data-large_image_width=\"1451\" data-large_image_height=\"1843\"href='https:\/\/www.radiopiu.net\/wordpress\/wp-content\/uploads\/2022\/03\/ac62e565-2d35-4261-b2fd-7c646e652444.jpg'><img loading=\"lazy\" decoding=\"async\" width=\"150\" height=\"150\" src=\"https:\/\/www.radiopiu.net\/wordpress\/wp-content\/uploads\/2022\/03\/ac62e565-2d35-4261-b2fd-7c646e652444-150x150.jpg\" class=\"attachment-thumbnail size-thumbnail\" alt=\"\" \/><\/a>\n\t\t\t\t<\/dt><\/dl><dl class='gallery-item'>\n\t\t\t\t<dt class='gallery-icon portrait'>\n\t\t\t\t\t<a class=\"rollover rollover-zoom dt-pswp-item\" title=\"8bb326a5-ed2b-4e76-9fd4-9fa9296c0b7c\" data-dt-img-description=\"\" data-large_image_width=\"1296\" data-large_image_height=\"1703\"href='https:\/\/www.radiopiu.net\/wordpress\/wp-content\/uploads\/2022\/03\/8bb326a5-ed2b-4e76-9fd4-9fa9296c0b7c.jpg'><img loading=\"lazy\" decoding=\"async\" width=\"150\" height=\"150\" src=\"https:\/\/www.radiopiu.net\/wordpress\/wp-content\/uploads\/2022\/03\/8bb326a5-ed2b-4e76-9fd4-9fa9296c0b7c-150x150.jpg\" class=\"attachment-thumbnail size-thumbnail\" alt=\"\" \/><\/a>\n\t\t\t\t<\/dt><\/dl><br style=\"clear: both\" \/><dl class='gallery-item'>\n\t\t\t\t<dt class='gallery-icon portrait'>\n\t\t\t\t\t<a class=\"rollover rollover-zoom dt-pswp-item\" title=\"2a6872c7-61e2-4a75-8730-54dd79f660c6\" data-dt-img-description=\"\" data-large_image_width=\"1733\" data-large_image_height=\"2048\"href='https:\/\/www.radiopiu.net\/wordpress\/wp-content\/uploads\/2022\/03\/2a6872c7-61e2-4a75-8730-54dd79f660c6.jpg'><img loading=\"lazy\" decoding=\"async\" width=\"150\" height=\"150\" src=\"https:\/\/www.radiopiu.net\/wordpress\/wp-content\/uploads\/2022\/03\/2a6872c7-61e2-4a75-8730-54dd79f660c6-150x150.jpg\" class=\"attachment-thumbnail size-thumbnail\" alt=\"\" \/><\/a>\n\t\t\t\t<\/dt><\/dl><dl class='gallery-item'>\n\t\t\t\t<dt class='gallery-icon portrait'>\n\t\t\t\t\t<a class=\"rollover rollover-zoom dt-pswp-item\" title=\"a202c093-957c-4509-82e2-a0cb65abe5cc\" data-dt-img-description=\"\" data-large_image_width=\"1589\" data-large_image_height=\"2048\"href='https:\/\/www.radiopiu.net\/wordpress\/wp-content\/uploads\/2022\/03\/a202c093-957c-4509-82e2-a0cb65abe5cc.jpg'><img loading=\"lazy\" decoding=\"async\" width=\"150\" height=\"150\" src=\"https:\/\/www.radiopiu.net\/wordpress\/wp-content\/uploads\/2022\/03\/a202c093-957c-4509-82e2-a0cb65abe5cc-150x150.jpg\" class=\"attachment-thumbnail size-thumbnail\" alt=\"\" \/><\/a>\n\t\t\t\t<\/dt><\/dl><dl class='gallery-item'>\n\t\t\t\t<dt class='gallery-icon landscape'>\n\t\t\t\t\t<a class=\"rollover rollover-zoom dt-pswp-item\" title=\"e39be4bd-c20b-4609-8757-1ea03aeb9804\" data-dt-img-description=\"\" data-large_image_width=\"2048\" data-large_image_height=\"1894\"href='https:\/\/www.radiopiu.net\/wordpress\/wp-content\/uploads\/2022\/03\/e39be4bd-c20b-4609-8757-1ea03aeb9804.jpg'><img loading=\"lazy\" decoding=\"async\" width=\"150\" height=\"150\" src=\"https:\/\/www.radiopiu.net\/wordpress\/wp-content\/uploads\/2022\/03\/e39be4bd-c20b-4609-8757-1ea03aeb9804-150x150.jpg\" class=\"attachment-thumbnail size-thumbnail\" alt=\"\" \/><\/a>\n\t\t\t\t<\/dt><\/dl><dl class='gallery-item'>\n\t\t\t\t<dt class='gallery-icon landscape'>\n\t\t\t\t\t<a class=\"rollover rollover-zoom dt-pswp-item\" title=\"03de04ca-f013-4227-ae2c-4ee1af2de53a\" data-dt-img-description=\"\" data-large_image_width=\"2048\" data-large_image_height=\"1829\"href='https:\/\/www.radiopiu.net\/wordpress\/wp-content\/uploads\/2022\/03\/03de04ca-f013-4227-ae2c-4ee1af2de53a.jpg'><img loading=\"lazy\" decoding=\"async\" width=\"150\" height=\"150\" src=\"https:\/\/www.radiopiu.net\/wordpress\/wp-content\/uploads\/2022\/03\/03de04ca-f013-4227-ae2c-4ee1af2de53a-150x150.jpg\" class=\"attachment-thumbnail size-thumbnail\" alt=\"\" \/><\/a>\n\t\t\t\t<\/dt><\/dl><br style=\"clear: both\" \/>\n\t\t\t<\/div>\n\n<p>&nbsp;<\/p>\n<hr \/>\n<p>&nbsp;<\/p>\n<h2><span style=\"color: #ff0000;\"><strong><a class=\"dt-pswp-item\" href=\"https:\/\/www.radiopiu.net\/wordpress\/wp-content\/uploads\/2022\/03\/0-1.png\" data-dt-img-description=\"\" data-large_image_width=\"1083\" data-large_image_height=\"1080\"><img loading=\"lazy\" decoding=\"async\" class=\" wp-image-264644 alignleft\" src=\"https:\/\/www.radiopiu.net\/wordpress\/wp-content\/uploads\/2022\/03\/0-1-300x300.png\" alt=\"\" width=\"204\" height=\"204\" srcset=\"https:\/\/www.radiopiu.net\/wordpress\/wp-content\/uploads\/2022\/03\/0-1-300x300.png 300w, https:\/\/www.radiopiu.net\/wordpress\/wp-content\/uploads\/2022\/03\/0-1-1024x1021.png 1024w, https:\/\/www.radiopiu.net\/wordpress\/wp-content\/uploads\/2022\/03\/0-1-150x150.png 150w, https:\/\/www.radiopiu.net\/wordpress\/wp-content\/uploads\/2022\/03\/0-1-768x766.png 768w, https:\/\/www.radiopiu.net\/wordpress\/wp-content\/uploads\/2022\/03\/0-1.png 1083w\" sizes=\"auto, (max-width: 204px) 100vw, 204px\" \/><\/a>DAL CORRIERE DELLE ALPI<\/strong><\/span><\/h2>\n<h3>MARIA PALUA MEDINA, L&#8217;ARGENTINA ARRIVATA A CENCENIGHE PER CASO E ORA MAESTRA DI YOGA<\/h3>\n<p><strong>CENCENIGHE <\/strong>Come ogni lunedi Gianni Santomaso dalle pagine del Corriere delle Alpi racconta una storia, un personaggio, un pezzo di vita dell\u2019Agordino \u201cVivere l\u2019Agordino\u201d una raccolta spaccato di vita agordina con le immancabili vignette di Erica Andrich<\/p>\n<p><strong>di Gianni Santomaso<\/strong><\/p>\n<p>&nbsp;<\/p>\n<p>&nbsp;<\/p>\n<hr \/>\n<p>&nbsp;<\/p>\n<blockquote>\n<h3 class=\"entry-title\">RISCHIAMO LA STAGFLAZIONE. DOPO 16 GIORNI DI GUERRA, PREZZI BOOM NICKEL (+94%), GAS (+48%) GRANO(+30%)<\/h3>\n<\/blockquote>\n<p><em class=\"photoswipe-wrapper\"><a class=\"dt-pswp-item pspw-wrap-ready\" href=\"https:\/\/www.radiopiu.net\/wordpress\/wp-content\/uploads\/2022\/03\/Schermata-2022-03-12-alle-09.59.47.png\" data-dt-img-description=\"\" data-large_image_width=\"1326\" data-large_image_height=\"1272\"><img loading=\"lazy\" decoding=\"async\" class=\"alignleft size-medium wp-image-264377\" src=\"https:\/\/www.radiopiu.net\/wordpress\/wp-content\/uploads\/2022\/03\/Schermata-2022-03-12-alle-09.59.47-300x288.png\" sizes=\"auto, (max-width: 300px) 100vw, 300px\" srcset=\"https:\/\/www.radiopiu.net\/wordpress\/wp-content\/uploads\/2022\/03\/Schermata-2022-03-12-alle-09.59.47-300x288.png 300w, https:\/\/www.radiopiu.net\/wordpress\/wp-content\/uploads\/2022\/03\/Schermata-2022-03-12-alle-09.59.47-1024x982.png 1024w, https:\/\/www.radiopiu.net\/wordpress\/wp-content\/uploads\/2022\/03\/Schermata-2022-03-12-alle-09.59.47-768x737.png 768w, https:\/\/www.radiopiu.net\/wordpress\/wp-content\/uploads\/2022\/03\/Schermata-2022-03-12-alle-09.59.47.png 1326w\" alt=\"\" width=\"300\" height=\"288\" \/><\/a>Il rischio non \u00e8 immediato, ma il pericolo che la nostra economia stia scivolando lentamente verso questa tempesta perfetta \u00e8 molto elevato. Stiamo parlando della stagflazione, un termine ai pi\u00f9 sconosciuto, anche perch\u00e9 si manifesta raramente, ovvero quando ad una stagnazione economica si affianca un\u2019inflazione molto alta che fa impennare il tasso di disoccupazione. A dirlo \u00e8 l\u2019Ufficio studi della CGIA.<\/em><\/p>\n<p>Un quadro economico che potrebbe verificarsi anche in Italia, cos\u00ec come gi\u00e0 \u00e8 successo nella seconda met\u00e0 degli anni \u201970 del secolo scorso. Non nel 2022, anche se il trend sembra essere segnato: le difficolt\u00e0 legate alla post-pandemia, gli effetti della guerra in Ucraina, le sanzioni economiche alla Russia, l\u2019aumento dei prezzi delle materie prime e dei prodotti energetici rischiano, nel medio periodo, di spingere l\u2019economia verso una crescita pari a zero, con una inflazione che si avvierebbe a sfiorare le due cifre. Uno scenario che potrebbe rendere pressoch\u00e9 inefficaci persino i 235 miliardi di euro di investimenti previsti nei prossimi anni dal PNRR.<\/p>\n<p><strong>Bisogna tagliare le tasse e la spesa corrente<\/strong><br \/>\nContrastare la stagflazione \u00e8 un\u2019operazione estremamente complessa. Per invertire la spinta inflazionistica, gli esperti sostengono che le\u00a0banche centrali\u00a0dovrebbero contenere le misure espansive e aumentare i tassi di interesse, operazione che consentirebbe di diminuire la massa monetaria in circolazione. E\u2019 evidente che avendo un rapporto debito\/Pil tra i pi\u00f9 elevati al mondo, con l\u2019aumento dei tassi di interesse l\u2019Italia registrerebbe un deciso incremento del costo del debito pubblico. Altres\u00ec, bisognerebbe intervenire simultaneamente almeno su altri due versanti: in primo luogo, attraverso la drastica riduzione della spesa corrente e, in secondo luogo, con il taglio della pressione fiscale, unici strumenti efficaci in grado di stimolare i consumi e per questa via alimentare anche la domanda aggregata di beni e servizi. Operazioni, queste ultime, non facili da applicare in misura importante, almeno fino a quando non verr\u00e0 \u201crivisto\u201d il Patto di Stabilit\u00e0 a livello europeo.<\/p>\n<p><strong>Attenzione anche alla spirale \u201cprezzi-salari\u201d<\/strong><br \/>\nSu 992 contratti di lavoro depositati presso l\u2019Archivio nazionale dei contratti pubblici e privati del CNEL, al 31 dicembre scorso 622 risultavano scaduti (il 62,7 per cento). Segnaliamo che solo nella seconda parte del 2021, le associazioni datoriali assieme alle sigle sindacali ne hanno rinnovati 363. E\u2019 evidente che con un numero elevato di contratti da rinnovare, le \u201cresponsabilit\u00e0\u201d in capo alle parti sociali saranno importantissime. Con un\u2019inflazione che quest\u2019anno sfiorer\u00e0 il 4 per cento, dobbiamo assolutamente evitare di alimentare la spirale \u201cprezzi-salari\u201d che verso la fine degli anni \u201970 contribu\u00ec a far schizzare il caro vita a un livello superiore addirittura al 20 per cento. Cos\u00ec come in parte gi\u00e0 si sta facendo, con il rinnovo dei contratti nazionali va sviluppata maggiormente la contrattazione di secondo livello (territoriale o aziendale), potenziando, in particolar modo, il ricorso al welfare aziendale. Un istituto, quest\u2019ultimo, che pu\u00f2 svolgere un ruolo importante nel calmierare il caro-vita e allo stesso tempo gratificare, a costi pi\u00f9 contenuti di quelli offerti dal mercato, i bisogni di beni e servizi dei lavoratori e\/o delle loro famiglie.<\/p>\n<p><strong>L\u2019escalation dei prezzi delle materie prime<\/strong><br \/>\nCome era prevedibile, dopo 16 giorni dall\u2019inizio della guerra tra Russia e Ucraina, i prezzi delle principali materie prime sono schizzati all\u2019ins\u00f9, provocando non pochi problemi a tantissime imprese, molte delle quali erano gi\u00e0 fiaccate dagli effetti della pandemia che aveva contribuito a diminuire enormemente l\u2019offerta di una buona parte di questi materiali. Della dozzina di voci monitorate, quella che tra il 23 febbraio scorso e ieri ha subito la variazione di prezzo pi\u00f9 importante \u00e8 stato il nickel (+93,8 per cento). Seguono il gas (+48 per cento), il granoturco (+30,3 per cento), il frumento tenero (+29,2 per cento), l\u2019acciaio (+25,1 per cento) e il petrolio (+16,3 per cento). Con variazione negativa, invece, scorgiamo il piombo (-1,3 per cento) e lo stagno (-2,1 per cento) (vedi Tab.1).<\/p>\n<p><strong>L\u2019utilizzo e i Paesi di provenienza delle materie prime\/merci monitorate<\/strong><br \/>\n<strong>Acciaio<\/strong>: viene usato nell\u2019edilizia\/costruzioni, nelle infrastrutture, nell\u2019industria ferroviaria, nelle auto, nella costruzione delle piattaforme e trivelle, nella realizzazione degli impianti di estrazione, nelle tubazioni per l\u2019industria chimica e petrolifera, nella costruzione delle centrali elettriche, etc. I principali paesi produttori nel mondo sono: Cina, Giappone, India, USA, Russia e Corea del Sud.<br \/>\n<strong>Alluminio<\/strong>: viene utilizzato sia allo stato puro sia nelle leghe che forma con basse percentuali di rame, manganese, magnesio e altri componenti. Ciascuna lega presenta specifiche propriet\u00e0 che la rendono adatta per le testate dei motori, le biciclette, gli aerei, le imbarcazioni, le linee elettriche, gli imballaggi, le costruzioni, i radiatori, gli isolanti termici, gli elettrodomestici, i computer, etc. I principali produttori mondiali sono: Cina, Russia, India, Canada, Emirati Arabi e Australia.<br \/>\n<strong>Farina di soia<\/strong>: \u00e8 particolarmente indicata per la preparazione di impasti lievitati e non, dolci e salati, come pane, pizza, cornetti e brioches. Altres\u00ec, \u00e8 utilizzata come integratore proteico nell\u2019alimentazione del bestiame (bovini, suini e avicoli). I maggiori produttori al mondo di soia sono: USA, Brasile, Argentina, Cina, India e Paraguay.<br \/>\n<strong>Frumento<\/strong>: dalla trasformazione di questo prodotto si ottiene, in particolar modo, la farina, il pane e la pasta. I principali Paesi produttori al mondo sono: Cina, India, Russia, USA e Canada.<br \/>\n<strong>Granoturco<\/strong>: dalla lavorazione di questo prodotto si ottiene, in particolar modo, la polenta, il pop corn, l\u2019olio di mais, etc. Viene usato anche come alimento per galline, suini e mucche da latte. I principali Paesi produttori al mondo sono: USA, Cina, Brasile, Argentina e Ucraina.<br \/>\n<strong>Nickel<\/strong>: \u00e8 impiegato in siderurgia per produrre acciaio inox e serve per la realizzazione delle batterie delle auto elettriche e per altri sistemi di accumulo. Altres\u00ec, il metallo puro \u00e8 adoperato nella fabbricazione di utensili e nella preparazione di numerose leghe, tra le quali hanno grande importanza quelle con il ferro, rame, cromo, zinco, dotate di particolare resistenza alla corrosione, al calore o che presentano un basso coefficiente di dilatazione termica, elevata resistivit\u00e0 elettrica, etc. I principali paesi produttori del mondo sono: Indonesia, Filippine, Nuova caledonia, Russia e Canada.<br \/>\n<strong>Piombo<\/strong>: \u00e8 usato per la fabbricazione dei tubi per le condutture, di lastre usate nelle camere a piombo, per la confezione di recipienti, per l\u2019industria chimica, per la fabbricazione di piastre di accumulatori elettrici, per il rivestimento di cavi elettrici. Per il suo elevato potere assorbente nei riguardi di radiazioni ionizzanti \u00e8 usato per fabbricare recipienti schermati, guanti e indumenti radiologici, etc. I principali paesi estrattori del mondo sono la Cina, Australia, USA, Per\u00f9, Messico e Russia.<br \/>\n<strong>Rame<\/strong>: \u00e8 impiegato nei conduttori elettrici, nelle tubazioni o come catalizzatore \u2013 sia nelle leghe con altri metalli \u2013 dando origine a bronzi e ottoni. I principali paesi estrattori del mondo sono Cile, Cina, Per\u00f9, USA e Congo.<br \/>\n<strong>Stagno<\/strong>: \u00e8 utilizzato principalmente per ricoprire, a scopo protettivo, superfici di acciaio, di rame e di altri metalli, allo scopo di proteggerli dagli agenti atmosferici, o da altre sostanze, e di prevenirne l\u2019ossidazione, oppure \u00e8 usato in lega con il piombo per le saldature elettriche. I principali paesi estrattori del mondo sono: Cina, Indonesia, Myanmar, Per\u00f9, Bolivia e Brasile.<br \/>\n<strong>Zinco<\/strong>: viene usato soprattutto come rivestimento di lamiere, di materiali ferrosi e come componente di numerose leghe, in particolar modo l\u2019ottone e l\u2019argentana. Notevole \u00e8 anche l\u2019impiego del metallo come anodo di sacrificio per proteggere dalla corrosione grande strutture di acciaio interrate o immerse nell\u2019acqua. In medicina i sali di zinco sono usati come astringente e antisettico. I principali paesi estrattori del mondo sono: Cina, Australia, Per\u00f9, Canada, Usa e India.<\/p>\n<p>&nbsp;<\/p>\n<p>&nbsp;<\/p>\n<hr \/>\n<p>&nbsp;<\/p>\n<blockquote>\n<h3>L&#8217;AMMINISTRAZIONE COMUNALE PRONTA AD APPROVARE IL DOCUMENTO DEL SINDACO LUCA LORENZINI<\/h3>\n<\/blockquote>\n<p><strong><a class=\"dt-pswp-item\" href=\"https:\/\/www.radiopiu.net\/wordpress\/wp-content\/uploads\/2021\/10\/ea0ed47b-407c-4027-93db-a3732c851650.jpg\" data-dt-img-description=\"\" data-large_image_width=\"1920\" data-large_image_height=\"1080\"><img loading=\"lazy\" decoding=\"async\" class=\"wp-image-237908 alignleft\" src=\"https:\/\/www.radiopiu.net\/wordpress\/wp-content\/uploads\/2021\/10\/ea0ed47b-407c-4027-93db-a3732c851650-300x169.jpg\" alt=\"\" width=\"190\" height=\"107\" srcset=\"https:\/\/www.radiopiu.net\/wordpress\/wp-content\/uploads\/2021\/10\/ea0ed47b-407c-4027-93db-a3732c851650-300x169.jpg 300w, https:\/\/www.radiopiu.net\/wordpress\/wp-content\/uploads\/2021\/10\/ea0ed47b-407c-4027-93db-a3732c851650-1024x576.jpg 1024w, https:\/\/www.radiopiu.net\/wordpress\/wp-content\/uploads\/2021\/10\/ea0ed47b-407c-4027-93db-a3732c851650-768x432.jpg 768w, https:\/\/www.radiopiu.net\/wordpress\/wp-content\/uploads\/2021\/10\/ea0ed47b-407c-4027-93db-a3732c851650-1536x864.jpg 1536w, https:\/\/www.radiopiu.net\/wordpress\/wp-content\/uploads\/2021\/10\/ea0ed47b-407c-4027-93db-a3732c851650.jpg 1920w\" sizes=\"auto, (max-width: 190px) 100vw, 190px\" \/><\/a>SELVA DI CADORE<\/strong> L&#8217;approvazione del documento del piano degli interventi e del nuovo\u00a0 regolamento edilizio sono i due punti che apriranno il consiglio comunale che il sindaco Luca Lorenzini ha convocato per oggi alle 18. All&#8217;ordine del giorno anche l&#8217;alienazione di un terreno in localit\u00e0 Bernart, adozione della variante al prg e al bilancio di previsione, adesione all&#8217;Ipa del Cadore. Sono tre le interrogazioni della minoranza del consigliere Peretti: illuminazione delle gallerie lungo la provinciale 20 della Val Fiorentina; un&#8217;eventuale collaborazione con la Guardia di Finanza per far emergere eventuali falsi residenti come fatto ad Auronzo; mancanza di parcheggi a Passo Staulanza e mancata pulizia degli stessi lungo la sp251 tra Selva di Cadore e Forcella Staulanza.<\/p>\n<p>&nbsp;<\/p>\n<p>&nbsp;<\/p>\n<hr \/>\n<p>&nbsp;<\/p>\n<blockquote>\n<h3><a class=\"dt-pswp-item\" href=\"https:\/\/www.radiopiu.net\/wordpress\/wp-content\/uploads\/2021\/06\/TAIBON-3.jpg\" data-dt-img-description=\"\" data-large_image_width=\"960\" data-large_image_height=\"720\"><img loading=\"lazy\" decoding=\"async\" class=\"wp-image-214300 alignleft\" src=\"https:\/\/www.radiopiu.net\/wordpress\/wp-content\/uploads\/2021\/06\/TAIBON-3-300x225.jpg\" alt=\"\" width=\"181\" height=\"136\" srcset=\"https:\/\/www.radiopiu.net\/wordpress\/wp-content\/uploads\/2021\/06\/TAIBON-3-300x225.jpg 300w, https:\/\/www.radiopiu.net\/wordpress\/wp-content\/uploads\/2021\/06\/TAIBON-3-768x576.jpg 768w, https:\/\/www.radiopiu.net\/wordpress\/wp-content\/uploads\/2021\/06\/TAIBON-3.jpg 960w\" sizes=\"auto, (max-width: 181px) 100vw, 181px\" \/><\/a><\/h3>\n<h3>SONO DIECI I PUNTI DA DISCUTERE NEL CONSIGLIO COMUNALE DI TAIBON<\/h3>\n<\/blockquote>\n<p><strong>TAIBON<\/strong><\/p>\n<p><strong>di Gianni Santomaso<\/strong><\/p>\n<audio class=\"wp-audio-shortcode\" id=\"audio-264342-7\" preload=\"none\" style=\"width: 100%;\" controls=\"controls\"><source type=\"audio\/mpeg\" src=\"https:\/\/www.radiopiu.net\/wordpress\/wp-content\/uploads\/2022\/03\/GIANNI-CONSIGLIO-TAIBON.mp3?_=7\" \/><a href=\"https:\/\/www.radiopiu.net\/wordpress\/wp-content\/uploads\/2022\/03\/GIANNI-CONSIGLIO-TAIBON.mp3\">https:\/\/www.radiopiu.net\/wordpress\/wp-content\/uploads\/2022\/03\/GIANNI-CONSIGLIO-TAIBON.mp3<\/a><\/audio>\n<p>&nbsp;<\/p>\n<hr \/>\n<p>&nbsp;<\/p>\n<blockquote>\n<h3>CONCORSO PUBBLICO, PER TITOLI ED ESAMI, A 300 POSTI NELLA QUALIFICA DI VIGILE DEL FUOCO<\/h3>\n<\/blockquote>\n<p><strong>BELLUNO <\/strong>\u00c8 stato pubblicato il bando di concorso pubblico, per titoli ed esami, a 300 posti nella qualifica di Vigile del Fuoco del Corpo nazionale dei Vigili del Fuoco. La domanda di partecipazione al concorso deve essere compilata utilizzando la procedura informatica disponibile all&#8217;indirizzo\u00a0<a title=\"Vai al portale\" href=\"https:\/\/concorsionline.vigilfuoco.it\/\">https:\/\/concorsionline.vigilfuoco.it<\/a>, seguendo le istruzioni specificate, <u>dal 26 febbraio 2022 e fino al 28 marzo 2022<\/u>.<\/p>\n<p>&nbsp;<\/p>\n<p>&nbsp;<\/p>\n<hr \/>\n<p>&nbsp;<\/p>\n<blockquote>\n<blockquote>\n<h3>AD ARABBA IMPIANTI APERTI FINO A PASQUETTA<\/h3>\n<\/blockquote>\n<p><strong>LIVINALLONGO<\/strong> Impianti\u00a0 aperti fino al 18 Aprile: Porta Vescovo e Pordoi confermano il prolungamento della stagione invernale fino a Pasquetta. Anche durante una stagione piena d&#8217;incertezze e caratterizzata da condizioni meteorologiche non proprio favorevoli, la localit\u00e0 di Arabba tiene fede alla sua promessa di essere \u201cThe Place to Ski\u201d, la destinazione sciistica per eccellenza nelle Dolomiti.<\/p><\/blockquote>\n<p>&nbsp;<\/p>\n<hr \/>\n<p>&nbsp;<\/p>\n<p>&nbsp;<\/p>\n<blockquote>\n<h3><a class=\"dt-pswp-item\" href=\"https:\/\/www.radiopiu.net\/wordpress\/wp-content\/uploads\/2022\/03\/villa.jpg\" data-dt-img-description=\"\" data-large_image_width=\"330\" data-large_image_height=\"260\"><img loading=\"lazy\" decoding=\"async\" class=\"wp-image-264220 alignleft\" src=\"https:\/\/www.radiopiu.net\/wordpress\/wp-content\/uploads\/2022\/03\/villa-300x236.jpg\" alt=\"\" width=\"145\" height=\"114\" srcset=\"https:\/\/www.radiopiu.net\/wordpress\/wp-content\/uploads\/2022\/03\/villa-300x236.jpg 300w, https:\/\/www.radiopiu.net\/wordpress\/wp-content\/uploads\/2022\/03\/villa.jpg 330w\" sizes=\"auto, (max-width: 145px) 100vw, 145px\" \/><\/a>CAMMINATURALMENTE CON ANACLETO BORANGA<\/h3>\n<\/blockquote>\n<p>&nbsp;<\/p>\n<p><strong>BELLUNO<\/strong> Sabato 19 marzo camminata nell&#8217;itinerario naturalistico e ambientale di Villa Miari di Cugnac, Domenica 20 marzo alle Antiche Rogge lungo il Cordevole e domenica 27 marzo nel Bosco delle Castagne.\u00a0 Informazioni ed iscrizioni allo 0437 948093 entro le 12 del venerdi precedente l&#8217;evento.<\/p>\n\n\t\t\t<style type='text\/css'>\n\t\t\t\t#gallery-4 {\n\t\t\t\t\tmargin: auto;\n\t\t\t\t}\n\t\t\t\t#gallery-4 .gallery-item {\n\t\t\t\t\tfloat: left;\n\t\t\t\t\tmargin-top: 10px;\n\t\t\t\t\ttext-align: center;\n\t\t\t\t\twidth: 50%;\n\t\t\t\t}\n\t\t\t\t#gallery-4 img {\n\t\t\t\t\tborder: 2px solid #cfcfcf;\n\t\t\t\t}\n\t\t\t\t#gallery-4 .gallery-caption {\n\t\t\t\t\tmargin-left: 0;\n\t\t\t\t}\n\t\t\t\t\/* see gallery_shortcode() in wp-includes\/media.php *\/\n\t\t\t<\/style>\n\t\t<div id='gallery-4' class='dt-gallery-container gallery galleryid-264342 gallery-columns-2 gallery-size-thumbnail'><dl class='gallery-item'>\n\t\t\t\t<dt class='gallery-icon landscape'>\n\t\t\t\t\t<a class=\"rollover rollover-zoom dt-pswp-item\" title=\"miari\" data-dt-img-description=\"\" data-large_image_width=\"448\" data-large_image_height=\"319\"href='https:\/\/www.radiopiu.net\/wordpress\/wp-content\/uploads\/2022\/03\/miari.jpg'><img loading=\"lazy\" decoding=\"async\" width=\"150\" height=\"150\" src=\"https:\/\/www.radiopiu.net\/wordpress\/wp-content\/uploads\/2022\/03\/miari-150x150.jpg\" class=\"attachment-thumbnail size-thumbnail\" alt=\"\" \/><\/a>\n\t\t\t\t<\/dt><\/dl><dl class='gallery-item'>\n\t\t\t\t<dt class='gallery-icon landscape'>\n\t\t\t\t\t<a class=\"rollover rollover-zoom dt-pswp-item\" title=\"rovve\" data-dt-img-description=\"\" data-large_image_width=\"522\" data-large_image_height=\"196\"href='https:\/\/www.radiopiu.net\/wordpress\/wp-content\/uploads\/2022\/03\/rovve-1.jpg'><img loading=\"lazy\" decoding=\"async\" width=\"150\" height=\"150\" src=\"https:\/\/www.radiopiu.net\/wordpress\/wp-content\/uploads\/2022\/03\/rovve-1-150x150.jpg\" class=\"attachment-thumbnail size-thumbnail\" alt=\"\" \/><\/a>\n\t\t\t\t<\/dt><\/dl><br style=\"clear: both\" \/>\n\t\t\t<\/div>\n\n<p>&nbsp;<\/p>\n<p>&nbsp;<\/p>\n<p>&nbsp;<\/p>\n<hr \/>\n<p>&nbsp;<\/p>\n<blockquote>\n<h3>\u201cCONNESSI SENZA COMPLESSI\u201d: SUCCESSO OLTRE OGNI ASPETTATIVA PER IL NUOVO CORSO DEL CIRCOLO<\/h3>\n<\/blockquote>\n<p><strong>BELLUNO<\/strong> Il Circolo Cultura e Stampa Bellunese promuove il corso \u201cConnessi senza complessi&#8221;. La prima edizione, iniziata luned\u00ec, ha registrato il tutto esaurito in poche ore, tanto da spingere lo staff a programmarne subito una seconda. Per ulteriori informazioni contattare la Segreteria\u00a0 allo 0437948911, o via mail ad info@ccsb.it.<\/p>\n<p>&nbsp;<\/p>\n<hr \/>\n<p>&nbsp;<\/p>\n<blockquote>\n<h3>LA SIGNORA DELLA VAL DI FRELA BRUCERA&#8217; SUL BROI<\/h3>\n<p><strong><a class=\"dt-pswp-item\" href=\"https:\/\/www.radiopiu.net\/wordpress\/wp-content\/uploads\/2019\/03\/IMG-20190331-WA00631.jpg\" data-dt-img-description=\"La vecia Popa e il Centro\" data-large_image_width=\"1599\" data-large_image_height=\"1200\"><img loading=\"lazy\" decoding=\"async\" class=\"size-medium wp-image-81135 alignleft\" src=\"https:\/\/www.radiopiu.net\/wordpress\/wp-content\/uploads\/2019\/03\/IMG-20190331-WA00631-300x225.jpg\" alt=\"\" width=\"300\" height=\"225\" srcset=\"https:\/\/www.radiopiu.net\/wordpress\/wp-content\/uploads\/2019\/03\/IMG-20190331-WA00631-300x225.jpg 300w, https:\/\/www.radiopiu.net\/wordpress\/wp-content\/uploads\/2019\/03\/IMG-20190331-WA00631-768x576.jpg 768w, https:\/\/www.radiopiu.net\/wordpress\/wp-content\/uploads\/2019\/03\/IMG-20190331-WA00631-1024x768.jpg 1024w, https:\/\/www.radiopiu.net\/wordpress\/wp-content\/uploads\/2019\/03\/IMG-20190331-WA00631.jpg 1599w\" sizes=\"auto, (max-width: 300px) 100vw, 300px\" \/><\/a>DOMENICA 27 MARZO SUL BROI DI AGORDO, DOPO DUE ANNI IL RITORNO DELLA VECIA POPA, il sindaco Chissal\u00e8 ha gi\u00e0 firmato le ordinanze. Attesa per la lettura del testamento<\/strong><\/p>\n<p><em>&#8220;Ci eravamo lasciati qui nel 2019&#8230; Quest&#8217;anno la Vecia popa ritorna e tutti vestiti in maschera dai pi\u00f9 grandi ai piccini&#8221;. <\/em>Gi\u00e0 sono pronte le ordinanza per la viabilit\u00e0.\u00a0 Domenica 27 marzo vietata sosta e parcheggio in piazza della Libert\u00e0, lato Broi, in corso Patrioti ed in piazzale Guglielmo Marconi, sia davanti al palazzo municipale, che ai lati e sul retro del palazzo stesso, da mezzogiorno fino alle 18.Sar\u00e0 inoltre vietato il transito in piazzale Marconi ai mezzi non autorizzati dalle 14 alle 18. Dalle 14,30 alle 15,30 circa ci sar\u00e0 inoltre la temporanea sospensione del transito veicolare, al massimo per 10 minuti, in viale Sommariva, lungo via Insurrezione, via 27 Aprile 1945 e corso Patrioti durante la sfilata.<\/p><\/blockquote>\n<p>&nbsp;<\/p>\n<p>&nbsp;<\/p>\n<hr \/>\n<p>&nbsp;<\/p>\n<blockquote>\n<h3>SABATO 26 MARZO ALLE 18 L&#8217;ASSEMBLEA ANNUALE DEL CAI DI AGORDO<\/h3>\n<\/blockquote>\n<p><strong><a class=\"dt-pswp-item\" href=\"https:\/\/www.radiopiu.net\/wordpress\/wp-content\/uploads\/2020\/04\/cai-agordo.jpg\" data-dt-img-description=\"\" data-large_image_width=\"297\" data-large_image_height=\"170\"><img loading=\"lazy\" decoding=\"async\" class=\"size-full wp-image-127841 alignleft\" src=\"https:\/\/www.radiopiu.net\/wordpress\/wp-content\/uploads\/2020\/04\/cai-agordo.jpg\" alt=\"\" width=\"297\" height=\"170\" \/><\/a>AGORDO<\/strong><\/p>\n<p>di Gianni Santomaso<\/p>\n<audio class=\"wp-audio-shortcode\" id=\"audio-264342-8\" preload=\"none\" style=\"width: 100%;\" controls=\"controls\"><source type=\"audio\/mpeg\" src=\"https:\/\/www.radiopiu.net\/wordpress\/wp-content\/uploads\/2022\/03\/GIANNI-CAI-AGORDO.mp3?_=8\" \/><a href=\"https:\/\/www.radiopiu.net\/wordpress\/wp-content\/uploads\/2022\/03\/GIANNI-CAI-AGORDO.mp3\">https:\/\/www.radiopiu.net\/wordpress\/wp-content\/uploads\/2022\/03\/GIANNI-CAI-AGORDO.mp3<\/a><\/audio>\n<p>&nbsp;<\/p>\n<hr \/>\n<p>&nbsp;<\/p>\n<blockquote>\n<h3>DOMENICA A SAN GREGORIO NELLE ALPI &#8220;LA DIVINA IN-CANTA&#8221;<\/h3>\n<\/blockquote>\n<p><strong>SAN GREGORIO NELLE ALPI <\/strong>Domenica 20 marzo 2022 presso la Palestra Comunale di San Gregorio nelle Alpi la Compagnia Ana \u2013 Thema Teatro presenta \u201cLa Divina in-canta\u201d letture, pensieri e canzoni dalla Divina Commedia. Sono previsti due spettacoli, il primo alle 18.30 e il secondo alle 20.30. Prenotazione obbligatoria 346 4759362.<\/p>\n<p>&nbsp;<\/p>\n<p>&nbsp;<\/p>\n<hr \/>\n<p>&nbsp;<\/p>\n<blockquote>\n<h3>VENERDI&#8217; LA PRESENTAZIONE DEL LIBRO SU DON ELIO LARESE<\/h3>\n<\/blockquote>\n<p><strong>BELLUNO<\/strong> Venerd\u00ec 18 marzo ricorre il primo anniversario della scomparsa di don Elio Larese. La diocesi di Belluno-Feltre e il Liceo classico-scientifico \u201cLollino\u201d lo ricordano con due appuntamenti. Alle 17.00, nell\u2019aula magna del Seminario Gregoriano, verr\u00e0 presentato il libro \u201cUn chicco di grano \u2013 don Elio e noi\u201d. Di seguito, alle 18.30, in Cattedrale a Belluno, sar\u00e0 celebrata la santa Messa.<\/p>\n<p>&nbsp;<\/p>\n<p>&nbsp;<\/p>\n<hr \/>\n<p>&nbsp;<\/p>\n<blockquote>\n<h3>RINVENIMENTI ARCHEOLOGIGICI PRESSO IL CASAL DI COL CUGNAGO (CUGNACH) DI LA VALLE AGORDINA<\/h3>\n<\/blockquote>\n<p><strong>di Tiziano De Col<\/strong><\/p>\n<p>Da testimonianze raccolte il rinvenimento \u00e8 datato 1942. A seguito dello sradicamento di un albero posto sul lato sud-est del sasso, (probabilmente un ciliegio) dovuto a un forte vento, venne alla luce una sepoltura a doppia camera in muratura di sassi e calce con probabile pavimentazione in som\u00e0sa cio\u00e8 pietrisco, paglia e calce. La camera pi\u00f9 profonda era di pari lunghezza della superiore, ma pi\u00f9 stretta e stando al racconto di testimoni in essa erano contenuti resti umani e suppellettili (fibule, armille, pietre levigate forate facenti parte di collane). Testimoni riferiscono che si recarono in sopraluogo il Podest\u00e0 ed il Parroco e \u201cnon riscontrando segni di Cristianit\u00e0\u201d i resti ossei non furono traslati nel cimitero paesano, ma vennero lasciati in sito. Il proprietario del terreno esegu\u00ec degli scavi per cercare reperti di valore, mentre fibule e armille vennero scartate perch\u00e9 ritenute di poco interesse. La terra asportata e messa ai lati della sepoltura e fu riselezionata dai ragazzi del tempo che cercavano \u201cperle\u201d levigate per giocare a biglie e raccolsero le \u201cperle\u201d delle collane, le fibule e le armille. Don Ferdinando Tamis ebbe il merito di recuperare, presso le abitazioni dei ragazzi, una discreta quantit\u00e0 di oggetti che poi don\u00f2 all&#8217;Istituto Minerario di Agordo evitando la dispersione e dando a noi la possibilit\u00e0 di essere a conoscenza di questi ritrovamenti e di poterli osservare, mentre non ci \u00e8 dato sapere se il proprietario del terreno avesse rinvenuto altri oggetti. Non ci risulta sapere se, al tempo, la Sovrintendenza competente fosse stata informata del ritrovamento. Probabilmente il sito fu ri-livellato e la sepoltura, forse ormai compromessa fu ricoperta. Ora il sito \u00e8 coperto da vegetazione infestante, ma meriterebbe una riconsiderazione da parte della Autorit\u00e0 preposte.<br \/>\nL\u2019area del Sass di Cal\u00f2n \u00e8 perimetrata come Zona di Interesse Archeologico dagli strumenti urbanistici del Comune di La Valle dal 1991 in poi. I reperti furono poi datati da Guerrino Malagola come &#8220;altomedievali ed appartenenti alla popolazione autoctona romanizzata&#8221; e attribuibili ai secoli VI -VII d.C.. Alleghiamo copia della relazione \u201cNuovi reperti altomedievali dell\u2019 Agordino\u201d di Guerrino Malagola, pubblicata in Studi di Storia Patria del Friuli, che \u00e8 sicuramente interessante anche per la precisa descrizione dei reperti e per la loro analisi. Alleghiamo fotografie dei reperti di La Valle (Riparo Sass di Cal\u00f2n) di Don Ferdinando Tamis \u2013 Fotoriproduzioni di De Col Tiziano. La descrizione dei reperti \u00e8 consultabile nella relazione di G.Malagola allegata.<\/p>\n<p><strong>La copia della relazione \u201cNuovi reperti altomedievali dell\u2019 Agordino\u201d di Guerrino Malagola, pubblicata in Studi di Storia Patria del Friuli, che \u00e8 sicuramente interessante anche per la precisa descrizione dei reperti e per la loro analisi.<\/strong><\/p>\n\n\t\t\t<style type='text\/css'>\n\t\t\t\t#gallery-5 {\n\t\t\t\t\tmargin: auto;\n\t\t\t\t}\n\t\t\t\t#gallery-5 .gallery-item {\n\t\t\t\t\tfloat: left;\n\t\t\t\t\tmargin-top: 10px;\n\t\t\t\t\ttext-align: center;\n\t\t\t\t\twidth: 25%;\n\t\t\t\t}\n\t\t\t\t#gallery-5 img {\n\t\t\t\t\tborder: 2px solid #cfcfcf;\n\t\t\t\t}\n\t\t\t\t#gallery-5 .gallery-caption {\n\t\t\t\t\tmargin-left: 0;\n\t\t\t\t}\n\t\t\t\t\/* see gallery_shortcode() in wp-includes\/media.php *\/\n\t\t\t<\/style>\n\t\t<div id='gallery-5' class='dt-gallery-container gallery galleryid-264342 gallery-columns-4 gallery-size-thumbnail'><dl class='gallery-item'>\n\t\t\t\t<dt class='gallery-icon portrait'>\n\t\t\t\t\t<a class=\"rollover rollover-zoom dt-pswp-item\" title=\"pag1\" data-dt-img-description=\"\" data-large_image_width=\"798\" data-large_image_height=\"1155\"href='https:\/\/www.radiopiu.net\/wordpress\/wp-content\/uploads\/2022\/03\/pag1.jpg'><img loading=\"lazy\" decoding=\"async\" width=\"150\" height=\"150\" src=\"https:\/\/www.radiopiu.net\/wordpress\/wp-content\/uploads\/2022\/03\/pag1-150x150.jpg\" class=\"attachment-thumbnail size-thumbnail\" alt=\"\" \/><\/a>\n\t\t\t\t<\/dt><\/dl><dl class='gallery-item'>\n\t\t\t\t<dt class='gallery-icon landscape'>\n\t\t\t\t\t<a class=\"rollover rollover-zoom dt-pswp-item\" title=\"pag2\" data-dt-img-description=\"\" data-large_image_width=\"1155\" data-large_image_height=\"798\"href='https:\/\/www.radiopiu.net\/wordpress\/wp-content\/uploads\/2022\/03\/pag2.jpg'><img loading=\"lazy\" decoding=\"async\" width=\"150\" height=\"150\" src=\"https:\/\/www.radiopiu.net\/wordpress\/wp-content\/uploads\/2022\/03\/pag2-150x150.jpg\" class=\"attachment-thumbnail size-thumbnail\" alt=\"\" \/><\/a>\n\t\t\t\t<\/dt><\/dl><dl class='gallery-item'>\n\t\t\t\t<dt class='gallery-icon landscape'>\n\t\t\t\t\t<a class=\"rollover rollover-zoom dt-pswp-item\" title=\"pag3\" data-dt-img-description=\"\" data-large_image_width=\"1155\" data-large_image_height=\"798\"href='https:\/\/www.radiopiu.net\/wordpress\/wp-content\/uploads\/2022\/03\/pag3.jpg'><img loading=\"lazy\" decoding=\"async\" width=\"150\" height=\"150\" src=\"https:\/\/www.radiopiu.net\/wordpress\/wp-content\/uploads\/2022\/03\/pag3-150x150.jpg\" class=\"attachment-thumbnail size-thumbnail\" alt=\"\" \/><\/a>\n\t\t\t\t<\/dt><\/dl><dl class='gallery-item'>\n\t\t\t\t<dt class='gallery-icon landscape'>\n\t\t\t\t\t<a class=\"rollover rollover-zoom dt-pswp-item\" title=\"pag4\" data-dt-img-description=\"\" data-large_image_width=\"1170\" data-large_image_height=\"828\"href='https:\/\/www.radiopiu.net\/wordpress\/wp-content\/uploads\/2022\/03\/pag4.jpg'><img loading=\"lazy\" decoding=\"async\" width=\"150\" height=\"150\" src=\"https:\/\/www.radiopiu.net\/wordpress\/wp-content\/uploads\/2022\/03\/pag4-150x150.jpg\" class=\"attachment-thumbnail size-thumbnail\" alt=\"\" \/><\/a>\n\t\t\t\t<\/dt><\/dl><br style=\"clear: both\" \/><dl class='gallery-item'>\n\t\t\t\t<dt class='gallery-icon landscape'>\n\t\t\t\t\t<a class=\"rollover rollover-zoom dt-pswp-item\" title=\"pag5\" data-dt-img-description=\"\" data-large_image_width=\"1170\" data-large_image_height=\"828\"href='https:\/\/www.radiopiu.net\/wordpress\/wp-content\/uploads\/2022\/03\/pag5.jpg'><img loading=\"lazy\" decoding=\"async\" width=\"150\" height=\"150\" src=\"https:\/\/www.radiopiu.net\/wordpress\/wp-content\/uploads\/2022\/03\/pag5-150x150.jpg\" class=\"attachment-thumbnail size-thumbnail\" alt=\"\" \/><\/a>\n\t\t\t\t<\/dt><\/dl><dl class='gallery-item'>\n\t\t\t\t<dt class='gallery-icon landscape'>\n\t\t\t\t\t<a class=\"rollover rollover-zoom dt-pswp-item\" title=\"pag6\" data-dt-img-description=\"\" data-large_image_width=\"1170\" data-large_image_height=\"828\"href='https:\/\/www.radiopiu.net\/wordpress\/wp-content\/uploads\/2022\/03\/pag6.jpg'><img loading=\"lazy\" decoding=\"async\" width=\"150\" height=\"150\" src=\"https:\/\/www.radiopiu.net\/wordpress\/wp-content\/uploads\/2022\/03\/pag6-150x150.jpg\" class=\"attachment-thumbnail size-thumbnail\" alt=\"\" \/><\/a>\n\t\t\t\t<\/dt><\/dl><dl class='gallery-item'>\n\t\t\t\t<dt class='gallery-icon landscape'>\n\t\t\t\t\t<a class=\"rollover rollover-zoom dt-pswp-item\" title=\"pag7\" data-dt-img-description=\"\" data-large_image_width=\"1170\" data-large_image_height=\"828\"href='https:\/\/www.radiopiu.net\/wordpress\/wp-content\/uploads\/2022\/03\/pag7.jpg'><img loading=\"lazy\" decoding=\"async\" width=\"150\" height=\"150\" src=\"https:\/\/www.radiopiu.net\/wordpress\/wp-content\/uploads\/2022\/03\/pag7-150x150.jpg\" class=\"attachment-thumbnail size-thumbnail\" alt=\"\" \/><\/a>\n\t\t\t\t<\/dt><\/dl><dl class='gallery-item'>\n\t\t\t\t<dt class='gallery-icon landscape'>\n\t\t\t\t\t<a class=\"rollover rollover-zoom dt-pswp-item\" title=\"pag8\" data-dt-img-description=\"\" data-large_image_width=\"1170\" data-large_image_height=\"828\"href='https:\/\/www.radiopiu.net\/wordpress\/wp-content\/uploads\/2022\/03\/pag8.jpg'><img loading=\"lazy\" decoding=\"async\" width=\"150\" height=\"150\" src=\"https:\/\/www.radiopiu.net\/wordpress\/wp-content\/uploads\/2022\/03\/pag8-150x150.jpg\" class=\"attachment-thumbnail size-thumbnail\" alt=\"\" \/><\/a>\n\t\t\t\t<\/dt><\/dl><br style=\"clear: both\" \/><dl class='gallery-item'>\n\t\t\t\t<dt class='gallery-icon landscape'>\n\t\t\t\t\t<a class=\"rollover rollover-zoom dt-pswp-item\" title=\"pag9\" data-dt-img-description=\"\" data-large_image_width=\"1170\" data-large_image_height=\"828\"href='https:\/\/www.radiopiu.net\/wordpress\/wp-content\/uploads\/2022\/03\/pag9.jpg'><img loading=\"lazy\" decoding=\"async\" width=\"150\" height=\"150\" src=\"https:\/\/www.radiopiu.net\/wordpress\/wp-content\/uploads\/2022\/03\/pag9-150x150.jpg\" class=\"attachment-thumbnail size-thumbnail\" alt=\"\" \/><\/a>\n\t\t\t\t<\/dt><\/dl><dl class='gallery-item'>\n\t\t\t\t<dt class='gallery-icon landscape'>\n\t\t\t\t\t<a class=\"rollover rollover-zoom dt-pswp-item\" title=\"pag10\" data-dt-img-description=\"\" data-large_image_width=\"1170\" data-large_image_height=\"828\"href='https:\/\/www.radiopiu.net\/wordpress\/wp-content\/uploads\/2022\/03\/pag10.jpg'><img loading=\"lazy\" decoding=\"async\" width=\"150\" height=\"150\" src=\"https:\/\/www.radiopiu.net\/wordpress\/wp-content\/uploads\/2022\/03\/pag10-150x150.jpg\" class=\"attachment-thumbnail size-thumbnail\" alt=\"\" \/><\/a>\n\t\t\t\t<\/dt><\/dl><dl class='gallery-item'>\n\t\t\t\t<dt class='gallery-icon landscape'>\n\t\t\t\t\t<a class=\"rollover rollover-zoom dt-pswp-item\" title=\"pag11\" data-dt-img-description=\"\" data-large_image_width=\"1170\" data-large_image_height=\"828\"href='https:\/\/www.radiopiu.net\/wordpress\/wp-content\/uploads\/2022\/03\/pag11.jpg'><img loading=\"lazy\" decoding=\"async\" width=\"150\" height=\"150\" src=\"https:\/\/www.radiopiu.net\/wordpress\/wp-content\/uploads\/2022\/03\/pag11-150x150.jpg\" class=\"attachment-thumbnail size-thumbnail\" alt=\"\" \/><\/a>\n\t\t\t\t<\/dt><\/dl>\n\t\t\t\t<br style='clear: both' \/>\n\t\t\t<\/div>\n\n<p>&nbsp;<\/p>\n<p><strong>Le fotografie dei reperti di La Valle (Riparo Sass di Calon) di Don Ferdinando Tamis \u2013 Fotoriproduzioni di De Col Tiziano<\/strong><\/p>\n\n\t\t\t<style type='text\/css'>\n\t\t\t\t#gallery-6 {\n\t\t\t\t\tmargin: auto;\n\t\t\t\t}\n\t\t\t\t#gallery-6 .gallery-item {\n\t\t\t\t\tfloat: left;\n\t\t\t\t\tmargin-top: 10px;\n\t\t\t\t\ttext-align: center;\n\t\t\t\t\twidth: 33%;\n\t\t\t\t}\n\t\t\t\t#gallery-6 img {\n\t\t\t\t\tborder: 2px solid #cfcfcf;\n\t\t\t\t}\n\t\t\t\t#gallery-6 .gallery-caption {\n\t\t\t\t\tmargin-left: 0;\n\t\t\t\t}\n\t\t\t\t\/* see gallery_shortcode() in wp-includes\/media.php *\/\n\t\t\t<\/style>\n\t\t<div id='gallery-6' class='dt-gallery-container gallery galleryid-264342 gallery-columns-3 gallery-size-thumbnail'><dl class='gallery-item'>\n\t\t\t\t<dt class='gallery-icon landscape'>\n\t\t\t\t\t<a class=\"rollover rollover-zoom dt-pswp-item\" title=\"1\" data-dt-img-description=\"\" data-large_image_width=\"1020\" data-large_image_height=\"793\"href='https:\/\/www.radiopiu.net\/wordpress\/wp-content\/uploads\/2022\/03\/1-1.jpg'><img loading=\"lazy\" decoding=\"async\" width=\"150\" height=\"150\" src=\"https:\/\/www.radiopiu.net\/wordpress\/wp-content\/uploads\/2022\/03\/1-1-150x150.jpg\" class=\"attachment-thumbnail size-thumbnail\" alt=\"\" aria-describedby=\"gallery-6-264601\" \/><\/a>\n\t\t\t\t<\/dt>\n\t\t\t\t\t<dd class='wp-caption-text gallery-caption' id='gallery-6-264601'>\n\t\t\t\t\tIL PUNTO DEL RITROVAMENTO &#8211; SITO n 2.\n\t\t\t\t\t<\/dd><\/dl><dl class='gallery-item'>\n\t\t\t\t<dt class='gallery-icon portrait'>\n\t\t\t\t\t<a class=\"rollover rollover-zoom dt-pswp-item\" title=\"croce (1)\" data-dt-img-description=\"\" data-large_image_width=\"577\" data-large_image_height=\"668\"href='https:\/\/www.radiopiu.net\/wordpress\/wp-content\/uploads\/2022\/03\/croce-1.jpg'><img loading=\"lazy\" decoding=\"async\" width=\"150\" height=\"150\" src=\"https:\/\/www.radiopiu.net\/wordpress\/wp-content\/uploads\/2022\/03\/croce-1-150x150.jpg\" class=\"attachment-thumbnail size-thumbnail\" alt=\"\" aria-describedby=\"gallery-6-264603\" \/><\/a>\n\t\t\t\t<\/dt>\n\t\t\t\t\t<dd class='wp-caption-text gallery-caption' id='gallery-6-264603'>\n\t\t\t\t\tLA CROCE\n\t\t\t\t\t<\/dd><\/dl><dl class='gallery-item'>\n\t\t\t\t<dt class='gallery-icon portrait'>\n\t\t\t\t\t<a class=\"rollover rollover-zoom dt-pswp-item\" title=\"insieme1 (1)\" data-dt-img-description=\"\" data-large_image_width=\"638\" data-large_image_height=\"738\"href='https:\/\/www.radiopiu.net\/wordpress\/wp-content\/uploads\/2022\/03\/insieme1-1.jpg'><img loading=\"lazy\" decoding=\"async\" width=\"150\" height=\"150\" src=\"https:\/\/www.radiopiu.net\/wordpress\/wp-content\/uploads\/2022\/03\/insieme1-1-150x150.jpg\" class=\"attachment-thumbnail size-thumbnail\" alt=\"\" aria-describedby=\"gallery-6-264605\" \/><\/a>\n\t\t\t\t<\/dt>\n\t\t\t\t\t<dd class='wp-caption-text gallery-caption' id='gallery-6-264605'>\n\t\t\t\t\tL&#8217;INSIEME DEI RITROVAMENTI\n\t\t\t\t\t<\/dd><\/dl><br style=\"clear: both\" \/><dl class='gallery-item'>\n\t\t\t\t<dt class='gallery-icon portrait'>\n\t\t\t\t\t<a class=\"rollover rollover-zoom dt-pswp-item\" title=\"frontale\" data-dt-img-description=\"\" data-large_image_width=\"936\" data-large_image_height=\"1398\"href='https:\/\/www.radiopiu.net\/wordpress\/wp-content\/uploads\/2022\/03\/frontale.png'><img loading=\"lazy\" decoding=\"async\" width=\"150\" height=\"150\" src=\"https:\/\/www.radiopiu.net\/wordpress\/wp-content\/uploads\/2022\/03\/frontale-150x150.png\" class=\"attachment-thumbnail size-thumbnail\" alt=\"\" aria-describedby=\"gallery-6-264604\" \/><\/a>\n\t\t\t\t<\/dt>\n\t\t\t\t\t<dd class='wp-caption-text gallery-caption' id='gallery-6-264604'>\n\t\t\t\t\tRIPARO SASS CALON CON VISTA FRONTALE\n\t\t\t\t\t<\/dd><\/dl><dl class='gallery-item'>\n\t\t\t\t<dt class='gallery-icon portrait'>\n\t\t\t\t\t<a class=\"rollover rollover-zoom dt-pswp-item\" title=\"lato\" data-dt-img-description=\"\" data-large_image_width=\"926\" data-large_image_height=\"1412\"href='https:\/\/www.radiopiu.net\/wordpress\/wp-content\/uploads\/2022\/03\/lato-1.png'><img loading=\"lazy\" decoding=\"async\" width=\"150\" height=\"150\" src=\"https:\/\/www.radiopiu.net\/wordpress\/wp-content\/uploads\/2022\/03\/lato-1-150x150.png\" class=\"attachment-thumbnail size-thumbnail\" alt=\"\" aria-describedby=\"gallery-6-264607\" \/><\/a>\n\t\t\t\t<\/dt>\n\t\t\t\t\t<dd class='wp-caption-text gallery-caption' id='gallery-6-264607'>\n\t\t\t\t\tRIPARO SASS CALON CON VISTA DI LATO\n\t\t\t\t\t<\/dd><\/dl>\n\t\t\t\t<br style='clear: both' \/>\n\t\t\t<\/div>\n\n<p>&nbsp;<\/p>\n<hr \/>\n<p>&nbsp;<\/p>\n<h2><span style=\"color: #ff0000;\">IERI ALLA RADIO\u00a0<\/span><\/h2>\n<h2><strong><a class=\"dt-pswp-item\" href=\"https:\/\/www.radiopiu.net\/wordpress\/wp-content\/uploads\/2020\/12\/DON-GIORGIO-LISE.jpg\" data-dt-img-description=\"\" data-large_image_width=\"1600\" data-large_image_height=\"901\"><img loading=\"lazy\" decoding=\"async\" class=\"size-medium wp-image-177420 alignleft\" src=\"https:\/\/www.radiopiu.net\/wordpress\/wp-content\/uploads\/2020\/12\/DON-GIORGIO-LISE-300x169.jpg\" alt=\"\" width=\"300\" height=\"169\" srcset=\"https:\/\/www.radiopiu.net\/wordpress\/wp-content\/uploads\/2020\/12\/DON-GIORGIO-LISE-300x169.jpg 300w, https:\/\/www.radiopiu.net\/wordpress\/wp-content\/uploads\/2020\/12\/DON-GIORGIO-LISE-1024x577.jpg 1024w, https:\/\/www.radiopiu.net\/wordpress\/wp-content\/uploads\/2020\/12\/DON-GIORGIO-LISE-768x432.jpg 768w, https:\/\/www.radiopiu.net\/wordpress\/wp-content\/uploads\/2020\/12\/DON-GIORGIO-LISE-1536x865.jpg 1536w, https:\/\/www.radiopiu.net\/wordpress\/wp-content\/uploads\/2020\/12\/DON-GIORGIO-LISE.jpg 1600w\" sizes=\"auto, (max-width: 300px) 100vw, 300px\" \/><\/a><\/strong><span style=\"color: #800080;\">DUE MINUTI PER TE<\/span><\/h2>\n<p><strong>APPUNTAMENTO DELLA DOMENICA CON DON GIORGIO LISE<\/strong><\/p>\n<audio class=\"wp-audio-shortcode\" id=\"audio-264342-9\" preload=\"none\" style=\"width: 100%;\" controls=\"controls\"><source type=\"audio\/mpeg\" src=\"https:\/\/www.radiopiu.net\/wordpress\/wp-content\/uploads\/2022\/03\/DON-GIORGIO-1.mp3?_=9\" \/><a href=\"https:\/\/www.radiopiu.net\/wordpress\/wp-content\/uploads\/2022\/03\/DON-GIORGIO-1.mp3\">https:\/\/www.radiopiu.net\/wordpress\/wp-content\/uploads\/2022\/03\/DON-GIORGIO-1.mp3<\/a><\/audio>\n<p>&nbsp;<\/p>\n<hr \/>\n<p>&nbsp;<\/p>\n<p><strong>TUTTI I LUNEDI ALLE 10,30 E 1900, LA DOMENICA ALLE 8 007 IN CONDOTTA, LA SCUOLA CON LA PROF. MARIA ROSA SALMAZO E CLAUDIO FONTANIVE, IN PODCAST TUTTE LE PUNTATE DELLE ULTIME STAGIONI.<\/strong><\/p>\n<p>&nbsp;<\/p>\n<blockquote class=\"wp-embedded-content\" data-secret=\"smNIiWa9Uj\"><p><a href=\"https:\/\/www.radiopiu.net\/wordpress\/007incondotta-9\/\">007 in condotta<\/a><\/p><\/blockquote>\n<p><iframe loading=\"lazy\" class=\"wp-embedded-content\" sandbox=\"allow-scripts\" security=\"restricted\" style=\"position: absolute; clip: rect(1px, 1px, 1px, 1px);\" title=\"&#8220;007 in condotta&#8221; &#8212; Radio Pi\u00f9\" src=\"https:\/\/www.radiopiu.net\/wordpress\/007incondotta-9\/embed\/#?secret=smNIiWa9Uj\" data-secret=\"smNIiWa9Uj\" width=\"600\" height=\"338\" frameborder=\"0\" marginwidth=\"0\" marginheight=\"0\" scrolling=\"no\"><\/iframe><\/p>\n<p>&nbsp;<\/p>\n<p>&nbsp;<\/p>\n<hr \/>\n<p>&nbsp;<\/p>\n<p>&nbsp;<\/p>\n<div>\n<div class=\"b654a4as d2edcug0\">\n<div class=\"rq0escxv hkbzh7o3 jwdofwj8 n8tt0mok r8blr3vg hyh9befq\">\n<p><a class=\"dt-pswp-item\" href=\"https:\/\/www.radiopiu.net\/wordpress\/wp-content\/uploads\/2020\/10\/pp.jpg\" data-dt-img-description=\"\" data-large_image_width=\"640\" data-large_image_height=\"640\"><img loading=\"lazy\" decoding=\"async\" class=\"wp-image-163678 alignleft\" src=\"https:\/\/www.radiopiu.net\/wordpress\/wp-content\/uploads\/2020\/10\/pp-300x300.jpg\" alt=\"\" width=\"106\" height=\"106\" srcset=\"https:\/\/www.radiopiu.net\/wordpress\/wp-content\/uploads\/2020\/10\/pp-300x300.jpg 300w, https:\/\/www.radiopiu.net\/wordpress\/wp-content\/uploads\/2020\/10\/pp-150x150.jpg 150w, https:\/\/www.radiopiu.net\/wordpress\/wp-content\/uploads\/2020\/10\/pp-125x125.jpg 125w, https:\/\/www.radiopiu.net\/wordpress\/wp-content\/uploads\/2020\/10\/pp-200x200.jpg 200w, https:\/\/www.radiopiu.net\/wordpress\/wp-content\/uploads\/2020\/10\/pp-80x80.jpg 80w, https:\/\/www.radiopiu.net\/wordpress\/wp-content\/uploads\/2020\/10\/pp-480x480.jpg 480w, https:\/\/www.radiopiu.net\/wordpress\/wp-content\/uploads\/2020\/10\/pp.jpg 640w\" sizes=\"auto, (max-width: 106px) 100vw, 106px\" \/><\/a><\/p>\n<\/div>\n<\/div>\n<\/div>\n<div>\n<div class=\"page-title-head hgroup\">\n<div class=\"page-title-head hgroup\">\n<div class=\"b654a4as d2edcug0\">\n<div class=\"j83agx80 btwxx1t3 lhclo0ds hop8lmos nkwizq5d scwd0bx6 roh60bw9\">\n<div class=\"rq0escxv hkbzh7o3 jwdofwj8 n8tt0mok r8blr3vg hyh9befq\">\n<div class=\"do00u71z l9j0dhe7 k4urcfbm\">\n<h2><span style=\"color: #000080;\">\u00a0<\/span><span style=\"color: #000080;\">DON CESARE, IL PENSIERO DEL GIORNO. ALLA RADIO ALLE 7 DEL MATTINO E ALLE 19.30 DELLA SERA.\u00a0<\/span><\/h2>\n<p>&nbsp;<\/p>\n<\/div>\n<\/div>\n<\/div>\n<\/div>\n<\/div>\n<\/div>\n<\/div>\n<audio class=\"wp-audio-shortcode\" id=\"audio-264342-10\" preload=\"none\" style=\"width: 100%;\" controls=\"controls\"><source type=\"audio\/mpeg\" src=\"https:\/\/www.radiopiu.net\/wordpress\/wp-content\/uploads\/2022\/03\/cesare-5.mp3?_=10\" \/><a href=\"https:\/\/www.radiopiu.net\/wordpress\/wp-content\/uploads\/2022\/03\/cesare-5.mp3\">https:\/\/www.radiopiu.net\/wordpress\/wp-content\/uploads\/2022\/03\/cesare-5.mp3<\/a><\/audio>\n<hr \/>\n<p>&nbsp;<\/p>\n<h3 class=\"kvgmc6g5 cxmmr5t8 oygrvhab hcukyx3x c1et5uql\"><span style=\"color: #0000ff;\"><strong>INFORMAZIONE il canale su TELEGRAM informazione di prima mano e in tempo reale. iscriviti ed aiutaci a farlo conoscere\u00a0\u00a0<\/strong><\/span><\/h3>\n<p>&nbsp;<\/p>\n<p>&nbsp;<\/p>\n<hr \/>\n<p>&nbsp;<\/p>\n<div class=\"do00u71z l9j0dhe7 k4urcfbm\">\n<div class=\"page-title-head hgroup\">\n<div class=\"page-title-head hgroup\">\n<div class=\"b654a4as d2edcug0\">\n<div class=\"j83agx80 btwxx1t3 lhclo0ds hop8lmos nkwizq5d scwd0bx6 roh60bw9\">\n<div class=\"rq0escxv hkbzh7o3 jwdofwj8 n8tt0mok r8blr3vg hyh9befq\">\n<div class=\"do00u71z l9j0dhe7 k4urcfbm\">\n<div class=\"page-title-head hgroup\">\n<div class=\"page-title-head hgroup\">\n<div class=\"b654a4as d2edcug0\">\n<div class=\"j83agx80 btwxx1t3 lhclo0ds hop8lmos nkwizq5d scwd0bx6 roh60bw9\">\n<div class=\"rq0escxv hkbzh7o3 jwdofwj8 n8tt0mok r8blr3vg hyh9befq\">\n<div class=\"do00u71z l9j0dhe7 k4urcfbm\">\n<div class=\"ecm0bbzt e5nlhep0 a8c37x1j\">\n<div class=\"kvgmc6g5 cxmmr5t8 oygrvhab hcukyx3x c1et5uql\">\n<div class=\"gmail-kvgmc6g5 gmail-cxmmr5t8 gmail-oygrvhab gmail-hcukyx3x gmail-c1et5uql gmail-ii04i59q\">\n<div class=\"page-title-head hgroup\">\n<div class=\"page-title-head hgroup\">\n<div class=\"b654a4as d2edcug0\">\n<div class=\"j83agx80 btwxx1t3 lhclo0ds hop8lmos nkwizq5d scwd0bx6 roh60bw9\">\n<div class=\"rq0escxv hkbzh7o3 jwdofwj8 n8tt0mok r8blr3vg hyh9befq\">\n<div class=\"do00u71z l9j0dhe7 k4urcfbm\">\n<div class=\"page-title-head hgroup\">\n<div class=\"page-title-head hgroup\">\n<div class=\"b654a4as d2edcug0\">\n<div class=\"j83agx80 btwxx1t3 lhclo0ds hop8lmos nkwizq5d scwd0bx6 roh60bw9\">\n<div class=\"rq0escxv hkbzh7o3 jwdofwj8 n8tt0mok r8blr3vg hyh9befq\">\n<div class=\"do00u71z l9j0dhe7 k4urcfbm\">\n<div class=\"page-title-head hgroup\">\n<div class=\"page-title-head hgroup\">\n<div class=\"b654a4as d2edcug0\">\n<div class=\"j83agx80 btwxx1t3 lhclo0ds hop8lmos nkwizq5d scwd0bx6 roh60bw9\">\n<div class=\"rq0escxv hkbzh7o3 jwdofwj8 n8tt0mok r8blr3vg hyh9befq\">\n<div class=\"do00u71z l9j0dhe7 k4urcfbm\">\n<div class=\"ecm0bbzt e5nlhep0 a8c37x1j\">\n<div class=\"kvgmc6g5 cxmmr5t8 oygrvhab hcukyx3x c1et5uql\">\n<div class=\"gmail-kvgmc6g5 gmail-cxmmr5t8 gmail-oygrvhab gmail-hcukyx3x gmail-c1et5uql gmail-ii04i59q\">\n<div class=\"page-title-head hgroup\">\n<div class=\"page-title-head hgroup\">\n<div class=\"b654a4as d2edcug0\">\n<div class=\"j83agx80 btwxx1t3 lhclo0ds hop8lmos nkwizq5d scwd0bx6 roh60bw9\">\n<div class=\"rq0escxv hkbzh7o3 jwdofwj8 n8tt0mok r8blr3vg hyh9befq\">\n<div class=\"do00u71z l9j0dhe7 k4urcfbm\">\n<blockquote>\n<h3><span style=\"color: #ff0000;\">IN VIVO VERSO, SETTIMA STAGIONE CON BRUNELLA MORO, DAL LUNEDI AL VENERDI ALLE 7.10, 10.10 E 18.50\u00a0\u00a0<\/span><\/h3>\n<\/blockquote>\n<p>&nbsp;<\/p>\n<p><strong>LA RACCOLTA COMPLETA<\/strong><\/p>\n<blockquote class=\"wp-embedded-content\" data-secret=\"jLd0DRVqlW\"><p><a href=\"https:\/\/www.radiopiu.net\/wordpress\/in-vivo-verso\/\">In Vivo Verso<\/a><\/p><\/blockquote>\n<p><iframe loading=\"lazy\" class=\"wp-embedded-content\" sandbox=\"allow-scripts\" security=\"restricted\" style=\"position: absolute; clip: rect(1px, 1px, 1px, 1px);\" title=\"&#8220;In Vivo Verso&#8221; &#8212; Radio Pi\u00f9\" src=\"https:\/\/www.radiopiu.net\/wordpress\/in-vivo-verso\/embed\/#?secret=jLd0DRVqlW\" data-secret=\"jLd0DRVqlW\" width=\"600\" height=\"338\" frameborder=\"0\" marginwidth=\"0\" marginheight=\"0\" scrolling=\"no\"><\/iframe><\/p>\n<p>&nbsp;<\/p>\n<hr \/>\n<p>&nbsp;<\/p>\n<h2><span style=\"color: #808000;\">GOCCE DI FILOSOFIA<\/span><\/h2>\n<p><strong>LA RACCOLTA COMPLETA<\/strong><\/p>\n<blockquote class=\"wp-embedded-content\" data-secret=\"osneZQGVGX\"><p><a href=\"https:\/\/www.radiopiu.net\/wordpress\/gocce-filosofia\/\">Gocce di filosofia, PRIMA E SECONDA STAGIONE 2022<\/a><\/p><\/blockquote>\n<p><iframe loading=\"lazy\" class=\"wp-embedded-content\" sandbox=\"allow-scripts\" security=\"restricted\" style=\"position: absolute; clip: rect(1px, 1px, 1px, 1px);\" title=\"&#8220;Gocce di filosofia, PRIMA E SECONDA STAGIONE 2022&#8221; &#8212; Radio Pi\u00f9\" src=\"https:\/\/www.radiopiu.net\/wordpress\/gocce-filosofia\/embed\/#?secret=osneZQGVGX\" data-secret=\"osneZQGVGX\" width=\"600\" height=\"338\" frameborder=\"0\" marginwidth=\"0\" marginheight=\"0\" scrolling=\"no\"><\/iframe><\/p>\n<p>&nbsp;<\/p>\n<hr \/>\n<p>&nbsp;<\/p>\n<p>&nbsp;<\/p>\n<p>https:\/\/www.radiopiu.net\/wordpress\/mensileagosaaa1c1\/<\/p>\n<p>&nbsp;<\/p>\n<p>&nbsp;<\/p>\n<hr \/>\n<p>&nbsp;<\/p>\n<p><span style=\"color: #0000ff;\">MUSICA PIU&#8217;\u00a0<\/span><\/p>\n<p><a href=\"https:\/\/www.radiopiu.net\/wordpress\/giornale-radiopiu-20-settembre-2021-direttore-mirko-mezzacasa\/pp-79\/\" rel=\"attachment wp-att-232921\"><img loading=\"lazy\" decoding=\"async\" class=\"wp-image-232921 alignleft\" src=\"https:\/\/www.radiopiu.net\/wordpress\/wp-content\/uploads\/2021\/09\/pp-1-300x300.jpg\" alt=\"\" width=\"135\" height=\"135\" srcset=\"https:\/\/www.radiopiu.net\/wordpress\/wp-content\/uploads\/2021\/09\/pp-1-300x300.jpg 300w, https:\/\/www.radiopiu.net\/wordpress\/wp-content\/uploads\/2021\/09\/pp-1-150x150.jpg 150w, https:\/\/www.radiopiu.net\/wordpress\/wp-content\/uploads\/2021\/09\/pp-1.jpg 640w\" sizes=\"auto, (max-width: 135px) 100vw, 135px\" \/><\/a><\/p>\n<div class=\"mkdf-post-text\">\n<div class=\"mkdf-post-text-inner\">\n<div class=\"mkdf-post-text-main\">\n<div class=\"mkdf-post-text\">\n<div class=\"mkdf-post-text-inner\">\n<div class=\"mkdf-post-text-main\">\n<div class=\"mkdf-post-text\">\n<div class=\"mkdf-post-text-inner\">\n<div class=\"mkdf-post-text-main\">\n<div class=\"page-title-head hgroup\">\n<div class=\"page-title-head hgroup\">\n<div class=\"mkdf-post-text\">\n<div class=\"mkdf-post-text-inner\">\n<div class=\"mkdf-post-text-main\">\n<div class=\"mkdf-post-text\">\n<div class=\"mkdf-post-text-inner\">\n<div class=\"mkdf-post-text-main\">\n<div class=\"page-title-head hgroup\">\n<div class=\"page-title-head hgroup\">\n<div class=\"page-title-head hgroup\">\n<div class=\"page-title-head hgroup\">\n<div class=\"b654a4as d2edcug0\">\n<div class=\"page-title-head hgroup\">\n<div class=\"page-title-head hgroup\">\n<div class=\"page-title-head hgroup\">\n<div class=\"page-title-head hgroup\">\n<div class=\"b654a4as d2edcug0\">\n<div class=\"page-title-head hgroup\">\n<div class=\"page-title-head hgroup\">\n<div class=\"page-title-head hgroup\">\n<div class=\"page-title-head hgroup\">\n<div class=\"b654a4as d2edcug0\">\n<div class=\"mkdf-post-text\">\n<div class=\"mkdf-post-text-inner\">\n<div class=\"mkdf-post-text-main\">\n<div class=\"mkdf-post-text\">\n<div class=\"mkdf-post-text-inner\">\n<div class=\"mkdf-post-text-main\">\n<div class=\"mkdf-post-text\">\n<div class=\"mkdf-post-text-inner\">\n<div class=\"mkdf-post-text-main\">\n<div class=\"page-title-head hgroup\">\n<div class=\"page-title-head hgroup\">\n<div class=\"mkdf-post-text\">\n<div class=\"mkdf-post-text-inner\">\n<div class=\"mkdf-post-text-main\">\n<div class=\"mkdf-post-text\">\n<div class=\"mkdf-post-text-inner\">\n<div class=\"mkdf-post-text-main\">\n<div class=\"page-title-head hgroup\">\n<div class=\"page-title-head hgroup\">\n<div class=\"page-title-head hgroup\">\n<div class=\"page-title-head hgroup\">\n<div class=\"b654a4as d2edcug0\">\n<div class=\"page-title-head hgroup\">\n<div class=\"page-title-head hgroup\">\n<div class=\"page-title-head hgroup\">\n<div class=\"page-title-head hgroup\">\n<div class=\"b654a4as d2edcug0\">\n<div class=\"page-title-head hgroup\">\n<div class=\"page-title-head hgroup\">\n<div class=\"page-title-head hgroup\">\n<div class=\"page-title-head hgroup\">\n<div class=\"b654a4as d2edcug0\">\n<div><\/div>\n<div><\/div>\n<div>\n<p><strong>MUSICA ALLA RADIO, IL PROGRAMMA DI LORIS SCUSSEL &#8220;COLLAGE OPERAZIONE NOSTALGIA&#8221; DAL LUNEDI AL VENERDI ALLE 16.00\u00a0 E ALLE 23\u00a0<\/strong><\/p>\n<\/div>\n<p>&nbsp;<\/p>\n<p>&nbsp;<\/p>\n<p><strong><a class=\"dt-pswp-item\" href=\"https:\/\/www.radiopiu.net\/wordpress\/wp-content\/uploads\/2022\/03\/Blowin-in-the-wind.jpg\" data-dt-img-description=\"\" data-large_image_width=\"412\" data-large_image_height=\"412\"><img loading=\"lazy\" decoding=\"async\" class=\" wp-image-264576 alignleft\" src=\"https:\/\/www.radiopiu.net\/wordpress\/wp-content\/uploads\/2022\/03\/Blowin-in-the-wind-300x300.jpg\" alt=\"\" width=\"122\" height=\"122\" srcset=\"https:\/\/www.radiopiu.net\/wordpress\/wp-content\/uploads\/2022\/03\/Blowin-in-the-wind-300x300.jpg 300w, https:\/\/www.radiopiu.net\/wordpress\/wp-content\/uploads\/2022\/03\/Blowin-in-the-wind-150x150.jpg 150w, https:\/\/www.radiopiu.net\/wordpress\/wp-content\/uploads\/2022\/03\/Blowin-in-the-wind.jpg 412w\" sizes=\"auto, (max-width: 122px) 100vw, 122px\" \/><\/a>di Loris Scussel<\/strong><\/p>\n<p>Vista la situazione attuale in Ucraina Collage aprir\u00e0 la settimana con una puntata dedicata alle canzoni contro la guerra, marted\u00ec brani tipicamente estivi, mercoled\u00ec e gioved\u00ec spazio alla musica internazionale per terminare venerd\u00ec con le canzoni dei gruppi musicali italiani anni 60\/70. Il programma andr\u00e0 in onda dal luned\u00ec al venerd\u00ec alle 16,00 e alle 23,00.<\/p>\n<p>&nbsp;<\/p>\n<p>&nbsp;<\/p>\n<hr \/>\n<p>&nbsp;<\/p>\n<p>&nbsp;<\/p>\n<blockquote class=\"wp-embedded-content\" data-secret=\"9pZqV234kg\"><p><a href=\"https:\/\/www.radiopiu.net\/wordpress\/lalpago-raccontato-da-umberto-trame-nel-libro-voluto-dalla-comunita-montana\/\">\u201cL\u2019ALPAGO RACCONTATO DA UMBERTO TRAME\u201d NEL LIBRO VOLUTO DALLA COMUNIT\u00c0 MONTANA<\/a><\/p><\/blockquote>\n<p><iframe loading=\"lazy\" class=\"wp-embedded-content\" sandbox=\"allow-scripts\" security=\"restricted\" style=\"position: absolute; clip: rect(1px, 1px, 1px, 1px);\" title=\"&#8220;\u201cL\u2019ALPAGO RACCONTATO DA UMBERTO TRAME\u201d NEL LIBRO VOLUTO DALLA COMUNIT\u00c0 MONTANA&#8221; &#8212; Radio Pi\u00f9\" src=\"https:\/\/www.radiopiu.net\/wordpress\/lalpago-raccontato-da-umberto-trame-nel-libro-voluto-dalla-comunita-montana\/embed\/#?secret=9pZqV234kg\" data-secret=\"9pZqV234kg\" width=\"600\" height=\"338\" frameborder=\"0\" marginwidth=\"0\" marginheight=\"0\" scrolling=\"no\"><\/iframe><\/p>\n<p>&nbsp;<\/p>\n<hr \/>\n<\/div>\n<\/div>\n<\/div>\n<\/div>\n<\/div>\n<\/div>\n<\/div>\n<\/div>\n<\/div>\n<\/div>\n<\/div>\n<\/div>\n<\/div>\n<\/div>\n<\/div>\n<\/div>\n<\/div>\n<\/div>\n<\/div>\n<\/div>\n<\/div>\n<\/div>\n<\/div>\n<\/div>\n<\/div>\n<\/div>\n<\/div>\n<\/div>\n<\/div>\n<\/div>\n<\/div>\n<\/div>\n<\/div>\n<\/div>\n<\/div>\n<\/div>\n<\/div>\n<\/div>\n<\/div>\n<\/div>\n<\/div>\n<\/div>\n<\/div>\n<\/div>\n<\/div>\n<\/div>\n<\/div>\n<\/div>\n<\/div>\n<\/div>\n<\/div>\n<\/div>\n<\/div>\n<\/div>\n<\/div>\n<\/div>\n<\/div>\n<\/div>\n<\/div>\n<\/div>\n<\/div>\n<\/div>\n<\/div>\n<\/div>\n<p>&nbsp;<\/p>\n<blockquote class=\"wp-embedded-content\" data-secret=\"Zqc9Wbe66H\"><p><a href=\"https:\/\/www.radiopiu.net\/wordpress\/frmx18\/\">FREEMIX, LA LIBERTA&#8217; MUSICALE MIXATA DA DJ ATHOS E RACCONTATA DA DJ JACK<\/a><\/p><\/blockquote>\n<p><iframe loading=\"lazy\" class=\"wp-embedded-content\" sandbox=\"allow-scripts\" security=\"restricted\" style=\"position: absolute; clip: rect(1px, 1px, 1px, 1px);\" title=\"&#8220;FREEMIX, LA LIBERTA&#8217; MUSICALE MIXATA DA DJ ATHOS E RACCONTATA DA DJ JACK&#8221; &#8212; Radio Pi\u00f9\" src=\"https:\/\/www.radiopiu.net\/wordpress\/frmx18\/embed\/#?secret=Zqc9Wbe66H\" data-secret=\"Zqc9Wbe66H\" width=\"600\" height=\"338\" frameborder=\"0\" marginwidth=\"0\" marginheight=\"0\" scrolling=\"no\"><\/iframe><\/p>\n<p>&nbsp;<\/p>\n<blockquote class=\"wp-embedded-content\" data-secret=\"Wki3HuKauy\"><p><a href=\"https:\/\/www.radiopiu.net\/wordpress\/da-ieri-alla-radio-in-palinsesto-loris-e-maurizio-con-la-grande-musica\/\">IL BLUES ALLA RADIO &#8230; COME NON L&#8217;AVETE MAI SENTITO PRIMA<\/a><\/p><\/blockquote>\n<p><iframe loading=\"lazy\" class=\"wp-embedded-content\" sandbox=\"allow-scripts\" security=\"restricted\" style=\"position: absolute; clip: rect(1px, 1px, 1px, 1px);\" title=\"&#8220;IL BLUES ALLA RADIO &#8230; COME NON L&#8217;AVETE MAI SENTITO PRIMA&#8221; &#8212; Radio Pi\u00f9\" src=\"https:\/\/www.radiopiu.net\/wordpress\/da-ieri-alla-radio-in-palinsesto-loris-e-maurizio-con-la-grande-musica\/embed\/#?secret=Wki3HuKauy\" data-secret=\"Wki3HuKauy\" width=\"600\" height=\"338\" frameborder=\"0\" marginwidth=\"0\" marginheight=\"0\" scrolling=\"no\"><\/iframe><\/p>\n<p>&nbsp;<\/p>\n<hr \/>\n<p>&nbsp;<\/p>\n<blockquote>\n<h3><span style=\"color: #0000ff;\">INFORMAZIONE il canale su TELEGRAM informazione di prima mano e in tempo reale. iscriviti ed aiutaci a farlo conoscere\u00a0\u00a0<\/span><\/h3>\n<\/blockquote>\n<div>\n<div class=\"page-title-head hgroup\">\n<div class=\"page-title-head hgroup\">\n<div class=\"page-title-head hgroup\">\n<div class=\"page-title-head hgroup\">\n<div class=\"b654a4as d2edcug0\">\n<div class=\"page-title-head hgroup\">\n<div class=\"page-title-head hgroup\">\n<div class=\"page-title-head hgroup\">\n<div class=\"page-title-head hgroup\">\n<div class=\"b654a4as d2edcug0\">\n<div class=\"page-title-head hgroup\">\n<div class=\"page-title-head hgroup\">\n<div class=\"page-title-head hgroup\">\n<div class=\"page-title-head hgroup\">\n<div class=\"page-title-head hgroup\">\n<div class=\"page-title-head hgroup\">\n<div class=\"page-title-head hgroup\">\n<div class=\"page-title-head hgroup\">\n<div class=\"page-title-head hgroup\">\n<div class=\"b654a4as d2edcug0\">\n<div class=\"page-title-head hgroup\">\n<div class=\"page-title-head hgroup\">\n<div class=\"page-title-head hgroup\">\n<div class=\"page-title-head hgroup\">\n<div class=\"b654a4as d2edcug0\">\n<div>\n<p>&nbsp;<\/p>\n<\/div>\n<div>\n<div class=\"page-title-head hgroup\">\n<div class=\"page-title-head hgroup\">\n<div class=\"page-title-head hgroup\">\n<div class=\"page-title-head hgroup\">\n<div class=\"page-title-head hgroup\">\n<div class=\"b654a4as d2edcug0\">\n<div>\n<hr \/>\n<\/div>\n<\/div>\n<div>\n<div>\n<p>&nbsp;<\/p>\n<\/div>\n<div>\n<div>\n<p>&nbsp;<\/p>\n<\/div>\n<div>\n<div>\n<p><strong>DUE MINUTI UN LIBRO, TUTTI I GIORNI ALLA RADIO ALLE 9.40 E ALLE 17.50\u00a0<\/strong><\/p>\n<div>\n<div>\n<p><strong>LA RACCOLTA COMPLETA\u00a0\u00a0<\/strong><\/p>\n<\/div>\n<div>\n<blockquote class=\"wp-embedded-content\" data-secret=\"NnihXVC7zg\"><p><a href=\"https:\/\/www.radiopiu.net\/wordpress\/due-minuti-un-libro\/\">Due minuti un libro<\/a><\/p><\/blockquote>\n<p><iframe loading=\"lazy\" class=\"wp-embedded-content\" sandbox=\"allow-scripts\" security=\"restricted\" style=\"position: absolute; clip: rect(1px, 1px, 1px, 1px);\" title=\"&#8220;Due minuti un libro&#8221; &#8212; Radio Pi\u00f9\" src=\"https:\/\/www.radiopiu.net\/wordpress\/due-minuti-un-libro\/embed\/#?secret=NnihXVC7zg\" data-secret=\"NnihXVC7zg\" width=\"600\" height=\"338\" frameborder=\"0\" marginwidth=\"0\" marginheight=\"0\" scrolling=\"no\"><\/iframe><\/p>\n<\/div>\n<\/div>\n<\/div>\n<div class=\"mkdf-post-text\">\n<div class=\"mkdf-post-text-inner\">\n<div class=\"mkdf-post-text-main\">\n<div class=\"mkdf-post-text\">\n<div class=\"mkdf-post-text-inner\">\n<div class=\"mkdf-post-text-main\">\n<div class=\"mkdf-post-text\">\n<div class=\"mkdf-post-text-inner\">\n<div class=\"mkdf-post-text-main\">\n<div class=\"page-title-head hgroup\">\n<div class=\"page-title-head hgroup\">\n<div class=\"mkdf-post-text\">\n<div class=\"mkdf-post-text-inner\">\n<div class=\"mkdf-post-text-main\">\n<div class=\"mkdf-post-text\">\n<div class=\"mkdf-post-text-inner\">\n<div class=\"mkdf-post-text-main\">\n<div class=\"page-title-head hgroup\">\n<div class=\"page-title-head hgroup\">\n<div class=\"page-title-head hgroup\">\n<div class=\"page-title-head hgroup\">\n<div class=\"b654a4as d2edcug0\">\n<div class=\"page-title-head hgroup\">\n<div class=\"page-title-head hgroup\">\n<div class=\"page-title-head hgroup\">\n<div class=\"page-title-head hgroup\">\n<div class=\"b654a4as d2edcug0\">\n<div class=\"page-title-head hgroup\">\n<div class=\"page-title-head hgroup\">\n<div class=\"page-title-head hgroup\">\n<div class=\"page-title-head hgroup\">\n<div class=\"b654a4as d2edcug0\">\n<div>\n<p>&nbsp;<\/p>\n<\/div>\n<div>\n<hr \/>\n<p>&nbsp;<\/p>\n<\/div>\n<h2><span style=\"color: #808000;\">L&#8217;ALMANACCO LADINO\u00a0\u00a0<\/span><\/h2>\n<p><strong>LA RACCOLTA<\/strong><\/p>\n<blockquote class=\"wp-embedded-content\" data-secret=\"o6ZZvSUcOY\"><p><a href=\"https:\/\/www.radiopiu.net\/wordpress\/almanacco-ladino\/\">Almanacco Ladino<\/a><\/p><\/blockquote>\n<p><iframe loading=\"lazy\" class=\"wp-embedded-content\" sandbox=\"allow-scripts\" security=\"restricted\" style=\"position: absolute; clip: rect(1px, 1px, 1px, 1px);\" title=\"&#8220;Almanacco Ladino&#8221; &#8212; Radio Pi\u00f9\" src=\"https:\/\/www.radiopiu.net\/wordpress\/almanacco-ladino\/embed\/#?secret=o6ZZvSUcOY\" data-secret=\"o6ZZvSUcOY\" width=\"600\" height=\"338\" frameborder=\"0\" marginwidth=\"0\" marginheight=\"0\" scrolling=\"no\"><\/iframe><\/p>\n<p>&nbsp;<\/p>\n<hr \/>\n<p>&nbsp;<\/p>\n<h2><span style=\"color: #33cccc;\">LA RASSEGNA STAMPA DA L&#8217;AMICO DEL POPOLO<\/span><\/h2>\n<p><em><strong>PUNTATA DEL 12 MARZO 2022<\/strong><\/em><\/p>\n<p><strong><a class=\"dt-pswp-item\" href=\"https:\/\/www.radiopiu.net\/wordpress\/wp-content\/uploads\/2020\/10\/FOLLADOR-DE-ROSSI-scaled.jpg\" data-dt-img-description=\"\" data-large_image_width=\"2560\" data-large_image_height=\"1193\"><img loading=\"lazy\" decoding=\"async\" class=\"size-medium wp-image-164367 alignleft\" src=\"https:\/\/www.radiopiu.net\/wordpress\/wp-content\/uploads\/2020\/10\/FOLLADOR-DE-ROSSI-300x140.jpg\" alt=\"\" width=\"300\" height=\"140\" srcset=\"https:\/\/www.radiopiu.net\/wordpress\/wp-content\/uploads\/2020\/10\/FOLLADOR-DE-ROSSI-300x140.jpg 300w, https:\/\/www.radiopiu.net\/wordpress\/wp-content\/uploads\/2020\/10\/FOLLADOR-DE-ROSSI-1024x477.jpg 1024w, https:\/\/www.radiopiu.net\/wordpress\/wp-content\/uploads\/2020\/10\/FOLLADOR-DE-ROSSI-768x358.jpg 768w, https:\/\/www.radiopiu.net\/wordpress\/wp-content\/uploads\/2020\/10\/FOLLADOR-DE-ROSSI-1536x716.jpg 1536w, https:\/\/www.radiopiu.net\/wordpress\/wp-content\/uploads\/2020\/10\/FOLLADOR-DE-ROSSI-2048x954.jpg 2048w, https:\/\/www.radiopiu.net\/wordpress\/wp-content\/uploads\/2020\/10\/FOLLADOR-DE-ROSSI-640x298.jpg 640w\" sizes=\"auto, (max-width: 300px) 100vw, 300px\" \/><\/a>di Gianni Santomaso<\/strong><\/p>\n<p>OSPITE: Luca Lucchetta, presidente APIM<\/p>\n<audio class=\"wp-audio-shortcode\" id=\"audio-264342-11\" preload=\"none\" style=\"width: 100%;\" controls=\"controls\"><source type=\"audio\/mpeg\" src=\"https:\/\/www.radiopiu.net\/wordpress\/wp-content\/uploads\/2022\/03\/RASSEGNA-GIANNI-1.mp3?_=11\" \/><a href=\"https:\/\/www.radiopiu.net\/wordpress\/wp-content\/uploads\/2022\/03\/RASSEGNA-GIANNI-1.mp3\">https:\/\/www.radiopiu.net\/wordpress\/wp-content\/uploads\/2022\/03\/RASSEGNA-GIANNI-1.mp3<\/a><\/audio>\n<p>&nbsp;<\/p>\n<p><strong>LA RACCOLTA COMPLETA<\/strong><\/p>\n<blockquote class=\"wp-embedded-content\" data-secret=\"kzkOPZj6KN\"><p><a href=\"https:\/\/www.radiopiu.net\/wordpress\/rassegna-stampa-di-gianni-santomaso\/\">Rassegna stampa da l&#8217;amico del popolo &#8211; di Gianni Santomaso<\/a><\/p><\/blockquote>\n<p><iframe loading=\"lazy\" class=\"wp-embedded-content\" sandbox=\"allow-scripts\" security=\"restricted\" style=\"position: absolute; clip: rect(1px, 1px, 1px, 1px);\" title=\"&#8220;Rassegna stampa da l&#8217;amico del popolo &#8211; di Gianni Santomaso&#8221; &#8212; Radio Pi\u00f9\" src=\"https:\/\/www.radiopiu.net\/wordpress\/rassegna-stampa-di-gianni-santomaso\/embed\/#?secret=kzkOPZj6KN\" data-secret=\"kzkOPZj6KN\" width=\"600\" height=\"338\" frameborder=\"0\" marginwidth=\"0\" marginheight=\"0\" scrolling=\"no\"><\/iframe><\/p>\n<p>&nbsp;<\/p>\n<hr \/>\n<p>&nbsp;<\/p>\n<div>\n<div class=\"page-title-head hgroup\">\n<div class=\"page-title-head hgroup\">\n<div class=\"b654a4as d2edcug0\">\n<div class=\"j83agx80 btwxx1t3 lhclo0ds hop8lmos nkwizq5d scwd0bx6 roh60bw9\">\n<div class=\"rq0escxv hkbzh7o3 jwdofwj8 n8tt0mok r8blr3vg hyh9befq\">\n<div class=\"do00u71z l9j0dhe7 k4urcfbm\">\n<div class=\"ecm0bbzt e5nlhep0 a8c37x1j\">\n<div class=\"kvgmc6g5 cxmmr5t8 oygrvhab hcukyx3x c1et5uql\">\n<div class=\"gmail-kvgmc6g5 gmail-cxmmr5t8 gmail-oygrvhab gmail-hcukyx3x gmail-c1et5uql gmail-ii04i59q\">\n<div class=\"page-title-head hgroup\">\n<div class=\"page-title-head hgroup\">\n<div class=\"b654a4as d2edcug0\">\n<div class=\"j83agx80 btwxx1t3 lhclo0ds hop8lmos nkwizq5d scwd0bx6 roh60bw9\">\n<div class=\"rq0escxv hkbzh7o3 jwdofwj8 n8tt0mok r8blr3vg hyh9befq\">\n<div class=\"do00u71z l9j0dhe7 k4urcfbm\">\n<div>\n<div class=\"page-title-head hgroup\">\n<div class=\"page-title-head hgroup\">\n<div class=\"page-title-head hgroup\">\n<div class=\"page-title-head hgroup\">\n<div class=\"b654a4as d2edcug0\">\n<div class=\"page-title-head hgroup\">\n<div class=\"page-title-head hgroup\">\n<div class=\"page-title-head hgroup\">\n<div class=\"page-title-head hgroup\">\n<div class=\"b654a4as d2edcug0\">\n<div class=\"page-title-head hgroup\">\n<div class=\"page-title-head hgroup\">\n<div class=\"page-title-head hgroup\">\n<div class=\"page-title-head hgroup\">\n<div class=\"page-title-head hgroup\">\n<div class=\"page-title-head hgroup\">\n<div class=\"page-title-head hgroup\">\n<div class=\"page-title-head hgroup\">\n<div class=\"page-title-head hgroup\">\n<div class=\"b654a4as d2edcug0\">\n<div class=\"page-title-head hgroup\">\n<div class=\"page-title-head hgroup\">\n<div class=\"page-title-head hgroup\">\n<div class=\"page-title-head hgroup\">\n<div class=\"b654a4as d2edcug0\">\n<div>\n<div class=\"page-title-head hgroup\">\n<div class=\"page-title-head hgroup\">\n<div class=\"page-title-head hgroup\">\n<div class=\"page-title-head hgroup\">\n<div class=\"page-title-head hgroup\">\n<div>\n<div>\n<div>\n<div class=\"mkdf-post-text\">\n<div class=\"mkdf-post-text-inner\">\n<div class=\"mkdf-post-text-main\">\n<div class=\"mkdf-post-text\">\n<div class=\"mkdf-post-text-inner\">\n<div class=\"mkdf-post-text-main\">\n<div class=\"mkdf-post-text\">\n<div class=\"mkdf-post-text-inner\">\n<div class=\"mkdf-post-text-main\">\n<div class=\"page-title-head hgroup\">\n<div class=\"page-title-head hgroup\">\n<div class=\"mkdf-post-text\">\n<div class=\"mkdf-post-text-inner\">\n<div class=\"mkdf-post-text-main\">\n<div class=\"mkdf-post-text\">\n<div class=\"mkdf-post-text-inner\">\n<div class=\"mkdf-post-text-main\">\n<div class=\"page-title-head hgroup\">\n<div class=\"page-title-head hgroup\">\n<div class=\"page-title-head hgroup\">\n<div class=\"page-title-head hgroup\">\n<div class=\"b654a4as d2edcug0\">\n<div class=\"page-title-head hgroup\">\n<div class=\"page-title-head hgroup\">\n<div class=\"page-title-head hgroup\">\n<div class=\"page-title-head hgroup\">\n<div class=\"b654a4as d2edcug0\">\n<div class=\"page-title-head hgroup\">\n<div class=\"page-title-head hgroup\">\n<div class=\"page-title-head hgroup\">\n<div class=\"page-title-head hgroup\">\n<div class=\"b654a4as d2edcug0\">\n<h2><span style=\"color: #800080;\">I RACCONTI DI PAOLO SOPPELSA\u00a0<\/span><\/h2>\n<p><strong>LA RACCOLTA COMPLETA<\/strong><\/p>\n<blockquote class=\"wp-embedded-content\" data-secret=\"d3R6Lu5Clt\"><p><a href=\"https:\/\/www.radiopiu.net\/wordpress\/i-racconti-di-paolo-soppelsa\/\">I racconti di Paolo Soppelsa<\/a><\/p><\/blockquote>\n<p><iframe loading=\"lazy\" class=\"wp-embedded-content\" sandbox=\"allow-scripts\" security=\"restricted\" style=\"position: absolute; clip: rect(1px, 1px, 1px, 1px);\" title=\"&#8220;I racconti di Paolo Soppelsa&#8221; &#8212; Radio Pi\u00f9\" src=\"https:\/\/www.radiopiu.net\/wordpress\/i-racconti-di-paolo-soppelsa\/embed\/#?secret=d3R6Lu5Clt\" data-secret=\"d3R6Lu5Clt\" width=\"600\" height=\"338\" frameborder=\"0\" marginwidth=\"0\" marginheight=\"0\" scrolling=\"no\"><\/iframe><\/p>\n<p>&nbsp;<\/p>\n<\/div>\n<\/div>\n<\/div>\n<\/div>\n<\/div>\n<\/div>\n<\/div>\n<\/div>\n<\/div>\n<\/div>\n<\/div>\n<\/div>\n<\/div>\n<\/div>\n<\/div>\n<\/div>\n<\/div>\n<\/div>\n<\/div>\n<\/div>\n<\/div>\n<\/div>\n<\/div>\n<\/div>\n<\/div>\n<\/div>\n<\/div>\n<\/div>\n<\/div>\n<\/div>\n<\/div>\n<\/div>\n<\/div>\n<\/div>\n<\/div>\n<\/div>\n<\/div>\n<\/div>\n<\/div>\n<\/div>\n<\/div>\n<\/div>\n<\/div>\n<\/div>\n<\/div>\n<\/div>\n<\/div>\n<\/div>\n<\/div>\n<\/div>\n<\/div>\n<\/div>\n<\/div>\n<\/div>\n<\/div>\n<\/div>\n<\/div>\n<\/div>\n<\/div>\n<\/div>\n<\/div>\n<\/div>\n<\/div>\n<\/div>\n<\/div>\n<\/div>\n<\/div>\n<div>\n<div class=\"page-title-head hgroup\">\n<div class=\"page-title-head hgroup\">\n<div class=\"page-title-head hgroup\">\n<div class=\"page-title-head hgroup\">\n<div class=\"b654a4as d2edcug0\">\n<div class=\"page-title-head hgroup\">\n<div class=\"page-title-head hgroup\">\n<div class=\"page-title-head hgroup\">\n<div class=\"page-title-head hgroup\">\n<div class=\"b654a4as d2edcug0\">\n<div class=\"page-title-head hgroup\">\n<div class=\"page-title-head hgroup\">\n<div class=\"page-title-head hgroup\">\n<div class=\"page-title-head hgroup\">\n<div class=\"page-title-head hgroup\">\n<div class=\"page-title-head hgroup\">\n<div class=\"page-title-head hgroup\">\n<div class=\"page-title-head hgroup\">\n<div class=\"page-title-head hgroup\">\n<div class=\"b654a4as d2edcug0\">\n<div class=\"page-title-head hgroup\">\n<div class=\"page-title-head hgroup\">\n<div class=\"page-title-head hgroup\">\n<div class=\"page-title-head hgroup\">\n<div class=\"b654a4as d2edcug0\">\n<div>\n<div class=\"page-title-head hgroup\">\n<div class=\"page-title-head hgroup\">\n<div class=\"page-title-head hgroup\">\n<div class=\"page-title-head hgroup\">\n<div class=\"page-title-head hgroup\">\n<div>\n<div>\n<div>\n<div class=\"mkdf-post-text\">\n<div class=\"mkdf-post-text-inner\">\n<div class=\"mkdf-post-text-main\">\n<div class=\"mkdf-post-text\">\n<div class=\"mkdf-post-text-inner\">\n<div class=\"mkdf-post-text-main\">\n<div class=\"mkdf-post-text\">\n<div class=\"mkdf-post-text-inner\">\n<div class=\"mkdf-post-text-main\">\n<div class=\"page-title-head hgroup\">\n<div class=\"page-title-head hgroup\">\n<div class=\"mkdf-post-text\">\n<div class=\"mkdf-post-text-inner\">\n<div class=\"mkdf-post-text-main\">\n<div class=\"mkdf-post-text\">\n<div class=\"mkdf-post-text-inner\">\n<div class=\"mkdf-post-text-main\">\n<div class=\"page-title-head hgroup\">\n<div class=\"page-title-head hgroup\">\n<div class=\"page-title-head hgroup\">\n<div class=\"page-title-head hgroup\">\n<div class=\"b654a4as d2edcug0\">\n<div class=\"page-title-head hgroup\">\n<div class=\"page-title-head hgroup\">\n<div class=\"page-title-head hgroup\">\n<div class=\"page-title-head hgroup\">\n<div class=\"b654a4as d2edcug0\">\n<div class=\"page-title-head hgroup\">\n<div class=\"page-title-head hgroup\">\n<div class=\"page-title-head hgroup\">\n<div class=\"page-title-head hgroup\">\n<div class=\"b654a4as d2edcug0\">\n<hr \/>\n<\/div>\n<div class=\"b654a4as d2edcug0\">\n<p>&nbsp;<\/p>\n<p><a href=\"https:\/\/www.radiopiu.net\/wordpress\/giornale-radiopiu-26-settembre-2018-direttore-mirko-mezzacasa\/viabilita-2\/\" rel=\"attachment wp-att-61954\"><img loading=\"lazy\" decoding=\"async\" class=\"aligncenter wp-image-61954 size-full\" src=\"https:\/\/www.radiopiu.net\/wordpress\/wp-content\/uploads\/2018\/09\/viabilita.jpeg\" sizes=\"auto, (max-width: 800px) 100vw, 800px\" srcset=\"https:\/\/www.radiopiu.net\/wordpress\/wp-content\/uploads\/2018\/09\/viabilita.jpeg 800w, https:\/\/www.radiopiu.net\/wordpress\/wp-content\/uploads\/2018\/09\/viabilita-300x38.jpeg 300w, https:\/\/www.radiopiu.net\/wordpress\/wp-content\/uploads\/2018\/09\/viabilita-768x96.jpeg 768w\" alt=\"\" width=\"800\" height=\"100\" \/><\/a><\/p>\n<\/div>\n<\/div>\n<\/div>\n<\/div>\n<\/div>\n<\/div>\n<\/div>\n<\/div>\n<\/div>\n<\/div>\n<\/div>\n<\/div>\n<\/div>\n<\/div>\n<\/div>\n<\/div>\n<\/div>\n<\/div>\n<\/div>\n<\/div>\n<\/div>\n<\/div>\n<\/div>\n<\/div>\n<\/div>\n<\/div>\n<\/div>\n<\/div>\n<\/div>\n<\/div>\n<\/div>\n<\/div>\n<\/div>\n<\/div>\n<\/div>\n<\/div>\n<\/div>\n<\/div>\n<\/div>\n<\/div>\n<\/div>\n<\/div>\n<\/div>\n<\/div>\n<\/div>\n<\/div>\n<\/div>\n<\/div>\n<\/div>\n<\/div>\n<\/div>\n<\/div>\n<\/div>\n<\/div>\n<\/div>\n<\/div>\n<\/div>\n<\/div>\n<\/div>\n<\/div>\n<\/div>\n<\/div>\n<\/div>\n<\/div>\n<\/div>\n<\/div>\n<\/div>\n<\/div>\n<\/div>\n<\/div>\n<\/div>\n<\/div>\n<\/div>\n<\/div>\n<\/div>\n<\/div>\n<\/div>\n<\/div>\n<\/div>\n<\/div>\n<\/div>\n<\/div>\n<\/div>\n<div>\n<div class=\"page-title-head hgroup\">\n<div class=\"page-title-head hgroup\">\n<div class=\"b654a4as d2edcug0\">\n<div class=\"j83agx80 btwxx1t3 lhclo0ds hop8lmos nkwizq5d scwd0bx6 roh60bw9\">\n<div class=\"rq0escxv hkbzh7o3 jwdofwj8 n8tt0mok r8blr3vg hyh9befq\">\n<div class=\"do00u71z l9j0dhe7 k4urcfbm\">\n<div class=\"ecm0bbzt e5nlhep0 a8c37x1j\">\n<div class=\"kvgmc6g5 cxmmr5t8 oygrvhab hcukyx3x c1et5uql\">\n<div class=\"gmail-kvgmc6g5 gmail-cxmmr5t8 gmail-oygrvhab gmail-hcukyx3x gmail-c1et5uql gmail-ii04i59q\">\n<div class=\"page-title-head hgroup\">\n<div class=\"page-title-head hgroup\">\n<div class=\"b654a4as d2edcug0\">\n<div class=\"j83agx80 btwxx1t3 lhclo0ds hop8lmos nkwizq5d scwd0bx6 roh60bw9\">\n<div class=\"rq0escxv hkbzh7o3 jwdofwj8 n8tt0mok r8blr3vg hyh9befq\">\n<div class=\"do00u71z l9j0dhe7 k4urcfbm\">\n<div class=\"page-title-head hgroup\">\n<div class=\"page-title-head hgroup\">\n<div class=\"page-title-head hgroup\">\n<div class=\"page-title-head hgroup\">\n<div class=\"b654a4as d2edcug0\">\n<div class=\"page-title-head hgroup\">\n<div class=\"page-title-head hgroup\">\n<div class=\"page-title-head hgroup\">\n<div class=\"page-title-head hgroup\">\n<div class=\"b654a4as d2edcug0\">\n<div class=\"page-title-head hgroup\">\n<div class=\"page-title-head hgroup\">\n<div class=\"page-title-head hgroup\">\n<div class=\"page-title-head hgroup\">\n<div class=\"page-title-head hgroup\">\n<div class=\"page-title-head hgroup\">\n<div class=\"page-title-head hgroup\">\n<div class=\"page-title-head hgroup\">\n<div class=\"page-title-head hgroup\">\n<div class=\"b654a4as d2edcug0\">\n<div class=\"page-title-head hgroup\">\n<div class=\"page-title-head hgroup\">\n<div class=\"page-title-head hgroup\">\n<div class=\"page-title-head hgroup\">\n<div class=\"b654a4as d2edcug0\">\n<div class=\"page-title-head hgroup\">\n<div class=\"page-title-head hgroup\">\n<div class=\"page-title-head hgroup\">\n<div class=\"page-title-head hgroup\">\n<div class=\"page-title-head hgroup\">\n<div class=\"mkdf-post-text\">\n<div class=\"mkdf-post-text-inner\">\n<div class=\"mkdf-post-text-main\">\n<div class=\"mkdf-post-text\">\n<div class=\"mkdf-post-text-inner\">\n<div class=\"mkdf-post-text-main\">\n<div class=\"mkdf-post-text\">\n<div class=\"mkdf-post-text-inner\">\n<div class=\"mkdf-post-text-main\">\n<div class=\"page-title-head hgroup\">\n<div class=\"page-title-head hgroup\">\n<div class=\"mkdf-post-text\">\n<div class=\"mkdf-post-text-inner\">\n<div class=\"mkdf-post-text-main\">\n<div class=\"mkdf-post-text\">\n<div class=\"mkdf-post-text-inner\">\n<div class=\"mkdf-post-text-main\">\n<div class=\"page-title-head hgroup\">\n<div class=\"page-title-head hgroup\">\n<div class=\"page-title-head hgroup\">\n<div class=\"page-title-head hgroup\">\n<div class=\"b654a4as d2edcug0\">\n<div class=\"page-title-head hgroup\">\n<div class=\"page-title-head hgroup\">\n<div class=\"page-title-head hgroup\">\n<div class=\"page-title-head hgroup\">\n<div class=\"b654a4as d2edcug0\">\n<div class=\"page-title-head hgroup\">\n<div class=\"page-title-head hgroup\">\n<div class=\"page-title-head hgroup\">\n<div class=\"page-title-head hgroup\">\n<div class=\"b654a4as d2edcug0\">\n<div class=\"ecm0bbzt e5nlhep0 a8c37x1j\">\n<div class=\"kvgmc6g5 cxmmr5t8 oygrvhab hcukyx3x c1et5uql\">\n<div class=\"gmail-kvgmc6g5 gmail-cxmmr5t8 gmail-oygrvhab gmail-hcukyx3x gmail-c1et5uql gmail-ii04i59q\">\n<div class=\"page-title-head hgroup\">\n<div class=\"page-title-head hgroup\">\n<div class=\"b654a4as d2edcug0\">\n<div class=\"j83agx80 btwxx1t3 lhclo0ds hop8lmos nkwizq5d scwd0bx6 roh60bw9\">\n<div class=\"rq0escxv hkbzh7o3 jwdofwj8 n8tt0mok r8blr3vg hyh9befq\">\n<div class=\"do00u71z l9j0dhe7 k4urcfbm\">\n<div class=\"page-title-head hgroup\">\n<div class=\"page-title-head hgroup\">\n<div class=\"page-title-head hgroup\">\n<div class=\"page-title-head hgroup\">\n<div class=\"b654a4as d2edcug0\">\n<div class=\"page-title-head hgroup\">\n<div class=\"page-title-head hgroup\">\n<div class=\"page-title-head hgroup\">\n<div class=\"page-title-head hgroup\">\n<div class=\"b654a4as d2edcug0\">\n<div class=\"page-title-head hgroup\">\n<div class=\"page-title-head hgroup\">\n<div class=\"page-title-head hgroup\">\n<div class=\"page-title-head hgroup\">\n<div class=\"page-title-head hgroup\">\n<div class=\"page-title-head hgroup\">\n<div class=\"page-title-head hgroup\">\n<div class=\"page-title-head hgroup\">\n<div class=\"page-title-head hgroup\">\n<div class=\"b654a4as d2edcug0\">\n<div class=\"page-title-head hgroup\">\n<div class=\"page-title-head hgroup\">\n<div class=\"page-title-head hgroup\">\n<div class=\"page-title-head hgroup\">\n<div class=\"b654a4as d2edcug0\">\n<div class=\"page-title-head hgroup\">\n<div class=\"page-title-head hgroup\">\n<div class=\"page-title-head hgroup\">\n<div class=\"page-title-head hgroup\">\n<div class=\"page-title-head hgroup\">\n<div class=\"mkdf-post-text\">\n<div class=\"mkdf-post-text-inner\">\n<div class=\"mkdf-post-text-main\">\n<div class=\"mkdf-post-text\">\n<div class=\"mkdf-post-text-inner\">\n<div class=\"mkdf-post-text-main\">\n<div class=\"mkdf-post-text\">\n<div class=\"mkdf-post-text-inner\">\n<div class=\"mkdf-post-text-main\">\n<div class=\"page-title-head hgroup\">\n<div class=\"page-title-head hgroup\">\n<div class=\"mkdf-post-text\">\n<div class=\"mkdf-post-text-inner\">\n<div class=\"mkdf-post-text-main\">\n<div class=\"mkdf-post-text\">\n<div class=\"mkdf-post-text-inner\">\n<div class=\"mkdf-post-text-main\">\n<div class=\"page-title-head hgroup\">\n<div class=\"page-title-head hgroup\">\n<div class=\"page-title-head hgroup\">\n<div class=\"page-title-head hgroup\">\n<div class=\"b654a4as d2edcug0\">\n<div class=\"page-title-head hgroup\">\n<div class=\"page-title-head hgroup\">\n<div class=\"page-title-head hgroup\">\n<div class=\"page-title-head hgroup\">\n<div class=\"b654a4as d2edcug0\">\n<div class=\"page-title-head hgroup\">\n<div class=\"page-title-head hgroup\">\n<div class=\"page-title-head hgroup\">\n<div class=\"page-title-head hgroup\">\n<div class=\"b654a4as d2edcug0\">\n<p>&nbsp;<\/p>\n<blockquote>\n<h3>LAVORI ALLA CONDOTTA FOGNARIA DI MASARE&#8217; DI ROCCA PIETORE DAL 7 AL 25 MARZO<\/h3>\n<\/blockquote>\n<p><strong><a class=\"dt-pswp-item\" href=\"https:\/\/www.radiopiu.net\/wordpress\/wp-content\/uploads\/2021\/06\/LAVORI.jpg\" data-dt-img-description=\"\" data-large_image_width=\"188\" data-large_image_height=\"164\"><img loading=\"lazy\" decoding=\"async\" class=\" wp-image-216176 alignleft\" src=\"https:\/\/www.radiopiu.net\/wordpress\/wp-content\/uploads\/2021\/06\/LAVORI.jpg\" alt=\"\" width=\"133\" height=\"116\" \/><\/a>ROCCA PIETORE<\/strong> Il comune di Rocca Pietore ha esposto un&#8217;ordinanza che i riguarda i lavori alla condotta fognaria a Masar\u00e8. Dal 21 al 25 marzo senso unico alternato regolato ma movieri. Dal 14 al 18 marzo il traffico verr\u00e0 deviato nel parcheggio antistante il civico 20 mentre nella giornata del 17 marzo, dalle 7 alle 24, interdizione totale alla circolazione al fine di consentire l&#8217;esecuzione di lavori sulla condotta fognaria a cura di BIM GSP.<\/p>\n<p>&nbsp;<\/p>\n<blockquote class=\"wp-embedded-content\" data-secret=\"3SQU7XSnqJ\"><p><a href=\"https:\/\/www.radiopiu.net\/wordpress\/viabilita\/\">viabilita<\/a><\/p><\/blockquote>\n<p><iframe loading=\"lazy\" class=\"wp-embedded-content\" sandbox=\"allow-scripts\" security=\"restricted\" style=\"position: absolute; clip: rect(1px, 1px, 1px, 1px);\" title=\"&#8220;viabilita&#8221; &#8212; Radio Pi\u00f9\" src=\"https:\/\/www.radiopiu.net\/wordpress\/viabilita\/embed\/#?secret=3SQU7XSnqJ\" data-secret=\"3SQU7XSnqJ\" width=\"600\" height=\"338\" frameborder=\"0\" marginwidth=\"0\" marginheight=\"0\" scrolling=\"no\"><\/iframe><\/p>\n<p>&nbsp;<\/p>\n<hr \/>\n<\/div>\n<\/div>\n<\/div>\n<\/div>\n<\/div>\n<\/div>\n<\/div>\n<\/div>\n<\/div>\n<\/div>\n<\/div>\n<\/div>\n<\/div>\n<\/div>\n<\/div>\n<\/div>\n<\/div>\n<\/div>\n<\/div>\n<\/div>\n<\/div>\n<\/div>\n<\/div>\n<\/div>\n<\/div>\n<\/div>\n<\/div>\n<\/div>\n<\/div>\n<\/div>\n<\/div>\n<\/div>\n<\/div>\n<\/div>\n<\/div>\n<\/div>\n<\/div>\n<\/div>\n<\/div>\n<\/div>\n<\/div>\n<\/div>\n<\/div>\n<\/div>\n<\/div>\n<\/div>\n<\/div>\n<\/div>\n<\/div>\n<\/div>\n<\/div>\n<\/div>\n<\/div>\n<\/div>\n<\/div>\n<\/div>\n<\/div>\n<\/div>\n<\/div>\n<\/div>\n<\/div>\n<\/div>\n<\/div>\n<\/div>\n<\/div>\n<\/div>\n<\/div>\n<\/div>\n<\/div>\n<\/div>\n<\/div>\n<\/div>\n<\/div>\n<\/div>\n<\/div>\n<\/div>\n<\/div>\n<\/div>\n<\/div>\n<\/div>\n<\/div>\n<\/div>\n<\/div>\n<\/div>\n<\/div>\n<\/div>\n<\/div>\n<\/div>\n<\/div>\n<\/div>\n<\/div>\n<\/div>\n<\/div>\n<\/div>\n<\/div>\n<\/div>\n<\/div>\n<\/div>\n<\/div>\n<\/div>\n<\/div>\n<\/div>\n<\/div>\n<\/div>\n<\/div>\n<\/div>\n<\/div>\n<\/div>\n<\/div>\n<\/div>\n<\/div>\n<\/div>\n<\/div>\n<\/div>\n<\/div>\n<\/div>\n<\/div>\n<\/div>\n<\/div>\n<\/div>\n<\/div>\n<\/div>\n<\/div>\n<\/div>\n<\/div>\n<\/div>\n<\/div>\n<\/div>\n<\/div>\n<\/div>\n<\/div>\n<\/div>\n<\/div>\n<\/div>\n<\/div>\n<\/div>\n<\/div>\n<\/div>\n<\/div>\n<\/div>\n<\/div>\n<\/div>\n<\/div>\n<\/div>\n<\/div>\n<\/div>\n<\/div>\n<\/div>\n<\/div>\n<p>&nbsp;<\/p>\n<div>\n<div class=\"page-title-head hgroup\">\n<div class=\"page-title-head hgroup\">\n<div class=\"b654a4as d2edcug0\">\n<div class=\"j83agx80 btwxx1t3 lhclo0ds hop8lmos nkwizq5d scwd0bx6 roh60bw9\">\n<div class=\"rq0escxv hkbzh7o3 jwdofwj8 n8tt0mok r8blr3vg hyh9befq\">\n<div class=\"do00u71z l9j0dhe7 k4urcfbm\">\n<div class=\"page-title-head hgroup\">\n<div class=\"page-title-head hgroup\">\n<div class=\"b654a4as d2edcug0\">\n<div class=\"j83agx80 btwxx1t3 lhclo0ds hop8lmos nkwizq5d scwd0bx6 roh60bw9\">\n<div class=\"rq0escxv hkbzh7o3 jwdofwj8 n8tt0mok r8blr3vg hyh9befq\">\n<div class=\"do00u71z l9j0dhe7 k4urcfbm\">\n<div class=\"ecm0bbzt e5nlhep0 a8c37x1j\">\n<div class=\"kvgmc6g5 cxmmr5t8 oygrvhab hcukyx3x c1et5uql\">\n<div class=\"gmail-kvgmc6g5 gmail-cxmmr5t8 gmail-oygrvhab gmail-hcukyx3x gmail-c1et5uql gmail-ii04i59q\">\n<div class=\"page-title-head hgroup\">\n<div class=\"page-title-head hgroup\">\n<div class=\"b654a4as d2edcug0\">\n<div class=\"j83agx80 btwxx1t3 lhclo0ds hop8lmos nkwizq5d scwd0bx6 roh60bw9\">\n<div class=\"rq0escxv hkbzh7o3 jwdofwj8 n8tt0mok r8blr3vg hyh9befq\">\n<div class=\"do00u71z l9j0dhe7 k4urcfbm\">\n<div class=\"page-title-head hgroup\">\n<div class=\"page-title-head hgroup\">\n<div class=\"b654a4as d2edcug0\">\n<div class=\"j83agx80 btwxx1t3 lhclo0ds hop8lmos nkwizq5d scwd0bx6 roh60bw9\">\n<div class=\"rq0escxv hkbzh7o3 jwdofwj8 n8tt0mok r8blr3vg hyh9befq\">\n<div class=\"do00u71z l9j0dhe7 k4urcfbm\">\n<div>\n<div class=\"page-title-head hgroup\">\n<div class=\"page-title-head hgroup\">\n<div class=\"b654a4as d2edcug0\">\n<div class=\"j83agx80 btwxx1t3 lhclo0ds hop8lmos nkwizq5d scwd0bx6 roh60bw9\">\n<div class=\"rq0escxv hkbzh7o3 jwdofwj8 n8tt0mok r8blr3vg hyh9befq\">\n<div class=\"do00u71z l9j0dhe7 k4urcfbm\">\n<div class=\"ecm0bbzt e5nlhep0 a8c37x1j\">\n<div class=\"kvgmc6g5 cxmmr5t8 oygrvhab hcukyx3x c1et5uql\">\n<div class=\"gmail-kvgmc6g5 gmail-cxmmr5t8 gmail-oygrvhab gmail-hcukyx3x gmail-c1et5uql gmail-ii04i59q\">\n<div class=\"page-title-head hgroup\">\n<div class=\"page-title-head hgroup\">\n<div class=\"b654a4as d2edcug0\">\n<div class=\"j83agx80 btwxx1t3 lhclo0ds hop8lmos nkwizq5d scwd0bx6 roh60bw9\">\n<div class=\"rq0escxv hkbzh7o3 jwdofwj8 n8tt0mok r8blr3vg hyh9befq\">\n<div class=\"do00u71z l9j0dhe7 k4urcfbm\">\n<div class=\"page-title-head hgroup\">\n<div class=\"page-title-head hgroup\">\n<div class=\"page-title-head hgroup\">\n<div class=\"page-title-head hgroup\">\n<div class=\"b654a4as d2edcug0\">\n<div class=\"page-title-head hgroup\">\n<div class=\"page-title-head hgroup\">\n<div class=\"page-title-head hgroup\">\n<div class=\"page-title-head hgroup\">\n<div class=\"b654a4as d2edcug0\">\n<div class=\"page-title-head hgroup\">\n<div class=\"page-title-head hgroup\">\n<div class=\"page-title-head hgroup\">\n<div class=\"page-title-head hgroup\">\n<div class=\"page-title-head hgroup\">\n<div class=\"page-title-head hgroup\">\n<div class=\"page-title-head hgroup\">\n<div class=\"page-title-head hgroup\">\n<div class=\"page-title-head hgroup\">\n<div class=\"b654a4as d2edcug0\">\n<div class=\"page-title-head hgroup\">\n<div class=\"page-title-head hgroup\">\n<div class=\"page-title-head hgroup\">\n<div class=\"page-title-head hgroup\">\n<div class=\"b654a4as d2edcug0\">\n<div class=\"page-title-head hgroup\">\n<div class=\"page-title-head hgroup\">\n<div class=\"page-title-head hgroup\">\n<div class=\"page-title-head hgroup\">\n<div class=\"page-title-head hgroup\">\n<div class=\"mkdf-post-text\">\n<div class=\"mkdf-post-text-inner\">\n<div class=\"mkdf-post-text-main\">\n<div class=\"mkdf-post-text\">\n<div class=\"mkdf-post-text-inner\">\n<div class=\"mkdf-post-text-main\">\n<div class=\"mkdf-post-text\">\n<div class=\"mkdf-post-text-inner\">\n<div class=\"mkdf-post-text-main\">\n<div class=\"page-title-head hgroup\">\n<div class=\"page-title-head hgroup\">\n<div class=\"mkdf-post-text\">\n<div class=\"mkdf-post-text-inner\">\n<div class=\"mkdf-post-text-main\">\n<div class=\"mkdf-post-text\">\n<div class=\"mkdf-post-text-inner\">\n<div class=\"mkdf-post-text-main\">\n<div class=\"page-title-head hgroup\">\n<div class=\"page-title-head hgroup\">\n<div class=\"page-title-head hgroup\">\n<div class=\"page-title-head hgroup\">\n<div class=\"b654a4as d2edcug0\">\n<div class=\"page-title-head hgroup\">\n<div class=\"page-title-head hgroup\">\n<div class=\"page-title-head hgroup\">\n<div class=\"page-title-head hgroup\">\n<div class=\"b654a4as d2edcug0\">\n<div class=\"page-title-head hgroup\">\n<div class=\"page-title-head hgroup\">\n<div class=\"page-title-head hgroup\">\n<div class=\"page-title-head hgroup\">\n<div class=\"b654a4as d2edcug0\">\n<div class=\"ecm0bbzt e5nlhep0 a8c37x1j\">\n<div class=\"kvgmc6g5 cxmmr5t8 oygrvhab hcukyx3x c1et5uql\">\n<div class=\"gmail-kvgmc6g5 gmail-cxmmr5t8 gmail-oygrvhab gmail-hcukyx3x gmail-c1et5uql gmail-ii04i59q\">\n<div class=\"page-title-head hgroup\">\n<div class=\"page-title-head hgroup\">\n<div class=\"b654a4as d2edcug0\">\n<div class=\"j83agx80 btwxx1t3 lhclo0ds hop8lmos nkwizq5d scwd0bx6 roh60bw9\">\n<div class=\"rq0escxv hkbzh7o3 jwdofwj8 n8tt0mok r8blr3vg hyh9befq\">\n<div class=\"do00u71z l9j0dhe7 k4urcfbm\">\n<div class=\"page-title-head hgroup\">\n<div class=\"page-title-head hgroup\">\n<div class=\"page-title-head hgroup\">\n<div class=\"page-title-head hgroup\">\n<div class=\"b654a4as d2edcug0\">\n<div class=\"page-title-head hgroup\">\n<div class=\"page-title-head hgroup\">\n<div class=\"page-title-head hgroup\">\n<div class=\"page-title-head hgroup\">\n<div class=\"b654a4as d2edcug0\">\n<div class=\"page-title-head hgroup\">\n<div class=\"page-title-head hgroup\">\n<div class=\"page-title-head hgroup\">\n<div class=\"page-title-head hgroup\">\n<div class=\"page-title-head hgroup\">\n<div class=\"page-title-head hgroup\">\n<div class=\"page-title-head hgroup\">\n<div class=\"page-title-head hgroup\">\n<div class=\"page-title-head hgroup\">\n<div class=\"b654a4as d2edcug0\">\n<div class=\"page-title-head hgroup\">\n<div class=\"page-title-head hgroup\">\n<div class=\"page-title-head hgroup\">\n<div class=\"page-title-head hgroup\">\n<div class=\"b654a4as d2edcug0\">\n<div class=\"page-title-head hgroup\">\n<div class=\"page-title-head hgroup\">\n<div class=\"page-title-head hgroup\">\n<div class=\"page-title-head hgroup\">\n<div class=\"page-title-head hgroup\">\n<div class=\"mkdf-post-text\">\n<div class=\"mkdf-post-text-inner\">\n<div class=\"mkdf-post-text-main\">\n<div class=\"mkdf-post-text\">\n<div class=\"mkdf-post-text-inner\">\n<div class=\"mkdf-post-text-main\">\n<div class=\"mkdf-post-text\">\n<div class=\"mkdf-post-text-inner\">\n<div class=\"mkdf-post-text-main\">\n<div class=\"page-title-head hgroup\">\n<div class=\"page-title-head hgroup\">\n<div class=\"mkdf-post-text\">\n<div class=\"mkdf-post-text-inner\">\n<div class=\"mkdf-post-text-main\">\n<div class=\"mkdf-post-text\">\n<div class=\"mkdf-post-text-inner\">\n<div class=\"mkdf-post-text-main\">\n<div class=\"page-title-head hgroup\">\n<div class=\"page-title-head hgroup\">\n<div class=\"page-title-head hgroup\">\n<div class=\"page-title-head hgroup\">\n<div class=\"b654a4as d2edcug0\">\n<div class=\"page-title-head hgroup\">\n<div class=\"page-title-head hgroup\">\n<div class=\"page-title-head hgroup\">\n<div class=\"page-title-head hgroup\">\n<div class=\"b654a4as d2edcug0\">\n<div class=\"page-title-head hgroup\">\n<div class=\"page-title-head hgroup\">\n<div class=\"page-title-head hgroup\">\n<div class=\"page-title-head hgroup\">\n<div class=\"b654a4as d2edcug0\">\n<p>&nbsp;<\/p>\n<\/div>\n<div class=\"b654a4as d2edcug0\">\n<div class=\"ecm0bbzt e5nlhep0 a8c37x1j\">\n<div class=\"kvgmc6g5 cxmmr5t8 oygrvhab hcukyx3x c1et5uql\">\n<div class=\"gmail-kvgmc6g5 gmail-cxmmr5t8 gmail-oygrvhab gmail-hcukyx3x gmail-c1et5uql gmail-ii04i59q\">\n<div>\n<div class=\"page-title-head hgroup\">\n<div class=\"page-title-head hgroup\">\n<div class=\"b654a4as d2edcug0\">\n<div class=\"j83agx80 btwxx1t3 lhclo0ds hop8lmos nkwizq5d scwd0bx6 roh60bw9\">\n<div class=\"rq0escxv hkbzh7o3 jwdofwj8 n8tt0mok r8blr3vg hyh9befq\">\n<div class=\"do00u71z l9j0dhe7 k4urcfbm\">\n<div>\n<div class=\"page-title-head hgroup\">\n<div class=\"page-title-head hgroup\">\n<div class=\"page-title-head hgroup\">\n<div class=\"page-title-head hgroup\">\n<div class=\"b654a4as d2edcug0\">\n<div class=\"page-title-head hgroup\">\n<div class=\"page-title-head hgroup\">\n<div class=\"page-title-head hgroup\">\n<div class=\"page-title-head hgroup\">\n<div class=\"b654a4as d2edcug0\">\n<div class=\"page-title-head hgroup\">\n<div class=\"page-title-head hgroup\">\n<div class=\"page-title-head hgroup\">\n<div class=\"page-title-head hgroup\">\n<div class=\"page-title-head hgroup\">\n<div class=\"mkdf-post-text\">\n<div class=\"mkdf-post-text-inner\">\n<div class=\"mkdf-post-text-main\">\n<div class=\"mkdf-post-text\">\n<div class=\"mkdf-post-text-inner\">\n<div class=\"mkdf-post-text-main\">\n<div class=\"mkdf-post-text\">\n<div class=\"mkdf-post-text-inner\">\n<div class=\"mkdf-post-text-main\">\n<div class=\"page-title-head hgroup\">\n<div class=\"page-title-head hgroup\">\n<div class=\"mkdf-post-text\">\n<div class=\"mkdf-post-text-inner\">\n<div class=\"mkdf-post-text-main\">\n<div class=\"mkdf-post-text\">\n<div class=\"mkdf-post-text-inner\">\n<div class=\"mkdf-post-text-main\">\n<div>\n<div class=\"page-title-head hgroup\">\n<div class=\"page-title-head hgroup\">\n<div>\n<div class=\"page-title-head hgroup\">\n<div class=\"page-title-head hgroup\">\n<div class=\"b654a4as d2edcug0\">\n<div>\n<div class=\"page-title-head hgroup\" style=\"text-align: left;\">\n<div class=\"page-title-head hgroup\">\n<div dir=\"auto\">\n<p><a class=\"dt-pswp-item pspw-wrap-ready\" href=\"https:\/\/i0.wp.com\/www.radiopiu.net\/wordpress\/wp-content\/uploads\/2018\/09\/WhatsApp-Image-2018-09-20-at-16.04.06.jpeg?ssl=1\" data-dt-img-description=\"\" data-large_image_width=\"800\" data-large_image_height=\"100\"><img loading=\"lazy\" decoding=\"async\" class=\"aligncenter wp-image-61378 size-full jetpack-lazy-image jetpack-lazy-image--handled\" src=\"https:\/\/i0.wp.com\/www.radiopiu.net\/wordpress\/wp-content\/uploads\/2018\/09\/WhatsApp-Image-2018-09-20-at-16.04.06.jpeg?resize=800%2C100&amp;ssl=1\" sizes=\"auto, (max-width: 800px) 100vw, 800px\" srcset=\"https:\/\/i0.wp.com\/www.radiopiu.net\/wordpress\/wp-content\/uploads\/2018\/09\/WhatsApp-Image-2018-09-20-at-16.04.06.jpeg?w=800&amp;ssl=1 800w, https:\/\/i0.wp.com\/www.radiopiu.net\/wordpress\/wp-content\/uploads\/2018\/09\/WhatsApp-Image-2018-09-20-at-16.04.06.jpeg?resize=300%2C38&amp;ssl=1 300w, https:\/\/i0.wp.com\/www.radiopiu.net\/wordpress\/wp-content\/uploads\/2018\/09\/WhatsApp-Image-2018-09-20-at-16.04.06.jpeg?resize=768%2C96&amp;ssl=1 768w\" alt=\"\" width=\"800\" height=\"100\" data-lazy-loaded=\"1\" \/><\/a><\/p>\n<\/div>\n<\/div>\n<\/div>\n<\/div>\n<\/div>\n<\/div>\n<\/div>\n<\/div>\n<\/div>\n<\/div>\n<\/div>\n<\/div>\n<\/div>\n<\/div>\n<\/div>\n<\/div>\n<\/div>\n<\/div>\n<\/div>\n<\/div>\n<\/div>\n<\/div>\n<\/div>\n<\/div>\n<\/div>\n<\/div>\n<\/div>\n<\/div>\n<\/div>\n<\/div>\n<\/div>\n<\/div>\n<\/div>\n<\/div>\n<\/div>\n<\/div>\n<\/div>\n<\/div>\n<\/div>\n<\/div>\n<\/div>\n<\/div>\n<\/div>\n<\/div>\n<\/div>\n<\/div>\n<\/div>\n<\/div>\n<\/div>\n<\/div>\n<\/div>\n<\/div>\n<\/div>\n<\/div>\n<\/div>\n<\/div>\n<\/div>\n<\/div>\n<\/div>\n<\/div>\n<\/div>\n<\/div>\n<\/div>\n<\/div>\n<\/div>\n<\/div>\n<\/div>\n<\/div>\n<\/div>\n<\/div>\n<\/div>\n<\/div>\n<\/div>\n<\/div>\n<\/div>\n<\/div>\n<\/div>\n<\/div>\n<\/div>\n<\/div>\n<\/div>\n<\/div>\n<\/div>\n<\/div>\n<\/div>\n<\/div>\n<\/div>\n<\/div>\n<\/div>\n<\/div>\n<\/div>\n<\/div>\n<\/div>\n<\/div>\n<\/div>\n<\/div>\n<\/div>\n<\/div>\n<\/div>\n<\/div>\n<\/div>\n<\/div>\n<\/div>\n<\/div>\n<\/div>\n<\/div>\n<\/div>\n<\/div>\n<\/div>\n<\/div>\n<\/div>\n<\/div>\n<\/div>\n<\/div>\n<\/div>\n<\/div>\n<\/div>\n<\/div>\n<\/div>\n<\/div>\n<\/div>\n<\/div>\n<\/div>\n<\/div>\n<\/div>\n<\/div>\n<\/div>\n<\/div>\n<\/div>\n<\/div>\n<\/div>\n<\/div>\n<\/div>\n<\/div>\n<\/div>\n<\/div>\n<\/div>\n<\/div>\n<\/div>\n<\/div>\n<\/div>\n<\/div>\n<\/div>\n<\/div>\n<\/div>\n<\/div>\n<\/div>\n<\/div>\n<\/div>\n<\/div>\n<\/div>\n<\/div>\n<\/div>\n<\/div>\n<\/div>\n<\/div>\n<\/div>\n<\/div>\n<\/div>\n<\/div>\n<\/div>\n<\/div>\n<\/div>\n<\/div>\n<\/div>\n<\/div>\n<\/div>\n<\/div>\n<\/div>\n<\/div>\n<\/div>\n<\/div>\n<\/div>\n<\/div>\n<\/div>\n<\/div>\n<\/div>\n<\/div>\n<\/div>\n<\/div>\n<\/div>\n<\/div>\n<\/div>\n<\/div>\n<\/div>\n<\/div>\n<\/div>\n<\/div>\n<\/div>\n<\/div>\n<\/div>\n<\/div>\n<\/div>\n<\/div>\n<\/div>\n<\/div>\n<\/div>\n<\/div>\n<\/div>\n<\/div>\n<\/div>\n<\/div>\n<\/div>\n<\/div>\n<\/div>\n<\/div>\n<\/div>\n<\/div>\n<\/div>\n<\/div>\n<\/div>\n<\/div>\n<\/div>\n<\/div>\n<\/div>\n<\/div>\n<\/div>\n<\/div>\n<\/div>\n<\/div>\n<\/div>\n<\/div>\n<\/div>\n<\/div>\n<\/div>\n<\/div>\n<\/div>\n<\/div>\n<\/div>\n<\/div>\n<\/div>\n<p>&nbsp;<\/p>\n<div><center><b>Lunedi 14<\/b><\/center><b>Tempo atteso: <\/b>Ancora tempo stabile con cielo sereno specie al mattino; nel corso della giornata arrivo di sottili velature da sud-ovest in graduale estensione verso nord-est, in un contesto che rimarr\u00e0 ancora abbastanza soleggiato. Verso il tardo pomeriggio\/sera graduale intensificazione della nuvolosit\u00e0, a partire dalle Prealpi veronesi, per l&#8217;arrivo di nubi medio-basse in estensione alla sera\/notte anche alle altre zone montane.<br \/>\n<b>Precipitazioni: <\/b>Assenti (0%).<br \/>\n<b>Temperature: <\/b>In aumento, specie le massime, anche marcato in alta montagna, prossime alle medie del periodo con importante escursione termica giornaliera nelle valli. Su Prealpi a 1500 m min -5\u00b0, max 3\u00b0, a 2000 m min -6\u00b0, max 2\u00b0; su Dolomiti a 2000 m min -7\u00b0, max 3\u00b0, a 3000 m min -9\u00b0, max -3\u00b0.<br \/>\n<b>Venti: <\/b>Nelle valli deboli o moderati di direzione variabile a regime di brezza, in quota dai quadranti occidentali in genere moderati, a tratti anche tesi, a 15-30 km\/h a 2000 m e a 25-35 km\/h a 3000 m.<\/p>\n<hr \/>\n<p><center><b>Martedi 15<\/b><\/center><b>Tempo atteso: <\/b>Giornata umida e poco soleggiata, a tratti anche molto nuvolosa per transito di nubi medio-alte. Possibili formazioni di foschie, di banchi di nebbia o di nubi basse in molte valli nelle ore pi\u00f9 fredde.<br \/>\n<b>Precipitazioni: <\/b>Assenti (0%).<br \/>\n<b>Temperature: <\/b>Minime in ulteriore aumento, massime senza notevoli variazioni o in lieve calo, specie nelle valli; modesta escursione termica giornaliera. Su Prealpi a 1500 m min 0\u00b0, max 3\u00b0, a 2000 m min -1\u00b0, max 1\u00b0; su Dolomiti a 2000 m min -3\u00b0, max 2\u00b0, a 3000 m min -7\u00b0, max -1\u00b0.<br \/>\n<b>Venti: <\/b>Nelle valli deboli o moderati di direzione variabile a regime di brezza; in alta montagna ancora dai quadranti occidentali, moderati o tesi, anche forti specie sulle zone prealpine, a 25-35 km\/h a 2000 m e a 35-45 km\/h a 3000 m.<\/p>\n<hr \/>\n<p><center><b>Mercoledi 16<\/b><\/center>Giornata un po&#8217; pi\u00f9 soleggiata rispetto a marted\u00ec specie dalla tarda mattinata, con possibili nubi basse o foschie o qualche banco di nebbia in alcune valli nelle ore pi\u00f9 fredde. Possibile aumento della nuvolosit\u00e0 dal tardo pomeriggio e non si esclude qualche breve e occasionale rovescio nella notte, eventualmente nevoso oltre i 1300-1600 m. Temperature in aumento anche marcato specie in quota e nei valori massimi e ben superiori alle medie del periodo. Venti in alta montagna in prevalenza moderati da nord-ovest.<\/p>\n<hr \/>\n<p><center><b>Giovedi 17<\/b><\/center>Cielo in prevalenza irregolarmente nuvoloso, con annuvolamenti alternati a qualche schiarita e senza precipitazioni. Temperature minime stazionarie o in lieve aumento nelle valli, in contenuto calo in alta montagna dove saranno misurate a fine giornata; massime in diminuzione anche marcata, specie in quota. Venti in alta montagna moderati dai quadranti settentrionali. Previsore: M.Padoan<\/p>\n<\/div>\n<p>&nbsp;<\/p>\n<hr \/>\n<p>&nbsp;<\/p>\n<p><img loading=\"lazy\" decoding=\"async\" class=\"wp-image-60761 size-full aligncenter\" src=\"https:\/\/www.radiopiu.net\/wordpress\/wp-content\/uploads\/2018\/09\/sport.jpg\" alt=\"\" width=\"800\" height=\"100\" srcset=\"https:\/\/www.radiopiu.net\/wordpress\/wp-content\/uploads\/2018\/09\/sport.jpg 800w, https:\/\/www.radiopiu.net\/wordpress\/wp-content\/uploads\/2018\/09\/sport-300x38.jpg 300w, https:\/\/www.radiopiu.net\/wordpress\/wp-content\/uploads\/2018\/09\/sport-768x96.jpg 768w\" sizes=\"auto, (max-width: 800px) 100vw, 800px\" \/><\/p>\n<p>&nbsp;<\/p>\n<p><span style=\"color: #0000ff;\"><strong>CALCIO<\/strong><\/span><\/p>\n<blockquote>\n<h3>L&#8217;AGORDINA CROLLA IN CASA, IL KERALPEN PAREGGIA A VITTORIO VENETO<\/h3>\n<\/blockquote>\n<p><strong><a class=\"dt-pswp-item\" href=\"https:\/\/www.radiopiu.net\/wordpress\/wp-content\/uploads\/2019\/01\/CALCIO-GOL.jpg\" data-dt-img-description=\"\" data-large_image_width=\"800\" data-large_image_height=\"400\"><img loading=\"lazy\" decoding=\"async\" class=\"size-medium wp-image-73083 alignleft\" src=\"https:\/\/www.radiopiu.net\/wordpress\/wp-content\/uploads\/2019\/01\/CALCIO-GOL-300x150.jpg\" alt=\"\" width=\"300\" height=\"150\" srcset=\"https:\/\/www.radiopiu.net\/wordpress\/wp-content\/uploads\/2019\/01\/CALCIO-GOL-300x150.jpg 300w, https:\/\/www.radiopiu.net\/wordpress\/wp-content\/uploads\/2019\/01\/CALCIO-GOL-768x384.jpg 768w, https:\/\/www.radiopiu.net\/wordpress\/wp-content\/uploads\/2019\/01\/CALCIO-GOL.jpg 800w\" sizes=\"auto, (max-width: 300px) 100vw, 300px\" \/><\/a>SECONDA CATEGORIA GIR. T \/ AGORDINA \u2013 ITLAS SANTA GIUSTINA SERRAVALLE <\/strong><strong>0-3<\/strong><\/p>\n<p>Dopo tre risultati utili consecutivi l\u2019Agordina di Marco Lorenzi crolla all\u2019Ivano dorigo contro l\u2019Itlas Santa Giustina Serravalle. Una sconfitta meritata con i trevigiani che hanno condotto la partita dall\u2019inizio alla fine. Gli agordini non hanno saputo esprimere un buon calcio con tanti errori in tutti i settori del campo. Ora la formazione di Agordo si trova al quinto posto in classifica e domenica prossima avr\u00e0 la possibilit\u00e0 di riscattarsi contro il Ponte Nelle Alpi con una sfida importante visto che risulta scontro diretto. Parte in salita la gara dell\u2019Agordina che subisce il gol alla prima vera occasione degli ospiti. Punizione dal limite e vantaggio dell\u2019Itlas. La compagine di Agordo prova subito a reagire ma il vento a sfavore non agevola le azioni a palla alta. Paganin ci prova ma la sfera termina fuori di poco. I trevigiani colpiscono in contropiede e trovano il raddoppio. Un giocatore scappa sulla fascia e serve al centro dove c\u2019\u00e8 una deviazione vincente che batte Dell\u2019Osbel. Accusa il colpo la squadra di Lorenzi che non riesce a macinare gioco e mettere in difficolt\u00e0 gli avversari. L\u2019Itlas ne approfitta della situazione per impegnare il portiere agordino. Nella ripresa l\u2019Agordina sembra alzare la testa ma il gioco rimane stabile a centrocampo. Intanto gli ospiti si fanno ancora una volta pericolosi con una punizione che sorvola la traversa di poco. La squadra di Agordo stenta ad avvicinarsi alla porta avversaria e l\u2019Itlas continua a farsi pericoloso con Ostet che impegna la difesa avversaria pi\u00f9 volte. Nel finale di gara arriva la terza marcatura del Serravalle.<\/p>\n<p>&nbsp;<\/p>\n<p><strong>GIOVANISSIMI PROVINCIALI \/ LG VALBELLUNA \u2013 AGORDINA 2-2<\/strong><\/p>\n<p>Dopo un periodo di astinenza, i Giovanissimi ritornano a muovere la classifica. Sul campo di Trichiana la nostra squadra ha ottenuto un 2-2 frutto di una partita dai due volti. Nel primo tempo un&#8217;Agordina non brutta, ma un po&#8217; troppo timorosa ha finito per concedere due grosse ingenuit\u00e0 che hanno consentito al Valbelluna di portarsi sul doppio vantaggio, dopo che, prima Manuel Soccol e poi Marek Chenet avevano fallito due clamorose occasioni da gol. Nella ripresa i ragazzi dell&#8217;Agordina hanno avuto il grande merito di reagire dimostrando una maggiore convinzione e sicurezza nei loro mezzi. Tutto ci\u00f2 ha portato, prima al gol di Ilario Farenzena, abile nell&#8217;indirizzare in porta un prezioso invito di Manuel Soccol e poco dopo ancora Manuel Soccol andava in pressione su un difensore in uscita, portandogli via la palla per poi trafiggere l&#8217;estremo difensore avversario. Sul 2-2 l&#8217;Agordina ha attaccato ancora, ma senza esito.<\/p>\n<p>&nbsp;<\/p>\n<p><strong>ALLIEVI REGIONALI \/ LOVISPRESIANO \u2013 AGORDINA 1-2<\/strong><\/p>\n<p>Vittoria essenziale per l\u2019Agordina che batte di misura il Lovispresiano in quella che si pu\u00f2 definire una sfida salvezza per i ragazzi di Agordo. Con una doppietta di Mezzacasa la compagne agordina incamera 3 punti importanti contro un avversario ostico. Match subito in salita per i ragazzi agordini che dopo 6\u2019 si trovano in svantaggio. Viene concesso un rigore all\u2019Agordina che Mezzacasa trasforma pareggiando i conti. Lovispresiano in 10 per l\u2019espulsione di un giocatore e match combattuto. Ad inizio ripresa Mezzacasa trova la rete del vantaggio con un tiro da fuori. Si continua a lottare e il portiere dell\u2019Agordina salva il risultato pi\u00f9 volte. Domenica prossima altra partita importante contro il Porto Mansu\u00e8.<\/p>\n<p>&nbsp;<\/p>\n<p><strong>JUNIORES REGIONALI \/ AGORDINA \u2013 SAN VENDEMMIANO 0-6<\/strong><\/p>\n<p>Lo si pu\u00f2 definire un tonfo quello della squadra allenata da Roberto Fontanive che all\u2019Ivano Dorigo di Agordo non entra mai in partita contro il San Vendemmiano. Un match da dimenticare in fretta anche perch\u00e9 il punteggio tennistico dei trevigiani fa male al morale della squadra visto che ha perso contro il fanalino di coda del campionato. Agordina a met\u00e0 classifica con 20 punti.<\/p>\n<p>&nbsp;<\/p>\n<p><strong>JUNIORES PROVINCIALI \/ LIMANA \u2013 FIORI BARP 0-6<\/strong><\/p>\n<p>Continua a vincere il Fiori Barp nel campionato Juniores Provinciale che rifila 6 gol al Limana. Punteggio tennistico in favore dei sedicensi che mettono in tasca altri 3 punti e in classifica comandano con 7 punti di vantaggio sulla Plavis. Una partita a senso unico decisa da due triplette di Fadda e Hykolli. Una partita perfetta che dimostra la qualit\u00e0 e la grinta dei giovani del Fiori Barp.<\/p>\n<p>&nbsp;<\/p>\n<p><strong>ECCELLENZA FEMMINILE \/ PREMAC VITTORIO VENETO \u2013 KERALPEN 1-1 (Gol Keralpen: Sommariva)<\/strong><\/p>\n<p>Dopo 3 turni a bocca asciutta, il Keralpen torna ad incamerare punti e lo fa in terra trevigiana dove strappa un pareggio a Vittorio Veneto. Una partita combattuta con le squadre che hanno creato tanto ma non sono andate a segno altrettanto. Trevigiane in vantaggio nella ripresa e bellunesi che pareggiano nel finale con Sommariva. Prima fase di gara con le compagini che giocano a centrocampo e si studiano a lungo. Le azioni da rete non arrivano. La partita si anima un po\u2019 ma la sfida sembra non volersi sbloccare e si va al riposo con le reti inviolate. Anche nel secondo tempo le squadre se la giocano alla pari nonostante le azioni sia da una parte che dall\u2019altra. Ad avere la meglio sono le padrone di casa che a 15\u2019 dal termine riescono a sbloccare la partita. Il Keralpen reagisce e nel finale di gara riesce a pareggiare i conti con Sommariva.<\/p>\n<p>&nbsp;<\/p>\n<p>&nbsp;<\/p>\n<hr \/>\n<p>&nbsp;<\/p>\n<p><span style=\"color: #0000ff;\"><strong>BROOMBALL<\/strong><\/span><\/p>\n<blockquote>\n<h3>IL BROOMBALL BELLUNO E&#8217; CAMPIONE D&#8217;ITALIA. BATTE L&#8217;EGNA AI RIGORI<\/h3>\n<\/blockquote>\n<p><strong>BELLUNO &#8211; EGNA 2-1 DTR<\/strong><\/p>\n<p><strong>FELTRE <\/strong>Il Broomball Belluno vince lo scudetto 2021\/22. Lo fa allo stadio del ghiaccio di Feltre dove era in programma la giornata conclusiva del campionato. Ci sono voluti i tiri di rigore per decretare la vincitrice della finalissima che ha visto di fronte i bellunesi contro l&#8217;Egna. Una partita giocata alla pari che visto il Belluno passare subito in vantaggio, gli altoatesini pareggiare i conti subito dopo e una lotta a viso aperto con le due compagini che non se le sono mandate a dire. Nell&#8217;overtime viene annullata una rete all&#8217;Egna e ai rigori sono decisive le reti a firma bellunese di Alex Farenzena e Danilo Canei. Inizia alla grande la finale del Belluno che dopo poco pi\u00f9 di 2&#8242; passa in vantaggio con Matteo Pioggia. La partita \u00e8 equilibrata e dopo qualche minuto l&#8217;Egna pareggia i conti. Le due compagini non se le mandano a dire e danno spettacolo al Drio Le Rive. Match molto combattuto con tanti cambi di fronte ma il primo tempo termina in parit\u00e0. Anche nel secondo tempo l&#8217;equilibrio la fa da padrona e le squadre non riescono a segnare chiudendo i tempi regolamentari su l&#8217;1 a 1. Si va all&#8217;overtime ma neanche il tempo supplementare non decreta la vincitrice, anzi viene annullato un gol agli altoatesini. Si va ai rigori. L&#8217;Egna va a segno con il primo penalty ma il Belluno pareggia i conti con Alex Farenzena. Sale la tensione e la squadra altoatesina sbaglia di nuovo. A siglare la rete della vittoria ci pensa Danilo Canei al quarto rigore consegnando al Belluno il titolo di Campiona D&#8217;Italia.<\/p>\n\n\t\t\t<style type='text\/css'>\n\t\t\t\t#gallery-7 {\n\t\t\t\t\tmargin: auto;\n\t\t\t\t}\n\t\t\t\t#gallery-7 .gallery-item {\n\t\t\t\t\tfloat: left;\n\t\t\t\t\tmargin-top: 10px;\n\t\t\t\t\ttext-align: center;\n\t\t\t\t\twidth: 25%;\n\t\t\t\t}\n\t\t\t\t#gallery-7 img {\n\t\t\t\t\tborder: 2px solid #cfcfcf;\n\t\t\t\t}\n\t\t\t\t#gallery-7 .gallery-caption {\n\t\t\t\t\tmargin-left: 0;\n\t\t\t\t}\n\t\t\t\t\/* see gallery_shortcode() in wp-includes\/media.php *\/\n\t\t\t<\/style>\n\t\t<div id='gallery-7' class='dt-gallery-container gallery galleryid-264342 gallery-columns-4 gallery-size-medium'><dl class='gallery-item'>\n\t\t\t\t<dt class='gallery-icon landscape'>\n\t\t\t\t\t<a class=\"rollover rollover-zoom dt-pswp-item\" title=\"5f7a2e27-d0e6-4748-b9b9-7a224c28357c\" data-dt-img-description=\"\" data-large_image_width=\"2048\" data-large_image_height=\"1152\"href='https:\/\/www.radiopiu.net\/wordpress\/wp-content\/uploads\/2022\/03\/5f7a2e27-d0e6-4748-b9b9-7a224c28357c-rotated.jpg'><img loading=\"lazy\" decoding=\"async\" width=\"300\" height=\"169\" src=\"https:\/\/www.radiopiu.net\/wordpress\/wp-content\/uploads\/2022\/03\/5f7a2e27-d0e6-4748-b9b9-7a224c28357c-300x169.jpg\" class=\"attachment-medium size-medium\" alt=\"\" srcset=\"https:\/\/www.radiopiu.net\/wordpress\/wp-content\/uploads\/2022\/03\/5f7a2e27-d0e6-4748-b9b9-7a224c28357c-300x169.jpg 300w, https:\/\/www.radiopiu.net\/wordpress\/wp-content\/uploads\/2022\/03\/5f7a2e27-d0e6-4748-b9b9-7a224c28357c-1024x576.jpg 1024w, https:\/\/www.radiopiu.net\/wordpress\/wp-content\/uploads\/2022\/03\/5f7a2e27-d0e6-4748-b9b9-7a224c28357c-768x432.jpg 768w, https:\/\/www.radiopiu.net\/wordpress\/wp-content\/uploads\/2022\/03\/5f7a2e27-d0e6-4748-b9b9-7a224c28357c-1536x864.jpg 1536w, https:\/\/www.radiopiu.net\/wordpress\/wp-content\/uploads\/2022\/03\/5f7a2e27-d0e6-4748-b9b9-7a224c28357c-rotated.jpg 2048w\" sizes=\"auto, (max-width: 300px) 100vw, 300px\" \/><\/a>\n\t\t\t\t<\/dt><\/dl><dl class='gallery-item'>\n\t\t\t\t<dt class='gallery-icon landscape'>\n\t\t\t\t\t<a class=\"rollover rollover-zoom dt-pswp-item\" title=\"24143027-8d39-4c35-8aa9-884a65c9b442\" data-dt-img-description=\"\" data-large_image_width=\"2048\" data-large_image_height=\"1152\"href='https:\/\/www.radiopiu.net\/wordpress\/wp-content\/uploads\/2022\/03\/24143027-8d39-4c35-8aa9-884a65c9b442.jpg'><img loading=\"lazy\" decoding=\"async\" width=\"300\" height=\"169\" src=\"https:\/\/www.radiopiu.net\/wordpress\/wp-content\/uploads\/2022\/03\/24143027-8d39-4c35-8aa9-884a65c9b442-300x169.jpg\" class=\"attachment-medium size-medium\" alt=\"\" srcset=\"https:\/\/www.radiopiu.net\/wordpress\/wp-content\/uploads\/2022\/03\/24143027-8d39-4c35-8aa9-884a65c9b442-300x169.jpg 300w, https:\/\/www.radiopiu.net\/wordpress\/wp-content\/uploads\/2022\/03\/24143027-8d39-4c35-8aa9-884a65c9b442-1024x576.jpg 1024w, https:\/\/www.radiopiu.net\/wordpress\/wp-content\/uploads\/2022\/03\/24143027-8d39-4c35-8aa9-884a65c9b442-768x432.jpg 768w, https:\/\/www.radiopiu.net\/wordpress\/wp-content\/uploads\/2022\/03\/24143027-8d39-4c35-8aa9-884a65c9b442-1536x864.jpg 1536w, https:\/\/www.radiopiu.net\/wordpress\/wp-content\/uploads\/2022\/03\/24143027-8d39-4c35-8aa9-884a65c9b442.jpg 2048w\" sizes=\"auto, (max-width: 300px) 100vw, 300px\" \/><\/a>\n\t\t\t\t<\/dt><\/dl><dl class='gallery-item'>\n\t\t\t\t<dt class='gallery-icon landscape'>\n\t\t\t\t\t<a class=\"rollover rollover-zoom dt-pswp-item\" title=\"Schermata 2022-03-12 alle 20.56.08\" data-dt-img-description=\"\" data-large_image_width=\"1068\" data-large_image_height=\"728\"href='https:\/\/www.radiopiu.net\/wordpress\/wp-content\/uploads\/2022\/03\/Schermata-2022-03-12-alle-20.56.08.png'><img loading=\"lazy\" decoding=\"async\" width=\"300\" height=\"204\" src=\"https:\/\/www.radiopiu.net\/wordpress\/wp-content\/uploads\/2022\/03\/Schermata-2022-03-12-alle-20.56.08-300x204.png\" class=\"attachment-medium size-medium\" alt=\"\" srcset=\"https:\/\/www.radiopiu.net\/wordpress\/wp-content\/uploads\/2022\/03\/Schermata-2022-03-12-alle-20.56.08-300x204.png 300w, https:\/\/www.radiopiu.net\/wordpress\/wp-content\/uploads\/2022\/03\/Schermata-2022-03-12-alle-20.56.08-1024x698.png 1024w, https:\/\/www.radiopiu.net\/wordpress\/wp-content\/uploads\/2022\/03\/Schermata-2022-03-12-alle-20.56.08-768x524.png 768w, https:\/\/www.radiopiu.net\/wordpress\/wp-content\/uploads\/2022\/03\/Schermata-2022-03-12-alle-20.56.08.png 1068w\" sizes=\"auto, (max-width: 300px) 100vw, 300px\" \/><\/a>\n\t\t\t\t<\/dt><\/dl><dl class='gallery-item'>\n\t\t\t\t<dt class='gallery-icon landscape'>\n\t\t\t\t\t<a class=\"rollover rollover-zoom dt-pswp-item\" title=\"e8fe3f6b-4225-4401-9443-7db198710b6e-1\" data-dt-img-description=\"\" data-large_image_width=\"1599\" data-large_image_height=\"899\"href='https:\/\/www.radiopiu.net\/wordpress\/wp-content\/uploads\/2022\/03\/e8fe3f6b-4225-4401-9443-7db198710b6e-1.jpg'><img loading=\"lazy\" decoding=\"async\" width=\"300\" height=\"169\" src=\"https:\/\/www.radiopiu.net\/wordpress\/wp-content\/uploads\/2022\/03\/e8fe3f6b-4225-4401-9443-7db198710b6e-1-300x169.jpg\" class=\"attachment-medium size-medium\" alt=\"\" srcset=\"https:\/\/www.radiopiu.net\/wordpress\/wp-content\/uploads\/2022\/03\/e8fe3f6b-4225-4401-9443-7db198710b6e-1-300x169.jpg 300w, https:\/\/www.radiopiu.net\/wordpress\/wp-content\/uploads\/2022\/03\/e8fe3f6b-4225-4401-9443-7db198710b6e-1-1024x576.jpg 1024w, https:\/\/www.radiopiu.net\/wordpress\/wp-content\/uploads\/2022\/03\/e8fe3f6b-4225-4401-9443-7db198710b6e-1-768x432.jpg 768w, https:\/\/www.radiopiu.net\/wordpress\/wp-content\/uploads\/2022\/03\/e8fe3f6b-4225-4401-9443-7db198710b6e-1-1536x864.jpg 1536w, https:\/\/www.radiopiu.net\/wordpress\/wp-content\/uploads\/2022\/03\/e8fe3f6b-4225-4401-9443-7db198710b6e-1.jpg 1599w\" sizes=\"auto, (max-width: 300px) 100vw, 300px\" \/><\/a>\n\t\t\t\t<\/dt><\/dl><br style=\"clear: both\" \/><dl class='gallery-item'>\n\t\t\t\t<dt class='gallery-icon landscape'>\n\t\t\t\t\t<a class=\"rollover rollover-zoom dt-pswp-item\" title=\"4b05a8f4-2954-4819-8ec1-65351bb6b9fa\" data-dt-img-description=\"\" data-large_image_width=\"1600\" data-large_image_height=\"1200\"href='https:\/\/www.radiopiu.net\/wordpress\/wp-content\/uploads\/2022\/03\/4b05a8f4-2954-4819-8ec1-65351bb6b9fa.jpg'><img loading=\"lazy\" decoding=\"async\" width=\"300\" height=\"225\" src=\"https:\/\/www.radiopiu.net\/wordpress\/wp-content\/uploads\/2022\/03\/4b05a8f4-2954-4819-8ec1-65351bb6b9fa-300x225.jpg\" class=\"attachment-medium size-medium\" alt=\"\" srcset=\"https:\/\/www.radiopiu.net\/wordpress\/wp-content\/uploads\/2022\/03\/4b05a8f4-2954-4819-8ec1-65351bb6b9fa-300x225.jpg 300w, https:\/\/www.radiopiu.net\/wordpress\/wp-content\/uploads\/2022\/03\/4b05a8f4-2954-4819-8ec1-65351bb6b9fa-1024x768.jpg 1024w, https:\/\/www.radiopiu.net\/wordpress\/wp-content\/uploads\/2022\/03\/4b05a8f4-2954-4819-8ec1-65351bb6b9fa-768x576.jpg 768w, https:\/\/www.radiopiu.net\/wordpress\/wp-content\/uploads\/2022\/03\/4b05a8f4-2954-4819-8ec1-65351bb6b9fa-1536x1152.jpg 1536w, https:\/\/www.radiopiu.net\/wordpress\/wp-content\/uploads\/2022\/03\/4b05a8f4-2954-4819-8ec1-65351bb6b9fa.jpg 1600w\" sizes=\"auto, (max-width: 300px) 100vw, 300px\" \/><\/a>\n\t\t\t\t<\/dt><\/dl><dl class='gallery-item'>\n\t\t\t\t<dt class='gallery-icon landscape'>\n\t\t\t\t\t<a class=\"rollover rollover-zoom dt-pswp-item\" title=\"c285ee39-1a59-4fc9-ac6c-716f94a2e114\" data-dt-img-description=\"\" data-large_image_width=\"1600\" data-large_image_height=\"1200\"href='https:\/\/www.radiopiu.net\/wordpress\/wp-content\/uploads\/2022\/03\/c285ee39-1a59-4fc9-ac6c-716f94a2e114.jpg'><img loading=\"lazy\" decoding=\"async\" width=\"300\" height=\"225\" src=\"https:\/\/www.radiopiu.net\/wordpress\/wp-content\/uploads\/2022\/03\/c285ee39-1a59-4fc9-ac6c-716f94a2e114-300x225.jpg\" class=\"attachment-medium size-medium\" alt=\"\" srcset=\"https:\/\/www.radiopiu.net\/wordpress\/wp-content\/uploads\/2022\/03\/c285ee39-1a59-4fc9-ac6c-716f94a2e114-300x225.jpg 300w, https:\/\/www.radiopiu.net\/wordpress\/wp-content\/uploads\/2022\/03\/c285ee39-1a59-4fc9-ac6c-716f94a2e114-1024x768.jpg 1024w, https:\/\/www.radiopiu.net\/wordpress\/wp-content\/uploads\/2022\/03\/c285ee39-1a59-4fc9-ac6c-716f94a2e114-768x576.jpg 768w, https:\/\/www.radiopiu.net\/wordpress\/wp-content\/uploads\/2022\/03\/c285ee39-1a59-4fc9-ac6c-716f94a2e114-1536x1152.jpg 1536w, https:\/\/www.radiopiu.net\/wordpress\/wp-content\/uploads\/2022\/03\/c285ee39-1a59-4fc9-ac6c-716f94a2e114.jpg 1600w\" sizes=\"auto, (max-width: 300px) 100vw, 300px\" \/><\/a>\n\t\t\t\t<\/dt><\/dl><dl class='gallery-item'>\n\t\t\t\t<dt class='gallery-icon landscape'>\n\t\t\t\t\t<a class=\"rollover rollover-zoom dt-pswp-item\" title=\"931d22b6-8524-4c75-bcc2-da79b723a806\" data-dt-img-description=\"\" data-large_image_width=\"1600\" data-large_image_height=\"1200\"href='https:\/\/www.radiopiu.net\/wordpress\/wp-content\/uploads\/2022\/03\/931d22b6-8524-4c75-bcc2-da79b723a806.jpg'><img loading=\"lazy\" decoding=\"async\" width=\"300\" height=\"225\" src=\"https:\/\/www.radiopiu.net\/wordpress\/wp-content\/uploads\/2022\/03\/931d22b6-8524-4c75-bcc2-da79b723a806-300x225.jpg\" class=\"attachment-medium size-medium\" alt=\"\" srcset=\"https:\/\/www.radiopiu.net\/wordpress\/wp-content\/uploads\/2022\/03\/931d22b6-8524-4c75-bcc2-da79b723a806-300x225.jpg 300w, https:\/\/www.radiopiu.net\/wordpress\/wp-content\/uploads\/2022\/03\/931d22b6-8524-4c75-bcc2-da79b723a806-1024x768.jpg 1024w, https:\/\/www.radiopiu.net\/wordpress\/wp-content\/uploads\/2022\/03\/931d22b6-8524-4c75-bcc2-da79b723a806-768x576.jpg 768w, https:\/\/www.radiopiu.net\/wordpress\/wp-content\/uploads\/2022\/03\/931d22b6-8524-4c75-bcc2-da79b723a806-1536x1152.jpg 1536w, https:\/\/www.radiopiu.net\/wordpress\/wp-content\/uploads\/2022\/03\/931d22b6-8524-4c75-bcc2-da79b723a806.jpg 1600w\" sizes=\"auto, (max-width: 300px) 100vw, 300px\" \/><\/a>\n\t\t\t\t<\/dt><\/dl><dl class='gallery-item'>\n\t\t\t\t<dt class='gallery-icon landscape'>\n\t\t\t\t\t<a class=\"rollover rollover-zoom dt-pswp-item\" title=\"8afb419a-576c-4adc-a156-72044e0f281a\" data-dt-img-description=\"\" data-large_image_width=\"1600\" data-large_image_height=\"1200\"href='https:\/\/www.radiopiu.net\/wordpress\/wp-content\/uploads\/2022\/03\/8afb419a-576c-4adc-a156-72044e0f281a.jpg'><img loading=\"lazy\" decoding=\"async\" width=\"300\" height=\"225\" src=\"https:\/\/www.radiopiu.net\/wordpress\/wp-content\/uploads\/2022\/03\/8afb419a-576c-4adc-a156-72044e0f281a-300x225.jpg\" class=\"attachment-medium size-medium\" alt=\"\" srcset=\"https:\/\/www.radiopiu.net\/wordpress\/wp-content\/uploads\/2022\/03\/8afb419a-576c-4adc-a156-72044e0f281a-300x225.jpg 300w, https:\/\/www.radiopiu.net\/wordpress\/wp-content\/uploads\/2022\/03\/8afb419a-576c-4adc-a156-72044e0f281a-1024x768.jpg 1024w, https:\/\/www.radiopiu.net\/wordpress\/wp-content\/uploads\/2022\/03\/8afb419a-576c-4adc-a156-72044e0f281a-768x576.jpg 768w, https:\/\/www.radiopiu.net\/wordpress\/wp-content\/uploads\/2022\/03\/8afb419a-576c-4adc-a156-72044e0f281a-1536x1152.jpg 1536w, https:\/\/www.radiopiu.net\/wordpress\/wp-content\/uploads\/2022\/03\/8afb419a-576c-4adc-a156-72044e0f281a.jpg 1600w\" sizes=\"auto, (max-width: 300px) 100vw, 300px\" \/><\/a>\n\t\t\t\t<\/dt><\/dl><br style=\"clear: both\" \/>\n\t\t\t<\/div>\n\n<p>&nbsp;<\/p>\n<hr \/>\n<p>&nbsp;<\/p>\n<p><span style=\"color: #0000ff;\"><strong>HOCKEY SU GHIACCIO<\/strong><\/span><\/p>\n<blockquote>\n<h3>IL FELTREGHIACCIO PERDE AI RIGORI GARA 1 DI SEMIFINALE CON IL PINE&#8217;<\/h3>\n<\/blockquote>\n<p><strong><a class=\"dt-pswp-item\" href=\"https:\/\/www.radiopiu.net\/wordpress\/wp-content\/uploads\/2022\/01\/FELTREGHIACCIO.png\" data-dt-img-description=\"\" data-large_image_width=\"1135\" data-large_image_height=\"1135\"><img loading=\"lazy\" decoding=\"async\" class=\" wp-image-251913 alignleft\" src=\"https:\/\/www.radiopiu.net\/wordpress\/wp-content\/uploads\/2022\/01\/FELTREGHIACCIO-300x300.png\" alt=\"\" width=\"190\" height=\"190\" srcset=\"https:\/\/www.radiopiu.net\/wordpress\/wp-content\/uploads\/2022\/01\/FELTREGHIACCIO-300x300.png 300w, https:\/\/www.radiopiu.net\/wordpress\/wp-content\/uploads\/2022\/01\/FELTREGHIACCIO-1024x1024.png 1024w, https:\/\/www.radiopiu.net\/wordpress\/wp-content\/uploads\/2022\/01\/FELTREGHIACCIO-150x150.png 150w, https:\/\/www.radiopiu.net\/wordpress\/wp-content\/uploads\/2022\/01\/FELTREGHIACCIO-768x768.png 768w, https:\/\/www.radiopiu.net\/wordpress\/wp-content\/uploads\/2022\/01\/FELTREGHIACCIO.png 1135w\" sizes=\"auto, (max-width: 190px) 100vw, 190px\" \/><\/a>PINE&#8217; &#8211; FELTREGHIACCIO 3-2 DTR<\/strong><\/p>\n<p>GOL FELTREGHIACCIO: Geronazzo, Dall&#8217;Agnol<\/p>\n<p>La si pu\u00f2 definire una beffa la sconfitta ai rigori del Feltreghiaccio in gara 1 delle semifinali IHL Division I. La squadra feltrina non riesce a portare a casa gara uno dopo un sfida equilibrata ma che ha visto i bellunesi accusare la stanchezza della maratone contro il Bolzano\/Trento. Feltre che passa in vantaggio con Geronazzo nel primo tempo e il raddoppio arriva nel secondo drittel a firma di Lorenzo Dall&#8217;Agnol. Il pin\u00e8 accorcia le distanze e trova il pareggio nell&#8217;ultima frazione a pochi minuti dal termine. Si va all&#8217;overtime e poi ai rigori dove i padroni di casa hanno la meglio. Sabato al PalaFeltre gara 2 dove si attende il pubblico delle grandi occasioni. Ingaggio alle 20:30<\/p>\n<p>&nbsp;<\/p>\n<p>&nbsp;<\/p>\n<hr \/>\n<p>&nbsp;<\/p>\n<p><span style=\"color: #0000ff;\"><strong>PARALIMPIADI<\/strong><\/span><\/p>\n<blockquote>\n<h3 class=\"entry-title\">RENE\u2019 DE SILVESTRO CONQUISTA IL BRONZO NELLO SLALOM SPECIALE DELLE PARALIMPIADI<\/h3>\n<\/blockquote>\n<p><strong class=\"photoswipe-wrapper\"><a class=\"dt-pswp-item pspw-wrap-ready\" href=\"https:\/\/www.radiopiu.net\/wordpress\/wp-content\/uploads\/2022\/03\/9214f9c4-fd3b-4c97-8010-9686839bad27.jpg\" data-dt-img-description=\"\" data-large_image_width=\"1024\" data-large_image_height=\"666\"><img loading=\"lazy\" decoding=\"async\" class=\" wp-image-264472 alignleft\" src=\"https:\/\/www.radiopiu.net\/wordpress\/wp-content\/uploads\/2022\/03\/9214f9c4-fd3b-4c97-8010-9686839bad27-300x195.jpg\" sizes=\"auto, (max-width: 175px) 100vw, 175px\" srcset=\"https:\/\/www.radiopiu.net\/wordpress\/wp-content\/uploads\/2022\/03\/9214f9c4-fd3b-4c97-8010-9686839bad27-300x195.jpg 300w, https:\/\/www.radiopiu.net\/wordpress\/wp-content\/uploads\/2022\/03\/9214f9c4-fd3b-4c97-8010-9686839bad27-768x500.jpg 768w, https:\/\/www.radiopiu.net\/wordpress\/wp-content\/uploads\/2022\/03\/9214f9c4-fd3b-4c97-8010-9686839bad27.jpg 1024w\" alt=\"\" width=\"175\" height=\"114\" \/><\/a>REDAZIONE<\/strong>\u00a0Ancora una medaglia per Ren\u00e8 De Silvestro alle paralimpiadi di Pechino. Dopo l\u2019argento nello slalom gigante di gioved\u00ec scorso, l\u2019atleta bellunese appende al collo il bronzo nello slalom speciale. Terza posizione per il ragazzo di Pieve di Cadore che chiude la prova con un ritardo di 7\u203334 dal novegese che ha vinto la gara. Ren\u00e8 aveva chiuso la prima manche al terzo posto e nella seconda discesa \u00e8 riuscito a mantenere la posizione. Si chiudono dunque le Paralimpiadi di Ren\u00e8 De Silvestro con due medaglie, un argento e un bronzo.<\/p>\n<p>&nbsp;<\/p>\n<p>&nbsp;<\/p>\n<hr \/>\n<p>&nbsp;<\/p>\n<p><span style=\"color: #0000ff;\"><strong>SCI DI FONDO<\/strong><\/span><\/p>\n<blockquote>\n<h3>ELIA BARP DOMINA LA 10 KM DI SAPPADA DELLA OPA CUP<\/h3>\n<\/blockquote>\n<p><strong><a class=\"dt-pswp-item\" href=\"https:\/\/www.radiopiu.net\/wordpress\/wp-content\/uploads\/2022\/03\/elia-barp-viittoria-10-km-tc-sappada-12.03.2022-COVER.jpg\" data-dt-img-description=\"\" data-large_image_width=\"1167\" data-large_image_height=\"778\"><img loading=\"lazy\" decoding=\"async\" class=\" wp-image-264528 alignleft\" src=\"https:\/\/www.radiopiu.net\/wordpress\/wp-content\/uploads\/2022\/03\/elia-barp-viittoria-10-km-tc-sappada-12.03.2022-COVER-300x200.jpg\" alt=\"\" width=\"192\" height=\"128\" srcset=\"https:\/\/www.radiopiu.net\/wordpress\/wp-content\/uploads\/2022\/03\/elia-barp-viittoria-10-km-tc-sappada-12.03.2022-COVER-300x200.jpg 300w, https:\/\/www.radiopiu.net\/wordpress\/wp-content\/uploads\/2022\/03\/elia-barp-viittoria-10-km-tc-sappada-12.03.2022-COVER-1024x683.jpg 1024w, https:\/\/www.radiopiu.net\/wordpress\/wp-content\/uploads\/2022\/03\/elia-barp-viittoria-10-km-tc-sappada-12.03.2022-COVER-768x512.jpg 768w, https:\/\/www.radiopiu.net\/wordpress\/wp-content\/uploads\/2022\/03\/elia-barp-viittoria-10-km-tc-sappada-12.03.2022-COVER.jpg 1167w\" sizes=\"auto, (max-width: 192px) 100vw, 192px\" \/><\/a>SAPPADA<\/strong> Ottima prestazione di Elia Barp che vince la 10 km di Sappada valida per l&#8217;Opa Cup, il circuito continentale dello sci di fondo. Il ragazzo di Trichiana ha vinto la gara in tecnica classica e ora si trova solo a 28 punti in classifica dalla prima posizione. 25&#8217;25&#8221; il tempo di Barp nella gara di casa che ha tagliato il traguardo per primo precedendo il francese Mathis Desloges. Buoni piazzamenti anche per gli altri atleti italiani. Ottavo Andrea Zorzi dello Ski College Falcade e dodicesimo il falcadino Alex Serafini. Nell 7.5 km femminile bel terzo posto di Iris De Martin Pinter. (foto FISI Veneto)<\/p>\n<p>&nbsp;<\/p>\n<p>&nbsp;<\/p>\n<hr \/>\n<p>&nbsp;<\/p>\n<p><span style=\"color: #0000ff;\"><strong>SNOWBOARD<\/strong><\/span><\/p>\n<blockquote>\n<h3>PER LUCIA DALMASSO IL MIGLIOR RISULTATO DI SEMPRE IN COPPA DEL MONDO. NONA A PIANCAVALLO<\/h3>\n<\/blockquote>\n<p><strong><a class=\"dt-pswp-item\" href=\"https:\/\/www.radiopiu.net\/wordpress\/wp-content\/uploads\/2022\/01\/934ed186-f1eb-4bee-a1c4-dae328874085.jpg\" data-dt-img-description=\"\" data-large_image_width=\"1080\" data-large_image_height=\"720\"><img loading=\"lazy\" decoding=\"async\" class=\"size-medium wp-image-256452 alignleft\" src=\"https:\/\/www.radiopiu.net\/wordpress\/wp-content\/uploads\/2022\/01\/934ed186-f1eb-4bee-a1c4-dae328874085-300x200.jpg\" alt=\"\" width=\"300\" height=\"200\" srcset=\"https:\/\/www.radiopiu.net\/wordpress\/wp-content\/uploads\/2022\/01\/934ed186-f1eb-4bee-a1c4-dae328874085-300x200.jpg 300w, https:\/\/www.radiopiu.net\/wordpress\/wp-content\/uploads\/2022\/01\/934ed186-f1eb-4bee-a1c4-dae328874085-1024x683.jpg 1024w, https:\/\/www.radiopiu.net\/wordpress\/wp-content\/uploads\/2022\/01\/934ed186-f1eb-4bee-a1c4-dae328874085-768x512.jpg 768w, https:\/\/www.radiopiu.net\/wordpress\/wp-content\/uploads\/2022\/01\/934ed186-f1eb-4bee-a1c4-dae328874085.jpg 1080w\" sizes=\"auto, (max-width: 300px) 100vw, 300px\" \/><\/a> <\/strong><\/p>\n<p><strong>\u00a0<\/strong><\/p>\n<p><strong>PIANCAVALLO<\/strong> Si chiude con il miglior risultato stagionale in Coppa del Mondo lo slalom parallelo di Snowboard di Lucia Dalmasso a Piancavallo. L&#8217;atleta falcadina non riesce ad entrare nella batteria valida per i quarti di finale per solo un centesimo di secondo. Per la prima volta in carriera Lucia entra nella top ten in una gara valida per il campionato mondiale di snowboard.<\/p>\n<p>&nbsp;<\/p>\n<p>&nbsp;<\/p>\n<p>&nbsp;<\/p>\n<p>&nbsp;<\/p>\n<hr \/>\n<p>&nbsp;<\/p>\n<p><span style=\"color: #0000ff;\"><strong>SCI ALPINO<\/strong><\/span><\/p>\n<blockquote>\n<h3>A FORCELLA AURINE LA GARA DEL CENTENARIO DEL GS FRASSENE&#8217;. VINCONO GIORGIA CALDART E ALEX MARTINI<\/h3>\n<\/blockquote>\n<p><strong>GOSALDO<\/strong> Si \u00e8 svolta a Forcella Aurine la gara organizzata dal GS Frassen\u00e8 in occasione del centenario del sodalizio. Una giornata importante e memorabile per il gruppo di Voltago. Sui pendii del Gardelon si sono sfidati 90 concorrenti, un afflusso che non accadeva da tanti anni per la gara organizzata dal GS Frassen\u00e8. Tra i partecipanti una quindicina di vecchie guardie con sci di legno e scarponi di cuoio. Una giornata per festeggiare il centenario che ha coinvolto tanti bambini, incuriositi soprattutto dai materiali che venivano usati una volta. Per quanto riguarda la gara, in ambito femminile la vittoria \u00e8 andata a Giorgia Caldart, seconda Anna Bonelli e terza Ilaria Da Roit. La maschile \u00e8 andata ad Alex Martini, seconda posizione per Lorenzo Costa e ultimo gradino del podio a Fabrizio De Marco.<\/p>\n<p><strong>LE PREMIAZIONI<\/strong><\/p>\n\n\t\t\t<style type='text\/css'>\n\t\t\t\t#gallery-8 {\n\t\t\t\t\tmargin: auto;\n\t\t\t\t}\n\t\t\t\t#gallery-8 .gallery-item {\n\t\t\t\t\tfloat: left;\n\t\t\t\t\tmargin-top: 10px;\n\t\t\t\t\ttext-align: center;\n\t\t\t\t\twidth: 25%;\n\t\t\t\t}\n\t\t\t\t#gallery-8 img {\n\t\t\t\t\tborder: 2px solid #cfcfcf;\n\t\t\t\t}\n\t\t\t\t#gallery-8 .gallery-caption {\n\t\t\t\t\tmargin-left: 0;\n\t\t\t\t}\n\t\t\t\t\/* see gallery_shortcode() in wp-includes\/media.php *\/\n\t\t\t<\/style>\n\t\t<div id='gallery-8' class='dt-gallery-container gallery galleryid-264342 gallery-columns-4 gallery-size-thumbnail'><dl class='gallery-item'>\n\t\t\t\t<dt class='gallery-icon landscape'>\n\t\t\t\t\t<a class=\"rollover rollover-zoom dt-pswp-item\" title=\"d6161578-8b51-4da8-b910-1a7711ecf7b3\" data-dt-img-description=\"\" data-large_image_width=\"1024\" data-large_image_height=\"768\"href='https:\/\/www.radiopiu.net\/wordpress\/wp-content\/uploads\/2022\/03\/d6161578-8b51-4da8-b910-1a7711ecf7b3.jpg'><img loading=\"lazy\" decoding=\"async\" width=\"150\" height=\"150\" src=\"https:\/\/www.radiopiu.net\/wordpress\/wp-content\/uploads\/2022\/03\/d6161578-8b51-4da8-b910-1a7711ecf7b3-150x150.jpg\" class=\"attachment-thumbnail size-thumbnail\" alt=\"\" \/><\/a>\n\t\t\t\t<\/dt><\/dl><dl class='gallery-item'>\n\t\t\t\t<dt class='gallery-icon landscape'>\n\t\t\t\t\t<a class=\"rollover rollover-zoom dt-pswp-item\" title=\"fa0232cd-4b88-4d6c-af2e-f5d9a713ab52\" data-dt-img-description=\"\" data-large_image_width=\"1024\" data-large_image_height=\"768\"href='https:\/\/www.radiopiu.net\/wordpress\/wp-content\/uploads\/2022\/03\/fa0232cd-4b88-4d6c-af2e-f5d9a713ab52.jpg'><img loading=\"lazy\" decoding=\"async\" width=\"150\" height=\"150\" src=\"https:\/\/www.radiopiu.net\/wordpress\/wp-content\/uploads\/2022\/03\/fa0232cd-4b88-4d6c-af2e-f5d9a713ab52-150x150.jpg\" class=\"attachment-thumbnail size-thumbnail\" alt=\"\" \/><\/a>\n\t\t\t\t<\/dt><\/dl><dl class='gallery-item'>\n\t\t\t\t<dt class='gallery-icon landscape'>\n\t\t\t\t\t<a class=\"rollover rollover-zoom dt-pswp-item\" title=\"778235f8-8a03-4f21-bcd4-d726fad972aa\" data-dt-img-description=\"\" data-large_image_width=\"1024\" data-large_image_height=\"768\"href='https:\/\/www.radiopiu.net\/wordpress\/wp-content\/uploads\/2022\/03\/778235f8-8a03-4f21-bcd4-d726fad972aa.jpg'><img loading=\"lazy\" decoding=\"async\" width=\"150\" height=\"150\" src=\"https:\/\/www.radiopiu.net\/wordpress\/wp-content\/uploads\/2022\/03\/778235f8-8a03-4f21-bcd4-d726fad972aa-150x150.jpg\" class=\"attachment-thumbnail size-thumbnail\" alt=\"\" \/><\/a>\n\t\t\t\t<\/dt><\/dl><dl class='gallery-item'>\n\t\t\t\t<dt class='gallery-icon landscape'>\n\t\t\t\t\t<a class=\"rollover rollover-zoom dt-pswp-item\" title=\"d63fa551-824f-4833-9c9e-b5f142d3dc6e\" data-dt-img-description=\"\" data-large_image_width=\"1024\" data-large_image_height=\"768\"href='https:\/\/www.radiopiu.net\/wordpress\/wp-content\/uploads\/2022\/03\/d63fa551-824f-4833-9c9e-b5f142d3dc6e.jpg'><img loading=\"lazy\" decoding=\"async\" width=\"150\" height=\"150\" src=\"https:\/\/www.radiopiu.net\/wordpress\/wp-content\/uploads\/2022\/03\/d63fa551-824f-4833-9c9e-b5f142d3dc6e-150x150.jpg\" class=\"attachment-thumbnail size-thumbnail\" alt=\"\" \/><\/a>\n\t\t\t\t<\/dt><\/dl><br style=\"clear: both\" \/><dl class='gallery-item'>\n\t\t\t\t<dt class='gallery-icon landscape'>\n\t\t\t\t\t<a class=\"rollover rollover-zoom dt-pswp-item\" title=\"60c6fecc-d766-4ec2-b703-0ef083f0c700\" data-dt-img-description=\"\" data-large_image_width=\"1024\" data-large_image_height=\"768\"href='https:\/\/www.radiopiu.net\/wordpress\/wp-content\/uploads\/2022\/03\/60c6fecc-d766-4ec2-b703-0ef083f0c700.jpg'><img loading=\"lazy\" decoding=\"async\" width=\"150\" height=\"150\" src=\"https:\/\/www.radiopiu.net\/wordpress\/wp-content\/uploads\/2022\/03\/60c6fecc-d766-4ec2-b703-0ef083f0c700-150x150.jpg\" class=\"attachment-thumbnail size-thumbnail\" alt=\"\" \/><\/a>\n\t\t\t\t<\/dt><\/dl><dl class='gallery-item'>\n\t\t\t\t<dt class='gallery-icon portrait'>\n\t\t\t\t\t<a class=\"rollover rollover-zoom dt-pswp-item\" title=\"22499f1c-ff9d-447d-b335-dada301ca391\" data-dt-img-description=\"\" data-large_image_width=\"768\" data-large_image_height=\"1024\"href='https:\/\/www.radiopiu.net\/wordpress\/wp-content\/uploads\/2022\/03\/22499f1c-ff9d-447d-b335-dada301ca391.jpg'><img loading=\"lazy\" decoding=\"async\" width=\"150\" height=\"150\" src=\"https:\/\/www.radiopiu.net\/wordpress\/wp-content\/uploads\/2022\/03\/22499f1c-ff9d-447d-b335-dada301ca391-150x150.jpg\" class=\"attachment-thumbnail size-thumbnail\" alt=\"\" \/><\/a>\n\t\t\t\t<\/dt><\/dl><dl class='gallery-item'>\n\t\t\t\t<dt class='gallery-icon portrait'>\n\t\t\t\t\t<a class=\"rollover rollover-zoom dt-pswp-item\" title=\"ff817817-52dc-41cb-8d76-d8299ac95a11\" data-dt-img-description=\"\" data-large_image_width=\"768\" data-large_image_height=\"1024\"href='https:\/\/www.radiopiu.net\/wordpress\/wp-content\/uploads\/2022\/03\/ff817817-52dc-41cb-8d76-d8299ac95a11.jpg'><img loading=\"lazy\" decoding=\"async\" width=\"150\" height=\"150\" src=\"https:\/\/www.radiopiu.net\/wordpress\/wp-content\/uploads\/2022\/03\/ff817817-52dc-41cb-8d76-d8299ac95a11-150x150.jpg\" class=\"attachment-thumbnail size-thumbnail\" alt=\"\" \/><\/a>\n\t\t\t\t<\/dt><\/dl><dl class='gallery-item'>\n\t\t\t\t<dt class='gallery-icon landscape'>\n\t\t\t\t\t<a class=\"rollover rollover-zoom dt-pswp-item\" title=\"f0e3e350-45ed-4409-83f3-8110c6d40bfc\" data-dt-img-description=\"\" data-large_image_width=\"1024\" data-large_image_height=\"768\"href='https:\/\/www.radiopiu.net\/wordpress\/wp-content\/uploads\/2022\/03\/f0e3e350-45ed-4409-83f3-8110c6d40bfc.jpg'><img loading=\"lazy\" decoding=\"async\" width=\"150\" height=\"150\" src=\"https:\/\/www.radiopiu.net\/wordpress\/wp-content\/uploads\/2022\/03\/f0e3e350-45ed-4409-83f3-8110c6d40bfc-150x150.jpg\" class=\"attachment-thumbnail size-thumbnail\" alt=\"\" \/><\/a>\n\t\t\t\t<\/dt><\/dl><br style=\"clear: both\" \/>\n\t\t\t<\/div>\n\n<p>&nbsp;<\/p>\n<p><strong>CON GLI SCI DI UNA VOLTA&#8230;<\/strong><\/p>\n\n\t\t\t<style type='text\/css'>\n\t\t\t\t#gallery-9 {\n\t\t\t\t\tmargin: auto;\n\t\t\t\t}\n\t\t\t\t#gallery-9 .gallery-item {\n\t\t\t\t\tfloat: left;\n\t\t\t\t\tmargin-top: 10px;\n\t\t\t\t\ttext-align: center;\n\t\t\t\t\twidth: 33%;\n\t\t\t\t}\n\t\t\t\t#gallery-9 img {\n\t\t\t\t\tborder: 2px solid #cfcfcf;\n\t\t\t\t}\n\t\t\t\t#gallery-9 .gallery-caption {\n\t\t\t\t\tmargin-left: 0;\n\t\t\t\t}\n\t\t\t\t\/* see gallery_shortcode() in wp-includes\/media.php *\/\n\t\t\t<\/style>\n\t\t<div id='gallery-9' class='dt-gallery-container gallery galleryid-264342 gallery-columns-3 gallery-size-thumbnail'><dl class='gallery-item'>\n\t\t\t\t<dt class='gallery-icon landscape'>\n\t\t\t\t\t<a class=\"rollover rollover-zoom dt-pswp-item\" title=\"fc79bad3-1686-47c3-bedf-6ca8fa24e05b\" data-dt-img-description=\"\" data-large_image_width=\"1024\" data-large_image_height=\"681\"href='https:\/\/www.radiopiu.net\/wordpress\/wp-content\/uploads\/2022\/03\/fc79bad3-1686-47c3-bedf-6ca8fa24e05b.jpg'><img loading=\"lazy\" decoding=\"async\" width=\"150\" height=\"150\" src=\"https:\/\/www.radiopiu.net\/wordpress\/wp-content\/uploads\/2022\/03\/fc79bad3-1686-47c3-bedf-6ca8fa24e05b-150x150.jpg\" class=\"attachment-thumbnail size-thumbnail\" alt=\"\" \/><\/a>\n\t\t\t\t<\/dt><\/dl><dl class='gallery-item'>\n\t\t\t\t<dt class='gallery-icon landscape'>\n\t\t\t\t\t<a class=\"rollover rollover-zoom dt-pswp-item\" title=\"d4b9ac76-387b-4ace-b894-6e26aa2ec38a\" data-dt-img-description=\"\" data-large_image_width=\"1024\" data-large_image_height=\"681\"href='https:\/\/www.radiopiu.net\/wordpress\/wp-content\/uploads\/2022\/03\/d4b9ac76-387b-4ace-b894-6e26aa2ec38a.jpg'><img loading=\"lazy\" decoding=\"async\" width=\"150\" height=\"150\" src=\"https:\/\/www.radiopiu.net\/wordpress\/wp-content\/uploads\/2022\/03\/d4b9ac76-387b-4ace-b894-6e26aa2ec38a-150x150.jpg\" class=\"attachment-thumbnail size-thumbnail\" alt=\"\" \/><\/a>\n\t\t\t\t<\/dt><\/dl><dl class='gallery-item'>\n\t\t\t\t<dt class='gallery-icon landscape'>\n\t\t\t\t\t<a class=\"rollover rollover-zoom dt-pswp-item\" title=\"264216b0-0a6c-493b-9821-6c9d25c24552\" data-dt-img-description=\"\" data-large_image_width=\"1024\" data-large_image_height=\"681\"href='https:\/\/www.radiopiu.net\/wordpress\/wp-content\/uploads\/2022\/03\/264216b0-0a6c-493b-9821-6c9d25c24552.jpg'><img loading=\"lazy\" decoding=\"async\" width=\"150\" height=\"150\" src=\"https:\/\/www.radiopiu.net\/wordpress\/wp-content\/uploads\/2022\/03\/264216b0-0a6c-493b-9821-6c9d25c24552-150x150.jpg\" class=\"attachment-thumbnail size-thumbnail\" alt=\"\" \/><\/a>\n\t\t\t\t<\/dt><\/dl><br style=\"clear: both\" \/><dl class='gallery-item'>\n\t\t\t\t<dt class='gallery-icon landscape'>\n\t\t\t\t\t<a class=\"rollover rollover-zoom dt-pswp-item\" title=\"b1b182fc-a331-451e-9dd7-93850ec27341\" data-dt-img-description=\"\" data-large_image_width=\"1024\" data-large_image_height=\"681\"href='https:\/\/www.radiopiu.net\/wordpress\/wp-content\/uploads\/2022\/03\/b1b182fc-a331-451e-9dd7-93850ec27341.jpg'><img loading=\"lazy\" decoding=\"async\" width=\"150\" height=\"150\" src=\"https:\/\/www.radiopiu.net\/wordpress\/wp-content\/uploads\/2022\/03\/b1b182fc-a331-451e-9dd7-93850ec27341-150x150.jpg\" class=\"attachment-thumbnail size-thumbnail\" alt=\"\" \/><\/a>\n\t\t\t\t<\/dt><\/dl><dl class='gallery-item'>\n\t\t\t\t<dt class='gallery-icon landscape'>\n\t\t\t\t\t<a class=\"rollover rollover-zoom dt-pswp-item\" title=\"87b5d5b5-2ce5-4e65-895e-1cf3a16ecb54\" data-dt-img-description=\"\" data-large_image_width=\"1024\" data-large_image_height=\"681\"href='https:\/\/www.radiopiu.net\/wordpress\/wp-content\/uploads\/2022\/03\/87b5d5b5-2ce5-4e65-895e-1cf3a16ecb54.jpg'><img loading=\"lazy\" decoding=\"async\" width=\"150\" height=\"150\" src=\"https:\/\/www.radiopiu.net\/wordpress\/wp-content\/uploads\/2022\/03\/87b5d5b5-2ce5-4e65-895e-1cf3a16ecb54-150x150.jpg\" class=\"attachment-thumbnail size-thumbnail\" alt=\"\" \/><\/a>\n\t\t\t\t<\/dt><\/dl><dl class='gallery-item'>\n\t\t\t\t<dt class='gallery-icon landscape'>\n\t\t\t\t\t<a class=\"rollover rollover-zoom dt-pswp-item\" title=\"ba853bdb-f80b-4205-b6da-19518fbea19b\" data-dt-img-description=\"\" data-large_image_width=\"1024\" data-large_image_height=\"681\"href='https:\/\/www.radiopiu.net\/wordpress\/wp-content\/uploads\/2022\/03\/ba853bdb-f80b-4205-b6da-19518fbea19b.jpg'><img loading=\"lazy\" decoding=\"async\" width=\"150\" height=\"150\" src=\"https:\/\/www.radiopiu.net\/wordpress\/wp-content\/uploads\/2022\/03\/ba853bdb-f80b-4205-b6da-19518fbea19b-150x150.jpg\" class=\"attachment-thumbnail size-thumbnail\" alt=\"\" \/><\/a>\n\t\t\t\t<\/dt><\/dl><br style=\"clear: both\" \/><dl class='gallery-item'>\n\t\t\t\t<dt class='gallery-icon portrait'>\n\t\t\t\t\t<a class=\"rollover rollover-zoom dt-pswp-item\" title=\"vecchi 3\" data-dt-img-description=\"\" data-large_image_width=\"681\" data-large_image_height=\"1024\"href='https:\/\/www.radiopiu.net\/wordpress\/wp-content\/uploads\/2022\/03\/vecchi-3.jpg'><img loading=\"lazy\" decoding=\"async\" width=\"150\" height=\"150\" src=\"https:\/\/www.radiopiu.net\/wordpress\/wp-content\/uploads\/2022\/03\/vecchi-3-150x150.jpg\" class=\"attachment-thumbnail size-thumbnail\" alt=\"\" \/><\/a>\n\t\t\t\t<\/dt><\/dl><dl class='gallery-item'>\n\t\t\t\t<dt class='gallery-icon landscape'>\n\t\t\t\t\t<a class=\"rollover rollover-zoom dt-pswp-item\" title=\"vecchi 2\" data-dt-img-description=\"\" data-large_image_width=\"1024\" data-large_image_height=\"681\"href='https:\/\/www.radiopiu.net\/wordpress\/wp-content\/uploads\/2022\/03\/vecchi-2.jpg'><img loading=\"lazy\" decoding=\"async\" width=\"150\" height=\"150\" src=\"https:\/\/www.radiopiu.net\/wordpress\/wp-content\/uploads\/2022\/03\/vecchi-2-150x150.jpg\" class=\"attachment-thumbnail size-thumbnail\" alt=\"\" \/><\/a>\n\t\t\t\t<\/dt><\/dl><dl class='gallery-item'>\n\t\t\t\t<dt class='gallery-icon landscape'>\n\t\t\t\t\t<a class=\"rollover rollover-zoom dt-pswp-item\" title=\"vecchi\" data-dt-img-description=\"\" data-large_image_width=\"1024\" data-large_image_height=\"768\"href='https:\/\/www.radiopiu.net\/wordpress\/wp-content\/uploads\/2022\/03\/vecchi.jpg'><img loading=\"lazy\" decoding=\"async\" width=\"150\" height=\"150\" src=\"https:\/\/www.radiopiu.net\/wordpress\/wp-content\/uploads\/2022\/03\/vecchi-150x150.jpg\" class=\"attachment-thumbnail size-thumbnail\" alt=\"\" \/><\/a>\n\t\t\t\t<\/dt><\/dl><br style=\"clear: both\" \/>\n\t\t\t<\/div>\n\n<p>&nbsp;<\/p>\n<p><strong>LE CLASSIFICHE<\/strong><\/p>\n\n\t\t\t<style type='text\/css'>\n\t\t\t\t#gallery-10 {\n\t\t\t\t\tmargin: auto;\n\t\t\t\t}\n\t\t\t\t#gallery-10 .gallery-item {\n\t\t\t\t\tfloat: left;\n\t\t\t\t\tmargin-top: 10px;\n\t\t\t\t\ttext-align: center;\n\t\t\t\t\twidth: 33%;\n\t\t\t\t}\n\t\t\t\t#gallery-10 img {\n\t\t\t\t\tborder: 2px solid #cfcfcf;\n\t\t\t\t}\n\t\t\t\t#gallery-10 .gallery-caption {\n\t\t\t\t\tmargin-left: 0;\n\t\t\t\t}\n\t\t\t\t\/* see gallery_shortcode() in wp-includes\/media.php *\/\n\t\t\t<\/style>\n\t\t<div id='gallery-10' class='dt-gallery-container gallery galleryid-264342 gallery-columns-3 gallery-size-thumbnail'><dl class='gallery-item'>\n\t\t\t\t<dt class='gallery-icon portrait'>\n\t\t\t\t\t<a class=\"rollover rollover-zoom dt-pswp-item\" title=\"a76597b8-83d9-421e-9afc-4e075713c6d1\" data-dt-img-description=\"\" data-large_image_width=\"768\" data-large_image_height=\"1024\"href='https:\/\/www.radiopiu.net\/wordpress\/wp-content\/uploads\/2022\/03\/a76597b8-83d9-421e-9afc-4e075713c6d1.jpg'><img loading=\"lazy\" decoding=\"async\" width=\"150\" height=\"150\" src=\"https:\/\/www.radiopiu.net\/wordpress\/wp-content\/uploads\/2022\/03\/a76597b8-83d9-421e-9afc-4e075713c6d1-150x150.jpg\" class=\"attachment-thumbnail size-thumbnail\" alt=\"\" \/><\/a>\n\t\t\t\t<\/dt><\/dl><dl class='gallery-item'>\n\t\t\t\t<dt class='gallery-icon landscape'>\n\t\t\t\t\t<a class=\"rollover rollover-zoom dt-pswp-item\" title=\"6d4b93fa-e32a-4ccb-b133-f9ffef0c6516\" data-dt-img-description=\"\" data-large_image_width=\"1024\" data-large_image_height=\"768\"href='https:\/\/www.radiopiu.net\/wordpress\/wp-content\/uploads\/2022\/03\/6d4b93fa-e32a-4ccb-b133-f9ffef0c6516-rotated.jpg'><img loading=\"lazy\" decoding=\"async\" width=\"150\" height=\"150\" src=\"https:\/\/www.radiopiu.net\/wordpress\/wp-content\/uploads\/2022\/03\/6d4b93fa-e32a-4ccb-b133-f9ffef0c6516-150x150.jpg\" class=\"attachment-thumbnail size-thumbnail\" alt=\"\" \/><\/a>\n\t\t\t\t<\/dt><\/dl><dl class='gallery-item'>\n\t\t\t\t<dt class='gallery-icon landscape'>\n\t\t\t\t\t<a class=\"rollover rollover-zoom dt-pswp-item\" title=\"bb395526-80c2-44b7-8d41-e4954ed9349e\" data-dt-img-description=\"\" data-large_image_width=\"1024\" data-large_image_height=\"768\"href='https:\/\/www.radiopiu.net\/wordpress\/wp-content\/uploads\/2022\/03\/bb395526-80c2-44b7-8d41-e4954ed9349e-rotated.jpg'><img loading=\"lazy\" decoding=\"async\" width=\"150\" height=\"150\" src=\"https:\/\/www.radiopiu.net\/wordpress\/wp-content\/uploads\/2022\/03\/bb395526-80c2-44b7-8d41-e4954ed9349e-150x150.jpg\" class=\"attachment-thumbnail size-thumbnail\" alt=\"\" \/><\/a>\n\t\t\t\t<\/dt><\/dl><br style=\"clear: both\" \/><dl class='gallery-item'>\n\t\t\t\t<dt class='gallery-icon portrait'>\n\t\t\t\t\t<a class=\"rollover rollover-zoom dt-pswp-item\" title=\"069fd816-fb85-4e32-9f6f-965633e5f9b0\" data-dt-img-description=\"\" data-large_image_width=\"768\" data-large_image_height=\"1024\"href='https:\/\/www.radiopiu.net\/wordpress\/wp-content\/uploads\/2022\/03\/069fd816-fb85-4e32-9f6f-965633e5f9b0.jpg'><img loading=\"lazy\" decoding=\"async\" width=\"150\" height=\"150\" src=\"https:\/\/www.radiopiu.net\/wordpress\/wp-content\/uploads\/2022\/03\/069fd816-fb85-4e32-9f6f-965633e5f9b0-150x150.jpg\" class=\"attachment-thumbnail size-thumbnail\" alt=\"\" \/><\/a>\n\t\t\t\t<\/dt><\/dl><dl class='gallery-item'>\n\t\t\t\t<dt class='gallery-icon portrait'>\n\t\t\t\t\t<a class=\"rollover rollover-zoom dt-pswp-item\" title=\"d58b1356-8f9f-4bd1-b61d-ea64dfbaae15\" data-dt-img-description=\"\" data-large_image_width=\"768\" data-large_image_height=\"1024\"href='https:\/\/www.radiopiu.net\/wordpress\/wp-content\/uploads\/2022\/03\/d58b1356-8f9f-4bd1-b61d-ea64dfbaae15.jpg'><img loading=\"lazy\" decoding=\"async\" width=\"150\" height=\"150\" src=\"https:\/\/www.radiopiu.net\/wordpress\/wp-content\/uploads\/2022\/03\/d58b1356-8f9f-4bd1-b61d-ea64dfbaae15-150x150.jpg\" class=\"attachment-thumbnail size-thumbnail\" alt=\"\" \/><\/a>\n\t\t\t\t<\/dt><\/dl><dl class='gallery-item'>\n\t\t\t\t<dt class='gallery-icon portrait'>\n\t\t\t\t\t<a class=\"rollover rollover-zoom dt-pswp-item\" title=\"c089a82d-575f-4f04-8f81-55b281613cc6\" data-dt-img-description=\"\" data-large_image_width=\"768\" data-large_image_height=\"1024\"href='https:\/\/www.radiopiu.net\/wordpress\/wp-content\/uploads\/2022\/03\/c089a82d-575f-4f04-8f81-55b281613cc6.jpg'><img loading=\"lazy\" decoding=\"async\" width=\"150\" height=\"150\" src=\"https:\/\/www.radiopiu.net\/wordpress\/wp-content\/uploads\/2022\/03\/c089a82d-575f-4f04-8f81-55b281613cc6-150x150.jpg\" class=\"attachment-thumbnail size-thumbnail\" alt=\"\" \/><\/a>\n\t\t\t\t<\/dt><\/dl><br style=\"clear: both\" \/>\n\t\t\t<\/div>\n\n<hr \/>\n<p>&nbsp;<\/p>\n<p><span style=\"color: #0000ff;\"><strong>PALLAVOLO\u00a0<\/strong><\/span><\/p>\n<div class=\"moz-text-html\" lang=\"x-unicode\">\n<div dir=\"ltr\">\n<div>\n<blockquote>\n<h2><b>\u00a0TERZO STPO DI FILA, GARLASCO SBANCA LA SPES ARENA\u00a0 \u00a0<\/b><\/h2>\n<\/blockquote>\n<p><b><a class=\"dt-pswp-item\" href=\"https:\/\/www.radiopiu.net\/wordpress\/wp-content\/uploads\/2022\/03\/DRL_Garlasco_2.jpg\" data-dt-img-description=\"\" data-large_image_width=\"1680\" data-large_image_height=\"1120\"><img loading=\"lazy\" decoding=\"async\" class=\" wp-image-264659 alignleft\" src=\"https:\/\/www.radiopiu.net\/wordpress\/wp-content\/uploads\/2022\/03\/DRL_Garlasco_2-300x200.jpg\" alt=\"\" width=\"224\" height=\"149\" srcset=\"https:\/\/www.radiopiu.net\/wordpress\/wp-content\/uploads\/2022\/03\/DRL_Garlasco_2-300x200.jpg 300w, https:\/\/www.radiopiu.net\/wordpress\/wp-content\/uploads\/2022\/03\/DRL_Garlasco_2-1024x683.jpg 1024w, https:\/\/www.radiopiu.net\/wordpress\/wp-content\/uploads\/2022\/03\/DRL_Garlasco_2-768x512.jpg 768w, https:\/\/www.radiopiu.net\/wordpress\/wp-content\/uploads\/2022\/03\/DRL_Garlasco_2-1536x1024.jpg 1536w, https:\/\/www.radiopiu.net\/wordpress\/wp-content\/uploads\/2022\/03\/DRL_Garlasco_2.jpg 1680w\" sizes=\"auto, (max-width: 224px) 100vw, 224px\" \/><\/a>DA ROLD LOGISTICS BELLUNO-VOLLEY 2001 GARLASCO 1-3 <\/b><b>PARZIALI: <\/b>25-23, 22-25, 17-25, 19-25.<span class=\"gmail-Apple-converted-space\"> \u00a0<\/span><b>DA ROLD LOGISTICS BELLUNO: <\/b>Maccabruni 4, De Santis 12, Graziani 8, Ostuzzi 11, Piazzetta 8, Mozzato 10; Gionchetti (L), Guolla 2, Della Vecchia, Martinez 1, Pierobon (L). N.e. Milani, Paganin. Allenatore: D. Poletto.<span class=\"gmail-Apple-converted-space\">\u00a0<\/span><\/p>\n<p><strong>BELLUNO<\/strong> Il momento \u00e8 delicato: la <b>Da Rold Logistics Belluno<\/b> incappa nella terza sconfitta consecutiva. La quarta nelle ultime cinque sfide. E, oltre a perdere l\u2019ottava piazza (ora di propriet\u00e0 della Vigilar Fano), \u00e8 costretta a guardarsi le spalle. Perch\u00e9 proprio Garlasco, in virt\u00f9 del blitz alla Spes Arena, si porta a -4 dai bellunesi. Quattro, come le giornate al termine del campionato di Serie A3 Credem Banca. Niente panico, per\u00f2: i rinoceronti devono riannodare il filo delle loro certezze. Un filo che sembra essersi aggrovigliato. Peccato per l\u2019epilogo, quindi, perch\u00e9 l\u2019inizio \u00e8 stato da applausi: la societ\u00e0, rappresentata dal direttore generale Franco Da Re, ha consegnato alla Croce Rossa Italiana l\u2019incasso del match, da devolvere al popolo ucraino in fuga dalla guerra.<span class=\"gmail-Apple-converted-space\"> \u00a0<\/span><\/p>\n<\/div>\n<\/div>\n<\/div>\n<p>&nbsp;<\/p>\n<hr \/>\n<p>&nbsp;<\/p>\n<blockquote>\n<h3>LE LUPE SI ARRENDONO CON LA VIRTUS<\/h3>\n<\/blockquote>\n<p><b><a class=\"dt-pswp-item\" href=\"https:\/\/www.radiopiu.net\/wordpress\/wp-content\/uploads\/2022\/03\/Fantinel_in_attacco.jpg\" data-dt-img-description=\"\" data-large_image_width=\"1620\" data-large_image_height=\"1080\"><img loading=\"lazy\" decoding=\"async\" class=\"size-medium wp-image-264532 alignleft\" src=\"https:\/\/www.radiopiu.net\/wordpress\/wp-content\/uploads\/2022\/03\/Fantinel_in_attacco-300x200.jpg\" alt=\"\" width=\"300\" height=\"200\" srcset=\"https:\/\/www.radiopiu.net\/wordpress\/wp-content\/uploads\/2022\/03\/Fantinel_in_attacco-300x200.jpg 300w, https:\/\/www.radiopiu.net\/wordpress\/wp-content\/uploads\/2022\/03\/Fantinel_in_attacco-1024x683.jpg 1024w, https:\/\/www.radiopiu.net\/wordpress\/wp-content\/uploads\/2022\/03\/Fantinel_in_attacco-768x512.jpg 768w, https:\/\/www.radiopiu.net\/wordpress\/wp-content\/uploads\/2022\/03\/Fantinel_in_attacco-1536x1024.jpg 1536w, https:\/\/www.radiopiu.net\/wordpress\/wp-content\/uploads\/2022\/03\/Fantinel_in_attacco.jpg 1620w\" sizes=\"auto, (max-width: 300px) 100vw, 300px\" \/><\/a>VIRTUS PORTA D\u2019ORIENTE-PALLAVOLO BELLUNO 3-0<\/b><strong><span class=\"gmail-Apple-converted-space\"> (<\/span>25-15, 25-14, 25-22)<\/strong><\/p>\n<p>La Pallavolo Belluno trova la porta chiusa: la Porta d\u2019Oriente, secondo il marchio che accompagna l\u2019Unione Sportiva Virtus di Porto Viro. Virtus che \u00e8 la terza forza del campionato femminile di B2 e, come all\u2019andata, non ha lasciato neppure un set alle lupe. L\u2019impegno era gi\u00e0 proibitivo di suo. E ha assunto i contorni di una missione impossibile, nel momento in cui uno dei principali riferimenti in attacco, Francesca Fioretti, \u00e8 stata costretta ad alzare bandiera bianca per l\u2019influenza. Oltre a \u201cFiore\u201d, non c\u2019era neppure la centrale Giacomini, colpita nei giorni scorsi da un grave lutto.<span class=\"gmail-Apple-converted-space\">\u00a0<\/span>Eppure le bellunesi ci hanno provato. Di fronte a una squadra compatta, coesa e con attaccanti di palla alta di tutto rispetto, il collettivo di coach Dario Pavei ha sempre avuto un buon approccio in ognuno dei tre set. E nel terzo, in particolare, \u00e8 andata vicinissima al colpaccio: sulla parit\u00e0 a quota 22, per\u00f2, le padrone di casa sono riuscite a stampare un break di 3-0 e a chiudere i giochi.<span class=\"gmail-Apple-converted-space\">\u00a0<\/span><\/p>\n<p>&nbsp;<\/p>\n<hr \/>\n<blockquote>\n<h3><\/h3>\n<h3>IL VOLLEY CLUB AGORDINO ESPUGNA LA SPES ARENA<\/h3>\n<\/blockquote>\n<p><strong>SPES BELLUNO &#8211; VOLLEY CLUB AGORDINO 1-3 (25-21, 20-25, 17-25, 19-25)<\/strong><\/p>\n<p>Trasferta alla Spes Arena con vittoria per il Volley Club Agordino. La squadra di de Nardin incamera tre punti mantenendo salda la seconda posizione in classifica nel campionato di Seconda Divisione. Bella prestazione delle agordine che partono in sordina perdendo il primo set. Come un diesel, a motore caldo le ragazze di Agordo danno il meglio di se e fanno filotto vincendo tre parziali consecutivamente. Domenica ancora una trasferta per il Volley Club Agordino che giocher\u00e0 a Sedico contro l&#8217;Imap.<\/p>\n<p>&nbsp;<\/p>\n<hr \/>\n<p>&nbsp;<\/p>\n<p><span style=\"color: #0000ff;\"><strong>NUOTO<\/strong><\/span><\/p>\n<blockquote>\n<h3>LA SPORTIVAMENTE BELLUNO PIAZZA 14 ESORDIENTI AL MEETING REGIONALE<\/h3>\n<\/blockquote>\n<p><strong>BELLUNO <\/strong>Splendido risultato per gli Esordienti della Sportivamente Belluno. Il gruppo, infatti, vola al meeting regionale a partecipazione limitata con ben 14 atleti. I nuotatori bellunesi si sono qualificati grazie alle ottime performance nelle cinque giornate di attivit\u00e0 provinciale, distinguendosi per gli ottimi risultati raggiunti. Per la categoria Esordienti B (nati fra il 2011 e il 2013) hanno ottenuto il pass Dora Bortoluzzi, Mario Dalla Riva, Ginevra Dal Mas, Mattia Don\u00e0, Camilla Fistarol, Greta Galanti, Federico Nerviani, Daniel Somacal e Stella Somacal. Per la fascia A (nati fra il 2009 e il 2011), Alex Brianti, Levi Riccardo Cervo, Niccol\u00f2 Longi, Beatrice Mezzacasa e Alessandro Nerviani. I migliori atleti del Veneto si ritroveranno domenica 3 aprile, senza spettatori e in due sedi separate: Treviso per gli Esordienti B e Verona per quelli della A. Tutto lo staff tecnico della Sportivamente Belluno si congratula con i suoi atleti che hanno messo in mostra impegno, tenacia e tanto cuore per aggiudicarsi un simile risultato: \u00abAuguriamo alle nostre ragazze e ai nostri ragazzi di migliorarsi ancora e di divertirsi, con lo spirito di squadra che li ha sempre contraddistinti\u00bb.<\/p>\n\n\t\t\t<style type='text\/css'>\n\t\t\t\t#gallery-11 {\n\t\t\t\t\tmargin: auto;\n\t\t\t\t}\n\t\t\t\t#gallery-11 .gallery-item {\n\t\t\t\t\tfloat: left;\n\t\t\t\t\tmargin-top: 10px;\n\t\t\t\t\ttext-align: center;\n\t\t\t\t\twidth: 50%;\n\t\t\t\t}\n\t\t\t\t#gallery-11 img {\n\t\t\t\t\tborder: 2px solid #cfcfcf;\n\t\t\t\t}\n\t\t\t\t#gallery-11 .gallery-caption {\n\t\t\t\t\tmargin-left: 0;\n\t\t\t\t}\n\t\t\t\t\/* see gallery_shortcode() in wp-includes\/media.php *\/\n\t\t\t<\/style>\n\t\t<div id='gallery-11' class='dt-gallery-container gallery galleryid-264342 gallery-columns-2 gallery-size-medium'><dl class='gallery-item'>\n\t\t\t\t<dt class='gallery-icon portrait'>\n\t\t\t\t\t<a class=\"rollover rollover-zoom dt-pswp-item\" title=\"Esordienti_1\" data-dt-img-description=\"\" data-large_image_width=\"624\" data-large_image_height=\"640\"href='https:\/\/www.radiopiu.net\/wordpress\/wp-content\/uploads\/2022\/03\/Esordienti_1.jpg'><img loading=\"lazy\" decoding=\"async\" width=\"293\" height=\"300\" src=\"https:\/\/www.radiopiu.net\/wordpress\/wp-content\/uploads\/2022\/03\/Esordienti_1-293x300.jpg\" class=\"attachment-medium size-medium\" alt=\"\" srcset=\"https:\/\/www.radiopiu.net\/wordpress\/wp-content\/uploads\/2022\/03\/Esordienti_1-293x300.jpg 293w, https:\/\/www.radiopiu.net\/wordpress\/wp-content\/uploads\/2022\/03\/Esordienti_1.jpg 624w\" sizes=\"auto, (max-width: 293px) 100vw, 293px\" \/><\/a>\n\t\t\t\t<\/dt><\/dl><dl class='gallery-item'>\n\t\t\t\t<dt class='gallery-icon portrait'>\n\t\t\t\t\t<a class=\"rollover rollover-zoom dt-pswp-item\" title=\"Esordienti_2\" data-dt-img-description=\"\" data-large_image_width=\"606\" data-large_image_height=\"640\"href='https:\/\/www.radiopiu.net\/wordpress\/wp-content\/uploads\/2022\/03\/Esordienti_2.jpg'><img loading=\"lazy\" decoding=\"async\" width=\"284\" height=\"300\" src=\"https:\/\/www.radiopiu.net\/wordpress\/wp-content\/uploads\/2022\/03\/Esordienti_2-284x300.jpg\" class=\"attachment-medium size-medium\" alt=\"\" srcset=\"https:\/\/www.radiopiu.net\/wordpress\/wp-content\/uploads\/2022\/03\/Esordienti_2-284x300.jpg 284w, https:\/\/www.radiopiu.net\/wordpress\/wp-content\/uploads\/2022\/03\/Esordienti_2.jpg 606w\" sizes=\"auto, (max-width: 284px) 100vw, 284px\" \/><\/a>\n\t\t\t\t<\/dt><\/dl><br style=\"clear: both\" \/>\n\t\t\t<\/div>\n\n<p>&nbsp;<\/p>\n<hr \/>\n<p>&nbsp;<\/p>\n<p><span style=\"color: #0000ff;\"><strong>CORSA CAMPESTRE<\/strong><\/span><\/p>\n<blockquote>\n<h3>VENTESIMO POSTO ASSOLUTO PER MANUELA BULF AL CROSS DI TRIESTE<\/h3>\n<\/blockquote>\n<p><strong><a class=\"dt-pswp-item\" href=\"https:\/\/www.radiopiu.net\/wordpress\/wp-content\/uploads\/2022\/03\/8f18dfe8-8bca-440d-8cda-100495129c44.jpg\" data-dt-img-description=\"\" data-large_image_width=\"1600\" data-large_image_height=\"1066\"><img loading=\"lazy\" decoding=\"async\" class=\"size-medium wp-image-264492 alignleft\" src=\"https:\/\/www.radiopiu.net\/wordpress\/wp-content\/uploads\/2022\/03\/8f18dfe8-8bca-440d-8cda-100495129c44-300x200.jpg\" alt=\"\" width=\"300\" height=\"200\" srcset=\"https:\/\/www.radiopiu.net\/wordpress\/wp-content\/uploads\/2022\/03\/8f18dfe8-8bca-440d-8cda-100495129c44-300x200.jpg 300w, https:\/\/www.radiopiu.net\/wordpress\/wp-content\/uploads\/2022\/03\/8f18dfe8-8bca-440d-8cda-100495129c44-1024x682.jpg 1024w, https:\/\/www.radiopiu.net\/wordpress\/wp-content\/uploads\/2022\/03\/8f18dfe8-8bca-440d-8cda-100495129c44-768x512.jpg 768w, https:\/\/www.radiopiu.net\/wordpress\/wp-content\/uploads\/2022\/03\/8f18dfe8-8bca-440d-8cda-100495129c44-1536x1023.jpg 1536w, https:\/\/www.radiopiu.net\/wordpress\/wp-content\/uploads\/2022\/03\/8f18dfe8-8bca-440d-8cda-100495129c44.jpg 1600w\" sizes=\"auto, (max-width: 300px) 100vw, 300px\" \/><\/a> <\/strong><\/p>\n<p><strong>\u00a0<\/strong><\/p>\n<p><strong>\u00a0<\/strong><strong>TRIESTE<\/strong> Si sono corsi ieri i Campionati Italiani di Corsa Campestre a Trieste. Al via anche Manuela\u00a0 Bulf dell&#8217;Atletica Agordina che \u00e8 scesa in campo in mattinata. Una gara importante per l&#8217;atleta di Taibon che ha chiuso al ventesimo posto assoluto la 8 km di fronte al pubblico delle grandi occasioni con tanto di diretta televisiva su Rai Sport. A vincere Nadia Battocletti delle Fiamme Azzurre. Manuela Bulf chiude con il tempo di 30&#8217;15&#8221; a 3&#8217;30&#8221; dalla vincitrice. Complimenti a Manuela per la bella prestazione in terra friulana<\/p>\n<p>&nbsp;<\/p>\n<p>&nbsp;<\/p>\n<\/div>\n<\/div>\n<\/div>\n<\/div>\n<\/div>\n<\/div>\n<\/div>\n<\/div>\n<\/div>\n<\/div>\n<\/div>\n<\/div>\n<\/div>\n<\/div>\n<\/div>\n<\/div>\n<\/div>\n<\/div>\n<\/div>\n<\/div>\n<\/div>\n<\/div>\n<\/div>\n<\/div>\n<\/div>\n<\/div>\n<\/div>\n<\/div>\n<\/div>\n<\/div>\n<\/div>\n<\/div>\n<\/div>\n<\/div>\n<\/div>\n<\/div>\n<\/div>\n<\/div>\n<\/div>\n<\/div>\n<\/div>\n<\/div>\n<\/div>\n<\/div>\n<\/div>\n<\/div>\n<\/div>\n<\/div>\n<\/div>\n<\/div>\n<\/div>\n<\/div>\n<\/div>\n<\/div>\n<\/div>\n<\/div>\n<\/div>\n<\/div>\n<\/div>\n<\/div>\n<\/div>\n<\/div>\n<\/div>\n<\/div>\n<\/div>\n<\/div>\n<\/div>\n<\/div>\n<\/div>\n<\/div>\n<\/div>\n<\/div>\n<\/div>\n<\/div>\n<\/div>\n<\/div>\n<\/div>\n<\/div>\n<\/div>\n<\/div>\n<\/div>\n<\/div>\n<\/div>\n<\/div>\n<\/div>\n<\/div>\n<\/div>\n<\/div>\n<\/div>\n<\/div>\n<\/div>\n<\/div>\n<\/div>\n<\/div>\n<\/div>\n<\/div>\n<\/div>\n<\/div>\n<\/div>\n<\/div>\n<\/div>\n<\/div>\n<\/div>\n<\/div>\n<\/div>\n<\/div>\n<\/div>\n<\/div>\n<\/div>\n<\/div>\n","protected":false},"excerpt":{"rendered":"<p>INFORMAZIONE il canale su TELEGRAM informazione di prima\u00a0 mano e in tempo reale. iscriviti ed aiutaci a farlo conoscere &nbsp; &nbsp; CARO CARBURANTI NUOVO GRUPPO TELEGRAM PER LA CONDIVISIONE DI PASSAGGI IN AUTO \u00a0REDAZIONE \u00c8 stato creato un nuovo gruppo Telegram per la provincia di Belluno. Un gruppo utile per la condivisione di passaggi in&hellip;<\/p>\n","protected":false},"author":4,"featured_media":264619,"comment_status":"closed","ping_status":"closed","sticky":false,"template":"","format":"standard","meta":{"_monsterinsights_skip_tracking":false,"_monsterinsights_sitenote_active":false,"_monsterinsights_sitenote_note":"","_monsterinsights_sitenote_category":0,"footnotes":""},"categories":[104,86,49],"tags":[],"class_list":["post-264342","post","type-post","status-publish","format-standard","has-post-thumbnail","hentry","category-evidenza_3","category-gr","category-news-18","category-104","category-86","category-49","description-off"],"img_url":"https:\/\/www.radiopiu.net\/wordpress\/wp-content\/uploads\/2022\/03\/salt_20220313_180734_826.jpg","_links":{"self":[{"href":"https:\/\/www.radiopiu.net\/wordpress\/wp-json\/wp\/v2\/posts\/264342","targetHints":{"allow":["GET"]}}],"collection":[{"href":"https:\/\/www.radiopiu.net\/wordpress\/wp-json\/wp\/v2\/posts"}],"about":[{"href":"https:\/\/www.radiopiu.net\/wordpress\/wp-json\/wp\/v2\/types\/post"}],"author":[{"embeddable":true,"href":"https:\/\/www.radiopiu.net\/wordpress\/wp-json\/wp\/v2\/users\/4"}],"replies":[{"embeddable":true,"href":"https:\/\/www.radiopiu.net\/wordpress\/wp-json\/wp\/v2\/comments?post=264342"}],"version-history":[{"count":0,"href":"https:\/\/www.radiopiu.net\/wordpress\/wp-json\/wp\/v2\/posts\/264342\/revisions"}],"wp:featuredmedia":[{"embeddable":true,"href":"https:\/\/www.radiopiu.net\/wordpress\/wp-json\/wp\/v2\/media\/264619"}],"wp:attachment":[{"href":"https:\/\/www.radiopiu.net\/wordpress\/wp-json\/wp\/v2\/media?parent=264342"}],"wp:term":[{"taxonomy":"category","embeddable":true,"href":"https:\/\/www.radiopiu.net\/wordpress\/wp-json\/wp\/v2\/categories?post=264342"},{"taxonomy":"post_tag","embeddable":true,"href":"https:\/\/www.radiopiu.net\/wordpress\/wp-json\/wp\/v2\/tags?post=264342"}],"curies":[{"name":"wp","href":"https:\/\/api.w.org\/{rel}","templated":true}]}}