{"id":264352,"date":"2022-03-12T05:59:25","date_gmt":"2022-03-12T04:59:25","guid":{"rendered":"https:\/\/www.radiopiu.net\/wordpress\/?p=264352"},"modified":"2022-03-12T06:05:30","modified_gmt":"2022-03-12T05:05:30","slug":"quando-tutto-sembrava-andare-tutto-bene-lospedale-sbarra-di-nuovo-le-porte-ai-visitatori","status":"publish","type":"post","link":"https:\/\/www.radiopiu.net\/wordpress\/quando-tutto-sembrava-andare-tutto-bene-lospedale-sbarra-di-nuovo-le-porte-ai-visitatori\/","title":{"rendered":"QUANDO TUTTO SEMBRAVA &#8220;ANDARE TUTTO BENE&#8221; L&#8217;OSPEDALE SBARRA DI NUOVO LE PORTE AI VISITATORI"},"content":{"rendered":"<p><strong><img decoding=\"async\" class=\"alignleft\" src=\"https:\/\/www.radiopiu.net\/wordpress\/wp-content\/uploads\/2021\/06\/th-5.jpg\" \/>LAMON<\/strong> Le vicende della guerra in Ucraina e la mole di informazioni degli organi di informazione hanno messo in secondo piano il dramma epidemia da covid. Ma l&#8217;emergenza non \u00e8 finita, se ne parla solo meno. A Lamon l&#8217;ospedale chiude alle visite proprio nei giorni in cui la Ulss1 comunica il ritorno alla quasi normalit\u00e0. Il covid \u00e8 pertanto di nuovo all&#8217;ordine del giorno al nosocomio lamonese. I pazienti del primo piano sono gi\u00e0 stati trasferiti armi e bagagli ai reparti pi\u00f9 in alto mentre s&#8217;avvia la disinfenzione dei locali e si bloccano totalmente le visite ai pazienti. Come gi\u00e0 accaduto qualche giorno fa a Pieve di Cadore anche a Lamon il riscontro di due positivi a portato a questa estrema conseguenza. Una paziente in arrivo dall&#8217;ospedale di Belluno, trovata positiva al covid ha fatto scattare i protocolli previsti. A oggi sono due i casi positivi, pazienti privi di sintomatologia ma positivi al tampone.<\/p>\n","protected":false},"excerpt":{"rendered":"<p>LAMON Le vicende della guerra in Ucraina e la mole di informazioni degli organi di informazione hanno messo in secondo piano il dramma epidemia da covid. Ma l&#8217;emergenza non \u00e8 finita, se ne parla solo meno. A Lamon l&#8217;ospedale chiude alle visite proprio nei giorni in cui la Ulss1 comunica il ritorno alla quasi normalit\u00e0.&hellip;<\/p>\n","protected":false},"author":4,"featured_media":214130,"comment_status":"closed","ping_status":"closed","sticky":false,"template":"","format":"standard","meta":{"_monsterinsights_skip_tracking":false,"_monsterinsights_sitenote_active":false,"_monsterinsights_sitenote_note":"","_monsterinsights_sitenote_category":0,"footnotes":""},"categories":[51,49],"tags":[],"class_list":["post-264352","post","type-post","status-publish","format-standard","has-post-thumbnail","hentry","category-evidenza-top","category-news-18","category-51","category-49","description-off"],"img_url":"https:\/\/www.radiopiu.net\/wordpress\/wp-content\/uploads\/2021\/06\/th-5.jpg","_links":{"self":[{"href":"https:\/\/www.radiopiu.net\/wordpress\/wp-json\/wp\/v2\/posts\/264352","targetHints":{"allow":["GET"]}}],"collection":[{"href":"https:\/\/www.radiopiu.net\/wordpress\/wp-json\/wp\/v2\/posts"}],"about":[{"href":"https:\/\/www.radiopiu.net\/wordpress\/wp-json\/wp\/v2\/types\/post"}],"author":[{"embeddable":true,"href":"https:\/\/www.radiopiu.net\/wordpress\/wp-json\/wp\/v2\/users\/4"}],"replies":[{"embeddable":true,"href":"https:\/\/www.radiopiu.net\/wordpress\/wp-json\/wp\/v2\/comments?post=264352"}],"version-history":[{"count":0,"href":"https:\/\/www.radiopiu.net\/wordpress\/wp-json\/wp\/v2\/posts\/264352\/revisions"}],"wp:featuredmedia":[{"embeddable":true,"href":"https:\/\/www.radiopiu.net\/wordpress\/wp-json\/wp\/v2\/media\/214130"}],"wp:attachment":[{"href":"https:\/\/www.radiopiu.net\/wordpress\/wp-json\/wp\/v2\/media?parent=264352"}],"wp:term":[{"taxonomy":"category","embeddable":true,"href":"https:\/\/www.radiopiu.net\/wordpress\/wp-json\/wp\/v2\/categories?post=264352"},{"taxonomy":"post_tag","embeddable":true,"href":"https:\/\/www.radiopiu.net\/wordpress\/wp-json\/wp\/v2\/tags?post=264352"}],"curies":[{"name":"wp","href":"https:\/\/api.w.org\/{rel}","templated":true}]}}