{"id":264394,"date":"2022-03-14T05:31:23","date_gmt":"2022-03-14T04:31:23","guid":{"rendered":"https:\/\/www.radiopiu.net\/wordpress\/?p=264394"},"modified":"2022-03-14T05:40:14","modified_gmt":"2022-03-14T04:40:14","slug":"il-flash-mob-per-la-pace-di-borgo-valbelluna","status":"publish","type":"post","link":"https:\/\/www.radiopiu.net\/wordpress\/il-flash-mob-per-la-pace-di-borgo-valbelluna\/","title":{"rendered":"IL FLASH MOB PER LA PACE DI BORGO VALBELLUNA"},"content":{"rendered":"<p><strong>BORGO VALBELLUNA <\/strong>Un fiume di ragazzi, della secondaria di primo grado di Mel (130) e Lentiai (80), si \u00e8 riversato nelle due piazze di Borgo Valbelluna per un flash mob sulle note di \u201cGive Peace a Change\u201d di John Lennon. Accompagnati dai compagni dell\u2019indirizzo musicale i ragazzi e i loro docenti hanno messo in scena una coreografia che ha permesso di realizzare con cartelloni colorati una grande scritta W PACE. Tutto ci\u00f2 che noi diciamo \u00e8: offri una possibilit\u00e0 alla pace\u201d\u2026 Cos\u00ec cantava John Lennon, in \u201cGive Peace a Chance\u201d e cos\u00ec hanno cantato gli alunni per dar voce a quello che rappresenta a tutti gli effetti un vero e proprio inno alla Pace, oggi pi\u00f9 che mai necessario. La manifestazione ha voluto offrire agli alunni, ai docenti e alla popolazione locale un\u2019occasione di riflessione su quanto sta accadendo in questi giorni e al tempo stesso ha inteso essere un\u2019esortazione, proveniente dal mondo della scuola, a chiudere il conflitto militare in corso in Ucraina, che ha gi\u00e0 provocato migliaia di vittime, per perseguire la via dei negoziati e degli accordi internazionali.\u00a0All\u2019interno della scuola tale iniziativa trova ulteriore finalit\u00e0 nella realizzazione concreta dei percorsi di educazione alla pace e alla cittadinanza consapevole, come previsto dagli obiettivi dell\u2019Agenda 2030, in particolare dal traguardo 16, che mira a \u201cPromuovere societ\u00e0 pacifiche e inclusive\u201d, oltre che a \u201cgarantire a tutti l\u2019accesso alla giustizia\u201d.<\/p>\n\n\t\t\t<style type='text\/css'>\n\t\t\t\t#gallery-1 {\n\t\t\t\t\tmargin: auto;\n\t\t\t\t}\n\t\t\t\t#gallery-1 .gallery-item {\n\t\t\t\t\tfloat: left;\n\t\t\t\t\tmargin-top: 10px;\n\t\t\t\t\ttext-align: center;\n\t\t\t\t\twidth: 50%;\n\t\t\t\t}\n\t\t\t\t#gallery-1 img {\n\t\t\t\t\tborder: 2px solid #cfcfcf;\n\t\t\t\t}\n\t\t\t\t#gallery-1 .gallery-caption {\n\t\t\t\t\tmargin-left: 0;\n\t\t\t\t}\n\t\t\t\t\/* see gallery_shortcode() in wp-includes\/media.php *\/\n\t\t\t<\/style>\n\t\t<div id='gallery-1' class='dt-gallery-container gallery galleryid-264394 gallery-columns-2 gallery-size-medium'><dl class='gallery-item'>\n\t\t\t\t<dt class='gallery-icon landscape'>\n\t\t\t\t\t<a class=\"rollover rollover-zoom dt-pswp-item\" title=\"IMG_9265\" data-dt-img-description=\"\" data-large_image_width=\"2560\" data-large_image_height=\"1920\"href='https:\/\/www.radiopiu.net\/wordpress\/wp-content\/uploads\/2022\/03\/IMG_9265-scaled.jpg'><img loading=\"lazy\" decoding=\"async\" width=\"300\" height=\"225\" src=\"https:\/\/www.radiopiu.net\/wordpress\/wp-content\/uploads\/2022\/03\/IMG_9265-300x225.jpg\" class=\"attachment-medium size-medium\" alt=\"\" srcset=\"https:\/\/www.radiopiu.net\/wordpress\/wp-content\/uploads\/2022\/03\/IMG_9265-300x225.jpg 300w, https:\/\/www.radiopiu.net\/wordpress\/wp-content\/uploads\/2022\/03\/IMG_9265-1024x768.jpg 1024w, https:\/\/www.radiopiu.net\/wordpress\/wp-content\/uploads\/2022\/03\/IMG_9265-768x576.jpg 768w, https:\/\/www.radiopiu.net\/wordpress\/wp-content\/uploads\/2022\/03\/IMG_9265-1536x1152.jpg 1536w, https:\/\/www.radiopiu.net\/wordpress\/wp-content\/uploads\/2022\/03\/IMG_9265-2048x1536.jpg 2048w\" sizes=\"auto, (max-width: 300px) 100vw, 300px\" \/><\/a>\n\t\t\t\t<\/dt><\/dl><dl class='gallery-item'>\n\t\t\t\t<dt class='gallery-icon landscape'>\n\t\t\t\t\t<a class=\"rollover rollover-zoom dt-pswp-item\" title=\"IMG-4470\" data-dt-img-description=\"\" data-large_image_width=\"2560\" data-large_image_height=\"1920\"href='https:\/\/www.radiopiu.net\/wordpress\/wp-content\/uploads\/2022\/03\/IMG-4470-scaled.jpg'><img loading=\"lazy\" decoding=\"async\" width=\"300\" height=\"225\" src=\"https:\/\/www.radiopiu.net\/wordpress\/wp-content\/uploads\/2022\/03\/IMG-4470-300x225.jpg\" class=\"attachment-medium size-medium\" alt=\"\" srcset=\"https:\/\/www.radiopiu.net\/wordpress\/wp-content\/uploads\/2022\/03\/IMG-4470-300x225.jpg 300w, https:\/\/www.radiopiu.net\/wordpress\/wp-content\/uploads\/2022\/03\/IMG-4470-1024x768.jpg 1024w, https:\/\/www.radiopiu.net\/wordpress\/wp-content\/uploads\/2022\/03\/IMG-4470-768x576.jpg 768w, https:\/\/www.radiopiu.net\/wordpress\/wp-content\/uploads\/2022\/03\/IMG-4470-1536x1152.jpg 1536w, https:\/\/www.radiopiu.net\/wordpress\/wp-content\/uploads\/2022\/03\/IMG-4470-2048x1536.jpg 2048w\" sizes=\"auto, (max-width: 300px) 100vw, 300px\" \/><\/a>\n\t\t\t\t<\/dt><\/dl><br style=\"clear: both\" \/>\n\t\t\t<\/div>\n\n<p>&nbsp;<\/p>\n<p>&nbsp;<\/p>\n<p>****<\/p>\n","protected":false},"excerpt":{"rendered":"<p>BORGO VALBELLUNA Un fiume di ragazzi, della secondaria di primo grado di Mel (130) e Lentiai (80), si \u00e8 riversato nelle due piazze di Borgo Valbelluna per un flash mob sulle note di \u201cGive Peace a Change\u201d di John Lennon. Accompagnati dai compagni dell\u2019indirizzo musicale i ragazzi e i loro docenti hanno messo in scena&hellip;<\/p>\n","protected":false},"author":4,"featured_media":264395,"comment_status":"closed","ping_status":"closed","sticky":false,"template":"","format":"standard","meta":{"_monsterinsights_skip_tracking":false,"_monsterinsights_sitenote_active":false,"_monsterinsights_sitenote_note":"","_monsterinsights_sitenote_category":0,"footnotes":""},"categories":[51,49],"tags":[],"class_list":["post-264394","post","type-post","status-publish","format-standard","has-post-thumbnail","hentry","category-evidenza-top","category-news-18","category-51","category-49","description-off"],"img_url":"https:\/\/www.radiopiu.net\/wordpress\/wp-content\/uploads\/2022\/03\/IMG_9265-scaled.jpg","_links":{"self":[{"href":"https:\/\/www.radiopiu.net\/wordpress\/wp-json\/wp\/v2\/posts\/264394","targetHints":{"allow":["GET"]}}],"collection":[{"href":"https:\/\/www.radiopiu.net\/wordpress\/wp-json\/wp\/v2\/posts"}],"about":[{"href":"https:\/\/www.radiopiu.net\/wordpress\/wp-json\/wp\/v2\/types\/post"}],"author":[{"embeddable":true,"href":"https:\/\/www.radiopiu.net\/wordpress\/wp-json\/wp\/v2\/users\/4"}],"replies":[{"embeddable":true,"href":"https:\/\/www.radiopiu.net\/wordpress\/wp-json\/wp\/v2\/comments?post=264394"}],"version-history":[{"count":0,"href":"https:\/\/www.radiopiu.net\/wordpress\/wp-json\/wp\/v2\/posts\/264394\/revisions"}],"wp:featuredmedia":[{"embeddable":true,"href":"https:\/\/www.radiopiu.net\/wordpress\/wp-json\/wp\/v2\/media\/264395"}],"wp:attachment":[{"href":"https:\/\/www.radiopiu.net\/wordpress\/wp-json\/wp\/v2\/media?parent=264394"}],"wp:term":[{"taxonomy":"category","embeddable":true,"href":"https:\/\/www.radiopiu.net\/wordpress\/wp-json\/wp\/v2\/categories?post=264394"},{"taxonomy":"post_tag","embeddable":true,"href":"https:\/\/www.radiopiu.net\/wordpress\/wp-json\/wp\/v2\/tags?post=264394"}],"curies":[{"name":"wp","href":"https:\/\/api.w.org\/{rel}","templated":true}]}}