{"id":264399,"date":"2022-03-14T05:30:29","date_gmt":"2022-03-14T04:30:29","guid":{"rendered":"https:\/\/www.radiopiu.net\/wordpress\/?p=264399"},"modified":"2022-03-14T05:40:29","modified_gmt":"2022-03-14T04:40:29","slug":"giornata-nazionale-di-educazione-e-prevenzione-contro-la-violenza-nei-confronti-degli-operatori-sanitari-e-socio-sanitari","status":"publish","type":"post","link":"https:\/\/www.radiopiu.net\/wordpress\/giornata-nazionale-di-educazione-e-prevenzione-contro-la-violenza-nei-confronti-degli-operatori-sanitari-e-socio-sanitari\/","title":{"rendered":"GIORNATA NAZIONALE DI EDUCAZIONE E PREVENZIONE CONTRO LA VIOLENZA  NEI CONFRONTI DEGLI OPERATORI SANITARI E SOCIO-SANITARI"},"content":{"rendered":"<p><strong><a class=\"dt-pswp-item\" href=\"https:\/\/www.radiopiu.net\/wordpress\/wp-content\/uploads\/2021\/11\/INFERMIERE-OSS.png\" data-dt-img-description=\"\" data-large_image_width=\"1784\" data-large_image_height=\"1068\"><img loading=\"lazy\" decoding=\"async\" class=\"size-medium wp-image-242263 alignleft\" src=\"https:\/\/www.radiopiu.net\/wordpress\/wp-content\/uploads\/2021\/11\/INFERMIERE-OSS-300x180.png\" alt=\"\" width=\"300\" height=\"180\" srcset=\"https:\/\/www.radiopiu.net\/wordpress\/wp-content\/uploads\/2021\/11\/INFERMIERE-OSS-300x180.png 300w, https:\/\/www.radiopiu.net\/wordpress\/wp-content\/uploads\/2021\/11\/INFERMIERE-OSS-1024x613.png 1024w, https:\/\/www.radiopiu.net\/wordpress\/wp-content\/uploads\/2021\/11\/INFERMIERE-OSS-768x460.png 768w, https:\/\/www.radiopiu.net\/wordpress\/wp-content\/uploads\/2021\/11\/INFERMIERE-OSS-1536x920.png 1536w, https:\/\/www.radiopiu.net\/wordpress\/wp-content\/uploads\/2021\/11\/INFERMIERE-OSS.png 1784w\" sizes=\"auto, (max-width: 300px) 100vw, 300px\" \/><\/a>BELLUNO <\/strong>Istituita dalla Legge n. 113 del 14 agosto 2020,\u00a0 ricorrere oggi, 12 marzo, la giornata nazionale di educazione e prevenzione contro la violenza nei confronti degli operatori sanitari e socio-sanitari. Questa giornata nasce per diffondere una cultura che condanni ogni forma di violenza, sia verbale che fisica, nei confronti degli operatori della sanit\u00e0, un fenomeno ad oggi critico e in costante aumento. La sicurezza sul posto di lavoro \u00e8 un obiettivo perseguito nel tempo da Enti, Istituzioni e dai lavoratori stessi. Nel settore Sanit\u00e0 e Servizi Sociali, tra i rischi maggiormente ricorrenti, troviamo il rischio di aggressione e atti di violenza contro gli operatori sanitari. Questi eventi sono oggetto di grande attenzione sociale, scientifica e mediatica oltre a rappresentare un evento sentinella secondo le raccomandazioni del Ministero della Salute. Il Ministero della Salute monitora gli episodi di violenza commessi ai danni di chi esercita professioni sanitarie e socio-sanitarie e promuove la diffusione di buone prassi in materia di sicurezza degli stessi, anche nella forma del lavoro in equipe. La Regione Veneto, al fine di contribuire ad aumentare la sicurezza per gli operatori delle strutture sanitarie, ha predisposto un documento di indirizzo che vuole favorire un percorso di prevenzione nei confronti degli atti di violenza e di aggressivit\u00e0 contro gli operatori sanitari, individuando le aree pi\u00f9 critiche e implementando strategie di contenimento delle condizioni di rischio. In Ulss 1 Dolomiti sono attive alcune procedure per la prevenzione e la gestione dei casi di violenza ai danni degli operatori sanitari. Per i dipendenti sono stati creati degli strumenti utili per avere delle indicazioni su come gestire un paziente che manifesti aggressivit\u00e0 nei confronti dell\u2019operatore ed \u00e8 stato messo a disposizione uno sportello d\u2019ascolto. Inoltre, tramite il medico competente, pu\u00f2 essere richiesto un supporto psicologico. Con specifici corsi di formazione si vogliono anche aumentare le conoscenze degli operatori sanitari sui comportamenti da adottare in caso di episodi di aggressione o violenza nei loro confronti per capire come prevenirli e poterne ridurre gli effetti.<\/p>\n<p>&nbsp;<\/p>\n<p>&nbsp;<\/p>\n<p>*****<\/p>\n","protected":false},"excerpt":{"rendered":"<p>BELLUNO Istituita dalla Legge n. 113 del 14 agosto 2020,\u00a0 ricorrere oggi, 12 marzo, la giornata nazionale di educazione e prevenzione contro la violenza nei confronti degli operatori sanitari e socio-sanitari. Questa giornata nasce per diffondere una cultura che condanni ogni forma di violenza, sia verbale che fisica, nei confronti degli operatori della sanit\u00e0, un&hellip;<\/p>\n","protected":false},"author":4,"featured_media":242263,"comment_status":"closed","ping_status":"closed","sticky":false,"template":"","format":"standard","meta":{"_monsterinsights_skip_tracking":false,"_monsterinsights_sitenote_active":false,"_monsterinsights_sitenote_note":"","_monsterinsights_sitenote_category":0,"footnotes":""},"categories":[51,49],"tags":[],"class_list":["post-264399","post","type-post","status-publish","format-standard","has-post-thumbnail","hentry","category-evidenza-top","category-news-18","category-51","category-49","description-off"],"img_url":"https:\/\/www.radiopiu.net\/wordpress\/wp-content\/uploads\/2021\/11\/INFERMIERE-OSS.png","_links":{"self":[{"href":"https:\/\/www.radiopiu.net\/wordpress\/wp-json\/wp\/v2\/posts\/264399","targetHints":{"allow":["GET"]}}],"collection":[{"href":"https:\/\/www.radiopiu.net\/wordpress\/wp-json\/wp\/v2\/posts"}],"about":[{"href":"https:\/\/www.radiopiu.net\/wordpress\/wp-json\/wp\/v2\/types\/post"}],"author":[{"embeddable":true,"href":"https:\/\/www.radiopiu.net\/wordpress\/wp-json\/wp\/v2\/users\/4"}],"replies":[{"embeddable":true,"href":"https:\/\/www.radiopiu.net\/wordpress\/wp-json\/wp\/v2\/comments?post=264399"}],"version-history":[{"count":0,"href":"https:\/\/www.radiopiu.net\/wordpress\/wp-json\/wp\/v2\/posts\/264399\/revisions"}],"wp:featuredmedia":[{"embeddable":true,"href":"https:\/\/www.radiopiu.net\/wordpress\/wp-json\/wp\/v2\/media\/242263"}],"wp:attachment":[{"href":"https:\/\/www.radiopiu.net\/wordpress\/wp-json\/wp\/v2\/media?parent=264399"}],"wp:term":[{"taxonomy":"category","embeddable":true,"href":"https:\/\/www.radiopiu.net\/wordpress\/wp-json\/wp\/v2\/categories?post=264399"},{"taxonomy":"post_tag","embeddable":true,"href":"https:\/\/www.radiopiu.net\/wordpress\/wp-json\/wp\/v2\/tags?post=264399"}],"curies":[{"name":"wp","href":"https:\/\/api.w.org\/{rel}","templated":true}]}}