{"id":264403,"date":"2022-03-14T05:32:34","date_gmt":"2022-03-14T04:32:34","guid":{"rendered":"https:\/\/www.radiopiu.net\/wordpress\/?p=264403"},"modified":"2022-03-14T05:39:49","modified_gmt":"2022-03-14T04:39:49","slug":"solidarieta-ai-profughi-ucraini-il-fondo-welfare-attiva-una-raccolta-fondi","status":"publish","type":"post","link":"https:\/\/www.radiopiu.net\/wordpress\/solidarieta-ai-profughi-ucraini-il-fondo-welfare-attiva-una-raccolta-fondi\/","title":{"rendered":"SOLIDARIETA&#8217; AI PROFUGHI UCRAINI, IL FONDO WELFARE ATTIVA UNA RACCOLTA FONDI"},"content":{"rendered":"<p><strong><a class=\"dt-pswp-item\" href=\"https:\/\/www.radiopiu.net\/wordpress\/wp-content\/uploads\/2022\/03\/UCRAINA-PUGNO.jpg\" data-dt-img-description=\"\" data-large_image_width=\"1920\" data-large_image_height=\"1276\"><img loading=\"lazy\" decoding=\"async\" class=\"size-medium wp-image-264404 alignleft\" src=\"https:\/\/www.radiopiu.net\/wordpress\/wp-content\/uploads\/2022\/03\/UCRAINA-PUGNO-300x199.jpg\" alt=\"\" width=\"300\" height=\"199\" srcset=\"https:\/\/www.radiopiu.net\/wordpress\/wp-content\/uploads\/2022\/03\/UCRAINA-PUGNO-300x199.jpg 300w, https:\/\/www.radiopiu.net\/wordpress\/wp-content\/uploads\/2022\/03\/UCRAINA-PUGNO-1024x681.jpg 1024w, https:\/\/www.radiopiu.net\/wordpress\/wp-content\/uploads\/2022\/03\/UCRAINA-PUGNO-768x510.jpg 768w, https:\/\/www.radiopiu.net\/wordpress\/wp-content\/uploads\/2022\/03\/UCRAINA-PUGNO-1536x1021.jpg 1536w, https:\/\/www.radiopiu.net\/wordpress\/wp-content\/uploads\/2022\/03\/UCRAINA-PUGNO.jpg 1920w\" sizes=\"auto, (max-width: 300px) 100vw, 300px\" \/><\/a>BELLUNO<\/strong> Si chiama \u201cSos Ucraina\u201d l\u2019ultima iniziativa solidale del Fondo Welfare e Identit\u00e0 Territoriale. E il sottotitolo spiega perfettamente lo spirito del progetto: \u201cAiutiamo chi aiuta\u201d. L\u2019iniziativa intende raccogliere risorse, per aiutare i profughi ucraini che attualmente sono ospitati da famiglie bellunesi, e le famiglie stesse che in modo spontaneo senza pensare a contributi di sorta hanno scelto di offrire ospitalit\u00e0 alle persone che scappano dalla guerra, aprendo le porte delle loro case. Come per altre iniziative sar\u00e0 attivato uno scambio di informazioni con i Comuni. La raccolta fondi \u00e8 gi\u00e0 aperta sul conto corrente intestato al Fondo Welfare (IT52L0306909606100000165485), con causale \u201cEmergenza Ucraina\u201d.<\/p>\n<p><strong>FRANCESCA DE BIASI, FONDO WELFARE DELLA PROVINCIA DI BELLUNO<\/strong><\/p>\n<audio class=\"wp-audio-shortcode\" id=\"audio-264403-1\" preload=\"none\" style=\"width: 100%;\" controls=\"controls\"><source type=\"audio\/mpeg\" src=\"https:\/\/www.radiopiu.net\/wordpress\/wp-content\/uploads\/2022\/03\/FRANCESCA-DE-BIASI-FONDO-WELFARE-PROVINCIA.mp3?_=1\" \/><a href=\"https:\/\/www.radiopiu.net\/wordpress\/wp-content\/uploads\/2022\/03\/FRANCESCA-DE-BIASI-FONDO-WELFARE-PROVINCIA.mp3\">https:\/\/www.radiopiu.net\/wordpress\/wp-content\/uploads\/2022\/03\/FRANCESCA-DE-BIASI-FONDO-WELFARE-PROVINCIA.mp3<\/a><\/audio>\n<p>&nbsp;<\/p>\n<p>&nbsp;<\/p>\n<p>*****<\/p>\n","protected":false},"excerpt":{"rendered":"<p>BELLUNO Si chiama \u201cSos Ucraina\u201d l\u2019ultima iniziativa solidale del Fondo Welfare e Identit\u00e0 Territoriale. E il sottotitolo spiega perfettamente lo spirito del progetto: \u201cAiutiamo chi aiuta\u201d. L\u2019iniziativa intende raccogliere risorse, per aiutare i profughi ucraini che attualmente sono ospitati da famiglie bellunesi, e le famiglie stesse che in modo spontaneo senza pensare a contributi di&hellip;<\/p>\n","protected":false},"author":4,"featured_media":264404,"comment_status":"closed","ping_status":"closed","sticky":false,"template":"","format":"standard","meta":{"_monsterinsights_skip_tracking":false,"_monsterinsights_sitenote_active":false,"_monsterinsights_sitenote_note":"","_monsterinsights_sitenote_category":0,"footnotes":""},"categories":[51,49],"tags":[],"class_list":["post-264403","post","type-post","status-publish","format-standard","has-post-thumbnail","hentry","category-evidenza-top","category-news-18","category-51","category-49","description-off"],"img_url":"https:\/\/www.radiopiu.net\/wordpress\/wp-content\/uploads\/2022\/03\/UCRAINA-PUGNO.jpg","_links":{"self":[{"href":"https:\/\/www.radiopiu.net\/wordpress\/wp-json\/wp\/v2\/posts\/264403","targetHints":{"allow":["GET"]}}],"collection":[{"href":"https:\/\/www.radiopiu.net\/wordpress\/wp-json\/wp\/v2\/posts"}],"about":[{"href":"https:\/\/www.radiopiu.net\/wordpress\/wp-json\/wp\/v2\/types\/post"}],"author":[{"embeddable":true,"href":"https:\/\/www.radiopiu.net\/wordpress\/wp-json\/wp\/v2\/users\/4"}],"replies":[{"embeddable":true,"href":"https:\/\/www.radiopiu.net\/wordpress\/wp-json\/wp\/v2\/comments?post=264403"}],"version-history":[{"count":0,"href":"https:\/\/www.radiopiu.net\/wordpress\/wp-json\/wp\/v2\/posts\/264403\/revisions"}],"wp:featuredmedia":[{"embeddable":true,"href":"https:\/\/www.radiopiu.net\/wordpress\/wp-json\/wp\/v2\/media\/264404"}],"wp:attachment":[{"href":"https:\/\/www.radiopiu.net\/wordpress\/wp-json\/wp\/v2\/media?parent=264403"}],"wp:term":[{"taxonomy":"category","embeddable":true,"href":"https:\/\/www.radiopiu.net\/wordpress\/wp-json\/wp\/v2\/categories?post=264403"},{"taxonomy":"post_tag","embeddable":true,"href":"https:\/\/www.radiopiu.net\/wordpress\/wp-json\/wp\/v2\/tags?post=264403"}],"curies":[{"name":"wp","href":"https:\/\/api.w.org\/{rel}","templated":true}]}}