{"id":264439,"date":"2022-03-14T05:29:49","date_gmt":"2022-03-14T04:29:49","guid":{"rendered":"https:\/\/www.radiopiu.net\/wordpress\/?p=264439"},"modified":"2022-03-14T05:46:54","modified_gmt":"2022-03-14T04:46:54","slug":"alpinista-perde-la-vita-sul-cristallo-dopo-un-volo-di-300-metri","status":"publish","type":"post","link":"https:\/\/www.radiopiu.net\/wordpress\/alpinista-perde-la-vita-sul-cristallo-dopo-un-volo-di-300-metri\/","title":{"rendered":"PER UNA PASSIONE MORIRE A 22 ANNI  SUL CRISTALLO"},"content":{"rendered":"<blockquote>\n<h3><\/h3>\n<\/blockquote>\n<p><strong><a class=\"dt-pswp-item\" href=\"https:\/\/www.radiopiu.net\/wordpress\/wp-content\/uploads\/2022\/03\/6e90a8ae-974c-4302-8788-65821ef81048.jpg\" data-dt-img-description=\"\" data-large_image_width=\"1024\" data-large_image_height=\"800\"><img loading=\"lazy\" decoding=\"async\" class=\"size-medium wp-image-264488 alignleft\" src=\"https:\/\/www.radiopiu.net\/wordpress\/wp-content\/uploads\/2022\/03\/6e90a8ae-974c-4302-8788-65821ef81048-300x234.jpg\" alt=\"\" width=\"300\" height=\"234\" srcset=\"https:\/\/www.radiopiu.net\/wordpress\/wp-content\/uploads\/2022\/03\/6e90a8ae-974c-4302-8788-65821ef81048-300x234.jpg 300w, https:\/\/www.radiopiu.net\/wordpress\/wp-content\/uploads\/2022\/03\/6e90a8ae-974c-4302-8788-65821ef81048-768x600.jpg 768w, https:\/\/www.radiopiu.net\/wordpress\/wp-content\/uploads\/2022\/03\/6e90a8ae-974c-4302-8788-65821ef81048.jpg 1024w\" sizes=\"auto, (max-width: 300px) 100vw, 300px\" \/><\/a>CORTINA<\/strong> Precipita per oltre 300 metri sul Cristallo e perde la vita, Faycal Moussaddak aveva 22 anni, originario di Peschiera Del Garda, l&#8217;allarme lanciato sabato attorno alle 13 da 4 amici che si trovavano un centinaio di metri pi\u00f9 a monte del ragazzo, i 5 volevano salire la normale al Cristallo. In 4 erano partiti per primi, ma avevano sbagliato itinerario percorrendo una cengia senza uscita, da dove avevano cercato di salire, fermandosi a 2.900 metri di quota e iniziando a calarsi. Il quinto alpinista &#8211; che era partito pi\u00f9 tardi, li stava seguendo ed era in contatto telefonico con loro, \u00e8 scivolato nel vuoto senza pi\u00f9 rispondere.<\/p>\n<p>&nbsp;<\/p>\n<p>&nbsp;<\/p>\n<p>&nbsp;<\/p>\n<p>*****<\/p>\n","protected":false},"excerpt":{"rendered":"<p>CORTINA Precipita per oltre 300 metri sul Cristallo e perde la vita, Faycal Moussaddak aveva 22 anni, originario di Peschiera Del Garda, l&#8217;allarme lanciato sabato attorno alle 13 da 4 amici che si trovavano un centinaio di metri pi\u00f9 a monte del ragazzo, i 5 volevano salire la normale al Cristallo. In 4 erano partiti&hellip;<\/p>\n","protected":false},"author":4,"featured_media":264488,"comment_status":"closed","ping_status":"closed","sticky":false,"template":"","format":"standard","meta":{"_monsterinsights_skip_tracking":false,"_monsterinsights_sitenote_active":false,"_monsterinsights_sitenote_note":"","_monsterinsights_sitenote_category":0,"footnotes":""},"categories":[104,49],"tags":[],"class_list":["post-264439","post","type-post","status-publish","format-standard","has-post-thumbnail","hentry","category-evidenza_3","category-news-18","category-104","category-49","description-off"],"img_url":"https:\/\/www.radiopiu.net\/wordpress\/wp-content\/uploads\/2022\/03\/6e90a8ae-974c-4302-8788-65821ef81048.jpg","_links":{"self":[{"href":"https:\/\/www.radiopiu.net\/wordpress\/wp-json\/wp\/v2\/posts\/264439","targetHints":{"allow":["GET"]}}],"collection":[{"href":"https:\/\/www.radiopiu.net\/wordpress\/wp-json\/wp\/v2\/posts"}],"about":[{"href":"https:\/\/www.radiopiu.net\/wordpress\/wp-json\/wp\/v2\/types\/post"}],"author":[{"embeddable":true,"href":"https:\/\/www.radiopiu.net\/wordpress\/wp-json\/wp\/v2\/users\/4"}],"replies":[{"embeddable":true,"href":"https:\/\/www.radiopiu.net\/wordpress\/wp-json\/wp\/v2\/comments?post=264439"}],"version-history":[{"count":0,"href":"https:\/\/www.radiopiu.net\/wordpress\/wp-json\/wp\/v2\/posts\/264439\/revisions"}],"wp:featuredmedia":[{"embeddable":true,"href":"https:\/\/www.radiopiu.net\/wordpress\/wp-json\/wp\/v2\/media\/264488"}],"wp:attachment":[{"href":"https:\/\/www.radiopiu.net\/wordpress\/wp-json\/wp\/v2\/media?parent=264439"}],"wp:term":[{"taxonomy":"category","embeddable":true,"href":"https:\/\/www.radiopiu.net\/wordpress\/wp-json\/wp\/v2\/categories?post=264439"},{"taxonomy":"post_tag","embeddable":true,"href":"https:\/\/www.radiopiu.net\/wordpress\/wp-json\/wp\/v2\/tags?post=264439"}],"curies":[{"name":"wp","href":"https:\/\/api.w.org\/{rel}","templated":true}]}}