{"id":264471,"date":"2022-03-13T08:35:37","date_gmt":"2022-03-13T07:35:37","guid":{"rendered":"https:\/\/www.radiopiu.net\/wordpress\/?p=264471"},"modified":"2022-03-13T08:35:37","modified_gmt":"2022-03-13T07:35:37","slug":"rene-de-silvestro-conquista-il-bronzo-nello-slalom-speciale-delle-paralimpiadi","status":"publish","type":"post","link":"https:\/\/www.radiopiu.net\/wordpress\/rene-de-silvestro-conquista-il-bronzo-nello-slalom-speciale-delle-paralimpiadi\/","title":{"rendered":"RENE&#8217; DE SILVESTRO CONQUISTA IL BRONZO NELLO SLALOM SPECIALE DELLE PARALIMPIADI"},"content":{"rendered":"<p><strong><a class=\"dt-pswp-item\" href=\"https:\/\/www.radiopiu.net\/wordpress\/wp-content\/uploads\/2022\/03\/9214f9c4-fd3b-4c97-8010-9686839bad27.jpg\" data-dt-img-description=\"\" data-large_image_width=\"1024\" data-large_image_height=\"666\"><img loading=\"lazy\" decoding=\"async\" class=\" wp-image-264472 alignleft\" src=\"https:\/\/www.radiopiu.net\/wordpress\/wp-content\/uploads\/2022\/03\/9214f9c4-fd3b-4c97-8010-9686839bad27-300x195.jpg\" alt=\"\" width=\"175\" height=\"114\" srcset=\"https:\/\/www.radiopiu.net\/wordpress\/wp-content\/uploads\/2022\/03\/9214f9c4-fd3b-4c97-8010-9686839bad27-300x195.jpg 300w, https:\/\/www.radiopiu.net\/wordpress\/wp-content\/uploads\/2022\/03\/9214f9c4-fd3b-4c97-8010-9686839bad27-768x500.jpg 768w, https:\/\/www.radiopiu.net\/wordpress\/wp-content\/uploads\/2022\/03\/9214f9c4-fd3b-4c97-8010-9686839bad27.jpg 1024w\" sizes=\"auto, (max-width: 175px) 100vw, 175px\" \/><\/a>REDAZIONE<\/strong> Ancora una medaglia per Ren\u00e8 De Silvestro alle paralimpiadi di Pechino. Dopo l&#8217;argento nello slalom gigante di gioved\u00ec scorso, l&#8217;atleta bellunese appende al collo il bronzo nello slalom speciale. Terza posizione per il ragazzo di Pieve di Cadore che chiude la prova con un ritardo di 7&#8243;34 dal novegese che ha vinto la gara. Ren\u00e8 aveva chiuso la prima manche al terzo posto e nella seconda discesa \u00e8 riuscito a mantenere la posizione. Si chiudono dunque le Paralimpiadi di Ren\u00e8 De Silvestro con due medaglie, un argento e un bronzo.<\/p>\n<p>&nbsp;<\/p>\n<p>&nbsp;<\/p>\n<p>&nbsp;<\/p>\n<p>&nbsp;<\/p>\n<p>******<\/p>\n","protected":false},"excerpt":{"rendered":"<p>REDAZIONE Ancora una medaglia per Ren\u00e8 De Silvestro alle paralimpiadi di Pechino. Dopo l&#8217;argento nello slalom gigante di gioved\u00ec scorso, l&#8217;atleta bellunese appende al collo il bronzo nello slalom speciale. Terza posizione per il ragazzo di Pieve di Cadore che chiude la prova con un ritardo di 7&#8243;34 dal novegese che ha vinto la gara.&hellip;<\/p>\n","protected":false},"author":4,"featured_media":264472,"comment_status":"closed","ping_status":"closed","sticky":false,"template":"","format":"standard","meta":{"_monsterinsights_skip_tracking":false,"_monsterinsights_sitenote_active":false,"_monsterinsights_sitenote_note":"","_monsterinsights_sitenote_category":0,"footnotes":""},"categories":[51,49],"tags":[],"class_list":["post-264471","post","type-post","status-publish","format-standard","has-post-thumbnail","hentry","category-evidenza-top","category-news-18","category-51","category-49","description-off"],"img_url":"https:\/\/www.radiopiu.net\/wordpress\/wp-content\/uploads\/2022\/03\/9214f9c4-fd3b-4c97-8010-9686839bad27.jpg","_links":{"self":[{"href":"https:\/\/www.radiopiu.net\/wordpress\/wp-json\/wp\/v2\/posts\/264471","targetHints":{"allow":["GET"]}}],"collection":[{"href":"https:\/\/www.radiopiu.net\/wordpress\/wp-json\/wp\/v2\/posts"}],"about":[{"href":"https:\/\/www.radiopiu.net\/wordpress\/wp-json\/wp\/v2\/types\/post"}],"author":[{"embeddable":true,"href":"https:\/\/www.radiopiu.net\/wordpress\/wp-json\/wp\/v2\/users\/4"}],"replies":[{"embeddable":true,"href":"https:\/\/www.radiopiu.net\/wordpress\/wp-json\/wp\/v2\/comments?post=264471"}],"version-history":[{"count":0,"href":"https:\/\/www.radiopiu.net\/wordpress\/wp-json\/wp\/v2\/posts\/264471\/revisions"}],"wp:featuredmedia":[{"embeddable":true,"href":"https:\/\/www.radiopiu.net\/wordpress\/wp-json\/wp\/v2\/media\/264472"}],"wp:attachment":[{"href":"https:\/\/www.radiopiu.net\/wordpress\/wp-json\/wp\/v2\/media?parent=264471"}],"wp:term":[{"taxonomy":"category","embeddable":true,"href":"https:\/\/www.radiopiu.net\/wordpress\/wp-json\/wp\/v2\/categories?post=264471"},{"taxonomy":"post_tag","embeddable":true,"href":"https:\/\/www.radiopiu.net\/wordpress\/wp-json\/wp\/v2\/tags?post=264471"}],"curies":[{"name":"wp","href":"https:\/\/api.w.org\/{rel}","templated":true}]}}