{"id":264570,"date":"2022-03-15T05:35:49","date_gmt":"2022-03-15T04:35:49","guid":{"rendered":"https:\/\/www.radiopiu.net\/wordpress\/?p=264570"},"modified":"2022-03-15T06:08:02","modified_gmt":"2022-03-15T05:08:02","slug":"i-racconti-di-paolo-soppelsa-puntata-117","status":"publish","type":"post","link":"https:\/\/www.radiopiu.net\/wordpress\/i-racconti-di-paolo-soppelsa-puntata-117\/","title":{"rendered":"I RACCONTI DI PAOLO SOPPELSA &#8211; PUNTATA 117"},"content":{"rendered":"<p><strong>SUL COL DI LANA<\/strong><\/p>\n<p><em><strong>AUDIO<\/strong><\/em><\/p>\n<audio class=\"wp-audio-shortcode\" id=\"audio-264570-1\" preload=\"none\" style=\"width: 100%;\" controls=\"controls\"><source type=\"audio\/mpeg\" src=\"https:\/\/www.radiopiu.net\/wordpress\/wp-content\/uploads\/2022\/03\/PAOLO-SOPPELSA-SU-COL-DI-LANA.mp3?_=1\" \/><a href=\"https:\/\/www.radiopiu.net\/wordpress\/wp-content\/uploads\/2022\/03\/PAOLO-SOPPELSA-SU-COL-DI-LANA.mp3\">https:\/\/www.radiopiu.net\/wordpress\/wp-content\/uploads\/2022\/03\/PAOLO-SOPPELSA-SU-COL-DI-LANA.mp3<\/a><\/audio>\n<p>&nbsp;<\/p>\n<p><a class=\"dt-pswp-item\" href=\"https:\/\/www.radiopiu.net\/wordpress\/wp-content\/uploads\/2022\/03\/85e5467c-9707-4773-a571-c6ac5ff61334.jpg\" data-dt-img-description=\"\" data-large_image_width=\"960\" data-large_image_height=\"720\"><img loading=\"lazy\" decoding=\"async\" class=\"size-medium wp-image-264572 alignleft\" src=\"https:\/\/www.radiopiu.net\/wordpress\/wp-content\/uploads\/2022\/03\/85e5467c-9707-4773-a571-c6ac5ff61334-300x225.jpg\" alt=\"\" width=\"300\" height=\"225\" srcset=\"https:\/\/www.radiopiu.net\/wordpress\/wp-content\/uploads\/2022\/03\/85e5467c-9707-4773-a571-c6ac5ff61334-300x225.jpg 300w, https:\/\/www.radiopiu.net\/wordpress\/wp-content\/uploads\/2022\/03\/85e5467c-9707-4773-a571-c6ac5ff61334-768x576.jpg 768w, https:\/\/www.radiopiu.net\/wordpress\/wp-content\/uploads\/2022\/03\/85e5467c-9707-4773-a571-c6ac5ff61334.jpg 960w\" sizes=\"auto, (max-width: 300px) 100vw, 300px\" \/><\/a>&#8220;&#8230;eravamo in pochi, e parlavamo piano. Guardavamo le rocce sconvolte dalla grande mina italiana e i fiori che ornano quelle pietre che sono tombe. Ottomila Anime sono rimaste lass\u00f9, ad un passo dalle nuvole\u2026&#8221;<br \/>\nC&#8217;era un bel sole quel primo sabato di luglio. I prati in fiore regalavano inebrianti profumi e colori lass\u00f9 dove c&#8217;era stata la guerra; ed io stavo camminando in un paradiso che per due anni era stato crudele inferno. \u00c8 montagna diversa il Col di Lana, dalla cui cima si pu\u00f2 scorgere all&#8217;orizzonte la Tofana di Rozes con il suo Castelletto mutilato dall&#8217;altra potente mina italiana; e poi il Col dei Bos ed il Lagazuoi con il Sass de Stria di fronte, che al mutare della luce appare e scompare. L&#8217;occhio attento riesce a scorgere pure il forte di Valparola e, innevate e lontanissime cime a me sconosciute. \u00c8 montagna che \u00e8 sacrario, \u00e8 cimitero di giovent\u00f9 che pretende silenzio e rispetto. Mentre un leggero vento d&#8217;estate accarezzava la Croce di ferro, pensavo che quass\u00f9, quella grande follia chiamata guerra, era riuscita persino a modificare la fisionomia delle montagne. Ne erano testimoni la cima mozzata del Col di Lana e la cresta ferita del Sief; e poi ancora la parete del Lagazuoi squarciata dall&#8217;esplosivo a raccontare il terrificante fragore delle mine. La Grande Guerra l&#8217;ho sempre immaginata in bianco e nero, perch\u00e9 cos\u00ec \u00e8 rappresentata nei filmati che talvolta vengono proposti in TV. Immagini rare e preziose di uomini in uniforme che si muovevano a scatti e l&#8217;unico colore reale \u00e8 quello della neve perch\u00e9 la neve \u00e8 bianca. Il resto \u00e8 bianco e nero severo che rende ancor pi\u00f9 drammatico ci\u00f2 che era spaventoso. Eppure, quelle anime, nella realt\u00e0 questo mondo dolomitico lo vedevano a colori, esattamente come accadeva a me mentre passeggiavo sulla cima. I loro occhi potevano ammirare le rocce, che all&#8217;alba ed al tramonto si tingono di rosa ed il candore abbagliante della neve del ghiacciaio della Marmolada. E poi il viola dei rododendri ed il verde dell&#8217;erba del versante che scende ripido verso Livinallongo. Chiss\u00e0 se avevano tempo e voglia di guardare tutto ci\u00f2 mentre fischiavano le pallottole sparate dai Mannlicher e dai &#8217;91; mentre tentavano di rimanere al mondo. Fortunatamente oggi lass\u00f9 c&#8217;\u00e8 il silenzio: non esplodono pi\u00f9 le granate e non fischiano gli Shrapnels. Non si ode il terrifico fragore delle mine; quel sabato di luglio c&#8217;erano soltanto la grande pace della montagna, pigre nuvole che passeggiavano nel cielo d&#8217;estate e il suono delle campane che a fondovalle annunciavano il mezzogiorno. E pareva impossibile che tutto ci\u00f2 potesse essere accaduto poco pi\u00f9 di un secolo fa.<br \/>\nCol di Lana 2462 m. s.l.m<br \/>\n3 luglio 2021<\/p>\n","protected":false},"excerpt":{"rendered":"<p>SUL COL DI LANA AUDIO &nbsp; &#8220;&#8230;eravamo in pochi, e parlavamo piano. Guardavamo le rocce sconvolte dalla grande mina italiana e i fiori che ornano quelle pietre che sono tombe. Ottomila Anime sono rimaste lass\u00f9, ad un passo dalle nuvole\u2026&#8221; C&#8217;era un bel sole quel primo sabato di luglio. I prati in fiore regalavano inebrianti&hellip;<\/p>\n","protected":false},"author":4,"featured_media":264572,"comment_status":"closed","ping_status":"closed","sticky":false,"template":"","format":"standard","meta":{"_monsterinsights_skip_tracking":false,"_monsterinsights_sitenote_active":false,"_monsterinsights_sitenote_note":"","_monsterinsights_sitenote_category":0,"footnotes":""},"categories":[51,49,112],"tags":[],"class_list":["post-264570","post","type-post","status-publish","format-standard","has-post-thumbnail","hentry","category-evidenza-top","category-news-18","category-racconti-soppelsa","category-51","category-49","category-112","description-off"],"img_url":"https:\/\/www.radiopiu.net\/wordpress\/wp-content\/uploads\/2022\/03\/85e5467c-9707-4773-a571-c6ac5ff61334.jpg","_links":{"self":[{"href":"https:\/\/www.radiopiu.net\/wordpress\/wp-json\/wp\/v2\/posts\/264570","targetHints":{"allow":["GET"]}}],"collection":[{"href":"https:\/\/www.radiopiu.net\/wordpress\/wp-json\/wp\/v2\/posts"}],"about":[{"href":"https:\/\/www.radiopiu.net\/wordpress\/wp-json\/wp\/v2\/types\/post"}],"author":[{"embeddable":true,"href":"https:\/\/www.radiopiu.net\/wordpress\/wp-json\/wp\/v2\/users\/4"}],"replies":[{"embeddable":true,"href":"https:\/\/www.radiopiu.net\/wordpress\/wp-json\/wp\/v2\/comments?post=264570"}],"version-history":[{"count":0,"href":"https:\/\/www.radiopiu.net\/wordpress\/wp-json\/wp\/v2\/posts\/264570\/revisions"}],"wp:featuredmedia":[{"embeddable":true,"href":"https:\/\/www.radiopiu.net\/wordpress\/wp-json\/wp\/v2\/media\/264572"}],"wp:attachment":[{"href":"https:\/\/www.radiopiu.net\/wordpress\/wp-json\/wp\/v2\/media?parent=264570"}],"wp:term":[{"taxonomy":"category","embeddable":true,"href":"https:\/\/www.radiopiu.net\/wordpress\/wp-json\/wp\/v2\/categories?post=264570"},{"taxonomy":"post_tag","embeddable":true,"href":"https:\/\/www.radiopiu.net\/wordpress\/wp-json\/wp\/v2\/tags?post=264570"}],"curies":[{"name":"wp","href":"https:\/\/api.w.org\/{rel}","templated":true}]}}