{"id":264575,"date":"2022-03-13T17:11:44","date_gmt":"2022-03-13T16:11:44","guid":{"rendered":"https:\/\/www.radiopiu.net\/wordpress\/?p=264575"},"modified":"2022-03-13T17:11:44","modified_gmt":"2022-03-13T16:11:44","slug":"collage-operazione-nostalgia-dai-grandi-successi-internazionali-alla-musica-contro-la-guerra","status":"publish","type":"post","link":"https:\/\/www.radiopiu.net\/wordpress\/collage-operazione-nostalgia-dai-grandi-successi-internazionali-alla-musica-contro-la-guerra\/","title":{"rendered":"COLLAGE OPERAZIONE NOSTALGIA. DAI GRANDI SUCCESSI INTERNAZIONALI ALLA MUSICA CONTRO LA GUERRA"},"content":{"rendered":"<p><strong><a class=\"dt-pswp-item\" href=\"https:\/\/www.radiopiu.net\/wordpress\/wp-content\/uploads\/2022\/03\/Blowin-in-the-wind.jpg\" data-dt-img-description=\"\" data-large_image_width=\"412\" data-large_image_height=\"412\"><img loading=\"lazy\" decoding=\"async\" class=\" wp-image-264576 alignleft\" src=\"https:\/\/www.radiopiu.net\/wordpress\/wp-content\/uploads\/2022\/03\/Blowin-in-the-wind-300x300.jpg\" alt=\"\" width=\"122\" height=\"122\" srcset=\"https:\/\/www.radiopiu.net\/wordpress\/wp-content\/uploads\/2022\/03\/Blowin-in-the-wind-300x300.jpg 300w, https:\/\/www.radiopiu.net\/wordpress\/wp-content\/uploads\/2022\/03\/Blowin-in-the-wind-150x150.jpg 150w, https:\/\/www.radiopiu.net\/wordpress\/wp-content\/uploads\/2022\/03\/Blowin-in-the-wind.jpg 412w\" sizes=\"auto, (max-width: 122px) 100vw, 122px\" \/><\/a>di Loris Scussel<\/strong><\/p>\n<p>Vista la situazione attuale in Ucraina Collage aprir\u00e0 la settimana con una puntata dedicata alle canzoni contro la guerra, marted\u00ec brani tipicamente estivi, mercoled\u00ec e gioved\u00ec spazio alla musica internazionale per terminare venerd\u00ec con le canzoni dei gruppi musicali italiani anni 60\/70. Il programma andr\u00e0 in onda dal luned\u00ec al venerd\u00ec alle 16,00 e alle 23,00.<\/p>\n<p>&nbsp;<\/p>\n<p>&nbsp;<\/p>\n<p>&nbsp;<\/p>\n<p>*****<\/p>\n","protected":false},"excerpt":{"rendered":"<p>di Loris Scussel Vista la situazione attuale in Ucraina Collage aprir\u00e0 la settimana con una puntata dedicata alle canzoni contro la guerra, marted\u00ec brani tipicamente estivi, mercoled\u00ec e gioved\u00ec spazio alla musica internazionale per terminare venerd\u00ec con le canzoni dei gruppi musicali italiani anni 60\/70. Il programma andr\u00e0 in onda dal luned\u00ec al venerd\u00ec alle&hellip;<\/p>\n","protected":false},"author":4,"featured_media":264576,"comment_status":"closed","ping_status":"closed","sticky":false,"template":"","format":"standard","meta":{"_monsterinsights_skip_tracking":false,"_monsterinsights_sitenote_active":false,"_monsterinsights_sitenote_note":"","_monsterinsights_sitenote_category":0,"footnotes":""},"categories":[49],"tags":[],"class_list":["post-264575","post","type-post","status-publish","format-standard","has-post-thumbnail","hentry","category-news-18","category-49","description-off"],"img_url":"https:\/\/www.radiopiu.net\/wordpress\/wp-content\/uploads\/2022\/03\/Blowin-in-the-wind.jpg","_links":{"self":[{"href":"https:\/\/www.radiopiu.net\/wordpress\/wp-json\/wp\/v2\/posts\/264575","targetHints":{"allow":["GET"]}}],"collection":[{"href":"https:\/\/www.radiopiu.net\/wordpress\/wp-json\/wp\/v2\/posts"}],"about":[{"href":"https:\/\/www.radiopiu.net\/wordpress\/wp-json\/wp\/v2\/types\/post"}],"author":[{"embeddable":true,"href":"https:\/\/www.radiopiu.net\/wordpress\/wp-json\/wp\/v2\/users\/4"}],"replies":[{"embeddable":true,"href":"https:\/\/www.radiopiu.net\/wordpress\/wp-json\/wp\/v2\/comments?post=264575"}],"version-history":[{"count":0,"href":"https:\/\/www.radiopiu.net\/wordpress\/wp-json\/wp\/v2\/posts\/264575\/revisions"}],"wp:featuredmedia":[{"embeddable":true,"href":"https:\/\/www.radiopiu.net\/wordpress\/wp-json\/wp\/v2\/media\/264576"}],"wp:attachment":[{"href":"https:\/\/www.radiopiu.net\/wordpress\/wp-json\/wp\/v2\/media?parent=264575"}],"wp:term":[{"taxonomy":"category","embeddable":true,"href":"https:\/\/www.radiopiu.net\/wordpress\/wp-json\/wp\/v2\/categories?post=264575"},{"taxonomy":"post_tag","embeddable":true,"href":"https:\/\/www.radiopiu.net\/wordpress\/wp-json\/wp\/v2\/tags?post=264575"}],"curies":[{"name":"wp","href":"https:\/\/api.w.org\/{rel}","templated":true}]}}