{"id":264589,"date":"2022-03-14T05:24:27","date_gmt":"2022-03-14T04:24:27","guid":{"rendered":"https:\/\/www.radiopiu.net\/wordpress\/?p=264589"},"modified":"2022-03-14T08:33:56","modified_gmt":"2022-03-14T07:33:56","slug":"rinvenimenti-archeologigici-presso-il-casal-di-col-cugnago-cugnach-di-la-valle-agordina","status":"publish","type":"post","link":"https:\/\/www.radiopiu.net\/wordpress\/rinvenimenti-archeologigici-presso-il-casal-di-col-cugnago-cugnach-di-la-valle-agordina\/","title":{"rendered":"RINVENIMENTI ARCHEOLOGIGICI PRESSO IL CASAL DI COL CUGNAGO (CUGNACH) DI LA VALLE AGORDINA"},"content":{"rendered":"<p><strong>di Tiziano De Col<\/strong><\/p>\n<p>Da testimonianze raccolte il rinvenimento \u00e8 datato 1942. A seguito dello sradicamento di un albero posto sul lato sud-est del sasso, (probabilmente un ciliegio) dovuto a un forte vento, venne alla luce una sepoltura a doppia camera in muratura di sassi e calce con probabile pavimentazione in som\u00e0sa cio\u00e8 pietrisco, paglia e calce. La camera pi\u00f9 profonda era di pari lunghezza della superiore, ma pi\u00f9 stretta e stando al racconto di testimoni in essa erano contenuti resti umani e suppellettili (fibule, armille, pietre levigate forate facenti parte di collane). Testimoni riferiscono che si recarono in sopraluogo il Podest\u00e0 ed il Parroco e \u201cnon riscontrando segni di Cristianit\u00e0\u201d i resti ossei non furono traslati nel cimitero paesano, ma vennero lasciati in sito. Il proprietario del terreno esegu\u00ec degli scavi per cercare reperti di valore, mentre fibule e armille vennero scartate perch\u00e9 ritenute di poco interesse. La terra asportata e messa ai lati della sepoltura e fu riselezionata dai ragazzi del tempo che cercavano \u201cperle\u201d levigate per giocare a biglie e raccolsero le \u201cperle\u201d delle collane, le fibule e le armille. Don Ferdinando Tamis ebbe il merito di recuperare, presso le abitazioni dei ragazzi, una discreta quantit\u00e0 di oggetti che poi don\u00f2 all&#8217;Istituto Minerario di Agordo evitando la dispersione e dando a noi la possibilit\u00e0 di essere a conoscenza di questi ritrovamenti e di poterli osservare, mentre non ci \u00e8 dato sapere se il proprietario del terreno avesse rinvenuto altri oggetti. Non ci risulta sapere se, al tempo, la Sovrintendenza competente fosse stata informata del ritrovamento. Probabilmente il sito fu ri-livellato e la sepoltura, forse ormai compromessa fu ricoperta. Ora il sito \u00e8 coperto da vegetazione infestante, ma meriterebbe una riconsiderazione da parte della Autorit\u00e0 preposte.L\u2019area del Sass di Cal\u00f2n \u00e8 perimetrata come Zona di Interesse Archeologico dagli strumenti urbanistici del Comune di La Valle dal 1991 in poi. I reperti furono poi datati da Guerrino Malagola come &#8220;altomedievali ed appartenenti alla popolazione autoctona romanizzata&#8221; e attribuibili ai secoli VI -VII d.C.. Alleghiamo copia della relazione \u201cNuovi reperti altomedievali dell\u2019 Agordino\u201d di Guerrino Malagola, pubblicata in Studi di Storia Patria del Friuli, che \u00e8 sicuramente interessante anche per la precisa descrizione dei reperti e per la loro analisi. Alleghiamo fotografie dei reperti di La Valle (Riparo Sass di Cal\u00f2n) di Don Ferdinando Tamis \u2013 Fotoriproduzioni di De Col Tiziano. La descrizione dei reperti \u00e8 consultabile nella relazione di G.Malagola allegata.<\/p>\n<p><strong>La copia della relazione \u201cNuovi reperti altomedievali dell\u2019 Agordino\u201d di Guerrino Malagola, pubblicata in Studi di Storia Patria del Friuli, che \u00e8 sicuramente interessante anche per la precisa descrizione dei reperti e per la loro analisi.<\/strong><\/p>\n\n\t\t\t<style type='text\/css'>\n\t\t\t\t#gallery-1 {\n\t\t\t\t\tmargin: auto;\n\t\t\t\t}\n\t\t\t\t#gallery-1 .gallery-item {\n\t\t\t\t\tfloat: left;\n\t\t\t\t\tmargin-top: 10px;\n\t\t\t\t\ttext-align: center;\n\t\t\t\t\twidth: 25%;\n\t\t\t\t}\n\t\t\t\t#gallery-1 img {\n\t\t\t\t\tborder: 2px solid #cfcfcf;\n\t\t\t\t}\n\t\t\t\t#gallery-1 .gallery-caption {\n\t\t\t\t\tmargin-left: 0;\n\t\t\t\t}\n\t\t\t\t\/* see gallery_shortcode() in wp-includes\/media.php *\/\n\t\t\t<\/style>\n\t\t<div id='gallery-1' class='dt-gallery-container gallery galleryid-264589 gallery-columns-4 gallery-size-thumbnail'><dl class='gallery-item'>\n\t\t\t\t<dt class='gallery-icon portrait'>\n\t\t\t\t\t<a class=\"rollover rollover-zoom dt-pswp-item\" title=\"pag1\" data-dt-img-description=\"\" data-large_image_width=\"798\" data-large_image_height=\"1155\"href='https:\/\/www.radiopiu.net\/wordpress\/wp-content\/uploads\/2022\/03\/pag1.jpg'><img loading=\"lazy\" decoding=\"async\" width=\"150\" height=\"150\" src=\"https:\/\/www.radiopiu.net\/wordpress\/wp-content\/uploads\/2022\/03\/pag1-150x150.jpg\" class=\"attachment-thumbnail size-thumbnail\" alt=\"\" \/><\/a>\n\t\t\t\t<\/dt><\/dl><dl class='gallery-item'>\n\t\t\t\t<dt class='gallery-icon landscape'>\n\t\t\t\t\t<a class=\"rollover rollover-zoom dt-pswp-item\" title=\"pag2\" data-dt-img-description=\"\" data-large_image_width=\"1155\" data-large_image_height=\"798\"href='https:\/\/www.radiopiu.net\/wordpress\/wp-content\/uploads\/2022\/03\/pag2.jpg'><img loading=\"lazy\" decoding=\"async\" width=\"150\" height=\"150\" src=\"https:\/\/www.radiopiu.net\/wordpress\/wp-content\/uploads\/2022\/03\/pag2-150x150.jpg\" class=\"attachment-thumbnail size-thumbnail\" alt=\"\" \/><\/a>\n\t\t\t\t<\/dt><\/dl><dl class='gallery-item'>\n\t\t\t\t<dt class='gallery-icon landscape'>\n\t\t\t\t\t<a class=\"rollover rollover-zoom dt-pswp-item\" title=\"pag3\" data-dt-img-description=\"\" data-large_image_width=\"1155\" data-large_image_height=\"798\"href='https:\/\/www.radiopiu.net\/wordpress\/wp-content\/uploads\/2022\/03\/pag3.jpg'><img loading=\"lazy\" decoding=\"async\" width=\"150\" height=\"150\" src=\"https:\/\/www.radiopiu.net\/wordpress\/wp-content\/uploads\/2022\/03\/pag3-150x150.jpg\" class=\"attachment-thumbnail size-thumbnail\" alt=\"\" \/><\/a>\n\t\t\t\t<\/dt><\/dl><dl class='gallery-item'>\n\t\t\t\t<dt class='gallery-icon landscape'>\n\t\t\t\t\t<a class=\"rollover rollover-zoom dt-pswp-item\" title=\"pag4\" data-dt-img-description=\"\" data-large_image_width=\"1170\" data-large_image_height=\"828\"href='https:\/\/www.radiopiu.net\/wordpress\/wp-content\/uploads\/2022\/03\/pag4.jpg'><img loading=\"lazy\" decoding=\"async\" width=\"150\" height=\"150\" src=\"https:\/\/www.radiopiu.net\/wordpress\/wp-content\/uploads\/2022\/03\/pag4-150x150.jpg\" class=\"attachment-thumbnail size-thumbnail\" alt=\"\" \/><\/a>\n\t\t\t\t<\/dt><\/dl><br style=\"clear: both\" \/><dl class='gallery-item'>\n\t\t\t\t<dt class='gallery-icon landscape'>\n\t\t\t\t\t<a class=\"rollover rollover-zoom dt-pswp-item\" title=\"pag5\" data-dt-img-description=\"\" data-large_image_width=\"1170\" data-large_image_height=\"828\"href='https:\/\/www.radiopiu.net\/wordpress\/wp-content\/uploads\/2022\/03\/pag5.jpg'><img loading=\"lazy\" decoding=\"async\" width=\"150\" height=\"150\" src=\"https:\/\/www.radiopiu.net\/wordpress\/wp-content\/uploads\/2022\/03\/pag5-150x150.jpg\" class=\"attachment-thumbnail size-thumbnail\" alt=\"\" \/><\/a>\n\t\t\t\t<\/dt><\/dl><dl class='gallery-item'>\n\t\t\t\t<dt class='gallery-icon landscape'>\n\t\t\t\t\t<a class=\"rollover rollover-zoom dt-pswp-item\" title=\"pag6\" data-dt-img-description=\"\" data-large_image_width=\"1170\" data-large_image_height=\"828\"href='https:\/\/www.radiopiu.net\/wordpress\/wp-content\/uploads\/2022\/03\/pag6.jpg'><img loading=\"lazy\" decoding=\"async\" width=\"150\" height=\"150\" src=\"https:\/\/www.radiopiu.net\/wordpress\/wp-content\/uploads\/2022\/03\/pag6-150x150.jpg\" class=\"attachment-thumbnail size-thumbnail\" alt=\"\" \/><\/a>\n\t\t\t\t<\/dt><\/dl><dl class='gallery-item'>\n\t\t\t\t<dt class='gallery-icon landscape'>\n\t\t\t\t\t<a class=\"rollover rollover-zoom dt-pswp-item\" title=\"pag7\" data-dt-img-description=\"\" data-large_image_width=\"1170\" data-large_image_height=\"828\"href='https:\/\/www.radiopiu.net\/wordpress\/wp-content\/uploads\/2022\/03\/pag7.jpg'><img loading=\"lazy\" decoding=\"async\" width=\"150\" height=\"150\" src=\"https:\/\/www.radiopiu.net\/wordpress\/wp-content\/uploads\/2022\/03\/pag7-150x150.jpg\" class=\"attachment-thumbnail size-thumbnail\" alt=\"\" \/><\/a>\n\t\t\t\t<\/dt><\/dl><dl class='gallery-item'>\n\t\t\t\t<dt class='gallery-icon landscape'>\n\t\t\t\t\t<a class=\"rollover rollover-zoom dt-pswp-item\" title=\"pag8\" data-dt-img-description=\"\" data-large_image_width=\"1170\" data-large_image_height=\"828\"href='https:\/\/www.radiopiu.net\/wordpress\/wp-content\/uploads\/2022\/03\/pag8.jpg'><img loading=\"lazy\" decoding=\"async\" width=\"150\" height=\"150\" src=\"https:\/\/www.radiopiu.net\/wordpress\/wp-content\/uploads\/2022\/03\/pag8-150x150.jpg\" class=\"attachment-thumbnail size-thumbnail\" alt=\"\" \/><\/a>\n\t\t\t\t<\/dt><\/dl><br style=\"clear: both\" \/><dl class='gallery-item'>\n\t\t\t\t<dt class='gallery-icon landscape'>\n\t\t\t\t\t<a class=\"rollover rollover-zoom dt-pswp-item\" title=\"pag9\" data-dt-img-description=\"\" data-large_image_width=\"1170\" data-large_image_height=\"828\"href='https:\/\/www.radiopiu.net\/wordpress\/wp-content\/uploads\/2022\/03\/pag9.jpg'><img loading=\"lazy\" decoding=\"async\" width=\"150\" height=\"150\" src=\"https:\/\/www.radiopiu.net\/wordpress\/wp-content\/uploads\/2022\/03\/pag9-150x150.jpg\" class=\"attachment-thumbnail size-thumbnail\" alt=\"\" \/><\/a>\n\t\t\t\t<\/dt><\/dl><dl class='gallery-item'>\n\t\t\t\t<dt class='gallery-icon landscape'>\n\t\t\t\t\t<a class=\"rollover rollover-zoom dt-pswp-item\" title=\"pag10\" data-dt-img-description=\"\" data-large_image_width=\"1170\" data-large_image_height=\"828\"href='https:\/\/www.radiopiu.net\/wordpress\/wp-content\/uploads\/2022\/03\/pag10.jpg'><img loading=\"lazy\" decoding=\"async\" width=\"150\" height=\"150\" src=\"https:\/\/www.radiopiu.net\/wordpress\/wp-content\/uploads\/2022\/03\/pag10-150x150.jpg\" class=\"attachment-thumbnail size-thumbnail\" alt=\"\" \/><\/a>\n\t\t\t\t<\/dt><\/dl><dl class='gallery-item'>\n\t\t\t\t<dt class='gallery-icon landscape'>\n\t\t\t\t\t<a class=\"rollover rollover-zoom dt-pswp-item\" title=\"pag11\" data-dt-img-description=\"\" data-large_image_width=\"1170\" data-large_image_height=\"828\"href='https:\/\/www.radiopiu.net\/wordpress\/wp-content\/uploads\/2022\/03\/pag11.jpg'><img loading=\"lazy\" decoding=\"async\" width=\"150\" height=\"150\" src=\"https:\/\/www.radiopiu.net\/wordpress\/wp-content\/uploads\/2022\/03\/pag11-150x150.jpg\" class=\"attachment-thumbnail size-thumbnail\" alt=\"\" \/><\/a>\n\t\t\t\t<\/dt><\/dl>\n\t\t\t\t<br style='clear: both' \/>\n\t\t\t<\/div>\n\n<p>&nbsp;<\/p>\n<p><strong>Le fotografie dei reperti di La Valle (Riparo Sass di Calon) di Don Ferdinando Tamis \u2013 Fotoriproduzioni di De Col Tiziano<\/strong><\/p>\n\n\t\t\t<style type='text\/css'>\n\t\t\t\t#gallery-2 {\n\t\t\t\t\tmargin: auto;\n\t\t\t\t}\n\t\t\t\t#gallery-2 .gallery-item {\n\t\t\t\t\tfloat: left;\n\t\t\t\t\tmargin-top: 10px;\n\t\t\t\t\ttext-align: center;\n\t\t\t\t\twidth: 33%;\n\t\t\t\t}\n\t\t\t\t#gallery-2 img {\n\t\t\t\t\tborder: 2px solid #cfcfcf;\n\t\t\t\t}\n\t\t\t\t#gallery-2 .gallery-caption {\n\t\t\t\t\tmargin-left: 0;\n\t\t\t\t}\n\t\t\t\t\/* see gallery_shortcode() in wp-includes\/media.php *\/\n\t\t\t<\/style>\n\t\t<div id='gallery-2' class='dt-gallery-container gallery galleryid-264589 gallery-columns-3 gallery-size-medium'><dl class='gallery-item'>\n\t\t\t\t<dt class='gallery-icon landscape'>\n\t\t\t\t\t<a class=\"rollover\" href='https:\/\/www.radiopiu.net\/wordpress\/rinvenimenti-archeologigici-presso-il-casal-di-col-cugnago-cugnach-di-la-valle-agordina\/1-108\/'><img loading=\"lazy\" decoding=\"async\" width=\"300\" height=\"233\" src=\"https:\/\/www.radiopiu.net\/wordpress\/wp-content\/uploads\/2022\/03\/1-1-300x233.jpg\" class=\"attachment-medium size-medium\" alt=\"\" aria-describedby=\"gallery-2-264601\" srcset=\"https:\/\/www.radiopiu.net\/wordpress\/wp-content\/uploads\/2022\/03\/1-1-300x233.jpg 300w, https:\/\/www.radiopiu.net\/wordpress\/wp-content\/uploads\/2022\/03\/1-1-768x597.jpg 768w, https:\/\/www.radiopiu.net\/wordpress\/wp-content\/uploads\/2022\/03\/1-1.jpg 1020w\" sizes=\"auto, (max-width: 300px) 100vw, 300px\" \/><\/a>\n\t\t\t\t<\/dt>\n\t\t\t\t\t<dd class='wp-caption-text gallery-caption' id='gallery-2-264601'>\n\t\t\t\t\tIL PUNTO DEL RITROVAMENTO &#8211; SITO n 2.\n\t\t\t\t\t<\/dd><\/dl><dl class='gallery-item'>\n\t\t\t\t<dt class='gallery-icon portrait'>\n\t\t\t\t\t<a class=\"rollover\" href='https:\/\/www.radiopiu.net\/wordpress\/rinvenimenti-archeologigici-presso-il-casal-di-col-cugnago-cugnach-di-la-valle-agordina\/croce-1\/'><img loading=\"lazy\" decoding=\"async\" width=\"259\" height=\"300\" src=\"https:\/\/www.radiopiu.net\/wordpress\/wp-content\/uploads\/2022\/03\/croce-1-259x300.jpg\" class=\"attachment-medium size-medium\" alt=\"\" aria-describedby=\"gallery-2-264603\" srcset=\"https:\/\/www.radiopiu.net\/wordpress\/wp-content\/uploads\/2022\/03\/croce-1-259x300.jpg 259w, https:\/\/www.radiopiu.net\/wordpress\/wp-content\/uploads\/2022\/03\/croce-1.jpg 577w\" sizes=\"auto, (max-width: 259px) 100vw, 259px\" \/><\/a>\n\t\t\t\t<\/dt>\n\t\t\t\t\t<dd class='wp-caption-text gallery-caption' id='gallery-2-264603'>\n\t\t\t\t\tLA CROCE\n\t\t\t\t\t<\/dd><\/dl><dl class='gallery-item'>\n\t\t\t\t<dt class='gallery-icon portrait'>\n\t\t\t\t\t<a class=\"rollover\" href='https:\/\/www.radiopiu.net\/wordpress\/rinvenimenti-archeologigici-presso-il-casal-di-col-cugnago-cugnach-di-la-valle-agordina\/insieme1-1\/'><img loading=\"lazy\" decoding=\"async\" width=\"259\" height=\"300\" src=\"https:\/\/www.radiopiu.net\/wordpress\/wp-content\/uploads\/2022\/03\/insieme1-1-259x300.jpg\" class=\"attachment-medium size-medium\" alt=\"\" aria-describedby=\"gallery-2-264605\" srcset=\"https:\/\/www.radiopiu.net\/wordpress\/wp-content\/uploads\/2022\/03\/insieme1-1-259x300.jpg 259w, https:\/\/www.radiopiu.net\/wordpress\/wp-content\/uploads\/2022\/03\/insieme1-1.jpg 638w\" sizes=\"auto, (max-width: 259px) 100vw, 259px\" \/><\/a>\n\t\t\t\t<\/dt>\n\t\t\t\t\t<dd class='wp-caption-text gallery-caption' id='gallery-2-264605'>\n\t\t\t\t\tL&#8217;INSIEME DEI RITROVAMENTI\n\t\t\t\t\t<\/dd><\/dl><br style=\"clear: both\" \/><dl class='gallery-item'>\n\t\t\t\t<dt class='gallery-icon portrait'>\n\t\t\t\t\t<a class=\"rollover\" href='https:\/\/www.radiopiu.net\/wordpress\/rinvenimenti-archeologigici-presso-il-casal-di-col-cugnago-cugnach-di-la-valle-agordina\/frontale\/'><img loading=\"lazy\" decoding=\"async\" width=\"201\" height=\"300\" src=\"https:\/\/www.radiopiu.net\/wordpress\/wp-content\/uploads\/2022\/03\/frontale-201x300.png\" class=\"attachment-medium size-medium\" alt=\"\" aria-describedby=\"gallery-2-264604\" srcset=\"https:\/\/www.radiopiu.net\/wordpress\/wp-content\/uploads\/2022\/03\/frontale-201x300.png 201w, https:\/\/www.radiopiu.net\/wordpress\/wp-content\/uploads\/2022\/03\/frontale-686x1024.png 686w, https:\/\/www.radiopiu.net\/wordpress\/wp-content\/uploads\/2022\/03\/frontale-768x1147.png 768w, https:\/\/www.radiopiu.net\/wordpress\/wp-content\/uploads\/2022\/03\/frontale.png 936w\" sizes=\"auto, (max-width: 201px) 100vw, 201px\" \/><\/a>\n\t\t\t\t<\/dt>\n\t\t\t\t\t<dd class='wp-caption-text gallery-caption' id='gallery-2-264604'>\n\t\t\t\t\tRIPARO SASS CALON CON VISTA FRONTALE\n\t\t\t\t\t<\/dd><\/dl><dl class='gallery-item'>\n\t\t\t\t<dt class='gallery-icon portrait'>\n\t\t\t\t\t<a class=\"rollover\" href='https:\/\/www.radiopiu.net\/wordpress\/rinvenimenti-archeologigici-presso-il-casal-di-col-cugnago-cugnach-di-la-valle-agordina\/lato-2\/'><img loading=\"lazy\" decoding=\"async\" width=\"197\" height=\"300\" src=\"https:\/\/www.radiopiu.net\/wordpress\/wp-content\/uploads\/2022\/03\/lato-1-197x300.png\" class=\"attachment-medium size-medium\" alt=\"\" aria-describedby=\"gallery-2-264607\" srcset=\"https:\/\/www.radiopiu.net\/wordpress\/wp-content\/uploads\/2022\/03\/lato-1-197x300.png 197w, https:\/\/www.radiopiu.net\/wordpress\/wp-content\/uploads\/2022\/03\/lato-1-672x1024.png 672w, https:\/\/www.radiopiu.net\/wordpress\/wp-content\/uploads\/2022\/03\/lato-1-768x1171.png 768w, https:\/\/www.radiopiu.net\/wordpress\/wp-content\/uploads\/2022\/03\/lato-1.png 926w\" sizes=\"auto, (max-width: 197px) 100vw, 197px\" \/><\/a>\n\t\t\t\t<\/dt>\n\t\t\t\t\t<dd class='wp-caption-text gallery-caption' id='gallery-2-264607'>\n\t\t\t\t\tRIPARO SASS CALON CON VISTA DI LATO\n\t\t\t\t\t<\/dd><\/dl>\n\t\t\t\t<br style='clear: both' \/>\n\t\t\t<\/div>\n\n<p>&nbsp;<\/p>\n<p>&nbsp;<\/p>\n<p>*****<\/p>\n","protected":false},"excerpt":{"rendered":"<p>di Tiziano De Col Da testimonianze raccolte il rinvenimento \u00e8 datato 1942. A seguito dello sradicamento di un albero posto sul lato sud-est del sasso, (probabilmente un ciliegio) dovuto a un forte vento, venne alla luce una sepoltura a doppia camera in muratura di sassi e calce con probabile pavimentazione in som\u00e0sa cio\u00e8 pietrisco, paglia&hellip;<\/p>\n","protected":false},"author":4,"featured_media":264605,"comment_status":"closed","ping_status":"closed","sticky":false,"template":"","format":"standard","meta":{"_monsterinsights_skip_tracking":false,"_monsterinsights_sitenote_active":false,"_monsterinsights_sitenote_note":"","_monsterinsights_sitenote_category":0,"footnotes":""},"categories":[51,49],"tags":[],"class_list":["post-264589","post","type-post","status-publish","format-standard","has-post-thumbnail","hentry","category-evidenza-top","category-news-18","category-51","category-49","description-off"],"img_url":"https:\/\/www.radiopiu.net\/wordpress\/wp-content\/uploads\/2022\/03\/insieme1-1.jpg","_links":{"self":[{"href":"https:\/\/www.radiopiu.net\/wordpress\/wp-json\/wp\/v2\/posts\/264589","targetHints":{"allow":["GET"]}}],"collection":[{"href":"https:\/\/www.radiopiu.net\/wordpress\/wp-json\/wp\/v2\/posts"}],"about":[{"href":"https:\/\/www.radiopiu.net\/wordpress\/wp-json\/wp\/v2\/types\/post"}],"author":[{"embeddable":true,"href":"https:\/\/www.radiopiu.net\/wordpress\/wp-json\/wp\/v2\/users\/4"}],"replies":[{"embeddable":true,"href":"https:\/\/www.radiopiu.net\/wordpress\/wp-json\/wp\/v2\/comments?post=264589"}],"version-history":[{"count":0,"href":"https:\/\/www.radiopiu.net\/wordpress\/wp-json\/wp\/v2\/posts\/264589\/revisions"}],"wp:featuredmedia":[{"embeddable":true,"href":"https:\/\/www.radiopiu.net\/wordpress\/wp-json\/wp\/v2\/media\/264605"}],"wp:attachment":[{"href":"https:\/\/www.radiopiu.net\/wordpress\/wp-json\/wp\/v2\/media?parent=264589"}],"wp:term":[{"taxonomy":"category","embeddable":true,"href":"https:\/\/www.radiopiu.net\/wordpress\/wp-json\/wp\/v2\/categories?post=264589"},{"taxonomy":"post_tag","embeddable":true,"href":"https:\/\/www.radiopiu.net\/wordpress\/wp-json\/wp\/v2\/tags?post=264589"}],"curies":[{"name":"wp","href":"https:\/\/api.w.org\/{rel}","templated":true}]}}