{"id":264635,"date":"2022-03-15T05:45:04","date_gmt":"2022-03-15T04:45:04","guid":{"rendered":"https:\/\/www.radiopiu.net\/wordpress\/?p=264635"},"modified":"2022-03-15T09:07:37","modified_gmt":"2022-03-15T08:07:37","slug":"giornale-radiopiu-15-marzo-2022-direttore-mirko-mezzacasa","status":"publish","type":"post","link":"https:\/\/www.radiopiu.net\/wordpress\/giornale-radiopiu-15-marzo-2022-direttore-mirko-mezzacasa\/","title":{"rendered":"GIORNALE RADIOPIU 15 MARZO 2022 DIRETTORE MIRKO MEZZACASA"},"content":{"rendered":"<h3 class=\"kvgmc6g5 cxmmr5t8 oygrvhab hcukyx3x c1et5uql\"><span style=\"color: #0000ff;\"><strong><a class=\"dt-pswp-item\" href=\"https:\/\/www.radiopiu.net\/wordpress\/wp-content\/uploads\/2022\/03\/disel1.jpg\" data-dt-img-description=\"\" data-large_image_width=\"251\" data-large_image_height=\"275\"><img loading=\"lazy\" decoding=\"async\" class=\" wp-image-264231 alignleft\" src=\"https:\/\/www.radiopiu.net\/wordpress\/wp-content\/uploads\/2022\/03\/disel1.jpg\" alt=\"\" width=\"148\" height=\"162\" \/><\/a>INFORMAZIONE il canale su TELEGRAM informazione di prima\u00a0 <\/strong><\/span><span style=\"color: #0000ff;\"><strong>mano e in tempo reale. iscriviti ed aiutaci a farlo conoscere<\/strong><\/span><\/h3>\n<p>&nbsp;<\/p>\n<blockquote><p><em><strong>Quando facciamo benzina, paghiamo ancora i costi di una guerra voluta da Mussolini. Il 60% di ci\u00f2 che paghiamo non \u00e8 per la materia prima, ma per le tasse\u00a0imposte dal Governo Italiano. Ogni volta che facciamo carburante, paghiamo ben 16 accise, di cui una voluta nel 1935 da Benito Mussolini per finanziare la guerra in Etiopia. E poi ancora:\u00a0 stiamo pagando per la tragedia del Vajont del 1963 e per l\u2019alluvione di Firenze del 1966, e molte altre&#8230; ma nonostante questo non \u00e8 stata organizzata nessuna manifestazione, nessun confronto pubblico, nessun palco come ai tempi di no-vax.\u00a0 Foto, uno scatto diventato virale sui social dal distributore di Cencenighe lungo la regionale 203 agordina a Morbiach, un triste record. (mm)<\/strong><\/em><\/p><\/blockquote>\n<p>&nbsp;<\/p>\n<hr \/>\n<p>&nbsp;<\/p>\n<p><span style=\"color: #ff0000;\"><strong>CARO CARBURANTI<\/strong><\/span><\/p>\n<blockquote>\n<h3>NUOVO GRUPPO TELEGRAM PER LA CONDIVISIONE DI PASSAGGI IN AUTO<\/h3>\n<\/blockquote>\n<p><strong>\u00a0<\/strong><strong>REDAZIONE<\/strong> \u00c8 stato creato un nuovo gruppo Telegram per la provincia di Belluno. Un gruppo utile per la condivisione di passaggi in auto in questo periodo di forti aumenti del costo del carburante. Chi fosse interessato ad unirsi al gruppo pu\u00f2 cliccare sul seguente link: <a href=\"https:\/\/t.me\/bellunopassaggicarsharing\">https:\/\/t.me\/bellunopassaggicarsharing<\/a><\/p>\n<p>&nbsp;<\/p>\n<hr \/>\n<p>&nbsp;<\/p>\n<blockquote>\n<h3><a class=\"dt-pswp-item\" href=\"https:\/\/www.radiopiu.net\/wordpress\/wp-content\/uploads\/2022\/03\/275614126_2075126649324069_3540772890844070487_n.jpg\" data-dt-img-description=\"\" data-large_image_width=\"526\" data-large_image_height=\"526\"><img loading=\"lazy\" decoding=\"async\" class=\"wp-image-264857 alignleft\" src=\"https:\/\/www.radiopiu.net\/wordpress\/wp-content\/uploads\/2022\/03\/275614126_2075126649324069_3540772890844070487_n-300x300.jpg\" alt=\"\" width=\"183\" height=\"183\" srcset=\"https:\/\/www.radiopiu.net\/wordpress\/wp-content\/uploads\/2022\/03\/275614126_2075126649324069_3540772890844070487_n-300x300.jpg 300w, https:\/\/www.radiopiu.net\/wordpress\/wp-content\/uploads\/2022\/03\/275614126_2075126649324069_3540772890844070487_n-150x150.jpg 150w, https:\/\/www.radiopiu.net\/wordpress\/wp-content\/uploads\/2022\/03\/275614126_2075126649324069_3540772890844070487_n.jpg 526w\" sizes=\"auto, (max-width: 183px) 100vw, 183px\" \/><\/a>CARO ENERGIA, LA SINGOLARE PROTESTA-RIFLESSIONE DI CICCIO <span class=\"d2edcug0 hpfvmrgz qv66sw1b c1et5uql lr9zc1uh jq4qci2q a3bd9o3v b1v8xokw m9osqain\"><strong><a class=\"oajrlxb2 g5ia77u1 qu0x051f esr5mh6w e9989ue4 r7d6kgcz rq0escxv nhd2j8a9 nc684nl6 p7hjln8o kvgmc6g5 cxmmr5t8 oygrvhab hcukyx3x jb3vyjys rz4wbd8a qt6c0cv9 a8nywdso i1ao9s8h esuyzwwr f1sip0of lzcic4wl gpro0wi8 oo9gr5id lrazzd5p\" tabindex=\"0\" role=\"link\" href=\"https:\/\/www.facebook.com\/Oh-Perbacco-Wine-227916097378476\/?__cft__[0]=AZVchUydjvZJxzC5E9x5e26dSNrgPDDbjNfnJo7MxMFkstpetw8QOiYLCFYLAWX1--0h5C2uv1aAgh58JLvl2Z-0Apy9hxBWmC35ZjIZbJyuft_Di7fwULXQYmkoyd2bVjZtGWicvB90CH20gox-u9PN&amp;__tn__=kC%2CP-R\"><span class=\"nc684nl6\">Oh Perbacco Wine<\/span><\/a><\/strong>\u00a0<\/span><\/h3>\n<\/blockquote>\n<div dir=\"auto\">Venerdi Un aperitivo al buio, dalle 19 alle 22.30. Luci e piastre spente ma candele accese.<\/div>\n<div dir=\"auto\"><\/div>\n<div dir=\"auto\"><\/div>\n<div dir=\"auto\"><\/div>\n<div dir=\"auto\"><\/div>\n<div dir=\"auto\"><\/div>\n<div dir=\"auto\"><\/div>\n<div dir=\"auto\"><\/div>\n<div dir=\"auto\">\n<hr \/>\n<\/div>\n<div dir=\"auto\"><\/div>\n<blockquote>\n<h1 dir=\"auto\"><strong>PECHINO 2022 &#8211; CORTINA-MILANO 2026<\/strong><\/h1>\n<\/blockquote>\n<div dir=\"auto\"><\/div>\n<div dir=\"auto\">\n<div dir=\"auto\">La bandiera Paralimpica \u00e8 arrivata in Intalia con\u00a0 i nostri atleti. \u00c8 stata una grande festa Azzurra che si \u00e8 conclusa in serata con la festa a sorpresa al plurimedagliato Ren\u00e9 De Silvestro nella sua San Vito di Cadore\u00a0 (dalla pagina facebook del sindaco Gianpietro Ghedina<\/div>\n<div dir=\"auto\">\n\n\t\t\t<style type='text\/css'>\n\t\t\t\t#gallery-1 {\n\t\t\t\t\tmargin: auto;\n\t\t\t\t}\n\t\t\t\t#gallery-1 .gallery-item {\n\t\t\t\t\tfloat: left;\n\t\t\t\t\tmargin-top: 10px;\n\t\t\t\t\ttext-align: center;\n\t\t\t\t\twidth: 25%;\n\t\t\t\t}\n\t\t\t\t#gallery-1 img {\n\t\t\t\t\tborder: 2px solid #cfcfcf;\n\t\t\t\t}\n\t\t\t\t#gallery-1 .gallery-caption {\n\t\t\t\t\tmargin-left: 0;\n\t\t\t\t}\n\t\t\t\t\/* see gallery_shortcode() in wp-includes\/media.php *\/\n\t\t\t<\/style>\n\t\t<div id='gallery-1' class='dt-gallery-container gallery galleryid-264635 gallery-columns-4 gallery-size-thumbnail'><dl class='gallery-item'>\n\t\t\t\t<dt class='gallery-icon landscape'>\n\t\t\t\t\t<a class=\"rollover rollover-zoom dt-pswp-item\" title=\"275606498_4853473371445867_1654347143310566427_n\" data-dt-img-description=\"\" data-large_image_width=\"1375\" data-large_image_height=\"984\"href='https:\/\/www.radiopiu.net\/wordpress\/wp-content\/uploads\/2022\/03\/275606498_4853473371445867_1654347143310566427_n.jpg'><img loading=\"lazy\" decoding=\"async\" width=\"150\" height=\"150\" src=\"https:\/\/www.radiopiu.net\/wordpress\/wp-content\/uploads\/2022\/03\/275606498_4853473371445867_1654347143310566427_n-150x150.jpg\" class=\"attachment-thumbnail size-thumbnail\" alt=\"\" \/><\/a>\n\t\t\t\t<\/dt><\/dl><dl class='gallery-item'>\n\t\t\t\t<dt class='gallery-icon landscape'>\n\t\t\t\t\t<a class=\"rollover rollover-zoom dt-pswp-item\" title=\"275590958_4853473288112542_7484176513412011966_n\" data-dt-img-description=\"\" data-large_image_width=\"1920\" data-large_image_height=\"1277\"href='https:\/\/www.radiopiu.net\/wordpress\/wp-content\/uploads\/2022\/03\/275590958_4853473288112542_7484176513412011966_n.jpg'><img loading=\"lazy\" decoding=\"async\" width=\"150\" height=\"150\" src=\"https:\/\/www.radiopiu.net\/wordpress\/wp-content\/uploads\/2022\/03\/275590958_4853473288112542_7484176513412011966_n-150x150.jpg\" class=\"attachment-thumbnail size-thumbnail\" alt=\"\" \/><\/a>\n\t\t\t\t<\/dt><\/dl><dl class='gallery-item'>\n\t\t\t\t<dt class='gallery-icon landscape'>\n\t\t\t\t\t<a class=\"rollover rollover-zoom dt-pswp-item\" title=\"275568733_4853473284779209_4021172974956205536_n\" data-dt-img-description=\"\" data-large_image_width=\"1440\" data-large_image_height=\"1033\"href='https:\/\/www.radiopiu.net\/wordpress\/wp-content\/uploads\/2022\/03\/275568733_4853473284779209_4021172974956205536_n.jpg'><img loading=\"lazy\" decoding=\"async\" width=\"150\" height=\"150\" src=\"https:\/\/www.radiopiu.net\/wordpress\/wp-content\/uploads\/2022\/03\/275568733_4853473284779209_4021172974956205536_n-150x150.jpg\" class=\"attachment-thumbnail size-thumbnail\" alt=\"\" \/><\/a>\n\t\t\t\t<\/dt><\/dl><dl class='gallery-item'>\n\t\t\t\t<dt class='gallery-icon landscape'>\n\t\t\t\t\t<a class=\"rollover rollover-zoom dt-pswp-item\" title=\"275887196_4853469758112895_3366743983757663092_n\" data-dt-img-description=\"\" data-large_image_width=\"960\" data-large_image_height=\"685\"href='https:\/\/www.radiopiu.net\/wordpress\/wp-content\/uploads\/2022\/03\/275887196_4853469758112895_3366743983757663092_n.jpg'><img loading=\"lazy\" decoding=\"async\" width=\"150\" height=\"150\" src=\"https:\/\/www.radiopiu.net\/wordpress\/wp-content\/uploads\/2022\/03\/275887196_4853469758112895_3366743983757663092_n-150x150.jpg\" class=\"attachment-thumbnail size-thumbnail\" alt=\"\" \/><\/a>\n\t\t\t\t<\/dt><\/dl><br style=\"clear: both\" \/>\n\t\t\t<\/div>\n\n<div class=\"dati1w0a hv4rvrfc osnr6wyh\">\n<div class=\"btwxx1t3 j83agx80 cwj9ozl2\">\n<div class=\"j83agx80 cbu4d94t ew0dbk1b irj2b8pg\">\n<div class=\"qzhwtbm6 knvmm38d\">\n<h3 class=\"gmql0nx0 l94mrbxd p1ri9a11 lzcic4wl aahdfvyu hzawbc8m\"><span class=\"d2edcug0 hpfvmrgz qv66sw1b c1et5uql lr9zc1uh jq4qci2q a3bd9o3v b1v8xokw m9osqain\"><strong><a class=\"oajrlxb2 g5ia77u1 qu0x051f esr5mh6w e9989ue4 r7d6kgcz rq0escxv nhd2j8a9 nc684nl6 p7hjln8o kvgmc6g5 cxmmr5t8 oygrvhab hcukyx3x jb3vyjys rz4wbd8a qt6c0cv9 a8nywdso i1ao9s8h esuyzwwr f1sip0of lzcic4wl gpro0wi8 oo9gr5id lrazzd5p\" tabindex=\"0\" role=\"link\" href=\"https:\/\/www.facebook.com\/franco.oliveri.75?__cft__[0]=AZVlbHOtw_DhxD36LfeQQCqtKMKVniRcAjrON-Rx8kGiYic0dyu3U40cfw_AhpjmVb9yvD-P3auJ3rQ2dkeL6eDcAfV3H1jmcFKfhrkHO14w9A0JIH8hPo1BfBIvXgUwKlifRdmUq_sHIh9pD5FYFtrNyCrlwiTJyrnrNVqfQ5NQbg&amp;__tn__=-]C%2CP-y-R\"><span class=\"nc684nl6\">Franco Oliveri<\/span><\/a><\/strong>:\u00a0<strong><a class=\"oajrlxb2 g5ia77u1 qu0x051f esr5mh6w e9989ue4 r7d6kgcz rq0escxv nhd2j8a9 nc684nl6 p7hjln8o kvgmc6g5 cxmmr5t8 oygrvhab hcukyx3x jb3vyjys rz4wbd8a qt6c0cv9 a8nywdso i1ao9s8h esuyzwwr f1sip0of lzcic4wl gpro0wi8 oo9gr5id lrazzd5p\" tabindex=\"0\" role=\"link\" href=\"https:\/\/www.facebook.com\/media\/set\/?vanity=franco.oliveri.75&amp;set=a.1877925135728060&amp;__cft__[0]=AZVlbHOtw_DhxD36LfeQQCqtKMKVniRcAjrON-Rx8kGiYic0dyu3U40cfw_AhpjmVb9yvD-P3auJ3rQ2dkeL6eDcAfV3H1jmcFKfhrkHO14w9A0JIH8hPo1BfBIvXgUwKlifRdmUq_sHIh9pD5FYFtrNyCrlwiTJyrnrNVqfQ5NQbg&amp;__tn__=-UC%2CP-y-R\">FESTEGGIAMENTI PER REN\u00c8 DE SILVESTRO pagina facebook<\/a><\/strong><\/span><\/h3>\n<\/div>\n<div class=\"qzhwtbm6 knvmm38d\">Grande festa a San Vito di Cadore per il ritorno dalle Paralimpiadi di Pechino con ben due medaglie del grande REN\u00c8 DE SILVESTRO.<\/div>\n<\/div>\n<\/div>\n<\/div>\n<div class=\"\" dir=\"auto\">\n<div class=\"\" dir=\"auto\">\n<div class=\"ecm0bbzt hv4rvrfc ihqw7lf3 dati1w0a\" data-ad-comet-preview=\"message\" data-ad-preview=\"message\">\n<div class=\"j83agx80 cbu4d94t ew0dbk1b irj2b8pg\">\n<div class=\"qzhwtbm6 knvmm38d\">\n<div class=\"kvgmc6g5 cxmmr5t8 oygrvhab hcukyx3x c1et5uql ii04i59q\">\n<div dir=\"auto\">\n\n\t\t\t<style type='text\/css'>\n\t\t\t\t#gallery-2 {\n\t\t\t\t\tmargin: auto;\n\t\t\t\t}\n\t\t\t\t#gallery-2 .gallery-item {\n\t\t\t\t\tfloat: left;\n\t\t\t\t\tmargin-top: 10px;\n\t\t\t\t\ttext-align: center;\n\t\t\t\t\twidth: 25%;\n\t\t\t\t}\n\t\t\t\t#gallery-2 img {\n\t\t\t\t\tborder: 2px solid #cfcfcf;\n\t\t\t\t}\n\t\t\t\t#gallery-2 .gallery-caption {\n\t\t\t\t\tmargin-left: 0;\n\t\t\t\t}\n\t\t\t\t\/* see gallery_shortcode() in wp-includes\/media.php *\/\n\t\t\t<\/style>\n\t\t<div id='gallery-2' class='dt-gallery-container gallery galleryid-264635 gallery-columns-4 gallery-size-thumbnail'><dl class='gallery-item'>\n\t\t\t\t<dt class='gallery-icon landscape'>\n\t\t\t\t\t<a class=\"rollover rollover-zoom dt-pswp-item\" title=\"275813888_1877921595728414_2934339376601703496_n\" data-dt-img-description=\"\" data-large_image_width=\"2048\" data-large_image_height=\"1365\"href='https:\/\/www.radiopiu.net\/wordpress\/wp-content\/uploads\/2022\/03\/275813888_1877921595728414_2934339376601703496_n.jpg'><img loading=\"lazy\" decoding=\"async\" width=\"150\" height=\"150\" src=\"https:\/\/www.radiopiu.net\/wordpress\/wp-content\/uploads\/2022\/03\/275813888_1877921595728414_2934339376601703496_n-150x150.jpg\" class=\"attachment-thumbnail size-thumbnail\" alt=\"\" \/><\/a>\n\t\t\t\t<\/dt><\/dl><dl class='gallery-item'>\n\t\t\t\t<dt class='gallery-icon landscape'>\n\t\t\t\t\t<a class=\"rollover rollover-zoom dt-pswp-item\" title=\"275789800_1877921632395077_718713331065948973_n\" data-dt-img-description=\"\" data-large_image_width=\"2048\" data-large_image_height=\"1365\"href='https:\/\/www.radiopiu.net\/wordpress\/wp-content\/uploads\/2022\/03\/275789800_1877921632395077_718713331065948973_n.jpg'><img loading=\"lazy\" decoding=\"async\" width=\"150\" height=\"150\" src=\"https:\/\/www.radiopiu.net\/wordpress\/wp-content\/uploads\/2022\/03\/275789800_1877921632395077_718713331065948973_n-150x150.jpg\" class=\"attachment-thumbnail size-thumbnail\" alt=\"\" \/><\/a>\n\t\t\t\t<\/dt><\/dl><dl class='gallery-item'>\n\t\t\t\t<dt class='gallery-icon landscape'>\n\t\t\t\t\t<a class=\"rollover rollover-zoom dt-pswp-item\" title=\"275760974_1877922089061698_6817888086089993929_n\" data-dt-img-description=\"\" data-large_image_width=\"2048\" data-large_image_height=\"1365\"href='https:\/\/www.radiopiu.net\/wordpress\/wp-content\/uploads\/2022\/03\/275760974_1877922089061698_6817888086089993929_n.jpg'><img loading=\"lazy\" decoding=\"async\" width=\"150\" height=\"150\" src=\"https:\/\/www.radiopiu.net\/wordpress\/wp-content\/uploads\/2022\/03\/275760974_1877922089061698_6817888086089993929_n-150x150.jpg\" class=\"attachment-thumbnail size-thumbnail\" alt=\"\" \/><\/a>\n\t\t\t\t<\/dt><\/dl><dl class='gallery-item'>\n\t\t\t\t<dt class='gallery-icon landscape'>\n\t\t\t\t\t<a class=\"rollover rollover-zoom dt-pswp-item\" title=\"275840685_1877922132395027_8625491806116347273_n\" data-dt-img-description=\"\" data-large_image_width=\"2048\" data-large_image_height=\"1365\"href='https:\/\/www.radiopiu.net\/wordpress\/wp-content\/uploads\/2022\/03\/275840685_1877922132395027_8625491806116347273_n.jpg'><img loading=\"lazy\" decoding=\"async\" width=\"150\" height=\"150\" src=\"https:\/\/www.radiopiu.net\/wordpress\/wp-content\/uploads\/2022\/03\/275840685_1877922132395027_8625491806116347273_n-150x150.jpg\" class=\"attachment-thumbnail size-thumbnail\" alt=\"\" \/><\/a>\n\t\t\t\t<\/dt><\/dl><br style=\"clear: both\" \/>\n\t\t\t<\/div>\n\n<\/div>\n<\/div>\n<\/div>\n<\/div>\n<\/div>\n<\/div>\n<\/div>\n<\/div>\n<div dir=\"auto\"><\/div>\n<\/div>\n<div dir=\"auto\"><\/div>\n<hr \/>\n<p>&nbsp;<\/p>\n<blockquote>\n<h3>AIUTI ALL&#8217;UCRAINA<\/h3>\n<\/blockquote>\n<p><strong>AGORDO<\/strong> L&#8217;azienda speciale Agordo Servizi, presso la farmacia comunale di Agordo, promuove una raccolta di farmaci e dispositivi medici in favore della popolazione ucraina colpita dalla guerra. Informazioni allo 0437 62564<\/p>\n<p>&nbsp;<\/p>\n<p><strong class=\"photoswipe-wrapper\">CANALE D\u2019AGORDO<\/strong> campagna di aiuto alla popolazione ucraina anche in Agordino. Nella sala consigliare di Canale D\u2019Agordo\u00a0 TUTTI I GIORNI dalle 9 alle 19,<\/p>\n<p>&nbsp;<\/p>\n<p>&nbsp;<\/p>\n<hr \/>\n<p>&nbsp;<\/p>\n<blockquote>\n<h3>UN UOVO DI PASQUA PER L\u2019UCRAINA<\/h3>\n<\/blockquote>\n<p><strong><a class=\"dt-pswp-item\" href=\"https:\/\/www.radiopiu.net\/wordpress\/wp-content\/uploads\/2022\/03\/275724274_1104582896993944_9153074092240644627_n.jpg\" data-dt-img-description=\"\" data-large_image_width=\"526\" data-large_image_height=\"770\"><img loading=\"lazy\" decoding=\"async\" class=\" wp-image-264655 alignleft\" src=\"https:\/\/www.radiopiu.net\/wordpress\/wp-content\/uploads\/2022\/03\/275724274_1104582896993944_9153074092240644627_n-205x300.jpg\" alt=\"\" width=\"81\" height=\"118\" srcset=\"https:\/\/www.radiopiu.net\/wordpress\/wp-content\/uploads\/2022\/03\/275724274_1104582896993944_9153074092240644627_n-205x300.jpg 205w, https:\/\/www.radiopiu.net\/wordpress\/wp-content\/uploads\/2022\/03\/275724274_1104582896993944_9153074092240644627_n.jpg 526w\" sizes=\"auto, (max-width: 81px) 100vw, 81px\" \/><\/a>BELLUNO <\/strong>Ancora una volta la piccola provincia della Montagna veneta si distingue per le iniziative solidali e rivolte all\u2019accoglienza in questo caso degli sfollati Ucraini. Di certo l\u2019immigrazione bellunese negli anni 60 \u00e8 stato un fattore che ancora in molti da quelle parti ricordano e forse, questo fa si, che il dolore di emigrare dal proprio paese sia ben compreso dagli abitanti. Quest\u2019anno i Cori della provincia di Belluno capitanati dalla Corale di Limana si sono uniti per dar vita ad un progetto davvero unico e ambizioso, realizzare un uovo di cioccolato al latte da vendere per beneficenza. <em>\u201cL\u2019idea\u201d commenta <\/em>Donatella Triches della Corale di Limana\u00a0 \u201c<em>\u00e8 venuta qualche giorno fa, perch\u00e9 siamo soliti\u00a0 fare qualche iniziativa nei giorni di Pasqua per raccogliere dei fondi, quest\u2019anno non potevamo che pensare agli amici Ucraini.\u00a0 <\/em><em>Per questo nella pennetta USB che sar\u00e0 contenuta nell&#8217;uovo come sorpresa, ci saranno due canzoni di quattro cori Ucraini , tra cui il coro da camera Moravski \u2013\u00a0 cosi da unire le loro belle voci alle canzoni dei cori della nostra Provincia, e promuovere lo scambio culturale tra Italia e Ucraina.\u00a0 In tutto avremo pi\u00f9 di 10 canzoni nella pennetta regalo che noi abbiamo gi\u00e0 sentito e sono davvero stupende!<\/em><em>Speriamo che tantissime persone prenotino l\u2019uovo in Provincia e magari in tutto il Veneto cosi da raccogliere una somma importante da poter donare\u201d. <\/em>L\u2019iniziativa e patrocinata dalla Provincia di Belluno, dal Comune di Limana, dalla Parrocchia di Limana e dalla Proloco Limanese. Sono gi\u00e0 aperte le prenotazioni dell\u2019uovo chiamando o inviando un messaggio Whatsapp al numero 3283847717. Chiusura delle prenotazioni giorno 25 Marzo 2022<\/p>\n<p>&nbsp;<\/p>\n<hr \/>\n<p>&nbsp;<\/p>\n<blockquote>\n<h3><a class=\"dt-pswp-item\" href=\"https:\/\/www.radiopiu.net\/wordpress\/wp-content\/uploads\/2022\/03\/6be584d7-2e02-4dda-a763-0550bde5eec7.jpg\" data-dt-img-description=\"\" data-large_image_width=\"1024\" data-large_image_height=\"768\"><img loading=\"lazy\" decoding=\"async\" class=\"wp-image-264115 alignleft\" src=\"https:\/\/www.radiopiu.net\/wordpress\/wp-content\/uploads\/2022\/03\/6be584d7-2e02-4dda-a763-0550bde5eec7-300x225.jpg\" alt=\"\" width=\"179\" height=\"134\" srcset=\"https:\/\/www.radiopiu.net\/wordpress\/wp-content\/uploads\/2022\/03\/6be584d7-2e02-4dda-a763-0550bde5eec7-300x225.jpg 300w, https:\/\/www.radiopiu.net\/wordpress\/wp-content\/uploads\/2022\/03\/6be584d7-2e02-4dda-a763-0550bde5eec7-768x576.jpg 768w, https:\/\/www.radiopiu.net\/wordpress\/wp-content\/uploads\/2022\/03\/6be584d7-2e02-4dda-a763-0550bde5eec7.jpg 1024w\" sizes=\"auto, (max-width: 179px) 100vw, 179px\" \/><\/a>LA MORTE DI RIZIERI ONGARO, CI VORRANNO DUE MESI PER FARE CHIAREZZA<\/h3>\n<p><strong>\u00a0<\/strong><strong style=\"font-size: 14px;\">CENCENIGHE<\/strong><span style=\"font-size: 14px; font-weight: normal;\"> Il trauma \u00e8 stato molto forte, ma dall&#8217;autopsia eseguita ieri sul corpo di Rizieri Ongaro, non \u00e8 ancora stato possibile capire se lo scontro sulla pista da sci con l&#8217;inglese\u00a0 di 20 anni sia stato causato da un malore oppure se la causa del decesso sia stato l&#8217;impatto. Antonello Cirnelli, il medico legale incaricato dalla Procura di Belluno ha chiesto 60 giorni di tempo al pubblico ministero Roberta Gallego, per fare chiarezza sull&#8217;incidente. Oggi si potrebbe conoscere la data dei funerali.<\/span><\/p><\/blockquote>\n<p>&nbsp;<\/p>\n<hr \/>\n<p>&nbsp;<\/p>\n<blockquote>\n<h3><a class=\"dt-pswp-item\" href=\"https:\/\/www.radiopiu.net\/wordpress\/wp-content\/uploads\/2022\/03\/elic.jpg\" data-dt-img-description=\"\" data-large_image_width=\"574\" data-large_image_height=\"321\"><img loading=\"lazy\" decoding=\"async\" class=\" wp-image-264876 alignleft\" src=\"https:\/\/www.radiopiu.net\/wordpress\/wp-content\/uploads\/2022\/03\/elic-300x168.jpg\" alt=\"\" width=\"246\" height=\"138\" srcset=\"https:\/\/www.radiopiu.net\/wordpress\/wp-content\/uploads\/2022\/03\/elic-300x168.jpg 300w, https:\/\/www.radiopiu.net\/wordpress\/wp-content\/uploads\/2022\/03\/elic.jpg 574w\" sizes=\"auto, (max-width: 246px) 100vw, 246px\" \/><\/a>INCENDIO A TISER DI GOSALDO &#8211; BRUCIA IL SOTTOBOSCO<\/h3>\n<\/blockquote>\n<p><strong>GOSALDO<\/strong>\u00a0 Nel primo pomeriggio i vigili del fuoco volontari di Gosaldo con i colleghi volontari e permanenti di Agordo sono intervenuti a Tiser di Gosaldo (tra Foche e Selle) per spegnere le fiamme scaturite probabilmente da un cavo elettrico. In fiamme il sottobosco, non ha interessato le abitazioni di Selle, controllate a vista dai pompieri che hanno perimetrato le fiamme con grande attenzione anche per il forte vento. Sul posto anche il sindaco di Gosaldo Stefano Da Zanche<\/p>\n<p>&nbsp;<\/p>\n<p><strong>di GIANNI SANTOMASO, corrierealpi<\/strong><\/p>\n<audio class=\"wp-audio-shortcode\" id=\"audio-264635-1\" preload=\"none\" style=\"width: 100%;\" controls=\"controls\"><source type=\"audio\/mpeg\" src=\"https:\/\/www.radiopiu.net\/wordpress\/wp-content\/uploads\/2022\/03\/gianni-incendio.mp3?_=1\" \/><a href=\"https:\/\/www.radiopiu.net\/wordpress\/wp-content\/uploads\/2022\/03\/gianni-incendio.mp3\">https:\/\/www.radiopiu.net\/wordpress\/wp-content\/uploads\/2022\/03\/gianni-incendio.mp3<\/a><\/audio>\n<p>&nbsp;<\/p>\n<p>&nbsp;<\/p>\n<p><strong>L&#8217;INTERVENTO DELL&#8217;ELICOTTERO, grazie a Luca Bressan\u00a0\u00a0<\/strong><\/p>\n<div style=\"width: 848px;\" class=\"wp-video\"><video class=\"wp-video-shortcode\" id=\"video-264635-1\" width=\"848\" height=\"480\" preload=\"metadata\" controls=\"controls\"><source type=\"video\/mp4\" src=\"https:\/\/www.radiopiu.net\/wordpress\/wp-content\/uploads\/2022\/03\/WhatsApp-Video-2022-03-14-at-17.15.49.mp4?_=1\" \/><a href=\"https:\/\/www.radiopiu.net\/wordpress\/wp-content\/uploads\/2022\/03\/WhatsApp-Video-2022-03-14-at-17.15.49.mp4\">https:\/\/www.radiopiu.net\/wordpress\/wp-content\/uploads\/2022\/03\/WhatsApp-Video-2022-03-14-at-17.15.49.mp4<\/a><\/video><\/div>\n<p>&nbsp;<\/p>\n<p><strong>TERESA<\/strong><\/p>\n<audio class=\"wp-audio-shortcode\" id=\"audio-264635-2\" preload=\"none\" style=\"width: 100%;\" controls=\"controls\"><source type=\"audio\/mpeg\" src=\"https:\/\/www.radiopiu.net\/wordpress\/wp-content\/uploads\/2022\/03\/teresa.mp3?_=2\" \/><a href=\"https:\/\/www.radiopiu.net\/wordpress\/wp-content\/uploads\/2022\/03\/teresa.mp3\">https:\/\/www.radiopiu.net\/wordpress\/wp-content\/uploads\/2022\/03\/teresa.mp3<\/a><\/audio>\n<p>&nbsp;<\/p>\n<p><strong>LE FOTO<\/strong><\/p>\n\n\t\t\t<style type='text\/css'>\n\t\t\t\t#gallery-3 {\n\t\t\t\t\tmargin: auto;\n\t\t\t\t}\n\t\t\t\t#gallery-3 .gallery-item {\n\t\t\t\t\tfloat: left;\n\t\t\t\t\tmargin-top: 10px;\n\t\t\t\t\ttext-align: center;\n\t\t\t\t\twidth: 33%;\n\t\t\t\t}\n\t\t\t\t#gallery-3 img {\n\t\t\t\t\tborder: 2px solid #cfcfcf;\n\t\t\t\t}\n\t\t\t\t#gallery-3 .gallery-caption {\n\t\t\t\t\tmargin-left: 0;\n\t\t\t\t}\n\t\t\t\t\/* see gallery_shortcode() in wp-includes\/media.php *\/\n\t\t\t<\/style>\n\t\t<div id='gallery-3' class='dt-gallery-container gallery galleryid-264635 gallery-columns-3 gallery-size-thumbnail'><dl class='gallery-item'>\n\t\t\t\t<dt class='gallery-icon landscape'>\n\t\t\t\t\t<a class=\"rollover rollover-zoom dt-pswp-item\" title=\"441E1AC8-4689-4709-B24B-136CB49B16B7\" data-dt-img-description=\"\" data-large_image_width=\"1920\" data-large_image_height=\"1080\"href='https:\/\/www.radiopiu.net\/wordpress\/wp-content\/uploads\/2022\/03\/441E1AC8-4689-4709-B24B-136CB49B16B7.jpeg'><img loading=\"lazy\" decoding=\"async\" width=\"150\" height=\"150\" src=\"https:\/\/www.radiopiu.net\/wordpress\/wp-content\/uploads\/2022\/03\/441E1AC8-4689-4709-B24B-136CB49B16B7-150x150.jpeg\" class=\"attachment-thumbnail size-thumbnail\" alt=\"\" \/><\/a>\n\t\t\t\t<\/dt><\/dl><dl class='gallery-item'>\n\t\t\t\t<dt class='gallery-icon landscape'>\n\t\t\t\t\t<a class=\"rollover rollover-zoom dt-pswp-item\" title=\"27A71129-3B48-47F6-AED2-8E3EB95E5F59\" data-dt-img-description=\"\" data-large_image_width=\"1920\" data-large_image_height=\"1080\"href='https:\/\/www.radiopiu.net\/wordpress\/wp-content\/uploads\/2022\/03\/27A71129-3B48-47F6-AED2-8E3EB95E5F59.jpeg'><img loading=\"lazy\" decoding=\"async\" width=\"150\" height=\"150\" src=\"https:\/\/www.radiopiu.net\/wordpress\/wp-content\/uploads\/2022\/03\/27A71129-3B48-47F6-AED2-8E3EB95E5F59-150x150.jpeg\" class=\"attachment-thumbnail size-thumbnail\" alt=\"\" \/><\/a>\n\t\t\t\t<\/dt><\/dl><dl class='gallery-item'>\n\t\t\t\t<dt class='gallery-icon landscape'>\n\t\t\t\t\t<a class=\"rollover rollover-zoom dt-pswp-item\" title=\"7CD56149-EA53-4746-958B-5FFE3BEDC4CA\" data-dt-img-description=\"\" data-large_image_width=\"1920\" data-large_image_height=\"1080\"href='https:\/\/www.radiopiu.net\/wordpress\/wp-content\/uploads\/2022\/03\/7CD56149-EA53-4746-958B-5FFE3BEDC4CA.jpeg'><img loading=\"lazy\" decoding=\"async\" width=\"150\" height=\"150\" src=\"https:\/\/www.radiopiu.net\/wordpress\/wp-content\/uploads\/2022\/03\/7CD56149-EA53-4746-958B-5FFE3BEDC4CA-150x150.jpeg\" class=\"attachment-thumbnail size-thumbnail\" alt=\"\" \/><\/a>\n\t\t\t\t<\/dt><\/dl><br style=\"clear: both\" \/><dl class='gallery-item'>\n\t\t\t\t<dt class='gallery-icon landscape'>\n\t\t\t\t\t<a class=\"rollover rollover-zoom dt-pswp-item\" title=\"73BA36C2-E7E2-4C5D-A1D0-1895700AC2CD\" data-dt-img-description=\"\" data-large_image_width=\"1920\" data-large_image_height=\"1080\"href='https:\/\/www.radiopiu.net\/wordpress\/wp-content\/uploads\/2022\/03\/73BA36C2-E7E2-4C5D-A1D0-1895700AC2CD.jpeg'><img loading=\"lazy\" decoding=\"async\" width=\"150\" height=\"150\" src=\"https:\/\/www.radiopiu.net\/wordpress\/wp-content\/uploads\/2022\/03\/73BA36C2-E7E2-4C5D-A1D0-1895700AC2CD-150x150.jpeg\" class=\"attachment-thumbnail size-thumbnail\" alt=\"\" \/><\/a>\n\t\t\t\t<\/dt><\/dl><dl class='gallery-item'>\n\t\t\t\t<dt class='gallery-icon landscape'>\n\t\t\t\t\t<a class=\"rollover rollover-zoom dt-pswp-item\" title=\"AEFAC01F-EAF0-473E-9793-2CBCB81305AD\" data-dt-img-description=\"\" data-large_image_width=\"1920\" data-large_image_height=\"1080\"href='https:\/\/www.radiopiu.net\/wordpress\/wp-content\/uploads\/2022\/03\/AEFAC01F-EAF0-473E-9793-2CBCB81305AD.jpeg'><img loading=\"lazy\" decoding=\"async\" width=\"150\" height=\"150\" src=\"https:\/\/www.radiopiu.net\/wordpress\/wp-content\/uploads\/2022\/03\/AEFAC01F-EAF0-473E-9793-2CBCB81305AD-150x150.jpeg\" class=\"attachment-thumbnail size-thumbnail\" alt=\"\" \/><\/a>\n\t\t\t\t<\/dt><\/dl><dl class='gallery-item'>\n\t\t\t\t<dt class='gallery-icon landscape'>\n\t\t\t\t\t<a class=\"rollover rollover-zoom dt-pswp-item\" title=\"527A0C34-DEE8-4E19-8C9C-4FDB3DB83587\" data-dt-img-description=\"\" data-large_image_width=\"1920\" data-large_image_height=\"1080\"href='https:\/\/www.radiopiu.net\/wordpress\/wp-content\/uploads\/2022\/03\/527A0C34-DEE8-4E19-8C9C-4FDB3DB83587.jpeg'><img loading=\"lazy\" decoding=\"async\" width=\"150\" height=\"150\" src=\"https:\/\/www.radiopiu.net\/wordpress\/wp-content\/uploads\/2022\/03\/527A0C34-DEE8-4E19-8C9C-4FDB3DB83587-150x150.jpeg\" class=\"attachment-thumbnail size-thumbnail\" alt=\"\" \/><\/a>\n\t\t\t\t<\/dt><\/dl><br style=\"clear: both\" \/>\n\t\t\t<\/div>\n\n<p><strong>\u00a0<\/strong><\/p>\n<p><strong>\u00a0<\/strong><strong>IN DIRETTA DA TISER DI GOSALDO CON IL SINDACO STEFANO DA ZANCHE\u00a0<\/strong><\/p>\n<p>https:\/\/www.facebook.com\/radiopiu\/videos\/3122259238093914\/<\/p>\n<p>&nbsp;<\/p>\n<p>&nbsp;<\/p>\n<p>&nbsp;<\/p>\n<hr \/>\n<p>&nbsp;<\/p>\n<blockquote>\n<h3>INCENDIO DI STERPAGLIE A SOVRAMONTE. VIGILI DEL FUOCO AL LAVORO PER 5 ORE<\/h3>\n<\/blockquote>\n<p><strong>SOVRAMONTE<\/strong> La notte scorsa, alle 23:00 di domenica, i Vigili del uoco sono intervenuti in localit\u00e0 Col del Mich nel comune di Sovramonte per un incendio sterpaglia e piccoli arbusti. I pompieri intervenuti da Feltre con le squadre dei permanenti e volontari con 11 operatori, 2 moduli antincendio boschivo, un\u2019autobotte e un altro mezzo a supporto, sono riusciti a circoscrivere e spegnere le fiamme. Allertato il COR regionale. Le operazioni di spegnimento dei vigili del fuoco sono terminate dopo circa 5 ore.<\/p>\n\n\t\t\t<style type='text\/css'>\n\t\t\t\t#gallery-4 {\n\t\t\t\t\tmargin: auto;\n\t\t\t\t}\n\t\t\t\t#gallery-4 .gallery-item {\n\t\t\t\t\tfloat: left;\n\t\t\t\t\tmargin-top: 10px;\n\t\t\t\t\ttext-align: center;\n\t\t\t\t\twidth: 50%;\n\t\t\t\t}\n\t\t\t\t#gallery-4 img {\n\t\t\t\t\tborder: 2px solid #cfcfcf;\n\t\t\t\t}\n\t\t\t\t#gallery-4 .gallery-caption {\n\t\t\t\t\tmargin-left: 0;\n\t\t\t\t}\n\t\t\t\t\/* see gallery_shortcode() in wp-includes\/media.php *\/\n\t\t\t<\/style>\n\t\t<div id='gallery-4' class='dt-gallery-container gallery galleryid-264635 gallery-columns-2 gallery-size-thumbnail'><dl class='gallery-item'>\n\t\t\t\t<dt class='gallery-icon landscape'>\n\t\t\t\t\t<a class=\"rollover rollover-zoom dt-pswp-item\" title=\"0cf9b81c-9509-4e41-890c-3f3726184cc3\" data-dt-img-description=\"\" data-large_image_width=\"720\" data-large_image_height=\"545\"href='https:\/\/www.radiopiu.net\/wordpress\/wp-content\/uploads\/2022\/03\/0cf9b81c-9509-4e41-890c-3f3726184cc3.jpg'><img loading=\"lazy\" decoding=\"async\" width=\"150\" height=\"150\" src=\"https:\/\/www.radiopiu.net\/wordpress\/wp-content\/uploads\/2022\/03\/0cf9b81c-9509-4e41-890c-3f3726184cc3-150x150.jpg\" class=\"attachment-thumbnail size-thumbnail\" alt=\"\" \/><\/a>\n\t\t\t\t<\/dt><\/dl><dl class='gallery-item'>\n\t\t\t\t<dt class='gallery-icon portrait'>\n\t\t\t\t\t<a class=\"rollover rollover-zoom dt-pswp-item\" title=\"85879e7c-4f0e-4fcc-b314-294784c5c7cd\" data-dt-img-description=\"\" data-large_image_width=\"699\" data-large_image_height=\"938\"href='https:\/\/www.radiopiu.net\/wordpress\/wp-content\/uploads\/2022\/03\/85879e7c-4f0e-4fcc-b314-294784c5c7cd.jpg'><img loading=\"lazy\" decoding=\"async\" width=\"150\" height=\"150\" src=\"https:\/\/www.radiopiu.net\/wordpress\/wp-content\/uploads\/2022\/03\/85879e7c-4f0e-4fcc-b314-294784c5c7cd-150x150.jpg\" class=\"attachment-thumbnail size-thumbnail\" alt=\"\" \/><\/a>\n\t\t\t\t<\/dt><\/dl><br style=\"clear: both\" \/>\n\t\t\t<\/div>\n\n<p>&nbsp;<\/p>\n<hr \/>\n<p>&nbsp;<\/p>\n<p>&nbsp;<\/p>\n<blockquote>\n<h3>QUESTURA DI BELLUNO, ECCO COSA SIGNIFICA &#8220;ESSERCI SEMPRE&#8221;<\/h3>\n<\/blockquote>\n<p><strong>BELLUNO <\/strong>Belle storie nelle ultime ore dalla Questura di Belluno, l&#8217;impegno di uomini e donne in divisa ha fatto tornare il sorriso a una signora peruviana, che abita a Belluno solo da un paio di mesi, dopo essere uscita di casa si \u00e8 persa. Ha chiesto informazioni ad una passante ma, non conoscendo l&#8217;italiano, non \u00e8 riuscita a farsi capire. La donna bellunese\u00a0 l&#8217;ha accompagnata in questura. Gli agenti della Volante, dopo gli opportuni accertamenti anagrafici, sono risaliti al genero della signora straniera<\/p>\n<p>Sempre a Belluno\u00a0 grazie alla pagina facebook Questura di Belluno il braccialetto con inciso il nome &#8220;Camilla&#8221; \u00e8 stato riconsegnato al legittimo proprietario. Dal 4 marzo la stessa pagina &#8220;cerca&#8221; la proprietaria di\u00a0 due orecchini ritrovati in via Caffi. Per info contattare la Divisione Anticrimine al numero 0437945569.<\/p>\n<p>&nbsp;<\/p>\n\n\t\t\t<style type='text\/css'>\n\t\t\t\t#gallery-5 {\n\t\t\t\t\tmargin: auto;\n\t\t\t\t}\n\t\t\t\t#gallery-5 .gallery-item {\n\t\t\t\t\tfloat: left;\n\t\t\t\t\tmargin-top: 10px;\n\t\t\t\t\ttext-align: center;\n\t\t\t\t\twidth: 50%;\n\t\t\t\t}\n\t\t\t\t#gallery-5 img {\n\t\t\t\t\tborder: 2px solid #cfcfcf;\n\t\t\t\t}\n\t\t\t\t#gallery-5 .gallery-caption {\n\t\t\t\t\tmargin-left: 0;\n\t\t\t\t}\n\t\t\t\t\/* see gallery_shortcode() in wp-includes\/media.php *\/\n\t\t\t<\/style>\n\t\t<div id='gallery-5' class='dt-gallery-container gallery galleryid-264635 gallery-columns-2 gallery-size-medium'><dl class='gallery-item'>\n\t\t\t\t<dt class='gallery-icon landscape'>\n\t\t\t\t\t<a class=\"rollover rollover-zoom dt-pswp-item\" title=\"275831996_337510611758007_837128407464010_n\" data-dt-img-description=\"\" data-large_image_width=\"720\" data-large_image_height=\"513\"href='https:\/\/www.radiopiu.net\/wordpress\/wp-content\/uploads\/2022\/03\/275831996_337510611758007_837128407464010_n.jpg'><img loading=\"lazy\" decoding=\"async\" width=\"300\" height=\"214\" src=\"https:\/\/www.radiopiu.net\/wordpress\/wp-content\/uploads\/2022\/03\/275831996_337510611758007_837128407464010_n-300x214.jpg\" class=\"attachment-medium size-medium\" alt=\"\" srcset=\"https:\/\/www.radiopiu.net\/wordpress\/wp-content\/uploads\/2022\/03\/275831996_337510611758007_837128407464010_n-300x214.jpg 300w, https:\/\/www.radiopiu.net\/wordpress\/wp-content\/uploads\/2022\/03\/275831996_337510611758007_837128407464010_n.jpg 720w\" sizes=\"auto, (max-width: 300px) 100vw, 300px\" \/><\/a>\n\t\t\t\t<\/dt><\/dl><dl class='gallery-item'>\n\t\t\t\t<dt class='gallery-icon portrait'>\n\t\t\t\t\t<a class=\"rollover rollover-zoom dt-pswp-item\" title=\"275713518_335558941953174_7589978476188471966_n\" data-dt-img-description=\"\" data-large_image_width=\"526\" data-large_image_height=\"1138\"href='https:\/\/www.radiopiu.net\/wordpress\/wp-content\/uploads\/2022\/03\/275713518_335558941953174_7589978476188471966_n.jpg'><img loading=\"lazy\" decoding=\"async\" width=\"139\" height=\"300\" src=\"https:\/\/www.radiopiu.net\/wordpress\/wp-content\/uploads\/2022\/03\/275713518_335558941953174_7589978476188471966_n-139x300.jpg\" class=\"attachment-medium size-medium\" alt=\"\" srcset=\"https:\/\/www.radiopiu.net\/wordpress\/wp-content\/uploads\/2022\/03\/275713518_335558941953174_7589978476188471966_n-139x300.jpg 139w, https:\/\/www.radiopiu.net\/wordpress\/wp-content\/uploads\/2022\/03\/275713518_335558941953174_7589978476188471966_n-473x1024.jpg 473w, https:\/\/www.radiopiu.net\/wordpress\/wp-content\/uploads\/2022\/03\/275713518_335558941953174_7589978476188471966_n.jpg 526w\" sizes=\"auto, (max-width: 139px) 100vw, 139px\" \/><\/a>\n\t\t\t\t<\/dt><\/dl><br style=\"clear: both\" \/>\n\t\t\t<\/div>\n\n<p>&nbsp;<\/p>\n<hr \/>\n<p>&nbsp;<\/p>\n<blockquote>\n<h3>PER I DANNI ALL&#8217;AUTO PRESENTA IL CONTO AL COMUNE, IL GIUDICE DICE NO<\/h3>\n<\/blockquote>\n<p><strong>BELLUNO<\/strong> L&#8217;asfalto sconnesso ha danneggiato l&#8217;auto e un citadino di Belluno ha chiesto i danni al Comune per 1300 euro, ma\u00a0 il giudice di Pace gli d\u00e0 torto. Il fatto risale a tre anni fa in un avvallamento in via Bettio. L&#8217;automobilista ha fatto Appello. Il 29 dicembre \u00e8 stato notificato al Comune l&#8217;atto di citazione avanti al Tribunale di Belluno e il 4 marzo la giunta ha deliberato di costituirsi in giudizio.<\/p>\n<p>&nbsp;<\/p>\n<hr \/>\n<p>&nbsp;<\/p>\n<blockquote>\n<h3>FUORI STRADA A PONTE, DONNA FERITA A SANTA GIUSTINA<\/h3>\n<\/blockquote>\n<p><strong>REDAZIONE<\/strong> Ieri mattinA alle sei l&#8217;uscita di strada con la Punto\u00a0 a Canevoi, a Ponte nelle Alpi. D.B. \u00e8 ricorso alle cure del Pronto Soccorso al San Martino, non \u00e8 in pericolo di vita. Sul posto anche i vigili del fuoco di Belluno. I colleghi di Feltre sono invece\u00a0 intervenuti \u00a0alle 9.30\u00a0 a Santa Giustina per un incidente tra due auto. Ferita una\u00a0 donna che era su una delle vetture portata dal Suem 118 all&#8217;ospedale Santa Maria del Prato per accertamenti.<\/p>\n<p>&nbsp;<\/p>\n<hr \/>\n<p>&nbsp;<\/p>\n<blockquote>\n<h3>COSTERNAZIONE A TAMBRE PER LA MORTE DI KEVIN<\/h3>\n<\/blockquote>\n<p><strong>TAMBRE<\/strong> Aveva 34 anni Kevin Facchin, risale a ieri il decesso tra le mura di casa. L&#8217;uomo da tempo lavorava nella ditta edile di pap\u00e0 Angelo, le due sorelle\u00a0 gestiscono il Bar San Marco a Puos &#8220;Un brutto colpo per la comunit\u00e0, siamo vicini alla famiglia&#8221; ha detto il sindaco Oscar Facchin.<\/p>\n<p>&nbsp;<\/p>\n<p>&nbsp;<\/p>\n<hr \/>\n<p>&nbsp;<\/p>\n<blockquote>\n<h3>GALLERIA \u201cPALA ROSSA\u201d DI LAMON. PRESENTATO PROTOCOLLO D\u2019INTESA<\/h3>\n<\/blockquote>\n<p><strong>di\u00a0 MORENO GIOLI<\/strong><\/p>\n<audio class=\"wp-audio-shortcode\" id=\"audio-264635-3\" preload=\"none\" style=\"width: 100%;\" controls=\"controls\"><source type=\"audio\/mpeg\" src=\"https:\/\/www.radiopiu.net\/wordpress\/wp-content\/uploads\/2022\/03\/GIOLI.mp3?_=3\" \/><a href=\"https:\/\/www.radiopiu.net\/wordpress\/wp-content\/uploads\/2022\/03\/GIOLI.mp3\">https:\/\/www.radiopiu.net\/wordpress\/wp-content\/uploads\/2022\/03\/GIOLI.mp3<\/a><\/audio>\n<p>&nbsp;<\/p>\n<p><strong><a class=\"dt-pswp-item\" href=\"https:\/\/www.radiopiu.net\/wordpress\/wp-content\/uploads\/2022\/03\/640-2022.jpeg\" data-dt-img-description=\"\" data-large_image_width=\"1024\" data-large_image_height=\"762\"><img loading=\"lazy\" decoding=\"async\" class=\" wp-image-264770 alignleft\" src=\"https:\/\/www.radiopiu.net\/wordpress\/wp-content\/uploads\/2022\/03\/640-2022-300x223.jpeg\" alt=\"\" width=\"242\" height=\"180\" srcset=\"https:\/\/www.radiopiu.net\/wordpress\/wp-content\/uploads\/2022\/03\/640-2022-300x223.jpeg 300w, https:\/\/www.radiopiu.net\/wordpress\/wp-content\/uploads\/2022\/03\/640-2022-768x572.jpeg 768w, https:\/\/www.radiopiu.net\/wordpress\/wp-content\/uploads\/2022\/03\/640-2022.jpeg 1024w\" sizes=\"auto, (max-width: 242px) 100vw, 242px\" \/><\/a>VENEZIA <\/strong>\u201c<em>Oggi si aggiunge un ulteriore e fondamentale tassello per la viabilit\u00e0 del bellunese: si sblocca infatti un progetto il cui iter \u00e8 stato lungo e che ora pu\u00f2 finalmente procedere spedito verso la realizzazione. Questa infrastruttura cambier\u00e0 il volto del territorio non solo in termini di efficienza della rete stradale ma anche in termini di sicurezza: le ricadute saranno quindi positive e trasversali<\/em>\u201d. Cos\u00ec il Presidente della Regione Luca Zaia commenta la presentazione del Protocollo d\u2019intesa, avvenuta\u00a0 a Lamon, con il quale Regione Veneto, Provincia di Belluno, Provincia Autonoma di Trento, ANAS e Veneto Strade si impegnano al finanziamento delle attivit\u00e0 di progettazione e costruzione della galleria \u201cPala Rossa\u201d, nel comune di Lamon.<\/p>\n<p>&nbsp;<\/p>\n<p><strong>L&#8217;ASSESSORE REGIONALE ELISA\u00a0 DE BERTI<\/strong><\/p>\n<audio class=\"wp-audio-shortcode\" id=\"audio-264635-4\" preload=\"none\" style=\"width: 100%;\" controls=\"controls\"><source type=\"audio\/mpeg\" src=\"https:\/\/www.radiopiu.net\/wordpress\/wp-content\/uploads\/2022\/03\/DEBERTI.mp3?_=4\" \/><a href=\"https:\/\/www.radiopiu.net\/wordpress\/wp-content\/uploads\/2022\/03\/DEBERTI.mp3\">https:\/\/www.radiopiu.net\/wordpress\/wp-content\/uploads\/2022\/03\/DEBERTI.mp3<\/a><\/audio>\n<p><strong>IL PRESIDENTE DELLA PROVINCIA AUTONOMA DI TRENTO\u00a0 MAURIZIO FUGATTI\u00a0<\/strong><\/p>\n<audio class=\"wp-audio-shortcode\" id=\"audio-264635-5\" preload=\"none\" style=\"width: 100%;\" controls=\"controls\"><source type=\"audio\/mpeg\" src=\"https:\/\/www.radiopiu.net\/wordpress\/wp-content\/uploads\/2022\/03\/FUGATTI.mp3?_=5\" \/><a href=\"https:\/\/www.radiopiu.net\/wordpress\/wp-content\/uploads\/2022\/03\/FUGATTI.mp3\">https:\/\/www.radiopiu.net\/wordpress\/wp-content\/uploads\/2022\/03\/FUGATTI.mp3<\/a><\/audio>\n<p><strong>IL DEPUTATO DARIO BOND\u00a0<\/strong><\/p>\n<audio class=\"wp-audio-shortcode\" id=\"audio-264635-6\" preload=\"none\" style=\"width: 100%;\" controls=\"controls\"><source type=\"audio\/mpeg\" src=\"https:\/\/www.radiopiu.net\/wordpress\/wp-content\/uploads\/2022\/03\/BOND.mp3?_=6\" \/><a href=\"https:\/\/www.radiopiu.net\/wordpress\/wp-content\/uploads\/2022\/03\/BOND.mp3\">https:\/\/www.radiopiu.net\/wordpress\/wp-content\/uploads\/2022\/03\/BOND.mp3<\/a><\/audio>\n<blockquote><p><em> In base al Protocollo d\u2019Intesa, si prevede la realizzazione della galleria \u201cPala Rossa\u201d e dell\u2019adeguamento del piano viabile della SS 50 \u201cdel Grappa e del Passo Rolle\u201d. L\u2019opera prevede, inoltre, la realizzazione di due piccole deviazioni provvisorie, lungo la SS 50, in corrispondenza degli imbocchi sud e nord per consentire proprio la realizzazione dell\u2019opera, evitando l&#8217;interferenza tra traffico e cantieri. Secondo il progetto definitivo redatto da Veneto Strade, l\u2019opera sar\u00e0 lunga 950,24 m, di cui 84,82 m in galleria artificiale presso l\u2019imbocco sud e 17,50 m in artificiale presso l\u2019imbocco nord. Il costo complessivo dell\u2019intervento \u00e8 pari a 25.010.000 euro, di cui 8.010.000 euro dal Fondo per i Comuni Confinanti, 9.000.000 euro dalla Provincia Autonoma di Trento e 8.000.000 euro da ANAS.<\/em><\/p><\/blockquote>\n<p>&nbsp;<\/p>\n<hr \/>\n<blockquote>\n<h3><\/h3>\n<h3>RIAPRONO I CENTRI DI SOLLIEVO IN AGORDINO<\/h3>\n<p><strong>\u00a0di GIANNI SANTOMASO\u00a0<\/strong><\/p>\n<audio class=\"wp-audio-shortcode\" id=\"audio-264635-7\" preload=\"none\" style=\"width: 100%;\" controls=\"controls\"><source type=\"audio\/mpeg\" src=\"https:\/\/www.radiopiu.net\/wordpress\/wp-content\/uploads\/2022\/03\/gianni-asca.mp3?_=7\" \/><a href=\"https:\/\/www.radiopiu.net\/wordpress\/wp-content\/uploads\/2022\/03\/gianni-asca.mp3\">https:\/\/www.radiopiu.net\/wordpress\/wp-content\/uploads\/2022\/03\/gianni-asca.mp3<\/a><\/audio><\/blockquote>\n<p><strong><a class=\"dt-pswp-item\" href=\"https:\/\/www.radiopiu.net\/wordpress\/wp-content\/uploads\/2020\/04\/ASCA.png\" data-dt-img-description=\"\" data-large_image_width=\"1211\" data-large_image_height=\"668\"><img loading=\"lazy\" decoding=\"async\" class=\"size-medium wp-image-128881 alignleft\" src=\"https:\/\/www.radiopiu.net\/wordpress\/wp-content\/uploads\/2020\/04\/ASCA-300x165.png\" alt=\"\" width=\"300\" height=\"165\" srcset=\"https:\/\/www.radiopiu.net\/wordpress\/wp-content\/uploads\/2020\/04\/ASCA-300x165.png 300w, https:\/\/www.radiopiu.net\/wordpress\/wp-content\/uploads\/2020\/04\/ASCA-1024x565.png 1024w, https:\/\/www.radiopiu.net\/wordpress\/wp-content\/uploads\/2020\/04\/ASCA-768x424.png 768w, https:\/\/www.radiopiu.net\/wordpress\/wp-content\/uploads\/2020\/04\/ASCA.png 1211w\" sizes=\"auto, (max-width: 300px) 100vw, 300px\" \/><\/a>AGORDO <\/strong>ASCA in collaborazione con l\u2019ULSS1 ed in qualit\u00e0 di ente gestore del Progetto Sollievo nell\u2019Agordino, promuove anche quest\u2019anno la ripresa delle attivit\u00e0 dei Centri di Sollievo sul territorio, che sono stati riaperti da luned\u00ec 7 marzo e gi\u00e0 vedono la presenza di una trentina di persone.\u00a0 Il progetto Regionale Sollievo, avviato nel 2013 e rinnovato per il 2022, nasce come servizio territoriale a favore delle persone affette da decadimento cognitivo e negli anni si \u00e8 dimostrata un\u2019importante risorsa per favorire la domiciliarit\u00e0, andando a ritardare od evitare l&#8217;istituzionalizzazione. I centri di Sollievo, attraverso la figura della psicologa che coordina le attivit\u00e0, forniscono supporto alla persona ed ai familiari monitorando gli stadi di avanzamento della malattia e fornendo supporto psicologico in tutte le fasi del percorso. Nell\u2019agordino a partire dal 2014, sono stati attivati quattro centri di Sollievo che si localizzano in diverse aree del territorio al fine di facilitare la frequenza da parte degli anziani. Attualmente sono attivi i Centri di Agordo, Cencenighe Agordino, Gosaldo e Rocca Pietore e ciascuno di questi garantisce almeno un\u2019apertura settimanale con incontri di circa di tre ore. Le persone che aderiscono al progetto possono raggiungere i Centri autonomamente, o in caso di impossibilit\u00e0, grazie al servizio di trasporto offerto dall\u2019associazione di Volontariato Auser. Le Associazioni di volontariato giocano un ruolo importante nella gestione delle attivit\u00e0 dei Centri, sia attraverso i servizi di accompagnamento, che attraverso il supporto fornito nello svolgimento delle attivit\u00e0 durante gli orari di apertura. Nei quattro centri vediamo la collaborazione dei Volontari del GAV e dell\u2019Auser che offrono una presenza continuativa e costante nel lavoro con gli anziani. Anche nei periodi di chiusura legati al contenimento della Pandemia da Covid-19, i Centri di Sollievo dell\u2019Agordino hanno mantenuto un contatto costante con l\u2019utenza, prevedendo telefonate periodiche da parte della psicologa, in attesa di poter riaprire in presenza. Il proseguimento delle attivit\u00e0 per il 2022, parte proprio dall\u2019idea che dare continuit\u00e0 a questi Centri sia un elemento fondamentale per la buona riuscita del progetto e dei percorsi di aiuto che riguardano i partecipanti.<\/p>\n<p>&nbsp;<\/p>\n<hr \/>\n<p>&nbsp;<\/p>\n<blockquote>\n<h3><strong><a class=\"dt-pswp-item\" href=\"https:\/\/www.radiopiu.net\/wordpress\/wp-content\/uploads\/2021\/12\/Leonardo-Del-Vecchio-1140x675-1.jpg\" data-dt-img-description=\"\" data-large_image_width=\"1140\" data-large_image_height=\"675\"><img loading=\"lazy\" decoding=\"async\" class=\" wp-image-250459 alignleft\" src=\"https:\/\/www.radiopiu.net\/wordpress\/wp-content\/uploads\/2021\/12\/Leonardo-Del-Vecchio-1140x675-1-300x178.jpg\" alt=\"\" width=\"233\" height=\"138\" srcset=\"https:\/\/www.radiopiu.net\/wordpress\/wp-content\/uploads\/2021\/12\/Leonardo-Del-Vecchio-1140x675-1-300x178.jpg 300w, https:\/\/www.radiopiu.net\/wordpress\/wp-content\/uploads\/2021\/12\/Leonardo-Del-Vecchio-1140x675-1-1024x606.jpg 1024w, https:\/\/www.radiopiu.net\/wordpress\/wp-content\/uploads\/2021\/12\/Leonardo-Del-Vecchio-1140x675-1-768x455.jpg 768w, https:\/\/www.radiopiu.net\/wordpress\/wp-content\/uploads\/2021\/12\/Leonardo-Del-Vecchio-1140x675-1.jpg 1140w\" sizes=\"auto, (max-width: 233px) 100vw, 233px\" \/><\/a>OGGI SUL CORRIERE DELLE ALPI nell&#8217;inserto Nord Est Economia<\/strong><\/h3>\n<p>EssilorLuxottica guarda alle rinnovabili la carbon neutrality entro l&#8217;anno 2025<\/p>\n<p><em>Il Gruppo dell&#8217;occhialeria investe sistematicamente nell&#8217;autoproduzione di energia pulita<\/em><br \/>\n<em>l&#8217;investimento pi\u00f9 significativo sul fotovoltaico con impianti ad Agordo, Sedico e Lauriano<\/em><\/p><\/blockquote>\n<p><strong>AGORDO<\/strong> EssilorLuxottica sta puntando molto sull&#8217;autoproduzione di energia pulita, che costituisce una leva importante per raggiungere la carbon neutrality delle sue attivit\u00e0 aziendali (emissioni Scope 1 &amp; 2) entro il 2025, obiettivo che l&#8217;azienda si \u00e8 prefissata nella propria roadmap di sostenibilit\u00e0. In questo contesto, l&#8217;investimento pi\u00f9 significativo \u00e8 quello sul fotovoltaico, con impianti attivi nei principali stabilimenti italiani (Agordo, Sedico e Lauriano) e con un piano di sviluppo in altre aree, in Italia e nel mondo, per il 2022.Senza tenere conto degli impegni di quest&#8217;anno, gi\u00e0 nel periodo 2015-2021 l&#8217;azienda ha pi\u00f9 che quadruplicato la quantit\u00e0 di energia da fonte rinnovabile autoprodotta&#8230;.<\/p>\n<p>&nbsp;<\/p>\n<p>&nbsp;<\/p>\n<hr \/>\n<p>&nbsp;<\/p>\n<blockquote>\n<h3>NEGLI ULTIMI SETTE GIORNI DI NUOVO IN AUMENTO I NUOVI CASI DI COVID<\/h3>\n<\/blockquote>\n<p><strong><a class=\"dt-pswp-item\" href=\"https:\/\/www.radiopiu.net\/wordpress\/wp-content\/uploads\/2022\/03\/199ec619-b39f-4ed0-8724-40e6b14ff395.jpg\" data-dt-img-description=\"\" data-large_image_width=\"955\" data-large_image_height=\"1002\"><img loading=\"lazy\" decoding=\"async\" class=\" wp-image-264794 alignleft\" src=\"https:\/\/www.radiopiu.net\/wordpress\/wp-content\/uploads\/2022\/03\/199ec619-b39f-4ed0-8724-40e6b14ff395-286x300.jpg\" alt=\"\" width=\"219\" height=\"230\" srcset=\"https:\/\/www.radiopiu.net\/wordpress\/wp-content\/uploads\/2022\/03\/199ec619-b39f-4ed0-8724-40e6b14ff395-286x300.jpg 286w, https:\/\/www.radiopiu.net\/wordpress\/wp-content\/uploads\/2022\/03\/199ec619-b39f-4ed0-8724-40e6b14ff395-768x806.jpg 768w, https:\/\/www.radiopiu.net\/wordpress\/wp-content\/uploads\/2022\/03\/199ec619-b39f-4ed0-8724-40e6b14ff395.jpg 955w\" sizes=\"auto, (max-width: 219px) 100vw, 219px\" \/><\/a>BELLUNO<\/strong> Sono due i Comuni maggiormente &#8220;infettati&#8221; dal covid 19 e che questa settimana presentano il pi\u00f9 elevato numero di nuovi casi: oltre 2000 ogni 100 mila abitanti, sono i Comuni di Perarolo e Danta di Cadore. Ci sono poi i territori con zero nuovi casi: Colle Santa Lucia, Vallada, Gosaldo, Lorenzago. Chies, Val di Zoldo, La Valle, Borca e Chies fino a 125 casi ogni 100 mila abitanti, con 1000 casi ogni 100mila abitanti i Comuni di San Pietro, Vigo, Sedico, Ponte nelle Alpi, Sedico, Limana, Cesiomaggiore, Taibon, Agordo e Selva di Cadore.<\/p>\n<p>In controtendenza rispetto all\u2019ultima settimana di rilevazione si registra un lieve aumento dei nuovi casi rispetto al precedente periodo di\u00a0 osservazione. Nel dettaglio, i nuovi casi rilevati nell\u2019ultima settimana sono 768 (+48 rispetto alla scorsa settimana), con un conseguente tasso di incidenza settimanale di 385 casi su 100 mila abitanti, in lieve aumento rispetto alla settimana precedente, ma inferiore all&#8217;incidenza nazionale (575 su 100 mila abitanti).<\/p>\n<p><span style=\"color: #ff0000;\"><strong>DECESSI Nella settimana<\/strong>:<\/span> 8\/03: deceduta una donna di anni 78 ricoverata presso la Pneumologia di Belluno;\u00a0 9\/03: deceduti una donna di anni 80 ricoverata presso l\u2019Ospedale di Comunit\u00e0 di Auronzo e un uomo di anni 89 ricoverato presso Malattie Infettive di Belluno; 10\/03: deceduta un donna di anni 83 ricoverata presso la Pneumologia di Belluno: 11\/03: deceduti una donna di anni 89 ricoverata presso Malattie Infettive di Belluno e un uomo di anni 90 ricoverato presso la Pneumologia di Belluno.<\/p>\n<p><span style=\"color: #ff0000;\"><strong>RICOVERI<\/strong><\/span> Sono attualmente ricoverati 2 pazienti in terapia intensiva, 30 in area non critica, 16 negli ospedali di comunit\u00e0<\/p>\n\n\t\t\t<style type='text\/css'>\n\t\t\t\t#gallery-6 {\n\t\t\t\t\tmargin: auto;\n\t\t\t\t}\n\t\t\t\t#gallery-6 .gallery-item {\n\t\t\t\t\tfloat: left;\n\t\t\t\t\tmargin-top: 10px;\n\t\t\t\t\ttext-align: center;\n\t\t\t\t\twidth: 33%;\n\t\t\t\t}\n\t\t\t\t#gallery-6 img {\n\t\t\t\t\tborder: 2px solid #cfcfcf;\n\t\t\t\t}\n\t\t\t\t#gallery-6 .gallery-caption {\n\t\t\t\t\tmargin-left: 0;\n\t\t\t\t}\n\t\t\t\t\/* see gallery_shortcode() in wp-includes\/media.php *\/\n\t\t\t<\/style>\n\t\t<div id='gallery-6' class='dt-gallery-container gallery galleryid-264635 gallery-columns-3 gallery-size-thumbnail'><dl class='gallery-item'>\n\t\t\t\t<dt class='gallery-icon landscape'>\n\t\t\t\t\t<a class=\"rollover rollover-zoom dt-pswp-item\" title=\"aa151b96-614e-4e72-8f85-d5251197a014\" data-dt-img-description=\"\" data-large_image_width=\"1600\" data-large_image_height=\"550\"href='https:\/\/www.radiopiu.net\/wordpress\/wp-content\/uploads\/2022\/03\/aa151b96-614e-4e72-8f85-d5251197a014.jpg'><img loading=\"lazy\" decoding=\"async\" width=\"150\" height=\"150\" src=\"https:\/\/www.radiopiu.net\/wordpress\/wp-content\/uploads\/2022\/03\/aa151b96-614e-4e72-8f85-d5251197a014-150x150.jpg\" class=\"attachment-thumbnail size-thumbnail\" alt=\"\" \/><\/a>\n\t\t\t\t<\/dt><\/dl><dl class='gallery-item'>\n\t\t\t\t<dt class='gallery-icon landscape'>\n\t\t\t\t\t<a class=\"rollover rollover-zoom dt-pswp-item\" title=\"b01def8f-766d-4771-b80e-d5d2bf363b6f\" data-dt-img-description=\"\" data-large_image_width=\"1600\" data-large_image_height=\"554\"href='https:\/\/www.radiopiu.net\/wordpress\/wp-content\/uploads\/2022\/03\/b01def8f-766d-4771-b80e-d5d2bf363b6f.jpg'><img loading=\"lazy\" decoding=\"async\" width=\"150\" height=\"150\" src=\"https:\/\/www.radiopiu.net\/wordpress\/wp-content\/uploads\/2022\/03\/b01def8f-766d-4771-b80e-d5d2bf363b6f-150x150.jpg\" class=\"attachment-thumbnail size-thumbnail\" alt=\"\" \/><\/a>\n\t\t\t\t<\/dt><\/dl><dl class='gallery-item'>\n\t\t\t\t<dt class='gallery-icon landscape'>\n\t\t\t\t\t<a class=\"rollover rollover-zoom dt-pswp-item\" title=\"e0fb1e4e-3783-49b9-b144-46cabe3e2a3d\" data-dt-img-description=\"\" data-large_image_width=\"841\" data-large_image_height=\"581\"href='https:\/\/www.radiopiu.net\/wordpress\/wp-content\/uploads\/2022\/03\/e0fb1e4e-3783-49b9-b144-46cabe3e2a3d.jpg'><img loading=\"lazy\" decoding=\"async\" width=\"150\" height=\"150\" src=\"https:\/\/www.radiopiu.net\/wordpress\/wp-content\/uploads\/2022\/03\/e0fb1e4e-3783-49b9-b144-46cabe3e2a3d-150x150.jpg\" class=\"attachment-thumbnail size-thumbnail\" alt=\"\" \/><\/a>\n\t\t\t\t<\/dt><\/dl><br style=\"clear: both\" \/>\n\t\t\t<\/div>\n\n<blockquote><p><em>\u00a0<\/em><\/p>\n<p><em>\u00abIl lieve aumento dei contagi, seppur inferiore nel nostro territorio rispetto al trend nazionale, richiama l\u2019attenzione sulla necessit\u00e0 di non abbassare la guardia: manteniamo la mascherina al chiuso, laviamoci le mani frequentemente e arieggiamo i locali\u00bb, commenta il Direttore Generale Maria Grazia Carraro<\/em><\/p><\/blockquote>\n<p>&nbsp;<\/p>\n<p>&nbsp;<\/p>\n<hr \/>\n<p>&nbsp;<\/p>\n<blockquote class=\"wp-embedded-content\" data-secret=\"0248GTR0fj\"><p><a href=\"https:\/\/www.radiopiu.net\/wordpress\/ag01marzo2214\/\">CORONAVIRUS: AGGIORNAMENTO NAZIONALE 14 MARZO 2022<\/a><\/p><\/blockquote>\n<p><iframe loading=\"lazy\" class=\"wp-embedded-content\" sandbox=\"allow-scripts\" security=\"restricted\" style=\"position: absolute; clip: rect(1px, 1px, 1px, 1px);\" title=\"&#8220;CORONAVIRUS: AGGIORNAMENTO NAZIONALE 14 MARZO 2022&#8221; &#8212; Radio Pi\u00f9\" src=\"https:\/\/www.radiopiu.net\/wordpress\/ag01marzo2214\/embed\/#?secret=0248GTR0fj\" data-secret=\"0248GTR0fj\" width=\"600\" height=\"338\" frameborder=\"0\" marginwidth=\"0\" marginheight=\"0\" scrolling=\"no\"><\/iframe><\/p>\n<p>&nbsp;<\/p>\n<blockquote class=\"wp-embedded-content\" data-secret=\"MpKhnPA8UM\"><p><a href=\"https:\/\/www.radiopiu.net\/wordpress\/nelle-ultime-24-ore-17-decessi-e-1750\/\">NELLE ULTIME 24 ORE 17 DECESSI E 1750 NUOVE POSITIVITA&#8217; IN VENETO. RICOVERI STABILI<\/a><\/p><\/blockquote>\n<p><iframe loading=\"lazy\" class=\"wp-embedded-content\" sandbox=\"allow-scripts\" security=\"restricted\" style=\"position: absolute; clip: rect(1px, 1px, 1px, 1px);\" title=\"&#8220;NELLE ULTIME 24 ORE 17 DECESSI E 1750 NUOVE POSITIVITA&#8217; IN VENETO. RICOVERI STABILI&#8221; &#8212; Radio Pi\u00f9\" src=\"https:\/\/www.radiopiu.net\/wordpress\/nelle-ultime-24-ore-17-decessi-e-1750\/embed\/#?secret=MpKhnPA8UM\" data-secret=\"MpKhnPA8UM\" width=\"600\" height=\"338\" frameborder=\"0\" marginwidth=\"0\" marginheight=\"0\" scrolling=\"no\"><\/iframe><\/p>\n<p>&nbsp;<\/p>\n<h2>I GRAFICI DI TIZIANO DE COL<\/h2>\n\n\t\t\t<style type='text\/css'>\n\t\t\t\t#gallery-7 {\n\t\t\t\t\tmargin: auto;\n\t\t\t\t}\n\t\t\t\t#gallery-7 .gallery-item {\n\t\t\t\t\tfloat: left;\n\t\t\t\t\tmargin-top: 10px;\n\t\t\t\t\ttext-align: center;\n\t\t\t\t\twidth: 33%;\n\t\t\t\t}\n\t\t\t\t#gallery-7 img {\n\t\t\t\t\tborder: 2px solid #cfcfcf;\n\t\t\t\t}\n\t\t\t\t#gallery-7 .gallery-caption {\n\t\t\t\t\tmargin-left: 0;\n\t\t\t\t}\n\t\t\t\t\/* see gallery_shortcode() in wp-includes\/media.php *\/\n\t\t\t<\/style>\n\t\t<div id='gallery-7' class='dt-gallery-container gallery galleryid-264635 gallery-columns-3 gallery-size-thumbnail'><dl class='gallery-item'>\n\t\t\t\t<dt class='gallery-icon landscape'>\n\t\t\t\t\t<a class=\"rollover rollover-zoom dt-pswp-item\" title=\"f4f5a900-6c25-4b3b-8423-629a4ba6efd2\" data-dt-img-description=\"\" data-large_image_width=\"621\" data-large_image_height=\"360\"href='https:\/\/www.radiopiu.net\/wordpress\/wp-content\/uploads\/2022\/03\/f4f5a900-6c25-4b3b-8423-629a4ba6efd2.jpg'><img loading=\"lazy\" decoding=\"async\" width=\"150\" height=\"150\" src=\"https:\/\/www.radiopiu.net\/wordpress\/wp-content\/uploads\/2022\/03\/f4f5a900-6c25-4b3b-8423-629a4ba6efd2-150x150.jpg\" class=\"attachment-thumbnail size-thumbnail\" alt=\"\" \/><\/a>\n\t\t\t\t<\/dt><\/dl><dl class='gallery-item'>\n\t\t\t\t<dt class='gallery-icon landscape'>\n\t\t\t\t\t<a class=\"rollover rollover-zoom dt-pswp-item\" title=\"194e328b-c38a-4612-b09e-ecee4bd223a7\" data-dt-img-description=\"\" data-large_image_width=\"612\" data-large_image_height=\"369\"href='https:\/\/www.radiopiu.net\/wordpress\/wp-content\/uploads\/2022\/03\/194e328b-c38a-4612-b09e-ecee4bd223a7.jpg'><img loading=\"lazy\" decoding=\"async\" width=\"150\" height=\"150\" src=\"https:\/\/www.radiopiu.net\/wordpress\/wp-content\/uploads\/2022\/03\/194e328b-c38a-4612-b09e-ecee4bd223a7-150x150.jpg\" class=\"attachment-thumbnail size-thumbnail\" alt=\"\" \/><\/a>\n\t\t\t\t<\/dt><\/dl><dl class='gallery-item'>\n\t\t\t\t<dt class='gallery-icon landscape'>\n\t\t\t\t\t<a class=\"rollover rollover-zoom dt-pswp-item\" title=\"7d78fa38-d99d-42f3-9929-4eb335a67f97\" data-dt-img-description=\"\" data-large_image_width=\"604\" data-large_image_height=\"369\"href='https:\/\/www.radiopiu.net\/wordpress\/wp-content\/uploads\/2022\/03\/7d78fa38-d99d-42f3-9929-4eb335a67f97.jpg'><img loading=\"lazy\" decoding=\"async\" width=\"150\" height=\"150\" src=\"https:\/\/www.radiopiu.net\/wordpress\/wp-content\/uploads\/2022\/03\/7d78fa38-d99d-42f3-9929-4eb335a67f97-150x150.jpg\" class=\"attachment-thumbnail size-thumbnail\" alt=\"\" \/><\/a>\n\t\t\t\t<\/dt><\/dl><br style=\"clear: both\" \/><dl class='gallery-item'>\n\t\t\t\t<dt class='gallery-icon landscape'>\n\t\t\t\t\t<a class=\"rollover rollover-zoom dt-pswp-item\" title=\"038a1697-00d0-4a49-8913-d0ef8eb45535\" data-dt-img-description=\"\" data-large_image_width=\"612\" data-large_image_height=\"363\"href='https:\/\/www.radiopiu.net\/wordpress\/wp-content\/uploads\/2022\/03\/038a1697-00d0-4a49-8913-d0ef8eb45535.jpg'><img loading=\"lazy\" decoding=\"async\" width=\"150\" height=\"150\" src=\"https:\/\/www.radiopiu.net\/wordpress\/wp-content\/uploads\/2022\/03\/038a1697-00d0-4a49-8913-d0ef8eb45535-150x150.jpg\" class=\"attachment-thumbnail size-thumbnail\" alt=\"\" \/><\/a>\n\t\t\t\t<\/dt><\/dl><dl class='gallery-item'>\n\t\t\t\t<dt class='gallery-icon landscape'>\n\t\t\t\t\t<a class=\"rollover rollover-zoom dt-pswp-item\" title=\"d4a9d150-35e5-42bf-9d30-f1b573f7dc85\" data-dt-img-description=\"\" data-large_image_width=\"614\" data-large_image_height=\"358\"href='https:\/\/www.radiopiu.net\/wordpress\/wp-content\/uploads\/2022\/03\/d4a9d150-35e5-42bf-9d30-f1b573f7dc85.jpg'><img loading=\"lazy\" decoding=\"async\" width=\"150\" height=\"150\" src=\"https:\/\/www.radiopiu.net\/wordpress\/wp-content\/uploads\/2022\/03\/d4a9d150-35e5-42bf-9d30-f1b573f7dc85-150x150.jpg\" class=\"attachment-thumbnail size-thumbnail\" alt=\"\" \/><\/a>\n\t\t\t\t<\/dt><\/dl><dl class='gallery-item'>\n\t\t\t\t<dt class='gallery-icon landscape'>\n\t\t\t\t\t<a class=\"rollover rollover-zoom dt-pswp-item\" title=\"92562d71-cb2e-40d2-b569-a6df5dc517c0\" data-dt-img-description=\"\" data-large_image_width=\"618\" data-large_image_height=\"367\"href='https:\/\/www.radiopiu.net\/wordpress\/wp-content\/uploads\/2022\/03\/92562d71-cb2e-40d2-b569-a6df5dc517c0.jpg'><img loading=\"lazy\" decoding=\"async\" width=\"150\" height=\"150\" src=\"https:\/\/www.radiopiu.net\/wordpress\/wp-content\/uploads\/2022\/03\/92562d71-cb2e-40d2-b569-a6df5dc517c0-150x150.jpg\" class=\"attachment-thumbnail size-thumbnail\" alt=\"\" \/><\/a>\n\t\t\t\t<\/dt><\/dl><br style=\"clear: both\" \/>\n\t\t\t<\/div>\n\n<p>&nbsp;<\/p>\n<hr \/>\n<p>&nbsp;<\/p>\n<blockquote>\n<h3>LA SETTIMANA MONDIALE PER LA RIDUZIONE DEL CONSUMO DI SALE<\/h3>\n<\/blockquote>\n<p><b><a class=\"dt-pswp-item\" href=\"https:\/\/www.radiopiu.net\/wordpress\/wp-content\/uploads\/2022\/03\/th-9.jpg\" data-dt-img-description=\"\" data-large_image_width=\"214\" data-large_image_height=\"161\"><img loading=\"lazy\" decoding=\"async\" class=\" wp-image-264805 alignleft\" src=\"https:\/\/www.radiopiu.net\/wordpress\/wp-content\/uploads\/2022\/03\/th-9.jpg\" alt=\"\" width=\"80\" height=\"60\" \/><\/a>BELLUNO\u00a0\u00a0<\/b>Quanto stiamo attenti al sale che assumiamo ogni giorno? E&#8217; iniziata ieri\u00a0 la settimana mondiale per sensibilizzare la cittadinanza sulla riduzione del consumo alimentare di sale. In Italia, tra la popolazione adulta il consumo di sale negli uomini \u00e8 di circa 10 grammi e quello delle donne di oltre 7 grammi, inferiore al consumo degli statunitensi di circa 12 grammi, ma superiore al valore indicato dall\u2019 OMS come ottimale che \u00e8 meno di 5 grammi al giorno. Un consumo eccessivo di sale pu\u00f2 rappresentare un rischio per la nostra salute, usare meno sale aiuta ad abbassare la pressione arteriosa, a prevenire malattie cardiovascolari (ipertensione, infarto, ictus), a preservare la salute di reni, cuore, vasi sanguigni e ad aumentare la resistenza delle ossa. Secondo i dati raccolti\u00a0 nell\u2019ambito del progetto Passi, in ULSS1 Dolomiti il 60% della popolazione adulta (18-69 anni) presta attenzione all\u2019uso del sale (rispetto alla percentuale italiana del 57%), in particolare l\u2019attenzione risulta pi\u00f9 frequente nelle donne e all\u2019aumentare dell\u2019et\u00e0.<\/p>\n<p>&nbsp;<\/p>\n<hr \/>\n<blockquote>\n<h3><\/h3>\n<h3>IL GENERALE DI BRIGATA DEI CARABINIERI GIUSEPPE SPINA IN VISITA AL COMANDO PROVINCIALE<\/h3>\n<\/blockquote>\n<p><strong>BELLUNO<\/strong> Nella mattinata di venerd\u00ec scorso il Generale di Brigata Giuseppe Spina, comandante della Legione Veneto, ha fatto vista al comando provinciale di Belluno presso la caserma Luigi Giarnieri di Viale Europa. Accolto dal Comandante Provinciale, il Tenente Colonnello Francesco Rastelli, ha salutato e ringraziato i presenti per il lavoro svolto e l&#8217;impegno profuso. L&#8217;alto Ufficiale ha visitato i reparti della sede e nel pomeriggio anche alcune stazioni dei Carabinieri di Belluno. Il giorno dopo \u00e8 avvenuto un incontro con la compagnia di Cortina dove ha rinnovato il plauso per la gestione dei mondiali di sci.<\/p>\n\n\t\t\t<style type='text\/css'>\n\t\t\t\t#gallery-8 {\n\t\t\t\t\tmargin: auto;\n\t\t\t\t}\n\t\t\t\t#gallery-8 .gallery-item {\n\t\t\t\t\tfloat: left;\n\t\t\t\t\tmargin-top: 10px;\n\t\t\t\t\ttext-align: center;\n\t\t\t\t\twidth: 33%;\n\t\t\t\t}\n\t\t\t\t#gallery-8 img {\n\t\t\t\t\tborder: 2px solid #cfcfcf;\n\t\t\t\t}\n\t\t\t\t#gallery-8 .gallery-caption {\n\t\t\t\t\tmargin-left: 0;\n\t\t\t\t}\n\t\t\t\t\/* see gallery_shortcode() in wp-includes\/media.php *\/\n\t\t\t<\/style>\n\t\t<div id='gallery-8' class='dt-gallery-container gallery galleryid-264635 gallery-columns-3 gallery-size-medium'><dl class='gallery-item'>\n\t\t\t\t<dt class='gallery-icon landscape'>\n\t\t\t\t\t<a class=\"rollover rollover-zoom dt-pswp-item\" title=\"1\" data-dt-img-description=\"\" data-large_image_width=\"1475\" data-large_image_height=\"980\"href='https:\/\/www.radiopiu.net\/wordpress\/wp-content\/uploads\/2022\/03\/1-2.jpg'><img loading=\"lazy\" decoding=\"async\" width=\"300\" height=\"199\" src=\"https:\/\/www.radiopiu.net\/wordpress\/wp-content\/uploads\/2022\/03\/1-2-300x199.jpg\" class=\"attachment-medium size-medium\" alt=\"\" srcset=\"https:\/\/www.radiopiu.net\/wordpress\/wp-content\/uploads\/2022\/03\/1-2-300x199.jpg 300w, https:\/\/www.radiopiu.net\/wordpress\/wp-content\/uploads\/2022\/03\/1-2-1024x680.jpg 1024w, https:\/\/www.radiopiu.net\/wordpress\/wp-content\/uploads\/2022\/03\/1-2-768x510.jpg 768w, https:\/\/www.radiopiu.net\/wordpress\/wp-content\/uploads\/2022\/03\/1-2.jpg 1475w\" sizes=\"auto, (max-width: 300px) 100vw, 300px\" \/><\/a>\n\t\t\t\t<\/dt><\/dl><dl class='gallery-item'>\n\t\t\t\t<dt class='gallery-icon landscape'>\n\t\t\t\t\t<a class=\"rollover rollover-zoom dt-pswp-item\" title=\"2\" data-dt-img-description=\"\" data-large_image_width=\"1475\" data-large_image_height=\"980\"href='https:\/\/www.radiopiu.net\/wordpress\/wp-content\/uploads\/2022\/03\/2-2.jpg'><img loading=\"lazy\" decoding=\"async\" width=\"300\" height=\"199\" src=\"https:\/\/www.radiopiu.net\/wordpress\/wp-content\/uploads\/2022\/03\/2-2-300x199.jpg\" class=\"attachment-medium size-medium\" alt=\"\" srcset=\"https:\/\/www.radiopiu.net\/wordpress\/wp-content\/uploads\/2022\/03\/2-2-300x199.jpg 300w, https:\/\/www.radiopiu.net\/wordpress\/wp-content\/uploads\/2022\/03\/2-2-1024x680.jpg 1024w, https:\/\/www.radiopiu.net\/wordpress\/wp-content\/uploads\/2022\/03\/2-2-768x510.jpg 768w, https:\/\/www.radiopiu.net\/wordpress\/wp-content\/uploads\/2022\/03\/2-2.jpg 1475w\" sizes=\"auto, (max-width: 300px) 100vw, 300px\" \/><\/a>\n\t\t\t\t<\/dt><\/dl><dl class='gallery-item'>\n\t\t\t\t<dt class='gallery-icon landscape'>\n\t\t\t\t\t<a class=\"rollover rollover-zoom dt-pswp-item\" title=\"3\" data-dt-img-description=\"\" data-large_image_width=\"1475\" data-large_image_height=\"983\"href='https:\/\/www.radiopiu.net\/wordpress\/wp-content\/uploads\/2022\/03\/3-1.jpg'><img loading=\"lazy\" decoding=\"async\" width=\"300\" height=\"200\" src=\"https:\/\/www.radiopiu.net\/wordpress\/wp-content\/uploads\/2022\/03\/3-1-300x200.jpg\" class=\"attachment-medium size-medium\" alt=\"\" srcset=\"https:\/\/www.radiopiu.net\/wordpress\/wp-content\/uploads\/2022\/03\/3-1-300x200.jpg 300w, https:\/\/www.radiopiu.net\/wordpress\/wp-content\/uploads\/2022\/03\/3-1-1024x682.jpg 1024w, https:\/\/www.radiopiu.net\/wordpress\/wp-content\/uploads\/2022\/03\/3-1-768x512.jpg 768w, https:\/\/www.radiopiu.net\/wordpress\/wp-content\/uploads\/2022\/03\/3-1.jpg 1475w\" sizes=\"auto, (max-width: 300px) 100vw, 300px\" \/><\/a>\n\t\t\t\t<\/dt><\/dl><br style=\"clear: both\" \/>\n\t\t\t<\/div>\n\n<blockquote>\n<h3><span style=\"font-size: large;\"><b>\u00a0<\/b><\/span><\/h3>\n<h3><span style=\"font-size: large;\"><b>IL GENERALE DE LAURENTIS\u00a0 \u00a0&#8211; CARABINIERI FORESTALI &#8211;\u00a0 A LONGARONE\u00a0<\/b><\/span><\/h3>\n<\/blockquote>\n<p><a class=\"dt-pswp-item\" href=\"https:\/\/www.radiopiu.net\/wordpress\/wp-content\/uploads\/2022\/03\/PHOTO-2022-03-11-11-45-08.jpg\" data-dt-img-description=\"\" data-large_image_width=\"2048\" data-large_image_height=\"1730\"><img loading=\"lazy\" decoding=\"async\" class=\" wp-image-264806 alignleft\" src=\"https:\/\/www.radiopiu.net\/wordpress\/wp-content\/uploads\/2022\/03\/PHOTO-2022-03-11-11-45-08-300x253.jpg\" alt=\"\" width=\"168\" height=\"142\" srcset=\"https:\/\/www.radiopiu.net\/wordpress\/wp-content\/uploads\/2022\/03\/PHOTO-2022-03-11-11-45-08-300x253.jpg 300w, https:\/\/www.radiopiu.net\/wordpress\/wp-content\/uploads\/2022\/03\/PHOTO-2022-03-11-11-45-08-1024x865.jpg 1024w, https:\/\/www.radiopiu.net\/wordpress\/wp-content\/uploads\/2022\/03\/PHOTO-2022-03-11-11-45-08-768x649.jpg 768w, https:\/\/www.radiopiu.net\/wordpress\/wp-content\/uploads\/2022\/03\/PHOTO-2022-03-11-11-45-08-1536x1298.jpg 1536w, https:\/\/www.radiopiu.net\/wordpress\/wp-content\/uploads\/2022\/03\/PHOTO-2022-03-11-11-45-08.jpg 2048w\" sizes=\"auto, (max-width: 168px) 100vw, 168px\" \/><\/a> <em>\u00abIl nostro territorio ha un paesaggio patrimonio Unesco e un ambiente di pregio riconosciuto a livello internazionale anche grazie al lavoro del Parco nazionale Dolomiti Bellunesi. Ben venga quindi il gioco di squadra per tutelare e promuovere queste grandi ricchezze\u00bb.<\/em> Cos\u00ec il presidente della Provincia Roberto Padrin, a seguito della visita a Longarone del vice comandante del Comando Carabinieri forestali, il generale Davide De Laurentis, con il comandante regionale il generale Pierangelo Baratta.\u00a0 I due, nei giorni scorsi, hanno incontrato il presidente del Parco nazionale Dolomiti Bellunesi Ennio Vigne insieme al presidente Padrin, dopo un sopralluogo alla nuova sede dei Carabinieri forestali che sta prendendo forma proprio a Longarone.<\/p>\n<p>&nbsp;<\/p>\n<p>&nbsp;<\/p>\n<p>&nbsp;<\/p>\n<hr \/>\n<p>&nbsp;<\/p>\n<blockquote>\n<h3>IL MERCATO DEL LAVORO VENETO NEL MESE DI FEBBRAIO 2022<\/h3>\n<\/blockquote>\n<p><strong><a class=\"dt-pswp-item\" href=\"https:\/\/www.radiopiu.net\/wordpress\/wp-content\/uploads\/2022\/03\/Logo_VenetoLavoro.png\" data-dt-img-description=\"\" data-large_image_width=\"1791\" data-large_image_height=\"482\"><img loading=\"lazy\" decoding=\"async\" class=\" wp-image-264807 alignleft\" src=\"https:\/\/www.radiopiu.net\/wordpress\/wp-content\/uploads\/2022\/03\/Logo_VenetoLavoro-300x81.png\" alt=\"\" width=\"256\" height=\"69\" srcset=\"https:\/\/www.radiopiu.net\/wordpress\/wp-content\/uploads\/2022\/03\/Logo_VenetoLavoro-300x81.png 300w, https:\/\/www.radiopiu.net\/wordpress\/wp-content\/uploads\/2022\/03\/Logo_VenetoLavoro-1024x276.png 1024w, https:\/\/www.radiopiu.net\/wordpress\/wp-content\/uploads\/2022\/03\/Logo_VenetoLavoro-768x207.png 768w, https:\/\/www.radiopiu.net\/wordpress\/wp-content\/uploads\/2022\/03\/Logo_VenetoLavoro-1536x413.png 1536w, https:\/\/www.radiopiu.net\/wordpress\/wp-content\/uploads\/2022\/03\/Logo_VenetoLavoro.png 1791w\" sizes=\"auto, (max-width: 256px) 100vw, 256px\" \/><\/a>VENEZIA<\/strong> A febbraio 2022 il saldo tra assunzioni e cessazioni dei rapporti di lavoro a tempo indeterminato, a tempo determinato e di apprendistato \u00e8 pari a +10.025 unit\u00e0, un risultato superiore sia a quello registrato in situazione pre-pandemica nel febbraio 2020 (+6.400), sia rispetto a quello di febbraio 2021 (+7.022). Per trovare un bilancio mensile superiore bisogna tornare al 2019, quando si registr\u00f2 un aumento di 12.200 posizioni lavorative. La crescita dei posti di lavoro \u00e8 largamente attribuibile al tempo determinato. Anche la domanda di lavoro risulta in crescita: le assunzioni mensili sono state complessivamente 42.000, per un aumento del +2% rispetto al 2020 e del +38% sul 2021. Forte ripresa nel settore industriale. A livello territoriale saldo mensile positivo in tutte le province, con risultati migliori rispetto ai due anni precedenti. L\u2019unica eccezione \u00e8 rappresentata da Belluno, che registra un saldo positivo di 235 posti di lavoro contro i +738 del 2021 e un calo delle assunzioni del 19%.\u00a0 Aumentano le cessazioni (+37%), la cui crescita non pu\u00f2 pi\u00f9 essere ricondotta solo a misure di tutela del mercato del lavoro e al blocco dei licenziamenti in vigore lo scorso anno, considerato che i licenziamenti, pur essendo in crescita, rappresentano solo il 10% del totale delle cessazioni. Continua invece ad aumentare il numero delle dimissioni.\u00a0 L\u2019esplosione del conflitto in Ucraina rende lo scenario economico-occupazionale quanto mai incerto7 punti percentuale rispetto a quello stimato.<\/p>\n<p>&nbsp;<\/p>\n<p>&nbsp;<\/p>\n<hr \/>\n<p>&nbsp;<\/p>\n<blockquote>\n<h3>II PROGETTO &#8220;INNOVATION LAB E PALESTRE DIGITALI DEL VENETO&#8221; FINALISTA AL PREMIO NAZIONALE PER LE COMPETENZE DIGITALI<\/h3>\n<\/blockquote>\n<p><strong><a class=\"dt-pswp-item\" href=\"https:\/\/www.radiopiu.net\/wordpress\/wp-content\/uploads\/2022\/03\/innovationlab-dolomiti-belluno-scaled.jpg\" data-dt-img-description=\"\" data-large_image_width=\"2560\" data-large_image_height=\"1920\"><img loading=\"lazy\" decoding=\"async\" class=\" wp-image-264711 alignleft\" src=\"https:\/\/www.radiopiu.net\/wordpress\/wp-content\/uploads\/2022\/03\/innovationlab-dolomiti-belluno-300x225.jpg\" alt=\"\" width=\"148\" height=\"111\" srcset=\"https:\/\/www.radiopiu.net\/wordpress\/wp-content\/uploads\/2022\/03\/innovationlab-dolomiti-belluno-300x225.jpg 300w, https:\/\/www.radiopiu.net\/wordpress\/wp-content\/uploads\/2022\/03\/innovationlab-dolomiti-belluno-1024x768.jpg 1024w, https:\/\/www.radiopiu.net\/wordpress\/wp-content\/uploads\/2022\/03\/innovationlab-dolomiti-belluno-768x576.jpg 768w, https:\/\/www.radiopiu.net\/wordpress\/wp-content\/uploads\/2022\/03\/innovationlab-dolomiti-belluno-1536x1152.jpg 1536w, https:\/\/www.radiopiu.net\/wordpress\/wp-content\/uploads\/2022\/03\/innovationlab-dolomiti-belluno-2048x1536.jpg 2048w\" sizes=\"auto, (max-width: 148px) 100vw, 148px\" \/><\/a>BELLUNO <\/strong>Agenda Digitale del Veneto \u00e8 stata selezionata tra i 22 finalisti della prima edizione del Premio Nazionale per le Competenze Digitali, iniziativa promossa dal Dipartimento per la trasformazione digitale e realizzata con la collaborazione di Formez PA. Il progetto Innovation Lab e Palestre Digitali del Veneto \u00e8 in finale nella categoria \u201cDigitale per tutti\u201d; dei 120 progetti presentati la Giuria, composta da 34 esperti, ha selezionato 5 o 6 finalisti per tipologia.<\/p>\n<p>&nbsp;<\/p>\n<p>&nbsp;<\/p>\n<p>&nbsp;<\/p>\n<hr \/>\n<p>&nbsp;<\/p>\n<blockquote>\n<h3>I SERVIZI DI POSTE ITALIANE: INCOMMENTABILI! NESSUNA GIUSTIFICAZIONE SUL MANCATO RISPETTO PER IL CLIENTE.<\/h3>\n<\/blockquote>\n<p><strong><a class=\"dt-pswp-item\" href=\"https:\/\/www.radiopiu.net\/wordpress\/wp-content\/uploads\/2022\/03\/ABM.jpg\" data-dt-img-description=\"\" data-large_image_width=\"400\" data-large_image_height=\"400\"><img loading=\"lazy\" decoding=\"async\" class=\" wp-image-264723 alignleft\" src=\"https:\/\/www.radiopiu.net\/wordpress\/wp-content\/uploads\/2022\/03\/ABM-300x300.jpg\" alt=\"\" width=\"151\" height=\"151\" srcset=\"https:\/\/www.radiopiu.net\/wordpress\/wp-content\/uploads\/2022\/03\/ABM-300x300.jpg 300w, https:\/\/www.radiopiu.net\/wordpress\/wp-content\/uploads\/2022\/03\/ABM-150x150.jpg 150w, https:\/\/www.radiopiu.net\/wordpress\/wp-content\/uploads\/2022\/03\/ABM.jpg 400w\" sizes=\"auto, (max-width: 151px) 100vw, 151px\" \/><\/a>BELLUNO <\/strong>L\u2019Associazione Bellunesi nel Mondo denuncia il perdurare del disservizio gravante sulla consegna della corrispondenza da parte di Poste Italiane. Di recente, infatti, sono aumentate le segnalazioni degli associati che, o ricevono il giornale a distanza di mesi, oppure non lo ricevono affatto &#8211;\u00a0 e parliamo dell\u2019Italia e provincia di Belluno.<em> &#8220;Ci corre anche l\u2019obbligo di segnalare che, fra i tanti episodi di mal servizio, riscontriamo anche quello paradossale accaduto al Presidente della Famiglia Bellunese di Nord Reno-Westfalia &#8211; dicono dall&#8217;associazione &#8211; nella sua buca delle lettere si \u00e8 trovato nove copie del nostro mensile indirizzate ad altrettanti nostri associati residenti nelle province di Venezia e Padova. Inutile aggiungere che tale modo di agire da parte di Poste Italiane \u00e8 del tutto ingiustificabile&#8221;<\/em><\/p>\n<p>&nbsp;<\/p>\n<p>&nbsp;<\/p>\n<hr \/>\n<p>&nbsp;<\/p>\n<p>&nbsp;<\/p>\n<div class=\"page-title-head hgroup\">\n<blockquote>\n<h3 class=\"entry-title\">\u201cFRA DUE BATTITI\u201d AFFASCINA IL LOS ANGELES ITALIA FILM FESTIVAL<\/h3>\n<\/blockquote>\n<\/div>\n<div class=\"page-title-breadcrumbs\"><\/div>\n<p><a class=\"dt-pswp-item\" href=\"https:\/\/www.radiopiu.net\/wordpress\/wp-content\/uploads\/2022\/03\/275733695_5057567080970513_5734144356538697875_n.jpg\" data-dt-img-description=\"\" data-large_image_width=\"1000\" data-large_image_height=\"1039\"><img loading=\"lazy\" decoding=\"async\" class=\" wp-image-264851 alignleft\" src=\"https:\/\/www.radiopiu.net\/wordpress\/wp-content\/uploads\/2022\/03\/275733695_5057567080970513_5734144356538697875_n-289x300.jpg\" alt=\"\" width=\"203\" height=\"211\" srcset=\"https:\/\/www.radiopiu.net\/wordpress\/wp-content\/uploads\/2022\/03\/275733695_5057567080970513_5734144356538697875_n-289x300.jpg 289w, https:\/\/www.radiopiu.net\/wordpress\/wp-content\/uploads\/2022\/03\/275733695_5057567080970513_5734144356538697875_n-986x1024.jpg 986w, https:\/\/www.radiopiu.net\/wordpress\/wp-content\/uploads\/2022\/03\/275733695_5057567080970513_5734144356538697875_n-768x798.jpg 768w, https:\/\/www.radiopiu.net\/wordpress\/wp-content\/uploads\/2022\/03\/275733695_5057567080970513_5734144356538697875_n.jpg 1000w\" sizes=\"auto, (max-width: 203px) 100vw, 203px\" \/><\/a> Il film del regista Stefano Usardi per la FiFilm di Caterina Francavilla\u00a0 \u00e8 in selezione ufficiale al Los Angeles Italia Film Festival, evento-vetrina del cinema italiano negli Usa che precede la notte degli Oscar. Un appuntamento importante alla 17\u00b0 edizione, con il sostegno del ministero della Cultura e la partecipazione del Consolato Generale Italiano, dell&#8217;ICE e dell&#8217; Istituto Italiano Di Cultura Los Angeles. I film in concorso saranno online su MyMovies dal 20 al 26 marzo-<\/p>\n<p><em>FRA DUE BATTITI, un film di #<a class=\"oajrlxb2 g5ia77u1 qu0x051f esr5mh6w e9989ue4 r7d6kgcz rq0escxv nhd2j8a9 nc684nl6 p7hjln8o kvgmc6g5 cxmmr5t8 oygrvhab hcukyx3x jb3vyjys rz4wbd8a qt6c0cv9 a8nywdso i1ao9s8h esuyzwwr f1sip0of lzcic4wl gpro0wi8 oo9gr5id lrazzd5p\" tabindex=\"0\" role=\"link\" href=\"https:\/\/www.facebook.com\/profile.php?id=100010931673347&amp;__cft__[0]=AZX1i7Etfoh23DPSjiGXnC16CDetXBOtwapDXregrziV-qOpWNWf5ZhL_kISggIEKe6AxJ5gTf-JHxbYbybUh8p5ANH3ToCGplEbYssHhQ7HeOvz7CIr5fDGKN88OxJZf_e0CYHFA5BB3DJ781MYAGCg5zKUJzyeTjQhFqiyA9rnUQ&amp;__tn__=-]K*F\"><span class=\"nc684nl6\">Stefano M. Usardi<\/span><\/a> distribuzione festivaliera Premiere Film distribuzione sala Emera Film\u00a0 Los Angeles, Italia &#8211; Friends C<\/em><\/p>\n<p>&nbsp;<\/p>\n<p>&nbsp;<\/p>\n<p>&nbsp;<\/p>\n<p>&nbsp;<\/p>\n<hr \/>\n<blockquote>\n<h3><\/h3>\n<h3>MARIA PALUA MEDINA, L&#8217;ARGENTINA ARRIVATA A CENCENIGHE PER CASO E ORA MAESTRA DI YOGA<\/h3>\n<\/blockquote>\n<p><strong>CENCENIGHE <\/strong>Come ogni lunedi Gianni Santomaso dalle pagine del Corriere delle Alpi racconta una storia, un personaggio, un pezzo di vita dell\u2019Agordino \u201cVivere l\u2019Agordino\u201d una raccolta spaccato di vita agordina con le immancabili vignette di Erica Andrich<\/p>\n<p><strong>di Gianni Santomaso<\/strong><\/p>\n<audio class=\"wp-audio-shortcode\" id=\"audio-264635-8\" preload=\"none\" style=\"width: 100%;\" controls=\"controls\"><source type=\"audio\/mpeg\" src=\"https:\/\/www.radiopiu.net\/wordpress\/wp-content\/uploads\/2022\/03\/GIANNI-SPECIALE-AGORDINO-MARIA-PAULA-MEDINA.mp3?_=8\" \/><a href=\"https:\/\/www.radiopiu.net\/wordpress\/wp-content\/uploads\/2022\/03\/GIANNI-SPECIALE-AGORDINO-MARIA-PAULA-MEDINA.mp3\">https:\/\/www.radiopiu.net\/wordpress\/wp-content\/uploads\/2022\/03\/GIANNI-SPECIALE-AGORDINO-MARIA-PAULA-MEDINA.mp3<\/a><\/audio>\n<p>&nbsp;<\/p>\n\n\t\t\t<style type='text\/css'>\n\t\t\t\t#gallery-9 {\n\t\t\t\t\tmargin: auto;\n\t\t\t\t}\n\t\t\t\t#gallery-9 .gallery-item {\n\t\t\t\t\tfloat: left;\n\t\t\t\t\tmargin-top: 10px;\n\t\t\t\t\ttext-align: center;\n\t\t\t\t\twidth: 50%;\n\t\t\t\t}\n\t\t\t\t#gallery-9 img {\n\t\t\t\t\tborder: 2px solid #cfcfcf;\n\t\t\t\t}\n\t\t\t\t#gallery-9 .gallery-caption {\n\t\t\t\t\tmargin-left: 0;\n\t\t\t\t}\n\t\t\t\t\/* see gallery_shortcode() in wp-includes\/media.php *\/\n\t\t\t<\/style>\n\t\t<div id='gallery-9' class='dt-gallery-container gallery galleryid-264635 gallery-columns-2 gallery-size-thumbnail'><dl class='gallery-item'>\n\t\t\t\t<dt class='gallery-icon landscape'>\n\t\t\t\t\t<a class=\"rollover rollover-zoom dt-pswp-item\" title=\"705422d8-a778-4205-8e32-a8b8d46b666f\" data-dt-img-description=\"\" data-large_image_width=\"1600\" data-large_image_height=\"901\"href='https:\/\/www.radiopiu.net\/wordpress\/wp-content\/uploads\/2022\/03\/705422d8-a778-4205-8e32-a8b8d46b666f.jpg'><img loading=\"lazy\" decoding=\"async\" width=\"150\" height=\"150\" src=\"https:\/\/www.radiopiu.net\/wordpress\/wp-content\/uploads\/2022\/03\/705422d8-a778-4205-8e32-a8b8d46b666f-150x150.jpg\" class=\"attachment-thumbnail size-thumbnail\" alt=\"\" \/><\/a>\n\t\t\t\t<\/dt><\/dl><dl class='gallery-item'>\n\t\t\t\t<dt class='gallery-icon landscape'>\n\t\t\t\t\t<a class=\"rollover rollover-zoom dt-pswp-item\" title=\"0\" data-dt-img-description=\"\" data-large_image_width=\"1083\" data-large_image_height=\"1080\"href='https:\/\/www.radiopiu.net\/wordpress\/wp-content\/uploads\/2022\/03\/0-1.png'><img loading=\"lazy\" decoding=\"async\" width=\"150\" height=\"150\" src=\"https:\/\/www.radiopiu.net\/wordpress\/wp-content\/uploads\/2022\/03\/0-1-150x150.png\" class=\"attachment-thumbnail size-thumbnail\" alt=\"\" srcset=\"https:\/\/www.radiopiu.net\/wordpress\/wp-content\/uploads\/2022\/03\/0-1-150x150.png 150w, https:\/\/www.radiopiu.net\/wordpress\/wp-content\/uploads\/2022\/03\/0-1-300x300.png 300w, https:\/\/www.radiopiu.net\/wordpress\/wp-content\/uploads\/2022\/03\/0-1-1024x1021.png 1024w, https:\/\/www.radiopiu.net\/wordpress\/wp-content\/uploads\/2022\/03\/0-1-768x766.png 768w, https:\/\/www.radiopiu.net\/wordpress\/wp-content\/uploads\/2022\/03\/0-1.png 1083w\" sizes=\"auto, (max-width: 150px) 100vw, 150px\" \/><\/a>\n\t\t\t\t<\/dt><\/dl><br style=\"clear: both\" \/>\n\t\t\t<\/div>\n\n<p>&nbsp;<\/p>\n<p>&nbsp;<\/p>\n<hr \/>\n<p>&nbsp;<\/p>\n<p>di\u00a0 TIZIANO DE COL<\/p>\n<audio class=\"wp-audio-shortcode\" id=\"audio-264635-9\" preload=\"none\" style=\"width: 100%;\" controls=\"controls\"><source type=\"audio\/mpeg\" src=\"https:\/\/www.radiopiu.net\/wordpress\/wp-content\/uploads\/2022\/03\/tiziano-la-valle.mp3?_=9\" \/><a href=\"https:\/\/www.radiopiu.net\/wordpress\/wp-content\/uploads\/2022\/03\/tiziano-la-valle.mp3\">https:\/\/www.radiopiu.net\/wordpress\/wp-content\/uploads\/2022\/03\/tiziano-la-valle.mp3<\/a><\/audio>\n<p>&nbsp;<\/p>\n<p>&nbsp;<\/p>\n<blockquote class=\"wp-embedded-content\" data-secret=\"y0OETAeu1o\"><p><a href=\"https:\/\/www.radiopiu.net\/wordpress\/rinvenimenti-archeologigici-presso-il-casal-di-col-cugnago-cugnach-di-la-valle-agordina\/\">RINVENIMENTI ARCHEOLOGIGICI PRESSO IL CASAL DI COL CUGNAGO (CUGNACH) DI LA VALLE AGORDINA<\/a><\/p><\/blockquote>\n<p><iframe loading=\"lazy\" class=\"wp-embedded-content\" sandbox=\"allow-scripts\" security=\"restricted\" style=\"position: absolute; clip: rect(1px, 1px, 1px, 1px);\" title=\"&#8220;RINVENIMENTI ARCHEOLOGIGICI PRESSO IL CASAL DI COL CUGNAGO (CUGNACH) DI LA VALLE AGORDINA&#8221; &#8212; Radio Pi\u00f9\" src=\"https:\/\/www.radiopiu.net\/wordpress\/rinvenimenti-archeologigici-presso-il-casal-di-col-cugnago-cugnach-di-la-valle-agordina\/embed\/#?secret=y0OETAeu1o\" data-secret=\"y0OETAeu1o\" width=\"600\" height=\"338\" frameborder=\"0\" marginwidth=\"0\" marginheight=\"0\" scrolling=\"no\"><\/iframe><\/p>\n<p>&nbsp;<\/p>\n<hr \/>\n<p>&nbsp;<\/p>\n<blockquote>\n<blockquote>\n<h3 class=\"photoswipe-wrapper\">\u00a0CONSIGLIO COMUNALE<\/h3>\n<\/blockquote>\n<\/blockquote>\n<p><strong>TAIBON<\/strong> Il sindaco di Taibon Silvia Tormen ha convocato il consiglio comunale in modalit\u00e0 mista per oggi alle 18:30. I consiglieri, in videoconferenza o in presenza nella sala consigliare, sono chiamati a discutere 10 punti all\u2019ordine del giorno tra cui l\u2019individuazione di una zona di degrado per il recupero del patrimonio edilizio esistente nelle localit\u00e0 Campedel, San Cipriano e Taier, la realizzazione di un centro di educazione-asilo cinofilo diurno, le aliquote IRPEF e IMU per il 2022 e l\u2019approvazione del Documento Unico di Programmazione 2022-2024.<\/p>\n<p>&nbsp;<\/p>\n<p>&nbsp;<\/p>\n<hr \/>\n<p>&nbsp;<\/p>\n<blockquote>\n<h3>IN PROGRAMMA DUE GIORNATE ECOLOGICHE A CENCENIGHE<\/h3>\n<\/blockquote>\n<p><strong><a class=\"dt-pswp-item\" href=\"https:\/\/www.radiopiu.net\/wordpress\/wp-content\/uploads\/2022\/02\/Rifiuti_abbandonati.jpg\" data-dt-img-description=\"\" data-large_image_width=\"1171\" data-large_image_height=\"642\"><img loading=\"lazy\" decoding=\"async\" class=\" wp-image-257319 alignleft\" src=\"https:\/\/www.radiopiu.net\/wordpress\/wp-content\/uploads\/2022\/02\/Rifiuti_abbandonati-300x164.jpg\" alt=\"\" width=\"183\" height=\"100\" srcset=\"https:\/\/www.radiopiu.net\/wordpress\/wp-content\/uploads\/2022\/02\/Rifiuti_abbandonati-300x164.jpg 300w, https:\/\/www.radiopiu.net\/wordpress\/wp-content\/uploads\/2022\/02\/Rifiuti_abbandonati-1024x561.jpg 1024w, https:\/\/www.radiopiu.net\/wordpress\/wp-content\/uploads\/2022\/02\/Rifiuti_abbandonati-768x421.jpg 768w, https:\/\/www.radiopiu.net\/wordpress\/wp-content\/uploads\/2022\/02\/Rifiuti_abbandonati.jpg 1171w\" sizes=\"auto, (max-width: 183px) 100vw, 183px\" \/><\/a>CENCENIGHE<\/strong> L&#8217;amministrazione comunale di Cencenighe in collaborazione con la Pro Loco organizza due giornate ecologiche per la raccolta di rifiuti abbandonati. Sabato 2 aprile il ritrovo alle 8 con l&#8217;assegnazione dell&#8217;area di pulizia, alle 13 il pranzo al Nof Fil\u00f2 e subito dopo l&#8217;eventuale prosecuzione dei lavori. Domenica 3 aprile il ritrovo alle 8 con l&#8217;assegnazione dell&#8217;area di pulizia e alle 12 il pranzo sempre al Nof Fil\u00f2. L&#8217;attrezzatura verr\u00e0 fornita da Valpe Ambiente e le immondizie raccolte saranno conferite all&#8217;ecocentro. I bambini che vogliono partecipare alle giornate dovranno essere accompagnati. In caso di maltempo la manifestazione sar\u00e0 rinviata al fine settimana successivo del 9 e 10 aprile.<\/p>\n<p>&nbsp;<\/p>\n<p>&nbsp;<\/p>\n<p>&nbsp;<\/p>\n<hr \/>\n<p>&nbsp;<\/p>\n<blockquote>\n<h2>IL LUNEDI, PENSANDO ALL&#8217;ULTIMO GIORNO DEL FALCO<\/h2>\n<\/blockquote>\n<div dir=\"auto\"><strong>Da San Tomaso, Gaetano De Don\u00e0<\/strong><\/div>\n<div dir=\"auto\"><a class=\"dt-pswp-item\" href=\"https:\/\/www.radiopiu.net\/wordpress\/wp-content\/uploads\/2022\/03\/275921056_3104477956485762_6626244521466416975_n.jpg\" data-dt-img-description=\"\" data-large_image_width=\"600\" data-large_image_height=\"432\"><img loading=\"lazy\" decoding=\"async\" class=\"size-medium wp-image-264848 alignleft\" src=\"https:\/\/www.radiopiu.net\/wordpress\/wp-content\/uploads\/2022\/03\/275921056_3104477956485762_6626244521466416975_n-300x216.jpg\" alt=\"\" width=\"300\" height=\"216\" srcset=\"https:\/\/www.radiopiu.net\/wordpress\/wp-content\/uploads\/2022\/03\/275921056_3104477956485762_6626244521466416975_n-300x216.jpg 300w, https:\/\/www.radiopiu.net\/wordpress\/wp-content\/uploads\/2022\/03\/275921056_3104477956485762_6626244521466416975_n.jpg 600w\" sizes=\"auto, (max-width: 300px) 100vw, 300px\" \/><\/a><strong>REDAZIONE<\/strong> Da tanto tempo ormai il luned\u00ec \u00e8 una bruttissima giornata secondo l&#8217;aria ch\u00e9 tira da un po&#8217; di anni a questa parte- Troppa gente anche anziana ,prende la montagna l&#8217;inverno e anche l&#8217;estate con troppa leggerezza , Anche perch\u00e9 \u00e8 diventata una vera e propria mania quella di voler calpestare le Dolomiti in ogni stagione , anche da parte di esperti e non solo dilettanti- Mi sembra che una volta non c&#8217;erano cos\u00ec tanti incidenti . Sar\u00e0 anche che al giorno d&#8217;oggi l&#8217;informazione \u00e8 veloce e anche i soccorsi lo sono e\u00a0 quando vedo passare l&#8217;elicottero giallo del C.N.S.A mi viene sempre il batticuore e \u00a0penso all&#8217;equipaggio di Falco che ha terminato i suoi giorni nel Rio Gere nei pressi di Cortina. Da quando le Dolomiti Sono nel patrimonio dell&#8217;Unesco \u00e8 arrivata la massa con i &#8220;maniaci&#8221;\u00a0 del fine settimana. Cosi&#8217; ogni lunedi al mattino ascoltiamo il &#8220;bollettino di guerra&#8221;, quella del soccorso in montagna e specialmente qui nelle Dolomiti Bellunesi.<\/div>\n<div dir=\"auto\"><\/div>\n<div dir=\"auto\"><\/div>\n<div dir=\"auto\"><\/div>\n<p>&nbsp;<\/p>\n<hr \/>\n<blockquote>\n<h3><span style=\"color: #ff0000;\">\u00a0<\/span><\/h3>\n<h3><span style=\"color: #ff0000;\">l&#8217;opinione<\/span><br \/>\ndi Franco Piacentini, Feltre. Socio Sat-Cai<\/h3>\n<p>\u201cTerre Alte: disegno di legge da sostenere fortemente\u201d<\/p><\/blockquote>\n<p>Il Consiglio dei Ministri, il 10 marzo 2022 ha definito il disegno di legge finalizzato, quando sar\u00e0 formalmente approvato dal Parlamento, allo sviluppo e alla valorizzazione delle aree montane. I principali interventi indicati (dovranno essere sostenuti da adeguati finanziamenti pubblici ma anche privati) sono: sanit\u00e0 di montagna; scuole di montagna; telefonia e internet; incentivi agli imprenditori agricoli e forestali; agevolazioni fiscali per giovani imprese montane; detrazioni per l\u2019acquisto della prima casa finalizzate all\u2019obiettivo \u201cio resto in montagna\u201d. Va riconosciuto che questo atto governativo, da molto tempo atteso dalle popolazioni montane, va nella giusta direzione programmatoria per lo sviluppo, la salvaguardia e la valorizzazione delle Terre alte. Non essendo in calendario la data di avvio per l\u2019iter legislativo parlamentare e per evitare tempi biblici di approvazione di questa importante legge, sar\u00e0 bene ed opportuno che i principali rappresentanti delle comunit\u00e0 montane, insieme alle istituzioni pubbliche locali e regionali, alle organizzazioni sindacali (Cgil Cisl Uil), alle categorie economiche, al terzo settore, al volontariato (CAI incluso), alle personalit\u00e0 della cultura e alle associazioni sportive, coordinandosi tra loro, costituiscano una \u201cmassa critica\u201d per sollecitare Parlamento e Senato ad una veloce approvazione della legge, eventualmente integrandola (se necessari) con miglioramenti interpretativi e chiarimenti applicativi. Per scongiurare le diatribe politiche parlamentari, non va esclusa la mobilitazione (ovviamente pacifica) delle popolazioni montane che non possono pi\u00f9 attendere a lungo la positiva definizione delle seguenti priorit\u00e0: riqualificazione dei servizi sociosanitari ed assistenziali; efficiente viabilit\u00e0; rilancio economico; ampliamento occupazionale; stop allo spopolamento; tutela ambientale; recupero e riutilizzo di immobili abbandonati,<\/p>\n<p>&nbsp;<\/p>\n<p>&nbsp;<\/p>\n<hr \/>\n<p>&nbsp;<\/p>\n<blockquote>\n<blockquote>\n<h3>AD ARABBA IMPIANTI APERTI FINO A PASQUETTA<\/h3>\n<\/blockquote>\n<p><strong>LIVINALLONGO<\/strong> Impianti\u00a0 aperti fino al 18 Aprile: Porta Vescovo e Pordoi confermano il prolungamento della stagione invernale fino a Pasquetta. Anche durante una stagione piena d&#8217;incertezze e caratterizzata da condizioni meteorologiche non proprio favorevoli, la localit\u00e0 di Arabba tiene fede alla sua promessa di essere \u201cThe Place to Ski\u201d, la destinazione sciistica per eccellenza nelle Dolomiti.<\/p><\/blockquote>\n<p>&nbsp;<\/p>\n<hr \/>\n<p>&nbsp;<\/p>\n<p>&nbsp;<\/p>\n<blockquote>\n<h3><a class=\"dt-pswp-item\" href=\"https:\/\/www.radiopiu.net\/wordpress\/wp-content\/uploads\/2022\/03\/villa.jpg\" data-dt-img-description=\"\" data-large_image_width=\"330\" data-large_image_height=\"260\"><img loading=\"lazy\" decoding=\"async\" class=\"wp-image-264220 alignleft\" src=\"https:\/\/www.radiopiu.net\/wordpress\/wp-content\/uploads\/2022\/03\/villa-300x236.jpg\" alt=\"\" width=\"145\" height=\"114\" srcset=\"https:\/\/www.radiopiu.net\/wordpress\/wp-content\/uploads\/2022\/03\/villa-300x236.jpg 300w, https:\/\/www.radiopiu.net\/wordpress\/wp-content\/uploads\/2022\/03\/villa.jpg 330w\" sizes=\"auto, (max-width: 145px) 100vw, 145px\" \/><\/a>CAMMINATURALMENTE CON ANACLETO BORANGA<\/h3>\n<\/blockquote>\n<p>&nbsp;<\/p>\n<p><strong>BELLUNO<\/strong> Sabato 19 marzo camminata nell&#8217;itinerario naturalistico e ambientale di Villa Miari di Cugnac, Domenica 20 marzo alle Antiche Rogge lungo il Cordevole e domenica 27 marzo nel Bosco delle Castagne.\u00a0 Informazioni ed iscrizioni allo 0437 948093 entro le 12 del venerdi precedente l&#8217;evento.<\/p>\n\n\t\t\t<style type='text\/css'>\n\t\t\t\t#gallery-10 {\n\t\t\t\t\tmargin: auto;\n\t\t\t\t}\n\t\t\t\t#gallery-10 .gallery-item {\n\t\t\t\t\tfloat: left;\n\t\t\t\t\tmargin-top: 10px;\n\t\t\t\t\ttext-align: center;\n\t\t\t\t\twidth: 50%;\n\t\t\t\t}\n\t\t\t\t#gallery-10 img {\n\t\t\t\t\tborder: 2px solid #cfcfcf;\n\t\t\t\t}\n\t\t\t\t#gallery-10 .gallery-caption {\n\t\t\t\t\tmargin-left: 0;\n\t\t\t\t}\n\t\t\t\t\/* see gallery_shortcode() in wp-includes\/media.php *\/\n\t\t\t<\/style>\n\t\t<div id='gallery-10' class='dt-gallery-container gallery galleryid-264635 gallery-columns-2 gallery-size-thumbnail'><dl class='gallery-item'>\n\t\t\t\t<dt class='gallery-icon landscape'>\n\t\t\t\t\t<a class=\"rollover rollover-zoom dt-pswp-item\" title=\"miari\" data-dt-img-description=\"\" data-large_image_width=\"448\" data-large_image_height=\"319\"href='https:\/\/www.radiopiu.net\/wordpress\/wp-content\/uploads\/2022\/03\/miari.jpg'><img loading=\"lazy\" decoding=\"async\" width=\"150\" height=\"150\" src=\"https:\/\/www.radiopiu.net\/wordpress\/wp-content\/uploads\/2022\/03\/miari-150x150.jpg\" class=\"attachment-thumbnail size-thumbnail\" alt=\"\" \/><\/a>\n\t\t\t\t<\/dt><\/dl><dl class='gallery-item'>\n\t\t\t\t<dt class='gallery-icon landscape'>\n\t\t\t\t\t<a class=\"rollover rollover-zoom dt-pswp-item\" title=\"rovve\" data-dt-img-description=\"\" data-large_image_width=\"522\" data-large_image_height=\"196\"href='https:\/\/www.radiopiu.net\/wordpress\/wp-content\/uploads\/2022\/03\/rovve-1.jpg'><img loading=\"lazy\" decoding=\"async\" width=\"150\" height=\"150\" src=\"https:\/\/www.radiopiu.net\/wordpress\/wp-content\/uploads\/2022\/03\/rovve-1-150x150.jpg\" class=\"attachment-thumbnail size-thumbnail\" alt=\"\" \/><\/a>\n\t\t\t\t<\/dt><\/dl><br style=\"clear: both\" \/>\n\t\t\t<\/div>\n\n<p>&nbsp;<\/p>\n<p>&nbsp;<\/p>\n<p>&nbsp;<\/p>\n<hr \/>\n<p>&nbsp;<\/p>\n<blockquote>\n<h3>\u201cCONNESSI SENZA COMPLESSI\u201d: SUCCESSO OLTRE OGNI ASPETTATIVA PER IL NUOVO CORSO DEL CIRCOLO<\/h3>\n<\/blockquote>\n<p><strong>BELLUNO<\/strong> Il Circolo Cultura e Stampa Bellunese promuove il corso \u201cConnessi senza complessi&#8221;. La prima edizione, iniziata luned\u00ec, ha registrato il tutto esaurito in poche ore, tanto da spingere lo staff a programmarne subito una seconda. Per ulteriori informazioni contattare la Segreteria\u00a0 allo 0437948911, o via mail ad info@ccsb.it.<\/p>\n<p>&nbsp;<\/p>\n<hr \/>\n<p>&nbsp;<\/p>\n<blockquote>\n<h3>LA SIGNORA DELLA VAL DI FRELA BRUCERA&#8217; SUL BROI<\/h3>\n<p><strong><a class=\"dt-pswp-item\" href=\"https:\/\/www.radiopiu.net\/wordpress\/wp-content\/uploads\/2019\/03\/IMG-20190331-WA00631.jpg\" data-dt-img-description=\"La vecia Popa e il Centro\" data-large_image_width=\"1599\" data-large_image_height=\"1200\"><img loading=\"lazy\" decoding=\"async\" class=\" wp-image-81135 alignleft\" src=\"https:\/\/www.radiopiu.net\/wordpress\/wp-content\/uploads\/2019\/03\/IMG-20190331-WA00631-300x225.jpg\" alt=\"\" width=\"159\" height=\"119\" srcset=\"https:\/\/www.radiopiu.net\/wordpress\/wp-content\/uploads\/2019\/03\/IMG-20190331-WA00631-300x225.jpg 300w, https:\/\/www.radiopiu.net\/wordpress\/wp-content\/uploads\/2019\/03\/IMG-20190331-WA00631-768x576.jpg 768w, https:\/\/www.radiopiu.net\/wordpress\/wp-content\/uploads\/2019\/03\/IMG-20190331-WA00631-1024x768.jpg 1024w, https:\/\/www.radiopiu.net\/wordpress\/wp-content\/uploads\/2019\/03\/IMG-20190331-WA00631.jpg 1599w\" sizes=\"auto, (max-width: 159px) 100vw, 159px\" \/><\/a>DOMENICA 27 MARZO SUL BROI DI AGORDO, DOPO DUE ANNI IL RITORNO DELLA VECIA POPA, il sindaco Chissal\u00e8 ha gi\u00e0 firmato le ordinanze. Attesa per la lettura del testamento<\/strong><\/p>\n<p><em>&#8220;Ci eravamo lasciati qui nel 2019&#8230; Quest&#8217;anno la Vecia popa ritorna e tutti vestiti in maschera dai pi\u00f9 grandi ai piccini&#8221;. <\/em>Gi\u00e0 sono pronte le ordinanza per la viabilit\u00e0.\u00a0 Domenica 27 marzo vietata sosta e parcheggio in piazza della Libert\u00e0, lato Broi, in corso Patrioti ed in piazzale Guglielmo Marconi, sia davanti al palazzo municipale, che ai lati e sul retro del palazzo stesso, da mezzogiorno fino alle 18.Sar\u00e0 inoltre vietato il transito in piazzale Marconi ai mezzi non autorizzati dalle 14 alle 18. Dalle 14,30 alle 15,30 circa ci sar\u00e0 inoltre la temporanea sospensione del transito veicolare, al massimo per 10 minuti, in viale Sommariva, lungo via Insurrezione, via 27 Aprile 1945 e corso Patrioti durante la sfilata.<\/p><\/blockquote>\n<p>&nbsp;<\/p>\n<p>&nbsp;<\/p>\n<p>&nbsp;<\/p>\n<hr \/>\n<p>&nbsp;<\/p>\n<blockquote>\n<h3>SABATO 26 MARZO ALLE 18 L&#8217;ASSEMBLEA ANNUALE DEL CAI DI AGORDO<\/h3>\n<\/blockquote>\n<p><strong><a class=\"dt-pswp-item\" href=\"https:\/\/www.radiopiu.net\/wordpress\/wp-content\/uploads\/2020\/04\/cai-agordo.jpg\" data-dt-img-description=\"\" data-large_image_width=\"297\" data-large_image_height=\"170\"><img loading=\"lazy\" decoding=\"async\" class=\"size-full wp-image-127841 alignleft\" src=\"https:\/\/www.radiopiu.net\/wordpress\/wp-content\/uploads\/2020\/04\/cai-agordo.jpg\" alt=\"\" width=\"297\" height=\"170\" \/><\/a>AGORDO<\/strong><\/p>\n<p>di Gianni Santomaso<\/p>\n<audio class=\"wp-audio-shortcode\" id=\"audio-264635-10\" preload=\"none\" style=\"width: 100%;\" controls=\"controls\"><source type=\"audio\/mpeg\" src=\"https:\/\/www.radiopiu.net\/wordpress\/wp-content\/uploads\/2022\/03\/GIANNI-CAI-AGORDO.mp3?_=10\" \/><a href=\"https:\/\/www.radiopiu.net\/wordpress\/wp-content\/uploads\/2022\/03\/GIANNI-CAI-AGORDO.mp3\">https:\/\/www.radiopiu.net\/wordpress\/wp-content\/uploads\/2022\/03\/GIANNI-CAI-AGORDO.mp3<\/a><\/audio>\n<p>&nbsp;<\/p>\n<p>&nbsp;<\/p>\n<hr \/>\n<p>&nbsp;<\/p>\n<blockquote>\n<h3>DOMENICA A SAN GREGORIO NELLE ALPI &#8220;LA DIVINA IN-CANTA&#8221;<\/h3>\n<\/blockquote>\n<p><strong>SAN GREGORIO NELLE ALPI <\/strong>Domenica 20 marzo 2022 presso la Palestra Comunale di San Gregorio nelle Alpi la Compagnia Ana \u2013 Thema Teatro presenta \u201cLa Divina in-canta\u201d letture, pensieri e canzoni dalla Divina Commedia. Sono previsti due spettacoli, il primo alle 18.30 e il secondo alle 20.30. Prenotazione obbligatoria 346 4759362.<\/p>\n<p>&nbsp;<\/p>\n<p>&nbsp;<\/p>\n<hr \/>\n<p>&nbsp;<\/p>\n<blockquote>\n<h3>VENERDI&#8217; LA PRESENTAZIONE DEL LIBRO SU DON ELIO LARESE<\/h3>\n<\/blockquote>\n<p><strong>BELLUNO<\/strong> Venerd\u00ec 18 marzo ricorre il primo anniversario della scomparsa di don Elio Larese. La diocesi di Belluno-Feltre e il Liceo classico-scientifico \u201cLollino\u201d lo ricordano con due appuntamenti. Alle 17.00, nell\u2019aula magna del Seminario Gregoriano, verr\u00e0 presentato il libro \u201cUn chicco di grano \u2013 don Elio e noi\u201d. Di seguito, alle 18.30, in Cattedrale a Belluno, sar\u00e0 celebrata la santa Messa.<\/p>\n<p>&nbsp;<\/p>\n<p>&nbsp;<\/p>\n<hr \/>\n<p>&nbsp;<\/p>\n<blockquote>\n<h3>GIOVEDI&#8217; LA PROIEZIONE DEL DOCUFILM &#8220;DOVE NUOTANO I CAPRIOLI&#8221;<\/h3>\n<\/blockquote>\n<p><strong>FONZASO <\/strong>\u00c8 in programma per gioved\u00ec alle 20:30 presso la ex scuola elementare di Arten la proiezione del documentario &#8220;Dove Nuotano I Caprioli&#8221;. L\u2019acqua del Cadore ha ispirato antichissimi culti e leggende popolari, plasmando nel tempo forme del paesaggio, vita delle comunit\u00e0 ed economie della zona. Per prenotare il posto <a href=\"https:\/\/webkolm.musvc2.net\/e\/t?q=5%3d1TMS9a%267%3dZ%26n%3dULW%26o%3dWMV2S%26F%3d0tKAK_rrnr_32_CsSq_M8_rrnr_27yGlF8At03Mb.0E_JQtk_Tf50Ne-EFGt29G-i-4vHr00Di_IluP_S1_JQtk_UfLEE_sFFJc6_CsSq_N6n6HKl6ELeI_CsSq_MXuK8_Ee54Mm_IluP_Ty7m24D_rrnr_2WFLm_4vEp249n_IluP_Ty5oE17r69Ra_Il3a2vuP_SNHr69Gt2KAoEz%266%3dmLDNcS.97t%260D%3dT6UP&amp;mupckp=mupAtu4m8OiX0wt\">CLICCA QUI<\/a><\/p>\n<p>&nbsp;<\/p>\n<p>&nbsp;<\/p>\n<hr \/>\n<p>&nbsp;<\/p>\n<div class=\"page\" title=\"Page 1\">\n<div class=\"section\">\n<div class=\"layoutArea\">\n<div class=\"column\">\n<blockquote>\n<h3>CONFERENZA &#8220;IL CLIMA CAMBIA, LA MONTAGNA RISPONDE&#8221;<\/h3>\n<\/blockquote>\n<p><strong>FELTRE<\/strong> Si svolgera\u0300 sabato &#8211; nella Giornata internazionale dedicata all&#8217;Azione per il clima &#8211; la conferenza organizzata dalle associazioni Lions Feltre Host e Leo Club di Feltre dedicata all&#8217;attenzione al mondo della montagna e all&#8217;ambiente dal titolo &#8220;Il clima cambia, la montagna risponde&#8221;. A partire dalle ore 8:00 del mattino saranno aperte le porte all&#8217;Auditorium dell&#8217;Istituto Canossiano di Feltre, per le scuole del Feltrino e per gli ordini aderenti, ma l&#8217;iniziativa verra\u0300 messa a disposizione anche online con una diretta streaming. Il programma dell&#8217;evento si divide in due momenti principali: una prima ora &#8220;accademica&#8221; con i Professori Carlo Barbante, Piero Gianolla e Geremia Gios per l&#8217;analisi del cambiamento climatico dal punto di vista della sfera glaciologica, geologica ed economica e una seconda parte invece, che prevede un tavolo tecnico cui fine e\u0300 esplorare la &#8220;risposta della montagna veneta&#8221; al cambiamento climatico.<\/p>\n<p>&nbsp;<\/p>\n<hr \/>\n<p>&nbsp;<\/p>\n<blockquote>\n<h3>NELL\u2019\u201cALBUM DEI RICORDI\u201d BELLE PAGINE DI STORIA DI IGNE PAESE DEL FUOCO, FRAZIONE LONGARONESE<\/h3>\n<\/blockquote>\n<p><strong>di\u00a0 RENATO BONA\u00a0<\/strong><\/p>\n<p>&nbsp;<\/p>\n<p>Un capitolo molto apprezzato del libro \u201cIgne paese del fuoco\u201d del quale ci siamo gi\u00e0 occupati in precedenti servizi, \u00e8 intitolato \u201cL\u2019album dei ricordi\u201d e propone foto di gruppo, ma non solo, che sintetizzano efficacemente pagine di storia della frazione longaronese. Autori delle 250 pagine del volume (copertina con un \u201caspetto notturno, quasi surreale di Igne nello scatto di Augusta De Bona del circolo fotografico longaronese \u201cB. Recalchi) edito nel maggio di venti anni fa con Media diffusion sas (stampa tipografia Piave di Belluno) ed il patrocinio del Comune e del Gruppo Volontari Igne, oltre che con la preziosa collaborazione della Parrocchia, sono stati due cari amici e colleghi: Ivano Pocchiesa e Mario Fornaro ben noti anche fuori dell\u2019ambito provinciale per le loro molteplici esperienze giornalistiche e &#8211; fra l\u2019altro &#8211; apprezzati scrittori. I quali, come si pu\u00f2 leggere nella presentazione, hanno \u201craccolto con interesse l\u2019invito degli amici di Igne di dedicare una pubblicazione al loro paese, pur consapevoli che la zona localizzata consentiva limitato spazio operativo all\u2019originalit\u00e0, nelle varie fasi di ricerca, dato il sovrapporsi l\u2019uno all\u2019altro degli eventi storici e di vita corrente sul territorio, tra le attuali frazioni del Comune di longarone e il pi\u00f9 ampio ambito dell\u2019antica Pieve di Castello Lavazzo\u201d. Precisato che \u201cAnche per quanto riguarda usi, costumi, riferimenti alla parlata locale, proverbi, detti, annotazioni gastronomiche e altro, ci si \u00e8 trovati di fronte ad analogie confrontabili, spesso, al pi\u00f9 vasto modello veneto\u201d cos\u00ec concludevano: \u201cConsiderato lo spirito della pubblicazione, si sono ritenute ugualmente meritevoli varie citazioni, nella considerazione finale, la quale giustifica tutte le scelte compiute, che : \u2018Nemo Patrim suam amat quia magnam, sed quia suam\u2019 ovvero, per dirla con parole attuali: \u2018Nessuno ama la sua Patria perch\u00e9 \u00e8 grande, ma semplicemente perch\u00e9 \u00e8 la sua Patria\u201d. Eventi storici e di vita, si diceva, ed eccone una prima serie che si apre con l\u2019immagine di un gruppo familiare per il quale \u00e8 stata stesa questa didascalia: \u201cAnno 1890. E\u2019 la pi\u00f9 antica foto di persone della raccolta e propone una numerosa famiglia tipo dell\u2019epoca, quella di Bez Andrea e Teza Marina con i figli: Elisabetta, Giacomo, Giacomina, Vincenza, Vincenzo, Vittorio, Giulio\u201d. Segue quella per la quale si spiega: \u201cAnno 1900. Si sono identificate in Bez Domenica \u2018Bezzet\u2019 (a sinistra della scala con un bimbo in braccio), Bez Augusta \u2018Bezzet\u2019 (seduta, a sinistra della foto) e De Cesero Vincenza (anch\u2019essa con bimbo in braccio, a destra della scala). Siamo nei dintorni di Igne. Le capre erano preziose perch\u00e9 assicuravano il latte per i bambini\u201d. Stesso anno ma gruppo molto pi\u00f9 folto del precedente e dicitura che dice: \u201cNumeroso gruppo tra cui sono identificate solo Mazzucco Brigida (prima a sinistra in piedi) e De Bona Giovanna (terza da destra seduta in seconda fila)\u201d. Tocca ora all\u2019immagine \u201cAnni \u201920. Bez Vincenzo \u2018Birolo\u2019. Il bimbo a destra \u00e8 il figlio Agostino, quello a sinistra \u00e8 il nipote Aurelio\u201d. E quindi, di nuovo anno 1900, a: \u201cLa famiglia patriarcale di Marco De Bona \u2018Marchetto (Mosca)\u2019, con la barba bianca, il figlio Giuseppe De Bona e la moglie Luigia De Bona, un\u2019amica brasiliana in visita in Italia e i cinque figli di Giuseppe: Marco, Lucia, Leonardo, Luigi, Maria Antonietta\u201d. Siamo a inizi \u2018900 e la grande foto ci mostra: \u201cDe Bona Antonia \u2018Soldado\u2019 moglie di Cesare De Cesero \u2018Cavaller\u2019 con i tre figlioletti: Guido, Lina (la piccola in braccio) e Maria\u201d. Proseguiamo con: \u201cAnno 1916. De Bona Lucia con il figlio No\u00e8. Bello il vestito, ma soprattutto il fazzoletto sul braccio che, dopo la foto, sarebbe ritornato sulla testa di Lucia, come allora si usava\u201d. E, un anno dopo, con: \u201c1917: De Bona Antonia \u2018Soldado\u2019 con i figli Guido, Maria, Domenica, Giacoma De Cesero \u2018Cavaler\u2019\u201d. Un salto indietro nel tempo e siamo alla foto accostata alla dicitura che informa: \u201cAnni \u201920. Le occasioni di allegria non mancavano. Un gruppo di amiche di Soffranco posa per una campagna di \u2018reclame\u2019, come allora si chiamava, alquanto improvvisata, dedicata al \u2018Ferro China Bisleri\u2019 Vediamo nella foto (da sinistra a destra): De Cesero Lucia, De Cesero Pasquetta, De Bona Giacomina, De Cesero Pierina, De Cesero Giacomina fu Luigi \u2018Cina\u2019, e, accovacciata, De Cesero Vincenza\u201d. Davvero stringatissima la dicitura per la foto successiva: \u201cAnni \u201920. Classico gruppo di famiglia\u201d. Pi\u00f9 corposa quella che segue e spiega: \u201cIgne anni \u201920. Cacciatori in posa. Da una attivit\u00e0 venatoria come questa, unita ai resoconti dei pescatori, ebbero probabile inizio quelle leggende che si perpetuano in zona e che hanno fatto attribuire agli abitanti di Igne il \u2018blasone\u2019 popolare di \u2018slarga\u2019. Una capacit\u00e0 quindi di aumentare a dismisura le proporzioni dei loro racconti e avventure, sulle quali oggi sono gli stessi protagonisti a sorridere\u201d. Ecco proposto un gradevole gruppo al femminile: \u201cAnni \u201920. Una bella foto che vede immortalate le sorelle De Bona \u2018Muda\u2019: Enrichetta, Letizia, Maria, Gioconda, Vincenza, Cornelia, Antonietta\u201d. Avviandoci a conclusione di questa prima rassegna, proponiamo la foto con dicitura: \u201cAnni \u201930, Un bel gruppo di amici: De Bona Francesco \u2018Soldado\u2019, De Bona No\u00e8 \u2018Rossi\u2019, Bez Gino \u2018Batti\u2019, De Cesero Valentino \u2018Perito\u2019, De Cesero Sincero \u2018Cina\u2019 e De Bona Ottorino \u2018Muda\u2019\u201d. Che precede quella per cui si legge: \u201cAnni \u201930, Decisamente i paracarri erano pi\u00f9 robusti di quelli attuali. Posano nella foto: Lena \u2018Ost\u2019, Cencia \u2018Baluze\u2019, Francesco \u2018Soldado\u2019, Pierina \u2018Batti\u2019, Gina Mazzucco \u2018Perere\u2019, Bez Valentino\u201d. Ancora: \u201cAnni \u201930. Le sorelle Bez \u2018Batti\u2019: Olga, Francesca e Maria, agghindate a festa\u201d. Infine: \u201cAnno 1935. Caterina De Cesero \u2018Nanon\u2019 di Igne, ritratta in occasione del suo centesimo compleanno, indossando gli immancabili \u2018scarpet\u2019 che lei stessa confezionava\u201d.<\/p>\n\n\t\t\t<style type='text\/css'>\n\t\t\t\t#gallery-11 {\n\t\t\t\t\tmargin: auto;\n\t\t\t\t}\n\t\t\t\t#gallery-11 .gallery-item {\n\t\t\t\t\tfloat: left;\n\t\t\t\t\tmargin-top: 10px;\n\t\t\t\t\ttext-align: center;\n\t\t\t\t\twidth: 16%;\n\t\t\t\t}\n\t\t\t\t#gallery-11 img {\n\t\t\t\t\tborder: 2px solid #cfcfcf;\n\t\t\t\t}\n\t\t\t\t#gallery-11 .gallery-caption {\n\t\t\t\t\tmargin-left: 0;\n\t\t\t\t}\n\t\t\t\t\/* see gallery_shortcode() in wp-includes\/media.php *\/\n\t\t\t<\/style>\n\t\t<div id='gallery-11' class='dt-gallery-container gallery galleryid-264635 gallery-columns-6 gallery-size-thumbnail'><dl class='gallery-item'>\n\t\t\t\t<dt class='gallery-icon portrait'>\n\t\t\t\t\t<a class=\"rollover rollover-zoom dt-pswp-item\" title=\"275641035_309033061138769_475525228497941510_n\" data-dt-img-description=\"\" data-large_image_width=\"149\" data-large_image_height=\"206\"href='https:\/\/www.radiopiu.net\/wordpress\/wp-content\/uploads\/2022\/03\/275641035_309033061138769_475525228497941510_n.jpg'><img loading=\"lazy\" decoding=\"async\" width=\"149\" height=\"150\" src=\"https:\/\/www.radiopiu.net\/wordpress\/wp-content\/uploads\/2022\/03\/275641035_309033061138769_475525228497941510_n-149x150.jpg\" class=\"attachment-thumbnail size-thumbnail\" alt=\"\" \/><\/a>\n\t\t\t\t<\/dt><\/dl><dl class='gallery-item'>\n\t\t\t\t<dt class='gallery-icon portrait'>\n\t\t\t\t\t<a class=\"rollover rollover-zoom dt-pswp-item\" title=\"275661480_982811355696804_691319994047726309_n\" data-dt-img-description=\"\" data-large_image_width=\"152\" data-large_image_height=\"206\"href='https:\/\/www.radiopiu.net\/wordpress\/wp-content\/uploads\/2022\/03\/275661480_982811355696804_691319994047726309_n.jpg'><img loading=\"lazy\" decoding=\"async\" width=\"150\" height=\"150\" src=\"https:\/\/www.radiopiu.net\/wordpress\/wp-content\/uploads\/2022\/03\/275661480_982811355696804_691319994047726309_n-150x150.jpg\" class=\"attachment-thumbnail size-thumbnail\" alt=\"\" \/><\/a>\n\t\t\t\t<\/dt><\/dl><dl class='gallery-item'>\n\t\t\t\t<dt class='gallery-icon landscape'>\n\t\t\t\t\t<a class=\"rollover rollover-zoom dt-pswp-item\" title=\"275563751_1180607456026218_6146869870423454396_n\" data-dt-img-description=\"\" data-large_image_width=\"315\" data-large_image_height=\"206\"href='https:\/\/www.radiopiu.net\/wordpress\/wp-content\/uploads\/2022\/03\/275563751_1180607456026218_6146869870423454396_n.jpg'><img loading=\"lazy\" decoding=\"async\" width=\"150\" height=\"150\" src=\"https:\/\/www.radiopiu.net\/wordpress\/wp-content\/uploads\/2022\/03\/275563751_1180607456026218_6146869870423454396_n-150x150.jpg\" class=\"attachment-thumbnail size-thumbnail\" alt=\"\" \/><\/a>\n\t\t\t\t<\/dt><\/dl><dl class='gallery-item'>\n\t\t\t\t<dt class='gallery-icon landscape'>\n\t\t\t\t\t<a class=\"rollover rollover-zoom dt-pswp-item\" title=\"275568746_393066428818100_2988971007304079650_n\" data-dt-img-description=\"\" data-large_image_width=\"320\" data-large_image_height=\"204\"href='https:\/\/www.radiopiu.net\/wordpress\/wp-content\/uploads\/2022\/03\/275568746_393066428818100_2988971007304079650_n.jpg'><img loading=\"lazy\" decoding=\"async\" width=\"150\" height=\"150\" src=\"https:\/\/www.radiopiu.net\/wordpress\/wp-content\/uploads\/2022\/03\/275568746_393066428818100_2988971007304079650_n-150x150.jpg\" class=\"attachment-thumbnail size-thumbnail\" alt=\"\" \/><\/a>\n\t\t\t\t<\/dt><\/dl><dl class='gallery-item'>\n\t\t\t\t<dt class='gallery-icon portrait'>\n\t\t\t\t\t<a class=\"rollover rollover-zoom dt-pswp-item\" title=\"275770577_331684419016014_1111065289184632224_n\" data-dt-img-description=\"\" data-large_image_width=\"159\" data-large_image_height=\"225\"href='https:\/\/www.radiopiu.net\/wordpress\/wp-content\/uploads\/2022\/03\/275770577_331684419016014_1111065289184632224_n.jpg'><img loading=\"lazy\" decoding=\"async\" width=\"150\" height=\"150\" src=\"https:\/\/www.radiopiu.net\/wordpress\/wp-content\/uploads\/2022\/03\/275770577_331684419016014_1111065289184632224_n-150x150.jpg\" class=\"attachment-thumbnail size-thumbnail\" alt=\"\" \/><\/a>\n\t\t\t\t<\/dt><\/dl><dl class='gallery-item'>\n\t\t\t\t<dt class='gallery-icon landscape'>\n\t\t\t\t\t<a class=\"rollover rollover-zoom dt-pswp-item\" title=\"275599314_386723039533386_5683631224553734821_n\" data-dt-img-description=\"\" data-large_image_width=\"262\" data-large_image_height=\"206\"href='https:\/\/www.radiopiu.net\/wordpress\/wp-content\/uploads\/2022\/03\/275599314_386723039533386_5683631224553734821_n.jpg'><img loading=\"lazy\" decoding=\"async\" width=\"150\" height=\"150\" src=\"https:\/\/www.radiopiu.net\/wordpress\/wp-content\/uploads\/2022\/03\/275599314_386723039533386_5683631224553734821_n-150x150.jpg\" class=\"attachment-thumbnail size-thumbnail\" alt=\"\" \/><\/a>\n\t\t\t\t<\/dt><\/dl><br style=\"clear: both\" \/><dl class='gallery-item'>\n\t\t\t\t<dt class='gallery-icon portrait'>\n\t\t\t\t\t<a class=\"rollover rollover-zoom dt-pswp-item\" title=\"275551550_1694449827407937_4475438249279938642_n\" data-dt-img-description=\"\" data-large_image_width=\"155\" data-large_image_height=\"206\"href='https:\/\/www.radiopiu.net\/wordpress\/wp-content\/uploads\/2022\/03\/275551550_1694449827407937_4475438249279938642_n.jpg'><img loading=\"lazy\" decoding=\"async\" width=\"150\" height=\"150\" src=\"https:\/\/www.radiopiu.net\/wordpress\/wp-content\/uploads\/2022\/03\/275551550_1694449827407937_4475438249279938642_n-150x150.jpg\" class=\"attachment-thumbnail size-thumbnail\" alt=\"\" \/><\/a>\n\t\t\t\t<\/dt><\/dl><dl class='gallery-item'>\n\t\t\t\t<dt class='gallery-icon portrait'>\n\t\t\t\t\t<a class=\"rollover rollover-zoom dt-pswp-item\" title=\"275811680_497343571778435_206363536616992821_n\" data-dt-img-description=\"\" data-large_image_width=\"160\" data-large_image_height=\"221\"href='https:\/\/www.radiopiu.net\/wordpress\/wp-content\/uploads\/2022\/03\/275811680_497343571778435_206363536616992821_n.jpg'><img loading=\"lazy\" decoding=\"async\" width=\"150\" height=\"150\" src=\"https:\/\/www.radiopiu.net\/wordpress\/wp-content\/uploads\/2022\/03\/275811680_497343571778435_206363536616992821_n-150x150.jpg\" class=\"attachment-thumbnail size-thumbnail\" alt=\"\" \/><\/a>\n\t\t\t\t<\/dt><\/dl><dl class='gallery-item'>\n\t\t\t\t<dt class='gallery-icon portrait'>\n\t\t\t\t\t<a class=\"rollover rollover-zoom dt-pswp-item\" title=\"275537390_223910839911041_8060582668548478667_n\" data-dt-img-description=\"\" data-large_image_width=\"159\" data-large_image_height=\"225\"href='https:\/\/www.radiopiu.net\/wordpress\/wp-content\/uploads\/2022\/03\/275537390_223910839911041_8060582668548478667_n.jpg'><img loading=\"lazy\" decoding=\"async\" width=\"150\" height=\"150\" src=\"https:\/\/www.radiopiu.net\/wordpress\/wp-content\/uploads\/2022\/03\/275537390_223910839911041_8060582668548478667_n-150x150.jpg\" class=\"attachment-thumbnail size-thumbnail\" alt=\"\" \/><\/a>\n\t\t\t\t<\/dt><\/dl><dl class='gallery-item'>\n\t\t\t\t<dt class='gallery-icon landscape'>\n\t\t\t\t\t<a class=\"rollover rollover-zoom dt-pswp-item\" title=\"275574740_384089406866551_6834054088239190605_n\" data-dt-img-description=\"\" data-large_image_width=\"296\" data-large_image_height=\"200\"href='https:\/\/www.radiopiu.net\/wordpress\/wp-content\/uploads\/2022\/03\/275574740_384089406866551_6834054088239190605_n.jpg'><img loading=\"lazy\" decoding=\"async\" width=\"150\" height=\"150\" src=\"https:\/\/www.radiopiu.net\/wordpress\/wp-content\/uploads\/2022\/03\/275574740_384089406866551_6834054088239190605_n-150x150.jpg\" class=\"attachment-thumbnail size-thumbnail\" alt=\"\" \/><\/a>\n\t\t\t\t<\/dt><\/dl><dl class='gallery-item'>\n\t\t\t\t<dt class='gallery-icon landscape'>\n\t\t\t\t\t<a class=\"rollover rollover-zoom dt-pswp-item\" title=\"275668597_5357640837614467_5146394006697169267_n\" data-dt-img-description=\"\" data-large_image_width=\"261\" data-large_image_height=\"206\"href='https:\/\/www.radiopiu.net\/wordpress\/wp-content\/uploads\/2022\/03\/275668597_5357640837614467_5146394006697169267_n.jpg'><img loading=\"lazy\" decoding=\"async\" width=\"150\" height=\"150\" src=\"https:\/\/www.radiopiu.net\/wordpress\/wp-content\/uploads\/2022\/03\/275668597_5357640837614467_5146394006697169267_n-150x150.jpg\" class=\"attachment-thumbnail size-thumbnail\" alt=\"\" \/><\/a>\n\t\t\t\t<\/dt><\/dl><dl class='gallery-item'>\n\t\t\t\t<dt class='gallery-icon landscape'>\n\t\t\t\t\t<a class=\"rollover rollover-zoom dt-pswp-item\" title=\"275555559_502856547893409_1340822890945677344_n\" data-dt-img-description=\"\" data-large_image_width=\"280\" data-large_image_height=\"203\"href='https:\/\/www.radiopiu.net\/wordpress\/wp-content\/uploads\/2022\/03\/275555559_502856547893409_1340822890945677344_n.jpg'><img loading=\"lazy\" decoding=\"async\" width=\"150\" height=\"150\" src=\"https:\/\/www.radiopiu.net\/wordpress\/wp-content\/uploads\/2022\/03\/275555559_502856547893409_1340822890945677344_n-150x150.jpg\" class=\"attachment-thumbnail size-thumbnail\" alt=\"\" \/><\/a>\n\t\t\t\t<\/dt><\/dl><br style=\"clear: both\" \/><dl class='gallery-item'>\n\t\t\t\t<dt class='gallery-icon landscape'>\n\t\t\t\t\t<a class=\"rollover rollover-zoom dt-pswp-item\" title=\"275790994_1342412692942075_2117413928297067671_n\" data-dt-img-description=\"\" data-large_image_width=\"370\" data-large_image_height=\"203\"href='https:\/\/www.radiopiu.net\/wordpress\/wp-content\/uploads\/2022\/03\/275790994_1342412692942075_2117413928297067671_n.jpg'><img loading=\"lazy\" decoding=\"async\" width=\"150\" height=\"150\" src=\"https:\/\/www.radiopiu.net\/wordpress\/wp-content\/uploads\/2022\/03\/275790994_1342412692942075_2117413928297067671_n-150x150.jpg\" class=\"attachment-thumbnail size-thumbnail\" alt=\"\" \/><\/a>\n\t\t\t\t<\/dt><\/dl><dl class='gallery-item'>\n\t\t\t\t<dt class='gallery-icon portrait'>\n\t\t\t\t\t<a class=\"rollover rollover-zoom dt-pswp-item\" title=\"275726345_629097534855561_5469192266124390572_n\" data-dt-img-description=\"\" data-large_image_width=\"168\" data-large_image_height=\"201\"href='https:\/\/www.radiopiu.net\/wordpress\/wp-content\/uploads\/2022\/03\/275726345_629097534855561_5469192266124390572_n.jpg'><img loading=\"lazy\" decoding=\"async\" width=\"150\" height=\"150\" src=\"https:\/\/www.radiopiu.net\/wordpress\/wp-content\/uploads\/2022\/03\/275726345_629097534855561_5469192266124390572_n-150x150.jpg\" class=\"attachment-thumbnail size-thumbnail\" alt=\"\" \/><\/a>\n\t\t\t\t<\/dt><\/dl><dl class='gallery-item'>\n\t\t\t\t<dt class='gallery-icon landscape'>\n\t\t\t\t\t<a class=\"rollover rollover-zoom dt-pswp-item\" title=\"275597852_281037967524754_8297339890093844654_n\" data-dt-img-description=\"\" data-large_image_width=\"228\" data-large_image_height=\"200\"href='https:\/\/www.radiopiu.net\/wordpress\/wp-content\/uploads\/2022\/03\/275597852_281037967524754_8297339890093844654_n.jpg'><img loading=\"lazy\" decoding=\"async\" width=\"150\" height=\"150\" src=\"https:\/\/www.radiopiu.net\/wordpress\/wp-content\/uploads\/2022\/03\/275597852_281037967524754_8297339890093844654_n-150x150.jpg\" class=\"attachment-thumbnail size-thumbnail\" alt=\"\" \/><\/a>\n\t\t\t\t<\/dt><\/dl><dl class='gallery-item'>\n\t\t\t\t<dt class='gallery-icon portrait'>\n\t\t\t\t\t<a class=\"rollover rollover-zoom dt-pswp-item\" title=\"275600493_331443519009074_7134232002133901519_n\" data-dt-img-description=\"\" data-large_image_width=\"149\" data-large_image_height=\"225\"href='https:\/\/www.radiopiu.net\/wordpress\/wp-content\/uploads\/2022\/03\/275600493_331443519009074_7134232002133901519_n.jpg'><img loading=\"lazy\" decoding=\"async\" width=\"149\" height=\"150\" src=\"https:\/\/www.radiopiu.net\/wordpress\/wp-content\/uploads\/2022\/03\/275600493_331443519009074_7134232002133901519_n-149x150.jpg\" class=\"attachment-thumbnail size-thumbnail\" alt=\"\" \/><\/a>\n\t\t\t\t<\/dt><\/dl><dl class='gallery-item'>\n\t\t\t\t<dt class='gallery-icon portrait'>\n\t\t\t\t\t<a class=\"rollover rollover-zoom dt-pswp-item\" title=\"275556052_289469526657693_7134134710713746120_n\" data-dt-img-description=\"\" data-large_image_width=\"156\" data-large_image_height=\"296\"href='https:\/\/www.radiopiu.net\/wordpress\/wp-content\/uploads\/2022\/03\/275556052_289469526657693_7134134710713746120_n.jpg'><img loading=\"lazy\" decoding=\"async\" width=\"150\" height=\"150\" src=\"https:\/\/www.radiopiu.net\/wordpress\/wp-content\/uploads\/2022\/03\/275556052_289469526657693_7134134710713746120_n-150x150.jpg\" class=\"attachment-thumbnail size-thumbnail\" alt=\"\" \/><\/a>\n\t\t\t\t<\/dt><\/dl>\n\t\t\t\t<br style='clear: both' \/>\n\t\t\t<\/div>\n\n<p>&nbsp;<\/p>\n<\/div>\n<\/div>\n<\/div>\n<\/div>\n<p>&nbsp;<\/p>\n<hr \/>\n<p>&nbsp;<\/p>\n<h2><span style=\"color: #ff0000;\">IERI ALLA RADIO\u00a0<\/span><\/h2>\n<h2><span style=\"color: #808000;\">ALLO ZERO TERMICO: MARIAGRAZIA DIANA, MEDICO DEL LAVORO. IL PUNTO SUI TAMPONI IN AGORDINO<\/span><\/h2>\n<blockquote><p><em><a class=\"dt-pswp-item\" href=\"https:\/\/www.radiopiu.net\/wordpress\/wp-content\/uploads\/2022\/01\/tampone-rapido.png\" data-dt-img-description=\"\" data-large_image_width=\"2318\" data-large_image_height=\"1218\"><img loading=\"lazy\" decoding=\"async\" class=\"size-medium wp-image-254439 alignleft\" src=\"https:\/\/www.radiopiu.net\/wordpress\/wp-content\/uploads\/2022\/01\/tampone-rapido-300x158.png\" alt=\"\" width=\"300\" height=\"158\" srcset=\"https:\/\/www.radiopiu.net\/wordpress\/wp-content\/uploads\/2022\/01\/tampone-rapido-300x158.png 300w, https:\/\/www.radiopiu.net\/wordpress\/wp-content\/uploads\/2022\/01\/tampone-rapido-1024x538.png 1024w, https:\/\/www.radiopiu.net\/wordpress\/wp-content\/uploads\/2022\/01\/tampone-rapido-768x404.png 768w, https:\/\/www.radiopiu.net\/wordpress\/wp-content\/uploads\/2022\/01\/tampone-rapido-1536x807.png 1536w, https:\/\/www.radiopiu.net\/wordpress\/wp-content\/uploads\/2022\/01\/tampone-rapido-2048x1076.png 2048w\" sizes=\"auto, (max-width: 300px) 100vw, 300px\" \/><\/a>ZERO TERMICO E\u2019 UN VIAGGIO ALLA SCOPERTA DEL NOSTRO TERRITORIO, DALLA VOCE DEI PROTAGONISTI. TURISMO, SPORT, EVENTI, CULTURA, INTRATTENIMENTO. DAL LUNEDI\u2019 AL VENERDI ALLE 15.10 ALLE 20.30. ZERO TERMICO. UN APPUNTAMENTO IN COLLABORAZIONE CON: SPORT 203. LA NATURALE PORTA D\u2019INGRESSO\u2026.VERSO LO ZERO TERMICO. LOCALITA\u2019 LE CAMPE STRADA AGORDO BELLUNO. ABBIGLIAMENTO E ATTREZZATURA\u2026.DEDICATI A CHI AMA LA MONTAGNA.<\/em><\/p><\/blockquote>\n<p><strong>di Claudio Fontanive<\/strong><\/p>\n<p><strong>OSPITE: Mariagrazia Diana, medico del lavoro<\/strong><\/p>\n<audio class=\"wp-audio-shortcode\" id=\"audio-264635-11\" preload=\"none\" style=\"width: 100%;\" controls=\"controls\"><source type=\"audio\/mpeg\" src=\"https:\/\/www.radiopiu.net\/wordpress\/wp-content\/uploads\/2022\/03\/dottoressa-diana-14-marzo.mp3?_=11\" \/><a href=\"https:\/\/www.radiopiu.net\/wordpress\/wp-content\/uploads\/2022\/03\/dottoressa-diana-14-marzo.mp3\">https:\/\/www.radiopiu.net\/wordpress\/wp-content\/uploads\/2022\/03\/dottoressa-diana-14-marzo.mp3<\/a><\/audio>\n<p>&nbsp;<\/p>\n<hr \/>\n<p>&nbsp;<\/p>\n<h2><span style=\"color: #33cccc;\">SALUTE &amp; SOCIETA&#8217;<\/span><\/h2>\n<p><em><strong>PUNTATA DEL 14 MARZO 2022<\/strong><\/em><\/p>\n<p><strong><a class=\"dt-pswp-item\" href=\"https:\/\/www.radiopiu.net\/wordpress\/wp-content\/uploads\/2022\/03\/sal-schiena.jpeg\" data-dt-img-description=\"\" data-large_image_width=\"800\" data-large_image_height=\"445\"><img loading=\"lazy\" decoding=\"async\" class=\"size-medium wp-image-264700 alignleft\" src=\"https:\/\/www.radiopiu.net\/wordpress\/wp-content\/uploads\/2022\/03\/sal-schiena-300x167.jpeg\" alt=\"\" width=\"300\" height=\"167\" srcset=\"https:\/\/www.radiopiu.net\/wordpress\/wp-content\/uploads\/2022\/03\/sal-schiena-300x167.jpeg 300w, https:\/\/www.radiopiu.net\/wordpress\/wp-content\/uploads\/2022\/03\/sal-schiena-768x427.jpeg 768w, https:\/\/www.radiopiu.net\/wordpress\/wp-content\/uploads\/2022\/03\/sal-schiena.jpeg 800w\" sizes=\"auto, (max-width: 300px) 100vw, 300px\" \/><\/a>Medicina di precisione in reumatologia <\/strong>L\u2019algodistrofia \u00e8 una patologia le cui cause non sono ancora pienamente comprese. E&#8217; accompagnata da dolore forte, bruciante, alle mani o ai piedi, che non trova sollievo e che cronicizza portando il paziente a perdere le speranze di una possibile via di uscita.<\/p>\n<p><strong>Atrofia Muscolare Spinale <\/strong>L\u2019algodistrofia \u00e8 una patologia le cui cause non sono ancora pienamente comprese. E&#8217; accompagnata da dolore forte, bruciante, alle mani o ai piedi, che non trova sollievo e che cronicizza portando il paziente a perdere le speranze di una possibile via di uscita.<\/p>\n<audio class=\"wp-audio-shortcode\" id=\"audio-264635-12\" preload=\"none\" style=\"width: 100%;\" controls=\"controls\"><source type=\"audio\/mpeg\" src=\"https:\/\/www.radiopiu.net\/wordpress\/wp-content\/uploads\/2022\/03\/cs_220314.mp3?_=12\" \/><a href=\"https:\/\/www.radiopiu.net\/wordpress\/wp-content\/uploads\/2022\/03\/cs_220314.mp3\">https:\/\/www.radiopiu.net\/wordpress\/wp-content\/uploads\/2022\/03\/cs_220314.mp3<\/a><\/audio>\n<p>&nbsp;<\/p>\n<p><strong>LA RACCOLTA COMPLETA<\/strong><\/p>\n<blockquote class=\"wp-embedded-content\" data-secret=\"COEEzICQHF\"><p><a href=\"https:\/\/www.radiopiu.net\/wordpress\/saluteesocieta\/\">Salute e Societ\u00e0<\/a><\/p><\/blockquote>\n<p><iframe loading=\"lazy\" class=\"wp-embedded-content\" sandbox=\"allow-scripts\" security=\"restricted\" style=\"position: absolute; clip: rect(1px, 1px, 1px, 1px);\" title=\"&#8220;Salute e Societ\u00e0&#8221; &#8212; Radio Pi\u00f9\" src=\"https:\/\/www.radiopiu.net\/wordpress\/saluteesocieta\/embed\/#?secret=COEEzICQHF\" data-secret=\"COEEzICQHF\" width=\"600\" height=\"338\" frameborder=\"0\" marginwidth=\"0\" marginheight=\"0\" scrolling=\"no\"><\/iframe><\/p>\n<p>&nbsp;<\/p>\n<hr \/>\n<p>&nbsp;<\/p>\n<p><strong>TUTTI I LUNEDI ALLE 10,30 E 1900, LA DOMENICA ALLE 8 007 IN CONDOTTA, LA SCUOLA CON LA PROF. MARIA ROSA SALMAZO E CLAUDIO FONTANIVE, IN PODCAST TUTTE LE PUNTATE DELLE ULTIME STAGIONI.<\/strong><\/p>\n<p><em><strong>Puntata del 14 Marzo 2022<\/strong><\/em><\/p>\n<audio class=\"wp-audio-shortcode\" id=\"audio-264635-13\" preload=\"none\" style=\"width: 100%;\" controls=\"controls\"><source type=\"audio\/mpeg\" src=\"https:\/\/www.radiopiu.net\/wordpress\/wp-content\/uploads\/2022\/03\/007-14-marzo.mp3?_=13\" \/><a href=\"https:\/\/www.radiopiu.net\/wordpress\/wp-content\/uploads\/2022\/03\/007-14-marzo.mp3\">https:\/\/www.radiopiu.net\/wordpress\/wp-content\/uploads\/2022\/03\/007-14-marzo.mp3<\/a><\/audio>\n<p>&nbsp;<\/p>\n<blockquote class=\"wp-embedded-content\" data-secret=\"mpJx93WzJy\"><p><a href=\"https:\/\/www.radiopiu.net\/wordpress\/007incondotta-9\/\">007 in condotta<\/a><\/p><\/blockquote>\n<p><iframe loading=\"lazy\" class=\"wp-embedded-content\" sandbox=\"allow-scripts\" security=\"restricted\" style=\"position: absolute; clip: rect(1px, 1px, 1px, 1px);\" title=\"&#8220;007 in condotta&#8221; &#8212; Radio Pi\u00f9\" src=\"https:\/\/www.radiopiu.net\/wordpress\/007incondotta-9\/embed\/#?secret=mpJx93WzJy\" data-secret=\"mpJx93WzJy\" width=\"600\" height=\"338\" frameborder=\"0\" marginwidth=\"0\" marginheight=\"0\" scrolling=\"no\"><\/iframe><\/p>\n<p>&nbsp;<\/p>\n<p>&nbsp;<\/p>\n<hr \/>\n<p>&nbsp;<\/p>\n<p>&nbsp;<\/p>\n<div>\n<div class=\"b654a4as d2edcug0\">\n<div class=\"rq0escxv hkbzh7o3 jwdofwj8 n8tt0mok r8blr3vg hyh9befq\">\n<p><a class=\"dt-pswp-item\" href=\"https:\/\/www.radiopiu.net\/wordpress\/wp-content\/uploads\/2020\/10\/pp.jpg\" data-dt-img-description=\"\" data-large_image_width=\"640\" data-large_image_height=\"640\"><img loading=\"lazy\" decoding=\"async\" class=\"wp-image-163678 alignleft\" src=\"https:\/\/www.radiopiu.net\/wordpress\/wp-content\/uploads\/2020\/10\/pp-300x300.jpg\" alt=\"\" width=\"106\" height=\"106\" srcset=\"https:\/\/www.radiopiu.net\/wordpress\/wp-content\/uploads\/2020\/10\/pp-300x300.jpg 300w, https:\/\/www.radiopiu.net\/wordpress\/wp-content\/uploads\/2020\/10\/pp-150x150.jpg 150w, https:\/\/www.radiopiu.net\/wordpress\/wp-content\/uploads\/2020\/10\/pp-125x125.jpg 125w, https:\/\/www.radiopiu.net\/wordpress\/wp-content\/uploads\/2020\/10\/pp-200x200.jpg 200w, https:\/\/www.radiopiu.net\/wordpress\/wp-content\/uploads\/2020\/10\/pp-80x80.jpg 80w, https:\/\/www.radiopiu.net\/wordpress\/wp-content\/uploads\/2020\/10\/pp-480x480.jpg 480w, https:\/\/www.radiopiu.net\/wordpress\/wp-content\/uploads\/2020\/10\/pp.jpg 640w\" sizes=\"auto, (max-width: 106px) 100vw, 106px\" \/><\/a><\/p>\n<\/div>\n<\/div>\n<\/div>\n<div>\n<div class=\"page-title-head hgroup\">\n<div class=\"page-title-head hgroup\">\n<div class=\"b654a4as d2edcug0\">\n<div class=\"j83agx80 btwxx1t3 lhclo0ds hop8lmos nkwizq5d scwd0bx6 roh60bw9\">\n<div class=\"rq0escxv hkbzh7o3 jwdofwj8 n8tt0mok r8blr3vg hyh9befq\">\n<div class=\"do00u71z l9j0dhe7 k4urcfbm\">\n<h2><span style=\"color: #000080;\">\u00a0<\/span><span style=\"color: #000080;\">DON CESARE, IL PENSIERO DEL GIORNO. ALLA RADIO ALLE 7 DEL MATTINO E ALLE 19.30 DELLA SERA.\u00a0<\/span><\/h2>\n<p>&nbsp;<\/p>\n<p>&nbsp;<\/p>\n<\/div>\n<\/div>\n<\/div>\n<\/div>\n<\/div>\n<\/div>\n<\/div>\n<audio class=\"wp-audio-shortcode\" id=\"audio-264635-14\" preload=\"none\" style=\"width: 100%;\" controls=\"controls\"><source type=\"audio\/mpeg\" src=\"https:\/\/www.radiopiu.net\/wordpress\/wp-content\/uploads\/2022\/03\/cesare-6.mp3?_=14\" \/><a href=\"https:\/\/www.radiopiu.net\/wordpress\/wp-content\/uploads\/2022\/03\/cesare-6.mp3\">https:\/\/www.radiopiu.net\/wordpress\/wp-content\/uploads\/2022\/03\/cesare-6.mp3<\/a><\/audio>\n<hr \/>\n<p>&nbsp;<\/p>\n<h3 class=\"kvgmc6g5 cxmmr5t8 oygrvhab hcukyx3x c1et5uql\"><span style=\"color: #0000ff;\"><strong>INFORMAZIONE il canale su TELEGRAM informazione di prima mano e in tempo reale. iscriviti ed aiutaci a farlo conoscere\u00a0\u00a0<\/strong><\/span><\/h3>\n<p>&nbsp;<\/p>\n<p>&nbsp;<\/p>\n<hr \/>\n<p>&nbsp;<\/p>\n<div class=\"do00u71z l9j0dhe7 k4urcfbm\">\n<div class=\"page-title-head hgroup\">\n<div class=\"page-title-head hgroup\">\n<div class=\"b654a4as d2edcug0\">\n<div class=\"j83agx80 btwxx1t3 lhclo0ds hop8lmos nkwizq5d scwd0bx6 roh60bw9\">\n<div class=\"rq0escxv hkbzh7o3 jwdofwj8 n8tt0mok r8blr3vg hyh9befq\">\n<div class=\"do00u71z l9j0dhe7 k4urcfbm\">\n<div class=\"page-title-head hgroup\">\n<div class=\"page-title-head hgroup\">\n<div class=\"b654a4as d2edcug0\">\n<div class=\"j83agx80 btwxx1t3 lhclo0ds hop8lmos nkwizq5d scwd0bx6 roh60bw9\">\n<div class=\"rq0escxv hkbzh7o3 jwdofwj8 n8tt0mok r8blr3vg hyh9befq\">\n<div class=\"do00u71z l9j0dhe7 k4urcfbm\">\n<div class=\"ecm0bbzt e5nlhep0 a8c37x1j\">\n<div class=\"kvgmc6g5 cxmmr5t8 oygrvhab hcukyx3x c1et5uql\">\n<div class=\"gmail-kvgmc6g5 gmail-cxmmr5t8 gmail-oygrvhab gmail-hcukyx3x gmail-c1et5uql gmail-ii04i59q\">\n<div class=\"page-title-head hgroup\">\n<div class=\"page-title-head hgroup\">\n<div class=\"b654a4as d2edcug0\">\n<div class=\"j83agx80 btwxx1t3 lhclo0ds hop8lmos nkwizq5d scwd0bx6 roh60bw9\">\n<div class=\"rq0escxv hkbzh7o3 jwdofwj8 n8tt0mok r8blr3vg hyh9befq\">\n<div class=\"do00u71z l9j0dhe7 k4urcfbm\">\n<div class=\"page-title-head hgroup\">\n<div class=\"page-title-head hgroup\">\n<div class=\"b654a4as d2edcug0\">\n<div class=\"j83agx80 btwxx1t3 lhclo0ds hop8lmos nkwizq5d scwd0bx6 roh60bw9\">\n<div class=\"rq0escxv hkbzh7o3 jwdofwj8 n8tt0mok r8blr3vg hyh9befq\">\n<div class=\"do00u71z l9j0dhe7 k4urcfbm\">\n<div class=\"page-title-head hgroup\">\n<div class=\"page-title-head hgroup\">\n<div class=\"b654a4as d2edcug0\">\n<div class=\"j83agx80 btwxx1t3 lhclo0ds hop8lmos nkwizq5d scwd0bx6 roh60bw9\">\n<div class=\"rq0escxv hkbzh7o3 jwdofwj8 n8tt0mok r8blr3vg hyh9befq\">\n<div class=\"do00u71z l9j0dhe7 k4urcfbm\">\n<div class=\"ecm0bbzt e5nlhep0 a8c37x1j\">\n<div class=\"kvgmc6g5 cxmmr5t8 oygrvhab hcukyx3x c1et5uql\">\n<div class=\"gmail-kvgmc6g5 gmail-cxmmr5t8 gmail-oygrvhab gmail-hcukyx3x gmail-c1et5uql gmail-ii04i59q\">\n<div class=\"page-title-head hgroup\">\n<div class=\"page-title-head hgroup\">\n<div class=\"b654a4as d2edcug0\">\n<div class=\"j83agx80 btwxx1t3 lhclo0ds hop8lmos nkwizq5d scwd0bx6 roh60bw9\">\n<div class=\"rq0escxv hkbzh7o3 jwdofwj8 n8tt0mok r8blr3vg hyh9befq\">\n<div class=\"do00u71z l9j0dhe7 k4urcfbm\">\n<blockquote>\n<h3><span style=\"color: #ff0000;\">IN VIVO VERSO, SETTIMA STAGIONE CON BRUNELLA MORO, DAL LUNEDI AL VENERDI ALLE 7.10, 10.10 E 18.50\u00a0\u00a0<\/span><\/h3>\n<h3>PER LA MIA DONNA di GIANDOMENICO MAZZOCCATO<\/h3>\n<\/blockquote>\n<p>AUDIO<\/p>\n<audio class=\"wp-audio-shortcode\" id=\"audio-264635-15\" preload=\"none\" style=\"width: 100%;\" controls=\"controls\"><source type=\"audio\/mpeg\" src=\"https:\/\/www.radiopiu.net\/wordpress\/wp-content\/uploads\/2022\/03\/1-mazzoccato-alla-mia-donna.mp3?_=15\" \/><a href=\"https:\/\/www.radiopiu.net\/wordpress\/wp-content\/uploads\/2022\/03\/1-mazzoccato-alla-mia-donna.mp3\">https:\/\/www.radiopiu.net\/wordpress\/wp-content\/uploads\/2022\/03\/1-mazzoccato-alla-mia-donna.mp3<\/a><\/audio>\n<p>&nbsp;<\/p>\n<p>&nbsp;<\/p>\n<p><strong><img loading=\"lazy\" decoding=\"async\" class=\"alignleft\" src=\"https:\/\/www.radiopiu.net\/wordpress\/wp-content\/uploads\/2022\/03\/MAZZOCCATO-FOTO-scaled.jpg\" width=\"199\" height=\"133\" \/>PER LA MIA DONNA<\/strong><\/p>\n<p>Fu uno sguardo, credo.<br \/>\nO un urlo del cuore, o lampo.<br \/>\nNon posso dire, so che fu porta aperta.<br \/>\nE al mia anima era al sole. Tu,<br \/>\neri tu. Per quell&#8217;istante,<br \/>\nper ogni tempo a venire. E anche per i giorni<br \/>\nin cui attraversavo la vita<br \/>\nignaro di te.<br \/>\nNemmeno oggi so dire, una pausa forse<br \/>\no un indugiare dei sensi o che altro.<br \/>\nUn&#8217;attesa inconsapevole, ecco. Sguardo o urlo.<br \/>\nMa eri tu, proprio tu, solo tu.<br \/>\nLo seppi subito.<\/p>\n<p><strong>LA RACCOLTA COMPLETA\u00a0<\/strong><\/p>\n<blockquote class=\"wp-embedded-content\" data-secret=\"Iz9iAKzwwD\"><p><a href=\"https:\/\/www.radiopiu.net\/wordpress\/in-vivo-verso\/\">In Vivo Verso<\/a><\/p><\/blockquote>\n<p><iframe loading=\"lazy\" class=\"wp-embedded-content\" sandbox=\"allow-scripts\" security=\"restricted\" style=\"position: absolute; clip: rect(1px, 1px, 1px, 1px);\" title=\"&#8220;In Vivo Verso&#8221; &#8212; Radio Pi\u00f9\" src=\"https:\/\/www.radiopiu.net\/wordpress\/in-vivo-verso\/embed\/#?secret=Iz9iAKzwwD\" data-secret=\"Iz9iAKzwwD\" width=\"600\" height=\"338\" frameborder=\"0\" marginwidth=\"0\" marginheight=\"0\" scrolling=\"no\"><\/iframe><\/p>\n<p>&nbsp;<\/p>\n<hr \/>\n<p>&nbsp;<\/p>\n<h2><span style=\"color: #808000;\">GOCCE DI FILOSOFIA<\/span><\/h2>\n<p><strong>Puntata 156<\/strong><\/p>\n<p><strong>GOCCE DI FILOSOFIA PUNTATA 156 LISA DE LUCA<\/strong><\/p>\n<p><strong>AUDIO<\/strong><\/p>\n<audio class=\"wp-audio-shortcode\" id=\"audio-264635-16\" preload=\"none\" style=\"width: 100%;\" controls=\"controls\"><source type=\"audio\/mpeg\" src=\"https:\/\/www.radiopiu.net\/wordpress\/wp-content\/uploads\/2022\/03\/FI1-1.mp3?_=16\" \/><a href=\"https:\/\/www.radiopiu.net\/wordpress\/wp-content\/uploads\/2022\/03\/FI1-1.mp3\">https:\/\/www.radiopiu.net\/wordpress\/wp-content\/uploads\/2022\/03\/FI1-1.mp3<\/a><\/audio>\n<p>&nbsp;<\/p>\n<p><strong>LA RACCOLTA COMPLETA<\/strong><\/p>\n<blockquote class=\"wp-embedded-content\" data-secret=\"uh3Z7jjZJw\"><p><a href=\"https:\/\/www.radiopiu.net\/wordpress\/gocce-filosofia\/\">Gocce di filosofia, PRIMA E SECONDA STAGIONE 2022<\/a><\/p><\/blockquote>\n<p><iframe loading=\"lazy\" class=\"wp-embedded-content\" sandbox=\"allow-scripts\" security=\"restricted\" style=\"position: absolute; clip: rect(1px, 1px, 1px, 1px);\" title=\"&#8220;Gocce di filosofia, PRIMA E SECONDA STAGIONE 2022&#8221; &#8212; Radio Pi\u00f9\" src=\"https:\/\/www.radiopiu.net\/wordpress\/gocce-filosofia\/embed\/#?secret=uh3Z7jjZJw\" data-secret=\"uh3Z7jjZJw\" width=\"600\" height=\"338\" frameborder=\"0\" marginwidth=\"0\" marginheight=\"0\" scrolling=\"no\"><\/iframe><\/p>\n<p>&nbsp;<\/p>\n<hr \/>\n<p>&nbsp;<\/p>\n<p>&nbsp;<\/p>\n<p>&nbsp;<\/p>\n<blockquote class=\"wp-embedded-content\" data-secret=\"0U1WAOfJNW\"><p><a href=\"https:\/\/www.radiopiu.net\/wordpress\/mensileagosaasa\/\">VENT&#8217;ANNI FA&#8230; IL PONTE PEDONALE A LA MUDA E FRANCO ROSSO DELLA SAINT&#8217; HONORE&#8217;<\/a><\/p><\/blockquote>\n<p><iframe loading=\"lazy\" class=\"wp-embedded-content\" sandbox=\"allow-scripts\" security=\"restricted\" style=\"position: absolute; clip: rect(1px, 1px, 1px, 1px);\" title=\"&#8220;VENT&#8217;ANNI FA&#8230; IL PONTE PEDONALE A LA MUDA E FRANCO ROSSO DELLA SAINT&#8217; HONORE&#8217;&#8221; &#8212; Radio Pi\u00f9\" src=\"https:\/\/www.radiopiu.net\/wordpress\/mensileagosaasa\/embed\/#?secret=0U1WAOfJNW\" data-secret=\"0U1WAOfJNW\" width=\"600\" height=\"338\" frameborder=\"0\" marginwidth=\"0\" marginheight=\"0\" scrolling=\"no\"><\/iframe><\/p>\n<p>&nbsp;<\/p>\n<p>&nbsp;<\/p>\n<hr \/>\n<p>&nbsp;<\/p>\n<p><span style=\"color: #0000ff;\">MUSICA PIU&#8217;\u00a0<\/span><\/p>\n<p><a href=\"https:\/\/www.radiopiu.net\/wordpress\/giornale-radiopiu-20-settembre-2021-direttore-mirko-mezzacasa\/pp-79\/\" rel=\"attachment wp-att-232921\"><img loading=\"lazy\" decoding=\"async\" class=\"wp-image-232921 alignleft\" src=\"https:\/\/www.radiopiu.net\/wordpress\/wp-content\/uploads\/2021\/09\/pp-1-300x300.jpg\" alt=\"\" width=\"135\" height=\"135\" srcset=\"https:\/\/www.radiopiu.net\/wordpress\/wp-content\/uploads\/2021\/09\/pp-1-300x300.jpg 300w, https:\/\/www.radiopiu.net\/wordpress\/wp-content\/uploads\/2021\/09\/pp-1-150x150.jpg 150w, https:\/\/www.radiopiu.net\/wordpress\/wp-content\/uploads\/2021\/09\/pp-1.jpg 640w\" sizes=\"auto, (max-width: 135px) 100vw, 135px\" \/><\/a><\/p>\n<div class=\"mkdf-post-text\">\n<div class=\"mkdf-post-text-inner\">\n<div class=\"mkdf-post-text-main\">\n<div class=\"mkdf-post-text\">\n<div class=\"mkdf-post-text-inner\">\n<div class=\"mkdf-post-text-main\">\n<div class=\"mkdf-post-text\">\n<div class=\"mkdf-post-text-inner\">\n<div class=\"mkdf-post-text-main\">\n<div class=\"page-title-head hgroup\">\n<div class=\"page-title-head hgroup\">\n<div class=\"mkdf-post-text\">\n<div class=\"mkdf-post-text-inner\">\n<div class=\"mkdf-post-text-main\">\n<div class=\"mkdf-post-text\">\n<div class=\"mkdf-post-text-inner\">\n<div class=\"mkdf-post-text-main\">\n<div class=\"page-title-head hgroup\">\n<div class=\"page-title-head hgroup\">\n<div class=\"page-title-head hgroup\">\n<div class=\"page-title-head hgroup\">\n<div class=\"b654a4as d2edcug0\">\n<div class=\"page-title-head hgroup\">\n<div class=\"page-title-head hgroup\">\n<div class=\"page-title-head hgroup\">\n<div class=\"page-title-head hgroup\">\n<div class=\"b654a4as d2edcug0\">\n<div class=\"page-title-head hgroup\">\n<div class=\"page-title-head hgroup\">\n<div class=\"page-title-head hgroup\">\n<div class=\"page-title-head hgroup\">\n<div class=\"b654a4as d2edcug0\">\n<div class=\"mkdf-post-text\">\n<div class=\"mkdf-post-text-inner\">\n<div class=\"mkdf-post-text-main\">\n<div class=\"mkdf-post-text\">\n<div class=\"mkdf-post-text-inner\">\n<div class=\"mkdf-post-text-main\">\n<div class=\"mkdf-post-text\">\n<div class=\"mkdf-post-text-inner\">\n<div class=\"mkdf-post-text-main\">\n<div class=\"page-title-head hgroup\">\n<div class=\"page-title-head hgroup\">\n<div class=\"mkdf-post-text\">\n<div class=\"mkdf-post-text-inner\">\n<div class=\"mkdf-post-text-main\">\n<div class=\"mkdf-post-text\">\n<div class=\"mkdf-post-text-inner\">\n<div class=\"mkdf-post-text-main\">\n<div class=\"page-title-head hgroup\">\n<div class=\"page-title-head hgroup\">\n<div class=\"page-title-head hgroup\">\n<div class=\"page-title-head hgroup\">\n<div class=\"b654a4as d2edcug0\">\n<div class=\"page-title-head hgroup\">\n<div class=\"page-title-head hgroup\">\n<div class=\"page-title-head hgroup\">\n<div class=\"page-title-head hgroup\">\n<div class=\"b654a4as d2edcug0\">\n<div class=\"page-title-head hgroup\">\n<div class=\"page-title-head hgroup\">\n<div class=\"page-title-head hgroup\">\n<div class=\"page-title-head hgroup\">\n<div class=\"b654a4as d2edcug0\">\n<div><\/div>\n<div><\/div>\n<div>\n<p><strong>MUSICA ALLA RADIO, IL PROGRAMMA DI LORIS SCUSSEL &#8220;COLLAGE OPERAZIONE NOSTALGIA&#8221; DAL LUNEDI AL VENERDI ALLE 16.00\u00a0 E ALLE 23\u00a0<\/strong><\/p>\n<\/div>\n<p>&nbsp;<\/p>\n<p><strong>Puntata 561 del 14 Marzo 2022<\/strong><\/p>\n<audio class=\"wp-audio-shortcode\" id=\"audio-264635-17\" preload=\"none\" style=\"width: 100%;\" controls=\"controls\"><source type=\"audio\/mpeg\" src=\"https:\/\/www.radiopiu.net\/wordpress\/wp-content\/uploads\/2022\/03\/Collage-561.mp3?_=17\" \/><a href=\"https:\/\/www.radiopiu.net\/wordpress\/wp-content\/uploads\/2022\/03\/Collage-561.mp3\">https:\/\/www.radiopiu.net\/wordpress\/wp-content\/uploads\/2022\/03\/Collage-561.mp3<\/a><\/audio>\n<p>&nbsp;<\/p>\n<p><strong><a class=\"dt-pswp-item\" href=\"https:\/\/www.radiopiu.net\/wordpress\/wp-content\/uploads\/2022\/03\/Blowin-in-the-wind.jpg\" data-dt-img-description=\"\" data-large_image_width=\"412\" data-large_image_height=\"412\"><img loading=\"lazy\" decoding=\"async\" class=\" wp-image-264576 alignleft\" src=\"https:\/\/www.radiopiu.net\/wordpress\/wp-content\/uploads\/2022\/03\/Blowin-in-the-wind-300x300.jpg\" alt=\"\" width=\"122\" height=\"122\" srcset=\"https:\/\/www.radiopiu.net\/wordpress\/wp-content\/uploads\/2022\/03\/Blowin-in-the-wind-300x300.jpg 300w, https:\/\/www.radiopiu.net\/wordpress\/wp-content\/uploads\/2022\/03\/Blowin-in-the-wind-150x150.jpg 150w, https:\/\/www.radiopiu.net\/wordpress\/wp-content\/uploads\/2022\/03\/Blowin-in-the-wind.jpg 412w\" sizes=\"auto, (max-width: 122px) 100vw, 122px\" \/><\/a>di Loris Scussel<\/strong><\/p>\n<p>Vista la situazione attuale in Ucraina Collage aprir\u00e0 la settimana con una puntata dedicata alle canzoni contro la guerra, marted\u00ec brani tipicamente estivi, mercoled\u00ec e gioved\u00ec spazio alla musica internazionale per terminare venerd\u00ec con le canzoni dei gruppi musicali italiani anni 60\/70. Il programma andr\u00e0 in onda dal luned\u00ec al venerd\u00ec alle 16,00 e alle 23,00.<\/p>\n<p>&nbsp;<\/p>\n<p>&nbsp;<\/p>\n<p>&nbsp;<\/p>\n<hr \/>\n<\/div>\n<\/div>\n<\/div>\n<\/div>\n<\/div>\n<\/div>\n<\/div>\n<\/div>\n<\/div>\n<\/div>\n<\/div>\n<\/div>\n<\/div>\n<\/div>\n<\/div>\n<\/div>\n<\/div>\n<\/div>\n<\/div>\n<\/div>\n<\/div>\n<\/div>\n<\/div>\n<\/div>\n<\/div>\n<\/div>\n<\/div>\n<\/div>\n<\/div>\n<\/div>\n<\/div>\n<\/div>\n<\/div>\n<\/div>\n<\/div>\n<\/div>\n<\/div>\n<\/div>\n<\/div>\n<\/div>\n<\/div>\n<\/div>\n<\/div>\n<\/div>\n<\/div>\n<\/div>\n<\/div>\n<\/div>\n<\/div>\n<\/div>\n<\/div>\n<\/div>\n<\/div>\n<\/div>\n<\/div>\n<\/div>\n<\/div>\n<\/div>\n<\/div>\n<\/div>\n<\/div>\n<\/div>\n<\/div>\n<\/div>\n<p>&nbsp;<\/p>\n<p>&nbsp;<\/p>\n<p>&nbsp;<\/p>\n<blockquote>\n<h3><span style=\"color: #0000ff;\">INFORMAZIONE il canale su TELEGRAM informazione di prima mano e in tempo reale. iscriviti ed aiutaci a farlo conoscere\u00a0\u00a0<\/span><\/h3>\n<\/blockquote>\n<div>\n<div class=\"page-title-head hgroup\">\n<div class=\"page-title-head hgroup\">\n<div class=\"page-title-head hgroup\">\n<div class=\"page-title-head hgroup\">\n<div class=\"b654a4as d2edcug0\">\n<div class=\"page-title-head hgroup\">\n<div class=\"page-title-head hgroup\">\n<div class=\"page-title-head hgroup\">\n<div class=\"page-title-head hgroup\">\n<div class=\"b654a4as d2edcug0\">\n<div class=\"page-title-head hgroup\">\n<div class=\"page-title-head hgroup\">\n<div class=\"page-title-head hgroup\">\n<div class=\"page-title-head hgroup\">\n<div class=\"page-title-head hgroup\">\n<div class=\"page-title-head hgroup\">\n<div class=\"page-title-head hgroup\">\n<div class=\"page-title-head hgroup\">\n<div class=\"page-title-head hgroup\">\n<div class=\"b654a4as d2edcug0\">\n<div class=\"page-title-head hgroup\">\n<div class=\"page-title-head hgroup\">\n<div class=\"page-title-head hgroup\">\n<div class=\"page-title-head hgroup\">\n<div class=\"b654a4as d2edcug0\">\n<div>\n<p>&nbsp;<\/p>\n<\/div>\n<div>\n<div class=\"page-title-head hgroup\">\n<div class=\"page-title-head hgroup\">\n<div class=\"page-title-head hgroup\">\n<div class=\"page-title-head hgroup\">\n<div class=\"page-title-head hgroup\">\n<div class=\"b654a4as d2edcug0\">\n<div>\n<hr \/>\n<\/div>\n<\/div>\n<div>\n<div>\n<p>&nbsp;<\/p>\n<\/div>\n<div>\n<div>\n<p>&nbsp;<\/p>\n<\/div>\n<div>\n<div>\n<p><strong>DUE MINUTI UN LIBRO, TUTTI I GIORNI ALLA RADIO ALLE 9.40 E ALLE 17.50\u00a0<\/strong><\/p>\n<div>\n<div>\n<p><strong>LA RACCOLTA COMPLETA\u00a0\u00a0<\/strong><\/p>\n<\/div>\n<div>\n<blockquote class=\"wp-embedded-content\" data-secret=\"X5ZqQwtj98\"><p><a href=\"https:\/\/www.radiopiu.net\/wordpress\/due-minuti-un-libro\/\">Due minuti un libro<\/a><\/p><\/blockquote>\n<p><iframe loading=\"lazy\" class=\"wp-embedded-content\" sandbox=\"allow-scripts\" security=\"restricted\" style=\"position: absolute; clip: rect(1px, 1px, 1px, 1px);\" title=\"&#8220;Due minuti un libro&#8221; &#8212; Radio Pi\u00f9\" src=\"https:\/\/www.radiopiu.net\/wordpress\/due-minuti-un-libro\/embed\/#?secret=X5ZqQwtj98\" data-secret=\"X5ZqQwtj98\" width=\"600\" height=\"338\" frameborder=\"0\" marginwidth=\"0\" marginheight=\"0\" scrolling=\"no\"><\/iframe><\/p>\n<\/div>\n<\/div>\n<\/div>\n<div class=\"mkdf-post-text\">\n<div class=\"mkdf-post-text-inner\">\n<div class=\"mkdf-post-text-main\">\n<div class=\"mkdf-post-text\">\n<div class=\"mkdf-post-text-inner\">\n<div class=\"mkdf-post-text-main\">\n<div class=\"mkdf-post-text\">\n<div class=\"mkdf-post-text-inner\">\n<div class=\"mkdf-post-text-main\">\n<div class=\"page-title-head hgroup\">\n<div class=\"page-title-head hgroup\">\n<div class=\"mkdf-post-text\">\n<div class=\"mkdf-post-text-inner\">\n<div class=\"mkdf-post-text-main\">\n<div class=\"mkdf-post-text\">\n<div class=\"mkdf-post-text-inner\">\n<div class=\"mkdf-post-text-main\">\n<div class=\"page-title-head hgroup\">\n<div class=\"page-title-head hgroup\">\n<div class=\"page-title-head hgroup\">\n<div class=\"page-title-head hgroup\">\n<div class=\"b654a4as d2edcug0\">\n<div class=\"page-title-head hgroup\">\n<div class=\"page-title-head hgroup\">\n<div class=\"page-title-head hgroup\">\n<div class=\"page-title-head hgroup\">\n<div class=\"b654a4as d2edcug0\">\n<div class=\"page-title-head hgroup\">\n<div class=\"page-title-head hgroup\">\n<div class=\"page-title-head hgroup\">\n<div class=\"page-title-head hgroup\">\n<div class=\"b654a4as d2edcug0\">\n<div>\n<p>&nbsp;<\/p>\n<\/div>\n<div>\n<hr \/>\n<p>&nbsp;<\/p>\n<\/div>\n<h2><span style=\"color: #808000;\">L&#8217;ALMANACCO LADINO\u00a0\u00a0<\/span><\/h2>\n<p><em><strong>Puntata del 14 Marzo 2022<\/strong><\/em><\/p>\n<audio class=\"wp-audio-shortcode\" id=\"audio-264635-18\" preload=\"none\" style=\"width: 100%;\" controls=\"controls\"><source type=\"audio\/mpeg\" src=\"https:\/\/www.radiopiu.net\/wordpress\/wp-content\/uploads\/2022\/03\/79\u00b0-Almanacco-Ladino_Col.mp3?_=18\" \/><a href=\"https:\/\/www.radiopiu.net\/wordpress\/wp-content\/uploads\/2022\/03\/79\u00b0-Almanacco-Ladino_Col.mp3\">https:\/\/www.radiopiu.net\/wordpress\/wp-content\/uploads\/2022\/03\/79\u00b0-Almanacco-Ladino_Col.mp3<\/a><\/audio>\n<p>&nbsp;<\/p>\n<p><strong>LA RACCOLTA<\/strong><\/p>\n<blockquote class=\"wp-embedded-content\" data-secret=\"mmHimhaUKf\"><p><a href=\"https:\/\/www.radiopiu.net\/wordpress\/almanacco-ladino\/\">Almanacco Ladino<\/a><\/p><\/blockquote>\n<p><iframe loading=\"lazy\" class=\"wp-embedded-content\" sandbox=\"allow-scripts\" security=\"restricted\" style=\"position: absolute; clip: rect(1px, 1px, 1px, 1px);\" title=\"&#8220;Almanacco Ladino&#8221; &#8212; Radio Pi\u00f9\" src=\"https:\/\/www.radiopiu.net\/wordpress\/almanacco-ladino\/embed\/#?secret=mmHimhaUKf\" data-secret=\"mmHimhaUKf\" width=\"600\" height=\"338\" frameborder=\"0\" marginwidth=\"0\" marginheight=\"0\" scrolling=\"no\"><\/iframe><\/p>\n<p>&nbsp;<\/p>\n<hr \/>\n<p>&nbsp;<\/p>\n<h2><span style=\"color: #33cccc;\">LA RASSEGNA STAMPA DA L&#8217;AMICO DEL POPOLO<\/span><\/h2>\n<p><em><strong>PUNTATA DEL 12 MARZO 2022<\/strong><\/em><\/p>\n<p><strong><a class=\"dt-pswp-item\" href=\"https:\/\/www.radiopiu.net\/wordpress\/wp-content\/uploads\/2020\/10\/FOLLADOR-DE-ROSSI-scaled.jpg\" data-dt-img-description=\"\" data-large_image_width=\"2560\" data-large_image_height=\"1193\"><img loading=\"lazy\" decoding=\"async\" class=\"size-medium wp-image-164367 alignleft\" src=\"https:\/\/www.radiopiu.net\/wordpress\/wp-content\/uploads\/2020\/10\/FOLLADOR-DE-ROSSI-300x140.jpg\" alt=\"\" width=\"300\" height=\"140\" srcset=\"https:\/\/www.radiopiu.net\/wordpress\/wp-content\/uploads\/2020\/10\/FOLLADOR-DE-ROSSI-300x140.jpg 300w, https:\/\/www.radiopiu.net\/wordpress\/wp-content\/uploads\/2020\/10\/FOLLADOR-DE-ROSSI-1024x477.jpg 1024w, https:\/\/www.radiopiu.net\/wordpress\/wp-content\/uploads\/2020\/10\/FOLLADOR-DE-ROSSI-768x358.jpg 768w, https:\/\/www.radiopiu.net\/wordpress\/wp-content\/uploads\/2020\/10\/FOLLADOR-DE-ROSSI-1536x716.jpg 1536w, https:\/\/www.radiopiu.net\/wordpress\/wp-content\/uploads\/2020\/10\/FOLLADOR-DE-ROSSI-2048x954.jpg 2048w, https:\/\/www.radiopiu.net\/wordpress\/wp-content\/uploads\/2020\/10\/FOLLADOR-DE-ROSSI-640x298.jpg 640w\" sizes=\"auto, (max-width: 300px) 100vw, 300px\" \/><\/a>di Gianni Santomaso<\/strong><\/p>\n<p>OSPITE: Luca Lucchetta, presidente APIM<\/p>\n<audio class=\"wp-audio-shortcode\" id=\"audio-264635-19\" preload=\"none\" style=\"width: 100%;\" controls=\"controls\"><source type=\"audio\/mpeg\" src=\"https:\/\/www.radiopiu.net\/wordpress\/wp-content\/uploads\/2022\/03\/RASSEGNA-GIANNI-1.mp3?_=19\" \/><a href=\"https:\/\/www.radiopiu.net\/wordpress\/wp-content\/uploads\/2022\/03\/RASSEGNA-GIANNI-1.mp3\">https:\/\/www.radiopiu.net\/wordpress\/wp-content\/uploads\/2022\/03\/RASSEGNA-GIANNI-1.mp3<\/a><\/audio>\n<p>&nbsp;<\/p>\n<p><strong>LA RACCOLTA COMPLETA<\/strong><\/p>\n<blockquote class=\"wp-embedded-content\" data-secret=\"TbndkqgM4W\"><p><a href=\"https:\/\/www.radiopiu.net\/wordpress\/rassegna-stampa-di-gianni-santomaso\/\">Rassegna stampa da l&#8217;amico del popolo &#8211; di Gianni Santomaso<\/a><\/p><\/blockquote>\n<p><iframe loading=\"lazy\" class=\"wp-embedded-content\" sandbox=\"allow-scripts\" security=\"restricted\" style=\"position: absolute; clip: rect(1px, 1px, 1px, 1px);\" title=\"&#8220;Rassegna stampa da l&#8217;amico del popolo &#8211; di Gianni Santomaso&#8221; &#8212; Radio Pi\u00f9\" src=\"https:\/\/www.radiopiu.net\/wordpress\/rassegna-stampa-di-gianni-santomaso\/embed\/#?secret=TbndkqgM4W\" data-secret=\"TbndkqgM4W\" width=\"600\" height=\"338\" frameborder=\"0\" marginwidth=\"0\" marginheight=\"0\" scrolling=\"no\"><\/iframe><\/p>\n<p>&nbsp;<\/p>\n<hr \/>\n<p>&nbsp;<\/p>\n<div>\n<div class=\"page-title-head hgroup\">\n<div class=\"page-title-head hgroup\">\n<div class=\"b654a4as d2edcug0\">\n<div class=\"j83agx80 btwxx1t3 lhclo0ds hop8lmos nkwizq5d scwd0bx6 roh60bw9\">\n<div class=\"rq0escxv hkbzh7o3 jwdofwj8 n8tt0mok r8blr3vg hyh9befq\">\n<div class=\"do00u71z l9j0dhe7 k4urcfbm\">\n<div class=\"ecm0bbzt e5nlhep0 a8c37x1j\">\n<div class=\"kvgmc6g5 cxmmr5t8 oygrvhab hcukyx3x c1et5uql\">\n<div class=\"gmail-kvgmc6g5 gmail-cxmmr5t8 gmail-oygrvhab gmail-hcukyx3x gmail-c1et5uql gmail-ii04i59q\">\n<div class=\"page-title-head hgroup\">\n<div class=\"page-title-head hgroup\">\n<div class=\"b654a4as d2edcug0\">\n<div class=\"j83agx80 btwxx1t3 lhclo0ds hop8lmos nkwizq5d scwd0bx6 roh60bw9\">\n<div class=\"rq0escxv hkbzh7o3 jwdofwj8 n8tt0mok r8blr3vg hyh9befq\">\n<div class=\"do00u71z l9j0dhe7 k4urcfbm\">\n<div>\n<div class=\"page-title-head hgroup\">\n<div class=\"page-title-head hgroup\">\n<div class=\"page-title-head hgroup\">\n<div class=\"page-title-head hgroup\">\n<div class=\"b654a4as d2edcug0\">\n<div class=\"page-title-head hgroup\">\n<div class=\"page-title-head hgroup\">\n<div class=\"page-title-head hgroup\">\n<div class=\"page-title-head hgroup\">\n<div class=\"b654a4as d2edcug0\">\n<div class=\"page-title-head hgroup\">\n<div class=\"page-title-head hgroup\">\n<div class=\"page-title-head hgroup\">\n<div class=\"page-title-head hgroup\">\n<div class=\"page-title-head hgroup\">\n<div class=\"page-title-head hgroup\">\n<div class=\"page-title-head hgroup\">\n<div class=\"page-title-head hgroup\">\n<div class=\"page-title-head hgroup\">\n<div class=\"b654a4as d2edcug0\">\n<div class=\"page-title-head hgroup\">\n<div class=\"page-title-head hgroup\">\n<div class=\"page-title-head hgroup\">\n<div class=\"page-title-head hgroup\">\n<div class=\"b654a4as d2edcug0\">\n<div>\n<div class=\"page-title-head hgroup\">\n<div class=\"page-title-head hgroup\">\n<div class=\"page-title-head hgroup\">\n<div class=\"page-title-head hgroup\">\n<div class=\"page-title-head hgroup\">\n<div>\n<div>\n<div>\n<div class=\"mkdf-post-text\">\n<div class=\"mkdf-post-text-inner\">\n<div class=\"mkdf-post-text-main\">\n<div class=\"mkdf-post-text\">\n<div class=\"mkdf-post-text-inner\">\n<div class=\"mkdf-post-text-main\">\n<div class=\"mkdf-post-text\">\n<div class=\"mkdf-post-text-inner\">\n<div class=\"mkdf-post-text-main\">\n<div class=\"page-title-head hgroup\">\n<div class=\"page-title-head hgroup\">\n<div class=\"mkdf-post-text\">\n<div class=\"mkdf-post-text-inner\">\n<div class=\"mkdf-post-text-main\">\n<div class=\"mkdf-post-text\">\n<div class=\"mkdf-post-text-inner\">\n<div class=\"mkdf-post-text-main\">\n<div class=\"page-title-head hgroup\">\n<div class=\"page-title-head hgroup\">\n<div class=\"page-title-head hgroup\">\n<div class=\"page-title-head hgroup\">\n<div class=\"b654a4as d2edcug0\">\n<div class=\"page-title-head hgroup\">\n<div class=\"page-title-head hgroup\">\n<div class=\"page-title-head hgroup\">\n<div class=\"page-title-head hgroup\">\n<div class=\"b654a4as d2edcug0\">\n<div class=\"page-title-head hgroup\">\n<div class=\"page-title-head hgroup\">\n<div class=\"page-title-head hgroup\">\n<div class=\"page-title-head hgroup\">\n<div class=\"b654a4as d2edcug0\">\n<h2><span style=\"color: #800080;\">I RACCONTI DI PAOLO SOPPELSA\u00a0<\/span><\/h2>\n<p><strong>SUL COL DI LANA<\/strong><\/p>\n<p><em><strong>AUDIO<\/strong><\/em><\/p>\n<audio class=\"wp-audio-shortcode\" id=\"audio-264635-20\" preload=\"none\" style=\"width: 100%;\" controls=\"controls\"><source type=\"audio\/mpeg\" src=\"https:\/\/www.radiopiu.net\/wordpress\/wp-content\/uploads\/2022\/03\/PAOLO-SOPPELSA-SU-COL-DI-LANA.mp3?_=20\" \/><a href=\"https:\/\/www.radiopiu.net\/wordpress\/wp-content\/uploads\/2022\/03\/PAOLO-SOPPELSA-SU-COL-DI-LANA.mp3\">https:\/\/www.radiopiu.net\/wordpress\/wp-content\/uploads\/2022\/03\/PAOLO-SOPPELSA-SU-COL-DI-LANA.mp3<\/a><\/audio>\n<p>&nbsp;<\/p>\n<p><a class=\"dt-pswp-item\" href=\"https:\/\/www.radiopiu.net\/wordpress\/wp-content\/uploads\/2022\/03\/85e5467c-9707-4773-a571-c6ac5ff61334.jpg\" data-dt-img-description=\"\" data-large_image_width=\"960\" data-large_image_height=\"720\"><img loading=\"lazy\" decoding=\"async\" class=\"size-medium wp-image-264572 alignleft\" src=\"https:\/\/www.radiopiu.net\/wordpress\/wp-content\/uploads\/2022\/03\/85e5467c-9707-4773-a571-c6ac5ff61334-300x225.jpg\" alt=\"\" width=\"300\" height=\"225\" srcset=\"https:\/\/www.radiopiu.net\/wordpress\/wp-content\/uploads\/2022\/03\/85e5467c-9707-4773-a571-c6ac5ff61334-300x225.jpg 300w, https:\/\/www.radiopiu.net\/wordpress\/wp-content\/uploads\/2022\/03\/85e5467c-9707-4773-a571-c6ac5ff61334-768x576.jpg 768w, https:\/\/www.radiopiu.net\/wordpress\/wp-content\/uploads\/2022\/03\/85e5467c-9707-4773-a571-c6ac5ff61334.jpg 960w\" sizes=\"auto, (max-width: 300px) 100vw, 300px\" \/><\/a>&#8220;&#8230;eravamo in pochi, e parlavamo piano. Guardavamo le rocce sconvolte dalla grande mina italiana e i fiori che ornano quelle pietre che sono tombe. Ottomila Anime sono rimaste lass\u00f9, ad un passo dalle nuvole\u2026&#8221;<br \/>\nC&#8217;era un bel sole quel primo sabato di luglio. I prati in fiore regalavano inebrianti profumi e colori lass\u00f9 dove c&#8217;era stata la guerra; ed io stavo camminando in un paradiso che per due anni era stato crudele inferno. \u00c8 montagna diversa il Col di Lana, dalla cui cima si pu\u00f2 scorgere all&#8217;orizzonte la Tofana di Rozes con il suo Castelletto mutilato dall&#8217;altra potente mina italiana; e poi il Col dei Bos ed il Lagazuoi con il Sass de Stria di fronte, che al mutare della luce appare e scompare. L&#8217;occhio attento riesce a scorgere pure il forte di Valparola e, innevate e lontanissime cime a me sconosciute. \u00c8 montagna che \u00e8 sacrario, \u00e8 cimitero di giovent\u00f9 che pretende silenzio e rispetto. Mentre un leggero vento d&#8217;estate accarezzava la Croce di ferro, pensavo che quass\u00f9, quella grande follia chiamata guerra, era riuscita persino a modificare la fisionomia delle montagne. Ne erano testimoni la cima mozzata del Col di Lana e la cresta ferita del Sief; e poi ancora la parete del Lagazuoi squarciata dall&#8217;esplosivo a raccontare il terrificante fragore delle mine. La Grande Guerra l&#8217;ho sempre immaginata in bianco e nero, perch\u00e9 cos\u00ec \u00e8 rappresentata nei filmati che talvolta vengono proposti in TV. Immagini rare e preziose di uomini in uniforme che si muovevano a scatti e l&#8217;unico colore reale \u00e8 quello della neve perch\u00e9 la neve \u00e8 bianca. Il resto \u00e8 bianco e nero severo che rende ancor pi\u00f9 drammatico ci\u00f2 che era spaventoso. Eppure, quelle anime, nella realt\u00e0 questo mondo dolomitico lo vedevano a colori, esattamente come accadeva a me mentre passeggiavo sulla cima. I loro occhi potevano ammirare le rocce, che all&#8217;alba ed al tramonto si tingono di rosa ed il candore abbagliante della neve del ghiacciaio della Marmolada. E poi il viola dei rododendri ed il verde dell&#8217;erba del versante che scende ripido verso Livinallongo. Chiss\u00e0 se avevano tempo e voglia di guardare tutto ci\u00f2 mentre fischiavano le pallottole sparate dai Mannlicher e dai &#8217;91; mentre tentavano di rimanere al mondo. Fortunatamente oggi lass\u00f9 c&#8217;\u00e8 il silenzio: non esplodono pi\u00f9 le granate e non fischiano gli Shrapnels. Non si ode il terrifico fragore delle mine; quel sabato di luglio c&#8217;erano soltanto la grande pace della montagna, pigre nuvole che passeggiavano nel cielo d&#8217;estate e il suono delle campane che a fondovalle annunciavano il mezzogiorno. E pareva impossibile che tutto ci\u00f2 potesse essere accaduto poco pi\u00f9 di un secolo fa.<br \/>\nCol di Lana 2462 m. s.l.m &#8211; 3 luglio 2021<\/p>\n<p><strong>LA RACCOLTA COMPLETA<\/strong><\/p>\n<blockquote class=\"wp-embedded-content\" data-secret=\"yrdK6lxsvF\"><p><a href=\"https:\/\/www.radiopiu.net\/wordpress\/i-racconti-di-paolo-soppelsa\/\">I racconti di Paolo Soppelsa<\/a><\/p><\/blockquote>\n<p><iframe loading=\"lazy\" class=\"wp-embedded-content\" sandbox=\"allow-scripts\" security=\"restricted\" style=\"position: absolute; clip: rect(1px, 1px, 1px, 1px);\" title=\"&#8220;I racconti di Paolo Soppelsa&#8221; &#8212; Radio Pi\u00f9\" src=\"https:\/\/www.radiopiu.net\/wordpress\/i-racconti-di-paolo-soppelsa\/embed\/#?secret=yrdK6lxsvF\" data-secret=\"yrdK6lxsvF\" width=\"600\" height=\"338\" frameborder=\"0\" marginwidth=\"0\" marginheight=\"0\" scrolling=\"no\"><\/iframe><\/p>\n<p>&nbsp;<\/p>\n<\/div>\n<\/div>\n<\/div>\n<\/div>\n<\/div>\n<\/div>\n<\/div>\n<\/div>\n<\/div>\n<\/div>\n<\/div>\n<\/div>\n<\/div>\n<\/div>\n<\/div>\n<\/div>\n<\/div>\n<\/div>\n<\/div>\n<\/div>\n<\/div>\n<\/div>\n<\/div>\n<\/div>\n<\/div>\n<\/div>\n<\/div>\n<\/div>\n<\/div>\n<\/div>\n<\/div>\n<\/div>\n<\/div>\n<\/div>\n<\/div>\n<\/div>\n<\/div>\n<\/div>\n<\/div>\n<\/div>\n<\/div>\n<\/div>\n<\/div>\n<\/div>\n<\/div>\n<\/div>\n<\/div>\n<\/div>\n<\/div>\n<\/div>\n<\/div>\n<\/div>\n<\/div>\n<\/div>\n<\/div>\n<\/div>\n<\/div>\n<\/div>\n<\/div>\n<\/div>\n<\/div>\n<\/div>\n<\/div>\n<\/div>\n<\/div>\n<\/div>\n<\/div>\n<div>\n<div class=\"page-title-head hgroup\">\n<div class=\"page-title-head hgroup\">\n<div class=\"page-title-head hgroup\">\n<div class=\"page-title-head hgroup\">\n<div class=\"b654a4as d2edcug0\">\n<div class=\"page-title-head hgroup\">\n<div class=\"page-title-head hgroup\">\n<div class=\"page-title-head hgroup\">\n<div class=\"page-title-head hgroup\">\n<div class=\"b654a4as d2edcug0\">\n<div class=\"page-title-head hgroup\">\n<div class=\"page-title-head hgroup\">\n<div class=\"page-title-head hgroup\">\n<div class=\"page-title-head hgroup\">\n<div class=\"page-title-head hgroup\">\n<div class=\"page-title-head hgroup\">\n<div class=\"page-title-head hgroup\">\n<div class=\"page-title-head hgroup\">\n<div class=\"page-title-head hgroup\">\n<div class=\"b654a4as d2edcug0\">\n<div class=\"page-title-head hgroup\">\n<div class=\"page-title-head hgroup\">\n<div class=\"page-title-head hgroup\">\n<div class=\"page-title-head hgroup\">\n<div class=\"b654a4as d2edcug0\">\n<div>\n<div class=\"page-title-head hgroup\">\n<div class=\"page-title-head hgroup\">\n<div class=\"page-title-head hgroup\">\n<div class=\"page-title-head hgroup\">\n<div class=\"page-title-head hgroup\">\n<div>\n<div>\n<div>\n<div class=\"mkdf-post-text\">\n<div class=\"mkdf-post-text-inner\">\n<div class=\"mkdf-post-text-main\">\n<div class=\"mkdf-post-text\">\n<div class=\"mkdf-post-text-inner\">\n<div class=\"mkdf-post-text-main\">\n<div class=\"mkdf-post-text\">\n<div class=\"mkdf-post-text-inner\">\n<div class=\"mkdf-post-text-main\">\n<div class=\"page-title-head hgroup\">\n<div class=\"page-title-head hgroup\">\n<div class=\"mkdf-post-text\">\n<div class=\"mkdf-post-text-inner\">\n<div class=\"mkdf-post-text-main\">\n<div class=\"mkdf-post-text\">\n<div class=\"mkdf-post-text-inner\">\n<div class=\"mkdf-post-text-main\">\n<div class=\"page-title-head hgroup\">\n<div class=\"page-title-head hgroup\">\n<div class=\"page-title-head hgroup\">\n<div class=\"page-title-head hgroup\">\n<div class=\"b654a4as d2edcug0\">\n<div class=\"page-title-head hgroup\">\n<div class=\"page-title-head hgroup\">\n<div class=\"page-title-head hgroup\">\n<div class=\"page-title-head hgroup\">\n<div class=\"b654a4as d2edcug0\">\n<div class=\"page-title-head hgroup\">\n<div class=\"page-title-head hgroup\">\n<div class=\"page-title-head hgroup\">\n<div class=\"page-title-head hgroup\">\n<div class=\"b654a4as d2edcug0\">\n<hr \/>\n<\/div>\n<div class=\"b654a4as d2edcug0\">\n<p>&nbsp;<\/p>\n<p><a href=\"https:\/\/www.radiopiu.net\/wordpress\/giornale-radiopiu-26-settembre-2018-direttore-mirko-mezzacasa\/viabilita-2\/\" rel=\"attachment wp-att-61954\"><img loading=\"lazy\" decoding=\"async\" class=\"aligncenter wp-image-61954 size-full\" src=\"https:\/\/www.radiopiu.net\/wordpress\/wp-content\/uploads\/2018\/09\/viabilita.jpeg\" sizes=\"auto, (max-width: 800px) 100vw, 800px\" srcset=\"https:\/\/www.radiopiu.net\/wordpress\/wp-content\/uploads\/2018\/09\/viabilita.jpeg 800w, https:\/\/www.radiopiu.net\/wordpress\/wp-content\/uploads\/2018\/09\/viabilita-300x38.jpeg 300w, https:\/\/www.radiopiu.net\/wordpress\/wp-content\/uploads\/2018\/09\/viabilita-768x96.jpeg 768w\" alt=\"\" width=\"800\" height=\"100\" \/><\/a><\/p>\n<\/div>\n<\/div>\n<\/div>\n<\/div>\n<\/div>\n<\/div>\n<\/div>\n<\/div>\n<\/div>\n<\/div>\n<\/div>\n<\/div>\n<\/div>\n<\/div>\n<\/div>\n<\/div>\n<\/div>\n<\/div>\n<\/div>\n<\/div>\n<\/div>\n<\/div>\n<\/div>\n<\/div>\n<\/div>\n<\/div>\n<\/div>\n<\/div>\n<\/div>\n<\/div>\n<\/div>\n<\/div>\n<\/div>\n<\/div>\n<\/div>\n<\/div>\n<\/div>\n<\/div>\n<\/div>\n<\/div>\n<\/div>\n<\/div>\n<\/div>\n<\/div>\n<\/div>\n<\/div>\n<\/div>\n<\/div>\n<\/div>\n<\/div>\n<\/div>\n<\/div>\n<\/div>\n<\/div>\n<\/div>\n<\/div>\n<\/div>\n<\/div>\n<\/div>\n<\/div>\n<\/div>\n<\/div>\n<\/div>\n<\/div>\n<\/div>\n<\/div>\n<\/div>\n<\/div>\n<\/div>\n<\/div>\n<\/div>\n<\/div>\n<\/div>\n<\/div>\n<\/div>\n<\/div>\n<\/div>\n<\/div>\n<\/div>\n<\/div>\n<\/div>\n<\/div>\n<\/div>\n<div>\n<div class=\"page-title-head hgroup\">\n<div class=\"page-title-head hgroup\">\n<div class=\"b654a4as d2edcug0\">\n<div class=\"j83agx80 btwxx1t3 lhclo0ds hop8lmos nkwizq5d scwd0bx6 roh60bw9\">\n<div class=\"rq0escxv hkbzh7o3 jwdofwj8 n8tt0mok r8blr3vg hyh9befq\">\n<div class=\"do00u71z l9j0dhe7 k4urcfbm\">\n<div class=\"ecm0bbzt e5nlhep0 a8c37x1j\">\n<div class=\"kvgmc6g5 cxmmr5t8 oygrvhab hcukyx3x c1et5uql\">\n<div class=\"gmail-kvgmc6g5 gmail-cxmmr5t8 gmail-oygrvhab gmail-hcukyx3x gmail-c1et5uql gmail-ii04i59q\">\n<div class=\"page-title-head hgroup\">\n<div class=\"page-title-head hgroup\">\n<div class=\"b654a4as d2edcug0\">\n<div class=\"j83agx80 btwxx1t3 lhclo0ds hop8lmos nkwizq5d scwd0bx6 roh60bw9\">\n<div class=\"rq0escxv hkbzh7o3 jwdofwj8 n8tt0mok r8blr3vg hyh9befq\">\n<div class=\"do00u71z l9j0dhe7 k4urcfbm\">\n<div class=\"page-title-head hgroup\">\n<div class=\"page-title-head hgroup\">\n<div class=\"page-title-head hgroup\">\n<div class=\"page-title-head hgroup\">\n<div class=\"b654a4as d2edcug0\">\n<div class=\"page-title-head hgroup\">\n<div class=\"page-title-head hgroup\">\n<div class=\"page-title-head hgroup\">\n<div class=\"page-title-head hgroup\">\n<div class=\"b654a4as d2edcug0\">\n<div class=\"page-title-head hgroup\">\n<div class=\"page-title-head hgroup\">\n<div class=\"page-title-head hgroup\">\n<div class=\"page-title-head hgroup\">\n<div class=\"page-title-head hgroup\">\n<div class=\"page-title-head hgroup\">\n<div class=\"page-title-head hgroup\">\n<div class=\"page-title-head hgroup\">\n<div class=\"page-title-head hgroup\">\n<div class=\"b654a4as d2edcug0\">\n<div class=\"page-title-head hgroup\">\n<div class=\"page-title-head hgroup\">\n<div class=\"page-title-head hgroup\">\n<div class=\"page-title-head hgroup\">\n<div class=\"b654a4as d2edcug0\">\n<div class=\"page-title-head hgroup\">\n<div class=\"page-title-head hgroup\">\n<div class=\"page-title-head hgroup\">\n<div class=\"page-title-head hgroup\">\n<div class=\"page-title-head hgroup\">\n<div class=\"mkdf-post-text\">\n<div class=\"mkdf-post-text-inner\">\n<div class=\"mkdf-post-text-main\">\n<div class=\"mkdf-post-text\">\n<div class=\"mkdf-post-text-inner\">\n<div class=\"mkdf-post-text-main\">\n<div class=\"mkdf-post-text\">\n<div class=\"mkdf-post-text-inner\">\n<div class=\"mkdf-post-text-main\">\n<div class=\"page-title-head hgroup\">\n<div class=\"page-title-head hgroup\">\n<div class=\"mkdf-post-text\">\n<div class=\"mkdf-post-text-inner\">\n<div class=\"mkdf-post-text-main\">\n<div class=\"mkdf-post-text\">\n<div class=\"mkdf-post-text-inner\">\n<div class=\"mkdf-post-text-main\">\n<div class=\"page-title-head hgroup\">\n<div class=\"page-title-head hgroup\">\n<div class=\"page-title-head hgroup\">\n<div class=\"page-title-head hgroup\">\n<div class=\"b654a4as d2edcug0\">\n<div class=\"page-title-head hgroup\">\n<div class=\"page-title-head hgroup\">\n<div class=\"page-title-head hgroup\">\n<div class=\"page-title-head hgroup\">\n<div class=\"b654a4as d2edcug0\">\n<div class=\"page-title-head hgroup\">\n<div class=\"page-title-head hgroup\">\n<div class=\"page-title-head hgroup\">\n<div class=\"page-title-head hgroup\">\n<div class=\"b654a4as d2edcug0\">\n<div class=\"ecm0bbzt e5nlhep0 a8c37x1j\">\n<div class=\"kvgmc6g5 cxmmr5t8 oygrvhab hcukyx3x c1et5uql\">\n<div class=\"gmail-kvgmc6g5 gmail-cxmmr5t8 gmail-oygrvhab gmail-hcukyx3x gmail-c1et5uql gmail-ii04i59q\">\n<div class=\"page-title-head hgroup\">\n<div class=\"page-title-head hgroup\">\n<div class=\"b654a4as d2edcug0\">\n<div class=\"j83agx80 btwxx1t3 lhclo0ds hop8lmos nkwizq5d scwd0bx6 roh60bw9\">\n<div class=\"rq0escxv hkbzh7o3 jwdofwj8 n8tt0mok r8blr3vg hyh9befq\">\n<div class=\"do00u71z l9j0dhe7 k4urcfbm\">\n<div class=\"page-title-head hgroup\">\n<div class=\"page-title-head hgroup\">\n<div class=\"page-title-head hgroup\">\n<div class=\"page-title-head hgroup\">\n<div class=\"b654a4as d2edcug0\">\n<div class=\"page-title-head hgroup\">\n<div class=\"page-title-head hgroup\">\n<div class=\"page-title-head hgroup\">\n<div class=\"page-title-head hgroup\">\n<div class=\"b654a4as d2edcug0\">\n<div class=\"page-title-head hgroup\">\n<div class=\"page-title-head hgroup\">\n<div class=\"page-title-head hgroup\">\n<div class=\"page-title-head hgroup\">\n<div class=\"page-title-head hgroup\">\n<div class=\"page-title-head hgroup\">\n<div class=\"page-title-head hgroup\">\n<div class=\"page-title-head hgroup\">\n<div class=\"page-title-head hgroup\">\n<div class=\"b654a4as d2edcug0\">\n<div class=\"page-title-head hgroup\">\n<div class=\"page-title-head hgroup\">\n<div class=\"page-title-head hgroup\">\n<div class=\"page-title-head hgroup\">\n<div class=\"b654a4as d2edcug0\">\n<div class=\"page-title-head hgroup\">\n<div class=\"page-title-head hgroup\">\n<div class=\"page-title-head hgroup\">\n<div class=\"page-title-head hgroup\">\n<div class=\"page-title-head hgroup\">\n<div class=\"mkdf-post-text\">\n<div class=\"mkdf-post-text-inner\">\n<div class=\"mkdf-post-text-main\">\n<div class=\"mkdf-post-text\">\n<div class=\"mkdf-post-text-inner\">\n<div class=\"mkdf-post-text-main\">\n<div class=\"mkdf-post-text\">\n<div class=\"mkdf-post-text-inner\">\n<div class=\"mkdf-post-text-main\">\n<div class=\"page-title-head hgroup\">\n<div class=\"page-title-head hgroup\">\n<div class=\"mkdf-post-text\">\n<div class=\"mkdf-post-text-inner\">\n<div class=\"mkdf-post-text-main\">\n<div class=\"mkdf-post-text\">\n<div class=\"mkdf-post-text-inner\">\n<div class=\"mkdf-post-text-main\">\n<div class=\"page-title-head hgroup\">\n<div class=\"page-title-head hgroup\">\n<div class=\"page-title-head hgroup\">\n<div class=\"page-title-head hgroup\">\n<div class=\"b654a4as d2edcug0\">\n<div class=\"page-title-head hgroup\">\n<div class=\"page-title-head hgroup\">\n<div class=\"page-title-head hgroup\">\n<div class=\"page-title-head hgroup\">\n<div class=\"b654a4as d2edcug0\">\n<div class=\"page-title-head hgroup\">\n<div class=\"page-title-head hgroup\">\n<div class=\"page-title-head hgroup\">\n<div class=\"page-title-head hgroup\">\n<div class=\"b654a4as d2edcug0\">\n<p>&nbsp;<\/p>\n<blockquote>\n<h3>LAVORI ALLA CONDOTTA FOGNARIA DI MASARE&#8217; DI ROCCA PIETORE DAL 7 AL 25 MARZO<\/h3>\n<\/blockquote>\n<p><strong><a class=\"dt-pswp-item\" href=\"https:\/\/www.radiopiu.net\/wordpress\/wp-content\/uploads\/2021\/06\/LAVORI.jpg\" data-dt-img-description=\"\" data-large_image_width=\"188\" data-large_image_height=\"164\"><img loading=\"lazy\" decoding=\"async\" class=\" wp-image-216176 alignleft\" src=\"https:\/\/www.radiopiu.net\/wordpress\/wp-content\/uploads\/2021\/06\/LAVORI.jpg\" alt=\"\" width=\"133\" height=\"116\" \/><\/a>ROCCA PIETORE<\/strong> Il comune di Rocca Pietore ha esposto un&#8217;ordinanza che i riguarda i lavori alla condotta fognaria a Masar\u00e8. Dal 21 al 25 marzo senso unico alternato regolato ma movieri. Dal 14 al 18 marzo il traffico verr\u00e0 deviato nel parcheggio antistante il civico 20 mentre nella giornata del 17 marzo, dalle 7 alle 24, interdizione totale alla circolazione al fine di consentire l&#8217;esecuzione di lavori sulla condotta fognaria a cura di BIM GSP.<\/p>\n<p>&nbsp;<\/p>\n<p>&nbsp;<\/p>\n<p>&nbsp;<\/p>\n<p>&nbsp;<\/p>\n<blockquote class=\"wp-embedded-content\" data-secret=\"V6xIXNlc51\"><p><a href=\"https:\/\/www.radiopiu.net\/wordpress\/viabilita\/\">viabilita<\/a><\/p><\/blockquote>\n<p><iframe loading=\"lazy\" class=\"wp-embedded-content\" sandbox=\"allow-scripts\" security=\"restricted\" style=\"position: absolute; clip: rect(1px, 1px, 1px, 1px);\" title=\"&#8220;viabilita&#8221; &#8212; Radio Pi\u00f9\" src=\"https:\/\/www.radiopiu.net\/wordpress\/viabilita\/embed\/#?secret=V6xIXNlc51\" data-secret=\"V6xIXNlc51\" width=\"600\" height=\"338\" frameborder=\"0\" marginwidth=\"0\" marginheight=\"0\" scrolling=\"no\"><\/iframe><\/p>\n<p>&nbsp;<\/p>\n<hr \/>\n<\/div>\n<\/div>\n<\/div>\n<\/div>\n<\/div>\n<\/div>\n<\/div>\n<\/div>\n<\/div>\n<\/div>\n<\/div>\n<\/div>\n<\/div>\n<\/div>\n<\/div>\n<\/div>\n<\/div>\n<\/div>\n<\/div>\n<\/div>\n<\/div>\n<\/div>\n<\/div>\n<\/div>\n<\/div>\n<\/div>\n<\/div>\n<\/div>\n<\/div>\n<\/div>\n<\/div>\n<\/div>\n<\/div>\n<\/div>\n<\/div>\n<\/div>\n<\/div>\n<\/div>\n<\/div>\n<\/div>\n<\/div>\n<\/div>\n<\/div>\n<\/div>\n<\/div>\n<\/div>\n<\/div>\n<\/div>\n<\/div>\n<\/div>\n<\/div>\n<\/div>\n<\/div>\n<\/div>\n<\/div>\n<\/div>\n<\/div>\n<\/div>\n<\/div>\n<\/div>\n<\/div>\n<\/div>\n<\/div>\n<\/div>\n<\/div>\n<\/div>\n<\/div>\n<\/div>\n<\/div>\n<\/div>\n<\/div>\n<\/div>\n<\/div>\n<\/div>\n<\/div>\n<\/div>\n<\/div>\n<\/div>\n<\/div>\n<\/div>\n<\/div>\n<\/div>\n<\/div>\n<\/div>\n<\/div>\n<\/div>\n<\/div>\n<\/div>\n<\/div>\n<\/div>\n<\/div>\n<\/div>\n<\/div>\n<\/div>\n<\/div>\n<\/div>\n<\/div>\n<\/div>\n<\/div>\n<\/div>\n<\/div>\n<\/div>\n<\/div>\n<\/div>\n<\/div>\n<\/div>\n<\/div>\n<\/div>\n<\/div>\n<\/div>\n<\/div>\n<\/div>\n<\/div>\n<\/div>\n<\/div>\n<\/div>\n<\/div>\n<\/div>\n<\/div>\n<\/div>\n<\/div>\n<\/div>\n<\/div>\n<\/div>\n<\/div>\n<\/div>\n<\/div>\n<\/div>\n<\/div>\n<\/div>\n<\/div>\n<\/div>\n<\/div>\n<\/div>\n<\/div>\n<\/div>\n<\/div>\n<\/div>\n<\/div>\n<\/div>\n<\/div>\n<\/div>\n<\/div>\n<\/div>\n<\/div>\n<\/div>\n<\/div>\n<\/div>\n<\/div>\n<p>&nbsp;<\/p>\n<div>\n<div class=\"page-title-head hgroup\">\n<div class=\"page-title-head hgroup\">\n<div class=\"b654a4as d2edcug0\">\n<div class=\"j83agx80 btwxx1t3 lhclo0ds hop8lmos nkwizq5d scwd0bx6 roh60bw9\">\n<div class=\"rq0escxv hkbzh7o3 jwdofwj8 n8tt0mok r8blr3vg hyh9befq\">\n<div class=\"do00u71z l9j0dhe7 k4urcfbm\">\n<div class=\"page-title-head hgroup\">\n<div class=\"page-title-head hgroup\">\n<div class=\"b654a4as d2edcug0\">\n<div class=\"j83agx80 btwxx1t3 lhclo0ds hop8lmos nkwizq5d scwd0bx6 roh60bw9\">\n<div class=\"rq0escxv hkbzh7o3 jwdofwj8 n8tt0mok r8blr3vg hyh9befq\">\n<div class=\"do00u71z l9j0dhe7 k4urcfbm\">\n<div class=\"ecm0bbzt e5nlhep0 a8c37x1j\">\n<div class=\"kvgmc6g5 cxmmr5t8 oygrvhab hcukyx3x c1et5uql\">\n<div class=\"gmail-kvgmc6g5 gmail-cxmmr5t8 gmail-oygrvhab gmail-hcukyx3x gmail-c1et5uql gmail-ii04i59q\">\n<div class=\"page-title-head hgroup\">\n<div class=\"page-title-head hgroup\">\n<div class=\"b654a4as d2edcug0\">\n<div class=\"j83agx80 btwxx1t3 lhclo0ds hop8lmos nkwizq5d scwd0bx6 roh60bw9\">\n<div class=\"rq0escxv hkbzh7o3 jwdofwj8 n8tt0mok r8blr3vg hyh9befq\">\n<div class=\"do00u71z l9j0dhe7 k4urcfbm\">\n<div class=\"page-title-head hgroup\">\n<div class=\"page-title-head hgroup\">\n<div class=\"b654a4as d2edcug0\">\n<div class=\"j83agx80 btwxx1t3 lhclo0ds hop8lmos nkwizq5d scwd0bx6 roh60bw9\">\n<div class=\"rq0escxv hkbzh7o3 jwdofwj8 n8tt0mok r8blr3vg hyh9befq\">\n<div class=\"do00u71z l9j0dhe7 k4urcfbm\">\n<div>\n<div class=\"page-title-head hgroup\">\n<div class=\"page-title-head hgroup\">\n<div class=\"b654a4as d2edcug0\">\n<div class=\"j83agx80 btwxx1t3 lhclo0ds hop8lmos nkwizq5d scwd0bx6 roh60bw9\">\n<div class=\"rq0escxv hkbzh7o3 jwdofwj8 n8tt0mok r8blr3vg hyh9befq\">\n<div class=\"do00u71z l9j0dhe7 k4urcfbm\">\n<div class=\"ecm0bbzt e5nlhep0 a8c37x1j\">\n<div class=\"kvgmc6g5 cxmmr5t8 oygrvhab hcukyx3x c1et5uql\">\n<div class=\"gmail-kvgmc6g5 gmail-cxmmr5t8 gmail-oygrvhab gmail-hcukyx3x gmail-c1et5uql gmail-ii04i59q\">\n<div class=\"page-title-head hgroup\">\n<div class=\"page-title-head hgroup\">\n<div class=\"b654a4as d2edcug0\">\n<div class=\"j83agx80 btwxx1t3 lhclo0ds hop8lmos nkwizq5d scwd0bx6 roh60bw9\">\n<div class=\"rq0escxv hkbzh7o3 jwdofwj8 n8tt0mok r8blr3vg hyh9befq\">\n<div class=\"do00u71z l9j0dhe7 k4urcfbm\">\n<div class=\"page-title-head hgroup\">\n<div class=\"page-title-head hgroup\">\n<div class=\"page-title-head hgroup\">\n<div class=\"page-title-head hgroup\">\n<div class=\"b654a4as d2edcug0\">\n<div class=\"page-title-head hgroup\">\n<div class=\"page-title-head hgroup\">\n<div class=\"page-title-head hgroup\">\n<div class=\"page-title-head hgroup\">\n<div class=\"b654a4as d2edcug0\">\n<div class=\"page-title-head hgroup\">\n<div class=\"page-title-head hgroup\">\n<div class=\"page-title-head hgroup\">\n<div class=\"page-title-head hgroup\">\n<div class=\"page-title-head hgroup\">\n<div class=\"page-title-head hgroup\">\n<div class=\"page-title-head hgroup\">\n<div class=\"page-title-head hgroup\">\n<div class=\"page-title-head hgroup\">\n<div class=\"b654a4as d2edcug0\">\n<div class=\"page-title-head hgroup\">\n<div class=\"page-title-head hgroup\">\n<div class=\"page-title-head hgroup\">\n<div class=\"page-title-head hgroup\">\n<div class=\"b654a4as d2edcug0\">\n<div class=\"page-title-head hgroup\">\n<div class=\"page-title-head hgroup\">\n<div class=\"page-title-head hgroup\">\n<div class=\"page-title-head hgroup\">\n<div class=\"page-title-head hgroup\">\n<div class=\"mkdf-post-text\">\n<div class=\"mkdf-post-text-inner\">\n<div class=\"mkdf-post-text-main\">\n<div class=\"mkdf-post-text\">\n<div class=\"mkdf-post-text-inner\">\n<div class=\"mkdf-post-text-main\">\n<div class=\"mkdf-post-text\">\n<div class=\"mkdf-post-text-inner\">\n<div class=\"mkdf-post-text-main\">\n<div class=\"page-title-head hgroup\">\n<div class=\"page-title-head hgroup\">\n<div class=\"mkdf-post-text\">\n<div class=\"mkdf-post-text-inner\">\n<div class=\"mkdf-post-text-main\">\n<div class=\"mkdf-post-text\">\n<div class=\"mkdf-post-text-inner\">\n<div class=\"mkdf-post-text-main\">\n<div class=\"page-title-head hgroup\">\n<div class=\"page-title-head hgroup\">\n<div class=\"page-title-head hgroup\">\n<div class=\"page-title-head hgroup\">\n<div class=\"b654a4as d2edcug0\">\n<div class=\"page-title-head hgroup\">\n<div class=\"page-title-head hgroup\">\n<div class=\"page-title-head hgroup\">\n<div class=\"page-title-head hgroup\">\n<div class=\"b654a4as d2edcug0\">\n<div class=\"page-title-head hgroup\">\n<div class=\"page-title-head hgroup\">\n<div class=\"page-title-head hgroup\">\n<div class=\"page-title-head hgroup\">\n<div class=\"b654a4as d2edcug0\">\n<div class=\"ecm0bbzt e5nlhep0 a8c37x1j\">\n<div class=\"kvgmc6g5 cxmmr5t8 oygrvhab hcukyx3x c1et5uql\">\n<div class=\"gmail-kvgmc6g5 gmail-cxmmr5t8 gmail-oygrvhab gmail-hcukyx3x gmail-c1et5uql gmail-ii04i59q\">\n<div class=\"page-title-head hgroup\">\n<div class=\"page-title-head hgroup\">\n<div class=\"b654a4as d2edcug0\">\n<div class=\"j83agx80 btwxx1t3 lhclo0ds hop8lmos nkwizq5d scwd0bx6 roh60bw9\">\n<div class=\"rq0escxv hkbzh7o3 jwdofwj8 n8tt0mok r8blr3vg hyh9befq\">\n<div class=\"do00u71z l9j0dhe7 k4urcfbm\">\n<div class=\"page-title-head hgroup\">\n<div class=\"page-title-head hgroup\">\n<div class=\"page-title-head hgroup\">\n<div class=\"page-title-head hgroup\">\n<div class=\"b654a4as d2edcug0\">\n<div class=\"page-title-head hgroup\">\n<div class=\"page-title-head hgroup\">\n<div class=\"page-title-head hgroup\">\n<div class=\"page-title-head hgroup\">\n<div class=\"b654a4as d2edcug0\">\n<div class=\"page-title-head hgroup\">\n<div class=\"page-title-head hgroup\">\n<div class=\"page-title-head hgroup\">\n<div class=\"page-title-head hgroup\">\n<div class=\"page-title-head hgroup\">\n<div class=\"page-title-head hgroup\">\n<div class=\"page-title-head hgroup\">\n<div class=\"page-title-head hgroup\">\n<div class=\"page-title-head hgroup\">\n<div class=\"b654a4as d2edcug0\">\n<div class=\"page-title-head hgroup\">\n<div class=\"page-title-head hgroup\">\n<div class=\"page-title-head hgroup\">\n<div class=\"page-title-head hgroup\">\n<div class=\"b654a4as d2edcug0\">\n<div class=\"page-title-head hgroup\">\n<div class=\"page-title-head hgroup\">\n<div class=\"page-title-head hgroup\">\n<div class=\"page-title-head hgroup\">\n<div class=\"page-title-head hgroup\">\n<div class=\"mkdf-post-text\">\n<div class=\"mkdf-post-text-inner\">\n<div class=\"mkdf-post-text-main\">\n<div class=\"mkdf-post-text\">\n<div class=\"mkdf-post-text-inner\">\n<div class=\"mkdf-post-text-main\">\n<div class=\"mkdf-post-text\">\n<div class=\"mkdf-post-text-inner\">\n<div class=\"mkdf-post-text-main\">\n<div class=\"page-title-head hgroup\">\n<div class=\"page-title-head hgroup\">\n<div class=\"mkdf-post-text\">\n<div class=\"mkdf-post-text-inner\">\n<div class=\"mkdf-post-text-main\">\n<div class=\"mkdf-post-text\">\n<div class=\"mkdf-post-text-inner\">\n<div class=\"mkdf-post-text-main\">\n<div class=\"page-title-head hgroup\">\n<div class=\"page-title-head hgroup\">\n<div class=\"page-title-head hgroup\">\n<div class=\"page-title-head hgroup\">\n<div class=\"b654a4as d2edcug0\">\n<div class=\"page-title-head hgroup\">\n<div class=\"page-title-head hgroup\">\n<div class=\"page-title-head hgroup\">\n<div class=\"page-title-head hgroup\">\n<div class=\"b654a4as d2edcug0\">\n<div class=\"page-title-head hgroup\">\n<div class=\"page-title-head hgroup\">\n<div class=\"page-title-head hgroup\">\n<div class=\"page-title-head hgroup\">\n<div class=\"b654a4as d2edcug0\">\n<p>&nbsp;<\/p>\n<\/div>\n<div class=\"b654a4as d2edcug0\">\n<div class=\"ecm0bbzt e5nlhep0 a8c37x1j\">\n<div class=\"kvgmc6g5 cxmmr5t8 oygrvhab hcukyx3x c1et5uql\">\n<div class=\"gmail-kvgmc6g5 gmail-cxmmr5t8 gmail-oygrvhab gmail-hcukyx3x gmail-c1et5uql gmail-ii04i59q\">\n<div>\n<div class=\"page-title-head hgroup\">\n<div class=\"page-title-head hgroup\">\n<div class=\"b654a4as d2edcug0\">\n<div class=\"j83agx80 btwxx1t3 lhclo0ds hop8lmos nkwizq5d scwd0bx6 roh60bw9\">\n<div class=\"rq0escxv hkbzh7o3 jwdofwj8 n8tt0mok r8blr3vg hyh9befq\">\n<div class=\"do00u71z l9j0dhe7 k4urcfbm\">\n<div>\n<div class=\"page-title-head hgroup\">\n<div class=\"page-title-head hgroup\">\n<div class=\"page-title-head hgroup\">\n<div class=\"page-title-head hgroup\">\n<div class=\"b654a4as d2edcug0\">\n<div class=\"page-title-head hgroup\">\n<div class=\"page-title-head hgroup\">\n<div class=\"page-title-head hgroup\">\n<div class=\"page-title-head hgroup\">\n<div class=\"b654a4as d2edcug0\">\n<div class=\"page-title-head hgroup\">\n<div class=\"page-title-head hgroup\">\n<div class=\"page-title-head hgroup\">\n<div class=\"page-title-head hgroup\">\n<div class=\"page-title-head hgroup\">\n<div class=\"mkdf-post-text\">\n<div class=\"mkdf-post-text-inner\">\n<div class=\"mkdf-post-text-main\">\n<div class=\"mkdf-post-text\">\n<div class=\"mkdf-post-text-inner\">\n<div class=\"mkdf-post-text-main\">\n<div class=\"mkdf-post-text\">\n<div class=\"mkdf-post-text-inner\">\n<div class=\"mkdf-post-text-main\">\n<div class=\"page-title-head hgroup\">\n<div class=\"page-title-head hgroup\">\n<div class=\"mkdf-post-text\">\n<div class=\"mkdf-post-text-inner\">\n<div class=\"mkdf-post-text-main\">\n<div class=\"mkdf-post-text\">\n<div class=\"mkdf-post-text-inner\">\n<div class=\"mkdf-post-text-main\">\n<div>\n<div class=\"page-title-head hgroup\">\n<div class=\"page-title-head hgroup\">\n<div>\n<div class=\"page-title-head hgroup\">\n<div class=\"page-title-head hgroup\">\n<div class=\"b654a4as d2edcug0\">\n<div>\n<div class=\"page-title-head hgroup\" style=\"text-align: left;\">\n<div class=\"page-title-head hgroup\">\n<div dir=\"auto\">\n<p><a class=\"dt-pswp-item pspw-wrap-ready\" href=\"https:\/\/i0.wp.com\/www.radiopiu.net\/wordpress\/wp-content\/uploads\/2018\/09\/WhatsApp-Image-2018-09-20-at-16.04.06.jpeg?ssl=1\" data-dt-img-description=\"\" data-large_image_width=\"800\" data-large_image_height=\"100\"><img loading=\"lazy\" decoding=\"async\" class=\"aligncenter wp-image-61378 size-full jetpack-lazy-image jetpack-lazy-image--handled\" src=\"https:\/\/i0.wp.com\/www.radiopiu.net\/wordpress\/wp-content\/uploads\/2018\/09\/WhatsApp-Image-2018-09-20-at-16.04.06.jpeg?resize=800%2C100&amp;ssl=1\" sizes=\"auto, (max-width: 800px) 100vw, 800px\" srcset=\"https:\/\/i0.wp.com\/www.radiopiu.net\/wordpress\/wp-content\/uploads\/2018\/09\/WhatsApp-Image-2018-09-20-at-16.04.06.jpeg?w=800&amp;ssl=1 800w, https:\/\/i0.wp.com\/www.radiopiu.net\/wordpress\/wp-content\/uploads\/2018\/09\/WhatsApp-Image-2018-09-20-at-16.04.06.jpeg?resize=300%2C38&amp;ssl=1 300w, https:\/\/i0.wp.com\/www.radiopiu.net\/wordpress\/wp-content\/uploads\/2018\/09\/WhatsApp-Image-2018-09-20-at-16.04.06.jpeg?resize=768%2C96&amp;ssl=1 768w\" alt=\"\" width=\"800\" height=\"100\" data-lazy-loaded=\"1\" \/><\/a><\/p>\n<\/div>\n<\/div>\n<\/div>\n<\/div>\n<\/div>\n<\/div>\n<\/div>\n<\/div>\n<\/div>\n<\/div>\n<\/div>\n<\/div>\n<\/div>\n<\/div>\n<\/div>\n<\/div>\n<\/div>\n<\/div>\n<\/div>\n<\/div>\n<\/div>\n<\/div>\n<\/div>\n<\/div>\n<\/div>\n<\/div>\n<\/div>\n<\/div>\n<\/div>\n<\/div>\n<\/div>\n<\/div>\n<\/div>\n<\/div>\n<\/div>\n<\/div>\n<\/div>\n<\/div>\n<\/div>\n<\/div>\n<\/div>\n<\/div>\n<\/div>\n<\/div>\n<\/div>\n<\/div>\n<\/div>\n<\/div>\n<\/div>\n<\/div>\n<\/div>\n<\/div>\n<\/div>\n<\/div>\n<\/div>\n<\/div>\n<\/div>\n<\/div>\n<\/div>\n<\/div>\n<\/div>\n<\/div>\n<\/div>\n<\/div>\n<\/div>\n<\/div>\n<\/div>\n<\/div>\n<\/div>\n<\/div>\n<\/div>\n<\/div>\n<\/div>\n<\/div>\n<\/div>\n<\/div>\n<\/div>\n<\/div>\n<\/div>\n<\/div>\n<\/div>\n<\/div>\n<\/div>\n<\/div>\n<\/div>\n<\/div>\n<\/div>\n<\/div>\n<\/div>\n<\/div>\n<\/div>\n<\/div>\n<\/div>\n<\/div>\n<\/div>\n<\/div>\n<\/div>\n<\/div>\n<\/div>\n<\/div>\n<\/div>\n<\/div>\n<\/div>\n<\/div>\n<\/div>\n<\/div>\n<\/div>\n<\/div>\n<\/div>\n<\/div>\n<\/div>\n<\/div>\n<\/div>\n<\/div>\n<\/div>\n<\/div>\n<\/div>\n<\/div>\n<\/div>\n<\/div>\n<\/div>\n<\/div>\n<\/div>\n<\/div>\n<\/div>\n<\/div>\n<\/div>\n<\/div>\n<\/div>\n<\/div>\n<\/div>\n<\/div>\n<\/div>\n<\/div>\n<\/div>\n<\/div>\n<\/div>\n<\/div>\n<\/div>\n<\/div>\n<\/div>\n<\/div>\n<\/div>\n<\/div>\n<\/div>\n<\/div>\n<\/div>\n<\/div>\n<\/div>\n<\/div>\n<\/div>\n<\/div>\n<\/div>\n<\/div>\n<\/div>\n<\/div>\n<\/div>\n<\/div>\n<\/div>\n<\/div>\n<\/div>\n<\/div>\n<\/div>\n<\/div>\n<\/div>\n<\/div>\n<\/div>\n<\/div>\n<\/div>\n<\/div>\n<\/div>\n<\/div>\n<\/div>\n<\/div>\n<\/div>\n<\/div>\n<\/div>\n<\/div>\n<\/div>\n<\/div>\n<\/div>\n<\/div>\n<\/div>\n<\/div>\n<\/div>\n<\/div>\n<\/div>\n<\/div>\n<\/div>\n<\/div>\n<\/div>\n<\/div>\n<\/div>\n<\/div>\n<\/div>\n<\/div>\n<\/div>\n<\/div>\n<\/div>\n<\/div>\n<\/div>\n<\/div>\n<\/div>\n<\/div>\n<\/div>\n<\/div>\n<\/div>\n<\/div>\n<\/div>\n<\/div>\n<\/div>\n<\/div>\n<\/div>\n<\/div>\n<\/div>\n<\/div>\n<\/div>\n<\/div>\n<\/div>\n<\/div>\n<\/div>\n<\/div>\n<\/div>\n<\/div>\n<\/div>\n<\/div>\n<\/div>\n<\/div>\n<\/div>\n<\/div>\n<\/div>\n<p>&nbsp;<\/p>\n<p><center><b>Martedi 15<\/b><\/center><b>Tempo atteso: <\/b>Giornata umida e poco soleggiata, a tratti anche molto nuvolosa per transito di nubi medio-alte; parziale attenuazione della nuvolosit\u00e0 verso il tardo pomeriggio\/sera fino a cielo poco nuvoloso nella notte, specie sulle Dolomiti. Possibili formazioni di foschie, di banchi di nebbia o di nubi basse in molte valli nelle ore pi\u00f9 fredde.<br \/>\n<b>Precipitazioni: <\/b>Assenti (0%).<br \/>\n<b>Temperature: <\/b>Minime in ulteriore aumento, massime senza notevoli variazioni o in lieve calo, specie nelle valli; modesta escursione termica giornaliera. Su Prealpi a 1500 m min 0\u00b0, max 3\u00b0, a 2000 m min -2\u00b0, max 1\u00b0; su Dolomiti a 2000 m min -3\u00b0, max 2\u00b0, a 3000 m min -8\u00b0, max -1\u00b0.<br \/>\n<b>Venti: <\/b>Nelle valli deboli o moderati di direzione variabile a regime di brezza con qualche locale rinforzo; in alta montagna ancora dai quadranti occidentali, moderati o tesi, anche forti, a 25-35 km\/h a 2000 m e a 35-45 km\/h a 3000 m.<\/p>\n<hr \/>\n<p><center><b>Mercoledi 16<\/b><\/center><b>Tempo atteso: <\/b>Giornata un po&#8217; pi\u00f9 soleggiata rispetto a marted\u00ec specie dalla tarda mattinata a seguito dell&#8217;allontanamento delle nubi alte; possibili nubi basse o foschie o qualche banco di nebbia in alcune valli nelle ore pi\u00f9 fredde. Possibile aumento della nuvolosit\u00e0 dal tardo pomeriggio. Clima mite per il periodo, specie in alta montagna.<br \/>\n<b>Precipitazioni: <\/b>Generalmente assenti. Non del tutta esclusa (10%) qualche locale e breve precipitazione verso la fine della giornata, eventualmente nevosa oltre i 1600-1900 m, ma senza accumuli.<br \/>\n<b>Temperature: <\/b>In aumento anche marcato specie in quota e nei valori massimi e ben superiori alle medie del periodo, con significativa escursione termica giornaliera. Possibili valori notturni superiori o prossimi allo zero tra i 1500 e i 2000 m, specie sulla fascia prealpina. Su Prealpi a 1500 m min 0\u00b0, max 11\u00b0, a 2000 m min 1\u00b0, max 9\u00b0; su Dolomiti a 2000 m min -1\u00b0, max 9\u00b0, a 3000 m min -4\u00b0, max 0\u00b0.<br \/>\n<b>Venti: <\/b>Nelle valli deboli o moderati di direzione variabile a regime di brezza con qualche locale rinforzo, in alta montagna da nord-ovest, in genere moderati, ma ancora forti soprattutto sulle cime dolomitiche, a 15-25 km\/h a 2000 m e a 30-45 km\/h a 3000 m.<\/p>\n<hr \/>\n<p><center><b>Giovedi 17<\/b><\/center>Presenza di nuvolosit\u00e0 irregolare, con annuvolamenti alternati a schiarite pi\u00f9 frequenti sulle Dolomiti. Precipitazioni assenti. Temperature minime stazionarie o in lieve aumento nelle valli, in lieve o contenuto calo in alta montagna dove saranno misurate a fine giornata; massime in diminuzione anche marcata in quota e inferiori alle medie del periodo. Venti in alta montagna moderati dai quadranti settentrionali.<\/p>\n<hr \/>\n<p><center><b>Venerdi 18<\/b><\/center>Giornata pi\u00f9 soleggiata e pi\u00f9 asciutta rispetto a gioved\u00ec, con cielo generalmente poco nuvoloso al mattino per sottili nubi alte, in prevalenza sereno nella seconda parte della giornata. Temperature minime in calo, massime in temporaneo aumento. Venti in alta montagna da nord-est, in genere moderati, a tratti anche tesi lungo la fascia prealpina. Previsore: M.Padoan<\/p>\n<p>&nbsp;<\/p>\n<div>\n<p>&nbsp;<\/p>\n<\/div>\n<p>&nbsp;<\/p>\n<hr \/>\n<p>&nbsp;<\/p>\n<p><img loading=\"lazy\" decoding=\"async\" class=\"wp-image-60761 size-full aligncenter\" src=\"https:\/\/www.radiopiu.net\/wordpress\/wp-content\/uploads\/2018\/09\/sport.jpg\" alt=\"\" width=\"800\" height=\"100\" srcset=\"https:\/\/www.radiopiu.net\/wordpress\/wp-content\/uploads\/2018\/09\/sport.jpg 800w, https:\/\/www.radiopiu.net\/wordpress\/wp-content\/uploads\/2018\/09\/sport-300x38.jpg 300w, https:\/\/www.radiopiu.net\/wordpress\/wp-content\/uploads\/2018\/09\/sport-768x96.jpg 768w\" sizes=\"auto, (max-width: 800px) 100vw, 800px\" \/><\/p>\n<p>&nbsp;<\/p>\n<p><span style=\"color: #0000ff;\"><strong>PALLAVOLO<\/strong><\/span><\/p>\n<blockquote>\n<h3>TERZO STOP DI FILA, GARLASCO SBANCA LA SPES ARENA<\/h3>\n<\/blockquote>\n<p><b class=\"photoswipe-wrapper\"><a class=\"dt-pswp-item pspw-wrap-ready\" href=\"https:\/\/www.radiopiu.net\/wordpress\/wp-content\/uploads\/2022\/03\/DRL_Garlasco_2.jpg\" data-dt-img-description=\"\" data-large_image_width=\"1680\" data-large_image_height=\"1120\"><img loading=\"lazy\" decoding=\"async\" class=\" wp-image-264659 alignleft\" src=\"https:\/\/www.radiopiu.net\/wordpress\/wp-content\/uploads\/2022\/03\/DRL_Garlasco_2-300x200.jpg\" sizes=\"auto, (max-width: 224px) 100vw, 224px\" srcset=\"https:\/\/www.radiopiu.net\/wordpress\/wp-content\/uploads\/2022\/03\/DRL_Garlasco_2-300x200.jpg 300w, https:\/\/www.radiopiu.net\/wordpress\/wp-content\/uploads\/2022\/03\/DRL_Garlasco_2-1024x683.jpg 1024w, https:\/\/www.radiopiu.net\/wordpress\/wp-content\/uploads\/2022\/03\/DRL_Garlasco_2-768x512.jpg 768w, https:\/\/www.radiopiu.net\/wordpress\/wp-content\/uploads\/2022\/03\/DRL_Garlasco_2-1536x1024.jpg 1536w, https:\/\/www.radiopiu.net\/wordpress\/wp-content\/uploads\/2022\/03\/DRL_Garlasco_2.jpg 1680w\" alt=\"\" width=\"224\" height=\"149\" \/><\/a>DA ROLD LOGISTICS BELLUNO-VOLLEY 2001 GARLASCO 1-3\u00a0<\/b><b>PARZIALI:\u00a0<\/b>25-23, 22-25, 17-25, 19-25.<span class=\"gmail-Apple-converted-space\">\u00a0\u00a0<\/span><b>DA ROLD LOGISTICS BELLUNO:\u00a0<\/b>Maccabruni 4, De Santis 12, Graziani 8, Ostuzzi 11, Piazzetta 8, Mozzato 10; Gionchetti (L), Guolla 2, Della Vecchia, Martinez 1, Pierobon (L). N.e. Milani, Paganin. Allenatore: D. Poletto.<span class=\"gmail-Apple-converted-space\">\u00a0<\/span><\/p>\n<p><strong>BELLUNO<\/strong>\u00a0Il momento \u00e8 delicato: la\u00a0<b>Da Rold Logistics Belluno<\/b>\u00a0incappa nella terza sconfitta consecutiva. La quarta nelle ultime cinque sfide. E, oltre a perdere l\u2019ottava piazza (ora di propriet\u00e0 della Vigilar Fano), \u00e8 costretta a guardarsi le spalle. Perch\u00e9 proprio Garlasco, in virt\u00f9 del blitz alla Spes Arena, si porta a -4 dai bellunesi. Quattro, come le giornate al termine del campionato di Serie A3 Credem Banca. Niente panico, per\u00f2: i rinoceronti devono riannodare il filo delle loro certezze. Un filo che sembra essersi aggrovigliato. Peccato per l\u2019epilogo, quindi, perch\u00e9 l\u2019inizio \u00e8 stato da applausi: la societ\u00e0, rappresentata dal direttore generale Franco Da Re, ha consegnato alla Croce Rossa Italiana l\u2019incasso del match, da devolvere al popolo ucraino in fuga dalla guerra.<span class=\"gmail-Apple-converted-space\">\u00a0\u00a0<\/span><\/p>\n<p><strong>L&#8217;ALLENATORE DELLA DA ROLD DIEGO POLETTO<\/strong><\/p>\n<div style=\"width: 848px;\" class=\"wp-video\"><video class=\"wp-video-shortcode\" id=\"video-264635-2\" width=\"848\" height=\"480\" preload=\"metadata\" controls=\"controls\"><source type=\"video\/mp4\" src=\"https:\/\/www.radiopiu.net\/wordpress\/wp-content\/uploads\/2022\/03\/POLETTO.mp4?_=2\" \/><a href=\"https:\/\/www.radiopiu.net\/wordpress\/wp-content\/uploads\/2022\/03\/POLETTO.mp4\">https:\/\/www.radiopiu.net\/wordpress\/wp-content\/uploads\/2022\/03\/POLETTO.mp4<\/a><\/video><\/div>\n<p>&nbsp;<\/p>\n<p><strong>IL CAPITANO ALEX PAGANIN<\/strong><\/p>\n<div style=\"width: 848px;\" class=\"wp-video\"><video class=\"wp-video-shortcode\" id=\"video-264635-3\" width=\"848\" height=\"480\" preload=\"metadata\" controls=\"controls\"><source type=\"video\/mp4\" src=\"https:\/\/www.radiopiu.net\/wordpress\/wp-content\/uploads\/2022\/03\/PAGANIN.mp4?_=3\" \/><a href=\"https:\/\/www.radiopiu.net\/wordpress\/wp-content\/uploads\/2022\/03\/PAGANIN.mp4\">https:\/\/www.radiopiu.net\/wordpress\/wp-content\/uploads\/2022\/03\/PAGANIN.mp4<\/a><\/video><\/div>\n<p>&nbsp;<\/p>\n<hr \/>\n<p>&nbsp;<\/p>\n<blockquote>\n<h3>COSTATO CUS PADOVA E CANCLINI CUS MILANO CAMPIONI NAZIONALI UNIVERSITARI SLALOM GIGANTE<\/h3>\n<\/blockquote>\n<p><a class=\"dt-pswp-item\" href=\"https:\/\/www.radiopiu.net\/wordpress\/wp-content\/uploads\/2022\/03\/GARA-CNU-F-.jpeg\" data-dt-img-description=\"\" data-large_image_width=\"320\" data-large_image_height=\"213\"><img loading=\"lazy\" decoding=\"async\" class=\" wp-image-264840 alignleft\" src=\"https:\/\/www.radiopiu.net\/wordpress\/wp-content\/uploads\/2022\/03\/GARA-CNU-F--300x200.jpeg\" alt=\"\" width=\"230\" height=\"153\" srcset=\"https:\/\/www.radiopiu.net\/wordpress\/wp-content\/uploads\/2022\/03\/GARA-CNU-F--300x200.jpeg 300w, https:\/\/www.radiopiu.net\/wordpress\/wp-content\/uploads\/2022\/03\/GARA-CNU-F-.jpeg 320w\" sizes=\"auto, (max-width: 230px) 100vw, 230px\" \/><\/a>E\u2019 del C.U.S. Padova, il primo titolo veneto ai Campionati Nazionali Universitari invernali, apertisi in Valzoldana: sulla pista Cristelin, Beatrice Costato ha vinto lo slalom gigante, completando il percorso in 2\u201905\u201d36 davanti a Cecilia Fantoni (C.U.S. Insubria Varese) ed Elena Lazzeri (C.U.S. Roma). Nell\u2019analoga prova maschile, si \u00e8 laureato campione tricolore, Tommaso Canclini del C.U.S.Milano (2\u201905\u201d55), precedendo Davide Filippi (C.U.S. Insubria Varese) e Thomas Dalla Libera (C.U.S. Verona). In contemporanea, sulla stessa pista, si \u00e8 anche disputato uno slalom gigante, valido come gara \u201copen\u201d F.I.S. (International Ski Federation): in campo femminile, ha vinto Carlotta Marcora (2\u201905\u201d12), mentre al secondo posto si \u00e8 classificata Beatrice Costato e terza \u00e8 stata Cecilia Fanoli; tra i maschi, Gianmaria Illaruzzi (2\u201904\u201d93) ha conquistato il podio pi\u00f9 alto, seguito da Nicol\u00f2 Costella e Tommaso Canclini. Oggi si replica con un gigante valido solo come gara \u201copen\u201d F.I.S. .<\/p>\n<p>&nbsp;<\/p>\n<p>&nbsp;<\/p>\n<p>&nbsp;<\/p>\n<\/div>\n<\/div>\n<\/div>\n<\/div>\n<\/div>\n<\/div>\n<\/div>\n<\/div>\n<\/div>\n<\/div>\n<\/div>\n<\/div>\n<\/div>\n<\/div>\n<\/div>\n<\/div>\n<\/div>\n<\/div>\n<\/div>\n<\/div>\n<\/div>\n<\/div>\n<\/div>\n<\/div>\n<\/div>\n<\/div>\n<\/div>\n<\/div>\n<\/div>\n<\/div>\n<\/div>\n<\/div>\n<\/div>\n<\/div>\n<\/div>\n<\/div>\n<\/div>\n<\/div>\n<\/div>\n<\/div>\n<\/div>\n<\/div>\n<\/div>\n<\/div>\n<\/div>\n<\/div>\n<\/div>\n<\/div>\n<\/div>\n<\/div>\n<\/div>\n<\/div>\n<\/div>\n<\/div>\n<\/div>\n<\/div>\n<\/div>\n<\/div>\n<\/div>\n<\/div>\n<\/div>\n<\/div>\n<\/div>\n<\/div>\n<\/div>\n<\/div>\n<\/div>\n<\/div>\n<\/div>\n<\/div>\n<\/div>\n<\/div>\n<\/div>\n<\/div>\n<\/div>\n<\/div>\n<\/div>\n<\/div>\n<\/div>\n<\/div>\n<\/div>\n<\/div>\n<\/div>\n<\/div>\n<\/div>\n<\/div>\n<\/div>\n<\/div>\n<\/div>\n<\/div>\n<\/div>\n<\/div>\n<\/div>\n<\/div>\n<\/div>\n<\/div>\n<\/div>\n<\/div>\n<\/div>\n<\/div>\n<\/div>\n<\/div>\n<\/div>\n<\/div>\n<\/div>\n<\/div>\n<\/div>\n<\/div>\n<\/div>\n<\/div>\n","protected":false},"excerpt":{"rendered":"<p>INFORMAZIONE il canale su TELEGRAM informazione di prima\u00a0 mano e in tempo reale. iscriviti ed aiutaci a farlo conoscere &nbsp; Quando facciamo benzina, paghiamo ancora i costi di una guerra voluta da Mussolini. Il 60% di ci\u00f2 che paghiamo non \u00e8 per la materia prima, ma per le tasse\u00a0imposte dal Governo Italiano. Ogni volta che&hellip;<\/p>\n","protected":false},"author":4,"featured_media":264857,"comment_status":"closed","ping_status":"closed","sticky":false,"template":"","format":"standard","meta":{"_monsterinsights_skip_tracking":false,"_monsterinsights_sitenote_active":false,"_monsterinsights_sitenote_note":"","_monsterinsights_sitenote_category":0,"footnotes":""},"categories":[104,86,49],"tags":[],"class_list":["post-264635","post","type-post","status-publish","format-standard","has-post-thumbnail","hentry","category-evidenza_3","category-gr","category-news-18","category-104","category-86","category-49","description-off"],"img_url":"https:\/\/www.radiopiu.net\/wordpress\/wp-content\/uploads\/2022\/03\/275614126_2075126649324069_3540772890844070487_n.jpg","_links":{"self":[{"href":"https:\/\/www.radiopiu.net\/wordpress\/wp-json\/wp\/v2\/posts\/264635","targetHints":{"allow":["GET"]}}],"collection":[{"href":"https:\/\/www.radiopiu.net\/wordpress\/wp-json\/wp\/v2\/posts"}],"about":[{"href":"https:\/\/www.radiopiu.net\/wordpress\/wp-json\/wp\/v2\/types\/post"}],"author":[{"embeddable":true,"href":"https:\/\/www.radiopiu.net\/wordpress\/wp-json\/wp\/v2\/users\/4"}],"replies":[{"embeddable":true,"href":"https:\/\/www.radiopiu.net\/wordpress\/wp-json\/wp\/v2\/comments?post=264635"}],"version-history":[{"count":0,"href":"https:\/\/www.radiopiu.net\/wordpress\/wp-json\/wp\/v2\/posts\/264635\/revisions"}],"wp:featuredmedia":[{"embeddable":true,"href":"https:\/\/www.radiopiu.net\/wordpress\/wp-json\/wp\/v2\/media\/264857"}],"wp:attachment":[{"href":"https:\/\/www.radiopiu.net\/wordpress\/wp-json\/wp\/v2\/media?parent=264635"}],"wp:term":[{"taxonomy":"category","embeddable":true,"href":"https:\/\/www.radiopiu.net\/wordpress\/wp-json\/wp\/v2\/categories?post=264635"},{"taxonomy":"post_tag","embeddable":true,"href":"https:\/\/www.radiopiu.net\/wordpress\/wp-json\/wp\/v2\/tags?post=264635"}],"curies":[{"name":"wp","href":"https:\/\/api.w.org\/{rel}","templated":true}]}}