{"id":264695,"date":"2022-03-15T05:40:06","date_gmt":"2022-03-15T04:40:06","guid":{"rendered":"https:\/\/www.radiopiu.net\/wordpress\/?p=264695"},"modified":"2022-03-15T05:59:12","modified_gmt":"2022-03-15T04:59:12","slug":"riaprono-i-centri-di-sollievo-in-agordino","status":"publish","type":"post","link":"https:\/\/www.radiopiu.net\/wordpress\/riaprono-i-centri-di-sollievo-in-agordino\/","title":{"rendered":"RIAPRONO I CENTRI DI SOLLIEVO IN AGORDINO"},"content":{"rendered":"<p><strong><a class=\"dt-pswp-item\" href=\"https:\/\/www.radiopiu.net\/wordpress\/wp-content\/uploads\/2020\/04\/ASCA.png\" data-dt-img-description=\"\" data-large_image_width=\"1211\" data-large_image_height=\"668\"><img loading=\"lazy\" decoding=\"async\" class=\"size-medium wp-image-128881 alignleft\" src=\"https:\/\/www.radiopiu.net\/wordpress\/wp-content\/uploads\/2020\/04\/ASCA-300x165.png\" alt=\"\" width=\"300\" height=\"165\" srcset=\"https:\/\/www.radiopiu.net\/wordpress\/wp-content\/uploads\/2020\/04\/ASCA-300x165.png 300w, https:\/\/www.radiopiu.net\/wordpress\/wp-content\/uploads\/2020\/04\/ASCA-1024x565.png 1024w, https:\/\/www.radiopiu.net\/wordpress\/wp-content\/uploads\/2020\/04\/ASCA-768x424.png 768w, https:\/\/www.radiopiu.net\/wordpress\/wp-content\/uploads\/2020\/04\/ASCA.png 1211w\" sizes=\"auto, (max-width: 300px) 100vw, 300px\" \/><\/a>AGORDO <\/strong>ASCA in collaborazione con l\u2019ULSS1 ed in qualit\u00e0 di ente gestore del Progetto Sollievo nell\u2019Agordino, promuove anche quest\u2019anno la ripresa delle attivit\u00e0 dei Centri di Sollievo sul territorio, che sono stati riaperti da luned\u00ec 7 marzo e gi\u00e0 vedono la presenza di una trentina di persone.\u00a0 Il progetto Regionale Sollievo, avviato nel 2013 e rinnovato per il 2022, nasce come servizio territoriale a favore delle persone affette da decadimento cognitivo e negli anni si \u00e8 dimostrata un\u2019importante risorsa per favorire la domiciliarit\u00e0, andando a ritardare od evitare l&#8217;istituzionalizzazione. I centri di Sollievo, attraverso la figura della psicologa che coordina le attivit\u00e0, forniscono supporto alla persona ed ai familiari monitorando gli stadi di avanzamento della malattia e fornendo supporto psicologico in tutte le fasi del percorso. Nell\u2019agordino a partire dal 2014, sono stati attivati quattro centri di Sollievo che si localizzano in diverse aree del territorio al fine di facilitare la frequenza da parte degli anziani. Attualmente sono attivi i Centri di Agordo, Cencenighe Agordino, Gosaldo e Rocca Pietore e ciascuno di questi garantisce almeno un\u2019apertura settimanale con incontri di circa di tre ore. Le persone che aderiscono al progetto possono raggiungere i Centri autonomamente, o in caso di impossibilit\u00e0, grazie al servizio di trasporto offerto dall\u2019associazione di Volontariato Auser. Le Associazioni di volontariato giocano un ruolo importante nella gestione delle attivit\u00e0 dei Centri, sia attraverso i servizi di accompagnamento, che attraverso il supporto fornito nello svolgimento delle attivit\u00e0 durante gli orari di apertura. Nei quattro centri vediamo la collaborazione dei Volontari del GAV e dell\u2019Auser che offrono una presenza continuativa e costante nel lavoro con gli anziani. Anche nei periodi di chiusura legati al contenimento della Pandemia da Covid-19, i Centri di Sollievo dell\u2019Agordino hanno mantenuto un contatto costante con l\u2019utenza, prevedendo telefonate periodiche da parte della psicologa, in attesa di poter riaprire in presenza. Il proseguimento delle attivit\u00e0 per il 2022, parte proprio dall\u2019idea che dare continuit\u00e0 a questi Centri sia un elemento fondamentale per la buona riuscita del progetto e dei percorsi di aiuto che riguardano i partecipanti.<\/p>\n<p>&nbsp;<\/p>\n<p>&nbsp;<\/p>\n<p>&nbsp;<\/p>\n<p>*****<\/p>\n","protected":false},"excerpt":{"rendered":"<p>AGORDO ASCA in collaborazione con l\u2019ULSS1 ed in qualit\u00e0 di ente gestore del Progetto Sollievo nell\u2019Agordino, promuove anche quest\u2019anno la ripresa delle attivit\u00e0 dei Centri di Sollievo sul territorio, che sono stati riaperti da luned\u00ec 7 marzo e gi\u00e0 vedono la presenza di una trentina di persone.\u00a0 Il progetto Regionale Sollievo, avviato nel 2013 e&hellip;<\/p>\n","protected":false},"author":4,"featured_media":128881,"comment_status":"closed","ping_status":"closed","sticky":false,"template":"","format":"standard","meta":{"_monsterinsights_skip_tracking":false,"_monsterinsights_sitenote_active":false,"_monsterinsights_sitenote_note":"","_monsterinsights_sitenote_category":0,"footnotes":""},"categories":[51,49],"tags":[],"class_list":["post-264695","post","type-post","status-publish","format-standard","has-post-thumbnail","hentry","category-evidenza-top","category-news-18","category-51","category-49","description-off"],"img_url":"https:\/\/www.radiopiu.net\/wordpress\/wp-content\/uploads\/2020\/04\/ASCA.png","_links":{"self":[{"href":"https:\/\/www.radiopiu.net\/wordpress\/wp-json\/wp\/v2\/posts\/264695","targetHints":{"allow":["GET"]}}],"collection":[{"href":"https:\/\/www.radiopiu.net\/wordpress\/wp-json\/wp\/v2\/posts"}],"about":[{"href":"https:\/\/www.radiopiu.net\/wordpress\/wp-json\/wp\/v2\/types\/post"}],"author":[{"embeddable":true,"href":"https:\/\/www.radiopiu.net\/wordpress\/wp-json\/wp\/v2\/users\/4"}],"replies":[{"embeddable":true,"href":"https:\/\/www.radiopiu.net\/wordpress\/wp-json\/wp\/v2\/comments?post=264695"}],"version-history":[{"count":0,"href":"https:\/\/www.radiopiu.net\/wordpress\/wp-json\/wp\/v2\/posts\/264695\/revisions"}],"wp:featuredmedia":[{"embeddable":true,"href":"https:\/\/www.radiopiu.net\/wordpress\/wp-json\/wp\/v2\/media\/128881"}],"wp:attachment":[{"href":"https:\/\/www.radiopiu.net\/wordpress\/wp-json\/wp\/v2\/media?parent=264695"}],"wp:term":[{"taxonomy":"category","embeddable":true,"href":"https:\/\/www.radiopiu.net\/wordpress\/wp-json\/wp\/v2\/categories?post=264695"},{"taxonomy":"post_tag","embeddable":true,"href":"https:\/\/www.radiopiu.net\/wordpress\/wp-json\/wp\/v2\/tags?post=264695"}],"curies":[{"name":"wp","href":"https:\/\/api.w.org\/{rel}","templated":true}]}}