{"id":264716,"date":"2022-03-15T05:41:26","date_gmt":"2022-03-15T04:41:26","guid":{"rendered":"https:\/\/www.radiopiu.net\/wordpress\/?p=264716"},"modified":"2022-03-15T05:58:52","modified_gmt":"2022-03-15T04:58:52","slug":"galleria-pala-rossa-di-lamon-presentato-protocollo-dintesa-per-realizzazione","status":"publish","type":"post","link":"https:\/\/www.radiopiu.net\/wordpress\/galleria-pala-rossa-di-lamon-presentato-protocollo-dintesa-per-realizzazione\/","title":{"rendered":"GALLERIA \u201cPALA ROSSA\u201d DI LAMON. PRESENTATO PROTOCOLLO D\u2019INTESA"},"content":{"rendered":"<p>&nbsp;<\/p>\n<p><strong>di\u00a0 MORENO GIOLI<\/strong><\/p>\n<audio class=\"wp-audio-shortcode\" id=\"audio-264716-1\" preload=\"none\" style=\"width: 100%;\" controls=\"controls\"><source type=\"audio\/mpeg\" src=\"https:\/\/www.radiopiu.net\/wordpress\/wp-content\/uploads\/2022\/03\/GIOLI.mp3?_=1\" \/><a href=\"https:\/\/www.radiopiu.net\/wordpress\/wp-content\/uploads\/2022\/03\/GIOLI.mp3\">https:\/\/www.radiopiu.net\/wordpress\/wp-content\/uploads\/2022\/03\/GIOLI.mp3<\/a><\/audio>\n<p>&nbsp;<\/p>\n<p><strong><a class=\"dt-pswp-item\" href=\"https:\/\/www.radiopiu.net\/wordpress\/wp-content\/uploads\/2022\/03\/640-2022.jpeg\" data-dt-img-description=\"\" data-large_image_width=\"1024\" data-large_image_height=\"762\"><img loading=\"lazy\" decoding=\"async\" class=\" wp-image-264770 alignleft\" src=\"https:\/\/www.radiopiu.net\/wordpress\/wp-content\/uploads\/2022\/03\/640-2022-300x223.jpeg\" alt=\"\" width=\"242\" height=\"180\" srcset=\"https:\/\/www.radiopiu.net\/wordpress\/wp-content\/uploads\/2022\/03\/640-2022-300x223.jpeg 300w, https:\/\/www.radiopiu.net\/wordpress\/wp-content\/uploads\/2022\/03\/640-2022-768x572.jpeg 768w, https:\/\/www.radiopiu.net\/wordpress\/wp-content\/uploads\/2022\/03\/640-2022.jpeg 1024w\" sizes=\"auto, (max-width: 242px) 100vw, 242px\" \/><\/a>VENEZIA <\/strong>\u201c<em>Oggi si aggiunge un ulteriore e fondamentale tassello per la viabilit\u00e0 del bellunese: si sblocca infatti un progetto il cui iter \u00e8 stato lungo e che ora pu\u00f2 finalmente procedere spedito verso la realizzazione. Questa infrastruttura cambier\u00e0 il volto del territorio non solo in termini di efficienza della rete stradale ma anche in termini di sicurezza: le ricadute saranno quindi positive e trasversali<\/em>\u201d. Cos\u00ec il Presidente della Regione Luca Zaia commenta la presentazione del Protocollo d\u2019intesa, avvenuta\u00a0 a Lamon, con il quale Regione Veneto, Provincia di Belluno, Provincia Autonoma di Trento, ANAS e Veneto Strade si impegnano al finanziamento delle attivit\u00e0 di progettazione e costruzione della galleria \u201cPala Rossa\u201d, nel comune di Lamon.<\/p>\n<p>&nbsp;<\/p>\n<p><strong>L&#8217;ASSESSORE REGIONALE ELISA\u00a0 DE BERTI<\/strong><\/p>\n<audio class=\"wp-audio-shortcode\" id=\"audio-264716-2\" preload=\"none\" style=\"width: 100%;\" controls=\"controls\"><source type=\"audio\/mpeg\" src=\"https:\/\/www.radiopiu.net\/wordpress\/wp-content\/uploads\/2022\/03\/DEBERTI.mp3?_=2\" \/><a href=\"https:\/\/www.radiopiu.net\/wordpress\/wp-content\/uploads\/2022\/03\/DEBERTI.mp3\">https:\/\/www.radiopiu.net\/wordpress\/wp-content\/uploads\/2022\/03\/DEBERTI.mp3<\/a><\/audio>\n<p><strong>IL PRESIDENTE DELLA PROVINCIA AUTONOMA DI TRENTO\u00a0 MAURIZIO FUGATTI\u00a0<\/strong><\/p>\n<audio class=\"wp-audio-shortcode\" id=\"audio-264716-3\" preload=\"none\" style=\"width: 100%;\" controls=\"controls\"><source type=\"audio\/mpeg\" src=\"https:\/\/www.radiopiu.net\/wordpress\/wp-content\/uploads\/2022\/03\/FUGATTI.mp3?_=3\" \/><a href=\"https:\/\/www.radiopiu.net\/wordpress\/wp-content\/uploads\/2022\/03\/FUGATTI.mp3\">https:\/\/www.radiopiu.net\/wordpress\/wp-content\/uploads\/2022\/03\/FUGATTI.mp3<\/a><\/audio>\n<p><strong>IL DEPUTATO DARIO BOND\u00a0<\/strong><\/p>\n<audio class=\"wp-audio-shortcode\" id=\"audio-264716-4\" preload=\"none\" style=\"width: 100%;\" controls=\"controls\"><source type=\"audio\/mpeg\" src=\"https:\/\/www.radiopiu.net\/wordpress\/wp-content\/uploads\/2022\/03\/BOND.mp3?_=4\" \/><a href=\"https:\/\/www.radiopiu.net\/wordpress\/wp-content\/uploads\/2022\/03\/BOND.mp3\">https:\/\/www.radiopiu.net\/wordpress\/wp-content\/uploads\/2022\/03\/BOND.mp3<\/a><\/audio>\n<blockquote><p><em> In base al Protocollo d\u2019Intesa, si prevede la realizzazione della galleria \u201cPala Rossa\u201d e dell\u2019adeguamento del piano viabile della SS 50 \u201cdel Grappa e del Passo Rolle\u201d. L\u2019opera prevede, inoltre, la realizzazione di due piccole deviazioni provvisorie, lungo la SS 50, in corrispondenza degli imbocchi sud e nord per consentire proprio la realizzazione dell\u2019opera, evitando l&#8217;interferenza tra traffico e cantieri. Secondo il progetto definitivo redatto da Veneto Strade, l\u2019opera sar\u00e0 lunga 950,24 m, di cui 84,82 m in galleria artificiale presso l\u2019imbocco sud e 17,50 m in artificiale presso l\u2019imbocco nord. Il costo complessivo dell\u2019intervento \u00e8 pari a 25.010.000 euro, di cui 8.010.000 euro dal Fondo per i Comuni Confinanti, 9.000.000 euro dalla Provincia Autonoma di Trento e 8.000.000 euro da ANAS.<\/em><\/p><\/blockquote>\n<p>*****<\/p>\n","protected":false},"excerpt":{"rendered":"<p>&nbsp; di\u00a0 MORENO GIOLI &nbsp; VENEZIA \u201cOggi si aggiunge un ulteriore e fondamentale tassello per la viabilit\u00e0 del bellunese: si sblocca infatti un progetto il cui iter \u00e8 stato lungo e che ora pu\u00f2 finalmente procedere spedito verso la realizzazione. Questa infrastruttura cambier\u00e0 il volto del territorio non solo in termini di efficienza della rete&hellip;<\/p>\n","protected":false},"author":4,"featured_media":264765,"comment_status":"closed","ping_status":"closed","sticky":false,"template":"","format":"standard","meta":{"_monsterinsights_skip_tracking":false,"_monsterinsights_sitenote_active":false,"_monsterinsights_sitenote_note":"","_monsterinsights_sitenote_category":0,"footnotes":""},"categories":[51,49],"tags":[],"class_list":["post-264716","post","type-post","status-publish","format-standard","has-post-thumbnail","hentry","category-evidenza-top","category-news-18","category-51","category-49","description-off"],"img_url":"https:\/\/www.radiopiu.net\/wordpress\/wp-content\/uploads\/2022\/03\/04d82784-94b9-4b77-89ea-32266dc38ab4.jpg","_links":{"self":[{"href":"https:\/\/www.radiopiu.net\/wordpress\/wp-json\/wp\/v2\/posts\/264716","targetHints":{"allow":["GET"]}}],"collection":[{"href":"https:\/\/www.radiopiu.net\/wordpress\/wp-json\/wp\/v2\/posts"}],"about":[{"href":"https:\/\/www.radiopiu.net\/wordpress\/wp-json\/wp\/v2\/types\/post"}],"author":[{"embeddable":true,"href":"https:\/\/www.radiopiu.net\/wordpress\/wp-json\/wp\/v2\/users\/4"}],"replies":[{"embeddable":true,"href":"https:\/\/www.radiopiu.net\/wordpress\/wp-json\/wp\/v2\/comments?post=264716"}],"version-history":[{"count":0,"href":"https:\/\/www.radiopiu.net\/wordpress\/wp-json\/wp\/v2\/posts\/264716\/revisions"}],"wp:featuredmedia":[{"embeddable":true,"href":"https:\/\/www.radiopiu.net\/wordpress\/wp-json\/wp\/v2\/media\/264765"}],"wp:attachment":[{"href":"https:\/\/www.radiopiu.net\/wordpress\/wp-json\/wp\/v2\/media?parent=264716"}],"wp:term":[{"taxonomy":"category","embeddable":true,"href":"https:\/\/www.radiopiu.net\/wordpress\/wp-json\/wp\/v2\/categories?post=264716"},{"taxonomy":"post_tag","embeddable":true,"href":"https:\/\/www.radiopiu.net\/wordpress\/wp-json\/wp\/v2\/tags?post=264716"}],"curies":[{"name":"wp","href":"https:\/\/api.w.org\/{rel}","templated":true}]}}