{"id":264859,"date":"2022-03-16T06:00:11","date_gmt":"2022-03-16T05:00:11","guid":{"rendered":"https:\/\/www.radiopiu.net\/wordpress\/?p=264859"},"modified":"2022-03-16T09:41:13","modified_gmt":"2022-03-16T08:41:13","slug":"giornale-radiopiu-16-marzo-2022-direttore-mirko-mezzacasa","status":"publish","type":"post","link":"https:\/\/www.radiopiu.net\/wordpress\/giornale-radiopiu-16-marzo-2022-direttore-mirko-mezzacasa\/","title":{"rendered":"GIORNALE RADIOPIU 16 MARZO 2022 DIRETTORE MIRKO MEZZACASA"},"content":{"rendered":"<h3 class=\"kvgmc6g5 cxmmr5t8 oygrvhab hcukyx3x c1et5uql\"><span style=\"color: #0000ff;\"><strong>INFORMAZIONE il canale su TELEGRAM informazione di prima\u00a0 <\/strong><\/span><span style=\"color: #0000ff;\"><strong>mano e in tempo reale. iscriviti ed aiutaci a farlo conoscere\u00a0<\/strong><\/span><\/h3>\n<p>&nbsp;<\/p>\n<blockquote>\n<h3>IERI COME OTTO ANNI FA, UN PO&#8217; DI SAHARA NEI CIELI DELLA PROVINCIA<\/h3>\n<\/blockquote>\n<div dir=\"auto\"><img decoding=\"async\" class=\"alignleft\" src=\"https:\/\/www.radiopiu.net\/wordpress\/wp-content\/uploads\/2022\/03\/276017834_1067147027196327_3643086597947043277_n.jpg\" \/>Il colore arancione delle sabbia del Sahara trasportato dal vento nei cieli di Arabba. L&#8217;ultima volta il fenomeno si era verificato con grande intensit\u00e0 nel febbraio 2014. Arpav monitora la situazione. <em>Bottacin: &#8220;I nostri meteorologi di Arpav a Teolo hanno simulato le traiettorie, confermando che la provenienza delle masse d&#8217;aria attualmente sulle Dolomiti ha origine dal Nord Africa e in particolare dal deserto del Sahara. Non appare comunque come un fenomeno pericoloso, anche se potrebbe portare a un aumento delle polveri sottili.&#8221; (pagina facebook assessore Gianpaolo Bottacin)<\/em><\/div>\n<div dir=\"auto\"><strong>\u00a0foto copertina: <\/strong><a class=\"oajrlxb2 g5ia77u1 qu0x051f esr5mh6w e9989ue4 r7d6kgcz rq0escxv nhd2j8a9 nc684nl6 p7hjln8o kvgmc6g5 cxmmr5t8 oygrvhab hcukyx3x jb3vyjys rz4wbd8a qt6c0cv9 a8nywdso i1ao9s8h esuyzwwr f1sip0of lzcic4wl gmql0nx0 gpro0wi8\" tabindex=\"0\" role=\"link\" href=\"https:\/\/www.facebook.com\/jole.dellandrea?comment_id=Y29tbWVudDo0OTUyMTk0MTg5MDk1NjdfNDk1MjM0NjQyMjQxMzc4&amp;__cft__[0]=AZXKUS9ZpQ07AKBQacuxw7fLH3q20witYvROgl396RXWGmaqr9m_qfXQNAu06ZhoI9lI6YocomgGeCsgYvgul9Nu8mm6aPpAPmaEeNGnfzQy7y99E-ev2BlXLCNoZzwjx_kRWTJbtn5uhqOh_WUozcSxFbIJiqBM2BLK0JwSeVjl0mu40l7J8ZDeAccPsrTwTOk&amp;__tn__=R]-R\"><span class=\"pq6dq46d\"><span class=\"d2edcug0 hpfvmrgz qv66sw1b c1et5uql lr9zc1uh a8c37x1j fe6kdd0r mau55g9w c8b282yb keod5gw0 nxhoafnm aigsh9s9 d9wwppkn mdeji52x e9vueds3 j5wam9gi lrazzd5p oo9gr5id\" dir=\"auto\">Jole Dell&#8217;Andrea<\/span><\/span><\/a> Passo Giau<\/div>\n<div dir=\"auto\">\n\n\t\t\t<style type='text\/css'>\n\t\t\t\t#gallery-1 {\n\t\t\t\t\tmargin: auto;\n\t\t\t\t}\n\t\t\t\t#gallery-1 .gallery-item {\n\t\t\t\t\tfloat: left;\n\t\t\t\t\tmargin-top: 10px;\n\t\t\t\t\ttext-align: center;\n\t\t\t\t\twidth: 50%;\n\t\t\t\t}\n\t\t\t\t#gallery-1 img {\n\t\t\t\t\tborder: 2px solid #cfcfcf;\n\t\t\t\t}\n\t\t\t\t#gallery-1 .gallery-caption {\n\t\t\t\t\tmargin-left: 0;\n\t\t\t\t}\n\t\t\t\t\/* see gallery_shortcode() in wp-includes\/media.php *\/\n\t\t\t<\/style>\n\t\t<div id='gallery-1' class='dt-gallery-container gallery galleryid-264859 gallery-columns-2 gallery-size-medium'><dl class='gallery-item'>\n\t\t\t\t<dt class='gallery-icon portrait'>\n\t\t\t\t\t<a class=\"rollover rollover-zoom dt-pswp-item\" title=\"275951276_10158714549817544_3982815069490282907_n\" data-dt-img-description=\"\" data-large_image_width=\"520\" data-large_image_height=\"720\"href='https:\/\/www.radiopiu.net\/wordpress\/wp-content\/uploads\/2022\/03\/275951276_10158714549817544_3982815069490282907_n.jpg'><img loading=\"lazy\" decoding=\"async\" width=\"217\" height=\"300\" src=\"https:\/\/www.radiopiu.net\/wordpress\/wp-content\/uploads\/2022\/03\/275951276_10158714549817544_3982815069490282907_n-217x300.jpg\" class=\"attachment-medium size-medium\" alt=\"\" srcset=\"https:\/\/www.radiopiu.net\/wordpress\/wp-content\/uploads\/2022\/03\/275951276_10158714549817544_3982815069490282907_n-217x300.jpg 217w, https:\/\/www.radiopiu.net\/wordpress\/wp-content\/uploads\/2022\/03\/275951276_10158714549817544_3982815069490282907_n.jpg 520w\" sizes=\"auto, (max-width: 217px) 100vw, 217px\" \/><\/a>\n\t\t\t\t<\/dt><\/dl><dl class='gallery-item'>\n\t\t\t\t<dt class='gallery-icon portrait'>\n\t\t\t\t\t<a class=\"rollover rollover-zoom dt-pswp-item\" title=\"275919490_10158714599267544_7984547308827193132_n\" data-dt-img-description=\"\" data-large_image_width=\"514\" data-large_image_height=\"640\"href='https:\/\/www.radiopiu.net\/wordpress\/wp-content\/uploads\/2022\/03\/275919490_10158714599267544_7984547308827193132_n.jpg'><img loading=\"lazy\" decoding=\"async\" width=\"241\" height=\"300\" src=\"https:\/\/www.radiopiu.net\/wordpress\/wp-content\/uploads\/2022\/03\/275919490_10158714599267544_7984547308827193132_n-241x300.jpg\" class=\"attachment-medium size-medium\" alt=\"\" srcset=\"https:\/\/www.radiopiu.net\/wordpress\/wp-content\/uploads\/2022\/03\/275919490_10158714599267544_7984547308827193132_n-241x300.jpg 241w, https:\/\/www.radiopiu.net\/wordpress\/wp-content\/uploads\/2022\/03\/275919490_10158714599267544_7984547308827193132_n.jpg 514w\" sizes=\"auto, (max-width: 241px) 100vw, 241px\" \/><\/a>\n\t\t\t\t<\/dt><\/dl><br style=\"clear: both\" \/>\n\t\t\t<\/div>\n\n<\/div>\n<div dir=\"auto\"><\/div>\n<p>&nbsp;<\/p>\n<div>\n<div class=\"q9uorilb sf5mxxl7 pgctjfs5\">\n<div class=\"no6464jc pedkr2u6 nv5ty6hh\">\n<div class=\"oajrlxb2 gs1a9yip mtkw9kbi tlpljxtp qensuy8j ppp5ayq2 rq0escxv nhd2j8a9 mg4g778l pfnyh3mw p7hjln8o tgvbjcpo hpfvmrgz i1ao9s8h esuyzwwr f1sip0of du4w35lb n00je7tq arfg74bv qs9ysxi8 k77z8yql btwxx1t3 abiwlrkh p8dawk7l lzcic4wl dwo3fsh8 g5ia77u1 goun2846 ccm00jje s44p3ltw mk2mc5f4 rt8b4zig n8ej3o3l agehan2d sk4xxmp2 pq6dq46d kvgmc6g5 cxmmr5t8 oygrvhab hcukyx3x jb3vyjys rz4wbd8a qt6c0cv9 a8nywdso l9j0dhe7 pzggbiyp pkj7ub1o bqnlxs5p kkg9azqs c24pa1uk ln9iyx3p fe6kdd0r ar1oviwq l10q8mi9 sq40qgkc s8quxz6p pdjglbur\" tabindex=\"0\" role=\"button\" aria-expanded=\"false\" aria-haspopup=\"menu\" aria-label=\"Elimina, nascondi o segnala\">\n<p>&nbsp;<\/p>\n<div class=\"i09qtzwb n7fi1qx3 b5wmifdl hzruof5a pmk7jnqg j9ispegn kr520xx4 c5ndavph art1omkt ot9fgl3s rnr61an3 s45kfl79 emlxlaya bkmhp75w spb7xbtv\" data-visualcompletion=\"ignore\"><\/div>\n<\/div>\n<\/div>\n<\/div>\n<\/div>\n<div class=\"j83agx80 bvz0fpym c1et5uql\">\n<div class=\"k4urcfbm sf5mxxl7 l9j0dhe7 pq6dq46d\">\n<div class=\"k4urcfbm hpfvmrgz g5gj957u buofh1pr mg4g778l\">\n<div class=\"e72ty7fz qlfml3jp inkptoze qmr60zad q9uorilb tvmbv18p d2edcug0 ni8dbmo4 stjgntxs l9j0dhe7 sf5mxxl7 kvgmc6g5\"><\/div>\n<\/div>\n<\/div>\n<\/div>\n<hr \/>\n<p>&nbsp;<\/p>\n<p><span style=\"color: #ff0000;\"><strong><a class=\"dt-pswp-item\" href=\"https:\/\/www.radiopiu.net\/wordpress\/wp-content\/uploads\/2018\/07\/PARK-NOF-FILO.jpg\" data-dt-img-description=\"\" data-large_image_width=\"970\" data-large_image_height=\"634\"><img loading=\"lazy\" decoding=\"async\" class=\"wp-image-52828 alignleft\" src=\"https:\/\/www.radiopiu.net\/wordpress\/wp-content\/uploads\/2018\/07\/PARK-NOF-FILO-300x196.jpg\" alt=\"\" width=\"191\" height=\"125\" srcset=\"https:\/\/www.radiopiu.net\/wordpress\/wp-content\/uploads\/2018\/07\/PARK-NOF-FILO-300x196.jpg 300w, https:\/\/www.radiopiu.net\/wordpress\/wp-content\/uploads\/2018\/07\/PARK-NOF-FILO-768x502.jpg 768w, https:\/\/www.radiopiu.net\/wordpress\/wp-content\/uploads\/2018\/07\/PARK-NOF-FILO.jpg 970w\" sizes=\"auto, (max-width: 191px) 100vw, 191px\" \/><\/a>VACCINAZIONI ANTI COVID AD ACCESSO LIBERO<\/strong><\/span><\/p>\n<blockquote>\n<h3>DOMENICA 20 MARZO DALLE 10 ALLE 12, in collaborazione con l&#8217;amministrazione comunale<\/h3>\n<\/blockquote>\n<p><strong>CENCENIGHE\u00a0 <\/strong>I medici di medicina generale propongono una nuova giornata di vaccinazioni per tutti, ad accesso libero. Domenica per due ore al Nof Filo&#8217; di Cencenighe dalle 10 del mattino. Il medico di famiglia sar\u00e0 disponibile e rispondere alle domande e chiarire eventuali dubbi. Accedere alla sala con tessera sanitaria e schena anamnestica compilata. Informazioni: www.aulss1.vento.it<\/p>\n<div dir=\"auto\"><\/div>\n<div dir=\"auto\"><\/div>\n<hr \/>\n<p>&nbsp;<\/p>\n<blockquote>\n<h3>AIUTI ALL&#8217;UCRAINA<\/h3>\n<\/blockquote>\n<p><strong>AGORDO<\/strong> L&#8217;azienda speciale Agordo Servizi, presso la farmacia comunale di Agordo, promuove una raccolta di farmaci e dispositivi medici in favore della popolazione ucraina colpita dalla guerra. Informazioni allo 0437 62564<\/p>\n<p>&nbsp;<\/p>\n<p><strong class=\"photoswipe-wrapper\">CANALE D\u2019AGORDO<\/strong> campagna di aiuto alla popolazione ucraina anche in Agordino. Nella sala consigliare di Canale D\u2019Agordo\u00a0 TUTTI I GIORNI dalle 9 alle 19,<\/p>\n<p><strong><a class=\"dt-pswp-item\" href=\"https:\/\/www.radiopiu.net\/wordpress\/wp-content\/uploads\/2022\/03\/275724274_1104582896993944_9153074092240644627_n.jpg\" data-dt-img-description=\"\" data-large_image_width=\"526\" data-large_image_height=\"770\"><img loading=\"lazy\" decoding=\"async\" class=\" wp-image-264655 alignleft\" src=\"https:\/\/www.radiopiu.net\/wordpress\/wp-content\/uploads\/2022\/03\/275724274_1104582896993944_9153074092240644627_n-205x300.jpg\" alt=\"\" width=\"97\" height=\"141\" srcset=\"https:\/\/www.radiopiu.net\/wordpress\/wp-content\/uploads\/2022\/03\/275724274_1104582896993944_9153074092240644627_n-205x300.jpg 205w, https:\/\/www.radiopiu.net\/wordpress\/wp-content\/uploads\/2022\/03\/275724274_1104582896993944_9153074092240644627_n.jpg 526w\" sizes=\"auto, (max-width: 97px) 100vw, 97px\" \/><\/a><\/strong><\/p>\n<p>&nbsp;<\/p>\n<blockquote>\n<h3>UN UOVO DI PASQUA PER L\u2019UCRAINA<\/h3>\n<\/blockquote>\n<p><strong>BELLUNO<\/strong> Quest\u2019anno i Cori della provincia di Belluno capitanati dalla Corale di Limana si sono uniti per dar vita ad un progetto davvero unico e ambizioso, realizzare un uovo di cioccolato al latte da vendere per beneficenza. Sono gi\u00e0 aperte le prenotazioni dell\u2019uovo chiamando o inviando un messaggio Whatsapp al numero 3283847717. Chiusura delle prenotazioni giorno 25 Marzo 2022<\/p>\n<p>&nbsp;<\/p>\n<p>&nbsp;<\/p>\n<hr \/>\n<blockquote>\n<h3>SCONTRO IN PISTA, FERITI ENTRAMBI GLI SCIATORI<\/h3>\n<\/blockquote>\n<p style=\"text-align: left;\"><strong><a class=\"dt-pswp-item\" href=\"https:\/\/www.radiopiu.net\/wordpress\/wp-content\/uploads\/2022\/03\/ec3a2eb7-d15d-485b-aca0-e88d7c9bb168.jpg\" data-dt-img-description=\"\" data-large_image_width=\"1200\" data-large_image_height=\"1600\"><img loading=\"lazy\" decoding=\"async\" class=\" wp-image-264963 alignleft\" src=\"https:\/\/www.radiopiu.net\/wordpress\/wp-content\/uploads\/2022\/03\/ec3a2eb7-d15d-485b-aca0-e88d7c9bb168-225x300.jpg\" alt=\"\" width=\"100\" height=\"133\" srcset=\"https:\/\/www.radiopiu.net\/wordpress\/wp-content\/uploads\/2022\/03\/ec3a2eb7-d15d-485b-aca0-e88d7c9bb168-225x300.jpg 225w, https:\/\/www.radiopiu.net\/wordpress\/wp-content\/uploads\/2022\/03\/ec3a2eb7-d15d-485b-aca0-e88d7c9bb168-768x1024.jpg 768w, https:\/\/www.radiopiu.net\/wordpress\/wp-content\/uploads\/2022\/03\/ec3a2eb7-d15d-485b-aca0-e88d7c9bb168-1152x1536.jpg 1152w, https:\/\/www.radiopiu.net\/wordpress\/wp-content\/uploads\/2022\/03\/ec3a2eb7-d15d-485b-aca0-e88d7c9bb168.jpg 1200w\" sizes=\"auto, (max-width: 100px) 100vw, 100px\" \/><\/a>SELVA DI CADORE<\/strong> Un altro incidente sugli\u00a0 sci dovuto ad uno scontro, di nuovo sul Fertazza pista Ciaune. Ieri al mattino sono entrati in violento contatto un veneziano di 72 anni e un ragazzo (minorenne) della Repubblica Ceca. Feriti entrambi, <span style=\"color: #000000;\"><span style=\"font-size: small;\"> ma\u00a0 lo sciatore pi\u00f9 anziano\u00a0 ha avuto la peggio riportando diversi traumi al tronco e alla testa ed \u00e8 stato elitrasportato all\u2019ospedale San Martino di Belluno per ricevere le cure necessarie mentre il giovane sciatore lamentava dolori al ginocchio \u00e8 stato trasportato in ambulanza all\u2019ospedale di Agordo. Nell&#8217;operazione di soccorso, in attesa dell&#8217;arrivo dell&#8217;elicottero del Suem sono intervenuti i Carabinieri<\/span><\/span><u><b><\/b><\/u>\u00a0 Forestali in servizio vigilanza e soccorso piste. <span style=\"color: #000000;\"><span style=\"font-size: small;\">Ancora una volta i militari si sono resi protagonisti di un intervento tempestivo rendendo subito i primi soccorsi agli sfortunati sciatori e allertando l\u2019eliambulanza provvedendo altres\u00ec a mettere in sicurezza la pista in modo da agevolare l\u2019atterraggio e quindi l\u2019intervento dei soccorritori del 118.<\/span><\/span><\/p>\n<p>&nbsp;<\/p>\n<hr \/>\n<p>&nbsp;<\/p>\n<p><strong>IL LUTTO<\/strong><\/p>\n<blockquote>\n<h3>CON MIRCO SCOMPARE UN&#8217;ISTITUZIONE PER MEANO<\/h3>\n<\/blockquote>\n<p><strong><a class=\"dt-pswp-item\" href=\"https:\/\/www.radiopiu.net\/wordpress\/wp-content\/uploads\/2022\/03\/th-11.jpg\" data-dt-img-description=\"\" data-large_image_width=\"160\" data-large_image_height=\"211\"><img loading=\"lazy\" decoding=\"async\" class=\"size-full wp-image-265089 alignleft\" src=\"https:\/\/www.radiopiu.net\/wordpress\/wp-content\/uploads\/2022\/03\/th-11.jpg\" alt=\"\" width=\"160\" height=\"211\" \/><\/a>SANTA GIUSTINA\u00a0<\/strong> E&#8217; mancato il noto imprenditore Mirco Pol (86 anni) a lungo titolare di un noto negozio d&#8217;abbigliamento. Negli ultimi tempi soggiornava alla casa di riposo proprio di Meano. La notizia della morte ha innescato una lunga serie di messaggi di affetto nelle pagine social, lascia due figli, Andrea e Nicola e tre nipoti, Simone, Riccardo ed Arianna. Mirco era zio di Giuseppe &#8220;Bepi&#8221; Pol, ex presidente della Plavis di calcio che lo ha salutato cos\u00ec su Facebook.<em> \u00ab\u00c8 difficile dimenticare qualcuno che ti ha dato cos\u00ec tanto da ricordare. I viaggi in giro per l&#8217;Italia e le mangiate di pesce con la zia Anna&#8230; sarai sempre nel mio cuore\u00bb<\/em>.\u00a0 Oltre alla sua attivit\u00e0 imprenditoriale, passione ereditata da pap\u00e0 Giuseppe che andava a cavallo nell&#8217;Agordino a vendere le stoffe, si \u00e8 sempre dato da fare per Meano\u00a0 ed era grande appassionato\u00a0 della Plavis,<\/p>\n<p>&nbsp;<\/p>\n<hr \/>\n<p>&nbsp;<\/p>\n<blockquote>\n<h3>CADE IN SEGUITO A MALORE, ANZIANO SOCCORSO DAI POMPIERI <strong>\u00a0<\/strong><\/h3>\n<\/blockquote>\n<p><strong><a href=\"https:\/\/www.radiopiu.net\/wordpress\/wp-content\/uploads\/2022\/03\/fire-brigade-7031843__340.webp\"><img loading=\"lazy\" decoding=\"async\" class=\"wp-image-265092 alignleft\" src=\"https:\/\/www.radiopiu.net\/wordpress\/wp-content\/uploads\/2022\/03\/fire-brigade-7031843__340-300x200.webp\" alt=\"\" width=\"158\" height=\"105\" srcset=\"https:\/\/www.radiopiu.net\/wordpress\/wp-content\/uploads\/2022\/03\/fire-brigade-7031843__340-300x200.webp 300w, https:\/\/www.radiopiu.net\/wordpress\/wp-content\/uploads\/2022\/03\/fire-brigade-7031843__340.webp 510w\" sizes=\"auto, (max-width: 158px) 100vw, 158px\" \/><\/a>ALPAGO<\/strong> \u00a0Un anziano di Farra d&#8217;Alpago si \u00e8 sentito male\u00a0 in casa. I vicini non vedendolo uscire hanno chiamato il numero di emergenza 118. Coinvolti anche i pompieri del Comando di Belluno, che una volta sul posto hanno provveduto a sfondare una finestra, in maniera da entrare nell&#8217;appartamento e hanno trovato il 78enne a terra, dolorante, ma cosciente. E&#8217; stato trasportato al Pronto soccorso dell&#8217;ospedale San Martino di Belluno per tutti gli accertamenti necessari.<\/p>\n<p>&nbsp;<\/p>\n<p>&nbsp;<\/p>\n<hr \/>\n<p>&nbsp;<\/p>\n<blockquote>\n<h3><strong>CONTROCORRENTE\u00a0<\/strong><\/h3>\n<p><strong>ZARDINI CONTRO GLI AMBIENTALISTI &#8220;IL COLLEGAMENTO\u00a0 SCIISTICO S&#8217;HA DA FARE&#8221;<\/strong><\/p><\/blockquote>\n<p><strong><a class=\"dt-pswp-item\" href=\"https:\/\/www.radiopiu.net\/wordpress\/wp-content\/uploads\/2022\/03\/ARABBA-FUNIVIE.jpg\" data-dt-img-description=\"\" data-large_image_width=\"1046\" data-large_image_height=\"428\"><img loading=\"lazy\" decoding=\"async\" class=\" wp-image-265093 alignleft\" src=\"https:\/\/www.radiopiu.net\/wordpress\/wp-content\/uploads\/2022\/03\/ARABBA-FUNIVIE-300x123.jpg\" alt=\"\" width=\"222\" height=\"91\" srcset=\"https:\/\/www.radiopiu.net\/wordpress\/wp-content\/uploads\/2022\/03\/ARABBA-FUNIVIE-300x123.jpg 300w, https:\/\/www.radiopiu.net\/wordpress\/wp-content\/uploads\/2022\/03\/ARABBA-FUNIVIE-1024x419.jpg 1024w, https:\/\/www.radiopiu.net\/wordpress\/wp-content\/uploads\/2022\/03\/ARABBA-FUNIVIE-768x314.jpg 768w, https:\/\/www.radiopiu.net\/wordpress\/wp-content\/uploads\/2022\/03\/ARABBA-FUNIVIE.jpg 1046w\" sizes=\"auto, (max-width: 222px) 100vw, 222px\" \/><\/a>CORTINA<\/strong> In territorio Fodom il titolo far\u00e0 sobbalzare coloro che da mesi si stanno battendo contro nuovi impianti per collegare Cortina ad Arabba, Val Badia o Civetta. Marco Zardini, che fa parte della task force di impiantisti che ha lanciato l&#8217;idea progettuale insiste perch\u00e9 il\u00a0 collegamento\u00a0 manca e dovrebbe essere realizzato\u00a0 prima delle Olimpiadi.\u00a0 Il 7 gennaio la Regione ha affidato l&#8217;incarico per la redazione del progetto di fattibilit\u00e0 tecnico-economica per un importo di 71.560 euro.\u00a0 Per Zardini\u00a0 il collegamento per gli operatori \u00e8 irrinunciabile, come dichiarato al Corriere delle Alpi. L&#8217;idea progettuale della Regione: un tracciato per il Civetta, salendo al Giau e successivamente verso il Col Fertazza che escluderebbero il transito da Arabba. &#8220;Sponsor&#8221; principale dell&#8217;iniziativa dell&#8217;assessore trevigiano\u00a0 Federico Caner\u00a0 che di Agordino ha solo\u00a0 la seconda casa a Masar\u00e8 di\u00a0 Rocca Pietore, un politico\u00a0 che meglio farebbe a confrontarsi con il territorio<\/p>\n<p>&nbsp;<\/p>\n<p><strong> \u00a0ARCHIVIO RADIOPIU\u00a0<\/strong><\/p>\n<blockquote class=\"wp-embedded-content\" data-secret=\"oupFFHmXcV\"><p><a href=\"https:\/\/www.radiopiu.net\/wordpress\/il-comitato-ju-le-man-da-nosta-tiera-scrive-a-zaia-dopo-lannuncio-dei-collegamenti-degli-impianti-con-alleghe-e-arabba\/\">IL COMITATO &#8220;JU LE MAN DA NOSTA TIERA&#8221; SCRIVE A ZAIA DOPO L&#8217;ANNUNCIO DEI COLLEGAMENTI DEGLI IMPIANTI CON ALLEGHE E ARABBA<\/a><\/p><\/blockquote>\n<p><iframe loading=\"lazy\" class=\"wp-embedded-content\" sandbox=\"allow-scripts\" security=\"restricted\" style=\"position: absolute; clip: rect(1px, 1px, 1px, 1px);\" title=\"&#8220;IL COMITATO &#8220;JU LE MAN DA NOSTA TIERA&#8221; SCRIVE A ZAIA DOPO L&#8217;ANNUNCIO DEI COLLEGAMENTI DEGLI IMPIANTI CON ALLEGHE E ARABBA&#8221; &#8212; Radio Pi\u00f9\" src=\"https:\/\/www.radiopiu.net\/wordpress\/il-comitato-ju-le-man-da-nosta-tiera-scrive-a-zaia-dopo-lannuncio-dei-collegamenti-degli-impianti-con-alleghe-e-arabba\/embed\/#?secret=oupFFHmXcV\" data-secret=\"oupFFHmXcV\" width=\"600\" height=\"338\" frameborder=\"0\" marginwidth=\"0\" marginheight=\"0\" scrolling=\"no\"><\/iframe><\/p>\n<p>&nbsp;<\/p>\n<p>&nbsp;<\/p>\n<hr \/>\n<p>&nbsp;<\/p>\n<blockquote>\n<h3>VENERDI OTTO ORE DI SCIOPERO ALLA DIAB DI LONGARONE<\/h3>\n<\/blockquote>\n<blockquote>\n<div align=\"left\"><em>Deola: &#8220;<span style=\"color: #000000; font-family: Helvetica;\">\u201cLicenziare 185 dipendenti su 250 significa chiudere l\u2019azienda, inaccettabile una dichiarazione di esuberi cos\u00ec consistente senza aver presentato un piano industriale con le alternative utili all\u2019assorbimento degli esuberi\u201d.<\/span><\/em><em>\u00a0<\/em><\/div>\n<\/blockquote>\n<div align=\"left\"><strong><img loading=\"lazy\" decoding=\"async\" class=\"alignleft\" src=\"https:\/\/www.radiopiu.net\/wordpress\/wp-content\/uploads\/2022\/03\/th-10.jpg\" width=\"224\" height=\"125\" \/><\/strong><\/div>\n<div align=\"left\"><\/div>\n<div align=\"left\">\n<audio class=\"wp-audio-shortcode\" id=\"audio-264859-1\" preload=\"none\" style=\"width: 100%;\" controls=\"controls\"><source type=\"audio\/mpeg\" src=\"https:\/\/www.radiopiu.net\/wordpress\/wp-content\/uploads\/2022\/03\/deola.mp3?_=1\" \/><a href=\"https:\/\/www.radiopiu.net\/wordpress\/wp-content\/uploads\/2022\/03\/deola.mp3\">https:\/\/www.radiopiu.net\/wordpress\/wp-content\/uploads\/2022\/03\/deola.mp3<\/a><\/audio>\n<\/div>\n<div align=\"left\"><\/div>\n<div align=\"left\"><\/div>\n<div align=\"left\">\n<hr \/>\n<\/div>\n<div align=\"left\">\n<blockquote>\n<h3 align=\"left\"><\/h3>\n<\/blockquote>\n<h3 align=\"left\"><\/h3>\n<p>&nbsp;<\/p>\n<h3 align=\"left\">CARO BENZINA SI LAMENTA ANCHE LA FISASCAT CISL CON I RAPPRESENTANTI DI COMMERCIO,<\/h3>\n<div align=\"left\">\n<div align=\"left\"><em><span style=\"color: #000000; font-family: Helvetica;\">&#8220;Fermare questa categoria significa bloccare lavoratori che movimentano ogni anno tra il 60% e il 70% del PIL italiano\u201d.\u00a0<\/span><\/em><\/div>\n<div align=\"left\">\n<div style=\"text-align: left;\" align=\"left\"><span style=\"color: #000000; font-family: Helvetica;\"><a class=\"dt-pswp-item\" href=\"https:\/\/www.radiopiu.net\/wordpress\/wp-content\/uploads\/2022\/03\/Dario-Zanatta-Fisascat.jpeg\" data-dt-img-description=\"\" data-large_image_width=\"1984\" data-large_image_height=\"1488\"><img loading=\"lazy\" decoding=\"async\" class=\"wp-image-264959 alignleft\" src=\"https:\/\/www.radiopiu.net\/wordpress\/wp-content\/uploads\/2022\/03\/Dario-Zanatta-Fisascat-300x225.jpeg\" alt=\"\" width=\"209\" height=\"157\" srcset=\"https:\/\/www.radiopiu.net\/wordpress\/wp-content\/uploads\/2022\/03\/Dario-Zanatta-Fisascat-300x225.jpeg 300w, https:\/\/www.radiopiu.net\/wordpress\/wp-content\/uploads\/2022\/03\/Dario-Zanatta-Fisascat-1024x768.jpeg 1024w, https:\/\/www.radiopiu.net\/wordpress\/wp-content\/uploads\/2022\/03\/Dario-Zanatta-Fisascat-768x576.jpeg 768w, https:\/\/www.radiopiu.net\/wordpress\/wp-content\/uploads\/2022\/03\/Dario-Zanatta-Fisascat-1536x1152.jpeg 1536w, https:\/\/www.radiopiu.net\/wordpress\/wp-content\/uploads\/2022\/03\/Dario-Zanatta-Fisascat.jpeg 1984w\" sizes=\"auto, (max-width: 209px) 100vw, 209px\" \/><\/a><strong>TREVISO-BELLUNO<\/strong> Un colpo durissimo a tutta la categoria, gi\u00e0 messa a dura prova prima dalla pandemia, poi dalla carenza di materie prime che ha influito negativamente sugli ordini. Oggi, il caro carburante rischia di assestare un colpo durissimo, forse letale, agli oltre 5.000 agenti di commercio delle province di Belluno e Treviso (800 nel Bellunese e 4.200 nella Marca). Questo il grido di allarme della Fisascat Cisl Belluno Treviso, come spiega il responsabile del settore, nonch\u00e9 delegato Enasarco, Dario Zanatta<\/span><span style=\"color: #000000; font-family: Helvetica;\">: <\/span><em><span style=\"color: #000000; font-family: Helvetica;\">\u201cChiediamo\u00a0 al Governo e alla Regione di intervenire concretamente e con urgenza per gli agenti di commercio perch\u00e9, senza coloro che favoriscono la vendita di beni e servizi, rischiano di esserci importanti ricadute su qualsiasi tipo di ripresa e un aggravio dei costi per le aziende&#8221;<\/span><\/em><\/div>\n<div align=\"left\"><\/div>\n<div align=\"left\"><strong>AUDIO, DAI NOTIZIARI DI RADIO PIU, DARIO ZANATTA\u00a0<\/strong><\/div>\n<\/div>\n<\/div>\n<div align=\"left\">\n<div align=\"left\">\n<audio class=\"wp-audio-shortcode\" id=\"audio-264859-2\" preload=\"none\" style=\"width: 100%;\" controls=\"controls\"><source type=\"audio\/mpeg\" src=\"https:\/\/www.radiopiu.net\/wordpress\/wp-content\/uploads\/2022\/03\/ZANATTA.mp3?_=2\" \/><a href=\"https:\/\/www.radiopiu.net\/wordpress\/wp-content\/uploads\/2022\/03\/ZANATTA.mp3\">https:\/\/www.radiopiu.net\/wordpress\/wp-content\/uploads\/2022\/03\/ZANATTA.mp3<\/a><\/audio>\n<\/div>\n<\/div>\n<blockquote>\n<div align=\"left\">\n<div align=\"left\">\n<div align=\"left\"><\/div>\n<\/div>\n<div align=\"left\">\n<p>&nbsp;<\/p>\n<\/div>\n<\/div>\n<\/blockquote>\n<div align=\"left\">\n<hr \/>\n<\/div>\n<blockquote>\n<h3 align=\"left\"><\/h3>\n<h3 align=\"left\">AGENTI BELLUNESI IN BICI ASSISTITA O MOTORINO!<\/h3>\n<\/blockquote>\n<\/div>\n<div align=\"left\">\n<p><strong><a class=\"dt-pswp-item\" href=\"https:\/\/www.radiopiu.net\/wordpress\/wp-content\/uploads\/2018\/06\/Roccon-Franco.jpg\" data-dt-img-description=\"\" data-large_image_width=\"402\" data-large_image_height=\"483\"><img loading=\"lazy\" decoding=\"async\" class=\" wp-image-52102 alignleft\" src=\"https:\/\/www.radiopiu.net\/wordpress\/wp-content\/uploads\/2018\/06\/Roccon-Franco-250x300.jpg\" alt=\"\" width=\"112\" height=\"134\" srcset=\"https:\/\/www.radiopiu.net\/wordpress\/wp-content\/uploads\/2018\/06\/Roccon-Franco-250x300.jpg 250w, https:\/\/www.radiopiu.net\/wordpress\/wp-content\/uploads\/2018\/06\/Roccon-Franco.jpg 402w\" sizes=\"auto, (max-width: 112px) 100vw, 112px\" \/><\/a>BELLUNO <\/strong>\u00a0Gli Agenti di Commercio, come tutta la filiera produttiva, rischiano la paralisi, fermi al palo con costi non pi\u00f9 sostenibili per il caro carburanti e con provvigioni ferme al 2020-2021 che non tengono conto degli enormi aumenti delle spese per la professione. Troppo pesante la pressione fiscale sul reddito (53,5%) e il costo indotto per esercitare la propria professione che gli Agenti di commercio devono sostenere per un\u2019attivit\u00e0 che movimenta il 70% del PIL nazionale. Dopo due anni di Covid che li ha obbligati ad un\u2019alternanza tra lavoro e pause forzate con ricavi ridotti all\u2019osso, ora l\u2019incertezza internazionale che grava sulla produzione ma anche sui costi diretti per chi fa mediamente 40-50.000 chilometri all\u2019anno, non sono pi\u00f9 accettabili per una professione che conta 235.000 operatori in Italia, con bilanci famigliari e disponibilit\u00e0 sempre pi\u00f9 risicate.<\/p>\n<p><strong>AUDIO, FRANCO ROCCON\u00a0<\/strong><\/p>\n<audio class=\"wp-audio-shortcode\" id=\"audio-264859-3\" preload=\"none\" style=\"width: 100%;\" controls=\"controls\"><source type=\"audio\/mpeg\" src=\"https:\/\/www.radiopiu.net\/wordpress\/wp-content\/uploads\/2022\/03\/roccon.mp3?_=3\" \/><a href=\"https:\/\/www.radiopiu.net\/wordpress\/wp-content\/uploads\/2022\/03\/roccon.mp3\">https:\/\/www.radiopiu.net\/wordpress\/wp-content\/uploads\/2022\/03\/roccon.mp3<\/a><\/audio>\n<p>&nbsp;<\/p>\n<p>&nbsp;<\/p>\n<hr \/>\n<p>&nbsp;<\/p>\n<p>&nbsp;<\/p>\n<blockquote><p><strong>DILLO A RADIO PIU&#8217;&#8230;.<\/strong><br \/>\n<strong>In periodo di siccit\u00e0 anche lo scoppio di petardi \u00e8 un pericolo\u00a0<\/strong><\/p>\n<p><strong><a href=\"https:\/\/www.radiopiu.net\/wordpress\/wp-content\/uploads\/2022\/03\/firecrackers-4682692__340.webp\"><img loading=\"lazy\" decoding=\"async\" class=\"wp-image-265080 alignleft\" src=\"https:\/\/www.radiopiu.net\/wordpress\/wp-content\/uploads\/2022\/03\/firecrackers-4682692__340-300x205.webp\" alt=\"\" width=\"147\" height=\"101\" srcset=\"https:\/\/www.radiopiu.net\/wordpress\/wp-content\/uploads\/2022\/03\/firecrackers-4682692__340-300x205.webp 300w, https:\/\/www.radiopiu.net\/wordpress\/wp-content\/uploads\/2022\/03\/firecrackers-4682692__340.webp 497w\" sizes=\"auto, (max-width: 147px) 100vw, 147px\" \/><\/a>LA VALLE<\/strong>\u00a0 Ieri sera in frazione Cugnago\u00a0 c&#8217;erano dei\u00a0 ragazzini, di et\u00e0 compresa tra i 5 ai 12 anni, che si divertivano a sparare petardi. In questo periodo di secca, senza piogge, sarebbe da evitare ogni attivit\u00e0 che possa innescare un incendio soprattutto in prossimit\u00e0 di fienili. Quando sono uscita di casa si sono spostati in altro luogo ma ho continuato a sentire gli scoppi non troppo lontano. Se i ragazzini non ci arrivano a capire la pericolosit\u00e0 del loro comportamento hanno comunque dei genitori che dovrebbero vigilare.<\/p><\/blockquote>\n<p>&nbsp;<\/p>\n<p>&nbsp;<\/p>\n<\/div>\n<div align=\"left\">\n<hr \/>\n<\/div>\n<blockquote>\n<h3><\/h3>\n<h3>LAVORI DI RISAMENTO FOGNARIO A MASARE&#8217; di ROCCA PIETORE<\/h3>\n<\/blockquote>\n<p><strong>ROCCA PIETORE<\/strong> Iniziati i lavori per il rifacimento di un tratto di rete fognaria in localit\u00e0 Masar\u00e8. Bim Gsp, con un investimento di 180mila euro, provveder\u00e0 a risanare 200 metri di condotta ammalorata. Le operazioni dureranno complessivamente un mese, saranno accompagnate da videoispezioni di verifica, per accertare lo stato di fatto e la buona riuscita dei lavori. Un by-pass provvisorio garantir\u00e0 alle utenze servite il regolare funzionamento del servizio di raccolta dei reflui scaricati in rete.\u00a0 Questo intervento \u00e8\u00a0 il primo stralcio di un progetto articolato da 11,3 milioni di euro per la ristrutturazione e razionalizzazione del sistema fognario e depurativo dei comuni di Rocca Pietore ed Alleghe.\u00a0 <em>\u201cGrazie ai fondi commissariali \u2013 spiega Andrea De Bernardin, sindaco di Rocca Pietore &#8211; abbiamo ricostruito numerose infrastrutture danneggiate dalla tempesta Vaia, calamit\u00e0 che, non dimentichiamolo, ha avuto il suo epicentro proprio in Agordino e in particolare nei comuni di Rocca e Alleghe. Molto \u00e8 stato fatto ad oggi, ma molto resta ancora da fare: esprimo, quindi, tutta la mia soddisfazione per l\u2019importante lavoro che andremo a realizzare in questo e nei prossimi anni nei due comuni<\/em>\u00a0 <em>Opere che non solo andranno ad accrescere servizi essenziali per l\u2019utenza ma che contribuiranno fattivamente a sostenere lo sviluppo economico, sociale ed ambientale delle nostre aree di montagna, sempre pi\u00f9 soggette a spopolamento, salvaguardando al contempo il nostro patrimonio naturale, ricco di ecosistemi e molteplici biodiversit\u00e0, da preservare nel presente a tutela delle generazioni future. Insieme al sindaco di Alleghe De Toni, a Gsp e al Consiglio di Bacino, cercheremo sicuramente nuove risorse da destinare anche alla razionalizzazione e messa in sicurezza della tratta fognaria Sottoguda-Caprile, al momento non prevista all\u2019interno di questo maxi-progetto pluriennale, ma altrettanto indispensabile e necessaria\u201d.<\/em><\/p>\n\n\t\t\t<style type='text\/css'>\n\t\t\t\t#gallery-2 {\n\t\t\t\t\tmargin: auto;\n\t\t\t\t}\n\t\t\t\t#gallery-2 .gallery-item {\n\t\t\t\t\tfloat: left;\n\t\t\t\t\tmargin-top: 10px;\n\t\t\t\t\ttext-align: center;\n\t\t\t\t\twidth: 25%;\n\t\t\t\t}\n\t\t\t\t#gallery-2 img {\n\t\t\t\t\tborder: 2px solid #cfcfcf;\n\t\t\t\t}\n\t\t\t\t#gallery-2 .gallery-caption {\n\t\t\t\t\tmargin-left: 0;\n\t\t\t\t}\n\t\t\t\t\/* see gallery_shortcode() in wp-includes\/media.php *\/\n\t\t\t<\/style>\n\t\t<div id='gallery-2' class='dt-gallery-container gallery galleryid-264859 gallery-columns-4 gallery-size-thumbnail'><dl class='gallery-item'>\n\t\t\t\t<dt class='gallery-icon landscape'>\n\t\t\t\t\t<a class=\"rollover rollover-zoom dt-pswp-item\" title=\"il cantiere_la pulizia della condotta_2\" data-dt-img-description=\"\" data-large_image_width=\"756\" data-large_image_height=\"567\"href='https:\/\/www.radiopiu.net\/wordpress\/wp-content\/uploads\/2022\/03\/il-cantiere_la-pulizia-della-condotta_2.jpg'><img loading=\"lazy\" decoding=\"async\" width=\"150\" height=\"150\" src=\"https:\/\/www.radiopiu.net\/wordpress\/wp-content\/uploads\/2022\/03\/il-cantiere_la-pulizia-della-condotta_2-150x150.jpg\" class=\"attachment-thumbnail size-thumbnail\" alt=\"\" \/><\/a>\n\t\t\t\t<\/dt><\/dl><dl class='gallery-item'>\n\t\t\t\t<dt class='gallery-icon portrait'>\n\t\t\t\t\t<a class=\"rollover rollover-zoom dt-pswp-item\" title=\"il cantiere_la videoispezione della condotta_4\" data-dt-img-description=\"\" data-large_image_width=\"756\" data-large_image_height=\"1008\"href='https:\/\/www.radiopiu.net\/wordpress\/wp-content\/uploads\/2022\/03\/il-cantiere_la-videoispezione-della-condotta_4.jpg'><img loading=\"lazy\" decoding=\"async\" width=\"150\" height=\"150\" src=\"https:\/\/www.radiopiu.net\/wordpress\/wp-content\/uploads\/2022\/03\/il-cantiere_la-videoispezione-della-condotta_4-150x150.jpg\" class=\"attachment-thumbnail size-thumbnail\" alt=\"\" \/><\/a>\n\t\t\t\t<\/dt><\/dl><dl class='gallery-item'>\n\t\t\t\t<dt class='gallery-icon landscape'>\n\t\t\t\t\t<a class=\"rollover rollover-zoom dt-pswp-item\" title=\"il cantiere_la pulizia della condotta_1\" data-dt-img-description=\"\" data-large_image_width=\"945\" data-large_image_height=\"709\"href='https:\/\/www.radiopiu.net\/wordpress\/wp-content\/uploads\/2022\/03\/il-cantiere_la-pulizia-della-condotta_1.jpg'><img loading=\"lazy\" decoding=\"async\" width=\"150\" height=\"150\" src=\"https:\/\/www.radiopiu.net\/wordpress\/wp-content\/uploads\/2022\/03\/il-cantiere_la-pulizia-della-condotta_1-150x150.jpg\" class=\"attachment-thumbnail size-thumbnail\" alt=\"\" \/><\/a>\n\t\t\t\t<\/dt><\/dl><dl class='gallery-item'>\n\t\t\t\t<dt class='gallery-icon portrait'>\n\t\t\t\t\t<a class=\"rollover rollover-zoom dt-pswp-item\" title=\"il cantiere_la videoispezione della condotta_3\" data-dt-img-description=\"\" data-large_image_width=\"504\" data-large_image_height=\"672\"href='https:\/\/www.radiopiu.net\/wordpress\/wp-content\/uploads\/2022\/03\/il-cantiere_la-videoispezione-della-condotta_3.jpg'><img loading=\"lazy\" decoding=\"async\" width=\"150\" height=\"150\" src=\"https:\/\/www.radiopiu.net\/wordpress\/wp-content\/uploads\/2022\/03\/il-cantiere_la-videoispezione-della-condotta_3-150x150.jpg\" class=\"attachment-thumbnail size-thumbnail\" alt=\"\" \/><\/a>\n\t\t\t\t<\/dt><\/dl><br style=\"clear: both\" \/>\n\t\t\t<\/div>\n\n<p>&nbsp;<\/p>\n<hr \/>\n<p>&nbsp;<\/p>\n<p>&nbsp;<\/p>\n<blockquote class=\"wp-embedded-content\" data-secret=\"rrzwhkUxSk\"><p><a href=\"https:\/\/www.radiopiu.net\/wordpress\/ag01marzo2215\/\">CORONAVIRUS: AGGIORNAMENTO NAZIONALE 15 MARZO 2022<\/a><\/p><\/blockquote>\n<p><iframe loading=\"lazy\" class=\"wp-embedded-content\" sandbox=\"allow-scripts\" security=\"restricted\" style=\"position: absolute; clip: rect(1px, 1px, 1px, 1px);\" title=\"&#8220;CORONAVIRUS: AGGIORNAMENTO NAZIONALE 15 MARZO 2022&#8221; &#8212; Radio Pi\u00f9\" src=\"https:\/\/www.radiopiu.net\/wordpress\/ag01marzo2215\/embed\/#?secret=rrzwhkUxSk\" data-secret=\"rrzwhkUxSk\" width=\"600\" height=\"338\" frameborder=\"0\" marginwidth=\"0\" marginheight=\"0\" scrolling=\"no\"><\/iframe><\/p>\n<div class=\"web\">\n<div class=\"quote\">\n<div class=\"quote-text\"><\/div>\n<div><\/div>\n<\/div>\n<\/div>\n<blockquote class=\"wp-embedded-content\" data-secret=\"hHdKJWqSJm\"><p><a href=\"https:\/\/www.radiopiu.net\/wordpress\/aggmarz15\/\">DI NUOVO IN AUMENTO I CASI DI COVID, PIU&#8217; DI 7000 IN 24 ORE, 15 I DECESSI<\/a><\/p><\/blockquote>\n<p><iframe loading=\"lazy\" class=\"wp-embedded-content\" sandbox=\"allow-scripts\" security=\"restricted\" style=\"position: absolute; clip: rect(1px, 1px, 1px, 1px);\" title=\"&#8220;DI NUOVO IN AUMENTO I CASI DI COVID, PIU&#8217; DI 7000 IN 24 ORE, 15 I DECESSI&#8221; &#8212; Radio Pi\u00f9\" src=\"https:\/\/www.radiopiu.net\/wordpress\/aggmarz15\/embed\/#?secret=hHdKJWqSJm\" data-secret=\"hHdKJWqSJm\" width=\"600\" height=\"338\" frameborder=\"0\" marginwidth=\"0\" marginheight=\"0\" scrolling=\"no\"><\/iframe><\/p>\n<p>&nbsp;<\/p>\n<h2>I GRAFICI DI TIZIANO DE COL<\/h2>\n\n\t\t\t<style type='text\/css'>\n\t\t\t\t#gallery-3 {\n\t\t\t\t\tmargin: auto;\n\t\t\t\t}\n\t\t\t\t#gallery-3 .gallery-item {\n\t\t\t\t\tfloat: left;\n\t\t\t\t\tmargin-top: 10px;\n\t\t\t\t\ttext-align: center;\n\t\t\t\t\twidth: 33%;\n\t\t\t\t}\n\t\t\t\t#gallery-3 img {\n\t\t\t\t\tborder: 2px solid #cfcfcf;\n\t\t\t\t}\n\t\t\t\t#gallery-3 .gallery-caption {\n\t\t\t\t\tmargin-left: 0;\n\t\t\t\t}\n\t\t\t\t\/* see gallery_shortcode() in wp-includes\/media.php *\/\n\t\t\t<\/style>\n\t\t<div id='gallery-3' class='dt-gallery-container gallery galleryid-264859 gallery-columns-3 gallery-size-thumbnail'><dl class='gallery-item'>\n\t\t\t\t<dt class='gallery-icon landscape'>\n\t\t\t\t\t<a class=\"rollover rollover-zoom dt-pswp-item\" title=\"38a8df6a-c86a-40e2-b5e9-6bdc197be43e\" data-dt-img-description=\"\" data-large_image_width=\"600\" data-large_image_height=\"359\"href='https:\/\/www.radiopiu.net\/wordpress\/wp-content\/uploads\/2022\/03\/38a8df6a-c86a-40e2-b5e9-6bdc197be43e.jpg'><img loading=\"lazy\" decoding=\"async\" width=\"150\" height=\"150\" src=\"https:\/\/www.radiopiu.net\/wordpress\/wp-content\/uploads\/2022\/03\/38a8df6a-c86a-40e2-b5e9-6bdc197be43e-150x150.jpg\" class=\"attachment-thumbnail size-thumbnail\" alt=\"\" \/><\/a>\n\t\t\t\t<\/dt><\/dl><dl class='gallery-item'>\n\t\t\t\t<dt class='gallery-icon landscape'>\n\t\t\t\t\t<a class=\"rollover rollover-zoom dt-pswp-item\" title=\"82f9d052-c6dc-4cec-9e5b-06964f23fc27\" data-dt-img-description=\"\" data-large_image_width=\"588\" data-large_image_height=\"362\"href='https:\/\/www.radiopiu.net\/wordpress\/wp-content\/uploads\/2022\/03\/82f9d052-c6dc-4cec-9e5b-06964f23fc27.jpg'><img loading=\"lazy\" decoding=\"async\" width=\"150\" height=\"150\" src=\"https:\/\/www.radiopiu.net\/wordpress\/wp-content\/uploads\/2022\/03\/82f9d052-c6dc-4cec-9e5b-06964f23fc27-150x150.jpg\" class=\"attachment-thumbnail size-thumbnail\" alt=\"\" \/><\/a>\n\t\t\t\t<\/dt><\/dl><dl class='gallery-item'>\n\t\t\t\t<dt class='gallery-icon landscape'>\n\t\t\t\t\t<a class=\"rollover rollover-zoom dt-pswp-item\" title=\"0b973716-7c8f-423d-8c8e-5987ef5c8f11\" data-dt-img-description=\"\" data-large_image_width=\"608\" data-large_image_height=\"391\"href='https:\/\/www.radiopiu.net\/wordpress\/wp-content\/uploads\/2022\/03\/0b973716-7c8f-423d-8c8e-5987ef5c8f11.jpg'><img loading=\"lazy\" decoding=\"async\" width=\"150\" height=\"150\" src=\"https:\/\/www.radiopiu.net\/wordpress\/wp-content\/uploads\/2022\/03\/0b973716-7c8f-423d-8c8e-5987ef5c8f11-150x150.jpg\" class=\"attachment-thumbnail size-thumbnail\" alt=\"\" \/><\/a>\n\t\t\t\t<\/dt><\/dl><br style=\"clear: both\" \/><dl class='gallery-item'>\n\t\t\t\t<dt class='gallery-icon landscape'>\n\t\t\t\t\t<a class=\"rollover rollover-zoom dt-pswp-item\" title=\"07cb4e4e-3753-49e8-a956-aed940d0ad1f\" data-dt-img-description=\"\" data-large_image_width=\"612\" data-large_image_height=\"360\"href='https:\/\/www.radiopiu.net\/wordpress\/wp-content\/uploads\/2022\/03\/07cb4e4e-3753-49e8-a956-aed940d0ad1f.jpg'><img loading=\"lazy\" decoding=\"async\" width=\"150\" height=\"150\" src=\"https:\/\/www.radiopiu.net\/wordpress\/wp-content\/uploads\/2022\/03\/07cb4e4e-3753-49e8-a956-aed940d0ad1f-150x150.jpg\" class=\"attachment-thumbnail size-thumbnail\" alt=\"\" \/><\/a>\n\t\t\t\t<\/dt><\/dl><dl class='gallery-item'>\n\t\t\t\t<dt class='gallery-icon landscape'>\n\t\t\t\t\t<a class=\"rollover rollover-zoom dt-pswp-item\" title=\"f3fba131-beab-416c-aa99-080a0527e5f9\" data-dt-img-description=\"\" data-large_image_width=\"614\" data-large_image_height=\"358\"href='https:\/\/www.radiopiu.net\/wordpress\/wp-content\/uploads\/2022\/03\/f3fba131-beab-416c-aa99-080a0527e5f9.jpg'><img loading=\"lazy\" decoding=\"async\" width=\"150\" height=\"150\" src=\"https:\/\/www.radiopiu.net\/wordpress\/wp-content\/uploads\/2022\/03\/f3fba131-beab-416c-aa99-080a0527e5f9-150x150.jpg\" class=\"attachment-thumbnail size-thumbnail\" alt=\"\" \/><\/a>\n\t\t\t\t<\/dt><\/dl><dl class='gallery-item'>\n\t\t\t\t<dt class='gallery-icon landscape'>\n\t\t\t\t\t<a class=\"rollover rollover-zoom dt-pswp-item\" title=\"a7ead1bd-4885-46d8-82b4-bd57892fa754\" data-dt-img-description=\"\" data-large_image_width=\"616\" data-large_image_height=\"361\"href='https:\/\/www.radiopiu.net\/wordpress\/wp-content\/uploads\/2022\/03\/a7ead1bd-4885-46d8-82b4-bd57892fa754.jpg'><img loading=\"lazy\" decoding=\"async\" width=\"150\" height=\"150\" src=\"https:\/\/www.radiopiu.net\/wordpress\/wp-content\/uploads\/2022\/03\/a7ead1bd-4885-46d8-82b4-bd57892fa754-150x150.jpg\" class=\"attachment-thumbnail size-thumbnail\" alt=\"\" \/><\/a>\n\t\t\t\t<\/dt><\/dl><br style=\"clear: both\" \/>\n\t\t\t<\/div>\n\n<p>&nbsp;<\/p>\n<p>&nbsp;<\/p>\n<hr \/>\n<p>&nbsp;<\/p>\n<blockquote>\n<h3>AGGIORNAMENTO\u00a0 CAMPAGNA VACCINALE<\/h3>\n<\/blockquote>\n<p><span style=\"font-family: Calibri, serif;\">Totale dosi somministrate: 444.678 ;\u00a0 <\/span><span style=\"font-family: Calibri, serif;\">85,1% \u2013 164.552 persone vaccinate con primo ciclo over 5;\u00a0 <\/span><span style=\"font-family: Calibri, serif;\">84,1% &#8211; 162.625 persone con ciclo completo over 5;\u00a0 <\/span><span style=\"font-family: Calibri, serif;\"><b>28.943<\/b><\/span><span style=\"font-family: Calibri, serif;\"> (15%) persone ancora da vaccinare over 5 anni;\u00a0 <\/span><span style=\"font-family: Calibri, serif;\">Di queste 10.756 sono risultate positive negli ultimi 90 giorni <\/span><span style=\"font-family: Calibri, serif;\">Risultano vaccinati con almeno una dose: <\/span><span style=\"font-family: Calibri, serif;\">Il 30,2% dei 5-11 enni (3.286);\u00a0 <\/span><span style=\"font-family: Calibri, serif;\">l\u201981,2% % dei 12- 19 enni (11.536); <\/span><span style=\"font-family: Calibri, serif;\">l\u2019 86,4 % dei 20-29enni (16.363);\u00a0 <\/span><span style=\"font-family: Calibri, serif;\">l\u2019 <\/span><span style=\"color: #000000;\"><span style=\"font-family: Calibri, serif;\">82,4<\/span><\/span><span style=\"font-family: Calibri, serif;\">% dei 30-39enni (16.357);\u00a0 <\/span><span style=\"font-family: Calibri, serif;\">l\u2019 80,2% dei 40-49enni (22.052);\u00a0 <\/span><span style=\"font-family: Calibri, serif;\">l\u2019 8<\/span><span style=\"color: #000000;\"><span style=\"font-family: Calibri, serif;\">8,6<\/span><\/span><span style=\"font-family: Calibri, serif;\"> % dei 50-59enni (29.416);\u00a0 <\/span><span style=\"font-family: Calibri, serif;\">l\u2019 90,7% dei 60-69enni (25.331);\u00a0 <\/span><span style=\"font-family: Calibri, serif;\">il 94,9% dei 70-79enni (22.554);\u00a0 <\/span><span style=\"font-family: Calibri, serif;\">circa il 100% degli over 80<\/span><\/p>\n<p>&nbsp;<\/p>\n<hr \/>\n<p>&nbsp;<\/p>\n<blockquote>\n<h3>\u00a0CORSI OSS, CONVENZIONE CON IL CIRCOLO CULTURA E STAMPA<\/h3>\n<\/blockquote>\n<p><strong>BELLUNO\u00a0 <\/strong><span style=\"font-family: Calibri, sans-serif;\">Continua l\u2019impegno dell\u2019Ulss Dolomiti per promuovere la partecipazione ai corsi OSS e facilitare la loro realizzazione. <\/span><span style=\"font-family: Calibri, sans-serif;\">Dopo aver contribuito alla promozione delle iscrizioni ai corsi per formare i futuri Operatori Socio Sanitari, figura necessaria sia in Ulss che nei centri di servizio, l\u2019Ulss Dolomiti ha stipulato una convenzione con <\/span><span style=\"font-family: Calibri, sans-serif;\">il Circolo Cultura e Stampa Bellunese impegnandosi sia nel supportare la realizzazione logistica delle lezioni teoriche sia nella facilitazione dei tirocini formativi. <\/span><span style=\"font-family: Calibri, sans-serif;\">Per lo svolgimento delle lezioni teoriche, infatti, l\u2019Azienda mette a disposizione del Circolo delle aule all\u2019interno della sede dell\u2019universit\u00e0 a Feltre, con un corrispettivo economico calmierato.<\/span><\/p>\n<p>&nbsp;<\/p>\n<p>&nbsp;<\/p>\n<hr \/>\n<p>&nbsp;<\/p>\n<blockquote>\n<h3>IERI 15 MARZO LA GIORNATA NAZIONALE DEL FIOCCHETTO LILLA<\/h3>\n<\/blockquote>\n<p><strong>BELLUNO\u00a0 <\/strong><span style=\"font-family: Calibri, sans-serif;\">Continua l\u2019impegno dell\u2019Ulss Dolomiti per promuovere la partecipazione ai corsi OSS e facilitare la loro realizzazione. <\/span><span style=\"font-family: Calibri, sans-serif;\">Dopo aver contribuito alla promozione delle iscrizioni ai corsi per formare i futuri Operatori Socio Sanitari, figura necessaria sia in Ulss che nei centri di servizio, l\u2019Ulss Dolomiti ha stipulato una convenzione con <\/span><span style=\"font-family: Calibri, sans-serif;\">il Circolo Cultura e Stampa Bellunese impegnandosi sia nel supportare la realizzazione logistica delle lezioni teoriche sia nella facilitazione dei tirocini formativi. <\/span><span style=\"font-family: Calibri, sans-serif;\">Per lo svolgimento delle lezioni teoriche, infatti, l\u2019Azienda mette a disposizione del Circolo delle aule all\u2019interno della sede dell\u2019universit\u00e0 a Feltre, con un corrispettivo economico calmierato.<\/span><\/p>\n<p>&nbsp;<\/p>\n<hr \/>\n<p>&nbsp;<\/p>\n<blockquote>\n<h3>A TU PER TU CON GLI ESPERTI DELLA PROSTATA<\/h3>\n<\/blockquote>\n<p><strong>BELLUNO<\/strong>\u00a0\u00a0<span style=\"color: #0a182d;\"><span style=\"font-family: Calibri, sans-serif;\"><span style=\"font-size: medium;\">Una giornata dedicata all\u2019informazione sul tumore alla prostata.<\/span><\/span><\/span><span style=\"color: #0a182d;\"><span style=\"font-family: Calibri, sans-serif;\"><span style=\"font-size: medium;\">\u00a0L\u2019Ulss Dolomiti da quest\u2019anno \u00e8 entrata nel network <\/span><\/span><\/span><span style=\"color: #0a182d;\"><span style=\"font-family: Calibri, sans-serif;\"><span style=\"font-size: medium;\"><b>Bollino Azzurro<\/b><\/span><\/span><\/span><span style=\"color: #0a182d;\"><span style=\"font-family: Calibri, sans-serif;\"><span style=\"font-size: medium;\">,<\/span><\/span><\/span><b> <\/b><span style=\"color: #0a182d;\"><span style=\"font-family: Calibri, sans-serif;\"><span style=\"font-size: medium;\">progetto promosso<\/span><\/span><\/span><b> <\/b><span style=\"color: #0a182d;\"><span style=\"font-family: Calibri, sans-serif;\"><span style=\"font-size: medium;\">dalla<\/span><\/span><\/span><b> <\/b><span style=\"color: #0a182d;\"><span style=\"font-family: Calibri, sans-serif;\"><span style=\"font-size: medium;\">Fondazione Osservatorio nazionale sulla salute della donna e di genere (Onda)\u00a0 e <\/span><\/span><\/span><span style=\"color: #0a182d;\"><span style=\"font-family: Calibri, sans-serif;\"><span style=\"font-size: medium;\">ha organizzato per\u00a0 \u00a0<\/span><\/span><\/span><span style=\"color: #0a182d;\"><span style=\"font-family: Calibri, sans-serif;\"><span style=\"font-size: medium;\"><b>venerd\u00ec<\/b><\/span><\/span><\/span>\u00a0<b> <\/b><span style=\"color: #0a182d;\"><span style=\"font-family: Calibri, sans-serif;\"><span style=\"font-size: medium;\">alle <\/span><\/span><\/span><span style=\"color: #0a182d;\"><span style=\"font-family: Calibri, sans-serif;\"><span style=\"font-size: medium;\"><b>\u00a018.30<\/b><\/span><\/span><\/span><span style=\"color: #0a182d;\"><span style=\"font-family: Calibri, sans-serif;\"><span style=\"font-size: medium;\"> un incontro online con Roberto Bertoldin, Direttore dell\u2019Urologia di Feltre e con gli urologi Alessandro Iannetti e Giuliano Federa. <\/span><\/span><\/span><span style=\"color: #0a182d;\"><span style=\"font-family: Calibri, sans-serif;\"><span style=\"font-size: medium;\">Per partecipare inviare una mail a <\/span><\/span><\/span><span style=\"color: #000080;\"><span lang=\"zxx\"><u><a href=\"mailto:guadagnare.salute.webinar@aulss1.veneto.it\"><span style=\"font-family: Calibri, sans-serif;\"><span style=\"font-size: medium;\">guadagnare.salute.webinar@aulss1.veneto.it<\/span><\/span><\/a><\/u><\/span><\/span><span style=\"color: #0a182d;\"><span style=\"font-family: Calibri, sans-serif;\"><span style=\"font-size: medium;\"> sar\u00e0 poi inviato il link per partecipare al Google Meet.\u00a0<\/span><\/span><\/span><\/p>\n<p>&nbsp;<\/p>\n<p>&nbsp;<\/p>\n<hr \/>\n<p>&nbsp;<\/p>\n<blockquote>\n<h3>IL VENETO STA DANDO ACCOGLIENZA A 3900 PROFUGHI DELL&#8217;UCRAINA<\/h3>\n<\/blockquote>\n<p><strong><img loading=\"lazy\" decoding=\"async\" class=\"alignleft\" src=\"https:\/\/www.radiopiu.net\/wordpress\/wp-content\/uploads\/2022\/03\/flag-7048909__340.webp\" width=\"245\" height=\"86\" \/>VENEZIA <\/strong>Gli ultimi dati dell&#8217;unit\u00e0 di crisi dell&#8217;emergenza Ucraina forniti dal Commissario per l\u2019emergenza Luca Zaia nel corso del punto stampa ierii: il numero degli arrivi registrati in Veneto dalle Prefetture \u00e8 di circa 3.900 persone (concentrati a Treviso 1.254, Venezia 674 e Padova 603). <strong>TAMPONI, VACCINAZIONI E RICOVERI <\/strong>Lunedi sono stati effettuati 877 tamponi per un totale,\u00a0 da inizio emergenza,\u00a0 pari a 5.760 (tasso di positivit\u00e0 pari al 2,27%). Sono 510 il numero di vaccinazioni somministrate a profughi,\u00a0 632 vaccinati prima dell&#8217;arrivo in Italia<\/p>\n<p>&nbsp;<\/p>\n<p>&nbsp;<\/p>\n<blockquote class=\"wp-embedded-content\" data-secret=\"DpC33q7mpS\"><p><a href=\"https:\/\/www.radiopiu.net\/wordpress\/emergenza-covid-il-punto-della-situazione-con-il-presidente-del-veneto-luca-zaia\/\">EMERGENZA COVID, IL PUNTO DELLA SITUAZIONE CON IL PRESIDENTE DEL VENETO LUCA ZAIA<\/a><\/p><\/blockquote>\n<p><iframe loading=\"lazy\" class=\"wp-embedded-content\" sandbox=\"allow-scripts\" security=\"restricted\" style=\"position: absolute; clip: rect(1px, 1px, 1px, 1px);\" title=\"&#8220;EMERGENZA COVID, IL PUNTO DELLA SITUAZIONE CON IL PRESIDENTE DEL VENETO LUCA ZAIA&#8221; &#8212; Radio Pi\u00f9\" src=\"https:\/\/www.radiopiu.net\/wordpress\/emergenza-covid-il-punto-della-situazione-con-il-presidente-del-veneto-luca-zaia\/embed\/#?secret=DpC33q7mpS\" data-secret=\"DpC33q7mpS\" width=\"600\" height=\"338\" frameborder=\"0\" marginwidth=\"0\" marginheight=\"0\" scrolling=\"no\"><\/iframe><\/p>\n<p>&nbsp;<\/p>\n<hr \/>\n<blockquote>\n<h3><\/h3>\n<h3>OLIMPIADI, VILLAGGIO DIFFUSO TRA CADORE E VALLE DEL BOITE<\/h3>\n<\/blockquote>\n<p><strong><a class=\"dt-pswp-item\" href=\"https:\/\/www.radiopiu.net\/wordpress\/wp-content\/uploads\/2018\/05\/Roger_De_Menech_daticamera.jpg\" data-dt-img-description=\"\" data-large_image_width=\"165\" data-large_image_height=\"228\"><img loading=\"lazy\" decoding=\"async\" class=\" wp-image-49599 alignleft\" src=\"https:\/\/www.radiopiu.net\/wordpress\/wp-content\/uploads\/2018\/05\/Roger_De_Menech_daticamera.jpg\" alt=\"\" width=\"110\" height=\"151\" \/><\/a>ROMA <\/strong>\u00ab<em>Il villaggio olimpico dovr\u00e0 essere sostenibile, innovativo e diffuso<\/em>\u00bb. \u00c8 la proposta del coordinatore dei parlamentari veneti del Partito democratico, nonch\u00e9 relatore della legge olimpica, Roger De Menech. La proposta del deputato bellunese intende coinvolgere un\u2019area pi\u00f9 ampia ed estendere l\u2019evento olimpico su tutto l\u2019asse della Valle del boite e del Cadore. <em>\u00a0<\/em><br \/>\nDAL NOTIZIARIO DI RADIO PIU<\/p>\n<div style=\"width: 848px;\" class=\"wp-video\"><video class=\"wp-video-shortcode\" id=\"video-264859-1\" width=\"848\" height=\"480\" preload=\"metadata\" controls=\"controls\"><source type=\"video\/mp4\" src=\"https:\/\/www.radiopiu.net\/wordpress\/wp-content\/uploads\/2022\/03\/WhatsApp-Video-2022-03-15-at-15.16.28.mp4?_=1\" \/><a href=\"https:\/\/www.radiopiu.net\/wordpress\/wp-content\/uploads\/2022\/03\/WhatsApp-Video-2022-03-15-at-15.16.28.mp4\">https:\/\/www.radiopiu.net\/wordpress\/wp-content\/uploads\/2022\/03\/WhatsApp-Video-2022-03-15-at-15.16.28.mp4<\/a><\/video><\/div>\n<p>&nbsp;<\/p>\n<p>&nbsp;<\/p>\n<hr \/>\n<p>&nbsp;<\/p>\n<blockquote>\n<h3>MALATI GRAVI E APPARECCHIATURE ELETTRICHE, UN FONDO PER I PIU&#8217; DEBOLI<\/h3>\n<\/blockquote>\n<p><strong>ROMA\u00a0<\/strong> Malati gravi e apparecchiature energivore, nasce il fondo grazie all&#8217;emendamento di Fratelli d&#8217;Italia.\u00a0Un fondo da 500mila euro, che potr\u00e0 essere implementato in futuro, destinato a sostenere le famiglie e le persone affette da una malattia grave o che utilizzano l&#8217;energia elettrica per apparecchiature mediche necessarie al mantenimento della vita, \u00e8 il risultato\u00a0 di un emendamento al Decreto Sostegni Ter approvato in Commissione Bilancio del Senato.<\/p>\n<p>&nbsp;<\/p>\n<hr \/>\n<p>&nbsp;<\/p>\n<blockquote>\n<h3>LE \u201cTERRE DEL MONDO\u201d PER COSTRUIRE LA PACE<\/h3>\n<\/blockquote>\n<p><strong><a class=\"dt-pswp-item\" href=\"https:\/\/www.radiopiu.net\/wordpress\/wp-content\/uploads\/2020\/06\/94e3b68b-d386-4f94-8aa8-30105c25932b.jpg\" data-dt-img-description=\"\" data-large_image_width=\"960\" data-large_image_height=\"720\"><img loading=\"lazy\" decoding=\"async\" class=\" wp-image-145789 alignleft\" src=\"https:\/\/www.radiopiu.net\/wordpress\/wp-content\/uploads\/2020\/06\/94e3b68b-d386-4f94-8aa8-30105c25932b-300x225.jpg\" alt=\"\" width=\"119\" height=\"89\" srcset=\"https:\/\/www.radiopiu.net\/wordpress\/wp-content\/uploads\/2020\/06\/94e3b68b-d386-4f94-8aa8-30105c25932b-300x225.jpg 300w, https:\/\/www.radiopiu.net\/wordpress\/wp-content\/uploads\/2020\/06\/94e3b68b-d386-4f94-8aa8-30105c25932b-768x576.jpg 768w, https:\/\/www.radiopiu.net\/wordpress\/wp-content\/uploads\/2020\/06\/94e3b68b-d386-4f94-8aa8-30105c25932b.jpg 960w\" sizes=\"auto, (max-width: 119px) 100vw, 119px\" \/><\/a>FELTRE\u00a0 <\/strong>Inviare due mattoni realizzati con le 199 \u201cTerre del Mondo\u201d, custodite presso il Museo dei Sogni, Memoria, Coscienza e Presepi della Cooperativa Sociale Arcobaleno &#8217;86 di Feltre &#8211; simbolo tangibile della pace \u201cda costruire\u201d &#8211; agli ambasciatori di Russia e Ucraina in Italia, con l&#8217;impegno di trasmetterli poi ai rispettivi Capi di Stato assieme ad un appello firmato dagli amministratori della provincia di Belluno e non solo. E&#8217; questo il senso dell&#8217;iniziativa lanciata dai sindaci di Feltre Paolo Perenzin e di Pedavena Nicola Castellaz a tutti i colleghi del Bellunese, ma non solo, d&#8217;intesa con la Comunit\u00e0 \u201cVilla San Francesco\u201d e la Cooperativa Sociale Arcobaleno \u201886.<\/p>\n<p>&nbsp;<\/p>\n<p>&nbsp;<\/p>\n<hr \/>\n<p>&nbsp;<\/p>\n<blockquote>\n<h3>DOMENICA TORNA LA GIORNATA ECOLOGICA IN CENTRO ALLA SCOPERTA DEGLI ALBERI TRA PARCO BOLOGNA E PIAZZA MARTIRI<\/h3>\n<\/blockquote>\n<p><strong><a class=\"dt-pswp-item\" href=\"https:\/\/www.radiopiu.net\/wordpress\/wp-content\/uploads\/2020\/04\/PIAZZA-MARTIRI-BELLUNO.jpg\" data-dt-img-description=\"\" data-large_image_width=\"550\" data-large_image_height=\"388\"><img loading=\"lazy\" decoding=\"async\" class=\" wp-image-130647 alignleft\" src=\"https:\/\/www.radiopiu.net\/wordpress\/wp-content\/uploads\/2020\/04\/PIAZZA-MARTIRI-BELLUNO-300x212.jpg\" alt=\"\" width=\"173\" height=\"122\" srcset=\"https:\/\/www.radiopiu.net\/wordpress\/wp-content\/uploads\/2020\/04\/PIAZZA-MARTIRI-BELLUNO-300x212.jpg 300w, https:\/\/www.radiopiu.net\/wordpress\/wp-content\/uploads\/2020\/04\/PIAZZA-MARTIRI-BELLUNO.jpg 550w\" sizes=\"auto, (max-width: 173px) 100vw, 173px\" \/><\/a>BELLUNO <\/strong>Torna domenica 20 marzo la \u201cgiornata ecologica\u201d prevista dall\u2019ordinanza antismog che ha recepito le indicazioni dell\u2019 \u201cAccordo di Bacino Padano per l\u2019adozione coordinata e congiunta di misure per il miglioramento della qualit\u00e0 dell\u2019aria\u201d; si tratta del penultimo appuntamento prima della scadenza dell&#8217;ordinanza, che vedr\u00e0 un&#8217;ultima domenica ecologica nel mese di aprile. Invariati orari, deroghe e aree interessate: stop a tutti i mezzi a motore in centro storico dalle 9.00 alle 19.00<\/p>\n<p><strong>ALBERTO SIMIELE, ASSESSORE DEL COMUNE DI BELLUNO<\/strong><\/p>\n<audio class=\"wp-audio-shortcode\" id=\"audio-264859-4\" preload=\"none\" style=\"width: 100%;\" controls=\"controls\"><source type=\"audio\/mpeg\" src=\"https:\/\/www.radiopiu.net\/wordpress\/wp-content\/uploads\/2022\/03\/Simiele-Domenica-ecologica-marzo-2022.mp3?_=4\" \/><a href=\"https:\/\/www.radiopiu.net\/wordpress\/wp-content\/uploads\/2022\/03\/Simiele-Domenica-ecologica-marzo-2022.mp3\">https:\/\/www.radiopiu.net\/wordpress\/wp-content\/uploads\/2022\/03\/Simiele-Domenica-ecologica-marzo-2022.mp3<\/a><\/audio>\n<p>&nbsp;<\/p>\n<hr \/>\n<p>&nbsp;<\/p>\n<blockquote>\n<blockquote>\n<h3>A GRESAL IL PROGETTO ORTI COMUNI<\/h3>\n<\/blockquote>\n<p><strong><a href=\"https:\/\/www.radiopiu.net\/wordpress\/wp-content\/uploads\/2022\/03\/onion-3540502__340.webp\"><img loading=\"lazy\" decoding=\"async\" class=\"wp-image-265069 alignleft\" src=\"https:\/\/www.radiopiu.net\/wordpress\/wp-content\/uploads\/2022\/03\/onion-3540502__340-300x200.webp\" alt=\"\" width=\"161\" height=\"107\" srcset=\"https:\/\/www.radiopiu.net\/wordpress\/wp-content\/uploads\/2022\/03\/onion-3540502__340-300x200.webp 300w, https:\/\/www.radiopiu.net\/wordpress\/wp-content\/uploads\/2022\/03\/onion-3540502__340.webp 510w\" sizes=\"auto, (max-width: 161px) 100vw, 161px\" \/><\/a>SEDICO<\/strong><\/p>\n<p><strong>di Damiano Tormen<\/strong><\/p>\n<p><strong>audio<\/strong><\/p>\n<audio class=\"wp-audio-shortcode\" id=\"audio-264859-5\" preload=\"none\" style=\"width: 100%;\" controls=\"controls\"><source type=\"audio\/mpeg\" src=\"https:\/\/www.radiopiu.net\/wordpress\/wp-content\/uploads\/2022\/03\/damiano2.mp3?_=5\" \/><a href=\"https:\/\/www.radiopiu.net\/wordpress\/wp-content\/uploads\/2022\/03\/damiano2.mp3\">https:\/\/www.radiopiu.net\/wordpress\/wp-content\/uploads\/2022\/03\/damiano2.mp3<\/a><\/audio>\n<p>&nbsp;<\/p>\n<p>&nbsp;<\/p>\n<hr \/>\n<p>&nbsp;<\/p>\n<blockquote>\n<h3>LE \u201cTERRE DEL MONDO\u201d PER COSTRUIRE LA PACE<\/h3>\n<\/blockquote>\n<p><strong><a class=\"dt-pswp-item\" href=\"https:\/\/www.radiopiu.net\/wordpress\/wp-content\/uploads\/2020\/06\/94e3b68b-d386-4f94-8aa8-30105c25932b.jpg\" data-dt-img-description=\"\" data-large_image_width=\"960\" data-large_image_height=\"720\"><img loading=\"lazy\" decoding=\"async\" class=\" wp-image-145789 alignleft\" src=\"https:\/\/www.radiopiu.net\/wordpress\/wp-content\/uploads\/2020\/06\/94e3b68b-d386-4f94-8aa8-30105c25932b-300x225.jpg\" alt=\"\" width=\"119\" height=\"89\" srcset=\"https:\/\/www.radiopiu.net\/wordpress\/wp-content\/uploads\/2020\/06\/94e3b68b-d386-4f94-8aa8-30105c25932b-300x225.jpg 300w, https:\/\/www.radiopiu.net\/wordpress\/wp-content\/uploads\/2020\/06\/94e3b68b-d386-4f94-8aa8-30105c25932b-768x576.jpg 768w, https:\/\/www.radiopiu.net\/wordpress\/wp-content\/uploads\/2020\/06\/94e3b68b-d386-4f94-8aa8-30105c25932b.jpg 960w\" sizes=\"auto, (max-width: 119px) 100vw, 119px\" \/><\/a>FELTRE\u00a0 <\/strong>Inviare due mattoni realizzati con le 199 \u201cTerre del Mondo\u201d, custodite presso il Museo dei Sogni, Memoria, Coscienza e Presepi della Cooperativa Sociale Arcobaleno &#8217;86 di Feltre &#8211; simbolo tangibile della pace \u201cda costruire\u201d &#8211; agli ambasciatori di Russia e Ucraina in Italia, con l&#8217;impegno di trasmetterli poi ai rispettivi Capi di Stato assieme ad un appello firmato dagli amministratori della provincia di Belluno e non solo. E&#8217; questo il senso dell&#8217;iniziativa lanciata dai sindaci di Feltre Paolo Perenzin e di Pedavena Nicola Castellaz a tutti i colleghi del Bellunese, ma non solo, d&#8217;intesa con la Comunit\u00e0 \u201cVilla San Francesco\u201d e la Cooperativa Sociale Arcobaleno \u201886.<\/p>\n<p>&nbsp;<\/p>\n<p>&nbsp;<\/p>\n<hr \/>\n<p>&nbsp;<\/p>\n<blockquote>\n<h3>PULIZIE DI PRIMAVERA A SOSPIROLO PER UOMINI E DONNE DI BUONA VOLONTA&#8217;<\/h3>\n<\/blockquote>\n<p><strong><a class=\"dt-pswp-item\" href=\"https:\/\/www.radiopiu.net\/wordpress\/wp-content\/uploads\/2022\/03\/the-bottle-5128607__480.jpg\" data-dt-img-description=\"\" data-large_image_width=\"720\" data-large_image_height=\"480\"><img loading=\"lazy\" decoding=\"async\" class=\" wp-image-265068 alignleft\" src=\"https:\/\/www.radiopiu.net\/wordpress\/wp-content\/uploads\/2022\/03\/the-bottle-5128607__480-300x200.jpg\" alt=\"\" width=\"189\" height=\"126\" srcset=\"https:\/\/www.radiopiu.net\/wordpress\/wp-content\/uploads\/2022\/03\/the-bottle-5128607__480-300x200.jpg 300w, https:\/\/www.radiopiu.net\/wordpress\/wp-content\/uploads\/2022\/03\/the-bottle-5128607__480.jpg 720w\" sizes=\"auto, (max-width: 189px) 100vw, 189px\" \/><\/a>SOSPIROLO\u00a0<\/strong><\/p>\n<p><strong>di Damiano Tormen<\/strong><\/p>\n<p><strong>audio<\/strong><\/p>\n<audio class=\"wp-audio-shortcode\" id=\"audio-264859-6\" preload=\"none\" style=\"width: 100%;\" controls=\"controls\"><source type=\"audio\/mpeg\" src=\"https:\/\/www.radiopiu.net\/wordpress\/wp-content\/uploads\/2022\/03\/damiano-1-1.mp3?_=6\" \/><a href=\"https:\/\/www.radiopiu.net\/wordpress\/wp-content\/uploads\/2022\/03\/damiano-1-1.mp3\">https:\/\/www.radiopiu.net\/wordpress\/wp-content\/uploads\/2022\/03\/damiano-1-1.mp3<\/a><\/audio>\n<p>&nbsp;<\/p>\n<p>&nbsp;<\/p>\n<hr \/>\n<blockquote>\n<h3><\/h3>\n<h3>DOMENICA TORNA LA GIORNATA ECOLOGICA IN CENTRO ALLA SCOPERTA DEGLI ALBERI TRA PARCO BOLOGNA E PIAZZA MARTIRI<\/h3>\n<\/blockquote>\n<p><strong><a class=\"dt-pswp-item\" href=\"https:\/\/www.radiopiu.net\/wordpress\/wp-content\/uploads\/2020\/04\/PIAZZA-MARTIRI-BELLUNO.jpg\" data-dt-img-description=\"\" data-large_image_width=\"550\" data-large_image_height=\"388\"><img loading=\"lazy\" decoding=\"async\" class=\" wp-image-130647 alignleft\" src=\"https:\/\/www.radiopiu.net\/wordpress\/wp-content\/uploads\/2020\/04\/PIAZZA-MARTIRI-BELLUNO-300x212.jpg\" alt=\"\" width=\"173\" height=\"122\" srcset=\"https:\/\/www.radiopiu.net\/wordpress\/wp-content\/uploads\/2020\/04\/PIAZZA-MARTIRI-BELLUNO-300x212.jpg 300w, https:\/\/www.radiopiu.net\/wordpress\/wp-content\/uploads\/2020\/04\/PIAZZA-MARTIRI-BELLUNO.jpg 550w\" sizes=\"auto, (max-width: 173px) 100vw, 173px\" \/><\/a>BELLUNO <\/strong>Torna domenica 20 marzo la \u201cgiornata ecologica\u201d prevista dall\u2019ordinanza antismog che ha recepito le indicazioni dell\u2019 \u201cAccordo di Bacino Padano per l\u2019adozione coordinata e congiunta di misure per il miglioramento della qualit\u00e0 dell\u2019aria\u201d; si tratta del penultimo appuntamento prima della scadenza dell&#8217;ordinanza, che vedr\u00e0 un&#8217;ultima domenica ecologica nel mese di aprile. Invariati orari, deroghe e aree interessate: stop a tutti i mezzi a motore in centro storico dalle 9.00 alle 19.00<\/p>\n<p><strong>ALBERTO SIMIELE, ASSESSORE DEL COMUNE DI BELLUNO<\/strong><\/p>\n<audio class=\"wp-audio-shortcode\" id=\"audio-264859-7\" preload=\"none\" style=\"width: 100%;\" controls=\"controls\"><source type=\"audio\/mpeg\" src=\"https:\/\/www.radiopiu.net\/wordpress\/wp-content\/uploads\/2022\/03\/Simiele-Domenica-ecologica-marzo-2022.mp3?_=7\" \/><a href=\"https:\/\/www.radiopiu.net\/wordpress\/wp-content\/uploads\/2022\/03\/Simiele-Domenica-ecologica-marzo-2022.mp3\">https:\/\/www.radiopiu.net\/wordpress\/wp-content\/uploads\/2022\/03\/Simiele-Domenica-ecologica-marzo-2022.mp3<\/a><\/audio>\n<p>&nbsp;<\/p>\n<hr \/>\n<p>&nbsp;<\/p>\n<blockquote>\n<h3>IN PROGRAMMA DUE GIORNATE ECOLOGICHE A CENCENIGHE<\/h3>\n<\/blockquote>\n<p><strong><a class=\"dt-pswp-item\" href=\"https:\/\/www.radiopiu.net\/wordpress\/wp-content\/uploads\/2022\/02\/Rifiuti_abbandonati.jpg\" data-dt-img-description=\"\" data-large_image_width=\"1171\" data-large_image_height=\"642\"><img loading=\"lazy\" decoding=\"async\" class=\" wp-image-257319 alignleft\" src=\"https:\/\/www.radiopiu.net\/wordpress\/wp-content\/uploads\/2022\/02\/Rifiuti_abbandonati-300x164.jpg\" alt=\"\" width=\"183\" height=\"100\" srcset=\"https:\/\/www.radiopiu.net\/wordpress\/wp-content\/uploads\/2022\/02\/Rifiuti_abbandonati-300x164.jpg 300w, https:\/\/www.radiopiu.net\/wordpress\/wp-content\/uploads\/2022\/02\/Rifiuti_abbandonati-1024x561.jpg 1024w, https:\/\/www.radiopiu.net\/wordpress\/wp-content\/uploads\/2022\/02\/Rifiuti_abbandonati-768x421.jpg 768w, https:\/\/www.radiopiu.net\/wordpress\/wp-content\/uploads\/2022\/02\/Rifiuti_abbandonati.jpg 1171w\" sizes=\"auto, (max-width: 183px) 100vw, 183px\" \/><\/a>CENCENIGHE<\/strong> L&#8217;amministrazione comunale di Cencenighe in collaborazione con la Pro Loco organizza due giornate ecologiche per la raccolta di rifiuti abbandonati. Sabato 2 aprile il ritrovo alle 8 con l&#8217;assegnazione dell&#8217;area di pulizia, alle 13 il pranzo al Nof Fil\u00f2 e subito dopo l&#8217;eventuale prosecuzione dei lavori. Domenica 3 aprile il ritrovo alle 8 con l&#8217;assegnazione dell&#8217;area di pulizia e alle 12 il pranzo sempre al Nof Fil\u00f2. L&#8217;attrezzatura verr\u00e0 fornita da Valpe Ambiente e le immondizie raccolte saranno conferite all&#8217;ecocentro. I bambini che vogliono partecipare alle giornate dovranno essere accompagnati. In caso di maltempo la manifestazione sar\u00e0 rinviata al fine settimana successivo del 9 e 10 aprile.<\/p>\n<p>&nbsp;<\/p><\/blockquote>\n<hr \/>\n<p>&nbsp;<\/p>\n<blockquote>\n<blockquote>\n<h3><\/h3>\n<\/blockquote>\n<h3>21 MARZO : GIORNATA MONDIALE DELLE PERSONE CON SINDROME \u00a0di \u00a0DOWN<\/h3>\n<\/blockquote>\n<p><strong><a class=\"dt-pswp-item\" href=\"https:\/\/www.radiopiu.net\/wordpress\/wp-content\/uploads\/2022\/03\/Malga-Pramper-2.jpg\" data-dt-img-description=\"\" data-large_image_width=\"752\" data-large_image_height=\"500\"><img loading=\"lazy\" decoding=\"async\" class=\" wp-image-265013 alignleft\" src=\"https:\/\/www.radiopiu.net\/wordpress\/wp-content\/uploads\/2022\/03\/Malga-Pramper-2-300x199.jpg\" alt=\"\" width=\"216\" height=\"143\" srcset=\"https:\/\/www.radiopiu.net\/wordpress\/wp-content\/uploads\/2022\/03\/Malga-Pramper-2-300x199.jpg 300w, https:\/\/www.radiopiu.net\/wordpress\/wp-content\/uploads\/2022\/03\/Malga-Pramper-2.jpg 752w\" sizes=\"auto, (max-width: 216px) 100vw, 216px\" \/><\/a>FELTRE<\/strong>\u00a0 \u00a0Il 21 marzo \u00e8 da molti anni la data di riferimento per la Giornata Mondiale della sindrome di Down. Quest\u2019anno l\u2019AIPD (Associazione Italiana Persone Down) della provincia di Belluno ricorda la Giornata con la presentazione, in un ciclo di quattro serate, della Guida escursionistica \u201cUn Parco per tutti\u201d. L\u2019AIPD ha coinvolto nell\u2019iniziativa anche l\u2019Associazione ASSI e il Centro Diurno ULSS \u201cMedaglie d\u2019oro\u201d di Feltre: La presentazione della Guida, con rappresentanti dell\u2019Ente Parco, ed i protagonisti \u00a0avverr\u00e0 con quattro serate, tutte ad inizio alle 20.15: venerd\u00ec 18 marzo a Feltre all\u2019Auditorium Canossiano, sabato 19 marzo a Belluno Sala \u201cBianchi\u201d, venerd\u00ec 25 marzo a Cesiomaggiore Museo Etnografico di Seravella e sabato 26 marzo a Quero, Sala \u201cBice Lazzari\u201d.<\/p>\n<p>&nbsp;<\/p>\n<hr \/>\n<p>&nbsp;<\/p>\n<blockquote>\n<h3>ASSEMBLEA DEL COMITATO COSTITUENTE BIODISTRETTO &#8220;TERRE ALTE BELLUNESI&#8221;<\/h3>\n<\/blockquote>\n<p><strong><a class=\"dt-pswp-item\" href=\"https:\/\/www.radiopiu.net\/wordpress\/wp-content\/uploads\/2022\/03\/4253bf94-abb2-4439-8535-b36434a3c67c.jpg\" data-dt-img-description=\"\" data-large_image_width=\"1344\" data-large_image_height=\"756\"><img loading=\"lazy\" decoding=\"async\" class=\"wp-image-265042 alignleft\" src=\"https:\/\/www.radiopiu.net\/wordpress\/wp-content\/uploads\/2022\/03\/4253bf94-abb2-4439-8535-b36434a3c67c-300x169.jpg\" alt=\"\" width=\"217\" height=\"122\" srcset=\"https:\/\/www.radiopiu.net\/wordpress\/wp-content\/uploads\/2022\/03\/4253bf94-abb2-4439-8535-b36434a3c67c-300x169.jpg 300w, https:\/\/www.radiopiu.net\/wordpress\/wp-content\/uploads\/2022\/03\/4253bf94-abb2-4439-8535-b36434a3c67c-1024x576.jpg 1024w, https:\/\/www.radiopiu.net\/wordpress\/wp-content\/uploads\/2022\/03\/4253bf94-abb2-4439-8535-b36434a3c67c-768x432.jpg 768w, https:\/\/www.radiopiu.net\/wordpress\/wp-content\/uploads\/2022\/03\/4253bf94-abb2-4439-8535-b36434a3c67c.jpg 1344w\" sizes=\"auto, (max-width: 217px) 100vw, 217px\" \/><\/a>FELTRE<\/strong> L&#8217;incontro \u00e8 calendarizzato per sabato alle 17 nell&#8217;Auditorium dell&#8217;Istituto Canossiano. Sar\u00e0 presentato il progetto e saranno ascoltate le proposte di chi intender\u00e0 fare parte della squadra. Sono 250 gli aderenti, un&#8217;adesione importante, dalle cooperative agricole, ai produttori e comitati e molti altri soggetti di natura diversa per un progetto per l&#8217;agricoltura ma non solo visto che interessa anche altri settori economici, culturali e sportivi.<\/p>\n<p><strong>L&#8217;ASSESSORE VALTER BONAN<\/strong><\/p>\n<audio class=\"wp-audio-shortcode\" id=\"audio-264859-8\" preload=\"none\" style=\"width: 100%;\" controls=\"controls\"><source type=\"audio\/mpeg\" src=\"https:\/\/www.radiopiu.net\/wordpress\/wp-content\/uploads\/2022\/03\/Audio-Bonan.mp3?_=8\" \/><a href=\"https:\/\/www.radiopiu.net\/wordpress\/wp-content\/uploads\/2022\/03\/Audio-Bonan.mp3\">https:\/\/www.radiopiu.net\/wordpress\/wp-content\/uploads\/2022\/03\/Audio-Bonan.mp3<\/a><\/audio>\n<p><strong>CESARE LASEN DEL COMITATO PROMOTORE BIODISTRETTO TERRE BELLUNESI<\/strong><\/p>\n<audio class=\"wp-audio-shortcode\" id=\"audio-264859-9\" preload=\"none\" style=\"width: 100%;\" controls=\"controls\"><source type=\"audio\/mpeg\" src=\"https:\/\/www.radiopiu.net\/wordpress\/wp-content\/uploads\/2022\/03\/Audio-Lasen.mp3?_=9\" \/><a href=\"https:\/\/www.radiopiu.net\/wordpress\/wp-content\/uploads\/2022\/03\/Audio-Lasen.mp3\">https:\/\/www.radiopiu.net\/wordpress\/wp-content\/uploads\/2022\/03\/Audio-Lasen.mp3<\/a><\/audio>\n<p><strong>STEFANO SANSON COMITATO PROMOTORE BIODISTRETTO TERRE BELLUNESI <\/strong><\/p>\n<audio class=\"wp-audio-shortcode\" id=\"audio-264859-10\" preload=\"none\" style=\"width: 100%;\" controls=\"controls\"><source type=\"audio\/mpeg\" src=\"https:\/\/www.radiopiu.net\/wordpress\/wp-content\/uploads\/2022\/03\/Audio-Sanson.mp3?_=10\" \/><a href=\"https:\/\/www.radiopiu.net\/wordpress\/wp-content\/uploads\/2022\/03\/Audio-Sanson.mp3\">https:\/\/www.radiopiu.net\/wordpress\/wp-content\/uploads\/2022\/03\/Audio-Sanson.mp3<\/a><\/audio>\n\n\t\t\t<style type='text\/css'>\n\t\t\t\t#gallery-4 {\n\t\t\t\t\tmargin: auto;\n\t\t\t\t}\n\t\t\t\t#gallery-4 .gallery-item {\n\t\t\t\t\tfloat: left;\n\t\t\t\t\tmargin-top: 10px;\n\t\t\t\t\ttext-align: center;\n\t\t\t\t\twidth: 50%;\n\t\t\t\t}\n\t\t\t\t#gallery-4 img {\n\t\t\t\t\tborder: 2px solid #cfcfcf;\n\t\t\t\t}\n\t\t\t\t#gallery-4 .gallery-caption {\n\t\t\t\t\tmargin-left: 0;\n\t\t\t\t}\n\t\t\t\t\/* see gallery_shortcode() in wp-includes\/media.php *\/\n\t\t\t<\/style>\n\t\t<div id='gallery-4' class='dt-gallery-container gallery galleryid-264859 gallery-columns-2 gallery-size-thumbnail'><dl class='gallery-item'>\n\t\t\t\t<dt class='gallery-icon portrait'>\n\t\t\t\t\t<a class=\"rollover rollover-zoom dt-pswp-item\" title=\"1ec9f175-277f-4258-84fd-6c9b19abc400\" data-dt-img-description=\"\" data-large_image_width=\"1131\" data-large_image_height=\"1600\"href='https:\/\/www.radiopiu.net\/wordpress\/wp-content\/uploads\/2022\/03\/1ec9f175-277f-4258-84fd-6c9b19abc400.jpg'><img loading=\"lazy\" decoding=\"async\" width=\"150\" height=\"150\" src=\"https:\/\/www.radiopiu.net\/wordpress\/wp-content\/uploads\/2022\/03\/1ec9f175-277f-4258-84fd-6c9b19abc400-150x150.jpg\" class=\"attachment-thumbnail size-thumbnail\" alt=\"\" \/><\/a>\n\t\t\t\t<\/dt><\/dl><dl class='gallery-item'>\n\t\t\t\t<dt class='gallery-icon portrait'>\n\t\t\t\t\t<a class=\"rollover rollover-zoom dt-pswp-item\" title=\"16bb6d5d-b059-45d6-8abe-43fa5d7ab044\" data-dt-img-description=\"\" data-large_image_width=\"1070\" data-large_image_height=\"1600\"href='https:\/\/www.radiopiu.net\/wordpress\/wp-content\/uploads\/2022\/03\/16bb6d5d-b059-45d6-8abe-43fa5d7ab044.jpg'><img loading=\"lazy\" decoding=\"async\" width=\"150\" height=\"150\" src=\"https:\/\/www.radiopiu.net\/wordpress\/wp-content\/uploads\/2022\/03\/16bb6d5d-b059-45d6-8abe-43fa5d7ab044-150x150.jpg\" class=\"attachment-thumbnail size-thumbnail\" alt=\"\" \/><\/a>\n\t\t\t\t<\/dt><\/dl><br style=\"clear: both\" \/>\n\t\t\t<\/div>\n\n<p>&nbsp;<\/p>\n<p>&nbsp;<\/p>\n<hr \/>\n<p>&nbsp;<\/p>\n<p>&nbsp;<\/p>\n<blockquote>\n<h3>CAMMINATURALMENTE CON ANACLETO BORANGA<\/h3>\n<\/blockquote>\n<p><strong>BELLUNO<\/strong> Sabato 19 marzo camminata nell&#8217;itinerario naturalistico e ambientale di Villa Miari di Cugnac, Domenica 20 marzo alle Antiche Rogge lungo il Cordevole e domenica 27 marzo nel Bosco delle Castagne.\u00a0 Informazioni ed iscrizioni allo 0437 948093 entro le 12 del venerdi precedente l&#8217;evento.<\/p>\n<p>&nbsp;<\/p>\n<p>&nbsp;<\/p>\n<hr \/>\n<p>&nbsp;<\/p>\n<blockquote>\n<h3>\u201cCONNESSI SENZA COMPLESSI\u201d: SUCCESSO OLTRE OGNI ASPETTATIVA PER IL NUOVO CORSO DEL CIRCOLO<\/h3>\n<\/blockquote>\n<p><strong>BELLUNO<\/strong> Il Circolo Cultura e Stampa Bellunese promuove il corso \u201cConnessi senza complessi&#8221;. La prima edizione, iniziata luned\u00ec, ha registrato il tutto esaurito in poche ore, tanto da spingere lo staff a programmarne subito una seconda. Per ulteriori informazioni contattare la Segreteria\u00a0 allo 0437948911, o via mail ad info@ccsb.it.<\/p>\n<p>&nbsp;<\/p>\n<hr \/>\n<p>&nbsp;<\/p>\n<blockquote>\n<h3>LA SIGNORA DELLA VAL DI FRELA BRUCERA&#8217; SUL BROI<\/h3>\n<p><strong>DOMENICA 27 MARZO SUL BROI DI AGORDO, DOPO DUE ANNI IL RITORNO DELLA VECIA POPA, il sindaco Chissal\u00e8 ha gi\u00e0 firmato le ordinanze. Attesa per la lettura del testamento<\/strong><\/p>\n<p>&nbsp;<\/p><\/blockquote>\n<hr \/>\n<p>&nbsp;<\/p>\n<blockquote>\n<h3>SABATO 26 MARZO ALLE 18 L&#8217;ASSEMBLEA ANNUALE DEL CAI DI AGORDO<\/h3>\n<\/blockquote>\n<p><strong><a class=\"dt-pswp-item\" href=\"https:\/\/www.radiopiu.net\/wordpress\/wp-content\/uploads\/2020\/04\/cai-agordo.jpg\" data-dt-img-description=\"\" data-large_image_width=\"297\" data-large_image_height=\"170\"><img loading=\"lazy\" decoding=\"async\" class=\" wp-image-127841 alignleft\" src=\"https:\/\/www.radiopiu.net\/wordpress\/wp-content\/uploads\/2020\/04\/cai-agordo.jpg\" alt=\"\" width=\"159\" height=\"91\" \/><\/a>AGORDO<\/strong><\/p>\n<p>di Gianni Santomaso<\/p>\n<audio class=\"wp-audio-shortcode\" id=\"audio-264859-11\" preload=\"none\" style=\"width: 100%;\" controls=\"controls\"><source type=\"audio\/mpeg\" src=\"https:\/\/www.radiopiu.net\/wordpress\/wp-content\/uploads\/2022\/03\/GIANNI-CAI-AGORDO.mp3?_=11\" \/><a href=\"https:\/\/www.radiopiu.net\/wordpress\/wp-content\/uploads\/2022\/03\/GIANNI-CAI-AGORDO.mp3\">https:\/\/www.radiopiu.net\/wordpress\/wp-content\/uploads\/2022\/03\/GIANNI-CAI-AGORDO.mp3<\/a><\/audio>\n<p>&nbsp;<\/p>\n<p>&nbsp;<\/p>\n<hr \/>\n<p>&nbsp;<\/p>\n<blockquote>\n<h3>DOMENICA A SAN GREGORIO NELLE ALPI &#8220;LA DIVINA IN-CANTA&#8221;<\/h3>\n<\/blockquote>\n<p><strong>SAN GREGORIO NELLE ALPI <\/strong>Domenica 20 marzo 2022 presso la Palestra Comunale di San Gregorio nelle Alpi la Compagnia Ana \u2013 Thema Teatro presenta \u201cLa Divina in-canta\u201d letture, pensieri e canzoni dalla Divina Commedia. Sono previsti due spettacoli, il primo alle 18.30 e il secondo alle 20.30. Prenotazione obbligatoria 346 4759362.<\/p>\n<p>&nbsp;<\/p>\n<p>&nbsp;<\/p>\n<hr \/>\n<p>&nbsp;<\/p>\n<blockquote>\n<h3>VENERDI&#8217; LA PRESENTAZIONE DEL LIBRO SU DON ELIO LARESE<\/h3>\n<\/blockquote>\n<p><strong>BELLUNO<\/strong> Venerd\u00ec 18 marzo ricorre il primo anniversario della scomparsa di don Elio Larese. La diocesi di Belluno-Feltre e il Liceo classico-scientifico \u201cLollino\u201d lo ricordano con due appuntamenti. Alle 17.00, nell\u2019aula magna del Seminario Gregoriano, verr\u00e0 presentato il libro \u201cUn chicco di grano \u2013 don Elio e noi\u201d. Di seguito, alle 18.30, in Cattedrale a Belluno, sar\u00e0 celebrata la santa Messa.<\/p>\n<p>&nbsp;<\/p>\n<p>&nbsp;<\/p>\n<hr \/>\n<p>&nbsp;<\/p>\n<blockquote>\n<h3>GIOVEDI&#8217; LA PROIEZIONE DEL DOCUFILM &#8220;DOVE NUOTANO I CAPRIOLI&#8221;<\/h3>\n<\/blockquote>\n<p><strong>FONZASO <\/strong>\u00c8 in programma per gioved\u00ec alle 20:30 presso la ex scuola elementare di Arten la proiezione del documentario &#8220;Dove Nuotano I Caprioli&#8221;. L\u2019acqua del Cadore ha ispirato antichissimi culti e leggende popolari, plasmando nel tempo forme del paesaggio, vita delle comunit\u00e0 ed economie della zona. Per prenotare il posto <a href=\"https:\/\/webkolm.musvc2.net\/e\/t?q=5%3d1TMS9a%267%3dZ%26n%3dULW%26o%3dWMV2S%26F%3d0tKAK_rrnr_32_CsSq_M8_rrnr_27yGlF8At03Mb.0E_JQtk_Tf50Ne-EFGt29G-i-4vHr00Di_IluP_S1_JQtk_UfLEE_sFFJc6_CsSq_N6n6HKl6ELeI_CsSq_MXuK8_Ee54Mm_IluP_Ty7m24D_rrnr_2WFLm_4vEp249n_IluP_Ty5oE17r69Ra_Il3a2vuP_SNHr69Gt2KAoEz%266%3dmLDNcS.97t%260D%3dT6UP&amp;mupckp=mupAtu4m8OiX0wt\">CLICCA QUI<\/a><\/p>\n<p>&nbsp;<\/p>\n<p>&nbsp;<\/p>\n<hr \/>\n<p>&nbsp;<\/p>\n<blockquote>\n<h3>AL VIA IL CONCORSO \u201cLUOGHI CHE PARLANO DI NOI\u201d<\/h3>\n<\/blockquote>\n<p><strong>SANTA GIUSTINA <\/strong>\u201cLuoghi che parlano di noi\u201d. \u00c8 questo il tema scelto per la seconda edizione del concorso di scrittura dell\u2019associazione culturale Veses. Il concorso si rivolge ai nati e residenti in provincia di Belluno. Le opere dovranno pervenire a concorso@ilveses.com entro e non oltre il 20 aprile 2022.<\/p>\n<p>&nbsp;<\/p>\n<hr \/>\n<p>&nbsp;<\/p>\n<h2><span style=\"color: #ff0000;\">IERI ALLA RADIO\u00a0<\/span><\/h2>\n<h2><span style=\"color: #808000;\">ALLO ZERO TERMICO: BOOMERANG TEATRO<\/span><\/h2>\n<blockquote><p><em><a class=\"dt-pswp-item\" href=\"https:\/\/www.radiopiu.net\/wordpress\/wp-content\/uploads\/2022\/03\/Schermata-2021-12-20-alle-11.01.23.png\" data-dt-img-description=\"\" data-large_image_width=\"1280\" data-large_image_height=\"643\"><img loading=\"lazy\" decoding=\"async\" class=\" wp-image-264910 alignleft\" src=\"https:\/\/www.radiopiu.net\/wordpress\/wp-content\/uploads\/2022\/03\/Schermata-2021-12-20-alle-11.01.23-300x151.png\" alt=\"\" width=\"165\" height=\"83\" srcset=\"https:\/\/www.radiopiu.net\/wordpress\/wp-content\/uploads\/2022\/03\/Schermata-2021-12-20-alle-11.01.23-300x151.png 300w, https:\/\/www.radiopiu.net\/wordpress\/wp-content\/uploads\/2022\/03\/Schermata-2021-12-20-alle-11.01.23-1024x514.png 1024w, https:\/\/www.radiopiu.net\/wordpress\/wp-content\/uploads\/2022\/03\/Schermata-2021-12-20-alle-11.01.23-768x386.png 768w, https:\/\/www.radiopiu.net\/wordpress\/wp-content\/uploads\/2022\/03\/Schermata-2021-12-20-alle-11.01.23.png 1280w\" sizes=\"auto, (max-width: 165px) 100vw, 165px\" \/><\/a>ZERO TERMICO E\u2019 UN VIAGGIO ALLA SCOPERTA DEL NOSTRO TERRITORIO, DALLA VOCE DEI PROTAGONISTI. TURISMO, SPORT, EVENTI, CULTURA, INTRATTENIMENTO. DAL LUNEDI\u2019 AL VENERDI ALLE 15.10 ALLE 20.30. ZERO TERMICO. UN APPUNTAMENTO IN COLLABORAZIONE CON: SPORT 203. LA NATURALE PORTA D\u2019INGRESSO\u2026.VERSO LO ZERO TERMICO. LOCALITA\u2019 LE CAMPE STRADA AGORDO BELLUNO. ABBIGLIAMENTO E ATTREZZATURA\u2026.DEDICATI A CHI AMA LA MONTAGNA.<\/em><\/p><\/blockquote>\n<p><strong>di Claudio Fontanive<\/strong><\/p>\n<p><strong>OSPITE: Tiziana Pagani Cesa, presidente della fondazione Teatri Dolomiti<\/strong><\/p>\n<audio class=\"wp-audio-shortcode\" id=\"audio-264859-12\" preload=\"none\" style=\"width: 100%;\" controls=\"controls\"><source type=\"audio\/mpeg\" src=\"https:\/\/www.radiopiu.net\/wordpress\/wp-content\/uploads\/2022\/03\/boomerang-tiziana-pagani-cesa-15-marzo.mp3?_=12\" \/><a href=\"https:\/\/www.radiopiu.net\/wordpress\/wp-content\/uploads\/2022\/03\/boomerang-tiziana-pagani-cesa-15-marzo.mp3\">https:\/\/www.radiopiu.net\/wordpress\/wp-content\/uploads\/2022\/03\/boomerang-tiziana-pagani-cesa-15-marzo.mp3<\/a><\/audio>\n<p>&nbsp;<\/p>\n<hr \/>\n<p>&nbsp;<\/p>\n<h2><span style=\"color: #ff0000;\">IERI ALLA RADIO<\/span><\/h2>\n<h2><span style=\"color: #3366ff;\">GIULIANA DA RONCH, RACCONTI DI SKI CIELO BLU CONFINE<\/span><\/h2>\n<p><strong><a class=\"dt-pswp-item\" href=\"https:\/\/www.radiopiu.net\/wordpress\/wp-content\/uploads\/2022\/03\/GIULIANA-DA-RONCH.jpg\" data-dt-img-description=\"\" data-large_image_width=\"773\" data-large_image_height=\"768\"><img loading=\"lazy\" decoding=\"async\" class=\" wp-image-264913 alignleft\" src=\"https:\/\/www.radiopiu.net\/wordpress\/wp-content\/uploads\/2022\/03\/GIULIANA-DA-RONCH-300x298.jpg\" alt=\"\" width=\"139\" height=\"138\" srcset=\"https:\/\/www.radiopiu.net\/wordpress\/wp-content\/uploads\/2022\/03\/GIULIANA-DA-RONCH-300x298.jpg 300w, https:\/\/www.radiopiu.net\/wordpress\/wp-content\/uploads\/2022\/03\/GIULIANA-DA-RONCH-150x150.jpg 150w, https:\/\/www.radiopiu.net\/wordpress\/wp-content\/uploads\/2022\/03\/GIULIANA-DA-RONCH-768x763.jpg 768w, https:\/\/www.radiopiu.net\/wordpress\/wp-content\/uploads\/2022\/03\/GIULIANA-DA-RONCH.jpg 773w\" sizes=\"auto, (max-width: 139px) 100vw, 139px\" \/><\/a><\/strong><\/p>\n<p>&nbsp;<\/p>\n<p>&nbsp;<\/p>\n<p>&nbsp;<\/p>\n<p><strong>DI Giuliana Da Ronch<\/strong><\/p>\n<audio class=\"wp-audio-shortcode\" id=\"audio-264859-13\" preload=\"none\" style=\"width: 100%;\" controls=\"controls\"><source type=\"audio\/mpeg\" src=\"https:\/\/www.radiopiu.net\/wordpress\/wp-content\/uploads\/2022\/03\/giuliana-ski.mp3?_=13\" \/><a href=\"https:\/\/www.radiopiu.net\/wordpress\/wp-content\/uploads\/2022\/03\/giuliana-ski.mp3\">https:\/\/www.radiopiu.net\/wordpress\/wp-content\/uploads\/2022\/03\/giuliana-ski.mp3<\/a><\/audio>\n<p>&nbsp;<\/p>\n<p>&nbsp;<\/p>\n<hr \/>\n<p>&nbsp;<\/p>\n<blockquote>\n<h3>FOD\u00d3M. \u201cDAL BOSCO MATERIA PRIMA PER IL FALEGNAME E IL CARPENTIERE\u201d<\/h3>\n<\/blockquote>\n<p><strong>di\u00a0 RENATO BONA<\/strong><\/p>\n<p>A nostro modesto avviso uno dei capitoli pi\u00f9 interessanti dell\u2019ottimo libro \u201cL\u2019artigianato del legno e del ferro a Fod\u00f3m\u201d, stampato (Officine Bertoncello artigrafiche di Cittadella di Padova) nel 1995 con l\u2019 Istituto bellunese di ricerche sociali e culturali guidato dal prof. don Sergio Sacco, dal maestro Franco Deltedesco \u00e8 quello intitolato: \u201cDal bosco la materia prima per il falegname e il carpentiere\u201d. Parte dalla gestione ed utilizzazione dei boschi ricordando che \u201cFin verso gli anni 1890-1900, il legname uso commercio, fatturato nel comune di Livinallongo, veniva trasportato a Sedico sfruttando la forza dell\u2019acqua del torrente Cordevole, cos\u00ec i costi erano limitati \u201d. Sottolineava quindi che \u201cNel lontano passato, le utilizzazioni del legname sono state suggerite quasi sempre da esigenze particolari e non hanno mai superato la potenzialit\u00e0 produttiva dei boschi. Questo fatto \u00e8 sicuramente dipeso dalla previdenza delle popolazioni locali\u201d. Ma\u2026 La guerra 1915-18 ha inferto un forte colpo al bosco in particolare nelle zone di Agai, Andraz, Ornella, Salegaca e Davedino e si \u00e8 dunque reso necessario tagliare le piante, assegnandole come combustibile\u2026\u201d. Va aggiunto che negli anni successivi al 1955 sono intervenuti diversi eventi meteorici distruttivi nelle zone di Davedino, Franza e Molinat\u201d dove sono stati sradicati 2.500 metri cubi di legname. Poi, il 2-3 settembre 1965 ed il 4 novembre 1966 nuove ferite a Roncat, Bosco Verde, Andraz, Franza, Planus\u00e9l e nel 1979 tale sorte \u00e8 toccata ad altri 500 metri cubi e, nel 1980, nelle zone di Renas e ad Arabba sradicati altri 2.500 metri cubi di legname. Qui di seguito serie di immagini, scelte da Franco Deltedesco a corredo del capitolo-bosco. Per la prima si legge: \u201cNessun documento prova la provenienza della propriet\u00e0 terriera, perci\u00f2 \u00e8 da ritenere che fin dai tempi pi\u00f9 remoti, gli abitanti abbiano incominciato ad esercitare quei diritti, chiamati poi \u2018usi civici\u2019 per il soddisfacimento dei loro bisogni di legnatico, rifabbrico e pascolo\u201d. Per la seconda: \u201cPertanto, si sar\u00e0 proceduto alla suddivisione della terra e del bosco fra le singole famiglie, o meglio fra le vicinie, corrispondenti alle attuali frazioni che nel 1995 sono 18\u201d. Altra dicitura che sviluppa il discorso: \u201cNel 1927, queste terre vennero avocate dal Comune che riconobbe per\u00f2 ai frazionisti, cos\u00ec come a tutti i censiti, i diritti acquisiti nel tempo\u201d. Ma: \u201cDa allora si sono succeduti vari ricorsi degli abitanti avversi all\u2019incameramento di detti terreni da parte del Comune, ed alcune frazioni, a suo tempo avevano anche fatto richiesta di costituzione di amministrazioni separate. Tale riconoscimento venne accordato alla frazione di Larzonei che ha quindi una propriet\u00e0 nettamente separata da quella del Comune\u201d. Ed eccoci alla foto per la quale si legge: \u201cLa propriet\u00e0 silvo-pastorale del comune di Livinallongo che \u00e8 situata in provincia di Belluno, si estende lungo i due versanti della vallata percorsa dal torrente Cordevole. L\u2019ampia conca della Val Parola, pur facendo parte amministrativamente del comune di Livinallongo, \u00e8 di propriet\u00e0 del Vescovo di Bolzano e Bressanone\u201d. Quindi si rammenta che: \u201cUn tempo, al bosco veniva assegnata una finalit\u00e0 esclusivamente o prevalentemente produttiva\u201d. Ma: \u201cNon \u00e8 possibile per\u00f2 non tenere presente la funzione che i boschi rivestono anche ai fini della difesa del suolo contro l\u2019erosione superficiale del terreno\u201d. Perci\u00f2: \u201cA queste due principali finalit\u00e0, di carattere produttivo e protettivo, se ne aggiungono altre, prevalentemente di interesse pubblico, che in determinate circostanze possono assumere particolare rilevanza: sono quella turistico-ricreativa e quella naturalistica\u201d. Altra immagine con didascalia che puntualizza: \u201cLe condizioni dei boschi nel comune di Livinallongo sono nel complesso buone e sarebbero ancora migliori se non si esercitasse il pascolo\u201d. Quest\u2019ultima attivit\u00e0, infatti: \u201cNei boschi \u00e8 un fattore negativo che limita in molti casi la rinnovazione naturale, la danneggia fin dal suo primo insediamento e provoca marciume nelle piante mature\u201d. Altra precisazione dell\u2019autore sotto la fotografia con tre persone: \u201cNel comune di Livinallongo non viene dato neppure molta importanza ai rimboschimenti, in quanto la rinnovazione naturale \u00e8 quasi ovunque soddisfacente, mentre sono previsti interventi colturali, quali gli sfollamenti e i diradamenti\u201d. E: \u201cParticolare attenzione viene rivolta alla conservazione e al miglioramento della viabilit\u00e0 forestale esistente che interessa direttamente la gestione dei boschi e dei pascoli\u201d. Ancora: \u201cSebbene l\u2019area coperta da bosco occupi la terza parte abbondante del comune di Livinallongo, non esistono estese foreste: gli alberi sono raggruppati in boschetti isolati, divisi da praterie, o pascoli, squarciati da crepacci o ripidi valloncelli\u201d. Una curiosit\u00e0: \u201cLa foresta di picea costituisce la specie principale per il fatto che il clima \u00e8 particolarmente adatto a questa essenza legnosa\u201d. : \u201cLa qualit\u00e0 del legname \u00e8 molto buona: ha un\u2019ottima fibra, fitta ed omogenea\u201d. A sua volta: \u201cIl larice \u00e8 pi\u00f9 o meno sparso in tutta la foresta\u2026\u201d mentre: \u201cL\u2019abete bianco \u00e8 presente in una ristretta zona: verso Larzonei e a maso Foram. Il pino cembro ed il pino mugo si trovano sporadici, il silvestre nella parte inferiore del versante sud del comune\u201d. Va aggiunto che: \u201cA causa dell\u2019elevatezza del luogo, mancano boschi di alberi frondiferi, qua e l\u00e0 si trovano singole piante di frassino, acero, sorbo, betulla alba, pioppo, rosa di macchia, sambuco crespino mentre un certo rilievo assume l\u2019ontano verde\u201d. Non va dimenticato che \u201cIl bosco \u00e8 stato diradato dalla pesante devastazione fatta con i tagli nella prima met\u00e0 del secolo XVIII, ordinata dal Principe Vescovo di Bressanone, mal consigliato dal Capitano del Castello di Andraz\u201d . Tanto che: \u201cL\u2019esempio, cui l\u2019unico scopo era quello di far denaro, fu purtroppo imitato dagli abitati delle singole frazioni nei rispettivi boschi vicinali\u201d e: \u201cTosto si fecero sentire le conseguenze: venne a mancare il legname per fondere e colare il ferro e perci\u00f2 nel 1778 si dovettero chiudere le miniere del Fursil, molto terreno divenne improduttivo, frane e valanghe trovarono spazio per un\u2019ulteriore distruzione\u201d. Concludiamo la carrellata con l\u2019immagine di cui si legge: \u201cIl bosco che cresce sui versanti rivolti a Nord d\u00e0 un legname migliore e viene chiamato bosco di \u2018viza\u2019: le piante sono alte, poco ramificate, corteccia pi\u00f9 sottile, fibra fine\u201d. E quella che ricorda che: \u201cIl bosco che cresce sui versanti rivolti a Sud d\u00e0 un legname pi\u00f9 scadente: le piante sono pi\u00f9 corte e molto ramificate, la corteccia \u00e8 spessa e la fibra pi\u00f9 grossa\u201d.<\/p>\n\n\t\t\t<style type='text\/css'>\n\t\t\t\t#gallery-5 {\n\t\t\t\t\tmargin: auto;\n\t\t\t\t}\n\t\t\t\t#gallery-5 .gallery-item {\n\t\t\t\t\tfloat: left;\n\t\t\t\t\tmargin-top: 10px;\n\t\t\t\t\ttext-align: center;\n\t\t\t\t\twidth: 16%;\n\t\t\t\t}\n\t\t\t\t#gallery-5 img {\n\t\t\t\t\tborder: 2px solid #cfcfcf;\n\t\t\t\t}\n\t\t\t\t#gallery-5 .gallery-caption {\n\t\t\t\t\tmargin-left: 0;\n\t\t\t\t}\n\t\t\t\t\/* see gallery_shortcode() in wp-includes\/media.php *\/\n\t\t\t<\/style>\n\t\t<div id='gallery-5' class='dt-gallery-container gallery galleryid-264859 gallery-columns-6 gallery-size-thumbnail'><dl class='gallery-item'>\n\t\t\t\t<dt class='gallery-icon portrait'>\n\t\t\t\t\t<a class=\"rollover rollover-zoom dt-pswp-item\" title=\"275213433_692707278755081_1581398865736318235_n\" data-dt-img-description=\"\" data-large_image_width=\"149\" data-large_image_height=\"225\"href='https:\/\/www.radiopiu.net\/wordpress\/wp-content\/uploads\/2022\/03\/275213433_692707278755081_1581398865736318235_n.jpg'><img loading=\"lazy\" decoding=\"async\" width=\"149\" height=\"150\" src=\"https:\/\/www.radiopiu.net\/wordpress\/wp-content\/uploads\/2022\/03\/275213433_692707278755081_1581398865736318235_n-149x150.jpg\" class=\"attachment-thumbnail size-thumbnail\" alt=\"\" \/><\/a>\n\t\t\t\t<\/dt><\/dl><dl class='gallery-item'>\n\t\t\t\t<dt class='gallery-icon landscape'>\n\t\t\t\t\t<a class=\"rollover rollover-zoom dt-pswp-item\" title=\"272191899_1367062693746766_1072603479731496016_n\" data-dt-img-description=\"\" data-large_image_width=\"311\" data-large_image_height=\"206\"href='https:\/\/www.radiopiu.net\/wordpress\/wp-content\/uploads\/2022\/03\/272191899_1367062693746766_1072603479731496016_n.jpg'><img loading=\"lazy\" decoding=\"async\" width=\"150\" height=\"150\" src=\"https:\/\/www.radiopiu.net\/wordpress\/wp-content\/uploads\/2022\/03\/272191899_1367062693746766_1072603479731496016_n-150x150.jpg\" class=\"attachment-thumbnail size-thumbnail\" alt=\"\" \/><\/a>\n\t\t\t\t<\/dt><\/dl><dl class='gallery-item'>\n\t\t\t\t<dt class='gallery-icon portrait'>\n\t\t\t\t\t<a class=\"rollover rollover-zoom dt-pswp-item\" title=\"275604876_901170460577758_2477983535020815593_n\" data-dt-img-description=\"\" data-large_image_width=\"152\" data-large_image_height=\"225\"href='https:\/\/www.radiopiu.net\/wordpress\/wp-content\/uploads\/2022\/03\/275604876_901170460577758_2477983535020815593_n.jpg'><img loading=\"lazy\" decoding=\"async\" width=\"150\" height=\"150\" src=\"https:\/\/www.radiopiu.net\/wordpress\/wp-content\/uploads\/2022\/03\/275604876_901170460577758_2477983535020815593_n-150x150.jpg\" class=\"attachment-thumbnail size-thumbnail\" alt=\"\" \/><\/a>\n\t\t\t\t<\/dt><\/dl><dl class='gallery-item'>\n\t\t\t\t<dt class='gallery-icon landscape'>\n\t\t\t\t\t<a class=\"rollover rollover-zoom dt-pswp-item\" title=\"275042875_1846302592425600_1264893505946147068_n\" data-dt-img-description=\"\" data-large_image_width=\"296\" data-large_image_height=\"201\"href='https:\/\/www.radiopiu.net\/wordpress\/wp-content\/uploads\/2022\/03\/275042875_1846302592425600_1264893505946147068_n.jpg'><img loading=\"lazy\" decoding=\"async\" width=\"150\" height=\"150\" src=\"https:\/\/www.radiopiu.net\/wordpress\/wp-content\/uploads\/2022\/03\/275042875_1846302592425600_1264893505946147068_n-150x150.jpg\" class=\"attachment-thumbnail size-thumbnail\" alt=\"\" \/><\/a>\n\t\t\t\t<\/dt><\/dl><dl class='gallery-item'>\n\t\t\t\t<dt class='gallery-icon portrait'>\n\t\t\t\t\t<a class=\"rollover rollover-zoom dt-pswp-item\" title=\"275168262_1014080909225667_3068958779745567029_n\" data-dt-img-description=\"\" data-large_image_width=\"160\" data-large_image_height=\"222\"href='https:\/\/www.radiopiu.net\/wordpress\/wp-content\/uploads\/2022\/03\/275168262_1014080909225667_3068958779745567029_n.jpg'><img loading=\"lazy\" decoding=\"async\" width=\"150\" height=\"150\" src=\"https:\/\/www.radiopiu.net\/wordpress\/wp-content\/uploads\/2022\/03\/275168262_1014080909225667_3068958779745567029_n-150x150.jpg\" class=\"attachment-thumbnail size-thumbnail\" alt=\"\" \/><\/a>\n\t\t\t\t<\/dt><\/dl><dl class='gallery-item'>\n\t\t\t\t<dt class='gallery-icon portrait'>\n\t\t\t\t\t<a class=\"rollover rollover-zoom dt-pswp-item\" title=\"275546532_1433683827049349_6649902717150331565_n\" data-dt-img-description=\"\" data-large_image_width=\"152\" data-large_image_height=\"225\"href='https:\/\/www.radiopiu.net\/wordpress\/wp-content\/uploads\/2022\/03\/275546532_1433683827049349_6649902717150331565_n.jpg'><img loading=\"lazy\" decoding=\"async\" width=\"150\" height=\"150\" src=\"https:\/\/www.radiopiu.net\/wordpress\/wp-content\/uploads\/2022\/03\/275546532_1433683827049349_6649902717150331565_n-150x150.jpg\" class=\"attachment-thumbnail size-thumbnail\" alt=\"\" \/><\/a>\n\t\t\t\t<\/dt><\/dl><br style=\"clear: both\" \/><dl class='gallery-item'>\n\t\t\t\t<dt class='gallery-icon portrait'>\n\t\t\t\t\t<a class=\"rollover rollover-zoom dt-pswp-item\" title=\"275177600_404628461329487_9124485163424784679_n\" data-dt-img-description=\"\" data-large_image_width=\"149\" data-large_image_height=\"247\"href='https:\/\/www.radiopiu.net\/wordpress\/wp-content\/uploads\/2022\/03\/275177600_404628461329487_9124485163424784679_n.jpg'><img loading=\"lazy\" decoding=\"async\" width=\"149\" height=\"150\" src=\"https:\/\/www.radiopiu.net\/wordpress\/wp-content\/uploads\/2022\/03\/275177600_404628461329487_9124485163424784679_n-149x150.jpg\" class=\"attachment-thumbnail size-thumbnail\" alt=\"\" \/><\/a>\n\t\t\t\t<\/dt><\/dl><dl class='gallery-item'>\n\t\t\t\t<dt class='gallery-icon portrait'>\n\t\t\t\t\t<a class=\"rollover rollover-zoom dt-pswp-item\" title=\"275195490_356233989847547_5149561394883514324_n\" data-dt-img-description=\"\" data-large_image_width=\"153\" data-large_image_height=\"225\"href='https:\/\/www.radiopiu.net\/wordpress\/wp-content\/uploads\/2022\/03\/275195490_356233989847547_5149561394883514324_n.jpg'><img loading=\"lazy\" decoding=\"async\" width=\"150\" height=\"150\" src=\"https:\/\/www.radiopiu.net\/wordpress\/wp-content\/uploads\/2022\/03\/275195490_356233989847547_5149561394883514324_n-150x150.jpg\" class=\"attachment-thumbnail size-thumbnail\" alt=\"\" \/><\/a>\n\t\t\t\t<\/dt><\/dl><dl class='gallery-item'>\n\t\t\t\t<dt class='gallery-icon landscape'>\n\t\t\t\t\t<a class=\"rollover rollover-zoom dt-pswp-item\" title=\"275669714_1422749608146851_132338396068281347_n\" data-dt-img-description=\"\" data-large_image_width=\"335\" data-large_image_height=\"206\"href='https:\/\/www.radiopiu.net\/wordpress\/wp-content\/uploads\/2022\/03\/275669714_1422749608146851_132338396068281347_n.jpg'><img loading=\"lazy\" decoding=\"async\" width=\"150\" height=\"150\" src=\"https:\/\/www.radiopiu.net\/wordpress\/wp-content\/uploads\/2022\/03\/275669714_1422749608146851_132338396068281347_n-150x150.jpg\" class=\"attachment-thumbnail size-thumbnail\" alt=\"\" \/><\/a>\n\t\t\t\t<\/dt><\/dl><dl class='gallery-item'>\n\t\t\t\t<dt class='gallery-icon portrait'>\n\t\t\t\t\t<a class=\"rollover rollover-zoom dt-pswp-item\" title=\"275702874_634904517811608_2819083586009564778_n\" data-dt-img-description=\"\" data-large_image_width=\"157\" data-large_image_height=\"225\"href='https:\/\/www.radiopiu.net\/wordpress\/wp-content\/uploads\/2022\/03\/275702874_634904517811608_2819083586009564778_n.jpg'><img loading=\"lazy\" decoding=\"async\" width=\"150\" height=\"150\" src=\"https:\/\/www.radiopiu.net\/wordpress\/wp-content\/uploads\/2022\/03\/275702874_634904517811608_2819083586009564778_n-150x150.jpg\" class=\"attachment-thumbnail size-thumbnail\" alt=\"\" \/><\/a>\n\t\t\t\t<\/dt><\/dl><dl class='gallery-item'>\n\t\t\t\t<dt class='gallery-icon portrait'>\n\t\t\t\t\t<a class=\"rollover rollover-zoom dt-pswp-item\" title=\"275557895_5730557173640090_6573538709728391512_n\" data-dt-img-description=\"\" data-large_image_width=\"159\" data-large_image_height=\"225\"href='https:\/\/www.radiopiu.net\/wordpress\/wp-content\/uploads\/2022\/03\/275557895_5730557173640090_6573538709728391512_n.jpg'><img loading=\"lazy\" decoding=\"async\" width=\"150\" height=\"150\" src=\"https:\/\/www.radiopiu.net\/wordpress\/wp-content\/uploads\/2022\/03\/275557895_5730557173640090_6573538709728391512_n-150x150.jpg\" class=\"attachment-thumbnail size-thumbnail\" alt=\"\" \/><\/a>\n\t\t\t\t<\/dt><\/dl><dl class='gallery-item'>\n\t\t\t\t<dt class='gallery-icon landscape'>\n\t\t\t\t\t<a class=\"rollover rollover-zoom dt-pswp-item\" title=\"274929282_4831974763587905_5230094972725142797_n\" data-dt-img-description=\"\" data-large_image_width=\"314\" data-large_image_height=\"206\"href='https:\/\/www.radiopiu.net\/wordpress\/wp-content\/uploads\/2022\/03\/274929282_4831974763587905_5230094972725142797_n.jpg'><img loading=\"lazy\" decoding=\"async\" width=\"150\" height=\"150\" src=\"https:\/\/www.radiopiu.net\/wordpress\/wp-content\/uploads\/2022\/03\/274929282_4831974763587905_5230094972725142797_n-150x150.jpg\" class=\"attachment-thumbnail size-thumbnail\" alt=\"\" \/><\/a>\n\t\t\t\t<\/dt><\/dl><br style=\"clear: both\" \/><dl class='gallery-item'>\n\t\t\t\t<dt class='gallery-icon landscape'>\n\t\t\t\t\t<a class=\"rollover rollover-zoom dt-pswp-item\" title=\"275366387_1190046225072342_9008322732719160765_n\" data-dt-img-description=\"\" data-large_image_width=\"320\" data-large_image_height=\"205\"href='https:\/\/www.radiopiu.net\/wordpress\/wp-content\/uploads\/2022\/03\/275366387_1190046225072342_9008322732719160765_n.jpg'><img loading=\"lazy\" decoding=\"async\" width=\"150\" height=\"150\" src=\"https:\/\/www.radiopiu.net\/wordpress\/wp-content\/uploads\/2022\/03\/275366387_1190046225072342_9008322732719160765_n-150x150.jpg\" class=\"attachment-thumbnail size-thumbnail\" alt=\"\" \/><\/a>\n\t\t\t\t<\/dt><\/dl><dl class='gallery-item'>\n\t\t\t\t<dt class='gallery-icon portrait'>\n\t\t\t\t\t<a class=\"rollover rollover-zoom dt-pswp-item\" title=\"275220590_515959183214828_5943166316204176322_n\" data-dt-img-description=\"\" data-large_image_width=\"154\" data-large_image_height=\"225\"href='https:\/\/www.radiopiu.net\/wordpress\/wp-content\/uploads\/2022\/03\/275220590_515959183214828_5943166316204176322_n.jpg'><img loading=\"lazy\" decoding=\"async\" width=\"150\" height=\"150\" src=\"https:\/\/www.radiopiu.net\/wordpress\/wp-content\/uploads\/2022\/03\/275220590_515959183214828_5943166316204176322_n-150x150.jpg\" class=\"attachment-thumbnail size-thumbnail\" alt=\"\" \/><\/a>\n\t\t\t\t<\/dt><\/dl><dl class='gallery-item'>\n\t\t\t\t<dt class='gallery-icon landscape'>\n\t\t\t\t\t<a class=\"rollover rollover-zoom dt-pswp-item\" title=\"275539163_482310293373024_4181848926585773320_n\" data-dt-img-description=\"\" data-large_image_width=\"280\" data-large_image_height=\"201\"href='https:\/\/www.radiopiu.net\/wordpress\/wp-content\/uploads\/2022\/03\/275539163_482310293373024_4181848926585773320_n.jpg'><img loading=\"lazy\" decoding=\"async\" width=\"150\" height=\"150\" src=\"https:\/\/www.radiopiu.net\/wordpress\/wp-content\/uploads\/2022\/03\/275539163_482310293373024_4181848926585773320_n-150x150.jpg\" class=\"attachment-thumbnail size-thumbnail\" alt=\"\" \/><\/a>\n\t\t\t\t<\/dt><\/dl><dl class='gallery-item'>\n\t\t\t\t<dt class='gallery-icon portrait'>\n\t\t\t\t\t<a class=\"rollover rollover-zoom dt-pswp-item\" title=\"275181287_502173201320340_7412723482457995820_n\" data-dt-img-description=\"\" data-large_image_width=\"155\" data-large_image_height=\"225\"href='https:\/\/www.radiopiu.net\/wordpress\/wp-content\/uploads\/2022\/03\/275181287_502173201320340_7412723482457995820_n.jpg'><img loading=\"lazy\" decoding=\"async\" width=\"150\" height=\"150\" src=\"https:\/\/www.radiopiu.net\/wordpress\/wp-content\/uploads\/2022\/03\/275181287_502173201320340_7412723482457995820_n-150x150.jpg\" class=\"attachment-thumbnail size-thumbnail\" alt=\"\" \/><\/a>\n\t\t\t\t<\/dt><\/dl><dl class='gallery-item'>\n\t\t\t\t<dt class='gallery-icon landscape'>\n\t\t\t\t\t<a class=\"rollover rollover-zoom dt-pswp-item\" title=\"274878965_541092880869122_6789485720737590724_n\" data-dt-img-description=\"\" data-large_image_width=\"312\" data-large_image_height=\"206\"href='https:\/\/www.radiopiu.net\/wordpress\/wp-content\/uploads\/2022\/03\/274878965_541092880869122_6789485720737590724_n.jpg'><img loading=\"lazy\" decoding=\"async\" width=\"150\" height=\"150\" src=\"https:\/\/www.radiopiu.net\/wordpress\/wp-content\/uploads\/2022\/03\/274878965_541092880869122_6789485720737590724_n-150x150.jpg\" class=\"attachment-thumbnail size-thumbnail\" alt=\"\" \/><\/a>\n\t\t\t\t<\/dt><\/dl><dl class='gallery-item'>\n\t\t\t\t<dt class='gallery-icon landscape'>\n\t\t\t\t\t<a class=\"rollover rollover-zoom dt-pswp-item\" title=\"275515464_343743797692515_3776141104693322012_n\" data-dt-img-description=\"\" data-large_image_width=\"332\" data-large_image_height=\"206\"href='https:\/\/www.radiopiu.net\/wordpress\/wp-content\/uploads\/2022\/03\/275515464_343743797692515_3776141104693322012_n.jpg'><img loading=\"lazy\" decoding=\"async\" width=\"150\" height=\"150\" src=\"https:\/\/www.radiopiu.net\/wordpress\/wp-content\/uploads\/2022\/03\/275515464_343743797692515_3776141104693322012_n-150x150.jpg\" class=\"attachment-thumbnail size-thumbnail\" alt=\"\" \/><\/a>\n\t\t\t\t<\/dt><\/dl><br style=\"clear: both\" \/>\n\t\t\t<\/div>\n\n<p>&nbsp;<\/p>\n<p>&nbsp;<\/p>\n<hr \/>\n<p>&nbsp;<\/p>\n<p>&nbsp;<\/p>\n<p>&nbsp;<\/p>\n<p><strong>TUTTI I LUNEDI ALLE 10,30 E 1900, LA DOMENICA ALLE 8 007 IN CONDOTTA, LA SCUOLA CON LA PROF. MARIA ROSA SALMAZO E CLAUDIO FONTANIVE, IN PODCAST TUTTE LE PUNTATE DELLE ULTIME STAGIONI.<\/strong><\/p>\n<blockquote class=\"wp-embedded-content\" data-secret=\"PtyyW0I5qd\"><p><a href=\"https:\/\/www.radiopiu.net\/wordpress\/007incondotta-9\/\">007 in condotta<\/a><\/p><\/blockquote>\n<p><iframe loading=\"lazy\" class=\"wp-embedded-content\" sandbox=\"allow-scripts\" security=\"restricted\" style=\"position: absolute; clip: rect(1px, 1px, 1px, 1px);\" title=\"&#8220;007 in condotta&#8221; &#8212; Radio Pi\u00f9\" src=\"https:\/\/www.radiopiu.net\/wordpress\/007incondotta-9\/embed\/#?secret=PtyyW0I5qd\" data-secret=\"PtyyW0I5qd\" width=\"600\" height=\"338\" frameborder=\"0\" marginwidth=\"0\" marginheight=\"0\" scrolling=\"no\"><\/iframe><\/p>\n<p>&nbsp;<\/p>\n<p>&nbsp;<\/p>\n<hr \/>\n<p>&nbsp;<\/p>\n<p>&nbsp;<\/p>\n<div>\n<div class=\"b654a4as d2edcug0\">\n<div class=\"rq0escxv hkbzh7o3 jwdofwj8 n8tt0mok r8blr3vg hyh9befq\">\n<p><a class=\"dt-pswp-item\" href=\"https:\/\/www.radiopiu.net\/wordpress\/wp-content\/uploads\/2020\/10\/pp.jpg\" data-dt-img-description=\"\" data-large_image_width=\"640\" data-large_image_height=\"640\"><img loading=\"lazy\" decoding=\"async\" class=\"wp-image-163678 alignleft\" src=\"https:\/\/www.radiopiu.net\/wordpress\/wp-content\/uploads\/2020\/10\/pp-300x300.jpg\" alt=\"\" width=\"106\" height=\"106\" srcset=\"https:\/\/www.radiopiu.net\/wordpress\/wp-content\/uploads\/2020\/10\/pp-300x300.jpg 300w, https:\/\/www.radiopiu.net\/wordpress\/wp-content\/uploads\/2020\/10\/pp-150x150.jpg 150w, https:\/\/www.radiopiu.net\/wordpress\/wp-content\/uploads\/2020\/10\/pp-125x125.jpg 125w, https:\/\/www.radiopiu.net\/wordpress\/wp-content\/uploads\/2020\/10\/pp-200x200.jpg 200w, https:\/\/www.radiopiu.net\/wordpress\/wp-content\/uploads\/2020\/10\/pp-80x80.jpg 80w, https:\/\/www.radiopiu.net\/wordpress\/wp-content\/uploads\/2020\/10\/pp-480x480.jpg 480w, https:\/\/www.radiopiu.net\/wordpress\/wp-content\/uploads\/2020\/10\/pp.jpg 640w\" sizes=\"auto, (max-width: 106px) 100vw, 106px\" \/><\/a><\/p>\n<\/div>\n<\/div>\n<\/div>\n<div>\n<div class=\"page-title-head hgroup\">\n<div class=\"page-title-head hgroup\">\n<div class=\"b654a4as d2edcug0\">\n<div class=\"j83agx80 btwxx1t3 lhclo0ds hop8lmos nkwizq5d scwd0bx6 roh60bw9\">\n<div class=\"rq0escxv hkbzh7o3 jwdofwj8 n8tt0mok r8blr3vg hyh9befq\">\n<div class=\"do00u71z l9j0dhe7 k4urcfbm\">\n<h2><span style=\"color: #000080;\">\u00a0<\/span><span style=\"color: #000080;\">DON CESARE, IL PENSIERO DEL GIORNO. ALLA RADIO ALLE 7 DEL MATTINO E ALLE 19.30 DELLA SERA.\u00a0<\/span><\/h2>\n<p>&nbsp;<\/p>\n<audio class=\"wp-audio-shortcode\" id=\"audio-264859-14\" preload=\"none\" style=\"width: 100%;\" controls=\"controls\"><source type=\"audio\/mpeg\" src=\"https:\/\/www.radiopiu.net\/wordpress\/wp-content\/uploads\/2022\/03\/cesare-7.mp3?_=14\" \/><a href=\"https:\/\/www.radiopiu.net\/wordpress\/wp-content\/uploads\/2022\/03\/cesare-7.mp3\">https:\/\/www.radiopiu.net\/wordpress\/wp-content\/uploads\/2022\/03\/cesare-7.mp3<\/a><\/audio>\n<\/div>\n<\/div>\n<\/div>\n<\/div>\n<\/div>\n<\/div>\n<\/div>\n<p>&nbsp;<\/p>\n<hr \/>\n<p>&nbsp;<\/p>\n<h3 class=\"kvgmc6g5 cxmmr5t8 oygrvhab hcukyx3x c1et5uql\"><span style=\"color: #0000ff;\"><strong>INFORMAZIONE il canale su TELEGRAM informazione di prima mano e in tempo reale. iscriviti ed aiutaci a farlo conoscere\u00a0\u00a0<\/strong><\/span><\/h3>\n<p>&nbsp;<\/p>\n<p>&nbsp;<\/p>\n<hr \/>\n<p>&nbsp;<\/p>\n<div class=\"do00u71z l9j0dhe7 k4urcfbm\">\n<div class=\"page-title-head hgroup\">\n<div class=\"page-title-head hgroup\">\n<div class=\"b654a4as d2edcug0\">\n<div class=\"j83agx80 btwxx1t3 lhclo0ds hop8lmos nkwizq5d scwd0bx6 roh60bw9\">\n<div class=\"rq0escxv hkbzh7o3 jwdofwj8 n8tt0mok r8blr3vg hyh9befq\">\n<div class=\"do00u71z l9j0dhe7 k4urcfbm\">\n<div class=\"page-title-head hgroup\">\n<div class=\"page-title-head hgroup\">\n<div class=\"b654a4as d2edcug0\">\n<div class=\"j83agx80 btwxx1t3 lhclo0ds hop8lmos nkwizq5d scwd0bx6 roh60bw9\">\n<div class=\"rq0escxv hkbzh7o3 jwdofwj8 n8tt0mok r8blr3vg hyh9befq\">\n<div class=\"do00u71z l9j0dhe7 k4urcfbm\">\n<div class=\"ecm0bbzt e5nlhep0 a8c37x1j\">\n<div class=\"kvgmc6g5 cxmmr5t8 oygrvhab hcukyx3x c1et5uql\">\n<div class=\"gmail-kvgmc6g5 gmail-cxmmr5t8 gmail-oygrvhab gmail-hcukyx3x gmail-c1et5uql gmail-ii04i59q\">\n<div class=\"page-title-head hgroup\">\n<div class=\"page-title-head hgroup\">\n<div class=\"b654a4as d2edcug0\">\n<div class=\"j83agx80 btwxx1t3 lhclo0ds hop8lmos nkwizq5d scwd0bx6 roh60bw9\">\n<div class=\"rq0escxv hkbzh7o3 jwdofwj8 n8tt0mok r8blr3vg hyh9befq\">\n<div class=\"do00u71z l9j0dhe7 k4urcfbm\">\n<div class=\"page-title-head hgroup\">\n<div class=\"page-title-head hgroup\">\n<div class=\"b654a4as d2edcug0\">\n<div class=\"j83agx80 btwxx1t3 lhclo0ds hop8lmos nkwizq5d scwd0bx6 roh60bw9\">\n<div class=\"rq0escxv hkbzh7o3 jwdofwj8 n8tt0mok r8blr3vg hyh9befq\">\n<div class=\"do00u71z l9j0dhe7 k4urcfbm\">\n<div class=\"page-title-head hgroup\">\n<div class=\"page-title-head hgroup\">\n<div class=\"b654a4as d2edcug0\">\n<div class=\"j83agx80 btwxx1t3 lhclo0ds hop8lmos nkwizq5d scwd0bx6 roh60bw9\">\n<div class=\"rq0escxv hkbzh7o3 jwdofwj8 n8tt0mok r8blr3vg hyh9befq\">\n<div class=\"do00u71z l9j0dhe7 k4urcfbm\">\n<div class=\"ecm0bbzt e5nlhep0 a8c37x1j\">\n<div class=\"kvgmc6g5 cxmmr5t8 oygrvhab hcukyx3x c1et5uql\">\n<div class=\"gmail-kvgmc6g5 gmail-cxmmr5t8 gmail-oygrvhab gmail-hcukyx3x gmail-c1et5uql gmail-ii04i59q\">\n<div class=\"page-title-head hgroup\">\n<div class=\"page-title-head hgroup\">\n<div class=\"b654a4as d2edcug0\">\n<div class=\"j83agx80 btwxx1t3 lhclo0ds hop8lmos nkwizq5d scwd0bx6 roh60bw9\">\n<div class=\"rq0escxv hkbzh7o3 jwdofwj8 n8tt0mok r8blr3vg hyh9befq\">\n<div class=\"do00u71z l9j0dhe7 k4urcfbm\">\n<blockquote>\n<h3><span style=\"color: #ff0000;\">IN VIVO VERSO, SETTIMA STAGIONE CON BRUNELLA MORO, DAL LUNEDI AL VENERDI ALLE 7.10, 10.10 E 18.50\u00a0\u00a0<\/span><\/h3>\n<\/blockquote>\n<p>&nbsp;<\/p>\n<div class=\"page-title-head hgroup\">\n<blockquote>\n<h3 class=\"entry-title\">SOGNARE DI VIVERE DI MARCO DAL FARRA<\/h3>\n<\/blockquote>\n<\/div>\n<div class=\"page-title-breadcrumbs\">\n<p>AUDIO<\/p>\n<audio class=\"wp-audio-shortcode\" id=\"audio-264859-15\" preload=\"none\" style=\"width: 100%;\" controls=\"controls\"><source type=\"audio\/mpeg\" src=\"https:\/\/www.radiopiu.net\/wordpress\/wp-content\/uploads\/2022\/03\/2-Marco-dal-Farra-sognare-di-vivere.mp3?_=15\" \/><a href=\"https:\/\/www.radiopiu.net\/wordpress\/wp-content\/uploads\/2022\/03\/2-Marco-dal-Farra-sognare-di-vivere.mp3\">https:\/\/www.radiopiu.net\/wordpress\/wp-content\/uploads\/2022\/03\/2-Marco-dal-Farra-sognare-di-vivere.mp3<\/a><\/audio>\n<p>&nbsp;<\/p>\n<p><img loading=\"lazy\" decoding=\"async\" class=\"alignleft\" src=\"https:\/\/www.radiopiu.net\/wordpress\/wp-content\/uploads\/2022\/03\/MARCO-DAL-FARRA-FOTO-300x300.jpg\" width=\"126\" height=\"126\" \/>SOGNARE DI VIVERE<br \/>\nDi notte non dormiva.<br \/>\nDi giorno non dormiva.<br \/>\nDi notte non viveva.<br \/>\nDi giorno sognava.<br \/>\nDi notte non sognava.<br \/>\nDi giorno non viveva,<br \/>\nsopravviveva per vivere<br \/>\ne sognare di non vivere quello per cui<br \/>\nstava sopravvivendo.<\/p>\n<p>Scalava quelle fatiche,<br \/>\nbeveva le lacrime.<br \/>\nDoveva farcela e arrivare,<br \/>\narrivare in cima a s\u00e9 stesso,<br \/>\nper gli altri.<br \/>\nDoveva arrivare lass\u00f9,<br \/>\nad accarezzare gli applausi che<br \/>\nsi complimentavano,<br \/>\ncon lui,<br \/>\nper essere diventato quello che doveva<br \/>\nsi, quello che doveva essere.<\/p>\n<p>Ma anche l\u2019ultima bava di ragno,<br \/>\nquella che teneva il cuore appeso alle speranze,<br \/>\nrotta.<br \/>\nLa mente non mentiva pi\u00f9.<br \/>\nI piedi toccarono terra.<br \/>\nNon arriv\u00f2 in cima a s\u00e9 stesso<br \/>\nper s\u00e9 stesso.<br \/>\nIl cuore lo ringrazi\u00f2 in silenzio.<br \/>\nApplaud\u00ec.<br \/>\nIn cima le mani si placarono.<\/p>\n<p>Era un fiore in bianco e nero che,<br \/>\nche doveva colorarsi.<br \/>\nE si color\u00f2, ma di s\u00e9 stesso.<br \/>\nDi bianco e nero.<br \/>\nDi notte torn\u00f2 a sognare.<br \/>\nDi notte torn\u00f2 a dormire.<br \/>\nDi giorno torn\u00f2 a vivere<br \/>\nper vivere e sognare quello che<br \/>\naveva sempre sognato di vivere.<\/p>\n<p><strong>LA RACCOLTA COMPLETA\u00a0<\/strong><\/p>\n<\/div>\n<blockquote class=\"wp-embedded-content\" data-secret=\"374pzPhkSL\"><p><a href=\"https:\/\/www.radiopiu.net\/wordpress\/in-vivo-verso\/\">In Vivo Verso<\/a><\/p><\/blockquote>\n<p><iframe loading=\"lazy\" class=\"wp-embedded-content\" sandbox=\"allow-scripts\" security=\"restricted\" style=\"position: absolute; clip: rect(1px, 1px, 1px, 1px);\" title=\"&#8220;In Vivo Verso&#8221; &#8212; Radio Pi\u00f9\" src=\"https:\/\/www.radiopiu.net\/wordpress\/in-vivo-verso\/embed\/#?secret=374pzPhkSL\" data-secret=\"374pzPhkSL\" width=\"600\" height=\"338\" frameborder=\"0\" marginwidth=\"0\" marginheight=\"0\" scrolling=\"no\"><\/iframe><\/p>\n<p>&nbsp;<\/p>\n<hr \/>\n<p>&nbsp;<\/p>\n<h2><span style=\"color: #808000;\">GOCCE DI FILOSOFIA<\/span><\/h2>\n<p><strong>GOCCE DI FILOSOFIA PUNTATA 157 LISA DE LUCA<\/strong><\/p>\n<p><strong>AUDIO<\/strong><\/p>\n<audio class=\"wp-audio-shortcode\" id=\"audio-264859-16\" preload=\"none\" style=\"width: 100%;\" controls=\"controls\"><source type=\"audio\/mpeg\" src=\"https:\/\/www.radiopiu.net\/wordpress\/wp-content\/uploads\/2022\/03\/FI2-1.mp3?_=16\" \/><a href=\"https:\/\/www.radiopiu.net\/wordpress\/wp-content\/uploads\/2022\/03\/FI2-1.mp3\">https:\/\/www.radiopiu.net\/wordpress\/wp-content\/uploads\/2022\/03\/FI2-1.mp3<\/a><\/audio>\n<p>&nbsp;<\/p>\n<p><strong>LA RACCOLTA COMPLETA<\/strong><\/p>\n<blockquote class=\"wp-embedded-content\" data-secret=\"9CmrSGMgyf\"><p><a href=\"https:\/\/www.radiopiu.net\/wordpress\/gocce-filosofia\/\">Gocce di filosofia, PRIMA E SECONDA STAGIONE 2022<\/a><\/p><\/blockquote>\n<p><iframe loading=\"lazy\" class=\"wp-embedded-content\" sandbox=\"allow-scripts\" security=\"restricted\" style=\"position: absolute; clip: rect(1px, 1px, 1px, 1px);\" title=\"&#8220;Gocce di filosofia, PRIMA E SECONDA STAGIONE 2022&#8221; &#8212; Radio Pi\u00f9\" src=\"https:\/\/www.radiopiu.net\/wordpress\/gocce-filosofia\/embed\/#?secret=9CmrSGMgyf\" data-secret=\"9CmrSGMgyf\" width=\"600\" height=\"338\" frameborder=\"0\" marginwidth=\"0\" marginheight=\"0\" scrolling=\"no\"><\/iframe><\/p>\n<p>&nbsp;<\/p>\n<hr \/>\n<p>&nbsp;<\/p>\n<p>&nbsp;<\/p>\n<blockquote class=\"wp-embedded-content\" data-secret=\"ndoWo0qBIR\"><p><a href=\"https:\/\/www.radiopiu.net\/wordpress\/mensileada\/\">VENT&#8217;ANNI FA&#8230;. A CINQUANT&#8217;ANNI DALLA MORTE DI UMBERTO TAZZER<\/a><\/p><\/blockquote>\n<p><iframe loading=\"lazy\" class=\"wp-embedded-content\" sandbox=\"allow-scripts\" security=\"restricted\" style=\"position: absolute; clip: rect(1px, 1px, 1px, 1px);\" title=\"&#8220;VENT&#8217;ANNI FA&#8230;. A CINQUANT&#8217;ANNI DALLA MORTE DI UMBERTO TAZZER&#8221; &#8212; Radio Pi\u00f9\" src=\"https:\/\/www.radiopiu.net\/wordpress\/mensileada\/embed\/#?secret=ndoWo0qBIR\" data-secret=\"ndoWo0qBIR\" width=\"600\" height=\"338\" frameborder=\"0\" marginwidth=\"0\" marginheight=\"0\" scrolling=\"no\"><\/iframe><\/p>\n<p>&nbsp;<\/p>\n<p>&nbsp;<\/p>\n<p>&nbsp;<\/p>\n<hr \/>\n<p>&nbsp;<\/p>\n<p><span style=\"color: #0000ff;\">MUSICA PIU&#8217;\u00a0<\/span><\/p>\n<p><a href=\"https:\/\/www.radiopiu.net\/wordpress\/giornale-radiopiu-20-settembre-2021-direttore-mirko-mezzacasa\/pp-79\/\" rel=\"attachment wp-att-232921\"><img loading=\"lazy\" decoding=\"async\" class=\"wp-image-232921 alignleft\" src=\"https:\/\/www.radiopiu.net\/wordpress\/wp-content\/uploads\/2021\/09\/pp-1-300x300.jpg\" alt=\"\" width=\"135\" height=\"135\" srcset=\"https:\/\/www.radiopiu.net\/wordpress\/wp-content\/uploads\/2021\/09\/pp-1-300x300.jpg 300w, https:\/\/www.radiopiu.net\/wordpress\/wp-content\/uploads\/2021\/09\/pp-1-150x150.jpg 150w, https:\/\/www.radiopiu.net\/wordpress\/wp-content\/uploads\/2021\/09\/pp-1.jpg 640w\" sizes=\"auto, (max-width: 135px) 100vw, 135px\" \/><\/a><\/p>\n<div class=\"mkdf-post-text\">\n<div class=\"mkdf-post-text-inner\">\n<div class=\"mkdf-post-text-main\">\n<div class=\"mkdf-post-text\">\n<div class=\"mkdf-post-text-inner\">\n<div class=\"mkdf-post-text-main\">\n<div class=\"mkdf-post-text\">\n<div class=\"mkdf-post-text-inner\">\n<div class=\"mkdf-post-text-main\">\n<div class=\"page-title-head hgroup\">\n<div class=\"page-title-head hgroup\">\n<div class=\"mkdf-post-text\">\n<div class=\"mkdf-post-text-inner\">\n<div class=\"mkdf-post-text-main\">\n<div class=\"mkdf-post-text\">\n<div class=\"mkdf-post-text-inner\">\n<div class=\"mkdf-post-text-main\">\n<div class=\"page-title-head hgroup\">\n<div class=\"page-title-head hgroup\">\n<div class=\"page-title-head hgroup\">\n<div class=\"page-title-head hgroup\">\n<div class=\"b654a4as d2edcug0\">\n<div class=\"page-title-head hgroup\">\n<div class=\"page-title-head hgroup\">\n<div class=\"page-title-head hgroup\">\n<div class=\"page-title-head hgroup\">\n<div class=\"b654a4as d2edcug0\">\n<div class=\"page-title-head hgroup\">\n<div class=\"page-title-head hgroup\">\n<div class=\"page-title-head hgroup\">\n<div class=\"page-title-head hgroup\">\n<div class=\"b654a4as d2edcug0\">\n<div class=\"mkdf-post-text\">\n<div class=\"mkdf-post-text-inner\">\n<div class=\"mkdf-post-text-main\">\n<div class=\"mkdf-post-text\">\n<div class=\"mkdf-post-text-inner\">\n<div class=\"mkdf-post-text-main\">\n<div class=\"mkdf-post-text\">\n<div class=\"mkdf-post-text-inner\">\n<div class=\"mkdf-post-text-main\">\n<div class=\"page-title-head hgroup\">\n<div class=\"page-title-head hgroup\">\n<div class=\"mkdf-post-text\">\n<div class=\"mkdf-post-text-inner\">\n<div class=\"mkdf-post-text-main\">\n<div class=\"mkdf-post-text\">\n<div class=\"mkdf-post-text-inner\">\n<div class=\"mkdf-post-text-main\">\n<div class=\"page-title-head hgroup\">\n<div class=\"page-title-head hgroup\">\n<div class=\"page-title-head hgroup\">\n<div class=\"page-title-head hgroup\">\n<div class=\"b654a4as d2edcug0\">\n<div class=\"page-title-head hgroup\">\n<div class=\"page-title-head hgroup\">\n<div class=\"page-title-head hgroup\">\n<div class=\"page-title-head hgroup\">\n<div class=\"b654a4as d2edcug0\">\n<div class=\"page-title-head hgroup\">\n<div class=\"page-title-head hgroup\">\n<div class=\"page-title-head hgroup\">\n<div class=\"page-title-head hgroup\">\n<div class=\"b654a4as d2edcug0\">\n<div><\/div>\n<div><\/div>\n<div>\n<p><strong>MUSICA ALLA RADIO, IL PROGRAMMA DI LORIS SCUSSEL &#8220;COLLAGE OPERAZIONE NOSTALGIA&#8221; DAL LUNEDI AL VENERDI ALLE 16.00\u00a0 E ALLE 23\u00a0<\/strong><\/p>\n<\/div>\n<p>&nbsp;<\/p>\n<p><strong>Puntata 562 del 15 Marzo 2022<\/strong><\/p>\n<audio class=\"wp-audio-shortcode\" id=\"audio-264859-17\" preload=\"none\" style=\"width: 100%;\" controls=\"controls\"><source type=\"audio\/mpeg\" src=\"https:\/\/www.radiopiu.net\/wordpress\/wp-content\/uploads\/2022\/03\/Collage-562.mp3?_=17\" \/><a href=\"https:\/\/www.radiopiu.net\/wordpress\/wp-content\/uploads\/2022\/03\/Collage-562.mp3\">https:\/\/www.radiopiu.net\/wordpress\/wp-content\/uploads\/2022\/03\/Collage-562.mp3<\/a><\/audio>\n<p>&nbsp;<\/p>\n<p><strong><a class=\"dt-pswp-item\" href=\"https:\/\/www.radiopiu.net\/wordpress\/wp-content\/uploads\/2022\/03\/Blowin-in-the-wind.jpg\" data-dt-img-description=\"\" data-large_image_width=\"412\" data-large_image_height=\"412\"><img loading=\"lazy\" decoding=\"async\" class=\" wp-image-264576 alignleft\" src=\"https:\/\/www.radiopiu.net\/wordpress\/wp-content\/uploads\/2022\/03\/Blowin-in-the-wind-300x300.jpg\" alt=\"\" width=\"122\" height=\"122\" srcset=\"https:\/\/www.radiopiu.net\/wordpress\/wp-content\/uploads\/2022\/03\/Blowin-in-the-wind-300x300.jpg 300w, https:\/\/www.radiopiu.net\/wordpress\/wp-content\/uploads\/2022\/03\/Blowin-in-the-wind-150x150.jpg 150w, https:\/\/www.radiopiu.net\/wordpress\/wp-content\/uploads\/2022\/03\/Blowin-in-the-wind.jpg 412w\" sizes=\"auto, (max-width: 122px) 100vw, 122px\" \/><\/a>di Loris Scussel<\/strong><\/p>\n<p>Vista la situazione attuale in Ucraina Collage aprir\u00e0 la settimana con una puntata dedicata alle canzoni contro la guerra, marted\u00ec brani tipicamente estivi, mercoled\u00ec e gioved\u00ec spazio alla musica internazionale per terminare venerd\u00ec con le canzoni dei gruppi musicali italiani anni 60\/70. Il programma andr\u00e0 in onda dal luned\u00ec al venerd\u00ec alle 16,00 e alle 23,00.<\/p>\n<p>&nbsp;<\/p>\n<p>&nbsp;<\/p>\n<p>&nbsp;<\/p>\n<hr \/>\n<\/div>\n<\/div>\n<\/div>\n<\/div>\n<\/div>\n<\/div>\n<\/div>\n<\/div>\n<\/div>\n<\/div>\n<\/div>\n<\/div>\n<\/div>\n<\/div>\n<\/div>\n<\/div>\n<\/div>\n<\/div>\n<\/div>\n<\/div>\n<\/div>\n<\/div>\n<\/div>\n<\/div>\n<\/div>\n<\/div>\n<\/div>\n<\/div>\n<\/div>\n<\/div>\n<\/div>\n<\/div>\n<\/div>\n<\/div>\n<\/div>\n<\/div>\n<\/div>\n<\/div>\n<\/div>\n<\/div>\n<\/div>\n<\/div>\n<\/div>\n<\/div>\n<\/div>\n<\/div>\n<\/div>\n<\/div>\n<\/div>\n<\/div>\n<\/div>\n<\/div>\n<\/div>\n<\/div>\n<\/div>\n<\/div>\n<\/div>\n<\/div>\n<\/div>\n<\/div>\n<\/div>\n<\/div>\n<\/div>\n<\/div>\n<p>&nbsp;<\/p>\n<blockquote>\n<h3><span style=\"color: #0000ff;\">INFORMAZIONE il canale su TELEGRAM informazione di prima mano e in tempo reale. iscriviti ed aiutaci a farlo conoscere\u00a0\u00a0<\/span><\/h3>\n<\/blockquote>\n<div>\n<div class=\"page-title-head hgroup\">\n<div class=\"page-title-head hgroup\">\n<div class=\"page-title-head hgroup\">\n<div class=\"page-title-head hgroup\">\n<div class=\"b654a4as d2edcug0\">\n<div class=\"page-title-head hgroup\">\n<div class=\"page-title-head hgroup\">\n<div class=\"page-title-head hgroup\">\n<div class=\"page-title-head hgroup\">\n<div class=\"b654a4as d2edcug0\">\n<div class=\"page-title-head hgroup\">\n<div class=\"page-title-head hgroup\">\n<div class=\"page-title-head hgroup\">\n<div class=\"page-title-head hgroup\">\n<div class=\"page-title-head hgroup\">\n<div class=\"page-title-head hgroup\">\n<div class=\"page-title-head hgroup\">\n<div class=\"page-title-head hgroup\">\n<div class=\"page-title-head hgroup\">\n<div class=\"b654a4as d2edcug0\">\n<div class=\"page-title-head hgroup\">\n<div class=\"page-title-head hgroup\">\n<div class=\"page-title-head hgroup\">\n<div class=\"page-title-head hgroup\">\n<div class=\"b654a4as d2edcug0\">\n<div>\n<p>&nbsp;<\/p>\n<\/div>\n<div>\n<div class=\"page-title-head hgroup\">\n<div class=\"page-title-head hgroup\">\n<div class=\"page-title-head hgroup\">\n<div class=\"page-title-head hgroup\">\n<div class=\"page-title-head hgroup\">\n<div class=\"b654a4as d2edcug0\">\n<div>\n<hr \/>\n<\/div>\n<\/div>\n<div>\n<div>\n<p>&nbsp;<\/p>\n<\/div>\n<div>\n<div>\n<p>&nbsp;<\/p>\n<\/div>\n<div>\n<div>\n<p><strong>DUE MINUTI UN LIBRO, TUTTI I GIORNI ALLA RADIO ALLE 9.40 E ALLE 17.50\u00a0<\/strong><\/p>\n<div>\n<div>\n<p><strong>LA RACCOLTA COMPLETA\u00a0\u00a0<\/strong><\/p>\n<\/div>\n<div>\n<blockquote class=\"wp-embedded-content\" data-secret=\"OmDZQhFKZ1\"><p><a href=\"https:\/\/www.radiopiu.net\/wordpress\/due-minuti-un-libro\/\">Due minuti un libro<\/a><\/p><\/blockquote>\n<p><iframe loading=\"lazy\" class=\"wp-embedded-content\" sandbox=\"allow-scripts\" security=\"restricted\" style=\"position: absolute; clip: rect(1px, 1px, 1px, 1px);\" title=\"&#8220;Due minuti un libro&#8221; &#8212; Radio Pi\u00f9\" src=\"https:\/\/www.radiopiu.net\/wordpress\/due-minuti-un-libro\/embed\/#?secret=OmDZQhFKZ1\" data-secret=\"OmDZQhFKZ1\" width=\"600\" height=\"338\" frameborder=\"0\" marginwidth=\"0\" marginheight=\"0\" scrolling=\"no\"><\/iframe><\/p>\n<\/div>\n<\/div>\n<\/div>\n<div class=\"mkdf-post-text\">\n<div class=\"mkdf-post-text-inner\">\n<div class=\"mkdf-post-text-main\">\n<div class=\"mkdf-post-text\">\n<div class=\"mkdf-post-text-inner\">\n<div class=\"mkdf-post-text-main\">\n<div class=\"mkdf-post-text\">\n<div class=\"mkdf-post-text-inner\">\n<div class=\"mkdf-post-text-main\">\n<div class=\"page-title-head hgroup\">\n<div class=\"page-title-head hgroup\">\n<div class=\"mkdf-post-text\">\n<div class=\"mkdf-post-text-inner\">\n<div class=\"mkdf-post-text-main\">\n<div class=\"mkdf-post-text\">\n<div class=\"mkdf-post-text-inner\">\n<div class=\"mkdf-post-text-main\">\n<div class=\"page-title-head hgroup\">\n<div class=\"page-title-head hgroup\">\n<div class=\"page-title-head hgroup\">\n<div class=\"page-title-head hgroup\">\n<div class=\"b654a4as d2edcug0\">\n<div class=\"page-title-head hgroup\">\n<div class=\"page-title-head hgroup\">\n<div class=\"page-title-head hgroup\">\n<div class=\"page-title-head hgroup\">\n<div class=\"b654a4as d2edcug0\">\n<div class=\"page-title-head hgroup\">\n<div class=\"page-title-head hgroup\">\n<div class=\"page-title-head hgroup\">\n<div class=\"page-title-head hgroup\">\n<div class=\"b654a4as d2edcug0\">\n<div>\n<p>&nbsp;<\/p>\n<\/div>\n<div>\n<hr \/>\n<p>&nbsp;<\/p>\n<\/div>\n<h2><span style=\"color: #808000;\">L&#8217;ALMANACCO LADINO\u00a0\u00a0<\/span><\/h2>\n<p><em><strong>Puntata del 14 Marzo 2022<\/strong><\/em><\/p>\n<audio class=\"wp-audio-shortcode\" id=\"audio-264859-18\" preload=\"none\" style=\"width: 100%;\" controls=\"controls\"><source type=\"audio\/mpeg\" src=\"https:\/\/www.radiopiu.net\/wordpress\/wp-content\/uploads\/2022\/03\/79\u00b0-Almanacco-Ladino_Col.mp3?_=18\" \/><a href=\"https:\/\/www.radiopiu.net\/wordpress\/wp-content\/uploads\/2022\/03\/79\u00b0-Almanacco-Ladino_Col.mp3\">https:\/\/www.radiopiu.net\/wordpress\/wp-content\/uploads\/2022\/03\/79\u00b0-Almanacco-Ladino_Col.mp3<\/a><\/audio>\n<p>&nbsp;<\/p>\n<p><strong>LA RACCOLTA<\/strong><\/p>\n<blockquote class=\"wp-embedded-content\" data-secret=\"Lgunr2toeX\"><p><a href=\"https:\/\/www.radiopiu.net\/wordpress\/almanacco-ladino\/\">Almanacco Ladino<\/a><\/p><\/blockquote>\n<p><iframe loading=\"lazy\" class=\"wp-embedded-content\" sandbox=\"allow-scripts\" security=\"restricted\" style=\"position: absolute; clip: rect(1px, 1px, 1px, 1px);\" title=\"&#8220;Almanacco Ladino&#8221; &#8212; Radio Pi\u00f9\" src=\"https:\/\/www.radiopiu.net\/wordpress\/almanacco-ladino\/embed\/#?secret=Lgunr2toeX\" data-secret=\"Lgunr2toeX\" width=\"600\" height=\"338\" frameborder=\"0\" marginwidth=\"0\" marginheight=\"0\" scrolling=\"no\"><\/iframe><\/p>\n<p>&nbsp;<\/p>\n<hr \/>\n<p>&nbsp;<\/p>\n<h2><span style=\"color: #33cccc;\">LA RASSEGNA STAMPA DA L&#8217;AMICO DEL POPOLO<\/span><\/h2>\n<p><em><strong>PUNTATA DEL 12 MARZO 2022<\/strong><\/em><\/p>\n<p><strong><a class=\"dt-pswp-item\" href=\"https:\/\/www.radiopiu.net\/wordpress\/wp-content\/uploads\/2020\/10\/FOLLADOR-DE-ROSSI-scaled.jpg\" data-dt-img-description=\"\" data-large_image_width=\"2560\" data-large_image_height=\"1193\"><img loading=\"lazy\" decoding=\"async\" class=\"size-medium wp-image-164367 alignleft\" src=\"https:\/\/www.radiopiu.net\/wordpress\/wp-content\/uploads\/2020\/10\/FOLLADOR-DE-ROSSI-300x140.jpg\" alt=\"\" width=\"300\" height=\"140\" srcset=\"https:\/\/www.radiopiu.net\/wordpress\/wp-content\/uploads\/2020\/10\/FOLLADOR-DE-ROSSI-300x140.jpg 300w, https:\/\/www.radiopiu.net\/wordpress\/wp-content\/uploads\/2020\/10\/FOLLADOR-DE-ROSSI-1024x477.jpg 1024w, https:\/\/www.radiopiu.net\/wordpress\/wp-content\/uploads\/2020\/10\/FOLLADOR-DE-ROSSI-768x358.jpg 768w, https:\/\/www.radiopiu.net\/wordpress\/wp-content\/uploads\/2020\/10\/FOLLADOR-DE-ROSSI-1536x716.jpg 1536w, https:\/\/www.radiopiu.net\/wordpress\/wp-content\/uploads\/2020\/10\/FOLLADOR-DE-ROSSI-2048x954.jpg 2048w, https:\/\/www.radiopiu.net\/wordpress\/wp-content\/uploads\/2020\/10\/FOLLADOR-DE-ROSSI-640x298.jpg 640w\" sizes=\"auto, (max-width: 300px) 100vw, 300px\" \/><\/a>di Gianni Santomaso<\/strong><\/p>\n<p>OSPITE: Luca Lucchetta, presidente APIM<\/p>\n<audio class=\"wp-audio-shortcode\" id=\"audio-264859-19\" preload=\"none\" style=\"width: 100%;\" controls=\"controls\"><source type=\"audio\/mpeg\" src=\"https:\/\/www.radiopiu.net\/wordpress\/wp-content\/uploads\/2022\/03\/RASSEGNA-GIANNI-1.mp3?_=19\" \/><a href=\"https:\/\/www.radiopiu.net\/wordpress\/wp-content\/uploads\/2022\/03\/RASSEGNA-GIANNI-1.mp3\">https:\/\/www.radiopiu.net\/wordpress\/wp-content\/uploads\/2022\/03\/RASSEGNA-GIANNI-1.mp3<\/a><\/audio>\n<p>&nbsp;<\/p>\n<p><strong>LA RACCOLTA COMPLETA<\/strong><\/p>\n<blockquote class=\"wp-embedded-content\" data-secret=\"HjdppN0owd\"><p><a href=\"https:\/\/www.radiopiu.net\/wordpress\/rassegna-stampa-di-gianni-santomaso\/\">Rassegna stampa da l&#8217;amico del popolo &#8211; di Gianni Santomaso<\/a><\/p><\/blockquote>\n<p><iframe loading=\"lazy\" class=\"wp-embedded-content\" sandbox=\"allow-scripts\" security=\"restricted\" style=\"position: absolute; clip: rect(1px, 1px, 1px, 1px);\" title=\"&#8220;Rassegna stampa da l&#8217;amico del popolo &#8211; di Gianni Santomaso&#8221; &#8212; Radio Pi\u00f9\" src=\"https:\/\/www.radiopiu.net\/wordpress\/rassegna-stampa-di-gianni-santomaso\/embed\/#?secret=HjdppN0owd\" data-secret=\"HjdppN0owd\" width=\"600\" height=\"338\" frameborder=\"0\" marginwidth=\"0\" marginheight=\"0\" scrolling=\"no\"><\/iframe><\/p>\n<p>&nbsp;<\/p>\n<hr \/>\n<p>&nbsp;<\/p>\n<div>\n<div class=\"page-title-head hgroup\">\n<div class=\"page-title-head hgroup\">\n<div class=\"b654a4as d2edcug0\">\n<div class=\"j83agx80 btwxx1t3 lhclo0ds hop8lmos nkwizq5d scwd0bx6 roh60bw9\">\n<div class=\"rq0escxv hkbzh7o3 jwdofwj8 n8tt0mok r8blr3vg hyh9befq\">\n<div class=\"do00u71z l9j0dhe7 k4urcfbm\">\n<div class=\"ecm0bbzt e5nlhep0 a8c37x1j\">\n<div class=\"kvgmc6g5 cxmmr5t8 oygrvhab hcukyx3x c1et5uql\">\n<div class=\"gmail-kvgmc6g5 gmail-cxmmr5t8 gmail-oygrvhab gmail-hcukyx3x gmail-c1et5uql gmail-ii04i59q\">\n<div class=\"page-title-head hgroup\">\n<div class=\"page-title-head hgroup\">\n<div class=\"b654a4as d2edcug0\">\n<div class=\"j83agx80 btwxx1t3 lhclo0ds hop8lmos nkwizq5d scwd0bx6 roh60bw9\">\n<div class=\"rq0escxv hkbzh7o3 jwdofwj8 n8tt0mok r8blr3vg hyh9befq\">\n<div class=\"do00u71z l9j0dhe7 k4urcfbm\">\n<div>\n<div class=\"page-title-head hgroup\">\n<div class=\"page-title-head hgroup\">\n<div class=\"page-title-head hgroup\">\n<div class=\"page-title-head hgroup\">\n<div class=\"b654a4as d2edcug0\">\n<div class=\"page-title-head hgroup\">\n<div class=\"page-title-head hgroup\">\n<div class=\"page-title-head hgroup\">\n<div class=\"page-title-head hgroup\">\n<div class=\"b654a4as d2edcug0\">\n<div class=\"page-title-head hgroup\">\n<div class=\"page-title-head hgroup\">\n<div class=\"page-title-head hgroup\">\n<div class=\"page-title-head hgroup\">\n<div class=\"page-title-head hgroup\">\n<div class=\"page-title-head hgroup\">\n<div class=\"page-title-head hgroup\">\n<div class=\"page-title-head hgroup\">\n<div class=\"page-title-head hgroup\">\n<div class=\"b654a4as d2edcug0\">\n<div class=\"page-title-head hgroup\">\n<div class=\"page-title-head hgroup\">\n<div class=\"page-title-head hgroup\">\n<div class=\"page-title-head hgroup\">\n<div class=\"b654a4as d2edcug0\">\n<div>\n<div class=\"page-title-head hgroup\">\n<div class=\"page-title-head hgroup\">\n<div class=\"page-title-head hgroup\">\n<div class=\"page-title-head hgroup\">\n<div class=\"page-title-head hgroup\">\n<div>\n<div>\n<div>\n<div class=\"mkdf-post-text\">\n<div class=\"mkdf-post-text-inner\">\n<div class=\"mkdf-post-text-main\">\n<div class=\"mkdf-post-text\">\n<div class=\"mkdf-post-text-inner\">\n<div class=\"mkdf-post-text-main\">\n<div class=\"mkdf-post-text\">\n<div class=\"mkdf-post-text-inner\">\n<div class=\"mkdf-post-text-main\">\n<div class=\"page-title-head hgroup\">\n<div class=\"page-title-head hgroup\">\n<div class=\"mkdf-post-text\">\n<div class=\"mkdf-post-text-inner\">\n<div class=\"mkdf-post-text-main\">\n<div class=\"mkdf-post-text\">\n<div class=\"mkdf-post-text-inner\">\n<div class=\"mkdf-post-text-main\">\n<div class=\"page-title-head hgroup\">\n<div class=\"page-title-head hgroup\">\n<div class=\"page-title-head hgroup\">\n<div class=\"page-title-head hgroup\">\n<div class=\"b654a4as d2edcug0\">\n<div class=\"page-title-head hgroup\">\n<div class=\"page-title-head hgroup\">\n<div class=\"page-title-head hgroup\">\n<div class=\"page-title-head hgroup\">\n<div class=\"b654a4as d2edcug0\">\n<div class=\"page-title-head hgroup\">\n<div class=\"page-title-head hgroup\">\n<div class=\"page-title-head hgroup\">\n<div class=\"page-title-head hgroup\">\n<div class=\"b654a4as d2edcug0\">\n<h2><span style=\"color: #800080;\">I RACCONTI DI PAOLO SOPPELSA\u00a0<\/span><\/h2>\n<p><strong>LA RACCOLTA COMPLETA<\/strong><\/p>\n<blockquote class=\"wp-embedded-content\" data-secret=\"eGYjWpqdLE\"><p><a href=\"https:\/\/www.radiopiu.net\/wordpress\/i-racconti-di-paolo-soppelsa\/\">I racconti di Paolo Soppelsa<\/a><\/p><\/blockquote>\n<p><iframe loading=\"lazy\" class=\"wp-embedded-content\" sandbox=\"allow-scripts\" security=\"restricted\" style=\"position: absolute; clip: rect(1px, 1px, 1px, 1px);\" title=\"&#8220;I racconti di Paolo Soppelsa&#8221; &#8212; Radio Pi\u00f9\" src=\"https:\/\/www.radiopiu.net\/wordpress\/i-racconti-di-paolo-soppelsa\/embed\/#?secret=eGYjWpqdLE\" data-secret=\"eGYjWpqdLE\" width=\"600\" height=\"338\" frameborder=\"0\" marginwidth=\"0\" marginheight=\"0\" scrolling=\"no\"><\/iframe><\/p>\n<p>&nbsp;<\/p>\n<\/div>\n<\/div>\n<\/div>\n<\/div>\n<\/div>\n<\/div>\n<\/div>\n<\/div>\n<\/div>\n<\/div>\n<\/div>\n<\/div>\n<\/div>\n<\/div>\n<\/div>\n<\/div>\n<\/div>\n<\/div>\n<\/div>\n<\/div>\n<\/div>\n<\/div>\n<\/div>\n<\/div>\n<\/div>\n<\/div>\n<\/div>\n<\/div>\n<\/div>\n<\/div>\n<\/div>\n<\/div>\n<\/div>\n<\/div>\n<\/div>\n<\/div>\n<\/div>\n<\/div>\n<\/div>\n<\/div>\n<\/div>\n<\/div>\n<\/div>\n<\/div>\n<\/div>\n<\/div>\n<\/div>\n<\/div>\n<\/div>\n<\/div>\n<\/div>\n<\/div>\n<\/div>\n<\/div>\n<\/div>\n<\/div>\n<\/div>\n<\/div>\n<\/div>\n<\/div>\n<\/div>\n<\/div>\n<\/div>\n<\/div>\n<\/div>\n<\/div>\n<\/div>\n<div>\n<div class=\"page-title-head hgroup\">\n<div class=\"page-title-head hgroup\">\n<div class=\"page-title-head hgroup\">\n<div class=\"page-title-head hgroup\">\n<div class=\"b654a4as d2edcug0\">\n<div class=\"page-title-head hgroup\">\n<div class=\"page-title-head hgroup\">\n<div class=\"page-title-head hgroup\">\n<div class=\"page-title-head hgroup\">\n<div class=\"b654a4as d2edcug0\">\n<div class=\"page-title-head hgroup\">\n<div class=\"page-title-head hgroup\">\n<div class=\"page-title-head hgroup\">\n<div class=\"page-title-head hgroup\">\n<div class=\"page-title-head hgroup\">\n<div class=\"page-title-head hgroup\">\n<div class=\"page-title-head hgroup\">\n<div class=\"page-title-head hgroup\">\n<div class=\"page-title-head hgroup\">\n<div class=\"b654a4as d2edcug0\">\n<div class=\"page-title-head hgroup\">\n<div class=\"page-title-head hgroup\">\n<div class=\"page-title-head hgroup\">\n<div class=\"page-title-head hgroup\">\n<div class=\"b654a4as d2edcug0\">\n<div>\n<div class=\"page-title-head hgroup\">\n<div class=\"page-title-head hgroup\">\n<div class=\"page-title-head hgroup\">\n<div class=\"page-title-head hgroup\">\n<div class=\"page-title-head hgroup\">\n<div>\n<div>\n<div>\n<div class=\"mkdf-post-text\">\n<div class=\"mkdf-post-text-inner\">\n<div class=\"mkdf-post-text-main\">\n<div class=\"mkdf-post-text\">\n<div class=\"mkdf-post-text-inner\">\n<div class=\"mkdf-post-text-main\">\n<div class=\"mkdf-post-text\">\n<div class=\"mkdf-post-text-inner\">\n<div class=\"mkdf-post-text-main\">\n<div class=\"page-title-head hgroup\">\n<div class=\"page-title-head hgroup\">\n<div class=\"mkdf-post-text\">\n<div class=\"mkdf-post-text-inner\">\n<div class=\"mkdf-post-text-main\">\n<div class=\"mkdf-post-text\">\n<div class=\"mkdf-post-text-inner\">\n<div class=\"mkdf-post-text-main\">\n<div class=\"page-title-head hgroup\">\n<div class=\"page-title-head hgroup\">\n<div class=\"page-title-head hgroup\">\n<div class=\"page-title-head hgroup\">\n<div class=\"b654a4as d2edcug0\">\n<div class=\"page-title-head hgroup\">\n<div class=\"page-title-head hgroup\">\n<div class=\"page-title-head hgroup\">\n<div class=\"page-title-head hgroup\">\n<div class=\"b654a4as d2edcug0\">\n<div class=\"page-title-head hgroup\">\n<div class=\"page-title-head hgroup\">\n<div class=\"page-title-head hgroup\">\n<div class=\"page-title-head hgroup\">\n<div class=\"b654a4as d2edcug0\">\n<hr \/>\n<\/div>\n<div class=\"b654a4as d2edcug0\">\n<p>&nbsp;<\/p>\n<p><a href=\"https:\/\/www.radiopiu.net\/wordpress\/giornale-radiopiu-26-settembre-2018-direttore-mirko-mezzacasa\/viabilita-2\/\" rel=\"attachment wp-att-61954\"><img loading=\"lazy\" decoding=\"async\" class=\"aligncenter wp-image-61954 size-full\" src=\"https:\/\/www.radiopiu.net\/wordpress\/wp-content\/uploads\/2018\/09\/viabilita.jpeg\" sizes=\"auto, (max-width: 800px) 100vw, 800px\" srcset=\"https:\/\/www.radiopiu.net\/wordpress\/wp-content\/uploads\/2018\/09\/viabilita.jpeg 800w, https:\/\/www.radiopiu.net\/wordpress\/wp-content\/uploads\/2018\/09\/viabilita-300x38.jpeg 300w, https:\/\/www.radiopiu.net\/wordpress\/wp-content\/uploads\/2018\/09\/viabilita-768x96.jpeg 768w\" alt=\"\" width=\"800\" height=\"100\" \/><\/a><\/p>\n<\/div>\n<\/div>\n<\/div>\n<\/div>\n<\/div>\n<\/div>\n<\/div>\n<\/div>\n<\/div>\n<\/div>\n<\/div>\n<\/div>\n<\/div>\n<\/div>\n<\/div>\n<\/div>\n<\/div>\n<\/div>\n<\/div>\n<\/div>\n<\/div>\n<\/div>\n<\/div>\n<\/div>\n<\/div>\n<\/div>\n<\/div>\n<\/div>\n<\/div>\n<\/div>\n<\/div>\n<\/div>\n<\/div>\n<\/div>\n<\/div>\n<\/div>\n<\/div>\n<\/div>\n<\/div>\n<\/div>\n<\/div>\n<\/div>\n<\/div>\n<\/div>\n<\/div>\n<\/div>\n<\/div>\n<\/div>\n<\/div>\n<\/div>\n<\/div>\n<\/div>\n<\/div>\n<\/div>\n<\/div>\n<\/div>\n<\/div>\n<\/div>\n<\/div>\n<\/div>\n<\/div>\n<\/div>\n<\/div>\n<\/div>\n<\/div>\n<\/div>\n<\/div>\n<\/div>\n<\/div>\n<\/div>\n<\/div>\n<\/div>\n<\/div>\n<\/div>\n<\/div>\n<\/div>\n<\/div>\n<\/div>\n<\/div>\n<\/div>\n<\/div>\n<\/div>\n<\/div>\n<div>\n<div class=\"page-title-head hgroup\">\n<div class=\"page-title-head hgroup\">\n<div class=\"b654a4as d2edcug0\">\n<div class=\"j83agx80 btwxx1t3 lhclo0ds hop8lmos nkwizq5d scwd0bx6 roh60bw9\">\n<div class=\"rq0escxv hkbzh7o3 jwdofwj8 n8tt0mok r8blr3vg hyh9befq\">\n<div class=\"do00u71z l9j0dhe7 k4urcfbm\">\n<div class=\"ecm0bbzt e5nlhep0 a8c37x1j\">\n<div class=\"kvgmc6g5 cxmmr5t8 oygrvhab hcukyx3x c1et5uql\">\n<div class=\"gmail-kvgmc6g5 gmail-cxmmr5t8 gmail-oygrvhab gmail-hcukyx3x gmail-c1et5uql gmail-ii04i59q\">\n<div class=\"page-title-head hgroup\">\n<div class=\"page-title-head hgroup\">\n<div class=\"b654a4as d2edcug0\">\n<div class=\"j83agx80 btwxx1t3 lhclo0ds hop8lmos nkwizq5d scwd0bx6 roh60bw9\">\n<div class=\"rq0escxv hkbzh7o3 jwdofwj8 n8tt0mok r8blr3vg hyh9befq\">\n<div class=\"do00u71z l9j0dhe7 k4urcfbm\">\n<div class=\"page-title-head hgroup\">\n<div class=\"page-title-head hgroup\">\n<div class=\"page-title-head hgroup\">\n<div class=\"page-title-head hgroup\">\n<div class=\"b654a4as d2edcug0\">\n<div class=\"page-title-head hgroup\">\n<div class=\"page-title-head hgroup\">\n<div class=\"page-title-head hgroup\">\n<div class=\"page-title-head hgroup\">\n<div class=\"b654a4as d2edcug0\">\n<div class=\"page-title-head hgroup\">\n<div class=\"page-title-head hgroup\">\n<div class=\"page-title-head hgroup\">\n<div class=\"page-title-head hgroup\">\n<div class=\"page-title-head hgroup\">\n<div class=\"page-title-head hgroup\">\n<div class=\"page-title-head hgroup\">\n<div class=\"page-title-head hgroup\">\n<div class=\"page-title-head hgroup\">\n<div class=\"b654a4as d2edcug0\">\n<div class=\"page-title-head hgroup\">\n<div class=\"page-title-head hgroup\">\n<div class=\"page-title-head hgroup\">\n<div class=\"page-title-head hgroup\">\n<div class=\"b654a4as d2edcug0\">\n<div class=\"page-title-head hgroup\">\n<div class=\"page-title-head hgroup\">\n<div class=\"page-title-head hgroup\">\n<div class=\"page-title-head hgroup\">\n<div class=\"page-title-head hgroup\">\n<div class=\"mkdf-post-text\">\n<div class=\"mkdf-post-text-inner\">\n<div class=\"mkdf-post-text-main\">\n<div class=\"mkdf-post-text\">\n<div class=\"mkdf-post-text-inner\">\n<div class=\"mkdf-post-text-main\">\n<div class=\"mkdf-post-text\">\n<div class=\"mkdf-post-text-inner\">\n<div class=\"mkdf-post-text-main\">\n<div class=\"page-title-head hgroup\">\n<div class=\"page-title-head hgroup\">\n<div class=\"mkdf-post-text\">\n<div class=\"mkdf-post-text-inner\">\n<div class=\"mkdf-post-text-main\">\n<div class=\"mkdf-post-text\">\n<div class=\"mkdf-post-text-inner\">\n<div class=\"mkdf-post-text-main\">\n<div class=\"page-title-head hgroup\">\n<div class=\"page-title-head hgroup\">\n<div class=\"page-title-head hgroup\">\n<div class=\"page-title-head hgroup\">\n<div class=\"b654a4as d2edcug0\">\n<div class=\"page-title-head hgroup\">\n<div class=\"page-title-head hgroup\">\n<div class=\"page-title-head hgroup\">\n<div class=\"page-title-head hgroup\">\n<div class=\"b654a4as d2edcug0\">\n<div class=\"page-title-head hgroup\">\n<div class=\"page-title-head hgroup\">\n<div class=\"page-title-head hgroup\">\n<div class=\"page-title-head hgroup\">\n<div class=\"b654a4as d2edcug0\">\n<div class=\"ecm0bbzt e5nlhep0 a8c37x1j\">\n<div class=\"kvgmc6g5 cxmmr5t8 oygrvhab hcukyx3x c1et5uql\">\n<div class=\"gmail-kvgmc6g5 gmail-cxmmr5t8 gmail-oygrvhab gmail-hcukyx3x gmail-c1et5uql gmail-ii04i59q\">\n<div class=\"page-title-head hgroup\">\n<div class=\"page-title-head hgroup\">\n<div class=\"b654a4as d2edcug0\">\n<div class=\"j83agx80 btwxx1t3 lhclo0ds hop8lmos nkwizq5d scwd0bx6 roh60bw9\">\n<div class=\"rq0escxv hkbzh7o3 jwdofwj8 n8tt0mok r8blr3vg hyh9befq\">\n<div class=\"do00u71z l9j0dhe7 k4urcfbm\">\n<div class=\"page-title-head hgroup\">\n<div class=\"page-title-head hgroup\">\n<div class=\"page-title-head hgroup\">\n<div class=\"page-title-head hgroup\">\n<div class=\"b654a4as d2edcug0\">\n<div class=\"page-title-head hgroup\">\n<div class=\"page-title-head hgroup\">\n<div class=\"page-title-head hgroup\">\n<div class=\"page-title-head hgroup\">\n<div class=\"b654a4as d2edcug0\">\n<div class=\"page-title-head hgroup\">\n<div class=\"page-title-head hgroup\">\n<div class=\"page-title-head hgroup\">\n<div class=\"page-title-head hgroup\">\n<div class=\"page-title-head hgroup\">\n<div class=\"page-title-head hgroup\">\n<div class=\"page-title-head hgroup\">\n<div class=\"page-title-head hgroup\">\n<div class=\"page-title-head hgroup\">\n<div class=\"b654a4as d2edcug0\">\n<div class=\"page-title-head hgroup\">\n<div class=\"page-title-head hgroup\">\n<div class=\"page-title-head hgroup\">\n<div class=\"page-title-head hgroup\">\n<div class=\"b654a4as d2edcug0\">\n<div class=\"page-title-head hgroup\">\n<div class=\"page-title-head hgroup\">\n<div class=\"page-title-head hgroup\">\n<div class=\"page-title-head hgroup\">\n<div class=\"page-title-head hgroup\">\n<div class=\"mkdf-post-text\">\n<div class=\"mkdf-post-text-inner\">\n<div class=\"mkdf-post-text-main\">\n<div class=\"mkdf-post-text\">\n<div class=\"mkdf-post-text-inner\">\n<div class=\"mkdf-post-text-main\">\n<div class=\"mkdf-post-text\">\n<div class=\"mkdf-post-text-inner\">\n<div class=\"mkdf-post-text-main\">\n<div class=\"page-title-head hgroup\">\n<div class=\"page-title-head hgroup\">\n<div class=\"mkdf-post-text\">\n<div class=\"mkdf-post-text-inner\">\n<div class=\"mkdf-post-text-main\">\n<div class=\"mkdf-post-text\">\n<div class=\"mkdf-post-text-inner\">\n<div class=\"mkdf-post-text-main\">\n<div class=\"page-title-head hgroup\">\n<div class=\"page-title-head hgroup\">\n<div class=\"page-title-head hgroup\">\n<div class=\"page-title-head hgroup\">\n<div class=\"b654a4as d2edcug0\">\n<div class=\"page-title-head hgroup\">\n<div class=\"page-title-head hgroup\">\n<div class=\"page-title-head hgroup\">\n<div class=\"page-title-head hgroup\">\n<div class=\"b654a4as d2edcug0\">\n<div class=\"page-title-head hgroup\">\n<div class=\"page-title-head hgroup\">\n<div class=\"page-title-head hgroup\">\n<div class=\"page-title-head hgroup\">\n<div class=\"b654a4as d2edcug0\">\n<p>&nbsp;<\/p>\n<blockquote>\n<h3>LAVORI ALLA CONDOTTA FOGNARIA DI MASARE&#8217; DI ROCCA PIETORE DAL 7 AL 25 MARZO<\/h3>\n<\/blockquote>\n<p><strong><a class=\"dt-pswp-item\" href=\"https:\/\/www.radiopiu.net\/wordpress\/wp-content\/uploads\/2021\/06\/LAVORI.jpg\" data-dt-img-description=\"\" data-large_image_width=\"188\" data-large_image_height=\"164\"><img loading=\"lazy\" decoding=\"async\" class=\" wp-image-216176 alignleft\" src=\"https:\/\/www.radiopiu.net\/wordpress\/wp-content\/uploads\/2021\/06\/LAVORI.jpg\" alt=\"\" width=\"133\" height=\"116\" \/><\/a>ROCCA PIETORE<\/strong> Il comune di Rocca Pietore ha esposto un&#8217;ordinanza che i riguarda i lavori alla condotta fognaria a Masar\u00e8. Dal 21 al 25 marzo senso unico alternato regolato ma movieri. Dal 14 al 18 marzo il traffico verr\u00e0 deviato nel parcheggio antistante il civico 20 mentre nella giornata del 17 marzo, dalle 7 alle 24, interdizione totale alla circolazione al fine di consentire l&#8217;esecuzione di lavori sulla condotta fognaria a cura di BIM GSP.<\/p>\n<p>&nbsp;<\/p>\n<p>&nbsp;<\/p>\n<p>&nbsp;<\/p>\n<p>&nbsp;<\/p>\n<blockquote class=\"wp-embedded-content\" data-secret=\"zDGcC97KNM\"><p><a href=\"https:\/\/www.radiopiu.net\/wordpress\/viabilita\/\">viabilita<\/a><\/p><\/blockquote>\n<p><iframe loading=\"lazy\" class=\"wp-embedded-content\" sandbox=\"allow-scripts\" security=\"restricted\" style=\"position: absolute; clip: rect(1px, 1px, 1px, 1px);\" title=\"&#8220;viabilita&#8221; &#8212; Radio Pi\u00f9\" src=\"https:\/\/www.radiopiu.net\/wordpress\/viabilita\/embed\/#?secret=zDGcC97KNM\" data-secret=\"zDGcC97KNM\" width=\"600\" height=\"338\" frameborder=\"0\" marginwidth=\"0\" marginheight=\"0\" scrolling=\"no\"><\/iframe><\/p>\n<p>&nbsp;<\/p>\n<hr \/>\n<\/div>\n<\/div>\n<\/div>\n<\/div>\n<\/div>\n<\/div>\n<\/div>\n<\/div>\n<\/div>\n<\/div>\n<\/div>\n<\/div>\n<\/div>\n<\/div>\n<\/div>\n<\/div>\n<\/div>\n<\/div>\n<\/div>\n<\/div>\n<\/div>\n<\/div>\n<\/div>\n<\/div>\n<\/div>\n<\/div>\n<\/div>\n<\/div>\n<\/div>\n<\/div>\n<\/div>\n<\/div>\n<\/div>\n<\/div>\n<\/div>\n<\/div>\n<\/div>\n<\/div>\n<\/div>\n<\/div>\n<\/div>\n<\/div>\n<\/div>\n<\/div>\n<\/div>\n<\/div>\n<\/div>\n<\/div>\n<\/div>\n<\/div>\n<\/div>\n<\/div>\n<\/div>\n<\/div>\n<\/div>\n<\/div>\n<\/div>\n<\/div>\n<\/div>\n<\/div>\n<\/div>\n<\/div>\n<\/div>\n<\/div>\n<\/div>\n<\/div>\n<\/div>\n<\/div>\n<\/div>\n<\/div>\n<\/div>\n<\/div>\n<\/div>\n<\/div>\n<\/div>\n<\/div>\n<\/div>\n<\/div>\n<\/div>\n<\/div>\n<\/div>\n<\/div>\n<\/div>\n<\/div>\n<\/div>\n<\/div>\n<\/div>\n<\/div>\n<\/div>\n<\/div>\n<\/div>\n<\/div>\n<\/div>\n<\/div>\n<\/div>\n<\/div>\n<\/div>\n<\/div>\n<\/div>\n<\/div>\n<\/div>\n<\/div>\n<\/div>\n<\/div>\n<\/div>\n<\/div>\n<\/div>\n<\/div>\n<\/div>\n<\/div>\n<\/div>\n<\/div>\n<\/div>\n<\/div>\n<\/div>\n<\/div>\n<\/div>\n<\/div>\n<\/div>\n<\/div>\n<\/div>\n<\/div>\n<\/div>\n<\/div>\n<\/div>\n<\/div>\n<\/div>\n<\/div>\n<\/div>\n<\/div>\n<\/div>\n<\/div>\n<\/div>\n<\/div>\n<\/div>\n<\/div>\n<\/div>\n<\/div>\n<\/div>\n<\/div>\n<\/div>\n<\/div>\n<\/div>\n<\/div>\n<\/div>\n<\/div>\n<\/div>\n<\/div>\n<\/div>\n<p>&nbsp;<\/p>\n<div>\n<div class=\"page-title-head hgroup\">\n<div class=\"page-title-head hgroup\">\n<div class=\"b654a4as d2edcug0\">\n<div class=\"j83agx80 btwxx1t3 lhclo0ds hop8lmos nkwizq5d scwd0bx6 roh60bw9\">\n<div class=\"rq0escxv hkbzh7o3 jwdofwj8 n8tt0mok r8blr3vg hyh9befq\">\n<div class=\"do00u71z l9j0dhe7 k4urcfbm\">\n<div class=\"page-title-head hgroup\">\n<div class=\"page-title-head hgroup\">\n<div class=\"b654a4as d2edcug0\">\n<div class=\"j83agx80 btwxx1t3 lhclo0ds hop8lmos nkwizq5d scwd0bx6 roh60bw9\">\n<div class=\"rq0escxv hkbzh7o3 jwdofwj8 n8tt0mok r8blr3vg hyh9befq\">\n<div class=\"do00u71z l9j0dhe7 k4urcfbm\">\n<div class=\"ecm0bbzt e5nlhep0 a8c37x1j\">\n<div class=\"kvgmc6g5 cxmmr5t8 oygrvhab hcukyx3x c1et5uql\">\n<div class=\"gmail-kvgmc6g5 gmail-cxmmr5t8 gmail-oygrvhab gmail-hcukyx3x gmail-c1et5uql gmail-ii04i59q\">\n<div class=\"page-title-head hgroup\">\n<div class=\"page-title-head hgroup\">\n<div class=\"b654a4as d2edcug0\">\n<div class=\"j83agx80 btwxx1t3 lhclo0ds hop8lmos nkwizq5d scwd0bx6 roh60bw9\">\n<div class=\"rq0escxv hkbzh7o3 jwdofwj8 n8tt0mok r8blr3vg hyh9befq\">\n<div class=\"do00u71z l9j0dhe7 k4urcfbm\">\n<div class=\"page-title-head hgroup\">\n<div class=\"page-title-head hgroup\">\n<div class=\"b654a4as d2edcug0\">\n<div class=\"j83agx80 btwxx1t3 lhclo0ds hop8lmos nkwizq5d scwd0bx6 roh60bw9\">\n<div class=\"rq0escxv hkbzh7o3 jwdofwj8 n8tt0mok r8blr3vg hyh9befq\">\n<div class=\"do00u71z l9j0dhe7 k4urcfbm\">\n<div>\n<div class=\"page-title-head hgroup\">\n<div class=\"page-title-head hgroup\">\n<div class=\"b654a4as d2edcug0\">\n<div class=\"j83agx80 btwxx1t3 lhclo0ds hop8lmos nkwizq5d scwd0bx6 roh60bw9\">\n<div class=\"rq0escxv hkbzh7o3 jwdofwj8 n8tt0mok r8blr3vg hyh9befq\">\n<div class=\"do00u71z l9j0dhe7 k4urcfbm\">\n<div class=\"ecm0bbzt e5nlhep0 a8c37x1j\">\n<div class=\"kvgmc6g5 cxmmr5t8 oygrvhab hcukyx3x c1et5uql\">\n<div class=\"gmail-kvgmc6g5 gmail-cxmmr5t8 gmail-oygrvhab gmail-hcukyx3x gmail-c1et5uql gmail-ii04i59q\">\n<div class=\"page-title-head hgroup\">\n<div class=\"page-title-head hgroup\">\n<div class=\"b654a4as d2edcug0\">\n<div class=\"j83agx80 btwxx1t3 lhclo0ds hop8lmos nkwizq5d scwd0bx6 roh60bw9\">\n<div class=\"rq0escxv hkbzh7o3 jwdofwj8 n8tt0mok r8blr3vg hyh9befq\">\n<div class=\"do00u71z l9j0dhe7 k4urcfbm\">\n<div class=\"page-title-head hgroup\">\n<div class=\"page-title-head hgroup\">\n<div class=\"page-title-head hgroup\">\n<div class=\"page-title-head hgroup\">\n<div class=\"b654a4as d2edcug0\">\n<div class=\"page-title-head hgroup\">\n<div class=\"page-title-head hgroup\">\n<div class=\"page-title-head hgroup\">\n<div class=\"page-title-head hgroup\">\n<div class=\"b654a4as d2edcug0\">\n<div class=\"page-title-head hgroup\">\n<div class=\"page-title-head hgroup\">\n<div class=\"page-title-head hgroup\">\n<div class=\"page-title-head hgroup\">\n<div class=\"page-title-head hgroup\">\n<div class=\"page-title-head hgroup\">\n<div class=\"page-title-head hgroup\">\n<div class=\"page-title-head hgroup\">\n<div class=\"page-title-head hgroup\">\n<div class=\"b654a4as d2edcug0\">\n<div class=\"page-title-head hgroup\">\n<div class=\"page-title-head hgroup\">\n<div class=\"page-title-head hgroup\">\n<div class=\"page-title-head hgroup\">\n<div class=\"b654a4as d2edcug0\">\n<div class=\"page-title-head hgroup\">\n<div class=\"page-title-head hgroup\">\n<div class=\"page-title-head hgroup\">\n<div class=\"page-title-head hgroup\">\n<div class=\"page-title-head hgroup\">\n<div class=\"mkdf-post-text\">\n<div class=\"mkdf-post-text-inner\">\n<div class=\"mkdf-post-text-main\">\n<div class=\"mkdf-post-text\">\n<div class=\"mkdf-post-text-inner\">\n<div class=\"mkdf-post-text-main\">\n<div class=\"mkdf-post-text\">\n<div class=\"mkdf-post-text-inner\">\n<div class=\"mkdf-post-text-main\">\n<div class=\"page-title-head hgroup\">\n<div class=\"page-title-head hgroup\">\n<div class=\"mkdf-post-text\">\n<div class=\"mkdf-post-text-inner\">\n<div class=\"mkdf-post-text-main\">\n<div class=\"mkdf-post-text\">\n<div class=\"mkdf-post-text-inner\">\n<div class=\"mkdf-post-text-main\">\n<div class=\"page-title-head hgroup\">\n<div class=\"page-title-head hgroup\">\n<div class=\"page-title-head hgroup\">\n<div class=\"page-title-head hgroup\">\n<div class=\"b654a4as d2edcug0\">\n<div class=\"page-title-head hgroup\">\n<div class=\"page-title-head hgroup\">\n<div class=\"page-title-head hgroup\">\n<div class=\"page-title-head hgroup\">\n<div class=\"b654a4as d2edcug0\">\n<div class=\"page-title-head hgroup\">\n<div class=\"page-title-head hgroup\">\n<div class=\"page-title-head hgroup\">\n<div class=\"page-title-head hgroup\">\n<div class=\"b654a4as d2edcug0\">\n<div class=\"ecm0bbzt e5nlhep0 a8c37x1j\">\n<div class=\"kvgmc6g5 cxmmr5t8 oygrvhab hcukyx3x c1et5uql\">\n<div class=\"gmail-kvgmc6g5 gmail-cxmmr5t8 gmail-oygrvhab gmail-hcukyx3x gmail-c1et5uql gmail-ii04i59q\">\n<div class=\"page-title-head hgroup\">\n<div class=\"page-title-head hgroup\">\n<div class=\"b654a4as d2edcug0\">\n<div class=\"j83agx80 btwxx1t3 lhclo0ds hop8lmos nkwizq5d scwd0bx6 roh60bw9\">\n<div class=\"rq0escxv hkbzh7o3 jwdofwj8 n8tt0mok r8blr3vg hyh9befq\">\n<div class=\"do00u71z l9j0dhe7 k4urcfbm\">\n<div class=\"page-title-head hgroup\">\n<div class=\"page-title-head hgroup\">\n<div class=\"page-title-head hgroup\">\n<div class=\"page-title-head hgroup\">\n<div class=\"b654a4as d2edcug0\">\n<div class=\"page-title-head hgroup\">\n<div class=\"page-title-head hgroup\">\n<div class=\"page-title-head hgroup\">\n<div class=\"page-title-head hgroup\">\n<div class=\"b654a4as d2edcug0\">\n<div class=\"page-title-head hgroup\">\n<div class=\"page-title-head hgroup\">\n<div class=\"page-title-head hgroup\">\n<div class=\"page-title-head hgroup\">\n<div class=\"page-title-head hgroup\">\n<div class=\"page-title-head hgroup\">\n<div class=\"page-title-head hgroup\">\n<div class=\"page-title-head hgroup\">\n<div class=\"page-title-head hgroup\">\n<div class=\"b654a4as d2edcug0\">\n<div class=\"page-title-head hgroup\">\n<div class=\"page-title-head hgroup\">\n<div class=\"page-title-head hgroup\">\n<div class=\"page-title-head hgroup\">\n<div class=\"b654a4as d2edcug0\">\n<div class=\"page-title-head hgroup\">\n<div class=\"page-title-head hgroup\">\n<div class=\"page-title-head hgroup\">\n<div class=\"page-title-head hgroup\">\n<div class=\"page-title-head hgroup\">\n<div class=\"mkdf-post-text\">\n<div class=\"mkdf-post-text-inner\">\n<div class=\"mkdf-post-text-main\">\n<div class=\"mkdf-post-text\">\n<div class=\"mkdf-post-text-inner\">\n<div class=\"mkdf-post-text-main\">\n<div class=\"mkdf-post-text\">\n<div class=\"mkdf-post-text-inner\">\n<div class=\"mkdf-post-text-main\">\n<div class=\"page-title-head hgroup\">\n<div class=\"page-title-head hgroup\">\n<div class=\"mkdf-post-text\">\n<div class=\"mkdf-post-text-inner\">\n<div class=\"mkdf-post-text-main\">\n<div class=\"mkdf-post-text\">\n<div class=\"mkdf-post-text-inner\">\n<div class=\"mkdf-post-text-main\">\n<div class=\"page-title-head hgroup\">\n<div class=\"page-title-head hgroup\">\n<div class=\"page-title-head hgroup\">\n<div class=\"page-title-head hgroup\">\n<div class=\"b654a4as d2edcug0\">\n<div class=\"page-title-head hgroup\">\n<div class=\"page-title-head hgroup\">\n<div class=\"page-title-head hgroup\">\n<div class=\"page-title-head hgroup\">\n<div class=\"b654a4as d2edcug0\">\n<div class=\"page-title-head hgroup\">\n<div class=\"page-title-head hgroup\">\n<div class=\"page-title-head hgroup\">\n<div class=\"page-title-head hgroup\">\n<div class=\"b654a4as d2edcug0\">\n<p>&nbsp;<\/p>\n<\/div>\n<div class=\"b654a4as d2edcug0\">\n<div class=\"ecm0bbzt e5nlhep0 a8c37x1j\">\n<div class=\"kvgmc6g5 cxmmr5t8 oygrvhab hcukyx3x c1et5uql\">\n<div class=\"gmail-kvgmc6g5 gmail-cxmmr5t8 gmail-oygrvhab gmail-hcukyx3x gmail-c1et5uql gmail-ii04i59q\">\n<div>\n<div class=\"page-title-head hgroup\">\n<div class=\"page-title-head hgroup\">\n<div class=\"b654a4as d2edcug0\">\n<div class=\"j83agx80 btwxx1t3 lhclo0ds hop8lmos nkwizq5d scwd0bx6 roh60bw9\">\n<div class=\"rq0escxv hkbzh7o3 jwdofwj8 n8tt0mok r8blr3vg hyh9befq\">\n<div class=\"do00u71z l9j0dhe7 k4urcfbm\">\n<div>\n<div class=\"page-title-head hgroup\">\n<div class=\"page-title-head hgroup\">\n<div class=\"page-title-head hgroup\">\n<div class=\"page-title-head hgroup\">\n<div class=\"b654a4as d2edcug0\">\n<div class=\"page-title-head hgroup\">\n<div class=\"page-title-head hgroup\">\n<div class=\"page-title-head hgroup\">\n<div class=\"page-title-head hgroup\">\n<div class=\"b654a4as d2edcug0\">\n<div class=\"page-title-head hgroup\">\n<div class=\"page-title-head hgroup\">\n<div class=\"page-title-head hgroup\">\n<div class=\"page-title-head hgroup\">\n<div class=\"page-title-head hgroup\">\n<div class=\"mkdf-post-text\">\n<div class=\"mkdf-post-text-inner\">\n<div class=\"mkdf-post-text-main\">\n<div class=\"mkdf-post-text\">\n<div class=\"mkdf-post-text-inner\">\n<div class=\"mkdf-post-text-main\">\n<div class=\"mkdf-post-text\">\n<div class=\"mkdf-post-text-inner\">\n<div class=\"mkdf-post-text-main\">\n<div class=\"page-title-head hgroup\">\n<div class=\"page-title-head hgroup\">\n<div class=\"mkdf-post-text\">\n<div class=\"mkdf-post-text-inner\">\n<div class=\"mkdf-post-text-main\">\n<div class=\"mkdf-post-text\">\n<div class=\"mkdf-post-text-inner\">\n<div class=\"mkdf-post-text-main\">\n<div>\n<div class=\"page-title-head hgroup\">\n<div class=\"page-title-head hgroup\">\n<div>\n<div class=\"page-title-head hgroup\">\n<div class=\"page-title-head hgroup\">\n<div class=\"b654a4as d2edcug0\">\n<div>\n<div class=\"page-title-head hgroup\" style=\"text-align: left;\">\n<div class=\"page-title-head hgroup\">\n<div dir=\"auto\">\n<p><a class=\"dt-pswp-item pspw-wrap-ready\" href=\"https:\/\/i0.wp.com\/www.radiopiu.net\/wordpress\/wp-content\/uploads\/2018\/09\/WhatsApp-Image-2018-09-20-at-16.04.06.jpeg?ssl=1\" data-dt-img-description=\"\" data-large_image_width=\"800\" data-large_image_height=\"100\"><img loading=\"lazy\" decoding=\"async\" class=\"aligncenter wp-image-61378 size-full jetpack-lazy-image jetpack-lazy-image--handled\" src=\"https:\/\/i0.wp.com\/www.radiopiu.net\/wordpress\/wp-content\/uploads\/2018\/09\/WhatsApp-Image-2018-09-20-at-16.04.06.jpeg?resize=800%2C100&amp;ssl=1\" sizes=\"auto, (max-width: 800px) 100vw, 800px\" srcset=\"https:\/\/i0.wp.com\/www.radiopiu.net\/wordpress\/wp-content\/uploads\/2018\/09\/WhatsApp-Image-2018-09-20-at-16.04.06.jpeg?w=800&amp;ssl=1 800w, https:\/\/i0.wp.com\/www.radiopiu.net\/wordpress\/wp-content\/uploads\/2018\/09\/WhatsApp-Image-2018-09-20-at-16.04.06.jpeg?resize=300%2C38&amp;ssl=1 300w, https:\/\/i0.wp.com\/www.radiopiu.net\/wordpress\/wp-content\/uploads\/2018\/09\/WhatsApp-Image-2018-09-20-at-16.04.06.jpeg?resize=768%2C96&amp;ssl=1 768w\" alt=\"\" width=\"800\" height=\"100\" data-lazy-loaded=\"1\" \/><\/a><\/p>\n<\/div>\n<\/div>\n<\/div>\n<\/div>\n<\/div>\n<\/div>\n<\/div>\n<\/div>\n<\/div>\n<\/div>\n<\/div>\n<\/div>\n<\/div>\n<\/div>\n<\/div>\n<\/div>\n<\/div>\n<\/div>\n<\/div>\n<\/div>\n<\/div>\n<\/div>\n<\/div>\n<\/div>\n<\/div>\n<\/div>\n<\/div>\n<\/div>\n<\/div>\n<\/div>\n<\/div>\n<\/div>\n<\/div>\n<\/div>\n<\/div>\n<\/div>\n<\/div>\n<\/div>\n<\/div>\n<\/div>\n<\/div>\n<\/div>\n<\/div>\n<\/div>\n<\/div>\n<\/div>\n<\/div>\n<\/div>\n<\/div>\n<\/div>\n<\/div>\n<\/div>\n<\/div>\n<\/div>\n<\/div>\n<\/div>\n<\/div>\n<\/div>\n<\/div>\n<\/div>\n<\/div>\n<\/div>\n<\/div>\n<\/div>\n<\/div>\n<\/div>\n<\/div>\n<\/div>\n<\/div>\n<\/div>\n<\/div>\n<\/div>\n<\/div>\n<\/div>\n<\/div>\n<\/div>\n<\/div>\n<\/div>\n<\/div>\n<\/div>\n<\/div>\n<\/div>\n<\/div>\n<\/div>\n<\/div>\n<\/div>\n<\/div>\n<\/div>\n<\/div>\n<\/div>\n<\/div>\n<\/div>\n<\/div>\n<\/div>\n<\/div>\n<\/div>\n<\/div>\n<\/div>\n<\/div>\n<\/div>\n<\/div>\n<\/div>\n<\/div>\n<\/div>\n<\/div>\n<\/div>\n<\/div>\n<\/div>\n<\/div>\n<\/div>\n<\/div>\n<\/div>\n<\/div>\n<\/div>\n<\/div>\n<\/div>\n<\/div>\n<\/div>\n<\/div>\n<\/div>\n<\/div>\n<\/div>\n<\/div>\n<\/div>\n<\/div>\n<\/div>\n<\/div>\n<\/div>\n<\/div>\n<\/div>\n<\/div>\n<\/div>\n<\/div>\n<\/div>\n<\/div>\n<\/div>\n<\/div>\n<\/div>\n<\/div>\n<\/div>\n<\/div>\n<\/div>\n<\/div>\n<\/div>\n<\/div>\n<\/div>\n<\/div>\n<\/div>\n<\/div>\n<\/div>\n<\/div>\n<\/div>\n<\/div>\n<\/div>\n<\/div>\n<\/div>\n<\/div>\n<\/div>\n<\/div>\n<\/div>\n<\/div>\n<\/div>\n<\/div>\n<\/div>\n<\/div>\n<\/div>\n<\/div>\n<\/div>\n<\/div>\n<\/div>\n<\/div>\n<\/div>\n<\/div>\n<\/div>\n<\/div>\n<\/div>\n<\/div>\n<\/div>\n<\/div>\n<\/div>\n<\/div>\n<\/div>\n<\/div>\n<\/div>\n<\/div>\n<\/div>\n<\/div>\n<\/div>\n<\/div>\n<\/div>\n<\/div>\n<\/div>\n<\/div>\n<\/div>\n<\/div>\n<\/div>\n<\/div>\n<\/div>\n<\/div>\n<\/div>\n<\/div>\n<\/div>\n<\/div>\n<\/div>\n<\/div>\n<\/div>\n<\/div>\n<\/div>\n<\/div>\n<\/div>\n<\/div>\n<\/div>\n<\/div>\n<\/div>\n<\/div>\n<\/div>\n<\/div>\n<\/div>\n<\/div>\n<\/div>\n<\/div>\n<\/div>\n<\/div>\n<\/div>\n<\/div>\n<\/div>\n<\/div>\n<\/div>\n<\/div>\n<\/div>\n<\/div>\n<p>&nbsp;<\/p>\n<p><center><b>Mercoledi 16<\/b><\/center><b>Tempo atteso: <\/b>Giornata pi\u00f9 soleggiata rispetto a marted\u00ec specie dalla tarda mattinata, a seguito dell&#8217;allontanamento delle nubi alte, con cielo generalmente poco nuvoloso per qualche temporaneo addensamento diurno in prossimit\u00e0 delle vette; possibili nubi basse o foschie o qualche banco di nebbia in alcune valli nelle ore pi\u00f9 fredde. Modesto aumento della nuvolosit\u00e0 dal tardo pomeriggio sulle zone prealpine. Clima mite per il periodo, specie in alta montagna.<br \/>\n<b>Precipitazioni: <\/b>Assenti (0%).<br \/>\n<b>Temperature: <\/b>In aumento anche marcato specie in quota e nei valori massimi e ben superiori alle medie del periodo, con significativa escursione termica giornaliera; moderato aumento dell&#8217;inversione termica nelle ore pi\u00f9 fredde. Possibili valori notturni superiori o prossimi allo zero tra i 1500 e i 2000 m, specie sulla fascia prealpina. Su Prealpi a 1500 m min 0\u00b0, max 12\u00b0, a 2000 m min 2\u00b0, max 9\u00b0; su Dolomiti a 2000 m min -1\u00b0, max 10\u00b0, a 3000 m min -4\u00b0, max 1\u00b0.<br \/>\n<b>Venti: <\/b>Nelle valli deboli o moderati di direzione variabile a regime di brezza con qualche locale rinforzo, in alta montagna da nord-ovest, in genere moderati sulle vette prealpine ma ancora forti sulle cime dolomitiche, a 15-25 km\/h a 2000 m e a 30-50 km\/h a 3000 m.<\/p>\n<hr \/>\n<p><center><b>Giovedi 17<\/b><\/center><b>Tempo atteso: <\/b>Presenza di nuvolosit\u00e0 irregolare, con annuvolamenti alternati a schiarite che potranno essere pi\u00f9 frequenti sulle Dolomiti.<br \/>\n<b>Precipitazioni: <\/b>Generalmente assenti; non si escludono sporadiche e deboli piogge (10)% sulle zone prealpine.<br \/>\n<b>Temperature: <\/b>Minime stazionarie o in lieve aumento nelle valli, in lieve o contenuto calo in alta montagna dove saranno misurate a fine giornata; massime in diminuzione anche marcata in quota e prossime o leggermente al di sopra delle medie del periodo; inversione termica in attenuazione. Su Prealpi a 1500 m min 0\u00b0, max 5\u00b0, a 2000 m min 1\u00b0, max 4\u00b0; su Dolomiti a 2000 m min -2\u00b0, max 3\u00b0, a 3000 m min -5\u00b0, max -1\u00b0.<br \/>\n<b>Venti: <\/b>Nelle valli deboli o moderati di direzione variabile a regime di brezza con qualche locale rinforzo, in alta montagna in prevalenza moderati dai quadranti settentrionali, a tratti anche tesi sulle cime dolomitiche, a 10-15 km\/h a 2000 m e a 20-35 km\/h a 3000 m.<\/p>\n<hr \/>\n<p><center><b>Venerdi 18<\/b><\/center>Giornata parzialmente soleggiata, con cielo nuvoloso o molto nuvoloso per nubi medio-alte, specie nella prima parte della giornata, con schiarite pi\u00f9 frequenti nella notte. Non si escludono modeste precipitazioni specie dalle ore centrali e sulle zone prealpine nevose inizialmente oltre i 2000 m, in successivo eventuale contenuto calo nel corso del pomeriggio fino a 1300-1600 m circa. Temperature minime in contenuto calo, massime perlopi\u00f9 stazionarie o in temporaneo lieve aumento nelle valli. Venti in alta montagna da nord-est, in genere moderati, a tratti anche tesi lungo la fascia prealpina.<\/p>\n<hr \/>\n<p><center><b>Sabato 19<\/b><\/center>Al mattino soleggiato o parzialmente soleggiato, con maggiore nuvolosit\u00e0 sulle zone prealpine rispetto alle Dolomiti; intensificazione della nuvolosit\u00e0 su tutte le zone montane nel corso del pomeriggio con possibili deboli e brevi precipitazioni sparse, specie dalla sera, eventualmente nevose inizialmente oltre i 1300-1600 m, in successivo calo intorno ai 900-1000 m. Temperature in ulteriore diminuzione con clima pi\u00f9 freddo rispetto ai giorni precedenti e temperature inferiori alla norma. Venti in quota deboli o moderati dai quadranti settentrionali. Previsore: M.Padoan<\/p>\n<hr \/>\n<p>&nbsp;<\/p>\n<p>&nbsp;<\/p>\n<hr \/>\n<p>&nbsp;<\/p>\n<p><img loading=\"lazy\" decoding=\"async\" class=\"wp-image-60761 size-full aligncenter\" src=\"https:\/\/www.radiopiu.net\/wordpress\/wp-content\/uploads\/2018\/09\/sport.jpg\" alt=\"\" width=\"800\" height=\"100\" srcset=\"https:\/\/www.radiopiu.net\/wordpress\/wp-content\/uploads\/2018\/09\/sport.jpg 800w, https:\/\/www.radiopiu.net\/wordpress\/wp-content\/uploads\/2018\/09\/sport-300x38.jpg 300w, https:\/\/www.radiopiu.net\/wordpress\/wp-content\/uploads\/2018\/09\/sport-768x96.jpg 768w\" sizes=\"auto, (max-width: 800px) 100vw, 800px\" \/><\/p>\n<p>&nbsp;<\/p>\n<p><span style=\"color: #0000ff;\"><strong>CALCIO<\/strong><\/span><\/p>\n<blockquote>\n<h3>L&#8217;AGORDINA PERDE IN CASA CON L&#8217;ITLAS E DOMENICA PROSSIMA LO SCONTRO DIRETTO CON IL PONTE NELLE ALPI<\/h3>\n<\/blockquote>\n<p><strong><a class=\"dt-pswp-item\" href=\"https:\/\/www.radiopiu.net\/wordpress\/wp-content\/uploads\/2018\/10\/MARCO-LORENZI-OK.png\" data-dt-img-description=\"\" data-large_image_width=\"669\" data-large_image_height=\"401\"><img loading=\"lazy\" decoding=\"async\" class=\"size-medium wp-image-64292 alignleft\" src=\"https:\/\/www.radiopiu.net\/wordpress\/wp-content\/uploads\/2018\/10\/MARCO-LORENZI-OK-300x180.png\" alt=\"\" width=\"300\" height=\"180\" srcset=\"https:\/\/www.radiopiu.net\/wordpress\/wp-content\/uploads\/2018\/10\/MARCO-LORENZI-OK-300x180.png 300w, https:\/\/www.radiopiu.net\/wordpress\/wp-content\/uploads\/2018\/10\/MARCO-LORENZI-OK.png 669w\" sizes=\"auto, (max-width: 300px) 100vw, 300px\" \/><\/a>AGORDO<\/strong> Una domenica da dimenticare quella appena trascorsa per l&#8217;Agordina Calcio. La squadra allenata da Marco Lorenzi non ha brillato all&#8217;Ivano Dorigo e ha lasciato punti importanti per strada. L&#8217;Itlas Santa Giustina Serravalle sembrava nettamente di un&#8217;altra categoria ed ha vinto 3 a 0 dopo aver dominato per tutta la partita. Tanti errori degli agordini che hanno concesso troppo ai trevigiani. La squadra di Agordo ora si trova al quinto posto in classifica e domenica prossima ci sar\u00e0 lo scontro diretto con il Ponte Nelle Alpi, vincere vorrebbe dire agguantare proprio la compagine pontalpina in classifica. Ma il primo obbiettivo della squadra rimane sempre la salvezza il prima possibile.<\/p>\n<p><strong>MARCO LORENZI, ALLENATORE DELL&#8217;AGORDINA<\/strong><\/p>\n<audio class=\"wp-audio-shortcode\" id=\"audio-264859-20\" preload=\"none\" style=\"width: 100%;\" controls=\"controls\"><source type=\"audio\/mpeg\" src=\"https:\/\/www.radiopiu.net\/wordpress\/wp-content\/uploads\/2022\/03\/CACO-ITLAS.mp3?_=20\" \/><a href=\"https:\/\/www.radiopiu.net\/wordpress\/wp-content\/uploads\/2022\/03\/CACO-ITLAS.mp3\">https:\/\/www.radiopiu.net\/wordpress\/wp-content\/uploads\/2022\/03\/CACO-ITLAS.mp3<\/a><\/audio>\n<p>&nbsp;<\/p>\n<hr \/>\n<p>&nbsp;<\/p>\n<p><strong><span style=\"color: #0000ff;\">\u00a0NUOTO<\/span><\/strong><\/p>\n<blockquote>\n<h3>LA SPORTIVAMENTE BELLUNO TORNA DA LIGNANO CON DUE ORI E UN ARGENTO<\/h3>\n<\/blockquote>\n<p><strong><a class=\"dt-pswp-item\" href=\"https:\/\/www.radiopiu.net\/wordpress\/wp-content\/uploads\/2022\/03\/Eleonora_Dal_Paos.jpg\" data-dt-img-description=\"\" data-large_image_width=\"1566\" data-large_image_height=\"1044\"><img loading=\"lazy\" decoding=\"async\" class=\"size-medium wp-image-264917 alignleft\" src=\"https:\/\/www.radiopiu.net\/wordpress\/wp-content\/uploads\/2022\/03\/Eleonora_Dal_Paos-300x200.jpg\" alt=\"\" width=\"300\" height=\"200\" srcset=\"https:\/\/www.radiopiu.net\/wordpress\/wp-content\/uploads\/2022\/03\/Eleonora_Dal_Paos-300x200.jpg 300w, https:\/\/www.radiopiu.net\/wordpress\/wp-content\/uploads\/2022\/03\/Eleonora_Dal_Paos-1024x683.jpg 1024w, https:\/\/www.radiopiu.net\/wordpress\/wp-content\/uploads\/2022\/03\/Eleonora_Dal_Paos-768x512.jpg 768w, https:\/\/www.radiopiu.net\/wordpress\/wp-content\/uploads\/2022\/03\/Eleonora_Dal_Paos-1536x1024.jpg 1536w, https:\/\/www.radiopiu.net\/wordpress\/wp-content\/uploads\/2022\/03\/Eleonora_Dal_Paos.jpg 1566w\" sizes=\"auto, (max-width: 300px) 100vw, 300px\" \/><\/a>BELLUNO<\/strong> Tre risultati di valore in un contesto di assoluto prestigio: a Lignano Sabbiadoro, infatti, e\u0300 andata in scena la tappa italiana delle World Series, abbinata ai Campionati nazionali assoluti invernali di nuoto paralimpico. E in vasca c\u2019erano pure due atlete della Sportivamente Belluno: Eleonora Dal Paos e Daniela Belletti. Eleonora ha conquistato il primato (categoria S4) sia nei 50 dorso (in 1\u201913\u201d80), sia nei 100 stile (3\u201908\u201d99), mentre Daniela e\u0300 riuscita a ottenere la seconda posizione (categoria S3) nei 50 dorso (2\u201906\u201d84). \u00ab<em>E\u0300 stata una conferma importante &#8211; affermano i tecnici Finp Silvia Casagrande e Antonio Russo &#8211; all\u2019interno di un appuntamento di alto profilo, in cui la cultura dell\u2019acqua e dell\u2019inclusione si sono intrecciate in un connubio di grande impatto anche emotivo. Siamo soddisfatti, abbiamo completato un altro step di rilievo<\/em>\u00bb. A Lignano c\u2019era davvero il mondo del nuoto paralimpico, con piu\u0300 di 160 atleti provenienti da tutte le regioni italiane, l\u2019Intera Nazionale azzurra che ha preso parte ai Giochi paralimpici di Tokyo e ben 38 Paesi rappresentati: compreso il Brasile, capace di aggiudicarsi il medagliere con 16 ori, 6 argenti e 6 bronzi davanti all\u2019Italia (10-7-8) e alla Colombia (1-4-1). Chiusa la splendida parentesi di Lignano, per la squadra di nuoto paralimpico legata alla Sportivamente Belluno e\u0300 tempo di guardare oltre: alla gara regionale in programma domenica 27 marzo, a Montebelluna.<\/p>\n<p>&nbsp;<\/p>\n<hr \/>\n<p><span style=\"color: #0000ff;\"><strong>SCI ALPINO<\/strong><\/span><\/p>\n<p><strong>CAMPIONATI NAZIONALI UNIVERSITARI,\u00a0 <\/strong><strong>MARIA COSTELLA RIVINCE NEL GIGANTE OPEN FIS,\u00a0 <\/strong><strong>ALBERTO CLAUDANI PRIMO TRA I MASCHI<\/strong><\/p>\n<p>&nbsp;<\/p>\n<p><a class=\"dt-pswp-item\" href=\"https:\/\/www.radiopiu.net\/wordpress\/wp-content\/uploads\/2022\/03\/Premiazione-gigante-FIS-scaled.jpg\" data-dt-img-description=\"\" data-large_image_width=\"2560\" data-large_image_height=\"1707\"><img loading=\"lazy\" decoding=\"async\" class=\" wp-image-265084 alignleft\" src=\"https:\/\/www.radiopiu.net\/wordpress\/wp-content\/uploads\/2022\/03\/Premiazione-gigante-FIS-300x200.jpg\" alt=\"\" width=\"251\" height=\"167\" srcset=\"https:\/\/www.radiopiu.net\/wordpress\/wp-content\/uploads\/2022\/03\/Premiazione-gigante-FIS-300x200.jpg 300w, https:\/\/www.radiopiu.net\/wordpress\/wp-content\/uploads\/2022\/03\/Premiazione-gigante-FIS-1024x683.jpg 1024w, https:\/\/www.radiopiu.net\/wordpress\/wp-content\/uploads\/2022\/03\/Premiazione-gigante-FIS-768x512.jpg 768w, https:\/\/www.radiopiu.net\/wordpress\/wp-content\/uploads\/2022\/03\/Premiazione-gigante-FIS-1536x1024.jpg 1536w, https:\/\/www.radiopiu.net\/wordpress\/wp-content\/uploads\/2022\/03\/Premiazione-gigante-FIS-2048x1365.jpg 2048w\" sizes=\"auto, (max-width: 251px) 100vw, 251px\" \/><\/a><strong>VAL ZOLDANA<\/strong> E\u2019 Maria Carlotta Costella, la dominatrice delle prove F.I.S. (International Ski Federation) di slalom gigante, disputate in occasione dei Campionati Nazionali Universitari invernali, organizzati in Val Zoldana da C.U.S.I. (Centro Universitario Sportivo Italiano) e C.U.S. Venezia: dopo la vittoria di lunedi, si \u00e8 ripetuta oggi, percorrendo la pista Cristelin in 2\u201909\u201d84, quasi 2 secondi pi\u00f9 veloce della seconda, Elena Lazzeri (ieri terza nella prova valevole per il tricolore universitario), che ha preceduto Denis Insam. In campo maschile, dopo il secondo posto di ieri, Niccol\u00f2 Costella \u00e8 tornato sul podio della prova F.I.S. di gigante maschile, ma stavolta sul gradino pi\u00f9 basso; lo slalom \u00e8 stato vinto da Alberto Claudani (2\u201902\u201d91), che ha preceduto l\u2019argentino Delfin Van Ditmar. Oggi i C.N.U. si concluderanno con lo slalom speciale, valido sia per il titolo italiano universitario che come prova \u201copen\u201d F.I.S. .<\/p>\n<p>&nbsp;<\/p>\n<hr \/>\n<p>&nbsp;<\/p>\n<\/div>\n<\/div>\n<\/div>\n<\/div>\n<\/div>\n<\/div>\n<\/div>\n<\/div>\n<\/div>\n<\/div>\n<\/div>\n<\/div>\n<\/div>\n<\/div>\n<\/div>\n<\/div>\n<\/div>\n<\/div>\n<\/div>\n<\/div>\n<\/div>\n<\/div>\n<\/div>\n<\/div>\n<\/div>\n<\/div>\n<\/div>\n<\/div>\n<\/div>\n<\/div>\n<\/div>\n<\/div>\n<\/div>\n<\/div>\n<\/div>\n<\/div>\n<\/div>\n<\/div>\n<\/div>\n<\/div>\n<\/div>\n<\/div>\n<\/div>\n<\/div>\n<\/div>\n<\/div>\n<\/div>\n<\/div>\n<\/div>\n<\/div>\n<\/div>\n<\/div>\n<\/div>\n<\/div>\n<\/div>\n<\/div>\n<\/div>\n<\/div>\n<\/div>\n<\/div>\n<\/div>\n<\/div>\n<\/div>\n<\/div>\n<\/div>\n<\/div>\n<\/div>\n<\/div>\n<\/div>\n<\/div>\n<\/div>\n<\/div>\n<\/div>\n<\/div>\n<\/div>\n<\/div>\n<\/div>\n<\/div>\n<\/div>\n<\/div>\n<\/div>\n<\/div>\n<\/div>\n<\/div>\n<\/div>\n<\/div>\n<\/div>\n<\/div>\n<\/div>\n<\/div>\n<\/div>\n<\/div>\n<\/div>\n<\/div>\n<\/div>\n<\/div>\n<\/div>\n<\/div>\n<\/div>\n<\/div>\n<\/div>\n<\/div>\n<\/div>\n<\/div>\n<\/div>\n<\/div>\n<\/div>\n<\/div>\n<\/div>\n<\/div>\n","protected":false},"excerpt":{"rendered":"<p>INFORMAZIONE il canale su TELEGRAM informazione di prima\u00a0 mano e in tempo reale. iscriviti ed aiutaci a farlo conoscere\u00a0 &nbsp; IERI COME OTTO ANNI FA, UN PO&#8217; DI SAHARA NEI CIELI DELLA PROVINCIA Il colore arancione delle sabbia del Sahara trasportato dal vento nei cieli di Arabba. L&#8217;ultima volta il fenomeno si era verificato con&hellip;<\/p>\n","protected":false},"author":4,"featured_media":265097,"comment_status":"closed","ping_status":"closed","sticky":false,"template":"","format":"standard","meta":{"_monsterinsights_skip_tracking":false,"_monsterinsights_sitenote_active":false,"_monsterinsights_sitenote_note":"","_monsterinsights_sitenote_category":0,"footnotes":""},"categories":[104,86,49],"tags":[],"class_list":["post-264859","post","type-post","status-publish","format-standard","has-post-thumbnail","hentry","category-evidenza_3","category-gr","category-news-18","category-104","category-86","category-49","description-off"],"img_url":"https:\/\/www.radiopiu.net\/wordpress\/wp-content\/uploads\/2022\/03\/276017834_1067147027196327_3643086597947043277_n.jpg","_links":{"self":[{"href":"https:\/\/www.radiopiu.net\/wordpress\/wp-json\/wp\/v2\/posts\/264859","targetHints":{"allow":["GET"]}}],"collection":[{"href":"https:\/\/www.radiopiu.net\/wordpress\/wp-json\/wp\/v2\/posts"}],"about":[{"href":"https:\/\/www.radiopiu.net\/wordpress\/wp-json\/wp\/v2\/types\/post"}],"author":[{"embeddable":true,"href":"https:\/\/www.radiopiu.net\/wordpress\/wp-json\/wp\/v2\/users\/4"}],"replies":[{"embeddable":true,"href":"https:\/\/www.radiopiu.net\/wordpress\/wp-json\/wp\/v2\/comments?post=264859"}],"version-history":[{"count":0,"href":"https:\/\/www.radiopiu.net\/wordpress\/wp-json\/wp\/v2\/posts\/264859\/revisions"}],"wp:featuredmedia":[{"embeddable":true,"href":"https:\/\/www.radiopiu.net\/wordpress\/wp-json\/wp\/v2\/media\/265097"}],"wp:attachment":[{"href":"https:\/\/www.radiopiu.net\/wordpress\/wp-json\/wp\/v2\/media?parent=264859"}],"wp:term":[{"taxonomy":"category","embeddable":true,"href":"https:\/\/www.radiopiu.net\/wordpress\/wp-json\/wp\/v2\/categories?post=264859"},{"taxonomy":"post_tag","embeddable":true,"href":"https:\/\/www.radiopiu.net\/wordpress\/wp-json\/wp\/v2\/tags?post=264859"}],"curies":[{"name":"wp","href":"https:\/\/api.w.org\/{rel}","templated":true}]}}