{"id":264946,"date":"2022-03-16T05:54:21","date_gmt":"2022-03-16T04:54:21","guid":{"rendered":"https:\/\/www.radiopiu.net\/wordpress\/?p=264946"},"modified":"2022-03-16T06:15:18","modified_gmt":"2022-03-16T05:15:18","slug":"lavori-di-risamento-fognario-a-masare-di-rocca-pietore","status":"publish","type":"post","link":"https:\/\/www.radiopiu.net\/wordpress\/lavori-di-risamento-fognario-a-masare-di-rocca-pietore\/","title":{"rendered":"LAVORI DI RISAMENTO FOGNARIO A MASARE&#8217; di ROCCA PIETORE"},"content":{"rendered":"<p><strong>ROCCA PIETORE<\/strong> Iniziati i lavori per il rifacimento di un tratto di rete fognaria in localit\u00e0 Masar\u00e8. Bim Gsp, con un investimento di 180mila euro, provveder\u00e0 a risanare 200 metri di condotta ammalorata. Le operazioni dureranno complessivamente un mese, saranno accompagnate da videoispezioni di verifica, per accertare lo stato di fatto e la buona riuscita dei lavori. Un by-pass provvisorio garantir\u00e0 alle utenze servite il regolare funzionamento del servizio di raccolta dei reflui scaricati in rete.\u00a0 Questo intervento \u00e8\u00a0 il primo stralcio di un progetto articolato da 11,3 milioni di euro per la ristrutturazione e razionalizzazione del sistema fognario e depurativo dei comuni di Rocca Pietore ed Alleghe.\u00a0 <em>\u201cGrazie ai fondi commissariali \u2013 spiega Andrea De Bernardin, sindaco di Rocca Pietore &#8211; abbiamo ricostruito numerose infrastrutture danneggiate dalla tempesta Vaia, calamit\u00e0 che, non dimentichiamolo, ha avuto il suo epicentro proprio in Agordino e in particolare nei comuni di Rocca e Alleghe. Molto \u00e8 stato fatto ad oggi, ma molto resta ancora da fare: esprimo, quindi, tutta la mia soddisfazione per l\u2019importante lavoro che andremo a realizzare in questo e nei prossimi anni nei due comuni<\/em>\u00a0 <em>Opere che non solo andranno ad accrescere servizi essenziali per l\u2019utenza ma che contribuiranno fattivamente a sostenere lo sviluppo economico, sociale ed ambientale delle nostre aree di montagna, sempre pi\u00f9 soggette a spopolamento, salvaguardando al contempo il nostro patrimonio naturale, ricco di ecosistemi e molteplici biodiversit\u00e0, da preservare nel presente a tutela delle generazioni future. Insieme al sindaco di Alleghe De Toni, a Gsp e al Consiglio di Bacino, cercheremo sicuramente nuove risorse da destinare anche alla razionalizzazione e messa in sicurezza della tratta fognaria Sottoguda-Caprile, al momento non prevista all\u2019interno di questo maxi-progetto pluriennale, ma altrettanto indispensabile e necessaria\u201d.<\/em><\/p>\n\n\t\t\t<style type='text\/css'>\n\t\t\t\t#gallery-1 {\n\t\t\t\t\tmargin: auto;\n\t\t\t\t}\n\t\t\t\t#gallery-1 .gallery-item {\n\t\t\t\t\tfloat: left;\n\t\t\t\t\tmargin-top: 10px;\n\t\t\t\t\ttext-align: center;\n\t\t\t\t\twidth: 25%;\n\t\t\t\t}\n\t\t\t\t#gallery-1 img {\n\t\t\t\t\tborder: 2px solid #cfcfcf;\n\t\t\t\t}\n\t\t\t\t#gallery-1 .gallery-caption {\n\t\t\t\t\tmargin-left: 0;\n\t\t\t\t}\n\t\t\t\t\/* see gallery_shortcode() in wp-includes\/media.php *\/\n\t\t\t<\/style>\n\t\t<div id='gallery-1' class='dt-gallery-container gallery galleryid-264946 gallery-columns-4 gallery-size-thumbnail'><dl class='gallery-item'>\n\t\t\t\t<dt class='gallery-icon landscape'>\n\t\t\t\t\t<a class=\"rollover rollover-zoom dt-pswp-item\" title=\"il cantiere_la pulizia della condotta_2\" data-dt-img-description=\"\" data-large_image_width=\"756\" data-large_image_height=\"567\"href='https:\/\/www.radiopiu.net\/wordpress\/wp-content\/uploads\/2022\/03\/il-cantiere_la-pulizia-della-condotta_2.jpg'><img loading=\"lazy\" decoding=\"async\" width=\"150\" height=\"150\" src=\"https:\/\/www.radiopiu.net\/wordpress\/wp-content\/uploads\/2022\/03\/il-cantiere_la-pulizia-della-condotta_2-150x150.jpg\" class=\"attachment-thumbnail size-thumbnail\" alt=\"\" \/><\/a>\n\t\t\t\t<\/dt><\/dl><dl class='gallery-item'>\n\t\t\t\t<dt class='gallery-icon portrait'>\n\t\t\t\t\t<a class=\"rollover rollover-zoom dt-pswp-item\" title=\"il cantiere_la videoispezione della condotta_4\" data-dt-img-description=\"\" data-large_image_width=\"756\" data-large_image_height=\"1008\"href='https:\/\/www.radiopiu.net\/wordpress\/wp-content\/uploads\/2022\/03\/il-cantiere_la-videoispezione-della-condotta_4.jpg'><img loading=\"lazy\" decoding=\"async\" width=\"150\" height=\"150\" src=\"https:\/\/www.radiopiu.net\/wordpress\/wp-content\/uploads\/2022\/03\/il-cantiere_la-videoispezione-della-condotta_4-150x150.jpg\" class=\"attachment-thumbnail size-thumbnail\" alt=\"\" \/><\/a>\n\t\t\t\t<\/dt><\/dl><dl class='gallery-item'>\n\t\t\t\t<dt class='gallery-icon landscape'>\n\t\t\t\t\t<a class=\"rollover rollover-zoom dt-pswp-item\" title=\"il cantiere_la pulizia della condotta_1\" data-dt-img-description=\"\" data-large_image_width=\"945\" data-large_image_height=\"709\"href='https:\/\/www.radiopiu.net\/wordpress\/wp-content\/uploads\/2022\/03\/il-cantiere_la-pulizia-della-condotta_1.jpg'><img loading=\"lazy\" decoding=\"async\" width=\"150\" height=\"150\" src=\"https:\/\/www.radiopiu.net\/wordpress\/wp-content\/uploads\/2022\/03\/il-cantiere_la-pulizia-della-condotta_1-150x150.jpg\" class=\"attachment-thumbnail size-thumbnail\" alt=\"\" \/><\/a>\n\t\t\t\t<\/dt><\/dl><dl class='gallery-item'>\n\t\t\t\t<dt class='gallery-icon portrait'>\n\t\t\t\t\t<a class=\"rollover rollover-zoom dt-pswp-item\" title=\"il cantiere_la videoispezione della condotta_3\" data-dt-img-description=\"\" data-large_image_width=\"504\" data-large_image_height=\"672\"href='https:\/\/www.radiopiu.net\/wordpress\/wp-content\/uploads\/2022\/03\/il-cantiere_la-videoispezione-della-condotta_3.jpg'><img loading=\"lazy\" decoding=\"async\" width=\"150\" height=\"150\" src=\"https:\/\/www.radiopiu.net\/wordpress\/wp-content\/uploads\/2022\/03\/il-cantiere_la-videoispezione-della-condotta_3-150x150.jpg\" class=\"attachment-thumbnail size-thumbnail\" alt=\"\" \/><\/a>\n\t\t\t\t<\/dt><\/dl><br style=\"clear: both\" \/>\n\t\t\t<\/div>\n\n<p>&nbsp;<\/p>\n<p>***<\/p>\n","protected":false},"excerpt":{"rendered":"<p>ROCCA PIETORE Iniziati i lavori per il rifacimento di un tratto di rete fognaria in localit\u00e0 Masar\u00e8. Bim Gsp, con un investimento di 180mila euro, provveder\u00e0 a risanare 200 metri di condotta ammalorata. Le operazioni dureranno complessivamente un mese, saranno accompagnate da videoispezioni di verifica, per accertare lo stato di fatto e la buona riuscita&hellip;<\/p>\n","protected":false},"author":4,"featured_media":264949,"comment_status":"closed","ping_status":"closed","sticky":false,"template":"","format":"standard","meta":{"_monsterinsights_skip_tracking":false,"_monsterinsights_sitenote_active":false,"_monsterinsights_sitenote_note":"","_monsterinsights_sitenote_category":0,"footnotes":""},"categories":[51,49],"tags":[],"class_list":["post-264946","post","type-post","status-publish","format-standard","has-post-thumbnail","hentry","category-evidenza-top","category-news-18","category-51","category-49","description-off"],"img_url":"https:\/\/www.radiopiu.net\/wordpress\/wp-content\/uploads\/2022\/03\/il-cantiere_la-pulizia-della-condotta_1.jpg","_links":{"self":[{"href":"https:\/\/www.radiopiu.net\/wordpress\/wp-json\/wp\/v2\/posts\/264946","targetHints":{"allow":["GET"]}}],"collection":[{"href":"https:\/\/www.radiopiu.net\/wordpress\/wp-json\/wp\/v2\/posts"}],"about":[{"href":"https:\/\/www.radiopiu.net\/wordpress\/wp-json\/wp\/v2\/types\/post"}],"author":[{"embeddable":true,"href":"https:\/\/www.radiopiu.net\/wordpress\/wp-json\/wp\/v2\/users\/4"}],"replies":[{"embeddable":true,"href":"https:\/\/www.radiopiu.net\/wordpress\/wp-json\/wp\/v2\/comments?post=264946"}],"version-history":[{"count":0,"href":"https:\/\/www.radiopiu.net\/wordpress\/wp-json\/wp\/v2\/posts\/264946\/revisions"}],"wp:featuredmedia":[{"embeddable":true,"href":"https:\/\/www.radiopiu.net\/wordpress\/wp-json\/wp\/v2\/media\/264949"}],"wp:attachment":[{"href":"https:\/\/www.radiopiu.net\/wordpress\/wp-json\/wp\/v2\/media?parent=264946"}],"wp:term":[{"taxonomy":"category","embeddable":true,"href":"https:\/\/www.radiopiu.net\/wordpress\/wp-json\/wp\/v2\/categories?post=264946"},{"taxonomy":"post_tag","embeddable":true,"href":"https:\/\/www.radiopiu.net\/wordpress\/wp-json\/wp\/v2\/tags?post=264946"}],"curies":[{"name":"wp","href":"https:\/\/api.w.org\/{rel}","templated":true}]}}