{"id":264958,"date":"2022-03-15T13:18:58","date_gmt":"2022-03-15T12:18:58","guid":{"rendered":"https:\/\/www.radiopiu.net\/wordpress\/?p=264958"},"modified":"2022-03-15T15:21:30","modified_gmt":"2022-03-15T14:21:30","slug":"agenti-bellunesi-in-bici-assistita-o-motorino","status":"publish","type":"post","link":"https:\/\/www.radiopiu.net\/wordpress\/agenti-bellunesi-in-bici-assistita-o-motorino\/","title":{"rendered":"\u00a0AGENTI BELLUNESI IN BICI ASSISTITA O MOTORINO!"},"content":{"rendered":"<blockquote>\n<h3 align=\"left\"><\/h3>\n<\/blockquote>\n<div align=\"left\">\n<p><strong><a class=\"dt-pswp-item\" href=\"https:\/\/www.radiopiu.net\/wordpress\/wp-content\/uploads\/2018\/06\/Roccon-Franco.jpg\" data-dt-img-description=\"\" data-large_image_width=\"402\" data-large_image_height=\"483\"><img loading=\"lazy\" decoding=\"async\" class=\" wp-image-52102 alignleft\" src=\"https:\/\/www.radiopiu.net\/wordpress\/wp-content\/uploads\/2018\/06\/Roccon-Franco-250x300.jpg\" alt=\"\" width=\"112\" height=\"134\" srcset=\"https:\/\/www.radiopiu.net\/wordpress\/wp-content\/uploads\/2018\/06\/Roccon-Franco-250x300.jpg 250w, https:\/\/www.radiopiu.net\/wordpress\/wp-content\/uploads\/2018\/06\/Roccon-Franco.jpg 402w\" sizes=\"auto, (max-width: 112px) 100vw, 112px\" \/><\/a>BELLUNO <\/strong>\u00a0Gli Agenti di Commercio, come tutta la filiera produttiva, rischiano la paralisi, fermi al palo con costi non pi\u00f9 sostenibili per il caro carburanti e con provvigioni ferme al 2020-2021 che non tengono conto degli enormi aumenti delle spese per la professione. Troppo pesante la pressione fiscale sul reddito (53,5%) e il costo indotto per esercitare la propria professione che gli Agenti di commercio devono sostenere per un\u2019attivit\u00e0 che movimenta il 70% del PIL nazionale. Dopo due anni di Covid che li ha obbligati ad un\u2019alternanza tra lavoro e pause forzate con ricavi ridotti all\u2019osso, ora l\u2019incertezza internazionale che grava sulla produzione ma anche sui costi diretti per chi fa mediamente 40-50.000 chilometri all\u2019anno, non sono pi\u00f9 accettabili per una professione che conta 235.000 operatori in Italia, con bilanci famigliari e disponibilit\u00e0 sempre pi\u00f9 risicate.<br \/>\n<strong>AUDIO, FRANCO ROCCON\u00a0<\/strong><\/p>\n<audio class=\"wp-audio-shortcode\" id=\"audio-264958-1\" preload=\"none\" style=\"width: 100%;\" controls=\"controls\"><source type=\"audio\/mpeg\" src=\"https:\/\/www.radiopiu.net\/wordpress\/wp-content\/uploads\/2022\/03\/roccon.mp3?_=1\" \/><a href=\"https:\/\/www.radiopiu.net\/wordpress\/wp-content\/uploads\/2022\/03\/roccon.mp3\">https:\/\/www.radiopiu.net\/wordpress\/wp-content\/uploads\/2022\/03\/roccon.mp3<\/a><\/audio>\n<p>&nbsp;<\/p>\n<p>&nbsp;<\/p>\n<\/div>\n<div align=\"left\">\n<div align=\"left\"><\/div>\n<\/div>\n<div align=\"left\"><\/div>\n<div align=\"left\"><\/div>\n<div align=\"left\"><\/div>\n<div align=\"left\">____<\/div>\n","protected":false},"excerpt":{"rendered":"<p>BELLUNO \u00a0Gli Agenti di Commercio, come tutta la filiera produttiva, rischiano la paralisi, fermi al palo con costi non pi\u00f9 sostenibili per il caro carburanti e con provvigioni ferme al 2020-2021 che non tengono conto degli enormi aumenti delle spese per la professione. Troppo pesante la pressione fiscale sul reddito (53,5%) e il costo indotto&hellip;<\/p>\n","protected":false},"author":4,"featured_media":52102,"comment_status":"closed","ping_status":"closed","sticky":false,"template":"","format":"standard","meta":{"_monsterinsights_skip_tracking":false,"_monsterinsights_sitenote_active":false,"_monsterinsights_sitenote_note":"","_monsterinsights_sitenote_category":0,"footnotes":""},"categories":[51,49],"tags":[],"class_list":["post-264958","post","type-post","status-publish","format-standard","has-post-thumbnail","hentry","category-evidenza-top","category-news-18","category-51","category-49","description-off"],"img_url":"https:\/\/www.radiopiu.net\/wordpress\/wp-content\/uploads\/2018\/06\/Roccon-Franco.jpg","_links":{"self":[{"href":"https:\/\/www.radiopiu.net\/wordpress\/wp-json\/wp\/v2\/posts\/264958","targetHints":{"allow":["GET"]}}],"collection":[{"href":"https:\/\/www.radiopiu.net\/wordpress\/wp-json\/wp\/v2\/posts"}],"about":[{"href":"https:\/\/www.radiopiu.net\/wordpress\/wp-json\/wp\/v2\/types\/post"}],"author":[{"embeddable":true,"href":"https:\/\/www.radiopiu.net\/wordpress\/wp-json\/wp\/v2\/users\/4"}],"replies":[{"embeddable":true,"href":"https:\/\/www.radiopiu.net\/wordpress\/wp-json\/wp\/v2\/comments?post=264958"}],"version-history":[{"count":0,"href":"https:\/\/www.radiopiu.net\/wordpress\/wp-json\/wp\/v2\/posts\/264958\/revisions"}],"wp:featuredmedia":[{"embeddable":true,"href":"https:\/\/www.radiopiu.net\/wordpress\/wp-json\/wp\/v2\/media\/52102"}],"wp:attachment":[{"href":"https:\/\/www.radiopiu.net\/wordpress\/wp-json\/wp\/v2\/media?parent=264958"}],"wp:term":[{"taxonomy":"category","embeddable":true,"href":"https:\/\/www.radiopiu.net\/wordpress\/wp-json\/wp\/v2\/categories?post=264958"},{"taxonomy":"post_tag","embeddable":true,"href":"https:\/\/www.radiopiu.net\/wordpress\/wp-json\/wp\/v2\/tags?post=264958"}],"curies":[{"name":"wp","href":"https:\/\/api.w.org\/{rel}","templated":true}]}}