{"id":265044,"date":"2022-03-16T05:52:02","date_gmt":"2022-03-16T04:52:02","guid":{"rendered":"https:\/\/www.radiopiu.net\/wordpress\/?p=265044"},"modified":"2022-03-16T06:16:39","modified_gmt":"2022-03-16T05:16:39","slug":"assemblea-del-comitato-costituente-biodistretto-terre-alte-bellunesi","status":"publish","type":"post","link":"https:\/\/www.radiopiu.net\/wordpress\/assemblea-del-comitato-costituente-biodistretto-terre-alte-bellunesi\/","title":{"rendered":"ASSEMBLEA DEL COMITATO COSTITUENTE BIODISTRETTO &#8220;TERRE ALTE BELLUNESI&#8221;"},"content":{"rendered":"<p><strong><a class=\"dt-pswp-item\" href=\"https:\/\/www.radiopiu.net\/wordpress\/wp-content\/uploads\/2022\/03\/4253bf94-abb2-4439-8535-b36434a3c67c.jpg\" data-dt-img-description=\"\" data-large_image_width=\"1344\" data-large_image_height=\"756\"><img loading=\"lazy\" decoding=\"async\" class=\"wp-image-265042 alignleft\" src=\"https:\/\/www.radiopiu.net\/wordpress\/wp-content\/uploads\/2022\/03\/4253bf94-abb2-4439-8535-b36434a3c67c-300x169.jpg\" alt=\"\" width=\"217\" height=\"122\" srcset=\"https:\/\/www.radiopiu.net\/wordpress\/wp-content\/uploads\/2022\/03\/4253bf94-abb2-4439-8535-b36434a3c67c-300x169.jpg 300w, https:\/\/www.radiopiu.net\/wordpress\/wp-content\/uploads\/2022\/03\/4253bf94-abb2-4439-8535-b36434a3c67c-1024x576.jpg 1024w, https:\/\/www.radiopiu.net\/wordpress\/wp-content\/uploads\/2022\/03\/4253bf94-abb2-4439-8535-b36434a3c67c-768x432.jpg 768w, https:\/\/www.radiopiu.net\/wordpress\/wp-content\/uploads\/2022\/03\/4253bf94-abb2-4439-8535-b36434a3c67c.jpg 1344w\" sizes=\"auto, (max-width: 217px) 100vw, 217px\" \/><\/a>FELTRE<\/strong> L&#8217;incontro \u00e8 calendarizzato per sabato alle 17 nell&#8217;Auditorium dell&#8217;Istituto Canossiano. Sar\u00e0 presentato il progetto e saranno ascoltate le proposte di chi intender\u00e0 fare parte della squadra. Sono 250 gli aderenti, un&#8217;adesione importante, dalle cooperative agricole, ai produttori e comitati e molti altri soggetti di natura diversa per un progetto per l&#8217;agricoltura ma non solo visto che interessa anche altri settori economici, culturali e sportivi.<\/p>\n<p><strong>L&#8217;ASSESSORE VALTER BONAN<\/strong><\/p>\n<audio class=\"wp-audio-shortcode\" id=\"audio-265044-1\" preload=\"none\" style=\"width: 100%;\" controls=\"controls\"><source type=\"audio\/mpeg\" src=\"https:\/\/www.radiopiu.net\/wordpress\/wp-content\/uploads\/2022\/03\/Audio-Bonan.mp3?_=1\" \/><a href=\"https:\/\/www.radiopiu.net\/wordpress\/wp-content\/uploads\/2022\/03\/Audio-Bonan.mp3\">https:\/\/www.radiopiu.net\/wordpress\/wp-content\/uploads\/2022\/03\/Audio-Bonan.mp3<\/a><\/audio>\n<p><strong>CESARE LASEN DEL COMITATO PROMOTORE BIODISTRETTO TERRE BELLUNESI<\/strong><\/p>\n<audio class=\"wp-audio-shortcode\" id=\"audio-265044-2\" preload=\"none\" style=\"width: 100%;\" controls=\"controls\"><source type=\"audio\/mpeg\" src=\"https:\/\/www.radiopiu.net\/wordpress\/wp-content\/uploads\/2022\/03\/Audio-Lasen.mp3?_=2\" \/><a href=\"https:\/\/www.radiopiu.net\/wordpress\/wp-content\/uploads\/2022\/03\/Audio-Lasen.mp3\">https:\/\/www.radiopiu.net\/wordpress\/wp-content\/uploads\/2022\/03\/Audio-Lasen.mp3<\/a><\/audio>\n<p><strong>STEFANO SANSON COMITATO PROMOTORE BIODISTRETTO TERRE BELLUNESI <\/strong><\/p>\n<audio class=\"wp-audio-shortcode\" id=\"audio-265044-3\" preload=\"none\" style=\"width: 100%;\" controls=\"controls\"><source type=\"audio\/mpeg\" src=\"https:\/\/www.radiopiu.net\/wordpress\/wp-content\/uploads\/2022\/03\/Audio-Sanson.mp3?_=3\" \/><a href=\"https:\/\/www.radiopiu.net\/wordpress\/wp-content\/uploads\/2022\/03\/Audio-Sanson.mp3\">https:\/\/www.radiopiu.net\/wordpress\/wp-content\/uploads\/2022\/03\/Audio-Sanson.mp3<\/a><\/audio>\n\n\t\t\t<style type='text\/css'>\n\t\t\t\t#gallery-1 {\n\t\t\t\t\tmargin: auto;\n\t\t\t\t}\n\t\t\t\t#gallery-1 .gallery-item {\n\t\t\t\t\tfloat: left;\n\t\t\t\t\tmargin-top: 10px;\n\t\t\t\t\ttext-align: center;\n\t\t\t\t\twidth: 50%;\n\t\t\t\t}\n\t\t\t\t#gallery-1 img {\n\t\t\t\t\tborder: 2px solid #cfcfcf;\n\t\t\t\t}\n\t\t\t\t#gallery-1 .gallery-caption {\n\t\t\t\t\tmargin-left: 0;\n\t\t\t\t}\n\t\t\t\t\/* see gallery_shortcode() in wp-includes\/media.php *\/\n\t\t\t<\/style>\n\t\t<div id='gallery-1' class='dt-gallery-container gallery galleryid-265044 gallery-columns-2 gallery-size-thumbnail'><dl class='gallery-item'>\n\t\t\t\t<dt class='gallery-icon portrait'>\n\t\t\t\t\t<a class=\"rollover rollover-zoom dt-pswp-item\" title=\"1ec9f175-277f-4258-84fd-6c9b19abc400\" data-dt-img-description=\"\" data-large_image_width=\"1131\" data-large_image_height=\"1600\"href='https:\/\/www.radiopiu.net\/wordpress\/wp-content\/uploads\/2022\/03\/1ec9f175-277f-4258-84fd-6c9b19abc400.jpg'><img loading=\"lazy\" decoding=\"async\" width=\"150\" height=\"150\" src=\"https:\/\/www.radiopiu.net\/wordpress\/wp-content\/uploads\/2022\/03\/1ec9f175-277f-4258-84fd-6c9b19abc400-150x150.jpg\" class=\"attachment-thumbnail size-thumbnail\" alt=\"\" \/><\/a>\n\t\t\t\t<\/dt><\/dl><dl class='gallery-item'>\n\t\t\t\t<dt class='gallery-icon portrait'>\n\t\t\t\t\t<a class=\"rollover rollover-zoom dt-pswp-item\" title=\"16bb6d5d-b059-45d6-8abe-43fa5d7ab044\" data-dt-img-description=\"\" data-large_image_width=\"1070\" data-large_image_height=\"1600\"href='https:\/\/www.radiopiu.net\/wordpress\/wp-content\/uploads\/2022\/03\/16bb6d5d-b059-45d6-8abe-43fa5d7ab044.jpg'><img loading=\"lazy\" decoding=\"async\" width=\"150\" height=\"150\" src=\"https:\/\/www.radiopiu.net\/wordpress\/wp-content\/uploads\/2022\/03\/16bb6d5d-b059-45d6-8abe-43fa5d7ab044-150x150.jpg\" class=\"attachment-thumbnail size-thumbnail\" alt=\"\" \/><\/a>\n\t\t\t\t<\/dt><\/dl><br style=\"clear: both\" \/>\n\t\t\t<\/div>\n\n<p>&nbsp;<\/p>\n<p>***<\/p>\n","protected":false},"excerpt":{"rendered":"<p>FELTRE L&#8217;incontro \u00e8 calendarizzato per sabato alle 17 nell&#8217;Auditorium dell&#8217;Istituto Canossiano. Sar\u00e0 presentato il progetto e saranno ascoltate le proposte di chi intender\u00e0 fare parte della squadra. Sono 250 gli aderenti, un&#8217;adesione importante, dalle cooperative agricole, ai produttori e comitati e molti altri soggetti di natura diversa per un progetto per l&#8217;agricoltura ma non solo&hellip;<\/p>\n","protected":false},"author":4,"featured_media":265042,"comment_status":"closed","ping_status":"closed","sticky":false,"template":"","format":"standard","meta":{"_monsterinsights_skip_tracking":false,"_monsterinsights_sitenote_active":false,"_monsterinsights_sitenote_note":"","_monsterinsights_sitenote_category":0,"footnotes":""},"categories":[51,49],"tags":[],"class_list":["post-265044","post","type-post","status-publish","format-standard","has-post-thumbnail","hentry","category-evidenza-top","category-news-18","category-51","category-49","description-off"],"img_url":"https:\/\/www.radiopiu.net\/wordpress\/wp-content\/uploads\/2022\/03\/4253bf94-abb2-4439-8535-b36434a3c67c.jpg","_links":{"self":[{"href":"https:\/\/www.radiopiu.net\/wordpress\/wp-json\/wp\/v2\/posts\/265044","targetHints":{"allow":["GET"]}}],"collection":[{"href":"https:\/\/www.radiopiu.net\/wordpress\/wp-json\/wp\/v2\/posts"}],"about":[{"href":"https:\/\/www.radiopiu.net\/wordpress\/wp-json\/wp\/v2\/types\/post"}],"author":[{"embeddable":true,"href":"https:\/\/www.radiopiu.net\/wordpress\/wp-json\/wp\/v2\/users\/4"}],"replies":[{"embeddable":true,"href":"https:\/\/www.radiopiu.net\/wordpress\/wp-json\/wp\/v2\/comments?post=265044"}],"version-history":[{"count":0,"href":"https:\/\/www.radiopiu.net\/wordpress\/wp-json\/wp\/v2\/posts\/265044\/revisions"}],"wp:featuredmedia":[{"embeddable":true,"href":"https:\/\/www.radiopiu.net\/wordpress\/wp-json\/wp\/v2\/media\/265042"}],"wp:attachment":[{"href":"https:\/\/www.radiopiu.net\/wordpress\/wp-json\/wp\/v2\/media?parent=265044"}],"wp:term":[{"taxonomy":"category","embeddable":true,"href":"https:\/\/www.radiopiu.net\/wordpress\/wp-json\/wp\/v2\/categories?post=265044"},{"taxonomy":"post_tag","embeddable":true,"href":"https:\/\/www.radiopiu.net\/wordpress\/wp-json\/wp\/v2\/tags?post=265044"}],"curies":[{"name":"wp","href":"https:\/\/api.w.org\/{rel}","templated":true}]}}