{"id":265090,"date":"2022-03-16T05:59:11","date_gmt":"2022-03-16T04:59:11","guid":{"rendered":"https:\/\/www.radiopiu.net\/wordpress\/?p=265090"},"modified":"2022-03-16T06:13:36","modified_gmt":"2022-03-16T05:13:36","slug":"con-mirco-scompare-unistituzione-per-meano","status":"publish","type":"post","link":"https:\/\/www.radiopiu.net\/wordpress\/con-mirco-scompare-unistituzione-per-meano\/","title":{"rendered":"CON MIRCO SCOMPARE UN&#8217;ISTITUZIONE PER MEANO\u00a0\u00a0"},"content":{"rendered":"<p><strong>IL LUTTO<\/strong><\/p>\n<p><strong><a class=\"dt-pswp-item\" href=\"https:\/\/www.radiopiu.net\/wordpress\/wp-content\/uploads\/2022\/03\/th-11.jpg\" data-dt-img-description=\"\" data-large_image_width=\"160\" data-large_image_height=\"211\"><img loading=\"lazy\" decoding=\"async\" class=\"size-full wp-image-265089 alignleft\" src=\"https:\/\/www.radiopiu.net\/wordpress\/wp-content\/uploads\/2022\/03\/th-11.jpg\" alt=\"\" width=\"160\" height=\"211\" \/><\/a>SANTA GIUSTINA\u00a0<\/strong> E&#8217; mancato il noto imprenditore Mirco Pol (86 anni) a lungo titolare di un noto negozio d&#8217;abbigliamento. Negli ultimi tempi soggiornava alla casa di riposo proprio di Meano. La notizia della morte ha innescato una lunga serie di messaggi di affetto nelle pagine social, lascia due figli, Andrea e Nicola e tre nipoti, Simone, Riccardo ed Arianna. Mirco era zio di Giuseppe &#8220;Bepi&#8221; Pol, ex presidente della Plavis di calcio che lo ha salutato cos\u00ec su Facebook.<em> \u00ab\u00c8 difficile dimenticare qualcuno che ti ha dato cos\u00ec tanto da ricordare. I viaggi in giro per l&#8217;Italia e le mangiate di pesce con la zia Anna&#8230; sarai sempre nel mio cuore\u00bb<\/em>.\u00a0 Oltre alla sua attivit\u00e0 imprenditoriale, passione ereditata da pap\u00e0 Giuseppe che andava a cavallo nell&#8217;Agordino a vendere le stoffe, si \u00e8 sempre dato da fare per Meano\u00a0 ed era grande appassionato\u00a0 della Plavis,<\/p>\n<p>&nbsp;<\/p>\n<p>&nbsp;<\/p>\n","protected":false},"excerpt":{"rendered":"<p>IL LUTTO SANTA GIUSTINA\u00a0 E&#8217; mancato il noto imprenditore Mirco Pol (86 anni) a lungo titolare di un noto negozio d&#8217;abbigliamento. Negli ultimi tempi soggiornava alla casa di riposo proprio di Meano. La notizia della morte ha innescato una lunga serie di messaggi di affetto nelle pagine social, lascia due figli, Andrea e Nicola e&hellip;<\/p>\n","protected":false},"author":4,"featured_media":265089,"comment_status":"closed","ping_status":"closed","sticky":false,"template":"","format":"standard","meta":{"_monsterinsights_skip_tracking":false,"_monsterinsights_sitenote_active":false,"_monsterinsights_sitenote_note":"","_monsterinsights_sitenote_category":0,"footnotes":""},"categories":[51,49],"tags":[],"class_list":["post-265090","post","type-post","status-publish","format-standard","has-post-thumbnail","hentry","category-evidenza-top","category-news-18","category-51","category-49","description-off"],"img_url":"https:\/\/www.radiopiu.net\/wordpress\/wp-content\/uploads\/2022\/03\/th-11.jpg","_links":{"self":[{"href":"https:\/\/www.radiopiu.net\/wordpress\/wp-json\/wp\/v2\/posts\/265090","targetHints":{"allow":["GET"]}}],"collection":[{"href":"https:\/\/www.radiopiu.net\/wordpress\/wp-json\/wp\/v2\/posts"}],"about":[{"href":"https:\/\/www.radiopiu.net\/wordpress\/wp-json\/wp\/v2\/types\/post"}],"author":[{"embeddable":true,"href":"https:\/\/www.radiopiu.net\/wordpress\/wp-json\/wp\/v2\/users\/4"}],"replies":[{"embeddable":true,"href":"https:\/\/www.radiopiu.net\/wordpress\/wp-json\/wp\/v2\/comments?post=265090"}],"version-history":[{"count":0,"href":"https:\/\/www.radiopiu.net\/wordpress\/wp-json\/wp\/v2\/posts\/265090\/revisions"}],"wp:featuredmedia":[{"embeddable":true,"href":"https:\/\/www.radiopiu.net\/wordpress\/wp-json\/wp\/v2\/media\/265089"}],"wp:attachment":[{"href":"https:\/\/www.radiopiu.net\/wordpress\/wp-json\/wp\/v2\/media?parent=265090"}],"wp:term":[{"taxonomy":"category","embeddable":true,"href":"https:\/\/www.radiopiu.net\/wordpress\/wp-json\/wp\/v2\/categories?post=265090"},{"taxonomy":"post_tag","embeddable":true,"href":"https:\/\/www.radiopiu.net\/wordpress\/wp-json\/wp\/v2\/tags?post=265090"}],"curies":[{"name":"wp","href":"https:\/\/api.w.org\/{rel}","templated":true}]}}