{"id":265142,"date":"2022-03-17T05:55:38","date_gmt":"2022-03-17T04:55:38","guid":{"rendered":"https:\/\/www.radiopiu.net\/wordpress\/?p=265142"},"modified":"2022-03-17T06:10:31","modified_gmt":"2022-03-17T05:10:31","slug":"aumentano-i-volumi-produttivi-per-luxottica-la-femca-cisl-fa-il-punto","status":"publish","type":"post","link":"https:\/\/www.radiopiu.net\/wordpress\/aumentano-i-volumi-produttivi-per-luxottica-la-femca-cisl-fa-il-punto\/","title":{"rendered":"AUMENTANO I VOLUMI PRODUTTIVI PER LUXOTTICA. LA FEMCA CISL FA IL PUNTO"},"content":{"rendered":"<p><strong><a class=\"dt-pswp-item\" href=\"https:\/\/www.radiopiu.net\/wordpress\/wp-content\/uploads\/2020\/04\/FEMCA-CISL.png\" data-dt-img-description=\"\" data-large_image_width=\"225\" data-large_image_height=\"225\"><img loading=\"lazy\" decoding=\"async\" class=\"size-full wp-image-127312 alignleft\" src=\"https:\/\/www.radiopiu.net\/wordpress\/wp-content\/uploads\/2020\/04\/FEMCA-CISL.png\" alt=\"\" width=\"225\" height=\"225\" srcset=\"https:\/\/www.radiopiu.net\/wordpress\/wp-content\/uploads\/2020\/04\/FEMCA-CISL.png 225w, https:\/\/www.radiopiu.net\/wordpress\/wp-content\/uploads\/2020\/04\/FEMCA-CISL-150x150.png 150w\" sizes=\"auto, (max-width: 225px) 100vw, 225px\" \/><\/a>AGORDO<\/strong> Nelle ultime settimane la RSU di Luxottica si \u00e8 incontrata con la direzione per discutere delle problematiche organizzative e produttive caratterizzate dalla crescita dei volumi. \u00c8 stato <em>a<\/em>rgomentato la serie di variabili che non permettono di avere, in questo momento, certezza sull\u2019assestamento dei reparti produttivi, ad esempio: qualit\u00e0 dei prodotti e sviluppo del lusso, incertezza dovuta all\u2019evoluzione dell\u2019epidemia da Covid, potenzialit\u00e0 di ulteriore crescita per effetto dell\u2019acquisizione di GrandVision, ulteriori investimenti in tecnologia avanzata, nuove modalit\u00e0 di presentazione delle collezioni. &#8220;<em>\u00c8 necessario ricordare che, proprio nei giorni in cui si sono svolti gli incontri, il mondo \u00e8 precipitato in una condizione di guerra scaricando sulle imprese e sui lavoratori gli aumenti dei costi delle materie prime, dell\u2019energia \u2013 e la sua insufficienza -, oltre che dell\u2019inflazione; tutti fattori, questi, che aggiungono complessit\u00e0 alla situazione &#8211; dicono dalla FEMCA CISL &#8211; <\/em><em>In questo contesto, grande \u00e8 lo sforzo che \u00e8 stato richiesto ai lavoratori con il ricorso a straordinario e flessibilit\u00e0. <\/em><em>Questa situazione va valutata tenendo conto delle prospettive complessive dell\u2019Azienda, del suo essere impresa internazionalizzata con siti produttivi collocati in Paesi a basso costo, della necessit\u00e0 di gestire sempre meglio e sempre pi\u00f9 velocemente i processi produttivi al fine di mantenere i livelli di competitivit\u00e0 e migliorare la produttivit\u00e0 per garantire il mantenimento delle produzioni in Italia. <\/em><em>I delegati della\u00a0FEMCA CISL hanno valutato in modo approfondito le informazioni fornite dall\u2019Azienda e ritengono positivo il suo continuo processo di innovazione e di crescita.\u00a0<\/em><em>Nel contempo, hanno ricordato il contributo in termini di disponibilit\u00e0 fornito dai lavoratori sottolineando come debba essere necessario\u00a0garantire sia migliori condizioni di lavoro che una pi\u00f9 fluida linearit\u00e0 del ciclo produttivo; e per trovare risposte ai problemi che sono emersi, e a quelli che continueranno a presentarsi \u2013 vista la velocit\u00e0 del cambiamento \u2013 chiedono che, a breve, si affrontino i temi dell\u2019organizzazione del lavoro, della crescita delle competenze professionali, della conciliazione, dell\u2019orario e della qualit\u00e0 dei rapporti di lavoro&#8221;<strong>.\u00a0<\/strong><\/em><\/p>\n<p>&nbsp;<\/p>\n<p>&nbsp;<\/p>\n<p>*****<\/p>\n","protected":false},"excerpt":{"rendered":"<p>AGORDO Nelle ultime settimane la RSU di Luxottica si \u00e8 incontrata con la direzione per discutere delle problematiche organizzative e produttive caratterizzate dalla crescita dei volumi. \u00c8 stato argomentato la serie di variabili che non permettono di avere, in questo momento, certezza sull\u2019assestamento dei reparti produttivi, ad esempio: qualit\u00e0 dei prodotti e sviluppo del lusso,&hellip;<\/p>\n","protected":false},"author":4,"featured_media":127312,"comment_status":"closed","ping_status":"closed","sticky":false,"template":"","format":"standard","meta":{"_monsterinsights_skip_tracking":false,"_monsterinsights_sitenote_active":false,"_monsterinsights_sitenote_note":"","_monsterinsights_sitenote_category":0,"footnotes":""},"categories":[51,49],"tags":[],"class_list":["post-265142","post","type-post","status-publish","format-standard","has-post-thumbnail","hentry","category-evidenza-top","category-news-18","category-51","category-49","description-off"],"img_url":"https:\/\/www.radiopiu.net\/wordpress\/wp-content\/uploads\/2020\/04\/FEMCA-CISL.png","_links":{"self":[{"href":"https:\/\/www.radiopiu.net\/wordpress\/wp-json\/wp\/v2\/posts\/265142","targetHints":{"allow":["GET"]}}],"collection":[{"href":"https:\/\/www.radiopiu.net\/wordpress\/wp-json\/wp\/v2\/posts"}],"about":[{"href":"https:\/\/www.radiopiu.net\/wordpress\/wp-json\/wp\/v2\/types\/post"}],"author":[{"embeddable":true,"href":"https:\/\/www.radiopiu.net\/wordpress\/wp-json\/wp\/v2\/users\/4"}],"replies":[{"embeddable":true,"href":"https:\/\/www.radiopiu.net\/wordpress\/wp-json\/wp\/v2\/comments?post=265142"}],"version-history":[{"count":0,"href":"https:\/\/www.radiopiu.net\/wordpress\/wp-json\/wp\/v2\/posts\/265142\/revisions"}],"wp:featuredmedia":[{"embeddable":true,"href":"https:\/\/www.radiopiu.net\/wordpress\/wp-json\/wp\/v2\/media\/127312"}],"wp:attachment":[{"href":"https:\/\/www.radiopiu.net\/wordpress\/wp-json\/wp\/v2\/media?parent=265142"}],"wp:term":[{"taxonomy":"category","embeddable":true,"href":"https:\/\/www.radiopiu.net\/wordpress\/wp-json\/wp\/v2\/categories?post=265142"},{"taxonomy":"post_tag","embeddable":true,"href":"https:\/\/www.radiopiu.net\/wordpress\/wp-json\/wp\/v2\/tags?post=265142"}],"curies":[{"name":"wp","href":"https:\/\/api.w.org\/{rel}","templated":true}]}}