{"id":265147,"date":"2022-03-18T05:56:26","date_gmt":"2022-03-18T04:56:26","guid":{"rendered":"https:\/\/www.radiopiu.net\/wordpress\/?p=265147"},"modified":"2022-03-18T06:11:08","modified_gmt":"2022-03-18T05:11:08","slug":"oggifunerali","status":"publish","type":"post","link":"https:\/\/www.radiopiu.net\/wordpress\/oggifunerali\/","title":{"rendered":"OGGI A CENCENIGHE I FUNERALI DI RIZIERI ONGARO"},"content":{"rendered":"<blockquote>\n<h2 class=\"entry-title\"><a class=\"dt-pswp-item pspw-wrap-ready\" href=\"https:\/\/www.radiopiu.net\/wordpress\/wp-content\/uploads\/2022\/03\/75531e98-cc21-4d80-8b0f-4f36bf67fa4b-1.jpg\" data-dt-img-description=\"\" data-large_image_width=\"510\" data-large_image_height=\"654\"><img loading=\"lazy\" decoding=\"async\" class=\" wp-image-265149 alignleft\" src=\"https:\/\/www.radiopiu.net\/wordpress\/wp-content\/uploads\/2022\/03\/75531e98-cc21-4d80-8b0f-4f36bf67fa4b-1-234x300.jpg\" sizes=\"auto, (max-width: 234px) 100vw, 234px\" srcset=\"https:\/\/www.radiopiu.net\/wordpress\/wp-content\/uploads\/2022\/03\/75531e98-cc21-4d80-8b0f-4f36bf67fa4b-1-234x300.jpg 234w, https:\/\/www.radiopiu.net\/wordpress\/wp-content\/uploads\/2022\/03\/75531e98-cc21-4d80-8b0f-4f36bf67fa4b-1.jpg 510w\" alt=\"\" width=\"137\" height=\"176\" \/><\/a><\/h2>\n<\/blockquote>\n<p><strong>CENCENIGHE<\/strong> Rizieri Ongaro torner\u00e0 nella sua Cencenighe e nella chiesa dove \u00e8 cresciuto oggi alle 13, sar\u00e0 accolto da una comunit\u00e0, una vallata, una provincia che si stringer\u00e0 attorno alla moglie Luciana Ganz, alla figlia Serena con Andrea, i nipoti e la sorella Speranza. Alle 14.30 saranno celebrati i funerali.<\/p>\n<p>DI GIANNI SANTOMASO<\/p>\n<audio class=\"wp-audio-shortcode\" id=\"audio-265147-1\" preload=\"none\" style=\"width: 100%;\" controls=\"controls\"><source type=\"audio\/mpeg\" src=\"https:\/\/www.radiopiu.net\/wordpress\/wp-content\/uploads\/2022\/03\/GIANNI-TIZ.mp3?_=1\" \/><a href=\"https:\/\/www.radiopiu.net\/wordpress\/wp-content\/uploads\/2022\/03\/GIANNI-TIZ.mp3\">https:\/\/www.radiopiu.net\/wordpress\/wp-content\/uploads\/2022\/03\/GIANNI-TIZ.mp3<\/a><\/audio>\n<p>&nbsp;<\/p>\n<p>ONORANZE FUNEBRI CASSOL <a href=\"https:\/\/www.onoranzefunebricassol.it\/necrologi\/ongaro-rizieri\/\">CLICCA QUI<\/a><\/p>\n<p>&nbsp;<\/p>\n<p>***<\/p>\n<p>&nbsp;<\/p>\n<p>&nbsp;<\/p>\n","protected":false},"excerpt":{"rendered":"<p>CENCENIGHE Rizieri Ongaro torner\u00e0 nella sua Cencenighe e nella chiesa dove \u00e8 cresciuto oggi alle 13, sar\u00e0 accolto da una comunit\u00e0, una vallata, una provincia che si stringer\u00e0 attorno alla moglie Luciana Ganz, alla figlia Serena con Andrea, i nipoti e la sorella Speranza. Alle 14.30 saranno celebrati i funerali. DI GIANNI SANTOMASO &nbsp; ONORANZE&hellip;<\/p>\n","protected":false},"author":4,"featured_media":265148,"comment_status":"closed","ping_status":"closed","sticky":false,"template":"","format":"standard","meta":{"_monsterinsights_skip_tracking":false,"_monsterinsights_sitenote_active":false,"_monsterinsights_sitenote_note":"","_monsterinsights_sitenote_category":0,"footnotes":""},"categories":[51,49],"tags":[],"class_list":["post-265147","post","type-post","status-publish","format-standard","has-post-thumbnail","hentry","category-evidenza-top","category-news-18","category-51","category-49","description-off"],"img_url":"https:\/\/www.radiopiu.net\/wordpress\/wp-content\/uploads\/2022\/03\/75531e98-cc21-4d80-8b0f-4f36bf67fa4b.jpg","_links":{"self":[{"href":"https:\/\/www.radiopiu.net\/wordpress\/wp-json\/wp\/v2\/posts\/265147","targetHints":{"allow":["GET"]}}],"collection":[{"href":"https:\/\/www.radiopiu.net\/wordpress\/wp-json\/wp\/v2\/posts"}],"about":[{"href":"https:\/\/www.radiopiu.net\/wordpress\/wp-json\/wp\/v2\/types\/post"}],"author":[{"embeddable":true,"href":"https:\/\/www.radiopiu.net\/wordpress\/wp-json\/wp\/v2\/users\/4"}],"replies":[{"embeddable":true,"href":"https:\/\/www.radiopiu.net\/wordpress\/wp-json\/wp\/v2\/comments?post=265147"}],"version-history":[{"count":0,"href":"https:\/\/www.radiopiu.net\/wordpress\/wp-json\/wp\/v2\/posts\/265147\/revisions"}],"wp:featuredmedia":[{"embeddable":true,"href":"https:\/\/www.radiopiu.net\/wordpress\/wp-json\/wp\/v2\/media\/265148"}],"wp:attachment":[{"href":"https:\/\/www.radiopiu.net\/wordpress\/wp-json\/wp\/v2\/media?parent=265147"}],"wp:term":[{"taxonomy":"category","embeddable":true,"href":"https:\/\/www.radiopiu.net\/wordpress\/wp-json\/wp\/v2\/categories?post=265147"},{"taxonomy":"post_tag","embeddable":true,"href":"https:\/\/www.radiopiu.net\/wordpress\/wp-json\/wp\/v2\/tags?post=265147"}],"curies":[{"name":"wp","href":"https:\/\/api.w.org\/{rel}","templated":true}]}}