{"id":265206,"date":"2022-03-16T23:59:59","date_gmt":"2022-03-16T22:59:59","guid":{"rendered":"https:\/\/www.radiopiu.net\/wordpress\/?p=265206"},"modified":"2022-03-16T17:27:47","modified_gmt":"2022-03-16T16:27:47","slug":"ministeri-ecclesiali-ricchezza-della-comunita","status":"publish","type":"post","link":"https:\/\/www.radiopiu.net\/wordpress\/ministeri-ecclesiali-ricchezza-della-comunita\/","title":{"rendered":"MINISTERI ECCLESIALI RICCHEZZA DELLA COMUNIT\u00c0"},"content":{"rendered":"<p><strong>di RENATO BONA<\/strong><\/p>\n<p>Intanto si conclude il percorso di Formazione all\u2019impegno sociale e politico proposto con la diocesi di Padova Un servizio del parroco di Borgo Piave, don Giuliano Follin, postato sul sito diocesano \u201cchiesabellunofeltre\u201d annuncia che viene avviata nella Diocesi l\u2019esperienza ecclesiale proposta dall\u2019Ufficio diocesano per la liturgia, diretto da don Alex Vascellari, col coinvolgimento delle persone che \u201call\u2019interno della celebrazione svolgono un servizio, un ministero\u201d. Con un manifesto posto nelle bacheche delle chiese e nelle strutture parrocchiali si annuncia infatti una serie di incontri diocesani sotto il titolo: \u201cLiturgia una sinfonia di ministeri. Incontri con gli operatori della liturgia per conoscersi, ascoltarsi, confrontarsi\u201d. Per don Follin \u201cPu\u00f2 essere utile richiamare il significato del termine \u2018ministero\u2019 e le tipologie che attualmente sono presenti nella comunit\u00e0 cristiana che poi celebra, nel rito liturgico, la sua fede pasquale\u201d. E quindi spiega che il termine \u201cministero\u201d, che significa servizio, esprime l\u2019identit\u00e0 di chi agisce all\u2019interno della comunit\u00e0 cristiana con particolari compiti per il bene della stessa. E prosegue: \u201cOggi il termine ministero \u00e8 attribuito ai ministeri \u2018ordinati\u2019, a quelli \u2018istituiti\u2019, ai ministeri laicali \u201cesercitati\u2019\u2019, e di seguito propone alcune puntualizzazioni per ciascuno dei gruppi richiamati. Ministeri ordinati: sono quelli cui sono chiamati quanti ricevono il sacramento dell\u2019ordine sacro, che \u201ccomporta per le persone che ricevono una particolare configurazione a Cristo: episcopato, presbiterato, diaconato (quest\u2019ultimo a volte con l\u2019indicazione temporale \u201cpermanente\u201d. Ministeri istituiti: li esercitano come accolito o lettore quanti, con rito particolare presieduto dal Vescovo, devono esercitare un servizio all\u2019interno della comunit\u00e0 cristiana rispettivamente per il servizio all\u2019altare, e in riferimento alla proclamazione della Parola, Vangelo escluso. Possono comprendere anche i \u201cministri straordinari della comunione\u201d. Follin precisa quindi che ultimamente, 10 maggio 2021, \u00e8 stato istituito il ministero laicale del catechista. Infine: ministeri laicali esercitati con alcune persone incaricate di attuare attivit\u00e0 per un corretto e dignitoso svolgimento del rito: sagrestani, lettori, ministranti dell\u2019altare, vale a dire i chierichetti, organisti, direttori di coro e coristi, incaricati dell\u2019addobbo floreale, responsabili dell\u2019accoglienza dei fedeli. Il tutto, conclude don Giuliano Follin, \u201c\u00e8 una grande ricchezza della comunit\u00e0 cristiana. Il valorizzarla garantisce la vitalit\u00e0 delle comunit\u00e0 cristiane, anche la pi\u00f9 piccola. Nello stesso tempo \u00e8 richiesto di conservare questa presenza ministeriale, specie laicale, in particolare con nuove chiamate e quindi con il necessario ricambio generazionale\u201d. Nello stesso sito della Diocesi di Belluno-Feltre c\u2019\u00e8 pure l\u2019annuncio che sabato 19 marzo, a partire dalle 15,30, nell\u2019aula magna del Seminario Gregoriano bellunese, presente il vescovo monsignor Renato Marangoni, ci sar\u00e0 l\u2019incontro online a conclusione del percorso di Formazione all\u2019impegno sociale e politico che anche quest\u2019anno \u00e8 stato proposto dalle Diocesi di Padova e Belluno-Feltre. Si tratta \u2013 viene precisato \u2013 di un momento importante nel quale sar\u00e0 fatta la sintesi del lavoro svolto e si potranno raccogliere, con gli altri gruppi di lavoro, le proposte progettuali sorte dal lavoro comune. Relatore ufficiale, in collegamento Web con la sede padovana di Fisp, sar\u00e0 il noto economista prof. Luigino Bruni (con una vocazione umanista, che si \u00e8 sempre occupato di storia, etica, filosofia, ed \u00e8 fra l\u2019altro coordinatore internazionale del Progetto Economia di Comunione, editorialista del quotidiano Avvenire nonch\u00e9 collaboratore della rivista Citt\u00e0 nuova oltre che conduttore della trasmissione \u201cBenedetta Economia\u201d su TV2000) il quale svilupper\u00e0 il tema: \u201cIl valore del poliedro. Le differenze s\u2019illuminano a vicenda\u201d. Seguir\u00e0 &#8211; presente il Vescovo Marangoni &#8211; la presentazione dei vari progetti proposti. Va infine detto che a quanti intendono partecipare all\u2019evento \u00e8 chiesto di confermare la presenza tramite mail (ud.sociale@chiesabellunofeltre.it) per garantire al meglio l\u2019organizzazione di ogni cosa ed assicurare il rispetto della normativa sanitaria.<\/p>\n\n\t\t\t<style type='text\/css'>\n\t\t\t\t#gallery-1 {\n\t\t\t\t\tmargin: auto;\n\t\t\t\t}\n\t\t\t\t#gallery-1 .gallery-item {\n\t\t\t\t\tfloat: left;\n\t\t\t\t\tmargin-top: 10px;\n\t\t\t\t\ttext-align: center;\n\t\t\t\t\twidth: 33%;\n\t\t\t\t}\n\t\t\t\t#gallery-1 img {\n\t\t\t\t\tborder: 2px solid #cfcfcf;\n\t\t\t\t}\n\t\t\t\t#gallery-1 .gallery-caption {\n\t\t\t\t\tmargin-left: 0;\n\t\t\t\t}\n\t\t\t\t\/* see gallery_shortcode() in wp-includes\/media.php *\/\n\t\t\t<\/style>\n\t\t<div id='gallery-1' class='dt-gallery-container gallery galleryid-265206 gallery-columns-3 gallery-size-thumbnail'><dl class='gallery-item'>\n\t\t\t\t<dt class='gallery-icon landscape'>\n\t\t\t\t\t<a class=\"rollover rollover-zoom dt-pswp-item\" title=\"275561087_512827020212385_4133609483255418031_n\" data-dt-img-description=\"\" data-large_image_width=\"277\" data-large_image_height=\"206\"href='https:\/\/www.radiopiu.net\/wordpress\/wp-content\/uploads\/2022\/03\/275561087_512827020212385_4133609483255418031_n.png'><img loading=\"lazy\" decoding=\"async\" width=\"150\" height=\"150\" src=\"https:\/\/www.radiopiu.net\/wordpress\/wp-content\/uploads\/2022\/03\/275561087_512827020212385_4133609483255418031_n-150x150.png\" class=\"attachment-thumbnail size-thumbnail\" alt=\"\" \/><\/a>\n\t\t\t\t<\/dt><\/dl><dl class='gallery-item'>\n\t\t\t\t<dt class='gallery-icon portrait'>\n\t\t\t\t\t<a class=\"rollover rollover-zoom dt-pswp-item\" title=\"275419390_1420526265065492_5307562229761421716_n\" data-dt-img-description=\"\" data-large_image_width=\"180\" data-large_image_height=\"204\"href='https:\/\/www.radiopiu.net\/wordpress\/wp-content\/uploads\/2022\/03\/275419390_1420526265065492_5307562229761421716_n.png'><img loading=\"lazy\" decoding=\"async\" width=\"150\" height=\"150\" src=\"https:\/\/www.radiopiu.net\/wordpress\/wp-content\/uploads\/2022\/03\/275419390_1420526265065492_5307562229761421716_n-150x150.png\" class=\"attachment-thumbnail size-thumbnail\" alt=\"\" \/><\/a>\n\t\t\t\t<\/dt><\/dl><dl class='gallery-item'>\n\t\t\t\t<dt class='gallery-icon portrait'>\n\t\t\t\t\t<a class=\"rollover rollover-zoom dt-pswp-item\" title=\"275279166_368369335155836_508872132448103710_n\" data-dt-img-description=\"\" data-large_image_width=\"204\" data-large_image_height=\"206\"href='https:\/\/www.radiopiu.net\/wordpress\/wp-content\/uploads\/2022\/03\/275279166_368369335155836_508872132448103710_n.png'><img loading=\"lazy\" decoding=\"async\" width=\"150\" height=\"150\" src=\"https:\/\/www.radiopiu.net\/wordpress\/wp-content\/uploads\/2022\/03\/275279166_368369335155836_508872132448103710_n-150x150.png\" class=\"attachment-thumbnail size-thumbnail\" alt=\"\" srcset=\"https:\/\/www.radiopiu.net\/wordpress\/wp-content\/uploads\/2022\/03\/275279166_368369335155836_508872132448103710_n-150x150.png 150w, https:\/\/www.radiopiu.net\/wordpress\/wp-content\/uploads\/2022\/03\/275279166_368369335155836_508872132448103710_n.png 204w\" sizes=\"auto, (max-width: 150px) 100vw, 150px\" \/><\/a>\n\t\t\t\t<\/dt><\/dl><br style=\"clear: both\" \/><dl class='gallery-item'>\n\t\t\t\t<dt class='gallery-icon landscape'>\n\t\t\t\t\t<a class=\"rollover rollover-zoom dt-pswp-item\" title=\"275301054_504611647958768_1793564749358274728_n\" data-dt-img-description=\"\" data-large_image_width=\"276\" data-large_image_height=\"183\"href='https:\/\/www.radiopiu.net\/wordpress\/wp-content\/uploads\/2022\/03\/275301054_504611647958768_1793564749358274728_n.jpg'><img loading=\"lazy\" decoding=\"async\" width=\"150\" height=\"150\" src=\"https:\/\/www.radiopiu.net\/wordpress\/wp-content\/uploads\/2022\/03\/275301054_504611647958768_1793564749358274728_n-150x150.jpg\" class=\"attachment-thumbnail size-thumbnail\" alt=\"\" \/><\/a>\n\t\t\t\t<\/dt><\/dl><dl class='gallery-item'>\n\t\t\t\t<dt class='gallery-icon landscape'>\n\t\t\t\t\t<a class=\"rollover rollover-zoom dt-pswp-item\" title=\"275574752_662918954986007_3847491663753711273_n\" data-dt-img-description=\"\" data-large_image_width=\"206\" data-large_image_height=\"206\"href='https:\/\/www.radiopiu.net\/wordpress\/wp-content\/uploads\/2022\/03\/275574752_662918954986007_3847491663753711273_n.jpg'><img loading=\"lazy\" decoding=\"async\" width=\"150\" height=\"150\" src=\"https:\/\/www.radiopiu.net\/wordpress\/wp-content\/uploads\/2022\/03\/275574752_662918954986007_3847491663753711273_n-150x150.jpg\" class=\"attachment-thumbnail size-thumbnail\" alt=\"\" srcset=\"https:\/\/www.radiopiu.net\/wordpress\/wp-content\/uploads\/2022\/03\/275574752_662918954986007_3847491663753711273_n-150x150.jpg 150w, https:\/\/www.radiopiu.net\/wordpress\/wp-content\/uploads\/2022\/03\/275574752_662918954986007_3847491663753711273_n.jpg 206w\" sizes=\"auto, (max-width: 150px) 100vw, 150px\" \/><\/a>\n\t\t\t\t<\/dt><\/dl><dl class='gallery-item'>\n\t\t\t\t<dt class='gallery-icon portrait'>\n\t\t\t\t\t<a class=\"rollover rollover-zoom dt-pswp-item\" title=\"275114040_564664917869845_6286281031253153797_n\" data-dt-img-description=\"\" data-large_image_width=\"107\" data-large_image_height=\"140\"href='https:\/\/www.radiopiu.net\/wordpress\/wp-content\/uploads\/2022\/03\/275114040_564664917869845_6286281031253153797_n.jpg'><img loading=\"lazy\" decoding=\"async\" width=\"107\" height=\"140\" src=\"https:\/\/www.radiopiu.net\/wordpress\/wp-content\/uploads\/2022\/03\/275114040_564664917869845_6286281031253153797_n.jpg\" class=\"attachment-thumbnail size-thumbnail\" alt=\"\" \/><\/a>\n\t\t\t\t<\/dt><\/dl><br style=\"clear: both\" \/>\n\t\t\t<\/div>\n\n<p>&nbsp;<\/p>\n<p>NELLE FOTO (dai siti chiesabellunofeltre e wikipedia): una cerimonia religiosa in Piazza dei Martiri a Belluno, davanti alla chiesa di San Rocco; il parroco di Borgo Piave, don Giuliano Follin; l\u2019annuncio dell\u2019incontro conclusivo del percorso di formazione all\u2019impegno sociale e politico; il Seminario Gregoriano bellunese; il prof. Luigino Bruni; il vescovo di Belluno-Feltre monsignor Renato Marangoni.<\/p>\n","protected":false},"excerpt":{"rendered":"<p>di RENATO BONA Intanto si conclude il percorso di Formazione all\u2019impegno sociale e politico proposto con la diocesi di Padova Un servizio del parroco di Borgo Piave, don Giuliano Follin, postato sul sito diocesano \u201cchiesabellunofeltre\u201d annuncia che viene avviata nella Diocesi l\u2019esperienza ecclesiale proposta dall\u2019Ufficio diocesano per la liturgia, diretto da don Alex Vascellari, col&hellip;<\/p>\n","protected":false},"author":4,"featured_media":265207,"comment_status":"closed","ping_status":"closed","sticky":false,"template":"","format":"standard","meta":{"_monsterinsights_skip_tracking":false,"_monsterinsights_sitenote_active":false,"_monsterinsights_sitenote_note":"","_monsterinsights_sitenote_category":0,"footnotes":""},"categories":[49],"tags":[],"class_list":["post-265206","post","type-post","status-publish","format-standard","has-post-thumbnail","hentry","category-news-18","category-49","description-off"],"img_url":"https:\/\/www.radiopiu.net\/wordpress\/wp-content\/uploads\/2022\/03\/275561087_512827020212385_4133609483255418031_n.png","_links":{"self":[{"href":"https:\/\/www.radiopiu.net\/wordpress\/wp-json\/wp\/v2\/posts\/265206","targetHints":{"allow":["GET"]}}],"collection":[{"href":"https:\/\/www.radiopiu.net\/wordpress\/wp-json\/wp\/v2\/posts"}],"about":[{"href":"https:\/\/www.radiopiu.net\/wordpress\/wp-json\/wp\/v2\/types\/post"}],"author":[{"embeddable":true,"href":"https:\/\/www.radiopiu.net\/wordpress\/wp-json\/wp\/v2\/users\/4"}],"replies":[{"embeddable":true,"href":"https:\/\/www.radiopiu.net\/wordpress\/wp-json\/wp\/v2\/comments?post=265206"}],"version-history":[{"count":0,"href":"https:\/\/www.radiopiu.net\/wordpress\/wp-json\/wp\/v2\/posts\/265206\/revisions"}],"wp:featuredmedia":[{"embeddable":true,"href":"https:\/\/www.radiopiu.net\/wordpress\/wp-json\/wp\/v2\/media\/265207"}],"wp:attachment":[{"href":"https:\/\/www.radiopiu.net\/wordpress\/wp-json\/wp\/v2\/media?parent=265206"}],"wp:term":[{"taxonomy":"category","embeddable":true,"href":"https:\/\/www.radiopiu.net\/wordpress\/wp-json\/wp\/v2\/categories?post=265206"},{"taxonomy":"post_tag","embeddable":true,"href":"https:\/\/www.radiopiu.net\/wordpress\/wp-json\/wp\/v2\/tags?post=265206"}],"curies":[{"name":"wp","href":"https:\/\/api.w.org\/{rel}","templated":true}]}}