{"id":265229,"date":"2022-03-18T06:00:27","date_gmt":"2022-03-18T05:00:27","guid":{"rendered":"https:\/\/www.radiopiu.net\/wordpress\/?p=265229"},"modified":"2022-03-18T10:02:55","modified_gmt":"2022-03-18T09:02:55","slug":"giornale-radiopiu-18-marzo-2022-direttore-mirko-mezzacasa","status":"publish","type":"post","link":"https:\/\/www.radiopiu.net\/wordpress\/giornale-radiopiu-18-marzo-2022-direttore-mirko-mezzacasa\/","title":{"rendered":"GIORNALE RADIOPIU 18 MARZO 2022 DIRETTORE MIRKO MEZZACASA"},"content":{"rendered":"<h3 class=\"kvgmc6g5 cxmmr5t8 oygrvhab hcukyx3x c1et5uql\"><span style=\"color: #0000ff;\"><strong>INFORMAZIONE il canale su TELEGRAM informazione di prima\u00a0 <\/strong><\/span><span style=\"color: #0000ff;\"><strong>mano e in tempo reale. iscriviti ed aiutaci a farlo conoscere<\/strong><\/span><\/h3>\n<p><span dir=\"ltr\" role=\"presentation\"><strong>LONGARONE<\/strong> La regionale 251 tra le\u00a0 localit\u00e0 di Igne e Soffranco (Longarone) \u00e8 stata <a class=\"dt-pswp-item\" href=\"https:\/\/www.radiopiu.net\/wordpress\/wp-content\/uploads\/2021\/03\/BOTTACIN.png\" data-dt-img-description=\"\" data-large_image_width=\"1542\" data-large_image_height=\"1044\"><img loading=\"lazy\" decoding=\"async\" class=\"wp-image-196477 alignleft\" src=\"https:\/\/www.radiopiu.net\/wordpress\/wp-content\/uploads\/2021\/03\/BOTTACIN-300x203.png\" alt=\"\" width=\"146\" height=\"99\" srcset=\"https:\/\/www.radiopiu.net\/wordpress\/wp-content\/uploads\/2021\/03\/BOTTACIN-300x203.png 300w, https:\/\/www.radiopiu.net\/wordpress\/wp-content\/uploads\/2021\/03\/BOTTACIN-1024x693.png 1024w, https:\/\/www.radiopiu.net\/wordpress\/wp-content\/uploads\/2021\/03\/BOTTACIN-768x520.png 768w, https:\/\/www.radiopiu.net\/wordpress\/wp-content\/uploads\/2021\/03\/BOTTACIN-1536x1040.png 1536w, https:\/\/www.radiopiu.net\/wordpress\/wp-content\/uploads\/2021\/03\/BOTTACIN.png 1542w\" sizes=\"auto, (max-width: 146px) 100vw, 146px\" \/><\/a>riaperta <\/span><span dir=\"ltr\" role=\"presentation\">alle 18 di ieri sera\u00a0 a senso unico alternato<\/span><span dir=\"ltr\" role=\"presentation\">\u00a0<\/span><span dir=\"ltr\" role=\"presentation\">regolato da impianto semaforico;<\/span><\/p>\n<p><strong>IL PUNTO CON L&#8217;ASSESSORE REGIONALE GIANPAOLO BOTTACIN (gr di ieri alle 18.00)<\/strong><\/p>\n<audio class=\"wp-audio-shortcode\" id=\"audio-265229-1\" preload=\"none\" style=\"width: 100%;\" controls=\"controls\"><source type=\"audio\/mpeg\" src=\"https:\/\/www.radiopiu.net\/wordpress\/wp-content\/uploads\/2022\/03\/BPADIN.mp3?_=1\" \/><a href=\"https:\/\/www.radiopiu.net\/wordpress\/wp-content\/uploads\/2022\/03\/BPADIN.mp3\">https:\/\/www.radiopiu.net\/wordpress\/wp-content\/uploads\/2022\/03\/BPADIN.mp3<\/a><\/audio>\n<p><strong>CANADAIR IN AZIONE\u00a0 VIDEO\u00a0<\/strong><\/p>\n<div style=\"width: 640px;\" class=\"wp-video\"><video class=\"wp-video-shortcode\" id=\"video-265229-1\" width=\"640\" height=\"352\" preload=\"metadata\" controls=\"controls\"><source type=\"video\/mp4\" src=\"https:\/\/www.radiopiu.net\/wordpress\/wp-content\/uploads\/2022\/03\/WhatsApp-Video-2022-03-17-at-15.38.19.mp4?_=1\" \/><a href=\"https:\/\/www.radiopiu.net\/wordpress\/wp-content\/uploads\/2022\/03\/WhatsApp-Video-2022-03-17-at-15.38.19.mp4\">https:\/\/www.radiopiu.net\/wordpress\/wp-content\/uploads\/2022\/03\/WhatsApp-Video-2022-03-17-at-15.38.19.mp4<\/a><\/video><\/div>\n<p>&nbsp;<\/p>\n<hr \/>\n<p>&nbsp;<\/p>\n<blockquote>\n<h3>SASSI SULL&#8217;AGORDINA<\/h3>\n<div class=\"mceTemp\"><strong><a class=\"dt-pswp-item\" href=\"https:\/\/www.radiopiu.net\/wordpress\/wp-content\/uploads\/2020\/11\/17_Agre-e-La-Muda-in-lontananza.jpg\" data-dt-img-description=\"AGRE E LA MUDA\" data-large_image_width=\"1280\" data-large_image_height=\"723\"><img loading=\"lazy\" decoding=\"async\" class=\"wp-image-170158 alignleft\" src=\"https:\/\/www.radiopiu.net\/wordpress\/wp-content\/uploads\/2020\/11\/17_Agre-e-La-Muda-in-lontananza-300x169.jpg\" alt=\"\" width=\"160\" height=\"90\" srcset=\"https:\/\/www.radiopiu.net\/wordpress\/wp-content\/uploads\/2020\/11\/17_Agre-e-La-Muda-in-lontananza-300x169.jpg 300w, https:\/\/www.radiopiu.net\/wordpress\/wp-content\/uploads\/2020\/11\/17_Agre-e-La-Muda-in-lontananza-1024x578.jpg 1024w, https:\/\/www.radiopiu.net\/wordpress\/wp-content\/uploads\/2020\/11\/17_Agre-e-La-Muda-in-lontananza-768x434.jpg 768w, https:\/\/www.radiopiu.net\/wordpress\/wp-content\/uploads\/2020\/11\/17_Agre-e-La-Muda-in-lontananza.jpg 1280w\" sizes=\"auto, (max-width: 160px) 100vw, 160px\" \/><\/a>SEDICO<\/strong> Nella notte i segni del disgelo anche lungo la regionale 203 agordina in prossimit\u00e0 della frazione La Muda. Alle 21.30 la segnalazione sulla chat\u00a0 Telegram Viabilit\u00e0 Provincia di Belluno &#8220;sassi sull&#8217;agordina&#8221;. Immediato l&#8217;intervento dei vigili del fuoco di Agordo intervenuti per la pulizia della sede stradale. Il transito da Belluno per l&#8217;Agordino non \u00e8 mai stato interrotto. Dopo l&#8217;intervento dei pompieri fine dell&#8217;ermegenza.<\/div>\n<\/blockquote>\n<p>&nbsp;<\/p>\n<p>&nbsp;<\/p>\n<hr \/>\n<p>&nbsp;<\/p>\n<h3><span style=\"color: #ff0000;\"><em>Tempus fugit<\/em><\/span><\/h3>\n<h2><a class=\"dt-pswp-item\" href=\"https:\/\/www.radiopiu.net\/wordpress\/wp-content\/uploads\/2022\/03\/14f91cb8-2471-487a-a27c-27aaeca71b63.jpg\" data-dt-img-description=\"\" data-large_image_width=\"220\" data-large_image_height=\"293\"><img loading=\"lazy\" decoding=\"async\" class=\"wp-image-265438 alignleft\" src=\"https:\/\/www.radiopiu.net\/wordpress\/wp-content\/uploads\/2022\/03\/14f91cb8-2471-487a-a27c-27aaeca71b63.jpg\" alt=\"\" width=\"128\" height=\"170\" \/><\/a>I GRAFICI DI TIZIANO DE COL<\/h2>\n<blockquote>\n<h3><em>OGGI: 18 marzo 2020\u00a0 sono 2 anni\u00a0 che pubblichiamo i grafici tutti i giorni &#8230;.\u00a0 \u00abSed fugit interea fugit irreparabile tempus\u00bb &#8230;&#8230;. \u00abMa fugge intanto, fugge irreparabilmente il tempo\u00bb<\/em><\/h3>\n<\/blockquote>\n\n\t\t\t<style type='text\/css'>\n\t\t\t\t#gallery-1 {\n\t\t\t\t\tmargin: auto;\n\t\t\t\t}\n\t\t\t\t#gallery-1 .gallery-item {\n\t\t\t\t\tfloat: left;\n\t\t\t\t\tmargin-top: 10px;\n\t\t\t\t\ttext-align: center;\n\t\t\t\t\twidth: 33%;\n\t\t\t\t}\n\t\t\t\t#gallery-1 img {\n\t\t\t\t\tborder: 2px solid #cfcfcf;\n\t\t\t\t}\n\t\t\t\t#gallery-1 .gallery-caption {\n\t\t\t\t\tmargin-left: 0;\n\t\t\t\t}\n\t\t\t\t\/* see gallery_shortcode() in wp-includes\/media.php *\/\n\t\t\t<\/style>\n\t\t<div id='gallery-1' class='dt-gallery-container gallery galleryid-265229 gallery-columns-3 gallery-size-thumbnail'><dl class='gallery-item'>\n\t\t\t\t<dt class='gallery-icon landscape'>\n\t\t\t\t\t<a class=\"rollover rollover-zoom dt-pswp-item\" title=\"15bb82f7-14b4-48aa-a33d-f4609eb47ca4\" data-dt-img-description=\"\" data-large_image_width=\"599\" data-large_image_height=\"360\"href='https:\/\/www.radiopiu.net\/wordpress\/wp-content\/uploads\/2022\/03\/15bb82f7-14b4-48aa-a33d-f4609eb47ca4.jpg'><img loading=\"lazy\" decoding=\"async\" width=\"150\" height=\"150\" src=\"https:\/\/www.radiopiu.net\/wordpress\/wp-content\/uploads\/2022\/03\/15bb82f7-14b4-48aa-a33d-f4609eb47ca4-150x150.jpg\" class=\"attachment-thumbnail size-thumbnail\" alt=\"\" \/><\/a>\n\t\t\t\t<\/dt><\/dl><dl class='gallery-item'>\n\t\t\t\t<dt class='gallery-icon landscape'>\n\t\t\t\t\t<a class=\"rollover rollover-zoom dt-pswp-item\" title=\"7859113c-af44-4f64-b0cc-97c0d1bb4f2f\" data-dt-img-description=\"\" data-large_image_width=\"614\" data-large_image_height=\"360\"href='https:\/\/www.radiopiu.net\/wordpress\/wp-content\/uploads\/2022\/03\/7859113c-af44-4f64-b0cc-97c0d1bb4f2f.jpg'><img loading=\"lazy\" decoding=\"async\" width=\"150\" height=\"150\" src=\"https:\/\/www.radiopiu.net\/wordpress\/wp-content\/uploads\/2022\/03\/7859113c-af44-4f64-b0cc-97c0d1bb4f2f-150x150.jpg\" class=\"attachment-thumbnail size-thumbnail\" alt=\"\" \/><\/a>\n\t\t\t\t<\/dt><\/dl><dl class='gallery-item'>\n\t\t\t\t<dt class='gallery-icon landscape'>\n\t\t\t\t\t<a class=\"rollover rollover-zoom dt-pswp-item\" title=\"8d139b56-f11e-495b-ad8c-2882369b37cc\" data-dt-img-description=\"\" data-large_image_width=\"606\" data-large_image_height=\"353\"href='https:\/\/www.radiopiu.net\/wordpress\/wp-content\/uploads\/2022\/03\/8d139b56-f11e-495b-ad8c-2882369b37cc.jpg'><img loading=\"lazy\" decoding=\"async\" width=\"150\" height=\"150\" src=\"https:\/\/www.radiopiu.net\/wordpress\/wp-content\/uploads\/2022\/03\/8d139b56-f11e-495b-ad8c-2882369b37cc-150x150.jpg\" class=\"attachment-thumbnail size-thumbnail\" alt=\"\" \/><\/a>\n\t\t\t\t<\/dt><\/dl><br style=\"clear: both\" \/><dl class='gallery-item'>\n\t\t\t\t<dt class='gallery-icon landscape'>\n\t\t\t\t\t<a class=\"rollover rollover-zoom dt-pswp-item\" title=\"e95912c2-108b-432d-8998-2d7883427a67\" data-dt-img-description=\"\" data-large_image_width=\"626\" data-large_image_height=\"365\"href='https:\/\/www.radiopiu.net\/wordpress\/wp-content\/uploads\/2022\/03\/e95912c2-108b-432d-8998-2d7883427a67.jpg'><img loading=\"lazy\" decoding=\"async\" width=\"150\" height=\"150\" src=\"https:\/\/www.radiopiu.net\/wordpress\/wp-content\/uploads\/2022\/03\/e95912c2-108b-432d-8998-2d7883427a67-150x150.jpg\" class=\"attachment-thumbnail size-thumbnail\" alt=\"\" \/><\/a>\n\t\t\t\t<\/dt><\/dl><dl class='gallery-item'>\n\t\t\t\t<dt class='gallery-icon landscape'>\n\t\t\t\t\t<a class=\"rollover rollover-zoom dt-pswp-item\" title=\"00a2d0a0-01d4-4cfc-a699-e9d7d6a31051\" data-dt-img-description=\"\" data-large_image_width=\"638\" data-large_image_height=\"366\"href='https:\/\/www.radiopiu.net\/wordpress\/wp-content\/uploads\/2022\/03\/00a2d0a0-01d4-4cfc-a699-e9d7d6a31051.jpg'><img loading=\"lazy\" decoding=\"async\" width=\"150\" height=\"150\" src=\"https:\/\/www.radiopiu.net\/wordpress\/wp-content\/uploads\/2022\/03\/00a2d0a0-01d4-4cfc-a699-e9d7d6a31051-150x150.jpg\" class=\"attachment-thumbnail size-thumbnail\" alt=\"\" \/><\/a>\n\t\t\t\t<\/dt><\/dl><dl class='gallery-item'>\n\t\t\t\t<dt class='gallery-icon landscape'>\n\t\t\t\t\t<a class=\"rollover rollover-zoom dt-pswp-item\" title=\"4d4bbb09-e9d3-4321-aa1a-6cc921e74fa0\" data-dt-img-description=\"\" data-large_image_width=\"622\" data-large_image_height=\"360\"href='https:\/\/www.radiopiu.net\/wordpress\/wp-content\/uploads\/2022\/03\/4d4bbb09-e9d3-4321-aa1a-6cc921e74fa0.jpg'><img loading=\"lazy\" decoding=\"async\" width=\"150\" height=\"150\" src=\"https:\/\/www.radiopiu.net\/wordpress\/wp-content\/uploads\/2022\/03\/4d4bbb09-e9d3-4321-aa1a-6cc921e74fa0-150x150.jpg\" class=\"attachment-thumbnail size-thumbnail\" alt=\"\" \/><\/a>\n\t\t\t\t<\/dt><\/dl><br style=\"clear: both\" \/>\n\t\t\t<\/div>\n\n<p>&nbsp;<\/p>\n<p>&nbsp;<\/p>\n<hr \/>\n<p>&nbsp;<\/p>\n<p><span style=\"color: #ff0000;\"><strong><a class=\"dt-pswp-item\" href=\"https:\/\/www.radiopiu.net\/wordpress\/wp-content\/uploads\/2018\/07\/PARK-NOF-FILO.jpg\" data-dt-img-description=\"\" data-large_image_width=\"970\" data-large_image_height=\"634\"><img loading=\"lazy\" decoding=\"async\" class=\"wp-image-52828 alignleft\" src=\"https:\/\/www.radiopiu.net\/wordpress\/wp-content\/uploads\/2018\/07\/PARK-NOF-FILO-300x196.jpg\" alt=\"\" width=\"191\" height=\"125\" srcset=\"https:\/\/www.radiopiu.net\/wordpress\/wp-content\/uploads\/2018\/07\/PARK-NOF-FILO-300x196.jpg 300w, https:\/\/www.radiopiu.net\/wordpress\/wp-content\/uploads\/2018\/07\/PARK-NOF-FILO-768x502.jpg 768w, https:\/\/www.radiopiu.net\/wordpress\/wp-content\/uploads\/2018\/07\/PARK-NOF-FILO.jpg 970w\" sizes=\"auto, (max-width: 191px) 100vw, 191px\" \/><\/a>VACCINAZIONI ANTI COVID AD ACCESSO LIBERO<\/strong><\/span><\/p>\n<blockquote>\n<h3>DOMENICA 20 MARZO DALLE 10 ALLE 12, in collaborazione con l&#8217;amministrazione comunale<\/h3>\n<\/blockquote>\n<p><strong>CENCENIGHE\u00a0 <\/strong>I medici di medicina generale propongono una nuova giornata di vaccinazioni per tutti, ad accesso libero. Domenica per due ore al Nof Filo&#8217; di Cencenighe dalle 10 del mattino. Il medico di famiglia sar\u00e0 disponibile e rispondere alle domande e chiarire eventuali dubbi. Accedere alla sala con tessera sanitaria e scheda anamnestica compilata. Informazioni: www.aulss1.veneto.it<\/p>\n<p>&nbsp;<\/p>\n<p>&nbsp;<\/p>\n<hr \/>\n<p>&nbsp;<\/p>\n<blockquote>\n<h3>AIUTI ALL&#8217;UCRAINA<\/h3>\n<\/blockquote>\n<p><strong>AGORDO<\/strong> L&#8217;azienda speciale Agordo Servizi, presso la farmacia comunale di Agordo, promuove una raccolta di farmaci e dispositivi medici in favore della popolazione ucraina colpita dalla guerra. Informazioni allo 0437 62564<\/p>\n<p>&nbsp;<\/p>\n<p><strong class=\"photoswipe-wrapper\">CANALE D\u2019AGORDO<\/strong> campagna di aiuto alla popolazione ucraina anche in Agordino. Nella sala consigliare di Canale D\u2019Agordo\u00a0 TUTTI I GIORNI dalle 9 alle 19,<\/p>\n<p><strong><a class=\"dt-pswp-item\" href=\"https:\/\/www.radiopiu.net\/wordpress\/wp-content\/uploads\/2022\/03\/275724274_1104582896993944_9153074092240644627_n.jpg\" data-dt-img-description=\"\" data-large_image_width=\"526\" data-large_image_height=\"770\"><img loading=\"lazy\" decoding=\"async\" class=\" wp-image-264655 alignleft\" src=\"https:\/\/www.radiopiu.net\/wordpress\/wp-content\/uploads\/2022\/03\/275724274_1104582896993944_9153074092240644627_n-205x300.jpg\" alt=\"\" width=\"97\" height=\"141\" srcset=\"https:\/\/www.radiopiu.net\/wordpress\/wp-content\/uploads\/2022\/03\/275724274_1104582896993944_9153074092240644627_n-205x300.jpg 205w, https:\/\/www.radiopiu.net\/wordpress\/wp-content\/uploads\/2022\/03\/275724274_1104582896993944_9153074092240644627_n.jpg 526w\" sizes=\"auto, (max-width: 97px) 100vw, 97px\" \/><\/a><\/strong><\/p>\n<p>&nbsp;<\/p>\n<blockquote>\n<h3>UN UOVO DI PASQUA PER L\u2019UCRAINA<\/h3>\n<\/blockquote>\n<p><strong>BELLUNO<\/strong> Quest\u2019anno i Cori della provincia di Belluno capitanati dalla Corale di Limana si sono uniti per dar vita ad un progetto davvero unico e ambizioso, realizzare un uovo di cioccolato al latte da vendere per beneficenza. Sono gi\u00e0 aperte le prenotazioni dell\u2019uovo chiamando o inviando un messaggio Whatsapp al numero 3283847717. Chiusura delle prenotazioni giorno 25 Marzo 2022<\/p>\n<p>&nbsp;<\/p>\n<hr \/>\n<p>&nbsp;<\/p>\n<blockquote>\n<h3>C&#8217;E&#8217; BISOGNO DI VOI, AIUTATECI<\/h3>\n<\/blockquote>\n<p><strong>di Yasmine Vellutini <\/strong><\/p>\n<div class=\"kvgmc6g5 cxmmr5t8 oygrvhab hcukyx3x c1et5uql ii04i59q\">\n<div dir=\"auto\"><a class=\"dt-pswp-item\" href=\"https:\/\/www.radiopiu.net\/wordpress\/wp-content\/uploads\/2022\/03\/274722524_10222511633279057_3064914171221333110_n.jpg\" data-dt-img-description=\"\" data-large_image_width=\"600\" data-large_image_height=\"600\"><img loading=\"lazy\" decoding=\"async\" class=\"wp-image-265354 alignleft\" src=\"https:\/\/www.radiopiu.net\/wordpress\/wp-content\/uploads\/2022\/03\/274722524_10222511633279057_3064914171221333110_n-300x300.jpg\" alt=\"\" width=\"163\" height=\"163\" srcset=\"https:\/\/www.radiopiu.net\/wordpress\/wp-content\/uploads\/2022\/03\/274722524_10222511633279057_3064914171221333110_n-300x300.jpg 300w, https:\/\/www.radiopiu.net\/wordpress\/wp-content\/uploads\/2022\/03\/274722524_10222511633279057_3064914171221333110_n-150x150.jpg 150w, https:\/\/www.radiopiu.net\/wordpress\/wp-content\/uploads\/2022\/03\/274722524_10222511633279057_3064914171221333110_n.jpg 600w\" sizes=\"auto, (max-width: 163px) 100vw, 163px\" \/><\/a>Dopo l&#8217;esperienza vissuta non riusciamo a non pensare ad altro.\u00a0 Non si dorme nemmeno pi\u00f9. Nella mente ritornano le immagini di quelle mamme e dei loro bambini.\u00a0 Quindi si riparte, il primo viaggio ha fatto da missione pioniera, ora sappiamo che cosa serve. Servono donazioni, cibo, farmaci (soprattutto pediatrici) latte in polvere e prodotti per l&#8217; igiene personale. Se volete contribuire 3475618938 chiamatemi e\u00a0 organizzeremo in futuro missioni anche per altri paesi in difficolt\u00e0 come il Benin e la Siria. Abbiamo bisogno di voi.\u00a0 Per le donazioni a distanza: POSTAPAY 5333 1710 7179;\u00a0 PLMMSM54C15G224W; IBAN: VELLUTINI YASMINE;\u00a0 IE03SUMU99036510019411. Se riusciamo a raccogliere nuove donazioni saremo pronti a ripartire il 10 Aprile per una nuova missione.<\/div>\n<\/div>\n<p>&nbsp;<\/p>\n<hr \/>\n<p>&nbsp;<\/p>\n<p>&nbsp;<\/p>\n<blockquote>\n<h3>OGGI A CENCENIGHE I FUNERALI DI RIZIERI ONGARO<\/h3>\n<\/blockquote>\n<blockquote>\n<h2 class=\"entry-title\"><a class=\"dt-pswp-item pspw-wrap-ready\" href=\"https:\/\/www.radiopiu.net\/wordpress\/wp-content\/uploads\/2022\/03\/75531e98-cc21-4d80-8b0f-4f36bf67fa4b-1.jpg\" data-dt-img-description=\"\" data-large_image_width=\"510\" data-large_image_height=\"654\"><img loading=\"lazy\" decoding=\"async\" class=\" wp-image-265149 alignleft\" src=\"https:\/\/www.radiopiu.net\/wordpress\/wp-content\/uploads\/2022\/03\/75531e98-cc21-4d80-8b0f-4f36bf67fa4b-1-234x300.jpg\" sizes=\"auto, (max-width: 234px) 100vw, 234px\" srcset=\"https:\/\/www.radiopiu.net\/wordpress\/wp-content\/uploads\/2022\/03\/75531e98-cc21-4d80-8b0f-4f36bf67fa4b-1-234x300.jpg 234w, https:\/\/www.radiopiu.net\/wordpress\/wp-content\/uploads\/2022\/03\/75531e98-cc21-4d80-8b0f-4f36bf67fa4b-1.jpg 510w\" alt=\"\" width=\"95\" height=\"121\" \/><\/a><\/h2>\n<\/blockquote>\n<p><strong>CENCENIGHE<\/strong> Rizieri Ongaro torner\u00e0 nella sua Cencenighe e nella chiesa dove \u00e8 cresciuto oggi alle 13, sar\u00e0 accolto da una comunit\u00e0, una vallata, una provincia che si stringer\u00e0 attorno alla moglie Luciana Ganz, alla figlia Serena con Andrea, i nipoti e la sorella Speranza. Alle 14.30 saranno celebrati i funerali.<\/p>\n<p>&nbsp;<\/p>\n<p><strong>DI GIANNI SANTOMASO<\/strong><\/p>\n<audio class=\"wp-audio-shortcode\" id=\"audio-265229-2\" preload=\"none\" style=\"width: 100%;\" controls=\"controls\"><source type=\"audio\/mpeg\" src=\"https:\/\/www.radiopiu.net\/wordpress\/wp-content\/uploads\/2022\/03\/GIANNI-TIZ.mp3?_=2\" \/><a href=\"https:\/\/www.radiopiu.net\/wordpress\/wp-content\/uploads\/2022\/03\/GIANNI-TIZ.mp3\">https:\/\/www.radiopiu.net\/wordpress\/wp-content\/uploads\/2022\/03\/GIANNI-TIZ.mp3<\/a><\/audio>\n<p>ONORANZE FUNEBRI CASSOL <a href=\"https:\/\/www.onoranzefunebricassol.it\/necrologi\/ongaro-rizieri\/\">CLICCA QUI<\/a><\/p>\n<p>&nbsp;<\/p>\n<hr \/>\n<p>&nbsp;<\/p>\n<p>&nbsp;<\/p>\n<p><strong><a class=\"dt-pswp-item\" href=\"https:\/\/www.radiopiu.net\/wordpress\/wp-content\/uploads\/2022\/03\/asdasasdas.jpg\" data-dt-img-description=\"\" data-large_image_width=\"249\" data-large_image_height=\"309\"><img loading=\"lazy\" decoding=\"async\" class=\"wp-image-265470 alignleft\" src=\"https:\/\/www.radiopiu.net\/wordpress\/wp-content\/uploads\/2022\/03\/asdasasdas-242x300.jpg\" alt=\"\" width=\"140\" height=\"174\" srcset=\"https:\/\/www.radiopiu.net\/wordpress\/wp-content\/uploads\/2022\/03\/asdasasdas-242x300.jpg 242w, https:\/\/www.radiopiu.net\/wordpress\/wp-content\/uploads\/2022\/03\/asdasasdas.jpg 249w\" sizes=\"auto, (max-width: 140px) 100vw, 140px\" \/><\/a>IL LUTTO\u00a0<\/strong><\/p>\n<p><strong>BELLUNO<\/strong> A Castion \u00e8 mancato Mirco Savaris, 49 anni. Lascia il pap\u00e0, i figli e il fratello. Domani alle 15.30 i funerali nella chiesa arcipretale di Castion, Mirco riposer\u00e0 nel cimitero di Cusighe con la mamma. Oggi dalle 9 alle 12 e dalle 14 alle 17, domani dalle 9 alle 12 si potr\u00e0 fargli visita alla casa funeraria Donadel di via Marisiga.<\/p>\n<p>&nbsp;<\/p>\n<p>&nbsp;<\/p>\n<p>&nbsp;<\/p>\n<hr \/>\n<p>&nbsp;<\/p>\n<blockquote>\n<h3><a class=\"dt-pswp-item\" href=\"https:\/\/www.radiopiu.net\/wordpress\/wp-content\/uploads\/2022\/03\/th-16.jpg\" data-dt-img-description=\"\" data-large_image_width=\"194\" data-large_image_height=\"194\"><img loading=\"lazy\" decoding=\"async\" class=\" wp-image-265482 alignleft\" src=\"https:\/\/www.radiopiu.net\/wordpress\/wp-content\/uploads\/2022\/03\/th-16.jpg\" alt=\"\" width=\"102\" height=\"102\" srcset=\"https:\/\/www.radiopiu.net\/wordpress\/wp-content\/uploads\/2022\/03\/th-16.jpg 194w, https:\/\/www.radiopiu.net\/wordpress\/wp-content\/uploads\/2022\/03\/th-16-150x150.jpg 150w\" sizes=\"auto, (max-width: 102px) 100vw, 102px\" \/><\/a>INCIDENTE SUL LAVORO NEL CANTIERE AL GIARDINETTO<\/h3>\n<\/blockquote>\n<p><strong>SANTA GIUSTINA<\/strong>\u00a0 Un uomo, N.D. di 47 anni, macedone residente a Vittorio Veneto \u00e8 stato colpito dalla benna dell&#8217;escavatore nel cantiere per la sistemazione della ferrovia.\u00a0 E&#8217; caduto indietro per alcuni metri rimanendo\u00a0 cosciente ma, visti i traumi riportati nell&#8217;urto e nella successiva caduta, \u00e8 stato fatto intervenire l&#8217;elicottero del Suem per il trasporto all&#8217;ospedale di Belluno. Le sue condizioni non sono preoccupanti. Sul posto sono intervenuti i carabinieri della compagnia di Feltre e il personale dello Spisal.<\/p>\n<p><strong>foto archivio radiopiu<\/strong><\/p>\n<p>&nbsp;<\/p>\n<hr \/>\n<p>&nbsp;<\/p>\n<p><span style=\"color: #ff0000;\">OGGI SUL CORRIERE DELLE ALPI\u00a0<\/span><\/p>\n<p><strong>di\u00a0 GIGI SOSSO <\/strong><\/p>\n<blockquote>\n<h3>PICCHIATA IN LOCKDOWN E SPINTA AD ABORTIRE<\/h3>\n<\/blockquote>\n<p><strong>\u00a0<\/strong><strong>BELLUNO<\/strong> \u00abCaro, sono incinta\u00bb. La risposta del futuro padre \u00e8 stata fredda come una lapide: \u00abSbarazzatene\u00bb. Un messaggino sul telefono con un ordine, quando si sarebbe aspettata almeno un invito a parlarne insieme.\u00a0 L&#8217;ex compagno \u00e8 stato portato in tribunale per le ipotesi di reato di maltrattamenti in famiglia, lesioni aggravate e violenza privata. \u00c8 sottoposto alla misura del divieto di avvicinamento alla parte offesa e, prima dell&#8217;udienza di ieri, non si sa da quanto i due non si vedessero. Lei si \u00e8 costituita parte civile con gli avvocati Prade e Montino<\/p>\n<p>&nbsp;<\/p>\n<p>&nbsp;<\/p>\n<hr \/>\n<p>&nbsp;<\/p>\n<blockquote>\n<h3>OGGI LO SCIOPERO ALLA DIAB DI LONGARONE<strong>\u00a0<\/strong><\/h3>\n<\/blockquote>\n<p><strong><a class=\"dt-pswp-item\" href=\"https:\/\/www.radiopiu.net\/wordpress\/wp-content\/uploads\/2022\/03\/th-10-1.jpg\" data-dt-img-description=\"\" data-large_image_width=\"316\" data-large_image_height=\"177\"><img loading=\"lazy\" decoding=\"async\" class=\" wp-image-265328 alignleft\" src=\"https:\/\/www.radiopiu.net\/wordpress\/wp-content\/uploads\/2022\/03\/th-10-1-300x168.jpg\" alt=\"\" width=\"186\" height=\"104\" srcset=\"https:\/\/www.radiopiu.net\/wordpress\/wp-content\/uploads\/2022\/03\/th-10-1-300x168.jpg 300w, https:\/\/www.radiopiu.net\/wordpress\/wp-content\/uploads\/2022\/03\/th-10-1.jpg 316w\" sizes=\"auto, (max-width: 186px) 100vw, 186px\" \/><\/a>LONGARONE <\/strong>In seguito all\u2019annuncio da parte della direzione svedese e di stabilimento della Diab di Longarone della chiusura del reparto di produzione dei pannelli in PVC con relativi esuberi pari a 185 lavoratori, comprensivi di 47 dipendenti a tempo determinato, in somministrazione e staff leasing attualmente occupati in stabilimento, su un totale di 250 dipendenti, le segreterie territoriali di Filctem Cgil, Femca Cisl e Uiltec Uil hanno proclamato per oggi uno sciopero di 8 ore, con un\u2019assemblea e presidio di due ore presso i cancelli dello stabilimento, dalle ore 9.30 alle 11.30.<\/p>\n<p>&nbsp;<\/p>\n<hr \/>\n<p>&nbsp;<\/p>\n<blockquote>\n<h4><strong>ACC, UN ALTRO STOP. CRESCE LA DISPERAZIONE DEI LAVORATORI\u00a0<\/strong><\/h4>\n<\/blockquote>\n<div align=\"left\"><span style=\"color: #ff0000;\">MAURO ZUGLIAN_FIM CISL BELLUNO ALLA RADIO<\/span><\/div>\n<div align=\"left\">\n<audio class=\"wp-audio-shortcode\" id=\"audio-265229-3\" preload=\"none\" style=\"width: 100%;\" controls=\"controls\"><source type=\"audio\/mpeg\" src=\"https:\/\/www.radiopiu.net\/wordpress\/wp-content\/uploads\/2022\/03\/ZUGLIAN.mp3?_=3\" \/><a href=\"https:\/\/www.radiopiu.net\/wordpress\/wp-content\/uploads\/2022\/03\/ZUGLIAN.mp3\">https:\/\/www.radiopiu.net\/wordpress\/wp-content\/uploads\/2022\/03\/ZUGLIAN.mp3<\/a><\/audio>\n<\/div>\n<div align=\"left\"><\/div>\n<p><span style=\"color: #000000; font-family: Helvetica;\"><strong><img loading=\"lazy\" decoding=\"async\" class=\"alignleft\" src=\"https:\/\/www.radiopiu.net\/wordpress\/wp-content\/uploads\/2021\/07\/808d5912-a714-45f8-b1f6-ecfe9e03d925.jpg\" width=\"234\" height=\"175\" \/>BORGO VALBELLUNA <\/strong><em>\u201cIl salvataggio di Wanbao-Acc si \u00e8 trasformato nel tempo in una vera e propria corsa ad ostacoli e ad ogni ostacolo bisogna dimostrare di avere la forza e lo slancio necessario per superarlo\u201d. <\/em>Cos\u00ec Mauro Zuglian della Fim Cisl Belluno Treviso sul nuovo stop alle trattative di cessione dell\u2019Acc al gruppo Lu.Ve\/Sest di Limana. <\/span><em><span style=\"color: #000000; font-family: Helvetica;\">\u201cPur essendoci tutti i presupposti perch\u00e9 il confronto tra il sindacato e Sest si concluda con un accordo condiviso per il cambio di propriet\u00e0, qualcosa di esterno ne complica la conclusione &#8211; afferma Zuglian -. L\u2019accordo per acquisire piena <strong><a class=\"dt-pswp-item\" href=\"https:\/\/www.radiopiu.net\/wordpress\/wp-content\/uploads\/2020\/11\/Zuglian-Fabio-2020-rotated.jpg\" data-dt-img-description=\"FABIO ZUGLIAN\" data-large_image_width=\"1512\" data-large_image_height=\"2016\"><img loading=\"lazy\" decoding=\"async\" class=\"wp-image-175139 alignright\" src=\"https:\/\/www.radiopiu.net\/wordpress\/wp-content\/uploads\/2020\/11\/Zuglian-Fabio-2020-225x300.jpg\" alt=\"\" width=\"195\" height=\"260\" srcset=\"https:\/\/www.radiopiu.net\/wordpress\/wp-content\/uploads\/2020\/11\/Zuglian-Fabio-2020-225x300.jpg 225w, https:\/\/www.radiopiu.net\/wordpress\/wp-content\/uploads\/2020\/11\/Zuglian-Fabio-2020-768x1024.jpg 768w, https:\/\/www.radiopiu.net\/wordpress\/wp-content\/uploads\/2020\/11\/Zuglian-Fabio-2020-1152x1536.jpg 1152w, https:\/\/www.radiopiu.net\/wordpress\/wp-content\/uploads\/2020\/11\/Zuglian-Fabio-2020-rotated.jpg 1512w\" sizes=\"auto, (max-width: 195px) 100vw, 195px\" \/><\/a><\/strong>validit\u00e0 e fattibilit\u00e0 dev\u2019essere incorniciato all\u2019interno di un quadro normativo certo e definitivo. Prima fra tutte la durata della cassa integrazione: deve necessariamente essere adeguata per garantire il graduale assorbimento dei lavoratori Acc in Sest in base allo stato di avanzamento calcolato per l\u2019installazione di tutte le nuove linee produttive previste dall\u2019accordo. Per le parti sociali e la Regione la cassa integrazione serve per mettere a terra le misure di politiche attive garantendo una minima sicurezza economica\u201d. <\/span><\/em><span style=\"color: #000000; font-family: Helvetica;\">La soluzione Sest per Zuglian nasce dall\u2019esigenza di rispondere tempestivamente ad esigenze produttive manifestate in questo particolare contesto economico. Far passare del tempo inutilmente potrebbe mutare questo contesto e lo stabilimento di Mel potrebbe non essere pi\u00f9 considerato il miglior candidato alla soluzione di tale problema. <\/span><span style=\"color: #000000; font-family: Helvetica;\">Gli incentivi e la cassa integrazione s\u2019intrecciano da una parte con una normativa sulle crisi aziendali che sta per essere modificata, dall\u2019altra con le disposizioni per interventi a salvaguardia dell\u2019occupazione che devono essere maggiormente calibrati per essere efficaci: da qui la proposta dell\u2019emendamento che va a individuare il caso specifico delle aziende sottoposte ad amministrazione straordinaria. Invitiamo tutti i rappresentanti politici del territorio che siedono alla Camera e al Senato di attivarsi per monitorare e accelerare l\u2019attivit\u00e0 legislativa su questi temi. <\/span><em><span style=\"color: #000000; font-family: Helvetica;\">\u201cL\u2019accordo &#8211; conclude Zuglian &#8211; prevede pertanto una chiara indicazione sulla cassa integrazione, un chiaro pronunciamento sugli incentivi, una stretta sui tempi di attuazione. Le risposte devono necessariamente arrivare dal Ministero dello Sviluppo economico, che nell\u2019ultima convocazione si era impegnato a riconvocare le parti nel giro di pochi giorni. Attualmente stiamo ancora in attesa, nessuna indicazione \u00e8 pervenuta, crescono invece l\u2019ansia e la disperazione dei lavoratori che da lungo tempo stanno aspettando una soluzione che hanno costruito, voluto e cercato. Accanto a loro la Fim chiede a gran voce l\u2019intervento pronto e responsabile dello Stato che \u00e8 l\u2019unico, in questo momento, che pu\u00f2 determinare la buona riuscita dell\u2019intera operazione\u201d.<\/span><\/em><\/p>\n<p>&nbsp;<\/p>\n<hr \/>\n<p>&nbsp;<\/p>\n<blockquote>\n<h3>COSTRUTTORI EDILI DI CONFINDUSTRIA BELLUNO DOLOMITI, PRONTI ALLA SERRATA<\/h3>\n<\/blockquote>\n<p><strong><a class=\"dt-pswp-item\" href=\"https:\/\/www.radiopiu.net\/wordpress\/wp-content\/uploads\/2021\/10\/consulenza-formazione-sicurezza-sul-lavoro-4.jpg\" data-dt-img-description=\"\" data-large_image_width=\"600\" data-large_image_height=\"450\"><img loading=\"lazy\" decoding=\"async\" class=\" wp-image-237753 alignleft\" src=\"https:\/\/www.radiopiu.net\/wordpress\/wp-content\/uploads\/2021\/10\/consulenza-formazione-sicurezza-sul-lavoro-4-300x225.jpg\" alt=\"\" width=\"226\" height=\"169\" srcset=\"https:\/\/www.radiopiu.net\/wordpress\/wp-content\/uploads\/2021\/10\/consulenza-formazione-sicurezza-sul-lavoro-4-300x225.jpg 300w, https:\/\/www.radiopiu.net\/wordpress\/wp-content\/uploads\/2021\/10\/consulenza-formazione-sicurezza-sul-lavoro-4.jpg 600w\" sizes=\"auto, (max-width: 226px) 100vw, 226px\" \/><\/a>BELLUNO<\/strong> L\u2019impennata dei costi del gas, dell\u2019energia e delle materie prime lascia pochi margini alle imprese del settore costruzioni. Il conglomerato bituminoso, il calcestruzzo, il ferro e naturalmente il gasolio per le macchine operatrici, elementi base del settore edile, hanno raggiunto prezzi impensabili oltre ad essere ormai difficilmente reperibili sul mercato. In questo scenario le imprese del settore edile di Confindustria Belluno Dolomiti si sono riunite per constatare l\u2019impossibilit\u00e0 di continuare su questa strada. Il problema \u00e8 a tutto tondo: <em>\u201cPer i nuovi bandi di lavori \u2013 precisa Paolo De Cian Presidente della Sezione \u2013 \u201ci prezzi sono talmente fuori mercato da convincere molti a rinunciare alla partecipazione, ancora pi\u00f9 grave per i contratti gi\u00e0 firmati mesi fa e non ancora partiti o per i lavori in corso, per cui i margini si sono gi\u00e0 annullati e molti stanno chiedendo sospensioni o rinvii\u201d. <\/em>Come sistema di Ance nazionale \u00e8 un coro unanime e si sta lavorando per un Tavolo nazionale che coinvolga tutti i soggetti della filiera oltre naturalmente ai sindacati, che possa sostenere un\u2019azione corale a difesa delle imprese e delle maestranze.<\/p>\n<p>&nbsp;<\/p>\n<blockquote><p><em>\u201cNessuna impresa pu\u00f2 permettersi di lavorare in perdita perch\u00e9 significherebbe chiudere per sempre nel giro di poco &#8211; prosegue De Cian &#8211; . Meglio allora fermarsi prima e vedere se la politica sapr\u00e0 dare risposte ai solleciti che l\u2019Ance sta sostenendo da settimane. Per quanto riguarda Belluno, se entro la settimana prossima non assisteremo a novit\u00e0 significative, la sezione locale proporr\u00e0 ai suoi associati la chiusura dei cantieri\u201d<\/em><\/p><\/blockquote>\n<p>&nbsp;<\/p>\n<hr \/>\n<p>&nbsp;<\/p>\n<p>&nbsp;<\/p>\n<p><strong>UCRAINA. ZAIA SU ALLARMI DAL VENETO. \u201cCOSTI INSOSTENIBILI PER TUTTI. SERVONO AZIONI IMMEDIATE E SCELTE DI PROSPETTIVA\u201d<\/strong><\/p>\n<p><strong>VENEZIA<\/strong>\u00a0 <em>\u201cIl tempo delle parole \u00e8 finito. Urgono immediati interventi d\u2019emergenza per fronteggiare i rincari che stanno colpendo praticamente tutti i settori e, alla fine, la gente, consumatrice finale di ogni prodotto industriale, artigiano, agroalimentare. Il grido di dolore degli autotrasportatori e della Cna del Veneto \u00e8 quello di tutta Italia\u201d. <\/em>Con queste parole, il Presidente della Regione, Luca Zaia, sostiene l\u2019ennesimo allarme lanciato\u00a0 dall\u2019autotrasporto veneto e dalla Confederazione Nazionale degli Artigiani regionale.<\/p>\n<p>&nbsp;<\/p>\n<p>&nbsp;<\/p>\n<hr \/>\n<p>&nbsp;<\/p>\n<blockquote>\n<h3>LUXOTTICA: IN FERIE DAL 1 AL 19 AGOSTO<\/h3>\n<\/blockquote>\n<p><strong><img loading=\"lazy\" decoding=\"async\" class=\"alignleft\" src=\"https:\/\/www.radiopiu.net\/wordpress\/wp-content\/uploads\/2020\/03\/NOVITA-LUXOTTICA.jpg\" width=\"206\" height=\"116\" \/>AGORDO<\/strong> Ieri\u00a0 allo stabilimento di Agordo le Rappresentanze Sindacali della Cgil-Cisl e l&#8217;azienda Luxottica\u00a0 hanno firmato il calendario ferie estive sia per la\u00a0 produzione che per il personale degli uffici. Le ferie inizieranno lunedi\u00a0 1 agosto per concludersi venerdi 19 agosto, quindi il rientro in fabbrica \u00e8 calendarizzato per lunedi 22 agosto.<\/p>\n<p>&nbsp;<\/p>\n<p>&nbsp;<\/p>\n<hr \/>\n<p>&nbsp;<\/p>\n<h3 class=\"entry-title\">DAL PRIMO APRILE IL \u201cGRANDE FRATELLO\u201d AI VARCHI DELLA PROVINCIA<\/h3>\n<p><strong>BELLUNO<\/strong> Pi\u00f9 sicurezza con le nuove telecamere che saranno installate in provincia, poco meno di 1 milione di euro con in fondi dei comuni confinanti. Sar\u00e0 in funzione dal prossimo 1 aprile<\/p>\n<p><strong>BELLUNO\u00a0<\/strong><br \/>\n<strong>di MORENO GIOLI\u00a0<\/strong><\/p>\n<audio class=\"wp-audio-shortcode\" id=\"audio-265229-4\" preload=\"none\" style=\"width: 100%;\" controls=\"controls\"><source type=\"audio\/mpeg\" src=\"https:\/\/www.radiopiu.net\/wordpress\/wp-content\/uploads\/2022\/03\/MPRENO.mp3?_=4\" \/><a href=\"https:\/\/www.radiopiu.net\/wordpress\/wp-content\/uploads\/2022\/03\/MPRENO.mp3\">https:\/\/www.radiopiu.net\/wordpress\/wp-content\/uploads\/2022\/03\/MPRENO.mp3<\/a><\/audio>\n<p><strong>IL PRESIDENTE DEL CONSORZIO BIM MARCO STAUNOVO POLACCO<\/strong><\/p>\n<audio class=\"wp-audio-shortcode\" id=\"audio-265229-5\" preload=\"none\" style=\"width: 100%;\" controls=\"controls\"><source type=\"audio\/mpeg\" src=\"https:\/\/www.radiopiu.net\/wordpress\/wp-content\/uploads\/2022\/03\/polacco.mp3?_=5\" \/><a href=\"https:\/\/www.radiopiu.net\/wordpress\/wp-content\/uploads\/2022\/03\/polacco.mp3\">https:\/\/www.radiopiu.net\/wordpress\/wp-content\/uploads\/2022\/03\/polacco.mp3<\/a><\/audio>\n<p>&nbsp;<\/p>\n<p><strong>ARCHIVIO RADIOPIU<\/strong><\/p>\n<p><strong>TAIBON <\/strong>Da tempo gli abitanti di Via Paris Bordone chiedono soluzioni concrete al sindaco di Taibon per l&#8217;eccessiva velocit\u00e0 con cui gli automobilisti affrontano l&#8217;uscita dalla tangenziale, limite 70 orari che pochi rispettano, tra l&#8217;altro all&#8217;intersezione con due bivi (via Agordina e Strapont), ma chiedono anche soluzioni concrete per le folli velocit\u00e0 con cui alcuni prendono la comunale per San Cipriano, una via dove insistono tre attivit\u00e0: gli studi di produzione di Radio Pi\u00f9, il dentista e l&#8217;assicurazione, il martedi il &#8220;banco&#8221; del pesce,\u00a0 oltre alla fermata delle corriere, dunque una zona dove i pedoni non mancano. Inoltre all&#8217;uscita della tangenziale c&#8217;\u00e8 il Bar Dersut Giornale e Caff\u00e8, attivit\u00e0 importante con i veicoli che entrano ed escono dall&#8217;ampio parcheggio, in passato ci sono stati diversi incidenti anche con feriti,\u00a0 ma ancora non \u00e8 sufficiente per convincere gli amministratori dell&#8217;importanza di un controllo della velocit\u00e0. Quando nei giorni scorsi i frazionisti hanno visto gli operai al lavoro nei pressi del cimitero hanno pensato che finalmente le loro richieste erano state accolte. Ma non si tratta di un autovelox,\u00a0 l&#8217;amministrazione comunale ha dato seguito all&#8217;iniziativa provinciale che prevede l&#8217;uso di una quarantina di impianti lungo la viabilit\u00e0 principale.\u00a0 Il problema dell&#8217;alta velocit\u00e0 lungo la 203 dunque \u00e8 ancora reale, diversamente dagli altri Comuni confinanti (Agordo e Cencenighe in particolare) dove gli autovelox hanno rimediato ad una situazione che era ormai fuori controllo tanto a Bries di Agordo (oltre la centrale dell&#8217;Enel) che a Morbiach sul rettilineo del distributore.<\/p>\n\n\t\t\t<style type='text\/css'>\n\t\t\t\t#gallery-2 {\n\t\t\t\t\tmargin: auto;\n\t\t\t\t}\n\t\t\t\t#gallery-2 .gallery-item {\n\t\t\t\t\tfloat: left;\n\t\t\t\t\tmargin-top: 10px;\n\t\t\t\t\ttext-align: center;\n\t\t\t\t\twidth: 50%;\n\t\t\t\t}\n\t\t\t\t#gallery-2 img {\n\t\t\t\t\tborder: 2px solid #cfcfcf;\n\t\t\t\t}\n\t\t\t\t#gallery-2 .gallery-caption {\n\t\t\t\t\tmargin-left: 0;\n\t\t\t\t}\n\t\t\t\t\/* see gallery_shortcode() in wp-includes\/media.php *\/\n\t\t\t<\/style>\n\t\t<div id='gallery-2' class='dt-gallery-container gallery galleryid-265229 gallery-columns-2 gallery-size-medium'><dl class='gallery-item'>\n\t\t\t\t<dt class='gallery-icon landscape'>\n\t\t\t\t\t<a class=\"rollover rollover-zoom dt-pswp-item\" title=\"d5912aed-ce93-48a9-ac66-be971869f7e6\" data-dt-img-description=\"\" data-large_image_width=\"1599\" data-large_image_height=\"899\"href='https:\/\/www.radiopiu.net\/wordpress\/wp-content\/uploads\/2021\/11\/d5912aed-ce93-48a9-ac66-be971869f7e6.jpg'><img loading=\"lazy\" decoding=\"async\" width=\"300\" height=\"169\" src=\"https:\/\/www.radiopiu.net\/wordpress\/wp-content\/uploads\/2021\/11\/d5912aed-ce93-48a9-ac66-be971869f7e6-300x169.jpg\" class=\"attachment-medium size-medium\" alt=\"\" aria-describedby=\"gallery-2-242239\" srcset=\"https:\/\/www.radiopiu.net\/wordpress\/wp-content\/uploads\/2021\/11\/d5912aed-ce93-48a9-ac66-be971869f7e6-300x169.jpg 300w, https:\/\/www.radiopiu.net\/wordpress\/wp-content\/uploads\/2021\/11\/d5912aed-ce93-48a9-ac66-be971869f7e6-1024x576.jpg 1024w, https:\/\/www.radiopiu.net\/wordpress\/wp-content\/uploads\/2021\/11\/d5912aed-ce93-48a9-ac66-be971869f7e6-768x432.jpg 768w, https:\/\/www.radiopiu.net\/wordpress\/wp-content\/uploads\/2021\/11\/d5912aed-ce93-48a9-ac66-be971869f7e6-1536x864.jpg 1536w, https:\/\/www.radiopiu.net\/wordpress\/wp-content\/uploads\/2021\/11\/d5912aed-ce93-48a9-ac66-be971869f7e6.jpg 1599w\" sizes=\"auto, (max-width: 300px) 100vw, 300px\" \/><\/a>\n\t\t\t\t<\/dt>\n\t\t\t\t\t<dd class='wp-caption-text gallery-caption' id='gallery-2-242239'>\n\t\t\t\t\tIL NUOVO IMPIANTO\n\t\t\t\t\t<\/dd><\/dl><dl class='gallery-item'>\n\t\t\t\t<dt class='gallery-icon landscape'>\n\t\t\t\t\t<a class=\"rollover rollover-zoom dt-pswp-item\" title=\"76dcf96c-7e1f-4013-bd5d-5d58eabec577\" data-dt-img-description=\"\" data-large_image_width=\"1599\" data-large_image_height=\"899\"href='https:\/\/www.radiopiu.net\/wordpress\/wp-content\/uploads\/2021\/11\/76dcf96c-7e1f-4013-bd5d-5d58eabec577.jpg'><img loading=\"lazy\" decoding=\"async\" width=\"300\" height=\"169\" src=\"https:\/\/www.radiopiu.net\/wordpress\/wp-content\/uploads\/2021\/11\/76dcf96c-7e1f-4013-bd5d-5d58eabec577-300x169.jpg\" class=\"attachment-medium size-medium\" alt=\"\" aria-describedby=\"gallery-2-242236\" srcset=\"https:\/\/www.radiopiu.net\/wordpress\/wp-content\/uploads\/2021\/11\/76dcf96c-7e1f-4013-bd5d-5d58eabec577-300x169.jpg 300w, https:\/\/www.radiopiu.net\/wordpress\/wp-content\/uploads\/2021\/11\/76dcf96c-7e1f-4013-bd5d-5d58eabec577-1024x576.jpg 1024w, https:\/\/www.radiopiu.net\/wordpress\/wp-content\/uploads\/2021\/11\/76dcf96c-7e1f-4013-bd5d-5d58eabec577-768x432.jpg 768w, https:\/\/www.radiopiu.net\/wordpress\/wp-content\/uploads\/2021\/11\/76dcf96c-7e1f-4013-bd5d-5d58eabec577-1536x864.jpg 1536w, https:\/\/www.radiopiu.net\/wordpress\/wp-content\/uploads\/2021\/11\/76dcf96c-7e1f-4013-bd5d-5d58eabec577.jpg 1599w\" sizes=\"auto, (max-width: 300px) 100vw, 300px\" \/><\/a>\n\t\t\t\t<\/dt>\n\t\t\t\t\t<dd class='wp-caption-text gallery-caption' id='gallery-2-242236'>\n\t\t\t\t\tIL NUOVO IMPIANTO\n\t\t\t\t\t<\/dd><\/dl><br style=\"clear: both\" \/><dl class='gallery-item'>\n\t\t\t\t<dt class='gallery-icon landscape'>\n\t\t\t\t\t<a class=\"rollover rollover-zoom dt-pswp-item\" title=\"4612558e-cfba-4825-9e9e-c2225a01f759\" data-dt-img-description=\"\" data-large_image_width=\"1599\" data-large_image_height=\"899\"href='https:\/\/www.radiopiu.net\/wordpress\/wp-content\/uploads\/2021\/11\/4612558e-cfba-4825-9e9e-c2225a01f759.jpg'><img loading=\"lazy\" decoding=\"async\" width=\"300\" height=\"169\" src=\"https:\/\/www.radiopiu.net\/wordpress\/wp-content\/uploads\/2021\/11\/4612558e-cfba-4825-9e9e-c2225a01f759-300x169.jpg\" class=\"attachment-medium size-medium\" alt=\"\" aria-describedby=\"gallery-2-242237\" srcset=\"https:\/\/www.radiopiu.net\/wordpress\/wp-content\/uploads\/2021\/11\/4612558e-cfba-4825-9e9e-c2225a01f759-300x169.jpg 300w, https:\/\/www.radiopiu.net\/wordpress\/wp-content\/uploads\/2021\/11\/4612558e-cfba-4825-9e9e-c2225a01f759-1024x576.jpg 1024w, https:\/\/www.radiopiu.net\/wordpress\/wp-content\/uploads\/2021\/11\/4612558e-cfba-4825-9e9e-c2225a01f759-768x432.jpg 768w, https:\/\/www.radiopiu.net\/wordpress\/wp-content\/uploads\/2021\/11\/4612558e-cfba-4825-9e9e-c2225a01f759-1536x864.jpg 1536w, https:\/\/www.radiopiu.net\/wordpress\/wp-content\/uploads\/2021\/11\/4612558e-cfba-4825-9e9e-c2225a01f759.jpg 1599w\" sizes=\"auto, (max-width: 300px) 100vw, 300px\" \/><\/a>\n\t\t\t\t<\/dt>\n\t\t\t\t\t<dd class='wp-caption-text gallery-caption' id='gallery-2-242237'>\n\t\t\t\t\tINTERSEZIONE VIA PARIS BORDONE\n\t\t\t\t\t<\/dd><\/dl><dl class='gallery-item'>\n\t\t\t\t<dt class='gallery-icon landscape'>\n\t\t\t\t\t<a class=\"rollover rollover-zoom dt-pswp-item\" title=\"91d8879f-2bf3-4f05-8e70-5a36d35e66f6\" data-dt-img-description=\"\" data-large_image_width=\"1599\" data-large_image_height=\"899\"href='https:\/\/www.radiopiu.net\/wordpress\/wp-content\/uploads\/2021\/11\/91d8879f-2bf3-4f05-8e70-5a36d35e66f6.jpg'><img loading=\"lazy\" decoding=\"async\" width=\"300\" height=\"169\" src=\"https:\/\/www.radiopiu.net\/wordpress\/wp-content\/uploads\/2021\/11\/91d8879f-2bf3-4f05-8e70-5a36d35e66f6-300x169.jpg\" class=\"attachment-medium size-medium\" alt=\"\" aria-describedby=\"gallery-2-242238\" srcset=\"https:\/\/www.radiopiu.net\/wordpress\/wp-content\/uploads\/2021\/11\/91d8879f-2bf3-4f05-8e70-5a36d35e66f6-300x169.jpg 300w, https:\/\/www.radiopiu.net\/wordpress\/wp-content\/uploads\/2021\/11\/91d8879f-2bf3-4f05-8e70-5a36d35e66f6-1024x576.jpg 1024w, https:\/\/www.radiopiu.net\/wordpress\/wp-content\/uploads\/2021\/11\/91d8879f-2bf3-4f05-8e70-5a36d35e66f6-768x432.jpg 768w, https:\/\/www.radiopiu.net\/wordpress\/wp-content\/uploads\/2021\/11\/91d8879f-2bf3-4f05-8e70-5a36d35e66f6-1536x864.jpg 1536w, https:\/\/www.radiopiu.net\/wordpress\/wp-content\/uploads\/2021\/11\/91d8879f-2bf3-4f05-8e70-5a36d35e66f6.jpg 1599w\" sizes=\"auto, (max-width: 300px) 100vw, 300px\" \/><\/a>\n\t\t\t\t<\/dt>\n\t\t\t\t\t<dd class='wp-caption-text gallery-caption' id='gallery-2-242238'>\n\t\t\t\t\tUSCITA TANGENZIALE DI AGORDO A TAIBON\n\t\t\t\t\t<\/dd><\/dl><br style=\"clear: both\" \/>\n\t\t\t<\/div>\n\n<p>&nbsp;<\/p>\n<hr \/>\n<p>&nbsp;<\/p>\n<blockquote>\n<h3>COL PIANO DI SVILUPPO RURALE IL RIPRISTINO DEL BOSCO POST VAIA<\/h3>\n<\/blockquote>\n<p><strong><img loading=\"lazy\" decoding=\"async\" class=\"alignleft\" src=\"https:\/\/www.radiopiu.net\/wordpress\/wp-content\/uploads\/2021\/03\/1200px-Limana_BL.jpg\" width=\"178\" height=\"132\" \/>LIMANA\u00a0<\/strong><\/p>\n<p><strong>di DAMIANO TORMEN\u00a0<\/strong><\/p>\n<audio class=\"wp-audio-shortcode\" id=\"audio-265229-6\" preload=\"none\" style=\"width: 100%;\" controls=\"controls\"><source type=\"audio\/mpeg\" src=\"https:\/\/www.radiopiu.net\/wordpress\/wp-content\/uploads\/2022\/03\/damiano-3.mp3?_=6\" \/><a href=\"https:\/\/www.radiopiu.net\/wordpress\/wp-content\/uploads\/2022\/03\/damiano-3.mp3\">https:\/\/www.radiopiu.net\/wordpress\/wp-content\/uploads\/2022\/03\/damiano-3.mp3<\/a><\/audio>\n<p>&nbsp;<\/p>\n<p>&nbsp;<\/p>\n<hr \/>\n<p>&nbsp;<\/p>\n<blockquote>\n<h3>NUOVA CENTRALINA ELETTRICA SUL TORRENTE STIZZON<\/h3>\n<\/blockquote>\n<p><em>\u00a0L\u2019Amministrazione conferma il suo parere negativo: non ci sono i presupposti\u00a0\u00a0<\/em><\/p>\n<p>&nbsp;<\/p>\n<p><strong><a class=\"dt-pswp-item\" href=\"https:\/\/www.radiopiu.net\/wordpress\/wp-content\/uploads\/2022\/03\/th-15.jpg\" data-dt-img-description=\"\" data-large_image_width=\"227\" data-large_image_height=\"170\"><img loading=\"lazy\" decoding=\"async\" class=\"wp-image-265476 alignleft\" src=\"https:\/\/www.radiopiu.net\/wordpress\/wp-content\/uploads\/2022\/03\/th-15.jpg\" alt=\"\" width=\"134\" height=\"100\" \/><\/a>SEREN DEL GRAPPA\u00a0<\/strong> L\u2019Amministrazione comunale di Seren del Grappa interviene sui recenti sviluppi riguardanti l\u2019installazione di una nuova centralina idroelettrica lungo l\u2019asta del torrente Stizzon in Valle di Seren, per la quale la ditta proponente ha fatto richiesta di avvio della procedura di Valutazione di Impatto Ambientale da parte della Regione. Il sindaco Dario Scopel tiene a precisare i contorni della contrariet\u00e0 espressa <a class=\"dt-pswp-item\" href=\"https:\/\/www.radiopiu.net\/wordpress\/wp-content\/uploads\/2021\/08\/972ec435-fa04-49e8-bf1e-048263cab367.jpg\" data-dt-img-description=\"\" data-large_image_width=\"1024\" data-large_image_height=\"684\"><img loading=\"lazy\" decoding=\"async\" class=\"wp-image-226219 alignright\" src=\"https:\/\/www.radiopiu.net\/wordpress\/wp-content\/uploads\/2021\/08\/972ec435-fa04-49e8-bf1e-048263cab367-300x200.jpg\" alt=\"\" width=\"120\" height=\"80\" srcset=\"https:\/\/www.radiopiu.net\/wordpress\/wp-content\/uploads\/2021\/08\/972ec435-fa04-49e8-bf1e-048263cab367-300x200.jpg 300w, https:\/\/www.radiopiu.net\/wordpress\/wp-content\/uploads\/2021\/08\/972ec435-fa04-49e8-bf1e-048263cab367-768x513.jpg 768w, https:\/\/www.radiopiu.net\/wordpress\/wp-content\/uploads\/2021\/08\/972ec435-fa04-49e8-bf1e-048263cab367.jpg 1024w\" sizes=\"auto, (max-width: 120px) 100vw, 120px\" \/><\/a>dall\u2019Amministrazione al progetto sullo Stizzon: <em>\u201cSono generalmente a favore dell\u2019installazione di nuove centraline idroelettriche, per\u00f2 che questo progetto dia alla comunit\u00e0 serenese e al territorio le garanzie necessarie per poter procedere&#8221;<\/em><\/p>\n<audio class=\"wp-audio-shortcode\" id=\"audio-265229-7\" preload=\"none\" style=\"width: 100%;\" controls=\"controls\"><source type=\"audio\/mpeg\" src=\"https:\/\/www.radiopiu.net\/wordpress\/wp-content\/uploads\/2022\/03\/SCOPEL-1.mp3?_=7\" \/><a href=\"https:\/\/www.radiopiu.net\/wordpress\/wp-content\/uploads\/2022\/03\/SCOPEL-1.mp3\">https:\/\/www.radiopiu.net\/wordpress\/wp-content\/uploads\/2022\/03\/SCOPEL-1.mp3<\/a><\/audio>\n<p>&nbsp;<\/p>\n<p>&nbsp;<\/p>\n<hr \/>\n<p>&nbsp;<\/p>\n<blockquote>\n<h3>DE MENECH ALLA CAMERA &#8220;ORGOGLIOSI DELLA RISPOSTA ITALIANA&#8221;<\/h3>\n<\/blockquote>\n<div>\n<p><strong>ROMA<\/strong>\u00a0 Il coordinatore dei deputati veneti del Partito democratico, <b>Roger De Menech<\/b>, \u00e8 intervenuto oggi alla Camera in occasione delle dichiarazioni di voto sul decreto legge \u2018Ucraina\u2019.<\/p>\n<p style=\"margin: 0px; text-align: justify; font-style: normal; font-variant-caps: normal; font-weight: normal; font-stretch: normal; font-size: 11px; line-height: normal; font-family: Helvetica; color: #1a1a1a;\">Questa la sintesi dell\u2019intervento: <em>\u00abLa guerra in Ucraina colpisce tutti perch\u00e9 \u00e8 un assalto nel cuore dell\u2019Europa ai valori di democrazia, libert\u00e0 e rispetto dei diritti umani, che l\u2019Ue coltiva fin dalla sua nascita. Proprio per questo, l\u2019Unione europea ha risposto con prontezza e unit\u00e0, sia nel sostegno alla popolazione ucraina che alle sanzioni molto onerose per la Russia. Dal punto di vista normativo con questo testo, anche l\u2019Italia fa la sua parte per sostenere l\u2019Ucraina come Stato libero che si autodetermina e per continuare con determinazione la ricerca della soluzione diplomatica, tenendo aperti tutti i tavoli per favorire la fine del conflitto\u00bb.<\/em><\/p>\n<\/div>\n<p>&nbsp;<\/p>\n<p><iframe loading=\"lazy\" title=\"Roger De Menech: dichiarazione di voto sulle misure urgenti per la crisi in Ucraina\" width=\"1200\" height=\"675\" src=\"https:\/\/www.youtube.com\/embed\/ZemAHA3Fq4g?feature=oembed\" frameborder=\"0\" allow=\"accelerometer; autoplay; clipboard-write; encrypted-media; gyroscope; picture-in-picture\" allowfullscreen><\/iframe><\/p>\n<p>&nbsp;<\/p>\n<hr \/>\n<p>&nbsp;<\/p>\n<blockquote>\n<h3>CARO-CEREALI ALL&#8217;ATTENZIONE DELL&#8217;EUROPA<\/h3>\n<\/blockquote>\n<p><strong>BRUXELLES <\/strong>L&#8217;eurodeputato Herbert Dorfmann analizza dal suo osservatorio europeo la questione del caro-cereali e annuncia le prossime mosse. In vista della sessione plenaria del Parlamento Europeo convocata per la prossima settimana, Dorfmann ha pronta una risoluzione per chiedere l&#8217;attivazione della misura di crisi.<\/p>\n<p><strong>HERBERT DORFMANN<\/strong><\/p>\n<div style=\"width: 1200px;\" class=\"wp-video\"><video class=\"wp-video-shortcode\" id=\"video-265229-2\" width=\"1200\" height=\"675\" preload=\"metadata\" controls=\"controls\"><source type=\"video\/mp4\" src=\"https:\/\/www.radiopiu.net\/wordpress\/wp-content\/uploads\/2022\/03\/Herbert-Dorfmann-Caro-cereali.mp4?_=2\" \/><a href=\"https:\/\/www.radiopiu.net\/wordpress\/wp-content\/uploads\/2022\/03\/Herbert-Dorfmann-Caro-cereali.mp4\">https:\/\/www.radiopiu.net\/wordpress\/wp-content\/uploads\/2022\/03\/Herbert-Dorfmann-Caro-cereali.mp4<\/a><\/video><\/div>\n<p>&nbsp;<\/p>\n<hr \/>\n<p>&nbsp;<\/p>\n<blockquote>\n<h3>IL SITO MINERARIO DI VALLE IMPERINA A RIVAMONTE CHIUDEVA I BATTENTI SESSANT\u2019ANNI FA (DOPO SECOLI)<\/h3>\n<\/blockquote>\n<p><strong>di\u00a0 RENATO BONA\u00a0<\/strong><\/p>\n<p><a class=\"dt-pswp-item\" href=\"https:\/\/www.radiopiu.net\/wordpress\/wp-content\/uploads\/2022\/03\/275521942_833676558026816_3499732897392618564_n.jpg\" data-dt-img-description=\"\" data-large_image_width=\"329\" data-large_image_height=\"403\"><img loading=\"lazy\" decoding=\"async\" class=\" wp-image-265371 alignleft\" src=\"https:\/\/www.radiopiu.net\/wordpress\/wp-content\/uploads\/2022\/03\/275521942_833676558026816_3499732897392618564_n-245x300.jpg\" alt=\"\" width=\"212\" height=\"260\" srcset=\"https:\/\/www.radiopiu.net\/wordpress\/wp-content\/uploads\/2022\/03\/275521942_833676558026816_3499732897392618564_n-245x300.jpg 245w, https:\/\/www.radiopiu.net\/wordpress\/wp-content\/uploads\/2022\/03\/275521942_833676558026816_3499732897392618564_n.jpg 329w\" sizes=\"auto, (max-width: 212px) 100vw, 212px\" \/><\/a>Sessant\u2019anni fa, l\u20198 settembre 1962, chiuse i battenti la miniera di Valle Imperina, in territorio di Rivamonte Agordino. Il giacimento di pirite cuprifera per lo sfruttamento del quale sorse, fin da tempi remotissimi che risalgono probabilmente all\u2019epoca romana, la miniera di Valle Imperina, quando era coltivato da privati, risultava \u201cubicato in corrispondenza del contatto geologico che si manifesta nel vallone del torrente omonimo che confluisce nel Cordevole, a circa tre chilometri a valle di Agordo\u201d. La chiusura, sancita ufficialmente da un decreto ministeriale del 2 settembre dell\u2019anno successivo, fu \u2013 come si legge nel libro di Marco Orlandi \u201cUna miniera veneta. Valle Imperina dal 1866 al 1962\u201d (Nuovi Sentieri editore di Bepi Pellegrinon, tipografia Piave di Belluno, ottobre 1980; in copertina: \u201cIngresso alle Miniere di Agordo\u201d da Giuseppe Alvisi: Belluno e sua provincia; presentazione di Tito Livio Ben, preside dell\u2019Itim Follador di Agordo)) \u2013 l\u2019atto che rappresent\u00f2 non solo la fine di un\u2019attivit\u00e0 economica plurisecolare nell\u2019industria bellunese, ma anche e soprattutto l\u2019estinguersi di un mondo, se pur ristretto, nel quale per secoli gli abitanti di quei monti identificarono la possibilit\u00e0 di sopravvivere e di portare a casa il pane per le loro famiglie\u201d. Orlandi ricordava che \u201cPi\u00f9 di 400 operai furono impiegati, in media, negli ultimi due secoli, nello sfruttamento della miniera, per loro essa rappresent\u00f2 l\u2019alternativa all\u2019emigrazione e alla sofferenza di un lavoro saltuario\u201d. Ma non trascurava di specificare che: \u201cNel 1911 le maestranze della miniera si resero protagoniste di uno dei maggiori scioperi che l\u2019industria mineraria abbia mai registrato, prolungato per circa tre mesi. Nel 1931, la miniera rimase chiusa per in lungo periodo, e tale chiusura caus\u00f2 la mancanza di lavoro per tutti gli operi del giacimento; e ancora innumerevoli sono state le vicissitudini superate dai minatori di Rivamonte nell\u2019arco di tanti secoli\u201d. Quarantasette anni dopo la chiusura di ogni attivit\u00e0 mineraria venne realizzato il video \u201cDentro le miniere di Valle Imperina\u201d, opera del Gruppo speleologico del Cai di Feltre i cui esperti entrarono nelle gallerie dell\u2019ex sito minerario. Per l\u2019occasione il Club Unesco Agordino presieduto da Giuliano Laveder ne propose nella Casa della giovent\u00f9 la presentazione in collaborazione con il Gruppo speleologico del Cai feltrino, il Parco nazionale Dolomiti Bellunesi e Arca. Ma torniamo alla miniera per rammentare con Orlandi che \u201cAttraverso i secoli la zona mineraria di Valle Imperina riusc\u00ec ad occupare non solo quasi tutti gli abitanti del comune di Rivamonte, ma ag\u00ec come polo di attrazione anche nei confronti di comuni limitrofi come quello di La Valle, Agordo, Voltago, Taibon, Tiser\u201d e per registrare che \u201cIl raggio di attrazione doveva essere un tempo anche maggiore se in questi comuni il mestiere del minatore \u00e8 rimasto tradizionale fino ai giorni nostri e costituisce di solito la specializzazione di quanti emigrano. L\u2019importanza poi per la societ\u00e0 del basso Agordino, dell\u2019attivit\u00e0 estrattiva che si imperniava sulle miniere \u00e8 provata anche dalla nascita della Scuola mineraria di Agordo, divenuta poi Istituto tecnico minerario statale, fondato ufficialmente appena nel 1867, ma esistente di fatto gi\u00e0 dal 1775, anno in cui la \u2018Terminazione del magistrato sopra le miniere\u2019 decret\u00f2 la nascita di una scuola di specializzazione mineraria\u201d. Venendo ad un\u2019epoca pi\u00f9 recente, bisogna sottolineare che dopo la Grande Guerra, alla societ\u00e0 Magni che gestiva la miniera, subentr\u00f2 la societ\u00e0 Montecatini \u201cche dovette affrontare notevoli lavori per consentire la ripresa dell\u2019attivit\u00e0 estrattiva: nel 1919 venne ultimato il prosciugamento della zona bassa; l\u2019anno seguente vennero avviati i lavori di ricostruzione e potenziamento della centrale idroelettrica con 4 turbogeneratori per complessivi 400 KVa. I lavori furono ultimati nel 1921 anno nel quale venne estesa a tutti i cantieri del sotterraneo la perforazione meccanica con l\u2019installazione all\u2019aperto di due gruppi di compressori d\u2019aria. Peraltro, ricerche intraprese dalla stessa Montecatini portarono alla conclusione che il giacimento si andava esaurendo \u201cper mancanza di parti o masse che non fossero gi\u00e0 state in passato disordinatamente e ripetutamente coltivate\u201d. Sicch\u00e9 abbattuti i prezzi e contrattisi i consumi in genere \u201crisult\u00f2 pressoch\u00e9 inevitabile nel 1931 interrompere la coltivazione non pi\u00f9 redditizia e gi\u00e0 passiva\u201d. Solo considerazioni di carattere sindacale indussero le autorit\u00e0 e la Montecatini ad una ripresa dell\u2019attivit\u00e0 con produzione annua di 40-50 mila tonnellate mantenuta anche durante il periodo bellico. Nonostante questo aumento di produttivit\u00e0, la miniera, sotto l\u2019aspetto economico restava passiva e port\u00f2, nel 1961, ad una prima riduzione del personale, proseguita nel 1962, anno in cui, fu attuata la definitiva sospensione dell\u2019attivit\u00e0 produttiva della miniera di Valle Imperina.<\/p>\n\n\t\t\t<style type='text\/css'>\n\t\t\t\t#gallery-3 {\n\t\t\t\t\tmargin: auto;\n\t\t\t\t}\n\t\t\t\t#gallery-3 .gallery-item {\n\t\t\t\t\tfloat: left;\n\t\t\t\t\tmargin-top: 10px;\n\t\t\t\t\ttext-align: center;\n\t\t\t\t\twidth: 11%;\n\t\t\t\t}\n\t\t\t\t#gallery-3 img {\n\t\t\t\t\tborder: 2px solid #cfcfcf;\n\t\t\t\t}\n\t\t\t\t#gallery-3 .gallery-caption {\n\t\t\t\t\tmargin-left: 0;\n\t\t\t\t}\n\t\t\t\t\/* see gallery_shortcode() in wp-includes\/media.php *\/\n\t\t\t<\/style>\n\t\t<div id='gallery-3' class='dt-gallery-container gallery galleryid-265229 gallery-columns-9 gallery-size-thumbnail'><dl class='gallery-item'>\n\t\t\t\t<dt class='gallery-icon portrait'>\n\t\t\t\t\t<a class=\"rollover rollover-zoom dt-pswp-item\" title=\"275590952_2825324487764420_3095879991693613460_n\" data-dt-img-description=\"\" data-large_image_width=\"300\" data-large_image_height=\"403\"href='https:\/\/www.radiopiu.net\/wordpress\/wp-content\/uploads\/2022\/03\/275590952_2825324487764420_3095879991693613460_n.jpg'><img loading=\"lazy\" decoding=\"async\" width=\"150\" height=\"150\" src=\"https:\/\/www.radiopiu.net\/wordpress\/wp-content\/uploads\/2022\/03\/275590952_2825324487764420_3095879991693613460_n-150x150.jpg\" class=\"attachment-thumbnail size-thumbnail\" alt=\"\" \/><\/a>\n\t\t\t\t<\/dt><\/dl><dl class='gallery-item'>\n\t\t\t\t<dt class='gallery-icon portrait'>\n\t\t\t\t\t<a class=\"rollover rollover-zoom dt-pswp-item\" title=\"275623274_436518868240570_6177341646006182325_n\" data-dt-img-description=\"\" data-large_image_width=\"327\" data-large_image_height=\"403\"href='https:\/\/www.radiopiu.net\/wordpress\/wp-content\/uploads\/2022\/03\/275623274_436518868240570_6177341646006182325_n.jpg'><img loading=\"lazy\" decoding=\"async\" width=\"150\" height=\"150\" src=\"https:\/\/www.radiopiu.net\/wordpress\/wp-content\/uploads\/2022\/03\/275623274_436518868240570_6177341646006182325_n-150x150.jpg\" class=\"attachment-thumbnail size-thumbnail\" alt=\"\" \/><\/a>\n\t\t\t\t<\/dt><\/dl><dl class='gallery-item'>\n\t\t\t\t<dt class='gallery-icon landscape'>\n\t\t\t\t\t<a class=\"rollover rollover-zoom dt-pswp-item\" title=\"274785410_930347497654861_8246521876120123413_n\" data-dt-img-description=\"\" data-large_image_width=\"598\" data-large_image_height=\"403\"href='https:\/\/www.radiopiu.net\/wordpress\/wp-content\/uploads\/2022\/03\/274785410_930347497654861_8246521876120123413_n.jpg'><img loading=\"lazy\" decoding=\"async\" width=\"150\" height=\"150\" src=\"https:\/\/www.radiopiu.net\/wordpress\/wp-content\/uploads\/2022\/03\/274785410_930347497654861_8246521876120123413_n-150x150.jpg\" class=\"attachment-thumbnail size-thumbnail\" alt=\"\" \/><\/a>\n\t\t\t\t<\/dt><\/dl><dl class='gallery-item'>\n\t\t\t\t<dt class='gallery-icon landscape'>\n\t\t\t\t\t<a class=\"rollover rollover-zoom dt-pswp-item\" title=\"275117478_5478648445498383_2080971797069371106_n\" data-dt-img-description=\"\" data-large_image_width=\"615\" data-large_image_height=\"403\"href='https:\/\/www.radiopiu.net\/wordpress\/wp-content\/uploads\/2022\/03\/275117478_5478648445498383_2080971797069371106_n.jpg'><img loading=\"lazy\" decoding=\"async\" width=\"150\" height=\"150\" src=\"https:\/\/www.radiopiu.net\/wordpress\/wp-content\/uploads\/2022\/03\/275117478_5478648445498383_2080971797069371106_n-150x150.jpg\" class=\"attachment-thumbnail size-thumbnail\" alt=\"\" \/><\/a>\n\t\t\t\t<\/dt><\/dl><dl class='gallery-item'>\n\t\t\t\t<dt class='gallery-icon landscape'>\n\t\t\t\t\t<a class=\"rollover rollover-zoom dt-pswp-item\" title=\"275422345_978009009509495_812534356115479586_n\" data-dt-img-description=\"\" data-large_image_width=\"565\" data-large_image_height=\"403\"href='https:\/\/www.radiopiu.net\/wordpress\/wp-content\/uploads\/2022\/03\/275422345_978009009509495_812534356115479586_n.jpg'><img loading=\"lazy\" decoding=\"async\" width=\"150\" height=\"150\" src=\"https:\/\/www.radiopiu.net\/wordpress\/wp-content\/uploads\/2022\/03\/275422345_978009009509495_812534356115479586_n-150x150.jpg\" class=\"attachment-thumbnail size-thumbnail\" alt=\"\" \/><\/a>\n\t\t\t\t<\/dt><\/dl><dl class='gallery-item'>\n\t\t\t\t<dt class='gallery-icon portrait'>\n\t\t\t\t\t<a class=\"rollover rollover-zoom dt-pswp-item\" title=\"275712765_541904680491593_9131463539467196316_n\" data-dt-img-description=\"\" data-large_image_width=\"320\" data-large_image_height=\"403\"href='https:\/\/www.radiopiu.net\/wordpress\/wp-content\/uploads\/2022\/03\/275712765_541904680491593_9131463539467196316_n.jpg'><img loading=\"lazy\" decoding=\"async\" width=\"150\" height=\"150\" src=\"https:\/\/www.radiopiu.net\/wordpress\/wp-content\/uploads\/2022\/03\/275712765_541904680491593_9131463539467196316_n-150x150.jpg\" class=\"attachment-thumbnail size-thumbnail\" alt=\"\" \/><\/a>\n\t\t\t\t<\/dt><\/dl><dl class='gallery-item'>\n\t\t\t\t<dt class='gallery-icon landscape'>\n\t\t\t\t\t<a class=\"rollover rollover-zoom dt-pswp-item\" title=\"275415793_521338869334026_1458502538183533108_n\" data-dt-img-description=\"\" data-large_image_width=\"541\" data-large_image_height=\"403\"href='https:\/\/www.radiopiu.net\/wordpress\/wp-content\/uploads\/2022\/03\/275415793_521338869334026_1458502538183533108_n.jpg'><img loading=\"lazy\" decoding=\"async\" width=\"150\" height=\"150\" src=\"https:\/\/www.radiopiu.net\/wordpress\/wp-content\/uploads\/2022\/03\/275415793_521338869334026_1458502538183533108_n-150x150.jpg\" class=\"attachment-thumbnail size-thumbnail\" alt=\"\" \/><\/a>\n\t\t\t\t<\/dt><\/dl><dl class='gallery-item'>\n\t\t\t\t<dt class='gallery-icon landscape'>\n\t\t\t\t\t<a class=\"rollover rollover-zoom dt-pswp-item\" title=\"275393659_275992208003886_818301599420415943_n\" data-dt-img-description=\"\" data-large_image_width=\"575\" data-large_image_height=\"403\"href='https:\/\/www.radiopiu.net\/wordpress\/wp-content\/uploads\/2022\/03\/275393659_275992208003886_818301599420415943_n.jpg'><img loading=\"lazy\" decoding=\"async\" width=\"150\" height=\"150\" src=\"https:\/\/www.radiopiu.net\/wordpress\/wp-content\/uploads\/2022\/03\/275393659_275992208003886_818301599420415943_n-150x150.jpg\" class=\"attachment-thumbnail size-thumbnail\" alt=\"\" \/><\/a>\n\t\t\t\t<\/dt><\/dl><dl class='gallery-item'>\n\t\t\t\t<dt class='gallery-icon landscape'>\n\t\t\t\t\t<a class=\"rollover rollover-zoom dt-pswp-item\" title=\"275625156_652735629369701_4367943644865622688_n\" data-dt-img-description=\"\" data-large_image_width=\"512\" data-large_image_height=\"403\"href='https:\/\/www.radiopiu.net\/wordpress\/wp-content\/uploads\/2022\/03\/275625156_652735629369701_4367943644865622688_n.jpg'><img loading=\"lazy\" decoding=\"async\" width=\"150\" height=\"150\" src=\"https:\/\/www.radiopiu.net\/wordpress\/wp-content\/uploads\/2022\/03\/275625156_652735629369701_4367943644865622688_n-150x150.jpg\" class=\"attachment-thumbnail size-thumbnail\" alt=\"\" \/><\/a>\n\t\t\t\t<\/dt><\/dl><br style=\"clear: both\" \/><dl class='gallery-item'>\n\t\t\t\t<dt class='gallery-icon landscape'>\n\t\t\t\t\t<a class=\"rollover rollover-zoom dt-pswp-item\" title=\"275326125_706669260495903_4518507947426299003_n\" data-dt-img-description=\"\" data-large_image_width=\"495\" data-large_image_height=\"403\"href='https:\/\/www.radiopiu.net\/wordpress\/wp-content\/uploads\/2022\/03\/275326125_706669260495903_4518507947426299003_n.jpg'><img loading=\"lazy\" decoding=\"async\" width=\"150\" height=\"150\" src=\"https:\/\/www.radiopiu.net\/wordpress\/wp-content\/uploads\/2022\/03\/275326125_706669260495903_4518507947426299003_n-150x150.jpg\" class=\"attachment-thumbnail size-thumbnail\" alt=\"\" \/><\/a>\n\t\t\t\t<\/dt><\/dl><dl class='gallery-item'>\n\t\t\t\t<dt class='gallery-icon portrait'>\n\t\t\t\t\t<a class=\"rollover rollover-zoom dt-pswp-item\" title=\"275521942_833676558026816_3499732897392618564_n\" data-dt-img-description=\"\" data-large_image_width=\"329\" data-large_image_height=\"403\"href='https:\/\/www.radiopiu.net\/wordpress\/wp-content\/uploads\/2022\/03\/275521942_833676558026816_3499732897392618564_n.jpg'><img loading=\"lazy\" decoding=\"async\" width=\"150\" height=\"150\" src=\"https:\/\/www.radiopiu.net\/wordpress\/wp-content\/uploads\/2022\/03\/275521942_833676558026816_3499732897392618564_n-150x150.jpg\" class=\"attachment-thumbnail size-thumbnail\" alt=\"\" \/><\/a>\n\t\t\t\t<\/dt><\/dl><dl class='gallery-item'>\n\t\t\t\t<dt class='gallery-icon landscape'>\n\t\t\t\t\t<a class=\"rollover rollover-zoom dt-pswp-item\" title=\"275548386_393312289290040_2893208859178061609_n\" data-dt-img-description=\"\" data-large_image_width=\"526\" data-large_image_height=\"402\"href='https:\/\/www.radiopiu.net\/wordpress\/wp-content\/uploads\/2022\/03\/275548386_393312289290040_2893208859178061609_n.jpg'><img loading=\"lazy\" decoding=\"async\" width=\"150\" height=\"150\" src=\"https:\/\/www.radiopiu.net\/wordpress\/wp-content\/uploads\/2022\/03\/275548386_393312289290040_2893208859178061609_n-150x150.jpg\" class=\"attachment-thumbnail size-thumbnail\" alt=\"\" \/><\/a>\n\t\t\t\t<\/dt><\/dl><dl class='gallery-item'>\n\t\t\t\t<dt class='gallery-icon landscape'>\n\t\t\t\t\t<a class=\"rollover rollover-zoom dt-pswp-item\" title=\"275793914_649228756366107_3665381137520737190_n\" data-dt-img-description=\"\" data-large_image_width=\"515\" data-large_image_height=\"403\"href='https:\/\/www.radiopiu.net\/wordpress\/wp-content\/uploads\/2022\/03\/275793914_649228756366107_3665381137520737190_n.jpg'><img loading=\"lazy\" decoding=\"async\" width=\"150\" height=\"150\" src=\"https:\/\/www.radiopiu.net\/wordpress\/wp-content\/uploads\/2022\/03\/275793914_649228756366107_3665381137520737190_n-150x150.jpg\" class=\"attachment-thumbnail size-thumbnail\" alt=\"\" \/><\/a>\n\t\t\t\t<\/dt><\/dl><dl class='gallery-item'>\n\t\t\t\t<dt class='gallery-icon portrait'>\n\t\t\t\t\t<a class=\"rollover rollover-zoom dt-pswp-item\" title=\"275290296_689313448879150_6986630783835587599_n\" data-dt-img-description=\"\" data-large_image_width=\"318\" data-large_image_height=\"403\"href='https:\/\/www.radiopiu.net\/wordpress\/wp-content\/uploads\/2022\/03\/275290296_689313448879150_6986630783835587599_n.jpg'><img loading=\"lazy\" decoding=\"async\" width=\"150\" height=\"150\" src=\"https:\/\/www.radiopiu.net\/wordpress\/wp-content\/uploads\/2022\/03\/275290296_689313448879150_6986630783835587599_n-150x150.jpg\" class=\"attachment-thumbnail size-thumbnail\" alt=\"\" \/><\/a>\n\t\t\t\t<\/dt><\/dl><dl class='gallery-item'>\n\t\t\t\t<dt class='gallery-icon landscape'>\n\t\t\t\t\t<a class=\"rollover rollover-zoom dt-pswp-item\" title=\"276047920_338631998319921_7266868955533323040_n\" data-dt-img-description=\"\" data-large_image_width=\"526\" data-large_image_height=\"401\"href='https:\/\/www.radiopiu.net\/wordpress\/wp-content\/uploads\/2022\/03\/276047920_338631998319921_7266868955533323040_n.jpg'><img loading=\"lazy\" decoding=\"async\" width=\"150\" height=\"150\" src=\"https:\/\/www.radiopiu.net\/wordpress\/wp-content\/uploads\/2022\/03\/276047920_338631998319921_7266868955533323040_n-150x150.jpg\" class=\"attachment-thumbnail size-thumbnail\" alt=\"\" \/><\/a>\n\t\t\t\t<\/dt><\/dl><dl class='gallery-item'>\n\t\t\t\t<dt class='gallery-icon landscape'>\n\t\t\t\t\t<a class=\"rollover rollover-zoom dt-pswp-item\" title=\"275293714_679610266413654_3209004499940784693_n\" data-dt-img-description=\"\" data-large_image_width=\"535\" data-large_image_height=\"403\"href='https:\/\/www.radiopiu.net\/wordpress\/wp-content\/uploads\/2022\/03\/275293714_679610266413654_3209004499940784693_n.jpg'><img loading=\"lazy\" decoding=\"async\" width=\"150\" height=\"150\" src=\"https:\/\/www.radiopiu.net\/wordpress\/wp-content\/uploads\/2022\/03\/275293714_679610266413654_3209004499940784693_n-150x150.jpg\" class=\"attachment-thumbnail size-thumbnail\" alt=\"\" \/><\/a>\n\t\t\t\t<\/dt><\/dl><dl class='gallery-item'>\n\t\t\t\t<dt class='gallery-icon portrait'>\n\t\t\t\t\t<a class=\"rollover rollover-zoom dt-pswp-item\" title=\"275582886_2192898530886940_5438814939233085659_n\" data-dt-img-description=\"\" data-large_image_width=\"309\" data-large_image_height=\"403\"href='https:\/\/www.radiopiu.net\/wordpress\/wp-content\/uploads\/2022\/03\/275582886_2192898530886940_5438814939233085659_n.jpg'><img loading=\"lazy\" decoding=\"async\" width=\"150\" height=\"150\" src=\"https:\/\/www.radiopiu.net\/wordpress\/wp-content\/uploads\/2022\/03\/275582886_2192898530886940_5438814939233085659_n-150x150.jpg\" class=\"attachment-thumbnail size-thumbnail\" alt=\"\" \/><\/a>\n\t\t\t\t<\/dt><\/dl>\n\t\t\t\t<br style='clear: both' \/>\n\t\t\t<\/div>\n\n<p>NELLE FOTO (riproduzioni dal libro\u201dUna miniera veneta. Valle Imperina dal 1866 al 1962\u201d di Marco Orlandi): la copertina del volume;sede della direzione e stazione di scarico della filovia della miniera; fabbricati esterni di Val Imperina; addetti e carri per il trasporto di materiale; foto di gruppo dei lavoratori; ingresso secondario della miniera; cos\u00ec i fabbricati all\u2019inizio del secolo; altri fabbricati d\u2019epoca; i minatori di un tempo; lavoratori all\u2019ingresso principale del sito; foto ricordo per tre colleghi; interno della miniera; si scava all\u2019interno; una comitiva in visita; la famiglia Magni; minatori all\u2019interno di una \u201czecca\u201d; trasporto del minerale alla superficie attraverso il pozzo.<\/p>\n<p>&nbsp;<\/p>\n<hr \/>\n<p>&nbsp;<\/p>\n<blockquote>\n<h3><a class=\"dt-pswp-item\" href=\"https:\/\/www.radiopiu.net\/wordpress\/wp-content\/uploads\/2018\/08\/soccorsoalpino.jpg\" data-dt-img-description=\"\" data-large_image_width=\"1200\" data-large_image_height=\"1200\"><img loading=\"lazy\" decoding=\"async\" class=\"wp-image-59164 alignleft\" src=\"https:\/\/www.radiopiu.net\/wordpress\/wp-content\/uploads\/2018\/08\/soccorsoalpino-300x300.jpg\" alt=\"\" width=\"111\" height=\"111\" srcset=\"https:\/\/www.radiopiu.net\/wordpress\/wp-content\/uploads\/2018\/08\/soccorsoalpino-300x300.jpg 300w, https:\/\/www.radiopiu.net\/wordpress\/wp-content\/uploads\/2018\/08\/soccorsoalpino-150x150.jpg 150w, https:\/\/www.radiopiu.net\/wordpress\/wp-content\/uploads\/2018\/08\/soccorsoalpino-768x768.jpg 768w, https:\/\/www.radiopiu.net\/wordpress\/wp-content\/uploads\/2018\/08\/soccorsoalpino-1024x1024.jpg 1024w, https:\/\/www.radiopiu.net\/wordpress\/wp-content\/uploads\/2018\/08\/soccorsoalpino.jpg 1200w\" sizes=\"auto, (max-width: 111px) 100vw, 111px\" \/><\/a>SOCCORSO ALPINO, TEMPO DI BILANCI<\/h3>\n<\/blockquote>\n<p><strong>ASIAGO<\/strong> Saranno illustrati venerd\u00ec 25 marzo ad Asiago i dati relativi all&#8217;attivit\u00e0 e agli interventi del Soccorso Alpino e Speleologico Veneto svolti nell&#8217;anno 2021. La presentazione si terr\u00e0 alle 11, nella Sala della Reggenza, in Piazza Stazione n.1, alla presenza del Consiglio direttivo del Servizio regionale, che indicher\u00e0 inoltre le maggiori iniziative programmatiche per l\u2019anno in corso.<\/p>\n<p>&nbsp;<\/p>\n<p>&nbsp;<\/p>\n<hr \/>\n<p>&nbsp;<\/p>\n<h3><span style=\"color: #ff0000;\">ARCHIVIO RADIO PIU&#8217;, PRIMA PUBBLICAZIONE 5 MARZO 2022<\/span><\/h3>\n<p>&nbsp;<\/p>\n<blockquote>\n<h3>L&#8217;ASSOCIAZIONE CUCCHINI E PETTIROSSO AGORDINO ASSIEME PER L&#8217;ASSISTENZA ALLE PERSONE SEGUITE NELL&#8217;AMBITO DI CURE PALLIATIVE<\/h3>\n<\/blockquote>\n<p><strong><a class=\"dt-pswp-item\" href=\"https:\/\/www.radiopiu.net\/wordpress\/wp-content\/uploads\/2022\/03\/foto-al-centro-i-due-presidenti-scaled.jpg\" data-dt-img-description=\"\" data-large_image_width=\"2560\" data-large_image_height=\"2239\"><img loading=\"lazy\" decoding=\"async\" class=\"size-medium wp-image-263141 alignleft\" src=\"https:\/\/www.radiopiu.net\/wordpress\/wp-content\/uploads\/2022\/03\/foto-al-centro-i-due-presidenti-300x262.jpg\" alt=\"\" width=\"300\" height=\"262\" srcset=\"https:\/\/www.radiopiu.net\/wordpress\/wp-content\/uploads\/2022\/03\/foto-al-centro-i-due-presidenti-300x262.jpg 300w, https:\/\/www.radiopiu.net\/wordpress\/wp-content\/uploads\/2022\/03\/foto-al-centro-i-due-presidenti-1024x895.jpg 1024w, https:\/\/www.radiopiu.net\/wordpress\/wp-content\/uploads\/2022\/03\/foto-al-centro-i-due-presidenti-768x672.jpg 768w, https:\/\/www.radiopiu.net\/wordpress\/wp-content\/uploads\/2022\/03\/foto-al-centro-i-due-presidenti-1536x1343.jpg 1536w, https:\/\/www.radiopiu.net\/wordpress\/wp-content\/uploads\/2022\/03\/foto-al-centro-i-due-presidenti-2048x1791.jpg 2048w\" sizes=\"auto, (max-width: 300px) 100vw, 300px\" \/><\/a>AGORDO<\/strong> L\u2019associazione Cucchini e l\u2019associazione Pettirosso di Agordo fanno squadra. Le due realt\u00e0 attive da anni sul territorio provinciale per quanto riguarda l\u2019assistenza alle persone malate gravi hanno siglato una convenzione. \u00abL\u2019obiettivo \u00e8 promuovere iniziative comuni e il sostegno al sollievo dei pazienti, in collaborazione con l&#8217;Unit\u00e0 Operativa di Cure Palliative dell\u2019Ulss 1 Dolomiti di Belluno\u00bb spiegano i due presidenti, Paolo Colleselli (Cucchini) e Sonia D\u2019Agostini (Pettirosso). \u00abAggregare e armonizzare le azioni che i nostri volontari mettono in campo \u00e8 importante per poter fornire un servizio alle persone malate e ai loro familiari, soprattutto in un territorio vasto come quello bellunese, dove le difficolt\u00e0 operative non mancano\u00bb. La convenzione mette in campo un preciso programma di collaborazione che prevede tra le altre cose la disponibilit\u00e0 di Cucchini ad accogliere nel proprio magazzino presidi medicali e ausili che Pettirosso vorr\u00e0 avere a disposizione per i propri assistiti, in attesa di avere disponibile un proprio spazio. Ma anche la collaborazione tra volontari delle due associazioni nel servizio di consegna e ritiro degli ausili. \u00abImportante \u00e8 la formazione\u00bb sostengono Colleselli e D\u2019Agostini. \u00abPer questo viene aperta ai volontari di Pettirosso la frequenza alle iniziative formative di Cucchini, che da anni tiene corsi periodici. Analogamente viene reso possibile ai volontari di Pettirosso di frequentare, con tutoraggio dei volontari Cucchini, l\u2019Hospice di Belluno\u00bb. \u00abSiamo convinti che nel panorama delle cure pallative, come in altri ambiti del nostro territorio, lavorare insieme, pur conservando ciascuna associazione la propria autonomia, sia lo strumento migliore per fornire un servizio efficace\u00bb concludono i due presidenti. \u00abAvviamo una sinergia che ci auguriamo possa avere lunga vita davanti, anche per valorizzare l\u2019impegno costante dei nostri volontari\u00bb.<\/p>\n<p>&nbsp;<\/p>\n<p>&nbsp;<\/p>\n<p>&nbsp;<\/p>\n<hr \/>\n<p>&nbsp;<\/p>\n<blockquote>\n<h3><a class=\"dt-pswp-item\" href=\"https:\/\/www.radiopiu.net\/wordpress\/wp-content\/uploads\/2021\/02\/GAGGIA-LANTE.jpg\" data-dt-img-description=\"\" data-large_image_width=\"1761\" data-large_image_height=\"1761\"><img loading=\"lazy\" decoding=\"async\" class=\"wp-image-188890 alignleft\" src=\"https:\/\/www.radiopiu.net\/wordpress\/wp-content\/uploads\/2021\/02\/GAGGIA-LANTE-300x300.jpg\" alt=\"\" width=\"133\" height=\"133\" srcset=\"https:\/\/www.radiopiu.net\/wordpress\/wp-content\/uploads\/2021\/02\/GAGGIA-LANTE-300x300.jpg 300w, https:\/\/www.radiopiu.net\/wordpress\/wp-content\/uploads\/2021\/02\/GAGGIA-LANTE-1024x1024.jpg 1024w, https:\/\/www.radiopiu.net\/wordpress\/wp-content\/uploads\/2021\/02\/GAGGIA-LANTE-150x150.jpg 150w, https:\/\/www.radiopiu.net\/wordpress\/wp-content\/uploads\/2021\/02\/GAGGIA-LANTE-768x768.jpg 768w, https:\/\/www.radiopiu.net\/wordpress\/wp-content\/uploads\/2021\/02\/GAGGIA-LANTE-1536x1536.jpg 1536w, https:\/\/www.radiopiu.net\/wordpress\/wp-content\/uploads\/2021\/02\/GAGGIA-LANTE.jpg 1761w\" sizes=\"auto, (max-width: 133px) 100vw, 133px\" \/><\/a>GAGGIA LANTE: DI NUOVO SBARRATE LE PORTE AI VISITATORI<\/h3>\n<\/blockquote>\n<p><strong>\u00a0BELLUNO<\/strong> I contagi tornano a salire, anche\u00a0 alla \u00a0casa di riposo Gaggia Lante e le visite sono state sospese. . Ieri sono state rilevate altre 3 positivit\u00e0 tra gli anziani e 1 tra gli operatori. Il &#8220;focolaio&#8221; quindi \u00e8 passato a 6 persone positive tra i residenti e 5 operatori. Si tratta di nuovi contagi lievemente sintomatici e tutti del nucleo Bucaneve dove \u00e8 stato rilevato la settimana scorsa il primo caso.<\/p>\n<p>&nbsp;<\/p>\n<p>&nbsp;<\/p>\n<blockquote class=\"wp-embedded-content\" data-secret=\"asEWEXlojQ\"><p><a href=\"https:\/\/www.radiopiu.net\/wordpress\/ag01marzo2217\/\">CORONAVIRUS: AGGIORNAMENTO NAZIONALE 17 MARZO 2022<\/a><\/p><\/blockquote>\n<p><iframe loading=\"lazy\" class=\"wp-embedded-content\" sandbox=\"allow-scripts\" security=\"restricted\" style=\"position: absolute; clip: rect(1px, 1px, 1px, 1px);\" title=\"&#8220;CORONAVIRUS: AGGIORNAMENTO NAZIONALE 17 MARZO 2022&#8221; &#8212; Radio Pi\u00f9\" src=\"https:\/\/www.radiopiu.net\/wordpress\/ag01marzo2217\/embed\/#?secret=asEWEXlojQ\" data-secret=\"asEWEXlojQ\" width=\"600\" height=\"338\" frameborder=\"0\" marginwidth=\"0\" marginheight=\"0\" scrolling=\"no\"><\/iframe><\/p>\n<p>&nbsp;<\/p>\n<blockquote class=\"wp-embedded-content\" data-secret=\"riU9dNzl5b\"><p><a href=\"https:\/\/www.radiopiu.net\/wordpress\/aggmarz17\/\">NELLE ULTIME 24 ORE 6829 NUOVE POSITIVITA&#8217; E 7 DECESSI. NEGLI OSPEDALI LEGGERO CALO DEI RICOVERI<\/a><\/p><\/blockquote>\n<p><iframe loading=\"lazy\" class=\"wp-embedded-content\" sandbox=\"allow-scripts\" security=\"restricted\" style=\"position: absolute; clip: rect(1px, 1px, 1px, 1px);\" title=\"&#8220;NELLE ULTIME 24 ORE 6829 NUOVE POSITIVITA&#8217; E 7 DECESSI. NEGLI OSPEDALI LEGGERO CALO DEI RICOVERI&#8221; &#8212; Radio Pi\u00f9\" src=\"https:\/\/www.radiopiu.net\/wordpress\/aggmarz17\/embed\/#?secret=riU9dNzl5b\" data-secret=\"riU9dNzl5b\" width=\"600\" height=\"338\" frameborder=\"0\" marginwidth=\"0\" marginheight=\"0\" scrolling=\"no\"><\/iframe><\/p>\n<p>&nbsp;<\/p>\n<hr \/>\n<p>&nbsp;<\/p>\n<blockquote>\n<h3>SERVIZI PER L\u2019INFANZIA 31 MILIONI DALLA REGIONE VENETO<\/h3>\n<\/blockquote>\n<p><strong><a class=\"dt-pswp-item\" href=\"https:\/\/www.radiopiu.net\/wordpress\/wp-content\/uploads\/2020\/10\/mani-bambini.jpg\" data-dt-img-description=\"\" data-large_image_width=\"1920\" data-large_image_height=\"1280\"><img loading=\"lazy\" decoding=\"async\" class=\"wp-image-164891 alignleft\" src=\"https:\/\/www.radiopiu.net\/wordpress\/wp-content\/uploads\/2020\/10\/mani-bambini-300x200.jpg\" alt=\"\" width=\"188\" height=\"125\" srcset=\"https:\/\/www.radiopiu.net\/wordpress\/wp-content\/uploads\/2020\/10\/mani-bambini-300x200.jpg 300w, https:\/\/www.radiopiu.net\/wordpress\/wp-content\/uploads\/2020\/10\/mani-bambini-1024x683.jpg 1024w, https:\/\/www.radiopiu.net\/wordpress\/wp-content\/uploads\/2020\/10\/mani-bambini-768x512.jpg 768w, https:\/\/www.radiopiu.net\/wordpress\/wp-content\/uploads\/2020\/10\/mani-bambini-1536x1024.jpg 1536w, https:\/\/www.radiopiu.net\/wordpress\/wp-content\/uploads\/2020\/10\/mani-bambini.jpg 1920w\" sizes=\"auto, (max-width: 188px) 100vw, 188px\" \/><\/a>VENEZIA <\/strong>\u201c<em>L\u2019infanzia di oggi \u00e8 la societ\u00e0 veneta del domani. E\u2019 quindi un dovere istituzionale sostenere ovunque possibile i servizi di sostegno e accompagnamento a bambini e famiglie. Il sostegno all\u2019infanzia e alle scuole paritarie \u00e8\u2019 stato tra i grandi temi del bilancio regionale legati alla formazione. Un sistema che oggi accoglie 99mila bambini e soddisfa una domanda in crescita, che da tempo non trova risposte sufficienti dal sistema pubblico, al quale dedichiamo un investimento di 31 milioni di euro, cui vanno aggiunte altre decine di milioni per le scuole di formazione, istituti che permettono ai giovani di imparare un mestiere ed essere pronti il mondo del lavoro<\/em>.\u201d. Con queste parole, il Presidente della Regione Luca Zaia commenta la delibera con cui la Giunta regionale, su proposta dell\u2019Assessore alla Sanit\u00e0 e Sociale Manuela Lanzarin, ha approvato la deliberazione con cui si sostengono &#8211; con 31 milioni di euro &#8211; i servizi per l&#8217;infanzia accreditati (asili nido pubblici e privati, anche nidi aziendali, nonch\u00e9 scuole dell&#8217;infanzia) coprendo l&#8217;arco dell&#8217;offerta di cura e del percorso di crescita dei bambini e delle bambine di et\u00e0 da 3 mesi a 6 anni. I fondi sono equamente suddivisi tra le due fasce di attivit\u00e0 rivolte ai bambini ed alle bambine in base all&#8217;et\u00e0, ovvero \u20ac 15.500.000,00 per servizi alla prima infanzia (asili nido) \u20ac 15.500.000,00 per scuole dell\u2019infanzia. I criteri di ripartizione dei fondi sono rimasti gli stessi degli anni precedenti, e portano a 103,29 euro al mese per ogni bambino iscritto per i mesi riconosciuti.<\/p>\n<p>&nbsp;<\/p>\n<p>&nbsp;<\/p>\n<hr \/>\n<p>&nbsp;<\/p>\n<blockquote>\n<h3>BUON LAVORO DA UNCEM ALLA COMMISSIONE CHE DOVRA&#8217; VALUTARE I BORGHI CANDIDATI SUL PNRR<\/h3>\n<\/blockquote>\n<p><strong><a class=\"dt-pswp-item\" href=\"https:\/\/www.radiopiu.net\/wordpress\/wp-content\/uploads\/2020\/11\/logoUNCEM_no_scritta-wdtr.jpg\" data-dt-img-description=\"\" data-large_image_width=\"640\" data-large_image_height=\"640\"><img loading=\"lazy\" decoding=\"async\" class=\"wp-image-170846 alignleft\" src=\"https:\/\/www.radiopiu.net\/wordpress\/wp-content\/uploads\/2020\/11\/logoUNCEM_no_scritta-wdtr-300x300.jpg\" alt=\"\" width=\"119\" height=\"119\" srcset=\"https:\/\/www.radiopiu.net\/wordpress\/wp-content\/uploads\/2020\/11\/logoUNCEM_no_scritta-wdtr-300x300.jpg 300w, https:\/\/www.radiopiu.net\/wordpress\/wp-content\/uploads\/2020\/11\/logoUNCEM_no_scritta-wdtr-150x150.jpg 150w, https:\/\/www.radiopiu.net\/wordpress\/wp-content\/uploads\/2020\/11\/logoUNCEM_no_scritta-wdtr.jpg 640w\" sizes=\"auto, (max-width: 119px) 100vw, 119px\" \/><\/a>ROMA<\/strong> Uncem auspica che la Commissione che dovr\u00e0 valutare qualche migliaia di progetti di Comuni italiani candidati sul &#8216;bando borghi&#8217; del PNRR, promosso dal Ministero della Cultura, possa farlo nel modo migliore, con valutazioni che permettano di scegliere i progetti migliori per i paesi. Uncem non ha mai condiviso l&#8217;impostazione del bando. Ora chi dovr\u00e0 scegliere lo faccia con efficacia. Dia all&#8217;Italia e all&#8217;Europa veri progetti di rigenerazione che portino posti di lavoro, benessere, economia viva, duratura nei paesi. I fondi destinati ai borghi li dovremo restituire all&#8217;Europa. Non possiamo sbagliare.<\/p>\n<p>&nbsp;<\/p>\n<p>&nbsp;<\/p>\n<hr \/>\n<p>&nbsp;<\/p>\n<blockquote>\n<h3>DATA DELLE ELEZIONI AMMINISTRATIVE E TERZO MANDATO NEI COMUNI PICCOLI, UNCEM: URGENTI INDICAZIONI AI SINDACI<\/h3>\n<p><strong>di Marco Bussone, Presidente nazionale Uncem.<\/strong><\/p><\/blockquote>\n<p><strong><a class=\"dt-pswp-item\" href=\"https:\/\/www.radiopiu.net\/wordpress\/wp-content\/uploads\/2019\/05\/ELEZIONI-COMUNALI.jpg\" data-dt-img-description=\"\" data-large_image_width=\"751\" data-large_image_height=\"488\"><img loading=\"lazy\" decoding=\"async\" class=\" wp-image-86550 alignleft\" src=\"https:\/\/www.radiopiu.net\/wordpress\/wp-content\/uploads\/2019\/05\/ELEZIONI-COMUNALI-300x195.jpg\" alt=\"\" width=\"171\" height=\"111\" srcset=\"https:\/\/www.radiopiu.net\/wordpress\/wp-content\/uploads\/2019\/05\/ELEZIONI-COMUNALI-300x195.jpg 300w, https:\/\/www.radiopiu.net\/wordpress\/wp-content\/uploads\/2019\/05\/ELEZIONI-COMUNALI.jpg 751w\" sizes=\"auto, (max-width: 171px) 100vw, 171px\" \/><\/a>ROMA<\/strong><em> &#8220;Auspico che nei prossimi giorni Ministero dell&#8217;Interno e tutto il Governo possano sciogliere due questioni che in questi giorni i Sindaci sottopongono a Uncem e alle Associazioni degli Enti locali. Quando saranno le elezioni Amministrative, se in primavera o in autunno, e se verr\u00e0 sbloccato il terzo mandato per i Comuni con meno di 5.000 abitanti, previsto da un disegno di legge all&#8217;esame del Parlamento, gi\u00e0 varato alla Camera e ora in Senato. Mi rendo benissimo conto che priorit\u00e0 e urgenze siano altre, tra emergenza umanitaria, guerra e pandemia. Ma sono certo che la Ministra Lamorgese e il Governo stiano lavorando con e per i Comuni e a brevissimo interverranno, con il Parlamento sul terzo mandato per i Sindaci, su queste due vicende importanti per le Autonomie locali&#8221;.<\/em><\/p>\n<p>&nbsp;<\/p>\n<p>&nbsp;<\/p>\n<hr \/>\n<p>&nbsp;<\/p>\n<blockquote>\n<h3>BELLUNO APRE LE PORTE AGLI APPUNTAMENTI CHE CONTANO<\/h3>\n<\/blockquote>\n<p><strong>BELLUNO<\/strong>\u00a0 Fino a domani\u00a0 \u00a0la citt\u00e0 ospita\u00a0 l&#8217;assemblea dell&#8217;Associazione Citt\u00e0 Alpine dell&#8217;Anno e l&#8217;evento finale del progetto Alps 2030, promosso da Cipra e finanziato dall&#8217;Unione Europea. Vede coinvolti una trentina di ragazzi dall&#8217;Italia, Francia, Liechtenstein, Germania, Austria e Slovenia. L&#8217;assemblea delle Citt\u00e0 Alpine si terr\u00e0 stamane a Palazzo Bembo,\u00a0 nel pomeriggio sindaci e rappresentanti delle Citt\u00e0 Alpine\u00a0 parteciperanno a una &#8220;caccia al tesoro&#8221;\u00a0 organizzata dai ragazzi di Alps 2030 e dedicata agli obbiettivi green e sostenibili dell&#8217;Agenda ONU 2030 e poi alla tavola rotonda, aperta al pubblico dalle 17.00 a Palazzo Bembo, su eventi e sostenibilit\u00e0 nelle Alpi.<\/p>\n\n\t\t\t<style type='text\/css'>\n\t\t\t\t#gallery-4 {\n\t\t\t\t\tmargin: auto;\n\t\t\t\t}\n\t\t\t\t#gallery-4 .gallery-item {\n\t\t\t\t\tfloat: left;\n\t\t\t\t\tmargin-top: 10px;\n\t\t\t\t\ttext-align: center;\n\t\t\t\t\twidth: 33%;\n\t\t\t\t}\n\t\t\t\t#gallery-4 img {\n\t\t\t\t\tborder: 2px solid #cfcfcf;\n\t\t\t\t}\n\t\t\t\t#gallery-4 .gallery-caption {\n\t\t\t\t\tmargin-left: 0;\n\t\t\t\t}\n\t\t\t\t\/* see gallery_shortcode() in wp-includes\/media.php *\/\n\t\t\t<\/style>\n\t\t<div id='gallery-4' class='dt-gallery-container gallery galleryid-265229 gallery-columns-3 gallery-size-thumbnail'><dl class='gallery-item'>\n\t\t\t\t<dt class='gallery-icon landscape'>\n\t\t\t\t\t<a class=\"rollover rollover-zoom dt-pswp-item\" title=\"IMG_2470\" data-dt-img-description=\"\" data-large_image_width=\"2560\" data-large_image_height=\"1707\"href='https:\/\/www.radiopiu.net\/wordpress\/wp-content\/uploads\/2022\/03\/IMG_2470-1-scaled.jpg'><img loading=\"lazy\" decoding=\"async\" width=\"150\" height=\"150\" src=\"https:\/\/www.radiopiu.net\/wordpress\/wp-content\/uploads\/2022\/03\/IMG_2470-1-150x150.jpg\" class=\"attachment-thumbnail size-thumbnail\" alt=\"\" \/><\/a>\n\t\t\t\t<\/dt><\/dl><dl class='gallery-item'>\n\t\t\t\t<dt class='gallery-icon landscape'>\n\t\t\t\t\t<a class=\"rollover rollover-zoom dt-pswp-item\" title=\"IMG_2446\" data-dt-img-description=\"\" data-large_image_width=\"2560\" data-large_image_height=\"1707\"href='https:\/\/www.radiopiu.net\/wordpress\/wp-content\/uploads\/2022\/03\/IMG_2446-1-scaled.jpg'><img loading=\"lazy\" decoding=\"async\" width=\"150\" height=\"150\" src=\"https:\/\/www.radiopiu.net\/wordpress\/wp-content\/uploads\/2022\/03\/IMG_2446-1-150x150.jpg\" class=\"attachment-thumbnail size-thumbnail\" alt=\"\" \/><\/a>\n\t\t\t\t<\/dt><\/dl><dl class='gallery-item'>\n\t\t\t\t<dt class='gallery-icon landscape'>\n\t\t\t\t\t<a class=\"rollover rollover-zoom dt-pswp-item\" title=\"IMG_2481\" data-dt-img-description=\"\" data-large_image_width=\"2560\" data-large_image_height=\"1707\"href='https:\/\/www.radiopiu.net\/wordpress\/wp-content\/uploads\/2022\/03\/IMG_2481-1-scaled.jpg'><img loading=\"lazy\" decoding=\"async\" width=\"150\" height=\"150\" src=\"https:\/\/www.radiopiu.net\/wordpress\/wp-content\/uploads\/2022\/03\/IMG_2481-1-150x150.jpg\" class=\"attachment-thumbnail size-thumbnail\" alt=\"\" \/><\/a>\n\t\t\t\t<\/dt><\/dl><br style=\"clear: both\" \/>\n\t\t\t<\/div>\n\n<p><strong>IL SINDACO JACOPO MASSARO<\/strong><\/p>\n<audio class=\"wp-audio-shortcode\" id=\"audio-265229-8\" preload=\"none\" style=\"width: 100%;\" controls=\"controls\"><source type=\"audio\/mpeg\" src=\"https:\/\/www.radiopiu.net\/wordpress\/wp-content\/uploads\/2022\/03\/Massaro-Assemblea-Citta-Alpine-dellAnno.mp3?_=8\" \/><a href=\"https:\/\/www.radiopiu.net\/wordpress\/wp-content\/uploads\/2022\/03\/Massaro-Assemblea-Citta-Alpine-dellAnno.mp3\">https:\/\/www.radiopiu.net\/wordpress\/wp-content\/uploads\/2022\/03\/Massaro-Assemblea-Citta-Alpine-dellAnno.mp3<\/a><\/audio>\n<p>&nbsp;<\/p>\n<p><strong>L&#8217;ASSESSORA YUKI D&#8217;EMILIA<\/strong><\/p>\n<audio class=\"wp-audio-shortcode\" id=\"audio-265229-9\" preload=\"none\" style=\"width: 100%;\" controls=\"controls\"><source type=\"audio\/mpeg\" src=\"https:\/\/www.radiopiu.net\/wordpress\/wp-content\/uploads\/2022\/03\/dEmilia-Assemblea-Citta-Alpine-dellAnno.mp3?_=9\" \/><a href=\"https:\/\/www.radiopiu.net\/wordpress\/wp-content\/uploads\/2022\/03\/dEmilia-Assemblea-Citta-Alpine-dellAnno.mp3\">https:\/\/www.radiopiu.net\/wordpress\/wp-content\/uploads\/2022\/03\/dEmilia-Assemblea-Citta-Alpine-dellAnno.mp3<\/a><\/audio>\n<p>&nbsp;<\/p>\n<p><strong>UROS BREZAN, presidente dell&#8217;associazione e sindaco di Tolmino, in Slovenia.<\/strong><\/p>\n<audio class=\"wp-audio-shortcode\" id=\"audio-265229-10\" preload=\"none\" style=\"width: 100%;\" controls=\"controls\"><source type=\"audio\/mpeg\" src=\"https:\/\/www.radiopiu.net\/wordpress\/wp-content\/uploads\/2022\/03\/Brezan-Assemblea-Citta-Alpine-dellAnno.mp3?_=10\" \/><a href=\"https:\/\/www.radiopiu.net\/wordpress\/wp-content\/uploads\/2022\/03\/Brezan-Assemblea-Citta-Alpine-dellAnno.mp3\">https:\/\/www.radiopiu.net\/wordpress\/wp-content\/uploads\/2022\/03\/Brezan-Assemblea-Citta-Alpine-dellAnno.mp3<\/a><\/audio>\n<p>&nbsp;<\/p>\n<p>&nbsp;<\/p>\n<hr \/>\n<p>&nbsp;<\/p>\n<blockquote>\n<h3>VERSO LE OLIMPIADI 2026, NUOVE ECONOMIE, MORELLI &#8220;SIAMO IN PIENA CORSA&#8221;<\/h3>\n<\/blockquote>\n<p><strong><img loading=\"lazy\" decoding=\"async\" class=\"alignleft\" src=\"https:\/\/www.radiopiu.net\/wordpress\/wp-content\/uploads\/2022\/03\/1df67523-ca50-4f90-9a67-fe9a42d3f453.jpg\" width=\"215\" height=\"161\" \/>BELLUNO<\/strong> ll viceministro alle Infrastrutture e Mobilit\u00e0 sostenibili, Alessandro Morelli, ha incontrato i sindaci del Bellunese, presso la Prefettura, per fare il punto sui progetti infrastrutturali connessi alle Olimpiadi invernali. Hanno preso parte all&#8217;incontro, fra gli altri, Roberto Padrin, presidente della Provincia di Belluno ed Edoardo Valente presidente di Anas<\/p>\n<p><strong>DALLA REDAZIONE DI RADIO CLUB 103, BARBARA PAOLAZZI\u00a0<\/strong><\/p>\n<audio class=\"wp-audio-shortcode\" id=\"audio-265229-11\" preload=\"none\" style=\"width: 100%;\" controls=\"controls\"><source type=\"audio\/mpeg\" src=\"https:\/\/www.radiopiu.net\/wordpress\/wp-content\/uploads\/2022\/03\/SERVIZIO_COMPLETO_MORELLI_A_BL5ycgp.mp3?_=11\" \/><a href=\"https:\/\/www.radiopiu.net\/wordpress\/wp-content\/uploads\/2022\/03\/SERVIZIO_COMPLETO_MORELLI_A_BL5ycgp.mp3\">https:\/\/www.radiopiu.net\/wordpress\/wp-content\/uploads\/2022\/03\/SERVIZIO_COMPLETO_MORELLI_A_BL5ycgp.mp3<\/a><\/audio>\n<p>&nbsp;<\/p>\n<p><strong>L&#8217;ONOREVOLE\u00a0 MIRCO BADOLE\u00a0<\/strong><\/p>\n<audio class=\"wp-audio-shortcode\" id=\"audio-265229-12\" preload=\"none\" style=\"width: 100%;\" controls=\"controls\"><source type=\"audio\/mpeg\" src=\"https:\/\/www.radiopiu.net\/wordpress\/wp-content\/uploads\/2022\/03\/ADOLE.mp3?_=12\" \/><a href=\"https:\/\/www.radiopiu.net\/wordpress\/wp-content\/uploads\/2022\/03\/ADOLE.mp3\">https:\/\/www.radiopiu.net\/wordpress\/wp-content\/uploads\/2022\/03\/ADOLE.mp3<\/a><\/audio>\n<p><strong>\u00a0<\/strong><\/p>\n<p><strong>IL CONSIGLIERE REGIONALE SILVIA CESTARO\u00a0<\/strong><\/p>\n<audio class=\"wp-audio-shortcode\" id=\"audio-265229-13\" preload=\"none\" style=\"width: 100%;\" controls=\"controls\"><source type=\"audio\/mpeg\" src=\"https:\/\/www.radiopiu.net\/wordpress\/wp-content\/uploads\/2022\/03\/CESTARO.mp3?_=13\" \/><a href=\"https:\/\/www.radiopiu.net\/wordpress\/wp-content\/uploads\/2022\/03\/CESTARO.mp3\">https:\/\/www.radiopiu.net\/wordpress\/wp-content\/uploads\/2022\/03\/CESTARO.mp3<\/a><\/audio>\n<p>&nbsp;<\/p>\n<p>&nbsp;<\/p>\n<p align=\"JUSTIFY\"><span style=\"color: #222222;\"><span style=\"font-size: medium;\"><b>MILANO-CORTINA 2026. ZAIA, \u201cDAL GOVERNO LA CONFERMA CHE AVEVAMO VISTO GIUSTO\u201d<\/b><\/span><\/span><\/p>\n<p align=\"JUSTIFY\"><span style=\"color: #222222;\"><span style=\"font-size: medium;\">\u00a0<\/span><\/span><\/p>\n<p align=\"JUSTIFY\"><span style=\"color: #222222;\"><span style=\"font-size: medium;\"><strong><a class=\"dt-pswp-item\" href=\"https:\/\/www.radiopiu.net\/wordpress\/wp-content\/uploads\/2020\/11\/ZAIA-MASCHERINA-e1616680380412.png\" data-dt-img-description=\"\" data-large_image_width=\"1428\" data-large_image_height=\"792\"><img loading=\"lazy\" decoding=\"async\" class=\"size-medium wp-image-175303 alignleft\" src=\"https:\/\/www.radiopiu.net\/wordpress\/wp-content\/uploads\/2020\/11\/ZAIA-MASCHERINA-e1616680380412-300x166.png\" alt=\"\" width=\"300\" height=\"166\" srcset=\"https:\/\/www.radiopiu.net\/wordpress\/wp-content\/uploads\/2020\/11\/ZAIA-MASCHERINA-e1616680380412-300x166.png 300w, https:\/\/www.radiopiu.net\/wordpress\/wp-content\/uploads\/2020\/11\/ZAIA-MASCHERINA-e1616680380412-1024x568.png 1024w, https:\/\/www.radiopiu.net\/wordpress\/wp-content\/uploads\/2020\/11\/ZAIA-MASCHERINA-e1616680380412-768x426.png 768w, https:\/\/www.radiopiu.net\/wordpress\/wp-content\/uploads\/2020\/11\/ZAIA-MASCHERINA-e1616680380412.png 1428w\" sizes=\"auto, (max-width: 300px) 100vw, 300px\" \/><\/a>VENEZIA<\/strong>\u00a0 \u00a0<\/span><\/span><em><span style=\"color: #222222;\">\u201c<span style=\"font-size: medium;\">Quando lanciai la candidatura di Cortina alle Olimpiadi invernali 2026 dicendo che avrebbero portato sviluppo e investimenti, quelli che sanno sempre tutto risero. Oggi a Belluno, il Viceministro Morelli ci ha dato conferma che le cose stanno andando per il verso giusto\u201d. <\/span><\/span><\/em><span style=\"color: #222222;\"><span style=\"font-size: medium;\">Lo dice il Presidente della Regione Veneto, Luca Zaia, commentando la notizia che le Olimpiadi invernali 2026 porteranno 600 milioni di investimenti per le opere del cosiddetto \u201cpacchetto locale\u201d. <\/span><\/span><span style=\"color: #222222;\">\u201c<em><span style=\"font-size: medium;\">Parliamo \u2013 aggiunge Zaia \u2013 di opere infrastrutturali, come la variante di Longarone e quella di Cortina che, senza questa straordinaria occasione di sviluppo, chiss\u00e0 quando si sarebbero potute finanziare e realizzare. Il fascino dei Giochi Olimpici \u2013 conclude Zaia \u2013 \u00e8 insito nelle competizioni, nello sport, ma lo sport a questo livello \u00e8 anche uno straordinario elemento di progresso economico, turistico e infrastrutturale le cui ricadute positive si vedranno per anni, nelle nostre montagne ma non solo\u201d.<\/span><\/em><\/span><\/p>\n<p>&nbsp;<\/p>\n<hr \/>\n<p>&nbsp;<\/p>\n<blockquote>\n<h3>TERZO APPUNTAMENTO SUL PNRR CON LO SPI CGIL<\/h3>\n<\/blockquote>\n<p><strong>BELLUNO <\/strong>PNRR AL FEMMINILE &#8211; le strategie che vincono la disuguaglianza, \u00e8 il 3\u00b0 appuntamento pubblico proposto dallo SPI CGIL di Belluno che tratta il tema del Piano Nazionale Ripresa Resilienza e domani sar\u00e0 presentato in sala Bianchi, viale Fantuzzi 11 Belluno alle 10.30. Una ricerca all\u2019interno delle 6 missioni di quanto sostenuto e dettato nelle premesse del piano stesso e ribadito negli obiettivi del pilastro europeo dei diritti sociali. Ne discutono Maria Rita Gentilin, segretario SPI CGIL di Belluno e Renato Bressan, del dipartimento contrattazione SPI CGIL Nazionale.<\/p>\n<p>&nbsp;<\/p>\n<p>&nbsp;<\/p>\n<hr \/>\n<p>&nbsp;<\/p>\n<blockquote>\n<h3>DOMENICA 27 MARZO: UNA CAREZZA ALLA VITA, OLTRE LE BOMBE<\/h3>\n<\/blockquote>\n<p>&nbsp;<\/p>\n<table class=\"rnb-col-1\" border=\"0\" width=\"100%\" cellspacing=\"0\" cellpadding=\"0\" align=\"left\">\n<tbody>\n<tr>\n<td>\n<div><a class=\"dt-pswp-item\" href=\"https:\/\/www.radiopiu.net\/wordpress\/wp-content\/uploads\/2022\/03\/31d9588a51a08cdf0a0be1c074f41ef772309020b301623e698cf2712059409e.jpg\" data-dt-img-description=\"\" data-large_image_width=\"595\" data-large_image_height=\"842\"><img loading=\"lazy\" decoding=\"async\" class=\"wp-image-265163 alignleft\" src=\"https:\/\/www.radiopiu.net\/wordpress\/wp-content\/uploads\/2022\/03\/31d9588a51a08cdf0a0be1c074f41ef772309020b301623e698cf2712059409e-212x300.jpg\" alt=\"\" width=\"113\" height=\"159\" srcset=\"https:\/\/www.radiopiu.net\/wordpress\/wp-content\/uploads\/2022\/03\/31d9588a51a08cdf0a0be1c074f41ef772309020b301623e698cf2712059409e-212x300.jpg 212w, https:\/\/www.radiopiu.net\/wordpress\/wp-content\/uploads\/2022\/03\/31d9588a51a08cdf0a0be1c074f41ef772309020b301623e698cf2712059409e.jpg 595w\" sizes=\"auto, (max-width: 113px) 100vw, 113px\" \/><\/a><br \/>\nIl Mattone del mondo per costruire la pace: i sindaci dei comuni di Feltre e Pedavena hanno invitato tutti i sindaci del Bellunese a presenziare alla consegna del Mattone del mondo e sottoscrivere una petizione che verr\u00e0 inviata assieme ai mattoni ai Capi di Stato della Federazione Russa e la Repubblica Ucraina. Un\u2019iniziativa dei sindaci di Feltre e Pedavena d\u2019intesa con la Comunit\u00e0 \u201cVilla San Francesco\u201d e la Cooperativa Sociale Arcobaleno \u201886. La consegna dei Mattoni del mondo, iniziata nel 2018, destinati nel tempo a raggiungere tutti i 199 Rappresentanti ufficiali dei Paesi del mondo, saranno consegnati nelle mani di due ragazzi, che li faranno poi avere alle Ambasciate della Federazione Russa e la Repubblica Ucraina in Italia. L\u2019invito \u00e8 aperto a quanti vorranno unirsi nella firma di questo atto che sar\u00e0 possibile fino a domenica 27 marzo al Museo dei Sogni.<\/div>\n<\/td>\n<\/tr>\n<\/tbody>\n<\/table>\n<p>&nbsp;<\/p>\n<hr \/>\n<p>&nbsp;<\/p>\n<p>&nbsp;<\/p>\n<hr \/>\n<h3><\/h3>\n<blockquote>\n<h3>DOMENICA TORNA LA GIORNATA ECOLOGICA IN CENTRO ALLA SCOPERTA DEGLI ALBERI TRA PARCO BOLOGNA E PIAZZA MARTIRI<\/h3>\n<\/blockquote>\n<p><strong>BELLUNO <\/strong>Torna domenica 20 marzo la \u201cgiornata ecologica\u201d prevista dall\u2019ordinanza antismog che ha recepito le indicazioni dell\u2019 \u201cAccordo di Bacino Padano per l\u2019adozione coordinata e congiunta di misure per il miglioramento della qualit\u00e0 dell\u2019aria\u201d; si tratta del penultimo appuntamento prima della scadenza dell&#8217;ordinanza, che vedr\u00e0 un&#8217;ultima domenica ecologica nel mese di aprile. Invariati orari, deroghe e aree interessate: stop a tutti i mezzi a motore in centro storico dalle 9.00 alle 19.00<\/p>\n<p>&nbsp;<\/p>\n<hr \/>\n<p>&nbsp;<\/p>\n<blockquote>\n<h3>IN PROGRAMMA DUE GIORNATE ECOLOGICHE A CENCENIGHE<\/h3>\n<\/blockquote>\n<p><strong><a class=\"dt-pswp-item\" href=\"https:\/\/www.radiopiu.net\/wordpress\/wp-content\/uploads\/2022\/02\/Rifiuti_abbandonati.jpg\" data-dt-img-description=\"\" data-large_image_width=\"1171\" data-large_image_height=\"642\"><img loading=\"lazy\" decoding=\"async\" class=\" wp-image-257319 alignleft\" src=\"https:\/\/www.radiopiu.net\/wordpress\/wp-content\/uploads\/2022\/02\/Rifiuti_abbandonati-300x164.jpg\" alt=\"\" width=\"183\" height=\"100\" srcset=\"https:\/\/www.radiopiu.net\/wordpress\/wp-content\/uploads\/2022\/02\/Rifiuti_abbandonati-300x164.jpg 300w, https:\/\/www.radiopiu.net\/wordpress\/wp-content\/uploads\/2022\/02\/Rifiuti_abbandonati-1024x561.jpg 1024w, https:\/\/www.radiopiu.net\/wordpress\/wp-content\/uploads\/2022\/02\/Rifiuti_abbandonati-768x421.jpg 768w, https:\/\/www.radiopiu.net\/wordpress\/wp-content\/uploads\/2022\/02\/Rifiuti_abbandonati.jpg 1171w\" sizes=\"auto, (max-width: 183px) 100vw, 183px\" \/><\/a>CENCENIGHE<\/strong> L&#8217;amministrazione comunale di Cencenighe in collaborazione con la Pro Loco organizza due giornate ecologiche per la raccolta di rifiuti abbandonati. Sabato 2 aprile il ritrovo alle 8 con l&#8217;assegnazione dell&#8217;area di pulizia, alle 13 il pranzo al Nof Fil\u00f2 e subito dopo l&#8217;eventuale prosecuzione dei lavori. Domenica 3 aprile il ritrovo alle 8 con l&#8217;assegnazione dell&#8217;area di pulizia e alle 12 il pranzo sempre al Nof Fil\u00f2. L&#8217;attrezzatura verr\u00e0 fornita da Valpe Ambiente e le immondizie raccolte saranno conferite all&#8217;ecocentro. I bambini che vogliono partecipare alle giornate dovranno essere accompagnati. In caso di maltempo la manifestazione sar\u00e0 rinviata al fine settimana successivo del 9 e 10 aprile.<\/p>\n<p>&nbsp;<\/p>\n<p>&nbsp;<\/p>\n<hr \/>\n<p>&nbsp;<\/p>\n<blockquote>\n<h3>21 MARZO : GIORNATA MONDIALE DELLE PERSONE CON SINDROME \u00a0di \u00a0DOWN<\/h3>\n<\/blockquote>\n<p><strong><a class=\"dt-pswp-item\" href=\"https:\/\/www.radiopiu.net\/wordpress\/wp-content\/uploads\/2022\/03\/Malga-Pramper-2.jpg\" data-dt-img-description=\"\" data-large_image_width=\"752\" data-large_image_height=\"500\"><img loading=\"lazy\" decoding=\"async\" class=\" wp-image-265013 alignleft\" src=\"https:\/\/www.radiopiu.net\/wordpress\/wp-content\/uploads\/2022\/03\/Malga-Pramper-2-300x199.jpg\" alt=\"\" width=\"216\" height=\"143\" srcset=\"https:\/\/www.radiopiu.net\/wordpress\/wp-content\/uploads\/2022\/03\/Malga-Pramper-2-300x199.jpg 300w, https:\/\/www.radiopiu.net\/wordpress\/wp-content\/uploads\/2022\/03\/Malga-Pramper-2.jpg 752w\" sizes=\"auto, (max-width: 216px) 100vw, 216px\" \/><\/a>FELTRE<\/strong>\u00a0 \u00a0Il 21 marzo \u00e8 da molti anni la data di riferimento per la Giornata Mondiale della sindrome di Down. Quest\u2019anno l\u2019AIPD (Associazione Italiana Persone Down) della provincia di Belluno ricorda la Giornata con la presentazione, in un ciclo di quattro serate, della Guida escursionistica \u201cUn Parco per tutti\u201d. L\u2019AIPD ha coinvolto nell\u2019iniziativa anche l\u2019Associazione ASSI e il Centro Diurno ULSS \u201cMedaglie d\u2019oro\u201d di Feltre: La presentazione della Guida, con rappresentanti dell\u2019Ente Parco, ed i protagonisti \u00a0avverr\u00e0 con quattro serate, tutte ad inizio alle 20.15: venerd\u00ec 18 marzo a Feltre all\u2019Auditorium Canossiano, sabato 19 marzo a Belluno Sala \u201cBianchi\u201d, venerd\u00ec 25 marzo a Cesiomaggiore Museo Etnografico di Seravella e sabato 26 marzo a Quero, Sala \u201cBice Lazzari\u201d.<\/p>\n<p>&nbsp;<\/p>\n<p>&nbsp;<\/p>\n<hr \/>\n<p>&nbsp;<\/p>\n<blockquote>\n<h3>CAMMINATURALMENTE CON ANACLETO BORANGA<\/h3>\n<\/blockquote>\n<p><strong>BELLUNO<\/strong> Domani camminata nell&#8217;itinerario naturalistico e ambientale di Villa Miari di Cugnac, Domenica 20 marzo alle Antiche Rogge lungo il Cordevole e domenica 27 marzo nel Bosco delle Castagne.\u00a0 Informazioni ed iscrizioni allo 0437 948093 entro le 12 del venerdi precedente l&#8217;evento.<\/p>\n<p>&nbsp;<\/p>\n<p>&nbsp;<\/p>\n<hr \/>\n<p>&nbsp;<\/p>\n<blockquote>\n<h3>LA SIGNORA DELLA VAL DI FRELA BRUCERA&#8217; SUL BROI<\/h3>\n<p><strong>DOMENICA 27 MARZO SUL BROI DI AGORDO, DOPO DUE ANNI IL RITORNO DELLA VECIA POPA, il sindaco Chissal\u00e8 ha gi\u00e0 firmato le ordinanze. Attesa per la lettura del testamento<\/strong><\/p>\n<p>&nbsp;<\/p><\/blockquote>\n<p>&nbsp;<\/p>\n<hr \/>\n<blockquote>\n<h3><\/h3>\n<h3>DOMENICA AL COL DEI BOS CON IL CAI DI AGORDO<\/h3>\n<\/blockquote>\n<p><strong>AGORDO<\/strong> Le Dolomiti d&#8217;Ampezzo sono le protagoniste della prossima escursione con\u00a0le racchette da neve in programma <strong>domenica 20 marzo<\/strong>. Un&#8217;uscita di media difficolt\u00e0 che percorrer\u00e0 in gran parte i luoghi della Grande Guerra con partenza da Passo Falzarego fino a raggiungere dapprima la Forcella Col dei Bos e poi la cima del <strong>Col dei Bos<\/strong>. Come tutti i punti strategici bellici, da qui si potr\u00e0 godere di una vista a tutto tondo sulle Dolomiti ed in particolare sulla Val Travenanzes. Escursione classificata <strong>EAI-PD<\/strong>. Ritrovo in Piazzale Marconi alle 7:15 e trasferimento con mezzi propri. Per informazioni e iscrizioni 380 6983040.<\/p>\n<p>&nbsp;<\/p>\n<p>&nbsp;<\/p>\n<hr \/>\n<p>&nbsp;<\/p>\n<blockquote>\n<h3>DOMENICA A SAN GREGORIO NELLE ALPI &#8220;LA DIVINA IN-CANTA&#8221;<\/h3>\n<\/blockquote>\n<p><strong>SAN GREGORIO NELLE ALPI <\/strong>Domenica 20 marzo 2022 presso la Palestra Comunale di San Gregorio nelle Alpi la Compagnia Ana \u2013 Thema Teatro presenta \u201cLa Divina in-canta\u201d letture, pensieri e canzoni dalla Divina Commedia. Sono previsti due spettacoli, il primo alle 18.30 e il secondo alle 20.30. Prenotazione obbligatoria 346 4759362.<\/p>\n<p>&nbsp;<\/p>\n<p>&nbsp;<\/p>\n<hr \/>\n<p>&nbsp;<\/p>\n<blockquote>\n<h3>OGGI LA PRESENTAZIONE DEL LIBRO SU DON ELIO LARESE<\/h3>\n<\/blockquote>\n<p><strong>BELLUNO<\/strong> Oggi\u00a0 ricorre il primo anniversario della scomparsa di don Elio Larese. La diocesi di Belluno-Feltre e il Liceo classico-scientifico \u201cLollino\u201d lo ricordano con due appuntamenti. Alle 17.00, nell\u2019aula magna del Seminario Gregoriano, verr\u00e0 presentato il libro \u201cUn chicco di grano \u2013 don Elio e noi\u201d. Di seguito, alle 18.30, in Cattedrale a Belluno, sar\u00e0 celebrata la santa Messa.<\/p>\n<p>&nbsp;<\/p>\n<p>&nbsp;<\/p>\n<hr \/>\n<p>&nbsp;<\/p>\n<blockquote>\n<h3>OGGI LA PROIEZIONE DEL DOCUFILM &#8220;DOVE NUOTANO I CAPRIOLI&#8221;<\/h3>\n<\/blockquote>\n<p><strong>FONZASO <\/strong>\u00c8 in programma per oggi alle 20:30 presso la ex scuola elementare di Arten la proiezione del documentario &#8220;Dove Nuotano I Caprioli&#8221;. L\u2019acqua del Cadore ha ispirato antichissimi culti e leggende popolari, plasmando nel tempo forme del paesaggio, vita delle comunit\u00e0 ed economie della zona. Per prenotare il posto <a href=\"https:\/\/webkolm.musvc2.net\/e\/t?q=5%3d1TMS9a%267%3dZ%26n%3dULW%26o%3dWMV2S%26F%3d0tKAK_rrnr_32_CsSq_M8_rrnr_27yGlF8At03Mb.0E_JQtk_Tf50Ne-EFGt29G-i-4vHr00Di_IluP_S1_JQtk_UfLEE_sFFJc6_CsSq_N6n6HKl6ELeI_CsSq_MXuK8_Ee54Mm_IluP_Ty7m24D_rrnr_2WFLm_4vEp249n_IluP_Ty5oE17r69Ra_Il3a2vuP_SNHr69Gt2KAoEz%266%3dmLDNcS.97t%260D%3dT6UP&amp;mupckp=mupAtu4m8OiX0wt\">CLICCA QUI<\/a><\/p>\n<p>&nbsp;<\/p>\n<p>&nbsp;<\/p>\n<hr \/>\n<p>&nbsp;<\/p>\n<blockquote>\n<h3>IL PIANISTA GIUSEPPE ALBANESE A BELLUNO<\/h3>\n<\/blockquote>\n<p><strong><a class=\"dt-pswp-item\" href=\"https:\/\/www.radiopiu.net\/wordpress\/wp-content\/uploads\/2022\/03\/Albanese.jpg\" data-dt-img-description=\"\" data-large_image_width=\"1260\" data-large_image_height=\"803\"><img loading=\"lazy\" decoding=\"async\" class=\" wp-image-265309 alignleft\" src=\"https:\/\/www.radiopiu.net\/wordpress\/wp-content\/uploads\/2022\/03\/Albanese-300x191.jpg\" alt=\"\" width=\"201\" height=\"128\" srcset=\"https:\/\/www.radiopiu.net\/wordpress\/wp-content\/uploads\/2022\/03\/Albanese-300x191.jpg 300w, https:\/\/www.radiopiu.net\/wordpress\/wp-content\/uploads\/2022\/03\/Albanese-1024x653.jpg 1024w, https:\/\/www.radiopiu.net\/wordpress\/wp-content\/uploads\/2022\/03\/Albanese-768x489.jpg 768w, https:\/\/www.radiopiu.net\/wordpress\/wp-content\/uploads\/2022\/03\/Albanese.jpg 1260w\" sizes=\"auto, (max-width: 201px) 100vw, 201px\" \/><\/a>BELLUNO <\/strong>Il pianista Giuseppe Albanese sar\u00e0 al Teatro Comunale di Belluno, marted\u00ec 22 marzo, alle 20:30, per la 69a Stagione del Circolo Culturale Bellunese. Un viaggio attraverso le pi\u00f9 celebri melodie per il balletto, nelle trascrizioni per pianoforte dai grandi pianisti e compositori tra &#8216;800 e &#8216;900. Per il concerto \u00e8 richiesta la prenotazione, presso Agenzia Alpe Bellunese: tel. 0437 940407, e-mail: <a href=\"mailto:info@alpebellunese.it\">info@alpebellunese.it<\/a>. Si accede con greenpass rafforzato (a partire dai 12 anni) e mascherina FFP2, nel rispetto delle norme anti Covid-19.\u00a0 Informazioni, note di sala e biglietti su www.belcircolo.org<\/p>\n<p>&nbsp;<\/p>\n<p>&nbsp;<\/p>\n<p>&nbsp;<\/p>\n<hr \/>\n<p>&nbsp;<\/p>\n<h2><span style=\"color: #ff0000;\">IERI ALLA RADIO\u00a0<\/span><\/h2>\n<h2><span style=\"color: #808000;\">ALLO ZERO TERMICO: MARVIN VIEL, IL PASTICCERE CON IL DIABETE<\/span><\/h2>\n<blockquote><p><em class=\"photoswipe-wrapper\"><a class=\"dt-pswp-item\" href=\"https:\/\/www.radiopiu.net\/wordpress\/wp-content\/uploads\/2022\/03\/Schermata-2022-03-17-alle-10.29.37.png\" data-dt-img-description=\"\" data-large_image_width=\"1746\" data-large_image_height=\"1100\"><img loading=\"lazy\" decoding=\"async\" class=\" wp-image-265321 alignleft\" src=\"https:\/\/www.radiopiu.net\/wordpress\/wp-content\/uploads\/2022\/03\/Schermata-2022-03-17-alle-10.29.37-300x189.png\" alt=\"\" width=\"219\" height=\"138\" srcset=\"https:\/\/www.radiopiu.net\/wordpress\/wp-content\/uploads\/2022\/03\/Schermata-2022-03-17-alle-10.29.37-300x189.png 300w, https:\/\/www.radiopiu.net\/wordpress\/wp-content\/uploads\/2022\/03\/Schermata-2022-03-17-alle-10.29.37-1024x645.png 1024w, https:\/\/www.radiopiu.net\/wordpress\/wp-content\/uploads\/2022\/03\/Schermata-2022-03-17-alle-10.29.37-768x484.png 768w, https:\/\/www.radiopiu.net\/wordpress\/wp-content\/uploads\/2022\/03\/Schermata-2022-03-17-alle-10.29.37-1536x968.png 1536w, https:\/\/www.radiopiu.net\/wordpress\/wp-content\/uploads\/2022\/03\/Schermata-2022-03-17-alle-10.29.37.png 1746w\" sizes=\"auto, (max-width: 219px) 100vw, 219px\" \/><\/a>ZERO TERMICO E\u2019 UN VIAGGIO ALLA SCOPERTA DEL NOSTRO TERRITORIO, DALLA VOCE DEI PROTAGONISTI. TURISMO, SPORT, EVENTI, CULTURA, INTRATTENIMENTO. DAL LUNEDI\u2019 AL VENERDI ALLE 15.10 ALLE 20.30. ZERO TERMICO. UN APPUNTAMENTO IN COLLABORAZIONE CON: SPORT 203. LA NATURALE PORTA D\u2019INGRESSO\u2026.VERSO LO ZERO TERMICO. LOCALITA\u2019 LE CAMPE STRADA AGORDO BELLUNO. ABBIGLIAMENTO E ATTREZZATURA\u2026.DEDICATI A CHI AMA LA MONTAGNA.<\/em><\/p><\/blockquote>\n<p><strong>di Claudio Fontanive<\/strong><\/p>\n<p><strong>OSPITE: Marvin Viel<\/strong><\/p>\n<audio class=\"wp-audio-shortcode\" id=\"audio-265229-14\" preload=\"none\" style=\"width: 100%;\" controls=\"controls\"><source type=\"audio\/mpeg\" src=\"https:\/\/www.radiopiu.net\/wordpress\/wp-content\/uploads\/2022\/03\/marvian-vien-17-marzo.mp3?_=14\" \/><a href=\"https:\/\/www.radiopiu.net\/wordpress\/wp-content\/uploads\/2022\/03\/marvian-vien-17-marzo.mp3\">https:\/\/www.radiopiu.net\/wordpress\/wp-content\/uploads\/2022\/03\/marvian-vien-17-marzo.mp3<\/a><\/audio>\n<p>&nbsp;<\/p>\n<hr \/>\n<p>&nbsp;<\/p>\n<p><strong>TUTTI I LUNEDI ALLE 10,30 E 1900, LA DOMENICA ALLE 8 007 IN CONDOTTA, LA SCUOLA CON LA PROF. MARIA ROSA SALMAZO E CLAUDIO FONTANIVE, IN PODCAST TUTTE LE PUNTATE DELLE ULTIME STAGIONI.<\/strong><\/p>\n<blockquote class=\"wp-embedded-content\" data-secret=\"0NajovWoq0\"><p><a href=\"https:\/\/www.radiopiu.net\/wordpress\/007incondotta-9\/\">007 in condotta<\/a><\/p><\/blockquote>\n<p><iframe loading=\"lazy\" class=\"wp-embedded-content\" sandbox=\"allow-scripts\" security=\"restricted\" style=\"position: absolute; clip: rect(1px, 1px, 1px, 1px);\" title=\"&#8220;007 in condotta&#8221; &#8212; Radio Pi\u00f9\" src=\"https:\/\/www.radiopiu.net\/wordpress\/007incondotta-9\/embed\/#?secret=0NajovWoq0\" data-secret=\"0NajovWoq0\" width=\"600\" height=\"338\" frameborder=\"0\" marginwidth=\"0\" marginheight=\"0\" scrolling=\"no\"><\/iframe><\/p>\n<p>&nbsp;<\/p>\n<p>&nbsp;<\/p>\n<hr \/>\n<p>&nbsp;<\/p>\n<p>&nbsp;<\/p>\n<div>\n<div class=\"b654a4as d2edcug0\">\n<div class=\"rq0escxv hkbzh7o3 jwdofwj8 n8tt0mok r8blr3vg hyh9befq\">\n<p><a class=\"dt-pswp-item\" href=\"https:\/\/www.radiopiu.net\/wordpress\/wp-content\/uploads\/2020\/10\/pp.jpg\" data-dt-img-description=\"\" data-large_image_width=\"640\" data-large_image_height=\"640\"><img loading=\"lazy\" decoding=\"async\" class=\"wp-image-163678 alignleft\" src=\"https:\/\/www.radiopiu.net\/wordpress\/wp-content\/uploads\/2020\/10\/pp-300x300.jpg\" alt=\"\" width=\"106\" height=\"106\" srcset=\"https:\/\/www.radiopiu.net\/wordpress\/wp-content\/uploads\/2020\/10\/pp-300x300.jpg 300w, https:\/\/www.radiopiu.net\/wordpress\/wp-content\/uploads\/2020\/10\/pp-150x150.jpg 150w, https:\/\/www.radiopiu.net\/wordpress\/wp-content\/uploads\/2020\/10\/pp-125x125.jpg 125w, https:\/\/www.radiopiu.net\/wordpress\/wp-content\/uploads\/2020\/10\/pp-200x200.jpg 200w, https:\/\/www.radiopiu.net\/wordpress\/wp-content\/uploads\/2020\/10\/pp-80x80.jpg 80w, https:\/\/www.radiopiu.net\/wordpress\/wp-content\/uploads\/2020\/10\/pp-480x480.jpg 480w, https:\/\/www.radiopiu.net\/wordpress\/wp-content\/uploads\/2020\/10\/pp.jpg 640w\" sizes=\"auto, (max-width: 106px) 100vw, 106px\" \/><\/a><\/p>\n<\/div>\n<\/div>\n<\/div>\n<div>\n<div class=\"page-title-head hgroup\">\n<div class=\"page-title-head hgroup\">\n<div class=\"b654a4as d2edcug0\">\n<div class=\"j83agx80 btwxx1t3 lhclo0ds hop8lmos nkwizq5d scwd0bx6 roh60bw9\">\n<div class=\"rq0escxv hkbzh7o3 jwdofwj8 n8tt0mok r8blr3vg hyh9befq\">\n<div class=\"do00u71z l9j0dhe7 k4urcfbm\">\n<h2><span style=\"color: #000080;\">\u00a0<\/span><span style=\"color: #000080;\">DON CESARE, IL PENSIERO DEL GIORNO. ALLA RADIO ALLE 7 DEL MATTINO E ALLE 19.30 DELLA SERA.\u00a0<\/span><\/h2>\n<audio class=\"wp-audio-shortcode\" id=\"audio-265229-15\" preload=\"none\" style=\"width: 100%;\" controls=\"controls\"><source type=\"audio\/mpeg\" src=\"https:\/\/www.radiopiu.net\/wordpress\/wp-content\/uploads\/2022\/03\/cesare-9.mp3?_=15\" \/><a href=\"https:\/\/www.radiopiu.net\/wordpress\/wp-content\/uploads\/2022\/03\/cesare-9.mp3\">https:\/\/www.radiopiu.net\/wordpress\/wp-content\/uploads\/2022\/03\/cesare-9.mp3<\/a><\/audio>\n<p>&nbsp;<\/p>\n<p>\u200b\u200b\u200b<\/p>\n<\/div>\n<\/div>\n<\/div>\n<\/div>\n<\/div>\n<\/div>\n<\/div>\n<p>&nbsp;<\/p>\n<hr \/>\n<p>&nbsp;<\/p>\n<h3 class=\"kvgmc6g5 cxmmr5t8 oygrvhab hcukyx3x c1et5uql\"><span style=\"color: #0000ff;\"><strong>INFORMAZIONE il canale su TELEGRAM informazione di prima mano e in tempo reale. iscriviti ed aiutaci a farlo conoscere\u00a0 \u00a0<\/strong><\/span><\/h3>\n<p>&nbsp;<\/p>\n<blockquote class=\"wp-embedded-content\" data-secret=\"KtJysJvXO5\"><p><a href=\"https:\/\/www.radiopiu.net\/wordpress\/agopiu20annifa\/\">VENT&#8217;ANNI FA&#8230; OSCAR TIBOLLA PRESIDENTE DELLA PROLOCO A CANALE D&#8217;AGORDO<\/a><\/p><\/blockquote>\n<p><iframe loading=\"lazy\" class=\"wp-embedded-content\" sandbox=\"allow-scripts\" security=\"restricted\" style=\"position: absolute; clip: rect(1px, 1px, 1px, 1px);\" title=\"&#8220;VENT&#8217;ANNI FA&#8230; OSCAR TIBOLLA PRESIDENTE DELLA PROLOCO A CANALE D&#8217;AGORDO&#8221; &#8212; Radio Pi\u00f9\" src=\"https:\/\/www.radiopiu.net\/wordpress\/agopiu20annifa\/embed\/#?secret=KtJysJvXO5\" data-secret=\"KtJysJvXO5\" width=\"600\" height=\"338\" frameborder=\"0\" marginwidth=\"0\" marginheight=\"0\" scrolling=\"no\"><\/iframe><\/p>\n<p>&nbsp;<\/p>\n<p>&nbsp;<\/p>\n<hr \/>\n<p>&nbsp;<\/p>\n<div class=\"do00u71z l9j0dhe7 k4urcfbm\">\n<div class=\"page-title-head hgroup\">\n<div class=\"page-title-head hgroup\">\n<div class=\"b654a4as d2edcug0\">\n<div class=\"j83agx80 btwxx1t3 lhclo0ds hop8lmos nkwizq5d scwd0bx6 roh60bw9\">\n<div class=\"rq0escxv hkbzh7o3 jwdofwj8 n8tt0mok r8blr3vg hyh9befq\">\n<div class=\"do00u71z l9j0dhe7 k4urcfbm\">\n<div class=\"page-title-head hgroup\">\n<div class=\"page-title-head hgroup\">\n<div class=\"b654a4as d2edcug0\">\n<div class=\"j83agx80 btwxx1t3 lhclo0ds hop8lmos nkwizq5d scwd0bx6 roh60bw9\">\n<div class=\"rq0escxv hkbzh7o3 jwdofwj8 n8tt0mok r8blr3vg hyh9befq\">\n<div class=\"do00u71z l9j0dhe7 k4urcfbm\">\n<div class=\"ecm0bbzt e5nlhep0 a8c37x1j\">\n<div class=\"kvgmc6g5 cxmmr5t8 oygrvhab hcukyx3x c1et5uql\">\n<div class=\"gmail-kvgmc6g5 gmail-cxmmr5t8 gmail-oygrvhab gmail-hcukyx3x gmail-c1et5uql gmail-ii04i59q\">\n<div class=\"page-title-head hgroup\">\n<div class=\"page-title-head hgroup\">\n<div class=\"b654a4as d2edcug0\">\n<div class=\"j83agx80 btwxx1t3 lhclo0ds hop8lmos nkwizq5d scwd0bx6 roh60bw9\">\n<div class=\"rq0escxv hkbzh7o3 jwdofwj8 n8tt0mok r8blr3vg hyh9befq\">\n<div class=\"do00u71z l9j0dhe7 k4urcfbm\">\n<div class=\"page-title-head hgroup\">\n<div class=\"page-title-head hgroup\">\n<div class=\"b654a4as d2edcug0\">\n<div class=\"j83agx80 btwxx1t3 lhclo0ds hop8lmos nkwizq5d scwd0bx6 roh60bw9\">\n<div class=\"rq0escxv hkbzh7o3 jwdofwj8 n8tt0mok r8blr3vg hyh9befq\">\n<div class=\"do00u71z l9j0dhe7 k4urcfbm\">\n<div class=\"page-title-head hgroup\">\n<div class=\"page-title-head hgroup\">\n<div class=\"b654a4as d2edcug0\">\n<div class=\"j83agx80 btwxx1t3 lhclo0ds hop8lmos nkwizq5d scwd0bx6 roh60bw9\">\n<div class=\"rq0escxv hkbzh7o3 jwdofwj8 n8tt0mok r8blr3vg hyh9befq\">\n<div class=\"do00u71z l9j0dhe7 k4urcfbm\">\n<div class=\"ecm0bbzt e5nlhep0 a8c37x1j\">\n<div class=\"kvgmc6g5 cxmmr5t8 oygrvhab hcukyx3x c1et5uql\">\n<div class=\"gmail-kvgmc6g5 gmail-cxmmr5t8 gmail-oygrvhab gmail-hcukyx3x gmail-c1et5uql gmail-ii04i59q\">\n<div class=\"page-title-head hgroup\">\n<div class=\"page-title-head hgroup\">\n<div class=\"b654a4as d2edcug0\">\n<div class=\"j83agx80 btwxx1t3 lhclo0ds hop8lmos nkwizq5d scwd0bx6 roh60bw9\">\n<div class=\"rq0escxv hkbzh7o3 jwdofwj8 n8tt0mok r8blr3vg hyh9befq\">\n<div class=\"do00u71z l9j0dhe7 k4urcfbm\">\n<blockquote>\n<h3><span style=\"color: #ff0000;\">IN VIVO VERSO, SETTIMA STAGIONE CON BRUNELLA MORO, DAL LUNEDI AL VENERDI ALLE 7.10, 10.10 E 18.50\u00a0\u00a0<\/span><\/h3>\n<h3>L&#8217;INDEFINITO di MARIA ANTONIETTA BAFILE<\/h3>\n<\/blockquote>\n<p>AUDIO<\/p>\n<audio class=\"wp-audio-shortcode\" id=\"audio-265229-16\" preload=\"none\" style=\"width: 100%;\" controls=\"controls\"><source type=\"audio\/mpeg\" src=\"https:\/\/www.radiopiu.net\/wordpress\/wp-content\/uploads\/2022\/03\/04-Maria-Antonietta-bafile.mp3?_=16\" \/><a href=\"https:\/\/www.radiopiu.net\/wordpress\/wp-content\/uploads\/2022\/03\/04-Maria-Antonietta-bafile.mp3\">https:\/\/www.radiopiu.net\/wordpress\/wp-content\/uploads\/2022\/03\/04-Maria-Antonietta-bafile.mp3<\/a><\/audio>\n<p>&nbsp;<\/p>\n<p>&nbsp;<\/p>\n<p><strong><img loading=\"lazy\" decoding=\"async\" class=\"alignleft\" src=\"https:\/\/www.radiopiu.net\/wordpress\/wp-content\/uploads\/2022\/03\/MARIA-ANTONIETTA-BAFILE-300x300.jpg\" width=\"152\" height=\"152\" \/>L&#8217;INDEFINITO<\/strong><\/p>\n<p>Fuori diluvia&#8230;<br \/>\nTuoni&#8230;<br \/>\nFulmini&#8230;<br \/>\nEcco che qualcuno&#8230;<br \/>\nO qualcosa<br \/>\n\u00c8 venuto a trovarmi&#8230;<br \/>\nChi?<br \/>\nCosa?<br \/>\n\u00c8 indefinibile&#8230;<br \/>\nNon tutto si pu\u00f2 sempre definire&#8230;<br \/>\nMi ha messo una matita in mano&#8230;<br \/>\nUn pennarello nero&#8230;<br \/>\nDavanti un foglio bianco&#8230;<br \/>\nE anche un piccolo cestino<br \/>\nColmo di colori&#8230;<br \/>\nChi \u00e8 questo qualcosa?<br \/>\nChi \u00e8 questo qualcuno indefinito?<br \/>\n\u00c8 il Destino&#8230;<br \/>\nLui ci mette tra le mani&#8230;<br \/>\nA disposizione gli strumenti&#8230;<br \/>\nA noi tocca usarli<br \/>\nNel migliore dei modi&#8230;<br \/>\nTocca a noi disegnare&#8230;<br \/>\nColorare&#8230;<br \/>\nLe nostre ore&#8230;<br \/>\nLe nostre giornate&#8230;<br \/>\nI nostri anni della nostra vita&#8230;<br \/>\nSempre sotto la sua guida&#8230;<br \/>\nPerch\u00e9&#8230;<br \/>\nAnche se non sembra&#8230;<br \/>\nAnche se sembriamo liberi&#8230;<br \/>\nDietro c&#8217;\u00e8 sempre la sua manina&#8230;<\/p>\n<div class=\"page-title-breadcrumbs\">\n<p><strong>LA RACCOLTA COMPLETA\u00a0<\/strong><\/p>\n<\/div>\n<blockquote class=\"wp-embedded-content\" data-secret=\"NrSOFFY6Zd\"><p><a href=\"https:\/\/www.radiopiu.net\/wordpress\/in-vivo-verso\/\">In Vivo Verso<\/a><\/p><\/blockquote>\n<p><iframe loading=\"lazy\" class=\"wp-embedded-content\" sandbox=\"allow-scripts\" security=\"restricted\" style=\"position: absolute; clip: rect(1px, 1px, 1px, 1px);\" title=\"&#8220;In Vivo Verso&#8221; &#8212; Radio Pi\u00f9\" src=\"https:\/\/www.radiopiu.net\/wordpress\/in-vivo-verso\/embed\/#?secret=NrSOFFY6Zd\" data-secret=\"NrSOFFY6Zd\" width=\"600\" height=\"338\" frameborder=\"0\" marginwidth=\"0\" marginheight=\"0\" scrolling=\"no\"><\/iframe><\/p>\n<p>&nbsp;<\/p>\n<hr \/>\n<p>&nbsp;<\/p>\n<h2><span style=\"color: #808000;\">GOCCE DI FILOSOFIA<\/span><\/h2>\n<p><strong>GOCCE DI FILOSOFIA PUNTATA 159 LISA DE LUCA<\/strong><\/p>\n<p><strong>AUDIO<\/strong><\/p>\n<audio class=\"wp-audio-shortcode\" id=\"audio-265229-17\" preload=\"none\" style=\"width: 100%;\" controls=\"controls\"><source type=\"audio\/mpeg\" src=\"https:\/\/www.radiopiu.net\/wordpress\/wp-content\/uploads\/2022\/03\/FI4-1.mp3?_=17\" \/><a href=\"https:\/\/www.radiopiu.net\/wordpress\/wp-content\/uploads\/2022\/03\/FI4-1.mp3\">https:\/\/www.radiopiu.net\/wordpress\/wp-content\/uploads\/2022\/03\/FI4-1.mp3<\/a><\/audio>\n<p>&nbsp;<\/p>\n<p><strong>LA RACCOLTA COMPLETA<\/strong><\/p>\n<blockquote class=\"wp-embedded-content\" data-secret=\"lsH7mZBXwI\"><p><a href=\"https:\/\/www.radiopiu.net\/wordpress\/gocce-filosofia\/\">Gocce di filosofia, PRIMA E SECONDA STAGIONE 2022<\/a><\/p><\/blockquote>\n<p><iframe loading=\"lazy\" class=\"wp-embedded-content\" sandbox=\"allow-scripts\" security=\"restricted\" style=\"position: absolute; clip: rect(1px, 1px, 1px, 1px);\" title=\"&#8220;Gocce di filosofia, PRIMA E SECONDA STAGIONE 2022&#8221; &#8212; Radio Pi\u00f9\" src=\"https:\/\/www.radiopiu.net\/wordpress\/gocce-filosofia\/embed\/#?secret=lsH7mZBXwI\" data-secret=\"lsH7mZBXwI\" width=\"600\" height=\"338\" frameborder=\"0\" marginwidth=\"0\" marginheight=\"0\" scrolling=\"no\"><\/iframe><\/p>\n<p>&nbsp;<\/p>\n<hr \/>\n<p>&nbsp;<\/p>\n<p>&nbsp;<\/p>\n<blockquote class=\"wp-embedded-content\" data-secret=\"YMx4kEkN3N\"><p><a href=\"https:\/\/www.radiopiu.net\/wordpress\/39anniradiopiu\/\">39 ANNI DI RADIO&#8230; DAGLI ARCHIVI LE CINQUE FOTO DEL GIORNO<\/a><\/p><\/blockquote>\n<p><iframe loading=\"lazy\" class=\"wp-embedded-content\" sandbox=\"allow-scripts\" security=\"restricted\" style=\"position: absolute; clip: rect(1px, 1px, 1px, 1px);\" title=\"&#8220;39 ANNI DI RADIO&#8230; DAGLI ARCHIVI LE CINQUE FOTO DEL GIORNO&#8221; &#8212; Radio Pi\u00f9\" src=\"https:\/\/www.radiopiu.net\/wordpress\/39anniradiopiu\/embed\/#?secret=YMx4kEkN3N\" data-secret=\"YMx4kEkN3N\" width=\"600\" height=\"338\" frameborder=\"0\" marginwidth=\"0\" marginheight=\"0\" scrolling=\"no\"><\/iframe><\/p>\n<p>&nbsp;<\/p>\n<p>&nbsp;<\/p>\n<hr \/>\n<p>&nbsp;<\/p>\n<p><span style=\"color: #0000ff;\">MUSICA PIU&#8217;\u00a0<\/span><\/p>\n<p><a href=\"https:\/\/www.radiopiu.net\/wordpress\/giornale-radiopiu-20-settembre-2021-direttore-mirko-mezzacasa\/pp-79\/\" rel=\"attachment wp-att-232921\"><img loading=\"lazy\" decoding=\"async\" class=\"wp-image-232921 alignleft\" src=\"https:\/\/www.radiopiu.net\/wordpress\/wp-content\/uploads\/2021\/09\/pp-1-300x300.jpg\" alt=\"\" width=\"135\" height=\"135\" srcset=\"https:\/\/www.radiopiu.net\/wordpress\/wp-content\/uploads\/2021\/09\/pp-1-300x300.jpg 300w, https:\/\/www.radiopiu.net\/wordpress\/wp-content\/uploads\/2021\/09\/pp-1-150x150.jpg 150w, https:\/\/www.radiopiu.net\/wordpress\/wp-content\/uploads\/2021\/09\/pp-1.jpg 640w\" sizes=\"auto, (max-width: 135px) 100vw, 135px\" \/><\/a><\/p>\n<div class=\"mkdf-post-text\">\n<div class=\"mkdf-post-text-inner\">\n<div class=\"mkdf-post-text-main\">\n<div class=\"mkdf-post-text\">\n<div class=\"mkdf-post-text-inner\">\n<div class=\"mkdf-post-text-main\">\n<div class=\"mkdf-post-text\">\n<div class=\"mkdf-post-text-inner\">\n<div class=\"mkdf-post-text-main\">\n<div class=\"page-title-head hgroup\">\n<div class=\"page-title-head hgroup\">\n<div class=\"mkdf-post-text\">\n<div class=\"mkdf-post-text-inner\">\n<div class=\"mkdf-post-text-main\">\n<div class=\"mkdf-post-text\">\n<div class=\"mkdf-post-text-inner\">\n<div class=\"mkdf-post-text-main\">\n<div class=\"page-title-head hgroup\">\n<div class=\"page-title-head hgroup\">\n<div class=\"page-title-head hgroup\">\n<div class=\"page-title-head hgroup\">\n<div class=\"b654a4as d2edcug0\">\n<div class=\"page-title-head hgroup\">\n<div class=\"page-title-head hgroup\">\n<div class=\"page-title-head hgroup\">\n<div class=\"page-title-head hgroup\">\n<div class=\"b654a4as d2edcug0\">\n<div class=\"page-title-head hgroup\">\n<div class=\"page-title-head hgroup\">\n<div class=\"page-title-head hgroup\">\n<div class=\"page-title-head hgroup\">\n<div class=\"b654a4as d2edcug0\">\n<div class=\"mkdf-post-text\">\n<div class=\"mkdf-post-text-inner\">\n<div class=\"mkdf-post-text-main\">\n<div class=\"mkdf-post-text\">\n<div class=\"mkdf-post-text-inner\">\n<div class=\"mkdf-post-text-main\">\n<div class=\"mkdf-post-text\">\n<div class=\"mkdf-post-text-inner\">\n<div class=\"mkdf-post-text-main\">\n<div class=\"page-title-head hgroup\">\n<div class=\"page-title-head hgroup\">\n<div class=\"mkdf-post-text\">\n<div class=\"mkdf-post-text-inner\">\n<div class=\"mkdf-post-text-main\">\n<div class=\"mkdf-post-text\">\n<div class=\"mkdf-post-text-inner\">\n<div class=\"mkdf-post-text-main\">\n<div class=\"page-title-head hgroup\">\n<div class=\"page-title-head hgroup\">\n<div class=\"page-title-head hgroup\">\n<div class=\"page-title-head hgroup\">\n<div class=\"b654a4as d2edcug0\">\n<div class=\"page-title-head hgroup\">\n<div class=\"page-title-head hgroup\">\n<div class=\"page-title-head hgroup\">\n<div class=\"page-title-head hgroup\">\n<div class=\"b654a4as d2edcug0\">\n<div class=\"page-title-head hgroup\">\n<div class=\"page-title-head hgroup\">\n<div class=\"page-title-head hgroup\">\n<div class=\"page-title-head hgroup\">\n<div class=\"b654a4as d2edcug0\">\n<div><\/div>\n<div><\/div>\n<div>\n<p><strong>MUSICA ALLA RADIO, IL PROGRAMMA DI LORIS SCUSSEL &#8220;COLLAGE OPERAZIONE NOSTALGIA&#8221; DAL LUNEDI AL VENERDI ALLE 16.00\u00a0 E ALLE 23\u00a0<\/strong><\/p>\n<\/div>\n<p>&nbsp;<\/p>\n<p><strong>Puntata 564 del 17 Marzo 2022<\/strong><\/p>\n<audio class=\"wp-audio-shortcode\" id=\"audio-265229-18\" preload=\"none\" style=\"width: 100%;\" controls=\"controls\"><source type=\"audio\/mpeg\" src=\"https:\/\/www.radiopiu.net\/wordpress\/wp-content\/uploads\/2022\/03\/Collage-564.mp3?_=18\" \/><a href=\"https:\/\/www.radiopiu.net\/wordpress\/wp-content\/uploads\/2022\/03\/Collage-564.mp3\">https:\/\/www.radiopiu.net\/wordpress\/wp-content\/uploads\/2022\/03\/Collage-564.mp3<\/a><\/audio>\n<p>&nbsp;<\/p>\n<p>&nbsp;<\/p>\n<hr \/>\n<\/div>\n<\/div>\n<\/div>\n<\/div>\n<\/div>\n<\/div>\n<\/div>\n<\/div>\n<\/div>\n<\/div>\n<\/div>\n<\/div>\n<\/div>\n<\/div>\n<\/div>\n<\/div>\n<\/div>\n<\/div>\n<\/div>\n<\/div>\n<\/div>\n<\/div>\n<\/div>\n<\/div>\n<\/div>\n<\/div>\n<\/div>\n<\/div>\n<\/div>\n<\/div>\n<\/div>\n<\/div>\n<\/div>\n<\/div>\n<\/div>\n<\/div>\n<\/div>\n<\/div>\n<\/div>\n<\/div>\n<\/div>\n<\/div>\n<\/div>\n<\/div>\n<\/div>\n<\/div>\n<\/div>\n<\/div>\n<\/div>\n<\/div>\n<\/div>\n<\/div>\n<\/div>\n<\/div>\n<\/div>\n<\/div>\n<\/div>\n<\/div>\n<\/div>\n<\/div>\n<\/div>\n<\/div>\n<\/div>\n<\/div>\n<p>&nbsp;<\/p>\n<blockquote>\n<h3><span style=\"color: #0000ff;\">INFORMAZIONE il canale su TELEGRAM informazione di prima mano e in tempo reale. iscriviti ed aiutaci a farlo conoscere\u00a0\u00a0<\/span><\/h3>\n<\/blockquote>\n<div>\n<div class=\"page-title-head hgroup\">\n<div class=\"page-title-head hgroup\">\n<div class=\"page-title-head hgroup\">\n<div class=\"page-title-head hgroup\">\n<div class=\"b654a4as d2edcug0\">\n<div class=\"page-title-head hgroup\">\n<div class=\"page-title-head hgroup\">\n<div class=\"page-title-head hgroup\">\n<div class=\"page-title-head hgroup\">\n<div class=\"b654a4as d2edcug0\">\n<div class=\"page-title-head hgroup\">\n<div class=\"page-title-head hgroup\">\n<div class=\"page-title-head hgroup\">\n<div class=\"page-title-head hgroup\">\n<div class=\"page-title-head hgroup\">\n<div class=\"page-title-head hgroup\">\n<div class=\"page-title-head hgroup\">\n<div class=\"page-title-head hgroup\">\n<div class=\"page-title-head hgroup\">\n<div class=\"b654a4as d2edcug0\">\n<div class=\"page-title-head hgroup\">\n<div class=\"page-title-head hgroup\">\n<div class=\"page-title-head hgroup\">\n<div class=\"page-title-head hgroup\">\n<div class=\"b654a4as d2edcug0\">\n<div>\n<p>&nbsp;<\/p>\n<\/div>\n<div>\n<div class=\"page-title-head hgroup\">\n<div class=\"page-title-head hgroup\">\n<div class=\"page-title-head hgroup\">\n<div class=\"page-title-head hgroup\">\n<div class=\"page-title-head hgroup\">\n<div class=\"b654a4as d2edcug0\">\n<div>\n<hr \/>\n<\/div>\n<\/div>\n<div>\n<div>\n<p>&nbsp;<\/p>\n<\/div>\n<div>\n<div>\n<p>&nbsp;<\/p>\n<\/div>\n<div>\n<div>\n<p><strong>DUE MINUTI UN LIBRO, TUTTI I GIORNI ALLA RADIO ALLE 9.40 E ALLE 17.50\u00a0<\/strong><\/p>\n<div>\n<div>\n<p><strong>LA RACCOLTA COMPLETA\u00a0\u00a0<\/strong><\/p>\n<\/div>\n<div>\n<blockquote class=\"wp-embedded-content\" data-secret=\"j6MjGNThP4\"><p><a href=\"https:\/\/www.radiopiu.net\/wordpress\/due-minuti-un-libro\/\">Due minuti un libro<\/a><\/p><\/blockquote>\n<p><iframe loading=\"lazy\" class=\"wp-embedded-content\" sandbox=\"allow-scripts\" security=\"restricted\" style=\"position: absolute; clip: rect(1px, 1px, 1px, 1px);\" title=\"&#8220;Due minuti un libro&#8221; &#8212; Radio Pi\u00f9\" src=\"https:\/\/www.radiopiu.net\/wordpress\/due-minuti-un-libro\/embed\/#?secret=j6MjGNThP4\" data-secret=\"j6MjGNThP4\" width=\"600\" height=\"338\" frameborder=\"0\" marginwidth=\"0\" marginheight=\"0\" scrolling=\"no\"><\/iframe><\/p>\n<\/div>\n<\/div>\n<\/div>\n<div class=\"mkdf-post-text\">\n<div class=\"mkdf-post-text-inner\">\n<div class=\"mkdf-post-text-main\">\n<div class=\"mkdf-post-text\">\n<div class=\"mkdf-post-text-inner\">\n<div class=\"mkdf-post-text-main\">\n<div class=\"mkdf-post-text\">\n<div class=\"mkdf-post-text-inner\">\n<div class=\"mkdf-post-text-main\">\n<div class=\"page-title-head hgroup\">\n<div class=\"page-title-head hgroup\">\n<div class=\"mkdf-post-text\">\n<div class=\"mkdf-post-text-inner\">\n<div class=\"mkdf-post-text-main\">\n<div class=\"mkdf-post-text\">\n<div class=\"mkdf-post-text-inner\">\n<div class=\"mkdf-post-text-main\">\n<div class=\"page-title-head hgroup\">\n<div class=\"page-title-head hgroup\">\n<div class=\"page-title-head hgroup\">\n<div class=\"page-title-head hgroup\">\n<div class=\"b654a4as d2edcug0\">\n<div class=\"page-title-head hgroup\">\n<div class=\"page-title-head hgroup\">\n<div class=\"page-title-head hgroup\">\n<div class=\"page-title-head hgroup\">\n<div class=\"b654a4as d2edcug0\">\n<div class=\"page-title-head hgroup\">\n<div class=\"page-title-head hgroup\">\n<div class=\"page-title-head hgroup\">\n<div class=\"page-title-head hgroup\">\n<div class=\"b654a4as d2edcug0\">\n<div>\n<p>&nbsp;<\/p>\n<\/div>\n<div>\n<hr \/>\n<p>&nbsp;<\/p>\n<\/div>\n<h2><span style=\"color: #808000;\">L&#8217;ALMANACCO LADINO\u00a0\u00a0<\/span><\/h2>\n<p><em><strong>Puntata del 14 Marzo 2022<\/strong><\/em><\/p>\n<audio class=\"wp-audio-shortcode\" id=\"audio-265229-19\" preload=\"none\" style=\"width: 100%;\" controls=\"controls\"><source type=\"audio\/mpeg\" src=\"https:\/\/www.radiopiu.net\/wordpress\/wp-content\/uploads\/2022\/03\/79\u00b0-Almanacco-Ladino_Col.mp3?_=19\" \/><a href=\"https:\/\/www.radiopiu.net\/wordpress\/wp-content\/uploads\/2022\/03\/79\u00b0-Almanacco-Ladino_Col.mp3\">https:\/\/www.radiopiu.net\/wordpress\/wp-content\/uploads\/2022\/03\/79\u00b0-Almanacco-Ladino_Col.mp3<\/a><\/audio>\n<p>&nbsp;<\/p>\n<p><strong>LA RACCOLTA<\/strong><\/p>\n<blockquote class=\"wp-embedded-content\" data-secret=\"FyMjgDV0b9\"><p><a href=\"https:\/\/www.radiopiu.net\/wordpress\/almanacco-ladino\/\">Almanacco Ladino<\/a><\/p><\/blockquote>\n<p><iframe loading=\"lazy\" class=\"wp-embedded-content\" sandbox=\"allow-scripts\" security=\"restricted\" style=\"position: absolute; clip: rect(1px, 1px, 1px, 1px);\" title=\"&#8220;Almanacco Ladino&#8221; &#8212; Radio Pi\u00f9\" src=\"https:\/\/www.radiopiu.net\/wordpress\/almanacco-ladino\/embed\/#?secret=FyMjgDV0b9\" data-secret=\"FyMjgDV0b9\" width=\"600\" height=\"338\" frameborder=\"0\" marginwidth=\"0\" marginheight=\"0\" scrolling=\"no\"><\/iframe><\/p>\n<p>&nbsp;<\/p>\n<hr \/>\n<p>&nbsp;<\/p>\n<p><strong>PRIME DUE PUNTATE<\/strong><\/p>\n<blockquote class=\"wp-embedded-content\" data-secret=\"bzDvCyrRcC\"><p><a href=\"https:\/\/www.radiopiu.net\/wordpress\/263862-2\/\">FERRAGOSTO A PARADISE ISLAND&#8230; I RACCONTI ALLA RADIO<\/a><\/p><\/blockquote>\n<p><iframe loading=\"lazy\" class=\"wp-embedded-content\" sandbox=\"allow-scripts\" security=\"restricted\" style=\"position: absolute; clip: rect(1px, 1px, 1px, 1px);\" title=\"&#8220;FERRAGOSTO A PARADISE ISLAND&#8230; I RACCONTI ALLA RADIO&#8221; &#8212; Radio Pi\u00f9\" src=\"https:\/\/www.radiopiu.net\/wordpress\/263862-2\/embed\/#?secret=bzDvCyrRcC\" data-secret=\"bzDvCyrRcC\" width=\"600\" height=\"338\" frameborder=\"0\" marginwidth=\"0\" marginheight=\"0\" scrolling=\"no\"><\/iframe><\/p>\n<p>&nbsp;<\/p>\n<hr \/>\n<h2><span style=\"color: #33cccc;\">\u00a0<\/span><\/h2>\n<h2><span style=\"color: #33cccc;\">LA RASSEGNA STAMPA DA L&#8217;AMICO DEL POPOLO<\/span><\/h2>\n<p><strong>LA RACCOLTA COMPLETA<\/strong><\/p>\n<blockquote class=\"wp-embedded-content\" data-secret=\"csTrM2IxV8\"><p><a href=\"https:\/\/www.radiopiu.net\/wordpress\/rassegna-stampa-di-gianni-santomaso\/\">Rassegna stampa da l&#8217;amico del popolo &#8211; di Gianni Santomaso<\/a><\/p><\/blockquote>\n<p><iframe loading=\"lazy\" class=\"wp-embedded-content\" sandbox=\"allow-scripts\" security=\"restricted\" style=\"position: absolute; clip: rect(1px, 1px, 1px, 1px);\" title=\"&#8220;Rassegna stampa da l&#8217;amico del popolo &#8211; di Gianni Santomaso&#8221; &#8212; Radio Pi\u00f9\" src=\"https:\/\/www.radiopiu.net\/wordpress\/rassegna-stampa-di-gianni-santomaso\/embed\/#?secret=csTrM2IxV8\" data-secret=\"csTrM2IxV8\" width=\"600\" height=\"338\" frameborder=\"0\" marginwidth=\"0\" marginheight=\"0\" scrolling=\"no\"><\/iframe><\/p>\n<p>&nbsp;<\/p>\n<hr \/>\n<p>&nbsp;<\/p>\n<div>\n<div class=\"page-title-head hgroup\">\n<div class=\"page-title-head hgroup\">\n<div class=\"b654a4as d2edcug0\">\n<div class=\"j83agx80 btwxx1t3 lhclo0ds hop8lmos nkwizq5d scwd0bx6 roh60bw9\">\n<div class=\"rq0escxv hkbzh7o3 jwdofwj8 n8tt0mok r8blr3vg hyh9befq\">\n<div class=\"do00u71z l9j0dhe7 k4urcfbm\">\n<div class=\"ecm0bbzt e5nlhep0 a8c37x1j\">\n<div class=\"kvgmc6g5 cxmmr5t8 oygrvhab hcukyx3x c1et5uql\">\n<div class=\"gmail-kvgmc6g5 gmail-cxmmr5t8 gmail-oygrvhab gmail-hcukyx3x gmail-c1et5uql gmail-ii04i59q\">\n<div class=\"page-title-head hgroup\">\n<div class=\"page-title-head hgroup\">\n<div class=\"b654a4as d2edcug0\">\n<div class=\"j83agx80 btwxx1t3 lhclo0ds hop8lmos nkwizq5d scwd0bx6 roh60bw9\">\n<div class=\"rq0escxv hkbzh7o3 jwdofwj8 n8tt0mok r8blr3vg hyh9befq\">\n<div class=\"do00u71z l9j0dhe7 k4urcfbm\">\n<div>\n<div class=\"page-title-head hgroup\">\n<div class=\"page-title-head hgroup\">\n<div class=\"page-title-head hgroup\">\n<div class=\"page-title-head hgroup\">\n<div class=\"b654a4as d2edcug0\">\n<div class=\"page-title-head hgroup\">\n<div class=\"page-title-head hgroup\">\n<div class=\"page-title-head hgroup\">\n<div class=\"page-title-head hgroup\">\n<div class=\"b654a4as d2edcug0\">\n<div class=\"page-title-head hgroup\">\n<div class=\"page-title-head hgroup\">\n<div class=\"page-title-head hgroup\">\n<div class=\"page-title-head hgroup\">\n<div class=\"page-title-head hgroup\">\n<div class=\"page-title-head hgroup\">\n<div class=\"page-title-head hgroup\">\n<div class=\"page-title-head hgroup\">\n<div class=\"page-title-head hgroup\">\n<div class=\"b654a4as d2edcug0\">\n<div class=\"page-title-head hgroup\">\n<div class=\"page-title-head hgroup\">\n<div class=\"page-title-head hgroup\">\n<div class=\"page-title-head hgroup\">\n<div class=\"b654a4as d2edcug0\">\n<div>\n<div class=\"page-title-head hgroup\">\n<div class=\"page-title-head hgroup\">\n<div class=\"page-title-head hgroup\">\n<div class=\"page-title-head hgroup\">\n<div class=\"page-title-head hgroup\">\n<div>\n<div>\n<div>\n<div class=\"mkdf-post-text\">\n<div class=\"mkdf-post-text-inner\">\n<div class=\"mkdf-post-text-main\">\n<div class=\"mkdf-post-text\">\n<div class=\"mkdf-post-text-inner\">\n<div class=\"mkdf-post-text-main\">\n<div class=\"mkdf-post-text\">\n<div class=\"mkdf-post-text-inner\">\n<div class=\"mkdf-post-text-main\">\n<div class=\"page-title-head hgroup\">\n<div class=\"page-title-head hgroup\">\n<div class=\"mkdf-post-text\">\n<div class=\"mkdf-post-text-inner\">\n<div class=\"mkdf-post-text-main\">\n<div class=\"mkdf-post-text\">\n<div class=\"mkdf-post-text-inner\">\n<div class=\"mkdf-post-text-main\">\n<div class=\"page-title-head hgroup\">\n<div class=\"page-title-head hgroup\">\n<div class=\"page-title-head hgroup\">\n<div class=\"page-title-head hgroup\">\n<div class=\"b654a4as d2edcug0\">\n<div class=\"page-title-head hgroup\">\n<div class=\"page-title-head hgroup\">\n<div class=\"page-title-head hgroup\">\n<div class=\"page-title-head hgroup\">\n<div class=\"b654a4as d2edcug0\">\n<div class=\"page-title-head hgroup\">\n<div class=\"page-title-head hgroup\">\n<div class=\"page-title-head hgroup\">\n<div class=\"page-title-head hgroup\">\n<div class=\"b654a4as d2edcug0\">\n<h2><span style=\"color: #800080;\">I RACCONTI DI PAOLO SOPPELSA\u00a0<\/span><\/h2>\n<p><strong>LA RACCOLTA COMPLETA<\/strong><\/p>\n<blockquote class=\"wp-embedded-content\" data-secret=\"SbQYmOyLOz\"><p><a href=\"https:\/\/www.radiopiu.net\/wordpress\/i-racconti-di-paolo-soppelsa\/\">I racconti di Paolo Soppelsa<\/a><\/p><\/blockquote>\n<p><iframe loading=\"lazy\" class=\"wp-embedded-content\" sandbox=\"allow-scripts\" security=\"restricted\" style=\"position: absolute; clip: rect(1px, 1px, 1px, 1px);\" title=\"&#8220;I racconti di Paolo Soppelsa&#8221; &#8212; Radio Pi\u00f9\" src=\"https:\/\/www.radiopiu.net\/wordpress\/i-racconti-di-paolo-soppelsa\/embed\/#?secret=SbQYmOyLOz\" data-secret=\"SbQYmOyLOz\" width=\"600\" height=\"338\" frameborder=\"0\" marginwidth=\"0\" marginheight=\"0\" scrolling=\"no\"><\/iframe><\/p>\n<hr \/>\n<p>&nbsp;<\/p>\n<blockquote class=\"wp-embedded-content\" data-secret=\"tfV5mIbbQo\"><p><a href=\"https:\/\/www.radiopiu.net\/wordpress\/da-ieri-alla-radio-in-palinsesto-loris-e-maurizio-con-la-grande-musica\/\">IL BLUES ALLA RADIO &#8230; COME NON L&#8217;AVETE MAI SENTITO PRIMA<\/a><\/p><\/blockquote>\n<p><iframe loading=\"lazy\" class=\"wp-embedded-content\" sandbox=\"allow-scripts\" security=\"restricted\" style=\"position: absolute; clip: rect(1px, 1px, 1px, 1px);\" title=\"&#8220;IL BLUES ALLA RADIO &#8230; COME NON L&#8217;AVETE MAI SENTITO PRIMA&#8221; &#8212; Radio Pi\u00f9\" src=\"https:\/\/www.radiopiu.net\/wordpress\/da-ieri-alla-radio-in-palinsesto-loris-e-maurizio-con-la-grande-musica\/embed\/#?secret=tfV5mIbbQo\" data-secret=\"tfV5mIbbQo\" width=\"600\" height=\"338\" frameborder=\"0\" marginwidth=\"0\" marginheight=\"0\" scrolling=\"no\"><\/iframe><\/p>\n<p>&nbsp;<\/p>\n<\/div>\n<\/div>\n<\/div>\n<\/div>\n<\/div>\n<\/div>\n<\/div>\n<\/div>\n<\/div>\n<\/div>\n<\/div>\n<\/div>\n<\/div>\n<\/div>\n<\/div>\n<\/div>\n<\/div>\n<\/div>\n<\/div>\n<\/div>\n<\/div>\n<\/div>\n<\/div>\n<\/div>\n<\/div>\n<\/div>\n<\/div>\n<\/div>\n<\/div>\n<\/div>\n<\/div>\n<\/div>\n<\/div>\n<\/div>\n<\/div>\n<\/div>\n<\/div>\n<\/div>\n<\/div>\n<\/div>\n<\/div>\n<\/div>\n<\/div>\n<\/div>\n<\/div>\n<\/div>\n<\/div>\n<\/div>\n<\/div>\n<\/div>\n<\/div>\n<\/div>\n<\/div>\n<\/div>\n<\/div>\n<\/div>\n<\/div>\n<\/div>\n<\/div>\n<\/div>\n<\/div>\n<\/div>\n<\/div>\n<\/div>\n<\/div>\n<\/div>\n<\/div>\n<div>\n<div class=\"page-title-head hgroup\">\n<div class=\"page-title-head hgroup\">\n<div class=\"page-title-head hgroup\">\n<div class=\"page-title-head hgroup\">\n<div class=\"b654a4as d2edcug0\">\n<div class=\"page-title-head hgroup\">\n<div class=\"page-title-head hgroup\">\n<div class=\"page-title-head hgroup\">\n<div class=\"page-title-head hgroup\">\n<div class=\"b654a4as d2edcug0\">\n<div class=\"page-title-head hgroup\">\n<div class=\"page-title-head hgroup\">\n<div class=\"page-title-head hgroup\">\n<div class=\"page-title-head hgroup\">\n<div class=\"page-title-head hgroup\">\n<div class=\"page-title-head hgroup\">\n<div class=\"page-title-head hgroup\">\n<div class=\"page-title-head hgroup\">\n<div class=\"page-title-head hgroup\">\n<div class=\"b654a4as d2edcug0\">\n<div class=\"page-title-head hgroup\">\n<div class=\"page-title-head hgroup\">\n<div class=\"page-title-head hgroup\">\n<div class=\"page-title-head hgroup\">\n<div class=\"b654a4as d2edcug0\">\n<div>\n<div class=\"page-title-head hgroup\">\n<div class=\"page-title-head hgroup\">\n<div class=\"page-title-head hgroup\">\n<div class=\"page-title-head hgroup\">\n<div class=\"page-title-head hgroup\">\n<div>\n<div>\n<div>\n<div class=\"mkdf-post-text\">\n<div class=\"mkdf-post-text-inner\">\n<div class=\"mkdf-post-text-main\">\n<div class=\"mkdf-post-text\">\n<div class=\"mkdf-post-text-inner\">\n<div class=\"mkdf-post-text-main\">\n<div class=\"mkdf-post-text\">\n<div class=\"mkdf-post-text-inner\">\n<div class=\"mkdf-post-text-main\">\n<div class=\"page-title-head hgroup\">\n<div class=\"page-title-head hgroup\">\n<div class=\"mkdf-post-text\">\n<div class=\"mkdf-post-text-inner\">\n<div class=\"mkdf-post-text-main\">\n<div class=\"mkdf-post-text\">\n<div class=\"mkdf-post-text-inner\">\n<div class=\"mkdf-post-text-main\">\n<div class=\"page-title-head hgroup\">\n<div class=\"page-title-head hgroup\">\n<div class=\"page-title-head hgroup\">\n<div class=\"page-title-head hgroup\">\n<div class=\"b654a4as d2edcug0\">\n<div class=\"page-title-head hgroup\">\n<div class=\"page-title-head hgroup\">\n<div class=\"page-title-head hgroup\">\n<div class=\"page-title-head hgroup\">\n<div class=\"b654a4as d2edcug0\">\n<div class=\"page-title-head hgroup\">\n<div class=\"page-title-head hgroup\">\n<div class=\"page-title-head hgroup\">\n<div class=\"page-title-head hgroup\">\n<div class=\"b654a4as d2edcug0\">\n<hr \/>\n<\/div>\n<div class=\"b654a4as d2edcug0\">\n<p>&nbsp;<\/p>\n<p><a href=\"https:\/\/www.radiopiu.net\/wordpress\/giornale-radiopiu-26-settembre-2018-direttore-mirko-mezzacasa\/viabilita-2\/\" rel=\"attachment wp-att-61954\"><img loading=\"lazy\" decoding=\"async\" class=\"aligncenter wp-image-61954 size-full\" src=\"https:\/\/www.radiopiu.net\/wordpress\/wp-content\/uploads\/2018\/09\/viabilita.jpeg\" sizes=\"auto, (max-width: 800px) 100vw, 800px\" srcset=\"https:\/\/www.radiopiu.net\/wordpress\/wp-content\/uploads\/2018\/09\/viabilita.jpeg 800w, https:\/\/www.radiopiu.net\/wordpress\/wp-content\/uploads\/2018\/09\/viabilita-300x38.jpeg 300w, https:\/\/www.radiopiu.net\/wordpress\/wp-content\/uploads\/2018\/09\/viabilita-768x96.jpeg 768w\" alt=\"\" width=\"800\" height=\"100\" \/><\/a><\/p>\n<\/div>\n<\/div>\n<\/div>\n<\/div>\n<\/div>\n<\/div>\n<\/div>\n<\/div>\n<\/div>\n<\/div>\n<\/div>\n<\/div>\n<\/div>\n<\/div>\n<\/div>\n<\/div>\n<\/div>\n<\/div>\n<\/div>\n<\/div>\n<\/div>\n<\/div>\n<\/div>\n<\/div>\n<\/div>\n<\/div>\n<\/div>\n<\/div>\n<\/div>\n<\/div>\n<\/div>\n<\/div>\n<\/div>\n<\/div>\n<\/div>\n<\/div>\n<\/div>\n<\/div>\n<\/div>\n<\/div>\n<\/div>\n<\/div>\n<\/div>\n<\/div>\n<\/div>\n<\/div>\n<\/div>\n<\/div>\n<\/div>\n<\/div>\n<\/div>\n<\/div>\n<\/div>\n<\/div>\n<\/div>\n<\/div>\n<\/div>\n<\/div>\n<\/div>\n<\/div>\n<\/div>\n<\/div>\n<\/div>\n<\/div>\n<\/div>\n<\/div>\n<\/div>\n<\/div>\n<\/div>\n<\/div>\n<\/div>\n<\/div>\n<\/div>\n<\/div>\n<\/div>\n<\/div>\n<\/div>\n<\/div>\n<\/div>\n<\/div>\n<\/div>\n<\/div>\n<\/div>\n<div>\n<div class=\"page-title-head hgroup\">\n<div class=\"page-title-head hgroup\">\n<div class=\"b654a4as d2edcug0\">\n<div class=\"j83agx80 btwxx1t3 lhclo0ds hop8lmos nkwizq5d scwd0bx6 roh60bw9\">\n<div class=\"rq0escxv hkbzh7o3 jwdofwj8 n8tt0mok r8blr3vg hyh9befq\">\n<div class=\"do00u71z l9j0dhe7 k4urcfbm\">\n<div class=\"ecm0bbzt e5nlhep0 a8c37x1j\">\n<div class=\"kvgmc6g5 cxmmr5t8 oygrvhab hcukyx3x c1et5uql\">\n<div class=\"gmail-kvgmc6g5 gmail-cxmmr5t8 gmail-oygrvhab gmail-hcukyx3x gmail-c1et5uql gmail-ii04i59q\">\n<div class=\"page-title-head hgroup\">\n<div class=\"page-title-head hgroup\">\n<div class=\"b654a4as d2edcug0\">\n<div class=\"j83agx80 btwxx1t3 lhclo0ds hop8lmos nkwizq5d scwd0bx6 roh60bw9\">\n<div class=\"rq0escxv hkbzh7o3 jwdofwj8 n8tt0mok r8blr3vg hyh9befq\">\n<div class=\"do00u71z l9j0dhe7 k4urcfbm\">\n<div class=\"page-title-head hgroup\">\n<div class=\"page-title-head hgroup\">\n<div class=\"page-title-head hgroup\">\n<div class=\"page-title-head hgroup\">\n<div class=\"b654a4as d2edcug0\">\n<div class=\"page-title-head hgroup\">\n<div class=\"page-title-head hgroup\">\n<div class=\"page-title-head hgroup\">\n<div class=\"page-title-head hgroup\">\n<div class=\"b654a4as d2edcug0\">\n<div class=\"page-title-head hgroup\">\n<div class=\"page-title-head hgroup\">\n<div class=\"page-title-head hgroup\">\n<div class=\"page-title-head hgroup\">\n<div class=\"page-title-head hgroup\">\n<div class=\"page-title-head hgroup\">\n<div class=\"page-title-head hgroup\">\n<div class=\"page-title-head hgroup\">\n<div class=\"page-title-head hgroup\">\n<div class=\"b654a4as d2edcug0\">\n<div class=\"page-title-head hgroup\">\n<div class=\"page-title-head hgroup\">\n<div class=\"page-title-head hgroup\">\n<div class=\"page-title-head hgroup\">\n<div class=\"b654a4as d2edcug0\">\n<div class=\"page-title-head hgroup\">\n<div class=\"page-title-head hgroup\">\n<div class=\"page-title-head hgroup\">\n<div class=\"page-title-head hgroup\">\n<div class=\"page-title-head hgroup\">\n<div class=\"mkdf-post-text\">\n<div class=\"mkdf-post-text-inner\">\n<div class=\"mkdf-post-text-main\">\n<div class=\"mkdf-post-text\">\n<div class=\"mkdf-post-text-inner\">\n<div class=\"mkdf-post-text-main\">\n<div class=\"mkdf-post-text\">\n<div class=\"mkdf-post-text-inner\">\n<div class=\"mkdf-post-text-main\">\n<div class=\"page-title-head hgroup\">\n<div class=\"page-title-head hgroup\">\n<div class=\"mkdf-post-text\">\n<div class=\"mkdf-post-text-inner\">\n<div class=\"mkdf-post-text-main\">\n<div class=\"mkdf-post-text\">\n<div class=\"mkdf-post-text-inner\">\n<div class=\"mkdf-post-text-main\">\n<div class=\"page-title-head hgroup\">\n<div class=\"page-title-head hgroup\">\n<div class=\"page-title-head hgroup\">\n<div class=\"page-title-head hgroup\">\n<div class=\"b654a4as d2edcug0\">\n<div class=\"page-title-head hgroup\">\n<div class=\"page-title-head hgroup\">\n<div class=\"page-title-head hgroup\">\n<div class=\"page-title-head hgroup\">\n<div class=\"b654a4as d2edcug0\">\n<div class=\"page-title-head hgroup\">\n<div class=\"page-title-head hgroup\">\n<div class=\"page-title-head hgroup\">\n<div class=\"page-title-head hgroup\">\n<div class=\"b654a4as d2edcug0\">\n<div class=\"ecm0bbzt e5nlhep0 a8c37x1j\">\n<div class=\"kvgmc6g5 cxmmr5t8 oygrvhab hcukyx3x c1et5uql\">\n<div class=\"gmail-kvgmc6g5 gmail-cxmmr5t8 gmail-oygrvhab gmail-hcukyx3x gmail-c1et5uql gmail-ii04i59q\">\n<div class=\"page-title-head hgroup\">\n<div class=\"page-title-head hgroup\">\n<div class=\"b654a4as d2edcug0\">\n<div class=\"j83agx80 btwxx1t3 lhclo0ds hop8lmos nkwizq5d scwd0bx6 roh60bw9\">\n<div class=\"rq0escxv hkbzh7o3 jwdofwj8 n8tt0mok r8blr3vg hyh9befq\">\n<div class=\"do00u71z l9j0dhe7 k4urcfbm\">\n<div class=\"page-title-head hgroup\">\n<div class=\"page-title-head hgroup\">\n<div class=\"page-title-head hgroup\">\n<div class=\"page-title-head hgroup\">\n<div class=\"b654a4as d2edcug0\">\n<div class=\"page-title-head hgroup\">\n<div class=\"page-title-head hgroup\">\n<div class=\"page-title-head hgroup\">\n<div class=\"page-title-head hgroup\">\n<div class=\"b654a4as d2edcug0\">\n<div class=\"page-title-head hgroup\">\n<div class=\"page-title-head hgroup\">\n<div class=\"page-title-head hgroup\">\n<div class=\"page-title-head hgroup\">\n<div class=\"page-title-head hgroup\">\n<div class=\"page-title-head hgroup\">\n<div class=\"page-title-head hgroup\">\n<div class=\"page-title-head hgroup\">\n<div class=\"page-title-head hgroup\">\n<div class=\"b654a4as d2edcug0\">\n<div class=\"page-title-head hgroup\">\n<div class=\"page-title-head hgroup\">\n<div class=\"page-title-head hgroup\">\n<div class=\"page-title-head hgroup\">\n<div class=\"b654a4as d2edcug0\">\n<div class=\"page-title-head hgroup\">\n<div class=\"page-title-head hgroup\">\n<div class=\"page-title-head hgroup\">\n<div class=\"page-title-head hgroup\">\n<div class=\"page-title-head hgroup\">\n<div class=\"mkdf-post-text\">\n<div class=\"mkdf-post-text-inner\">\n<div class=\"mkdf-post-text-main\">\n<div class=\"mkdf-post-text\">\n<div class=\"mkdf-post-text-inner\">\n<div class=\"mkdf-post-text-main\">\n<div class=\"mkdf-post-text\">\n<div class=\"mkdf-post-text-inner\">\n<div class=\"mkdf-post-text-main\">\n<div class=\"page-title-head hgroup\">\n<div class=\"page-title-head hgroup\">\n<div class=\"mkdf-post-text\">\n<div class=\"mkdf-post-text-inner\">\n<div class=\"mkdf-post-text-main\">\n<div class=\"mkdf-post-text\">\n<div class=\"mkdf-post-text-inner\">\n<div class=\"mkdf-post-text-main\">\n<div class=\"page-title-head hgroup\">\n<div class=\"page-title-head hgroup\">\n<div class=\"page-title-head hgroup\">\n<div class=\"page-title-head hgroup\">\n<div class=\"b654a4as d2edcug0\">\n<div class=\"page-title-head hgroup\">\n<div class=\"page-title-head hgroup\">\n<div class=\"page-title-head hgroup\">\n<div class=\"page-title-head hgroup\">\n<div class=\"b654a4as d2edcug0\">\n<div class=\"page-title-head hgroup\">\n<div class=\"page-title-head hgroup\">\n<div class=\"page-title-head hgroup\">\n<div class=\"page-title-head hgroup\">\n<div class=\"b654a4as d2edcug0\">\n<p>&nbsp;<\/p>\n<blockquote>\n<h3>LAVORI ALLA CONDOTTA FOGNARIA DI MASARE&#8217; DI ROCCA PIETORE DAL 7 AL 25 MARZO<\/h3>\n<\/blockquote>\n<p><strong><a class=\"dt-pswp-item\" href=\"https:\/\/www.radiopiu.net\/wordpress\/wp-content\/uploads\/2021\/06\/LAVORI.jpg\" data-dt-img-description=\"\" data-large_image_width=\"188\" data-large_image_height=\"164\"><img loading=\"lazy\" decoding=\"async\" class=\" wp-image-216176 alignleft\" src=\"https:\/\/www.radiopiu.net\/wordpress\/wp-content\/uploads\/2021\/06\/LAVORI.jpg\" alt=\"\" width=\"133\" height=\"116\" \/><\/a>ROCCA PIETORE<\/strong> Il comune di Rocca Pietore ha esposto un&#8217;ordinanza che i riguarda i lavori alla condotta fognaria a Masar\u00e8. Dal 21 al 25 marzo senso unico alternato regolato ma movieri. Dal 14 al 18 marzo il traffico verr\u00e0 deviato nel parcheggio antistante il civico 20 mentre nella giornata del 17 marzo, dalle 7 alle 24, interdizione totale alla circolazione al fine di consentire l&#8217;esecuzione di lavori sulla condotta fognaria a cura di BIM GSP.<\/p>\n<p>&nbsp;<\/p>\n<blockquote class=\"wp-embedded-content\" data-secret=\"7ARMv2pgX7\"><p><a href=\"https:\/\/www.radiopiu.net\/wordpress\/viabilita\/\">viabilita<\/a><\/p><\/blockquote>\n<p><iframe loading=\"lazy\" class=\"wp-embedded-content\" sandbox=\"allow-scripts\" security=\"restricted\" style=\"position: absolute; clip: rect(1px, 1px, 1px, 1px);\" title=\"&#8220;viabilita&#8221; &#8212; Radio Pi\u00f9\" src=\"https:\/\/www.radiopiu.net\/wordpress\/viabilita\/embed\/#?secret=7ARMv2pgX7\" data-secret=\"7ARMv2pgX7\" width=\"600\" height=\"338\" frameborder=\"0\" marginwidth=\"0\" marginheight=\"0\" scrolling=\"no\"><\/iframe><\/p>\n<p>&nbsp;<\/p>\n<hr \/>\n<\/div>\n<\/div>\n<\/div>\n<\/div>\n<\/div>\n<\/div>\n<\/div>\n<\/div>\n<\/div>\n<\/div>\n<\/div>\n<\/div>\n<\/div>\n<\/div>\n<\/div>\n<\/div>\n<\/div>\n<\/div>\n<\/div>\n<\/div>\n<\/div>\n<\/div>\n<\/div>\n<\/div>\n<\/div>\n<\/div>\n<\/div>\n<\/div>\n<\/div>\n<\/div>\n<\/div>\n<\/div>\n<\/div>\n<\/div>\n<\/div>\n<\/div>\n<\/div>\n<\/div>\n<\/div>\n<\/div>\n<\/div>\n<\/div>\n<\/div>\n<\/div>\n<\/div>\n<\/div>\n<\/div>\n<\/div>\n<\/div>\n<\/div>\n<\/div>\n<\/div>\n<\/div>\n<\/div>\n<\/div>\n<\/div>\n<\/div>\n<\/div>\n<\/div>\n<\/div>\n<\/div>\n<\/div>\n<\/div>\n<\/div>\n<\/div>\n<\/div>\n<\/div>\n<\/div>\n<\/div>\n<\/div>\n<\/div>\n<\/div>\n<\/div>\n<\/div>\n<\/div>\n<\/div>\n<\/div>\n<\/div>\n<\/div>\n<\/div>\n<\/div>\n<\/div>\n<\/div>\n<\/div>\n<\/div>\n<\/div>\n<\/div>\n<\/div>\n<\/div>\n<\/div>\n<\/div>\n<\/div>\n<\/div>\n<\/div>\n<\/div>\n<\/div>\n<\/div>\n<\/div>\n<\/div>\n<\/div>\n<\/div>\n<\/div>\n<\/div>\n<\/div>\n<\/div>\n<\/div>\n<\/div>\n<\/div>\n<\/div>\n<\/div>\n<\/div>\n<\/div>\n<\/div>\n<\/div>\n<\/div>\n<\/div>\n<\/div>\n<\/div>\n<\/div>\n<\/div>\n<\/div>\n<\/div>\n<\/div>\n<\/div>\n<\/div>\n<\/div>\n<\/div>\n<\/div>\n<\/div>\n<\/div>\n<\/div>\n<\/div>\n<\/div>\n<\/div>\n<\/div>\n<\/div>\n<\/div>\n<\/div>\n<\/div>\n<\/div>\n<\/div>\n<\/div>\n<\/div>\n<\/div>\n<\/div>\n<\/div>\n<\/div>\n<\/div>\n<\/div>\n<p>&nbsp;<\/p>\n<div>\n<div class=\"page-title-head hgroup\">\n<div class=\"page-title-head hgroup\">\n<div class=\"b654a4as d2edcug0\">\n<div class=\"j83agx80 btwxx1t3 lhclo0ds hop8lmos nkwizq5d scwd0bx6 roh60bw9\">\n<div class=\"rq0escxv hkbzh7o3 jwdofwj8 n8tt0mok r8blr3vg hyh9befq\">\n<div class=\"do00u71z l9j0dhe7 k4urcfbm\">\n<div class=\"page-title-head hgroup\">\n<div class=\"page-title-head hgroup\">\n<div class=\"b654a4as d2edcug0\">\n<div class=\"j83agx80 btwxx1t3 lhclo0ds hop8lmos nkwizq5d scwd0bx6 roh60bw9\">\n<div class=\"rq0escxv hkbzh7o3 jwdofwj8 n8tt0mok r8blr3vg hyh9befq\">\n<div class=\"do00u71z l9j0dhe7 k4urcfbm\">\n<div class=\"ecm0bbzt e5nlhep0 a8c37x1j\">\n<div class=\"kvgmc6g5 cxmmr5t8 oygrvhab hcukyx3x c1et5uql\">\n<div class=\"gmail-kvgmc6g5 gmail-cxmmr5t8 gmail-oygrvhab gmail-hcukyx3x gmail-c1et5uql gmail-ii04i59q\">\n<div class=\"page-title-head hgroup\">\n<div class=\"page-title-head hgroup\">\n<div class=\"b654a4as d2edcug0\">\n<div class=\"j83agx80 btwxx1t3 lhclo0ds hop8lmos nkwizq5d scwd0bx6 roh60bw9\">\n<div class=\"rq0escxv hkbzh7o3 jwdofwj8 n8tt0mok r8blr3vg hyh9befq\">\n<div class=\"do00u71z l9j0dhe7 k4urcfbm\">\n<div class=\"page-title-head hgroup\">\n<div class=\"page-title-head hgroup\">\n<div class=\"b654a4as d2edcug0\">\n<div class=\"j83agx80 btwxx1t3 lhclo0ds hop8lmos nkwizq5d scwd0bx6 roh60bw9\">\n<div class=\"rq0escxv hkbzh7o3 jwdofwj8 n8tt0mok r8blr3vg hyh9befq\">\n<div class=\"do00u71z l9j0dhe7 k4urcfbm\">\n<div>\n<div class=\"page-title-head hgroup\">\n<div class=\"page-title-head hgroup\">\n<div class=\"b654a4as d2edcug0\">\n<div class=\"j83agx80 btwxx1t3 lhclo0ds hop8lmos nkwizq5d scwd0bx6 roh60bw9\">\n<div class=\"rq0escxv hkbzh7o3 jwdofwj8 n8tt0mok r8blr3vg hyh9befq\">\n<div class=\"do00u71z l9j0dhe7 k4urcfbm\">\n<div class=\"ecm0bbzt e5nlhep0 a8c37x1j\">\n<div class=\"kvgmc6g5 cxmmr5t8 oygrvhab hcukyx3x c1et5uql\">\n<div class=\"gmail-kvgmc6g5 gmail-cxmmr5t8 gmail-oygrvhab gmail-hcukyx3x gmail-c1et5uql gmail-ii04i59q\">\n<div class=\"page-title-head hgroup\">\n<div class=\"page-title-head hgroup\">\n<div class=\"b654a4as d2edcug0\">\n<div class=\"j83agx80 btwxx1t3 lhclo0ds hop8lmos nkwizq5d scwd0bx6 roh60bw9\">\n<div class=\"rq0escxv hkbzh7o3 jwdofwj8 n8tt0mok r8blr3vg hyh9befq\">\n<div class=\"do00u71z l9j0dhe7 k4urcfbm\">\n<div class=\"page-title-head hgroup\">\n<div class=\"page-title-head hgroup\">\n<div class=\"page-title-head hgroup\">\n<div class=\"page-title-head hgroup\">\n<div class=\"b654a4as d2edcug0\">\n<div class=\"page-title-head hgroup\">\n<div class=\"page-title-head hgroup\">\n<div class=\"page-title-head hgroup\">\n<div class=\"page-title-head hgroup\">\n<div class=\"b654a4as d2edcug0\">\n<div class=\"page-title-head hgroup\">\n<div class=\"page-title-head hgroup\">\n<div class=\"page-title-head hgroup\">\n<div class=\"page-title-head hgroup\">\n<div class=\"page-title-head hgroup\">\n<div class=\"page-title-head hgroup\">\n<div class=\"page-title-head hgroup\">\n<div class=\"page-title-head hgroup\">\n<div class=\"page-title-head hgroup\">\n<div class=\"b654a4as d2edcug0\">\n<div class=\"page-title-head hgroup\">\n<div class=\"page-title-head hgroup\">\n<div class=\"page-title-head hgroup\">\n<div class=\"page-title-head hgroup\">\n<div class=\"b654a4as d2edcug0\">\n<div class=\"page-title-head hgroup\">\n<div class=\"page-title-head hgroup\">\n<div class=\"page-title-head hgroup\">\n<div class=\"page-title-head hgroup\">\n<div class=\"page-title-head hgroup\">\n<div class=\"mkdf-post-text\">\n<div class=\"mkdf-post-text-inner\">\n<div class=\"mkdf-post-text-main\">\n<div class=\"mkdf-post-text\">\n<div class=\"mkdf-post-text-inner\">\n<div class=\"mkdf-post-text-main\">\n<div class=\"mkdf-post-text\">\n<div class=\"mkdf-post-text-inner\">\n<div class=\"mkdf-post-text-main\">\n<div class=\"page-title-head hgroup\">\n<div class=\"page-title-head hgroup\">\n<div class=\"mkdf-post-text\">\n<div class=\"mkdf-post-text-inner\">\n<div class=\"mkdf-post-text-main\">\n<div class=\"mkdf-post-text\">\n<div class=\"mkdf-post-text-inner\">\n<div class=\"mkdf-post-text-main\">\n<div class=\"page-title-head hgroup\">\n<div class=\"page-title-head hgroup\">\n<div class=\"page-title-head hgroup\">\n<div class=\"page-title-head hgroup\">\n<div class=\"b654a4as d2edcug0\">\n<div class=\"page-title-head hgroup\">\n<div class=\"page-title-head hgroup\">\n<div class=\"page-title-head hgroup\">\n<div class=\"page-title-head hgroup\">\n<div class=\"b654a4as d2edcug0\">\n<div class=\"page-title-head hgroup\">\n<div class=\"page-title-head hgroup\">\n<div class=\"page-title-head hgroup\">\n<div class=\"page-title-head hgroup\">\n<div class=\"b654a4as d2edcug0\">\n<div class=\"ecm0bbzt e5nlhep0 a8c37x1j\">\n<div class=\"kvgmc6g5 cxmmr5t8 oygrvhab hcukyx3x c1et5uql\">\n<div class=\"gmail-kvgmc6g5 gmail-cxmmr5t8 gmail-oygrvhab gmail-hcukyx3x gmail-c1et5uql gmail-ii04i59q\">\n<div class=\"page-title-head hgroup\">\n<div class=\"page-title-head hgroup\">\n<div class=\"b654a4as d2edcug0\">\n<div class=\"j83agx80 btwxx1t3 lhclo0ds hop8lmos nkwizq5d scwd0bx6 roh60bw9\">\n<div class=\"rq0escxv hkbzh7o3 jwdofwj8 n8tt0mok r8blr3vg hyh9befq\">\n<div class=\"do00u71z l9j0dhe7 k4urcfbm\">\n<div class=\"page-title-head hgroup\">\n<div class=\"page-title-head hgroup\">\n<div class=\"page-title-head hgroup\">\n<div class=\"page-title-head hgroup\">\n<div class=\"b654a4as d2edcug0\">\n<div class=\"page-title-head hgroup\">\n<div class=\"page-title-head hgroup\">\n<div class=\"page-title-head hgroup\">\n<div class=\"page-title-head hgroup\">\n<div class=\"b654a4as d2edcug0\">\n<div class=\"page-title-head hgroup\">\n<div class=\"page-title-head hgroup\">\n<div class=\"page-title-head hgroup\">\n<div class=\"page-title-head hgroup\">\n<div class=\"page-title-head hgroup\">\n<div class=\"page-title-head hgroup\">\n<div class=\"page-title-head hgroup\">\n<div class=\"page-title-head hgroup\">\n<div class=\"page-title-head hgroup\">\n<div class=\"b654a4as d2edcug0\">\n<div class=\"page-title-head hgroup\">\n<div class=\"page-title-head hgroup\">\n<div class=\"page-title-head hgroup\">\n<div class=\"page-title-head hgroup\">\n<div class=\"b654a4as d2edcug0\">\n<div class=\"page-title-head hgroup\">\n<div class=\"page-title-head hgroup\">\n<div class=\"page-title-head hgroup\">\n<div class=\"page-title-head hgroup\">\n<div class=\"page-title-head hgroup\">\n<div class=\"mkdf-post-text\">\n<div class=\"mkdf-post-text-inner\">\n<div class=\"mkdf-post-text-main\">\n<div class=\"mkdf-post-text\">\n<div class=\"mkdf-post-text-inner\">\n<div class=\"mkdf-post-text-main\">\n<div class=\"mkdf-post-text\">\n<div class=\"mkdf-post-text-inner\">\n<div class=\"mkdf-post-text-main\">\n<div class=\"page-title-head hgroup\">\n<div class=\"page-title-head hgroup\">\n<div class=\"mkdf-post-text\">\n<div class=\"mkdf-post-text-inner\">\n<div class=\"mkdf-post-text-main\">\n<div class=\"mkdf-post-text\">\n<div class=\"mkdf-post-text-inner\">\n<div class=\"mkdf-post-text-main\">\n<div class=\"page-title-head hgroup\">\n<div class=\"page-title-head hgroup\">\n<div class=\"page-title-head hgroup\">\n<div class=\"page-title-head hgroup\">\n<div class=\"b654a4as d2edcug0\">\n<div class=\"page-title-head hgroup\">\n<div class=\"page-title-head hgroup\">\n<div class=\"page-title-head hgroup\">\n<div class=\"page-title-head hgroup\">\n<div class=\"b654a4as d2edcug0\">\n<div class=\"page-title-head hgroup\">\n<div class=\"page-title-head hgroup\">\n<div class=\"page-title-head hgroup\">\n<div class=\"page-title-head hgroup\">\n<div class=\"b654a4as d2edcug0\">\n<p>&nbsp;<\/p>\n<\/div>\n<div class=\"b654a4as d2edcug0\">\n<div class=\"ecm0bbzt e5nlhep0 a8c37x1j\">\n<div class=\"kvgmc6g5 cxmmr5t8 oygrvhab hcukyx3x c1et5uql\">\n<div class=\"gmail-kvgmc6g5 gmail-cxmmr5t8 gmail-oygrvhab gmail-hcukyx3x gmail-c1et5uql gmail-ii04i59q\">\n<div>\n<div class=\"page-title-head hgroup\">\n<div class=\"page-title-head hgroup\">\n<div class=\"b654a4as d2edcug0\">\n<div class=\"j83agx80 btwxx1t3 lhclo0ds hop8lmos nkwizq5d scwd0bx6 roh60bw9\">\n<div class=\"rq0escxv hkbzh7o3 jwdofwj8 n8tt0mok r8blr3vg hyh9befq\">\n<div class=\"do00u71z l9j0dhe7 k4urcfbm\">\n<div>\n<div class=\"page-title-head hgroup\">\n<div class=\"page-title-head hgroup\">\n<div class=\"page-title-head hgroup\">\n<div class=\"page-title-head hgroup\">\n<div class=\"b654a4as d2edcug0\">\n<div class=\"page-title-head hgroup\">\n<div class=\"page-title-head hgroup\">\n<div class=\"page-title-head hgroup\">\n<div class=\"page-title-head hgroup\">\n<div class=\"b654a4as d2edcug0\">\n<div class=\"page-title-head hgroup\">\n<div class=\"page-title-head hgroup\">\n<div class=\"page-title-head hgroup\">\n<div class=\"page-title-head hgroup\">\n<div class=\"page-title-head hgroup\">\n<div class=\"mkdf-post-text\">\n<div class=\"mkdf-post-text-inner\">\n<div class=\"mkdf-post-text-main\">\n<div class=\"mkdf-post-text\">\n<div class=\"mkdf-post-text-inner\">\n<div class=\"mkdf-post-text-main\">\n<div class=\"mkdf-post-text\">\n<div class=\"mkdf-post-text-inner\">\n<div class=\"mkdf-post-text-main\">\n<div class=\"page-title-head hgroup\">\n<div class=\"page-title-head hgroup\">\n<div class=\"mkdf-post-text\">\n<div class=\"mkdf-post-text-inner\">\n<div class=\"mkdf-post-text-main\">\n<div class=\"mkdf-post-text\">\n<div class=\"mkdf-post-text-inner\">\n<div class=\"mkdf-post-text-main\">\n<div>\n<div class=\"page-title-head hgroup\">\n<div class=\"page-title-head hgroup\">\n<div>\n<div class=\"page-title-head hgroup\">\n<div class=\"page-title-head hgroup\">\n<div class=\"b654a4as d2edcug0\">\n<div>\n<div class=\"page-title-head hgroup\" style=\"text-align: left;\">\n<div class=\"page-title-head hgroup\">\n<div dir=\"auto\">\n<p><a class=\"dt-pswp-item pspw-wrap-ready\" href=\"https:\/\/i0.wp.com\/www.radiopiu.net\/wordpress\/wp-content\/uploads\/2018\/09\/WhatsApp-Image-2018-09-20-at-16.04.06.jpeg?ssl=1\" data-dt-img-description=\"\" data-large_image_width=\"800\" data-large_image_height=\"100\"><img loading=\"lazy\" decoding=\"async\" class=\"aligncenter wp-image-61378 size-full jetpack-lazy-image jetpack-lazy-image--handled\" src=\"https:\/\/i0.wp.com\/www.radiopiu.net\/wordpress\/wp-content\/uploads\/2018\/09\/WhatsApp-Image-2018-09-20-at-16.04.06.jpeg?resize=800%2C100&amp;ssl=1\" sizes=\"auto, (max-width: 800px) 100vw, 800px\" srcset=\"https:\/\/i0.wp.com\/www.radiopiu.net\/wordpress\/wp-content\/uploads\/2018\/09\/WhatsApp-Image-2018-09-20-at-16.04.06.jpeg?w=800&amp;ssl=1 800w, https:\/\/i0.wp.com\/www.radiopiu.net\/wordpress\/wp-content\/uploads\/2018\/09\/WhatsApp-Image-2018-09-20-at-16.04.06.jpeg?resize=300%2C38&amp;ssl=1 300w, https:\/\/i0.wp.com\/www.radiopiu.net\/wordpress\/wp-content\/uploads\/2018\/09\/WhatsApp-Image-2018-09-20-at-16.04.06.jpeg?resize=768%2C96&amp;ssl=1 768w\" alt=\"\" width=\"800\" height=\"100\" data-lazy-loaded=\"1\" \/><\/a><\/p>\n<\/div>\n<\/div>\n<\/div>\n<\/div>\n<\/div>\n<\/div>\n<\/div>\n<\/div>\n<\/div>\n<\/div>\n<\/div>\n<\/div>\n<\/div>\n<\/div>\n<\/div>\n<\/div>\n<\/div>\n<\/div>\n<\/div>\n<\/div>\n<\/div>\n<\/div>\n<\/div>\n<\/div>\n<\/div>\n<\/div>\n<\/div>\n<\/div>\n<\/div>\n<\/div>\n<\/div>\n<\/div>\n<\/div>\n<\/div>\n<\/div>\n<\/div>\n<\/div>\n<\/div>\n<\/div>\n<\/div>\n<\/div>\n<\/div>\n<\/div>\n<\/div>\n<\/div>\n<\/div>\n<\/div>\n<\/div>\n<\/div>\n<\/div>\n<\/div>\n<\/div>\n<\/div>\n<\/div>\n<\/div>\n<\/div>\n<\/div>\n<\/div>\n<\/div>\n<\/div>\n<\/div>\n<\/div>\n<\/div>\n<\/div>\n<\/div>\n<\/div>\n<\/div>\n<\/div>\n<\/div>\n<\/div>\n<\/div>\n<\/div>\n<\/div>\n<\/div>\n<\/div>\n<\/div>\n<\/div>\n<\/div>\n<\/div>\n<\/div>\n<\/div>\n<\/div>\n<\/div>\n<\/div>\n<\/div>\n<\/div>\n<\/div>\n<\/div>\n<\/div>\n<\/div>\n<\/div>\n<\/div>\n<\/div>\n<\/div>\n<\/div>\n<\/div>\n<\/div>\n<\/div>\n<\/div>\n<\/div>\n<\/div>\n<\/div>\n<\/div>\n<\/div>\n<\/div>\n<\/div>\n<\/div>\n<\/div>\n<\/div>\n<\/div>\n<\/div>\n<\/div>\n<\/div>\n<\/div>\n<\/div>\n<\/div>\n<\/div>\n<\/div>\n<\/div>\n<\/div>\n<\/div>\n<\/div>\n<\/div>\n<\/div>\n<\/div>\n<\/div>\n<\/div>\n<\/div>\n<\/div>\n<\/div>\n<\/div>\n<\/div>\n<\/div>\n<\/div>\n<\/div>\n<\/div>\n<\/div>\n<\/div>\n<\/div>\n<\/div>\n<\/div>\n<\/div>\n<\/div>\n<\/div>\n<\/div>\n<\/div>\n<\/div>\n<\/div>\n<\/div>\n<\/div>\n<\/div>\n<\/div>\n<\/div>\n<\/div>\n<\/div>\n<\/div>\n<\/div>\n<\/div>\n<\/div>\n<\/div>\n<\/div>\n<\/div>\n<\/div>\n<\/div>\n<\/div>\n<\/div>\n<\/div>\n<\/div>\n<\/div>\n<\/div>\n<\/div>\n<\/div>\n<\/div>\n<\/div>\n<\/div>\n<\/div>\n<\/div>\n<\/div>\n<\/div>\n<\/div>\n<\/div>\n<\/div>\n<\/div>\n<\/div>\n<\/div>\n<\/div>\n<\/div>\n<\/div>\n<\/div>\n<\/div>\n<\/div>\n<\/div>\n<\/div>\n<\/div>\n<\/div>\n<\/div>\n<\/div>\n<\/div>\n<\/div>\n<\/div>\n<\/div>\n<\/div>\n<\/div>\n<\/div>\n<\/div>\n<\/div>\n<\/div>\n<\/div>\n<\/div>\n<\/div>\n<\/div>\n<\/div>\n<\/div>\n<\/div>\n<\/div>\n<\/div>\n<\/div>\n<\/div>\n<\/div>\n<\/div>\n<\/div>\n<\/div>\n<\/div>\n<\/div>\n<\/div>\n<\/div>\n<\/div>\n<\/div>\n<\/div>\n<\/div>\n<\/div>\n<p>&nbsp;<\/p>\n<p><center><b>Venerdi 18<\/b><\/center><b>Tempo atteso: <\/b>Giornata parzialmente soleggiata, per la presenza di estesa nuvolosit\u00e0 alta con cielo da parzialmente nuvoloso a tratti nuvoloso specie nella prima parte della giornata, e qualche nube bassa su Prealpi; schiarite pi\u00f9 frequenti nel corso del pomeriggio. Dal mattino scomparsa del particolato atmosferico (pulviscolo) proveniente dal Sahara.<br \/>\n<b>Precipitazioni: <\/b>Assenti (0%).<br \/>\n<b>Temperature: <\/b>Minime in contenuto calo e raggiunte in serata in quota, massime stazionarie o in lieve aumento, specie nelle valli. Su Prealpi a 1500 m: min -1 max 3, a 2000 m: min -2 max 0 Dolomiti a 2000 m: min -2 max 2, a 3000 m: min -7 max -4<br \/>\n<b>Venti: <\/b>Nelle valli deboli o moderati di direzione variabile a regime di brezza con qualche locale rinforzo, in quota deboli\/moderati dai quadranti orientali, a 10-20 km\/h a 2000m, 20-30 km\/h a 3000 m.<\/p>\n<hr \/>\n<p><center><b>Sabato 19<\/b><\/center><b>Tempo atteso: <\/b>Al mattino generalmente soleggiato o parzialmente soleggiato. Nel corso del pomeriggio irregolare aumento della nuvolosit\u00e0 con parziale riduzione del soleggiamento.<br \/>\n<b>Precipitazioni: <\/b>Generalmente assenti (0-10 %)<br \/>\n<b>Temperature: <\/b>In calo a tutte le quote con valori inferiori alla norma. Su Prealpi a 1500 m: min -3 max 0, a 2000 m: min -7 max -2 Su Dolomiti a 2000 m: min -7 max -3, a 3000 m: min -10 max -7<br \/>\n<b>Venti: <\/b>in quota deboli da nordest, meridionali in alta quota, a 10-20 km\/h sia a 2000 m che a 3000 m.<\/p>\n<hr \/>\n<p><center><b>Domenica 20<\/b><\/center>Fino al primo mattino residua nuvolosit\u00e0 in seguito schiarite anche ampie, nel pomeriggio formazione di cumuli con modesta riduzione del soleggiamento. Temperature in ulteriore calo con valori al di sotto della media del periodo a tutte le quote. Venti in quota deboli o moderati da nordest.<\/p>\n<hr \/>\n<p><center><b>Lunedi 21<\/b><\/center>Tempo stabile e ben soleggiato con cielo sereno e ottima visibilit\u00e0. Temperature nelle valli minime in calo con diffuse gelate, massime in aumento a tutte le quote. Venti in quota deboli\/moderati da nordest Previsore: DDL<\/p>\n<p>&nbsp;<\/p>\n<hr \/>\n<p>&nbsp;<\/p>\n<p><img loading=\"lazy\" decoding=\"async\" class=\"wp-image-60761 size-full aligncenter\" src=\"https:\/\/www.radiopiu.net\/wordpress\/wp-content\/uploads\/2018\/09\/sport.jpg\" alt=\"\" width=\"800\" height=\"100\" srcset=\"https:\/\/www.radiopiu.net\/wordpress\/wp-content\/uploads\/2018\/09\/sport.jpg 800w, https:\/\/www.radiopiu.net\/wordpress\/wp-content\/uploads\/2018\/09\/sport-300x38.jpg 300w, https:\/\/www.radiopiu.net\/wordpress\/wp-content\/uploads\/2018\/09\/sport-768x96.jpg 768w\" sizes=\"auto, (max-width: 800px) 100vw, 800px\" \/><\/p>\n<p>&nbsp;<\/p>\n<p><span style=\"color: #0000ff;\"><strong>SPORT SU GHIACCIO<\/strong><\/span><\/p>\n<blockquote>\n<h3>WALTER ANDRIOLLO RITIRA LA CANDIDATURA DA CONSIGLIERE DELLA FISG<\/h3>\n<\/blockquote>\n<p><strong><a class=\"dt-pswp-item\" href=\"https:\/\/www.radiopiu.net\/wordpress\/wp-content\/uploads\/2022\/03\/FISG.jpg\" data-dt-img-description=\"\" data-large_image_width=\"1024\" data-large_image_height=\"560\"><img loading=\"lazy\" decoding=\"async\" class=\"size-medium wp-image-265340 alignleft\" src=\"https:\/\/www.radiopiu.net\/wordpress\/wp-content\/uploads\/2022\/03\/FISG-300x164.jpg\" alt=\"\" width=\"300\" height=\"164\" srcset=\"https:\/\/www.radiopiu.net\/wordpress\/wp-content\/uploads\/2022\/03\/FISG-300x164.jpg 300w, https:\/\/www.radiopiu.net\/wordpress\/wp-content\/uploads\/2022\/03\/FISG-768x420.jpg 768w, https:\/\/www.radiopiu.net\/wordpress\/wp-content\/uploads\/2022\/03\/FISG.jpg 1024w\" sizes=\"auto, (max-width: 300px) 100vw, 300px\" \/><\/a>MERANO<\/strong> Dopo una lunga meditazione, Walter Andriollo ritira la sua candidatura da consigliere della FISG. Una decisione sofferta che arriva con una lettera aperta inviata alla Federazione, comitati e societ\u00e0. &#8220;Per molti potr\u00e0 sembrare strano che una persona battagliera come il sottoscritto decida di abbandonare l\u2019agone e faccia un passo indietro, qualcuno rester\u00e0 deluso, qualcuno ne sar\u00e0 contento &#8211; dice nella lettera Andriollo &#8211; Dopo alcuni giorni di tormentate riflessioni sono giunto, dunque, alla conclusione che stante il sistema introdotto dal nuovo Statuto, dalle candidature poste e dalle modalit\u00e0 con cui sono state sostenute, in particolare dal Comitato Alto Adige, ci sia il rischio concreto e reale di avere due candidati provenienti dalla stessa area sportiva (disciplina dell\u2019hockey) eletti, a scapito di un rappresentante di una delle altre discipline. l rispetto che ho per la nostra Federazione e le anime che la compongono, mi rende fermamente convinto e consapevole che questo evento debba essere assolutamente scongiurato e che sia doveroso e corretto che ciascuna disciplina sportiva possa avere all\u2019interno del Consiglio, soprattutto in un quadriennio delicato come quello che ci porter\u00e0 alle Olimpiadi in qualit\u00e0 di paese ospitante, il proprio portavoce&#8221; dice Andriollo<\/p>\n<p>&nbsp;<\/p>\n<p>&nbsp;<\/p>\n<hr \/>\n<p>&nbsp;<\/p>\n<p><span style=\"color: #0000ff;\"><strong>PALLAVOLO<\/strong><\/span><\/p>\n<blockquote>\n<h3>IL VICE PRESIDENTE DELLA DA ROLD ANDREA GALLINA SI SENTE IN DEBITO CON IL PUBBLICO<\/h3>\n<\/blockquote>\n<p><strong><a class=\"dt-pswp-item\" href=\"https:\/\/www.radiopiu.net\/wordpress\/wp-content\/uploads\/2022\/03\/Il_vice_presidente_Andrea_Gallina.jpg\" data-dt-img-description=\"\" data-large_image_width=\"1600\" data-large_image_height=\"1069\"><img loading=\"lazy\" decoding=\"async\" class=\"size-medium wp-image-265303 alignleft\" src=\"https:\/\/www.radiopiu.net\/wordpress\/wp-content\/uploads\/2022\/03\/Il_vice_presidente_Andrea_Gallina-300x200.jpg\" alt=\"\" width=\"300\" height=\"200\" srcset=\"https:\/\/www.radiopiu.net\/wordpress\/wp-content\/uploads\/2022\/03\/Il_vice_presidente_Andrea_Gallina-300x200.jpg 300w, https:\/\/www.radiopiu.net\/wordpress\/wp-content\/uploads\/2022\/03\/Il_vice_presidente_Andrea_Gallina-1024x684.jpg 1024w, https:\/\/www.radiopiu.net\/wordpress\/wp-content\/uploads\/2022\/03\/Il_vice_presidente_Andrea_Gallina-768x513.jpg 768w, https:\/\/www.radiopiu.net\/wordpress\/wp-content\/uploads\/2022\/03\/Il_vice_presidente_Andrea_Gallina-1536x1026.jpg 1536w, https:\/\/www.radiopiu.net\/wordpress\/wp-content\/uploads\/2022\/03\/Il_vice_presidente_Andrea_Gallina.jpg 1600w\" sizes=\"auto, (max-width: 300px) 100vw, 300px\" \/><\/a>BELLUNO <\/strong>\u00ab\u00c8 come se questo campionato fosse una gara di 800 metri. Non possiamo correre per 600 e poi dire \u201cce l\u2019ho fatta\u201d. Nell\u2019ultimo periodo ci siamo un po\u2019 deconcentrati. Dobbiamo rimanere sul pezzo. E rimetterci a macinare\u00bb. Ad affermarlo \u00e8 il vice presidente della Da Rold Logistics Belluno, Andrea Gallina.\u00a0 Le tre sconfitte in sequenza hanno fatto risuonare un piccolo campanello d\u2019allarme. S\u00ec, \u00e8 ancora un campanello e non una sirena, ma i numeri parlano chiaro: ora, pi\u00f9 che ai playoff (lontani tre lunghezze), bisogner\u00e0 pensare a ci\u00f2 che succede nella seconda met\u00e0 di classifica. Ed evitare di essere risucchiati in zona playout: \u00abAl di l\u00e0 delle cifre &#8211; prosegue il numero due della societ\u00e0 dolomitica &#8211; il dispiacere \u00e8 legato alle ultime partite giocate davanti ai nostri tifosi, contro Brugherio e Garlasco. Non \u00e8 certo con queste prestazioni che possiamo alimentare la passione per la squadra\u00bb. Mancano quattro tappe per arrivare al traguardo. E in due circostanze i ragazzi di coach Diego Poletto si esibiranno alla Spes Arena: \u00abDi fronte a San Don\u00e0 e Prata di Pordenone \u00e8 necessario offrire delle belle prestazioni per ridare entusiasmo al pubblico, con cui siamo in debito. Una vittoria contro un sestetto di spessore \u00e8 esattamente ci\u00f2 di cui abbiamo bisogno\u00bb.<\/p>\n<p>&nbsp;<\/p>\n<\/div>\n<\/div>\n<\/div>\n<\/div>\n<\/div>\n<\/div>\n<\/div>\n<\/div>\n<\/div>\n<\/div>\n<\/div>\n<\/div>\n<\/div>\n<\/div>\n<\/div>\n<\/div>\n<\/div>\n<\/div>\n<\/div>\n<\/div>\n<\/div>\n<\/div>\n<\/div>\n<\/div>\n<\/div>\n<\/div>\n<\/div>\n<\/div>\n<\/div>\n<\/div>\n<\/div>\n<\/div>\n<\/div>\n<\/div>\n<\/div>\n<\/div>\n<\/div>\n<\/div>\n<\/div>\n<\/div>\n<\/div>\n<\/div>\n<\/div>\n<\/div>\n<\/div>\n<\/div>\n<\/div>\n<\/div>\n<\/div>\n<\/div>\n<\/div>\n<\/div>\n<\/div>\n<\/div>\n<\/div>\n<\/div>\n<\/div>\n<\/div>\n<\/div>\n<\/div>\n<\/div>\n<\/div>\n<\/div>\n<\/div>\n<\/div>\n<\/div>\n<\/div>\n<\/div>\n<\/div>\n<\/div>\n<\/div>\n<\/div>\n<\/div>\n<\/div>\n<\/div>\n<\/div>\n<\/div>\n<\/div>\n<\/div>\n<\/div>\n<\/div>\n<\/div>\n<\/div>\n<\/div>\n<\/div>\n<\/div>\n<\/div>\n<\/div>\n<\/div>\n<\/div>\n<\/div>\n<\/div>\n<\/div>\n<\/div>\n<\/div>\n<\/div>\n<\/div>\n<\/div>\n<\/div>\n<\/div>\n<\/div>\n<\/div>\n<\/div>\n<\/div>\n<\/div>\n<\/div>\n<\/div>\n<\/div>\n<\/div>\n<\/div>\n","protected":false},"excerpt":{"rendered":"<p>INFORMAZIONE il canale su TELEGRAM informazione di prima\u00a0 mano e in tempo reale. iscriviti ed aiutaci a farlo conoscere LONGARONE La regionale 251 tra le\u00a0 localit\u00e0 di Igne e Soffranco (Longarone) \u00e8 stata riaperta alle 18 di ieri sera\u00a0 a senso unico alternato\u00a0regolato da impianto semaforico; IL PUNTO CON L&#8217;ASSESSORE REGIONALE GIANPAOLO BOTTACIN (gr di&hellip;<\/p>\n","protected":false},"author":4,"featured_media":265354,"comment_status":"closed","ping_status":"closed","sticky":false,"template":"","format":"standard","meta":{"_monsterinsights_skip_tracking":false,"_monsterinsights_sitenote_active":false,"_monsterinsights_sitenote_note":"","_monsterinsights_sitenote_category":0,"footnotes":""},"categories":[104,86,49],"tags":[],"class_list":["post-265229","post","type-post","status-publish","format-standard","has-post-thumbnail","hentry","category-evidenza_3","category-gr","category-news-18","category-104","category-86","category-49","description-off"],"img_url":"https:\/\/www.radiopiu.net\/wordpress\/wp-content\/uploads\/2022\/03\/274722524_10222511633279057_3064914171221333110_n.jpg","_links":{"self":[{"href":"https:\/\/www.radiopiu.net\/wordpress\/wp-json\/wp\/v2\/posts\/265229","targetHints":{"allow":["GET"]}}],"collection":[{"href":"https:\/\/www.radiopiu.net\/wordpress\/wp-json\/wp\/v2\/posts"}],"about":[{"href":"https:\/\/www.radiopiu.net\/wordpress\/wp-json\/wp\/v2\/types\/post"}],"author":[{"embeddable":true,"href":"https:\/\/www.radiopiu.net\/wordpress\/wp-json\/wp\/v2\/users\/4"}],"replies":[{"embeddable":true,"href":"https:\/\/www.radiopiu.net\/wordpress\/wp-json\/wp\/v2\/comments?post=265229"}],"version-history":[{"count":0,"href":"https:\/\/www.radiopiu.net\/wordpress\/wp-json\/wp\/v2\/posts\/265229\/revisions"}],"wp:featuredmedia":[{"embeddable":true,"href":"https:\/\/www.radiopiu.net\/wordpress\/wp-json\/wp\/v2\/media\/265354"}],"wp:attachment":[{"href":"https:\/\/www.radiopiu.net\/wordpress\/wp-json\/wp\/v2\/media?parent=265229"}],"wp:term":[{"taxonomy":"category","embeddable":true,"href":"https:\/\/www.radiopiu.net\/wordpress\/wp-json\/wp\/v2\/categories?post=265229"},{"taxonomy":"post_tag","embeddable":true,"href":"https:\/\/www.radiopiu.net\/wordpress\/wp-json\/wp\/v2\/tags?post=265229"}],"curies":[{"name":"wp","href":"https:\/\/api.w.org\/{rel}","templated":true}]}}