{"id":265248,"date":"2022-03-17T10:00:37","date_gmt":"2022-03-17T09:00:37","guid":{"rendered":"https:\/\/www.radiopiu.net\/wordpress\/?p=265248"},"modified":"2022-03-17T14:04:17","modified_gmt":"2022-03-17T13:04:17","slug":"ancora-chiusa-la-251-della-val-di-zoldo","status":"publish","type":"post","link":"https:\/\/www.radiopiu.net\/wordpress\/ancora-chiusa-la-251-della-val-di-zoldo\/","title":{"rendered":"ANCORA CHIUSA LA 251 DELLA VAL DI ZOLDO, CAUSA INCENDIO"},"content":{"rendered":"<p><strong><span dir=\"ltr\" role=\"presentation\">AGGIORNAMENTO DELLE ORE 10 <\/span><\/strong>Aggiornamento strada 251 cal di Zoldo. La chiusura si protrarr\u00e0 per tutta la mattina \u00e8 quasi sicuramente per tutta la giornata in quanto c\u2019\u00e8 pericolo di caduta massi dall\u2019area dove ondiate l\u2019incendio. Gli elicotteri sono in difficolt\u00e0 per la scarsa visibilit\u00e0 e quindi l&#8217;incendio \u00e8 stato attaccato da terra dopo aver disalimentanto la linea elettrica da 130mila volt. Il fronte \u00e8 di circa 500 metri e anche una volta spento l&#8217;incendio sar\u00e0 necessario un intervento di bonifica e disgaggio per cui la strada rimane chiusa. Le operazioni sono coordinate dal Direttore delle Operazioni di Spegnimento della Regione Veneto<\/p>\n\n\t\t\t<style type='text\/css'>\n\t\t\t\t#gallery-1 {\n\t\t\t\t\tmargin: auto;\n\t\t\t\t}\n\t\t\t\t#gallery-1 .gallery-item {\n\t\t\t\t\tfloat: left;\n\t\t\t\t\tmargin-top: 10px;\n\t\t\t\t\ttext-align: center;\n\t\t\t\t\twidth: 50%;\n\t\t\t\t}\n\t\t\t\t#gallery-1 img {\n\t\t\t\t\tborder: 2px solid #cfcfcf;\n\t\t\t\t}\n\t\t\t\t#gallery-1 .gallery-caption {\n\t\t\t\t\tmargin-left: 0;\n\t\t\t\t}\n\t\t\t\t\/* see gallery_shortcode() in wp-includes\/media.php *\/\n\t\t\t<\/style>\n\t\t<div id='gallery-1' class='dt-gallery-container gallery galleryid-265248 gallery-columns-2 gallery-size-medium'><dl class='gallery-item'>\n\t\t\t\t<dt class='gallery-icon landscape'>\n\t\t\t\t\t<a class=\"rollover rollover-zoom dt-pswp-item\" title=\"9163cc6f-6e84-4fc2-8c26-5a007817032e\" data-dt-img-description=\"\" data-large_image_width=\"600\" data-large_image_height=\"277\"href='https:\/\/www.radiopiu.net\/wordpress\/wp-content\/uploads\/2022\/03\/9163cc6f-6e84-4fc2-8c26-5a007817032e.jpg'><img loading=\"lazy\" decoding=\"async\" width=\"300\" height=\"139\" src=\"https:\/\/www.radiopiu.net\/wordpress\/wp-content\/uploads\/2022\/03\/9163cc6f-6e84-4fc2-8c26-5a007817032e-300x139.jpg\" class=\"attachment-medium size-medium\" alt=\"\" srcset=\"https:\/\/www.radiopiu.net\/wordpress\/wp-content\/uploads\/2022\/03\/9163cc6f-6e84-4fc2-8c26-5a007817032e-300x139.jpg 300w, https:\/\/www.radiopiu.net\/wordpress\/wp-content\/uploads\/2022\/03\/9163cc6f-6e84-4fc2-8c26-5a007817032e.jpg 600w\" sizes=\"auto, (max-width: 300px) 100vw, 300px\" \/><\/a>\n\t\t\t\t<\/dt><\/dl><dl class='gallery-item'>\n\t\t\t\t<dt class='gallery-icon landscape'>\n\t\t\t\t\t<a class=\"rollover rollover-zoom dt-pswp-item\" title=\"d3bba044-588a-4edc-a43e-9658f9f991d7\" data-dt-img-description=\"\" data-large_image_width=\"600\" data-large_image_height=\"450\"href='https:\/\/www.radiopiu.net\/wordpress\/wp-content\/uploads\/2022\/03\/d3bba044-588a-4edc-a43e-9658f9f991d7.jpg'><img loading=\"lazy\" decoding=\"async\" width=\"300\" height=\"225\" src=\"https:\/\/www.radiopiu.net\/wordpress\/wp-content\/uploads\/2022\/03\/d3bba044-588a-4edc-a43e-9658f9f991d7-300x225.jpg\" class=\"attachment-medium size-medium\" alt=\"\" srcset=\"https:\/\/www.radiopiu.net\/wordpress\/wp-content\/uploads\/2022\/03\/d3bba044-588a-4edc-a43e-9658f9f991d7-300x225.jpg 300w, https:\/\/www.radiopiu.net\/wordpress\/wp-content\/uploads\/2022\/03\/d3bba044-588a-4edc-a43e-9658f9f991d7.jpg 600w\" sizes=\"auto, (max-width: 300px) 100vw, 300px\" \/><\/a>\n\t\t\t\t<\/dt><\/dl><br style=\"clear: both\" \/>\n\t\t\t<\/div>\n\n<p>&nbsp;<\/p>\n<p><strong>AGGIORNAMENTO ORE 9\u00a0 \u00a0<\/strong>La chiusura al traffico della s.p. 251 si protrarr\u00e0 presumibilmente fino al tardo pomeriggio\/sera per rischio caduta massi nell&#8217;area percorsa dal fuoco<\/p>\n<p>&nbsp;<\/p>\n<p><strong><span dir=\"ltr\" role=\"presentation\">A causa di incendio boschivo sul versante a monte della sede stradale alla <\/span><span dir=\"ltr\" role=\"presentation\">progressiva km 108+600 tra le localit\u00e0 di Igne e Soffranco nel Comune di Longarone, con <\/span><span dir=\"ltr\" role=\"presentation\">conseguente rischio di caduta sassi sul piano viabile, viene chiuso il seguente tratto stradale; <\/span><span dir=\"ltr\" role=\"presentation\">&#8211; S.P. 251 \u201cdella Val di Zoldo e Val Cellina\u201d<\/span> <span dir=\"ltr\" role=\"presentation\">dalla progressiva km 107+050 (rotatoria di Igne) alla <\/span><span dir=\"ltr\" role=\"presentation\">progressiva km 109+800 (localit\u00e0 Soffranco<\/span><\/strong><\/p>\n<p>La regionale 251 da Zoldo a Longarone oggi sar\u00e0 chiusa. Una decisione comunicata ieri in serata dall&#8217;assessore regionale alla Protezione Civile Gianpaolo Bottacin in seguito ad un vastissimo incendio propagatosi sulla montagna di fronte a Soffranco, in Comune di Longarone a mille metri di quota.<\/p>\n<p><em><strong>BOTTACIN<\/strong> A causa dell&#8217;incendio boschivo che si \u00e8 sviluppato sul versante della <a class=\"oajrlxb2 g5ia77u1 qu0x051f esr5mh6w e9989ue4 r7d6kgcz rq0escxv nhd2j8a9 nc684nl6 p7hjln8o kvgmc6g5 cxmmr5t8 oygrvhab hcukyx3x jb3vyjys rz4wbd8a qt6c0cv9 a8nywdso i1ao9s8h esuyzwwr f1sip0of lzcic4wl gpro0wi8 q66pz984 b1v8xokw\" tabindex=\"0\" role=\"link\" href=\"https:\/\/www.facebook.com\/hashtag\/sp_251?__eep__=6&amp;__cft__[0]=AZUBLG7BzAMFb_TfIfLh-VJAYpABeFAKYCxYHU37oTjwk1Kis9bHTx7pZfDf61helZUAukd9N4tGOutqHyxMT9_g1heKUyJ-9HgbuV_EiOMhS_EHILj2IX0qNCIJLLfRIJYcMDfBmbmI0kvOrRTL8Spq&amp;__tn__=*NK-R\">#Sp_251<\/a> \u201cdella Val Zoldana e Val Cellina\u201d poco dopo Igne verso Zoldo in comune di Longarone, si rende necessaria la <a class=\"oajrlxb2 g5ia77u1 qu0x051f esr5mh6w e9989ue4 r7d6kgcz rq0escxv nhd2j8a9 nc684nl6 p7hjln8o kvgmc6g5 cxmmr5t8 oygrvhab hcukyx3x jb3vyjys rz4wbd8a qt6c0cv9 a8nywdso i1ao9s8h esuyzwwr f1sip0of lzcic4wl gpro0wi8 q66pz984 b1v8xokw\" tabindex=\"0\" role=\"link\" href=\"https:\/\/www.facebook.com\/hashtag\/chiusura?__eep__=6&amp;__cft__[0]=AZUBLG7BzAMFb_TfIfLh-VJAYpABeFAKYCxYHU37oTjwk1Kis9bHTx7pZfDf61helZUAukd9N4tGOutqHyxMT9_g1heKUyJ-9HgbuV_EiOMhS_EHILj2IX0qNCIJLLfRIJYcMDfBmbmI0kvOrRTL8Spq&amp;__tn__=*NK-R\">#chiusura<\/a> della <a class=\"oajrlxb2 g5ia77u1 qu0x051f esr5mh6w e9989ue4 r7d6kgcz rq0escxv nhd2j8a9 nc684nl6 p7hjln8o kvgmc6g5 cxmmr5t8 oygrvhab hcukyx3x jb3vyjys rz4wbd8a qt6c0cv9 a8nywdso i1ao9s8h esuyzwwr f1sip0of lzcic4wl gpro0wi8 q66pz984 b1v8xokw\" tabindex=\"0\" role=\"link\" href=\"https:\/\/www.facebook.com\/hashtag\/strada?__eep__=6&amp;__cft__[0]=AZUBLG7BzAMFb_TfIfLh-VJAYpABeFAKYCxYHU37oTjwk1Kis9bHTx7pZfDf61helZUAukd9N4tGOutqHyxMT9_g1heKUyJ-9HgbuV_EiOMhS_EHILj2IX0qNCIJLLfRIJYcMDfBmbmI0kvOrRTL8Spq&amp;__tn__=*NK-R\">#strada<\/a>. L&#8217;incendio \u00e8 presidiato da volontari della <a class=\"oajrlxb2 g5ia77u1 qu0x051f esr5mh6w e9989ue4 r7d6kgcz rq0escxv nhd2j8a9 nc684nl6 p7hjln8o kvgmc6g5 cxmmr5t8 oygrvhab hcukyx3x jb3vyjys rz4wbd8a qt6c0cv9 a8nywdso i1ao9s8h esuyzwwr f1sip0of lzcic4wl gpro0wi8 q66pz984 b1v8xokw\" tabindex=\"0\" role=\"link\" href=\"https:\/\/www.facebook.com\/hashtag\/protezione_civile?__eep__=6&amp;__cft__[0]=AZUBLG7BzAMFb_TfIfLh-VJAYpABeFAKYCxYHU37oTjwk1Kis9bHTx7pZfDf61helZUAukd9N4tGOutqHyxMT9_g1heKUyJ-9HgbuV_EiOMhS_EHILj2IX0qNCIJLLfRIJYcMDfBmbmI0kvOrRTL8Spq&amp;__tn__=*NK-R\">#Protezione_Civile<\/a> Antincendio Boschivo, Vigili del Fuoco e Servizi Forestali sotto il coordinamento del Direttore delle Operazioni di Spegnimento della <a class=\"oajrlxb2 g5ia77u1 qu0x051f esr5mh6w e9989ue4 r7d6kgcz rq0escxv nhd2j8a9 nc684nl6 p7hjln8o kvgmc6g5 cxmmr5t8 oygrvhab hcukyx3x jb3vyjys rz4wbd8a qt6c0cv9 a8nywdso i1ao9s8h esuyzwwr f1sip0of lzcic4wl gpro0wi8 q66pz984 b1v8xokw\" tabindex=\"0\" role=\"link\" href=\"https:\/\/www.facebook.com\/hashtag\/regione?__eep__=6&amp;__cft__[0]=AZUBLG7BzAMFb_TfIfLh-VJAYpABeFAKYCxYHU37oTjwk1Kis9bHTx7pZfDf61helZUAukd9N4tGOutqHyxMT9_g1heKUyJ-9HgbuV_EiOMhS_EHILj2IX0qNCIJLLfRIJYcMDfBmbmI0kvOrRTL8Spq&amp;__tn__=*NK-R\">#Regione<\/a> <a class=\"oajrlxb2 g5ia77u1 qu0x051f esr5mh6w e9989ue4 r7d6kgcz rq0escxv nhd2j8a9 nc684nl6 p7hjln8o kvgmc6g5 cxmmr5t8 oygrvhab hcukyx3x jb3vyjys rz4wbd8a qt6c0cv9 a8nywdso i1ao9s8h esuyzwwr f1sip0of lzcic4wl gpro0wi8 q66pz984 b1v8xokw\" tabindex=\"0\" role=\"link\" href=\"https:\/\/www.facebook.com\/hashtag\/veneto?__eep__=6&amp;__cft__[0]=AZUBLG7BzAMFb_TfIfLh-VJAYpABeFAKYCxYHU37oTjwk1Kis9bHTx7pZfDf61helZUAukd9N4tGOutqHyxMT9_g1heKUyJ-9HgbuV_EiOMhS_EHILj2IX0qNCIJLLfRIJYcMDfBmbmI0kvOrRTL8Spq&amp;__tn__=*NK-R\">#Veneto<\/a>. Oggi\u00a0 saranno operativi anche i velivoli della <a class=\"oajrlxb2 g5ia77u1 qu0x051f esr5mh6w e9989ue4 r7d6kgcz rq0escxv nhd2j8a9 nc684nl6 p7hjln8o kvgmc6g5 cxmmr5t8 oygrvhab hcukyx3x jb3vyjys rz4wbd8a qt6c0cv9 a8nywdso i1ao9s8h esuyzwwr f1sip0of lzcic4wl gpro0wi8 q66pz984 b1v8xokw\" tabindex=\"0\" role=\"link\" href=\"https:\/\/www.facebook.com\/protezione.civileveneto\/?__cft__[0]=AZUBLG7BzAMFb_TfIfLh-VJAYpABeFAKYCxYHU37oTjwk1Kis9bHTx7pZfDf61helZUAukd9N4tGOutqHyxMT9_g1heKUyJ-9HgbuV_EiOMhS_EHILj2IX0qNCIJLLfRIJYcMDfBmbmI0kvOrRTL8Spq&amp;__tn__=kK-R\"><span class=\"nc684nl6\">Protezione Civile Veneto<\/span><\/a><\/em><\/p>\n<p>&nbsp;<\/p>\n<p>&nbsp;<\/p>\n<p>*****<\/p>\n","protected":false},"excerpt":{"rendered":"<p>AGGIORNAMENTO DELLE ORE 10 Aggiornamento strada 251 cal di Zoldo. La chiusura si protrarr\u00e0 per tutta la mattina \u00e8 quasi sicuramente per tutta la giornata in quanto c\u2019\u00e8 pericolo di caduta massi dall\u2019area dove ondiate l\u2019incendio. Gli elicotteri sono in difficolt\u00e0 per la scarsa visibilit\u00e0 e quindi l&#8217;incendio \u00e8 stato attaccato da terra dopo aver&hellip;<\/p>\n","protected":false},"author":4,"featured_media":265315,"comment_status":"closed","ping_status":"closed","sticky":false,"template":"","format":"standard","meta":{"_monsterinsights_skip_tracking":false,"_monsterinsights_sitenote_active":false,"_monsterinsights_sitenote_note":"","_monsterinsights_sitenote_category":0,"footnotes":""},"categories":[49],"tags":[],"class_list":["post-265248","post","type-post","status-publish","format-standard","has-post-thumbnail","hentry","category-news-18","category-49","description-off"],"img_url":"https:\/\/www.radiopiu.net\/wordpress\/wp-content\/uploads\/2022\/03\/9163cc6f-6e84-4fc2-8c26-5a007817032e.jpg","_links":{"self":[{"href":"https:\/\/www.radiopiu.net\/wordpress\/wp-json\/wp\/v2\/posts\/265248","targetHints":{"allow":["GET"]}}],"collection":[{"href":"https:\/\/www.radiopiu.net\/wordpress\/wp-json\/wp\/v2\/posts"}],"about":[{"href":"https:\/\/www.radiopiu.net\/wordpress\/wp-json\/wp\/v2\/types\/post"}],"author":[{"embeddable":true,"href":"https:\/\/www.radiopiu.net\/wordpress\/wp-json\/wp\/v2\/users\/4"}],"replies":[{"embeddable":true,"href":"https:\/\/www.radiopiu.net\/wordpress\/wp-json\/wp\/v2\/comments?post=265248"}],"version-history":[{"count":0,"href":"https:\/\/www.radiopiu.net\/wordpress\/wp-json\/wp\/v2\/posts\/265248\/revisions"}],"wp:featuredmedia":[{"embeddable":true,"href":"https:\/\/www.radiopiu.net\/wordpress\/wp-json\/wp\/v2\/media\/265315"}],"wp:attachment":[{"href":"https:\/\/www.radiopiu.net\/wordpress\/wp-json\/wp\/v2\/media?parent=265248"}],"wp:term":[{"taxonomy":"category","embeddable":true,"href":"https:\/\/www.radiopiu.net\/wordpress\/wp-json\/wp\/v2\/categories?post=265248"},{"taxonomy":"post_tag","embeddable":true,"href":"https:\/\/www.radiopiu.net\/wordpress\/wp-json\/wp\/v2\/tags?post=265248"}],"curies":[{"name":"wp","href":"https:\/\/api.w.org\/{rel}","templated":true}]}}