{"id":265359,"date":"2022-03-17T15:06:57","date_gmt":"2022-03-17T14:06:57","guid":{"rendered":"https:\/\/www.radiopiu.net\/wordpress\/?p=265359"},"modified":"2022-03-17T15:57:36","modified_gmt":"2022-03-17T14:57:36","slug":"costruttori-edili-di-confindustria-belluno-dolomiti-pronti-alla-serrata","status":"publish","type":"post","link":"https:\/\/www.radiopiu.net\/wordpress\/costruttori-edili-di-confindustria-belluno-dolomiti-pronti-alla-serrata\/","title":{"rendered":"COSTRUTTORI EDILI DI CONFINDUSTRIA BELLUNO DOLOMITI, PRONTI ALLA SERRATA"},"content":{"rendered":"<p><strong><a class=\"dt-pswp-item\" href=\"https:\/\/www.radiopiu.net\/wordpress\/wp-content\/uploads\/2021\/10\/consulenza-formazione-sicurezza-sul-lavoro-4.jpg\" data-dt-img-description=\"\" data-large_image_width=\"600\" data-large_image_height=\"450\"><img loading=\"lazy\" decoding=\"async\" class=\" wp-image-237753 alignleft\" src=\"https:\/\/www.radiopiu.net\/wordpress\/wp-content\/uploads\/2021\/10\/consulenza-formazione-sicurezza-sul-lavoro-4-300x225.jpg\" alt=\"\" width=\"226\" height=\"169\" srcset=\"https:\/\/www.radiopiu.net\/wordpress\/wp-content\/uploads\/2021\/10\/consulenza-formazione-sicurezza-sul-lavoro-4-300x225.jpg 300w, https:\/\/www.radiopiu.net\/wordpress\/wp-content\/uploads\/2021\/10\/consulenza-formazione-sicurezza-sul-lavoro-4.jpg 600w\" sizes=\"auto, (max-width: 226px) 100vw, 226px\" \/><\/a>BELLUNO<\/strong> L\u2019impennata dei costi del gas, dell\u2019energia e delle materie prime lascia pochi margini alle imprese del settore costruzioni. Il conglomerato bituminoso, il calcestruzzo, il ferro e naturalmente il gasolio per le macchine operatrici, elementi base del settore edile, hanno raggiunto prezzi impensabili oltre ad essere ormai difficilmente reperibili sul mercato. In questo scenario le imprese del settore edile di Confindustria Belluno Dolomiti si sono riunite per constatare l\u2019impossibilit\u00e0 di continuare su questa strada. Il problema \u00e8 a tutto tondo: <em>\u201cPer i nuovi bandi di lavori \u2013 precisa Paolo De Cian Presidente della Sezione \u2013 \u201ci prezzi sono talmente fuori mercato da convincere molti a rinunciare alla partecipazione, ancora pi\u00f9 grave per i contratti gi\u00e0 firmati mesi fa e non ancora partiti o per i lavori in corso, per cui i margini si sono gi\u00e0 annullati e molti stanno chiedendo sospensioni o rinvii\u201d. <\/em>Come sistema di Ance nazionale \u00e8 un coro unanime e si sta lavorando per un Tavolo nazionale che coinvolga tutti i soggetti della filiera oltre naturalmente ai sindacati, che possa sostenere un\u2019azione corale a difesa delle imprese e delle maestranze.<\/p>\n<p>&nbsp;<\/p>\n<blockquote><p><em>\u201cNessuna impresa pu\u00f2 permettersi di lavorare in perdita perch\u00e9 significherebbe chiudere per sempre nel giro di poco &#8211; prosegue De Cian &#8211; . Meglio allora fermarsi prima e vedere se la politica sapr\u00e0 dare risposte ai solleciti che l\u2019Ance sta sostenendo da settimane. Per quanto riguarda Belluno, se entro la settimana prossima non assisteremo a novit\u00e0 significative, la sezione locale proporr\u00e0 ai suoi associati la chiusura dei cantieri\u201d\u00a0<\/em><\/p><\/blockquote>\n<p>&nbsp;<\/p>\n<p><strong>UCRAINA. ZAIA SU ALLARMI DAL VENETO. \u201cCOSTI INSOSTENIBILI PER TUTTI. SERVONO AZIONI IMMEDIATE E SCELTE DI PROSPETTIVA\u201d<\/strong><\/p>\n<p><strong>VENEZIA<\/strong>\u00a0 <em>\u201cIl tempo delle parole \u00e8 finito. Urgono immediati interventi d\u2019emergenza per fronteggiare i rincari che stanno colpendo praticamente tutti i settori e, alla fine, la gente, consumatrice finale di ogni prodotto industriale, artigiano, agroalimentare. Il grido di dolore degli autotrasportatori e della Cna del Veneto \u00e8 quello di tutta Italia\u201d. <\/em>Con queste parole, il Presidente della Regione, Luca Zaia, sostiene l\u2019ennesimo allarme lanciato\u00a0 dall\u2019autotrasporto veneto e dalla Confederazione Nazionale degli Artigiani regionale.<\/p>\n<blockquote><p>***<\/p><\/blockquote>\n","protected":false},"excerpt":{"rendered":"<p>BELLUNO L\u2019impennata dei costi del gas, dell\u2019energia e delle materie prime lascia pochi margini alle imprese del settore costruzioni. Il conglomerato bituminoso, il calcestruzzo, il ferro e naturalmente il gasolio per le macchine operatrici, elementi base del settore edile, hanno raggiunto prezzi impensabili oltre ad essere ormai difficilmente reperibili sul mercato. In questo scenario le&hellip;<\/p>\n","protected":false},"author":4,"featured_media":237753,"comment_status":"closed","ping_status":"closed","sticky":false,"template":"","format":"standard","meta":{"_monsterinsights_skip_tracking":false,"_monsterinsights_sitenote_active":false,"_monsterinsights_sitenote_note":"","_monsterinsights_sitenote_category":0,"footnotes":""},"categories":[51,49],"tags":[],"class_list":["post-265359","post","type-post","status-publish","format-standard","has-post-thumbnail","hentry","category-evidenza-top","category-news-18","category-51","category-49","description-off"],"img_url":"https:\/\/www.radiopiu.net\/wordpress\/wp-content\/uploads\/2021\/10\/consulenza-formazione-sicurezza-sul-lavoro-4.jpg","_links":{"self":[{"href":"https:\/\/www.radiopiu.net\/wordpress\/wp-json\/wp\/v2\/posts\/265359","targetHints":{"allow":["GET"]}}],"collection":[{"href":"https:\/\/www.radiopiu.net\/wordpress\/wp-json\/wp\/v2\/posts"}],"about":[{"href":"https:\/\/www.radiopiu.net\/wordpress\/wp-json\/wp\/v2\/types\/post"}],"author":[{"embeddable":true,"href":"https:\/\/www.radiopiu.net\/wordpress\/wp-json\/wp\/v2\/users\/4"}],"replies":[{"embeddable":true,"href":"https:\/\/www.radiopiu.net\/wordpress\/wp-json\/wp\/v2\/comments?post=265359"}],"version-history":[{"count":0,"href":"https:\/\/www.radiopiu.net\/wordpress\/wp-json\/wp\/v2\/posts\/265359\/revisions"}],"wp:featuredmedia":[{"embeddable":true,"href":"https:\/\/www.radiopiu.net\/wordpress\/wp-json\/wp\/v2\/media\/237753"}],"wp:attachment":[{"href":"https:\/\/www.radiopiu.net\/wordpress\/wp-json\/wp\/v2\/media?parent=265359"}],"wp:term":[{"taxonomy":"category","embeddable":true,"href":"https:\/\/www.radiopiu.net\/wordpress\/wp-json\/wp\/v2\/categories?post=265359"},{"taxonomy":"post_tag","embeddable":true,"href":"https:\/\/www.radiopiu.net\/wordpress\/wp-json\/wp\/v2\/tags?post=265359"}],"curies":[{"name":"wp","href":"https:\/\/api.w.org\/{rel}","templated":true}]}}